{"id":18571,"date":"2026-08-29T05:24:28","date_gmt":"2026-08-29T05:24:28","guid":{"rendered":"https:\/\/presscouncil-ks.org\/?p=18571"},"modified":"2026-08-29T05:24:28","modified_gmt":"2026-08-29T05:24:28","slug":"savet-stampe-doneo-odluke-o-27-zalbi","status":"publish","type":"post","link":"http:\/\/presscouncil-ks.org\/?p=18571&lang=sr","title":{"rendered":"Savet \u0160tampe doneo odluke o 27 \u017ealbi"},"content":{"rendered":"<p><em>Savet \u0160tampe Kosova (S\u0160K) u redovnom sastanku razmotrio je ukupno 27 \u017ealbi. Skup\u0161tina S\u0160K-a odlu\u010dila da 12 od njih bude usvojene, pet delimi\u010dno usvojene, pet da se ne usvoje, \u010detiri \u017ealbe su progla\u0161ene, dok utvr\u0111eno je da je jedna \u017ealba re\u0161ene putem medijacije izme\u0111u stranaka.<\/em><\/p>\n<p>\u017dalbe su se ticale navodnih kr\u0161enja odre\u0111enih poglavlja Kodeksa za \u0160tampu Kosova, kao \u0161to su Poglavlje II \u2013 Istinito izve\u0161tavanje, Poglavlje II \u2013 Podsticanje I govor mr\u017enje, Poglavlje IV \u2013 Pravo na odgovor i Poglavlje VII \u2013 Privatnost i za\u0161tita izvora.<\/p>\n<p>S\u0160K usvojio je \u017ealbu kompanije Blue Diamond Renta Car D.O.O., odnosno E. D. i R. D., koje zastupa advokat Rinor P. Bajrami, protiv Gazetaeksluze.com zbog dva video snimka objavljena na Facebook profilu medija, utvrdiv\u0161i da su prekr\u0161ena poglavlja II i IV Kodeksa za \u0160tampu Kosova, koja se odnose na izve\u0161tavanje istine, odnosno pravo na odgovor.<\/p>\n<p>S\u0160K usvojio je \u017ealbu Kancelarije Predsednika Skup\u0161tine Kosova protiv Nacionale.com zbog \u010dlanka pod naslovom \u201dI skup\u0161tinska administracija se prisvojila, Had\u017eiju pravi vr\u0161ioca du\u017enosti generalnog sekretara svojim prijateljem\u201c, utvrdiv\u0161i da su prekr\u0161ena poglavlja II i IV Kodeksa za \u0160tampu Kosova, koja se odnose na izve\u0161tavanje istine, odnosno pravo na odgovor.<\/p>\n<p>S\u0160K usvojio je \u017ealbu E. R. protiv Sinjali.com u vezi sa \u010dlankom u kojem je objavljeno ime jedne osobe, utvrdiv\u0161i da je prekr\u0161eno Poglavlje VII Kodeksa za \u0160tampu Kosova, koje se bavi za\u0161titom privatnosti.<\/p>\n<p>S\u0160K usvojio je \u017ealbu H. P., koga zastupa advokat Visar Hod\u017ea, protiv Sinjali.com zbog \u010dlanaka pod naslovima \u201dEkskluzivno | Ovo je povre\u0111ena osoba u pucnjavi u Prizrenu &#8211; On je na hitnom prijemu\u201c, \u201dEkskluzivno: Ovo je glavni osumnji\u010deni za povredu H. P. u Prizrenu\u201c i \u201dTu\u017eila\u0161tvo potvr\u0111uje za Sinjalija pritvor osumnji\u010denog za povredu H. P. u Prizrenu &#8211; on je pod istragom zbog tri krivi\u010dna dela\u201c, utvrdiv\u0161i da je prekr\u0161eno Poglavlje VII Kodeksa za \u0160tampu Kosova, koje se bavi za\u0161titom privatnosti.<\/p>\n<p>S\u0160K usvojio je \u017ealbu A. B. protiv Sinjali.com zbog \u010dlanka pod naslovom \u201d61-godi\u0161nja \u017eena prona\u0111ena bez znakova \u017eivota u svom domu u Orahovcu &#8211; telo poslato na obdukciju\u201c, utvrdiv\u0161i da je prekr\u0161eno Poglavlje VII Kodeksa za \u0160tampu Kosova, koje se bavi za\u0161titom privatnosti.<\/p>\n<p>S\u0160K usvojio je \u017ealbu S. B., koga zastupa advokat Amer Alija, protiv Kosova.info zbog \u010dlanka pod naslovom \u201c\u0160. B., osumnji\u010den za u\u010de\u0161c\u0301e u masakru civila u Maloj Kru\u0161i, uhap\u0161en je\u201c, utvrdiv\u0161i da su prekr\u0161ena poglavlja II i VII Kodeksa za \u0160tampu Kosova, koja se odnose na izve\u0161tavanje istine, odnosno za\u0161titu privatnosti.<\/p>\n<p>S\u0160K usvojio je \u017ealbu S. B., koga zastupa advokat Amer Alija, protiv Indeksonline.net zbog \u010dlanaka pod naslovima\u201dUhap\u0161en je turski dr\u017eavljanin osumnji\u010den za u\u010de\u0161c\u0301e u masakru u Kru\u0161i\u201c, \u201dOvo je turski osumnji\u010deni uhap\u0161en za ratne zlo\u010dine za masakr u Kru\u0161i\u201c i \u201dPolicija negira hap\u0161enje turskog dr\u017eavljanina: Predstavio se kao podnosilac \u017ealbe, nakon intervjua je pu\u0161ten\u201c, utvrdiv\u0161i da su prekr\u0161ena poglavlja II, IV i VII Kodeksa za \u0160tampu Kosova, koja se odnose na izve\u0161tavanje istine, odnosno pravo na odgovor, odnosno za\u0161titu privatnosti.<\/p>\n<p>S\u0160K usvojio je \u017ealbu S. B., koga zastupa advokat Amer Alija, protiv Gazetaeksluzive.com zbog \u010dlanka pod naslovom \u201c\u0160. je radio za srpsku miliciju\u201c, utvrdiv\u0161i da su prekr\u0161ena poglavlja II i VII Kodeksa za \u0160tampu Kosova, koja se bave izve\u0161tavanjem istine, odnosno za\u0161titom privatnosti.<\/p>\n<p>S\u0160K usvojio je \u017ealbu S. B., koga zastupa advokat Amer Alija, protiv Gazetaeprizrenit.net zbog \u010dlanka pod naslovom \u201cOvo je turski osumnji\u010deni uhap\u0161en za ratne zlo\u010dine u vezi sa masakrom u Kru\u0161i\u201c, utvrdiv\u0161i da su prekr\u0161ena poglavlja II i VII Kodeksa za \u0160tampu Kosova, koja se bave izve\u0161tavanjem istine, odnosno za\u0161titom privatnosti.<\/p>\n<p>S\u0160K usvojio je \u017ealbu S. B., koga zastupa advokat Amer Alija, protiv Prizrenpress.com zbog \u010dlanka pod naslovom \u201cOvo je turski osumnji\u010deni uhap\u0161en za ratne zlo\u010dine u vezi sa masakrom u Kru\u0161i\u201c, utvrdiv\u0161i da su prekr\u0161ena poglavlja II i VII Kodeksa za \u0160tampu Kosova, koja se bave izve\u0161tavanjem istine, odnosno za\u0161titom privatnosti.<\/p>\n<p>S\u0160K usvojio je \u017ealbu S. B., koga zastupa advokat Amer Alija, protiv Gazetablic.com zbog \u010dlanka pod naslovom \u201cOvo je turski osumnji\u010deni uhap\u0161en za ratne zlo\u010dine u vezi sa masakrom u Kru\u0161i\u201c, utvrdiv\u0161i da su prekr\u0161ena poglavlja II, IV i VII Kodeksa za \u0160tampu Kosova, koja se bave izve\u0161tavanjem istine, odnosno pravom na odgovor, odnosno za\u0161titom privatnosti.<\/p>\n<p>S\u0160K usvojio je \u017ealbu F. M. protiv Voxkosova.com zbog \u010dlanka pod naslovom \u201c&#8217;Milo\u0161evic\u0301eva supruga &#8211; Sve\u00e7la pominje Vulina kao &#8216;broj dva&#8217; Mire Markovic\u0301, zaboravlja da je F. M. iz VV bila deo njene stranke\u201c, utvrdiv\u0161i da je prekr\u0161eno poglavlje II Kodeksa za \u0160tampu Kosova, koje se bavi izve\u0161tavanjem o istini.<\/p>\n<p>S\u0160K delimi\u010dno je usvojio \u017ealbu F. S. protiv Insajderi.org zbog \u010dlanka pod naslovom \u201dBitka za dnevnice: Kako je tu\u017eiteljka koja je zatvorila dosije skandala Agima Ademija zavr\u0161ila u Fudbalskom Savezu Kosova?\u201c, utvrdiv\u0161i da je prekr\u0161eno Poglavlje IV Kodeksa za \u0160tampu Kosova, koje se bavi pravom na odgovor, ali ne i poglavlja II i VII, koja se bave izve\u0161tavanjem istine, odnosno za\u0161titom privatnosti, kako tvrdi podnosilac \u017ealbe.<\/p>\n<p>S\u0160K delimi\u010dno je usvojio \u017ealbu \u0160. E. protiv Sinjali.com zbog \u010dlanaka pod naslovom \u201dEkskluzivno | Inspektor Uprave za Konkurenciju suspendovan na 6 meseci bez plate, Disciplinska Komisija pronalazi ozbiljne prekr\u0161aje\u201c i \u201dInspektor Uprave za Konkurenciju ne po\u0161tuje suspenziju, nastavlja da se pojavljuje na poslu\u201c, utvrdiv\u0161i da je prekr\u0161eno Poglavlje IV Kodeksa za \u0160tampu Kosova, koje se bavi pravom na odgovor. Za \u010dlanak pod naslovom \u201dZvani\u010dnik AKRK \u0160. E. suspendovan sa posla\u201c, S\u0160K nije mogao da donese odluku, jer je proceduralni rok za pokretanje \u017ealbe istekao.<\/p>\n<p>S\u0160K delimi\u010dno je usvojio \u017ealbu Kabineta Vr\u0161ioca Du\u017enosti Predsednika Republike Kosovo protiv Voxkosova.com zbog \u010dlanka pod naslovom \u201cTu\u017eilac vlasti: Novi glavni dr\u017eavni tu\u017eilac sedi prekr\u0161tenih nogu u krilu Samoopredeljenja\u201c, utvrdiv\u0161i da je prekr\u0161eno Poglavlje IV Kodeksa za \u0160tampu Kosova, koje se bavi pravom na odgovor, ali ne i Poglavlje II, koje se bavi izve\u0161tavanjem istine, kako tvrdi podnosilac \u017ealbe.<\/p>\n<p>S\u0160K delimi\u010dno je usvojio \u017ealbu S. B., koga zastupa advokat Amer Alija, protiv Klankosova.tv zbog \u010dlanaka pod naslovima \u201dEsat \u0160alja javno osudio Tur\u010dina osumnji\u010denog za ratne zlo\u010dine u Kru\u0161i\u201c, \u201dPolicija se izja\u0161njava o izve\u0161tavanju o hap\u0161enju turskog dr\u017eavljanina osumnji\u010denog za ratne zlo\u010dine\u201c, \u201dOvo je osoba osumnji\u010dena da je uhap\u0161ena za ratne zlo\u010dine u vezi sa masakrom u Kru\u0161i\u201c i \u201dUhap\u0161en je turski dr\u017eavljanin osumnji\u010den za u\u010de\u0161c\u0301e u masakru u Kru\u0161i\u201c, utvrdiv\u0161i da su prekr\u0161ena poglavlja II, IV i VII Kodeksa za \u0160tampu Kosova, koja se bave izve\u0161tavanjem istine, odnosno pravom na odgovor, odnosno za\u0161titom privatnosti, ali ne i Poglavlje III, koje se bavi podsticanjem govora mr\u017enje, kako tvrdi podnosilac \u017ealbe.<\/p>\n<p>S\u0160K delimi\u010dno je usvojio \u017ealbu Z. G. protiv Frontonline.net zbog \u010dlanka pod naslovom \u201dApoteke bez farmaceuta i ilegalni lekovi u nekim apotekama u Klini\u201c, utvrdiv\u0161i da je prekr\u0161eno Poglavlje IV Kodeksa za \u0160tampu Kosova, koje se bavi pravom na odgovor, ali ne i Poglavlje II, koje se bavi izve\u0161tavanjem istine, kako tvrdi podnosilac \u017ealbe.<\/p>\n<p>S\u0160K nije odobrio (odbacio je) \u017ealbu I. A., koga zastupa advokat Ekrem Agu\u0161i, protiv Jepize.com zbog \u010dlanka objavljenog na medijskom profilu na Facebook-u, utvrdiv\u0161i da nije prekr\u0161eno Poglavlje II Kodeksa za \u0160tampu Kosova, koje se odnosi na izve\u0161tavanje istine, kako tvrdi podnosilac tu\u017ebe.<\/p>\n<p>S\u0160K nije odobrio (odbacio je) \u017ealbu L. S., koga zastupa advokat Gezim Hoti, protiv Insajderi.org zbog \u010dlanka pod naslovom \u201cSme\u0161no | Predsednik suda u Pec\u0301i se sastaje sa svojim zaposlenim, izdaje saop\u0161tenje\u201c, utvrdiv\u0161i da nije prekr\u0161eno Poglavlje II Kodeksa za \u0160tampu Kosova, koje se odnosi na izve\u0161tavanje istine, kako tvrdi podnosilac tu\u017ebe.<\/p>\n<p>S\u0160K nije odobrio (odbacio je) \u017ealbu F. R., koga zastupa advokat Valdrin Islami, protiv Veriu.info zbog \u010dlanka pod naslovom \u201cDosije &#8211; 66 nekretnina u Mitrovici za koje se sumnja da su falsifikovane &#8211; Tu\u017eila\u0161tvo vec\u0301 3 godine dr\u017ei krivi\u010dnu prijavu bez epiloga\u201c, utvrdiv\u0161i da nije prekr\u0161eno Poglavlje II Kodeksa za \u0160tampu Kosova, koje se bavi izve\u0161tavanjem istine, kako tvrdi podnosilac \u017ealbe.<\/p>\n<p>S\u0160K nije odobrio (odbacio je) \u017ealbu Kabineta Vr\u0161ioca Du\u017enosti Predsednika Republike Kosovo protiv Voxkosova.com zbog \u010dlanka pod naslovom \u201cPalata tro\u0161kova, preko 200 hiljada evra potro\u0161enih od strane Kancelarije Predsednika za \u0161est meseci\u201c, utvrdiv\u0161i da nisu prekr\u0161ena poglavlja II i IV Kodeksa za \u0160tampu Kosova, koja se bave izve\u0161tavanjem istine, odnosno pravom na odgovor, kako tvrdi podnosilac \u017ealbe.<\/p>\n<p>S\u0160K nije odobrio (odbacio je) \u017ealbu \u201cInna Dental Clinic\u201d protiv Veriu.info zbog \u010dlanka pod naslovom \u201cKazna od 10 hiljada evra za skandalozne nalaze u &#8216; Inna Dental Clinic&#8217;, inspektori su zatra\u017eili pomoc\u0301 policije nakon pretnji dr. F. D\u017e.\u201c, utvrdiv\u0161i da nije prekr\u0161eno Poglavlje II Kodeksa za \u0160tampu Kosova, koje se bavi izve\u0161tavanjem istine, kako tvrdi podnosilac \u017ealbe.<\/p>\n<p>S\u0160K je proglasila neprihvatljivom \u017ealbu A. H. protiv Lajm nga Drenasi (Facebook stranica), jer nema nadle\u017enost da se nosi sa sadr\u017eajem koji proizvode stranice ili profili na dru\u0161tvenim mre\u017eama.<\/p>\n<p>S\u0160K je proglasila neprihvatljivom \u017ealbu Komore Medicinskih Sestara, Babica i drugih Zdravstvenih Radnika Kosova (OIK) protiv Gazeta p\u00ebr Infermier (Facebook stranica), jer nema nadle\u017enost da se nosi sa sadr\u017eajem koji proizvode stranice ili profili na dru\u0161tvenim mre\u017eama.<\/p>\n<p>S\u0160K je proglasila neprihvatljivom \u017ealbu L. R. protiv TV Klan Kosova, jer nema nadle\u017enost da se nosi sa sadr\u017eajem koji se emituje na televiziji. Podnosilac tu\u017ebe mo\u017ee se obratiti Nezavisnoj Komisiji za Medije (NKM).<\/p>\n<p>S\u0160K je proglasila neprihvatljivom \u017ealbu A. T. protiv pojedinca, zbog videa objavljenog na njegovom profilu na dru\u0161tvenoj mre\u017ei Instagram, jer nema nadle\u017enost da se nosi sa \u017ealbama protiv pojedinaca.<\/p>\n<p>S\u0160K je utvrdio da je \u017ealba V. F. protiv Shqip.com re\u0161ena posredovanjem izme\u0111u stranaka, u skladu sa uputstvima S\u0160K-a.<\/p>\n","protected":false},"excerpt":{"rendered":"<p>Savet \u0160tampe Kosova (S\u0160K) u redovnom sastanku razmotrio je ukupno 27 \u017ealbi. Skup\u0161tina S\u0160K-a odlu\u010dila da 12 od njih bude usvojene, pet delimi\u010dno usvojene, pet da se ne usvoje, \u010detiri \u017ealbe su progla\u0161ene, dok utvr\u0111eno je da je jedna \u017ealba re\u0161ene putem medijacije izme\u0111u stranaka. \u017dalbe su se ticale navodnih kr\u0161enja odre\u0111enih poglavlja Kodeksa za [&hellip;]<\/p>\n","protected":false},"author":2,"featured_media":18566,"comment_status":"open","ping_status":"open","sticky":false,"template":"","format":"standard","meta":{"footnotes":""},"categories":[135],"tags":[],"class_list":["post-18571","post","type-post","status-publish","format-standard","has-post-thumbnail","hentry","category-vesti"],"acf":[],"yoast_head":"<!-- This site is optimized with the Yoast SEO plugin v28.4 - https:\/\/yoast.com\/product\/yoast-seo-wordpress\/ -->\n<title>Savet \u0160tampe doneo odluke o 27 \u017ealbi - K\u00ebshilli i Mediave t\u00eb Shkruara t\u00eb Kosov\u00ebs | P\u00ebr nj\u00eb gazetari etike dhe profesionale<\/title>\n<meta name=\"robots\" content=\"index, follow, max-snippet:-1, max-image-preview:large, max-video-preview:-1\" \/>\n<link rel=\"canonical\" href=\"http:\/\/presscouncil-ks.org\/?p=18571&lang=sr\" \/>\n<meta property=\"og:locale\" content=\"en_US\" \/>\n<meta property=\"og:type\" content=\"article\" \/>\n<meta property=\"og:title\" content=\"Savet \u0160tampe doneo odluke o 27 \u017ealbi - K\u00ebshilli i Mediave t\u00eb Shkruara t\u00eb Kosov\u00ebs | P\u00ebr nj\u00eb gazetari etike dhe profesionale\" \/>\n<meta property=\"og:description\" content=\"Savet \u0160tampe Kosova (S\u0160K) u redovnom sastanku razmotrio je ukupno 27 \u017ealbi. Skup\u0161tina S\u0160K-a odlu\u010dila da 12 od njih bude usvojene, pet delimi\u010dno usvojene, pet da se ne usvoje, \u010detiri \u017ealbe su progla\u0161ene, dok utvr\u0111eno je da je jedna \u017ealba re\u0161ene putem medijacije izme\u0111u stranaka. \u017dalbe su se ticale navodnih kr\u0161enja odre\u0111enih poglavlja Kodeksa za [&hellip;]\" \/>\n<meta property=\"og:url\" content=\"http:\/\/presscouncil-ks.org\/?p=18571&amp;lang=sr\" \/>\n<meta property=\"og:site_name\" content=\"K\u00ebshilli i Mediave t\u00eb Shkruara t\u00eb Kosov\u00ebs | P\u00ebr nj\u00eb gazetari etike dhe profesionale\" \/>\n<meta property=\"article:publisher\" content=\"https:\/\/www.facebook.com\/KMSHKosove\" \/>\n<meta property=\"article:published_time\" content=\"2026-08-29T05:24:28+00:00\" \/>\n<meta property=\"og:image\" content=\"https:\/\/presscouncil-ks.org\/wp-content\/uploads\/2026\/08\/kmshk-29-08-2026.jpg\" \/>\n\t<meta property=\"og:image:width\" content=\"1600\" \/>\n\t<meta property=\"og:image:height\" content=\"824\" \/>\n\t<meta property=\"og:image:type\" content=\"image\/jpeg\" \/>\n<meta name=\"author\" content=\"Editor\" \/>\n<meta name=\"twitter:card\" content=\"summary_large_image\" \/>\n<meta name=\"twitter:label1\" content=\"Written by\" \/>\n\t<meta name=\"twitter:data1\" content=\"Editor\" \/>\n\t<meta name=\"twitter:label2\" content=\"Est. reading time\" \/>\n\t<meta name=\"twitter:data2\" content=\"7 minutes\" \/>\n<script type=\"application\/ld+json\" class=\"yoast-schema-graph\">{\"@context\":\"https:\\\/\\\/schema.org\",\"@graph\":[{\"@type\":\"Article\",\"@id\":\"http:\\\/\\\/presscouncil-ks.org\\\/?p=18571&lang=sr#article\",\"isPartOf\":{\"@id\":\"http:\\\/\\\/presscouncil-ks.org\\\/?p=18571&lang=sr\"},\"author\":{\"name\":\"Editor\",\"@id\":\"http:\\\/\\\/presscouncil-ks.org\\\/#\\\/schema\\\/person\\\/b79d30c61264caeb733239c16cc4d673\"},\"headline\":\"Savet \u0160tampe doneo odluke o 27 \u017ealbi\",\"datePublished\":\"2026-08-29T05:24:28+00:00\",\"mainEntityOfPage\":{\"@id\":\"http:\\\/\\\/presscouncil-ks.org\\\/?p=18571&lang=sr\"},\"wordCount\":1772,\"commentCount\":0,\"publisher\":{\"@id\":\"http:\\\/\\\/presscouncil-ks.org\\\/#organization\"},\"image\":{\"@id\":\"http:\\\/\\\/presscouncil-ks.org\\\/?p=18571&lang=sr#primaryimage\"},\"thumbnailUrl\":\"http:\\\/\\\/presscouncil-ks.org\\\/wp-content\\\/uploads\\\/2026\\\/08\\\/kmshk-29-08-2026.jpg\",\"articleSection\":[\"Vesti\"],\"inLanguage\":\"en-US\",\"potentialAction\":[{\"@type\":\"CommentAction\",\"name\":\"Comment\",\"target\":[\"http:\\\/\\\/presscouncil-ks.org\\\/?p=18571&lang=sr#respond\"]}]},{\"@type\":\"WebPage\",\"@id\":\"http:\\\/\\\/presscouncil-ks.org\\\/?p=18571&lang=sr\",\"url\":\"http:\\\/\\\/presscouncil-ks.org\\\/?p=18571&lang=sr\",\"name\":\"Savet \u0160tampe doneo odluke o 27 \u017ealbi - K\u00ebshilli i Mediave t\u00eb Shkruara t\u00eb Kosov\u00ebs | P\u00ebr nj\u00eb gazetari etike dhe profesionale\",\"isPartOf\":{\"@id\":\"http:\\\/\\\/presscouncil-ks.org\\\/#website\"},\"primaryImageOfPage\":{\"@id\":\"http:\\\/\\\/presscouncil-ks.org\\\/?p=18571&lang=sr#primaryimage\"},\"image\":{\"@id\":\"http:\\\/\\\/presscouncil-ks.org\\\/?p=18571&lang=sr#primaryimage\"},\"thumbnailUrl\":\"http:\\\/\\\/presscouncil-ks.org\\\/wp-content\\\/uploads\\\/2026\\\/08\\\/kmshk-29-08-2026.jpg\",\"datePublished\":\"2026-08-29T05:24:28+00:00\",\"breadcrumb\":{\"@id\":\"http:\\\/\\\/presscouncil-ks.org\\\/?p=18571&lang=sr#breadcrumb\"},\"inLanguage\":\"en-US\",\"potentialAction\":[{\"@type\":\"ReadAction\",\"target\":[\"http:\\\/\\\/presscouncil-ks.org\\\/?p=18571&lang=sr\"]}]},{\"@type\":\"ImageObject\",\"inLanguage\":\"en-US\",\"@id\":\"http:\\\/\\\/presscouncil-ks.org\\\/?p=18571&lang=sr#primaryimage\",\"url\":\"http:\\\/\\\/presscouncil-ks.org\\\/wp-content\\\/uploads\\\/2026\\\/08\\\/kmshk-29-08-2026.jpg\",\"contentUrl\":\"http:\\\/\\\/presscouncil-ks.org\\\/wp-content\\\/uploads\\\/2026\\\/08\\\/kmshk-29-08-2026.jpg\",\"width\":1600,\"height\":824},{\"@type\":\"BreadcrumbList\",\"@id\":\"http:\\\/\\\/presscouncil-ks.org\\\/?p=18571&lang=sr#breadcrumb\",\"itemListElement\":[{\"@type\":\"ListItem\",\"position\":1,\"name\":\"Home\",\"item\":\"https:\\\/\\\/presscouncil-ks.org\\\/\"},{\"@type\":\"ListItem\",\"position\":2,\"name\":\"Savet \u0160tampe doneo odluke o 27 \u017ealbi\"}]},{\"@type\":\"WebSite\",\"@id\":\"http:\\\/\\\/presscouncil-ks.org\\\/#website\",\"url\":\"http:\\\/\\\/presscouncil-ks.org\\\/\",\"name\":\"https:\\\/\\\/presscouncil-ks.org\\\/\",\"description\":\"\",\"publisher\":{\"@id\":\"http:\\\/\\\/presscouncil-ks.org\\\/#organization\"},\"potentialAction\":[{\"@type\":\"SearchAction\",\"target\":{\"@type\":\"EntryPoint\",\"urlTemplate\":\"http:\\\/\\\/presscouncil-ks.org\\\/?s={search_term_string}\"},\"query-input\":{\"@type\":\"PropertyValueSpecification\",\"valueRequired\":true,\"valueName\":\"search_term_string\"}}],\"inLanguage\":\"en-US\"},{\"@type\":\"Organization\",\"@id\":\"http:\\\/\\\/presscouncil-ks.org\\\/#organization\",\"name\":\"K\u00ebshilli i Mediave t\u00eb Shkruara t\u00eb Kosov\u00ebs\",\"url\":\"http:\\\/\\\/presscouncil-ks.org\\\/\",\"logo\":{\"@type\":\"ImageObject\",\"inLanguage\":\"en-US\",\"@id\":\"http:\\\/\\\/presscouncil-ks.org\\\/#\\\/schema\\\/logo\\\/image\\\/\",\"url\":\"http:\\\/\\\/presscouncil-ks.org\\\/wp-content\\\/uploads\\\/2023\\\/06\\\/cropped-logo.png\",\"contentUrl\":\"http:\\\/\\\/presscouncil-ks.org\\\/wp-content\\\/uploads\\\/2023\\\/06\\\/cropped-logo.png\",\"width\":268,\"height\":166,\"caption\":\"K\u00ebshilli i Mediave t\u00eb Shkruara t\u00eb Kosov\u00ebs\"},\"image\":{\"@id\":\"http:\\\/\\\/presscouncil-ks.org\\\/#\\\/schema\\\/logo\\\/image\\\/\"},\"sameAs\":[\"https:\\\/\\\/www.facebook.com\\\/KMSHKosove\"]},{\"@type\":\"Person\",\"@id\":\"http:\\\/\\\/presscouncil-ks.org\\\/#\\\/schema\\\/person\\\/b79d30c61264caeb733239c16cc4d673\",\"name\":\"Editor\",\"image\":{\"@type\":\"ImageObject\",\"inLanguage\":\"en-US\",\"@id\":\"https:\\\/\\\/secure.gravatar.com\\\/avatar\\\/9534865f39e7b3527010ee17196a76d054b16d731a6a5bfe2f92a071c6e9bf4e?s=96&d=mm&r=g\",\"url\":\"https:\\\/\\\/secure.gravatar.com\\\/avatar\\\/9534865f39e7b3527010ee17196a76d054b16d731a6a5bfe2f92a071c6e9bf4e?s=96&d=mm&r=g\",\"contentUrl\":\"https:\\\/\\\/secure.gravatar.com\\\/avatar\\\/9534865f39e7b3527010ee17196a76d054b16d731a6a5bfe2f92a071c6e9bf4e?s=96&d=mm&r=g\",\"caption\":\"Editor\"},\"url\":\"http:\\\/\\\/presscouncil-ks.org\\\/?author=2\"}]}<\/script>\n<!-- \/ Yoast SEO plugin. -->","yoast_head_json":{"title":"Savet \u0160tampe doneo odluke o 27 \u017ealbi - K\u00ebshilli i Mediave t\u00eb Shkruara t\u00eb Kosov\u00ebs | P\u00ebr nj\u00eb gazetari etike dhe profesionale","robots":{"index":"index","follow":"follow","max-snippet":"max-snippet:-1","max-image-preview":"max-image-preview:large","max-video-preview":"max-video-preview:-1"},"canonical":"http:\/\/presscouncil-ks.org\/?p=18571&lang=sr","og_locale":"en_US","og_type":"article","og_title":"Savet \u0160tampe doneo odluke o 27 \u017ealbi - K\u00ebshilli i Mediave t\u00eb Shkruara t\u00eb Kosov\u00ebs | P\u00ebr nj\u00eb gazetari etike dhe profesionale","og_description":"Savet \u0160tampe Kosova (S\u0160K) u redovnom sastanku razmotrio je ukupno 27 \u017ealbi. Skup\u0161tina S\u0160K-a odlu\u010dila da 12 od njih bude usvojene, pet delimi\u010dno usvojene, pet da se ne usvoje, \u010detiri \u017ealbe su progla\u0161ene, dok utvr\u0111eno je da je jedna \u017ealba re\u0161ene putem medijacije izme\u0111u stranaka. \u017dalbe su se ticale navodnih kr\u0161enja odre\u0111enih poglavlja Kodeksa za [&hellip;]","og_url":"http:\/\/presscouncil-ks.org\/?p=18571&lang=sr","og_site_name":"K\u00ebshilli i Mediave t\u00eb Shkruara t\u00eb Kosov\u00ebs | P\u00ebr nj\u00eb gazetari etike dhe profesionale","article_publisher":"https:\/\/www.facebook.com\/KMSHKosove","article_published_time":"2026-08-29T05:24:28+00:00","og_image":[{"width":1600,"height":824,"url":"https:\/\/presscouncil-ks.org\/wp-content\/uploads\/2026\/08\/kmshk-29-08-2026.jpg","type":"image\/jpeg"}],"author":"Editor","twitter_card":"summary_large_image","twitter_misc":{"Written by":"Editor","Est. reading time":"7 minutes"},"schema":{"@context":"https:\/\/schema.org","@graph":[{"@type":"Article","@id":"http:\/\/presscouncil-ks.org\/?p=18571&lang=sr#article","isPartOf":{"@id":"http:\/\/presscouncil-ks.org\/?p=18571&lang=sr"},"author":{"name":"Editor","@id":"http:\/\/presscouncil-ks.org\/#\/schema\/person\/b79d30c61264caeb733239c16cc4d673"},"headline":"Savet \u0160tampe doneo odluke o 27 \u017ealbi","datePublished":"2026-08-29T05:24:28+00:00","mainEntityOfPage":{"@id":"http:\/\/presscouncil-ks.org\/?p=18571&lang=sr"},"wordCount":1772,"commentCount":0,"publisher":{"@id":"http:\/\/presscouncil-ks.org\/#organization"},"image":{"@id":"http:\/\/presscouncil-ks.org\/?p=18571&lang=sr#primaryimage"},"thumbnailUrl":"http:\/\/presscouncil-ks.org\/wp-content\/uploads\/2026\/08\/kmshk-29-08-2026.jpg","articleSection":["Vesti"],"inLanguage":"en-US","potentialAction":[{"@type":"CommentAction","name":"Comment","target":["http:\/\/presscouncil-ks.org\/?p=18571&lang=sr#respond"]}]},{"@type":"WebPage","@id":"http:\/\/presscouncil-ks.org\/?p=18571&lang=sr","url":"http:\/\/presscouncil-ks.org\/?p=18571&lang=sr","name":"Savet \u0160tampe doneo odluke o 27 \u017ealbi - K\u00ebshilli i Mediave t\u00eb Shkruara t\u00eb Kosov\u00ebs | P\u00ebr nj\u00eb gazetari etike dhe profesionale","isPartOf":{"@id":"http:\/\/presscouncil-ks.org\/#website"},"primaryImageOfPage":{"@id":"http:\/\/presscouncil-ks.org\/?p=18571&lang=sr#primaryimage"},"image":{"@id":"http:\/\/presscouncil-ks.org\/?p=18571&lang=sr#primaryimage"},"thumbnailUrl":"http:\/\/presscouncil-ks.org\/wp-content\/uploads\/2026\/08\/kmshk-29-08-2026.jpg","datePublished":"2026-08-29T05:24:28+00:00","breadcrumb":{"@id":"http:\/\/presscouncil-ks.org\/?p=18571&lang=sr#breadcrumb"},"inLanguage":"en-US","potentialAction":[{"@type":"ReadAction","target":["http:\/\/presscouncil-ks.org\/?p=18571&lang=sr"]}]},{"@type":"ImageObject","inLanguage":"en-US","@id":"http:\/\/presscouncil-ks.org\/?p=18571&lang=sr#primaryimage","url":"http:\/\/presscouncil-ks.org\/wp-content\/uploads\/2026\/08\/kmshk-29-08-2026.jpg","contentUrl":"http:\/\/presscouncil-ks.org\/wp-content\/uploads\/2026\/08\/kmshk-29-08-2026.jpg","width":1600,"height":824},{"@type":"BreadcrumbList","@id":"http:\/\/presscouncil-ks.org\/?p=18571&lang=sr#breadcrumb","itemListElement":[{"@type":"ListItem","position":1,"name":"Home","item":"https:\/\/presscouncil-ks.org\/"},{"@type":"ListItem","position":2,"name":"Savet \u0160tampe doneo odluke o 27 \u017ealbi"}]},{"@type":"WebSite","@id":"http:\/\/presscouncil-ks.org\/#website","url":"http:\/\/presscouncil-ks.org\/","name":"https:\/\/presscouncil-ks.org\/","description":"","publisher":{"@id":"http:\/\/presscouncil-ks.org\/#organization"},"potentialAction":[{"@type":"SearchAction","target":{"@type":"EntryPoint","urlTemplate":"http:\/\/presscouncil-ks.org\/?s={search_term_string}"},"query-input":{"@type":"PropertyValueSpecification","valueRequired":true,"valueName":"search_term_string"}}],"inLanguage":"en-US"},{"@type":"Organization","@id":"http:\/\/presscouncil-ks.org\/#organization","name":"K\u00ebshilli i Mediave t\u00eb Shkruara t\u00eb Kosov\u00ebs","url":"http:\/\/presscouncil-ks.org\/","logo":{"@type":"ImageObject","inLanguage":"en-US","@id":"http:\/\/presscouncil-ks.org\/#\/schema\/logo\/image\/","url":"http:\/\/presscouncil-ks.org\/wp-content\/uploads\/2023\/06\/cropped-logo.png","contentUrl":"http:\/\/presscouncil-ks.org\/wp-content\/uploads\/2023\/06\/cropped-logo.png","width":268,"height":166,"caption":"K\u00ebshilli i Mediave t\u00eb Shkruara t\u00eb Kosov\u00ebs"},"image":{"@id":"http:\/\/presscouncil-ks.org\/#\/schema\/logo\/image\/"},"sameAs":["https:\/\/www.facebook.com\/KMSHKosove"]},{"@type":"Person","@id":"http:\/\/presscouncil-ks.org\/#\/schema\/person\/b79d30c61264caeb733239c16cc4d673","name":"Editor","image":{"@type":"ImageObject","inLanguage":"en-US","@id":"https:\/\/secure.gravatar.com\/avatar\/9534865f39e7b3527010ee17196a76d054b16d731a6a5bfe2f92a071c6e9bf4e?s=96&d=mm&r=g","url":"https:\/\/secure.gravatar.com\/avatar\/9534865f39e7b3527010ee17196a76d054b16d731a6a5bfe2f92a071c6e9bf4e?s=96&d=mm&r=g","contentUrl":"https:\/\/secure.gravatar.com\/avatar\/9534865f39e7b3527010ee17196a76d054b16d731a6a5bfe2f92a071c6e9bf4e?s=96&d=mm&r=g","caption":"Editor"},"url":"http:\/\/presscouncil-ks.org\/?author=2"}]}},"_links":{"self":[{"href":"http:\/\/presscouncil-ks.org\/index.php?rest_route=\/wp\/v2\/posts\/18571","targetHints":{"allow":["GET"]}}],"collection":[{"href":"http:\/\/presscouncil-ks.org\/index.php?rest_route=\/wp\/v2\/posts"}],"about":[{"href":"http:\/\/presscouncil-ks.org\/index.php?rest_route=\/wp\/v2\/types\/post"}],"author":[{"embeddable":true,"href":"http:\/\/presscouncil-ks.org\/index.php?rest_route=\/wp\/v2\/users\/2"}],"replies":[{"embeddable":true,"href":"http:\/\/presscouncil-ks.org\/index.php?rest_route=%2Fwp%2Fv2%2Fcomments&post=18571"}],"version-history":[{"count":1,"href":"http:\/\/presscouncil-ks.org\/index.php?rest_route=\/wp\/v2\/posts\/18571\/revisions"}],"predecessor-version":[{"id":18572,"href":"http:\/\/presscouncil-ks.org\/index.php?rest_route=\/wp\/v2\/posts\/18571\/revisions\/18572"}],"wp:featuredmedia":[{"embeddable":true,"href":"http:\/\/presscouncil-ks.org\/index.php?rest_route=\/wp\/v2\/media\/18566"}],"wp:attachment":[{"href":"http:\/\/presscouncil-ks.org\/index.php?rest_route=%2Fwp%2Fv2%2Fmedia&parent=18571"}],"wp:term":[{"taxonomy":"category","embeddable":true,"href":"http:\/\/presscouncil-ks.org\/index.php?rest_route=%2Fwp%2Fv2%2Fcategories&post=18571"},{"taxonomy":"post_tag","embeddable":true,"href":"http:\/\/presscouncil-ks.org\/index.php?rest_route=%2Fwp%2Fv2%2Ftags&post=18571"}],"curies":[{"name":"wp","href":"https:\/\/api.w.org\/{rel}","templated":true}]}}