{"id":18565,"date":"2026-08-29T05:20:29","date_gmt":"2026-08-29T05:20:29","guid":{"rendered":"https:\/\/presscouncil-ks.org\/?p=18565"},"modified":"2026-08-29T05:20:29","modified_gmt":"2026-08-29T05:20:29","slug":"kuvendi-i-kmshk-se-mori-vendime-per-27-ankesa","status":"publish","type":"post","link":"http:\/\/presscouncil-ks.org\/?p=18565","title":{"rendered":"Kuvendi i KMShK-s\u00eb mori vendime p\u00ebr 27 ankesa"},"content":{"rendered":"<p><em>K\u00ebshilli i Mediave t\u00eb Shkruara t\u00eb Kosov\u00ebs (KMShK) n\u00eb mbledhjen e rregullt ka shqyrtuar gjithsej 27 ankesa. An\u00ebtar\u00ebt e Kuvendit t\u00eb KMShK-s\u00eb kan\u00eb vendosur q\u00eb t\u00eb miratohen 12 nga to, t\u00eb miratohen pjes\u00ebrisht pes\u00eb, pes\u00eb t\u00eb refuzohen, kat\u00ebr ankesa t\u00eb shpallen t\u00eb patrajtueshme, nd\u00ebrkaq p\u00ebr nj\u00eb ankes\u00eb \u00ebsht\u00eb konstatuar se \u00ebsht\u00eb zgjidhur me nd\u00ebrmjet\u00ebsim mes pal\u00ebve.<\/em><\/p>\n<p>Ankesat kishin t\u00eb b\u00ebnin me pretendimet p\u00ebr shkeljen e kapitujve t\u00eb caktuar t\u00eb Kodit t\u00eb Mediave t\u00eb Shkruara t\u00eb Kosov\u00ebs, p\u00ebrkat\u00ebsisht Kapitullit II &#8211; Raportimi i s\u00eb v\u00ebrtet\u00ebs, Kapitullit III \u2013 Nxitja dhe gjuha e urrejtjes, Kapitullit IV &#8211; E drejta p\u00ebr t\u2019u p\u00ebrgjigjur dhe Kapitullit VII &#8211; Privat\u00ebsia dhe mbrojtja e burimeve.<\/p>\n<p>KMShK ka miratuar ankes\u00ebn e Blue Diamond Renta Car Sh.P.K., p\u00ebrkat\u00ebsisht E. D. dhe R. D. p\u00ebrfaq\u00ebsuar nga avokati Rinor P. Bajrami kund\u00ebr Gazetaekskluzive.com p\u00ebr dy video t\u00eb publikuara n\u00eb profilin e medias n\u00eb Facebook, duke konstatuar se jan\u00eb shkelur kapitujt II dhe IV t\u00eb Kodit t\u00eb Mediave t\u00eb Shkruara t\u00eb Kosov\u00ebs, t\u00eb cil\u00ebt kan\u00eb t\u00eb b\u00ebjn\u00eb me raportimin e s\u00eb v\u00ebrtet\u00ebs, p\u00ebrkat\u00ebsisht t\u00eb drejt\u00ebn p\u00ebr t\u2019u p\u00ebrgjigjur.<\/p>\n<p>KMShK ka miratuar ankes\u00ebn e Zyr\u00ebs s\u00eb Kryetares s\u00eb Kuvendit t\u00eb Kosov\u00ebs kund\u00ebr Nacionale.com p\u00ebr shkrimin me titull \u201cKapet edhe administrata e Kuvendit, Haxhiu e b\u00ebn u.d. t\u00eb Sekretarit t\u00eb P\u00ebrgjithsh\u00ebm shoqen e saj\u201d, duke konstatuar se jan\u00eb shkelur kapitujt II dhe IV t\u00eb Kodit t\u00eb Mediave t\u00eb Shkruara t\u00eb Kosov\u00ebs, t\u00eb cil\u00ebt kan\u00eb t\u00eb b\u00ebjn\u00eb me raportimin e s\u00eb v\u00ebrtet\u00ebs, p\u00ebrkat\u00ebsisht t\u00eb drejt\u00ebn p\u00ebr t\u2019u p\u00ebrgjigjur.<\/p>\n<p>KMShK ka miratuar ankes\u00ebn e E. R. kund\u00ebr Sinjali.com lidhur me nj\u00eb shkrim n\u00eb t\u00eb cilin publikohet emri i nj\u00eb personi, duke konstatuar se \u00ebsht\u00eb shkelur Kapitulli VII i Kodit t\u00eb Mediave t\u00eb Shkruara t\u00eb Kosov\u00ebs, i cili ka t\u00eb b\u00ebj\u00eb me mbrojtjen e privat\u00ebsis\u00eb.<\/p>\n<p>KMShK ka miratuar ankes\u00ebn e H. P., p\u00ebrfaq\u00ebsuar nga avokati Visar Hoxha, kund\u00ebr Sinjali.com p\u00ebr shkrimet me tituj \u201cEkskluzive | Ky \u00ebsht\u00eb i plagosuri n\u00eb t\u00eb sht\u00ebnat me arm\u00eb n\u00eb Prizren &#8211; Ndodhet n\u00eb Emergjenc\u00eb\u201d, \u201cEkskluzive: Ky \u00ebsht\u00eb i dyshuari kryesor p\u00ebr plagosjen e H. P. n\u00eb Prizren\u201d dhe \u201cProkuroria konfirmon p\u00ebr Sinjalin ndalimin e t\u00eb dyshuarit p\u00ebr plagosjen e H. P. n\u00eb Prizren \u2013 hetohet p\u00ebr tri vepra penale\u201d, duke konstatuar se \u00ebsht\u00eb shkelur Kapitulli VII i Kodit t\u00eb Mediave t\u00eb Shkruara t\u00eb Kosov\u00ebs, i cili ka t\u00eb b\u00ebj\u00eb me mbrojtjen e privat\u00ebsis\u00eb.<\/p>\n<p>KMShK ka miratuar ankes\u00ebn e A. B. kund\u00ebr Sinjali.com p\u00ebr shkrimin me titull \u201c61-vje\u00e7arja gjendet pa shenja jete n\u00eb sht\u00ebpin\u00eb e saj n\u00eb Rahovec &#8211; trupi d\u00ebrgohet p\u00ebr obduksion\u201d, duke konstatuar se \u00ebsht\u00eb shkelur Kapitulli VII i Kodit t\u00eb Mediave t\u00eb Shkruara t\u00eb Kosov\u00ebs, i cili ka t\u00eb b\u00ebj\u00eb me mbrojtjen e privat\u00ebsis\u00eb.<\/p>\n<p>KMShK ka miratuar ankes\u00ebn e S. B., p\u00ebrfaq\u00ebsuar nga avokati Amer Alija, kund\u00ebr Kosova.info p\u00ebr shkrimin me titull \u201cArrestohet Sh. B., i dyshuari p\u00ebr pjes\u00ebmarrje n\u00eb masakr\u00ebn ndaj civil\u00ebve n\u00eb Krush\u00ebn e Vog\u00ebl\u201d, duke konstatuar se jan\u00eb shkelur kapitujt II dhe VII t\u00eb Kodit t\u00eb Mediave t\u00eb Shkruara t\u00eb Kosov\u00ebs, t\u00eb cil\u00ebt kan\u00eb t\u00eb b\u00ebjn\u00eb me raportimin e s\u00eb v\u00ebrtet\u00ebs, p\u00ebrkat\u00ebsisht mbrojtjen e privat\u00ebsis\u00eb.<\/p>\n<p>KMShK ka miratuar ankes\u00ebn e S. B., p\u00ebrfaq\u00ebsuar nga avokati Amer Alija, kund\u00ebr Indeksonline.net p\u00ebr shkrimet me tituj \u201cArrestohet nj\u00eb shtetas turk i dyshuar p\u00ebr pjes\u00ebmarrje n\u00eb Masakr\u00ebn e Krush\u00ebs\u201d, \u201cKy \u00ebsht\u00eb i dyshuari turk i arrestuar p\u00ebr krime lufte p\u00ebr Masakr\u00ebn e Krush\u00ebs\u201d dhe \u201cPolicia mohon arrestimin e shtetasit turk: U paraqit si ankues, pas intervistimit u lirua\u201d, duke konstatuar se jan\u00eb shkelur kapitujt II, IV dhe VII t\u00eb Kodit t\u00eb Mediave t\u00eb Shkruara t\u00eb Kosov\u00ebs t\u00eb cil\u00ebt kan\u00eb t\u00eb b\u00ebjn\u00eb me raportimin e s\u00eb v\u00ebrtet\u00ebs, p\u00ebrkat\u00ebsisht t\u00eb drejt\u00ebn p\u00ebr t\u2019u p\u00ebrgjigjur, p\u00ebrkat\u00ebsisht mbrojtjen e privat\u00ebsis\u00eb.<\/p>\n<p>KMShK ka miratuar ankes\u00ebn e S. B., p\u00ebrfaq\u00ebsuar nga avokati Amer Alija, kund\u00ebr Gazetaekskluzive.com p\u00ebr shkrimin me titull \u201cSh. ka punu p\u00ebr milicin\u00eb serbe\u201d, duke konstatuar se jan\u00eb shkelur kapitujt II dhe VII t\u00eb Kodit t\u00eb Mediave t\u00eb Shkruara t\u00eb Kosov\u00ebs t\u00eb cil\u00ebt kan\u00eb t\u00eb b\u00ebjn\u00eb me raportimin e s\u00eb v\u00ebrtet\u00ebs, p\u00ebrkat\u00ebsisht mbrojtjen e privat\u00ebsis\u00eb.<\/p>\n<p>KMShK ka miratuar ankes\u00ebn e S. B., p\u00ebrfaq\u00ebsuar nga avokati Amer Alija, kund\u00ebr Gazetaeprizrenit.net p\u00ebr shkrimin me titull \u201cKy \u00ebsht\u00eb i dyshuari turk i arrestuar p\u00ebr krime lufte p\u00ebr Masakr\u00ebn e Krush\u00ebs\u201d, duke konstatuar se jan\u00eb shkelur kapitujt II dhe VII t\u00eb Kodit t\u00eb Mediave t\u00eb Shkruara t\u00eb Kosov\u00ebs, t\u00eb cil\u00ebt kan\u00eb t\u00eb b\u00ebjn\u00eb me raportimin e s\u00eb v\u00ebrtet\u00ebs, p\u00ebrkat\u00ebsisht mbrojtjen e privat\u00ebsis\u00eb.<\/p>\n<p>KMShK ka miratuar ankes\u00ebn e S. B., p\u00ebrfaq\u00ebsuar nga avokati Amer Alija, kund\u00ebr Prizrenpress.com p\u00ebr shkrimin me titull \u201cKy \u00ebsht\u00eb i dyshuari turk i arrestuar p\u00ebr krime lufte p\u00ebr Masakr\u00ebn e Krush\u00ebs\u201d, duke konstatuar se jan\u00eb shkelur kapitujt II dhe VII t\u00eb Kodit t\u00eb Mediave t\u00eb Shkruara t\u00eb Kosov\u00ebs, t\u00eb cil\u00ebt kan\u00eb t\u00eb b\u00ebjn\u00eb me raportimin e s\u00eb v\u00ebrtet\u00ebs, p\u00ebrkat\u00ebsisht mbrojtjen e privat\u00ebsis\u00eb.<\/p>\n<p>KMShK ka miratuar ankes\u00ebn e S. B., p\u00ebrfaq\u00ebsuar nga avokati Amer Alija, kund\u00ebr Gazetablic.com p\u00ebr shkrimin me titull \u201cKy \u00ebsht\u00eb i dyshuari turk i arrestuar p\u00ebr krime lufte p\u00ebr Masakr\u00ebn e Krush\u00ebs\u201d, duke konstatuar se jan\u00eb shkelur kapitujt II, IV dhe VII t\u00eb Kodit t\u00eb Mediave t\u00eb Shkruara t\u00eb Kosov\u00ebs, t\u00eb cil\u00ebt kan\u00eb t\u00eb b\u00ebjn\u00eb me raportimin e s\u00eb v\u00ebrtet\u00ebs, p\u00ebrkat\u00ebsisht t\u00eb drejt\u00ebn p\u00ebr t\u2019u p\u00ebrgjigjur, p\u00ebrkat\u00ebsisht mbrojtjen e privat\u00ebsis\u00eb.<\/p>\n<p>KMShK ka miratuar ankes\u00ebn e F. M. kund\u00ebr Voxkosova.com p\u00ebr shkrimin me titull \u201c\u2019Gruaja e Millosheviqit \u2013 Sve\u00e7la p\u00ebrmend Vulinin si \u2018numrin dy\u2019 t\u00eb Mira Markoviqit, harron se F. M. i VV-s\u00eb ishte pjes\u00eb e partis\u00eb s\u00eb saj\u201d, duke konstatuar se \u00ebsht\u00eb shkelur Kapitulli II i Kodit t\u00eb Mediave t\u00eb Shkruara t\u00eb Kosov\u00ebs i cili ka t\u00eb b\u00ebj\u00eb me raportimin e s\u00eb v\u00ebrtet\u00ebs.<\/p>\n<p>KMShK ka miratuar pjes\u00ebrisht ankes\u00ebn e F. S. kund\u00ebr Insajderi.org p\u00ebr shkrimin me titull \u201cBeteja p\u00ebr m\u00ebditje: Si p\u00ebrfundoi n\u00eb FFK prokurorja q\u00eb mbylli dosjen e skandaleve t\u00eb Agim Ademit?\u201d, duke konstatuar se \u00ebsht\u00eb shkelur Kapitulli IV i Kodit t\u00eb Mediave t\u00eb Shkruara t\u00eb Kosov\u00ebs, i cili ka t\u00eb b\u00ebj\u00eb me t\u00eb drejt\u00ebn p\u00ebr t\u2019u p\u00ebrgjigjur, por jo edhe kapitujt II dhe VII, t\u00eb cil\u00ebt kan\u00eb t\u00eb b\u00ebjn\u00eb me raportimin e s\u00eb v\u00ebrtet\u00ebs, p\u00ebrkat\u00ebsisht mbrojtjen e privat\u00ebsis\u00eb, ashtu si\u00e7 pretendon pala ankuese.<\/p>\n<p>KMShK ka miratuar pjes\u00ebrisht ankes\u00ebn e Sh. E. kund\u00ebr Sinjali.com p\u00ebr shkrimet me tituj \u201cEkskluzive | Pezullohet p\u00ebr 6 muaj pa pages\u00eb inspektori i Autoritetit t\u00eb Konkurrenc\u00ebs, Komisioni Disiplinor konstaton shkelje t\u00eb r\u00ebnda\u201d dhe \u201cInspektori i Autoritetit t\u00eb Konkurrenc\u00ebs s\u2019e respekton pezullimin, vazhdon t\u00eb paraqitet n\u00eb pun\u00eb\u201d, duke konstatuar se \u00ebsht\u00eb shkelur Kapitulli IV i Kodit t\u00eb Mediave t\u00eb Shkruara t\u00eb Kosov\u00ebs, i cili ka t\u00eb b\u00ebj\u00eb me t\u00eb drejt\u00ebn p\u00ebr t\u2019u p\u00ebrgjigjur. Nd\u00ebrkaq, p\u00ebr shkrimin me titull \u201cSuspendohet nga puna zyrtari i AKRK-s\u00eb Sh. E.\u201d KMShK nuk mundi t\u00eb marr\u00eb vendim, pasi q\u00eb ka kaluar afati procedural p\u00ebr inicimin e ankes\u00ebs.<\/p>\n<p>KMShK ka miratuar pjes\u00ebrisht ankes\u00ebn e Kabinetit t\u00eb Ushtrueses s\u00eb Detyr\u00ebs s\u00eb Presidentes s\u00eb Republik\u00ebs s\u00eb Kosov\u00ebs kund\u00ebr Voxkosova.com p\u00ebr shkrimin me titull \u201cI pushtetit: Kryeprokurori i ri i Shtetit i ulur k\u00ebmb\u00ebkryq n\u00eb prehrin e Vet\u00ebvendosjes\u201d, duke konstatuar se \u00ebsht\u00eb shkelur Kapitulli IV i Kodit t\u00eb Mediave t\u00eb Shkruara t\u00eb Kosov\u00ebs, i cili ka t\u00eb b\u00ebj\u00eb me t\u00eb drejt\u00ebn p\u00ebr t\u2019u p\u00ebrgjigjur, por jo edhe Kapitulli II, i cili ka t\u00eb b\u00ebj\u00eb me raportimin e t\u00eb v\u00ebrtet\u00ebs, ashtu si\u00e7 pretendon pala ankuese.<\/p>\n<p>KMShK ka miratuar pjes\u00ebrisht ankes\u00ebn e S. B., p\u00ebrfaq\u00ebsuar nga avokati Amer Alija, kund\u00ebr Klankosova.tv p\u00ebr shkrimet me tituj \u201cTurku i dyshuar p\u00ebr krime lufte n\u00eb Krush\u00eb u denoncua publikisht nga Esat Shala n\u00eb Klan Kosova\u201d, \u201cPolicia deklarohet p\u00ebr raportimin mbi arrestimin e nj\u00eb shtetasi turk t\u00eb dyshuar p\u00ebr krime lufte\u201d, \u201cKy \u00ebsht\u00eb personi q\u00eb dyshohet se u arrestua p\u00ebr krime lufte p\u00ebr Masakr\u00ebn e Krush\u00ebs\u201d dhe \u201cArrestohet nj\u00eb shtetas turk, i dyshuar p\u00ebr pjes\u00ebmarrje n\u00eb Masakr\u00ebn e Krush\u00ebs\u201d, duke konstatuar se jan\u00eb shkelur kapitujt II, IV dhe VII t\u00eb Kodit t\u00eb Mediave t\u00eb Shkruara t\u00eb Kosov\u00ebs, t\u00eb cil\u00ebt kan\u00eb t\u00eb b\u00ebjn\u00eb me raportimin e s\u00eb v\u00ebrtet\u00ebs, p\u00ebrkat\u00ebsisht t\u00eb drejt\u00ebn p\u00ebr t\u2019u p\u00ebrgjigjur, p\u00ebrkat\u00ebsisht mbrojtjen e privat\u00ebsis\u00eb, por jo edhe Kapitulli III, i cili ka t\u00eb b\u00ebj\u00eb me nxitjen e gjuh\u00ebs s\u00eb urrejtjes, ashtu si\u00e7 pretendon pala ankuese.<\/p>\n<p>KMShK ka miratuar pjes\u00ebrisht ankes\u00ebn e Z. G. kund\u00ebr Frontonline.net p\u00ebr shkrimin me titull \u201cBarnatore pa farmacist\u00eb dhe barna ilegale n\u00eb disa barnatore t\u00eb Klin\u00ebs\u201d, duke konstatuar se \u00ebsht\u00eb shkelur Kapitulli IV i Kodit t\u00eb Mediave t\u00eb Shkruara t\u00eb Kosov\u00ebs, i cili ka t\u00eb b\u00ebj\u00eb me t\u00eb drejt\u00ebn p\u00ebr t\u2019u p\u00ebrgjigjur, por jo edhe Kapitulli II, i cili ka t\u00eb b\u00ebj\u00eb me raportimin e t\u00eb v\u00ebrtet\u00ebs, ashtu si\u00e7 pretendon pala ankuese.<\/p>\n<p>KMShK ka refuzuar (hedhur posht\u00eb) ankes\u00ebn e I. A., p\u00ebrfaq\u00ebsuar nga avokati Ekrem Agushi, kund\u00ebr Jepize,com p\u00ebr nj\u00eb shkrim t\u00eb publikuar n\u00eb profilin e medias n\u00eb Facebook, duke konstatuar se nuk \u00ebsht\u00eb shkelur Kapitulli II i Kodit t\u00eb Mediave t\u00eb Shkruara t\u00eb Kosov\u00ebs, i cili ka t\u00eb b\u00ebj\u00eb me raportimin e t\u00eb v\u00ebrtet\u00ebs, ashtu si\u00e7 pretendon pala ankuese.<\/p>\n<p>KMShK ka refuzuar (hedhur posht\u00eb) ankes\u00ebn e L. S., p\u00ebrfaq\u00ebsuar nga avokati G\u00ebzim Hoti, kund\u00ebr Insajderi.org p\u00ebr shkrimin me titull \u201cQesharake | Kryetari i Gjykat\u00ebs n\u00eb Pej\u00eb takon pun\u00ebtoren e tij, l\u00ebshon komunikat\u00eb\u201d, duke konstatuar se nuk \u00ebsht\u00eb shkelur Kapitulli II i Kodit t\u00eb Mediave t\u00eb Shkruara t\u00eb Kosov\u00ebs, i cili ka t\u00eb b\u00ebj\u00eb me raportimin e t\u00eb v\u00ebrtet\u00ebs, ashtu si\u00e7 pretendon pala ankuese.<\/p>\n<p>KMShK ka refuzuar (hedhur posht\u00eb) ankes\u00ebn e F. R., p\u00ebrfaq\u00ebsuar nga avokati Valdrin Islami, kund\u00ebr Veriu.info p\u00ebr shkrimin me titull \u201cDosja &#8211; 66 prona n\u00eb Mitrovic\u00eb dyshohet se u tjet\u00ebrsuan me falsifikime &#8211; Prokuroria 3 vjet mban pa epilog kall\u00ebzimin e policis\u00eb (emrat)\u201d, duke konstatuar se nuk \u00ebsht\u00eb shkelur Kapitulli II i Kodit t\u00eb Mediave t\u00eb Shkruara t\u00eb Kosov\u00ebs, i cili ka t\u00eb b\u00ebj\u00eb me raportimin e t\u00eb v\u00ebrtet\u00ebs, ashtu si\u00e7 pretendon pala ankuese.<\/p>\n<p>KMShK ka refuzuar (hedhur posht\u00eb) ankes\u00ebn e Kabinetit t\u00eb Ushtrueses s\u00eb Detyr\u00ebs s\u00eb Presidentes s\u00eb Republik\u00ebs s\u00eb Kosov\u00ebs kund\u00ebr Voxkosova.com p\u00ebr shkrimin me titull \u201cPallati i shpenzimeve, mbi 200 mij\u00eb euro t\u00eb harxhuara nga Zyra e Presidentes p\u00ebr gjasht\u00eb muaj\u201d, duke konstatuar se nuk jan\u00eb shkelur kapitujt II dhe IV t\u00eb Kodit t\u00eb Mediave t\u00eb Shkruara t\u00eb Kosov\u00ebs, t\u00eb cil\u00ebt kan\u00eb t\u00eb b\u00ebjn\u00eb me raportimin e t\u00eb v\u00ebrtet\u00ebs, p\u00ebrkat\u00ebsisht t\u00eb drejt\u00ebn p\u00ebr t\u2019u p\u00ebrgjigjur, ashtu si\u00e7 pretendon pala ankuese.<\/p>\n<p>KMShK ka refuzuar (hedhur posht\u00eb) ankes\u00ebn e \u201cInna Dental Clinic\u201d kund\u00ebr Veriu.info p\u00ebr shkrimin me titull \u201c\u201910 mij\u00eb euro gjob\u00eb p\u00ebr gjetjet skandaloze n\u00eb \u2018Inna Dental Clinic\u2019, inspektor\u00ebt k\u00ebrkuan asistenc\u00ebn e policis\u00eb pas k\u00ebrc\u00ebnimeve nga Dr. F. Xh.\u201d, duke konstatuar se nuk \u00ebsht\u00eb shkelur Kapitulli II i Kodit t\u00eb Mediave t\u00eb Shkruara t\u00eb Kosov\u00ebs, i cili ka t\u00eb b\u00ebj\u00eb me raportimin e t\u00eb v\u00ebrtet\u00ebs, ashtu si\u00e7 pretendon pala ankuese.<\/p>\n<p>KMShK e ka shpallur t\u00eb patrajtueshme ankes\u00ebn e A. H. kund\u00ebr Lajm nga Drenasi (faqe n\u00eb Facebook), pasi q\u00eb nuk ka kompetenc\u00eb t\u00eb trajtoj\u00eb p\u00ebrmbajtjet e prodhuara nga faqet ose profilet n\u00eb rrjete sociale.<\/p>\n<p>KMShK e ka shpallur t\u00eb patrajtueshme ankes\u00ebn e Od\u00ebs s\u00eb Infermier\u00ebve, Mamive dhe Profesionist\u00ebve t\u00eb tjer\u00eb Sh\u00ebndet\u00ebsor\u00eb t\u00eb Kosov\u00ebs (OIK) kund\u00ebr Gazeta p\u00ebr Infermier (faqe n\u00eb Facebook), pasi q\u00eb nuk ka kompetenc\u00eb t\u00eb trajtoj\u00eb p\u00ebrmbajtjet e prodhuara nga faqet ose profilet n\u00eb rrjete sociale.<\/p>\n<p>KMShK e ka shpallur t\u00eb patrajtueshme ankes\u00ebn e L. R. kund\u00ebr TV Klan Kosova, pasi q\u00eb nuk ka kompetenc\u00eb t\u00eb trajtoj\u00eb p\u00ebrmbajtjet e transmetuara n\u00eb televizion. Pala ankuese mund t\u2019i drejtohet Komisionit t\u00eb Pavarur t\u00eb Mediave (KPM).<\/p>\n<p>KMShK e ka shpallur t\u00eb patrajtueshme ankes\u00ebn e A. Th. kund\u00ebr nj\u00eb individi, p\u00ebr nj\u00eb video t\u00eb publikuar n\u00eb profilin e tij n\u00eb rrjetin social Instagram, pasi q\u00eb nuk ka kompetenc\u00eb t\u00eb trajtoj\u00eb ankesat ndaj individ\u00ebve.<\/p>\n<p>KMShK ka konstatuar se ankesa e V. F. kund\u00ebr Shqip.com \u00ebsht\u00eb zgjidhur me nd\u00ebrmjet\u00ebsim mes pal\u00ebve, sipas udh\u00ebzimeve t\u00eb KMShK-s\u00eb.<\/p>\n","protected":false},"excerpt":{"rendered":"<p>K\u00ebshilli i Mediave t\u00eb Shkruara t\u00eb Kosov\u00ebs (KMShK) n\u00eb mbledhjen e rregullt ka shqyrtuar gjithsej 27 ankesa. An\u00ebtar\u00ebt e Kuvendit t\u00eb KMShK-s\u00eb kan\u00eb vendosur q\u00eb t\u00eb miratohen 12 nga to, t\u00eb miratohen pjes\u00ebrisht pes\u00eb, pes\u00eb t\u00eb refuzohen, kat\u00ebr ankesa t\u00eb shpallen t\u00eb patrajtueshme, nd\u00ebrkaq p\u00ebr nj\u00eb ankes\u00eb \u00ebsht\u00eb konstatuar se \u00ebsht\u00eb zgjidhur me nd\u00ebrmjet\u00ebsim mes [&hellip;]<\/p>\n","protected":false},"author":2,"featured_media":18566,"comment_status":"open","ping_status":"open","sticky":false,"template":"","format":"standard","meta":{"footnotes":""},"categories":[92],"tags":[],"class_list":["post-18565","post","type-post","status-publish","format-standard","has-post-thumbnail","hentry","category-news-sq"],"acf":{"video_title":"","video":false},"yoast_head":"<!-- This site is optimized with the Yoast SEO plugin v28.3 - https:\/\/yoast.com\/product\/yoast-seo-wordpress\/ -->\n<title>Kuvendi i KMShK-s\u00eb mori vendime p\u00ebr 27 ankesa - K\u00ebshilli i Mediave t\u00eb Shkruara t\u00eb Kosov\u00ebs | P\u00ebr nj\u00eb gazetari etike dhe profesionale<\/title>\n<meta name=\"robots\" content=\"index, follow, max-snippet:-1, max-image-preview:large, max-video-preview:-1\" \/>\n<link rel=\"canonical\" href=\"http:\/\/presscouncil-ks.org\/?p=18565\" \/>\n<meta property=\"og:locale\" content=\"en_US\" \/>\n<meta property=\"og:type\" content=\"article\" \/>\n<meta property=\"og:title\" content=\"Kuvendi i KMShK-s\u00eb mori vendime p\u00ebr 27 ankesa - K\u00ebshilli i Mediave t\u00eb Shkruara t\u00eb Kosov\u00ebs | P\u00ebr nj\u00eb gazetari etike dhe profesionale\" \/>\n<meta property=\"og:description\" content=\"K\u00ebshilli i Mediave t\u00eb Shkruara t\u00eb Kosov\u00ebs (KMShK) n\u00eb mbledhjen e rregullt ka shqyrtuar gjithsej 27 ankesa. An\u00ebtar\u00ebt e Kuvendit t\u00eb KMShK-s\u00eb kan\u00eb vendosur q\u00eb t\u00eb miratohen 12 nga to, t\u00eb miratohen pjes\u00ebrisht pes\u00eb, pes\u00eb t\u00eb refuzohen, kat\u00ebr ankesa t\u00eb shpallen t\u00eb patrajtueshme, nd\u00ebrkaq p\u00ebr nj\u00eb ankes\u00eb \u00ebsht\u00eb konstatuar se \u00ebsht\u00eb zgjidhur me nd\u00ebrmjet\u00ebsim mes [&hellip;]\" \/>\n<meta property=\"og:url\" content=\"http:\/\/presscouncil-ks.org\/?p=18565\" \/>\n<meta property=\"og:site_name\" content=\"K\u00ebshilli i Mediave t\u00eb Shkruara t\u00eb Kosov\u00ebs | P\u00ebr nj\u00eb gazetari etike dhe profesionale\" \/>\n<meta property=\"article:publisher\" content=\"https:\/\/www.facebook.com\/KMSHKosove\" \/>\n<meta property=\"article:published_time\" content=\"2026-08-29T05:20:29+00:00\" \/>\n<meta property=\"og:image\" content=\"https:\/\/presscouncil-ks.org\/wp-content\/uploads\/2026\/08\/kmshk-29-08-2026.jpg\" \/>\n\t<meta property=\"og:image:width\" content=\"1600\" \/>\n\t<meta property=\"og:image:height\" content=\"824\" \/>\n\t<meta property=\"og:image:type\" content=\"image\/jpeg\" \/>\n<meta name=\"author\" content=\"Editor\" \/>\n<meta name=\"twitter:card\" content=\"summary_large_image\" \/>\n<meta name=\"twitter:label1\" content=\"Written by\" \/>\n\t<meta name=\"twitter:data1\" content=\"Editor\" \/>\n\t<meta name=\"twitter:label2\" content=\"Est. reading time\" \/>\n\t<meta name=\"twitter:data2\" content=\"9 minutes\" \/>\n<script type=\"application\/ld+json\" class=\"yoast-schema-graph\">{\"@context\":\"https:\\\/\\\/schema.org\",\"@graph\":[{\"@type\":\"Article\",\"@id\":\"http:\\\/\\\/presscouncil-ks.org\\\/?p=18565#article\",\"isPartOf\":{\"@id\":\"http:\\\/\\\/presscouncil-ks.org\\\/?p=18565\"},\"author\":{\"name\":\"Editor\",\"@id\":\"http:\\\/\\\/presscouncil-ks.org\\\/#\\\/schema\\\/person\\\/b79d30c61264caeb733239c16cc4d673\"},\"headline\":\"Kuvendi i KMShK-s\u00eb mori vendime p\u00ebr 27 ankesa\",\"datePublished\":\"2026-08-29T05:20:29+00:00\",\"mainEntityOfPage\":{\"@id\":\"http:\\\/\\\/presscouncil-ks.org\\\/?p=18565\"},\"wordCount\":2331,\"commentCount\":0,\"publisher\":{\"@id\":\"http:\\\/\\\/presscouncil-ks.org\\\/#organization\"},\"image\":{\"@id\":\"http:\\\/\\\/presscouncil-ks.org\\\/?p=18565#primaryimage\"},\"thumbnailUrl\":\"http:\\\/\\\/presscouncil-ks.org\\\/wp-content\\\/uploads\\\/2026\\\/08\\\/kmshk-29-08-2026.jpg\",\"articleSection\":[\"Lajm\"],\"inLanguage\":\"en-US\",\"potentialAction\":[{\"@type\":\"CommentAction\",\"name\":\"Comment\",\"target\":[\"http:\\\/\\\/presscouncil-ks.org\\\/?p=18565#respond\"]}]},{\"@type\":\"WebPage\",\"@id\":\"http:\\\/\\\/presscouncil-ks.org\\\/?p=18565\",\"url\":\"http:\\\/\\\/presscouncil-ks.org\\\/?p=18565\",\"name\":\"Kuvendi i KMShK-s\u00eb mori vendime p\u00ebr 27 ankesa - K\u00ebshilli i Mediave t\u00eb Shkruara t\u00eb Kosov\u00ebs | P\u00ebr nj\u00eb gazetari etike dhe profesionale\",\"isPartOf\":{\"@id\":\"http:\\\/\\\/presscouncil-ks.org\\\/#website\"},\"primaryImageOfPage\":{\"@id\":\"http:\\\/\\\/presscouncil-ks.org\\\/?p=18565#primaryimage\"},\"image\":{\"@id\":\"http:\\\/\\\/presscouncil-ks.org\\\/?p=18565#primaryimage\"},\"thumbnailUrl\":\"http:\\\/\\\/presscouncil-ks.org\\\/wp-content\\\/uploads\\\/2026\\\/08\\\/kmshk-29-08-2026.jpg\",\"datePublished\":\"2026-08-29T05:20:29+00:00\",\"breadcrumb\":{\"@id\":\"http:\\\/\\\/presscouncil-ks.org\\\/?p=18565#breadcrumb\"},\"inLanguage\":\"en-US\",\"potentialAction\":[{\"@type\":\"ReadAction\",\"target\":[\"http:\\\/\\\/presscouncil-ks.org\\\/?p=18565\"]}]},{\"@type\":\"ImageObject\",\"inLanguage\":\"en-US\",\"@id\":\"http:\\\/\\\/presscouncil-ks.org\\\/?p=18565#primaryimage\",\"url\":\"http:\\\/\\\/presscouncil-ks.org\\\/wp-content\\\/uploads\\\/2026\\\/08\\\/kmshk-29-08-2026.jpg\",\"contentUrl\":\"http:\\\/\\\/presscouncil-ks.org\\\/wp-content\\\/uploads\\\/2026\\\/08\\\/kmshk-29-08-2026.jpg\",\"width\":1600,\"height\":824},{\"@type\":\"BreadcrumbList\",\"@id\":\"http:\\\/\\\/presscouncil-ks.org\\\/?p=18565#breadcrumb\",\"itemListElement\":[{\"@type\":\"ListItem\",\"position\":1,\"name\":\"Home\",\"item\":\"https:\\\/\\\/presscouncil-ks.org\\\/\"},{\"@type\":\"ListItem\",\"position\":2,\"name\":\"Kuvendi i KMShK-s\u00eb mori vendime p\u00ebr 27 ankesa\"}]},{\"@type\":\"WebSite\",\"@id\":\"http:\\\/\\\/presscouncil-ks.org\\\/#website\",\"url\":\"http:\\\/\\\/presscouncil-ks.org\\\/\",\"name\":\"https:\\\/\\\/presscouncil-ks.org\\\/\",\"description\":\"\",\"publisher\":{\"@id\":\"http:\\\/\\\/presscouncil-ks.org\\\/#organization\"},\"potentialAction\":[{\"@type\":\"SearchAction\",\"target\":{\"@type\":\"EntryPoint\",\"urlTemplate\":\"http:\\\/\\\/presscouncil-ks.org\\\/?s={search_term_string}\"},\"query-input\":{\"@type\":\"PropertyValueSpecification\",\"valueRequired\":true,\"valueName\":\"search_term_string\"}}],\"inLanguage\":\"en-US\"},{\"@type\":\"Organization\",\"@id\":\"http:\\\/\\\/presscouncil-ks.org\\\/#organization\",\"name\":\"K\u00ebshilli i Mediave t\u00eb Shkruara t\u00eb Kosov\u00ebs\",\"url\":\"http:\\\/\\\/presscouncil-ks.org\\\/\",\"logo\":{\"@type\":\"ImageObject\",\"inLanguage\":\"en-US\",\"@id\":\"http:\\\/\\\/presscouncil-ks.org\\\/#\\\/schema\\\/logo\\\/image\\\/\",\"url\":\"http:\\\/\\\/presscouncil-ks.org\\\/wp-content\\\/uploads\\\/2023\\\/06\\\/cropped-logo.png\",\"contentUrl\":\"http:\\\/\\\/presscouncil-ks.org\\\/wp-content\\\/uploads\\\/2023\\\/06\\\/cropped-logo.png\",\"width\":268,\"height\":166,\"caption\":\"K\u00ebshilli i Mediave t\u00eb Shkruara t\u00eb Kosov\u00ebs\"},\"image\":{\"@id\":\"http:\\\/\\\/presscouncil-ks.org\\\/#\\\/schema\\\/logo\\\/image\\\/\"},\"sameAs\":[\"https:\\\/\\\/www.facebook.com\\\/KMSHKosove\"]},{\"@type\":\"Person\",\"@id\":\"http:\\\/\\\/presscouncil-ks.org\\\/#\\\/schema\\\/person\\\/b79d30c61264caeb733239c16cc4d673\",\"name\":\"Editor\",\"image\":{\"@type\":\"ImageObject\",\"inLanguage\":\"en-US\",\"@id\":\"https:\\\/\\\/secure.gravatar.com\\\/avatar\\\/9534865f39e7b3527010ee17196a76d054b16d731a6a5bfe2f92a071c6e9bf4e?s=96&d=mm&r=g\",\"url\":\"https:\\\/\\\/secure.gravatar.com\\\/avatar\\\/9534865f39e7b3527010ee17196a76d054b16d731a6a5bfe2f92a071c6e9bf4e?s=96&d=mm&r=g\",\"contentUrl\":\"https:\\\/\\\/secure.gravatar.com\\\/avatar\\\/9534865f39e7b3527010ee17196a76d054b16d731a6a5bfe2f92a071c6e9bf4e?s=96&d=mm&r=g\",\"caption\":\"Editor\"},\"url\":\"http:\\\/\\\/presscouncil-ks.org\\\/?author=2\"}]}<\/script>\n<!-- \/ Yoast SEO plugin. -->","yoast_head_json":{"title":"Kuvendi i KMShK-s\u00eb mori vendime p\u00ebr 27 ankesa - K\u00ebshilli i Mediave t\u00eb Shkruara t\u00eb Kosov\u00ebs | P\u00ebr nj\u00eb gazetari etike dhe profesionale","robots":{"index":"index","follow":"follow","max-snippet":"max-snippet:-1","max-image-preview":"max-image-preview:large","max-video-preview":"max-video-preview:-1"},"canonical":"http:\/\/presscouncil-ks.org\/?p=18565","og_locale":"en_US","og_type":"article","og_title":"Kuvendi i KMShK-s\u00eb mori vendime p\u00ebr 27 ankesa - K\u00ebshilli i Mediave t\u00eb Shkruara t\u00eb Kosov\u00ebs | P\u00ebr nj\u00eb gazetari etike dhe profesionale","og_description":"K\u00ebshilli i Mediave t\u00eb Shkruara t\u00eb Kosov\u00ebs (KMShK) n\u00eb mbledhjen e rregullt ka shqyrtuar gjithsej 27 ankesa. An\u00ebtar\u00ebt e Kuvendit t\u00eb KMShK-s\u00eb kan\u00eb vendosur q\u00eb t\u00eb miratohen 12 nga to, t\u00eb miratohen pjes\u00ebrisht pes\u00eb, pes\u00eb t\u00eb refuzohen, kat\u00ebr ankesa t\u00eb shpallen t\u00eb patrajtueshme, nd\u00ebrkaq p\u00ebr nj\u00eb ankes\u00eb \u00ebsht\u00eb konstatuar se \u00ebsht\u00eb zgjidhur me nd\u00ebrmjet\u00ebsim mes [&hellip;]","og_url":"http:\/\/presscouncil-ks.org\/?p=18565","og_site_name":"K\u00ebshilli i Mediave t\u00eb Shkruara t\u00eb Kosov\u00ebs | P\u00ebr nj\u00eb gazetari etike dhe profesionale","article_publisher":"https:\/\/www.facebook.com\/KMSHKosove","article_published_time":"2026-08-29T05:20:29+00:00","og_image":[{"width":1600,"height":824,"url":"https:\/\/presscouncil-ks.org\/wp-content\/uploads\/2026\/08\/kmshk-29-08-2026.jpg","type":"image\/jpeg"}],"author":"Editor","twitter_card":"summary_large_image","twitter_misc":{"Written by":"Editor","Est. reading time":"9 minutes"},"schema":{"@context":"https:\/\/schema.org","@graph":[{"@type":"Article","@id":"http:\/\/presscouncil-ks.org\/?p=18565#article","isPartOf":{"@id":"http:\/\/presscouncil-ks.org\/?p=18565"},"author":{"name":"Editor","@id":"http:\/\/presscouncil-ks.org\/#\/schema\/person\/b79d30c61264caeb733239c16cc4d673"},"headline":"Kuvendi i KMShK-s\u00eb mori vendime p\u00ebr 27 ankesa","datePublished":"2026-08-29T05:20:29+00:00","mainEntityOfPage":{"@id":"http:\/\/presscouncil-ks.org\/?p=18565"},"wordCount":2331,"commentCount":0,"publisher":{"@id":"http:\/\/presscouncil-ks.org\/#organization"},"image":{"@id":"http:\/\/presscouncil-ks.org\/?p=18565#primaryimage"},"thumbnailUrl":"http:\/\/presscouncil-ks.org\/wp-content\/uploads\/2026\/08\/kmshk-29-08-2026.jpg","articleSection":["Lajm"],"inLanguage":"en-US","potentialAction":[{"@type":"CommentAction","name":"Comment","target":["http:\/\/presscouncil-ks.org\/?p=18565#respond"]}]},{"@type":"WebPage","@id":"http:\/\/presscouncil-ks.org\/?p=18565","url":"http:\/\/presscouncil-ks.org\/?p=18565","name":"Kuvendi i KMShK-s\u00eb mori vendime p\u00ebr 27 ankesa - K\u00ebshilli i Mediave t\u00eb Shkruara t\u00eb Kosov\u00ebs | P\u00ebr nj\u00eb gazetari etike dhe profesionale","isPartOf":{"@id":"http:\/\/presscouncil-ks.org\/#website"},"primaryImageOfPage":{"@id":"http:\/\/presscouncil-ks.org\/?p=18565#primaryimage"},"image":{"@id":"http:\/\/presscouncil-ks.org\/?p=18565#primaryimage"},"thumbnailUrl":"http:\/\/presscouncil-ks.org\/wp-content\/uploads\/2026\/08\/kmshk-29-08-2026.jpg","datePublished":"2026-08-29T05:20:29+00:00","breadcrumb":{"@id":"http:\/\/presscouncil-ks.org\/?p=18565#breadcrumb"},"inLanguage":"en-US","potentialAction":[{"@type":"ReadAction","target":["http:\/\/presscouncil-ks.org\/?p=18565"]}]},{"@type":"ImageObject","inLanguage":"en-US","@id":"http:\/\/presscouncil-ks.org\/?p=18565#primaryimage","url":"http:\/\/presscouncil-ks.org\/wp-content\/uploads\/2026\/08\/kmshk-29-08-2026.jpg","contentUrl":"http:\/\/presscouncil-ks.org\/wp-content\/uploads\/2026\/08\/kmshk-29-08-2026.jpg","width":1600,"height":824},{"@type":"BreadcrumbList","@id":"http:\/\/presscouncil-ks.org\/?p=18565#breadcrumb","itemListElement":[{"@type":"ListItem","position":1,"name":"Home","item":"https:\/\/presscouncil-ks.org\/"},{"@type":"ListItem","position":2,"name":"Kuvendi i KMShK-s\u00eb mori vendime p\u00ebr 27 ankesa"}]},{"@type":"WebSite","@id":"http:\/\/presscouncil-ks.org\/#website","url":"http:\/\/presscouncil-ks.org\/","name":"https:\/\/presscouncil-ks.org\/","description":"","publisher":{"@id":"http:\/\/presscouncil-ks.org\/#organization"},"potentialAction":[{"@type":"SearchAction","target":{"@type":"EntryPoint","urlTemplate":"http:\/\/presscouncil-ks.org\/?s={search_term_string}"},"query-input":{"@type":"PropertyValueSpecification","valueRequired":true,"valueName":"search_term_string"}}],"inLanguage":"en-US"},{"@type":"Organization","@id":"http:\/\/presscouncil-ks.org\/#organization","name":"K\u00ebshilli i Mediave t\u00eb Shkruara t\u00eb Kosov\u00ebs","url":"http:\/\/presscouncil-ks.org\/","logo":{"@type":"ImageObject","inLanguage":"en-US","@id":"http:\/\/presscouncil-ks.org\/#\/schema\/logo\/image\/","url":"http:\/\/presscouncil-ks.org\/wp-content\/uploads\/2023\/06\/cropped-logo.png","contentUrl":"http:\/\/presscouncil-ks.org\/wp-content\/uploads\/2023\/06\/cropped-logo.png","width":268,"height":166,"caption":"K\u00ebshilli i Mediave t\u00eb Shkruara t\u00eb Kosov\u00ebs"},"image":{"@id":"http:\/\/presscouncil-ks.org\/#\/schema\/logo\/image\/"},"sameAs":["https:\/\/www.facebook.com\/KMSHKosove"]},{"@type":"Person","@id":"http:\/\/presscouncil-ks.org\/#\/schema\/person\/b79d30c61264caeb733239c16cc4d673","name":"Editor","image":{"@type":"ImageObject","inLanguage":"en-US","@id":"https:\/\/secure.gravatar.com\/avatar\/9534865f39e7b3527010ee17196a76d054b16d731a6a5bfe2f92a071c6e9bf4e?s=96&d=mm&r=g","url":"https:\/\/secure.gravatar.com\/avatar\/9534865f39e7b3527010ee17196a76d054b16d731a6a5bfe2f92a071c6e9bf4e?s=96&d=mm&r=g","contentUrl":"https:\/\/secure.gravatar.com\/avatar\/9534865f39e7b3527010ee17196a76d054b16d731a6a5bfe2f92a071c6e9bf4e?s=96&d=mm&r=g","caption":"Editor"},"url":"http:\/\/presscouncil-ks.org\/?author=2"}]}},"_links":{"self":[{"href":"http:\/\/presscouncil-ks.org\/index.php?rest_route=\/wp\/v2\/posts\/18565","targetHints":{"allow":["GET"]}}],"collection":[{"href":"http:\/\/presscouncil-ks.org\/index.php?rest_route=\/wp\/v2\/posts"}],"about":[{"href":"http:\/\/presscouncil-ks.org\/index.php?rest_route=\/wp\/v2\/types\/post"}],"author":[{"embeddable":true,"href":"http:\/\/presscouncil-ks.org\/index.php?rest_route=\/wp\/v2\/users\/2"}],"replies":[{"embeddable":true,"href":"http:\/\/presscouncil-ks.org\/index.php?rest_route=%2Fwp%2Fv2%2Fcomments&post=18565"}],"version-history":[{"count":1,"href":"http:\/\/presscouncil-ks.org\/index.php?rest_route=\/wp\/v2\/posts\/18565\/revisions"}],"predecessor-version":[{"id":18567,"href":"http:\/\/presscouncil-ks.org\/index.php?rest_route=\/wp\/v2\/posts\/18565\/revisions\/18567"}],"wp:featuredmedia":[{"embeddable":true,"href":"http:\/\/presscouncil-ks.org\/index.php?rest_route=\/wp\/v2\/media\/18566"}],"wp:attachment":[{"href":"http:\/\/presscouncil-ks.org\/index.php?rest_route=%2Fwp%2Fv2%2Fmedia&parent=18565"}],"wp:term":[{"taxonomy":"category","embeddable":true,"href":"http:\/\/presscouncil-ks.org\/index.php?rest_route=%2Fwp%2Fv2%2Fcategories&post=18565"},{"taxonomy":"post_tag","embeddable":true,"href":"http:\/\/presscouncil-ks.org\/index.php?rest_route=%2Fwp%2Fv2%2Ftags&post=18565"}],"curies":[{"name":"wp","href":"https:\/\/api.w.org\/{rel}","templated":true}]}}