{"id":18544,"date":"2026-07-14T12:52:53","date_gmt":"2026-07-14T12:52:53","guid":{"rendered":"https:\/\/presscouncil-ks.org\/?p=18544"},"modified":"2026-07-14T12:52:54","modified_gmt":"2026-07-14T12:52:54","slug":"objavljen-vodic-o-ai-i-etici-u-novinarstvu","status":"publish","type":"post","link":"http:\/\/presscouncil-ks.org\/?p=18544&lang=sr","title":{"rendered":"Objavljen vodi\u010d o AI i etici u novinarstvu"},"content":{"rendered":"<p>Savet \u0160tampe Kosova (S\u0160K) objavio je, na albanskom i srpskom jeziku, medijski vodi\u010d \u201dVe\u0161ta\u010dka Inteligencija i etika u novinarstvu\u201c.<\/p>\n<p>&nbsp;<\/p>\n<p>Vodi\u010d je zasnovan na profesionalnim teorijama i najboljim praksama, koje imaju za cilj da pomognu novinarima i medijima u odgovornom kori\u0161c\u0301enju ve\u0161ta\u010dke inteligencije, uz promociju etike, transparentnosti i pravi\u010dnosti, kao osnovnih principa za o\u010duvanje vrednosti novinarstva.<\/p>\n<p>&nbsp;<\/p>\n<p>Vodi\u010d je izra\u0111en uz podr\u0161ku UNESCO-a, u okviru projekta \u201dIzgradnja poverenja u medije u jugoisto\u010dnoj Evropi: Podr\u0161ka novinarstvu kao javnom dobru\u201c, koji finansira Evropska Unija.<\/p>\n<p>&nbsp;<\/p>\n<p>Vodi\u010d mo\u017eete pronac\u0301i na ovom linku:<\/p>\n<p>&nbsp;<\/p>\n<p><a href=\"https:\/\/presscouncil-ks.org\/wp-content\/uploads\/2026\/06\/Udhezues-per-AI-Serbisht-1.pdf\">https:\/\/presscouncil-ks.org\/wp-content\/uploads\/2026\/06\/Udhezues-per-AI-Serbisht-1.pdf<\/a><\/p>\n<p>&nbsp;<\/p>\n<p><a href=\"https:\/\/www.facebook.com\/hashtag\/trustinmediasee?__cft__%5b0%5d=AZZwMDFbzgrfFtMcYu5JIGVvhI3rR-tNOCSEBfAjCgtDjLArsstCNpOuWOwAJb2aVRfFKPask3iyTUEIXnamlYXkRCwks_UdMx70C-1BBxbLZ0dz2cMunnPzPgCV3Sbgt2pV26G2_yRR1B0XfjFMZki3nLebJW4pvMHd5uIxnC108PrIhjf-MdyogyTgnN0I9NY&amp;__tn__=*NK-R\"><strong>#TrustInMediaSEE<\/strong><\/a><\/p>\n","protected":false},"excerpt":{"rendered":"<p>Savet \u0160tampe Kosova (S\u0160K) objavio je, na albanskom i srpskom jeziku, medijski vodi\u010d \u201dVe\u0161ta\u010dka Inteligencija i etika u novinarstvu\u201c. &nbsp; Vodi\u010d je zasnovan na profesionalnim teorijama i najboljim praksama, koje imaju za cilj da pomognu novinarima i medijima u odgovornom kori\u0161c\u0301enju ve\u0161ta\u010dke inteligencije, uz promociju etike, transparentnosti i pravi\u010dnosti, kao osnovnih principa za o\u010duvanje vrednosti [&hellip;]<\/p>\n","protected":false},"author":2,"featured_media":18545,"comment_status":"open","ping_status":"open","sticky":false,"template":"","format":"standard","meta":{"footnotes":""},"categories":[135],"tags":[],"class_list":["post-18544","post","type-post","status-publish","format-standard","has-post-thumbnail","hentry","category-vesti"],"acf":[],"yoast_head":"<!-- This site is optimized with the Yoast SEO plugin v28.3 - https:\/\/yoast.com\/product\/yoast-seo-wordpress\/ -->\n<title>Objavljen vodi\u010d o AI i etici u novinarstvu - K\u00ebshilli i Mediave t\u00eb Shkruara t\u00eb Kosov\u00ebs | P\u00ebr nj\u00eb gazetari etike dhe profesionale<\/title>\n<meta name=\"robots\" content=\"index, follow, max-snippet:-1, max-image-preview:large, max-video-preview:-1\" \/>\n<link rel=\"canonical\" href=\"http:\/\/presscouncil-ks.org\/?p=18544&lang=sr\" \/>\n<meta property=\"og:locale\" content=\"en_US\" \/>\n<meta property=\"og:type\" content=\"article\" \/>\n<meta property=\"og:title\" content=\"Objavljen vodi\u010d o AI i etici u novinarstvu - K\u00ebshilli i Mediave t\u00eb Shkruara t\u00eb Kosov\u00ebs | P\u00ebr nj\u00eb gazetari etike dhe profesionale\" \/>\n<meta property=\"og:description\" content=\"Savet \u0160tampe Kosova (S\u0160K) objavio je, na albanskom i srpskom jeziku, medijski vodi\u010d \u201dVe\u0161ta\u010dka Inteligencija i etika u novinarstvu\u201c. &nbsp; Vodi\u010d je zasnovan na profesionalnim teorijama i najboljim praksama, koje imaju za cilj da pomognu novinarima i medijima u odgovornom kori\u0161c\u0301enju ve\u0161ta\u010dke inteligencije, uz promociju etike, transparentnosti i pravi\u010dnosti, kao osnovnih principa za o\u010duvanje vrednosti [&hellip;]\" \/>\n<meta property=\"og:url\" content=\"http:\/\/presscouncil-ks.org\/?p=18544&amp;lang=sr\" \/>\n<meta property=\"og:site_name\" content=\"K\u00ebshilli i Mediave t\u00eb Shkruara t\u00eb Kosov\u00ebs | P\u00ebr nj\u00eb gazetari etike dhe profesionale\" \/>\n<meta property=\"article:publisher\" content=\"https:\/\/www.facebook.com\/KMSHKosove\" \/>\n<meta property=\"article:published_time\" content=\"2026-07-14T12:52:53+00:00\" \/>\n<meta property=\"article:modified_time\" content=\"2026-07-14T12:52:54+00:00\" \/>\n<meta property=\"og:image\" content=\"https:\/\/presscouncil-ks.org\/wp-content\/uploads\/2026\/07\/Foto-per-komunikaten-serbisht.jpg\" \/>\n\t<meta property=\"og:image:width\" content=\"1080\" \/>\n\t<meta property=\"og:image:height\" content=\"1461\" \/>\n\t<meta property=\"og:image:type\" content=\"image\/jpeg\" \/>\n<meta name=\"author\" content=\"Editor\" \/>\n<meta name=\"twitter:card\" content=\"summary_large_image\" \/>\n<meta name=\"twitter:label1\" content=\"Written by\" \/>\n\t<meta name=\"twitter:data1\" content=\"Editor\" \/>\n\t<meta name=\"twitter:label2\" content=\"Est. reading time\" \/>\n\t<meta name=\"twitter:data2\" content=\"1 minute\" \/>\n<script type=\"application\/ld+json\" class=\"yoast-schema-graph\">{\"@context\":\"https:\\\/\\\/schema.org\",\"@graph\":[{\"@type\":\"Article\",\"@id\":\"http:\\\/\\\/presscouncil-ks.org\\\/?p=18544&lang=sr#article\",\"isPartOf\":{\"@id\":\"http:\\\/\\\/presscouncil-ks.org\\\/?p=18544&lang=sr\"},\"author\":{\"name\":\"Editor\",\"@id\":\"http:\\\/\\\/presscouncil-ks.org\\\/#\\\/schema\\\/person\\\/b79d30c61264caeb733239c16cc4d673\"},\"headline\":\"Objavljen vodi\u010d o AI i etici u novinarstvu\",\"datePublished\":\"2026-07-14T12:52:53+00:00\",\"dateModified\":\"2026-07-14T12:52:54+00:00\",\"mainEntityOfPage\":{\"@id\":\"http:\\\/\\\/presscouncil-ks.org\\\/?p=18544&lang=sr\"},\"wordCount\":122,\"commentCount\":0,\"publisher\":{\"@id\":\"http:\\\/\\\/presscouncil-ks.org\\\/#organization\"},\"image\":{\"@id\":\"http:\\\/\\\/presscouncil-ks.org\\\/?p=18544&lang=sr#primaryimage\"},\"thumbnailUrl\":\"http:\\\/\\\/presscouncil-ks.org\\\/wp-content\\\/uploads\\\/2026\\\/07\\\/Foto-per-komunikaten-serbisht.jpg\",\"articleSection\":[\"Vesti\"],\"inLanguage\":\"en-US\",\"potentialAction\":[{\"@type\":\"CommentAction\",\"name\":\"Comment\",\"target\":[\"http:\\\/\\\/presscouncil-ks.org\\\/?p=18544&lang=sr#respond\"]}]},{\"@type\":\"WebPage\",\"@id\":\"http:\\\/\\\/presscouncil-ks.org\\\/?p=18544&lang=sr\",\"url\":\"http:\\\/\\\/presscouncil-ks.org\\\/?p=18544&lang=sr\",\"name\":\"Objavljen vodi\u010d o AI i etici u novinarstvu - K\u00ebshilli i Mediave t\u00eb Shkruara t\u00eb Kosov\u00ebs | P\u00ebr nj\u00eb gazetari etike dhe profesionale\",\"isPartOf\":{\"@id\":\"http:\\\/\\\/presscouncil-ks.org\\\/#website\"},\"primaryImageOfPage\":{\"@id\":\"http:\\\/\\\/presscouncil-ks.org\\\/?p=18544&lang=sr#primaryimage\"},\"image\":{\"@id\":\"http:\\\/\\\/presscouncil-ks.org\\\/?p=18544&lang=sr#primaryimage\"},\"thumbnailUrl\":\"http:\\\/\\\/presscouncil-ks.org\\\/wp-content\\\/uploads\\\/2026\\\/07\\\/Foto-per-komunikaten-serbisht.jpg\",\"datePublished\":\"2026-07-14T12:52:53+00:00\",\"dateModified\":\"2026-07-14T12:52:54+00:00\",\"breadcrumb\":{\"@id\":\"http:\\\/\\\/presscouncil-ks.org\\\/?p=18544&lang=sr#breadcrumb\"},\"inLanguage\":\"en-US\",\"potentialAction\":[{\"@type\":\"ReadAction\",\"target\":[\"http:\\\/\\\/presscouncil-ks.org\\\/?p=18544&lang=sr\"]}]},{\"@type\":\"ImageObject\",\"inLanguage\":\"en-US\",\"@id\":\"http:\\\/\\\/presscouncil-ks.org\\\/?p=18544&lang=sr#primaryimage\",\"url\":\"http:\\\/\\\/presscouncil-ks.org\\\/wp-content\\\/uploads\\\/2026\\\/07\\\/Foto-per-komunikaten-serbisht.jpg\",\"contentUrl\":\"http:\\\/\\\/presscouncil-ks.org\\\/wp-content\\\/uploads\\\/2026\\\/07\\\/Foto-per-komunikaten-serbisht.jpg\",\"width\":1080,\"height\":1461},{\"@type\":\"BreadcrumbList\",\"@id\":\"http:\\\/\\\/presscouncil-ks.org\\\/?p=18544&lang=sr#breadcrumb\",\"itemListElement\":[{\"@type\":\"ListItem\",\"position\":1,\"name\":\"Home\",\"item\":\"https:\\\/\\\/presscouncil-ks.org\\\/\"},{\"@type\":\"ListItem\",\"position\":2,\"name\":\"Objavljen vodi\u010d o AI i etici u novinarstvu\"}]},{\"@type\":\"WebSite\",\"@id\":\"http:\\\/\\\/presscouncil-ks.org\\\/#website\",\"url\":\"http:\\\/\\\/presscouncil-ks.org\\\/\",\"name\":\"https:\\\/\\\/presscouncil-ks.org\\\/\",\"description\":\"\",\"publisher\":{\"@id\":\"http:\\\/\\\/presscouncil-ks.org\\\/#organization\"},\"potentialAction\":[{\"@type\":\"SearchAction\",\"target\":{\"@type\":\"EntryPoint\",\"urlTemplate\":\"http:\\\/\\\/presscouncil-ks.org\\\/?s={search_term_string}\"},\"query-input\":{\"@type\":\"PropertyValueSpecification\",\"valueRequired\":true,\"valueName\":\"search_term_string\"}}],\"inLanguage\":\"en-US\"},{\"@type\":\"Organization\",\"@id\":\"http:\\\/\\\/presscouncil-ks.org\\\/#organization\",\"name\":\"K\u00ebshilli i Mediave t\u00eb Shkruara t\u00eb Kosov\u00ebs\",\"url\":\"http:\\\/\\\/presscouncil-ks.org\\\/\",\"logo\":{\"@type\":\"ImageObject\",\"inLanguage\":\"en-US\",\"@id\":\"http:\\\/\\\/presscouncil-ks.org\\\/#\\\/schema\\\/logo\\\/image\\\/\",\"url\":\"http:\\\/\\\/presscouncil-ks.org\\\/wp-content\\\/uploads\\\/2023\\\/06\\\/cropped-logo.png\",\"contentUrl\":\"http:\\\/\\\/presscouncil-ks.org\\\/wp-content\\\/uploads\\\/2023\\\/06\\\/cropped-logo.png\",\"width\":268,\"height\":166,\"caption\":\"K\u00ebshilli i Mediave t\u00eb Shkruara t\u00eb Kosov\u00ebs\"},\"image\":{\"@id\":\"http:\\\/\\\/presscouncil-ks.org\\\/#\\\/schema\\\/logo\\\/image\\\/\"},\"sameAs\":[\"https:\\\/\\\/www.facebook.com\\\/KMSHKosove\"]},{\"@type\":\"Person\",\"@id\":\"http:\\\/\\\/presscouncil-ks.org\\\/#\\\/schema\\\/person\\\/b79d30c61264caeb733239c16cc4d673\",\"name\":\"Editor\",\"image\":{\"@type\":\"ImageObject\",\"inLanguage\":\"en-US\",\"@id\":\"https:\\\/\\\/secure.gravatar.com\\\/avatar\\\/9534865f39e7b3527010ee17196a76d054b16d731a6a5bfe2f92a071c6e9bf4e?s=96&d=mm&r=g\",\"url\":\"https:\\\/\\\/secure.gravatar.com\\\/avatar\\\/9534865f39e7b3527010ee17196a76d054b16d731a6a5bfe2f92a071c6e9bf4e?s=96&d=mm&r=g\",\"contentUrl\":\"https:\\\/\\\/secure.gravatar.com\\\/avatar\\\/9534865f39e7b3527010ee17196a76d054b16d731a6a5bfe2f92a071c6e9bf4e?s=96&d=mm&r=g\",\"caption\":\"Editor\"},\"url\":\"http:\\\/\\\/presscouncil-ks.org\\\/?author=2\"}]}<\/script>\n<!-- \/ Yoast SEO plugin. -->","yoast_head_json":{"title":"Objavljen vodi\u010d o AI i etici u novinarstvu - K\u00ebshilli i Mediave t\u00eb Shkruara t\u00eb Kosov\u00ebs | P\u00ebr nj\u00eb gazetari etike dhe profesionale","robots":{"index":"index","follow":"follow","max-snippet":"max-snippet:-1","max-image-preview":"max-image-preview:large","max-video-preview":"max-video-preview:-1"},"canonical":"http:\/\/presscouncil-ks.org\/?p=18544&lang=sr","og_locale":"en_US","og_type":"article","og_title":"Objavljen vodi\u010d o AI i etici u novinarstvu - K\u00ebshilli i Mediave t\u00eb Shkruara t\u00eb Kosov\u00ebs | P\u00ebr nj\u00eb gazetari etike dhe profesionale","og_description":"Savet \u0160tampe Kosova (S\u0160K) objavio je, na albanskom i srpskom jeziku, medijski vodi\u010d \u201dVe\u0161ta\u010dka Inteligencija i etika u novinarstvu\u201c. &nbsp; Vodi\u010d je zasnovan na profesionalnim teorijama i najboljim praksama, koje imaju za cilj da pomognu novinarima i medijima u odgovornom kori\u0161c\u0301enju ve\u0161ta\u010dke inteligencije, uz promociju etike, transparentnosti i pravi\u010dnosti, kao osnovnih principa za o\u010duvanje vrednosti [&hellip;]","og_url":"http:\/\/presscouncil-ks.org\/?p=18544&lang=sr","og_site_name":"K\u00ebshilli i Mediave t\u00eb Shkruara t\u00eb Kosov\u00ebs | P\u00ebr nj\u00eb gazetari etike dhe profesionale","article_publisher":"https:\/\/www.facebook.com\/KMSHKosove","article_published_time":"2026-07-14T12:52:53+00:00","article_modified_time":"2026-07-14T12:52:54+00:00","og_image":[{"width":1080,"height":1461,"url":"https:\/\/presscouncil-ks.org\/wp-content\/uploads\/2026\/07\/Foto-per-komunikaten-serbisht.jpg","type":"image\/jpeg"}],"author":"Editor","twitter_card":"summary_large_image","twitter_misc":{"Written by":"Editor","Est. reading time":"1 minute"},"schema":{"@context":"https:\/\/schema.org","@graph":[{"@type":"Article","@id":"http:\/\/presscouncil-ks.org\/?p=18544&lang=sr#article","isPartOf":{"@id":"http:\/\/presscouncil-ks.org\/?p=18544&lang=sr"},"author":{"name":"Editor","@id":"http:\/\/presscouncil-ks.org\/#\/schema\/person\/b79d30c61264caeb733239c16cc4d673"},"headline":"Objavljen vodi\u010d o AI i etici u novinarstvu","datePublished":"2026-07-14T12:52:53+00:00","dateModified":"2026-07-14T12:52:54+00:00","mainEntityOfPage":{"@id":"http:\/\/presscouncil-ks.org\/?p=18544&lang=sr"},"wordCount":122,"commentCount":0,"publisher":{"@id":"http:\/\/presscouncil-ks.org\/#organization"},"image":{"@id":"http:\/\/presscouncil-ks.org\/?p=18544&lang=sr#primaryimage"},"thumbnailUrl":"http:\/\/presscouncil-ks.org\/wp-content\/uploads\/2026\/07\/Foto-per-komunikaten-serbisht.jpg","articleSection":["Vesti"],"inLanguage":"en-US","potentialAction":[{"@type":"CommentAction","name":"Comment","target":["http:\/\/presscouncil-ks.org\/?p=18544&lang=sr#respond"]}]},{"@type":"WebPage","@id":"http:\/\/presscouncil-ks.org\/?p=18544&lang=sr","url":"http:\/\/presscouncil-ks.org\/?p=18544&lang=sr","name":"Objavljen vodi\u010d o AI i etici u novinarstvu - K\u00ebshilli i Mediave t\u00eb Shkruara t\u00eb Kosov\u00ebs | P\u00ebr nj\u00eb gazetari etike dhe profesionale","isPartOf":{"@id":"http:\/\/presscouncil-ks.org\/#website"},"primaryImageOfPage":{"@id":"http:\/\/presscouncil-ks.org\/?p=18544&lang=sr#primaryimage"},"image":{"@id":"http:\/\/presscouncil-ks.org\/?p=18544&lang=sr#primaryimage"},"thumbnailUrl":"http:\/\/presscouncil-ks.org\/wp-content\/uploads\/2026\/07\/Foto-per-komunikaten-serbisht.jpg","datePublished":"2026-07-14T12:52:53+00:00","dateModified":"2026-07-14T12:52:54+00:00","breadcrumb":{"@id":"http:\/\/presscouncil-ks.org\/?p=18544&lang=sr#breadcrumb"},"inLanguage":"en-US","potentialAction":[{"@type":"ReadAction","target":["http:\/\/presscouncil-ks.org\/?p=18544&lang=sr"]}]},{"@type":"ImageObject","inLanguage":"en-US","@id":"http:\/\/presscouncil-ks.org\/?p=18544&lang=sr#primaryimage","url":"http:\/\/presscouncil-ks.org\/wp-content\/uploads\/2026\/07\/Foto-per-komunikaten-serbisht.jpg","contentUrl":"http:\/\/presscouncil-ks.org\/wp-content\/uploads\/2026\/07\/Foto-per-komunikaten-serbisht.jpg","width":1080,"height":1461},{"@type":"BreadcrumbList","@id":"http:\/\/presscouncil-ks.org\/?p=18544&lang=sr#breadcrumb","itemListElement":[{"@type":"ListItem","position":1,"name":"Home","item":"https:\/\/presscouncil-ks.org\/"},{"@type":"ListItem","position":2,"name":"Objavljen vodi\u010d o AI i etici u novinarstvu"}]},{"@type":"WebSite","@id":"http:\/\/presscouncil-ks.org\/#website","url":"http:\/\/presscouncil-ks.org\/","name":"https:\/\/presscouncil-ks.org\/","description":"","publisher":{"@id":"http:\/\/presscouncil-ks.org\/#organization"},"potentialAction":[{"@type":"SearchAction","target":{"@type":"EntryPoint","urlTemplate":"http:\/\/presscouncil-ks.org\/?s={search_term_string}"},"query-input":{"@type":"PropertyValueSpecification","valueRequired":true,"valueName":"search_term_string"}}],"inLanguage":"en-US"},{"@type":"Organization","@id":"http:\/\/presscouncil-ks.org\/#organization","name":"K\u00ebshilli i Mediave t\u00eb Shkruara t\u00eb Kosov\u00ebs","url":"http:\/\/presscouncil-ks.org\/","logo":{"@type":"ImageObject","inLanguage":"en-US","@id":"http:\/\/presscouncil-ks.org\/#\/schema\/logo\/image\/","url":"http:\/\/presscouncil-ks.org\/wp-content\/uploads\/2023\/06\/cropped-logo.png","contentUrl":"http:\/\/presscouncil-ks.org\/wp-content\/uploads\/2023\/06\/cropped-logo.png","width":268,"height":166,"caption":"K\u00ebshilli i Mediave t\u00eb Shkruara t\u00eb Kosov\u00ebs"},"image":{"@id":"http:\/\/presscouncil-ks.org\/#\/schema\/logo\/image\/"},"sameAs":["https:\/\/www.facebook.com\/KMSHKosove"]},{"@type":"Person","@id":"http:\/\/presscouncil-ks.org\/#\/schema\/person\/b79d30c61264caeb733239c16cc4d673","name":"Editor","image":{"@type":"ImageObject","inLanguage":"en-US","@id":"https:\/\/secure.gravatar.com\/avatar\/9534865f39e7b3527010ee17196a76d054b16d731a6a5bfe2f92a071c6e9bf4e?s=96&d=mm&r=g","url":"https:\/\/secure.gravatar.com\/avatar\/9534865f39e7b3527010ee17196a76d054b16d731a6a5bfe2f92a071c6e9bf4e?s=96&d=mm&r=g","contentUrl":"https:\/\/secure.gravatar.com\/avatar\/9534865f39e7b3527010ee17196a76d054b16d731a6a5bfe2f92a071c6e9bf4e?s=96&d=mm&r=g","caption":"Editor"},"url":"http:\/\/presscouncil-ks.org\/?author=2"}]}},"_links":{"self":[{"href":"http:\/\/presscouncil-ks.org\/index.php?rest_route=\/wp\/v2\/posts\/18544","targetHints":{"allow":["GET"]}}],"collection":[{"href":"http:\/\/presscouncil-ks.org\/index.php?rest_route=\/wp\/v2\/posts"}],"about":[{"href":"http:\/\/presscouncil-ks.org\/index.php?rest_route=\/wp\/v2\/types\/post"}],"author":[{"embeddable":true,"href":"http:\/\/presscouncil-ks.org\/index.php?rest_route=\/wp\/v2\/users\/2"}],"replies":[{"embeddable":true,"href":"http:\/\/presscouncil-ks.org\/index.php?rest_route=%2Fwp%2Fv2%2Fcomments&post=18544"}],"version-history":[{"count":1,"href":"http:\/\/presscouncil-ks.org\/index.php?rest_route=\/wp\/v2\/posts\/18544\/revisions"}],"predecessor-version":[{"id":18546,"href":"http:\/\/presscouncil-ks.org\/index.php?rest_route=\/wp\/v2\/posts\/18544\/revisions\/18546"}],"wp:featuredmedia":[{"embeddable":true,"href":"http:\/\/presscouncil-ks.org\/index.php?rest_route=\/wp\/v2\/media\/18545"}],"wp:attachment":[{"href":"http:\/\/presscouncil-ks.org\/index.php?rest_route=%2Fwp%2Fv2%2Fmedia&parent=18544"}],"wp:term":[{"taxonomy":"category","embeddable":true,"href":"http:\/\/presscouncil-ks.org\/index.php?rest_route=%2Fwp%2Fv2%2Fcategories&post=18544"},{"taxonomy":"post_tag","embeddable":true,"href":"http:\/\/presscouncil-ks.org\/index.php?rest_route=%2Fwp%2Fv2%2Ftags&post=18544"}],"curies":[{"name":"wp","href":"https:\/\/api.w.org\/{rel}","templated":true}]}}