{"id":18540,"date":"2026-07-14T12:55:19","date_gmt":"2026-07-14T12:55:19","guid":{"rendered":"https:\/\/presscouncil-ks.org\/?p=18540"},"modified":"2026-07-14T12:46:52","modified_gmt":"2026-07-14T12:46:52","slug":"eshte-publikuar-udhezuesi-per-ai-dhe-etiken-ne-gazetari","status":"publish","type":"post","link":"http:\/\/presscouncil-ks.org\/?p=18540","title":{"rendered":"\u00cbsht\u00eb publikuar udh\u00ebzuesi p\u00ebr AI dhe etik\u00ebn n\u00eb gazetari"},"content":{"rendered":"<p>K\u00ebshilli i Mediave t\u00eb Shkruara t\u00eb Kosov\u00ebs (KMShk) ka publikuar, n\u00eb gjuh\u00ebn shqipe dhe serbe, udh\u00ebzuesin p\u00ebr media \u201cInteligjenca Artificiale dhe etika n\u00eb gazetari\u201d.<\/p>\n<p>&nbsp;<\/p>\n<p>Udh\u00ebzuesi bazohet n\u00eb teorit\u00eb dhe praktikat m\u00eb t\u00eb mira profesionale, q\u00eb synojn\u00eb t\u00eb ndihmojn\u00eb gazetar\u00ebt dhe mediat n\u00eb p\u00ebrdorimin e p\u00ebrgjegjsh\u00ebm t\u00eb AI-s\u00eb, duke promovuar etik\u00ebn,<\/p>\n<p>transparenc\u00ebn dhe drejt\u00ebsin\u00eb, si parime thelb\u00ebsore p\u00ebr ruajtjen e vlerave t\u00eb gazetaris\u00eb.<\/p>\n<p>&nbsp;<\/p>\n<p>Udh\u00ebzuesi \u00ebsht\u00eb prodhuar me mb\u00ebshtetjen e UNESCO-s, n\u00eb kuad\u00ebr t\u00eb projektit \u201dNd\u00ebrtimi i besimit te mediat n\u00eb Europ\u00ebn Juglindore: Mb\u00ebshtetje p\u00ebr gazetarin\u00eb si e mir\u00eb publike\u201d, i financuar nga Bashkimi Evropian.<\/p>\n<p>&nbsp;<\/p>\n<p>Udh\u00ebzuesin mund ta gjeni n\u00eb k\u00ebt\u00eb link:<\/p>\n<p>&nbsp;<\/p>\n<p><a href=\"https:\/\/presscouncil-ks.org\/wp-content\/uploads\/2026\/06\/UDHEZUES-Inteligjenca-Artificiale-dhe-etika-ne-gazetari.pdf\">https:\/\/presscouncil-ks.org\/wp-content\/uploads\/2026\/06\/UDHEZUES-Inteligjenca-Artificiale-dhe-etika-ne-gazetari.pdf<\/a><\/p>\n<p>&nbsp;<\/p>\n<p><a href=\"https:\/\/www.facebook.com\/hashtag\/trustinmediasee?__cft__%5b0%5d=AZZwMDFbzgrfFtMcYu5JIGVvhI3rR-tNOCSEBfAjCgtDjLArsstCNpOuWOwAJb2aVRfFKPask3iyTUEIXnamlYXkRCwks_UdMx70C-1BBxbLZ0dz2cMunnPzPgCV3Sbgt2pV26G2_yRR1B0XfjFMZki3nLebJW4pvMHd5uIxnC108PrIhjf-MdyogyTgnN0I9NY&amp;__tn__=*NK-R\"><strong>#TrustInMediaSEE<\/strong><\/a><\/p>\n<p>&nbsp;<\/p>\n","protected":false},"excerpt":{"rendered":"<p>K\u00ebshilli i Mediave t\u00eb Shkruara t\u00eb Kosov\u00ebs (KMShk) ka publikuar, n\u00eb gjuh\u00ebn shqipe dhe serbe, udh\u00ebzuesin p\u00ebr media \u201cInteligjenca Artificiale dhe etika n\u00eb gazetari\u201d. &nbsp; Udh\u00ebzuesi bazohet n\u00eb teorit\u00eb dhe praktikat m\u00eb t\u00eb mira profesionale, q\u00eb synojn\u00eb t\u00eb ndihmojn\u00eb gazetar\u00ebt dhe mediat n\u00eb p\u00ebrdorimin e p\u00ebrgjegjsh\u00ebm t\u00eb AI-s\u00eb, duke promovuar etik\u00ebn, transparenc\u00ebn dhe drejt\u00ebsin\u00eb, si [&hellip;]<\/p>\n","protected":false},"author":2,"featured_media":18541,"comment_status":"open","ping_status":"open","sticky":false,"template":"","format":"standard","meta":{"footnotes":""},"categories":[92],"tags":[],"class_list":["post-18540","post","type-post","status-publish","format-standard","has-post-thumbnail","hentry","category-news-sq"],"acf":{"video_title":"","video":false},"yoast_head":"<!-- This site is optimized with the Yoast SEO plugin v28.3 - https:\/\/yoast.com\/product\/yoast-seo-wordpress\/ -->\n<title>\u00cbsht\u00eb publikuar udh\u00ebzuesi p\u00ebr AI dhe etik\u00ebn n\u00eb gazetari - K\u00ebshilli i Mediave t\u00eb Shkruara t\u00eb Kosov\u00ebs | P\u00ebr nj\u00eb gazetari etike dhe profesionale<\/title>\n<meta name=\"robots\" content=\"index, follow, max-snippet:-1, max-image-preview:large, max-video-preview:-1\" \/>\n<link rel=\"canonical\" href=\"http:\/\/presscouncil-ks.org\/?p=18540\" \/>\n<meta property=\"og:locale\" content=\"en_US\" \/>\n<meta property=\"og:type\" content=\"article\" \/>\n<meta property=\"og:title\" content=\"\u00cbsht\u00eb publikuar udh\u00ebzuesi p\u00ebr AI dhe etik\u00ebn n\u00eb gazetari - K\u00ebshilli i Mediave t\u00eb Shkruara t\u00eb Kosov\u00ebs | P\u00ebr nj\u00eb gazetari etike dhe profesionale\" \/>\n<meta property=\"og:description\" content=\"K\u00ebshilli i Mediave t\u00eb Shkruara t\u00eb Kosov\u00ebs (KMShk) ka publikuar, n\u00eb gjuh\u00ebn shqipe dhe serbe, udh\u00ebzuesin p\u00ebr media \u201cInteligjenca Artificiale dhe etika n\u00eb gazetari\u201d. &nbsp; Udh\u00ebzuesi bazohet n\u00eb teorit\u00eb dhe praktikat m\u00eb t\u00eb mira profesionale, q\u00eb synojn\u00eb t\u00eb ndihmojn\u00eb gazetar\u00ebt dhe mediat n\u00eb p\u00ebrdorimin e p\u00ebrgjegjsh\u00ebm t\u00eb AI-s\u00eb, duke promovuar etik\u00ebn, transparenc\u00ebn dhe drejt\u00ebsin\u00eb, si [&hellip;]\" \/>\n<meta property=\"og:url\" content=\"http:\/\/presscouncil-ks.org\/?p=18540\" \/>\n<meta property=\"og:site_name\" content=\"K\u00ebshilli i Mediave t\u00eb Shkruara t\u00eb Kosov\u00ebs | P\u00ebr nj\u00eb gazetari etike dhe profesionale\" \/>\n<meta property=\"article:publisher\" content=\"https:\/\/www.facebook.com\/KMSHKosove\" \/>\n<meta property=\"article:published_time\" content=\"2026-07-14T12:55:19+00:00\" \/>\n<meta property=\"og:image\" content=\"https:\/\/presscouncil-ks.org\/wp-content\/uploads\/2026\/07\/Foto-per-komunikaten-shqip.jpg\" \/>\n\t<meta property=\"og:image:width\" content=\"1080\" \/>\n\t<meta property=\"og:image:height\" content=\"1423\" \/>\n\t<meta property=\"og:image:type\" content=\"image\/jpeg\" \/>\n<meta name=\"author\" content=\"Editor\" \/>\n<meta name=\"twitter:card\" content=\"summary_large_image\" \/>\n<meta name=\"twitter:label1\" content=\"Written by\" \/>\n\t<meta name=\"twitter:data1\" content=\"Editor\" \/>\n\t<meta name=\"twitter:label2\" content=\"Est. reading time\" \/>\n\t<meta name=\"twitter:data2\" content=\"1 minute\" \/>\n<script type=\"application\/ld+json\" class=\"yoast-schema-graph\">{\"@context\":\"https:\\\/\\\/schema.org\",\"@graph\":[{\"@type\":\"Article\",\"@id\":\"http:\\\/\\\/presscouncil-ks.org\\\/?p=18540#article\",\"isPartOf\":{\"@id\":\"http:\\\/\\\/presscouncil-ks.org\\\/?p=18540\"},\"author\":{\"name\":\"Editor\",\"@id\":\"http:\\\/\\\/presscouncil-ks.org\\\/#\\\/schema\\\/person\\\/b79d30c61264caeb733239c16cc4d673\"},\"headline\":\"\u00cbsht\u00eb publikuar udh\u00ebzuesi p\u00ebr AI dhe etik\u00ebn n\u00eb gazetari\",\"datePublished\":\"2026-07-14T12:55:19+00:00\",\"mainEntityOfPage\":{\"@id\":\"http:\\\/\\\/presscouncil-ks.org\\\/?p=18540\"},\"wordCount\":150,\"commentCount\":0,\"publisher\":{\"@id\":\"http:\\\/\\\/presscouncil-ks.org\\\/#organization\"},\"image\":{\"@id\":\"http:\\\/\\\/presscouncil-ks.org\\\/?p=18540#primaryimage\"},\"thumbnailUrl\":\"http:\\\/\\\/presscouncil-ks.org\\\/wp-content\\\/uploads\\\/2026\\\/07\\\/Foto-per-komunikaten-shqip.jpg\",\"articleSection\":[\"Lajm\"],\"inLanguage\":\"en-US\",\"potentialAction\":[{\"@type\":\"CommentAction\",\"name\":\"Comment\",\"target\":[\"http:\\\/\\\/presscouncil-ks.org\\\/?p=18540#respond\"]}]},{\"@type\":\"WebPage\",\"@id\":\"http:\\\/\\\/presscouncil-ks.org\\\/?p=18540\",\"url\":\"http:\\\/\\\/presscouncil-ks.org\\\/?p=18540\",\"name\":\"\u00cbsht\u00eb publikuar udh\u00ebzuesi p\u00ebr AI dhe etik\u00ebn n\u00eb gazetari - K\u00ebshilli i Mediave t\u00eb Shkruara t\u00eb Kosov\u00ebs | P\u00ebr nj\u00eb gazetari etike dhe profesionale\",\"isPartOf\":{\"@id\":\"http:\\\/\\\/presscouncil-ks.org\\\/#website\"},\"primaryImageOfPage\":{\"@id\":\"http:\\\/\\\/presscouncil-ks.org\\\/?p=18540#primaryimage\"},\"image\":{\"@id\":\"http:\\\/\\\/presscouncil-ks.org\\\/?p=18540#primaryimage\"},\"thumbnailUrl\":\"http:\\\/\\\/presscouncil-ks.org\\\/wp-content\\\/uploads\\\/2026\\\/07\\\/Foto-per-komunikaten-shqip.jpg\",\"datePublished\":\"2026-07-14T12:55:19+00:00\",\"breadcrumb\":{\"@id\":\"http:\\\/\\\/presscouncil-ks.org\\\/?p=18540#breadcrumb\"},\"inLanguage\":\"en-US\",\"potentialAction\":[{\"@type\":\"ReadAction\",\"target\":[\"http:\\\/\\\/presscouncil-ks.org\\\/?p=18540\"]}]},{\"@type\":\"ImageObject\",\"inLanguage\":\"en-US\",\"@id\":\"http:\\\/\\\/presscouncil-ks.org\\\/?p=18540#primaryimage\",\"url\":\"http:\\\/\\\/presscouncil-ks.org\\\/wp-content\\\/uploads\\\/2026\\\/07\\\/Foto-per-komunikaten-shqip.jpg\",\"contentUrl\":\"http:\\\/\\\/presscouncil-ks.org\\\/wp-content\\\/uploads\\\/2026\\\/07\\\/Foto-per-komunikaten-shqip.jpg\",\"width\":1080,\"height\":1423},{\"@type\":\"BreadcrumbList\",\"@id\":\"http:\\\/\\\/presscouncil-ks.org\\\/?p=18540#breadcrumb\",\"itemListElement\":[{\"@type\":\"ListItem\",\"position\":1,\"name\":\"Home\",\"item\":\"https:\\\/\\\/presscouncil-ks.org\\\/\"},{\"@type\":\"ListItem\",\"position\":2,\"name\":\"\u00cbsht\u00eb publikuar udh\u00ebzuesi p\u00ebr AI dhe etik\u00ebn n\u00eb gazetari\"}]},{\"@type\":\"WebSite\",\"@id\":\"http:\\\/\\\/presscouncil-ks.org\\\/#website\",\"url\":\"http:\\\/\\\/presscouncil-ks.org\\\/\",\"name\":\"https:\\\/\\\/presscouncil-ks.org\\\/\",\"description\":\"\",\"publisher\":{\"@id\":\"http:\\\/\\\/presscouncil-ks.org\\\/#organization\"},\"potentialAction\":[{\"@type\":\"SearchAction\",\"target\":{\"@type\":\"EntryPoint\",\"urlTemplate\":\"http:\\\/\\\/presscouncil-ks.org\\\/?s={search_term_string}\"},\"query-input\":{\"@type\":\"PropertyValueSpecification\",\"valueRequired\":true,\"valueName\":\"search_term_string\"}}],\"inLanguage\":\"en-US\"},{\"@type\":\"Organization\",\"@id\":\"http:\\\/\\\/presscouncil-ks.org\\\/#organization\",\"name\":\"K\u00ebshilli i Mediave t\u00eb Shkruara t\u00eb Kosov\u00ebs\",\"url\":\"http:\\\/\\\/presscouncil-ks.org\\\/\",\"logo\":{\"@type\":\"ImageObject\",\"inLanguage\":\"en-US\",\"@id\":\"http:\\\/\\\/presscouncil-ks.org\\\/#\\\/schema\\\/logo\\\/image\\\/\",\"url\":\"http:\\\/\\\/presscouncil-ks.org\\\/wp-content\\\/uploads\\\/2023\\\/06\\\/cropped-logo.png\",\"contentUrl\":\"http:\\\/\\\/presscouncil-ks.org\\\/wp-content\\\/uploads\\\/2023\\\/06\\\/cropped-logo.png\",\"width\":268,\"height\":166,\"caption\":\"K\u00ebshilli i Mediave t\u00eb Shkruara t\u00eb Kosov\u00ebs\"},\"image\":{\"@id\":\"http:\\\/\\\/presscouncil-ks.org\\\/#\\\/schema\\\/logo\\\/image\\\/\"},\"sameAs\":[\"https:\\\/\\\/www.facebook.com\\\/KMSHKosove\"]},{\"@type\":\"Person\",\"@id\":\"http:\\\/\\\/presscouncil-ks.org\\\/#\\\/schema\\\/person\\\/b79d30c61264caeb733239c16cc4d673\",\"name\":\"Editor\",\"image\":{\"@type\":\"ImageObject\",\"inLanguage\":\"en-US\",\"@id\":\"https:\\\/\\\/secure.gravatar.com\\\/avatar\\\/9534865f39e7b3527010ee17196a76d054b16d731a6a5bfe2f92a071c6e9bf4e?s=96&d=mm&r=g\",\"url\":\"https:\\\/\\\/secure.gravatar.com\\\/avatar\\\/9534865f39e7b3527010ee17196a76d054b16d731a6a5bfe2f92a071c6e9bf4e?s=96&d=mm&r=g\",\"contentUrl\":\"https:\\\/\\\/secure.gravatar.com\\\/avatar\\\/9534865f39e7b3527010ee17196a76d054b16d731a6a5bfe2f92a071c6e9bf4e?s=96&d=mm&r=g\",\"caption\":\"Editor\"},\"url\":\"http:\\\/\\\/presscouncil-ks.org\\\/?author=2\"}]}<\/script>\n<!-- \/ Yoast SEO plugin. -->","yoast_head_json":{"title":"\u00cbsht\u00eb publikuar udh\u00ebzuesi p\u00ebr AI dhe etik\u00ebn n\u00eb gazetari - K\u00ebshilli i Mediave t\u00eb Shkruara t\u00eb Kosov\u00ebs | P\u00ebr nj\u00eb gazetari etike dhe profesionale","robots":{"index":"index","follow":"follow","max-snippet":"max-snippet:-1","max-image-preview":"max-image-preview:large","max-video-preview":"max-video-preview:-1"},"canonical":"http:\/\/presscouncil-ks.org\/?p=18540","og_locale":"en_US","og_type":"article","og_title":"\u00cbsht\u00eb publikuar udh\u00ebzuesi p\u00ebr AI dhe etik\u00ebn n\u00eb gazetari - K\u00ebshilli i Mediave t\u00eb Shkruara t\u00eb Kosov\u00ebs | P\u00ebr nj\u00eb gazetari etike dhe profesionale","og_description":"K\u00ebshilli i Mediave t\u00eb Shkruara t\u00eb Kosov\u00ebs (KMShk) ka publikuar, n\u00eb gjuh\u00ebn shqipe dhe serbe, udh\u00ebzuesin p\u00ebr media \u201cInteligjenca Artificiale dhe etika n\u00eb gazetari\u201d. &nbsp; Udh\u00ebzuesi bazohet n\u00eb teorit\u00eb dhe praktikat m\u00eb t\u00eb mira profesionale, q\u00eb synojn\u00eb t\u00eb ndihmojn\u00eb gazetar\u00ebt dhe mediat n\u00eb p\u00ebrdorimin e p\u00ebrgjegjsh\u00ebm t\u00eb AI-s\u00eb, duke promovuar etik\u00ebn, transparenc\u00ebn dhe drejt\u00ebsin\u00eb, si [&hellip;]","og_url":"http:\/\/presscouncil-ks.org\/?p=18540","og_site_name":"K\u00ebshilli i Mediave t\u00eb Shkruara t\u00eb Kosov\u00ebs | P\u00ebr nj\u00eb gazetari etike dhe profesionale","article_publisher":"https:\/\/www.facebook.com\/KMSHKosove","article_published_time":"2026-07-14T12:55:19+00:00","og_image":[{"width":1080,"height":1423,"url":"https:\/\/presscouncil-ks.org\/wp-content\/uploads\/2026\/07\/Foto-per-komunikaten-shqip.jpg","type":"image\/jpeg"}],"author":"Editor","twitter_card":"summary_large_image","twitter_misc":{"Written by":"Editor","Est. reading time":"1 minute"},"schema":{"@context":"https:\/\/schema.org","@graph":[{"@type":"Article","@id":"http:\/\/presscouncil-ks.org\/?p=18540#article","isPartOf":{"@id":"http:\/\/presscouncil-ks.org\/?p=18540"},"author":{"name":"Editor","@id":"http:\/\/presscouncil-ks.org\/#\/schema\/person\/b79d30c61264caeb733239c16cc4d673"},"headline":"\u00cbsht\u00eb publikuar udh\u00ebzuesi p\u00ebr AI dhe etik\u00ebn n\u00eb gazetari","datePublished":"2026-07-14T12:55:19+00:00","mainEntityOfPage":{"@id":"http:\/\/presscouncil-ks.org\/?p=18540"},"wordCount":150,"commentCount":0,"publisher":{"@id":"http:\/\/presscouncil-ks.org\/#organization"},"image":{"@id":"http:\/\/presscouncil-ks.org\/?p=18540#primaryimage"},"thumbnailUrl":"http:\/\/presscouncil-ks.org\/wp-content\/uploads\/2026\/07\/Foto-per-komunikaten-shqip.jpg","articleSection":["Lajm"],"inLanguage":"en-US","potentialAction":[{"@type":"CommentAction","name":"Comment","target":["http:\/\/presscouncil-ks.org\/?p=18540#respond"]}]},{"@type":"WebPage","@id":"http:\/\/presscouncil-ks.org\/?p=18540","url":"http:\/\/presscouncil-ks.org\/?p=18540","name":"\u00cbsht\u00eb publikuar udh\u00ebzuesi p\u00ebr AI dhe etik\u00ebn n\u00eb gazetari - K\u00ebshilli i Mediave t\u00eb Shkruara t\u00eb Kosov\u00ebs | P\u00ebr nj\u00eb gazetari etike dhe profesionale","isPartOf":{"@id":"http:\/\/presscouncil-ks.org\/#website"},"primaryImageOfPage":{"@id":"http:\/\/presscouncil-ks.org\/?p=18540#primaryimage"},"image":{"@id":"http:\/\/presscouncil-ks.org\/?p=18540#primaryimage"},"thumbnailUrl":"http:\/\/presscouncil-ks.org\/wp-content\/uploads\/2026\/07\/Foto-per-komunikaten-shqip.jpg","datePublished":"2026-07-14T12:55:19+00:00","breadcrumb":{"@id":"http:\/\/presscouncil-ks.org\/?p=18540#breadcrumb"},"inLanguage":"en-US","potentialAction":[{"@type":"ReadAction","target":["http:\/\/presscouncil-ks.org\/?p=18540"]}]},{"@type":"ImageObject","inLanguage":"en-US","@id":"http:\/\/presscouncil-ks.org\/?p=18540#primaryimage","url":"http:\/\/presscouncil-ks.org\/wp-content\/uploads\/2026\/07\/Foto-per-komunikaten-shqip.jpg","contentUrl":"http:\/\/presscouncil-ks.org\/wp-content\/uploads\/2026\/07\/Foto-per-komunikaten-shqip.jpg","width":1080,"height":1423},{"@type":"BreadcrumbList","@id":"http:\/\/presscouncil-ks.org\/?p=18540#breadcrumb","itemListElement":[{"@type":"ListItem","position":1,"name":"Home","item":"https:\/\/presscouncil-ks.org\/"},{"@type":"ListItem","position":2,"name":"\u00cbsht\u00eb publikuar udh\u00ebzuesi p\u00ebr AI dhe etik\u00ebn n\u00eb gazetari"}]},{"@type":"WebSite","@id":"http:\/\/presscouncil-ks.org\/#website","url":"http:\/\/presscouncil-ks.org\/","name":"https:\/\/presscouncil-ks.org\/","description":"","publisher":{"@id":"http:\/\/presscouncil-ks.org\/#organization"},"potentialAction":[{"@type":"SearchAction","target":{"@type":"EntryPoint","urlTemplate":"http:\/\/presscouncil-ks.org\/?s={search_term_string}"},"query-input":{"@type":"PropertyValueSpecification","valueRequired":true,"valueName":"search_term_string"}}],"inLanguage":"en-US"},{"@type":"Organization","@id":"http:\/\/presscouncil-ks.org\/#organization","name":"K\u00ebshilli i Mediave t\u00eb Shkruara t\u00eb Kosov\u00ebs","url":"http:\/\/presscouncil-ks.org\/","logo":{"@type":"ImageObject","inLanguage":"en-US","@id":"http:\/\/presscouncil-ks.org\/#\/schema\/logo\/image\/","url":"http:\/\/presscouncil-ks.org\/wp-content\/uploads\/2023\/06\/cropped-logo.png","contentUrl":"http:\/\/presscouncil-ks.org\/wp-content\/uploads\/2023\/06\/cropped-logo.png","width":268,"height":166,"caption":"K\u00ebshilli i Mediave t\u00eb Shkruara t\u00eb Kosov\u00ebs"},"image":{"@id":"http:\/\/presscouncil-ks.org\/#\/schema\/logo\/image\/"},"sameAs":["https:\/\/www.facebook.com\/KMSHKosove"]},{"@type":"Person","@id":"http:\/\/presscouncil-ks.org\/#\/schema\/person\/b79d30c61264caeb733239c16cc4d673","name":"Editor","image":{"@type":"ImageObject","inLanguage":"en-US","@id":"https:\/\/secure.gravatar.com\/avatar\/9534865f39e7b3527010ee17196a76d054b16d731a6a5bfe2f92a071c6e9bf4e?s=96&d=mm&r=g","url":"https:\/\/secure.gravatar.com\/avatar\/9534865f39e7b3527010ee17196a76d054b16d731a6a5bfe2f92a071c6e9bf4e?s=96&d=mm&r=g","contentUrl":"https:\/\/secure.gravatar.com\/avatar\/9534865f39e7b3527010ee17196a76d054b16d731a6a5bfe2f92a071c6e9bf4e?s=96&d=mm&r=g","caption":"Editor"},"url":"http:\/\/presscouncil-ks.org\/?author=2"}]}},"_links":{"self":[{"href":"http:\/\/presscouncil-ks.org\/index.php?rest_route=\/wp\/v2\/posts\/18540","targetHints":{"allow":["GET"]}}],"collection":[{"href":"http:\/\/presscouncil-ks.org\/index.php?rest_route=\/wp\/v2\/posts"}],"about":[{"href":"http:\/\/presscouncil-ks.org\/index.php?rest_route=\/wp\/v2\/types\/post"}],"author":[{"embeddable":true,"href":"http:\/\/presscouncil-ks.org\/index.php?rest_route=\/wp\/v2\/users\/2"}],"replies":[{"embeddable":true,"href":"http:\/\/presscouncil-ks.org\/index.php?rest_route=%2Fwp%2Fv2%2Fcomments&post=18540"}],"version-history":[{"count":1,"href":"http:\/\/presscouncil-ks.org\/index.php?rest_route=\/wp\/v2\/posts\/18540\/revisions"}],"predecessor-version":[{"id":18542,"href":"http:\/\/presscouncil-ks.org\/index.php?rest_route=\/wp\/v2\/posts\/18540\/revisions\/18542"}],"wp:featuredmedia":[{"embeddable":true,"href":"http:\/\/presscouncil-ks.org\/index.php?rest_route=\/wp\/v2\/media\/18541"}],"wp:attachment":[{"href":"http:\/\/presscouncil-ks.org\/index.php?rest_route=%2Fwp%2Fv2%2Fmedia&parent=18540"}],"wp:term":[{"taxonomy":"category","embeddable":true,"href":"http:\/\/presscouncil-ks.org\/index.php?rest_route=%2Fwp%2Fv2%2Fcategories&post=18540"},{"taxonomy":"post_tag","embeddable":true,"href":"http:\/\/presscouncil-ks.org\/index.php?rest_route=%2Fwp%2Fv2%2Ftags&post=18540"}],"curies":[{"name":"wp","href":"https:\/\/api.w.org\/{rel}","templated":true}]}}