{"id":18487,"date":"2026-07-01T13:30:17","date_gmt":"2026-07-01T13:30:17","guid":{"rendered":"https:\/\/presscouncil-ks.org\/?p=18487"},"modified":"2026-07-01T13:30:17","modified_gmt":"2026-07-01T13:30:17","slug":"kuvendi-i-kmshk-se-mori-vendime-per-13-ankesa","status":"publish","type":"post","link":"http:\/\/presscouncil-ks.org\/?p=18487","title":{"rendered":"Kuvendi i KMShK-s\u00eb mori vendime p\u00ebr 13 ankesa"},"content":{"rendered":"<p>K\u00ebshilli i Mediave t\u00eb Shkruara t\u00eb Kosov\u00ebs (KMShK) n\u00eb mbledhjen e rregullt ka shqyrtuar gjithsej 13 ankesa. An\u00ebtar\u00ebt e Kuvendit t\u00eb KMShK-s\u00eb kan\u00eb vendosur q\u00eb t\u00eb miratohen pjes\u00ebrisht pes\u00eb nga to, kat\u00ebr t\u00eb refuzohen, tri ankesa t\u00eb shpallen t\u00eb patrajtueshme dhe nj\u00eb e paafatshme.<\/p>\n<p>&nbsp;<\/p>\n<p>Ankesat kishin t\u00eb b\u00ebnin me pretendimet p\u00ebr shkeljen e kapitujve t\u00eb caktuar t\u00eb Kodit t\u00eb Mediave t\u00eb Shkruara t\u00eb Kosov\u00ebs, p\u00ebrkat\u00ebsisht Kapitullit II &#8211; Raportimi i s\u00eb v\u00ebrtet\u00ebs, Kapitullit IV &#8211; E drejta p\u00ebr t\u2019u p\u00ebrgjigjur, Kapitullit V &#8211; Personat e p\u00ebrfshir\u00eb n\u00eb incidente, aksidente, t\u00eb arrestuar apo t\u00eb akuzuar p\u00ebr vepra penale dhe Kapitullit VII &#8211; Privat\u00ebsia dhe mbrojtja e burimeve. <a name=\"_Toc180937198\"><\/a><a name=\"_Toc180937196\"><\/a><a name=\"_Toc180937213\"><\/a><\/p>\n<p>&nbsp;<\/p>\n<p>KMShK ka miratuar pjes\u00ebrisht ankes\u00ebn e Vudi Xhymshitit kund\u00ebr Gazetametro.net p\u00ebr shkrimin me titull \u201cVudi Xhymshiti merr dokumente t\u00eb falsifikuar p\u00ebr t\u00eb sulmuar Ambasadorin Grenell\u201d,<\/p>\n<p>duke konstatuar se jan\u00eb shkelur pjes\u00ebrisht kapitujt II dhe IV t\u00eb Kodit t\u00eb Mediave t\u00eb Shkruara t\u00eb Kosov\u00ebs, t\u00eb cil\u00ebt kan\u00eb t\u00eb b\u00ebjn\u00eb me raportimin e s\u00eb v\u00ebrtet\u00ebs, p\u00ebrkat\u00ebsisht t\u00eb drejt\u00ebn p\u00ebr t\u2019u p\u00ebrgjigjur.<\/p>\n<p>&nbsp;<\/p>\n<p>KMShK ka miratuar pjes\u00ebrisht ankes\u00ebn e Limit\u00a0Project Sh.P.K. dhe Lulzim Zaraj, p\u00ebrfaq\u00ebsuar nga Lek\u00eb Morina kund\u00ebr Voxkosova.com p\u00ebr shkrimin me titull \u201cDosja referenc\u00eb: Ministria e Fitore Pacollit i jep tender 1 milion euro kompanis\u00eb q\u00eb kishte mashtruar Ministrin\u00eb e Bujq\u00ebsis\u00eb\u201d, duke konstatuar se \u00ebsht\u00eb shkelur Kapitulli V i Kodit t\u00eb Mediave t\u00eb Shkruara t\u00eb Kosov\u00ebs, i cili ka t\u00eb b\u00ebj\u00eb me prezumimin e pafaj\u00ebsis\u00eb, por jo edhe kapitujt II dhe IV, t\u00eb cil\u00ebt kan\u00eb t\u00eb b\u00ebjn\u00eb me raportimin e s\u00eb v\u00ebrtet\u00ebs, p\u00ebrkat\u00ebsisht t\u00eb drejt\u00ebn p\u00ebr t\u2019u p\u00ebrgjigjur, ashtu si\u00e7 pretendon pala ankuese.<\/p>\n<p>&nbsp;<\/p>\n<p>KMShK ka miratuar pjes\u00ebrisht ankes\u00ebn e Arb\u00ebrie Nagavcit kund\u00ebr Insajderi.org, Voxkosova.com, Gazetametro.net, Sinjali.com dhe Gazetaexpress.com p\u00ebr shkrimin me titull \u201c\u2019Sht\u00ebpit\u00eb n\u00eb zon\u00ebn ku kushtojn\u00eb mbi 250 mij\u00eb euro, u ble p\u00ebr 150 mij\u00eb, fingo t\u00eb re\u2019 &#8211; Ish-k\u00ebshilltari ngre dyshime p\u00ebr pazare nga Arb\u00ebrie Nagavci n\u00eb fund t\u00eb mandatit\u2019\u201d, p\u00ebrkat\u00ebsisht shkrime t\u00eb tjera me tituj dhe p\u00ebrmbajtje t\u00eb ngjashme, duke konstatuar se \u00ebsht\u00eb shkelur Kapitulli IV i Kodit t\u00eb Mediave t\u00eb Shkruara t\u00eb Kosov\u00ebs, i cili ka t\u00eb b\u00ebj\u00eb me t\u00eb drejt\u00ebn p\u00ebr t\u2019u p\u00ebrgjigjur, por jo edhe Kapitulli II, i cili ka t\u00eb b\u00ebj\u00eb me raportimin e s\u00eb v\u00ebrtet\u00ebs, ashtu si\u00e7 pretendon pala ankuese.<\/p>\n<p>&nbsp;<\/p>\n<p>KMShK ka miratuar pjes\u00ebrisht ankes\u00ebn e Besnik Berish\u00ebs kund\u00ebr Nacionale.com p\u00ebr shkrimin me titull \u201cGoditja skandaloze e pushtetit p\u00ebr disiplinimin e mediave, KPM-ja e kapur prej VV-s\u00eb d\u00ebnon me mij\u00ebra euro T7 dhe Klan Kosov\u00ebn\u201d, duke konstatuar se \u00ebsht\u00eb shkelur Kapitulli IV i Kodit t\u00eb Mediave t\u00eb Shkruara t\u00eb Kosov\u00ebs, i cili ka t\u00eb b\u00ebj\u00eb me t\u00eb drejt\u00ebn p\u00ebr t\u2019u p\u00ebrgjigjur, por jo edhe Kapitulli II, i cili ka t\u00eb b\u00ebj\u00eb me raportimin e s\u00eb v\u00ebrtet\u00ebs, ashtu si\u00e7 pretendon pala ankuese.<\/p>\n<p>&nbsp;<\/p>\n<p>KMShK ka miratuar pjes\u00ebrisht ankes\u00ebn e Ilirjana\u00a0\u00c7ollakut-Taf\u00ebs kund\u00ebr Insajderi.org p\u00ebr shkrimin me titull \u201cPas raportimeve t\u00eb Insajderit p\u00ebr mbyllje t\u00eb dyshimta t\u00eb rasteve, jep dor\u00ebheqjen prokurorja Ilirjana \u00c7ollaku-Tafa\u201d, duke konstatuar se \u00ebsht\u00eb shkelur Kapitulli IV i Kodit t\u00eb Mediave t\u00eb Shkruara t\u00eb Kosov\u00ebs, i cili ka t\u00eb b\u00ebj\u00eb me t\u00eb drejt\u00ebn p\u00ebr t\u2019u p\u00ebrgjigjur, por jo edhe Kapitulli II, i cili ka t\u00eb b\u00ebj\u00eb me raportimin e s\u00eb v\u00ebrtet\u00ebs, ashtu si\u00e7 pretendon pala ankuese.<\/p>\n<p>&nbsp;<\/p>\n<p>KMShK ka refuzuar (hedhur posht\u00eb) ankes\u00ebn e Ruzhdi Saramatit kund\u00ebr Kojshia Show p\u00ebr pjes\u00ebn e emisionit me titull \u201cTrondit Dritan Goxhaj: Ky komandant i U\u00c7K-s\u00eb e mbyti ushtarin e tij para nesh. Ja kush \u00ebsht\u00eb ai\u201d, duke konstatuar se nuk \u00ebsht\u00eb shkelur Kapitulli II i Kodit t\u00eb Mediave t\u00eb Shkruara t\u00eb Kosov\u00ebs, i cili ka t\u00eb b\u00ebj\u00eb me raportimin e s\u00eb v\u00ebrtet\u00ebs, ashtu si\u00e7 pretendon pala ankuese.<\/p>\n<p>&nbsp;<\/p>\n<p>KMShK ka refuzuar (hedhur posht\u00eb) ankes\u00ebn e Rilind G\u00ebrvall\u00ebs kund\u00ebr Veriu,info, Kosova.info, Voxkosova.com, Indeksonline.net dhe Nacionale.com p\u00ebr shkrimet me tituj \u201cV\u00ebllai i Jeta Statovcit largohet nga pozita e shefit t\u00eb kameraman\u00ebve n\u00eb RTK! A \u00ebsht\u00eb hakmarrje politike?\u201d, \u201dNis hakmarrja ndaj Jeta Statovcit? V\u00ebllai i saj largohet nga pozita e shefit t\u00eb kameraman\u00ebve n\u00eb RTK\u201d, \u201c\u2019Kjo q\u00eb ka ndodhur sot \u00ebsht\u00eb m\u00eb e r\u00ebnd\u00eb se hakmarrje politike\u2019, Jeta Statovci reagon pasi RTK ia largoi v\u00ebllaun nga pozita\u2019\u201d dhe \u201cHakmarrje?\u00a0V\u00ebllai i Jeta Statovcit shkarkohet nga pozita e shefit t\u00eb kameraman\u00ebve n\u00eb RTK\u201d, duke konstatuar se nuk jan\u00eb shkelur kapitujt II dhe IV t\u00eb Kodit t\u00eb Mediave t\u00eb Shkruara t\u00eb Kosov\u00ebs, t\u00eb cil\u00ebt kan\u00eb t\u00eb b\u00ebjn\u00eb me raportimin e s\u00eb v\u00ebrtet\u00ebs, p\u00ebrkat\u00ebsisht t\u00eb drejt\u00ebn p\u00ebr t\u2019u p\u00ebrgjigjur, ashtu si\u00e7 pretendon pala ankuese.<\/p>\n<p>&nbsp;<\/p>\n<p>KMShK ka refuzuar (hedhur posht\u00eb) ankes\u00ebn e Imer Abazit, p\u00ebrfaq\u00ebsuar nga avokati Ekrem Agushi, kund\u00ebr Klankosova.tv p\u00ebr shkrimin me titull \u201cE tmerrshme | \u2018Vdekje, plumbi\u2019, Vjosa Osmani k\u00ebrc\u00ebnohet me jet\u00eb nga dy mb\u00ebshtet\u00ebs t\u00eb VV-s\u00eb\u201d dhe publikimin e fotografis\u00eb s\u00eb pal\u00ebs ankuese, duke konstatuar se nuk jan\u00eb shkelur kapitujt II dhe VII t\u00eb Kodit t\u00eb Mediave t\u00eb Shkruara t\u00eb Kosov\u00ebs, t\u00eb cil\u00ebt kan\u00eb t\u00eb b\u00ebjn\u00eb me raportimin e s\u00eb v\u00ebrtet\u00ebs, p\u00ebrkat\u00ebsisht privat\u00ebsin\u00eb, ashtu si\u00e7 pretendon pala ankuese.<\/p>\n<p>&nbsp;<\/p>\n<p>KMShK ka refuzuar (hedhur posht\u00eb) ankes\u00ebn e Dylberizm, CEL Kosova dhe Institutit Sekhmet kund\u00ebr Shenjester.net p\u00ebr publikimin e nj\u00eb videoje q\u00eb trajton \u00e7\u00ebshtjen e shpenzimit t\u00eb fondeve publike nga organizata t\u00eb shoq\u00ebris\u00eb civile, duke konstatuar se nuk \u00ebsht\u00eb shkelur Kapitulli II i Kodit t\u00eb Mediave t\u00eb Shkruara t\u00eb Kosov\u00ebs, i cili ka t\u00eb b\u00ebj\u00eb me raportimin e s\u00eb v\u00ebrtet\u00ebs, ashtu si\u00e7 pretendon pala ankuese.<\/p>\n<p>&nbsp;<\/p>\n<p>KMShK e ka shpallur t\u00eb patrajtueshme ankes\u00ebn e Arb\u00ebr Eminit kund\u00ebr Anamorava Press, pasi q\u00eb nuk ka kompetenc\u00eb t\u00eb trajtoj\u00eb p\u00ebrmbajtjet e prodhuara nga faqet ose profilet n\u00eb rrjete sociale.<\/p>\n<h2><\/h2>\n<p>KMShK e ka shpallur t\u00eb patrajtueshme ankes\u00ebn e Ago Gjolajt, p\u00ebrfaq\u00ebsuar nga shoq\u00ebria e avokat\u00ebve ILC Law, kund\u00ebr Kosova Express, pasi q\u00eb nuk ka kompetenc\u00eb t\u00eb trajtoj\u00eb p\u00ebrmbajtjet e prodhuara nga faqet ose profilet n\u00eb rrjete sociale.<\/p>\n<p>&nbsp;<\/p>\n<p>KMShK e ka shpallur t\u00eb patrajtueshme ankes\u00ebn e Leotrim Vojvod\u00ebs kund\u00ebr disa mediave, duke konstatuar se pala ankuese \u00e7\u00ebshjen e \u201ct\u00eb drejt\u00ebs p\u00ebr t\u00eb harruar\u201d duhet ta adresoj\u00eb n\u00eb institucione t\u00eb tjera.<\/p>\n<p>&nbsp;<\/p>\n<p>KMShK e ka shpallur t\u00eb paafatshme ankes\u00ebn e Arb\u00ebr Eminit kund\u00ebr Info-plus.tv, duke konstatuar se ka kaluar afati i p\u00ebrcaktuar p\u00ebr shqyrtimin e p\u00ebrmbatjeve mediale, p\u00ebr t\u00eb cilat \u00ebsht\u00eb parashtruar ankes\u00eb.<\/p>\n<p>&nbsp;<\/p>\n<p>Takimi i KMShK-s\u00eb u organizua me mb\u00ebshtetjen e UNESCO-s, n\u00eb kuad\u00ebr t\u00eb projektit \u201dNd\u00ebrtimi i besimit te mediat n\u00eb Europ\u00ebn Juglindore: Mb\u00ebshtetje p\u00ebr gazetarin\u00eb si e mir\u00eb publike\u201c, i financuar nga Bashkimi Evropian.<\/p>\n","protected":false},"excerpt":{"rendered":"<p>K\u00ebshilli i Mediave t\u00eb Shkruara t\u00eb Kosov\u00ebs (KMShK) n\u00eb mbledhjen e rregullt ka shqyrtuar gjithsej 13 ankesa. An\u00ebtar\u00ebt e Kuvendit t\u00eb KMShK-s\u00eb kan\u00eb vendosur q\u00eb t\u00eb miratohen pjes\u00ebrisht pes\u00eb nga to, kat\u00ebr t\u00eb refuzohen, tri ankesa t\u00eb shpallen t\u00eb patrajtueshme dhe nj\u00eb e paafatshme. &nbsp; Ankesat kishin t\u00eb b\u00ebnin me pretendimet p\u00ebr shkeljen e kapitujve [&hellip;]<\/p>\n","protected":false},"author":2,"featured_media":18483,"comment_status":"open","ping_status":"open","sticky":false,"template":"","format":"standard","meta":{"footnotes":""},"categories":[92],"tags":[],"class_list":["post-18487","post","type-post","status-publish","format-standard","has-post-thumbnail","hentry","category-news-sq"],"acf":{"video_title":"","video":false},"yoast_head":"<!-- This site is optimized with the Yoast SEO plugin v28.3 - https:\/\/yoast.com\/product\/yoast-seo-wordpress\/ -->\n<title>Kuvendi i KMShK-s\u00eb mori vendime p\u00ebr 13 ankesa - K\u00ebshilli i Mediave t\u00eb Shkruara t\u00eb Kosov\u00ebs | P\u00ebr nj\u00eb gazetari etike dhe profesionale<\/title>\n<meta name=\"robots\" content=\"index, follow, max-snippet:-1, max-image-preview:large, max-video-preview:-1\" \/>\n<link rel=\"canonical\" href=\"http:\/\/presscouncil-ks.org\/?p=18487\" \/>\n<meta property=\"og:locale\" content=\"en_US\" \/>\n<meta property=\"og:type\" content=\"article\" \/>\n<meta property=\"og:title\" content=\"Kuvendi i KMShK-s\u00eb mori vendime p\u00ebr 13 ankesa - K\u00ebshilli i Mediave t\u00eb Shkruara t\u00eb Kosov\u00ebs | P\u00ebr nj\u00eb gazetari etike dhe profesionale\" \/>\n<meta property=\"og:description\" content=\"K\u00ebshilli i Mediave t\u00eb Shkruara t\u00eb Kosov\u00ebs (KMShK) n\u00eb mbledhjen e rregullt ka shqyrtuar gjithsej 13 ankesa. An\u00ebtar\u00ebt e Kuvendit t\u00eb KMShK-s\u00eb kan\u00eb vendosur q\u00eb t\u00eb miratohen pjes\u00ebrisht pes\u00eb nga to, kat\u00ebr t\u00eb refuzohen, tri ankesa t\u00eb shpallen t\u00eb patrajtueshme dhe nj\u00eb e paafatshme. &nbsp; Ankesat kishin t\u00eb b\u00ebnin me pretendimet p\u00ebr shkeljen e kapitujve [&hellip;]\" \/>\n<meta property=\"og:url\" content=\"http:\/\/presscouncil-ks.org\/?p=18487\" \/>\n<meta property=\"og:site_name\" content=\"K\u00ebshilli i Mediave t\u00eb Shkruara t\u00eb Kosov\u00ebs | P\u00ebr nj\u00eb gazetari etike dhe profesionale\" \/>\n<meta property=\"article:publisher\" content=\"https:\/\/www.facebook.com\/KMSHKosove\" \/>\n<meta property=\"article:published_time\" content=\"2026-07-01T13:30:17+00:00\" \/>\n<meta property=\"og:image\" content=\"http:\/\/presscouncil-ks.org\/wp-content\/uploads\/2026\/07\/Foto-1-korrik-2026.jpg\" \/>\n\t<meta property=\"og:image:width\" content=\"735\" \/>\n\t<meta property=\"og:image:height\" content=\"340\" \/>\n\t<meta property=\"og:image:type\" content=\"image\/jpeg\" \/>\n<meta name=\"author\" content=\"Editor\" \/>\n<meta name=\"twitter:card\" content=\"summary_large_image\" \/>\n<meta name=\"twitter:label1\" content=\"Written by\" \/>\n\t<meta name=\"twitter:data1\" content=\"Editor\" \/>\n\t<meta name=\"twitter:label2\" content=\"Est. reading time\" \/>\n\t<meta name=\"twitter:data2\" content=\"5 minutes\" \/>\n<script type=\"application\/ld+json\" class=\"yoast-schema-graph\">{\"@context\":\"https:\\\/\\\/schema.org\",\"@graph\":[{\"@type\":\"Article\",\"@id\":\"http:\\\/\\\/presscouncil-ks.org\\\/?p=18487#article\",\"isPartOf\":{\"@id\":\"http:\\\/\\\/presscouncil-ks.org\\\/?p=18487\"},\"author\":{\"name\":\"Editor\",\"@id\":\"http:\\\/\\\/presscouncil-ks.org\\\/#\\\/schema\\\/person\\\/b79d30c61264caeb733239c16cc4d673\"},\"headline\":\"Kuvendi i KMShK-s\u00eb mori vendime p\u00ebr 13 ankesa\",\"datePublished\":\"2026-07-01T13:30:17+00:00\",\"mainEntityOfPage\":{\"@id\":\"http:\\\/\\\/presscouncil-ks.org\\\/?p=18487\"},\"wordCount\":1257,\"commentCount\":0,\"publisher\":{\"@id\":\"http:\\\/\\\/presscouncil-ks.org\\\/#organization\"},\"image\":{\"@id\":\"http:\\\/\\\/presscouncil-ks.org\\\/?p=18487#primaryimage\"},\"thumbnailUrl\":\"http:\\\/\\\/presscouncil-ks.org\\\/wp-content\\\/uploads\\\/2026\\\/07\\\/Foto-1-korrik-2026.jpg\",\"articleSection\":[\"Lajm\"],\"inLanguage\":\"en-US\",\"potentialAction\":[{\"@type\":\"CommentAction\",\"name\":\"Comment\",\"target\":[\"http:\\\/\\\/presscouncil-ks.org\\\/?p=18487#respond\"]}]},{\"@type\":\"WebPage\",\"@id\":\"http:\\\/\\\/presscouncil-ks.org\\\/?p=18487\",\"url\":\"http:\\\/\\\/presscouncil-ks.org\\\/?p=18487\",\"name\":\"Kuvendi i KMShK-s\u00eb mori vendime p\u00ebr 13 ankesa - K\u00ebshilli i Mediave t\u00eb Shkruara t\u00eb Kosov\u00ebs | P\u00ebr nj\u00eb gazetari etike dhe profesionale\",\"isPartOf\":{\"@id\":\"http:\\\/\\\/presscouncil-ks.org\\\/#website\"},\"primaryImageOfPage\":{\"@id\":\"http:\\\/\\\/presscouncil-ks.org\\\/?p=18487#primaryimage\"},\"image\":{\"@id\":\"http:\\\/\\\/presscouncil-ks.org\\\/?p=18487#primaryimage\"},\"thumbnailUrl\":\"http:\\\/\\\/presscouncil-ks.org\\\/wp-content\\\/uploads\\\/2026\\\/07\\\/Foto-1-korrik-2026.jpg\",\"datePublished\":\"2026-07-01T13:30:17+00:00\",\"breadcrumb\":{\"@id\":\"http:\\\/\\\/presscouncil-ks.org\\\/?p=18487#breadcrumb\"},\"inLanguage\":\"en-US\",\"potentialAction\":[{\"@type\":\"ReadAction\",\"target\":[\"http:\\\/\\\/presscouncil-ks.org\\\/?p=18487\"]}]},{\"@type\":\"ImageObject\",\"inLanguage\":\"en-US\",\"@id\":\"http:\\\/\\\/presscouncil-ks.org\\\/?p=18487#primaryimage\",\"url\":\"http:\\\/\\\/presscouncil-ks.org\\\/wp-content\\\/uploads\\\/2026\\\/07\\\/Foto-1-korrik-2026.jpg\",\"contentUrl\":\"http:\\\/\\\/presscouncil-ks.org\\\/wp-content\\\/uploads\\\/2026\\\/07\\\/Foto-1-korrik-2026.jpg\",\"width\":735,\"height\":340},{\"@type\":\"BreadcrumbList\",\"@id\":\"http:\\\/\\\/presscouncil-ks.org\\\/?p=18487#breadcrumb\",\"itemListElement\":[{\"@type\":\"ListItem\",\"position\":1,\"name\":\"Home\",\"item\":\"https:\\\/\\\/presscouncil-ks.org\\\/\"},{\"@type\":\"ListItem\",\"position\":2,\"name\":\"Kuvendi i KMShK-s\u00eb mori vendime p\u00ebr 13 ankesa\"}]},{\"@type\":\"WebSite\",\"@id\":\"http:\\\/\\\/presscouncil-ks.org\\\/#website\",\"url\":\"http:\\\/\\\/presscouncil-ks.org\\\/\",\"name\":\"https:\\\/\\\/presscouncil-ks.org\\\/\",\"description\":\"\",\"publisher\":{\"@id\":\"http:\\\/\\\/presscouncil-ks.org\\\/#organization\"},\"potentialAction\":[{\"@type\":\"SearchAction\",\"target\":{\"@type\":\"EntryPoint\",\"urlTemplate\":\"http:\\\/\\\/presscouncil-ks.org\\\/?s={search_term_string}\"},\"query-input\":{\"@type\":\"PropertyValueSpecification\",\"valueRequired\":true,\"valueName\":\"search_term_string\"}}],\"inLanguage\":\"en-US\"},{\"@type\":\"Organization\",\"@id\":\"http:\\\/\\\/presscouncil-ks.org\\\/#organization\",\"name\":\"K\u00ebshilli i Mediave t\u00eb Shkruara t\u00eb Kosov\u00ebs\",\"url\":\"http:\\\/\\\/presscouncil-ks.org\\\/\",\"logo\":{\"@type\":\"ImageObject\",\"inLanguage\":\"en-US\",\"@id\":\"http:\\\/\\\/presscouncil-ks.org\\\/#\\\/schema\\\/logo\\\/image\\\/\",\"url\":\"http:\\\/\\\/presscouncil-ks.org\\\/wp-content\\\/uploads\\\/2023\\\/06\\\/cropped-logo.png\",\"contentUrl\":\"http:\\\/\\\/presscouncil-ks.org\\\/wp-content\\\/uploads\\\/2023\\\/06\\\/cropped-logo.png\",\"width\":268,\"height\":166,\"caption\":\"K\u00ebshilli i Mediave t\u00eb Shkruara t\u00eb Kosov\u00ebs\"},\"image\":{\"@id\":\"http:\\\/\\\/presscouncil-ks.org\\\/#\\\/schema\\\/logo\\\/image\\\/\"},\"sameAs\":[\"https:\\\/\\\/www.facebook.com\\\/KMSHKosove\"]},{\"@type\":\"Person\",\"@id\":\"http:\\\/\\\/presscouncil-ks.org\\\/#\\\/schema\\\/person\\\/b79d30c61264caeb733239c16cc4d673\",\"name\":\"Editor\",\"image\":{\"@type\":\"ImageObject\",\"inLanguage\":\"en-US\",\"@id\":\"https:\\\/\\\/secure.gravatar.com\\\/avatar\\\/9534865f39e7b3527010ee17196a76d054b16d731a6a5bfe2f92a071c6e9bf4e?s=96&d=mm&r=g\",\"url\":\"https:\\\/\\\/secure.gravatar.com\\\/avatar\\\/9534865f39e7b3527010ee17196a76d054b16d731a6a5bfe2f92a071c6e9bf4e?s=96&d=mm&r=g\",\"contentUrl\":\"https:\\\/\\\/secure.gravatar.com\\\/avatar\\\/9534865f39e7b3527010ee17196a76d054b16d731a6a5bfe2f92a071c6e9bf4e?s=96&d=mm&r=g\",\"caption\":\"Editor\"},\"url\":\"http:\\\/\\\/presscouncil-ks.org\\\/?author=2\"}]}<\/script>\n<!-- \/ Yoast SEO plugin. -->","yoast_head_json":{"title":"Kuvendi i KMShK-s\u00eb mori vendime p\u00ebr 13 ankesa - K\u00ebshilli i Mediave t\u00eb Shkruara t\u00eb Kosov\u00ebs | P\u00ebr nj\u00eb gazetari etike dhe profesionale","robots":{"index":"index","follow":"follow","max-snippet":"max-snippet:-1","max-image-preview":"max-image-preview:large","max-video-preview":"max-video-preview:-1"},"canonical":"http:\/\/presscouncil-ks.org\/?p=18487","og_locale":"en_US","og_type":"article","og_title":"Kuvendi i KMShK-s\u00eb mori vendime p\u00ebr 13 ankesa - K\u00ebshilli i Mediave t\u00eb Shkruara t\u00eb Kosov\u00ebs | P\u00ebr nj\u00eb gazetari etike dhe profesionale","og_description":"K\u00ebshilli i Mediave t\u00eb Shkruara t\u00eb Kosov\u00ebs (KMShK) n\u00eb mbledhjen e rregullt ka shqyrtuar gjithsej 13 ankesa. An\u00ebtar\u00ebt e Kuvendit t\u00eb KMShK-s\u00eb kan\u00eb vendosur q\u00eb t\u00eb miratohen pjes\u00ebrisht pes\u00eb nga to, kat\u00ebr t\u00eb refuzohen, tri ankesa t\u00eb shpallen t\u00eb patrajtueshme dhe nj\u00eb e paafatshme. &nbsp; Ankesat kishin t\u00eb b\u00ebnin me pretendimet p\u00ebr shkeljen e kapitujve [&hellip;]","og_url":"http:\/\/presscouncil-ks.org\/?p=18487","og_site_name":"K\u00ebshilli i Mediave t\u00eb Shkruara t\u00eb Kosov\u00ebs | P\u00ebr nj\u00eb gazetari etike dhe profesionale","article_publisher":"https:\/\/www.facebook.com\/KMSHKosove","article_published_time":"2026-07-01T13:30:17+00:00","og_image":[{"width":735,"height":340,"url":"http:\/\/presscouncil-ks.org\/wp-content\/uploads\/2026\/07\/Foto-1-korrik-2026.jpg","type":"image\/jpeg"}],"author":"Editor","twitter_card":"summary_large_image","twitter_misc":{"Written by":"Editor","Est. reading time":"5 minutes"},"schema":{"@context":"https:\/\/schema.org","@graph":[{"@type":"Article","@id":"http:\/\/presscouncil-ks.org\/?p=18487#article","isPartOf":{"@id":"http:\/\/presscouncil-ks.org\/?p=18487"},"author":{"name":"Editor","@id":"http:\/\/presscouncil-ks.org\/#\/schema\/person\/b79d30c61264caeb733239c16cc4d673"},"headline":"Kuvendi i KMShK-s\u00eb mori vendime p\u00ebr 13 ankesa","datePublished":"2026-07-01T13:30:17+00:00","mainEntityOfPage":{"@id":"http:\/\/presscouncil-ks.org\/?p=18487"},"wordCount":1257,"commentCount":0,"publisher":{"@id":"http:\/\/presscouncil-ks.org\/#organization"},"image":{"@id":"http:\/\/presscouncil-ks.org\/?p=18487#primaryimage"},"thumbnailUrl":"http:\/\/presscouncil-ks.org\/wp-content\/uploads\/2026\/07\/Foto-1-korrik-2026.jpg","articleSection":["Lajm"],"inLanguage":"en-US","potentialAction":[{"@type":"CommentAction","name":"Comment","target":["http:\/\/presscouncil-ks.org\/?p=18487#respond"]}]},{"@type":"WebPage","@id":"http:\/\/presscouncil-ks.org\/?p=18487","url":"http:\/\/presscouncil-ks.org\/?p=18487","name":"Kuvendi i KMShK-s\u00eb mori vendime p\u00ebr 13 ankesa - K\u00ebshilli i Mediave t\u00eb Shkruara t\u00eb Kosov\u00ebs | P\u00ebr nj\u00eb gazetari etike dhe profesionale","isPartOf":{"@id":"http:\/\/presscouncil-ks.org\/#website"},"primaryImageOfPage":{"@id":"http:\/\/presscouncil-ks.org\/?p=18487#primaryimage"},"image":{"@id":"http:\/\/presscouncil-ks.org\/?p=18487#primaryimage"},"thumbnailUrl":"http:\/\/presscouncil-ks.org\/wp-content\/uploads\/2026\/07\/Foto-1-korrik-2026.jpg","datePublished":"2026-07-01T13:30:17+00:00","breadcrumb":{"@id":"http:\/\/presscouncil-ks.org\/?p=18487#breadcrumb"},"inLanguage":"en-US","potentialAction":[{"@type":"ReadAction","target":["http:\/\/presscouncil-ks.org\/?p=18487"]}]},{"@type":"ImageObject","inLanguage":"en-US","@id":"http:\/\/presscouncil-ks.org\/?p=18487#primaryimage","url":"http:\/\/presscouncil-ks.org\/wp-content\/uploads\/2026\/07\/Foto-1-korrik-2026.jpg","contentUrl":"http:\/\/presscouncil-ks.org\/wp-content\/uploads\/2026\/07\/Foto-1-korrik-2026.jpg","width":735,"height":340},{"@type":"BreadcrumbList","@id":"http:\/\/presscouncil-ks.org\/?p=18487#breadcrumb","itemListElement":[{"@type":"ListItem","position":1,"name":"Home","item":"https:\/\/presscouncil-ks.org\/"},{"@type":"ListItem","position":2,"name":"Kuvendi i KMShK-s\u00eb mori vendime p\u00ebr 13 ankesa"}]},{"@type":"WebSite","@id":"http:\/\/presscouncil-ks.org\/#website","url":"http:\/\/presscouncil-ks.org\/","name":"https:\/\/presscouncil-ks.org\/","description":"","publisher":{"@id":"http:\/\/presscouncil-ks.org\/#organization"},"potentialAction":[{"@type":"SearchAction","target":{"@type":"EntryPoint","urlTemplate":"http:\/\/presscouncil-ks.org\/?s={search_term_string}"},"query-input":{"@type":"PropertyValueSpecification","valueRequired":true,"valueName":"search_term_string"}}],"inLanguage":"en-US"},{"@type":"Organization","@id":"http:\/\/presscouncil-ks.org\/#organization","name":"K\u00ebshilli i Mediave t\u00eb Shkruara t\u00eb Kosov\u00ebs","url":"http:\/\/presscouncil-ks.org\/","logo":{"@type":"ImageObject","inLanguage":"en-US","@id":"http:\/\/presscouncil-ks.org\/#\/schema\/logo\/image\/","url":"http:\/\/presscouncil-ks.org\/wp-content\/uploads\/2023\/06\/cropped-logo.png","contentUrl":"http:\/\/presscouncil-ks.org\/wp-content\/uploads\/2023\/06\/cropped-logo.png","width":268,"height":166,"caption":"K\u00ebshilli i Mediave t\u00eb Shkruara t\u00eb Kosov\u00ebs"},"image":{"@id":"http:\/\/presscouncil-ks.org\/#\/schema\/logo\/image\/"},"sameAs":["https:\/\/www.facebook.com\/KMSHKosove"]},{"@type":"Person","@id":"http:\/\/presscouncil-ks.org\/#\/schema\/person\/b79d30c61264caeb733239c16cc4d673","name":"Editor","image":{"@type":"ImageObject","inLanguage":"en-US","@id":"https:\/\/secure.gravatar.com\/avatar\/9534865f39e7b3527010ee17196a76d054b16d731a6a5bfe2f92a071c6e9bf4e?s=96&d=mm&r=g","url":"https:\/\/secure.gravatar.com\/avatar\/9534865f39e7b3527010ee17196a76d054b16d731a6a5bfe2f92a071c6e9bf4e?s=96&d=mm&r=g","contentUrl":"https:\/\/secure.gravatar.com\/avatar\/9534865f39e7b3527010ee17196a76d054b16d731a6a5bfe2f92a071c6e9bf4e?s=96&d=mm&r=g","caption":"Editor"},"url":"http:\/\/presscouncil-ks.org\/?author=2"}]}},"_links":{"self":[{"href":"http:\/\/presscouncil-ks.org\/index.php?rest_route=\/wp\/v2\/posts\/18487","targetHints":{"allow":["GET"]}}],"collection":[{"href":"http:\/\/presscouncil-ks.org\/index.php?rest_route=\/wp\/v2\/posts"}],"about":[{"href":"http:\/\/presscouncil-ks.org\/index.php?rest_route=\/wp\/v2\/types\/post"}],"author":[{"embeddable":true,"href":"http:\/\/presscouncil-ks.org\/index.php?rest_route=\/wp\/v2\/users\/2"}],"replies":[{"embeddable":true,"href":"http:\/\/presscouncil-ks.org\/index.php?rest_route=%2Fwp%2Fv2%2Fcomments&post=18487"}],"version-history":[{"count":1,"href":"http:\/\/presscouncil-ks.org\/index.php?rest_route=\/wp\/v2\/posts\/18487\/revisions"}],"predecessor-version":[{"id":18488,"href":"http:\/\/presscouncil-ks.org\/index.php?rest_route=\/wp\/v2\/posts\/18487\/revisions\/18488"}],"wp:featuredmedia":[{"embeddable":true,"href":"http:\/\/presscouncil-ks.org\/index.php?rest_route=\/wp\/v2\/media\/18483"}],"wp:attachment":[{"href":"http:\/\/presscouncil-ks.org\/index.php?rest_route=%2Fwp%2Fv2%2Fmedia&parent=18487"}],"wp:term":[{"taxonomy":"category","embeddable":true,"href":"http:\/\/presscouncil-ks.org\/index.php?rest_route=%2Fwp%2Fv2%2Fcategories&post=18487"},{"taxonomy":"post_tag","embeddable":true,"href":"http:\/\/presscouncil-ks.org\/index.php?rest_route=%2Fwp%2Fv2%2Ftags&post=18487"}],"curies":[{"name":"wp","href":"https:\/\/api.w.org\/{rel}","templated":true}]}}