{"id":18482,"date":"2026-07-01T13:25:26","date_gmt":"2026-07-01T13:25:26","guid":{"rendered":"https:\/\/presscouncil-ks.org\/?p=18482"},"modified":"2026-07-01T13:26:08","modified_gmt":"2026-07-01T13:26:08","slug":"savet-stampe-doneo-odluke-o-13-zalbi","status":"publish","type":"post","link":"http:\/\/presscouncil-ks.org\/?p=18482&lang=sr","title":{"rendered":"Savet \u0160tampe doneo odluke o 13 \u017ealbi"},"content":{"rendered":"<p>Savet \u0160tampe Kosova (S\u0160K) u redovnom sastanku razmotrio je ukupno 13 \u017ealbi. Skup\u0161tina S\u0160K-a odlu\u010dila da pet od njih bude delimi\u010dno usvojene, \u010detiri da se ne usvoje, tri \u017ealbe su progla\u0161ene neprihvatljive i jedna neblagovremena.<\/p>\n<p>&nbsp;<\/p>\n<p>\u017dalbe su se ticale navodnih kr\u0161enja odre\u0111enih poglavlja Kodeksa za \u0160tampu Kosova, kao \u0161to su Poglavlje II \u2013 Istinito izve\u0161tavanje, Poglavlje IV \u2013 Pravo na odgovor, Poglavlje V &#8211; Lica ume\u0161ana u incidente, nesre\u0107e, lica uhap\u0161ena ili optu\u017eena za krivi\u010dna dela i Poglavlje VII \u2013 Privatnost i za\u0161tita izvora.<\/p>\n<p>&nbsp;<\/p>\n<p>S\u0160K delimi\u010dno je usvojio \u017ealbu Vudija D\u017eim\u0161itija protiv Gazetametro.net-a zbog \u010dlanka pod naslovom \u201dVudi D\u017eim\u0161iti dobija falsifikovana dokumenta da bi napao ambasadora Grenela\u201c, utvrdiv\u0161i da su delimi\u010dno prekr\u0161ena poglavlja II i IV Kodeksa \u0160tampe Kosova, koja se bave izve\u0161tavanjem istine, odnosno pravom na odgovor.<\/p>\n<p>&nbsp;<\/p>\n<p>S\u0160K je delimi\u010dno usvojio \u017ealbu Limit Project D.O.O. i Lulzima Zaraja, koga zastupa Leke Morina, protiv Voxkosova.com zbog \u010dlanka pod naslovom \u201cReferentni fajl: Ministarstvo Fitore Pacoli dodeljuje tender od milion evra kompaniji koja je prevarila Ministarstvo Poljoprivrede\u201c, utvrdiv\u0161i da je prekr\u0161eno Poglavlje V Kodeksa \u0160tampe Kosova, koje se bavi pretpostavkom nevinosti, ali ne i poglavlja II i IV, koja se bave izve\u0161tavanjem istine, odnosno pravom na odgovor, kako tvrdi podnosilac \u017ealbe.<\/p>\n<p>&nbsp;<\/p>\n<p>S\u0160K delimi\u010dno je usvojio \u017ealbu Arberije Nagavci protiv Insajderi.org, Voxkosova.com, Gazetametro.net, Sinjali.com i Gazetaexpress.com zbog \u010dlanka pod naslovom \u201c&#8217;Kuc\u0301e u oblasti gde su ko\u0161tale preko 250 hiljada evra, kupljene su za 150 hiljada&#8217; &#8211; Biv\u0161i odbornik iznosi sumnju na cenkanje Arberije Nagavci na kraju mandata&#8217;\u201c, odnosno drugih \u010dlanaka sa sli\u010dnim naslovima i sadr\u017eajem, utvrdiv\u0161i da je prekr\u0161eno Poglavlje IV Kodeksa \u0160tampe Kosova, koje se bavi pravom na odgovor, ali ne i Poglavlje II, koje se bavi izve\u0161tavanjem istine, kako tvrdi podnosilac \u017ealbe.<\/p>\n<p>&nbsp;<\/p>\n<p>S\u0160K delimi\u010dno je usvojio \u017ealbu Besnika Beri\u0161e protiv Nacionale.com zbog \u010dlanka pod naslovom \u201cSkandalozni napad vlade za discipliranje medija, NKM zaplenjena od strane VV ka\u017enjava T7 i Klan Kosoven hiljadama evra\u201c, utvrdiv\u0161i da je prekr\u0161eno Poglavlje IV Kodeksa \u0160tampe Kosova, koje se bavi pravom na odgovor, ali ne i Poglavlje II, koje se bavi izve\u0161tavanjem istine, kako tvrdi podnosilac \u017ealbe.<\/p>\n<p>&nbsp;<\/p>\n<p>S\u0160K delimi\u010dno je usvojio \u017ealbu Ilirjane \u010colaku-Tafe protiv Insajderi.org zbog \u010dlanka pod naslovom \u201cNakon Insajderijinih izve\u0161taja o sumnjivom zatvaranju slu\u010dajeva, tu\u017eiteljka Ilirjana \u010colaku-Tafa podnosi ostavku\u201c, utvrdiv\u0161i da je prekr\u0161eno Poglavlje IV Kodeksa \u0160tampe Kosova, koje se bavi pravom na odgovor, ali ne i Poglavlje II, koje se bavi izve\u0161tavanjem o istini, kako tvrdi podnosilac \u017ealbe.<\/p>\n<p>&nbsp;<\/p>\n<p>S\u0160K odbacio je \u017ealbu Ru\u017edija Saramatija protiv emisije Kojshia Show zbog epizode \u200b\u200bemisije pod naslovom \u201cDritan God\u017eaj: Ovaj komandant OVK ubio je svog vojnika pred nama. Evo ko je on\u201c, utvrdiv\u0161i da nije prekr\u0161eno Poglavlje II Kodeksa \u0160tampe Kosova, koje se bavi izve\u0161tavanjem istine, kako tvrdi podnosilac \u017ealbe.<\/p>\n<p>&nbsp;<\/p>\n<p>S\u0160K je odbacila \u017ealbu Rilinda Gervale protiv Veriu.info, Kosova.info, Voxkosova.com, Indeksonline.net i Nacionale.com zbog \u010dlanaka pod naslovima \u201dBrat Jete Statovci smenjen sa mesta glavnog snimatelja u RTK! Da li je to politi\u010dka osveta?\u201c, \u201dPo\u010dinje osveta protiv Jete Statovci? Njen brat smenjen sa mesta glavnog snimatelja u RTK\u201c, \u201c&#8217;Ono \u0161to se danas dogodilo je ozbiljnije od politi\u010dke osvete&#8217;, reaguje Jeta Statovci nakon \u0161to je RTK smenio njenog brata sa mesta&#8217;\u201c i \u201dOsveta? Brat Jete Statovci smenjen sa mesta glavnog snimatelja u RTK\u201c, zaklju\u010dujuc\u0301i da poglavlja II i IV Kodeksa \u0160tampe Kosova, koja se odnose na izve\u0161tavanje istine, odnosno pravo na odgovor, nisu prekr\u0161ena, kako tvrdi podnosilac tu\u017ebe.<\/p>\n<p>&nbsp;<\/p>\n<p>S\u0160K odbacio je \u017ealbu Imera Abazija, koga zastupa advokat Ekrem Agu\u0161i, protiv Klankosova.tv zbog \u010dlanka pod naslovom \u201cStra\u0161no | &#8216;Smrt, metak&#8217;, Vjosi Osmani prete \u017eivot dva pristalice VV\u201c i objavljivanja fotografije podnosioca \u017ealbe, utvrdiv\u0161i da poglavlja II i VII Kodeksa \u0160tampe Kosova, koja se bave izve\u0161tavanjem istine, odnosno privatno\u0161c\u0301u, nisu prekr\u0161ena, kako tvrdi podnosilac \u017ealbe.<\/p>\n<p>&nbsp;<\/p>\n<p>S\u0160K odbacio je \u017ealbu organizacija Dylberizm, CEL Kosova i Instituta Sekhmet protiv Shenjester.net zbog objavljivanja videa koji se bavi pitanjem tro\u0161enja javnih sredstava od strane organizacija civilnog dru\u0161tva, utvrdiv\u0161i da poglavlje II Kodeksa \u0160tampe Kosova, koje se bavi izve\u0161tavanjem istine, nije prekr\u0161eno, kako tvrdi podnosilac \u017ealbe.<\/p>\n<p>&nbsp;<\/p>\n<p>S\u0160K je proglasio \u017ealbu Arbera Eminija protiv Anamorava Presa neprihvatljivom, jer nema nadle\u017enost da postupa sa sadr\u017eajem koji proizvode stranice ili profili na dru\u0161tvenim mre\u017eama.<\/p>\n<p>&nbsp;<\/p>\n<p>S\u0160K je proglasio \u017ealbu Aga \u0110olaja, koga zastupa advokatska kancelarija ILC Law, protiv Kosova Ekspresa neprihvatljivom, jer nema nadle\u017enost da postupa sa sadr\u017eajem koji proizvode stranice ili profili na dru\u0161tvenim mre\u017eama.<\/p>\n<p>&nbsp;<\/p>\n<p>S\u0160K je proglasio \u017ealbu Leotrima Vojvode protiv nekoliko medija neprihvatljivom, utvrdiv\u0161i da bi se strana koja se \u017eali trebalo obratiti drugim institucijama sa pitanjem \u201dprava na zaborav\u201c.<\/p>\n<p>&nbsp;<\/p>\n<p>S\u0160K je proglasio \u017ealbu Arbera Emina protiv Info-plus.tv neblagovremenom, utvrdiv\u0161i da je istekao rok razmotrenja medijskog sadr\u017eaja zbog kojeg je \u017ealba podneta.<\/p>\n<p>&nbsp;<\/p>\n<p>Sastanak Saveta \u0160tampe Kosova je organizovan uz podr\u0161ku UNESKO-a, u okviru projekta &#8220;Izgradnja poverenja u medije u Jugoisto\u010dnoj Evropi: Podr\u0161ka novinarstvu kao javnom dobru\u201c, koji finansira Evropska Unija.<\/p>\n<p>&nbsp;<\/p>\n","protected":false},"excerpt":{"rendered":"<p>Savet \u0160tampe Kosova (S\u0160K) u redovnom sastanku razmotrio je ukupno 13 \u017ealbi. Skup\u0161tina S\u0160K-a odlu\u010dila da pet od njih bude delimi\u010dno usvojene, \u010detiri da se ne usvoje, tri \u017ealbe su progla\u0161ene neprihvatljive i jedna neblagovremena. &nbsp; \u017dalbe su se ticale navodnih kr\u0161enja odre\u0111enih poglavlja Kodeksa za \u0160tampu Kosova, kao \u0161to su Poglavlje II \u2013 Istinito [&hellip;]<\/p>\n","protected":false},"author":2,"featured_media":18483,"comment_status":"open","ping_status":"open","sticky":false,"template":"","format":"standard","meta":{"footnotes":""},"categories":[135],"tags":[],"class_list":["post-18482","post","type-post","status-publish","format-standard","has-post-thumbnail","hentry","category-vesti"],"acf":[],"yoast_head":"<!-- This site is optimized with the Yoast SEO plugin v28.4 - https:\/\/yoast.com\/product\/yoast-seo-wordpress\/ -->\n<title>Savet \u0160tampe doneo odluke o 13 \u017ealbi - K\u00ebshilli i Mediave t\u00eb Shkruara t\u00eb Kosov\u00ebs | P\u00ebr nj\u00eb gazetari etike dhe profesionale<\/title>\n<meta name=\"robots\" content=\"index, follow, max-snippet:-1, max-image-preview:large, max-video-preview:-1\" \/>\n<link rel=\"canonical\" href=\"http:\/\/presscouncil-ks.org\/?p=18482&lang=sr\" \/>\n<meta property=\"og:locale\" content=\"en_US\" \/>\n<meta property=\"og:type\" content=\"article\" \/>\n<meta property=\"og:title\" content=\"Savet \u0160tampe doneo odluke o 13 \u017ealbi - K\u00ebshilli i Mediave t\u00eb Shkruara t\u00eb Kosov\u00ebs | P\u00ebr nj\u00eb gazetari etike dhe profesionale\" \/>\n<meta property=\"og:description\" content=\"Savet \u0160tampe Kosova (S\u0160K) u redovnom sastanku razmotrio je ukupno 13 \u017ealbi. Skup\u0161tina S\u0160K-a odlu\u010dila da pet od njih bude delimi\u010dno usvojene, \u010detiri da se ne usvoje, tri \u017ealbe su progla\u0161ene neprihvatljive i jedna neblagovremena. &nbsp; \u017dalbe su se ticale navodnih kr\u0161enja odre\u0111enih poglavlja Kodeksa za \u0160tampu Kosova, kao \u0161to su Poglavlje II \u2013 Istinito [&hellip;]\" \/>\n<meta property=\"og:url\" content=\"http:\/\/presscouncil-ks.org\/?p=18482&amp;lang=sr\" \/>\n<meta property=\"og:site_name\" content=\"K\u00ebshilli i Mediave t\u00eb Shkruara t\u00eb Kosov\u00ebs | P\u00ebr nj\u00eb gazetari etike dhe profesionale\" \/>\n<meta property=\"article:publisher\" content=\"https:\/\/www.facebook.com\/KMSHKosove\" \/>\n<meta property=\"article:published_time\" content=\"2026-07-01T13:25:26+00:00\" \/>\n<meta property=\"article:modified_time\" content=\"2026-07-01T13:26:08+00:00\" \/>\n<meta property=\"og:image\" content=\"http:\/\/presscouncil-ks.org\/wp-content\/uploads\/2026\/07\/Foto-1-korrik-2026.jpg\" \/>\n\t<meta property=\"og:image:width\" content=\"735\" \/>\n\t<meta property=\"og:image:height\" content=\"340\" \/>\n\t<meta property=\"og:image:type\" content=\"image\/jpeg\" \/>\n<meta name=\"author\" content=\"Editor\" \/>\n<meta name=\"twitter:card\" content=\"summary_large_image\" \/>\n<meta name=\"twitter:label1\" content=\"Written by\" \/>\n\t<meta name=\"twitter:data1\" content=\"Editor\" \/>\n\t<meta name=\"twitter:label2\" content=\"Est. reading time\" \/>\n\t<meta name=\"twitter:data2\" content=\"4 minutes\" \/>\n<script type=\"application\/ld+json\" class=\"yoast-schema-graph\">{\"@context\":\"https:\\\/\\\/schema.org\",\"@graph\":[{\"@type\":\"Article\",\"@id\":\"http:\\\/\\\/presscouncil-ks.org\\\/?p=18482&lang=sr#article\",\"isPartOf\":{\"@id\":\"http:\\\/\\\/presscouncil-ks.org\\\/?p=18482&lang=sr\"},\"author\":{\"name\":\"Editor\",\"@id\":\"http:\\\/\\\/presscouncil-ks.org\\\/#\\\/schema\\\/person\\\/b79d30c61264caeb733239c16cc4d673\"},\"headline\":\"Savet \u0160tampe doneo odluke o 13 \u017ealbi\",\"datePublished\":\"2026-07-01T13:25:26+00:00\",\"dateModified\":\"2026-07-01T13:26:08+00:00\",\"mainEntityOfPage\":{\"@id\":\"http:\\\/\\\/presscouncil-ks.org\\\/?p=18482&lang=sr\"},\"wordCount\":920,\"commentCount\":0,\"publisher\":{\"@id\":\"http:\\\/\\\/presscouncil-ks.org\\\/#organization\"},\"image\":{\"@id\":\"http:\\\/\\\/presscouncil-ks.org\\\/?p=18482&lang=sr#primaryimage\"},\"thumbnailUrl\":\"http:\\\/\\\/presscouncil-ks.org\\\/wp-content\\\/uploads\\\/2026\\\/07\\\/Foto-1-korrik-2026.jpg\",\"articleSection\":[\"Vesti\"],\"inLanguage\":\"en-US\",\"potentialAction\":[{\"@type\":\"CommentAction\",\"name\":\"Comment\",\"target\":[\"http:\\\/\\\/presscouncil-ks.org\\\/?p=18482&lang=sr#respond\"]}]},{\"@type\":\"WebPage\",\"@id\":\"http:\\\/\\\/presscouncil-ks.org\\\/?p=18482&lang=sr\",\"url\":\"http:\\\/\\\/presscouncil-ks.org\\\/?p=18482&lang=sr\",\"name\":\"Savet \u0160tampe doneo odluke o 13 \u017ealbi - K\u00ebshilli i Mediave t\u00eb Shkruara t\u00eb Kosov\u00ebs | P\u00ebr nj\u00eb gazetari etike dhe profesionale\",\"isPartOf\":{\"@id\":\"http:\\\/\\\/presscouncil-ks.org\\\/#website\"},\"primaryImageOfPage\":{\"@id\":\"http:\\\/\\\/presscouncil-ks.org\\\/?p=18482&lang=sr#primaryimage\"},\"image\":{\"@id\":\"http:\\\/\\\/presscouncil-ks.org\\\/?p=18482&lang=sr#primaryimage\"},\"thumbnailUrl\":\"http:\\\/\\\/presscouncil-ks.org\\\/wp-content\\\/uploads\\\/2026\\\/07\\\/Foto-1-korrik-2026.jpg\",\"datePublished\":\"2026-07-01T13:25:26+00:00\",\"dateModified\":\"2026-07-01T13:26:08+00:00\",\"breadcrumb\":{\"@id\":\"http:\\\/\\\/presscouncil-ks.org\\\/?p=18482&lang=sr#breadcrumb\"},\"inLanguage\":\"en-US\",\"potentialAction\":[{\"@type\":\"ReadAction\",\"target\":[\"http:\\\/\\\/presscouncil-ks.org\\\/?p=18482&lang=sr\"]}]},{\"@type\":\"ImageObject\",\"inLanguage\":\"en-US\",\"@id\":\"http:\\\/\\\/presscouncil-ks.org\\\/?p=18482&lang=sr#primaryimage\",\"url\":\"http:\\\/\\\/presscouncil-ks.org\\\/wp-content\\\/uploads\\\/2026\\\/07\\\/Foto-1-korrik-2026.jpg\",\"contentUrl\":\"http:\\\/\\\/presscouncil-ks.org\\\/wp-content\\\/uploads\\\/2026\\\/07\\\/Foto-1-korrik-2026.jpg\",\"width\":735,\"height\":340},{\"@type\":\"BreadcrumbList\",\"@id\":\"http:\\\/\\\/presscouncil-ks.org\\\/?p=18482&lang=sr#breadcrumb\",\"itemListElement\":[{\"@type\":\"ListItem\",\"position\":1,\"name\":\"Home\",\"item\":\"https:\\\/\\\/presscouncil-ks.org\\\/\"},{\"@type\":\"ListItem\",\"position\":2,\"name\":\"Savet \u0160tampe doneo odluke o 13 \u017ealbi\"}]},{\"@type\":\"WebSite\",\"@id\":\"http:\\\/\\\/presscouncil-ks.org\\\/#website\",\"url\":\"http:\\\/\\\/presscouncil-ks.org\\\/\",\"name\":\"https:\\\/\\\/presscouncil-ks.org\\\/\",\"description\":\"\",\"publisher\":{\"@id\":\"http:\\\/\\\/presscouncil-ks.org\\\/#organization\"},\"potentialAction\":[{\"@type\":\"SearchAction\",\"target\":{\"@type\":\"EntryPoint\",\"urlTemplate\":\"http:\\\/\\\/presscouncil-ks.org\\\/?s={search_term_string}\"},\"query-input\":{\"@type\":\"PropertyValueSpecification\",\"valueRequired\":true,\"valueName\":\"search_term_string\"}}],\"inLanguage\":\"en-US\"},{\"@type\":\"Organization\",\"@id\":\"http:\\\/\\\/presscouncil-ks.org\\\/#organization\",\"name\":\"K\u00ebshilli i Mediave t\u00eb Shkruara t\u00eb Kosov\u00ebs\",\"url\":\"http:\\\/\\\/presscouncil-ks.org\\\/\",\"logo\":{\"@type\":\"ImageObject\",\"inLanguage\":\"en-US\",\"@id\":\"http:\\\/\\\/presscouncil-ks.org\\\/#\\\/schema\\\/logo\\\/image\\\/\",\"url\":\"http:\\\/\\\/presscouncil-ks.org\\\/wp-content\\\/uploads\\\/2023\\\/06\\\/cropped-logo.png\",\"contentUrl\":\"http:\\\/\\\/presscouncil-ks.org\\\/wp-content\\\/uploads\\\/2023\\\/06\\\/cropped-logo.png\",\"width\":268,\"height\":166,\"caption\":\"K\u00ebshilli i Mediave t\u00eb Shkruara t\u00eb Kosov\u00ebs\"},\"image\":{\"@id\":\"http:\\\/\\\/presscouncil-ks.org\\\/#\\\/schema\\\/logo\\\/image\\\/\"},\"sameAs\":[\"https:\\\/\\\/www.facebook.com\\\/KMSHKosove\"]},{\"@type\":\"Person\",\"@id\":\"http:\\\/\\\/presscouncil-ks.org\\\/#\\\/schema\\\/person\\\/b79d30c61264caeb733239c16cc4d673\",\"name\":\"Editor\",\"image\":{\"@type\":\"ImageObject\",\"inLanguage\":\"en-US\",\"@id\":\"https:\\\/\\\/secure.gravatar.com\\\/avatar\\\/9534865f39e7b3527010ee17196a76d054b16d731a6a5bfe2f92a071c6e9bf4e?s=96&d=mm&r=g\",\"url\":\"https:\\\/\\\/secure.gravatar.com\\\/avatar\\\/9534865f39e7b3527010ee17196a76d054b16d731a6a5bfe2f92a071c6e9bf4e?s=96&d=mm&r=g\",\"contentUrl\":\"https:\\\/\\\/secure.gravatar.com\\\/avatar\\\/9534865f39e7b3527010ee17196a76d054b16d731a6a5bfe2f92a071c6e9bf4e?s=96&d=mm&r=g\",\"caption\":\"Editor\"},\"url\":\"http:\\\/\\\/presscouncil-ks.org\\\/?author=2\"}]}<\/script>\n<!-- \/ Yoast SEO plugin. -->","yoast_head_json":{"title":"Savet \u0160tampe doneo odluke o 13 \u017ealbi - K\u00ebshilli i Mediave t\u00eb Shkruara t\u00eb Kosov\u00ebs | P\u00ebr nj\u00eb gazetari etike dhe profesionale","robots":{"index":"index","follow":"follow","max-snippet":"max-snippet:-1","max-image-preview":"max-image-preview:large","max-video-preview":"max-video-preview:-1"},"canonical":"http:\/\/presscouncil-ks.org\/?p=18482&lang=sr","og_locale":"en_US","og_type":"article","og_title":"Savet \u0160tampe doneo odluke o 13 \u017ealbi - K\u00ebshilli i Mediave t\u00eb Shkruara t\u00eb Kosov\u00ebs | P\u00ebr nj\u00eb gazetari etike dhe profesionale","og_description":"Savet \u0160tampe Kosova (S\u0160K) u redovnom sastanku razmotrio je ukupno 13 \u017ealbi. Skup\u0161tina S\u0160K-a odlu\u010dila da pet od njih bude delimi\u010dno usvojene, \u010detiri da se ne usvoje, tri \u017ealbe su progla\u0161ene neprihvatljive i jedna neblagovremena. &nbsp; \u017dalbe su se ticale navodnih kr\u0161enja odre\u0111enih poglavlja Kodeksa za \u0160tampu Kosova, kao \u0161to su Poglavlje II \u2013 Istinito [&hellip;]","og_url":"http:\/\/presscouncil-ks.org\/?p=18482&lang=sr","og_site_name":"K\u00ebshilli i Mediave t\u00eb Shkruara t\u00eb Kosov\u00ebs | P\u00ebr nj\u00eb gazetari etike dhe profesionale","article_publisher":"https:\/\/www.facebook.com\/KMSHKosove","article_published_time":"2026-07-01T13:25:26+00:00","article_modified_time":"2026-07-01T13:26:08+00:00","og_image":[{"width":735,"height":340,"url":"http:\/\/presscouncil-ks.org\/wp-content\/uploads\/2026\/07\/Foto-1-korrik-2026.jpg","type":"image\/jpeg"}],"author":"Editor","twitter_card":"summary_large_image","twitter_misc":{"Written by":"Editor","Est. reading time":"4 minutes"},"schema":{"@context":"https:\/\/schema.org","@graph":[{"@type":"Article","@id":"http:\/\/presscouncil-ks.org\/?p=18482&lang=sr#article","isPartOf":{"@id":"http:\/\/presscouncil-ks.org\/?p=18482&lang=sr"},"author":{"name":"Editor","@id":"http:\/\/presscouncil-ks.org\/#\/schema\/person\/b79d30c61264caeb733239c16cc4d673"},"headline":"Savet \u0160tampe doneo odluke o 13 \u017ealbi","datePublished":"2026-07-01T13:25:26+00:00","dateModified":"2026-07-01T13:26:08+00:00","mainEntityOfPage":{"@id":"http:\/\/presscouncil-ks.org\/?p=18482&lang=sr"},"wordCount":920,"commentCount":0,"publisher":{"@id":"http:\/\/presscouncil-ks.org\/#organization"},"image":{"@id":"http:\/\/presscouncil-ks.org\/?p=18482&lang=sr#primaryimage"},"thumbnailUrl":"http:\/\/presscouncil-ks.org\/wp-content\/uploads\/2026\/07\/Foto-1-korrik-2026.jpg","articleSection":["Vesti"],"inLanguage":"en-US","potentialAction":[{"@type":"CommentAction","name":"Comment","target":["http:\/\/presscouncil-ks.org\/?p=18482&lang=sr#respond"]}]},{"@type":"WebPage","@id":"http:\/\/presscouncil-ks.org\/?p=18482&lang=sr","url":"http:\/\/presscouncil-ks.org\/?p=18482&lang=sr","name":"Savet \u0160tampe doneo odluke o 13 \u017ealbi - K\u00ebshilli i Mediave t\u00eb Shkruara t\u00eb Kosov\u00ebs | P\u00ebr nj\u00eb gazetari etike dhe profesionale","isPartOf":{"@id":"http:\/\/presscouncil-ks.org\/#website"},"primaryImageOfPage":{"@id":"http:\/\/presscouncil-ks.org\/?p=18482&lang=sr#primaryimage"},"image":{"@id":"http:\/\/presscouncil-ks.org\/?p=18482&lang=sr#primaryimage"},"thumbnailUrl":"http:\/\/presscouncil-ks.org\/wp-content\/uploads\/2026\/07\/Foto-1-korrik-2026.jpg","datePublished":"2026-07-01T13:25:26+00:00","dateModified":"2026-07-01T13:26:08+00:00","breadcrumb":{"@id":"http:\/\/presscouncil-ks.org\/?p=18482&lang=sr#breadcrumb"},"inLanguage":"en-US","potentialAction":[{"@type":"ReadAction","target":["http:\/\/presscouncil-ks.org\/?p=18482&lang=sr"]}]},{"@type":"ImageObject","inLanguage":"en-US","@id":"http:\/\/presscouncil-ks.org\/?p=18482&lang=sr#primaryimage","url":"http:\/\/presscouncil-ks.org\/wp-content\/uploads\/2026\/07\/Foto-1-korrik-2026.jpg","contentUrl":"http:\/\/presscouncil-ks.org\/wp-content\/uploads\/2026\/07\/Foto-1-korrik-2026.jpg","width":735,"height":340},{"@type":"BreadcrumbList","@id":"http:\/\/presscouncil-ks.org\/?p=18482&lang=sr#breadcrumb","itemListElement":[{"@type":"ListItem","position":1,"name":"Home","item":"https:\/\/presscouncil-ks.org\/"},{"@type":"ListItem","position":2,"name":"Savet \u0160tampe doneo odluke o 13 \u017ealbi"}]},{"@type":"WebSite","@id":"http:\/\/presscouncil-ks.org\/#website","url":"http:\/\/presscouncil-ks.org\/","name":"https:\/\/presscouncil-ks.org\/","description":"","publisher":{"@id":"http:\/\/presscouncil-ks.org\/#organization"},"potentialAction":[{"@type":"SearchAction","target":{"@type":"EntryPoint","urlTemplate":"http:\/\/presscouncil-ks.org\/?s={search_term_string}"},"query-input":{"@type":"PropertyValueSpecification","valueRequired":true,"valueName":"search_term_string"}}],"inLanguage":"en-US"},{"@type":"Organization","@id":"http:\/\/presscouncil-ks.org\/#organization","name":"K\u00ebshilli i Mediave t\u00eb Shkruara t\u00eb Kosov\u00ebs","url":"http:\/\/presscouncil-ks.org\/","logo":{"@type":"ImageObject","inLanguage":"en-US","@id":"http:\/\/presscouncil-ks.org\/#\/schema\/logo\/image\/","url":"http:\/\/presscouncil-ks.org\/wp-content\/uploads\/2023\/06\/cropped-logo.png","contentUrl":"http:\/\/presscouncil-ks.org\/wp-content\/uploads\/2023\/06\/cropped-logo.png","width":268,"height":166,"caption":"K\u00ebshilli i Mediave t\u00eb Shkruara t\u00eb Kosov\u00ebs"},"image":{"@id":"http:\/\/presscouncil-ks.org\/#\/schema\/logo\/image\/"},"sameAs":["https:\/\/www.facebook.com\/KMSHKosove"]},{"@type":"Person","@id":"http:\/\/presscouncil-ks.org\/#\/schema\/person\/b79d30c61264caeb733239c16cc4d673","name":"Editor","image":{"@type":"ImageObject","inLanguage":"en-US","@id":"https:\/\/secure.gravatar.com\/avatar\/9534865f39e7b3527010ee17196a76d054b16d731a6a5bfe2f92a071c6e9bf4e?s=96&d=mm&r=g","url":"https:\/\/secure.gravatar.com\/avatar\/9534865f39e7b3527010ee17196a76d054b16d731a6a5bfe2f92a071c6e9bf4e?s=96&d=mm&r=g","contentUrl":"https:\/\/secure.gravatar.com\/avatar\/9534865f39e7b3527010ee17196a76d054b16d731a6a5bfe2f92a071c6e9bf4e?s=96&d=mm&r=g","caption":"Editor"},"url":"http:\/\/presscouncil-ks.org\/?author=2"}]}},"_links":{"self":[{"href":"http:\/\/presscouncil-ks.org\/index.php?rest_route=\/wp\/v2\/posts\/18482","targetHints":{"allow":["GET"]}}],"collection":[{"href":"http:\/\/presscouncil-ks.org\/index.php?rest_route=\/wp\/v2\/posts"}],"about":[{"href":"http:\/\/presscouncil-ks.org\/index.php?rest_route=\/wp\/v2\/types\/post"}],"author":[{"embeddable":true,"href":"http:\/\/presscouncil-ks.org\/index.php?rest_route=\/wp\/v2\/users\/2"}],"replies":[{"embeddable":true,"href":"http:\/\/presscouncil-ks.org\/index.php?rest_route=%2Fwp%2Fv2%2Fcomments&post=18482"}],"version-history":[{"count":1,"href":"http:\/\/presscouncil-ks.org\/index.php?rest_route=\/wp\/v2\/posts\/18482\/revisions"}],"predecessor-version":[{"id":18484,"href":"http:\/\/presscouncil-ks.org\/index.php?rest_route=\/wp\/v2\/posts\/18482\/revisions\/18484"}],"wp:featuredmedia":[{"embeddable":true,"href":"http:\/\/presscouncil-ks.org\/index.php?rest_route=\/wp\/v2\/media\/18483"}],"wp:attachment":[{"href":"http:\/\/presscouncil-ks.org\/index.php?rest_route=%2Fwp%2Fv2%2Fmedia&parent=18482"}],"wp:term":[{"taxonomy":"category","embeddable":true,"href":"http:\/\/presscouncil-ks.org\/index.php?rest_route=%2Fwp%2Fv2%2Fcategories&post=18482"},{"taxonomy":"post_tag","embeddable":true,"href":"http:\/\/presscouncil-ks.org\/index.php?rest_route=%2Fwp%2Fv2%2Ftags&post=18482"}],"curies":[{"name":"wp","href":"https:\/\/api.w.org\/{rel}","templated":true}]}}