{"id":18430,"date":"2026-06-18T15:31:05","date_gmt":"2026-06-18T15:31:05","guid":{"rendered":"https:\/\/presscouncil-ks.org\/?p=18430"},"modified":"2026-06-18T15:31:05","modified_gmt":"2026-06-18T15:31:05","slug":"diskutim-per-veteqendrueshmerine-e-kmshk-se","status":"publish","type":"post","link":"http:\/\/presscouncil-ks.org\/?p=18430","title":{"rendered":"Diskutim p\u00ebr vet\u00ebq\u00ebndrueshm\u00ebrin\u00eb e KMShK-s\u00eb"},"content":{"rendered":"<p>Me q\u00ebllim t\u00eb shqyrtimit t\u00eb mund\u00ebsive dhe mekanizmave p\u00ebr forcimin e vet\u00ebq\u00ebndrueshm\u00ebris\u00eb<br \/>\ninstitucionale dhe financiare t\u00eb K\u00ebshillit t\u00eb Mediave t\u00eb Shkruara t\u00eb Kosov\u00ebs (KMShK), n\u00eb<br \/>\nPrishtin\u00eb u mbajt takimi i KMShK-s\u00eb me hisedar\u00ebt dhe partner\u00ebt institucional\u00eb.<\/p>\n<p>N\u00eb takim mor\u00ebn pjes\u00eb p\u00ebrfaq\u00ebsues nga Departamenti i Gazetaris\u00eb i Universitetit t\u00eb Prishtin\u00ebs (UP), Misioni i OSBE-s\u00eb n\u00eb Kosov\u00eb, Asociacioni i Gazetar\u00ebve t\u00eb Kosov\u00ebs (AGK) dhe Komisioni i Pavarur i<br \/>\nMediave (KPM).<\/p>\n<p>Gjat\u00eb takimit u diskutua \u00e7\u00ebshtja e vet\u00ebq\u00ebndrueshm\u00ebris\u00eb s\u00eb KMShK-s\u00eb, me fokus n\u00eb identifikimin<br \/>\ne modeleve t\u00eb mundshme t\u00eb financimit dhe forcimin e kapaciteteve institucionale. Pjes\u00ebmarr\u00ebsit<br \/>\nshqyrtuan mund\u00ebsit\u00eb e sigurimit t\u00eb t\u00eb hyrave n\u00ebp\u00ebrmjet pagesave t\u00eb rregullta t\u00eb an\u00ebtar\u00ebsis\u00eb,<br \/>\nmb\u00ebshtetjes p\u00ebr kosto operative, si dhe formave t\u00eb tjera t\u00eb mb\u00ebshtetjes q\u00eb do t\u00eb kontribuonin n\u00eb<br \/>\nfunksionimin afatgjat\u00eb dhe t\u00eb q\u00ebndruesh\u00ebm t\u00eb KMShK-s\u00eb.<\/p>\n<p>Takimi u vler\u00ebsua si nj\u00eb hap i r\u00ebnd\u00ebsish\u00ebm drejt krijimit t\u00eb nj\u00eb modeli t\u00eb q\u00ebndruesh\u00ebm financiar<br \/>\ndhe forcimit t\u00eb rolit t\u00eb vet\u00ebrregullimit t\u00eb mediave n\u00eb Kosov\u00eb.<\/p>\n<p>Takimi u organizua me mb\u00ebshtetjen e UNESCO-s, n\u00eb kuad\u00ebr t\u00eb projektit \u201dNd\u00ebrtimi i besimit te<br \/>\nmediat n\u00eb Europ\u00ebn Juglindore: Mb\u00ebshtetje p\u00ebr gazetarin\u00eb si e mir\u00eb publike\u201c, i financuar nga<br \/>\nBashkimi Evropian.<\/p>\n","protected":false},"excerpt":{"rendered":"<p>Me q\u00ebllim t\u00eb shqyrtimit t\u00eb mund\u00ebsive dhe mekanizmave p\u00ebr forcimin e vet\u00ebq\u00ebndrueshm\u00ebris\u00eb institucionale dhe financiare t\u00eb K\u00ebshillit t\u00eb Mediave t\u00eb Shkruara t\u00eb Kosov\u00ebs (KMShK), n\u00eb Prishtin\u00eb u mbajt takimi i KMShK-s\u00eb me hisedar\u00ebt dhe partner\u00ebt institucional\u00eb. N\u00eb takim mor\u00ebn pjes\u00eb p\u00ebrfaq\u00ebsues nga Departamenti i Gazetaris\u00eb i Universitetit t\u00eb Prishtin\u00ebs (UP), Misioni i OSBE-s\u00eb n\u00eb Kosov\u00eb, [&hellip;]<\/p>\n","protected":false},"author":2,"featured_media":18418,"comment_status":"open","ping_status":"open","sticky":false,"template":"","format":"standard","meta":{"footnotes":""},"categories":[92],"tags":[],"class_list":["post-18430","post","type-post","status-publish","format-standard","has-post-thumbnail","hentry","category-news-sq"],"acf":{"video_title":"","video":false},"yoast_head":"<!-- This site is optimized with the Yoast SEO plugin v28.3 - https:\/\/yoast.com\/product\/yoast-seo-wordpress\/ -->\n<title>Diskutim p\u00ebr vet\u00ebq\u00ebndrueshm\u00ebrin\u00eb e KMShK-s\u00eb - K\u00ebshilli i Mediave t\u00eb Shkruara t\u00eb Kosov\u00ebs | P\u00ebr nj\u00eb gazetari etike dhe profesionale<\/title>\n<meta name=\"robots\" content=\"index, follow, max-snippet:-1, max-image-preview:large, max-video-preview:-1\" \/>\n<link rel=\"canonical\" href=\"http:\/\/presscouncil-ks.org\/?p=18430\" \/>\n<meta property=\"og:locale\" content=\"en_US\" \/>\n<meta property=\"og:type\" content=\"article\" \/>\n<meta property=\"og:title\" content=\"Diskutim p\u00ebr vet\u00ebq\u00ebndrueshm\u00ebrin\u00eb e KMShK-s\u00eb - K\u00ebshilli i Mediave t\u00eb Shkruara t\u00eb Kosov\u00ebs | P\u00ebr nj\u00eb gazetari etike dhe profesionale\" \/>\n<meta property=\"og:description\" content=\"Me q\u00ebllim t\u00eb shqyrtimit t\u00eb mund\u00ebsive dhe mekanizmave p\u00ebr forcimin e vet\u00ebq\u00ebndrueshm\u00ebris\u00eb institucionale dhe financiare t\u00eb K\u00ebshillit t\u00eb Mediave t\u00eb Shkruara t\u00eb Kosov\u00ebs (KMShK), n\u00eb Prishtin\u00eb u mbajt takimi i KMShK-s\u00eb me hisedar\u00ebt dhe partner\u00ebt institucional\u00eb. N\u00eb takim mor\u00ebn pjes\u00eb p\u00ebrfaq\u00ebsues nga Departamenti i Gazetaris\u00eb i Universitetit t\u00eb Prishtin\u00ebs (UP), Misioni i OSBE-s\u00eb n\u00eb Kosov\u00eb, [&hellip;]\" \/>\n<meta property=\"og:url\" content=\"http:\/\/presscouncil-ks.org\/?p=18430\" \/>\n<meta property=\"og:site_name\" content=\"K\u00ebshilli i Mediave t\u00eb Shkruara t\u00eb Kosov\u00ebs | P\u00ebr nj\u00eb gazetari etike dhe profesionale\" \/>\n<meta property=\"article:publisher\" content=\"https:\/\/www.facebook.com\/KMSHKosove\" \/>\n<meta property=\"article:published_time\" content=\"2026-06-18T15:31:05+00:00\" \/>\n<meta property=\"og:image\" content=\"http:\/\/presscouncil-ks.org\/wp-content\/uploads\/2026\/06\/Foto-kmshk.jpg\" \/>\n\t<meta property=\"og:image:width\" content=\"1512\" \/>\n\t<meta property=\"og:image:height\" content=\"1028\" \/>\n\t<meta property=\"og:image:type\" content=\"image\/jpeg\" \/>\n<meta name=\"author\" content=\"Editor\" \/>\n<meta name=\"twitter:card\" content=\"summary_large_image\" \/>\n<meta name=\"twitter:label1\" content=\"Written by\" \/>\n\t<meta name=\"twitter:data1\" content=\"Editor\" \/>\n\t<meta name=\"twitter:label2\" content=\"Est. reading time\" \/>\n\t<meta name=\"twitter:data2\" content=\"2 minutes\" \/>\n<script type=\"application\/ld+json\" class=\"yoast-schema-graph\">{\"@context\":\"https:\\\/\\\/schema.org\",\"@graph\":[{\"@type\":\"Article\",\"@id\":\"http:\\\/\\\/presscouncil-ks.org\\\/?p=18430#article\",\"isPartOf\":{\"@id\":\"http:\\\/\\\/presscouncil-ks.org\\\/?p=18430\"},\"author\":{\"name\":\"Editor\",\"@id\":\"http:\\\/\\\/presscouncil-ks.org\\\/#\\\/schema\\\/person\\\/b79d30c61264caeb733239c16cc4d673\"},\"headline\":\"Diskutim p\u00ebr vet\u00ebq\u00ebndrueshm\u00ebrin\u00eb e KMShK-s\u00eb\",\"datePublished\":\"2026-06-18T15:31:05+00:00\",\"mainEntityOfPage\":{\"@id\":\"http:\\\/\\\/presscouncil-ks.org\\\/?p=18430\"},\"wordCount\":239,\"commentCount\":0,\"publisher\":{\"@id\":\"http:\\\/\\\/presscouncil-ks.org\\\/#organization\"},\"image\":{\"@id\":\"http:\\\/\\\/presscouncil-ks.org\\\/?p=18430#primaryimage\"},\"thumbnailUrl\":\"http:\\\/\\\/presscouncil-ks.org\\\/wp-content\\\/uploads\\\/2026\\\/06\\\/Foto-kmshk.jpg\",\"articleSection\":[\"Lajm\"],\"inLanguage\":\"en-US\",\"potentialAction\":[{\"@type\":\"CommentAction\",\"name\":\"Comment\",\"target\":[\"http:\\\/\\\/presscouncil-ks.org\\\/?p=18430#respond\"]}]},{\"@type\":\"WebPage\",\"@id\":\"http:\\\/\\\/presscouncil-ks.org\\\/?p=18430\",\"url\":\"http:\\\/\\\/presscouncil-ks.org\\\/?p=18430\",\"name\":\"Diskutim p\u00ebr vet\u00ebq\u00ebndrueshm\u00ebrin\u00eb e KMShK-s\u00eb - K\u00ebshilli i Mediave t\u00eb Shkruara t\u00eb Kosov\u00ebs | P\u00ebr nj\u00eb gazetari etike dhe profesionale\",\"isPartOf\":{\"@id\":\"http:\\\/\\\/presscouncil-ks.org\\\/#website\"},\"primaryImageOfPage\":{\"@id\":\"http:\\\/\\\/presscouncil-ks.org\\\/?p=18430#primaryimage\"},\"image\":{\"@id\":\"http:\\\/\\\/presscouncil-ks.org\\\/?p=18430#primaryimage\"},\"thumbnailUrl\":\"http:\\\/\\\/presscouncil-ks.org\\\/wp-content\\\/uploads\\\/2026\\\/06\\\/Foto-kmshk.jpg\",\"datePublished\":\"2026-06-18T15:31:05+00:00\",\"breadcrumb\":{\"@id\":\"http:\\\/\\\/presscouncil-ks.org\\\/?p=18430#breadcrumb\"},\"inLanguage\":\"en-US\",\"potentialAction\":[{\"@type\":\"ReadAction\",\"target\":[\"http:\\\/\\\/presscouncil-ks.org\\\/?p=18430\"]}]},{\"@type\":\"ImageObject\",\"inLanguage\":\"en-US\",\"@id\":\"http:\\\/\\\/presscouncil-ks.org\\\/?p=18430#primaryimage\",\"url\":\"http:\\\/\\\/presscouncil-ks.org\\\/wp-content\\\/uploads\\\/2026\\\/06\\\/Foto-kmshk.jpg\",\"contentUrl\":\"http:\\\/\\\/presscouncil-ks.org\\\/wp-content\\\/uploads\\\/2026\\\/06\\\/Foto-kmshk.jpg\",\"width\":1512,\"height\":1028},{\"@type\":\"BreadcrumbList\",\"@id\":\"http:\\\/\\\/presscouncil-ks.org\\\/?p=18430#breadcrumb\",\"itemListElement\":[{\"@type\":\"ListItem\",\"position\":1,\"name\":\"Home\",\"item\":\"https:\\\/\\\/presscouncil-ks.org\\\/\"},{\"@type\":\"ListItem\",\"position\":2,\"name\":\"Diskutim p\u00ebr vet\u00ebq\u00ebndrueshm\u00ebrin\u00eb e KMShK-s\u00eb\"}]},{\"@type\":\"WebSite\",\"@id\":\"http:\\\/\\\/presscouncil-ks.org\\\/#website\",\"url\":\"http:\\\/\\\/presscouncil-ks.org\\\/\",\"name\":\"https:\\\/\\\/presscouncil-ks.org\\\/\",\"description\":\"\",\"publisher\":{\"@id\":\"http:\\\/\\\/presscouncil-ks.org\\\/#organization\"},\"potentialAction\":[{\"@type\":\"SearchAction\",\"target\":{\"@type\":\"EntryPoint\",\"urlTemplate\":\"http:\\\/\\\/presscouncil-ks.org\\\/?s={search_term_string}\"},\"query-input\":{\"@type\":\"PropertyValueSpecification\",\"valueRequired\":true,\"valueName\":\"search_term_string\"}}],\"inLanguage\":\"en-US\"},{\"@type\":\"Organization\",\"@id\":\"http:\\\/\\\/presscouncil-ks.org\\\/#organization\",\"name\":\"K\u00ebshilli i Mediave t\u00eb Shkruara t\u00eb Kosov\u00ebs\",\"url\":\"http:\\\/\\\/presscouncil-ks.org\\\/\",\"logo\":{\"@type\":\"ImageObject\",\"inLanguage\":\"en-US\",\"@id\":\"http:\\\/\\\/presscouncil-ks.org\\\/#\\\/schema\\\/logo\\\/image\\\/\",\"url\":\"http:\\\/\\\/presscouncil-ks.org\\\/wp-content\\\/uploads\\\/2023\\\/06\\\/cropped-logo.png\",\"contentUrl\":\"http:\\\/\\\/presscouncil-ks.org\\\/wp-content\\\/uploads\\\/2023\\\/06\\\/cropped-logo.png\",\"width\":268,\"height\":166,\"caption\":\"K\u00ebshilli i Mediave t\u00eb Shkruara t\u00eb Kosov\u00ebs\"},\"image\":{\"@id\":\"http:\\\/\\\/presscouncil-ks.org\\\/#\\\/schema\\\/logo\\\/image\\\/\"},\"sameAs\":[\"https:\\\/\\\/www.facebook.com\\\/KMSHKosove\"]},{\"@type\":\"Person\",\"@id\":\"http:\\\/\\\/presscouncil-ks.org\\\/#\\\/schema\\\/person\\\/b79d30c61264caeb733239c16cc4d673\",\"name\":\"Editor\",\"image\":{\"@type\":\"ImageObject\",\"inLanguage\":\"en-US\",\"@id\":\"https:\\\/\\\/secure.gravatar.com\\\/avatar\\\/9534865f39e7b3527010ee17196a76d054b16d731a6a5bfe2f92a071c6e9bf4e?s=96&d=mm&r=g\",\"url\":\"https:\\\/\\\/secure.gravatar.com\\\/avatar\\\/9534865f39e7b3527010ee17196a76d054b16d731a6a5bfe2f92a071c6e9bf4e?s=96&d=mm&r=g\",\"contentUrl\":\"https:\\\/\\\/secure.gravatar.com\\\/avatar\\\/9534865f39e7b3527010ee17196a76d054b16d731a6a5bfe2f92a071c6e9bf4e?s=96&d=mm&r=g\",\"caption\":\"Editor\"},\"url\":\"http:\\\/\\\/presscouncil-ks.org\\\/?author=2\"}]}<\/script>\n<!-- \/ Yoast SEO plugin. -->","yoast_head_json":{"title":"Diskutim p\u00ebr vet\u00ebq\u00ebndrueshm\u00ebrin\u00eb e KMShK-s\u00eb - K\u00ebshilli i Mediave t\u00eb Shkruara t\u00eb Kosov\u00ebs | P\u00ebr nj\u00eb gazetari etike dhe profesionale","robots":{"index":"index","follow":"follow","max-snippet":"max-snippet:-1","max-image-preview":"max-image-preview:large","max-video-preview":"max-video-preview:-1"},"canonical":"http:\/\/presscouncil-ks.org\/?p=18430","og_locale":"en_US","og_type":"article","og_title":"Diskutim p\u00ebr vet\u00ebq\u00ebndrueshm\u00ebrin\u00eb e KMShK-s\u00eb - K\u00ebshilli i Mediave t\u00eb Shkruara t\u00eb Kosov\u00ebs | P\u00ebr nj\u00eb gazetari etike dhe profesionale","og_description":"Me q\u00ebllim t\u00eb shqyrtimit t\u00eb mund\u00ebsive dhe mekanizmave p\u00ebr forcimin e vet\u00ebq\u00ebndrueshm\u00ebris\u00eb institucionale dhe financiare t\u00eb K\u00ebshillit t\u00eb Mediave t\u00eb Shkruara t\u00eb Kosov\u00ebs (KMShK), n\u00eb Prishtin\u00eb u mbajt takimi i KMShK-s\u00eb me hisedar\u00ebt dhe partner\u00ebt institucional\u00eb. N\u00eb takim mor\u00ebn pjes\u00eb p\u00ebrfaq\u00ebsues nga Departamenti i Gazetaris\u00eb i Universitetit t\u00eb Prishtin\u00ebs (UP), Misioni i OSBE-s\u00eb n\u00eb Kosov\u00eb, [&hellip;]","og_url":"http:\/\/presscouncil-ks.org\/?p=18430","og_site_name":"K\u00ebshilli i Mediave t\u00eb Shkruara t\u00eb Kosov\u00ebs | P\u00ebr nj\u00eb gazetari etike dhe profesionale","article_publisher":"https:\/\/www.facebook.com\/KMSHKosove","article_published_time":"2026-06-18T15:31:05+00:00","og_image":[{"width":1512,"height":1028,"url":"http:\/\/presscouncil-ks.org\/wp-content\/uploads\/2026\/06\/Foto-kmshk.jpg","type":"image\/jpeg"}],"author":"Editor","twitter_card":"summary_large_image","twitter_misc":{"Written by":"Editor","Est. reading time":"2 minutes"},"schema":{"@context":"https:\/\/schema.org","@graph":[{"@type":"Article","@id":"http:\/\/presscouncil-ks.org\/?p=18430#article","isPartOf":{"@id":"http:\/\/presscouncil-ks.org\/?p=18430"},"author":{"name":"Editor","@id":"http:\/\/presscouncil-ks.org\/#\/schema\/person\/b79d30c61264caeb733239c16cc4d673"},"headline":"Diskutim p\u00ebr vet\u00ebq\u00ebndrueshm\u00ebrin\u00eb e KMShK-s\u00eb","datePublished":"2026-06-18T15:31:05+00:00","mainEntityOfPage":{"@id":"http:\/\/presscouncil-ks.org\/?p=18430"},"wordCount":239,"commentCount":0,"publisher":{"@id":"http:\/\/presscouncil-ks.org\/#organization"},"image":{"@id":"http:\/\/presscouncil-ks.org\/?p=18430#primaryimage"},"thumbnailUrl":"http:\/\/presscouncil-ks.org\/wp-content\/uploads\/2026\/06\/Foto-kmshk.jpg","articleSection":["Lajm"],"inLanguage":"en-US","potentialAction":[{"@type":"CommentAction","name":"Comment","target":["http:\/\/presscouncil-ks.org\/?p=18430#respond"]}]},{"@type":"WebPage","@id":"http:\/\/presscouncil-ks.org\/?p=18430","url":"http:\/\/presscouncil-ks.org\/?p=18430","name":"Diskutim p\u00ebr vet\u00ebq\u00ebndrueshm\u00ebrin\u00eb e KMShK-s\u00eb - K\u00ebshilli i Mediave t\u00eb Shkruara t\u00eb Kosov\u00ebs | P\u00ebr nj\u00eb gazetari etike dhe profesionale","isPartOf":{"@id":"http:\/\/presscouncil-ks.org\/#website"},"primaryImageOfPage":{"@id":"http:\/\/presscouncil-ks.org\/?p=18430#primaryimage"},"image":{"@id":"http:\/\/presscouncil-ks.org\/?p=18430#primaryimage"},"thumbnailUrl":"http:\/\/presscouncil-ks.org\/wp-content\/uploads\/2026\/06\/Foto-kmshk.jpg","datePublished":"2026-06-18T15:31:05+00:00","breadcrumb":{"@id":"http:\/\/presscouncil-ks.org\/?p=18430#breadcrumb"},"inLanguage":"en-US","potentialAction":[{"@type":"ReadAction","target":["http:\/\/presscouncil-ks.org\/?p=18430"]}]},{"@type":"ImageObject","inLanguage":"en-US","@id":"http:\/\/presscouncil-ks.org\/?p=18430#primaryimage","url":"http:\/\/presscouncil-ks.org\/wp-content\/uploads\/2026\/06\/Foto-kmshk.jpg","contentUrl":"http:\/\/presscouncil-ks.org\/wp-content\/uploads\/2026\/06\/Foto-kmshk.jpg","width":1512,"height":1028},{"@type":"BreadcrumbList","@id":"http:\/\/presscouncil-ks.org\/?p=18430#breadcrumb","itemListElement":[{"@type":"ListItem","position":1,"name":"Home","item":"https:\/\/presscouncil-ks.org\/"},{"@type":"ListItem","position":2,"name":"Diskutim p\u00ebr vet\u00ebq\u00ebndrueshm\u00ebrin\u00eb e KMShK-s\u00eb"}]},{"@type":"WebSite","@id":"http:\/\/presscouncil-ks.org\/#website","url":"http:\/\/presscouncil-ks.org\/","name":"https:\/\/presscouncil-ks.org\/","description":"","publisher":{"@id":"http:\/\/presscouncil-ks.org\/#organization"},"potentialAction":[{"@type":"SearchAction","target":{"@type":"EntryPoint","urlTemplate":"http:\/\/presscouncil-ks.org\/?s={search_term_string}"},"query-input":{"@type":"PropertyValueSpecification","valueRequired":true,"valueName":"search_term_string"}}],"inLanguage":"en-US"},{"@type":"Organization","@id":"http:\/\/presscouncil-ks.org\/#organization","name":"K\u00ebshilli i Mediave t\u00eb Shkruara t\u00eb Kosov\u00ebs","url":"http:\/\/presscouncil-ks.org\/","logo":{"@type":"ImageObject","inLanguage":"en-US","@id":"http:\/\/presscouncil-ks.org\/#\/schema\/logo\/image\/","url":"http:\/\/presscouncil-ks.org\/wp-content\/uploads\/2023\/06\/cropped-logo.png","contentUrl":"http:\/\/presscouncil-ks.org\/wp-content\/uploads\/2023\/06\/cropped-logo.png","width":268,"height":166,"caption":"K\u00ebshilli i Mediave t\u00eb Shkruara t\u00eb Kosov\u00ebs"},"image":{"@id":"http:\/\/presscouncil-ks.org\/#\/schema\/logo\/image\/"},"sameAs":["https:\/\/www.facebook.com\/KMSHKosove"]},{"@type":"Person","@id":"http:\/\/presscouncil-ks.org\/#\/schema\/person\/b79d30c61264caeb733239c16cc4d673","name":"Editor","image":{"@type":"ImageObject","inLanguage":"en-US","@id":"https:\/\/secure.gravatar.com\/avatar\/9534865f39e7b3527010ee17196a76d054b16d731a6a5bfe2f92a071c6e9bf4e?s=96&d=mm&r=g","url":"https:\/\/secure.gravatar.com\/avatar\/9534865f39e7b3527010ee17196a76d054b16d731a6a5bfe2f92a071c6e9bf4e?s=96&d=mm&r=g","contentUrl":"https:\/\/secure.gravatar.com\/avatar\/9534865f39e7b3527010ee17196a76d054b16d731a6a5bfe2f92a071c6e9bf4e?s=96&d=mm&r=g","caption":"Editor"},"url":"http:\/\/presscouncil-ks.org\/?author=2"}]}},"_links":{"self":[{"href":"http:\/\/presscouncil-ks.org\/index.php?rest_route=\/wp\/v2\/posts\/18430","targetHints":{"allow":["GET"]}}],"collection":[{"href":"http:\/\/presscouncil-ks.org\/index.php?rest_route=\/wp\/v2\/posts"}],"about":[{"href":"http:\/\/presscouncil-ks.org\/index.php?rest_route=\/wp\/v2\/types\/post"}],"author":[{"embeddable":true,"href":"http:\/\/presscouncil-ks.org\/index.php?rest_route=\/wp\/v2\/users\/2"}],"replies":[{"embeddable":true,"href":"http:\/\/presscouncil-ks.org\/index.php?rest_route=%2Fwp%2Fv2%2Fcomments&post=18430"}],"version-history":[{"count":1,"href":"http:\/\/presscouncil-ks.org\/index.php?rest_route=\/wp\/v2\/posts\/18430\/revisions"}],"predecessor-version":[{"id":18431,"href":"http:\/\/presscouncil-ks.org\/index.php?rest_route=\/wp\/v2\/posts\/18430\/revisions\/18431"}],"wp:featuredmedia":[{"embeddable":true,"href":"http:\/\/presscouncil-ks.org\/index.php?rest_route=\/wp\/v2\/media\/18418"}],"wp:attachment":[{"href":"http:\/\/presscouncil-ks.org\/index.php?rest_route=%2Fwp%2Fv2%2Fmedia&parent=18430"}],"wp:term":[{"taxonomy":"category","embeddable":true,"href":"http:\/\/presscouncil-ks.org\/index.php?rest_route=%2Fwp%2Fv2%2Fcategories&post=18430"},{"taxonomy":"post_tag","embeddable":true,"href":"http:\/\/presscouncil-ks.org\/index.php?rest_route=%2Fwp%2Fv2%2Ftags&post=18430"}],"curies":[{"name":"wp","href":"https:\/\/api.w.org\/{rel}","templated":true}]}}