{"id":18348,"date":"2026-05-29T08:05:12","date_gmt":"2026-05-29T08:05:12","guid":{"rendered":"https:\/\/presscouncil-ks.org\/?p=18348"},"modified":"2026-05-29T12:35:05","modified_gmt":"2026-05-29T12:35:05","slug":"kuvendi-i-kmshk-se-mori-vendim-per-11-ankesa-2","status":"publish","type":"post","link":"http:\/\/presscouncil-ks.org\/?p=18348","title":{"rendered":"Kuvendi i KMShK-s\u00eb mori vendim p\u00ebr 11 ankesa"},"content":{"rendered":"<p><em><strong>K\u00ebshilli i Mediave t\u00eb Shkruara t\u00eb Kosov\u00ebs (KMShK) n\u00eb mbledhjen e rregullt ka shqyrtuar <\/strong><\/em><em><strong>gjithsej 11 ankesa. <\/strong><\/em><\/p>\n<p>An\u00ebtar\u00ebt e Kuvendit t\u00eb KMShK-s\u00eb kan\u00eb vendosur q\u00eb t\u00eb miratohen kat\u00ebr nga to, nj\u00eb t\u00eb miratohet pjes\u00ebrisht, tri ankesa t\u00eb shpallen t\u00eb patrajtueshme dhe tri t\u00eb tjera t\u00eb paafatshme.<\/p>\n<p>Ankesat kishin t\u00eb b\u00ebnin me pretendimet p\u00ebr shkeljen e kapitujve t\u00eb caktuar t\u00eb Kodit t\u00eb Mediave<br \/>\nt\u00eb Shkruara t\u00eb Kosov\u00ebs, p\u00ebrkat\u00ebsisht Kapitullit II &#8211; Raportimi i s\u00eb v\u00ebrtet\u00ebs, Kapitullit IV &#8211; E drejta<br \/>\np\u00ebr t\u2019u p\u00ebrgjigjur, Kapitullit Kapitullit VI &#8211; Trajtimi i tragjedive personale, mbrojtja e f\u00ebmij\u00ebve<br \/>\ndhe t\u00eb miturve, Kapitullit VII &#8211; Privat\u00ebsia dhe mbrojtja e burimeve dhe Kapitullit X \u2013 Konflikti i<br \/>\ninteresit.<\/p>\n<p>KMShK ka miratuar ankes\u00ebn e Nasuf Hasanit kund\u00ebr Sinjali.com p\u00ebr shkrimin me titull \u201cI<br \/>\nmerret licenca avokatit Nasuf Hasani &#8211; publikohen audio ku d\u00ebgjohet duke share r\u00ebnd\u00eb stafin e<br \/>\nOd\u00ebs\u201d, duke konstatuar se jan\u00eb shkelur kapitujt II, IV dhe X t\u00eb Kodit t\u00eb Mediave t\u00eb Shkruara t\u00eb<br \/>\nKosov\u00ebs, t\u00eb cil\u00ebt kan\u00eb t\u00eb b\u00ebjn\u00eb me raportimin e s\u00eb v\u00ebrtet\u00ebs, p\u00ebrkat\u00ebsisht t\u00eb drejt\u00ebn p\u00ebr t\u2019u<br \/>\np\u00ebrgjigjur, p\u00ebrkat\u00ebsisht konfliktin e interesit.<\/p>\n<p>KMShK ka miratuar ankes\u00ebn e Nasuf Hasanit kund\u00ebr Indeksonline.net p\u00ebr shkrimin me titull \u201cI<br \/>\nmerret licenca avokatit Nasuf Hasani \u2013 publikohen audio ku d\u00ebgjohet duke share r\u00ebnd\u00eb stafin e<br \/>\nOd\u00ebs\u201d, duke konstatuar se jan\u00eb shkelur kapitujt II dhe IV t\u00eb Kodit t\u00eb Mediave t\u00eb Shkruara t\u00eb<br \/>\nKosov\u00ebs, t\u00eb cil\u00ebt kan\u00eb t\u00eb b\u00ebjn\u00eb me raportimin e s\u00eb v\u00ebrtet\u00ebs, p\u00ebrkat\u00ebsisht t\u00eb drejt\u00ebn p\u00ebr t\u2019u<br \/>\np\u00ebrgjigjur.<\/p>\n<p>KMShK ka miratuar ankes\u00ebn e Fjona Gashit kund\u00ebr Sinjali.com p\u00ebr shkrimin me titull<br \/>\n\u201cEkskluzive: U filmua duke gjuajtur me arm\u00eb n\u00eb aheng \u2013 30-vje\u00e7ari paraqitet vet\u00eb n\u00eb Polici n\u00eb<br \/>\nPrizren\u201d, duke konstatuar se \u00ebsht\u00eb shkelur Kapitulli VII i Kodit t\u00eb Mediave t\u00eb Shkruara t\u00eb<br \/>\nKosov\u00ebs, i cili ka t\u00eb b\u00ebj\u00eb me privat\u00ebsin\u00eb.<\/p>\n<p>KMShK ka miratuar ankes\u00ebn e Granit \u00c7ak\u00ebs kund\u00ebr Sinjali.com p\u00ebr shkrimin me titull<br \/>\n\u201cEkskluzive: Sherri familjar n\u00eb Ka\u00e7anik del jasht\u00eb kontrollit \u2013 mesazhe k\u00ebrc\u00ebnuese dhe drog\u00eb n\u00eb<br \/>\nsht\u00ebpi, arrestohet i dyshuari, duke konstatuar se \u00ebsht\u00eb shkelur Kapitulli VII i Kodit t\u00eb Mediave t\u00eb<br \/>\nShkruara t\u00eb Kosov\u00ebs, i cili ka t\u00eb b\u00ebj\u00eb me privat\u00ebsin\u00eb.<\/p>\n<p>KMShK ka miratuar pjes\u00ebrisht ankes\u00ebn e Kabinetit t\u00eb U.D. s\u00eb Presidentes s\u00eb Republik\u00ebs s\u00eb<br \/>\nKosov\u00ebs kund\u00ebr Klankosova.tv p\u00ebr shkrimet me tituj \u201cHaxhiu e largon flamurin dardan nga<br \/>\nZyra e Presidenc\u00ebs (Video)?\u201d dhe \u201c\u2019Pas flamurit dardan, Albulena Haxhiu e \u2018zhduk\u2019 nga<br \/>\npostimet edhe statuj\u00ebn e Ibrahim Rugov\u00ebs? (Foto)\u2019\u201d, duke konstatuar se jan\u00eb shkelur pjes\u00ebrisht kapitujt II dhe IV t\u00eb Kodit t\u00eb Mediave t\u00eb Shkruara t\u00eb Kosov\u00ebs t\u00eb cil\u00ebt kan\u00eb t\u00eb b\u00ebjn\u00eb me raportimin e s\u00eb<br \/>\nv\u00ebrtet\u00ebs, p\u00ebrkat\u00ebsisht t\u00eb drejt\u00ebn p\u00ebr t\u2019u p\u00ebrgjigjur.<\/p>\n<p>KMShK e ka shpallur t\u00eb patrajtueshme ankes\u00ebn e Kaltrina Gashit kund\u00ebr Klankosova,tv,<br \/>\nPaparaci.com dhe Rrafshi i Dukagjinit n\u00eb Fokus, duke konstatuar se nuk jan\u00eb gjetur p\u00ebrmbajtjet<br \/>\nmediale p\u00ebr t\u00eb cilat \u00ebsht\u00eb paraqitur ankesa, andaj edhe nuk ka pasur mund\u00ebsi t\u00eb trajtohet.<\/p>\n<p>KMShK e ka shpallur t\u00eb patrajtueshme ankes\u00ebn e Ardenisa Gashit kund\u00ebr Klankosova,tv,<br \/>\nPaparaci.com dhe Rrafshi i Dukagjinit n\u00eb Fokus, duke konstatuar se nuk jan\u00eb gjetur p\u00ebrmbajtjet<br \/>\nmediale p\u00ebr t\u00eb cilat \u00ebsht\u00eb paraqitur ankesa, andaj edhe nuk ka pasur mund\u00ebsi t\u00eb trajtohet.<\/p>\n<p>KMShK e ka shpallur t\u00eb patrajtueshme ankes\u00ebn e Arb\u00ebr Eminit kund\u00ebr Plus Televizion, pasi q\u00eb<br \/>\nnuk ka kompetenc\u00eb t\u00eb trajtoj\u00eb p\u00ebrmbajtjet e transmetuara n\u00eb televizion. Pala ankuese mund t\u2019i<br \/>\ndrejtohet Komisionit t\u00eb Pavarur t\u00eb Mediave (KPM).<\/p>\n<p>KMShK e ka shpallur t\u00eb paafatshme ankes\u00ebn e Besmire Klun\u00ebs kund\u00ebr Gazetablic.com,<br \/>\nSinjali.com, Botasot.info, Gazetaenigma.com, Syri.net, Kosova.info dhe Drenicaonline.com.<br \/>\nKMShK e ka shpallur t\u00eb paafatshme ankes\u00ebn e Xhevat Mustaf\u00ebs kund\u00ebr Sinjali.com.<\/p>\n<p>KMShK e ka shpallur t\u00eb paafatshme ankes\u00ebn e Valmir Hoxh\u00ebs kund\u00ebr Demokracia.com,<br \/>\nNacionale.com dhe Periskopi.com.<\/p>\n<p>Takimi i KMShK-s\u00eb u organizua me mb\u00ebshtetjen e UNESCO-s, n\u00eb kuad\u00ebr t\u00eb projektit \u201dNd\u00ebrtimi i besimit te mediat n\u00eb Europ\u00ebn Juglindore: Mb\u00ebshtetje p\u00ebr gazetarin\u00eb si e mir\u00eb publike\u201c, i financuar nga Bashkimi Evropian.<\/p>\n","protected":false},"excerpt":{"rendered":"<p>K\u00ebshilli i Mediave t\u00eb Shkruara t\u00eb Kosov\u00ebs (KMShK) n\u00eb mbledhjen e rregullt ka shqyrtuar gjithsej 11 ankesa. An\u00ebtar\u00ebt e Kuvendit t\u00eb KMShK-s\u00eb kan\u00eb vendosur q\u00eb t\u00eb miratohen kat\u00ebr nga to, nj\u00eb t\u00eb miratohet pjes\u00ebrisht, tri ankesa t\u00eb shpallen t\u00eb patrajtueshme dhe tri t\u00eb tjera t\u00eb paafatshme. Ankesat kishin t\u00eb b\u00ebnin me pretendimet p\u00ebr shkeljen e [&hellip;]<\/p>\n","protected":false},"author":2,"featured_media":18344,"comment_status":"open","ping_status":"open","sticky":false,"template":"","format":"standard","meta":{"footnotes":""},"categories":[92],"tags":[],"class_list":["post-18348","post","type-post","status-publish","format-standard","has-post-thumbnail","hentry","category-news-sq"],"acf":{"video_title":"","video":false},"yoast_head":"<!-- This site is optimized with the Yoast SEO plugin v28.3 - https:\/\/yoast.com\/product\/yoast-seo-wordpress\/ -->\n<title>Kuvendi i KMShK-s\u00eb mori vendim p\u00ebr 11 ankesa - K\u00ebshilli i Mediave t\u00eb Shkruara t\u00eb Kosov\u00ebs | P\u00ebr nj\u00eb gazetari etike dhe profesionale<\/title>\n<meta name=\"robots\" content=\"index, follow, max-snippet:-1, max-image-preview:large, max-video-preview:-1\" \/>\n<link rel=\"canonical\" href=\"http:\/\/presscouncil-ks.org\/?p=18348\" \/>\n<meta property=\"og:locale\" content=\"en_US\" \/>\n<meta property=\"og:type\" content=\"article\" \/>\n<meta property=\"og:title\" content=\"Kuvendi i KMShK-s\u00eb mori vendim p\u00ebr 11 ankesa - K\u00ebshilli i Mediave t\u00eb Shkruara t\u00eb Kosov\u00ebs | P\u00ebr nj\u00eb gazetari etike dhe profesionale\" \/>\n<meta property=\"og:description\" content=\"K\u00ebshilli i Mediave t\u00eb Shkruara t\u00eb Kosov\u00ebs (KMShK) n\u00eb mbledhjen e rregullt ka shqyrtuar gjithsej 11 ankesa. An\u00ebtar\u00ebt e Kuvendit t\u00eb KMShK-s\u00eb kan\u00eb vendosur q\u00eb t\u00eb miratohen kat\u00ebr nga to, nj\u00eb t\u00eb miratohet pjes\u00ebrisht, tri ankesa t\u00eb shpallen t\u00eb patrajtueshme dhe tri t\u00eb tjera t\u00eb paafatshme. Ankesat kishin t\u00eb b\u00ebnin me pretendimet p\u00ebr shkeljen e [&hellip;]\" \/>\n<meta property=\"og:url\" content=\"http:\/\/presscouncil-ks.org\/?p=18348\" \/>\n<meta property=\"og:site_name\" content=\"K\u00ebshilli i Mediave t\u00eb Shkruara t\u00eb Kosov\u00ebs | P\u00ebr nj\u00eb gazetari etike dhe profesionale\" \/>\n<meta property=\"article:publisher\" content=\"https:\/\/www.facebook.com\/KMSHKosove\" \/>\n<meta property=\"article:published_time\" content=\"2026-05-29T08:05:12+00:00\" \/>\n<meta property=\"article:modified_time\" content=\"2026-05-29T12:35:05+00:00\" \/>\n<meta property=\"og:image\" content=\"http:\/\/presscouncil-ks.org\/wp-content\/uploads\/2026\/05\/mbledhja-e-bordit-maj-2026-29.jpg\" \/>\n\t<meta property=\"og:image:width\" content=\"800\" \/>\n\t<meta property=\"og:image:height\" content=\"405\" \/>\n\t<meta property=\"og:image:type\" content=\"image\/jpeg\" \/>\n<meta name=\"author\" content=\"Editor\" \/>\n<meta name=\"twitter:card\" content=\"summary_large_image\" \/>\n<meta name=\"twitter:label1\" content=\"Written by\" \/>\n\t<meta name=\"twitter:data1\" content=\"Editor\" \/>\n\t<meta name=\"twitter:label2\" content=\"Est. reading time\" \/>\n\t<meta name=\"twitter:data2\" content=\"3 minutes\" \/>\n<script type=\"application\/ld+json\" class=\"yoast-schema-graph\">{\"@context\":\"https:\\\/\\\/schema.org\",\"@graph\":[{\"@type\":\"Article\",\"@id\":\"http:\\\/\\\/presscouncil-ks.org\\\/?p=18348#article\",\"isPartOf\":{\"@id\":\"http:\\\/\\\/presscouncil-ks.org\\\/?p=18348\"},\"author\":{\"name\":\"Editor\",\"@id\":\"http:\\\/\\\/presscouncil-ks.org\\\/#\\\/schema\\\/person\\\/b79d30c61264caeb733239c16cc4d673\"},\"headline\":\"Kuvendi i KMShK-s\u00eb mori vendim p\u00ebr 11 ankesa\",\"datePublished\":\"2026-05-29T08:05:12+00:00\",\"dateModified\":\"2026-05-29T12:35:05+00:00\",\"mainEntityOfPage\":{\"@id\":\"http:\\\/\\\/presscouncil-ks.org\\\/?p=18348\"},\"wordCount\":773,\"commentCount\":0,\"publisher\":{\"@id\":\"http:\\\/\\\/presscouncil-ks.org\\\/#organization\"},\"image\":{\"@id\":\"http:\\\/\\\/presscouncil-ks.org\\\/?p=18348#primaryimage\"},\"thumbnailUrl\":\"http:\\\/\\\/presscouncil-ks.org\\\/wp-content\\\/uploads\\\/2026\\\/05\\\/mbledhja-e-bordit-maj-2026-29.jpg\",\"articleSection\":[\"Lajm\"],\"inLanguage\":\"en-US\",\"potentialAction\":[{\"@type\":\"CommentAction\",\"name\":\"Comment\",\"target\":[\"http:\\\/\\\/presscouncil-ks.org\\\/?p=18348#respond\"]}]},{\"@type\":\"WebPage\",\"@id\":\"http:\\\/\\\/presscouncil-ks.org\\\/?p=18348\",\"url\":\"http:\\\/\\\/presscouncil-ks.org\\\/?p=18348\",\"name\":\"Kuvendi i KMShK-s\u00eb mori vendim p\u00ebr 11 ankesa - K\u00ebshilli i Mediave t\u00eb Shkruara t\u00eb Kosov\u00ebs | P\u00ebr nj\u00eb gazetari etike dhe profesionale\",\"isPartOf\":{\"@id\":\"http:\\\/\\\/presscouncil-ks.org\\\/#website\"},\"primaryImageOfPage\":{\"@id\":\"http:\\\/\\\/presscouncil-ks.org\\\/?p=18348#primaryimage\"},\"image\":{\"@id\":\"http:\\\/\\\/presscouncil-ks.org\\\/?p=18348#primaryimage\"},\"thumbnailUrl\":\"http:\\\/\\\/presscouncil-ks.org\\\/wp-content\\\/uploads\\\/2026\\\/05\\\/mbledhja-e-bordit-maj-2026-29.jpg\",\"datePublished\":\"2026-05-29T08:05:12+00:00\",\"dateModified\":\"2026-05-29T12:35:05+00:00\",\"breadcrumb\":{\"@id\":\"http:\\\/\\\/presscouncil-ks.org\\\/?p=18348#breadcrumb\"},\"inLanguage\":\"en-US\",\"potentialAction\":[{\"@type\":\"ReadAction\",\"target\":[\"http:\\\/\\\/presscouncil-ks.org\\\/?p=18348\"]}]},{\"@type\":\"ImageObject\",\"inLanguage\":\"en-US\",\"@id\":\"http:\\\/\\\/presscouncil-ks.org\\\/?p=18348#primaryimage\",\"url\":\"http:\\\/\\\/presscouncil-ks.org\\\/wp-content\\\/uploads\\\/2026\\\/05\\\/mbledhja-e-bordit-maj-2026-29.jpg\",\"contentUrl\":\"http:\\\/\\\/presscouncil-ks.org\\\/wp-content\\\/uploads\\\/2026\\\/05\\\/mbledhja-e-bordit-maj-2026-29.jpg\",\"width\":800,\"height\":405},{\"@type\":\"BreadcrumbList\",\"@id\":\"http:\\\/\\\/presscouncil-ks.org\\\/?p=18348#breadcrumb\",\"itemListElement\":[{\"@type\":\"ListItem\",\"position\":1,\"name\":\"Home\",\"item\":\"https:\\\/\\\/presscouncil-ks.org\\\/\"},{\"@type\":\"ListItem\",\"position\":2,\"name\":\"Kuvendi i KMShK-s\u00eb mori vendim p\u00ebr 11 ankesa\"}]},{\"@type\":\"WebSite\",\"@id\":\"http:\\\/\\\/presscouncil-ks.org\\\/#website\",\"url\":\"http:\\\/\\\/presscouncil-ks.org\\\/\",\"name\":\"https:\\\/\\\/presscouncil-ks.org\\\/\",\"description\":\"\",\"publisher\":{\"@id\":\"http:\\\/\\\/presscouncil-ks.org\\\/#organization\"},\"potentialAction\":[{\"@type\":\"SearchAction\",\"target\":{\"@type\":\"EntryPoint\",\"urlTemplate\":\"http:\\\/\\\/presscouncil-ks.org\\\/?s={search_term_string}\"},\"query-input\":{\"@type\":\"PropertyValueSpecification\",\"valueRequired\":true,\"valueName\":\"search_term_string\"}}],\"inLanguage\":\"en-US\"},{\"@type\":\"Organization\",\"@id\":\"http:\\\/\\\/presscouncil-ks.org\\\/#organization\",\"name\":\"K\u00ebshilli i Mediave t\u00eb Shkruara t\u00eb Kosov\u00ebs\",\"url\":\"http:\\\/\\\/presscouncil-ks.org\\\/\",\"logo\":{\"@type\":\"ImageObject\",\"inLanguage\":\"en-US\",\"@id\":\"http:\\\/\\\/presscouncil-ks.org\\\/#\\\/schema\\\/logo\\\/image\\\/\",\"url\":\"http:\\\/\\\/presscouncil-ks.org\\\/wp-content\\\/uploads\\\/2023\\\/06\\\/cropped-logo.png\",\"contentUrl\":\"http:\\\/\\\/presscouncil-ks.org\\\/wp-content\\\/uploads\\\/2023\\\/06\\\/cropped-logo.png\",\"width\":268,\"height\":166,\"caption\":\"K\u00ebshilli i Mediave t\u00eb Shkruara t\u00eb Kosov\u00ebs\"},\"image\":{\"@id\":\"http:\\\/\\\/presscouncil-ks.org\\\/#\\\/schema\\\/logo\\\/image\\\/\"},\"sameAs\":[\"https:\\\/\\\/www.facebook.com\\\/KMSHKosove\"]},{\"@type\":\"Person\",\"@id\":\"http:\\\/\\\/presscouncil-ks.org\\\/#\\\/schema\\\/person\\\/b79d30c61264caeb733239c16cc4d673\",\"name\":\"Editor\",\"image\":{\"@type\":\"ImageObject\",\"inLanguage\":\"en-US\",\"@id\":\"https:\\\/\\\/secure.gravatar.com\\\/avatar\\\/9534865f39e7b3527010ee17196a76d054b16d731a6a5bfe2f92a071c6e9bf4e?s=96&d=mm&r=g\",\"url\":\"https:\\\/\\\/secure.gravatar.com\\\/avatar\\\/9534865f39e7b3527010ee17196a76d054b16d731a6a5bfe2f92a071c6e9bf4e?s=96&d=mm&r=g\",\"contentUrl\":\"https:\\\/\\\/secure.gravatar.com\\\/avatar\\\/9534865f39e7b3527010ee17196a76d054b16d731a6a5bfe2f92a071c6e9bf4e?s=96&d=mm&r=g\",\"caption\":\"Editor\"},\"url\":\"http:\\\/\\\/presscouncil-ks.org\\\/?author=2\"}]}<\/script>\n<!-- \/ Yoast SEO plugin. -->","yoast_head_json":{"title":"Kuvendi i KMShK-s\u00eb mori vendim p\u00ebr 11 ankesa - K\u00ebshilli i Mediave t\u00eb Shkruara t\u00eb Kosov\u00ebs | P\u00ebr nj\u00eb gazetari etike dhe profesionale","robots":{"index":"index","follow":"follow","max-snippet":"max-snippet:-1","max-image-preview":"max-image-preview:large","max-video-preview":"max-video-preview:-1"},"canonical":"http:\/\/presscouncil-ks.org\/?p=18348","og_locale":"en_US","og_type":"article","og_title":"Kuvendi i KMShK-s\u00eb mori vendim p\u00ebr 11 ankesa - K\u00ebshilli i Mediave t\u00eb Shkruara t\u00eb Kosov\u00ebs | P\u00ebr nj\u00eb gazetari etike dhe profesionale","og_description":"K\u00ebshilli i Mediave t\u00eb Shkruara t\u00eb Kosov\u00ebs (KMShK) n\u00eb mbledhjen e rregullt ka shqyrtuar gjithsej 11 ankesa. An\u00ebtar\u00ebt e Kuvendit t\u00eb KMShK-s\u00eb kan\u00eb vendosur q\u00eb t\u00eb miratohen kat\u00ebr nga to, nj\u00eb t\u00eb miratohet pjes\u00ebrisht, tri ankesa t\u00eb shpallen t\u00eb patrajtueshme dhe tri t\u00eb tjera t\u00eb paafatshme. Ankesat kishin t\u00eb b\u00ebnin me pretendimet p\u00ebr shkeljen e [&hellip;]","og_url":"http:\/\/presscouncil-ks.org\/?p=18348","og_site_name":"K\u00ebshilli i Mediave t\u00eb Shkruara t\u00eb Kosov\u00ebs | P\u00ebr nj\u00eb gazetari etike dhe profesionale","article_publisher":"https:\/\/www.facebook.com\/KMSHKosove","article_published_time":"2026-05-29T08:05:12+00:00","article_modified_time":"2026-05-29T12:35:05+00:00","og_image":[{"width":800,"height":405,"url":"http:\/\/presscouncil-ks.org\/wp-content\/uploads\/2026\/05\/mbledhja-e-bordit-maj-2026-29.jpg","type":"image\/jpeg"}],"author":"Editor","twitter_card":"summary_large_image","twitter_misc":{"Written by":"Editor","Est. reading time":"3 minutes"},"schema":{"@context":"https:\/\/schema.org","@graph":[{"@type":"Article","@id":"http:\/\/presscouncil-ks.org\/?p=18348#article","isPartOf":{"@id":"http:\/\/presscouncil-ks.org\/?p=18348"},"author":{"name":"Editor","@id":"http:\/\/presscouncil-ks.org\/#\/schema\/person\/b79d30c61264caeb733239c16cc4d673"},"headline":"Kuvendi i KMShK-s\u00eb mori vendim p\u00ebr 11 ankesa","datePublished":"2026-05-29T08:05:12+00:00","dateModified":"2026-05-29T12:35:05+00:00","mainEntityOfPage":{"@id":"http:\/\/presscouncil-ks.org\/?p=18348"},"wordCount":773,"commentCount":0,"publisher":{"@id":"http:\/\/presscouncil-ks.org\/#organization"},"image":{"@id":"http:\/\/presscouncil-ks.org\/?p=18348#primaryimage"},"thumbnailUrl":"http:\/\/presscouncil-ks.org\/wp-content\/uploads\/2026\/05\/mbledhja-e-bordit-maj-2026-29.jpg","articleSection":["Lajm"],"inLanguage":"en-US","potentialAction":[{"@type":"CommentAction","name":"Comment","target":["http:\/\/presscouncil-ks.org\/?p=18348#respond"]}]},{"@type":"WebPage","@id":"http:\/\/presscouncil-ks.org\/?p=18348","url":"http:\/\/presscouncil-ks.org\/?p=18348","name":"Kuvendi i KMShK-s\u00eb mori vendim p\u00ebr 11 ankesa - K\u00ebshilli i Mediave t\u00eb Shkruara t\u00eb Kosov\u00ebs | P\u00ebr nj\u00eb gazetari etike dhe profesionale","isPartOf":{"@id":"http:\/\/presscouncil-ks.org\/#website"},"primaryImageOfPage":{"@id":"http:\/\/presscouncil-ks.org\/?p=18348#primaryimage"},"image":{"@id":"http:\/\/presscouncil-ks.org\/?p=18348#primaryimage"},"thumbnailUrl":"http:\/\/presscouncil-ks.org\/wp-content\/uploads\/2026\/05\/mbledhja-e-bordit-maj-2026-29.jpg","datePublished":"2026-05-29T08:05:12+00:00","dateModified":"2026-05-29T12:35:05+00:00","breadcrumb":{"@id":"http:\/\/presscouncil-ks.org\/?p=18348#breadcrumb"},"inLanguage":"en-US","potentialAction":[{"@type":"ReadAction","target":["http:\/\/presscouncil-ks.org\/?p=18348"]}]},{"@type":"ImageObject","inLanguage":"en-US","@id":"http:\/\/presscouncil-ks.org\/?p=18348#primaryimage","url":"http:\/\/presscouncil-ks.org\/wp-content\/uploads\/2026\/05\/mbledhja-e-bordit-maj-2026-29.jpg","contentUrl":"http:\/\/presscouncil-ks.org\/wp-content\/uploads\/2026\/05\/mbledhja-e-bordit-maj-2026-29.jpg","width":800,"height":405},{"@type":"BreadcrumbList","@id":"http:\/\/presscouncil-ks.org\/?p=18348#breadcrumb","itemListElement":[{"@type":"ListItem","position":1,"name":"Home","item":"https:\/\/presscouncil-ks.org\/"},{"@type":"ListItem","position":2,"name":"Kuvendi i KMShK-s\u00eb mori vendim p\u00ebr 11 ankesa"}]},{"@type":"WebSite","@id":"http:\/\/presscouncil-ks.org\/#website","url":"http:\/\/presscouncil-ks.org\/","name":"https:\/\/presscouncil-ks.org\/","description":"","publisher":{"@id":"http:\/\/presscouncil-ks.org\/#organization"},"potentialAction":[{"@type":"SearchAction","target":{"@type":"EntryPoint","urlTemplate":"http:\/\/presscouncil-ks.org\/?s={search_term_string}"},"query-input":{"@type":"PropertyValueSpecification","valueRequired":true,"valueName":"search_term_string"}}],"inLanguage":"en-US"},{"@type":"Organization","@id":"http:\/\/presscouncil-ks.org\/#organization","name":"K\u00ebshilli i Mediave t\u00eb Shkruara t\u00eb Kosov\u00ebs","url":"http:\/\/presscouncil-ks.org\/","logo":{"@type":"ImageObject","inLanguage":"en-US","@id":"http:\/\/presscouncil-ks.org\/#\/schema\/logo\/image\/","url":"http:\/\/presscouncil-ks.org\/wp-content\/uploads\/2023\/06\/cropped-logo.png","contentUrl":"http:\/\/presscouncil-ks.org\/wp-content\/uploads\/2023\/06\/cropped-logo.png","width":268,"height":166,"caption":"K\u00ebshilli i Mediave t\u00eb Shkruara t\u00eb Kosov\u00ebs"},"image":{"@id":"http:\/\/presscouncil-ks.org\/#\/schema\/logo\/image\/"},"sameAs":["https:\/\/www.facebook.com\/KMSHKosove"]},{"@type":"Person","@id":"http:\/\/presscouncil-ks.org\/#\/schema\/person\/b79d30c61264caeb733239c16cc4d673","name":"Editor","image":{"@type":"ImageObject","inLanguage":"en-US","@id":"https:\/\/secure.gravatar.com\/avatar\/9534865f39e7b3527010ee17196a76d054b16d731a6a5bfe2f92a071c6e9bf4e?s=96&d=mm&r=g","url":"https:\/\/secure.gravatar.com\/avatar\/9534865f39e7b3527010ee17196a76d054b16d731a6a5bfe2f92a071c6e9bf4e?s=96&d=mm&r=g","contentUrl":"https:\/\/secure.gravatar.com\/avatar\/9534865f39e7b3527010ee17196a76d054b16d731a6a5bfe2f92a071c6e9bf4e?s=96&d=mm&r=g","caption":"Editor"},"url":"http:\/\/presscouncil-ks.org\/?author=2"}]}},"_links":{"self":[{"href":"http:\/\/presscouncil-ks.org\/index.php?rest_route=\/wp\/v2\/posts\/18348","targetHints":{"allow":["GET"]}}],"collection":[{"href":"http:\/\/presscouncil-ks.org\/index.php?rest_route=\/wp\/v2\/posts"}],"about":[{"href":"http:\/\/presscouncil-ks.org\/index.php?rest_route=\/wp\/v2\/types\/post"}],"author":[{"embeddable":true,"href":"http:\/\/presscouncil-ks.org\/index.php?rest_route=\/wp\/v2\/users\/2"}],"replies":[{"embeddable":true,"href":"http:\/\/presscouncil-ks.org\/index.php?rest_route=%2Fwp%2Fv2%2Fcomments&post=18348"}],"version-history":[{"count":3,"href":"http:\/\/presscouncil-ks.org\/index.php?rest_route=\/wp\/v2\/posts\/18348\/revisions"}],"predecessor-version":[{"id":18352,"href":"http:\/\/presscouncil-ks.org\/index.php?rest_route=\/wp\/v2\/posts\/18348\/revisions\/18352"}],"wp:featuredmedia":[{"embeddable":true,"href":"http:\/\/presscouncil-ks.org\/index.php?rest_route=\/wp\/v2\/media\/18344"}],"wp:attachment":[{"href":"http:\/\/presscouncil-ks.org\/index.php?rest_route=%2Fwp%2Fv2%2Fmedia&parent=18348"}],"wp:term":[{"taxonomy":"category","embeddable":true,"href":"http:\/\/presscouncil-ks.org\/index.php?rest_route=%2Fwp%2Fv2%2Fcategories&post=18348"},{"taxonomy":"post_tag","embeddable":true,"href":"http:\/\/presscouncil-ks.org\/index.php?rest_route=%2Fwp%2Fv2%2Ftags&post=18348"}],"curies":[{"name":"wp","href":"https:\/\/api.w.org\/{rel}","templated":true}]}}