{"id":18337,"date":"2026-05-15T18:19:07","date_gmt":"2026-05-15T18:19:07","guid":{"rendered":"https:\/\/presscouncil-ks.org\/?p=18337"},"modified":"2026-05-15T19:19:24","modified_gmt":"2026-05-15T19:19:24","slug":"zavrsena-skola-novinarske-etike-2","status":"publish","type":"post","link":"http:\/\/presscouncil-ks.org\/?p=18337&lang=sr","title":{"rendered":"Zavr\u0161ena \u0160kola Novinarske Etike"},"content":{"rendered":"<p><em><strong>\u0160kola Novinarske Etike, koju je organizovao Savet \u0160tampe Kosova (S\u0160K), zavr\u0161ena je u Pri\u0161tini.<\/strong><\/em><\/p>\n<p>Prvog dana drugog modula \u0161kole razmatrale su se teme klevete i uvrede, medijskog obrazovanja i bezbednosti novinara.<\/p>\n<p>Flutura Kusari, advokatica za medijsko pravo, razgovarala je sa studentima novinarstva i mladim novinarima o slobodi izra\u017eavanja i zakonu protiv klevete i uvrede. Kroz konkretne primere objasnila je pitanja vezana za eti\u010dko izve\u0161tavanje i po\u0161tovanje eti\u010dkih kodeksa i zakona.<\/p>\n<p>Blerta Dibrani, predava\u010dica na Odseku za Novinarstvo Univerziteta u Pri\u0161tini (UP), govorila je o zna\u010daju medijskog obrazovanja. Tako\u0111e je predstavila rezultate ankete sprovedene sa mladima \u0161irom Kosova, putem koje su merene njihove percepcije u vezi sa konzumiranjem medijskog sadr\u017eaja i izvorima informacija.<\/p>\n<p>U trec\u0301oj sesiji, D\u017eemajl Red\u017ea, predsednik Udru\u017eenja Novinara Kosova (UNK), govorio je o bezbednosti novinara na Kosovu i brizi koju mediji treba da poka\u017eu za novinare kada izve\u0161tavaju u kriznim situacijama. Tako\u0111e je pomenuo konkretne slu\u010dajeve iz svog rada u kriznim regionima, u funkciji eti\u010dkog i profesionalnog izve\u0161tavanja.<\/p>\n<p>Drugog dana studenti u\u010desnici i mladi novinari posetili su onlajn medij Telegrafi i Agenciju za Informacije i Privatnost (AIP).<\/p>\n<p>U Telegrafiju, sa glavnim urednikom Muhametom Hajrulahuom, studenti i mladi novinari razgovarali su o radu u redakciji, svakodnevnom prakti\u010dnom radu novinara na terenu, kao i o funkcionisanju medija.<\/p>\n<p>Hajrulahu je objasnio organizaciju rada u redakciji, uklju\u010dujuc\u0301i dnevne vesti, ali i proizvodnju mnogih drugih proizvoda Telegrafi.com. Tako\u0111e je naglasio va\u017enost po\u0161tovanja Eti\u010dkog Kodeksa S\u0160K-a kako bi se obezbedilo fer i profesionalno izve\u0161tavanje.<\/p>\n<p>U Agenciji za Informacije i Privatnost (AIP), u\u010desnici \u0160kole Etike imali su priliku da<br \/>\nrazgovaraju sa komesarkom AIP-a, Krenare Sogojevom-Dermaku, i generalnom direktorkom, Lumnije Demi.<\/p>\n<p>Na sastanku je istaknuta uloga AIP-a u re\u0161avanju \u017ealbi o pristupu javnim dokumentima i za\u0161titi li\u010dnih podataka, osiguravajuc\u0301i da svaka osoba ima pravo pristupa informacijama, u skladu sa va\u017eec\u0301im zakonskim propisima.<\/p>\n<p>Komesarka je ohrabrila studente da se u svom radu pridr\u017eavaju principa etike i da se posvete odgovornom novinarstvu, koje je u slu\u017ebi pravi\u010dnog i ta\u010dnog informisanja javnosti, uz po\u0161tovanje privatnosti i prava gra\u0111ana.<\/p>\n<p>Tokom sastanka, razgovaralo se i o izazovima sa kojima se suo\u010davaju novinari u eri brzih informacija, kao i o va\u017enosti za\u0161tite li\u010dnih podataka gra\u0111ana u obezbe\u0111ivanju integriteta javnih informacija.<\/p>\n<p>Trec\u0301eg i poslednjeg dana u\u010desnici zajedno sa medijskim stru\u010dnjacima, razgovarali su o<br \/>\ndokumentovanju istorije kroz novinarstvo i metodama i alatima za dekonstrukciju la\u017enog medijskog sadr\u017eaja.<\/p>\n<p>Visar Duric\u0301i iz Gazeta Insajderi razgovarao je sa studentima novinarstva i mladim novinarima o dokumentovanju istorije kroz novinarstvo, odnosno o tome kako pretvoriti istra\u017eiva\u010dki dosije u istra\u017eiva\u010dku naraciju.<\/p>\n<p>Govorio je o svojim istra\u017eiva\u010dkim iskustvima tokom izve\u0161tavanja o osetljivim temama, sa posebnim akcentom na krivi\u010dne slu\u010dajeve, kao i o procesu pisanja svoje knjige o \u201dSlu\u010daju Blaca\u201c.<\/p>\n<p>Fatbard Dema i Etrit Red\u017eepi iz Hibrid.info govorili su o iskrivljavanju informacija i la\u017enom medijskom sadr\u017eaju. Kroz konkretne primere demonstrirali su na\u010dine, metode i alate dekonstrukcije ovog sadr\u017eaja, nudec\u0301i studentima i mladim novinarima moguc\u0301nosti da ih koriste u svom svakodnevnom radu.<\/p>\n<p>Ovo izdanje \u0160kole Novinarske Etike organizuje se uz podr\u0161ku UNESKO-a u okviru projekta \u201dIzgradnja poverenja u medije u Jugoisto\u010dnoj Evropi: Podr\u0161ka novinarstvu kao javnom dobru\u201c, koji finansira Evropska Unija.<\/p>\n","protected":false},"excerpt":{"rendered":"<p>\u0160kola Novinarske Etike, koju je organizovao Savet \u0160tampe Kosova (S\u0160K), zavr\u0161ena je u Pri\u0161tini. Prvog dana drugog modula \u0161kole razmatrale su se teme klevete i uvrede, medijskog obrazovanja i bezbednosti novinara. Flutura Kusari, advokatica za medijsko pravo, razgovarala je sa studentima novinarstva i mladim novinarima o slobodi izra\u017eavanja i zakonu protiv klevete i uvrede. Kroz [&hellip;]<\/p>\n","protected":false},"author":2,"featured_media":18334,"comment_status":"open","ping_status":"open","sticky":false,"template":"","format":"standard","meta":{"footnotes":""},"categories":[135],"tags":[],"class_list":["post-18337","post","type-post","status-publish","format-standard","has-post-thumbnail","hentry","category-vesti"],"acf":[],"yoast_head":"<!-- This site is optimized with the Yoast SEO plugin v28.3 - https:\/\/yoast.com\/product\/yoast-seo-wordpress\/ -->\n<title>Zavr\u0161ena \u0160kola Novinarske Etike - K\u00ebshilli i Mediave t\u00eb Shkruara t\u00eb Kosov\u00ebs | P\u00ebr nj\u00eb gazetari etike dhe profesionale<\/title>\n<meta name=\"robots\" content=\"index, follow, max-snippet:-1, max-image-preview:large, max-video-preview:-1\" \/>\n<link rel=\"canonical\" href=\"http:\/\/presscouncil-ks.org\/?p=18337&lang=sr\" \/>\n<meta property=\"og:locale\" content=\"en_US\" \/>\n<meta property=\"og:type\" content=\"article\" \/>\n<meta property=\"og:title\" content=\"Zavr\u0161ena \u0160kola Novinarske Etike - K\u00ebshilli i Mediave t\u00eb Shkruara t\u00eb Kosov\u00ebs | P\u00ebr nj\u00eb gazetari etike dhe profesionale\" \/>\n<meta property=\"og:description\" content=\"\u0160kola Novinarske Etike, koju je organizovao Savet \u0160tampe Kosova (S\u0160K), zavr\u0161ena je u Pri\u0161tini. Prvog dana drugog modula \u0161kole razmatrale su se teme klevete i uvrede, medijskog obrazovanja i bezbednosti novinara. Flutura Kusari, advokatica za medijsko pravo, razgovarala je sa studentima novinarstva i mladim novinarima o slobodi izra\u017eavanja i zakonu protiv klevete i uvrede. Kroz [&hellip;]\" \/>\n<meta property=\"og:url\" content=\"http:\/\/presscouncil-ks.org\/?p=18337&amp;lang=sr\" \/>\n<meta property=\"og:site_name\" content=\"K\u00ebshilli i Mediave t\u00eb Shkruara t\u00eb Kosov\u00ebs | P\u00ebr nj\u00eb gazetari etike dhe profesionale\" \/>\n<meta property=\"article:publisher\" content=\"https:\/\/www.facebook.com\/KMSHKosove\" \/>\n<meta property=\"article:published_time\" content=\"2026-05-15T18:19:07+00:00\" \/>\n<meta property=\"article:modified_time\" content=\"2026-05-15T19:19:24+00:00\" \/>\n<meta property=\"og:image\" content=\"http:\/\/presscouncil-ks.org\/wp-content\/uploads\/2026\/05\/Foto-Shkolla-e-Etikes.jpg\" \/>\n\t<meta property=\"og:image:width\" content=\"1498\" \/>\n\t<meta property=\"og:image:height\" content=\"512\" \/>\n\t<meta property=\"og:image:type\" content=\"image\/jpeg\" \/>\n<meta name=\"author\" content=\"Editor\" \/>\n<meta name=\"twitter:card\" content=\"summary_large_image\" \/>\n<meta name=\"twitter:label1\" content=\"Written by\" \/>\n\t<meta name=\"twitter:data1\" content=\"Editor\" \/>\n\t<meta name=\"twitter:label2\" content=\"Est. reading time\" \/>\n\t<meta name=\"twitter:data2\" content=\"3 minutes\" \/>\n<script type=\"application\/ld+json\" class=\"yoast-schema-graph\">{\"@context\":\"https:\\\/\\\/schema.org\",\"@graph\":[{\"@type\":\"Article\",\"@id\":\"http:\\\/\\\/presscouncil-ks.org\\\/?p=18337&lang=sr#article\",\"isPartOf\":{\"@id\":\"http:\\\/\\\/presscouncil-ks.org\\\/?p=18337&lang=sr\"},\"author\":{\"name\":\"Editor\",\"@id\":\"http:\\\/\\\/presscouncil-ks.org\\\/#\\\/schema\\\/person\\\/b79d30c61264caeb733239c16cc4d673\"},\"headline\":\"Zavr\u0161ena \u0160kola Novinarske Etike\",\"datePublished\":\"2026-05-15T18:19:07+00:00\",\"dateModified\":\"2026-05-15T19:19:24+00:00\",\"mainEntityOfPage\":{\"@id\":\"http:\\\/\\\/presscouncil-ks.org\\\/?p=18337&lang=sr\"},\"wordCount\":593,\"commentCount\":0,\"publisher\":{\"@id\":\"http:\\\/\\\/presscouncil-ks.org\\\/#organization\"},\"image\":{\"@id\":\"http:\\\/\\\/presscouncil-ks.org\\\/?p=18337&lang=sr#primaryimage\"},\"thumbnailUrl\":\"http:\\\/\\\/presscouncil-ks.org\\\/wp-content\\\/uploads\\\/2026\\\/05\\\/Foto-Shkolla-e-Etikes.jpg\",\"articleSection\":[\"Vesti\"],\"inLanguage\":\"en-US\",\"potentialAction\":[{\"@type\":\"CommentAction\",\"name\":\"Comment\",\"target\":[\"http:\\\/\\\/presscouncil-ks.org\\\/?p=18337&lang=sr#respond\"]}]},{\"@type\":\"WebPage\",\"@id\":\"http:\\\/\\\/presscouncil-ks.org\\\/?p=18337&lang=sr\",\"url\":\"http:\\\/\\\/presscouncil-ks.org\\\/?p=18337&lang=sr\",\"name\":\"Zavr\u0161ena \u0160kola Novinarske Etike - K\u00ebshilli i Mediave t\u00eb Shkruara t\u00eb Kosov\u00ebs | P\u00ebr nj\u00eb gazetari etike dhe profesionale\",\"isPartOf\":{\"@id\":\"http:\\\/\\\/presscouncil-ks.org\\\/#website\"},\"primaryImageOfPage\":{\"@id\":\"http:\\\/\\\/presscouncil-ks.org\\\/?p=18337&lang=sr#primaryimage\"},\"image\":{\"@id\":\"http:\\\/\\\/presscouncil-ks.org\\\/?p=18337&lang=sr#primaryimage\"},\"thumbnailUrl\":\"http:\\\/\\\/presscouncil-ks.org\\\/wp-content\\\/uploads\\\/2026\\\/05\\\/Foto-Shkolla-e-Etikes.jpg\",\"datePublished\":\"2026-05-15T18:19:07+00:00\",\"dateModified\":\"2026-05-15T19:19:24+00:00\",\"breadcrumb\":{\"@id\":\"http:\\\/\\\/presscouncil-ks.org\\\/?p=18337&lang=sr#breadcrumb\"},\"inLanguage\":\"en-US\",\"potentialAction\":[{\"@type\":\"ReadAction\",\"target\":[\"http:\\\/\\\/presscouncil-ks.org\\\/?p=18337&lang=sr\"]}]},{\"@type\":\"ImageObject\",\"inLanguage\":\"en-US\",\"@id\":\"http:\\\/\\\/presscouncil-ks.org\\\/?p=18337&lang=sr#primaryimage\",\"url\":\"http:\\\/\\\/presscouncil-ks.org\\\/wp-content\\\/uploads\\\/2026\\\/05\\\/Foto-Shkolla-e-Etikes.jpg\",\"contentUrl\":\"http:\\\/\\\/presscouncil-ks.org\\\/wp-content\\\/uploads\\\/2026\\\/05\\\/Foto-Shkolla-e-Etikes.jpg\",\"width\":1498,\"height\":512},{\"@type\":\"BreadcrumbList\",\"@id\":\"http:\\\/\\\/presscouncil-ks.org\\\/?p=18337&lang=sr#breadcrumb\",\"itemListElement\":[{\"@type\":\"ListItem\",\"position\":1,\"name\":\"Home\",\"item\":\"https:\\\/\\\/presscouncil-ks.org\\\/\"},{\"@type\":\"ListItem\",\"position\":2,\"name\":\"Zavr\u0161ena \u0160kola Novinarske Etike\"}]},{\"@type\":\"WebSite\",\"@id\":\"http:\\\/\\\/presscouncil-ks.org\\\/#website\",\"url\":\"http:\\\/\\\/presscouncil-ks.org\\\/\",\"name\":\"https:\\\/\\\/presscouncil-ks.org\\\/\",\"description\":\"\",\"publisher\":{\"@id\":\"http:\\\/\\\/presscouncil-ks.org\\\/#organization\"},\"potentialAction\":[{\"@type\":\"SearchAction\",\"target\":{\"@type\":\"EntryPoint\",\"urlTemplate\":\"http:\\\/\\\/presscouncil-ks.org\\\/?s={search_term_string}\"},\"query-input\":{\"@type\":\"PropertyValueSpecification\",\"valueRequired\":true,\"valueName\":\"search_term_string\"}}],\"inLanguage\":\"en-US\"},{\"@type\":\"Organization\",\"@id\":\"http:\\\/\\\/presscouncil-ks.org\\\/#organization\",\"name\":\"K\u00ebshilli i Mediave t\u00eb Shkruara t\u00eb Kosov\u00ebs\",\"url\":\"http:\\\/\\\/presscouncil-ks.org\\\/\",\"logo\":{\"@type\":\"ImageObject\",\"inLanguage\":\"en-US\",\"@id\":\"http:\\\/\\\/presscouncil-ks.org\\\/#\\\/schema\\\/logo\\\/image\\\/\",\"url\":\"http:\\\/\\\/presscouncil-ks.org\\\/wp-content\\\/uploads\\\/2023\\\/06\\\/cropped-logo.png\",\"contentUrl\":\"http:\\\/\\\/presscouncil-ks.org\\\/wp-content\\\/uploads\\\/2023\\\/06\\\/cropped-logo.png\",\"width\":268,\"height\":166,\"caption\":\"K\u00ebshilli i Mediave t\u00eb Shkruara t\u00eb Kosov\u00ebs\"},\"image\":{\"@id\":\"http:\\\/\\\/presscouncil-ks.org\\\/#\\\/schema\\\/logo\\\/image\\\/\"},\"sameAs\":[\"https:\\\/\\\/www.facebook.com\\\/KMSHKosove\"]},{\"@type\":\"Person\",\"@id\":\"http:\\\/\\\/presscouncil-ks.org\\\/#\\\/schema\\\/person\\\/b79d30c61264caeb733239c16cc4d673\",\"name\":\"Editor\",\"image\":{\"@type\":\"ImageObject\",\"inLanguage\":\"en-US\",\"@id\":\"https:\\\/\\\/secure.gravatar.com\\\/avatar\\\/9534865f39e7b3527010ee17196a76d054b16d731a6a5bfe2f92a071c6e9bf4e?s=96&d=mm&r=g\",\"url\":\"https:\\\/\\\/secure.gravatar.com\\\/avatar\\\/9534865f39e7b3527010ee17196a76d054b16d731a6a5bfe2f92a071c6e9bf4e?s=96&d=mm&r=g\",\"contentUrl\":\"https:\\\/\\\/secure.gravatar.com\\\/avatar\\\/9534865f39e7b3527010ee17196a76d054b16d731a6a5bfe2f92a071c6e9bf4e?s=96&d=mm&r=g\",\"caption\":\"Editor\"},\"url\":\"http:\\\/\\\/presscouncil-ks.org\\\/?author=2\"}]}<\/script>\n<!-- \/ Yoast SEO plugin. -->","yoast_head_json":{"title":"Zavr\u0161ena \u0160kola Novinarske Etike - K\u00ebshilli i Mediave t\u00eb Shkruara t\u00eb Kosov\u00ebs | P\u00ebr nj\u00eb gazetari etike dhe profesionale","robots":{"index":"index","follow":"follow","max-snippet":"max-snippet:-1","max-image-preview":"max-image-preview:large","max-video-preview":"max-video-preview:-1"},"canonical":"http:\/\/presscouncil-ks.org\/?p=18337&lang=sr","og_locale":"en_US","og_type":"article","og_title":"Zavr\u0161ena \u0160kola Novinarske Etike - K\u00ebshilli i Mediave t\u00eb Shkruara t\u00eb Kosov\u00ebs | P\u00ebr nj\u00eb gazetari etike dhe profesionale","og_description":"\u0160kola Novinarske Etike, koju je organizovao Savet \u0160tampe Kosova (S\u0160K), zavr\u0161ena je u Pri\u0161tini. Prvog dana drugog modula \u0161kole razmatrale su se teme klevete i uvrede, medijskog obrazovanja i bezbednosti novinara. Flutura Kusari, advokatica za medijsko pravo, razgovarala je sa studentima novinarstva i mladim novinarima o slobodi izra\u017eavanja i zakonu protiv klevete i uvrede. Kroz [&hellip;]","og_url":"http:\/\/presscouncil-ks.org\/?p=18337&lang=sr","og_site_name":"K\u00ebshilli i Mediave t\u00eb Shkruara t\u00eb Kosov\u00ebs | P\u00ebr nj\u00eb gazetari etike dhe profesionale","article_publisher":"https:\/\/www.facebook.com\/KMSHKosove","article_published_time":"2026-05-15T18:19:07+00:00","article_modified_time":"2026-05-15T19:19:24+00:00","og_image":[{"width":1498,"height":512,"url":"http:\/\/presscouncil-ks.org\/wp-content\/uploads\/2026\/05\/Foto-Shkolla-e-Etikes.jpg","type":"image\/jpeg"}],"author":"Editor","twitter_card":"summary_large_image","twitter_misc":{"Written by":"Editor","Est. reading time":"3 minutes"},"schema":{"@context":"https:\/\/schema.org","@graph":[{"@type":"Article","@id":"http:\/\/presscouncil-ks.org\/?p=18337&lang=sr#article","isPartOf":{"@id":"http:\/\/presscouncil-ks.org\/?p=18337&lang=sr"},"author":{"name":"Editor","@id":"http:\/\/presscouncil-ks.org\/#\/schema\/person\/b79d30c61264caeb733239c16cc4d673"},"headline":"Zavr\u0161ena \u0160kola Novinarske Etike","datePublished":"2026-05-15T18:19:07+00:00","dateModified":"2026-05-15T19:19:24+00:00","mainEntityOfPage":{"@id":"http:\/\/presscouncil-ks.org\/?p=18337&lang=sr"},"wordCount":593,"commentCount":0,"publisher":{"@id":"http:\/\/presscouncil-ks.org\/#organization"},"image":{"@id":"http:\/\/presscouncil-ks.org\/?p=18337&lang=sr#primaryimage"},"thumbnailUrl":"http:\/\/presscouncil-ks.org\/wp-content\/uploads\/2026\/05\/Foto-Shkolla-e-Etikes.jpg","articleSection":["Vesti"],"inLanguage":"en-US","potentialAction":[{"@type":"CommentAction","name":"Comment","target":["http:\/\/presscouncil-ks.org\/?p=18337&lang=sr#respond"]}]},{"@type":"WebPage","@id":"http:\/\/presscouncil-ks.org\/?p=18337&lang=sr","url":"http:\/\/presscouncil-ks.org\/?p=18337&lang=sr","name":"Zavr\u0161ena \u0160kola Novinarske Etike - K\u00ebshilli i Mediave t\u00eb Shkruara t\u00eb Kosov\u00ebs | P\u00ebr nj\u00eb gazetari etike dhe profesionale","isPartOf":{"@id":"http:\/\/presscouncil-ks.org\/#website"},"primaryImageOfPage":{"@id":"http:\/\/presscouncil-ks.org\/?p=18337&lang=sr#primaryimage"},"image":{"@id":"http:\/\/presscouncil-ks.org\/?p=18337&lang=sr#primaryimage"},"thumbnailUrl":"http:\/\/presscouncil-ks.org\/wp-content\/uploads\/2026\/05\/Foto-Shkolla-e-Etikes.jpg","datePublished":"2026-05-15T18:19:07+00:00","dateModified":"2026-05-15T19:19:24+00:00","breadcrumb":{"@id":"http:\/\/presscouncil-ks.org\/?p=18337&lang=sr#breadcrumb"},"inLanguage":"en-US","potentialAction":[{"@type":"ReadAction","target":["http:\/\/presscouncil-ks.org\/?p=18337&lang=sr"]}]},{"@type":"ImageObject","inLanguage":"en-US","@id":"http:\/\/presscouncil-ks.org\/?p=18337&lang=sr#primaryimage","url":"http:\/\/presscouncil-ks.org\/wp-content\/uploads\/2026\/05\/Foto-Shkolla-e-Etikes.jpg","contentUrl":"http:\/\/presscouncil-ks.org\/wp-content\/uploads\/2026\/05\/Foto-Shkolla-e-Etikes.jpg","width":1498,"height":512},{"@type":"BreadcrumbList","@id":"http:\/\/presscouncil-ks.org\/?p=18337&lang=sr#breadcrumb","itemListElement":[{"@type":"ListItem","position":1,"name":"Home","item":"https:\/\/presscouncil-ks.org\/"},{"@type":"ListItem","position":2,"name":"Zavr\u0161ena \u0160kola Novinarske Etike"}]},{"@type":"WebSite","@id":"http:\/\/presscouncil-ks.org\/#website","url":"http:\/\/presscouncil-ks.org\/","name":"https:\/\/presscouncil-ks.org\/","description":"","publisher":{"@id":"http:\/\/presscouncil-ks.org\/#organization"},"potentialAction":[{"@type":"SearchAction","target":{"@type":"EntryPoint","urlTemplate":"http:\/\/presscouncil-ks.org\/?s={search_term_string}"},"query-input":{"@type":"PropertyValueSpecification","valueRequired":true,"valueName":"search_term_string"}}],"inLanguage":"en-US"},{"@type":"Organization","@id":"http:\/\/presscouncil-ks.org\/#organization","name":"K\u00ebshilli i Mediave t\u00eb Shkruara t\u00eb Kosov\u00ebs","url":"http:\/\/presscouncil-ks.org\/","logo":{"@type":"ImageObject","inLanguage":"en-US","@id":"http:\/\/presscouncil-ks.org\/#\/schema\/logo\/image\/","url":"http:\/\/presscouncil-ks.org\/wp-content\/uploads\/2023\/06\/cropped-logo.png","contentUrl":"http:\/\/presscouncil-ks.org\/wp-content\/uploads\/2023\/06\/cropped-logo.png","width":268,"height":166,"caption":"K\u00ebshilli i Mediave t\u00eb Shkruara t\u00eb Kosov\u00ebs"},"image":{"@id":"http:\/\/presscouncil-ks.org\/#\/schema\/logo\/image\/"},"sameAs":["https:\/\/www.facebook.com\/KMSHKosove"]},{"@type":"Person","@id":"http:\/\/presscouncil-ks.org\/#\/schema\/person\/b79d30c61264caeb733239c16cc4d673","name":"Editor","image":{"@type":"ImageObject","inLanguage":"en-US","@id":"https:\/\/secure.gravatar.com\/avatar\/9534865f39e7b3527010ee17196a76d054b16d731a6a5bfe2f92a071c6e9bf4e?s=96&d=mm&r=g","url":"https:\/\/secure.gravatar.com\/avatar\/9534865f39e7b3527010ee17196a76d054b16d731a6a5bfe2f92a071c6e9bf4e?s=96&d=mm&r=g","contentUrl":"https:\/\/secure.gravatar.com\/avatar\/9534865f39e7b3527010ee17196a76d054b16d731a6a5bfe2f92a071c6e9bf4e?s=96&d=mm&r=g","caption":"Editor"},"url":"http:\/\/presscouncil-ks.org\/?author=2"}]}},"_links":{"self":[{"href":"http:\/\/presscouncil-ks.org\/index.php?rest_route=\/wp\/v2\/posts\/18337","targetHints":{"allow":["GET"]}}],"collection":[{"href":"http:\/\/presscouncil-ks.org\/index.php?rest_route=\/wp\/v2\/posts"}],"about":[{"href":"http:\/\/presscouncil-ks.org\/index.php?rest_route=\/wp\/v2\/types\/post"}],"author":[{"embeddable":true,"href":"http:\/\/presscouncil-ks.org\/index.php?rest_route=\/wp\/v2\/users\/2"}],"replies":[{"embeddable":true,"href":"http:\/\/presscouncil-ks.org\/index.php?rest_route=%2Fwp%2Fv2%2Fcomments&post=18337"}],"version-history":[{"count":1,"href":"http:\/\/presscouncil-ks.org\/index.php?rest_route=\/wp\/v2\/posts\/18337\/revisions"}],"predecessor-version":[{"id":18338,"href":"http:\/\/presscouncil-ks.org\/index.php?rest_route=\/wp\/v2\/posts\/18337\/revisions\/18338"}],"wp:featuredmedia":[{"embeddable":true,"href":"http:\/\/presscouncil-ks.org\/index.php?rest_route=\/wp\/v2\/media\/18334"}],"wp:attachment":[{"href":"http:\/\/presscouncil-ks.org\/index.php?rest_route=%2Fwp%2Fv2%2Fmedia&parent=18337"}],"wp:term":[{"taxonomy":"category","embeddable":true,"href":"http:\/\/presscouncil-ks.org\/index.php?rest_route=%2Fwp%2Fv2%2Fcategories&post=18337"},{"taxonomy":"post_tag","embeddable":true,"href":"http:\/\/presscouncil-ks.org\/index.php?rest_route=%2Fwp%2Fv2%2Ftags&post=18337"}],"curies":[{"name":"wp","href":"https:\/\/api.w.org\/{rel}","templated":true}]}}