{"id":18333,"date":"2026-05-15T19:14:06","date_gmt":"2026-05-15T19:14:06","guid":{"rendered":"https:\/\/presscouncil-ks.org\/?p=18333"},"modified":"2026-05-15T19:14:06","modified_gmt":"2026-05-15T19:14:06","slug":"perfundoi-shkolla-e-etikes-se-gazetarise-2","status":"publish","type":"post","link":"http:\/\/presscouncil-ks.org\/?p=18333","title":{"rendered":"P\u00ebrfundoi Shkolla e Etik\u00ebs s\u00eb Gazetaris\u00eb"},"content":{"rendered":"<p><strong>Ka p\u00ebrfunduar, n\u00eb Prishtin\u00eb, Shkolla e Etik\u00ebs s\u00eb Gazetaris\u00eb, organizuar nga K\u00ebshilli i Mediave t\u00eb Shkruara t\u00eb Kosov\u00ebs (KMShK). N\u00eb dit\u00ebn e par\u00eb t\u00eb modulit t\u00eb dyt\u00eb t\u00eb shkoll\u00ebs \u00ebsht\u00eb diskutuar p\u00ebr shpifjen dhe fyerjen, edukimin medial dhe sigurin\u00eb e gazetar\u00ebve.<\/strong><\/p>\n<p>Flutura Kusari, juriste e s\u00eb drejt\u00ebs s\u00eb medias, ka bashk\u00ebbiseduar me student\u00eb t\u00eb gazetaris\u00eb dhe gazetar\u00eb t\u00eb rinj p\u00ebr lirin\u00eb e shprehjes dhe Ligjin civil kund\u00ebr shpifjes dhe fyerjes. N\u00ebp\u00ebrmjet shembujve konkret\u00eb ajo ka shpjeguar \u00e7\u00ebshtje q\u00eb kan\u00eb t\u00eb b\u00ebjn\u00eb me raportimin etik dhe respektimin e kodeve t\u00eb etik\u00ebs dhe ligjit.<\/p>\n<p>Blerta Dibrani, ligj\u00ebruese n\u00eb Departamentin e Gazetaris\u00eb n\u00eb Universitetin e Prishtin\u00ebs (UP) ka folur p\u00ebr r\u00ebnd\u00ebsin\u00eb e edukimit medial. Po ashtu, ajo ka prezantuar rezultatet e nj\u00eb hulumtimi t\u00eb realizuar me t\u00eb rinj n\u00eb gjith\u00eb Kosov\u00ebn, n\u00ebp\u00ebrmjet t\u00eb cilit \u00ebsht\u00eb matur perceptimi i tyre lidhur me konsumimin e p\u00ebrmbajtjeve mediale dhe burimet e informimit.<\/p>\n<p>Nd\u00ebrkaq n\u00eb sesionin e tret\u00eb Xhemajl Rexha, kryetar i Asociacionit t\u00eb Gazetar\u00ebve t\u00eb Kosov\u00ebs<br \/>\n(AGK) ka folur p\u00ebr sigurin\u00eb e gazetar\u00ebve n\u00eb Kosov\u00eb dhe kujdesin q\u00eb mediat duhet t\u00eb tregojn\u00eb p\u00ebr gazetar\u00ebt gjat\u00eb raportimit n\u00eb situata t\u00eb kriz\u00ebs. Ai, po ashtu, ka p\u00ebrmendur edhe raste konkrete nga puna e tij n\u00eb rajone t\u00eb kriz\u00ebs, n\u00eb funksion t\u00eb raportimit etik dhe profesional.<\/p>\n<p>N\u00eb dit\u00ebn e dyt\u00eb student\u00ebt dhe gazetar\u00ebt e rinj pjes\u00ebmarr\u00ebs kan\u00eb vizituar median online Telegrafi dhe Agjencin\u00eb p\u00ebr Informim dhe Privat\u00ebsi (AIP).<\/p>\n<p>N\u00eb Telegrafi me kryeredaktorin Muhamet Hajrullahu student\u00ebt dhe gazetar\u00ebt e rinj<br \/>\nbashk\u00ebbiseduan p\u00ebr pun\u00ebn n\u00eb redaksi, pun\u00ebn praktike t\u00eb p\u00ebrditshme t\u00eb gazetar\u00ebve n\u00eb terren, si dhe funksionimin e nj\u00eb medie.<\/p>\n<p>Hajrullahu shpjegoi organizimin e pun\u00ebs n\u00eb redaksi, p\u00ebrfshir\u00eb lajmet e dit\u00ebs, por edhe realizimin e shum\u00eb produkteve t\u00eb tjera t\u00eb Telegrafi.com. Ai, po ashtu, theksoi r\u00ebnd\u00ebsin\u00eb e respektimit t\u00eb Kodit t\u00eb Etik\u00ebs t\u00eb KMSHK-s\u00eb n\u00eb funksion t\u00eb raportimit t\u00eb drejt\u00eb dhe profesional.<\/p>\n<p>N\u00eb Agjencin\u00eb p\u00ebr Informim dhe Privat\u00ebsi (AIP) vijuesit e Shkoll\u00ebs s\u00eb Etik\u00ebs pat\u00ebn rastin t\u00eb bashk\u00ebbisedojn\u00eb me komisioneren e AIP-s\u00eb, Krenare Sogojeva-D\u00ebrmaku dhe me drejtoren e p\u00ebrgjithshme, Lumnije Demi.<\/p>\n<p>N\u00eb takim u theksua roli i AIP-s\u00eb n\u00eb trajtimin e ankesave p\u00ebr qasje n\u00eb dokumente publike dhe mbrojtjen e t\u00eb dh\u00ebnave personale, duke u siguruar se \u00e7do individ ka t\u00eb drejt\u00eb t\u00eb ket\u00eb qasje n\u00eb informacion, sipas legjislacionit n\u00eb fuqi.<\/p>\n<p>Komisionerja inkurajoi student\u00ebt q\u00eb t\u00eb ndjekin parimet e etik\u00ebs n\u00eb pun\u00ebn e tyre dhe t\u00eb<br \/>\nangazhohen p\u00ebr nj\u00eb gazetari t\u00eb p\u00ebrgjegjshme, q\u00eb \u00ebsht\u00eb n\u00eb sh\u00ebrbim t\u00eb informimit t\u00eb drejt\u00eb dhe t\u00eb sakt\u00eb t\u00eb publikut, duke respektuar privat\u00ebsin\u00eb dhe t\u00eb drejta e qytetar\u00ebve.<\/p>\n<p>Gjat\u00eb takimit u diskutua edhe p\u00ebr sfidat me t\u00eb cilat p\u00ebrballen gazetar\u00ebt n\u00eb epok\u00ebn e informacionit t\u00eb shpejt\u00eb, si dhe r\u00ebnd\u00ebsin\u00eb e mbrojtjes s\u00eb t\u00eb dh\u00ebnave personale t\u00eb qytetar\u00ebve n\u00eb sigurimin e integritetet t\u00eb informimit publik.<\/p>\n<p>N\u00eb dit\u00ebn e tret\u00eb dhe t\u00eb fundit pjes\u00ebmarr\u00ebsit e shkoll\u00ebs kan\u00eb bashk\u00ebbiseduar me profesionist\u00eb t\u00eb mediave rreth dokumentimit t\u00eb historis\u00eb n\u00ebp\u00ebrmjet gazetaris\u00eb, si dhe mbi metoda dhe vegla t\u00eb dekonstruktimit t\u00eb p\u00ebrmbajtjeve t\u00eb rreme mediale.<\/p>\n<p>Visar Duriqi nga Gazeta Insajderi ka bashk\u00ebbiseduar me student\u00eb t\u00eb gazetaris\u00eb dhe gazetar\u00eb t\u00eb rinj rreth dokumentimit t\u00eb historis\u00eb n\u00ebp\u00ebrmjet gazetaris\u00eb, p\u00ebrkat\u00ebsisht m\u00ebnyr\u00ebs si t\u00eb kthehet nj\u00eb dosje hetimore n\u00eb narrativ\u00eb hulumtuese.<\/p>\n<p>Ai ka treguar p\u00ebr p\u00ebrvojat e tij hulumtuese gjat\u00eb raportimit p\u00ebr tema t\u00eb ndjeshme, me theks t\u00eb ve\u00e7ant\u00eb nga rastet kriminale, si dhe p\u00ebr procesin e realizimit t\u00eb librit t\u00eb tij q\u00eb ka t\u00eb b\u00ebj\u00eb me \u201cRastin Bllaca\u201d.<\/p>\n<p>Kurse Fatbardh Dema dhe Etrit Rexhepi nga Hibrid.info kan\u00eb folur p\u00ebr \u00e7rregullimin e<br \/>\ninformacionit dhe p\u00ebrmbajtjet e rrejshme mediale. N\u00ebp\u00ebrmjet shembujve konkret\u00eb ata kan\u00eb demonstruar m\u00ebnyrat, metodat dhe veglat t\u00eb dekonstruktimit t\u00eb k\u00ebtyre p\u00ebrmbajtjeve, duke ofruar mund\u00ebsi q\u00eb edhe student\u00ebt dhe gazetar\u00ebt e rinj t\u2019i p\u00ebrdotin ato gjat\u00eb pun\u00ebs s\u00eb tyre t\u00eb p\u00ebrditshme.<\/p>\n<p>Ky edicion i Shkoll\u00ebs s\u00eb Etik\u00ebs s\u00eb Gazetaris\u00eb organizohet me p\u00ebrkrahjen e UNESCO-s n\u00eb kuad\u00ebr t\u00eb projektit \u201dNd\u00ebrtimi i besimit te mediat n\u00eb Europ\u00ebn Juglindore: Mb\u00ebshtetje p\u00ebr gazetarin\u00eb si e mir\u00eb publike\u201c, i financuar nga Bashkimi Evropian.<\/p>\n","protected":false},"excerpt":{"rendered":"<p>Ka p\u00ebrfunduar, n\u00eb Prishtin\u00eb, Shkolla e Etik\u00ebs s\u00eb Gazetaris\u00eb, organizuar nga K\u00ebshilli i Mediave t\u00eb Shkruara t\u00eb Kosov\u00ebs (KMShK). N\u00eb dit\u00ebn e par\u00eb t\u00eb modulit t\u00eb dyt\u00eb t\u00eb shkoll\u00ebs \u00ebsht\u00eb diskutuar p\u00ebr shpifjen dhe fyerjen, edukimin medial dhe sigurin\u00eb e gazetar\u00ebve. Flutura Kusari, juriste e s\u00eb drejt\u00ebs s\u00eb medias, ka bashk\u00ebbiseduar me student\u00eb t\u00eb gazetaris\u00eb [&hellip;]<\/p>\n","protected":false},"author":2,"featured_media":18334,"comment_status":"open","ping_status":"open","sticky":false,"template":"","format":"standard","meta":{"footnotes":""},"categories":[92],"tags":[],"class_list":["post-18333","post","type-post","status-publish","format-standard","has-post-thumbnail","hentry","category-news-sq"],"acf":{"video_title":"","video":false},"yoast_head":"<!-- This site is optimized with the Yoast SEO plugin v28.3 - https:\/\/yoast.com\/product\/yoast-seo-wordpress\/ -->\n<title>P\u00ebrfundoi Shkolla e Etik\u00ebs s\u00eb Gazetaris\u00eb - K\u00ebshilli i Mediave t\u00eb Shkruara t\u00eb Kosov\u00ebs | P\u00ebr nj\u00eb gazetari etike dhe profesionale<\/title>\n<meta name=\"robots\" content=\"index, follow, max-snippet:-1, max-image-preview:large, max-video-preview:-1\" \/>\n<link rel=\"canonical\" href=\"http:\/\/presscouncil-ks.org\/?p=18333\" \/>\n<meta property=\"og:locale\" content=\"en_US\" \/>\n<meta property=\"og:type\" content=\"article\" \/>\n<meta property=\"og:title\" content=\"P\u00ebrfundoi Shkolla e Etik\u00ebs s\u00eb Gazetaris\u00eb - K\u00ebshilli i Mediave t\u00eb Shkruara t\u00eb Kosov\u00ebs | P\u00ebr nj\u00eb gazetari etike dhe profesionale\" \/>\n<meta property=\"og:description\" content=\"Ka p\u00ebrfunduar, n\u00eb Prishtin\u00eb, Shkolla e Etik\u00ebs s\u00eb Gazetaris\u00eb, organizuar nga K\u00ebshilli i Mediave t\u00eb Shkruara t\u00eb Kosov\u00ebs (KMShK). N\u00eb dit\u00ebn e par\u00eb t\u00eb modulit t\u00eb dyt\u00eb t\u00eb shkoll\u00ebs \u00ebsht\u00eb diskutuar p\u00ebr shpifjen dhe fyerjen, edukimin medial dhe sigurin\u00eb e gazetar\u00ebve. Flutura Kusari, juriste e s\u00eb drejt\u00ebs s\u00eb medias, ka bashk\u00ebbiseduar me student\u00eb t\u00eb gazetaris\u00eb [&hellip;]\" \/>\n<meta property=\"og:url\" content=\"http:\/\/presscouncil-ks.org\/?p=18333\" \/>\n<meta property=\"og:site_name\" content=\"K\u00ebshilli i Mediave t\u00eb Shkruara t\u00eb Kosov\u00ebs | P\u00ebr nj\u00eb gazetari etike dhe profesionale\" \/>\n<meta property=\"article:publisher\" content=\"https:\/\/www.facebook.com\/KMSHKosove\" \/>\n<meta property=\"article:published_time\" content=\"2026-05-15T19:14:06+00:00\" \/>\n<meta property=\"og:image\" content=\"http:\/\/presscouncil-ks.org\/wp-content\/uploads\/2026\/05\/Foto-Shkolla-e-Etikes.jpg\" \/>\n\t<meta property=\"og:image:width\" content=\"1498\" \/>\n\t<meta property=\"og:image:height\" content=\"512\" \/>\n\t<meta property=\"og:image:type\" content=\"image\/jpeg\" \/>\n<meta name=\"author\" content=\"Editor\" \/>\n<meta name=\"twitter:card\" content=\"summary_large_image\" \/>\n<meta name=\"twitter:label1\" content=\"Written by\" \/>\n\t<meta name=\"twitter:data1\" content=\"Editor\" \/>\n\t<meta name=\"twitter:label2\" content=\"Est. reading time\" \/>\n\t<meta name=\"twitter:data2\" content=\"4 minutes\" \/>\n<script type=\"application\/ld+json\" class=\"yoast-schema-graph\">{\"@context\":\"https:\\\/\\\/schema.org\",\"@graph\":[{\"@type\":\"Article\",\"@id\":\"http:\\\/\\\/presscouncil-ks.org\\\/?p=18333#article\",\"isPartOf\":{\"@id\":\"http:\\\/\\\/presscouncil-ks.org\\\/?p=18333\"},\"author\":{\"name\":\"Editor\",\"@id\":\"http:\\\/\\\/presscouncil-ks.org\\\/#\\\/schema\\\/person\\\/b79d30c61264caeb733239c16cc4d673\"},\"headline\":\"P\u00ebrfundoi Shkolla e Etik\u00ebs s\u00eb Gazetaris\u00eb\",\"datePublished\":\"2026-05-15T19:14:06+00:00\",\"mainEntityOfPage\":{\"@id\":\"http:\\\/\\\/presscouncil-ks.org\\\/?p=18333\"},\"wordCount\":778,\"commentCount\":0,\"publisher\":{\"@id\":\"http:\\\/\\\/presscouncil-ks.org\\\/#organization\"},\"image\":{\"@id\":\"http:\\\/\\\/presscouncil-ks.org\\\/?p=18333#primaryimage\"},\"thumbnailUrl\":\"http:\\\/\\\/presscouncil-ks.org\\\/wp-content\\\/uploads\\\/2026\\\/05\\\/Foto-Shkolla-e-Etikes.jpg\",\"articleSection\":[\"Lajm\"],\"inLanguage\":\"en-US\",\"potentialAction\":[{\"@type\":\"CommentAction\",\"name\":\"Comment\",\"target\":[\"http:\\\/\\\/presscouncil-ks.org\\\/?p=18333#respond\"]}]},{\"@type\":\"WebPage\",\"@id\":\"http:\\\/\\\/presscouncil-ks.org\\\/?p=18333\",\"url\":\"http:\\\/\\\/presscouncil-ks.org\\\/?p=18333\",\"name\":\"P\u00ebrfundoi Shkolla e Etik\u00ebs s\u00eb Gazetaris\u00eb - K\u00ebshilli i Mediave t\u00eb Shkruara t\u00eb Kosov\u00ebs | P\u00ebr nj\u00eb gazetari etike dhe profesionale\",\"isPartOf\":{\"@id\":\"http:\\\/\\\/presscouncil-ks.org\\\/#website\"},\"primaryImageOfPage\":{\"@id\":\"http:\\\/\\\/presscouncil-ks.org\\\/?p=18333#primaryimage\"},\"image\":{\"@id\":\"http:\\\/\\\/presscouncil-ks.org\\\/?p=18333#primaryimage\"},\"thumbnailUrl\":\"http:\\\/\\\/presscouncil-ks.org\\\/wp-content\\\/uploads\\\/2026\\\/05\\\/Foto-Shkolla-e-Etikes.jpg\",\"datePublished\":\"2026-05-15T19:14:06+00:00\",\"breadcrumb\":{\"@id\":\"http:\\\/\\\/presscouncil-ks.org\\\/?p=18333#breadcrumb\"},\"inLanguage\":\"en-US\",\"potentialAction\":[{\"@type\":\"ReadAction\",\"target\":[\"http:\\\/\\\/presscouncil-ks.org\\\/?p=18333\"]}]},{\"@type\":\"ImageObject\",\"inLanguage\":\"en-US\",\"@id\":\"http:\\\/\\\/presscouncil-ks.org\\\/?p=18333#primaryimage\",\"url\":\"http:\\\/\\\/presscouncil-ks.org\\\/wp-content\\\/uploads\\\/2026\\\/05\\\/Foto-Shkolla-e-Etikes.jpg\",\"contentUrl\":\"http:\\\/\\\/presscouncil-ks.org\\\/wp-content\\\/uploads\\\/2026\\\/05\\\/Foto-Shkolla-e-Etikes.jpg\",\"width\":1498,\"height\":512},{\"@type\":\"BreadcrumbList\",\"@id\":\"http:\\\/\\\/presscouncil-ks.org\\\/?p=18333#breadcrumb\",\"itemListElement\":[{\"@type\":\"ListItem\",\"position\":1,\"name\":\"Home\",\"item\":\"https:\\\/\\\/presscouncil-ks.org\\\/\"},{\"@type\":\"ListItem\",\"position\":2,\"name\":\"P\u00ebrfundoi Shkolla e Etik\u00ebs s\u00eb Gazetaris\u00eb\"}]},{\"@type\":\"WebSite\",\"@id\":\"http:\\\/\\\/presscouncil-ks.org\\\/#website\",\"url\":\"http:\\\/\\\/presscouncil-ks.org\\\/\",\"name\":\"https:\\\/\\\/presscouncil-ks.org\\\/\",\"description\":\"\",\"publisher\":{\"@id\":\"http:\\\/\\\/presscouncil-ks.org\\\/#organization\"},\"potentialAction\":[{\"@type\":\"SearchAction\",\"target\":{\"@type\":\"EntryPoint\",\"urlTemplate\":\"http:\\\/\\\/presscouncil-ks.org\\\/?s={search_term_string}\"},\"query-input\":{\"@type\":\"PropertyValueSpecification\",\"valueRequired\":true,\"valueName\":\"search_term_string\"}}],\"inLanguage\":\"en-US\"},{\"@type\":\"Organization\",\"@id\":\"http:\\\/\\\/presscouncil-ks.org\\\/#organization\",\"name\":\"K\u00ebshilli i Mediave t\u00eb Shkruara t\u00eb Kosov\u00ebs\",\"url\":\"http:\\\/\\\/presscouncil-ks.org\\\/\",\"logo\":{\"@type\":\"ImageObject\",\"inLanguage\":\"en-US\",\"@id\":\"http:\\\/\\\/presscouncil-ks.org\\\/#\\\/schema\\\/logo\\\/image\\\/\",\"url\":\"http:\\\/\\\/presscouncil-ks.org\\\/wp-content\\\/uploads\\\/2023\\\/06\\\/cropped-logo.png\",\"contentUrl\":\"http:\\\/\\\/presscouncil-ks.org\\\/wp-content\\\/uploads\\\/2023\\\/06\\\/cropped-logo.png\",\"width\":268,\"height\":166,\"caption\":\"K\u00ebshilli i Mediave t\u00eb Shkruara t\u00eb Kosov\u00ebs\"},\"image\":{\"@id\":\"http:\\\/\\\/presscouncil-ks.org\\\/#\\\/schema\\\/logo\\\/image\\\/\"},\"sameAs\":[\"https:\\\/\\\/www.facebook.com\\\/KMSHKosove\"]},{\"@type\":\"Person\",\"@id\":\"http:\\\/\\\/presscouncil-ks.org\\\/#\\\/schema\\\/person\\\/b79d30c61264caeb733239c16cc4d673\",\"name\":\"Editor\",\"image\":{\"@type\":\"ImageObject\",\"inLanguage\":\"en-US\",\"@id\":\"https:\\\/\\\/secure.gravatar.com\\\/avatar\\\/9534865f39e7b3527010ee17196a76d054b16d731a6a5bfe2f92a071c6e9bf4e?s=96&d=mm&r=g\",\"url\":\"https:\\\/\\\/secure.gravatar.com\\\/avatar\\\/9534865f39e7b3527010ee17196a76d054b16d731a6a5bfe2f92a071c6e9bf4e?s=96&d=mm&r=g\",\"contentUrl\":\"https:\\\/\\\/secure.gravatar.com\\\/avatar\\\/9534865f39e7b3527010ee17196a76d054b16d731a6a5bfe2f92a071c6e9bf4e?s=96&d=mm&r=g\",\"caption\":\"Editor\"},\"url\":\"http:\\\/\\\/presscouncil-ks.org\\\/?author=2\"}]}<\/script>\n<!-- \/ Yoast SEO plugin. -->","yoast_head_json":{"title":"P\u00ebrfundoi Shkolla e Etik\u00ebs s\u00eb Gazetaris\u00eb - K\u00ebshilli i Mediave t\u00eb Shkruara t\u00eb Kosov\u00ebs | P\u00ebr nj\u00eb gazetari etike dhe profesionale","robots":{"index":"index","follow":"follow","max-snippet":"max-snippet:-1","max-image-preview":"max-image-preview:large","max-video-preview":"max-video-preview:-1"},"canonical":"http:\/\/presscouncil-ks.org\/?p=18333","og_locale":"en_US","og_type":"article","og_title":"P\u00ebrfundoi Shkolla e Etik\u00ebs s\u00eb Gazetaris\u00eb - K\u00ebshilli i Mediave t\u00eb Shkruara t\u00eb Kosov\u00ebs | P\u00ebr nj\u00eb gazetari etike dhe profesionale","og_description":"Ka p\u00ebrfunduar, n\u00eb Prishtin\u00eb, Shkolla e Etik\u00ebs s\u00eb Gazetaris\u00eb, organizuar nga K\u00ebshilli i Mediave t\u00eb Shkruara t\u00eb Kosov\u00ebs (KMShK). N\u00eb dit\u00ebn e par\u00eb t\u00eb modulit t\u00eb dyt\u00eb t\u00eb shkoll\u00ebs \u00ebsht\u00eb diskutuar p\u00ebr shpifjen dhe fyerjen, edukimin medial dhe sigurin\u00eb e gazetar\u00ebve. Flutura Kusari, juriste e s\u00eb drejt\u00ebs s\u00eb medias, ka bashk\u00ebbiseduar me student\u00eb t\u00eb gazetaris\u00eb [&hellip;]","og_url":"http:\/\/presscouncil-ks.org\/?p=18333","og_site_name":"K\u00ebshilli i Mediave t\u00eb Shkruara t\u00eb Kosov\u00ebs | P\u00ebr nj\u00eb gazetari etike dhe profesionale","article_publisher":"https:\/\/www.facebook.com\/KMSHKosove","article_published_time":"2026-05-15T19:14:06+00:00","og_image":[{"width":1498,"height":512,"url":"http:\/\/presscouncil-ks.org\/wp-content\/uploads\/2026\/05\/Foto-Shkolla-e-Etikes.jpg","type":"image\/jpeg"}],"author":"Editor","twitter_card":"summary_large_image","twitter_misc":{"Written by":"Editor","Est. reading time":"4 minutes"},"schema":{"@context":"https:\/\/schema.org","@graph":[{"@type":"Article","@id":"http:\/\/presscouncil-ks.org\/?p=18333#article","isPartOf":{"@id":"http:\/\/presscouncil-ks.org\/?p=18333"},"author":{"name":"Editor","@id":"http:\/\/presscouncil-ks.org\/#\/schema\/person\/b79d30c61264caeb733239c16cc4d673"},"headline":"P\u00ebrfundoi Shkolla e Etik\u00ebs s\u00eb Gazetaris\u00eb","datePublished":"2026-05-15T19:14:06+00:00","mainEntityOfPage":{"@id":"http:\/\/presscouncil-ks.org\/?p=18333"},"wordCount":778,"commentCount":0,"publisher":{"@id":"http:\/\/presscouncil-ks.org\/#organization"},"image":{"@id":"http:\/\/presscouncil-ks.org\/?p=18333#primaryimage"},"thumbnailUrl":"http:\/\/presscouncil-ks.org\/wp-content\/uploads\/2026\/05\/Foto-Shkolla-e-Etikes.jpg","articleSection":["Lajm"],"inLanguage":"en-US","potentialAction":[{"@type":"CommentAction","name":"Comment","target":["http:\/\/presscouncil-ks.org\/?p=18333#respond"]}]},{"@type":"WebPage","@id":"http:\/\/presscouncil-ks.org\/?p=18333","url":"http:\/\/presscouncil-ks.org\/?p=18333","name":"P\u00ebrfundoi Shkolla e Etik\u00ebs s\u00eb Gazetaris\u00eb - K\u00ebshilli i Mediave t\u00eb Shkruara t\u00eb Kosov\u00ebs | P\u00ebr nj\u00eb gazetari etike dhe profesionale","isPartOf":{"@id":"http:\/\/presscouncil-ks.org\/#website"},"primaryImageOfPage":{"@id":"http:\/\/presscouncil-ks.org\/?p=18333#primaryimage"},"image":{"@id":"http:\/\/presscouncil-ks.org\/?p=18333#primaryimage"},"thumbnailUrl":"http:\/\/presscouncil-ks.org\/wp-content\/uploads\/2026\/05\/Foto-Shkolla-e-Etikes.jpg","datePublished":"2026-05-15T19:14:06+00:00","breadcrumb":{"@id":"http:\/\/presscouncil-ks.org\/?p=18333#breadcrumb"},"inLanguage":"en-US","potentialAction":[{"@type":"ReadAction","target":["http:\/\/presscouncil-ks.org\/?p=18333"]}]},{"@type":"ImageObject","inLanguage":"en-US","@id":"http:\/\/presscouncil-ks.org\/?p=18333#primaryimage","url":"http:\/\/presscouncil-ks.org\/wp-content\/uploads\/2026\/05\/Foto-Shkolla-e-Etikes.jpg","contentUrl":"http:\/\/presscouncil-ks.org\/wp-content\/uploads\/2026\/05\/Foto-Shkolla-e-Etikes.jpg","width":1498,"height":512},{"@type":"BreadcrumbList","@id":"http:\/\/presscouncil-ks.org\/?p=18333#breadcrumb","itemListElement":[{"@type":"ListItem","position":1,"name":"Home","item":"https:\/\/presscouncil-ks.org\/"},{"@type":"ListItem","position":2,"name":"P\u00ebrfundoi Shkolla e Etik\u00ebs s\u00eb Gazetaris\u00eb"}]},{"@type":"WebSite","@id":"http:\/\/presscouncil-ks.org\/#website","url":"http:\/\/presscouncil-ks.org\/","name":"https:\/\/presscouncil-ks.org\/","description":"","publisher":{"@id":"http:\/\/presscouncil-ks.org\/#organization"},"potentialAction":[{"@type":"SearchAction","target":{"@type":"EntryPoint","urlTemplate":"http:\/\/presscouncil-ks.org\/?s={search_term_string}"},"query-input":{"@type":"PropertyValueSpecification","valueRequired":true,"valueName":"search_term_string"}}],"inLanguage":"en-US"},{"@type":"Organization","@id":"http:\/\/presscouncil-ks.org\/#organization","name":"K\u00ebshilli i Mediave t\u00eb Shkruara t\u00eb Kosov\u00ebs","url":"http:\/\/presscouncil-ks.org\/","logo":{"@type":"ImageObject","inLanguage":"en-US","@id":"http:\/\/presscouncil-ks.org\/#\/schema\/logo\/image\/","url":"http:\/\/presscouncil-ks.org\/wp-content\/uploads\/2023\/06\/cropped-logo.png","contentUrl":"http:\/\/presscouncil-ks.org\/wp-content\/uploads\/2023\/06\/cropped-logo.png","width":268,"height":166,"caption":"K\u00ebshilli i Mediave t\u00eb Shkruara t\u00eb Kosov\u00ebs"},"image":{"@id":"http:\/\/presscouncil-ks.org\/#\/schema\/logo\/image\/"},"sameAs":["https:\/\/www.facebook.com\/KMSHKosove"]},{"@type":"Person","@id":"http:\/\/presscouncil-ks.org\/#\/schema\/person\/b79d30c61264caeb733239c16cc4d673","name":"Editor","image":{"@type":"ImageObject","inLanguage":"en-US","@id":"https:\/\/secure.gravatar.com\/avatar\/9534865f39e7b3527010ee17196a76d054b16d731a6a5bfe2f92a071c6e9bf4e?s=96&d=mm&r=g","url":"https:\/\/secure.gravatar.com\/avatar\/9534865f39e7b3527010ee17196a76d054b16d731a6a5bfe2f92a071c6e9bf4e?s=96&d=mm&r=g","contentUrl":"https:\/\/secure.gravatar.com\/avatar\/9534865f39e7b3527010ee17196a76d054b16d731a6a5bfe2f92a071c6e9bf4e?s=96&d=mm&r=g","caption":"Editor"},"url":"http:\/\/presscouncil-ks.org\/?author=2"}]}},"_links":{"self":[{"href":"http:\/\/presscouncil-ks.org\/index.php?rest_route=\/wp\/v2\/posts\/18333","targetHints":{"allow":["GET"]}}],"collection":[{"href":"http:\/\/presscouncil-ks.org\/index.php?rest_route=\/wp\/v2\/posts"}],"about":[{"href":"http:\/\/presscouncil-ks.org\/index.php?rest_route=\/wp\/v2\/types\/post"}],"author":[{"embeddable":true,"href":"http:\/\/presscouncil-ks.org\/index.php?rest_route=\/wp\/v2\/users\/2"}],"replies":[{"embeddable":true,"href":"http:\/\/presscouncil-ks.org\/index.php?rest_route=%2Fwp%2Fv2%2Fcomments&post=18333"}],"version-history":[{"count":1,"href":"http:\/\/presscouncil-ks.org\/index.php?rest_route=\/wp\/v2\/posts\/18333\/revisions"}],"predecessor-version":[{"id":18335,"href":"http:\/\/presscouncil-ks.org\/index.php?rest_route=\/wp\/v2\/posts\/18333\/revisions\/18335"}],"wp:featuredmedia":[{"embeddable":true,"href":"http:\/\/presscouncil-ks.org\/index.php?rest_route=\/wp\/v2\/media\/18334"}],"wp:attachment":[{"href":"http:\/\/presscouncil-ks.org\/index.php?rest_route=%2Fwp%2Fv2%2Fmedia&parent=18333"}],"wp:term":[{"taxonomy":"category","embeddable":true,"href":"http:\/\/presscouncil-ks.org\/index.php?rest_route=%2Fwp%2Fv2%2Fcategories&post=18333"},{"taxonomy":"post_tag","embeddable":true,"href":"http:\/\/presscouncil-ks.org\/index.php?rest_route=%2Fwp%2Fv2%2Ftags&post=18333"}],"curies":[{"name":"wp","href":"https:\/\/api.w.org\/{rel}","templated":true}]}}