{"id":18318,"date":"2026-05-05T14:28:33","date_gmt":"2026-05-05T14:28:33","guid":{"rendered":"https:\/\/presscouncil-ks.org\/?p=18318"},"modified":"2026-05-05T14:34:35","modified_gmt":"2026-05-05T14:34:35","slug":"thirrje-per-aplikim-shkolla-e-etikes-se-gazetarise-2","status":"publish","type":"post","link":"http:\/\/presscouncil-ks.org\/?p=18318","title":{"rendered":"THIRRJE P\u00cbR APLIKIM \/ Shkolla e Etik\u00ebs s\u00eb Gazetaris\u00eb"},"content":{"rendered":"<p><em><strong>K\u00ebshilli i Mediave t\u00eb Shkruara t\u00eb Kosov\u00ebs (KMShK) po organizon Shkoll\u00ebn e Etik\u00ebs s\u00eb <\/strong><\/em><em><strong>Gazetaris\u00eb p\u00ebr student\u00ebt e gazetaris\u00eb, gazetar\u00ebt e rinj dhe individ\u00ebt tjer\u00eb t\u00eb interesuar.<\/strong><\/em><\/p>\n<p>Shkolla do t\u00eb zhvillohet m\u00eb 12-14 maj 2026 n\u00eb Prishtin\u00eb dhe do t\u00eb p\u00ebrmbaj\u00eb ligj\u00ebrata e seancainteraktive t\u00eb mbajtura nga gazetar\u00eb prominent\u00eb dhe ekspert\u00eb t\u00eb medias.<br \/>\nShkolla organizohet me mb\u00ebshtetjen e UNESCO-s, n\u00eb kuad\u00ebr t\u00eb projektit \u201dNd\u00ebrtimi i besimit temediat n\u00eb Europ\u00ebn Juglindore: Mb\u00ebshtetje p\u00ebr gazetarin\u00eb si e mir\u00eb publike\u201c, i financuar ngaBashkimi Evropian.<\/p>\n<p><strong>Kriteret<\/strong><\/p>\n<p>P\u00ebr t\u00eb marr\u00eb pjes\u00eb n\u00eb shkoll\u00eb, kandidat\u00ebt duhet t\u2019i plot\u00ebsojn\u00eb k\u00ebto kritere:<\/p>\n<p>\uf0b7 T\u00eb jet\u00eb student\/e i\/e gazetaris\u00eb, gazetar\/e i\/e ri\/e ose student\/e nga nj\u00eb fush\u00eb tjet\u00ebr me interes n\u00eb gazetari. Aplikuesit duhet t\u00eb jen\u00eb mes mosh\u00ebs 18 dhe 30 vje\u00e7. Inkurajohet<br \/>\npjes\u00ebmarrja nga komunitetet joshumic\u00eb, nd\u00ebrsa procesi i p\u00ebrzgjedhjes do t\u00eb siguroj\u00eb<br \/>\npjes\u00ebmarrje p\u00ebrfshir\u00ebse gjinore.<\/p>\n<p>\uf0b7 T\u00eb ket\u00eb interes real p\u00ebr temat dhe \u00e7\u00ebshtjet aktuale q\u00eb lidhen me etik\u00ebn e gazetaris\u00eb.<\/p>\n<p>N\u00ebse jeni t\u00eb interesuar t\u00eb b\u00ebheni pjes\u00eb e k\u00ebsaj shkolle, ju lutemi d\u00ebrgoni aplikacionin n\u00eb adres\u00ebn elektronike: presscouncil.kosovo@gmail.com.<\/p>\n<p>Aplikuesit duhet t\u00eb dor\u00ebzojn\u00eb CV t\u00eb shkurt\u00ebr q\u00eb p\u00ebrfshin:<\/p>\n<p>\uf0b7 Informatat personale: Emri, mosha, t\u00eb dh\u00ebnat kontaktuese<br \/>\n\uf0b7 Shkollimin: Studime ose kurse relevante<br \/>\n\uf0b7 P\u00ebrvoj\u00ebn: Pun\u00eb, praktik\u00eb ose aktivitete vullnetare q\u00eb lidhen me gazetarin\u00eb\/median<br \/>\n\uf0b7 Interesimin n\u00eb gazetari: Theksoni aktivitetet, projektet ose artikujt q\u00eb tregojn\u00eb<br \/>\ninteresimin p\u00ebr etik\u00ebn e gazetaris\u00eb dhe \u00e7\u00ebshtjet aktuale mediale<\/p>\n<p>Afati i fundit p\u00ebr aplikim: 10 maj, 2026.<\/p>\n<p>Pjes\u00ebmarr\u00ebsit do t\u00eb marrin certifikata.<\/p>\n<p>Numri i pjes\u00ebmarr\u00ebsve \u00ebsht\u00eb i kufizuar!<\/p>\n","protected":false},"excerpt":{"rendered":"<p>K\u00ebshilli i Mediave t\u00eb Shkruara t\u00eb Kosov\u00ebs (KMShK) po organizon Shkoll\u00ebn e Etik\u00ebs s\u00eb Gazetaris\u00eb p\u00ebr student\u00ebt e gazetaris\u00eb, gazetar\u00ebt e rinj dhe individ\u00ebt tjer\u00eb t\u00eb interesuar. Shkolla do t\u00eb zhvillohet m\u00eb 12-14 maj 2026 n\u00eb Prishtin\u00eb dhe do t\u00eb p\u00ebrmbaj\u00eb ligj\u00ebrata e seancainteraktive t\u00eb mbajtura nga gazetar\u00eb prominent\u00eb dhe ekspert\u00eb t\u00eb medias. Shkolla organizohet [&hellip;]<\/p>\n","protected":false},"author":2,"featured_media":18320,"comment_status":"open","ping_status":"open","sticky":false,"template":"","format":"standard","meta":{"footnotes":""},"categories":[92],"tags":[],"class_list":["post-18318","post","type-post","status-publish","format-standard","has-post-thumbnail","hentry","category-news-sq"],"acf":{"video_title":"","video":false},"yoast_head":"<!-- This site is optimized with the Yoast SEO plugin v28.3 - https:\/\/yoast.com\/product\/yoast-seo-wordpress\/ -->\n<title>THIRRJE P\u00cbR APLIKIM \/ Shkolla e Etik\u00ebs s\u00eb Gazetaris\u00eb - K\u00ebshilli i Mediave t\u00eb Shkruara t\u00eb Kosov\u00ebs | P\u00ebr nj\u00eb gazetari etike dhe profesionale<\/title>\n<meta name=\"robots\" content=\"index, follow, max-snippet:-1, max-image-preview:large, max-video-preview:-1\" \/>\n<link rel=\"canonical\" href=\"http:\/\/presscouncil-ks.org\/?p=18318\" \/>\n<meta property=\"og:locale\" content=\"en_US\" \/>\n<meta property=\"og:type\" content=\"article\" \/>\n<meta property=\"og:title\" content=\"THIRRJE P\u00cbR APLIKIM \/ Shkolla e Etik\u00ebs s\u00eb Gazetaris\u00eb - K\u00ebshilli i Mediave t\u00eb Shkruara t\u00eb Kosov\u00ebs | P\u00ebr nj\u00eb gazetari etike dhe profesionale\" \/>\n<meta property=\"og:description\" content=\"K\u00ebshilli i Mediave t\u00eb Shkruara t\u00eb Kosov\u00ebs (KMShK) po organizon Shkoll\u00ebn e Etik\u00ebs s\u00eb Gazetaris\u00eb p\u00ebr student\u00ebt e gazetaris\u00eb, gazetar\u00ebt e rinj dhe individ\u00ebt tjer\u00eb t\u00eb interesuar. Shkolla do t\u00eb zhvillohet m\u00eb 12-14 maj 2026 n\u00eb Prishtin\u00eb dhe do t\u00eb p\u00ebrmbaj\u00eb ligj\u00ebrata e seancainteraktive t\u00eb mbajtura nga gazetar\u00eb prominent\u00eb dhe ekspert\u00eb t\u00eb medias. Shkolla organizohet [&hellip;]\" \/>\n<meta property=\"og:url\" content=\"http:\/\/presscouncil-ks.org\/?p=18318\" \/>\n<meta property=\"og:site_name\" content=\"K\u00ebshilli i Mediave t\u00eb Shkruara t\u00eb Kosov\u00ebs | P\u00ebr nj\u00eb gazetari etike dhe profesionale\" \/>\n<meta property=\"article:publisher\" content=\"https:\/\/www.facebook.com\/KMSHKosove\" \/>\n<meta property=\"article:published_time\" content=\"2026-05-05T14:28:33+00:00\" \/>\n<meta property=\"article:modified_time\" content=\"2026-05-05T14:34:35+00:00\" \/>\n<meta property=\"og:image\" content=\"http:\/\/presscouncil-ks.org\/wp-content\/uploads\/2026\/05\/shqip-shkolla-maj-2026.jpg\" \/>\n\t<meta property=\"og:image:width\" content=\"460\" \/>\n\t<meta property=\"og:image:height\" content=\"307\" \/>\n\t<meta property=\"og:image:type\" content=\"image\/jpeg\" \/>\n<meta name=\"author\" content=\"Editor\" \/>\n<meta name=\"twitter:card\" content=\"summary_large_image\" \/>\n<meta name=\"twitter:label1\" content=\"Written by\" \/>\n\t<meta name=\"twitter:data1\" content=\"Editor\" \/>\n\t<meta name=\"twitter:label2\" content=\"Est. reading time\" \/>\n\t<meta name=\"twitter:data2\" content=\"2 minutes\" \/>\n<script type=\"application\/ld+json\" class=\"yoast-schema-graph\">{\"@context\":\"https:\\\/\\\/schema.org\",\"@graph\":[{\"@type\":\"Article\",\"@id\":\"http:\\\/\\\/presscouncil-ks.org\\\/?p=18318#article\",\"isPartOf\":{\"@id\":\"http:\\\/\\\/presscouncil-ks.org\\\/?p=18318\"},\"author\":{\"name\":\"Editor\",\"@id\":\"http:\\\/\\\/presscouncil-ks.org\\\/#\\\/schema\\\/person\\\/b79d30c61264caeb733239c16cc4d673\"},\"headline\":\"THIRRJE P\u00cbR APLIKIM \\\/ Shkolla e Etik\u00ebs s\u00eb Gazetaris\u00eb\",\"datePublished\":\"2026-05-05T14:28:33+00:00\",\"dateModified\":\"2026-05-05T14:34:35+00:00\",\"mainEntityOfPage\":{\"@id\":\"http:\\\/\\\/presscouncil-ks.org\\\/?p=18318\"},\"wordCount\":303,\"commentCount\":0,\"publisher\":{\"@id\":\"http:\\\/\\\/presscouncil-ks.org\\\/#organization\"},\"image\":{\"@id\":\"http:\\\/\\\/presscouncil-ks.org\\\/?p=18318#primaryimage\"},\"thumbnailUrl\":\"http:\\\/\\\/presscouncil-ks.org\\\/wp-content\\\/uploads\\\/2026\\\/05\\\/shqip-shkolla-maj-2026.jpg\",\"articleSection\":[\"Lajm\"],\"inLanguage\":\"en-US\",\"potentialAction\":[{\"@type\":\"CommentAction\",\"name\":\"Comment\",\"target\":[\"http:\\\/\\\/presscouncil-ks.org\\\/?p=18318#respond\"]}]},{\"@type\":\"WebPage\",\"@id\":\"http:\\\/\\\/presscouncil-ks.org\\\/?p=18318\",\"url\":\"http:\\\/\\\/presscouncil-ks.org\\\/?p=18318\",\"name\":\"THIRRJE P\u00cbR APLIKIM \\\/ Shkolla e Etik\u00ebs s\u00eb Gazetaris\u00eb - K\u00ebshilli i Mediave t\u00eb Shkruara t\u00eb Kosov\u00ebs | P\u00ebr nj\u00eb gazetari etike dhe profesionale\",\"isPartOf\":{\"@id\":\"http:\\\/\\\/presscouncil-ks.org\\\/#website\"},\"primaryImageOfPage\":{\"@id\":\"http:\\\/\\\/presscouncil-ks.org\\\/?p=18318#primaryimage\"},\"image\":{\"@id\":\"http:\\\/\\\/presscouncil-ks.org\\\/?p=18318#primaryimage\"},\"thumbnailUrl\":\"http:\\\/\\\/presscouncil-ks.org\\\/wp-content\\\/uploads\\\/2026\\\/05\\\/shqip-shkolla-maj-2026.jpg\",\"datePublished\":\"2026-05-05T14:28:33+00:00\",\"dateModified\":\"2026-05-05T14:34:35+00:00\",\"breadcrumb\":{\"@id\":\"http:\\\/\\\/presscouncil-ks.org\\\/?p=18318#breadcrumb\"},\"inLanguage\":\"en-US\",\"potentialAction\":[{\"@type\":\"ReadAction\",\"target\":[\"http:\\\/\\\/presscouncil-ks.org\\\/?p=18318\"]}]},{\"@type\":\"ImageObject\",\"inLanguage\":\"en-US\",\"@id\":\"http:\\\/\\\/presscouncil-ks.org\\\/?p=18318#primaryimage\",\"url\":\"http:\\\/\\\/presscouncil-ks.org\\\/wp-content\\\/uploads\\\/2026\\\/05\\\/shqip-shkolla-maj-2026.jpg\",\"contentUrl\":\"http:\\\/\\\/presscouncil-ks.org\\\/wp-content\\\/uploads\\\/2026\\\/05\\\/shqip-shkolla-maj-2026.jpg\",\"width\":460,\"height\":307},{\"@type\":\"BreadcrumbList\",\"@id\":\"http:\\\/\\\/presscouncil-ks.org\\\/?p=18318#breadcrumb\",\"itemListElement\":[{\"@type\":\"ListItem\",\"position\":1,\"name\":\"Home\",\"item\":\"https:\\\/\\\/presscouncil-ks.org\\\/\"},{\"@type\":\"ListItem\",\"position\":2,\"name\":\"THIRRJE P\u00cbR APLIKIM \\\/ Shkolla e Etik\u00ebs s\u00eb Gazetaris\u00eb\"}]},{\"@type\":\"WebSite\",\"@id\":\"http:\\\/\\\/presscouncil-ks.org\\\/#website\",\"url\":\"http:\\\/\\\/presscouncil-ks.org\\\/\",\"name\":\"https:\\\/\\\/presscouncil-ks.org\\\/\",\"description\":\"\",\"publisher\":{\"@id\":\"http:\\\/\\\/presscouncil-ks.org\\\/#organization\"},\"potentialAction\":[{\"@type\":\"SearchAction\",\"target\":{\"@type\":\"EntryPoint\",\"urlTemplate\":\"http:\\\/\\\/presscouncil-ks.org\\\/?s={search_term_string}\"},\"query-input\":{\"@type\":\"PropertyValueSpecification\",\"valueRequired\":true,\"valueName\":\"search_term_string\"}}],\"inLanguage\":\"en-US\"},{\"@type\":\"Organization\",\"@id\":\"http:\\\/\\\/presscouncil-ks.org\\\/#organization\",\"name\":\"K\u00ebshilli i Mediave t\u00eb Shkruara t\u00eb Kosov\u00ebs\",\"url\":\"http:\\\/\\\/presscouncil-ks.org\\\/\",\"logo\":{\"@type\":\"ImageObject\",\"inLanguage\":\"en-US\",\"@id\":\"http:\\\/\\\/presscouncil-ks.org\\\/#\\\/schema\\\/logo\\\/image\\\/\",\"url\":\"http:\\\/\\\/presscouncil-ks.org\\\/wp-content\\\/uploads\\\/2023\\\/06\\\/cropped-logo.png\",\"contentUrl\":\"http:\\\/\\\/presscouncil-ks.org\\\/wp-content\\\/uploads\\\/2023\\\/06\\\/cropped-logo.png\",\"width\":268,\"height\":166,\"caption\":\"K\u00ebshilli i Mediave t\u00eb Shkruara t\u00eb Kosov\u00ebs\"},\"image\":{\"@id\":\"http:\\\/\\\/presscouncil-ks.org\\\/#\\\/schema\\\/logo\\\/image\\\/\"},\"sameAs\":[\"https:\\\/\\\/www.facebook.com\\\/KMSHKosove\"]},{\"@type\":\"Person\",\"@id\":\"http:\\\/\\\/presscouncil-ks.org\\\/#\\\/schema\\\/person\\\/b79d30c61264caeb733239c16cc4d673\",\"name\":\"Editor\",\"image\":{\"@type\":\"ImageObject\",\"inLanguage\":\"en-US\",\"@id\":\"https:\\\/\\\/secure.gravatar.com\\\/avatar\\\/9534865f39e7b3527010ee17196a76d054b16d731a6a5bfe2f92a071c6e9bf4e?s=96&d=mm&r=g\",\"url\":\"https:\\\/\\\/secure.gravatar.com\\\/avatar\\\/9534865f39e7b3527010ee17196a76d054b16d731a6a5bfe2f92a071c6e9bf4e?s=96&d=mm&r=g\",\"contentUrl\":\"https:\\\/\\\/secure.gravatar.com\\\/avatar\\\/9534865f39e7b3527010ee17196a76d054b16d731a6a5bfe2f92a071c6e9bf4e?s=96&d=mm&r=g\",\"caption\":\"Editor\"},\"url\":\"http:\\\/\\\/presscouncil-ks.org\\\/?author=2\"}]}<\/script>\n<!-- \/ Yoast SEO plugin. -->","yoast_head_json":{"title":"THIRRJE P\u00cbR APLIKIM \/ Shkolla e Etik\u00ebs s\u00eb Gazetaris\u00eb - K\u00ebshilli i Mediave t\u00eb Shkruara t\u00eb Kosov\u00ebs | P\u00ebr nj\u00eb gazetari etike dhe profesionale","robots":{"index":"index","follow":"follow","max-snippet":"max-snippet:-1","max-image-preview":"max-image-preview:large","max-video-preview":"max-video-preview:-1"},"canonical":"http:\/\/presscouncil-ks.org\/?p=18318","og_locale":"en_US","og_type":"article","og_title":"THIRRJE P\u00cbR APLIKIM \/ Shkolla e Etik\u00ebs s\u00eb Gazetaris\u00eb - K\u00ebshilli i Mediave t\u00eb Shkruara t\u00eb Kosov\u00ebs | P\u00ebr nj\u00eb gazetari etike dhe profesionale","og_description":"K\u00ebshilli i Mediave t\u00eb Shkruara t\u00eb Kosov\u00ebs (KMShK) po organizon Shkoll\u00ebn e Etik\u00ebs s\u00eb Gazetaris\u00eb p\u00ebr student\u00ebt e gazetaris\u00eb, gazetar\u00ebt e rinj dhe individ\u00ebt tjer\u00eb t\u00eb interesuar. Shkolla do t\u00eb zhvillohet m\u00eb 12-14 maj 2026 n\u00eb Prishtin\u00eb dhe do t\u00eb p\u00ebrmbaj\u00eb ligj\u00ebrata e seancainteraktive t\u00eb mbajtura nga gazetar\u00eb prominent\u00eb dhe ekspert\u00eb t\u00eb medias. Shkolla organizohet [&hellip;]","og_url":"http:\/\/presscouncil-ks.org\/?p=18318","og_site_name":"K\u00ebshilli i Mediave t\u00eb Shkruara t\u00eb Kosov\u00ebs | P\u00ebr nj\u00eb gazetari etike dhe profesionale","article_publisher":"https:\/\/www.facebook.com\/KMSHKosove","article_published_time":"2026-05-05T14:28:33+00:00","article_modified_time":"2026-05-05T14:34:35+00:00","og_image":[{"width":460,"height":307,"url":"http:\/\/presscouncil-ks.org\/wp-content\/uploads\/2026\/05\/shqip-shkolla-maj-2026.jpg","type":"image\/jpeg"}],"author":"Editor","twitter_card":"summary_large_image","twitter_misc":{"Written by":"Editor","Est. reading time":"2 minutes"},"schema":{"@context":"https:\/\/schema.org","@graph":[{"@type":"Article","@id":"http:\/\/presscouncil-ks.org\/?p=18318#article","isPartOf":{"@id":"http:\/\/presscouncil-ks.org\/?p=18318"},"author":{"name":"Editor","@id":"http:\/\/presscouncil-ks.org\/#\/schema\/person\/b79d30c61264caeb733239c16cc4d673"},"headline":"THIRRJE P\u00cbR APLIKIM \/ Shkolla e Etik\u00ebs s\u00eb Gazetaris\u00eb","datePublished":"2026-05-05T14:28:33+00:00","dateModified":"2026-05-05T14:34:35+00:00","mainEntityOfPage":{"@id":"http:\/\/presscouncil-ks.org\/?p=18318"},"wordCount":303,"commentCount":0,"publisher":{"@id":"http:\/\/presscouncil-ks.org\/#organization"},"image":{"@id":"http:\/\/presscouncil-ks.org\/?p=18318#primaryimage"},"thumbnailUrl":"http:\/\/presscouncil-ks.org\/wp-content\/uploads\/2026\/05\/shqip-shkolla-maj-2026.jpg","articleSection":["Lajm"],"inLanguage":"en-US","potentialAction":[{"@type":"CommentAction","name":"Comment","target":["http:\/\/presscouncil-ks.org\/?p=18318#respond"]}]},{"@type":"WebPage","@id":"http:\/\/presscouncil-ks.org\/?p=18318","url":"http:\/\/presscouncil-ks.org\/?p=18318","name":"THIRRJE P\u00cbR APLIKIM \/ Shkolla e Etik\u00ebs s\u00eb Gazetaris\u00eb - K\u00ebshilli i Mediave t\u00eb Shkruara t\u00eb Kosov\u00ebs | P\u00ebr nj\u00eb gazetari etike dhe profesionale","isPartOf":{"@id":"http:\/\/presscouncil-ks.org\/#website"},"primaryImageOfPage":{"@id":"http:\/\/presscouncil-ks.org\/?p=18318#primaryimage"},"image":{"@id":"http:\/\/presscouncil-ks.org\/?p=18318#primaryimage"},"thumbnailUrl":"http:\/\/presscouncil-ks.org\/wp-content\/uploads\/2026\/05\/shqip-shkolla-maj-2026.jpg","datePublished":"2026-05-05T14:28:33+00:00","dateModified":"2026-05-05T14:34:35+00:00","breadcrumb":{"@id":"http:\/\/presscouncil-ks.org\/?p=18318#breadcrumb"},"inLanguage":"en-US","potentialAction":[{"@type":"ReadAction","target":["http:\/\/presscouncil-ks.org\/?p=18318"]}]},{"@type":"ImageObject","inLanguage":"en-US","@id":"http:\/\/presscouncil-ks.org\/?p=18318#primaryimage","url":"http:\/\/presscouncil-ks.org\/wp-content\/uploads\/2026\/05\/shqip-shkolla-maj-2026.jpg","contentUrl":"http:\/\/presscouncil-ks.org\/wp-content\/uploads\/2026\/05\/shqip-shkolla-maj-2026.jpg","width":460,"height":307},{"@type":"BreadcrumbList","@id":"http:\/\/presscouncil-ks.org\/?p=18318#breadcrumb","itemListElement":[{"@type":"ListItem","position":1,"name":"Home","item":"https:\/\/presscouncil-ks.org\/"},{"@type":"ListItem","position":2,"name":"THIRRJE P\u00cbR APLIKIM \/ Shkolla e Etik\u00ebs s\u00eb Gazetaris\u00eb"}]},{"@type":"WebSite","@id":"http:\/\/presscouncil-ks.org\/#website","url":"http:\/\/presscouncil-ks.org\/","name":"https:\/\/presscouncil-ks.org\/","description":"","publisher":{"@id":"http:\/\/presscouncil-ks.org\/#organization"},"potentialAction":[{"@type":"SearchAction","target":{"@type":"EntryPoint","urlTemplate":"http:\/\/presscouncil-ks.org\/?s={search_term_string}"},"query-input":{"@type":"PropertyValueSpecification","valueRequired":true,"valueName":"search_term_string"}}],"inLanguage":"en-US"},{"@type":"Organization","@id":"http:\/\/presscouncil-ks.org\/#organization","name":"K\u00ebshilli i Mediave t\u00eb Shkruara t\u00eb Kosov\u00ebs","url":"http:\/\/presscouncil-ks.org\/","logo":{"@type":"ImageObject","inLanguage":"en-US","@id":"http:\/\/presscouncil-ks.org\/#\/schema\/logo\/image\/","url":"http:\/\/presscouncil-ks.org\/wp-content\/uploads\/2023\/06\/cropped-logo.png","contentUrl":"http:\/\/presscouncil-ks.org\/wp-content\/uploads\/2023\/06\/cropped-logo.png","width":268,"height":166,"caption":"K\u00ebshilli i Mediave t\u00eb Shkruara t\u00eb Kosov\u00ebs"},"image":{"@id":"http:\/\/presscouncil-ks.org\/#\/schema\/logo\/image\/"},"sameAs":["https:\/\/www.facebook.com\/KMSHKosove"]},{"@type":"Person","@id":"http:\/\/presscouncil-ks.org\/#\/schema\/person\/b79d30c61264caeb733239c16cc4d673","name":"Editor","image":{"@type":"ImageObject","inLanguage":"en-US","@id":"https:\/\/secure.gravatar.com\/avatar\/9534865f39e7b3527010ee17196a76d054b16d731a6a5bfe2f92a071c6e9bf4e?s=96&d=mm&r=g","url":"https:\/\/secure.gravatar.com\/avatar\/9534865f39e7b3527010ee17196a76d054b16d731a6a5bfe2f92a071c6e9bf4e?s=96&d=mm&r=g","contentUrl":"https:\/\/secure.gravatar.com\/avatar\/9534865f39e7b3527010ee17196a76d054b16d731a6a5bfe2f92a071c6e9bf4e?s=96&d=mm&r=g","caption":"Editor"},"url":"http:\/\/presscouncil-ks.org\/?author=2"}]}},"_links":{"self":[{"href":"http:\/\/presscouncil-ks.org\/index.php?rest_route=\/wp\/v2\/posts\/18318","targetHints":{"allow":["GET"]}}],"collection":[{"href":"http:\/\/presscouncil-ks.org\/index.php?rest_route=\/wp\/v2\/posts"}],"about":[{"href":"http:\/\/presscouncil-ks.org\/index.php?rest_route=\/wp\/v2\/types\/post"}],"author":[{"embeddable":true,"href":"http:\/\/presscouncil-ks.org\/index.php?rest_route=\/wp\/v2\/users\/2"}],"replies":[{"embeddable":true,"href":"http:\/\/presscouncil-ks.org\/index.php?rest_route=%2Fwp%2Fv2%2Fcomments&post=18318"}],"version-history":[{"count":3,"href":"http:\/\/presscouncil-ks.org\/index.php?rest_route=\/wp\/v2\/posts\/18318\/revisions"}],"predecessor-version":[{"id":18327,"href":"http:\/\/presscouncil-ks.org\/index.php?rest_route=\/wp\/v2\/posts\/18318\/revisions\/18327"}],"wp:featuredmedia":[{"embeddable":true,"href":"http:\/\/presscouncil-ks.org\/index.php?rest_route=\/wp\/v2\/media\/18320"}],"wp:attachment":[{"href":"http:\/\/presscouncil-ks.org\/index.php?rest_route=%2Fwp%2Fv2%2Fmedia&parent=18318"}],"wp:term":[{"taxonomy":"category","embeddable":true,"href":"http:\/\/presscouncil-ks.org\/index.php?rest_route=%2Fwp%2Fv2%2Fcategories&post=18318"},{"taxonomy":"post_tag","embeddable":true,"href":"http:\/\/presscouncil-ks.org\/index.php?rest_route=%2Fwp%2Fv2%2Ftags&post=18318"}],"curies":[{"name":"wp","href":"https:\/\/api.w.org\/{rel}","templated":true}]}}