{"id":18316,"date":"2026-04-30T16:24:33","date_gmt":"2026-04-30T16:24:33","guid":{"rendered":"https:\/\/presscouncil-ks.org\/?p=18316"},"modified":"2026-04-30T16:24:33","modified_gmt":"2026-04-30T16:24:33","slug":"u-mbajt-shkolla-e-etikes-se-gazetarise","status":"publish","type":"post","link":"http:\/\/presscouncil-ks.org\/?p=18316","title":{"rendered":"U mbajt Shkolla e Etik\u00ebs s\u00eb Gazetaris\u00eb"},"content":{"rendered":"<p><em><strong>Shkolla e Etik\u00ebs s\u00eb Gazetaris\u00eb, organizuar nga K\u00ebshilli i Mediave t\u00eb Shkruara t\u00eb Kosov\u00ebs (KMShK) dhe me mb\u00ebshtetjen e Misionit t\u00eb OSBE-s\u00eb n\u00eb Kosov\u00eb \u00ebsht\u00eb mbajtur n\u00eb Prishtin\u00eb.<\/strong><\/em><\/p>\n<p>&nbsp;<\/p>\n<p>Florent Spahija, jurist, k\u00ebshilltar ligjor n\u00eb KMShK, bashk\u00ebbisedoi me pjes\u00ebmarr\u00ebsit &#8211; student\u00eb t\u00eb gazetaris\u00eb e gazetar\u00eb t\u00eb rinj &#8211; p\u00ebr rregullimin ligjor t\u00eb mediave n\u00eb Kosov\u00eb, me theks t\u00eb ve\u00e7ant\u00eb n\u00eb \u00e7\u00ebshtjet q\u00eb kan\u00eb t\u00eb b\u00ebjn\u00eb me raportimin etik. Po ashtu, ai foli p\u00ebr funksionimin e rregullatorit t\u00eb mediave audiovizuele &#8211; KPM-s\u00eb dhe ligjin p\u00ebr RTK-n\u00eb.<\/p>\n<p>&nbsp;<\/p>\n<p>Nd\u00ebrkaq Imer Mushkolaj, drejtor ekzekutiv i KMShK-s\u00eb, foli p\u00ebr pun\u00ebn dhe p\u00ebrgjegj\u00ebsit\u00eb e K\u00ebshillit&#8230;, si trup vet\u00ebrregullues i mediave t\u00eb shkruara dhe online. Po ashtu, pjes\u00ebmarr\u00ebsit simuluan mbledhjen e Kuvendit t\u00eb KMShK-s\u00eb p\u00ebr zgjidhjen e ankesave q\u00eb adresohen nga pal\u00ebt, n\u00ebp\u00ebrmjet rasteve praktike dhe bazuar n\u00eb Kodin e Mediave t\u00eb Shkruara t\u00eb Kosov\u00ebs.<\/p>\n<p>&nbsp;<\/p>\n<p>Blerta Dibrani, ligj\u00ebruese n\u00eb Departamentin e Gazetaris\u00eb n\u00eb Universitetin e Prishtin\u00ebs (UP) ka bashk\u00ebbiseduar me pjes\u00ebmarr\u00ebsit p\u00ebr gjykimin etik n\u00eb epok\u00ebn e dezinformimit dhe inteligjenc\u00ebs artificiale. Ajo, po ashtu, ka folur p\u00ebr rreziqet dhe p\u00ebrpar\u00ebsit\u00eb e p\u00ebrdorimit t\u00eb inteligjenc\u00ebs artificiale n\u00eb krijimin e p\u00ebrmbajtjes mediale.<\/p>\n<p>&nbsp;<\/p>\n<p>Me Kreshnik Gashin, gazetar hulumtues dhe redaktor menaxues n\u00eb Kallxo.com, pjes\u00ebmarr\u00ebsit e shkoll\u00ebs \u2013 student\u00eb t\u00eb gazetaris\u00eb dhe gazetar\u00eb t\u00eb rinj &#8211; kan\u00eb diskutuar p\u00ebr gazetarin\u00eb hulumtuese dhe etik\u00ebn, metodat e hulumtimit dhe privat\u00ebsin\u00eb.<\/p>\n<p>&nbsp;<\/p>\n<p>Kurse Brikenda Rexhepi, kryeredaktore n\u00eb Grupin Koha, ka folur p\u00ebr pun\u00ebn n\u00eb redaksi, respektimin e kodeve t\u00eb etik\u00ebs dhe sfidat me t\u00eb cilat ballafaqohen ve\u00e7mas gazetar\u00ebt e rinj gjat\u00eb pun\u00ebs s\u00eb tyre.<\/p>\n<p>&nbsp;<\/p>\n<p>Saranda Ramaj, gazetare dhe hulumtuese e poolitikave sh\u00ebndet\u00ebsore, ka bashk\u00ebbiseduar me pjes\u00ebmarr\u00ebsit p\u00ebr raportimin nga fusha e sh\u00ebndet\u00ebsis\u00eb, me theks t\u00eb ve\u00e7ant\u00eb nga institucionet publike sh\u00ebndet\u00ebsore. Ajo, po ashtu, ka treguar p\u00ebrvojat e saj gjat\u00eb raportimit, sfidat me t\u00eb cilat \u00ebsht\u00eb ballafaquar n\u00eb m\u00ebnyr\u00eb q\u00eb raportimet t\u00eb jen\u00eb etike dhe profesionale.<\/p>\n<p>&nbsp;<\/p>\n<p>Me Agon Sinanajn nga Buletini Ekonomik, gazetar hulumtues, pjes\u00ebmarr\u00ebsit e shkoll\u00ebs \u2013 student\u00eb t\u00eb gazetaris\u00eb dhe gazetar\u00eb t\u00eb rinj &#8211; kan\u00eb diskutuar p\u00ebr gazetarin\u00eb hulumtuese dhe etik\u00ebn gjat\u00eb raportimit nga fusha e ekonomis\u00eb. Ai ka ndar\u00eb p\u00ebrvojat e tij nga hulumtime t\u00eb r\u00ebnd\u00ebsishme \u2013 ve\u00e7an\u00ebrisht n\u00eb sektorin e energjis\u00eb, por ka folur edhe p\u00ebr p\u00ebrdorimi n e inteligjenc\u00ebs artificiale gjat\u00eb pun\u00ebs s\u00eb p\u00ebrditshme.<\/p>\n<p>&nbsp;<\/p>\n<p>Kurse Betim Musliu nga Betrimi p\u00ebr Drejt\u00ebsi, gazetar hulumtues, ka folur p\u00ebr raportimin nga fusha e drejt\u00ebsis\u00eb, kujdesin q\u00eb duhet ta ken\u00eb gazetar\u00ebt e rinj gjat\u00eb raportimit, si dhe nevoj\u00ebn e respektimit t\u00eb kodeve t\u00eb etik\u00ebs.<\/p>\n<p>&nbsp;<\/p>\n","protected":false},"excerpt":{"rendered":"<p>Shkolla e Etik\u00ebs s\u00eb Gazetaris\u00eb, organizuar nga K\u00ebshilli i Mediave t\u00eb Shkruara t\u00eb Kosov\u00ebs (KMShK) dhe me mb\u00ebshtetjen e Misionit t\u00eb OSBE-s\u00eb n\u00eb Kosov\u00eb \u00ebsht\u00eb mbajtur n\u00eb Prishtin\u00eb. &nbsp; Florent Spahija, jurist, k\u00ebshilltar ligjor n\u00eb KMShK, bashk\u00ebbisedoi me pjes\u00ebmarr\u00ebsit &#8211; student\u00eb t\u00eb gazetaris\u00eb e gazetar\u00eb t\u00eb rinj &#8211; p\u00ebr rregullimin ligjor t\u00eb mediave n\u00eb Kosov\u00eb, [&hellip;]<\/p>\n","protected":false},"author":2,"featured_media":18310,"comment_status":"open","ping_status":"open","sticky":false,"template":"","format":"standard","meta":{"footnotes":""},"categories":[92],"tags":[],"class_list":["post-18316","post","type-post","status-publish","format-standard","has-post-thumbnail","hentry","category-news-sq"],"acf":{"video_title":"","video":false},"yoast_head":"<!-- This site is optimized with the Yoast SEO plugin v28.3 - https:\/\/yoast.com\/product\/yoast-seo-wordpress\/ -->\n<title>U mbajt Shkolla e Etik\u00ebs s\u00eb Gazetaris\u00eb - K\u00ebshilli i Mediave t\u00eb Shkruara t\u00eb Kosov\u00ebs | P\u00ebr nj\u00eb gazetari etike dhe profesionale<\/title>\n<meta name=\"robots\" content=\"index, follow, max-snippet:-1, max-image-preview:large, max-video-preview:-1\" \/>\n<link rel=\"canonical\" href=\"http:\/\/presscouncil-ks.org\/?p=18316\" \/>\n<meta property=\"og:locale\" content=\"en_US\" \/>\n<meta property=\"og:type\" content=\"article\" \/>\n<meta property=\"og:title\" content=\"U mbajt Shkolla e Etik\u00ebs s\u00eb Gazetaris\u00eb - K\u00ebshilli i Mediave t\u00eb Shkruara t\u00eb Kosov\u00ebs | P\u00ebr nj\u00eb gazetari etike dhe profesionale\" \/>\n<meta property=\"og:description\" content=\"Shkolla e Etik\u00ebs s\u00eb Gazetaris\u00eb, organizuar nga K\u00ebshilli i Mediave t\u00eb Shkruara t\u00eb Kosov\u00ebs (KMShK) dhe me mb\u00ebshtetjen e Misionit t\u00eb OSBE-s\u00eb n\u00eb Kosov\u00eb \u00ebsht\u00eb mbajtur n\u00eb Prishtin\u00eb. &nbsp; Florent Spahija, jurist, k\u00ebshilltar ligjor n\u00eb KMShK, bashk\u00ebbisedoi me pjes\u00ebmarr\u00ebsit &#8211; student\u00eb t\u00eb gazetaris\u00eb e gazetar\u00eb t\u00eb rinj &#8211; p\u00ebr rregullimin ligjor t\u00eb mediave n\u00eb Kosov\u00eb, [&hellip;]\" \/>\n<meta property=\"og:url\" content=\"http:\/\/presscouncil-ks.org\/?p=18316\" \/>\n<meta property=\"og:site_name\" content=\"K\u00ebshilli i Mediave t\u00eb Shkruara t\u00eb Kosov\u00ebs | P\u00ebr nj\u00eb gazetari etike dhe profesionale\" \/>\n<meta property=\"article:publisher\" content=\"https:\/\/www.facebook.com\/KMSHKosove\" \/>\n<meta property=\"article:published_time\" content=\"2026-04-30T16:24:33+00:00\" \/>\n<meta property=\"og:image\" content=\"http:\/\/presscouncil-ks.org\/wp-content\/uploads\/2026\/04\/kmshk-30-prill-2026.jpg\" \/>\n\t<meta property=\"og:image:width\" content=\"982\" \/>\n\t<meta property=\"og:image:height\" content=\"655\" \/>\n\t<meta property=\"og:image:type\" content=\"image\/jpeg\" \/>\n<meta name=\"author\" content=\"Editor\" \/>\n<meta name=\"twitter:card\" content=\"summary_large_image\" \/>\n<meta name=\"twitter:label1\" content=\"Written by\" \/>\n\t<meta name=\"twitter:data1\" content=\"Editor\" \/>\n\t<meta name=\"twitter:label2\" content=\"Est. reading time\" \/>\n\t<meta name=\"twitter:data2\" content=\"2 minutes\" \/>\n<script type=\"application\/ld+json\" class=\"yoast-schema-graph\">{\"@context\":\"https:\\\/\\\/schema.org\",\"@graph\":[{\"@type\":\"Article\",\"@id\":\"http:\\\/\\\/presscouncil-ks.org\\\/?p=18316#article\",\"isPartOf\":{\"@id\":\"http:\\\/\\\/presscouncil-ks.org\\\/?p=18316\"},\"author\":{\"name\":\"Editor\",\"@id\":\"http:\\\/\\\/presscouncil-ks.org\\\/#\\\/schema\\\/person\\\/b79d30c61264caeb733239c16cc4d673\"},\"headline\":\"U mbajt Shkolla e Etik\u00ebs s\u00eb Gazetaris\u00eb\",\"datePublished\":\"2026-04-30T16:24:33+00:00\",\"mainEntityOfPage\":{\"@id\":\"http:\\\/\\\/presscouncil-ks.org\\\/?p=18316\"},\"wordCount\":501,\"commentCount\":0,\"publisher\":{\"@id\":\"http:\\\/\\\/presscouncil-ks.org\\\/#organization\"},\"image\":{\"@id\":\"http:\\\/\\\/presscouncil-ks.org\\\/?p=18316#primaryimage\"},\"thumbnailUrl\":\"http:\\\/\\\/presscouncil-ks.org\\\/wp-content\\\/uploads\\\/2026\\\/04\\\/kmshk-30-prill-2026.jpg\",\"articleSection\":[\"Lajm\"],\"inLanguage\":\"en-US\",\"potentialAction\":[{\"@type\":\"CommentAction\",\"name\":\"Comment\",\"target\":[\"http:\\\/\\\/presscouncil-ks.org\\\/?p=18316#respond\"]}]},{\"@type\":\"WebPage\",\"@id\":\"http:\\\/\\\/presscouncil-ks.org\\\/?p=18316\",\"url\":\"http:\\\/\\\/presscouncil-ks.org\\\/?p=18316\",\"name\":\"U mbajt Shkolla e Etik\u00ebs s\u00eb Gazetaris\u00eb - K\u00ebshilli i Mediave t\u00eb Shkruara t\u00eb Kosov\u00ebs | P\u00ebr nj\u00eb gazetari etike dhe profesionale\",\"isPartOf\":{\"@id\":\"http:\\\/\\\/presscouncil-ks.org\\\/#website\"},\"primaryImageOfPage\":{\"@id\":\"http:\\\/\\\/presscouncil-ks.org\\\/?p=18316#primaryimage\"},\"image\":{\"@id\":\"http:\\\/\\\/presscouncil-ks.org\\\/?p=18316#primaryimage\"},\"thumbnailUrl\":\"http:\\\/\\\/presscouncil-ks.org\\\/wp-content\\\/uploads\\\/2026\\\/04\\\/kmshk-30-prill-2026.jpg\",\"datePublished\":\"2026-04-30T16:24:33+00:00\",\"breadcrumb\":{\"@id\":\"http:\\\/\\\/presscouncil-ks.org\\\/?p=18316#breadcrumb\"},\"inLanguage\":\"en-US\",\"potentialAction\":[{\"@type\":\"ReadAction\",\"target\":[\"http:\\\/\\\/presscouncil-ks.org\\\/?p=18316\"]}]},{\"@type\":\"ImageObject\",\"inLanguage\":\"en-US\",\"@id\":\"http:\\\/\\\/presscouncil-ks.org\\\/?p=18316#primaryimage\",\"url\":\"http:\\\/\\\/presscouncil-ks.org\\\/wp-content\\\/uploads\\\/2026\\\/04\\\/kmshk-30-prill-2026.jpg\",\"contentUrl\":\"http:\\\/\\\/presscouncil-ks.org\\\/wp-content\\\/uploads\\\/2026\\\/04\\\/kmshk-30-prill-2026.jpg\",\"width\":982,\"height\":655},{\"@type\":\"BreadcrumbList\",\"@id\":\"http:\\\/\\\/presscouncil-ks.org\\\/?p=18316#breadcrumb\",\"itemListElement\":[{\"@type\":\"ListItem\",\"position\":1,\"name\":\"Home\",\"item\":\"https:\\\/\\\/presscouncil-ks.org\\\/\"},{\"@type\":\"ListItem\",\"position\":2,\"name\":\"U mbajt Shkolla e Etik\u00ebs s\u00eb Gazetaris\u00eb\"}]},{\"@type\":\"WebSite\",\"@id\":\"http:\\\/\\\/presscouncil-ks.org\\\/#website\",\"url\":\"http:\\\/\\\/presscouncil-ks.org\\\/\",\"name\":\"https:\\\/\\\/presscouncil-ks.org\\\/\",\"description\":\"\",\"publisher\":{\"@id\":\"http:\\\/\\\/presscouncil-ks.org\\\/#organization\"},\"potentialAction\":[{\"@type\":\"SearchAction\",\"target\":{\"@type\":\"EntryPoint\",\"urlTemplate\":\"http:\\\/\\\/presscouncil-ks.org\\\/?s={search_term_string}\"},\"query-input\":{\"@type\":\"PropertyValueSpecification\",\"valueRequired\":true,\"valueName\":\"search_term_string\"}}],\"inLanguage\":\"en-US\"},{\"@type\":\"Organization\",\"@id\":\"http:\\\/\\\/presscouncil-ks.org\\\/#organization\",\"name\":\"K\u00ebshilli i Mediave t\u00eb Shkruara t\u00eb Kosov\u00ebs\",\"url\":\"http:\\\/\\\/presscouncil-ks.org\\\/\",\"logo\":{\"@type\":\"ImageObject\",\"inLanguage\":\"en-US\",\"@id\":\"http:\\\/\\\/presscouncil-ks.org\\\/#\\\/schema\\\/logo\\\/image\\\/\",\"url\":\"http:\\\/\\\/presscouncil-ks.org\\\/wp-content\\\/uploads\\\/2023\\\/06\\\/cropped-logo.png\",\"contentUrl\":\"http:\\\/\\\/presscouncil-ks.org\\\/wp-content\\\/uploads\\\/2023\\\/06\\\/cropped-logo.png\",\"width\":268,\"height\":166,\"caption\":\"K\u00ebshilli i Mediave t\u00eb Shkruara t\u00eb Kosov\u00ebs\"},\"image\":{\"@id\":\"http:\\\/\\\/presscouncil-ks.org\\\/#\\\/schema\\\/logo\\\/image\\\/\"},\"sameAs\":[\"https:\\\/\\\/www.facebook.com\\\/KMSHKosove\"]},{\"@type\":\"Person\",\"@id\":\"http:\\\/\\\/presscouncil-ks.org\\\/#\\\/schema\\\/person\\\/b79d30c61264caeb733239c16cc4d673\",\"name\":\"Editor\",\"image\":{\"@type\":\"ImageObject\",\"inLanguage\":\"en-US\",\"@id\":\"https:\\\/\\\/secure.gravatar.com\\\/avatar\\\/9534865f39e7b3527010ee17196a76d054b16d731a6a5bfe2f92a071c6e9bf4e?s=96&d=mm&r=g\",\"url\":\"https:\\\/\\\/secure.gravatar.com\\\/avatar\\\/9534865f39e7b3527010ee17196a76d054b16d731a6a5bfe2f92a071c6e9bf4e?s=96&d=mm&r=g\",\"contentUrl\":\"https:\\\/\\\/secure.gravatar.com\\\/avatar\\\/9534865f39e7b3527010ee17196a76d054b16d731a6a5bfe2f92a071c6e9bf4e?s=96&d=mm&r=g\",\"caption\":\"Editor\"},\"url\":\"http:\\\/\\\/presscouncil-ks.org\\\/?author=2\"}]}<\/script>\n<!-- \/ Yoast SEO plugin. -->","yoast_head_json":{"title":"U mbajt Shkolla e Etik\u00ebs s\u00eb Gazetaris\u00eb - K\u00ebshilli i Mediave t\u00eb Shkruara t\u00eb Kosov\u00ebs | P\u00ebr nj\u00eb gazetari etike dhe profesionale","robots":{"index":"index","follow":"follow","max-snippet":"max-snippet:-1","max-image-preview":"max-image-preview:large","max-video-preview":"max-video-preview:-1"},"canonical":"http:\/\/presscouncil-ks.org\/?p=18316","og_locale":"en_US","og_type":"article","og_title":"U mbajt Shkolla e Etik\u00ebs s\u00eb Gazetaris\u00eb - K\u00ebshilli i Mediave t\u00eb Shkruara t\u00eb Kosov\u00ebs | P\u00ebr nj\u00eb gazetari etike dhe profesionale","og_description":"Shkolla e Etik\u00ebs s\u00eb Gazetaris\u00eb, organizuar nga K\u00ebshilli i Mediave t\u00eb Shkruara t\u00eb Kosov\u00ebs (KMShK) dhe me mb\u00ebshtetjen e Misionit t\u00eb OSBE-s\u00eb n\u00eb Kosov\u00eb \u00ebsht\u00eb mbajtur n\u00eb Prishtin\u00eb. &nbsp; Florent Spahija, jurist, k\u00ebshilltar ligjor n\u00eb KMShK, bashk\u00ebbisedoi me pjes\u00ebmarr\u00ebsit &#8211; student\u00eb t\u00eb gazetaris\u00eb e gazetar\u00eb t\u00eb rinj &#8211; p\u00ebr rregullimin ligjor t\u00eb mediave n\u00eb Kosov\u00eb, [&hellip;]","og_url":"http:\/\/presscouncil-ks.org\/?p=18316","og_site_name":"K\u00ebshilli i Mediave t\u00eb Shkruara t\u00eb Kosov\u00ebs | P\u00ebr nj\u00eb gazetari etike dhe profesionale","article_publisher":"https:\/\/www.facebook.com\/KMSHKosove","article_published_time":"2026-04-30T16:24:33+00:00","og_image":[{"width":982,"height":655,"url":"http:\/\/presscouncil-ks.org\/wp-content\/uploads\/2026\/04\/kmshk-30-prill-2026.jpg","type":"image\/jpeg"}],"author":"Editor","twitter_card":"summary_large_image","twitter_misc":{"Written by":"Editor","Est. reading time":"2 minutes"},"schema":{"@context":"https:\/\/schema.org","@graph":[{"@type":"Article","@id":"http:\/\/presscouncil-ks.org\/?p=18316#article","isPartOf":{"@id":"http:\/\/presscouncil-ks.org\/?p=18316"},"author":{"name":"Editor","@id":"http:\/\/presscouncil-ks.org\/#\/schema\/person\/b79d30c61264caeb733239c16cc4d673"},"headline":"U mbajt Shkolla e Etik\u00ebs s\u00eb Gazetaris\u00eb","datePublished":"2026-04-30T16:24:33+00:00","mainEntityOfPage":{"@id":"http:\/\/presscouncil-ks.org\/?p=18316"},"wordCount":501,"commentCount":0,"publisher":{"@id":"http:\/\/presscouncil-ks.org\/#organization"},"image":{"@id":"http:\/\/presscouncil-ks.org\/?p=18316#primaryimage"},"thumbnailUrl":"http:\/\/presscouncil-ks.org\/wp-content\/uploads\/2026\/04\/kmshk-30-prill-2026.jpg","articleSection":["Lajm"],"inLanguage":"en-US","potentialAction":[{"@type":"CommentAction","name":"Comment","target":["http:\/\/presscouncil-ks.org\/?p=18316#respond"]}]},{"@type":"WebPage","@id":"http:\/\/presscouncil-ks.org\/?p=18316","url":"http:\/\/presscouncil-ks.org\/?p=18316","name":"U mbajt Shkolla e Etik\u00ebs s\u00eb Gazetaris\u00eb - K\u00ebshilli i Mediave t\u00eb Shkruara t\u00eb Kosov\u00ebs | P\u00ebr nj\u00eb gazetari etike dhe profesionale","isPartOf":{"@id":"http:\/\/presscouncil-ks.org\/#website"},"primaryImageOfPage":{"@id":"http:\/\/presscouncil-ks.org\/?p=18316#primaryimage"},"image":{"@id":"http:\/\/presscouncil-ks.org\/?p=18316#primaryimage"},"thumbnailUrl":"http:\/\/presscouncil-ks.org\/wp-content\/uploads\/2026\/04\/kmshk-30-prill-2026.jpg","datePublished":"2026-04-30T16:24:33+00:00","breadcrumb":{"@id":"http:\/\/presscouncil-ks.org\/?p=18316#breadcrumb"},"inLanguage":"en-US","potentialAction":[{"@type":"ReadAction","target":["http:\/\/presscouncil-ks.org\/?p=18316"]}]},{"@type":"ImageObject","inLanguage":"en-US","@id":"http:\/\/presscouncil-ks.org\/?p=18316#primaryimage","url":"http:\/\/presscouncil-ks.org\/wp-content\/uploads\/2026\/04\/kmshk-30-prill-2026.jpg","contentUrl":"http:\/\/presscouncil-ks.org\/wp-content\/uploads\/2026\/04\/kmshk-30-prill-2026.jpg","width":982,"height":655},{"@type":"BreadcrumbList","@id":"http:\/\/presscouncil-ks.org\/?p=18316#breadcrumb","itemListElement":[{"@type":"ListItem","position":1,"name":"Home","item":"https:\/\/presscouncil-ks.org\/"},{"@type":"ListItem","position":2,"name":"U mbajt Shkolla e Etik\u00ebs s\u00eb Gazetaris\u00eb"}]},{"@type":"WebSite","@id":"http:\/\/presscouncil-ks.org\/#website","url":"http:\/\/presscouncil-ks.org\/","name":"https:\/\/presscouncil-ks.org\/","description":"","publisher":{"@id":"http:\/\/presscouncil-ks.org\/#organization"},"potentialAction":[{"@type":"SearchAction","target":{"@type":"EntryPoint","urlTemplate":"http:\/\/presscouncil-ks.org\/?s={search_term_string}"},"query-input":{"@type":"PropertyValueSpecification","valueRequired":true,"valueName":"search_term_string"}}],"inLanguage":"en-US"},{"@type":"Organization","@id":"http:\/\/presscouncil-ks.org\/#organization","name":"K\u00ebshilli i Mediave t\u00eb Shkruara t\u00eb Kosov\u00ebs","url":"http:\/\/presscouncil-ks.org\/","logo":{"@type":"ImageObject","inLanguage":"en-US","@id":"http:\/\/presscouncil-ks.org\/#\/schema\/logo\/image\/","url":"http:\/\/presscouncil-ks.org\/wp-content\/uploads\/2023\/06\/cropped-logo.png","contentUrl":"http:\/\/presscouncil-ks.org\/wp-content\/uploads\/2023\/06\/cropped-logo.png","width":268,"height":166,"caption":"K\u00ebshilli i Mediave t\u00eb Shkruara t\u00eb Kosov\u00ebs"},"image":{"@id":"http:\/\/presscouncil-ks.org\/#\/schema\/logo\/image\/"},"sameAs":["https:\/\/www.facebook.com\/KMSHKosove"]},{"@type":"Person","@id":"http:\/\/presscouncil-ks.org\/#\/schema\/person\/b79d30c61264caeb733239c16cc4d673","name":"Editor","image":{"@type":"ImageObject","inLanguage":"en-US","@id":"https:\/\/secure.gravatar.com\/avatar\/9534865f39e7b3527010ee17196a76d054b16d731a6a5bfe2f92a071c6e9bf4e?s=96&d=mm&r=g","url":"https:\/\/secure.gravatar.com\/avatar\/9534865f39e7b3527010ee17196a76d054b16d731a6a5bfe2f92a071c6e9bf4e?s=96&d=mm&r=g","contentUrl":"https:\/\/secure.gravatar.com\/avatar\/9534865f39e7b3527010ee17196a76d054b16d731a6a5bfe2f92a071c6e9bf4e?s=96&d=mm&r=g","caption":"Editor"},"url":"http:\/\/presscouncil-ks.org\/?author=2"}]}},"_links":{"self":[{"href":"http:\/\/presscouncil-ks.org\/index.php?rest_route=\/wp\/v2\/posts\/18316","targetHints":{"allow":["GET"]}}],"collection":[{"href":"http:\/\/presscouncil-ks.org\/index.php?rest_route=\/wp\/v2\/posts"}],"about":[{"href":"http:\/\/presscouncil-ks.org\/index.php?rest_route=\/wp\/v2\/types\/post"}],"author":[{"embeddable":true,"href":"http:\/\/presscouncil-ks.org\/index.php?rest_route=\/wp\/v2\/users\/2"}],"replies":[{"embeddable":true,"href":"http:\/\/presscouncil-ks.org\/index.php?rest_route=%2Fwp%2Fv2%2Fcomments&post=18316"}],"version-history":[{"count":1,"href":"http:\/\/presscouncil-ks.org\/index.php?rest_route=\/wp\/v2\/posts\/18316\/revisions"}],"predecessor-version":[{"id":18317,"href":"http:\/\/presscouncil-ks.org\/index.php?rest_route=\/wp\/v2\/posts\/18316\/revisions\/18317"}],"wp:featuredmedia":[{"embeddable":true,"href":"http:\/\/presscouncil-ks.org\/index.php?rest_route=\/wp\/v2\/media\/18310"}],"wp:attachment":[{"href":"http:\/\/presscouncil-ks.org\/index.php?rest_route=%2Fwp%2Fv2%2Fmedia&parent=18316"}],"wp:term":[{"taxonomy":"category","embeddable":true,"href":"http:\/\/presscouncil-ks.org\/index.php?rest_route=%2Fwp%2Fv2%2Fcategories&post=18316"},{"taxonomy":"post_tag","embeddable":true,"href":"http:\/\/presscouncil-ks.org\/index.php?rest_route=%2Fwp%2Fv2%2Ftags&post=18316"}],"curies":[{"name":"wp","href":"https:\/\/api.w.org\/{rel}","templated":true}]}}