{"id":18275,"date":"2026-04-22T11:58:32","date_gmt":"2026-04-22T11:58:32","guid":{"rendered":"https:\/\/presscouncil-ks.org\/?p=18275"},"modified":"2026-04-22T11:58:32","modified_gmt":"2026-04-22T11:58:32","slug":"kuvendi-i-kmshk-se-mori-vendim-per-8-ankesa-2","status":"publish","type":"post","link":"http:\/\/presscouncil-ks.org\/?p=18275","title":{"rendered":"Kuvendi i KMShK-s\u00eb mori vendim p\u00ebr 8 ankesa"},"content":{"rendered":"<p><em><strong>K\u00ebshilli i Mediave t\u00eb Shkruara t\u00eb Kosov\u00ebs (KMShK) n\u00eb mbledhjen e rregullt ka shqyrtuar gjithsej 8 ankesa. An\u00ebtar\u00ebt e Kuvendit t\u00eb KMShK-s\u00eb kan\u00eb vendosur q\u00eb t\u00eb miratohen tri nga to, nj\u00eb t\u00eb miratohet pjes\u00ebrisht, dy t\u00eb refuzohen dhe dy ankesa t\u00eb shpallen t\u00eb patrajtueshme.<\/strong><\/em><\/p>\n<p>&nbsp;<\/p>\n<p>Ankesat kishin t\u00eb b\u00ebnin me pretendimet p\u00ebr shkeljen e kapitujve t\u00eb caktuar t\u00eb Kodit t\u00eb Mediave t\u00eb Shkruara t\u00eb Kosov\u00ebs, p\u00ebrkat\u00ebsisht Kapitullit II &#8211; Raportimi i s\u00eb v\u00ebrtet\u00ebs, Kapitullit IV &#8211; E drejta p\u00ebr t\u2019u p\u00ebrgjigjur, Kapitullit V &#8211; Personat e p\u00ebrfshir\u00eb n\u00eb incidente, aksidente, t\u00eb arrestuar apo t\u00eb akuzuar p\u00ebr vepra penale, Kapitullit VI &#8211; Trajtimi i tragjedive personale, mbrojtja e f\u00ebmij\u00ebve dhe t\u00eb miturve dhe Kapitullit VII &#8211; Privat\u00ebsia dhe mbrojtja e burimeve.<\/p>\n<p>&nbsp;<\/p>\n<p>KMShK ka miratuar ankes\u00ebn e Nasuf Hasanit kund\u00ebr Insajderi.org shkrimi me titull \u201c\u2019Tragjedia\u2019 e Avokatit t\u00eb Kryeparlamentares: Kur Oda e Avokat\u00ebve t\u00eb l\u00eb pa \u2018K\u00ebnaq\u00ebsi Jete\u2019\u201d, duke konstatuar se jan\u00eb shkelur kapitujt II dhe IV t\u00eb Kodit t\u00eb Mediave t\u00eb Shkruara t\u00eb Kosov\u00ebs, t\u00eb cil\u00ebt kan\u00eb t\u00eb b\u00ebjn\u00eb me raportimin e s\u00eb v\u00ebrtet\u00ebs, p\u00ebrkat\u00ebsisht t\u00eb drejt\u00ebn p\u00ebr t\u2019u p\u00ebrgjigjur.<\/p>\n<p>&nbsp;<\/p>\n<p>KMShK ka miratuar ankes\u00ebn e Kushtrim Reshitajt kund\u00ebr Rahoveci24.com p\u00ebr publikimin e fotografis\u00eb s\u00eb nj\u00eb mituri dhe cil\u00ebsimeve ndaj tij, duke konstatuar se \u00ebsht\u00eb shkelur Kapitulli VI i Kodit t\u00eb Mediave t\u00eb Shkruara t\u00eb Kosov\u00ebs, i cili ka t\u00eb b\u00ebjn\u00eb me raportimin p\u00ebr t\u00eb miturit.<\/p>\n<p>&nbsp;<\/p>\n<p>KMShK ka miratuar ankes\u00ebn e Fatjon Bytyqit kund\u00ebr Sinjali.com p\u00ebr publikimin e fotografis\u00eb s\u00eb nj\u00eb qytetari, bashk\u00eb me pretendimet se ai \u00ebsht\u00eb kryes i veprave penale, duke konstatuar se \u00ebsht\u00eb shkelur Kapitulli V i Kodit t\u00eb Mediave t\u00eb Shkruara t\u00eb Kosov\u00ebs, i cili ka t\u00eb b\u00ebjn\u00eb me prezumimin e pafaj\u00ebsis\u00eb,<\/p>\n<h2><\/h2>\n<h2>KMShK ka miratuar pjes\u00ebrisht ankes\u00ebn Ministris\u00eb s\u00eb Sportit dhe Rinis\u00eb kund\u00ebr Nacionale.com, lidhur me pretendimet p\u00ebr largimin e nj\u00eb fotografie nga zyra e ministrit, duke konstatuar se \u00ebsht\u00eb shkelur pjes\u00ebrisht Kapitulli II i Kodit t\u00eb Mediave t\u00eb Shkruara t\u00eb Kosov\u00ebs, i cili ka t\u00eb b\u00ebj\u00eb me raportimin e s\u00eb v\u00ebrtet\u00ebs.<\/h2>\n<p>&nbsp;<\/p>\n<p>KMShK nuk e ka miratuar (e ka hedhur posht\u00eb) ankes\u00ebn e Granit Gojanit kund\u00ebr kund\u00ebr Nacionale.com lidhur me publikimin e disa shkrimeve, duke konstatuar se nuk jan\u00eb shkelur kapitujt II dhe VII t\u00eb Kodit t\u00eb Mediave t\u00eb Shkruara t\u00eb Kosov\u00ebs, t\u00eb cil\u00ebt kan\u00eb t\u00eb b\u00ebjn\u00eb me raportimin e s\u00eb v\u00ebrtet\u00ebs, p\u00ebrkat\u00ebsisht mbrojtjen e burimeve dhe privat\u00ebsin\u00eb, ashtu si\u00e7 pretendon pala ankuese.<\/p>\n<p>&nbsp;<\/p>\n<p>KMShK nuk e ka miratuar (e ka hedhur posht\u00eb) ankes\u00ebn e Ardian Berish\u00ebs kund\u00ebr Buletiniekonomik.com p\u00ebr shkrimin me titull \u201cKonsulencat p\u00ebr ZRrE p\u00ebrfunduan te kompania e ish-drejtorit t\u00eb tarifave\u201d, duke konstatuar se nuk jan\u00eb shkelur kapitujt II dhe IV t\u00eb Kodit t\u00eb Mediave t\u00eb Shkruara t\u00eb Kosov\u00ebs, t\u00eb cil\u00ebt kan\u00eb t\u00eb b\u00ebjn\u00eb me raportimin e s\u00eb v\u00ebrtet\u00ebs, p\u00ebrkat\u00ebsisht t\u00eb drejt\u00ebn p\u00ebr t\u2019u p\u00ebrgjigjur, ashtu si\u00e7 pretendon pala ankuese.<\/p>\n<h2><\/h2>\n<h2>KMShK e ka shpallur t\u00eb patrajtueshme ankes\u00ebn e Limi Project Sh.P.K dhe Rinesa Sh.P.K<\/h2>\n<h2>kund\u00ebr Berat Buzhal\u00ebs, pasi q\u00eb KMShK nuk ka kompetenc\u00eb t\u00eb merret me ankesat ndaj individ\u00ebve, n\u00eb k\u00ebt\u00eb rast ndaj nj\u00eb gazetari.<\/h2>\n<p>&nbsp;<\/p>\n<h2>KMShK e ka shpallur t\u00eb patrajtueshme ankes\u00ebn e Adriana Hoxhiqit, p\u00ebrfaq\u00ebsuar nga avokati Arb\u00ebr Shala, kund\u00ebr faqes n\u00eb Facebook \u201cVeriu i Kosov\u00ebs\u201d, pasi q\u00eb nuk ka kompetenc\u00eb t\u00eb trajtoj\u00eb p\u00ebrmbajtjet e publikuara n\u00eb rrjetet sociale.<\/h2>\n","protected":false},"excerpt":{"rendered":"<p>K\u00ebshilli i Mediave t\u00eb Shkruara t\u00eb Kosov\u00ebs (KMShK) n\u00eb mbledhjen e rregullt ka shqyrtuar gjithsej 8 ankesa. An\u00ebtar\u00ebt e Kuvendit t\u00eb KMShK-s\u00eb kan\u00eb vendosur q\u00eb t\u00eb miratohen tri nga to, nj\u00eb t\u00eb miratohet pjes\u00ebrisht, dy t\u00eb refuzohen dhe dy ankesa t\u00eb shpallen t\u00eb patrajtueshme. &nbsp; Ankesat kishin t\u00eb b\u00ebnin me pretendimet p\u00ebr shkeljen e kapitujve [&hellip;]<\/p>\n","protected":false},"author":2,"featured_media":18276,"comment_status":"open","ping_status":"open","sticky":false,"template":"","format":"standard","meta":{"footnotes":""},"categories":[92],"tags":[],"class_list":["post-18275","post","type-post","status-publish","format-standard","has-post-thumbnail","hentry","category-news-sq"],"acf":{"video_title":"","video":false},"yoast_head":"<!-- This site is optimized with the Yoast SEO plugin v28.3 - https:\/\/yoast.com\/product\/yoast-seo-wordpress\/ -->\n<title>Kuvendi i KMShK-s\u00eb mori vendim p\u00ebr 8 ankesa - K\u00ebshilli i Mediave t\u00eb Shkruara t\u00eb Kosov\u00ebs | P\u00ebr nj\u00eb gazetari etike dhe profesionale<\/title>\n<meta name=\"robots\" content=\"index, follow, max-snippet:-1, max-image-preview:large, max-video-preview:-1\" \/>\n<link rel=\"canonical\" href=\"http:\/\/presscouncil-ks.org\/?p=18275\" \/>\n<meta property=\"og:locale\" content=\"en_US\" \/>\n<meta property=\"og:type\" content=\"article\" \/>\n<meta property=\"og:title\" content=\"Kuvendi i KMShK-s\u00eb mori vendim p\u00ebr 8 ankesa - K\u00ebshilli i Mediave t\u00eb Shkruara t\u00eb Kosov\u00ebs | P\u00ebr nj\u00eb gazetari etike dhe profesionale\" \/>\n<meta property=\"og:description\" content=\"K\u00ebshilli i Mediave t\u00eb Shkruara t\u00eb Kosov\u00ebs (KMShK) n\u00eb mbledhjen e rregullt ka shqyrtuar gjithsej 8 ankesa. An\u00ebtar\u00ebt e Kuvendit t\u00eb KMShK-s\u00eb kan\u00eb vendosur q\u00eb t\u00eb miratohen tri nga to, nj\u00eb t\u00eb miratohet pjes\u00ebrisht, dy t\u00eb refuzohen dhe dy ankesa t\u00eb shpallen t\u00eb patrajtueshme. &nbsp; Ankesat kishin t\u00eb b\u00ebnin me pretendimet p\u00ebr shkeljen e kapitujve [&hellip;]\" \/>\n<meta property=\"og:url\" content=\"http:\/\/presscouncil-ks.org\/?p=18275\" \/>\n<meta property=\"og:site_name\" content=\"K\u00ebshilli i Mediave t\u00eb Shkruara t\u00eb Kosov\u00ebs | P\u00ebr nj\u00eb gazetari etike dhe profesionale\" \/>\n<meta property=\"article:publisher\" content=\"https:\/\/www.facebook.com\/KMSHKosove\" \/>\n<meta property=\"article:published_time\" content=\"2026-04-22T11:58:32+00:00\" \/>\n<meta property=\"og:image\" content=\"http:\/\/presscouncil-ks.org\/wp-content\/uploads\/2026\/04\/kmshk-prill-21-2024.jpg\" \/>\n\t<meta property=\"og:image:width\" content=\"1228\" \/>\n\t<meta property=\"og:image:height\" content=\"691\" \/>\n\t<meta property=\"og:image:type\" content=\"image\/jpeg\" \/>\n<meta name=\"author\" content=\"Editor\" \/>\n<meta name=\"twitter:card\" content=\"summary_large_image\" \/>\n<meta name=\"twitter:label1\" content=\"Written by\" \/>\n\t<meta name=\"twitter:data1\" content=\"Editor\" \/>\n\t<meta name=\"twitter:label2\" content=\"Est. reading time\" \/>\n\t<meta name=\"twitter:data2\" content=\"3 minutes\" \/>\n<script type=\"application\/ld+json\" class=\"yoast-schema-graph\">{\"@context\":\"https:\\\/\\\/schema.org\",\"@graph\":[{\"@type\":\"Article\",\"@id\":\"http:\\\/\\\/presscouncil-ks.org\\\/?p=18275#article\",\"isPartOf\":{\"@id\":\"http:\\\/\\\/presscouncil-ks.org\\\/?p=18275\"},\"author\":{\"name\":\"Editor\",\"@id\":\"http:\\\/\\\/presscouncil-ks.org\\\/#\\\/schema\\\/person\\\/b79d30c61264caeb733239c16cc4d673\"},\"headline\":\"Kuvendi i KMShK-s\u00eb mori vendim p\u00ebr 8 ankesa\",\"datePublished\":\"2026-04-22T11:58:32+00:00\",\"mainEntityOfPage\":{\"@id\":\"http:\\\/\\\/presscouncil-ks.org\\\/?p=18275\"},\"wordCount\":644,\"commentCount\":0,\"publisher\":{\"@id\":\"http:\\\/\\\/presscouncil-ks.org\\\/#organization\"},\"image\":{\"@id\":\"http:\\\/\\\/presscouncil-ks.org\\\/?p=18275#primaryimage\"},\"thumbnailUrl\":\"http:\\\/\\\/presscouncil-ks.org\\\/wp-content\\\/uploads\\\/2026\\\/04\\\/kmshk-prill-21-2024.jpg\",\"articleSection\":[\"Lajm\"],\"inLanguage\":\"en-US\",\"potentialAction\":[{\"@type\":\"CommentAction\",\"name\":\"Comment\",\"target\":[\"http:\\\/\\\/presscouncil-ks.org\\\/?p=18275#respond\"]}]},{\"@type\":\"WebPage\",\"@id\":\"http:\\\/\\\/presscouncil-ks.org\\\/?p=18275\",\"url\":\"http:\\\/\\\/presscouncil-ks.org\\\/?p=18275\",\"name\":\"Kuvendi i KMShK-s\u00eb mori vendim p\u00ebr 8 ankesa - K\u00ebshilli i Mediave t\u00eb Shkruara t\u00eb Kosov\u00ebs | P\u00ebr nj\u00eb gazetari etike dhe profesionale\",\"isPartOf\":{\"@id\":\"http:\\\/\\\/presscouncil-ks.org\\\/#website\"},\"primaryImageOfPage\":{\"@id\":\"http:\\\/\\\/presscouncil-ks.org\\\/?p=18275#primaryimage\"},\"image\":{\"@id\":\"http:\\\/\\\/presscouncil-ks.org\\\/?p=18275#primaryimage\"},\"thumbnailUrl\":\"http:\\\/\\\/presscouncil-ks.org\\\/wp-content\\\/uploads\\\/2026\\\/04\\\/kmshk-prill-21-2024.jpg\",\"datePublished\":\"2026-04-22T11:58:32+00:00\",\"breadcrumb\":{\"@id\":\"http:\\\/\\\/presscouncil-ks.org\\\/?p=18275#breadcrumb\"},\"inLanguage\":\"en-US\",\"potentialAction\":[{\"@type\":\"ReadAction\",\"target\":[\"http:\\\/\\\/presscouncil-ks.org\\\/?p=18275\"]}]},{\"@type\":\"ImageObject\",\"inLanguage\":\"en-US\",\"@id\":\"http:\\\/\\\/presscouncil-ks.org\\\/?p=18275#primaryimage\",\"url\":\"http:\\\/\\\/presscouncil-ks.org\\\/wp-content\\\/uploads\\\/2026\\\/04\\\/kmshk-prill-21-2024.jpg\",\"contentUrl\":\"http:\\\/\\\/presscouncil-ks.org\\\/wp-content\\\/uploads\\\/2026\\\/04\\\/kmshk-prill-21-2024.jpg\",\"width\":1228,\"height\":691},{\"@type\":\"BreadcrumbList\",\"@id\":\"http:\\\/\\\/presscouncil-ks.org\\\/?p=18275#breadcrumb\",\"itemListElement\":[{\"@type\":\"ListItem\",\"position\":1,\"name\":\"Home\",\"item\":\"https:\\\/\\\/presscouncil-ks.org\\\/\"},{\"@type\":\"ListItem\",\"position\":2,\"name\":\"Kuvendi i KMShK-s\u00eb mori vendim p\u00ebr 8 ankesa\"}]},{\"@type\":\"WebSite\",\"@id\":\"http:\\\/\\\/presscouncil-ks.org\\\/#website\",\"url\":\"http:\\\/\\\/presscouncil-ks.org\\\/\",\"name\":\"https:\\\/\\\/presscouncil-ks.org\\\/\",\"description\":\"\",\"publisher\":{\"@id\":\"http:\\\/\\\/presscouncil-ks.org\\\/#organization\"},\"potentialAction\":[{\"@type\":\"SearchAction\",\"target\":{\"@type\":\"EntryPoint\",\"urlTemplate\":\"http:\\\/\\\/presscouncil-ks.org\\\/?s={search_term_string}\"},\"query-input\":{\"@type\":\"PropertyValueSpecification\",\"valueRequired\":true,\"valueName\":\"search_term_string\"}}],\"inLanguage\":\"en-US\"},{\"@type\":\"Organization\",\"@id\":\"http:\\\/\\\/presscouncil-ks.org\\\/#organization\",\"name\":\"K\u00ebshilli i Mediave t\u00eb Shkruara t\u00eb Kosov\u00ebs\",\"url\":\"http:\\\/\\\/presscouncil-ks.org\\\/\",\"logo\":{\"@type\":\"ImageObject\",\"inLanguage\":\"en-US\",\"@id\":\"http:\\\/\\\/presscouncil-ks.org\\\/#\\\/schema\\\/logo\\\/image\\\/\",\"url\":\"http:\\\/\\\/presscouncil-ks.org\\\/wp-content\\\/uploads\\\/2023\\\/06\\\/cropped-logo.png\",\"contentUrl\":\"http:\\\/\\\/presscouncil-ks.org\\\/wp-content\\\/uploads\\\/2023\\\/06\\\/cropped-logo.png\",\"width\":268,\"height\":166,\"caption\":\"K\u00ebshilli i Mediave t\u00eb Shkruara t\u00eb Kosov\u00ebs\"},\"image\":{\"@id\":\"http:\\\/\\\/presscouncil-ks.org\\\/#\\\/schema\\\/logo\\\/image\\\/\"},\"sameAs\":[\"https:\\\/\\\/www.facebook.com\\\/KMSHKosove\"]},{\"@type\":\"Person\",\"@id\":\"http:\\\/\\\/presscouncil-ks.org\\\/#\\\/schema\\\/person\\\/b79d30c61264caeb733239c16cc4d673\",\"name\":\"Editor\",\"image\":{\"@type\":\"ImageObject\",\"inLanguage\":\"en-US\",\"@id\":\"https:\\\/\\\/secure.gravatar.com\\\/avatar\\\/9534865f39e7b3527010ee17196a76d054b16d731a6a5bfe2f92a071c6e9bf4e?s=96&d=mm&r=g\",\"url\":\"https:\\\/\\\/secure.gravatar.com\\\/avatar\\\/9534865f39e7b3527010ee17196a76d054b16d731a6a5bfe2f92a071c6e9bf4e?s=96&d=mm&r=g\",\"contentUrl\":\"https:\\\/\\\/secure.gravatar.com\\\/avatar\\\/9534865f39e7b3527010ee17196a76d054b16d731a6a5bfe2f92a071c6e9bf4e?s=96&d=mm&r=g\",\"caption\":\"Editor\"},\"url\":\"http:\\\/\\\/presscouncil-ks.org\\\/?author=2\"}]}<\/script>\n<!-- \/ Yoast SEO plugin. -->","yoast_head_json":{"title":"Kuvendi i KMShK-s\u00eb mori vendim p\u00ebr 8 ankesa - K\u00ebshilli i Mediave t\u00eb Shkruara t\u00eb Kosov\u00ebs | P\u00ebr nj\u00eb gazetari etike dhe profesionale","robots":{"index":"index","follow":"follow","max-snippet":"max-snippet:-1","max-image-preview":"max-image-preview:large","max-video-preview":"max-video-preview:-1"},"canonical":"http:\/\/presscouncil-ks.org\/?p=18275","og_locale":"en_US","og_type":"article","og_title":"Kuvendi i KMShK-s\u00eb mori vendim p\u00ebr 8 ankesa - K\u00ebshilli i Mediave t\u00eb Shkruara t\u00eb Kosov\u00ebs | P\u00ebr nj\u00eb gazetari etike dhe profesionale","og_description":"K\u00ebshilli i Mediave t\u00eb Shkruara t\u00eb Kosov\u00ebs (KMShK) n\u00eb mbledhjen e rregullt ka shqyrtuar gjithsej 8 ankesa. An\u00ebtar\u00ebt e Kuvendit t\u00eb KMShK-s\u00eb kan\u00eb vendosur q\u00eb t\u00eb miratohen tri nga to, nj\u00eb t\u00eb miratohet pjes\u00ebrisht, dy t\u00eb refuzohen dhe dy ankesa t\u00eb shpallen t\u00eb patrajtueshme. &nbsp; Ankesat kishin t\u00eb b\u00ebnin me pretendimet p\u00ebr shkeljen e kapitujve [&hellip;]","og_url":"http:\/\/presscouncil-ks.org\/?p=18275","og_site_name":"K\u00ebshilli i Mediave t\u00eb Shkruara t\u00eb Kosov\u00ebs | P\u00ebr nj\u00eb gazetari etike dhe profesionale","article_publisher":"https:\/\/www.facebook.com\/KMSHKosove","article_published_time":"2026-04-22T11:58:32+00:00","og_image":[{"width":1228,"height":691,"url":"http:\/\/presscouncil-ks.org\/wp-content\/uploads\/2026\/04\/kmshk-prill-21-2024.jpg","type":"image\/jpeg"}],"author":"Editor","twitter_card":"summary_large_image","twitter_misc":{"Written by":"Editor","Est. reading time":"3 minutes"},"schema":{"@context":"https:\/\/schema.org","@graph":[{"@type":"Article","@id":"http:\/\/presscouncil-ks.org\/?p=18275#article","isPartOf":{"@id":"http:\/\/presscouncil-ks.org\/?p=18275"},"author":{"name":"Editor","@id":"http:\/\/presscouncil-ks.org\/#\/schema\/person\/b79d30c61264caeb733239c16cc4d673"},"headline":"Kuvendi i KMShK-s\u00eb mori vendim p\u00ebr 8 ankesa","datePublished":"2026-04-22T11:58:32+00:00","mainEntityOfPage":{"@id":"http:\/\/presscouncil-ks.org\/?p=18275"},"wordCount":644,"commentCount":0,"publisher":{"@id":"http:\/\/presscouncil-ks.org\/#organization"},"image":{"@id":"http:\/\/presscouncil-ks.org\/?p=18275#primaryimage"},"thumbnailUrl":"http:\/\/presscouncil-ks.org\/wp-content\/uploads\/2026\/04\/kmshk-prill-21-2024.jpg","articleSection":["Lajm"],"inLanguage":"en-US","potentialAction":[{"@type":"CommentAction","name":"Comment","target":["http:\/\/presscouncil-ks.org\/?p=18275#respond"]}]},{"@type":"WebPage","@id":"http:\/\/presscouncil-ks.org\/?p=18275","url":"http:\/\/presscouncil-ks.org\/?p=18275","name":"Kuvendi i KMShK-s\u00eb mori vendim p\u00ebr 8 ankesa - K\u00ebshilli i Mediave t\u00eb Shkruara t\u00eb Kosov\u00ebs | P\u00ebr nj\u00eb gazetari etike dhe profesionale","isPartOf":{"@id":"http:\/\/presscouncil-ks.org\/#website"},"primaryImageOfPage":{"@id":"http:\/\/presscouncil-ks.org\/?p=18275#primaryimage"},"image":{"@id":"http:\/\/presscouncil-ks.org\/?p=18275#primaryimage"},"thumbnailUrl":"http:\/\/presscouncil-ks.org\/wp-content\/uploads\/2026\/04\/kmshk-prill-21-2024.jpg","datePublished":"2026-04-22T11:58:32+00:00","breadcrumb":{"@id":"http:\/\/presscouncil-ks.org\/?p=18275#breadcrumb"},"inLanguage":"en-US","potentialAction":[{"@type":"ReadAction","target":["http:\/\/presscouncil-ks.org\/?p=18275"]}]},{"@type":"ImageObject","inLanguage":"en-US","@id":"http:\/\/presscouncil-ks.org\/?p=18275#primaryimage","url":"http:\/\/presscouncil-ks.org\/wp-content\/uploads\/2026\/04\/kmshk-prill-21-2024.jpg","contentUrl":"http:\/\/presscouncil-ks.org\/wp-content\/uploads\/2026\/04\/kmshk-prill-21-2024.jpg","width":1228,"height":691},{"@type":"BreadcrumbList","@id":"http:\/\/presscouncil-ks.org\/?p=18275#breadcrumb","itemListElement":[{"@type":"ListItem","position":1,"name":"Home","item":"https:\/\/presscouncil-ks.org\/"},{"@type":"ListItem","position":2,"name":"Kuvendi i KMShK-s\u00eb mori vendim p\u00ebr 8 ankesa"}]},{"@type":"WebSite","@id":"http:\/\/presscouncil-ks.org\/#website","url":"http:\/\/presscouncil-ks.org\/","name":"https:\/\/presscouncil-ks.org\/","description":"","publisher":{"@id":"http:\/\/presscouncil-ks.org\/#organization"},"potentialAction":[{"@type":"SearchAction","target":{"@type":"EntryPoint","urlTemplate":"http:\/\/presscouncil-ks.org\/?s={search_term_string}"},"query-input":{"@type":"PropertyValueSpecification","valueRequired":true,"valueName":"search_term_string"}}],"inLanguage":"en-US"},{"@type":"Organization","@id":"http:\/\/presscouncil-ks.org\/#organization","name":"K\u00ebshilli i Mediave t\u00eb Shkruara t\u00eb Kosov\u00ebs","url":"http:\/\/presscouncil-ks.org\/","logo":{"@type":"ImageObject","inLanguage":"en-US","@id":"http:\/\/presscouncil-ks.org\/#\/schema\/logo\/image\/","url":"http:\/\/presscouncil-ks.org\/wp-content\/uploads\/2023\/06\/cropped-logo.png","contentUrl":"http:\/\/presscouncil-ks.org\/wp-content\/uploads\/2023\/06\/cropped-logo.png","width":268,"height":166,"caption":"K\u00ebshilli i Mediave t\u00eb Shkruara t\u00eb Kosov\u00ebs"},"image":{"@id":"http:\/\/presscouncil-ks.org\/#\/schema\/logo\/image\/"},"sameAs":["https:\/\/www.facebook.com\/KMSHKosove"]},{"@type":"Person","@id":"http:\/\/presscouncil-ks.org\/#\/schema\/person\/b79d30c61264caeb733239c16cc4d673","name":"Editor","image":{"@type":"ImageObject","inLanguage":"en-US","@id":"https:\/\/secure.gravatar.com\/avatar\/9534865f39e7b3527010ee17196a76d054b16d731a6a5bfe2f92a071c6e9bf4e?s=96&d=mm&r=g","url":"https:\/\/secure.gravatar.com\/avatar\/9534865f39e7b3527010ee17196a76d054b16d731a6a5bfe2f92a071c6e9bf4e?s=96&d=mm&r=g","contentUrl":"https:\/\/secure.gravatar.com\/avatar\/9534865f39e7b3527010ee17196a76d054b16d731a6a5bfe2f92a071c6e9bf4e?s=96&d=mm&r=g","caption":"Editor"},"url":"http:\/\/presscouncil-ks.org\/?author=2"}]}},"_links":{"self":[{"href":"http:\/\/presscouncil-ks.org\/index.php?rest_route=\/wp\/v2\/posts\/18275","targetHints":{"allow":["GET"]}}],"collection":[{"href":"http:\/\/presscouncil-ks.org\/index.php?rest_route=\/wp\/v2\/posts"}],"about":[{"href":"http:\/\/presscouncil-ks.org\/index.php?rest_route=\/wp\/v2\/types\/post"}],"author":[{"embeddable":true,"href":"http:\/\/presscouncil-ks.org\/index.php?rest_route=\/wp\/v2\/users\/2"}],"replies":[{"embeddable":true,"href":"http:\/\/presscouncil-ks.org\/index.php?rest_route=%2Fwp%2Fv2%2Fcomments&post=18275"}],"version-history":[{"count":1,"href":"http:\/\/presscouncil-ks.org\/index.php?rest_route=\/wp\/v2\/posts\/18275\/revisions"}],"predecessor-version":[{"id":18277,"href":"http:\/\/presscouncil-ks.org\/index.php?rest_route=\/wp\/v2\/posts\/18275\/revisions\/18277"}],"wp:featuredmedia":[{"embeddable":true,"href":"http:\/\/presscouncil-ks.org\/index.php?rest_route=\/wp\/v2\/media\/18276"}],"wp:attachment":[{"href":"http:\/\/presscouncil-ks.org\/index.php?rest_route=%2Fwp%2Fv2%2Fmedia&parent=18275"}],"wp:term":[{"taxonomy":"category","embeddable":true,"href":"http:\/\/presscouncil-ks.org\/index.php?rest_route=%2Fwp%2Fv2%2Fcategories&post=18275"},{"taxonomy":"post_tag","embeddable":true,"href":"http:\/\/presscouncil-ks.org\/index.php?rest_route=%2Fwp%2Fv2%2Ftags&post=18275"}],"curies":[{"name":"wp","href":"https:\/\/api.w.org\/{rel}","templated":true}]}}