{"id":18124,"date":"2026-04-02T16:12:33","date_gmt":"2026-04-02T16:12:33","guid":{"rendered":"https:\/\/presscouncil-ks.org\/?p=18124"},"modified":"2026-04-02T16:12:33","modified_gmt":"2026-04-02T16:12:33","slug":"raportimi-per-femijet","status":"publish","type":"post","link":"http:\/\/presscouncil-ks.org\/?p=18124","title":{"rendered":"Raportimi p\u00ebr f\u00ebmij\u00ebt"},"content":{"rendered":"<p>Kapitulli VI i Kodit t\u00eb Mediave t\u00eb Shkruara t\u00eb Kosov\u00ebs n\u00eb m\u00ebnyr\u00eb shum\u00eb t\u00eb qart\u00eb p\u00ebrcakton raportimin p\u00ebr t\u00eb mitur n\u00eb rastet kur jan\u00eb viktima, d\u00ebshmitar\u00eb apo kur dyshohen ose jan\u00eb kryes t\u00eb veprimeve t\u00eb pahijshme, p\u00ebrfshir\u00eb veprat penale.<\/p>\n<p>&nbsp;<\/p>\n<p>Kodi p\u00ebrcakton q\u00eb: gazetat, portalet dhe agjensit\u00eb e lajmeve n\u00eb asnj\u00eb m\u00ebnyr\u00eb nuk do t\u00eb identifikojn\u00eb f\u00ebmij\u00ebt n\u00ebn mosh\u00ebn 18 vje\u00e7are, t\u00eb cil\u00ebt jan\u00eb t\u00eb p\u00ebrzier n\u00eb vepra penale, qoft\u00eb si d\u00ebshmitar\u00eb, apo t\u00eb pandehur.<\/p>\n<p>&nbsp;<\/p>\n<p>Trajtimi i rr\u00ebfimeve mbi tragjedit\u00eb personale duhet t\u00eb zhvillohet me kujdes, nd\u00ebrkoh\u00eb q\u00eb ndaj individ\u00ebve t\u00eb prekur me tragjedi duhet pasur qasje mir\u00ebkuptimi dhe diskrecioni.<\/p>\n<p>&nbsp;<\/p>\n<p>Mediat nuk duhet t\u00eb publikojn\u00eb informata q\u00eb zbulojn\u00eb identitetin e t\u00eb miturve t\u00eb p\u00ebrfshir\u00eb n\u00eb raste t\u00eb ndryshme.<\/p>\n<p>&nbsp;<\/p>\n<p>Po ashtu, publikimi i fakteve rrethanore mund t\u00eb zbuloj\u00eb leht\u00eb identitetin e t\u00eb miturve. Andaj, n\u00eb \u00e7do rast mediat duhet t\u00eb shfaqin kujdes fillimisht n\u00eb moszbulimin e asnj\u00eb fakti apo rrethane q\u00eb \u00e7on n\u00eb identifikimin e t\u00eb miturve, e m\u00eb pas ngjarjen duhet plasuar sipas rregullave etike t\u00eb mediave t\u00eb shkruara dhe online.<\/p>\n<p>&nbsp;<\/p>\n<p>Zbulimi i fakteve rrethanore mund t\u00eb \u00e7oj\u00eb shum\u00eb leht\u00eb tek zbulimi i identitetit t\u00eb t\u00eb miturve dhe, rrjedhimisht, pasojat p\u00ebr jet\u00ebn e f\u00ebmij\u00ebve dhe t\u00eb familjeve t\u00eb tyre.<\/p>\n","protected":false},"excerpt":{"rendered":"<p>Kapitulli VI i Kodit t\u00eb Mediave t\u00eb Shkruara t\u00eb Kosov\u00ebs n\u00eb m\u00ebnyr\u00eb shum\u00eb t\u00eb qart\u00eb p\u00ebrcakton raportimin p\u00ebr t\u00eb mitur n\u00eb rastet kur jan\u00eb viktima, d\u00ebshmitar\u00eb apo kur dyshohen ose jan\u00eb kryes t\u00eb veprimeve t\u00eb pahijshme, p\u00ebrfshir\u00eb veprat penale. &nbsp; Kodi p\u00ebrcakton q\u00eb: gazetat, portalet dhe agjensit\u00eb e lajmeve n\u00eb asnj\u00eb m\u00ebnyr\u00eb nuk do t\u00eb [&hellip;]<\/p>\n","protected":false},"author":2,"featured_media":0,"comment_status":"open","ping_status":"open","sticky":false,"template":"","format":"standard","meta":{"footnotes":""},"categories":[109],"tags":[],"class_list":["post-18124","post","type-post","status-publish","format-standard","hentry","category-dokumentet-sq"],"acf":{"file":"http:\/\/presscouncil-ks.org\/wp-content\/uploads\/2026\/04\/1-Raportimi-per-femijet.docx"},"yoast_head":"<!-- This site is optimized with the Yoast SEO plugin v28.3 - https:\/\/yoast.com\/product\/yoast-seo-wordpress\/ -->\n<title>Raportimi p\u00ebr f\u00ebmij\u00ebt - K\u00ebshilli i Mediave t\u00eb Shkruara t\u00eb Kosov\u00ebs | P\u00ebr nj\u00eb gazetari etike dhe profesionale<\/title>\n<meta name=\"robots\" content=\"index, follow, max-snippet:-1, max-image-preview:large, max-video-preview:-1\" \/>\n<link rel=\"canonical\" href=\"http:\/\/presscouncil-ks.org\/?p=18124\" \/>\n<meta property=\"og:locale\" content=\"en_US\" \/>\n<meta property=\"og:type\" content=\"article\" \/>\n<meta property=\"og:title\" content=\"Raportimi p\u00ebr f\u00ebmij\u00ebt - K\u00ebshilli i Mediave t\u00eb Shkruara t\u00eb Kosov\u00ebs | P\u00ebr nj\u00eb gazetari etike dhe profesionale\" \/>\n<meta property=\"og:description\" content=\"Kapitulli VI i Kodit t\u00eb Mediave t\u00eb Shkruara t\u00eb Kosov\u00ebs n\u00eb m\u00ebnyr\u00eb shum\u00eb t\u00eb qart\u00eb p\u00ebrcakton raportimin p\u00ebr t\u00eb mitur n\u00eb rastet kur jan\u00eb viktima, d\u00ebshmitar\u00eb apo kur dyshohen ose jan\u00eb kryes t\u00eb veprimeve t\u00eb pahijshme, p\u00ebrfshir\u00eb veprat penale. &nbsp; Kodi p\u00ebrcakton q\u00eb: gazetat, portalet dhe agjensit\u00eb e lajmeve n\u00eb asnj\u00eb m\u00ebnyr\u00eb nuk do t\u00eb [&hellip;]\" \/>\n<meta property=\"og:url\" content=\"http:\/\/presscouncil-ks.org\/?p=18124\" \/>\n<meta property=\"og:site_name\" content=\"K\u00ebshilli i Mediave t\u00eb Shkruara t\u00eb Kosov\u00ebs | P\u00ebr nj\u00eb gazetari etike dhe profesionale\" \/>\n<meta property=\"article:publisher\" content=\"https:\/\/www.facebook.com\/KMSHKosove\" \/>\n<meta property=\"article:published_time\" content=\"2026-04-02T16:12:33+00:00\" \/>\n<meta name=\"author\" content=\"Editor\" \/>\n<meta name=\"twitter:card\" content=\"summary_large_image\" \/>\n<meta name=\"twitter:label1\" content=\"Written by\" \/>\n\t<meta name=\"twitter:data1\" content=\"Editor\" \/>\n\t<meta name=\"twitter:label2\" content=\"Est. reading time\" \/>\n\t<meta name=\"twitter:data2\" content=\"1 minute\" \/>\n<script type=\"application\/ld+json\" class=\"yoast-schema-graph\">{\"@context\":\"https:\\\/\\\/schema.org\",\"@graph\":[{\"@type\":\"Article\",\"@id\":\"http:\\\/\\\/presscouncil-ks.org\\\/?p=18124#article\",\"isPartOf\":{\"@id\":\"http:\\\/\\\/presscouncil-ks.org\\\/?p=18124\"},\"author\":{\"name\":\"Editor\",\"@id\":\"http:\\\/\\\/presscouncil-ks.org\\\/#\\\/schema\\\/person\\\/b79d30c61264caeb733239c16cc4d673\"},\"headline\":\"Raportimi p\u00ebr f\u00ebmij\u00ebt\",\"datePublished\":\"2026-04-02T16:12:33+00:00\",\"mainEntityOfPage\":{\"@id\":\"http:\\\/\\\/presscouncil-ks.org\\\/?p=18124\"},\"wordCount\":233,\"commentCount\":0,\"publisher\":{\"@id\":\"http:\\\/\\\/presscouncil-ks.org\\\/#organization\"},\"articleSection\":[\"Dokumentet\"],\"inLanguage\":\"en-US\",\"potentialAction\":[{\"@type\":\"CommentAction\",\"name\":\"Comment\",\"target\":[\"http:\\\/\\\/presscouncil-ks.org\\\/?p=18124#respond\"]}]},{\"@type\":\"WebPage\",\"@id\":\"http:\\\/\\\/presscouncil-ks.org\\\/?p=18124\",\"url\":\"http:\\\/\\\/presscouncil-ks.org\\\/?p=18124\",\"name\":\"Raportimi p\u00ebr f\u00ebmij\u00ebt - K\u00ebshilli i Mediave t\u00eb Shkruara t\u00eb Kosov\u00ebs | P\u00ebr nj\u00eb gazetari etike dhe profesionale\",\"isPartOf\":{\"@id\":\"http:\\\/\\\/presscouncil-ks.org\\\/#website\"},\"datePublished\":\"2026-04-02T16:12:33+00:00\",\"breadcrumb\":{\"@id\":\"http:\\\/\\\/presscouncil-ks.org\\\/?p=18124#breadcrumb\"},\"inLanguage\":\"en-US\",\"potentialAction\":[{\"@type\":\"ReadAction\",\"target\":[\"http:\\\/\\\/presscouncil-ks.org\\\/?p=18124\"]}]},{\"@type\":\"BreadcrumbList\",\"@id\":\"http:\\\/\\\/presscouncil-ks.org\\\/?p=18124#breadcrumb\",\"itemListElement\":[{\"@type\":\"ListItem\",\"position\":1,\"name\":\"Home\",\"item\":\"https:\\\/\\\/presscouncil-ks.org\\\/\"},{\"@type\":\"ListItem\",\"position\":2,\"name\":\"Raportimi p\u00ebr f\u00ebmij\u00ebt\"}]},{\"@type\":\"WebSite\",\"@id\":\"http:\\\/\\\/presscouncil-ks.org\\\/#website\",\"url\":\"http:\\\/\\\/presscouncil-ks.org\\\/\",\"name\":\"https:\\\/\\\/presscouncil-ks.org\\\/\",\"description\":\"\",\"publisher\":{\"@id\":\"http:\\\/\\\/presscouncil-ks.org\\\/#organization\"},\"potentialAction\":[{\"@type\":\"SearchAction\",\"target\":{\"@type\":\"EntryPoint\",\"urlTemplate\":\"http:\\\/\\\/presscouncil-ks.org\\\/?s={search_term_string}\"},\"query-input\":{\"@type\":\"PropertyValueSpecification\",\"valueRequired\":true,\"valueName\":\"search_term_string\"}}],\"inLanguage\":\"en-US\"},{\"@type\":\"Organization\",\"@id\":\"http:\\\/\\\/presscouncil-ks.org\\\/#organization\",\"name\":\"K\u00ebshilli i Mediave t\u00eb Shkruara t\u00eb Kosov\u00ebs\",\"url\":\"http:\\\/\\\/presscouncil-ks.org\\\/\",\"logo\":{\"@type\":\"ImageObject\",\"inLanguage\":\"en-US\",\"@id\":\"http:\\\/\\\/presscouncil-ks.org\\\/#\\\/schema\\\/logo\\\/image\\\/\",\"url\":\"http:\\\/\\\/presscouncil-ks.org\\\/wp-content\\\/uploads\\\/2023\\\/06\\\/cropped-logo.png\",\"contentUrl\":\"http:\\\/\\\/presscouncil-ks.org\\\/wp-content\\\/uploads\\\/2023\\\/06\\\/cropped-logo.png\",\"width\":268,\"height\":166,\"caption\":\"K\u00ebshilli i Mediave t\u00eb Shkruara t\u00eb Kosov\u00ebs\"},\"image\":{\"@id\":\"http:\\\/\\\/presscouncil-ks.org\\\/#\\\/schema\\\/logo\\\/image\\\/\"},\"sameAs\":[\"https:\\\/\\\/www.facebook.com\\\/KMSHKosove\"]},{\"@type\":\"Person\",\"@id\":\"http:\\\/\\\/presscouncil-ks.org\\\/#\\\/schema\\\/person\\\/b79d30c61264caeb733239c16cc4d673\",\"name\":\"Editor\",\"image\":{\"@type\":\"ImageObject\",\"inLanguage\":\"en-US\",\"@id\":\"https:\\\/\\\/secure.gravatar.com\\\/avatar\\\/9534865f39e7b3527010ee17196a76d054b16d731a6a5bfe2f92a071c6e9bf4e?s=96&d=mm&r=g\",\"url\":\"https:\\\/\\\/secure.gravatar.com\\\/avatar\\\/9534865f39e7b3527010ee17196a76d054b16d731a6a5bfe2f92a071c6e9bf4e?s=96&d=mm&r=g\",\"contentUrl\":\"https:\\\/\\\/secure.gravatar.com\\\/avatar\\\/9534865f39e7b3527010ee17196a76d054b16d731a6a5bfe2f92a071c6e9bf4e?s=96&d=mm&r=g\",\"caption\":\"Editor\"},\"url\":\"http:\\\/\\\/presscouncil-ks.org\\\/?author=2\"}]}<\/script>\n<!-- \/ Yoast SEO plugin. -->","yoast_head_json":{"title":"Raportimi p\u00ebr f\u00ebmij\u00ebt - K\u00ebshilli i Mediave t\u00eb Shkruara t\u00eb Kosov\u00ebs | P\u00ebr nj\u00eb gazetari etike dhe profesionale","robots":{"index":"index","follow":"follow","max-snippet":"max-snippet:-1","max-image-preview":"max-image-preview:large","max-video-preview":"max-video-preview:-1"},"canonical":"http:\/\/presscouncil-ks.org\/?p=18124","og_locale":"en_US","og_type":"article","og_title":"Raportimi p\u00ebr f\u00ebmij\u00ebt - K\u00ebshilli i Mediave t\u00eb Shkruara t\u00eb Kosov\u00ebs | P\u00ebr nj\u00eb gazetari etike dhe profesionale","og_description":"Kapitulli VI i Kodit t\u00eb Mediave t\u00eb Shkruara t\u00eb Kosov\u00ebs n\u00eb m\u00ebnyr\u00eb shum\u00eb t\u00eb qart\u00eb p\u00ebrcakton raportimin p\u00ebr t\u00eb mitur n\u00eb rastet kur jan\u00eb viktima, d\u00ebshmitar\u00eb apo kur dyshohen ose jan\u00eb kryes t\u00eb veprimeve t\u00eb pahijshme, p\u00ebrfshir\u00eb veprat penale. &nbsp; Kodi p\u00ebrcakton q\u00eb: gazetat, portalet dhe agjensit\u00eb e lajmeve n\u00eb asnj\u00eb m\u00ebnyr\u00eb nuk do t\u00eb [&hellip;]","og_url":"http:\/\/presscouncil-ks.org\/?p=18124","og_site_name":"K\u00ebshilli i Mediave t\u00eb Shkruara t\u00eb Kosov\u00ebs | P\u00ebr nj\u00eb gazetari etike dhe profesionale","article_publisher":"https:\/\/www.facebook.com\/KMSHKosove","article_published_time":"2026-04-02T16:12:33+00:00","author":"Editor","twitter_card":"summary_large_image","twitter_misc":{"Written by":"Editor","Est. reading time":"1 minute"},"schema":{"@context":"https:\/\/schema.org","@graph":[{"@type":"Article","@id":"http:\/\/presscouncil-ks.org\/?p=18124#article","isPartOf":{"@id":"http:\/\/presscouncil-ks.org\/?p=18124"},"author":{"name":"Editor","@id":"http:\/\/presscouncil-ks.org\/#\/schema\/person\/b79d30c61264caeb733239c16cc4d673"},"headline":"Raportimi p\u00ebr f\u00ebmij\u00ebt","datePublished":"2026-04-02T16:12:33+00:00","mainEntityOfPage":{"@id":"http:\/\/presscouncil-ks.org\/?p=18124"},"wordCount":233,"commentCount":0,"publisher":{"@id":"http:\/\/presscouncil-ks.org\/#organization"},"articleSection":["Dokumentet"],"inLanguage":"en-US","potentialAction":[{"@type":"CommentAction","name":"Comment","target":["http:\/\/presscouncil-ks.org\/?p=18124#respond"]}]},{"@type":"WebPage","@id":"http:\/\/presscouncil-ks.org\/?p=18124","url":"http:\/\/presscouncil-ks.org\/?p=18124","name":"Raportimi p\u00ebr f\u00ebmij\u00ebt - K\u00ebshilli i Mediave t\u00eb Shkruara t\u00eb Kosov\u00ebs | P\u00ebr nj\u00eb gazetari etike dhe profesionale","isPartOf":{"@id":"http:\/\/presscouncil-ks.org\/#website"},"datePublished":"2026-04-02T16:12:33+00:00","breadcrumb":{"@id":"http:\/\/presscouncil-ks.org\/?p=18124#breadcrumb"},"inLanguage":"en-US","potentialAction":[{"@type":"ReadAction","target":["http:\/\/presscouncil-ks.org\/?p=18124"]}]},{"@type":"BreadcrumbList","@id":"http:\/\/presscouncil-ks.org\/?p=18124#breadcrumb","itemListElement":[{"@type":"ListItem","position":1,"name":"Home","item":"https:\/\/presscouncil-ks.org\/"},{"@type":"ListItem","position":2,"name":"Raportimi p\u00ebr f\u00ebmij\u00ebt"}]},{"@type":"WebSite","@id":"http:\/\/presscouncil-ks.org\/#website","url":"http:\/\/presscouncil-ks.org\/","name":"https:\/\/presscouncil-ks.org\/","description":"","publisher":{"@id":"http:\/\/presscouncil-ks.org\/#organization"},"potentialAction":[{"@type":"SearchAction","target":{"@type":"EntryPoint","urlTemplate":"http:\/\/presscouncil-ks.org\/?s={search_term_string}"},"query-input":{"@type":"PropertyValueSpecification","valueRequired":true,"valueName":"search_term_string"}}],"inLanguage":"en-US"},{"@type":"Organization","@id":"http:\/\/presscouncil-ks.org\/#organization","name":"K\u00ebshilli i Mediave t\u00eb Shkruara t\u00eb Kosov\u00ebs","url":"http:\/\/presscouncil-ks.org\/","logo":{"@type":"ImageObject","inLanguage":"en-US","@id":"http:\/\/presscouncil-ks.org\/#\/schema\/logo\/image\/","url":"http:\/\/presscouncil-ks.org\/wp-content\/uploads\/2023\/06\/cropped-logo.png","contentUrl":"http:\/\/presscouncil-ks.org\/wp-content\/uploads\/2023\/06\/cropped-logo.png","width":268,"height":166,"caption":"K\u00ebshilli i Mediave t\u00eb Shkruara t\u00eb Kosov\u00ebs"},"image":{"@id":"http:\/\/presscouncil-ks.org\/#\/schema\/logo\/image\/"},"sameAs":["https:\/\/www.facebook.com\/KMSHKosove"]},{"@type":"Person","@id":"http:\/\/presscouncil-ks.org\/#\/schema\/person\/b79d30c61264caeb733239c16cc4d673","name":"Editor","image":{"@type":"ImageObject","inLanguage":"en-US","@id":"https:\/\/secure.gravatar.com\/avatar\/9534865f39e7b3527010ee17196a76d054b16d731a6a5bfe2f92a071c6e9bf4e?s=96&d=mm&r=g","url":"https:\/\/secure.gravatar.com\/avatar\/9534865f39e7b3527010ee17196a76d054b16d731a6a5bfe2f92a071c6e9bf4e?s=96&d=mm&r=g","contentUrl":"https:\/\/secure.gravatar.com\/avatar\/9534865f39e7b3527010ee17196a76d054b16d731a6a5bfe2f92a071c6e9bf4e?s=96&d=mm&r=g","caption":"Editor"},"url":"http:\/\/presscouncil-ks.org\/?author=2"}]}},"_links":{"self":[{"href":"http:\/\/presscouncil-ks.org\/index.php?rest_route=\/wp\/v2\/posts\/18124","targetHints":{"allow":["GET"]}}],"collection":[{"href":"http:\/\/presscouncil-ks.org\/index.php?rest_route=\/wp\/v2\/posts"}],"about":[{"href":"http:\/\/presscouncil-ks.org\/index.php?rest_route=\/wp\/v2\/types\/post"}],"author":[{"embeddable":true,"href":"http:\/\/presscouncil-ks.org\/index.php?rest_route=\/wp\/v2\/users\/2"}],"replies":[{"embeddable":true,"href":"http:\/\/presscouncil-ks.org\/index.php?rest_route=%2Fwp%2Fv2%2Fcomments&post=18124"}],"version-history":[{"count":1,"href":"http:\/\/presscouncil-ks.org\/index.php?rest_route=\/wp\/v2\/posts\/18124\/revisions"}],"predecessor-version":[{"id":18126,"href":"http:\/\/presscouncil-ks.org\/index.php?rest_route=\/wp\/v2\/posts\/18124\/revisions\/18126"}],"wp:attachment":[{"href":"http:\/\/presscouncil-ks.org\/index.php?rest_route=%2Fwp%2Fv2%2Fmedia&parent=18124"}],"wp:term":[{"taxonomy":"category","embeddable":true,"href":"http:\/\/presscouncil-ks.org\/index.php?rest_route=%2Fwp%2Fv2%2Fcategories&post=18124"},{"taxonomy":"post_tag","embeddable":true,"href":"http:\/\/presscouncil-ks.org\/index.php?rest_route=%2Fwp%2Fv2%2Ftags&post=18124"}],"curies":[{"name":"wp","href":"https:\/\/api.w.org\/{rel}","templated":true}]}}