{"id":18059,"date":"2026-03-31T16:33:51","date_gmt":"2026-03-31T16:33:51","guid":{"rendered":"https:\/\/presscouncil-ks.org\/?p=18059"},"modified":"2026-06-25T12:12:51","modified_gmt":"2026-06-25T12:12:51","slug":"inteligjenca-artificiale-ne-gazetari-mik-apo-armik-shkrim-nga-leonora-aliu","status":"publish","type":"post","link":"http:\/\/presscouncil-ks.org\/?p=18059","title":{"rendered":"Inteligjenca Artificiale n\u00eb gazetari, mik apo armik? \/ Shkrim nga Leonora Aliu"},"content":{"rendered":"<p><strong>Gazetaria dhe Inteligjenca Artificiale do t\u00eb vazhdojn\u00eb t\u00eb bashk\u00ebjetojn\u00eb. Dhe <span style=\"color: #000000;\">AI nuk duhet t\u00eb konsiderohet m\u00eb shum\u00eb sesa aq sa \u00ebsht\u00eb &#8211; mjet ndihm\u00ebs q\u00eb mund t\u00eb p\u00ebrkrah efikasitetin dhe shpejt\u00ebsin\u00eb e pun\u00ebs, por jo t\u00eb z\u00ebvend\u00ebsoj\u00eb gazetar\u00ebt si qenie t\u00eb afta p\u00ebr t\u00eb gjykuar. <\/span><\/strong><\/p>\n<p><strong><span style=\"color: #000000;\">Autore: Leonora Aliu<\/span><\/strong><\/p>\n<p>Q\u00eb t\u00eb jem e sinqert\u00eb me ju, ky shkrim nuk \u00ebsht\u00eb prej atyre q\u00eb e kam shkruar me leht\u00ebsi. Jo p\u00ebr nga natyra e shkrimit, por p\u00ebr shkak t\u00eb pasiguris\u00eb q\u00eb, tema q\u00eb po tentoj t\u00eb trajtoj, ka ngjall\u00eb jo vet\u00ebm tek komuniteti i gazetar\u00ebve dhe hulumtuesve, por edhe politik\u00ebb\u00ebr\u00ebsve dhe vendimmarr\u00ebsve bot\u00ebror\u00eb &#8211; Inteligjenca Artificiale (AI) dhe relacioni me gazetarin\u00eb.<\/p>\n<p>&nbsp;<\/p>\n<p>Diskursi publik p\u00ebr k\u00ebt\u00eb tem\u00eb \u00ebsht\u00eb i ndar\u00eb kryesisht nd\u00ebrmjet optimist\u00ebve dhe skeptik\u00ebve. N\u00eb grupin e par\u00eb kryesisht b\u00ebjn\u00eb pjes\u00eb ata t\u00eb cil\u00ebt jo vet\u00ebm q\u00eb shohin p\u00ebrfitimet nga modelet e gj\u00ebra gjuh\u00ebsore (n\u00eb anglisht t\u00eb njohura si LLM), por edhe kan\u00eb aft\u00ebsi t\u2019i p\u00ebrdorin dhe n\u00eb t\u00eb dytin ata q\u00eb i shohin k\u00ebto modele teknologjike t\u00eb k\u00ebrkimit e p\u00ebrpunimit si rrezik.<\/p>\n<p>&nbsp;<\/p>\n<p>N\u00ebse m\u00eb pyesni se n\u00eb cilin grup b\u00ebj pjes\u00eb un\u00eb, do t\u2019ju them asnj\u00ebrin. Mendimi im, t\u00eb cilin po tentoj t\u00eb shtjelloj tutje n\u00eb k\u00ebt\u00eb shkrim, mund t\u00eb gjendet diku n\u00eb mesin e trajektores q\u00eb ndan optimist\u00ebt dhe pesimist\u00ebt, p\u00ebr disa arsye.<\/p>\n<p>&nbsp;<\/p>\n<p>Por p\u00ebrpara se t\u2019i prezantoj ato, le t\u00eb rishikojm\u00eb disa koncepte baz\u00eb.<\/p>\n<p>&nbsp;<\/p>\n<p><strong><span style=\"color: #000000;\">Inteligjenca Artificiale nuk \u00ebsht\u00eb koncept i ri<\/span><\/strong><\/p>\n<p>&nbsp;<\/p>\n<p>Studiuesi amerikan i inxhinieris\u00eb kompjuterike, John McCarthy njihet si nj\u00eb nd\u00ebr themeluesit e konceptit t\u00eb \u201cInteligjenc\u00ebs Artificiale\u201d m\u00eb 1955. Ai e quante AI-n\u00eb, \u201cshkenc\u00ebn dhe inxhinierin\u00eb e krijimit t\u00eb makinave inteligjente\u201d. N\u00eb vitin 1956, p\u00ebrgjat\u00eb konferenc\u00ebs s\u00eb Dartmouth, ai e prezantoi termin \u201cinteligjenc\u00eb artificiale\u201d p\u00ebr her\u00eb t\u00eb par\u00eb para publikut si nj\u00eb disiplin\u00eb t\u00eb k\u00ebrkimit shkencor.<\/p>\n<p>&nbsp;<\/p>\n<p>Pra, Inteligjenca Artificiale nuk \u00ebsht\u00eb koncept i ri.<\/p>\n<p>&nbsp;<\/p>\n<p>Ky koncept i k\u00ebrkimit dhe krijimit inxhinierik \u00ebsht\u00eb hulumtuar dhe p\u00ebrpunuar n\u00eb at\u00eb form\u00eb, si\u00e7 e p\u00ebrshkruante McCarthy, p\u00ebr t\u00eb zgjidhur probleme t\u00eb njer\u00ebzimit dhe si koncept i till\u00eb p\u00ebr shtat\u00eb dekada m\u00eb radh\u00eb ishte prezent n\u00eb motor\u00ebt gjeneral\u00eb q\u00eb zhvilluan industrit\u00eb e shumta, mjek\u00ebsi, sfer\u00ebn e komunikimit etj.<\/p>\n<p>&nbsp;<\/p>\n<p><strong><span style=\"color: #000000;\">Gazetaria dhe evolucioni teknologjik<\/span><\/strong><\/p>\n<p>&nbsp;<\/p>\n<p>Gazetaria nuk \u00ebsht\u00eb profesion statik. \u00cbsht\u00eb profesion i formuar historikisht nga evoluimi teknologjik. Dhe ky \u00ebsht\u00eb definicioni t\u00eb cilin mund ta citoj \u00e7do student i vitit t\u00eb par\u00eb t\u00eb studimeve n\u00eb gazetari. Funksioni i gazetaris\u00eb nga informimi n\u00eb mbik\u00ebqyr\u00ebse, duke siguruar transparenc\u00eb n\u00ebp\u00ebrmjet informimit t\u00eb sakt\u00eb, llogaridh\u00ebnies dhe nd\u00ebrgjegj\u00ebsimit publik p\u00ebr \u00e7\u00ebshtje me interes publik, nuk besoj se do shum\u00eb shpjegim. Ky rol mund t\u00eb gjurmohet leht\u00ebsisht deri t\u00eb format m\u00eb t\u00eb hershme t\u00eb komunikimit publik, si n\u00eb demokracin\u00eb e Greqis\u00eb s\u00eb lasht\u00eb ku debati publik dhe informimi ishin qendror p\u00ebr jet\u00ebn publike dhe politike. Si profesion, gazetaria megjithat\u00eb filloi t\u00eb form\u00ebsohej vet\u00ebm pas shpikjes s\u00eb shtypshkronj\u00ebs, q\u00eb mund\u00ebsoi prodhimin masiv t\u00eb informacionit n\u00eb form\u00ebn e shkruar. Ndikimin politik t\u00eb k\u00ebtij inovacioni t\u00eb asaj kohe e kuptojm\u00eb ve\u00e7an\u00ebrisht p\u00ebrgjat\u00eb Revolucionit Francez. Eseja politike \u201c\u00c7ka \u00ebsht\u00eb shtresa e tret\u00eb\u201d e Emmanuel Joseph Siey\u00e8s (1789) u printua dhe shp\u00ebrnda n\u00eb afro 80 mij\u00eb kopje nd\u00ebrmjet viteve 1788-1792. N\u00eb mesin e viteve t\u00eb 90\u2019ta, q\u00eb ndryshe njihen si vitet e arta t\u00eb gazetaris\u00eb, ishte pik\u00ebrisht interneti q\u00eb mund\u00ebsoi t\u00eb ashtuquajturin proces t\u00eb demokratizimit t\u00eb informacionit. Kjo n\u00ebnkuptonte qasje gjith\u00ebp\u00ebrfshir\u00ebse n\u00eb informacion, shp\u00ebrndarje t\u00eb menj\u00ebhershme t\u00eb informacionit n\u00eb nivel global dhe lajme interaktive.<\/p>\n<p>&nbsp;<\/p>\n<p>Pra, si\u00e7 na tregon historia, gazetaria dhe teknologjia kan\u00eb bashk\u00ebjetuar p\u00ebrher\u00eb dhe do t\u00eb vazhdojn\u00eb t\u00eb bashk\u00ebjetojn\u00eb.<\/p>\n<p>&nbsp;<\/p>\n<p>Pyetja at\u00ebher\u00eb \u00ebsht\u00eb kjo: a \u00ebsht\u00eb inteligjenca artificiale si prodhim teknologjik, mik apo armik i gazetaris\u00eb?<\/p>\n<p>&nbsp;<\/p>\n<p>N\u00ebse do t\u00eb argumentonim nga perspektiva e optimist\u00ebve, mendoj se disa aspekte do t\u00eb ishin me r\u00ebnd\u00ebsi t\u00eb potencohen. P\u00ebr shembull, programe t\u00eb AI iu mund\u00ebsojn\u00eb gazetar\u00ebve si p\u00ebrdorues potencial\u00eb qasjen n\u00eb analiza m\u00eb t\u00eb shpejta t\u00eb t\u00eb dh\u00ebnave, pra shkurtim t\u00eb koh\u00ebs s\u00eb pun\u00ebs, qasje n\u00eb informacione globale dhe mund\u00ebsi m\u00eb t\u00eb shpejt\u00eb p\u00ebr verifikim t\u00eb informatave n\u00ebp\u00ebrmjet mjeteve t\u00eb verifikimit. Pesimist\u00ebt, nga ana tjet\u00ebr, me siguri do t\u00eb argumentonin, me t\u00eb drejt\u00eb, se AI po krijon var\u00ebsi dhe ngushton kapacitetet e gazetar\u00ebve si p\u00ebrdorues potencial\u00eb p\u00ebr t\u00eb analizuar dhe kuptuar t\u00eb dh\u00ebna t\u00eb caktuara. AI po mund\u00ebson edhe prodhimin dhe shp\u00ebrndarjen e lajmeve t\u00eb rreme ose pjes\u00ebrisht t\u00eb rreme, apo edhe po krijon halucinacione rreth t\u00eb v\u00ebrtet\u00ebs, si dhe, kjo ndoshta m\u00eb e r\u00ebnd\u00ebsishmja, AI ka munges\u00eb t\u00eb gjykimit njer\u00ebzor dhe etik\u00ebs n\u00eb raportim.<\/p>\n<p>&nbsp;<\/p>\n<p>Nga perspektiva e dikujt q\u00eb nuk b\u00ebn pjes\u00eb plot\u00ebsisht as n\u00eb grupin e optimist\u00ebve dhe as pesimist\u00ebve, do t\u00eb b\u00ebja k\u00ebt\u00eb pyetje: meqen\u00ebse t\u00eb gjitha aspektet qoft\u00eb negative, qoft\u00eb pozitive t\u00eb lartp\u00ebrmendura kan\u00eb ekzistuar n\u00eb gazetari edhe m\u00eb par\u00eb, pse at\u00ebher\u00eb vet\u00ebm tani jemi duke u brengosur kaq shum\u00eb p\u00ebr ndikimin e Inteligjenc\u00ebs Artificiale n\u00eb media?<\/p>\n<p>&nbsp;<\/p>\n<p>Un\u00eb mendoj q\u00eb p\u00ebrgjigjja n\u00eb k\u00ebt\u00eb \u00ebsht\u00eb leht\u00ebsisht e deshifrueshme: rreziku p\u00ebr vendet e pun\u00ebs s\u00eb gazetar\u00ebve.<\/p>\n<p>&nbsp;<\/p>\n<p>Pandemia e shkaktuar nga virusi Covid-19 globalisht p\u00ebrshpejtoi, sipas vler\u00ebsimit t\u00eb ekspert\u00ebve, p\u00ebr pes\u00eb vite evoluimin e ri t\u00eb Inteligjenc\u00ebs Artificiale dhe inkorporimit t\u00eb saj n\u00eb p\u00ebrditshm\u00ebrin\u00eb ton\u00eb. Dhe Inteligjenca Artificiale sot, p\u00ebr dallim prej disa dekadave m\u00eb par\u00eb, prezanton edhe aft\u00ebsin\u00eb e gjenerimit t\u00eb p\u00ebrmbajtjeve. Nj\u00eb pun\u00eb q\u00eb p\u00ebrher\u00eb ka qen\u00eb ekskluzive p\u00ebr punonj\u00ebsit n\u00eb media: gazetar\u00eb, fotograf\u00eb, kameraman\u00eb, dizajner\u00eb etj.<\/p>\n<p>&nbsp;<\/p>\n<p>Organizatat mediatike kan\u00eb integruar tashm\u00eb AI-n\u00eb n\u00eb rrjedhat e pun\u00ebs. P\u00ebr shembull, Associated Press ka lansuar p\u00ebrdorimin e AI-s\u00eb p\u00ebr prodhimin e raporteve rutin\u00eb, raporteve t\u00eb t\u00eb ardhurave financiare dhe p\u00ebr t\u00eb krijuar p\u00ebrmbledhje sportive, p\u00ebr t\u00eb p\u00ebrkthyer informata si dhe mjete p\u00ebr t\u00eb verifikuar informata e p\u00ebrmbajtje t\u00eb caktuara. T\u00eb gjitha k\u00ebto duke e rritur prodhimin dhe duke e ulur koston. N\u00eb artikullin \u201cCut the crap: a critical response to ChatGPT is bullshit\u201d (2025), autor\u00ebt David\u00a0Gunkel dhe Simon\u00a0Coghlan, t\u00eb dy studiues n\u00eb fush\u00ebn e etik\u00ebs n\u00eb teknologji, argumentojn\u00eb se p\u00ebrshkrimi i ChatGPT si \u201cbullshit\u201d (nga anglisht dhe mund t\u00eb p\u00ebrshtatet si: bro\u00e7kulla\u201d), \u00ebsht\u00eb i pasakt\u00eb dhe tep\u00ebr i thjesht\u00ebsuar. Autor\u00ebt theksojn\u00eb se ChatGPT, si program q\u00eb komunikon n\u00ebp\u00ebrmjet gjuh\u00ebs, respektivisht tekstit, nuk mund t\u00eb konsiderohet si agjent moral apo epistemik (p\u00ebr dallim nga gazetar\u00ebt) pasi q\u00eb, sipas tyre, programi nuk ka q\u00ebllime, besime apo ndjeshm\u00ebri ndaj s\u00eb v\u00ebrtet\u00ebs dhe prandaj nuk mund t\u00eb \u201cg\u00ebnjej\u00eb\u201d. N\u00eb vend t\u00eb k\u00ebsaj, autor\u00ebt argumentojn\u00eb se problemi kryesor do t\u00eb q\u00ebndroj\u00eb tek m\u00ebnyra e p\u00ebrdorimit nga njer\u00ebzit.<\/p>\n<p>&nbsp;<\/p>\n<p>Dhe ky argument na \u00e7on pik\u00ebrisht tek q\u00ebndrimi im, as optimist e as pesimist, por m\u00eb realist do t\u00eb thoja.<\/p>\n<p>&nbsp;<\/p>\n<p>Gazetaria dhe Inteligjenca Artificiale do t\u00eb vazhdojn\u00eb t\u00eb bashk\u00ebjetojn\u00eb. Dhe AI nuk duhet t\u00eb konsiderohet m\u00eb shum\u00eb sesa aq sa \u00ebsht\u00eb &#8211; mjet ndihm\u00ebs q\u00eb mund t\u00eb p\u00ebrkrah efikasitetin dhe shpejt\u00ebsin\u00eb e pun\u00ebs, por jo t\u00eb z\u00ebvend\u00ebsoj\u00eb gazetar\u00ebt si qenie t\u00eb afta p\u00ebr t\u00eb gjykuar.<\/p>\n<p>&nbsp;<\/p>\n<p>Vet\u00ebm gjykimi i drejt\u00eb i informacioneve dhe etika e lart\u00eb profesionale e raportimit do t\u00eb mund t\u00eb shp\u00ebtojn\u00eb besimin, ndikimin dhe jet\u00ebgjat\u00ebsin\u00eb e gazetaris\u00eb, n\u00eb shoq\u00ebrit\u00eb q\u00eb sot dominohen nga informacionet e shpejta. Prandaj, n\u00eb vend t\u00eb investimit n\u00eb optimiz\u00ebm dhe pesimiz\u00ebm t\u00eb tep\u00ebrt, diskutimi do t\u00eb duhej t\u00eb p\u00ebrqendrohet n\u00eb hapat emergjent\u00eb p\u00ebr t\u00eb forcuar gazetar\u00ebt dhe mediat n\u00eb ballafaqimin me sfidat q\u00eb koha po ua prezanton. Kjo n\u00ebnkupton investim n\u00eb hulumtime q\u00eb na japin nj\u00eb pasqyr\u00eb t\u00eb qart\u00eb t\u00eb asaj se si profesioni dhe ndikimi i tij n\u00ebp\u00ebrmjet AI-s\u00eb po ndryshon, si dhe investim n\u00eb ruajtjen e punonj\u00ebsve medial\u00eb dhe roleve t\u00eb tyre jetike n\u00eb gjykimin e drejt\u00eb dhe etik t\u00eb informacioneve multimediale q\u00eb shp\u00ebrndahen n\u00ebp\u00ebrmjet mediave, n\u00ebp\u00ebrmjet edukimit konstant n\u00eb kuptimin dhe p\u00ebrdorim e mjeteve t\u00eb reja t\u00eb AI-s\u00eb, investim n\u00eb mjete t\u00eb verifikimit dhe edukimit p\u00ebr p\u00ebrdorimin e tyre. Dhe krahas k\u00ebsaj edukim t\u00eb audienc\u00ebs duke inkorporuar edukimin medial e teknologjik n\u00eb arsimin publik.<\/p>\n<p>K\u00ebto prioritete nuk duhet t\u00eb jen\u00eb vet\u00ebm prioritete t\u00eb organizatave mediale dhe an\u00ebtar\u00ebve t\u00eb tyre, por t\u00eb \u00e7do shoq\u00ebrie q\u00eb ka p\u00ebr vizion drejt\u00ebsin\u00eb sociale edhe demokracin\u00eb. Politika tashm\u00eb ka p\u00ebrvet\u00ebsuar m\u00eb shum\u00eb se q\u00eb duhet nga mund\u00ebsit\u00eb e reja t\u00eb kontrollit, manipulimit dhe p\u00ebrvet\u00ebsimit t\u00eb sfer\u00ebs publike dhe informacionit. Prandaj, energjia jon\u00eb duhet urgjentisht t\u00eb adresohet tek p\u00ebrgjigjja ndaj k\u00ebsaj.<\/p>\n<p><img loading=\"lazy\" decoding=\"async\" class=\"alignnone size-medium wp-image-18440\" src=\"http:\/\/presscouncil-ks.org\/wp-content\/uploads\/2025\/09\/llogo-eu-300x63.jpeg\" alt=\"\" width=\"300\" height=\"63\" srcset=\"http:\/\/presscouncil-ks.org\/wp-content\/uploads\/2025\/09\/llogo-eu-300x63.jpeg 300w, http:\/\/presscouncil-ks.org\/wp-content\/uploads\/2025\/09\/llogo-eu-1024x215.jpeg 1024w, http:\/\/presscouncil-ks.org\/wp-content\/uploads\/2025\/09\/llogo-eu-768x161.jpeg 768w, http:\/\/presscouncil-ks.org\/wp-content\/uploads\/2025\/09\/llogo-eu.jpeg 1100w\" sizes=\"auto, (max-width: 300px) 100vw, 300px\" \/><\/p>\n<p><em>(Autorja \u00ebsht\u00eb gazetare, sociologe dhe specialiste e medias dhe marr\u00ebdh\u00ebnieve me publikun. Ishte pjes\u00ebmarr\u00ebse n\u00eb Akademin\u00eb Rajonale p\u00ebr Lider\u00ebt e Ardhsh\u00ebm, nj\u00eb aktivitet i projektit \u201c<span style=\"color: #0000ff;\"><a style=\"color: #0000ff;\" href=\"https:\/\/seenpm.org\/category\/our-media-news\/\">Media Jon\u00eb<\/a><\/span>\u201d. Programi rajonal \u201cMedia Jon\u00eb: Nj\u00eb veprim i shoq\u00ebris\u00eb civile p\u00ebr t\u00eb gjeneruar njohuri mediale dhe aktiviz\u00ebm, p\u00ebr t\u00eb luftuar polarizimin dhe p\u00ebr t\u00eb promovuar dialogun\u201d \u00ebsht\u00eb zbatuar me mb\u00ebshtetjen financiare t\u00eb Bashkimit Evropian nga organizatat partnere <span style=\"color: #0000ff;\"><a href=\"https:\/\/seenpm.org\/\">SEENPM,<\/a> <a href=\"https:\/\/institutemedia.org\/\">Instituti Shqiptar i Medias<\/a>, <a href=\"https:\/\/www.media.ba\/bs\">Mediacentar Sarajev\u00eb<\/a>, <a href=\"https:\/\/presscouncil-ks.org\/\">K\u00ebshilli i Mediave t\u00eb Shkruara t\u00eb Kosov\u00ebs<\/a>, <a href=\"https:\/\/www.mminstitute.org\/en\/\">Instituti Malazez i Medias<\/a>, <a href=\"https:\/\/mim.org.mk\/en\/\">Instituti Maqedonas p\u00ebr Median<\/a>, <a href=\"https:\/\/novinarska-skola.org.rs\/srbija-opet-pala-na-listi-reportera-bez-granica\/?lang=en\">Shkolla e Gazetaris\u00eb n\u00eb Novi Sad<\/a>, <a href=\"https:\/\/www.mirovni-institut.si\/en\/\">Instituti i Paqes<\/a> dhe <a href=\"https:\/\/bianet.org\/english\">Bianet<\/a><\/span>. Ky artikull u prodhua me mb\u00ebshtetjen financiare t\u00eb Bashkimit Evropian. P\u00ebrmbajtja e tij \u00ebsht\u00eb p\u00ebrgjegj\u00ebsi e vetme e <a href=\"https:\/\/presscouncil-ks.org\/\"><span style=\"color: #0000ff;\">K\u00ebshillit t\u00eb Mediave t\u00eb Shkruara t\u00eb Kosov\u00ebs<\/span><\/a> dhe nuk pasqyron domosdoshm\u00ebrisht pik\u00ebpamjet e Bashkimit Evropian).<\/em><\/p>\n","protected":false},"excerpt":{"rendered":"<p>Gazetaria dhe Inteligjenca Artificiale do t\u00eb vazhdojn\u00eb t\u00eb bashk\u00ebjetojn\u00eb. Dhe AI nuk duhet t\u00eb konsiderohet m\u00eb shum\u00eb sesa aq sa \u00ebsht\u00eb &#8211; mjet ndihm\u00ebs q\u00eb mund t\u00eb p\u00ebrkrah efikasitetin dhe shpejt\u00ebsin\u00eb e pun\u00ebs, por jo t\u00eb z\u00ebvend\u00ebsoj\u00eb gazetar\u00ebt si qenie t\u00eb afta p\u00ebr t\u00eb gjykuar. Autore: Leonora Aliu Q\u00eb t\u00eb jem e sinqert\u00eb me ju, [&hellip;]<\/p>\n","protected":false},"author":2,"featured_media":18051,"comment_status":"open","ping_status":"open","sticky":false,"template":"","format":"standard","meta":{"footnotes":""},"categories":[92],"tags":[],"class_list":["post-18059","post","type-post","status-publish","format-standard","has-post-thumbnail","hentry","category-news-sq"],"acf":{"video_title":"","video":false},"yoast_head":"<!-- This site is optimized with the Yoast SEO plugin v28.3 - https:\/\/yoast.com\/product\/yoast-seo-wordpress\/ -->\n<title>Inteligjenca Artificiale n\u00eb gazetari, mik apo armik? \/ Shkrim nga Leonora Aliu - K\u00ebshilli i Mediave t\u00eb Shkruara t\u00eb Kosov\u00ebs | P\u00ebr nj\u00eb gazetari etike dhe profesionale<\/title>\n<meta name=\"robots\" content=\"index, follow, max-snippet:-1, max-image-preview:large, max-video-preview:-1\" \/>\n<link rel=\"canonical\" href=\"http:\/\/presscouncil-ks.org\/?p=18059\" \/>\n<meta property=\"og:locale\" content=\"en_US\" \/>\n<meta property=\"og:type\" content=\"article\" \/>\n<meta property=\"og:title\" content=\"Inteligjenca Artificiale n\u00eb gazetari, mik apo armik? \/ Shkrim nga Leonora Aliu - K\u00ebshilli i Mediave t\u00eb Shkruara t\u00eb Kosov\u00ebs | P\u00ebr nj\u00eb gazetari etike dhe profesionale\" \/>\n<meta property=\"og:description\" content=\"Gazetaria dhe Inteligjenca Artificiale do t\u00eb vazhdojn\u00eb t\u00eb bashk\u00ebjetojn\u00eb. Dhe AI nuk duhet t\u00eb konsiderohet m\u00eb shum\u00eb sesa aq sa \u00ebsht\u00eb &#8211; mjet ndihm\u00ebs q\u00eb mund t\u00eb p\u00ebrkrah efikasitetin dhe shpejt\u00ebsin\u00eb e pun\u00ebs, por jo t\u00eb z\u00ebvend\u00ebsoj\u00eb gazetar\u00ebt si qenie t\u00eb afta p\u00ebr t\u00eb gjykuar. Autore: Leonora Aliu Q\u00eb t\u00eb jem e sinqert\u00eb me ju, [&hellip;]\" \/>\n<meta property=\"og:url\" content=\"http:\/\/presscouncil-ks.org\/?p=18059\" \/>\n<meta property=\"og:site_name\" content=\"K\u00ebshilli i Mediave t\u00eb Shkruara t\u00eb Kosov\u00ebs | P\u00ebr nj\u00eb gazetari etike dhe profesionale\" \/>\n<meta property=\"article:publisher\" content=\"https:\/\/www.facebook.com\/KMSHKosove\" \/>\n<meta property=\"article:published_time\" content=\"2026-03-31T16:33:51+00:00\" \/>\n<meta property=\"article:modified_time\" content=\"2026-06-25T12:12:51+00:00\" \/>\n<meta property=\"og:image\" content=\"http:\/\/presscouncil-ks.org\/wp-content\/uploads\/2026\/03\/image-ai-generated-article.webp\" \/>\n\t<meta property=\"og:image:width\" content=\"1400\" \/>\n\t<meta property=\"og:image:height\" content=\"800\" \/>\n\t<meta property=\"og:image:type\" content=\"image\/webp\" \/>\n<meta name=\"author\" content=\"Editor\" \/>\n<meta name=\"twitter:card\" content=\"summary_large_image\" \/>\n<meta name=\"twitter:label1\" content=\"Written by\" \/>\n\t<meta name=\"twitter:data1\" content=\"Editor\" \/>\n\t<meta name=\"twitter:label2\" content=\"Est. reading time\" \/>\n\t<meta name=\"twitter:data2\" content=\"7 minutes\" \/>\n<script type=\"application\/ld+json\" class=\"yoast-schema-graph\">{\"@context\":\"https:\\\/\\\/schema.org\",\"@graph\":[{\"@type\":\"Article\",\"@id\":\"http:\\\/\\\/presscouncil-ks.org\\\/?p=18059#article\",\"isPartOf\":{\"@id\":\"http:\\\/\\\/presscouncil-ks.org\\\/?p=18059\"},\"author\":{\"name\":\"Editor\",\"@id\":\"http:\\\/\\\/presscouncil-ks.org\\\/#\\\/schema\\\/person\\\/b79d30c61264caeb733239c16cc4d673\"},\"headline\":\"Inteligjenca Artificiale n\u00eb gazetari, mik apo armik? \\\/ Shkrim nga Leonora Aliu\",\"datePublished\":\"2026-03-31T16:33:51+00:00\",\"dateModified\":\"2026-06-25T12:12:51+00:00\",\"mainEntityOfPage\":{\"@id\":\"http:\\\/\\\/presscouncil-ks.org\\\/?p=18059\"},\"wordCount\":1735,\"commentCount\":0,\"publisher\":{\"@id\":\"http:\\\/\\\/presscouncil-ks.org\\\/#organization\"},\"image\":{\"@id\":\"http:\\\/\\\/presscouncil-ks.org\\\/?p=18059#primaryimage\"},\"thumbnailUrl\":\"http:\\\/\\\/presscouncil-ks.org\\\/wp-content\\\/uploads\\\/2026\\\/03\\\/image-ai-generated-article.webp\",\"articleSection\":[\"Lajm\"],\"inLanguage\":\"en-US\",\"potentialAction\":[{\"@type\":\"CommentAction\",\"name\":\"Comment\",\"target\":[\"http:\\\/\\\/presscouncil-ks.org\\\/?p=18059#respond\"]}]},{\"@type\":\"WebPage\",\"@id\":\"http:\\\/\\\/presscouncil-ks.org\\\/?p=18059\",\"url\":\"http:\\\/\\\/presscouncil-ks.org\\\/?p=18059\",\"name\":\"Inteligjenca Artificiale n\u00eb gazetari, mik apo armik? \\\/ Shkrim nga Leonora Aliu - K\u00ebshilli i Mediave t\u00eb Shkruara t\u00eb Kosov\u00ebs | P\u00ebr nj\u00eb gazetari etike dhe profesionale\",\"isPartOf\":{\"@id\":\"http:\\\/\\\/presscouncil-ks.org\\\/#website\"},\"primaryImageOfPage\":{\"@id\":\"http:\\\/\\\/presscouncil-ks.org\\\/?p=18059#primaryimage\"},\"image\":{\"@id\":\"http:\\\/\\\/presscouncil-ks.org\\\/?p=18059#primaryimage\"},\"thumbnailUrl\":\"http:\\\/\\\/presscouncil-ks.org\\\/wp-content\\\/uploads\\\/2026\\\/03\\\/image-ai-generated-article.webp\",\"datePublished\":\"2026-03-31T16:33:51+00:00\",\"dateModified\":\"2026-06-25T12:12:51+00:00\",\"breadcrumb\":{\"@id\":\"http:\\\/\\\/presscouncil-ks.org\\\/?p=18059#breadcrumb\"},\"inLanguage\":\"en-US\",\"potentialAction\":[{\"@type\":\"ReadAction\",\"target\":[\"http:\\\/\\\/presscouncil-ks.org\\\/?p=18059\"]}]},{\"@type\":\"ImageObject\",\"inLanguage\":\"en-US\",\"@id\":\"http:\\\/\\\/presscouncil-ks.org\\\/?p=18059#primaryimage\",\"url\":\"http:\\\/\\\/presscouncil-ks.org\\\/wp-content\\\/uploads\\\/2026\\\/03\\\/image-ai-generated-article.webp\",\"contentUrl\":\"http:\\\/\\\/presscouncil-ks.org\\\/wp-content\\\/uploads\\\/2026\\\/03\\\/image-ai-generated-article.webp\",\"width\":1400,\"height\":800},{\"@type\":\"BreadcrumbList\",\"@id\":\"http:\\\/\\\/presscouncil-ks.org\\\/?p=18059#breadcrumb\",\"itemListElement\":[{\"@type\":\"ListItem\",\"position\":1,\"name\":\"Home\",\"item\":\"https:\\\/\\\/presscouncil-ks.org\\\/\"},{\"@type\":\"ListItem\",\"position\":2,\"name\":\"Inteligjenca Artificiale n\u00eb gazetari, mik apo armik? \\\/ Shkrim nga Leonora Aliu\"}]},{\"@type\":\"WebSite\",\"@id\":\"http:\\\/\\\/presscouncil-ks.org\\\/#website\",\"url\":\"http:\\\/\\\/presscouncil-ks.org\\\/\",\"name\":\"https:\\\/\\\/presscouncil-ks.org\\\/\",\"description\":\"\",\"publisher\":{\"@id\":\"http:\\\/\\\/presscouncil-ks.org\\\/#organization\"},\"potentialAction\":[{\"@type\":\"SearchAction\",\"target\":{\"@type\":\"EntryPoint\",\"urlTemplate\":\"http:\\\/\\\/presscouncil-ks.org\\\/?s={search_term_string}\"},\"query-input\":{\"@type\":\"PropertyValueSpecification\",\"valueRequired\":true,\"valueName\":\"search_term_string\"}}],\"inLanguage\":\"en-US\"},{\"@type\":\"Organization\",\"@id\":\"http:\\\/\\\/presscouncil-ks.org\\\/#organization\",\"name\":\"K\u00ebshilli i Mediave t\u00eb Shkruara t\u00eb Kosov\u00ebs\",\"url\":\"http:\\\/\\\/presscouncil-ks.org\\\/\",\"logo\":{\"@type\":\"ImageObject\",\"inLanguage\":\"en-US\",\"@id\":\"http:\\\/\\\/presscouncil-ks.org\\\/#\\\/schema\\\/logo\\\/image\\\/\",\"url\":\"http:\\\/\\\/presscouncil-ks.org\\\/wp-content\\\/uploads\\\/2023\\\/06\\\/cropped-logo.png\",\"contentUrl\":\"http:\\\/\\\/presscouncil-ks.org\\\/wp-content\\\/uploads\\\/2023\\\/06\\\/cropped-logo.png\",\"width\":268,\"height\":166,\"caption\":\"K\u00ebshilli i Mediave t\u00eb Shkruara t\u00eb Kosov\u00ebs\"},\"image\":{\"@id\":\"http:\\\/\\\/presscouncil-ks.org\\\/#\\\/schema\\\/logo\\\/image\\\/\"},\"sameAs\":[\"https:\\\/\\\/www.facebook.com\\\/KMSHKosove\"]},{\"@type\":\"Person\",\"@id\":\"http:\\\/\\\/presscouncil-ks.org\\\/#\\\/schema\\\/person\\\/b79d30c61264caeb733239c16cc4d673\",\"name\":\"Editor\",\"image\":{\"@type\":\"ImageObject\",\"inLanguage\":\"en-US\",\"@id\":\"https:\\\/\\\/secure.gravatar.com\\\/avatar\\\/9534865f39e7b3527010ee17196a76d054b16d731a6a5bfe2f92a071c6e9bf4e?s=96&d=mm&r=g\",\"url\":\"https:\\\/\\\/secure.gravatar.com\\\/avatar\\\/9534865f39e7b3527010ee17196a76d054b16d731a6a5bfe2f92a071c6e9bf4e?s=96&d=mm&r=g\",\"contentUrl\":\"https:\\\/\\\/secure.gravatar.com\\\/avatar\\\/9534865f39e7b3527010ee17196a76d054b16d731a6a5bfe2f92a071c6e9bf4e?s=96&d=mm&r=g\",\"caption\":\"Editor\"},\"url\":\"http:\\\/\\\/presscouncil-ks.org\\\/?author=2\"}]}<\/script>\n<!-- \/ Yoast SEO plugin. -->","yoast_head_json":{"title":"Inteligjenca Artificiale n\u00eb gazetari, mik apo armik? \/ Shkrim nga Leonora Aliu - K\u00ebshilli i Mediave t\u00eb Shkruara t\u00eb Kosov\u00ebs | P\u00ebr nj\u00eb gazetari etike dhe profesionale","robots":{"index":"index","follow":"follow","max-snippet":"max-snippet:-1","max-image-preview":"max-image-preview:large","max-video-preview":"max-video-preview:-1"},"canonical":"http:\/\/presscouncil-ks.org\/?p=18059","og_locale":"en_US","og_type":"article","og_title":"Inteligjenca Artificiale n\u00eb gazetari, mik apo armik? \/ Shkrim nga Leonora Aliu - K\u00ebshilli i Mediave t\u00eb Shkruara t\u00eb Kosov\u00ebs | P\u00ebr nj\u00eb gazetari etike dhe profesionale","og_description":"Gazetaria dhe Inteligjenca Artificiale do t\u00eb vazhdojn\u00eb t\u00eb bashk\u00ebjetojn\u00eb. Dhe AI nuk duhet t\u00eb konsiderohet m\u00eb shum\u00eb sesa aq sa \u00ebsht\u00eb &#8211; mjet ndihm\u00ebs q\u00eb mund t\u00eb p\u00ebrkrah efikasitetin dhe shpejt\u00ebsin\u00eb e pun\u00ebs, por jo t\u00eb z\u00ebvend\u00ebsoj\u00eb gazetar\u00ebt si qenie t\u00eb afta p\u00ebr t\u00eb gjykuar. Autore: Leonora Aliu Q\u00eb t\u00eb jem e sinqert\u00eb me ju, [&hellip;]","og_url":"http:\/\/presscouncil-ks.org\/?p=18059","og_site_name":"K\u00ebshilli i Mediave t\u00eb Shkruara t\u00eb Kosov\u00ebs | P\u00ebr nj\u00eb gazetari etike dhe profesionale","article_publisher":"https:\/\/www.facebook.com\/KMSHKosove","article_published_time":"2026-03-31T16:33:51+00:00","article_modified_time":"2026-06-25T12:12:51+00:00","og_image":[{"width":1400,"height":800,"url":"http:\/\/presscouncil-ks.org\/wp-content\/uploads\/2026\/03\/image-ai-generated-article.webp","type":"image\/webp"}],"author":"Editor","twitter_card":"summary_large_image","twitter_misc":{"Written by":"Editor","Est. reading time":"7 minutes"},"schema":{"@context":"https:\/\/schema.org","@graph":[{"@type":"Article","@id":"http:\/\/presscouncil-ks.org\/?p=18059#article","isPartOf":{"@id":"http:\/\/presscouncil-ks.org\/?p=18059"},"author":{"name":"Editor","@id":"http:\/\/presscouncil-ks.org\/#\/schema\/person\/b79d30c61264caeb733239c16cc4d673"},"headline":"Inteligjenca Artificiale n\u00eb gazetari, mik apo armik? \/ Shkrim nga Leonora Aliu","datePublished":"2026-03-31T16:33:51+00:00","dateModified":"2026-06-25T12:12:51+00:00","mainEntityOfPage":{"@id":"http:\/\/presscouncil-ks.org\/?p=18059"},"wordCount":1735,"commentCount":0,"publisher":{"@id":"http:\/\/presscouncil-ks.org\/#organization"},"image":{"@id":"http:\/\/presscouncil-ks.org\/?p=18059#primaryimage"},"thumbnailUrl":"http:\/\/presscouncil-ks.org\/wp-content\/uploads\/2026\/03\/image-ai-generated-article.webp","articleSection":["Lajm"],"inLanguage":"en-US","potentialAction":[{"@type":"CommentAction","name":"Comment","target":["http:\/\/presscouncil-ks.org\/?p=18059#respond"]}]},{"@type":"WebPage","@id":"http:\/\/presscouncil-ks.org\/?p=18059","url":"http:\/\/presscouncil-ks.org\/?p=18059","name":"Inteligjenca Artificiale n\u00eb gazetari, mik apo armik? \/ Shkrim nga Leonora Aliu - K\u00ebshilli i Mediave t\u00eb Shkruara t\u00eb Kosov\u00ebs | P\u00ebr nj\u00eb gazetari etike dhe profesionale","isPartOf":{"@id":"http:\/\/presscouncil-ks.org\/#website"},"primaryImageOfPage":{"@id":"http:\/\/presscouncil-ks.org\/?p=18059#primaryimage"},"image":{"@id":"http:\/\/presscouncil-ks.org\/?p=18059#primaryimage"},"thumbnailUrl":"http:\/\/presscouncil-ks.org\/wp-content\/uploads\/2026\/03\/image-ai-generated-article.webp","datePublished":"2026-03-31T16:33:51+00:00","dateModified":"2026-06-25T12:12:51+00:00","breadcrumb":{"@id":"http:\/\/presscouncil-ks.org\/?p=18059#breadcrumb"},"inLanguage":"en-US","potentialAction":[{"@type":"ReadAction","target":["http:\/\/presscouncil-ks.org\/?p=18059"]}]},{"@type":"ImageObject","inLanguage":"en-US","@id":"http:\/\/presscouncil-ks.org\/?p=18059#primaryimage","url":"http:\/\/presscouncil-ks.org\/wp-content\/uploads\/2026\/03\/image-ai-generated-article.webp","contentUrl":"http:\/\/presscouncil-ks.org\/wp-content\/uploads\/2026\/03\/image-ai-generated-article.webp","width":1400,"height":800},{"@type":"BreadcrumbList","@id":"http:\/\/presscouncil-ks.org\/?p=18059#breadcrumb","itemListElement":[{"@type":"ListItem","position":1,"name":"Home","item":"https:\/\/presscouncil-ks.org\/"},{"@type":"ListItem","position":2,"name":"Inteligjenca Artificiale n\u00eb gazetari, mik apo armik? \/ Shkrim nga Leonora Aliu"}]},{"@type":"WebSite","@id":"http:\/\/presscouncil-ks.org\/#website","url":"http:\/\/presscouncil-ks.org\/","name":"https:\/\/presscouncil-ks.org\/","description":"","publisher":{"@id":"http:\/\/presscouncil-ks.org\/#organization"},"potentialAction":[{"@type":"SearchAction","target":{"@type":"EntryPoint","urlTemplate":"http:\/\/presscouncil-ks.org\/?s={search_term_string}"},"query-input":{"@type":"PropertyValueSpecification","valueRequired":true,"valueName":"search_term_string"}}],"inLanguage":"en-US"},{"@type":"Organization","@id":"http:\/\/presscouncil-ks.org\/#organization","name":"K\u00ebshilli i Mediave t\u00eb Shkruara t\u00eb Kosov\u00ebs","url":"http:\/\/presscouncil-ks.org\/","logo":{"@type":"ImageObject","inLanguage":"en-US","@id":"http:\/\/presscouncil-ks.org\/#\/schema\/logo\/image\/","url":"http:\/\/presscouncil-ks.org\/wp-content\/uploads\/2023\/06\/cropped-logo.png","contentUrl":"http:\/\/presscouncil-ks.org\/wp-content\/uploads\/2023\/06\/cropped-logo.png","width":268,"height":166,"caption":"K\u00ebshilli i Mediave t\u00eb Shkruara t\u00eb Kosov\u00ebs"},"image":{"@id":"http:\/\/presscouncil-ks.org\/#\/schema\/logo\/image\/"},"sameAs":["https:\/\/www.facebook.com\/KMSHKosove"]},{"@type":"Person","@id":"http:\/\/presscouncil-ks.org\/#\/schema\/person\/b79d30c61264caeb733239c16cc4d673","name":"Editor","image":{"@type":"ImageObject","inLanguage":"en-US","@id":"https:\/\/secure.gravatar.com\/avatar\/9534865f39e7b3527010ee17196a76d054b16d731a6a5bfe2f92a071c6e9bf4e?s=96&d=mm&r=g","url":"https:\/\/secure.gravatar.com\/avatar\/9534865f39e7b3527010ee17196a76d054b16d731a6a5bfe2f92a071c6e9bf4e?s=96&d=mm&r=g","contentUrl":"https:\/\/secure.gravatar.com\/avatar\/9534865f39e7b3527010ee17196a76d054b16d731a6a5bfe2f92a071c6e9bf4e?s=96&d=mm&r=g","caption":"Editor"},"url":"http:\/\/presscouncil-ks.org\/?author=2"}]}},"_links":{"self":[{"href":"http:\/\/presscouncil-ks.org\/index.php?rest_route=\/wp\/v2\/posts\/18059","targetHints":{"allow":["GET"]}}],"collection":[{"href":"http:\/\/presscouncil-ks.org\/index.php?rest_route=\/wp\/v2\/posts"}],"about":[{"href":"http:\/\/presscouncil-ks.org\/index.php?rest_route=\/wp\/v2\/types\/post"}],"author":[{"embeddable":true,"href":"http:\/\/presscouncil-ks.org\/index.php?rest_route=\/wp\/v2\/users\/2"}],"replies":[{"embeddable":true,"href":"http:\/\/presscouncil-ks.org\/index.php?rest_route=%2Fwp%2Fv2%2Fcomments&post=18059"}],"version-history":[{"count":6,"href":"http:\/\/presscouncil-ks.org\/index.php?rest_route=\/wp\/v2\/posts\/18059\/revisions"}],"predecessor-version":[{"id":18455,"href":"http:\/\/presscouncil-ks.org\/index.php?rest_route=\/wp\/v2\/posts\/18059\/revisions\/18455"}],"wp:featuredmedia":[{"embeddable":true,"href":"http:\/\/presscouncil-ks.org\/index.php?rest_route=\/wp\/v2\/media\/18051"}],"wp:attachment":[{"href":"http:\/\/presscouncil-ks.org\/index.php?rest_route=%2Fwp%2Fv2%2Fmedia&parent=18059"}],"wp:term":[{"taxonomy":"category","embeddable":true,"href":"http:\/\/presscouncil-ks.org\/index.php?rest_route=%2Fwp%2Fv2%2Fcategories&post=18059"},{"taxonomy":"post_tag","embeddable":true,"href":"http:\/\/presscouncil-ks.org\/index.php?rest_route=%2Fwp%2Fv2%2Ftags&post=18059"}],"curies":[{"name":"wp","href":"https:\/\/api.w.org\/{rel}","templated":true}]}}