{"id":18050,"date":"2026-03-31T16:16:35","date_gmt":"2026-03-31T16:16:35","guid":{"rendered":"https:\/\/presscouncil-ks.org\/?p=18050"},"modified":"2026-06-25T12:14:00","modified_gmt":"2026-06-25T12:14:00","slug":"vestacka-inteligencija-u-novinarstvu-prijatelj-ili-neprijatelj-clanak-leonore-aliju","status":"publish","type":"post","link":"http:\/\/presscouncil-ks.org\/?p=18050&lang=sr","title":{"rendered":"Ve\u0161ta\u010dka Inteligencija u novinarstvu, prijatelj ili neprijatelj? \/ \u010clanak Leonore Aliju"},"content":{"rendered":"<p><span style=\"color: #000000;\"><strong>Novinarstvo i Ve\u0161ta\u010dka Inteligencija c\u0301e nastaviti da koegzistiraju. Ve\u0161ta\u010dku Inteligenciju ne treba smatrati vi\u0161e od onoga \u0161to jeste &#8211; pomoc\u0301nim alatom koji mo\u017ee da podr\u017ei efikasnost i brzinu rada, ali ne i da zameni novinare kao bic\u0301a sposobna za rasu\u0111ivanje.<\/strong><\/span><\/p>\n<p>&nbsp;<\/p>\n<p><span style=\"color: #000000;\"><strong>Autorka: <\/strong><strong>Leonora Aliu<\/strong><\/span><\/p>\n<p>&nbsp;<\/p>\n<p>Da budem iskrena, ovaj \u010dlanak nije ne\u0161to \u0161to sam lako napisala. Ne zbog prirode \u010dlanka, vec\u0301 zbog neizvesnosti koju je tema koju poku\u0161avam da obradim izazvala ne samo u zajednici novinara i istra\u017eiva\u010da, vec\u0301 i kod globalnih kreatora politike i donosilaca odluka &#8211; Ve\u0161ta\u010dka Inteligencija (AI) i njen odnos sa novinarstvom.<\/p>\n<p>&nbsp;<\/p>\n<p>Javni diskurs o ovoj temi je uglavnom podeljen izme\u0111u optimista i skeptika. Prva grupa uglavnom obuhvata one koji ne samo da vide prednosti \u0161irokih jezi\u010dkih obrasaca (na engleskom jeziku poznate kao LLM) vec\u0301 i poseduju ve\u0161tine da ih koriste, a druga grupa obuhvata one koji ove tehnolo\u0161ke modele pretra\u017eivanja i obrade vide kao pretnju.<\/p>\n<p>&nbsp;<\/p>\n<p>Ako me pitate kojoj grupi pripadam, rec\u0301i c\u0301u vam ni jednoj ni drugoj. Moje mi\u0161ljenje, koje poku\u0161avam dalje da obrazlo\u017eim u ovom \u010dlanku, mo\u017ee se nac\u0301i negde na sredini putanje koja razdvaja optimiste i pesimiste, iz nekoliko razloga.<\/p>\n<p>&nbsp;<\/p>\n<p>Ali pre nego \u0161to ih predstavim, hajde da pregledamo neke osnovne koncepte.<\/p>\n<p>&nbsp;<\/p>\n<p><span style=\"color: #000000;\"><strong>Ve\u0161ta\u010dka Inteligencija nije novi koncept<\/strong><\/span><\/p>\n<p>&nbsp;<\/p>\n<p>Ameri\u010dki ra\u010dunarski nau\u010dnik John McCarthy poznat je kao jedan od osniva\u010da koncepta \u201dVe\u0161ta\u010dke Inteligencije\u201c 1955. godine. On je ve\u0161ta\u010dku inteligenciju nazvao \u201dnaukom i in\u017eenjerstvom stvaranja inteligentnih ma\u0161ina\u201c. Godine 1956, tokom konferencije u Dartmouth, prvi put je javnosti predstavio termin \u201dve\u0161ta\u010dka inteligencija\u201c kao nau\u010dnu istra\u017eiva\u010dku disciplinu.<\/p>\n<p>&nbsp;<\/p>\n<p>Dakle, ve\u0161ta\u010dka inteligencija nije nov koncept.<\/p>\n<p>&nbsp;<\/p>\n<p>Ovaj koncept in\u017eenjerskog istra\u017eivanja i stvarala\u0161tva je istra\u017eivao i razvijao se u tom obliku, kako ga je McCarthy opisao, da bi se re\u0161ili problemi \u010dove\u010danstva, i kao takav, sedam decenija je bio prisutan u op\u0161tim motorima koji su razvili brojne industrije, medicinu, sferu komunikacija itd.<\/p>\n<p>&nbsp;<\/p>\n<p><span style=\"color: #000000;\"><strong>Novinarstvo i tehnolo\u0161ka evolucija<\/strong><\/span><\/p>\n<p>&nbsp;<\/p>\n<p>Novinarstvo nije stati\u010dna profesija. To je profesija koju je istorijski oblikovala tehnolo\u0161ka evolucija. I ovo je definicija koju svaki student prve godine novinarstva mo\u017ee da citira. Funkcija novinarstva, od informisanja do nadzora, obezbe\u0111ivanja transparentnosti kroz ta\u010dne informacije, odgovornosti i javne svesti o pitanjima od javnog interesa, ne verujem da treba mnogo obja\u0161njavati. Ova uloga se lako mo\u017ee pratiti do najranijih oblika javne komunikacije, kao \u0161to je demokratija anti\u010dke Gr\u010dke, gde su javna debata i informisanje bili klju\u010dni za javni i politi\u010dki \u017eivot. Me\u0111utim, novinarstvo je po\u010delo da se oblikuje tek nakon pronalaska \u0161tamparske ma\u0161ine, koja je omoguc\u0301ila masovnu proizvodnju informacija u pisanom obliku. Politi\u010dki uticaj ove inovacije tog vremena razumemo posebno tokom Francuske revolucije.<\/p>\n<p>Politi\u010dki esej Emmanuel Joseph Siey\u00e8s-a \u201c\u0160ta je trec\u0301i stale\u017e\u201c (1789) \u0161tampan je i distribuiran u pribli\u017eno 80.000 primeraka izme\u0111u 1788. i 1792. godine. Sredinom 1990-ih, poznatih i kao zlatno doba novinarstva, internet je omoguc\u0301io takozvanu demokratizaciju informacija. To je zna\u010dilo univerzalni pristup informacijama, trenutnu globalnu distribuciju informacija i interaktivne vesti.<\/p>\n<p>&nbsp;<\/p>\n<p>Dakle, kao \u0161to nam istorija govori, novinarstvo i tehnologija su uvek koegzistirali i nastavic\u0301e da koegzistiraju.<\/p>\n<p>&nbsp;<\/p>\n<p>Pitanje je onda sledec\u0301e: da li je ve\u0161ta\u010dka inteligencija kao tehnolo\u0161ki proizvod prijatelj ili neprijatelj novinarstva?<\/p>\n<p>&nbsp;<\/p>\n<p>Ako bismo raspravljali iz perspektive optimista, mislim da bi neke aspekte bilo va\u017eno istac\u0301i. Na primer, programi ve\u0161ta\u010dke inteligencije omoguc\u0301avaju novinarima kao potencijalnim korisnicima br\u017ei pristup analizi podataka, \u010dime se smanjuje radno vreme, pristup globalnim informacijama i br\u017ee moguc\u0301nosti za proveru informacija putem alata za verifikaciju. Pesimisti bi, s druge strane, verovatno tvrdili, s pravom, da AI stvara zavisnost i su\u017eava kapacitete novinara kao potencijalnih korisnika da analiziraju i razumeju odre\u0111ene podatke. AI tako\u0111e omoguc\u0301ava proizvodnju i distribuciju la\u017enih ili delimi\u010dno la\u017enih vesti, ili \u010dak stvaranje halucinacija o istini, i, mo\u017eda najva\u017enije, ve\u0161ta\u010dkoj inteligenciji nedostaje ljudski sud i etika u izve\u0161tavanju.<\/p>\n<p>&nbsp;<\/p>\n<p>Iz perspektive nekoga ko nije ni potpuni optimista niti pesimista, postavila bih ovo pitanje: po\u0161to su svi gore pomenuti aspekti, i negativni i pozitivni, postojali u novinarstvu i ranije, za\u0161to se tek sada toliko brinemo o uticaju Ve\u0161ta\u010dke Inteligencije na medije?<\/p>\n<p>&nbsp;<\/p>\n<p>Mislim da je odgovor na ovo lako razumljiv: rizik za poslove novinara.<\/p>\n<p>&nbsp;<\/p>\n<p>Pandemija izazvana virusom Covid-19 globalno je ubrzala, prema re\u010dima stru\u010dnjaka, za pet godina novu evoluciju AI i njeno uklju\u010divanje u na\u0161 svakodnevni \u017eivot. A AI danas, za razliku od pre nekoliko decenija, uvodi i moguc\u0301nost generisanja sadr\u017eaja. Posao koji je oduvek bio ekskluzivan za medijske radnike: novinare, fotografe, snimatelje, dizajnere itd.<\/p>\n<p>&nbsp;<\/p>\n<p>Medijske organizacije su vec\u0301 integrisale AI u svoje tokove rada. Na primer, Associated Press je pokrenuo upotrebu AI za izradu rutinskih izve\u0161taja, izve\u0161taja o finansijskim prihodima i sportskih rezimea, za prevo\u0111enje informacija i za pru\u017eanje alata za verifikaciju informacija i sadr\u017eaja. Sve to uz povec\u0301anje proizvodnje i smanjenje tro\u0161kova. U \u010dlanku \u201d Cut the crap: a critical response to ChatGPT is bullshit\u201d (2025), autori David Gunkel i Simon\u00a0Coghlan, obojica istra\u017eiva\u010di u oblasti tehnolo\u0161ke etike, tvrde da je opis ChatGPT-a kao \u201dbullshit \u201c (iz engleskog mo\u017ee se adaptirati kao \u201dgluposti\u201c) neta\u010dan i previ\u0161e pojednostavljen. Autori nagla\u0161avaju da se ChatGPT, kao program koji komunicira putem jezika, odnosno teksta, ne mo\u017ee smatrati moralnim ili epistemolo\u0161kim agentom (za razliku od novinara) jer, prema njima, program nema ciljeve, uverenja ili osetljivost na istinu i stoga ne mo\u017ee da \u201dla\u017ee\u201c. Umesto toga, autori tvrde da c\u0301e glavni problem biti u na\u010dinu na koji ga ljudi koriste.<\/p>\n<p>&nbsp;<\/p>\n<p>I ovaj argument nas vodi upravo do mog stava, ni optimisti\u010dnog ni pesimisti\u010dnog, vec\u0301 rekla bih realisti\u010dnijeg.<\/p>\n<p>&nbsp;<\/p>\n<p>Novinarstvo i ve\u0161ta\u010dka inteligencija c\u0301e nastaviti da koegzistiraju. Ve\u0161ta\u010dku Inteligenciju ne treba smatrati vi\u0161e od onoga \u0161to jeste &#8211; pomoc\u0301nim alatom koji mo\u017ee da podr\u017ei efikasnost i brzinu rada, ali ne i da zameni novinare kao bic\u0301a sposobna za rasu\u0111ivanje.<\/p>\n<p>&nbsp;<\/p>\n<p>Samo pravedna procena informacija i visoka profesionalna etika izve\u0161tavanja moc\u0301i c\u0301e da sa\u010duvaju poverenje, uticaj i dugove\u010dnost novinarstva u dru\u0161tvima kojima danas dominiraju brze informacije. Stoga, umesto ulaganja u preterani optimizam i pesimizam, diskusija bi trebalo da se usmeri na hitne korake za ja\u010danje novinara i medija u suo\u010davanju sa izazovima koje im vreme predstavlja.<\/p>\n<p>To zna\u010di ulaganje u istra\u017eivanja koja nam daju jasnu sliku o tome kako se profesija i njen uticaj kroz Ve\u0161ta\u010dku Inteligenciju menjaju, kao i ulaganje u o\u010duvanje medijskih radnika i njihovih vitalnih uloga u pravednom i eti\u010dkom prosu\u0111ivanju multimedijalnih informacija distribuiranih putem medija, kroz stalno obrazovanje u razumevanju i kori\u0161c\u0301enju AI novih alata, ulaganje u alate za verifikaciju i obrazovanje za njihovu upotrebu. A pored toga, edukaciju publike uklju\u010divanjem medijskog i tehnolo\u0161kog obrazovanja u javno obrazovanje.<\/p>\n<p>&nbsp;<\/p>\n<p>Ovi prioriteti ne bi trebalo da budu samo prioriteti medijskih organizacija i njihovih \u010dlanova, vec\u0301 svakog dru\u0161tva koje ima viziju socijalne pravde i demokratije. Politika je vec\u0301 apsorbovala vi\u0161e nego \u0161to bi trebalo iz novih moguc\u0301nosti kontrole, manipulacije i prisvajanja javne sfere i informacija. Stoga, na\u0161a energija mora hitno biti usmerena ka odgovoru na ovo.<\/p>\n<p><img loading=\"lazy\" decoding=\"async\" class=\"alignnone size-medium wp-image-18440\" src=\"http:\/\/presscouncil-ks.org\/wp-content\/uploads\/2025\/09\/llogo-eu-300x63.jpeg\" alt=\"\" width=\"300\" height=\"63\" srcset=\"http:\/\/presscouncil-ks.org\/wp-content\/uploads\/2025\/09\/llogo-eu-300x63.jpeg 300w, http:\/\/presscouncil-ks.org\/wp-content\/uploads\/2025\/09\/llogo-eu-1024x215.jpeg 1024w, http:\/\/presscouncil-ks.org\/wp-content\/uploads\/2025\/09\/llogo-eu-768x161.jpeg 768w, http:\/\/presscouncil-ks.org\/wp-content\/uploads\/2025\/09\/llogo-eu.jpeg 1100w\" sizes=\"auto, (max-width: 300px) 100vw, 300px\" \/><\/p>\n<p><em>(Autorka je novinarka, sociolog i specijalista za medije i odnose s javno\u0161c\u0301u. Bila je u\u010desnica Regionalne Akademije za Buduc\u0301e Lidere, aktivnosti projekta \u201dNa\u0161i mediji\u201c. Regionalni program \u201dNa\u0161i mediji: Inicijativa civilnog dru\u0161tva za razvoj medijske pismenosti i aktivizma, borbu protiv polarizacije i promoviranje dijaloga\u201c implementiraju partnerske organizacije <a href=\"https:\/\/seenpm.org\/\">\u00a0<span style=\"color: #0000ff;\">SEENPM<\/span><\/a><span style=\"color: #0000ff;\">,\u00a0<a style=\"color: #0000ff;\" href=\"https:\/\/institutemedia.org\/\">Albanian Media Institute<\/a>,\u00a0<a style=\"color: #0000ff;\" href=\"https:\/\/www.media.ba\/bs\">Mediacentar Sarajevo<\/a>,\u00a0<a style=\"color: #0000ff;\" href=\"https:\/\/presscouncil-ks.org\/?lang=en\">Vije\u0107e za \u0161tampu Kosova<\/a>,\u00a0<a style=\"color: #0000ff;\" href=\"https:\/\/www.mminstitute.org\/en\/\">Institut za medije Crne Gore<\/a>,\u00a0<a style=\"color: #0000ff;\" href=\"https:\/\/mim.org.mk\/en\/\">Makedonski institut za medije<\/a>,\u00a0<a style=\"color: #0000ff;\" href=\"https:\/\/novinarska-skola.org.rs\/\">Novosadska novinarska \u0161kola<\/a>,\u00a0<a style=\"color: #0000ff;\" href=\"https:\/\/www.mirovni-institut.si\/en\/\">Mirovni institut<\/a>\u00a0i\u00a0<a style=\"color: #0000ff;\" href=\"https:\/\/bianet.org\/english\">Bianet <\/a><\/span>uz finansijsku podr\u0161ku Evropske Unije. Ovaj \u010dlanak je produciran uz finansijsku podr\u0161ku Evropske Unije. Sadr\u017eaj je isklju\u010divo odgovornost Savet \u0160tampe Kosova i ne odra\u017eava nu\u017eno stavove Evropske Unije).<\/em><em>\u00a0<\/em><\/p>\n","protected":false},"excerpt":{"rendered":"<p>Novinarstvo i Ve\u0161ta\u010dka Inteligencija c\u0301e nastaviti da koegzistiraju. Ve\u0161ta\u010dku Inteligenciju ne treba smatrati vi\u0161e od onoga \u0161to jeste &#8211; pomoc\u0301nim alatom koji mo\u017ee da podr\u017ei efikasnost i brzinu rada, ali ne i da zameni novinare kao bic\u0301a sposobna za rasu\u0111ivanje. &nbsp; Autorka: Leonora Aliu &nbsp; Da budem iskrena, ovaj \u010dlanak nije ne\u0161to \u0161to sam lako [&hellip;]<\/p>\n","protected":false},"author":2,"featured_media":18051,"comment_status":"open","ping_status":"open","sticky":false,"template":"","format":"standard","meta":{"footnotes":""},"categories":[135],"tags":[],"class_list":["post-18050","post","type-post","status-publish","format-standard","has-post-thumbnail","hentry","category-vesti"],"acf":[],"yoast_head":"<!-- This site is optimized with the Yoast SEO plugin v28.3 - https:\/\/yoast.com\/product\/yoast-seo-wordpress\/ -->\n<title>Ve\u0161ta\u010dka Inteligencija u novinarstvu, prijatelj ili neprijatelj? \/ \u010clanak Leonore Aliju - K\u00ebshilli i Mediave t\u00eb Shkruara t\u00eb Kosov\u00ebs | P\u00ebr nj\u00eb gazetari etike dhe profesionale<\/title>\n<meta name=\"robots\" content=\"index, follow, max-snippet:-1, max-image-preview:large, max-video-preview:-1\" \/>\n<link rel=\"canonical\" href=\"http:\/\/presscouncil-ks.org\/?p=18050&lang=sr\" \/>\n<meta property=\"og:locale\" content=\"en_US\" \/>\n<meta property=\"og:type\" content=\"article\" \/>\n<meta property=\"og:title\" content=\"Ve\u0161ta\u010dka Inteligencija u novinarstvu, prijatelj ili neprijatelj? \/ \u010clanak Leonore Aliju - K\u00ebshilli i Mediave t\u00eb Shkruara t\u00eb Kosov\u00ebs | P\u00ebr nj\u00eb gazetari etike dhe profesionale\" \/>\n<meta property=\"og:description\" content=\"Novinarstvo i Ve\u0161ta\u010dka Inteligencija c\u0301e nastaviti da koegzistiraju. Ve\u0161ta\u010dku Inteligenciju ne treba smatrati vi\u0161e od onoga \u0161to jeste &#8211; pomoc\u0301nim alatom koji mo\u017ee da podr\u017ei efikasnost i brzinu rada, ali ne i da zameni novinare kao bic\u0301a sposobna za rasu\u0111ivanje. &nbsp; Autorka: Leonora Aliu &nbsp; Da budem iskrena, ovaj \u010dlanak nije ne\u0161to \u0161to sam lako [&hellip;]\" \/>\n<meta property=\"og:url\" content=\"http:\/\/presscouncil-ks.org\/?p=18050&amp;lang=sr\" \/>\n<meta property=\"og:site_name\" content=\"K\u00ebshilli i Mediave t\u00eb Shkruara t\u00eb Kosov\u00ebs | P\u00ebr nj\u00eb gazetari etike dhe profesionale\" \/>\n<meta property=\"article:publisher\" content=\"https:\/\/www.facebook.com\/KMSHKosove\" \/>\n<meta property=\"article:published_time\" content=\"2026-03-31T16:16:35+00:00\" \/>\n<meta property=\"article:modified_time\" content=\"2026-06-25T12:14:00+00:00\" \/>\n<meta property=\"og:image\" content=\"http:\/\/presscouncil-ks.org\/wp-content\/uploads\/2026\/03\/image-ai-generated-article.webp\" \/>\n\t<meta property=\"og:image:width\" content=\"1400\" \/>\n\t<meta property=\"og:image:height\" content=\"800\" \/>\n\t<meta property=\"og:image:type\" content=\"image\/webp\" \/>\n<meta name=\"author\" content=\"Editor\" \/>\n<meta name=\"twitter:card\" content=\"summary_large_image\" \/>\n<meta name=\"twitter:label1\" content=\"Written by\" \/>\n\t<meta name=\"twitter:data1\" content=\"Editor\" \/>\n\t<meta name=\"twitter:label2\" content=\"Est. reading time\" \/>\n\t<meta name=\"twitter:data2\" content=\"6 minutes\" \/>\n<script type=\"application\/ld+json\" class=\"yoast-schema-graph\">{\"@context\":\"https:\\\/\\\/schema.org\",\"@graph\":[{\"@type\":\"Article\",\"@id\":\"http:\\\/\\\/presscouncil-ks.org\\\/?p=18050&lang=sr#article\",\"isPartOf\":{\"@id\":\"http:\\\/\\\/presscouncil-ks.org\\\/?p=18050&lang=sr\"},\"author\":{\"name\":\"Editor\",\"@id\":\"http:\\\/\\\/presscouncil-ks.org\\\/#\\\/schema\\\/person\\\/b79d30c61264caeb733239c16cc4d673\"},\"headline\":\"Ve\u0161ta\u010dka Inteligencija u novinarstvu, prijatelj ili neprijatelj? \\\/ \u010clanak Leonore Aliju\",\"datePublished\":\"2026-03-31T16:16:35+00:00\",\"dateModified\":\"2026-06-25T12:14:00+00:00\",\"mainEntityOfPage\":{\"@id\":\"http:\\\/\\\/presscouncil-ks.org\\\/?p=18050&lang=sr\"},\"wordCount\":1407,\"commentCount\":0,\"publisher\":{\"@id\":\"http:\\\/\\\/presscouncil-ks.org\\\/#organization\"},\"image\":{\"@id\":\"http:\\\/\\\/presscouncil-ks.org\\\/?p=18050&lang=sr#primaryimage\"},\"thumbnailUrl\":\"http:\\\/\\\/presscouncil-ks.org\\\/wp-content\\\/uploads\\\/2026\\\/03\\\/image-ai-generated-article.webp\",\"articleSection\":[\"Vesti\"],\"inLanguage\":\"en-US\",\"potentialAction\":[{\"@type\":\"CommentAction\",\"name\":\"Comment\",\"target\":[\"http:\\\/\\\/presscouncil-ks.org\\\/?p=18050&lang=sr#respond\"]}]},{\"@type\":\"WebPage\",\"@id\":\"http:\\\/\\\/presscouncil-ks.org\\\/?p=18050&lang=sr\",\"url\":\"http:\\\/\\\/presscouncil-ks.org\\\/?p=18050&lang=sr\",\"name\":\"Ve\u0161ta\u010dka Inteligencija u novinarstvu, prijatelj ili neprijatelj? \\\/ \u010clanak Leonore Aliju - K\u00ebshilli i Mediave t\u00eb Shkruara t\u00eb Kosov\u00ebs | P\u00ebr nj\u00eb gazetari etike dhe profesionale\",\"isPartOf\":{\"@id\":\"http:\\\/\\\/presscouncil-ks.org\\\/#website\"},\"primaryImageOfPage\":{\"@id\":\"http:\\\/\\\/presscouncil-ks.org\\\/?p=18050&lang=sr#primaryimage\"},\"image\":{\"@id\":\"http:\\\/\\\/presscouncil-ks.org\\\/?p=18050&lang=sr#primaryimage\"},\"thumbnailUrl\":\"http:\\\/\\\/presscouncil-ks.org\\\/wp-content\\\/uploads\\\/2026\\\/03\\\/image-ai-generated-article.webp\",\"datePublished\":\"2026-03-31T16:16:35+00:00\",\"dateModified\":\"2026-06-25T12:14:00+00:00\",\"breadcrumb\":{\"@id\":\"http:\\\/\\\/presscouncil-ks.org\\\/?p=18050&lang=sr#breadcrumb\"},\"inLanguage\":\"en-US\",\"potentialAction\":[{\"@type\":\"ReadAction\",\"target\":[\"http:\\\/\\\/presscouncil-ks.org\\\/?p=18050&lang=sr\"]}]},{\"@type\":\"ImageObject\",\"inLanguage\":\"en-US\",\"@id\":\"http:\\\/\\\/presscouncil-ks.org\\\/?p=18050&lang=sr#primaryimage\",\"url\":\"http:\\\/\\\/presscouncil-ks.org\\\/wp-content\\\/uploads\\\/2026\\\/03\\\/image-ai-generated-article.webp\",\"contentUrl\":\"http:\\\/\\\/presscouncil-ks.org\\\/wp-content\\\/uploads\\\/2026\\\/03\\\/image-ai-generated-article.webp\",\"width\":1400,\"height\":800},{\"@type\":\"BreadcrumbList\",\"@id\":\"http:\\\/\\\/presscouncil-ks.org\\\/?p=18050&lang=sr#breadcrumb\",\"itemListElement\":[{\"@type\":\"ListItem\",\"position\":1,\"name\":\"Home\",\"item\":\"https:\\\/\\\/presscouncil-ks.org\\\/\"},{\"@type\":\"ListItem\",\"position\":2,\"name\":\"Ve\u0161ta\u010dka Inteligencija u novinarstvu, prijatelj ili neprijatelj? \\\/ \u010clanak Leonore Aliju\"}]},{\"@type\":\"WebSite\",\"@id\":\"http:\\\/\\\/presscouncil-ks.org\\\/#website\",\"url\":\"http:\\\/\\\/presscouncil-ks.org\\\/\",\"name\":\"https:\\\/\\\/presscouncil-ks.org\\\/\",\"description\":\"\",\"publisher\":{\"@id\":\"http:\\\/\\\/presscouncil-ks.org\\\/#organization\"},\"potentialAction\":[{\"@type\":\"SearchAction\",\"target\":{\"@type\":\"EntryPoint\",\"urlTemplate\":\"http:\\\/\\\/presscouncil-ks.org\\\/?s={search_term_string}\"},\"query-input\":{\"@type\":\"PropertyValueSpecification\",\"valueRequired\":true,\"valueName\":\"search_term_string\"}}],\"inLanguage\":\"en-US\"},{\"@type\":\"Organization\",\"@id\":\"http:\\\/\\\/presscouncil-ks.org\\\/#organization\",\"name\":\"K\u00ebshilli i Mediave t\u00eb Shkruara t\u00eb Kosov\u00ebs\",\"url\":\"http:\\\/\\\/presscouncil-ks.org\\\/\",\"logo\":{\"@type\":\"ImageObject\",\"inLanguage\":\"en-US\",\"@id\":\"http:\\\/\\\/presscouncil-ks.org\\\/#\\\/schema\\\/logo\\\/image\\\/\",\"url\":\"http:\\\/\\\/presscouncil-ks.org\\\/wp-content\\\/uploads\\\/2023\\\/06\\\/cropped-logo.png\",\"contentUrl\":\"http:\\\/\\\/presscouncil-ks.org\\\/wp-content\\\/uploads\\\/2023\\\/06\\\/cropped-logo.png\",\"width\":268,\"height\":166,\"caption\":\"K\u00ebshilli i Mediave t\u00eb Shkruara t\u00eb Kosov\u00ebs\"},\"image\":{\"@id\":\"http:\\\/\\\/presscouncil-ks.org\\\/#\\\/schema\\\/logo\\\/image\\\/\"},\"sameAs\":[\"https:\\\/\\\/www.facebook.com\\\/KMSHKosove\"]},{\"@type\":\"Person\",\"@id\":\"http:\\\/\\\/presscouncil-ks.org\\\/#\\\/schema\\\/person\\\/b79d30c61264caeb733239c16cc4d673\",\"name\":\"Editor\",\"image\":{\"@type\":\"ImageObject\",\"inLanguage\":\"en-US\",\"@id\":\"https:\\\/\\\/secure.gravatar.com\\\/avatar\\\/9534865f39e7b3527010ee17196a76d054b16d731a6a5bfe2f92a071c6e9bf4e?s=96&d=mm&r=g\",\"url\":\"https:\\\/\\\/secure.gravatar.com\\\/avatar\\\/9534865f39e7b3527010ee17196a76d054b16d731a6a5bfe2f92a071c6e9bf4e?s=96&d=mm&r=g\",\"contentUrl\":\"https:\\\/\\\/secure.gravatar.com\\\/avatar\\\/9534865f39e7b3527010ee17196a76d054b16d731a6a5bfe2f92a071c6e9bf4e?s=96&d=mm&r=g\",\"caption\":\"Editor\"},\"url\":\"http:\\\/\\\/presscouncil-ks.org\\\/?author=2\"}]}<\/script>\n<!-- \/ Yoast SEO plugin. -->","yoast_head_json":{"title":"Ve\u0161ta\u010dka Inteligencija u novinarstvu, prijatelj ili neprijatelj? \/ \u010clanak Leonore Aliju - K\u00ebshilli i Mediave t\u00eb Shkruara t\u00eb Kosov\u00ebs | P\u00ebr nj\u00eb gazetari etike dhe profesionale","robots":{"index":"index","follow":"follow","max-snippet":"max-snippet:-1","max-image-preview":"max-image-preview:large","max-video-preview":"max-video-preview:-1"},"canonical":"http:\/\/presscouncil-ks.org\/?p=18050&lang=sr","og_locale":"en_US","og_type":"article","og_title":"Ve\u0161ta\u010dka Inteligencija u novinarstvu, prijatelj ili neprijatelj? \/ \u010clanak Leonore Aliju - K\u00ebshilli i Mediave t\u00eb Shkruara t\u00eb Kosov\u00ebs | P\u00ebr nj\u00eb gazetari etike dhe profesionale","og_description":"Novinarstvo i Ve\u0161ta\u010dka Inteligencija c\u0301e nastaviti da koegzistiraju. Ve\u0161ta\u010dku Inteligenciju ne treba smatrati vi\u0161e od onoga \u0161to jeste &#8211; pomoc\u0301nim alatom koji mo\u017ee da podr\u017ei efikasnost i brzinu rada, ali ne i da zameni novinare kao bic\u0301a sposobna za rasu\u0111ivanje. &nbsp; Autorka: Leonora Aliu &nbsp; Da budem iskrena, ovaj \u010dlanak nije ne\u0161to \u0161to sam lako [&hellip;]","og_url":"http:\/\/presscouncil-ks.org\/?p=18050&lang=sr","og_site_name":"K\u00ebshilli i Mediave t\u00eb Shkruara t\u00eb Kosov\u00ebs | P\u00ebr nj\u00eb gazetari etike dhe profesionale","article_publisher":"https:\/\/www.facebook.com\/KMSHKosove","article_published_time":"2026-03-31T16:16:35+00:00","article_modified_time":"2026-06-25T12:14:00+00:00","og_image":[{"width":1400,"height":800,"url":"http:\/\/presscouncil-ks.org\/wp-content\/uploads\/2026\/03\/image-ai-generated-article.webp","type":"image\/webp"}],"author":"Editor","twitter_card":"summary_large_image","twitter_misc":{"Written by":"Editor","Est. reading time":"6 minutes"},"schema":{"@context":"https:\/\/schema.org","@graph":[{"@type":"Article","@id":"http:\/\/presscouncil-ks.org\/?p=18050&lang=sr#article","isPartOf":{"@id":"http:\/\/presscouncil-ks.org\/?p=18050&lang=sr"},"author":{"name":"Editor","@id":"http:\/\/presscouncil-ks.org\/#\/schema\/person\/b79d30c61264caeb733239c16cc4d673"},"headline":"Ve\u0161ta\u010dka Inteligencija u novinarstvu, prijatelj ili neprijatelj? \/ \u010clanak Leonore Aliju","datePublished":"2026-03-31T16:16:35+00:00","dateModified":"2026-06-25T12:14:00+00:00","mainEntityOfPage":{"@id":"http:\/\/presscouncil-ks.org\/?p=18050&lang=sr"},"wordCount":1407,"commentCount":0,"publisher":{"@id":"http:\/\/presscouncil-ks.org\/#organization"},"image":{"@id":"http:\/\/presscouncil-ks.org\/?p=18050&lang=sr#primaryimage"},"thumbnailUrl":"http:\/\/presscouncil-ks.org\/wp-content\/uploads\/2026\/03\/image-ai-generated-article.webp","articleSection":["Vesti"],"inLanguage":"en-US","potentialAction":[{"@type":"CommentAction","name":"Comment","target":["http:\/\/presscouncil-ks.org\/?p=18050&lang=sr#respond"]}]},{"@type":"WebPage","@id":"http:\/\/presscouncil-ks.org\/?p=18050&lang=sr","url":"http:\/\/presscouncil-ks.org\/?p=18050&lang=sr","name":"Ve\u0161ta\u010dka Inteligencija u novinarstvu, prijatelj ili neprijatelj? \/ \u010clanak Leonore Aliju - K\u00ebshilli i Mediave t\u00eb Shkruara t\u00eb Kosov\u00ebs | P\u00ebr nj\u00eb gazetari etike dhe profesionale","isPartOf":{"@id":"http:\/\/presscouncil-ks.org\/#website"},"primaryImageOfPage":{"@id":"http:\/\/presscouncil-ks.org\/?p=18050&lang=sr#primaryimage"},"image":{"@id":"http:\/\/presscouncil-ks.org\/?p=18050&lang=sr#primaryimage"},"thumbnailUrl":"http:\/\/presscouncil-ks.org\/wp-content\/uploads\/2026\/03\/image-ai-generated-article.webp","datePublished":"2026-03-31T16:16:35+00:00","dateModified":"2026-06-25T12:14:00+00:00","breadcrumb":{"@id":"http:\/\/presscouncil-ks.org\/?p=18050&lang=sr#breadcrumb"},"inLanguage":"en-US","potentialAction":[{"@type":"ReadAction","target":["http:\/\/presscouncil-ks.org\/?p=18050&lang=sr"]}]},{"@type":"ImageObject","inLanguage":"en-US","@id":"http:\/\/presscouncil-ks.org\/?p=18050&lang=sr#primaryimage","url":"http:\/\/presscouncil-ks.org\/wp-content\/uploads\/2026\/03\/image-ai-generated-article.webp","contentUrl":"http:\/\/presscouncil-ks.org\/wp-content\/uploads\/2026\/03\/image-ai-generated-article.webp","width":1400,"height":800},{"@type":"BreadcrumbList","@id":"http:\/\/presscouncil-ks.org\/?p=18050&lang=sr#breadcrumb","itemListElement":[{"@type":"ListItem","position":1,"name":"Home","item":"https:\/\/presscouncil-ks.org\/"},{"@type":"ListItem","position":2,"name":"Ve\u0161ta\u010dka Inteligencija u novinarstvu, prijatelj ili neprijatelj? \/ \u010clanak Leonore Aliju"}]},{"@type":"WebSite","@id":"http:\/\/presscouncil-ks.org\/#website","url":"http:\/\/presscouncil-ks.org\/","name":"https:\/\/presscouncil-ks.org\/","description":"","publisher":{"@id":"http:\/\/presscouncil-ks.org\/#organization"},"potentialAction":[{"@type":"SearchAction","target":{"@type":"EntryPoint","urlTemplate":"http:\/\/presscouncil-ks.org\/?s={search_term_string}"},"query-input":{"@type":"PropertyValueSpecification","valueRequired":true,"valueName":"search_term_string"}}],"inLanguage":"en-US"},{"@type":"Organization","@id":"http:\/\/presscouncil-ks.org\/#organization","name":"K\u00ebshilli i Mediave t\u00eb Shkruara t\u00eb Kosov\u00ebs","url":"http:\/\/presscouncil-ks.org\/","logo":{"@type":"ImageObject","inLanguage":"en-US","@id":"http:\/\/presscouncil-ks.org\/#\/schema\/logo\/image\/","url":"http:\/\/presscouncil-ks.org\/wp-content\/uploads\/2023\/06\/cropped-logo.png","contentUrl":"http:\/\/presscouncil-ks.org\/wp-content\/uploads\/2023\/06\/cropped-logo.png","width":268,"height":166,"caption":"K\u00ebshilli i Mediave t\u00eb Shkruara t\u00eb Kosov\u00ebs"},"image":{"@id":"http:\/\/presscouncil-ks.org\/#\/schema\/logo\/image\/"},"sameAs":["https:\/\/www.facebook.com\/KMSHKosove"]},{"@type":"Person","@id":"http:\/\/presscouncil-ks.org\/#\/schema\/person\/b79d30c61264caeb733239c16cc4d673","name":"Editor","image":{"@type":"ImageObject","inLanguage":"en-US","@id":"https:\/\/secure.gravatar.com\/avatar\/9534865f39e7b3527010ee17196a76d054b16d731a6a5bfe2f92a071c6e9bf4e?s=96&d=mm&r=g","url":"https:\/\/secure.gravatar.com\/avatar\/9534865f39e7b3527010ee17196a76d054b16d731a6a5bfe2f92a071c6e9bf4e?s=96&d=mm&r=g","contentUrl":"https:\/\/secure.gravatar.com\/avatar\/9534865f39e7b3527010ee17196a76d054b16d731a6a5bfe2f92a071c6e9bf4e?s=96&d=mm&r=g","caption":"Editor"},"url":"http:\/\/presscouncil-ks.org\/?author=2"}]}},"_links":{"self":[{"href":"http:\/\/presscouncil-ks.org\/index.php?rest_route=\/wp\/v2\/posts\/18050","targetHints":{"allow":["GET"]}}],"collection":[{"href":"http:\/\/presscouncil-ks.org\/index.php?rest_route=\/wp\/v2\/posts"}],"about":[{"href":"http:\/\/presscouncil-ks.org\/index.php?rest_route=\/wp\/v2\/types\/post"}],"author":[{"embeddable":true,"href":"http:\/\/presscouncil-ks.org\/index.php?rest_route=\/wp\/v2\/users\/2"}],"replies":[{"embeddable":true,"href":"http:\/\/presscouncil-ks.org\/index.php?rest_route=%2Fwp%2Fv2%2Fcomments&post=18050"}],"version-history":[{"count":4,"href":"http:\/\/presscouncil-ks.org\/index.php?rest_route=\/wp\/v2\/posts\/18050\/revisions"}],"predecessor-version":[{"id":18456,"href":"http:\/\/presscouncil-ks.org\/index.php?rest_route=\/wp\/v2\/posts\/18050\/revisions\/18456"}],"wp:featuredmedia":[{"embeddable":true,"href":"http:\/\/presscouncil-ks.org\/index.php?rest_route=\/wp\/v2\/media\/18051"}],"wp:attachment":[{"href":"http:\/\/presscouncil-ks.org\/index.php?rest_route=%2Fwp%2Fv2%2Fmedia&parent=18050"}],"wp:term":[{"taxonomy":"category","embeddable":true,"href":"http:\/\/presscouncil-ks.org\/index.php?rest_route=%2Fwp%2Fv2%2Fcategories&post=18050"},{"taxonomy":"post_tag","embeddable":true,"href":"http:\/\/presscouncil-ks.org\/index.php?rest_route=%2Fwp%2Fv2%2Ftags&post=18050"}],"curies":[{"name":"wp","href":"https:\/\/api.w.org\/{rel}","templated":true}]}}