{"id":18037,"date":"2026-03-30T13:41:20","date_gmt":"2026-03-30T13:41:20","guid":{"rendered":"https:\/\/presscouncil-ks.org\/?p=18037"},"modified":"2026-03-30T13:41:20","modified_gmt":"2026-03-30T13:41:20","slug":"kuvendi-i-kmshk-se-mori-vendim-per-8-ankesa","status":"publish","type":"post","link":"http:\/\/presscouncil-ks.org\/?p=18037","title":{"rendered":"Kuvendi i KMShK-s\u00eb mori vendim p\u00ebr 8 ankesa"},"content":{"rendered":"<div class=\"x14z9mp xat24cr x1lziwak x1vvkbs xtlvy1s x126k92a\">\n<div dir=\"auto\">K\u00ebshilli i Mediave t\u00eb Shkruara t\u00eb Kosov\u00ebs (KMShK) n\u00eb mbledhjen e rregullt ka shqyrtuar gjithsej 8 ankesa. An\u00ebtar\u00ebt e Kuvendit t\u00eb KMShK-s\u00eb kan\u00eb vendosur q\u00eb t\u00eb miratohen kat\u00ebr nga to, tri t\u00eb refuzohen dhe nj\u00eb ankes\u00eb t\u00eb shpallet e patrajtueshme.<\/div>\n<\/div>\n<div class=\"x14z9mp xat24cr x1lziwak x1vvkbs xtlvy1s x126k92a\">\n<div dir=\"auto\">Ankesat kishin t\u00eb b\u00ebnin me pretendimet p\u00ebr shkeljen e kapitujve t\u00eb caktuar t\u00eb Kodit t\u00eb Mediave t\u00eb Shkruara t\u00eb Kosov\u00ebs, p\u00ebrkat\u00ebsisht Kapitullit II &#8211; Raportimi i s\u00eb v\u00ebrtet\u00ebs, Kapitullit IV &#8211; E drejta p\u00ebr t\u2019u p\u00ebrgjigjur, Kapitullit V &#8211; Personat e p\u00ebrfshir\u00eb n\u00eb incidente, aksidente, t\u00eb arrestuar apo t\u00eb akuzuar p\u00ebr vepra penale dhe Kapitullit VII &#8211; Privat\u00ebsia dhe mbrojtja e burimeve.<\/div>\n<\/div>\n<div class=\"x14z9mp xat24cr x1lziwak x1vvkbs xtlvy1s x126k92a\">\n<div dir=\"auto\">KMShK ka miratuar ankes\u00ebn e Youth Initiative for Human Rights in Kosovo (YIHR KS) kund\u00ebr <span style=\"color: #0000ff;\"><a style=\"color: #0000ff;\" href=\"https:\/\/voxkosova.com\/\">VOX Kosova<\/a> <\/span>p\u00ebr videon me titull \u201cAudioincizim ekskluziv: Zyrtar\u00ebt e Speciales iu ligj\u00ebruan nx\u00ebn\u00ebsve se U\u00c7K dyshohet se ka kryer krime\u201d, duke konstatuar se \u00ebsht\u00eb shkelur Kapitulli II i Kodit t\u00eb Mediave t\u00eb Shkruara t\u00eb Kosov\u00ebs, i cili ka t\u00eb b\u00ebj\u00eb me raportimin e s\u00eb v\u00ebrtet\u00ebs.<\/div>\n<\/div>\n<div class=\"x14z9mp xat24cr x1lziwak x1vvkbs xtlvy1s x126k92a\">\n<div dir=\"auto\">KMShK ka miratuar ankes\u00ebn e Agim Vinc\u00ebs kund\u00ebr <span style=\"color: #0000ff;\"><a style=\"color: #0000ff;\" href=\"http:\/\/Botasot.info\">Botasot.info<\/a> <\/span>p\u00ebr mospublikimin e p\u00ebrgjigjes ndaj nj\u00eb shkrimi, duke konstatuar se \u00ebsht\u00eb shkelur Kapitulli IV i Kodit t\u00eb Mediave t\u00eb Shkruara t\u00eb Kosov\u00ebs, i cili ka t\u00eb b\u00ebjn\u00eb me t\u00eb drejt\u00ebn p\u00ebr t\u2019u p\u00ebrgjigjur.<\/div>\n<\/div>\n<div class=\"x14z9mp xat24cr x1lziwak x1vvkbs xtlvy1s x126k92a\">\n<div dir=\"auto\">KMShK ka miratuar ankes\u00ebn e Vjollca Nikollbibaj-Kuzhninit kund\u00ebr <span class=\"html-span xdj266r x14z9mp xat24cr x1lziwak xexx8yu xyri2b x18d9i69 x1c1uobl x1hl2dhg x16tdsg8 x1vvkbs\"><a class=\"x1i10hfl xjbqb8w x1ejq31n x18oe1m7 x1sy0etr xstzfhl x972fbf x10w94by x1qhh985 x14e42zd x9f619 x1ypdohk xt0psk2 x3ct3a4 xdj266r x14z9mp xat24cr x1lziwak xexx8yu xyri2b x18d9i69 x1c1uobl x16tdsg8 x1hl2dhg xggy1nq x1a2a7pz xkrqix3 x1sur9pj x1fey0fg x1s688f\" tabindex=\"0\" role=\"link\" href=\"http:\/\/sinjali.com\" target=\"_blank\" rel=\"nofollow noopener\"><span style=\"color: #0000ff;\">Sinjali.com<\/span><\/a><\/span> p\u00ebr publikimin e nj\u00eb fotolajmi, duke konstatuar se \u00ebsht\u00eb shkelur Kapitulli V i Kodit t\u00eb Mediave t\u00eb Shkruara t\u00eb Kosov\u00ebs, i cili ka t\u00eb b\u00ebjn\u00eb me prezumimin e pafaj\u00ebsis\u00eb,<\/div>\n<\/div>\n<div class=\"x14z9mp xat24cr x1lziwak x1vvkbs xtlvy1s x126k92a\">\n<div dir=\"auto\">KMShK ka miratuar ankes\u00ebn Korporat\u00ebs Energjetike t\u00eb Kosov\u00ebs Sh.A. kund\u00ebr <span class=\"html-span xdj266r x14z9mp xat24cr x1lziwak xexx8yu xyri2b x18d9i69 x1c1uobl x1hl2dhg x16tdsg8 x1vvkbs\" style=\"color: #0000ff;\"><a class=\"x1i10hfl xjbqb8w x1ejq31n x18oe1m7 x1sy0etr xstzfhl x972fbf x10w94by x1qhh985 x14e42zd x9f619 x1ypdohk xt0psk2 x3ct3a4 xdj266r x14z9mp xat24cr x1lziwak xexx8yu xyri2b x18d9i69 x1c1uobl x16tdsg8 x1hl2dhg xggy1nq x1a2a7pz xkrqix3 x1sur9pj x1fey0fg x1s688f\" style=\"color: #0000ff;\" tabindex=\"0\" role=\"link\" href=\"http:\/\/rajoni.org\" target=\"_blank\" rel=\"nofollow noopener\">Rajoni.org<\/a><\/span> p\u00ebr shkrimin me titull \u201cKompania q\u00eb merret me p\u00ebrpunimin e er\u00ebzave dhe salcave fiton tender milion\u00ebsh n\u00eb KEK p\u00ebr furnizim me rule p\u00ebr paisje xehtare\u201d, duke konstatuar se jan\u00eb shkelur kapitujt II dhe IV t\u00eb Kodit t\u00eb Mediave t\u00eb Shkruara t\u00eb Kosov\u00ebs, t\u00eb cil\u00ebt kan\u00eb t\u00eb b\u00ebjn\u00eb me raportimin e s\u00eb v\u00ebrtet\u00ebs, p\u00ebrkat\u00ebsisht t\u00eb drejt\u00ebn p\u00ebr t\u2019u p\u00ebrgjigjur.<\/div>\n<\/div>\n<div class=\"x14z9mp xat24cr x1lziwak x1vvkbs xtlvy1s x126k92a\">\n<div dir=\"auto\">KMShK nuk e ka miratuar (e ka hedhur posht\u00eb) ankes\u00ebn e Gent Zeqirajt kund\u00ebr <span class=\"html-span xdj266r x14z9mp xat24cr x1lziwak xexx8yu xyri2b x18d9i69 x1c1uobl x1hl2dhg x16tdsg8 x1vvkbs\" style=\"color: #0000ff;\"><a class=\"x1i10hfl xjbqb8w x1ejq31n x18oe1m7 x1sy0etr xstzfhl x972fbf x10w94by x1qhh985 x14e42zd x9f619 x1ypdohk xt0psk2 x3ct3a4 xdj266r x14z9mp xat24cr x1lziwak xexx8yu xyri2b x18d9i69 x1c1uobl x16tdsg8 x1hl2dhg xggy1nq x1a2a7pz xkrqix3 x1sur9pj x1fey0fg x1s688f\" style=\"color: #0000ff;\" tabindex=\"0\" role=\"link\" href=\"http:\/\/paparaci.com\" target=\"_blank\" rel=\"nofollow noopener\">Paparaci.com<\/a><\/span> dhe <span class=\"html-span xdj266r x14z9mp xat24cr x1lziwak xexx8yu xyri2b x18d9i69 x1c1uobl x1hl2dhg x16tdsg8 x1vvkbs\" style=\"color: #0000ff;\"><a class=\"x1i10hfl xjbqb8w x1ejq31n x18oe1m7 x1sy0etr xstzfhl x972fbf x10w94by x1qhh985 x14e42zd x9f619 x1ypdohk xt0psk2 x3ct3a4 xdj266r x14z9mp xat24cr x1lziwak xexx8yu xyri2b x18d9i69 x1c1uobl x16tdsg8 x1hl2dhg xggy1nq x1a2a7pz xkrqix3 x1sur9pj x1fey0fg x1s688f\" style=\"color: #0000ff;\" tabindex=\"0\" role=\"link\" href=\"http:\/\/insajderi.org\" target=\"_blank\" rel=\"nofollow noopener\">Insajderi.org<\/a><\/span> p\u00ebr shkrimin me titull \u201cSi ra viktim\u00eb e fajdeve djali i afaristit multimilioner Milazim Zeqiraj\u201d, duke konstatuar se nuk \u00ebsht\u00eb shkelur Kapitulli VII i Kodit t\u00eb Mediave t\u00eb Shkruara t\u00eb Kosov\u00ebs, i cili ka t\u00eb b\u00ebjn\u00eb me mbrojtjen e burimeve dhe privat\u00ebsin\u00eb, ashtu si\u00e7 pretendon pala ankuese.<\/div>\n<\/div>\n<div class=\"x14z9mp xat24cr x1lziwak x1vvkbs xtlvy1s x126k92a\">\n<div dir=\"auto\">KMShK nuk e ka miratuar (e ka hedhur posht\u00eb) ankes\u00ebn e Enver Hasanit kund\u00ebr <span class=\"html-span xdj266r x14z9mp xat24cr x1lziwak xexx8yu xyri2b x18d9i69 x1c1uobl x1hl2dhg x16tdsg8 x1vvkbs\" style=\"color: #0000ff;\"><a class=\"x1i10hfl xjbqb8w x1ejq31n x18oe1m7 x1sy0etr xstzfhl x972fbf x10w94by x1qhh985 x14e42zd x9f619 x1ypdohk xt0psk2 x3ct3a4 xdj266r x14z9mp xat24cr x1lziwak xexx8yu xyri2b x18d9i69 x1c1uobl x16tdsg8 x1hl2dhg xggy1nq x1a2a7pz xkrqix3 x1sur9pj x1fey0fg x1s688f\" style=\"color: #0000ff;\" tabindex=\"0\" role=\"link\" href=\"http:\/\/kallxo.xom\" target=\"_blank\" rel=\"nofollow noopener\">Kallxo.com<\/a> <\/span>p\u00ebr shkrimin me titull \u201cSenati i UP-s\u00eb i miratoi masat disiplinore ndaj Enver Hasanit\u201d, duke konstatuar se nuk jan\u00eb shkelur Kapitulli II i Kodit t\u00eb Mediave t\u00eb Shkruara t\u00eb Kosov\u00ebs, i cili ka t\u00eb b\u00ebj\u00eb me raportimin e s\u00eb v\u00ebrtet\u00ebs, p\u00ebrkat\u00ebsisht Kapitulli IV, i cili ka t\u00eb b\u00ebjn\u00eb me t\u00eb drejt\u00ebn p\u00ebr t\u2019u p\u00ebrgjigjur, ashtu si\u00e7 pretendon pala ankuese.<\/div>\n<\/div>\n<div class=\"x14z9mp xat24cr x1lziwak x1vvkbs xtlvy1s x126k92a\">\n<div dir=\"auto\">KMShK nuk e ka miratuar (e ka hedhur posht\u00eb) ankes\u00ebn e Shqipdon Millakut kund\u00ebr Klankosova.tv p\u00ebr publikimin e nj\u00eb fotografie, duke konstatuar se nuk \u00ebsht\u00eb shkelur Kapitulli VII i Kodit t\u00eb Mediave t\u00eb Shkruara t\u00eb Kosov\u00ebs, i cili ka t\u00eb b\u00ebjn\u00eb me mbrojtjen e burimeve dhe privat\u00ebsin\u00eb, ashtu si\u00e7 pretendon pala ankuese.<\/div>\n<\/div>\n<div class=\"x14z9mp xat24cr x1lziwak x1vvkbs xtlvy1s x126k92a\">\n<div dir=\"auto\">KMShK e ka shpallur t\u00eb patrajtueshme ankes\u00ebn e Zafer Gashit kund\u00ebr T7 Sh.P.K. pasi q\u00eb nuk ka kompetenc\u00eb t\u00eb trajtoj\u00eb p\u00ebrmbajtjet e transmetuara n\u00eb television. Pala ankuese mund t\u2019i drejtohet Komisionit t\u00eb Pavarur t\u00eb Mediave (KPM).<\/div>\n<\/div>\n","protected":false},"excerpt":{"rendered":"<p>K\u00ebshilli i Mediave t\u00eb Shkruara t\u00eb Kosov\u00ebs (KMShK) n\u00eb mbledhjen e rregullt ka shqyrtuar gjithsej 8 ankesa. An\u00ebtar\u00ebt e Kuvendit t\u00eb KMShK-s\u00eb kan\u00eb vendosur q\u00eb t\u00eb miratohen kat\u00ebr nga to, tri t\u00eb refuzohen dhe nj\u00eb ankes\u00eb t\u00eb shpallet e patrajtueshme. Ankesat kishin t\u00eb b\u00ebnin me pretendimet p\u00ebr shkeljen e kapitujve t\u00eb caktuar t\u00eb Kodit t\u00eb [&hellip;]<\/p>\n","protected":false},"author":2,"featured_media":18031,"comment_status":"open","ping_status":"open","sticky":false,"template":"","format":"standard","meta":{"footnotes":""},"categories":[92],"tags":[],"class_list":["post-18037","post","type-post","status-publish","format-standard","has-post-thumbnail","hentry","category-news-sq"],"acf":{"video_title":"","video":false},"yoast_head":"<!-- This site is optimized with the Yoast SEO plugin v28.3 - https:\/\/yoast.com\/product\/yoast-seo-wordpress\/ -->\n<title>Kuvendi i KMShK-s\u00eb mori vendim p\u00ebr 8 ankesa - K\u00ebshilli i Mediave t\u00eb Shkruara t\u00eb Kosov\u00ebs | P\u00ebr nj\u00eb gazetari etike dhe profesionale<\/title>\n<meta name=\"robots\" content=\"index, follow, max-snippet:-1, max-image-preview:large, max-video-preview:-1\" \/>\n<link rel=\"canonical\" href=\"http:\/\/presscouncil-ks.org\/?p=18037\" \/>\n<meta property=\"og:locale\" content=\"en_US\" \/>\n<meta property=\"og:type\" content=\"article\" \/>\n<meta property=\"og:title\" content=\"Kuvendi i KMShK-s\u00eb mori vendim p\u00ebr 8 ankesa - K\u00ebshilli i Mediave t\u00eb Shkruara t\u00eb Kosov\u00ebs | P\u00ebr nj\u00eb gazetari etike dhe profesionale\" \/>\n<meta property=\"og:description\" content=\"K\u00ebshilli i Mediave t\u00eb Shkruara t\u00eb Kosov\u00ebs (KMShK) n\u00eb mbledhjen e rregullt ka shqyrtuar gjithsej 8 ankesa. An\u00ebtar\u00ebt e Kuvendit t\u00eb KMShK-s\u00eb kan\u00eb vendosur q\u00eb t\u00eb miratohen kat\u00ebr nga to, tri t\u00eb refuzohen dhe nj\u00eb ankes\u00eb t\u00eb shpallet e patrajtueshme. Ankesat kishin t\u00eb b\u00ebnin me pretendimet p\u00ebr shkeljen e kapitujve t\u00eb caktuar t\u00eb Kodit t\u00eb [&hellip;]\" \/>\n<meta property=\"og:url\" content=\"http:\/\/presscouncil-ks.org\/?p=18037\" \/>\n<meta property=\"og:site_name\" content=\"K\u00ebshilli i Mediave t\u00eb Shkruara t\u00eb Kosov\u00ebs | P\u00ebr nj\u00eb gazetari etike dhe profesionale\" \/>\n<meta property=\"article:publisher\" content=\"https:\/\/www.facebook.com\/KMSHKosove\" \/>\n<meta property=\"article:published_time\" content=\"2026-03-30T13:41:20+00:00\" \/>\n<meta property=\"og:image\" content=\"http:\/\/presscouncil-ks.org\/wp-content\/uploads\/2026\/03\/kmshk-mars-b-2026.jpg\" \/>\n\t<meta property=\"og:image:width\" content=\"1600\" \/>\n\t<meta property=\"og:image:height\" content=\"1200\" \/>\n\t<meta property=\"og:image:type\" content=\"image\/jpeg\" \/>\n<meta name=\"author\" content=\"Editor\" \/>\n<meta name=\"twitter:card\" content=\"summary_large_image\" \/>\n<meta name=\"twitter:label1\" content=\"Written by\" \/>\n\t<meta name=\"twitter:data1\" content=\"Editor\" \/>\n\t<meta name=\"twitter:label2\" content=\"Est. reading time\" \/>\n\t<meta name=\"twitter:data2\" content=\"3 minutes\" \/>\n<script type=\"application\/ld+json\" class=\"yoast-schema-graph\">{\"@context\":\"https:\\\/\\\/schema.org\",\"@graph\":[{\"@type\":\"Article\",\"@id\":\"http:\\\/\\\/presscouncil-ks.org\\\/?p=18037#article\",\"isPartOf\":{\"@id\":\"http:\\\/\\\/presscouncil-ks.org\\\/?p=18037\"},\"author\":{\"name\":\"Editor\",\"@id\":\"http:\\\/\\\/presscouncil-ks.org\\\/#\\\/schema\\\/person\\\/b79d30c61264caeb733239c16cc4d673\"},\"headline\":\"Kuvendi i KMShK-s\u00eb mori vendim p\u00ebr 8 ankesa\",\"datePublished\":\"2026-03-30T13:41:20+00:00\",\"mainEntityOfPage\":{\"@id\":\"http:\\\/\\\/presscouncil-ks.org\\\/?p=18037\"},\"wordCount\":653,\"commentCount\":0,\"publisher\":{\"@id\":\"http:\\\/\\\/presscouncil-ks.org\\\/#organization\"},\"image\":{\"@id\":\"http:\\\/\\\/presscouncil-ks.org\\\/?p=18037#primaryimage\"},\"thumbnailUrl\":\"http:\\\/\\\/presscouncil-ks.org\\\/wp-content\\\/uploads\\\/2026\\\/03\\\/kmshk-mars-b-2026.jpg\",\"articleSection\":[\"Lajm\"],\"inLanguage\":\"en-US\",\"potentialAction\":[{\"@type\":\"CommentAction\",\"name\":\"Comment\",\"target\":[\"http:\\\/\\\/presscouncil-ks.org\\\/?p=18037#respond\"]}]},{\"@type\":\"WebPage\",\"@id\":\"http:\\\/\\\/presscouncil-ks.org\\\/?p=18037\",\"url\":\"http:\\\/\\\/presscouncil-ks.org\\\/?p=18037\",\"name\":\"Kuvendi i KMShK-s\u00eb mori vendim p\u00ebr 8 ankesa - K\u00ebshilli i Mediave t\u00eb Shkruara t\u00eb Kosov\u00ebs | P\u00ebr nj\u00eb gazetari etike dhe profesionale\",\"isPartOf\":{\"@id\":\"http:\\\/\\\/presscouncil-ks.org\\\/#website\"},\"primaryImageOfPage\":{\"@id\":\"http:\\\/\\\/presscouncil-ks.org\\\/?p=18037#primaryimage\"},\"image\":{\"@id\":\"http:\\\/\\\/presscouncil-ks.org\\\/?p=18037#primaryimage\"},\"thumbnailUrl\":\"http:\\\/\\\/presscouncil-ks.org\\\/wp-content\\\/uploads\\\/2026\\\/03\\\/kmshk-mars-b-2026.jpg\",\"datePublished\":\"2026-03-30T13:41:20+00:00\",\"breadcrumb\":{\"@id\":\"http:\\\/\\\/presscouncil-ks.org\\\/?p=18037#breadcrumb\"},\"inLanguage\":\"en-US\",\"potentialAction\":[{\"@type\":\"ReadAction\",\"target\":[\"http:\\\/\\\/presscouncil-ks.org\\\/?p=18037\"]}]},{\"@type\":\"ImageObject\",\"inLanguage\":\"en-US\",\"@id\":\"http:\\\/\\\/presscouncil-ks.org\\\/?p=18037#primaryimage\",\"url\":\"http:\\\/\\\/presscouncil-ks.org\\\/wp-content\\\/uploads\\\/2026\\\/03\\\/kmshk-mars-b-2026.jpg\",\"contentUrl\":\"http:\\\/\\\/presscouncil-ks.org\\\/wp-content\\\/uploads\\\/2026\\\/03\\\/kmshk-mars-b-2026.jpg\",\"width\":1600,\"height\":1200},{\"@type\":\"BreadcrumbList\",\"@id\":\"http:\\\/\\\/presscouncil-ks.org\\\/?p=18037#breadcrumb\",\"itemListElement\":[{\"@type\":\"ListItem\",\"position\":1,\"name\":\"Home\",\"item\":\"https:\\\/\\\/presscouncil-ks.org\\\/\"},{\"@type\":\"ListItem\",\"position\":2,\"name\":\"Kuvendi i KMShK-s\u00eb mori vendim p\u00ebr 8 ankesa\"}]},{\"@type\":\"WebSite\",\"@id\":\"http:\\\/\\\/presscouncil-ks.org\\\/#website\",\"url\":\"http:\\\/\\\/presscouncil-ks.org\\\/\",\"name\":\"https:\\\/\\\/presscouncil-ks.org\\\/\",\"description\":\"\",\"publisher\":{\"@id\":\"http:\\\/\\\/presscouncil-ks.org\\\/#organization\"},\"potentialAction\":[{\"@type\":\"SearchAction\",\"target\":{\"@type\":\"EntryPoint\",\"urlTemplate\":\"http:\\\/\\\/presscouncil-ks.org\\\/?s={search_term_string}\"},\"query-input\":{\"@type\":\"PropertyValueSpecification\",\"valueRequired\":true,\"valueName\":\"search_term_string\"}}],\"inLanguage\":\"en-US\"},{\"@type\":\"Organization\",\"@id\":\"http:\\\/\\\/presscouncil-ks.org\\\/#organization\",\"name\":\"K\u00ebshilli i Mediave t\u00eb Shkruara t\u00eb Kosov\u00ebs\",\"url\":\"http:\\\/\\\/presscouncil-ks.org\\\/\",\"logo\":{\"@type\":\"ImageObject\",\"inLanguage\":\"en-US\",\"@id\":\"http:\\\/\\\/presscouncil-ks.org\\\/#\\\/schema\\\/logo\\\/image\\\/\",\"url\":\"http:\\\/\\\/presscouncil-ks.org\\\/wp-content\\\/uploads\\\/2023\\\/06\\\/cropped-logo.png\",\"contentUrl\":\"http:\\\/\\\/presscouncil-ks.org\\\/wp-content\\\/uploads\\\/2023\\\/06\\\/cropped-logo.png\",\"width\":268,\"height\":166,\"caption\":\"K\u00ebshilli i Mediave t\u00eb Shkruara t\u00eb Kosov\u00ebs\"},\"image\":{\"@id\":\"http:\\\/\\\/presscouncil-ks.org\\\/#\\\/schema\\\/logo\\\/image\\\/\"},\"sameAs\":[\"https:\\\/\\\/www.facebook.com\\\/KMSHKosove\"]},{\"@type\":\"Person\",\"@id\":\"http:\\\/\\\/presscouncil-ks.org\\\/#\\\/schema\\\/person\\\/b79d30c61264caeb733239c16cc4d673\",\"name\":\"Editor\",\"image\":{\"@type\":\"ImageObject\",\"inLanguage\":\"en-US\",\"@id\":\"https:\\\/\\\/secure.gravatar.com\\\/avatar\\\/9534865f39e7b3527010ee17196a76d054b16d731a6a5bfe2f92a071c6e9bf4e?s=96&d=mm&r=g\",\"url\":\"https:\\\/\\\/secure.gravatar.com\\\/avatar\\\/9534865f39e7b3527010ee17196a76d054b16d731a6a5bfe2f92a071c6e9bf4e?s=96&d=mm&r=g\",\"contentUrl\":\"https:\\\/\\\/secure.gravatar.com\\\/avatar\\\/9534865f39e7b3527010ee17196a76d054b16d731a6a5bfe2f92a071c6e9bf4e?s=96&d=mm&r=g\",\"caption\":\"Editor\"},\"url\":\"http:\\\/\\\/presscouncil-ks.org\\\/?author=2\"}]}<\/script>\n<!-- \/ Yoast SEO plugin. -->","yoast_head_json":{"title":"Kuvendi i KMShK-s\u00eb mori vendim p\u00ebr 8 ankesa - K\u00ebshilli i Mediave t\u00eb Shkruara t\u00eb Kosov\u00ebs | P\u00ebr nj\u00eb gazetari etike dhe profesionale","robots":{"index":"index","follow":"follow","max-snippet":"max-snippet:-1","max-image-preview":"max-image-preview:large","max-video-preview":"max-video-preview:-1"},"canonical":"http:\/\/presscouncil-ks.org\/?p=18037","og_locale":"en_US","og_type":"article","og_title":"Kuvendi i KMShK-s\u00eb mori vendim p\u00ebr 8 ankesa - K\u00ebshilli i Mediave t\u00eb Shkruara t\u00eb Kosov\u00ebs | P\u00ebr nj\u00eb gazetari etike dhe profesionale","og_description":"K\u00ebshilli i Mediave t\u00eb Shkruara t\u00eb Kosov\u00ebs (KMShK) n\u00eb mbledhjen e rregullt ka shqyrtuar gjithsej 8 ankesa. An\u00ebtar\u00ebt e Kuvendit t\u00eb KMShK-s\u00eb kan\u00eb vendosur q\u00eb t\u00eb miratohen kat\u00ebr nga to, tri t\u00eb refuzohen dhe nj\u00eb ankes\u00eb t\u00eb shpallet e patrajtueshme. Ankesat kishin t\u00eb b\u00ebnin me pretendimet p\u00ebr shkeljen e kapitujve t\u00eb caktuar t\u00eb Kodit t\u00eb [&hellip;]","og_url":"http:\/\/presscouncil-ks.org\/?p=18037","og_site_name":"K\u00ebshilli i Mediave t\u00eb Shkruara t\u00eb Kosov\u00ebs | P\u00ebr nj\u00eb gazetari etike dhe profesionale","article_publisher":"https:\/\/www.facebook.com\/KMSHKosove","article_published_time":"2026-03-30T13:41:20+00:00","og_image":[{"width":1600,"height":1200,"url":"http:\/\/presscouncil-ks.org\/wp-content\/uploads\/2026\/03\/kmshk-mars-b-2026.jpg","type":"image\/jpeg"}],"author":"Editor","twitter_card":"summary_large_image","twitter_misc":{"Written by":"Editor","Est. reading time":"3 minutes"},"schema":{"@context":"https:\/\/schema.org","@graph":[{"@type":"Article","@id":"http:\/\/presscouncil-ks.org\/?p=18037#article","isPartOf":{"@id":"http:\/\/presscouncil-ks.org\/?p=18037"},"author":{"name":"Editor","@id":"http:\/\/presscouncil-ks.org\/#\/schema\/person\/b79d30c61264caeb733239c16cc4d673"},"headline":"Kuvendi i KMShK-s\u00eb mori vendim p\u00ebr 8 ankesa","datePublished":"2026-03-30T13:41:20+00:00","mainEntityOfPage":{"@id":"http:\/\/presscouncil-ks.org\/?p=18037"},"wordCount":653,"commentCount":0,"publisher":{"@id":"http:\/\/presscouncil-ks.org\/#organization"},"image":{"@id":"http:\/\/presscouncil-ks.org\/?p=18037#primaryimage"},"thumbnailUrl":"http:\/\/presscouncil-ks.org\/wp-content\/uploads\/2026\/03\/kmshk-mars-b-2026.jpg","articleSection":["Lajm"],"inLanguage":"en-US","potentialAction":[{"@type":"CommentAction","name":"Comment","target":["http:\/\/presscouncil-ks.org\/?p=18037#respond"]}]},{"@type":"WebPage","@id":"http:\/\/presscouncil-ks.org\/?p=18037","url":"http:\/\/presscouncil-ks.org\/?p=18037","name":"Kuvendi i KMShK-s\u00eb mori vendim p\u00ebr 8 ankesa - K\u00ebshilli i Mediave t\u00eb Shkruara t\u00eb Kosov\u00ebs | P\u00ebr nj\u00eb gazetari etike dhe profesionale","isPartOf":{"@id":"http:\/\/presscouncil-ks.org\/#website"},"primaryImageOfPage":{"@id":"http:\/\/presscouncil-ks.org\/?p=18037#primaryimage"},"image":{"@id":"http:\/\/presscouncil-ks.org\/?p=18037#primaryimage"},"thumbnailUrl":"http:\/\/presscouncil-ks.org\/wp-content\/uploads\/2026\/03\/kmshk-mars-b-2026.jpg","datePublished":"2026-03-30T13:41:20+00:00","breadcrumb":{"@id":"http:\/\/presscouncil-ks.org\/?p=18037#breadcrumb"},"inLanguage":"en-US","potentialAction":[{"@type":"ReadAction","target":["http:\/\/presscouncil-ks.org\/?p=18037"]}]},{"@type":"ImageObject","inLanguage":"en-US","@id":"http:\/\/presscouncil-ks.org\/?p=18037#primaryimage","url":"http:\/\/presscouncil-ks.org\/wp-content\/uploads\/2026\/03\/kmshk-mars-b-2026.jpg","contentUrl":"http:\/\/presscouncil-ks.org\/wp-content\/uploads\/2026\/03\/kmshk-mars-b-2026.jpg","width":1600,"height":1200},{"@type":"BreadcrumbList","@id":"http:\/\/presscouncil-ks.org\/?p=18037#breadcrumb","itemListElement":[{"@type":"ListItem","position":1,"name":"Home","item":"https:\/\/presscouncil-ks.org\/"},{"@type":"ListItem","position":2,"name":"Kuvendi i KMShK-s\u00eb mori vendim p\u00ebr 8 ankesa"}]},{"@type":"WebSite","@id":"http:\/\/presscouncil-ks.org\/#website","url":"http:\/\/presscouncil-ks.org\/","name":"https:\/\/presscouncil-ks.org\/","description":"","publisher":{"@id":"http:\/\/presscouncil-ks.org\/#organization"},"potentialAction":[{"@type":"SearchAction","target":{"@type":"EntryPoint","urlTemplate":"http:\/\/presscouncil-ks.org\/?s={search_term_string}"},"query-input":{"@type":"PropertyValueSpecification","valueRequired":true,"valueName":"search_term_string"}}],"inLanguage":"en-US"},{"@type":"Organization","@id":"http:\/\/presscouncil-ks.org\/#organization","name":"K\u00ebshilli i Mediave t\u00eb Shkruara t\u00eb Kosov\u00ebs","url":"http:\/\/presscouncil-ks.org\/","logo":{"@type":"ImageObject","inLanguage":"en-US","@id":"http:\/\/presscouncil-ks.org\/#\/schema\/logo\/image\/","url":"http:\/\/presscouncil-ks.org\/wp-content\/uploads\/2023\/06\/cropped-logo.png","contentUrl":"http:\/\/presscouncil-ks.org\/wp-content\/uploads\/2023\/06\/cropped-logo.png","width":268,"height":166,"caption":"K\u00ebshilli i Mediave t\u00eb Shkruara t\u00eb Kosov\u00ebs"},"image":{"@id":"http:\/\/presscouncil-ks.org\/#\/schema\/logo\/image\/"},"sameAs":["https:\/\/www.facebook.com\/KMSHKosove"]},{"@type":"Person","@id":"http:\/\/presscouncil-ks.org\/#\/schema\/person\/b79d30c61264caeb733239c16cc4d673","name":"Editor","image":{"@type":"ImageObject","inLanguage":"en-US","@id":"https:\/\/secure.gravatar.com\/avatar\/9534865f39e7b3527010ee17196a76d054b16d731a6a5bfe2f92a071c6e9bf4e?s=96&d=mm&r=g","url":"https:\/\/secure.gravatar.com\/avatar\/9534865f39e7b3527010ee17196a76d054b16d731a6a5bfe2f92a071c6e9bf4e?s=96&d=mm&r=g","contentUrl":"https:\/\/secure.gravatar.com\/avatar\/9534865f39e7b3527010ee17196a76d054b16d731a6a5bfe2f92a071c6e9bf4e?s=96&d=mm&r=g","caption":"Editor"},"url":"http:\/\/presscouncil-ks.org\/?author=2"}]}},"_links":{"self":[{"href":"http:\/\/presscouncil-ks.org\/index.php?rest_route=\/wp\/v2\/posts\/18037","targetHints":{"allow":["GET"]}}],"collection":[{"href":"http:\/\/presscouncil-ks.org\/index.php?rest_route=\/wp\/v2\/posts"}],"about":[{"href":"http:\/\/presscouncil-ks.org\/index.php?rest_route=\/wp\/v2\/types\/post"}],"author":[{"embeddable":true,"href":"http:\/\/presscouncil-ks.org\/index.php?rest_route=\/wp\/v2\/users\/2"}],"replies":[{"embeddable":true,"href":"http:\/\/presscouncil-ks.org\/index.php?rest_route=%2Fwp%2Fv2%2Fcomments&post=18037"}],"version-history":[{"count":1,"href":"http:\/\/presscouncil-ks.org\/index.php?rest_route=\/wp\/v2\/posts\/18037\/revisions"}],"predecessor-version":[{"id":18038,"href":"http:\/\/presscouncil-ks.org\/index.php?rest_route=\/wp\/v2\/posts\/18037\/revisions\/18038"}],"wp:featuredmedia":[{"embeddable":true,"href":"http:\/\/presscouncil-ks.org\/index.php?rest_route=\/wp\/v2\/media\/18031"}],"wp:attachment":[{"href":"http:\/\/presscouncil-ks.org\/index.php?rest_route=%2Fwp%2Fv2%2Fmedia&parent=18037"}],"wp:term":[{"taxonomy":"category","embeddable":true,"href":"http:\/\/presscouncil-ks.org\/index.php?rest_route=%2Fwp%2Fv2%2Fcategories&post=18037"},{"taxonomy":"post_tag","embeddable":true,"href":"http:\/\/presscouncil-ks.org\/index.php?rest_route=%2Fwp%2Fv2%2Ftags&post=18037"}],"curies":[{"name":"wp","href":"https:\/\/api.w.org\/{rel}","templated":true}]}}