{"id":18021,"date":"2026-03-26T15:46:18","date_gmt":"2026-03-26T15:46:18","guid":{"rendered":"https:\/\/presscouncil-ks.org\/?p=18021"},"modified":"2026-03-26T18:47:10","modified_gmt":"2026-03-26T18:47:10","slug":"nje-dialog-publik-mbi-ceshtjet-qe-ndikojne-ne-marredheniet-etnike","status":"publish","type":"post","link":"http:\/\/presscouncil-ks.org\/?p=18021","title":{"rendered":"Nj\u00eb dialog publik mbi \u00e7\u00ebshtjet q\u00eb ndikojn\u00eb n\u00eb marr\u00ebdh\u00ebniet etnike"},"content":{"rendered":"<p><strong>Podkasti Aequitas i realizuar nga Qendra p\u00ebr Aktivitete Sociale Afirmative &#8211; CASA dhe Grupi Mediatik KIM ka adresuar n\u00eb nj\u00eb seri munges\u00ebn e mund\u00ebsive t\u00eb hapura dhe t\u00eb larmishme p\u00ebr dialog publik mbi \u00e7\u00ebshtjet q\u00eb ndikojn\u00eb n\u00eb marr\u00ebdh\u00ebniet etnike n\u00eb Kosov\u00eb. E themeluar si nj\u00eb platform\u00eb q\u00eb ofron njohuri dhe analiza t\u00eb thella, podkasti Aequitas ka paraqitur nj\u00eb shfaqje video me diskutime t\u00eb shumta mbi nj\u00eb s\u00ebr\u00eb \u00e7\u00ebshtjesh bashk\u00ebkohore n\u00eb Kosov\u00eb.<\/strong><\/p>\n<p>Diskutimi shum\u00ebplan\u00ebsh \u00ebsht\u00eb leht\u00ebsuar nga nj\u00eb strategji inovative q\u00eb ka p\u00ebrfshir\u00eb dy prezantues, gazetar\u00eb nga komunitetet shqiptare dhe serbe t\u00eb Kosov\u00ebs. Q\u00ebllimi i tyre ishte t\u00eb angazhohen n\u00eb biseda me t\u00eb ftuarit p\u00ebrkat\u00ebs p\u00ebr t\u00eb p\u00ebrfaq\u00ebsuar pik\u00ebpamjet dhe interesat mbizot\u00ebruese n\u00eb komunitetet e tyre.<\/p>\n<p>N\u00eb k\u00ebt\u00eb m\u00ebnyr\u00eb, publiku ka pasur mund\u00ebsin\u00eb t\u00eb kuptoj\u00eb dhe konfirmoj\u00eb nj\u00eb s\u00ebr\u00eb opinionesh dhe interesash mbi temat q\u00eb ndikojn\u00eb n\u00eb marr\u00ebdh\u00ebniet etnike n\u00eb Kosov\u00eb, si\u00e7 jan\u00eb \u00e7\u00ebshtjet e personave t\u00eb zhdukur, normalizimi i marr\u00ebdh\u00ebnieve nd\u00ebrmjet Serbis\u00eb dhe Kosov\u00ebs, integrimi n\u00eb BE, trash\u00ebgimia kulturore dhe shum\u00eb t\u00eb tjera.<\/p>\n<p>Projekti \u00ebsht\u00eb zbatuar n\u00eb partneritet nd\u00ebrmjet OJQ-s\u00eb CASA nga Mitrovica e Veriut dhe OJQ-s\u00eb Grupi Mediatik KIM nga \u00c7agllavica, akter\u00eb t\u00eb shquar n\u00eb sken\u00ebn sociale dhe mediatike t\u00eb Kosov\u00ebs.<\/p>\n<p>Projekti \u00ebsht\u00eb financuar n\u00ebp\u00ebrmjet skem\u00ebs s\u00eb n\u00ebngranteve \u201cOur Media\u201d, e cila ka ofruar mb\u00ebshtetje p\u00ebr 21 projekte lokale n\u00eb t\u00eb gjith\u00eb Ballkanin Per\u00ebndimor.<\/p>\n<p>(Programi rajonal \u201cMedia Jon\u00eb: Nj\u00eb veprim i shoq\u00ebris\u00eb civile p\u00ebr t\u00eb gjeneruar njohuri mediale dhe aktiviz\u00ebm, p\u00ebr t\u00eb luftuar polarizimin dhe p\u00ebr t\u00eb promovuar dialogun\u201d \u00ebsht\u00eb zbatuar me mb\u00ebshtetjen financiare t\u00eb Bashkimit Evropian nga organizatat partnere SEENPM, Instituti Shqiptar i Medias, Mediacentar Sarajev\u00eb, K\u00ebshilli i Mediave t\u00eb Shkruara t\u00eb Kosov\u00ebs, Instituti Malazez i Medias, Instituti Maqedonas p\u00ebr Median, Shkolla e Gazetaris\u00eb n\u00eb Novi Sad, Instituti i Paqes dhe Bianet.<\/p>\n<p>Ky artikull u prodhua me mb\u00ebshtetjen financiare t\u00eb Bashkimit Evropian. P\u00ebrmbajtja e tij \u00ebsht\u00eb p\u00ebrgjegj\u00ebsi e vetme e K\u00ebshillit t\u00eb Mediave t\u00eb Shkruara t\u00eb Kosov\u00ebs dhe SEENPM dhe nuk pasqyron domosdoshm\u00ebrisht pik\u00ebpamjet e Bashkimit Evropian).<\/p>\n","protected":false},"excerpt":{"rendered":"<p>Podkasti Aequitas i realizuar nga Qendra p\u00ebr Aktivitete Sociale Afirmative &#8211; CASA dhe Grupi Mediatik KIM ka adresuar n\u00eb nj\u00eb seri munges\u00ebn e mund\u00ebsive t\u00eb hapura dhe t\u00eb larmishme p\u00ebr dialog publik mbi \u00e7\u00ebshtjet q\u00eb ndikojn\u00eb n\u00eb marr\u00ebdh\u00ebniet etnike n\u00eb Kosov\u00eb. E themeluar si nj\u00eb platform\u00eb q\u00eb ofron njohuri dhe analiza t\u00eb thella, podkasti Aequitas [&hellip;]<\/p>\n","protected":false},"author":2,"featured_media":18016,"comment_status":"open","ping_status":"open","sticky":false,"template":"","format":"standard","meta":{"footnotes":""},"categories":[92],"tags":[177,124,165],"class_list":["post-18021","post","type-post","status-publish","format-standard","has-post-thumbnail","hentry","category-news-sq","tag-dialogupublik","tag-kmshk","tag-media-sq"],"acf":{"video_title":"","video":false},"yoast_head":"<!-- This site is optimized with the Yoast SEO plugin v28.3 - https:\/\/yoast.com\/product\/yoast-seo-wordpress\/ -->\n<title>Nj\u00eb dialog publik mbi \u00e7\u00ebshtjet q\u00eb ndikojn\u00eb n\u00eb marr\u00ebdh\u00ebniet etnike - K\u00ebshilli i Mediave t\u00eb Shkruara t\u00eb Kosov\u00ebs | P\u00ebr nj\u00eb gazetari etike dhe profesionale<\/title>\n<meta name=\"robots\" content=\"index, follow, max-snippet:-1, max-image-preview:large, max-video-preview:-1\" \/>\n<link rel=\"canonical\" href=\"http:\/\/presscouncil-ks.org\/?p=18021\" \/>\n<meta property=\"og:locale\" content=\"en_US\" \/>\n<meta property=\"og:type\" content=\"article\" \/>\n<meta property=\"og:title\" content=\"Nj\u00eb dialog publik mbi \u00e7\u00ebshtjet q\u00eb ndikojn\u00eb n\u00eb marr\u00ebdh\u00ebniet etnike - K\u00ebshilli i Mediave t\u00eb Shkruara t\u00eb Kosov\u00ebs | P\u00ebr nj\u00eb gazetari etike dhe profesionale\" \/>\n<meta property=\"og:description\" content=\"Podkasti Aequitas i realizuar nga Qendra p\u00ebr Aktivitete Sociale Afirmative &#8211; CASA dhe Grupi Mediatik KIM ka adresuar n\u00eb nj\u00eb seri munges\u00ebn e mund\u00ebsive t\u00eb hapura dhe t\u00eb larmishme p\u00ebr dialog publik mbi \u00e7\u00ebshtjet q\u00eb ndikojn\u00eb n\u00eb marr\u00ebdh\u00ebniet etnike n\u00eb Kosov\u00eb. E themeluar si nj\u00eb platform\u00eb q\u00eb ofron njohuri dhe analiza t\u00eb thella, podkasti Aequitas [&hellip;]\" \/>\n<meta property=\"og:url\" content=\"http:\/\/presscouncil-ks.org\/?p=18021\" \/>\n<meta property=\"og:site_name\" content=\"K\u00ebshilli i Mediave t\u00eb Shkruara t\u00eb Kosov\u00ebs | P\u00ebr nj\u00eb gazetari etike dhe profesionale\" \/>\n<meta property=\"article:publisher\" content=\"https:\/\/www.facebook.com\/KMSHKosove\" \/>\n<meta property=\"article:published_time\" content=\"2026-03-26T15:46:18+00:00\" \/>\n<meta property=\"article:modified_time\" content=\"2026-03-26T18:47:10+00:00\" \/>\n<meta property=\"og:image\" content=\"http:\/\/presscouncil-ks.org\/wp-content\/uploads\/2026\/03\/casa.jpg\" \/>\n\t<meta property=\"og:image:width\" content=\"1016\" \/>\n\t<meta property=\"og:image:height\" content=\"504\" \/>\n\t<meta property=\"og:image:type\" content=\"image\/jpeg\" \/>\n<meta name=\"author\" content=\"Editor\" \/>\n<meta name=\"twitter:card\" content=\"summary_large_image\" \/>\n<meta name=\"twitter:label1\" content=\"Written by\" \/>\n\t<meta name=\"twitter:data1\" content=\"Editor\" \/>\n\t<meta name=\"twitter:label2\" content=\"Est. reading time\" \/>\n\t<meta name=\"twitter:data2\" content=\"2 minutes\" \/>\n<script type=\"application\/ld+json\" class=\"yoast-schema-graph\">{\"@context\":\"https:\\\/\\\/schema.org\",\"@graph\":[{\"@type\":\"Article\",\"@id\":\"http:\\\/\\\/presscouncil-ks.org\\\/?p=18021#article\",\"isPartOf\":{\"@id\":\"http:\\\/\\\/presscouncil-ks.org\\\/?p=18021\"},\"author\":{\"name\":\"Editor\",\"@id\":\"http:\\\/\\\/presscouncil-ks.org\\\/#\\\/schema\\\/person\\\/b79d30c61264caeb733239c16cc4d673\"},\"headline\":\"Nj\u00eb dialog publik mbi \u00e7\u00ebshtjet q\u00eb ndikojn\u00eb n\u00eb marr\u00ebdh\u00ebniet etnike\",\"datePublished\":\"2026-03-26T15:46:18+00:00\",\"dateModified\":\"2026-03-26T18:47:10+00:00\",\"mainEntityOfPage\":{\"@id\":\"http:\\\/\\\/presscouncil-ks.org\\\/?p=18021\"},\"wordCount\":389,\"commentCount\":0,\"publisher\":{\"@id\":\"http:\\\/\\\/presscouncil-ks.org\\\/#organization\"},\"image\":{\"@id\":\"http:\\\/\\\/presscouncil-ks.org\\\/?p=18021#primaryimage\"},\"thumbnailUrl\":\"http:\\\/\\\/presscouncil-ks.org\\\/wp-content\\\/uploads\\\/2026\\\/03\\\/casa.jpg\",\"keywords\":[\"#dialogupublik\",\"KMSHK\",\"media\"],\"articleSection\":[\"Lajm\"],\"inLanguage\":\"en-US\",\"potentialAction\":[{\"@type\":\"CommentAction\",\"name\":\"Comment\",\"target\":[\"http:\\\/\\\/presscouncil-ks.org\\\/?p=18021#respond\"]}]},{\"@type\":\"WebPage\",\"@id\":\"http:\\\/\\\/presscouncil-ks.org\\\/?p=18021\",\"url\":\"http:\\\/\\\/presscouncil-ks.org\\\/?p=18021\",\"name\":\"Nj\u00eb dialog publik mbi \u00e7\u00ebshtjet q\u00eb ndikojn\u00eb n\u00eb marr\u00ebdh\u00ebniet etnike - K\u00ebshilli i Mediave t\u00eb Shkruara t\u00eb Kosov\u00ebs | P\u00ebr nj\u00eb gazetari etike dhe profesionale\",\"isPartOf\":{\"@id\":\"http:\\\/\\\/presscouncil-ks.org\\\/#website\"},\"primaryImageOfPage\":{\"@id\":\"http:\\\/\\\/presscouncil-ks.org\\\/?p=18021#primaryimage\"},\"image\":{\"@id\":\"http:\\\/\\\/presscouncil-ks.org\\\/?p=18021#primaryimage\"},\"thumbnailUrl\":\"http:\\\/\\\/presscouncil-ks.org\\\/wp-content\\\/uploads\\\/2026\\\/03\\\/casa.jpg\",\"datePublished\":\"2026-03-26T15:46:18+00:00\",\"dateModified\":\"2026-03-26T18:47:10+00:00\",\"breadcrumb\":{\"@id\":\"http:\\\/\\\/presscouncil-ks.org\\\/?p=18021#breadcrumb\"},\"inLanguage\":\"en-US\",\"potentialAction\":[{\"@type\":\"ReadAction\",\"target\":[\"http:\\\/\\\/presscouncil-ks.org\\\/?p=18021\"]}]},{\"@type\":\"ImageObject\",\"inLanguage\":\"en-US\",\"@id\":\"http:\\\/\\\/presscouncil-ks.org\\\/?p=18021#primaryimage\",\"url\":\"http:\\\/\\\/presscouncil-ks.org\\\/wp-content\\\/uploads\\\/2026\\\/03\\\/casa.jpg\",\"contentUrl\":\"http:\\\/\\\/presscouncil-ks.org\\\/wp-content\\\/uploads\\\/2026\\\/03\\\/casa.jpg\",\"width\":1016,\"height\":504},{\"@type\":\"BreadcrumbList\",\"@id\":\"http:\\\/\\\/presscouncil-ks.org\\\/?p=18021#breadcrumb\",\"itemListElement\":[{\"@type\":\"ListItem\",\"position\":1,\"name\":\"Home\",\"item\":\"https:\\\/\\\/presscouncil-ks.org\\\/\"},{\"@type\":\"ListItem\",\"position\":2,\"name\":\"Nj\u00eb dialog publik mbi \u00e7\u00ebshtjet q\u00eb ndikojn\u00eb n\u00eb marr\u00ebdh\u00ebniet etnike\"}]},{\"@type\":\"WebSite\",\"@id\":\"http:\\\/\\\/presscouncil-ks.org\\\/#website\",\"url\":\"http:\\\/\\\/presscouncil-ks.org\\\/\",\"name\":\"https:\\\/\\\/presscouncil-ks.org\\\/\",\"description\":\"\",\"publisher\":{\"@id\":\"http:\\\/\\\/presscouncil-ks.org\\\/#organization\"},\"potentialAction\":[{\"@type\":\"SearchAction\",\"target\":{\"@type\":\"EntryPoint\",\"urlTemplate\":\"http:\\\/\\\/presscouncil-ks.org\\\/?s={search_term_string}\"},\"query-input\":{\"@type\":\"PropertyValueSpecification\",\"valueRequired\":true,\"valueName\":\"search_term_string\"}}],\"inLanguage\":\"en-US\"},{\"@type\":\"Organization\",\"@id\":\"http:\\\/\\\/presscouncil-ks.org\\\/#organization\",\"name\":\"K\u00ebshilli i Mediave t\u00eb Shkruara t\u00eb Kosov\u00ebs\",\"url\":\"http:\\\/\\\/presscouncil-ks.org\\\/\",\"logo\":{\"@type\":\"ImageObject\",\"inLanguage\":\"en-US\",\"@id\":\"http:\\\/\\\/presscouncil-ks.org\\\/#\\\/schema\\\/logo\\\/image\\\/\",\"url\":\"http:\\\/\\\/presscouncil-ks.org\\\/wp-content\\\/uploads\\\/2023\\\/06\\\/cropped-logo.png\",\"contentUrl\":\"http:\\\/\\\/presscouncil-ks.org\\\/wp-content\\\/uploads\\\/2023\\\/06\\\/cropped-logo.png\",\"width\":268,\"height\":166,\"caption\":\"K\u00ebshilli i Mediave t\u00eb Shkruara t\u00eb Kosov\u00ebs\"},\"image\":{\"@id\":\"http:\\\/\\\/presscouncil-ks.org\\\/#\\\/schema\\\/logo\\\/image\\\/\"},\"sameAs\":[\"https:\\\/\\\/www.facebook.com\\\/KMSHKosove\"]},{\"@type\":\"Person\",\"@id\":\"http:\\\/\\\/presscouncil-ks.org\\\/#\\\/schema\\\/person\\\/b79d30c61264caeb733239c16cc4d673\",\"name\":\"Editor\",\"image\":{\"@type\":\"ImageObject\",\"inLanguage\":\"en-US\",\"@id\":\"https:\\\/\\\/secure.gravatar.com\\\/avatar\\\/9534865f39e7b3527010ee17196a76d054b16d731a6a5bfe2f92a071c6e9bf4e?s=96&d=mm&r=g\",\"url\":\"https:\\\/\\\/secure.gravatar.com\\\/avatar\\\/9534865f39e7b3527010ee17196a76d054b16d731a6a5bfe2f92a071c6e9bf4e?s=96&d=mm&r=g\",\"contentUrl\":\"https:\\\/\\\/secure.gravatar.com\\\/avatar\\\/9534865f39e7b3527010ee17196a76d054b16d731a6a5bfe2f92a071c6e9bf4e?s=96&d=mm&r=g\",\"caption\":\"Editor\"},\"url\":\"http:\\\/\\\/presscouncil-ks.org\\\/?author=2\"}]}<\/script>\n<!-- \/ Yoast SEO plugin. -->","yoast_head_json":{"title":"Nj\u00eb dialog publik mbi \u00e7\u00ebshtjet q\u00eb ndikojn\u00eb n\u00eb marr\u00ebdh\u00ebniet etnike - K\u00ebshilli i Mediave t\u00eb Shkruara t\u00eb Kosov\u00ebs | P\u00ebr nj\u00eb gazetari etike dhe profesionale","robots":{"index":"index","follow":"follow","max-snippet":"max-snippet:-1","max-image-preview":"max-image-preview:large","max-video-preview":"max-video-preview:-1"},"canonical":"http:\/\/presscouncil-ks.org\/?p=18021","og_locale":"en_US","og_type":"article","og_title":"Nj\u00eb dialog publik mbi \u00e7\u00ebshtjet q\u00eb ndikojn\u00eb n\u00eb marr\u00ebdh\u00ebniet etnike - K\u00ebshilli i Mediave t\u00eb Shkruara t\u00eb Kosov\u00ebs | P\u00ebr nj\u00eb gazetari etike dhe profesionale","og_description":"Podkasti Aequitas i realizuar nga Qendra p\u00ebr Aktivitete Sociale Afirmative &#8211; CASA dhe Grupi Mediatik KIM ka adresuar n\u00eb nj\u00eb seri munges\u00ebn e mund\u00ebsive t\u00eb hapura dhe t\u00eb larmishme p\u00ebr dialog publik mbi \u00e7\u00ebshtjet q\u00eb ndikojn\u00eb n\u00eb marr\u00ebdh\u00ebniet etnike n\u00eb Kosov\u00eb. E themeluar si nj\u00eb platform\u00eb q\u00eb ofron njohuri dhe analiza t\u00eb thella, podkasti Aequitas [&hellip;]","og_url":"http:\/\/presscouncil-ks.org\/?p=18021","og_site_name":"K\u00ebshilli i Mediave t\u00eb Shkruara t\u00eb Kosov\u00ebs | P\u00ebr nj\u00eb gazetari etike dhe profesionale","article_publisher":"https:\/\/www.facebook.com\/KMSHKosove","article_published_time":"2026-03-26T15:46:18+00:00","article_modified_time":"2026-03-26T18:47:10+00:00","og_image":[{"width":1016,"height":504,"url":"http:\/\/presscouncil-ks.org\/wp-content\/uploads\/2026\/03\/casa.jpg","type":"image\/jpeg"}],"author":"Editor","twitter_card":"summary_large_image","twitter_misc":{"Written by":"Editor","Est. reading time":"2 minutes"},"schema":{"@context":"https:\/\/schema.org","@graph":[{"@type":"Article","@id":"http:\/\/presscouncil-ks.org\/?p=18021#article","isPartOf":{"@id":"http:\/\/presscouncil-ks.org\/?p=18021"},"author":{"name":"Editor","@id":"http:\/\/presscouncil-ks.org\/#\/schema\/person\/b79d30c61264caeb733239c16cc4d673"},"headline":"Nj\u00eb dialog publik mbi \u00e7\u00ebshtjet q\u00eb ndikojn\u00eb n\u00eb marr\u00ebdh\u00ebniet etnike","datePublished":"2026-03-26T15:46:18+00:00","dateModified":"2026-03-26T18:47:10+00:00","mainEntityOfPage":{"@id":"http:\/\/presscouncil-ks.org\/?p=18021"},"wordCount":389,"commentCount":0,"publisher":{"@id":"http:\/\/presscouncil-ks.org\/#organization"},"image":{"@id":"http:\/\/presscouncil-ks.org\/?p=18021#primaryimage"},"thumbnailUrl":"http:\/\/presscouncil-ks.org\/wp-content\/uploads\/2026\/03\/casa.jpg","keywords":["#dialogupublik","KMSHK","media"],"articleSection":["Lajm"],"inLanguage":"en-US","potentialAction":[{"@type":"CommentAction","name":"Comment","target":["http:\/\/presscouncil-ks.org\/?p=18021#respond"]}]},{"@type":"WebPage","@id":"http:\/\/presscouncil-ks.org\/?p=18021","url":"http:\/\/presscouncil-ks.org\/?p=18021","name":"Nj\u00eb dialog publik mbi \u00e7\u00ebshtjet q\u00eb ndikojn\u00eb n\u00eb marr\u00ebdh\u00ebniet etnike - K\u00ebshilli i Mediave t\u00eb Shkruara t\u00eb Kosov\u00ebs | P\u00ebr nj\u00eb gazetari etike dhe profesionale","isPartOf":{"@id":"http:\/\/presscouncil-ks.org\/#website"},"primaryImageOfPage":{"@id":"http:\/\/presscouncil-ks.org\/?p=18021#primaryimage"},"image":{"@id":"http:\/\/presscouncil-ks.org\/?p=18021#primaryimage"},"thumbnailUrl":"http:\/\/presscouncil-ks.org\/wp-content\/uploads\/2026\/03\/casa.jpg","datePublished":"2026-03-26T15:46:18+00:00","dateModified":"2026-03-26T18:47:10+00:00","breadcrumb":{"@id":"http:\/\/presscouncil-ks.org\/?p=18021#breadcrumb"},"inLanguage":"en-US","potentialAction":[{"@type":"ReadAction","target":["http:\/\/presscouncil-ks.org\/?p=18021"]}]},{"@type":"ImageObject","inLanguage":"en-US","@id":"http:\/\/presscouncil-ks.org\/?p=18021#primaryimage","url":"http:\/\/presscouncil-ks.org\/wp-content\/uploads\/2026\/03\/casa.jpg","contentUrl":"http:\/\/presscouncil-ks.org\/wp-content\/uploads\/2026\/03\/casa.jpg","width":1016,"height":504},{"@type":"BreadcrumbList","@id":"http:\/\/presscouncil-ks.org\/?p=18021#breadcrumb","itemListElement":[{"@type":"ListItem","position":1,"name":"Home","item":"https:\/\/presscouncil-ks.org\/"},{"@type":"ListItem","position":2,"name":"Nj\u00eb dialog publik mbi \u00e7\u00ebshtjet q\u00eb ndikojn\u00eb n\u00eb marr\u00ebdh\u00ebniet etnike"}]},{"@type":"WebSite","@id":"http:\/\/presscouncil-ks.org\/#website","url":"http:\/\/presscouncil-ks.org\/","name":"https:\/\/presscouncil-ks.org\/","description":"","publisher":{"@id":"http:\/\/presscouncil-ks.org\/#organization"},"potentialAction":[{"@type":"SearchAction","target":{"@type":"EntryPoint","urlTemplate":"http:\/\/presscouncil-ks.org\/?s={search_term_string}"},"query-input":{"@type":"PropertyValueSpecification","valueRequired":true,"valueName":"search_term_string"}}],"inLanguage":"en-US"},{"@type":"Organization","@id":"http:\/\/presscouncil-ks.org\/#organization","name":"K\u00ebshilli i Mediave t\u00eb Shkruara t\u00eb Kosov\u00ebs","url":"http:\/\/presscouncil-ks.org\/","logo":{"@type":"ImageObject","inLanguage":"en-US","@id":"http:\/\/presscouncil-ks.org\/#\/schema\/logo\/image\/","url":"http:\/\/presscouncil-ks.org\/wp-content\/uploads\/2023\/06\/cropped-logo.png","contentUrl":"http:\/\/presscouncil-ks.org\/wp-content\/uploads\/2023\/06\/cropped-logo.png","width":268,"height":166,"caption":"K\u00ebshilli i Mediave t\u00eb Shkruara t\u00eb Kosov\u00ebs"},"image":{"@id":"http:\/\/presscouncil-ks.org\/#\/schema\/logo\/image\/"},"sameAs":["https:\/\/www.facebook.com\/KMSHKosove"]},{"@type":"Person","@id":"http:\/\/presscouncil-ks.org\/#\/schema\/person\/b79d30c61264caeb733239c16cc4d673","name":"Editor","image":{"@type":"ImageObject","inLanguage":"en-US","@id":"https:\/\/secure.gravatar.com\/avatar\/9534865f39e7b3527010ee17196a76d054b16d731a6a5bfe2f92a071c6e9bf4e?s=96&d=mm&r=g","url":"https:\/\/secure.gravatar.com\/avatar\/9534865f39e7b3527010ee17196a76d054b16d731a6a5bfe2f92a071c6e9bf4e?s=96&d=mm&r=g","contentUrl":"https:\/\/secure.gravatar.com\/avatar\/9534865f39e7b3527010ee17196a76d054b16d731a6a5bfe2f92a071c6e9bf4e?s=96&d=mm&r=g","caption":"Editor"},"url":"http:\/\/presscouncil-ks.org\/?author=2"}]}},"_links":{"self":[{"href":"http:\/\/presscouncil-ks.org\/index.php?rest_route=\/wp\/v2\/posts\/18021","targetHints":{"allow":["GET"]}}],"collection":[{"href":"http:\/\/presscouncil-ks.org\/index.php?rest_route=\/wp\/v2\/posts"}],"about":[{"href":"http:\/\/presscouncil-ks.org\/index.php?rest_route=\/wp\/v2\/types\/post"}],"author":[{"embeddable":true,"href":"http:\/\/presscouncil-ks.org\/index.php?rest_route=\/wp\/v2\/users\/2"}],"replies":[{"embeddable":true,"href":"http:\/\/presscouncil-ks.org\/index.php?rest_route=%2Fwp%2Fv2%2Fcomments&post=18021"}],"version-history":[{"count":1,"href":"http:\/\/presscouncil-ks.org\/index.php?rest_route=\/wp\/v2\/posts\/18021\/revisions"}],"predecessor-version":[{"id":18022,"href":"http:\/\/presscouncil-ks.org\/index.php?rest_route=\/wp\/v2\/posts\/18021\/revisions\/18022"}],"wp:featuredmedia":[{"embeddable":true,"href":"http:\/\/presscouncil-ks.org\/index.php?rest_route=\/wp\/v2\/media\/18016"}],"wp:attachment":[{"href":"http:\/\/presscouncil-ks.org\/index.php?rest_route=%2Fwp%2Fv2%2Fmedia&parent=18021"}],"wp:term":[{"taxonomy":"category","embeddable":true,"href":"http:\/\/presscouncil-ks.org\/index.php?rest_route=%2Fwp%2Fv2%2Fcategories&post=18021"},{"taxonomy":"post_tag","embeddable":true,"href":"http:\/\/presscouncil-ks.org\/index.php?rest_route=%2Fwp%2Fv2%2Ftags&post=18021"}],"curies":[{"name":"wp","href":"https:\/\/api.w.org\/{rel}","templated":true}]}}