{"id":18015,"date":"2026-03-26T17:10:19","date_gmt":"2026-03-26T17:10:19","guid":{"rendered":"https:\/\/presscouncil-ks.org\/?p=18015"},"modified":"2026-03-27T18:28:51","modified_gmt":"2026-03-27T18:28:51","slug":"javni-dijalog-o-pitanjima-koja-uticu-na-etnicke-odnose","status":"publish","type":"post","link":"http:\/\/presscouncil-ks.org\/?p=18015&lang=sr","title":{"rendered":"Javni dijalog o pitanjima koja uti\u010du na etni\u010dke odnose"},"content":{"rendered":"<p><strong>Podkast Aequitas, koji su producirali Centar za Afirmativne Dru\u0161tvene Akcije &#8211; CASA i KIM Media Group, u seriji se bavio nedostatkom otvorenih i raznovrsnih moguc\u0301nosti za javni dijalog o pitanjima koja uti\u010du na etni\u010dke odnose na Kosovu. Osnovan kao platforma koja pru\u017ea detaljno znanje i analizu, podkast Aequitas je predstavio video emisiju sa vi\u0161estrukim diskusijama o nizu savremenih pitanja na Kosovu.<\/strong><\/p>\n<p>Vi\u0161estruku diskusiju je olak\u0161ala inovativna strategija koja je uklju\u010divala dva prezentera, novinara iz albanske i srpske zajednice na Kosovu. Njihov cilj je bio da se uklju\u010de u razgovore sa odgovarajuc\u0301im gostima kako bi predstavili preovla\u0111ujuc\u0301e stavove i interese u svojim zajednicama. Na ovaj na\u010din, publika je imala priliku da razume i potvrdi niz mi\u0161ljenja i interesovanja o temama koje uti\u010du na etni\u010dke odnose na Kosovu, kao \u0161to su pitanje nestalih lica, normalizacija odnosa izme\u0111u Srbije i Kosova, integracije u EU, kulturno nasle\u0111e i mnoge druge. Projekat je sproveden u partnerstvu izme\u0111u nevladine organizacije CASA iz Severne Mitrovice i nevladine organizacije Medijska Grupa KIM iz \u010caglavice, istaknutih aktera na dru\u0161tvenoj i medijskoj sceni Kosova.<\/p>\n<p>Projekat je finansiran kroz \u0161emu podgrantova \u201dNa\u0161i Mediji\u201c, koja je pru\u017eila podr\u0161ku za 21 lokalni projekat \u0161irom Zapadnog Balkana. CASA-KIM je bio pod-grantista u projektu \u201cOur Media\u201d, koji je na Kosovu sproveo Savet \u0160tampe Kosova (S\u0160K).<\/p>\n<p>(Regionalni program \u201dNa\u0161i Mediji: Inicijativa civilnog dru\u0161tva za razvoj medijske pismenosti i aktivizma, borbu protiv polarizacije i promoviranje dijaloga\u201c implementiraju partnerske organizacije SEENPM, Albanski Medijski Institut, Mediacentar Sarajevo, Savet \u0160tampe Kosova, Institut za Medije Crne Gore, Makedonski Institut za Medije, Novosadska Novinarska \u0160kola, Mirovni Institut i Bianet uz finansijsku podr\u0161ku Evropske Unije.<\/p>\n<p>Ovaj \u010dlanak je produciran uz finansijsku podr\u0161ku Evropske Unije. Sadr\u017eaj je isklju\u010divo odgovornost SEENPM-a i ne odra\u017eava nu\u017eno stavove Evropske Unije).<\/p>\n<p>&nbsp;<\/p>\n","protected":false},"excerpt":{"rendered":"<p>Podkast Aequitas, koji su producirali Centar za Afirmativne Dru\u0161tvene Akcije &#8211; CASA i KIM Media Group, u seriji se bavio nedostatkom otvorenih i raznovrsnih moguc\u0301nosti za javni dijalog o pitanjima koja uti\u010du na etni\u010dke odnose na Kosovu. Osnovan kao platforma koja pru\u017ea detaljno znanje i analizu, podkast Aequitas je predstavio video emisiju sa vi\u0161estrukim diskusijama [&hellip;]<\/p>\n","protected":false},"author":2,"featured_media":18016,"comment_status":"open","ping_status":"open","sticky":false,"template":"","format":"standard","meta":{"footnotes":""},"categories":[135],"tags":[],"class_list":["post-18015","post","type-post","status-publish","format-standard","has-post-thumbnail","hentry","category-vesti"],"acf":[],"yoast_head":"<!-- This site is optimized with the Yoast SEO plugin v28.4 - https:\/\/yoast.com\/product\/yoast-seo-wordpress\/ -->\n<title>Javni dijalog o pitanjima koja uti\u010du na etni\u010dke odnose - K\u00ebshilli i Mediave t\u00eb Shkruara t\u00eb Kosov\u00ebs | P\u00ebr nj\u00eb gazetari etike dhe profesionale<\/title>\n<meta name=\"robots\" content=\"index, follow, max-snippet:-1, max-image-preview:large, max-video-preview:-1\" \/>\n<link rel=\"canonical\" href=\"http:\/\/presscouncil-ks.org\/?p=18015&lang=sr\" \/>\n<meta property=\"og:locale\" content=\"en_US\" \/>\n<meta property=\"og:type\" content=\"article\" \/>\n<meta property=\"og:title\" content=\"Javni dijalog o pitanjima koja uti\u010du na etni\u010dke odnose - K\u00ebshilli i Mediave t\u00eb Shkruara t\u00eb Kosov\u00ebs | P\u00ebr nj\u00eb gazetari etike dhe profesionale\" \/>\n<meta property=\"og:description\" content=\"Podkast Aequitas, koji su producirali Centar za Afirmativne Dru\u0161tvene Akcije &#8211; CASA i KIM Media Group, u seriji se bavio nedostatkom otvorenih i raznovrsnih moguc\u0301nosti za javni dijalog o pitanjima koja uti\u010du na etni\u010dke odnose na Kosovu. Osnovan kao platforma koja pru\u017ea detaljno znanje i analizu, podkast Aequitas je predstavio video emisiju sa vi\u0161estrukim diskusijama [&hellip;]\" \/>\n<meta property=\"og:url\" content=\"http:\/\/presscouncil-ks.org\/?p=18015&amp;lang=sr\" \/>\n<meta property=\"og:site_name\" content=\"K\u00ebshilli i Mediave t\u00eb Shkruara t\u00eb Kosov\u00ebs | P\u00ebr nj\u00eb gazetari etike dhe profesionale\" \/>\n<meta property=\"article:publisher\" content=\"https:\/\/www.facebook.com\/KMSHKosove\" \/>\n<meta property=\"article:published_time\" content=\"2026-03-26T17:10:19+00:00\" \/>\n<meta property=\"article:modified_time\" content=\"2026-03-27T18:28:51+00:00\" \/>\n<meta property=\"og:image\" content=\"http:\/\/presscouncil-ks.org\/wp-content\/uploads\/2026\/03\/casa.jpg\" \/>\n\t<meta property=\"og:image:width\" content=\"1016\" \/>\n\t<meta property=\"og:image:height\" content=\"504\" \/>\n\t<meta property=\"og:image:type\" content=\"image\/jpeg\" \/>\n<meta name=\"author\" content=\"Editor\" \/>\n<meta name=\"twitter:card\" content=\"summary_large_image\" \/>\n<meta name=\"twitter:label1\" content=\"Written by\" \/>\n\t<meta name=\"twitter:data1\" content=\"Editor\" \/>\n\t<meta name=\"twitter:label2\" content=\"Est. reading time\" \/>\n\t<meta name=\"twitter:data2\" content=\"2 minutes\" \/>\n<script type=\"application\/ld+json\" class=\"yoast-schema-graph\">{\"@context\":\"https:\\\/\\\/schema.org\",\"@graph\":[{\"@type\":\"Article\",\"@id\":\"http:\\\/\\\/presscouncil-ks.org\\\/?p=18015&lang=sr#article\",\"isPartOf\":{\"@id\":\"http:\\\/\\\/presscouncil-ks.org\\\/?p=18015&lang=sr\"},\"author\":{\"name\":\"Editor\",\"@id\":\"http:\\\/\\\/presscouncil-ks.org\\\/#\\\/schema\\\/person\\\/b79d30c61264caeb733239c16cc4d673\"},\"headline\":\"Javni dijalog o pitanjima koja uti\u010du na etni\u010dke odnose\",\"datePublished\":\"2026-03-26T17:10:19+00:00\",\"dateModified\":\"2026-03-27T18:28:51+00:00\",\"mainEntityOfPage\":{\"@id\":\"http:\\\/\\\/presscouncil-ks.org\\\/?p=18015&lang=sr\"},\"wordCount\":327,\"commentCount\":0,\"publisher\":{\"@id\":\"http:\\\/\\\/presscouncil-ks.org\\\/#organization\"},\"image\":{\"@id\":\"http:\\\/\\\/presscouncil-ks.org\\\/?p=18015&lang=sr#primaryimage\"},\"thumbnailUrl\":\"http:\\\/\\\/presscouncil-ks.org\\\/wp-content\\\/uploads\\\/2026\\\/03\\\/casa.jpg\",\"articleSection\":[\"Vesti\"],\"inLanguage\":\"en-US\",\"potentialAction\":[{\"@type\":\"CommentAction\",\"name\":\"Comment\",\"target\":[\"http:\\\/\\\/presscouncil-ks.org\\\/?p=18015&lang=sr#respond\"]}]},{\"@type\":\"WebPage\",\"@id\":\"http:\\\/\\\/presscouncil-ks.org\\\/?p=18015&lang=sr\",\"url\":\"http:\\\/\\\/presscouncil-ks.org\\\/?p=18015&lang=sr\",\"name\":\"Javni dijalog o pitanjima koja uti\u010du na etni\u010dke odnose - K\u00ebshilli i Mediave t\u00eb Shkruara t\u00eb Kosov\u00ebs | P\u00ebr nj\u00eb gazetari etike dhe profesionale\",\"isPartOf\":{\"@id\":\"http:\\\/\\\/presscouncil-ks.org\\\/#website\"},\"primaryImageOfPage\":{\"@id\":\"http:\\\/\\\/presscouncil-ks.org\\\/?p=18015&lang=sr#primaryimage\"},\"image\":{\"@id\":\"http:\\\/\\\/presscouncil-ks.org\\\/?p=18015&lang=sr#primaryimage\"},\"thumbnailUrl\":\"http:\\\/\\\/presscouncil-ks.org\\\/wp-content\\\/uploads\\\/2026\\\/03\\\/casa.jpg\",\"datePublished\":\"2026-03-26T17:10:19+00:00\",\"dateModified\":\"2026-03-27T18:28:51+00:00\",\"breadcrumb\":{\"@id\":\"http:\\\/\\\/presscouncil-ks.org\\\/?p=18015&lang=sr#breadcrumb\"},\"inLanguage\":\"en-US\",\"potentialAction\":[{\"@type\":\"ReadAction\",\"target\":[\"http:\\\/\\\/presscouncil-ks.org\\\/?p=18015&lang=sr\"]}]},{\"@type\":\"ImageObject\",\"inLanguage\":\"en-US\",\"@id\":\"http:\\\/\\\/presscouncil-ks.org\\\/?p=18015&lang=sr#primaryimage\",\"url\":\"http:\\\/\\\/presscouncil-ks.org\\\/wp-content\\\/uploads\\\/2026\\\/03\\\/casa.jpg\",\"contentUrl\":\"http:\\\/\\\/presscouncil-ks.org\\\/wp-content\\\/uploads\\\/2026\\\/03\\\/casa.jpg\",\"width\":1016,\"height\":504},{\"@type\":\"BreadcrumbList\",\"@id\":\"http:\\\/\\\/presscouncil-ks.org\\\/?p=18015&lang=sr#breadcrumb\",\"itemListElement\":[{\"@type\":\"ListItem\",\"position\":1,\"name\":\"Home\",\"item\":\"https:\\\/\\\/presscouncil-ks.org\\\/\"},{\"@type\":\"ListItem\",\"position\":2,\"name\":\"Javni dijalog o pitanjima koja uti\u010du na etni\u010dke odnose\"}]},{\"@type\":\"WebSite\",\"@id\":\"http:\\\/\\\/presscouncil-ks.org\\\/#website\",\"url\":\"http:\\\/\\\/presscouncil-ks.org\\\/\",\"name\":\"https:\\\/\\\/presscouncil-ks.org\\\/\",\"description\":\"\",\"publisher\":{\"@id\":\"http:\\\/\\\/presscouncil-ks.org\\\/#organization\"},\"potentialAction\":[{\"@type\":\"SearchAction\",\"target\":{\"@type\":\"EntryPoint\",\"urlTemplate\":\"http:\\\/\\\/presscouncil-ks.org\\\/?s={search_term_string}\"},\"query-input\":{\"@type\":\"PropertyValueSpecification\",\"valueRequired\":true,\"valueName\":\"search_term_string\"}}],\"inLanguage\":\"en-US\"},{\"@type\":\"Organization\",\"@id\":\"http:\\\/\\\/presscouncil-ks.org\\\/#organization\",\"name\":\"K\u00ebshilli i Mediave t\u00eb Shkruara t\u00eb Kosov\u00ebs\",\"url\":\"http:\\\/\\\/presscouncil-ks.org\\\/\",\"logo\":{\"@type\":\"ImageObject\",\"inLanguage\":\"en-US\",\"@id\":\"http:\\\/\\\/presscouncil-ks.org\\\/#\\\/schema\\\/logo\\\/image\\\/\",\"url\":\"http:\\\/\\\/presscouncil-ks.org\\\/wp-content\\\/uploads\\\/2023\\\/06\\\/cropped-logo.png\",\"contentUrl\":\"http:\\\/\\\/presscouncil-ks.org\\\/wp-content\\\/uploads\\\/2023\\\/06\\\/cropped-logo.png\",\"width\":268,\"height\":166,\"caption\":\"K\u00ebshilli i Mediave t\u00eb Shkruara t\u00eb Kosov\u00ebs\"},\"image\":{\"@id\":\"http:\\\/\\\/presscouncil-ks.org\\\/#\\\/schema\\\/logo\\\/image\\\/\"},\"sameAs\":[\"https:\\\/\\\/www.facebook.com\\\/KMSHKosove\"]},{\"@type\":\"Person\",\"@id\":\"http:\\\/\\\/presscouncil-ks.org\\\/#\\\/schema\\\/person\\\/b79d30c61264caeb733239c16cc4d673\",\"name\":\"Editor\",\"image\":{\"@type\":\"ImageObject\",\"inLanguage\":\"en-US\",\"@id\":\"https:\\\/\\\/secure.gravatar.com\\\/avatar\\\/9534865f39e7b3527010ee17196a76d054b16d731a6a5bfe2f92a071c6e9bf4e?s=96&d=mm&r=g\",\"url\":\"https:\\\/\\\/secure.gravatar.com\\\/avatar\\\/9534865f39e7b3527010ee17196a76d054b16d731a6a5bfe2f92a071c6e9bf4e?s=96&d=mm&r=g\",\"contentUrl\":\"https:\\\/\\\/secure.gravatar.com\\\/avatar\\\/9534865f39e7b3527010ee17196a76d054b16d731a6a5bfe2f92a071c6e9bf4e?s=96&d=mm&r=g\",\"caption\":\"Editor\"},\"url\":\"http:\\\/\\\/presscouncil-ks.org\\\/?author=2\"}]}<\/script>\n<!-- \/ Yoast SEO plugin. -->","yoast_head_json":{"title":"Javni dijalog o pitanjima koja uti\u010du na etni\u010dke odnose - K\u00ebshilli i Mediave t\u00eb Shkruara t\u00eb Kosov\u00ebs | P\u00ebr nj\u00eb gazetari etike dhe profesionale","robots":{"index":"index","follow":"follow","max-snippet":"max-snippet:-1","max-image-preview":"max-image-preview:large","max-video-preview":"max-video-preview:-1"},"canonical":"http:\/\/presscouncil-ks.org\/?p=18015&lang=sr","og_locale":"en_US","og_type":"article","og_title":"Javni dijalog o pitanjima koja uti\u010du na etni\u010dke odnose - K\u00ebshilli i Mediave t\u00eb Shkruara t\u00eb Kosov\u00ebs | P\u00ebr nj\u00eb gazetari etike dhe profesionale","og_description":"Podkast Aequitas, koji su producirali Centar za Afirmativne Dru\u0161tvene Akcije &#8211; CASA i KIM Media Group, u seriji se bavio nedostatkom otvorenih i raznovrsnih moguc\u0301nosti za javni dijalog o pitanjima koja uti\u010du na etni\u010dke odnose na Kosovu. Osnovan kao platforma koja pru\u017ea detaljno znanje i analizu, podkast Aequitas je predstavio video emisiju sa vi\u0161estrukim diskusijama [&hellip;]","og_url":"http:\/\/presscouncil-ks.org\/?p=18015&lang=sr","og_site_name":"K\u00ebshilli i Mediave t\u00eb Shkruara t\u00eb Kosov\u00ebs | P\u00ebr nj\u00eb gazetari etike dhe profesionale","article_publisher":"https:\/\/www.facebook.com\/KMSHKosove","article_published_time":"2026-03-26T17:10:19+00:00","article_modified_time":"2026-03-27T18:28:51+00:00","og_image":[{"width":1016,"height":504,"url":"http:\/\/presscouncil-ks.org\/wp-content\/uploads\/2026\/03\/casa.jpg","type":"image\/jpeg"}],"author":"Editor","twitter_card":"summary_large_image","twitter_misc":{"Written by":"Editor","Est. reading time":"2 minutes"},"schema":{"@context":"https:\/\/schema.org","@graph":[{"@type":"Article","@id":"http:\/\/presscouncil-ks.org\/?p=18015&lang=sr#article","isPartOf":{"@id":"http:\/\/presscouncil-ks.org\/?p=18015&lang=sr"},"author":{"name":"Editor","@id":"http:\/\/presscouncil-ks.org\/#\/schema\/person\/b79d30c61264caeb733239c16cc4d673"},"headline":"Javni dijalog o pitanjima koja uti\u010du na etni\u010dke odnose","datePublished":"2026-03-26T17:10:19+00:00","dateModified":"2026-03-27T18:28:51+00:00","mainEntityOfPage":{"@id":"http:\/\/presscouncil-ks.org\/?p=18015&lang=sr"},"wordCount":327,"commentCount":0,"publisher":{"@id":"http:\/\/presscouncil-ks.org\/#organization"},"image":{"@id":"http:\/\/presscouncil-ks.org\/?p=18015&lang=sr#primaryimage"},"thumbnailUrl":"http:\/\/presscouncil-ks.org\/wp-content\/uploads\/2026\/03\/casa.jpg","articleSection":["Vesti"],"inLanguage":"en-US","potentialAction":[{"@type":"CommentAction","name":"Comment","target":["http:\/\/presscouncil-ks.org\/?p=18015&lang=sr#respond"]}]},{"@type":"WebPage","@id":"http:\/\/presscouncil-ks.org\/?p=18015&lang=sr","url":"http:\/\/presscouncil-ks.org\/?p=18015&lang=sr","name":"Javni dijalog o pitanjima koja uti\u010du na etni\u010dke odnose - K\u00ebshilli i Mediave t\u00eb Shkruara t\u00eb Kosov\u00ebs | P\u00ebr nj\u00eb gazetari etike dhe profesionale","isPartOf":{"@id":"http:\/\/presscouncil-ks.org\/#website"},"primaryImageOfPage":{"@id":"http:\/\/presscouncil-ks.org\/?p=18015&lang=sr#primaryimage"},"image":{"@id":"http:\/\/presscouncil-ks.org\/?p=18015&lang=sr#primaryimage"},"thumbnailUrl":"http:\/\/presscouncil-ks.org\/wp-content\/uploads\/2026\/03\/casa.jpg","datePublished":"2026-03-26T17:10:19+00:00","dateModified":"2026-03-27T18:28:51+00:00","breadcrumb":{"@id":"http:\/\/presscouncil-ks.org\/?p=18015&lang=sr#breadcrumb"},"inLanguage":"en-US","potentialAction":[{"@type":"ReadAction","target":["http:\/\/presscouncil-ks.org\/?p=18015&lang=sr"]}]},{"@type":"ImageObject","inLanguage":"en-US","@id":"http:\/\/presscouncil-ks.org\/?p=18015&lang=sr#primaryimage","url":"http:\/\/presscouncil-ks.org\/wp-content\/uploads\/2026\/03\/casa.jpg","contentUrl":"http:\/\/presscouncil-ks.org\/wp-content\/uploads\/2026\/03\/casa.jpg","width":1016,"height":504},{"@type":"BreadcrumbList","@id":"http:\/\/presscouncil-ks.org\/?p=18015&lang=sr#breadcrumb","itemListElement":[{"@type":"ListItem","position":1,"name":"Home","item":"https:\/\/presscouncil-ks.org\/"},{"@type":"ListItem","position":2,"name":"Javni dijalog o pitanjima koja uti\u010du na etni\u010dke odnose"}]},{"@type":"WebSite","@id":"http:\/\/presscouncil-ks.org\/#website","url":"http:\/\/presscouncil-ks.org\/","name":"https:\/\/presscouncil-ks.org\/","description":"","publisher":{"@id":"http:\/\/presscouncil-ks.org\/#organization"},"potentialAction":[{"@type":"SearchAction","target":{"@type":"EntryPoint","urlTemplate":"http:\/\/presscouncil-ks.org\/?s={search_term_string}"},"query-input":{"@type":"PropertyValueSpecification","valueRequired":true,"valueName":"search_term_string"}}],"inLanguage":"en-US"},{"@type":"Organization","@id":"http:\/\/presscouncil-ks.org\/#organization","name":"K\u00ebshilli i Mediave t\u00eb Shkruara t\u00eb Kosov\u00ebs","url":"http:\/\/presscouncil-ks.org\/","logo":{"@type":"ImageObject","inLanguage":"en-US","@id":"http:\/\/presscouncil-ks.org\/#\/schema\/logo\/image\/","url":"http:\/\/presscouncil-ks.org\/wp-content\/uploads\/2023\/06\/cropped-logo.png","contentUrl":"http:\/\/presscouncil-ks.org\/wp-content\/uploads\/2023\/06\/cropped-logo.png","width":268,"height":166,"caption":"K\u00ebshilli i Mediave t\u00eb Shkruara t\u00eb Kosov\u00ebs"},"image":{"@id":"http:\/\/presscouncil-ks.org\/#\/schema\/logo\/image\/"},"sameAs":["https:\/\/www.facebook.com\/KMSHKosove"]},{"@type":"Person","@id":"http:\/\/presscouncil-ks.org\/#\/schema\/person\/b79d30c61264caeb733239c16cc4d673","name":"Editor","image":{"@type":"ImageObject","inLanguage":"en-US","@id":"https:\/\/secure.gravatar.com\/avatar\/9534865f39e7b3527010ee17196a76d054b16d731a6a5bfe2f92a071c6e9bf4e?s=96&d=mm&r=g","url":"https:\/\/secure.gravatar.com\/avatar\/9534865f39e7b3527010ee17196a76d054b16d731a6a5bfe2f92a071c6e9bf4e?s=96&d=mm&r=g","contentUrl":"https:\/\/secure.gravatar.com\/avatar\/9534865f39e7b3527010ee17196a76d054b16d731a6a5bfe2f92a071c6e9bf4e?s=96&d=mm&r=g","caption":"Editor"},"url":"http:\/\/presscouncil-ks.org\/?author=2"}]}},"_links":{"self":[{"href":"http:\/\/presscouncil-ks.org\/index.php?rest_route=\/wp\/v2\/posts\/18015","targetHints":{"allow":["GET"]}}],"collection":[{"href":"http:\/\/presscouncil-ks.org\/index.php?rest_route=\/wp\/v2\/posts"}],"about":[{"href":"http:\/\/presscouncil-ks.org\/index.php?rest_route=\/wp\/v2\/types\/post"}],"author":[{"embeddable":true,"href":"http:\/\/presscouncil-ks.org\/index.php?rest_route=\/wp\/v2\/users\/2"}],"replies":[{"embeddable":true,"href":"http:\/\/presscouncil-ks.org\/index.php?rest_route=%2Fwp%2Fv2%2Fcomments&post=18015"}],"version-history":[{"count":1,"href":"http:\/\/presscouncil-ks.org\/index.php?rest_route=\/wp\/v2\/posts\/18015\/revisions"}],"predecessor-version":[{"id":18017,"href":"http:\/\/presscouncil-ks.org\/index.php?rest_route=\/wp\/v2\/posts\/18015\/revisions\/18017"}],"wp:featuredmedia":[{"embeddable":true,"href":"http:\/\/presscouncil-ks.org\/index.php?rest_route=\/wp\/v2\/media\/18016"}],"wp:attachment":[{"href":"http:\/\/presscouncil-ks.org\/index.php?rest_route=%2Fwp%2Fv2%2Fmedia&parent=18015"}],"wp:term":[{"taxonomy":"category","embeddable":true,"href":"http:\/\/presscouncil-ks.org\/index.php?rest_route=%2Fwp%2Fv2%2Fcategories&post=18015"},{"taxonomy":"post_tag","embeddable":true,"href":"http:\/\/presscouncil-ks.org\/index.php?rest_route=%2Fwp%2Fv2%2Ftags&post=18015"}],"curies":[{"name":"wp","href":"https:\/\/api.w.org\/{rel}","templated":true}]}}