{"id":17910,"date":"2026-03-19T11:00:43","date_gmt":"2026-03-19T11:00:43","guid":{"rendered":"https:\/\/presscouncil-ks.org\/?p=17910"},"modified":"2026-03-23T16:11:59","modified_gmt":"2026-03-23T16:11:59","slug":"rishikimi-i-kodeve-gazetareske-ne-epoken-digjitale","status":"publish","type":"post","link":"http:\/\/presscouncil-ks.org\/?p=17910","title":{"rendered":"Rishikimi i kodeve gazetareske n\u00eb epok\u00ebn digjitale"},"content":{"rendered":"<p><strong>Hap\u00ebsira digjitale, rrjetet sociale dhe mjetet e bazuara n\u00eb inteligjenc\u00ebn artificiale n\u00eb dekad\u00ebn e fundit kan\u00eb ndryshuar rr\u00ebnj\u00ebsisht m\u00ebnyr\u00ebn se si funksionojn\u00eb mediat.<\/strong><\/p>\n<p><strong>\u00a0<\/strong><\/p>\n<p><strong><em>Shkruajn\u00eb: Aneta Duroviq dhe Hilma Unkiq Begiq<\/em><\/strong><\/p>\n<p><em>\u00a0<\/em><\/p>\n<p>Kodet e etik\u00ebs, t\u00eb cilat i ndihmojn\u00eb gazetar\u00ebt dhe redaktor\u00ebt n\u00eb marrjen e vendimeve t\u00eb r\u00ebnd\u00ebsishme profesionale dhe zgjidhjen e dilemave etike, po kalojn\u00eb n\u00ebp\u00ebr nj\u00eb proces rishikimi dhe ndryshimesh n\u00eb t\u00eb gjith\u00eb rajonin. Nd\u00ebrsa grupet e pun\u00ebs q\u00eb punojn\u00eb p\u00ebr k\u00ebto ndryshime n\u00eb disa vende kan\u00eb vendosur t\u00eb b\u00ebjn\u00eb ndryshime t\u00eb detajuara n\u00eb p\u00ebrmbajtjet ekzistuese, n\u00eb vende t\u00eb tjera fokusi \u00ebsht\u00eb n\u00eb nenet e reja q\u00eb p\u00ebrcaktojn\u00eb fenomene t\u00eb tilla si<strong>e <\/strong>drejta p\u00ebr t&#8217;u harruar, menaxhimi i komenteve t\u00eb audienc\u00ebs ose t\u00eb drejtat e autorit. V\u00ebmendja m\u00eb e madhe, megjithat\u00eb, i kushtohet rishikimit t\u00eb kodit p\u00ebr t\u00eb p\u00ebrcaktuar detyrimet e profesionist\u00ebve t\u00eb medias kur p\u00ebrdorin mjete t\u00eb inteligjenc\u00ebs artificiale.<\/p>\n<p>&nbsp;<\/p>\n<p>Cilado qoft\u00eb qasja q\u00eb kan\u00eb zgjedhur n\u00eb k\u00ebt\u00eb proces, profesionist\u00ebt n\u00eb Ballkanin Per\u00ebndimor q\u00eb besojn\u00eb n\u00eb r\u00ebnd\u00ebsin\u00eb e vet\u00ebrregullimit, besojn\u00eb se kodet etike duhet t&#8217;iu p\u00ebrgjigjen ndryshimeve q\u00eb sjell epoka digjitale. Megjithat\u00eb, ata jan\u00eb t\u00eb vet\u00ebdijsh\u00ebm se dokumentet e shkruara parashikojn\u00eb nj\u00eb praktik\u00eb t\u00eb idealizuar t\u00eb gazetaris\u00eb, e cila \u00ebsht\u00eb e v\u00ebshtir\u00eb t\u00eb arrihet n\u00eb nj\u00eb mjedis realist dhe jasht\u00ebzakonisht stresues p\u00ebr gazetar\u00ebt. \u00cbsht\u00eb e v\u00ebshtir\u00eb &#8211; por kjo nuk do t\u00eb thot\u00eb q\u00eb nuk duhet p\u00ebrpjekur p\u00ebr nj\u00eb gazetari t\u00eb till\u00eb dhe t\u00eb rishikohen vazhdimisht vendimet profesionale.<\/p>\n<p>&nbsp;<\/p>\n<p><span style=\"color: #0000ff;\"><a style=\"color: #0000ff;\" href=\"https:\/\/seenpm.org\/our-media-publications\/\">Nj\u00eb hulumtim i vitit 2023 mbi mekanizmat e vet\u00ebrregullimit n\u00eb Ballkanin Per\u00ebndimor dhe Turqi<\/a><\/span> tregoi se kodet etike gazetareske n\u00eb shumic\u00ebn e vendeve bazohen n\u00eb parime universale si interesi publik, sakt\u00ebsia, mbrojtja e privat\u00ebsis\u00eb, ndalimi i gjuh\u00ebs s\u00eb urrejtjes. Megjithat\u00eb, praktika mediatike n\u00eb vitet e fundit ka hapur nj\u00eb s\u00ebr\u00eb dilemash q\u00eb kodet etike kryesisht nuk i kan\u00eb trajtuar. A mund t\u00eb jen\u00eb burime informacionit p\u00ebrmbajtjet nga rrjetet sociale? Ku fillon dhe ku mbaron p\u00ebrgjegj\u00ebsia e medias p\u00ebr komentet e audienc\u00ebs? Si t\u00eb rregullohet p\u00ebrdorimi i inteligjenc\u00ebs artificiale n\u00eb gazetari? Si t\u00eb sigurohet nj\u00eb ndarje e qart\u00eb e p\u00ebrmbajtjes editoriale dhe asaj reklamuese? K\u00ebto jan\u00eb vet\u00ebm disa nga \u00e7\u00ebshtjet q\u00eb shkaktuan procesin e rishikimit t\u00eb kodeve etike n\u00eb disa vende t\u00eb rajonit.<\/p>\n<p><strong>\u00a0<\/strong><\/p>\n<p><strong>Transparenc\u00eb me inteligjenc\u00eb artificiale<\/strong><\/p>\n<p>&nbsp;<\/p>\n<p><span style=\"color: #0000ff;\"><a style=\"color: #0000ff;\" href=\"https:\/\/nuns.rs\/stupio-na-snagu-kodeks-novinara-i-novinarki-srbije\/\">N\u00eb Serbi, Kodi i ri i gazetar\u00ebve dhe gazetareve<\/a><\/span> hyri n\u00eb fuqi n\u00eb fund t\u00eb vitit 2024, pasi u miratua nga Shoqata e Gazetar\u00ebve t\u00eb Serbis\u00eb dhe Shoqata e Pavarur e Gazetar\u00ebve t\u00eb Serbis\u00eb. P\u00ebrpara k\u00ebsaj, kodi nuk \u00ebsht\u00eb ndryshuar q\u00eb nga miratimi i tij n\u00eb vitin 2006, por jan\u00eb ndryshuar udh\u00ebzimet p\u00ebr zbatimin e kodit n\u00eb mjedisin online, n\u00eb vitet 2016 dhe 2020. Ndryshimet n\u00eb dokumentet etike nuk ndodhin sipas afateve t\u00eb paracaktuara, por kur komuniteti mediatik vler\u00ebson se ka nevoj\u00eb p\u00ebr to, shpjegon Milica Janjatoviq Jovanoviq, autorja e<span style=\"color: #0000ff;\"><a style=\"color: #0000ff;\" href=\"https:\/\/seenpm.org\/research-high-professionalism-with-limited-reach\/\"> hulumtimit mbi vet\u00ebrregullimin e medias n\u00eb Serbi<\/a><\/span>, i cili u krye si pjes\u00eb e iniciativ\u00ebs rajonale <span style=\"color: #0000ff;\"><a style=\"color: #0000ff;\" href=\"https:\/\/seenpm.org\/category\/our-media-news\/\">Our Media<\/a><\/span>.<\/p>\n<p>&nbsp;<\/p>\n<p>N\u00eb kodin e ri u fut nj\u00eb kapitull i ve\u00e7ant\u00eb mbi respektin p\u00ebr dinjitetin, i cili specifikon udh\u00ebzime p\u00ebr raportimin mbi t\u00eb miturit, viktimat e aksidenteve, personat me aft\u00ebsi t\u00eb kufizuara, an\u00ebtar\u00ebt e pakicave komb\u00ebtare dhe popullat\u00ebn LGBT. Gjithashtu u specifikua q\u00eb gazetar\u00ebt nuk raportojn\u00eb nga varrimet, p\u00ebrve\u00e7 n\u00eb rastin e figurave publike t\u00eb profilit t\u00eb lart\u00eb. Ndryshimet theksuan m\u00eb tej pavar\u00ebsin\u00eb e gazetar\u00ebve nga interesat e korporatave, jo vet\u00ebm nga presionet politike, kurse u definuan m\u00eb sakt\u00eb edhe mbrojtja e privat\u00ebsis\u00eb dhe e t\u00eb dh\u00ebnave personale.<\/p>\n<p>&nbsp;<\/p>\n<p>Nd\u00ebr risit\u00eb kryesore b\u00ebjn\u00eb pjes\u00eb edhe p\u00ebrfshirja e t\u00eb drejt\u00ebs p\u00ebr t\u2019u harruar, specifikimi i rregullave mbi p\u00ebrdorimin e p\u00ebrmbajtjes nga rrjetet sociale, rregullimi i moderimit t\u00eb komenteve dhe detyrimi p\u00ebr t\u00eb informuar audienc\u00ebn rreth m\u00ebnyr\u00ebs s\u00eb moderimit, si dhe p\u00ebrfshirja e udh\u00ebzimeve p\u00ebr gjuh\u00ebn e ndjeshme gjinore. Gjithashtu p\u00ebrfshihen dispozita t\u00eb qarta mbi p\u00ebrdorimin e inteligjenc\u00ebs artificiale dhe detyrimi p\u00ebr t\u00eb treguar n\u00ebse p\u00ebrmbajtja \u00ebsht\u00eb krijuar me ndihm\u00ebn e mjeteve t\u00eb inteligjenc\u00ebs artificiale.<\/p>\n<p>&nbsp;<\/p>\n<p>&#8220;Media duhet t\u00eb p\u00ebrdor inteligjenc\u00ebn artificiale n\u00eb krijimin e p\u00ebrmbajtjes n\u00eb m\u00ebnyr\u00eb transparente, t\u00eb p\u00ebrgjegjshme dhe proporcionale dhe \u00ebsht\u00eb plot\u00ebsisht p\u00ebrgjegj\u00ebse p\u00ebr p\u00ebrmbajtjen e publikuar n\u00eb k\u00ebt\u00eb m\u00ebnyr\u00eb. Mediat jan\u00eb t\u00eb detyruara t\u00eb informojn\u00eb publikun se p\u00ebrmbajtja mediatike \u00ebsht\u00eb krijuar duke p\u00ebrdorur mjete t\u00eb bazuara n\u00eb inteligjenc\u00ebn artificiale&#8221;, thuhet n\u00eb kodin e ri.<\/p>\n<p>&nbsp;<\/p>\n<p>Pasi <span style=\"color: #0000ff;\"><a style=\"color: #0000ff;\" href=\"https:\/\/seenpm.org\/research-weak-mechanisms-and-outdated-code-of-ethics\/\">Instituti i Medias i Malit t\u00eb Zi publikoi nj\u00eb hulumtim mbi mekanizmat vet\u00ebrregullues<\/a><\/span> q\u00eb tregonte p\u00ebr nj\u00eb kod etik t\u00eb vjet\u00ebruar, procesi i rishikimit t\u00eb kodit filloi n\u00eb at\u00eb vend, me mb\u00ebshtetjen e OSBE-s\u00eb, K\u00ebshillit t\u00eb Evrop\u00ebs dhe UNESCO-s, n\u00eb vitin 2025 dhe \u00ebsht\u00eb duke vazhduar. Grupi i pun\u00ebs mbledh ekspert\u00eb vendas t\u00eb medias, ombudsman\u00eb dhe gazetar\u00eb, me mb\u00ebshtetjen e ekspertit nd\u00ebrkomb\u00ebtar Joan Barata. Ndryshimet n\u00eb draft u prezantuan vitin e kaluar, pasuar nga komentet dhe sugjerimet nga publiku profesional dhe dokumenti aktualisht po i n\u00ebnshtrohet ndryshimeve p\u00ebrfundimtare.<\/p>\n<p>&nbsp;<\/p>\n<p>Sipas Mihailo Jovoviqit, an\u00ebtar i grupit punues dhe kryeredaktor i t\u00eb p\u00ebrditshmes<\/p>\n<p>\u201cVijesti\u201c t\u00eb Podgoric\u00ebs, parimet themelore t\u00eb dokumentit ekzistues nuk u kontestuan.<\/p>\n<p>&nbsp;<\/p>\n<p>&#8220;Themelet u hodh\u00ebn mir\u00eb n\u00eb vitin 2015. Nuk kishte nevoj\u00eb t\u00eb prekeshin parimet themelore, por t\u00eb shtoheshin udh\u00ebzime m\u00eb t\u00eb sakta p\u00ebr fushat q\u00eb jan\u00eb zhvilluar nd\u00ebrkoh\u00eb&#8221;, thot\u00eb ai.<\/p>\n<p>&nbsp;<\/p>\n<p>Ngjash\u00ebm me vendet e tjera n\u00eb rajon, ndryshimet n\u00eb kodin malazez kan\u00eb t\u00eb b\u00ebjn\u00eb me parimet e rregullimit n\u00eb fush\u00ebn e rrjeteve sociale, burimeve dhe komenteve online, si dhe p\u00ebrdorimin e inteligjenc\u00ebs artificiale.<\/p>\n<p>&nbsp;<\/p>\n<p>&#8220;Thelbi \u00ebsht\u00eb transparenca. N\u00ebse inteligjenca artificiale \u00ebsht\u00eb p\u00ebrdorur n\u00eb nj\u00eb mas\u00eb t\u00eb konsiderueshme n\u00eb krijimin e produktit p\u00ebrfundimtar, kjo duhet t\u00eb tregohet. T\u00eb gjitha standardet jan\u00eb nj\u00ebsoj t\u00eb vlefshme &#8211; pavar\u00ebsisht n\u00ebse p\u00ebrmbajtja \u00ebsht\u00eb krijuar me ndihm\u00ebn e teknologjis\u00eb apo \u00ebsht\u00eb krijuar t\u00ebr\u00ebsisht nga nj\u00eb gazetar&#8221;, pohon Jovoviq.<\/p>\n<p>&nbsp;<\/p>\n<p>Ai thekson se inteligjenca artificiale mund t\u00eb jet\u00eb nj\u00eb mjet i dobish\u00ebm n\u00eb gazetarin\u00eb hukumtuese dhe verifikimin e fakteve, por p\u00ebrgjegj\u00ebsia p\u00ebr p\u00ebrmbajtjen e publikuar iu mbetet gjithmon\u00eb njer\u00ebzve.<\/p>\n<p>&nbsp;<\/p>\n<p><a href=\"https:\/\/institutemedia.org\/kodi-i-etikes-se-gazetarit-code-of-ethics-for-journalists\/\"><span style=\"color: #0000ff;\">Edhe n\u00eb Shqip\u00ebri ekspert\u00ebt e medias iu p\u00ebrkushtuan n\u00eb detaje rregullimit t\u00eb p\u00ebrmbajtjes gazetareske<\/span><\/a> t\u00eb krijuar me ndihm\u00ebn e inteligjenc\u00ebs artificiale. Vitin e kaluar, p\u00ebrve\u00e7 <a href=\"https:\/\/institutemedia.org\/kodi-i-etikes-se-gazetarit-code-of-ethics-for-journalists\/\">rishikimit t\u00eb kodit t\u00eb etik\u00ebs<\/a>, u hartuan<span style=\"color: #0000ff;\"> <a style=\"color: #0000ff;\" href=\"https:\/\/institutemedia.org\/udhezimet-per-perdorimin-etik-te-inteligjences-artificiale-ne-median-shqiptare\/\">udh\u00ebzime<\/a> <\/span>t\u00eb holl\u00ebsishme p\u00ebr p\u00ebrdorimin etik t\u00eb inteligjenc\u00ebs artificiale n\u00eb median shqiptare. Procesi u menaxhua nga Instituti Shqiptar i Medias, me mb\u00ebshtetjen e IFEX dhe grupi punues p\u00ebrb\u00ebhej nga ekspert\u00eb vendas t\u00eb medias dhe eksperti nd\u00ebrkomb\u00ebtar p\u00ebr etik\u00ebn gazetareske, Aidan White.<\/p>\n<p>&nbsp;<\/p>\n<p>\u201cProcesi i rishikimit u nxit nga zgjerimi i shpejt\u00eb i p\u00ebrdorimit t\u00eb inteligjenc\u00ebs artificiale n\u00eb media, gj\u00eb q\u00eb \u00e7oi n\u00eb sfida dhe dilema serioze p\u00ebr gazetar\u00ebt dhe aktor\u00ebt e tjer\u00eb t\u00eb medias, prandaj u konsiderua e nevojshme q\u00eb k\u00ebto sfida t\u00eb adresoheshin n\u00eb mas\u00ebn m\u00eb t\u00eb madhe t\u00eb mundshme\u201d, shpjegon Instituti Shqiptar i Medias, duke shtuar se u konsultuan dokumente nga organizata t\u00eb ndryshme, t\u00eb tilla si ato t\u00eb miratuara nga Bashkimi Evropian, K\u00ebshilli i Evrop\u00ebs dhe <span style=\"color: #0000ff;\"><a style=\"color: #0000ff;\" href=\"https:\/\/rsf.org\/en\/paris-charter-ai-and-journalism\">Karta e Parisit mbi Inteligjenc\u00ebn Artificiale<\/a><\/span> dhe Median, si dhe udh\u00ebzimet e organizatave mediatike si Reuters dhe Washington Post.<\/p>\n<p>&nbsp;<\/p>\n<p>S\u00eb bashku me detyrimin p\u00ebr transparenc\u00eb gjat\u00eb p\u00ebrdorimit t\u00eb mjeteve t\u00eb inteligjenc\u00ebs artificiale dhe mbik\u00ebqyrjes njer\u00ebzore mbi k\u00ebt\u00eb proces, mediat n\u00eb Shqip\u00ebri jan\u00eb t\u00eb detyruara t\u00eb rishikojn\u00eb politikat e tyre mbi p\u00ebrdorimin e inteligjenc\u00ebs artificiale kur lind nevoja.<\/p>\n<p>&nbsp;<\/p>\n<p>&#8220;Organizatat mediatike duhet t\u00eb rishikojn\u00eb periodikisht politikat dhe udh\u00ebzimet e tyre n\u00eb lidhje me p\u00ebrdorimin e inteligjenc\u00ebs artificiale p\u00ebr t\u00eb siguruar q\u00eb ato jan\u00eb n\u00eb p\u00ebrputhje me nevojat e audienc\u00ebs dhe p\u00ebrparimet teknologjike&#8221;, thuhet n\u00eb udh\u00ebzime.<\/p>\n<p>&nbsp;<\/p>\n<p>P\u00ebr m\u00eb tep\u00ebr, mediat pritet t\u00eb zbulojn\u00eb publikisht informacion n\u00eb lidhje me politikat dhe procedurat e tyre p\u00ebr p\u00ebrdorimin e inteligjenc\u00ebs artificiale, duke informuar audienc\u00ebn se si dhe pse p\u00ebrdoret ajo.<\/p>\n<p>&nbsp;<\/p>\n<p>Edhe pse ato jan\u00eb nj\u00eb hap i r\u00ebnd\u00ebsish\u00ebm n\u00eb rregullim, ndryshimet n\u00eb kod dhe udh\u00ebzimet e reja p\u00ebr p\u00ebrdorimin e veglave t\u00eb inteligjenc\u00ebs artificiale n\u00eb gazetari, n\u00eb vetvete nuk jan\u00eb t\u00eb mjaftueshme, jan\u00eb t\u00eb vet\u00ebdijsh\u00ebm studiuesit e medias n\u00eb rajon.<\/p>\n<p>&nbsp;<\/p>\n<p>&#8220;Kjo nuk \u00ebsht\u00eb di\u00e7ka q\u00eb do t\u00eb identifikohet dhe zgjidhet menj\u00ebher\u00eb vet\u00ebm p\u00ebr shkak t\u00eb rregullave. Ky proces k\u00ebrkon koh\u00eb dhe p\u00ebr k\u00ebt\u00eb arsye shpresojm\u00eb q\u00eb n\u00eb t\u00eb ardhmen do t\u00eb kemi nj\u00eb qasje praktike dhe trajnim p\u00ebr profesionist\u00ebt e medias&#8221;, thot\u00eb Ilda Londo, hulumtuese n\u00eb Institutin Shqiptar t\u00eb Medias, e cila ka studiuar <span style=\"color: #0000ff;\"><a style=\"color: #0000ff;\" href=\"https:\/\/seenpm.org\/research-low-priority-for-ethical-issues\/\">mekanizmat vet\u00ebrregullues n\u00eb k\u00ebt\u00eb vend.<\/a><\/span><\/p>\n<p>&nbsp;<\/p>\n<p><strong>Profilet personale t\u00eb gazetar\u00ebve, t\u00eb drejtat e autorit dhe &#8220;rishkrimi&#8221;<\/strong><\/p>\n<p>&nbsp;<\/p>\n<p>Teksti i ri i kodit malazez sqaron gjithashtu detyrimet e gazetar\u00ebve q\u00eb kan\u00eb t\u00eb b\u00ebjn\u00eb me sjelljen n\u00eb profilet personale n\u00eb rrjetet sociale.<\/p>\n<p>&nbsp;<\/p>\n<p>&#8220;Nuk do t\u00eb ishte e drejt\u00eb q\u00eb dikush t\u00eb sillet n\u00eb m\u00ebnyr\u00eb joetike n\u00eb nj\u00eb profil privat, p\u00ebr shembull duke p\u00ebrhapur gjuh\u00eb urrejtjeje, nd\u00ebrsa nga ana tjet\u00ebr ai \u00ebsht\u00eb zyrtarisht gazetar. K\u00ebto gj\u00ebra nuk shkojn\u00eb s\u00eb bashku&#8221;, shpjegon Ranko Vujoviq, kryetar i K\u00ebshillit p\u00ebr Vet\u00ebrregullim n\u00eb Mal t\u00eb Zi.<\/p>\n<p>&nbsp;<\/p>\n<p>Nj\u00eb risi e madhe \u00ebsht\u00eb p\u00ebrfshirja e s\u00eb drejt\u00ebs p\u00ebr t\u2019u harruar me q\u00ebllim mbrojtjen e personave q\u00eb nuk jan\u00eb zyrtar\u00eb publik\u00eb, t\u00eb cil\u00ebt mund t\u00eb vuajn\u00eb pasoja afatgjata p\u00ebr shkak t\u00eb informacionit t\u00eb publikuar shum\u00eb vite m\u00eb par\u00eb.<\/p>\n<p>&nbsp;<\/p>\n<p>&#8220;Konsideruam se p\u00ebr shkak t\u00eb faktit se interneti &#8216;kujton gjith\u00e7ka&#8217;, \u00ebsht\u00eb e nevojshme t&#8217;u ofrohet mbrojtje personave q\u00eb nuk jan\u00eb zyrtar\u00eb publik\u00eb. K\u00ebta jan\u00eb njer\u00ebz t\u00eb zakonsh\u00ebm q\u00eb, p\u00ebr shembull, n\u00eb rinin\u00eb e tyre kan\u00eb b\u00ebr\u00eb nj\u00eb gabim ose kan\u00eb kryer nj\u00eb akt t\u00eb paligjsh\u00ebm dhe kjo histori mediatike i ndjek ata gjat\u00eb gjith\u00eb jet\u00ebs s\u00eb tyre. Ideja \u00ebsht\u00eb t\u00eb mund\u00ebsohet mbrojtja e personave t\u00eb till\u00eb n\u00eb rrethana t\u00eb caktuara, ve\u00e7an\u00ebrisht kur informacioni nuk \u00ebsht\u00eb m\u00eb me interes publik, por ende ka pasoja t\u00eb r\u00ebnda p\u00ebr jet\u00ebn e tyre private dhe profesionale&#8221;, specifikon Vujoviq.<\/p>\n<p>&nbsp;<\/p>\n<p>N\u00eb dokumentin e ri, p\u00ebr her\u00eb t\u00eb par\u00eb, fusha e t\u00eb drejt\u00ebs s\u00eb autorit, pra pron\u00ebsia intelektuale, trajtohet n\u00eb detaje.<\/p>\n<p>&nbsp;<\/p>\n<p>&#8220;Kjo \u00ebsht\u00eb jasht\u00ebzakonisht e r\u00ebnd\u00ebsishme p\u00ebr shkak t\u00eb atyre, le t&#8217;i quajm\u00eb media, kopjuesve. Ky kod do t\u00eb p\u00ebrcaktoj\u00eb q\u00eb p\u00ebrmbajtja nga mediat e tjera nuk mund t\u00eb p\u00ebrdoret pa leje dhe duke e vjedhur, si\u00e7 ndodh shpesh n\u00eb Mal t\u00eb Zi&#8221;, thot\u00eb Mihailo Jovoviq.<\/p>\n<p>&nbsp;<\/p>\n<p>Gjithashtu, p\u00ebrmbajtja e marr\u00eb nga rrjetet sociale duhet t\u00eb verifikohet n\u00eb t\u00eb nj\u00ebjt\u00ebn m\u00ebnyr\u00eb si burimet tradicionale, me citim t\u00eb burimit dhe verifikim t\u00eb v\u00ebrtet\u00ebsis\u00eb s\u00eb rr\u00ebfimeve, fotografive ose xhirimeve.<\/p>\n<p>&nbsp;<\/p>\n<p>N\u00eb udh\u00ebzimet p\u00ebr kodin n\u00eb Shqip\u00ebri p\u00ebrcaktohet se p\u00ebrdorimi i inteligjenc\u00ebs artificiale nuk e liron median nga detyrimi p\u00ebr t\u00eb respektuar t\u00eb drejt\u00ebn e autorit. Nga redaktor\u00ebt pritet q\u00eb t\u00eb ken\u00eb kujdes q\u00eb p\u00ebrmbajtja e krijuar n\u00eb k\u00ebt\u00eb m\u00ebnyr\u00eb t\u00eb mos p\u00ebrfshij\u00eb pjes\u00eb t\u00eb mbrojtura me t\u00eb drejt\u00eb autori, ose n\u00ebse i p\u00ebrfshin, duhet ta deklarojn\u00eb qart\u00eb burimin.<\/p>\n<p>&nbsp;<\/p>\n<p><strong>Shk\u00ebmbimi i p\u00ebrvojave<\/strong><\/p>\n<p>&nbsp;<\/p>\n<p>N\u00eb fund t\u00eb shkurtit, p\u00ebrfaq\u00ebsues t\u00eb organeve vet\u00ebrregulluese dhe mediave nga Ballkani Per\u00ebndimor dhe Turqia mor\u00ebn pjes\u00eb n\u00eb nj\u00eb diskutim n\u00eb panel online kushtuar rishikimit t\u00eb kodeve etike n\u00eb rajon. M\u00eb shum\u00eb se 40 pjes\u00ebmarr\u00ebs t\u00eb eventit &#8220;Modernizimi i Kodeve t\u00eb Etik\u00ebs Gazetare: Perspektiva Rajonale&#8221; pat\u00ebn mund\u00ebsin\u00eb t\u00eb shk\u00ebmbenin informacione rreth procesit t\u00eb rishikimit t\u00eb kodeve etike, me fokus n\u00eb Malin e Zi dhe Shqip\u00ebri, kurse p\u00ebrfaq\u00ebsues t\u00eb mekanizmave vet\u00ebrregullues nga vende t\u00eb tjera fol\u00ebn p\u00ebr p\u00ebrvojat dhe planet p\u00ebr t\u00eb ardhmen. K\u00ebshtu, <a href=\"https:\/\/balkaninsight.com\/2024\/02\/20\/kosovo-press-council-updates-code-of-ethics-to-combat-ai-risks\/bi\/\"><span style=\"color: #0000ff;\">pjes\u00ebmarr\u00ebsit nga Kosova deklaruan se kodi i etik\u00ebs n\u00eb k\u00ebt\u00eb vend u rishikua gjithashtu n\u00eb vitin 2024<\/span><\/a> me q\u00ebllim adresimin e p\u00ebrdorimit t\u00eb inteligjenc\u00ebs artificiale n\u00eb p\u00ebrmbajtjen mediatike. Ata planifikojn\u00eb t\u00eb zhvillojn\u00eb udh\u00ebzime shtes\u00eb mbi k\u00ebt\u00eb tem\u00eb q\u00eb do t\u00eb mb\u00ebshteten n\u00eb<span style=\"color: #0000ff;\"> <a style=\"color: #0000ff;\" href=\"https:\/\/europeanjournalists.org\/blog\/2025\/09\/30\/efj-publishes-its-position-on-artificial-intelligence-in-journalism\/\">udh\u00ebzimet<\/a><\/span> e publikuara s\u00eb fundmi t\u00eb Federat\u00ebs Evropiane t\u00eb Gazetar\u00ebve.<\/p>\n<p>&nbsp;<\/p>\n<p>Pjesa tjet\u00ebr e tekstit t\u00eb kodit t\u00eb Kosov\u00ebs mbeti e pandryshuar, kurse pjesa q\u00eb lidhet me inteligjenc\u00ebn artificiale u p\u00ebrfshi n\u00eb paragrafin e dyt\u00eb q\u00eb lidhet me raportimin e s\u00eb v\u00ebrtet\u00ebs. Sipas <span style=\"color: #0000ff;\"><a style=\"color: #0000ff;\" href=\"https:\/\/presscouncil-ks.org\/?page_id=9\">K\u00ebshillit t\u00eb Mediave t\u00eb Shkruara t\u00eb Kosov\u00ebs<\/a>,<\/span> ndryshimet e shpeshta n\u00eb kod nuk jan\u00eb t\u00eb nevojshme, sepse parimet e gazetaris\u00eb mbeten t\u00eb nj\u00ebjta, madje edhe n\u00eb epok\u00ebn e inteligjenc\u00ebs artificiale dhe lajmeve t\u00eb rreme.<\/p>\n<p>&nbsp;<\/p>\n<p>P\u00ebr m\u00eb tep\u00ebr, nj\u00eb grup mediash n\u00eb k\u00ebt\u00eb vend n\u00ebnshkroi vitin e kaluar<span style=\"color: #0000ff;\"> <a style=\"color: #0000ff;\" href=\"https:\/\/d4d-ks.org\/en\/activities\/code-of-conduct-for-the-responsible-use-of-social-media-during-the-2025-local-elections-in-kosovo\/\">Kodin p\u00ebr P\u00ebrdorimin e P\u00ebrgjegjsh\u00ebm t\u00eb Rrjeteve Sociale gjat\u00eb Zgjedhjeve Lokale t\u00eb vitit 2025<\/a> <\/span>n\u00eb Kosov\u00eb. N\u00ebnshkruesit, t\u00eb cil\u00ebt p\u00ebrfshijn\u00eb, p\u00ebrve\u00e7 gazetar\u00ebve, politikan\u00eb dhe p\u00ebrfaq\u00ebsues t\u00eb shoq\u00ebris\u00eb civile, me k\u00ebt\u00eb dokument angazhohen t\u00eb shmangin p\u00ebrhapjen e dezinformatave, gjuh\u00ebs s\u00eb urrejtjes, ngacmimeve dhe p\u00ebrmbajtjeve t\u00eb tjera t\u00eb d\u00ebmshme. P\u00ebrve\u00e7 k\u00ebsaj, ata nuk do t\u00eb p\u00ebrdorin rrjete t\u00eb koordinuara llogarish n\u00eb rrjetet sociale p\u00ebr t\u00eb manipuluar diskutimet online me q\u00ebllim shfaqjen e mb\u00ebshtetjes s\u00eb rreme.<\/p>\n<p>&nbsp;<\/p>\n<p>N\u00eb Bosnj\u00eb dhe Hercegovin\u00eb, i gjith\u00eb <a href=\"https:\/\/vzs.ba\/kodeks-za-stampane-i-online-medije-bih\/\"><span style=\"color: #0000ff;\">rishikimi i kodit<\/span><\/a> u zhvillua n\u00eb vitin 2022. M\u00eb pas, n\u00eb fund t\u00eb vitit 2024, K\u00ebshilli i Mediave t\u00eb Shkruara dhe Online i Bosnj\u00ebs dhe Hercegovin\u00ebs publikoi nj\u00eb <span style=\"color: #0000ff;\"><a style=\"color: #0000ff;\" href=\"https:\/\/vzs.ba\/prirucnik-za-primjenu-kodeksa-za-stampane-i-online-medije-u-bosni-i-hercegovini\/\">manual<\/a> <\/span>p\u00ebr zbatimin e kodit, s\u00eb bashku me t\u00eb cilin u zhvillua<span style=\"color: #0000ff;\"> <a style=\"color: #0000ff;\" href=\"https:\/\/vzs.ba\/prirucnik-za-primjenu-kodeksa-za-stampane-i-online-medije-u-bosni-i-hercegovini\/\">Lista e Kontrollit Etik<\/a>,<\/span> nj\u00eb mjet q\u00eb mund\u00ebson kontrollin e mas\u00ebs n\u00eb t\u00eb cil\u00ebn nj\u00eb tekst ose p\u00ebrmbajtje e caktuar mediatike p\u00ebrputhet me dispozita t\u00eb caktuara t\u00eb kodit. Gjithashtu, si nj\u00eb burim shtes\u00eb p\u00ebr zbatimin e kodit, u publikuan edhe \u201c<span style=\"color: #0000ff;\"><a style=\"color: #0000ff;\" href=\"https:\/\/vzs.ba\/wp-content\/uploads\/2025\/08\/Handbook-on-countering-disinformation-min.pdf\">Metodologjia p\u00ebr angazhimin mediatik t\u00eb organizatave joqeveritare n\u00eb Bosnj\u00eb dhe Hercegovin\u00eb<\/a><\/span>\u201c dhe <span style=\"color: #0000ff;\">\u201c<a style=\"color: #0000ff;\" href=\"https:\/\/vzs.ba\/wp-content\/uploads\/2025\/08\/Handbook-on-countering-disinformation-min.pdf\">Manuali p\u00ebr t\u00eb kuptuar dezinformimin<\/a>\u201c.<\/span><\/p>\n<p>&nbsp;<\/p>\n<p>Kodi i Etik\u00ebs n\u00eb BeH nuk merret me p\u00ebrdorimin e inteligjenc\u00ebs artificiale, por K\u00ebshilli i Mediave t\u00eb Shkruara dhe Online konsideron se e ka mbuluar at\u00eb pjes\u00eb n\u00ebp\u00ebrmjet dispozitave t\u00eb tjera.<\/p>\n<p>&nbsp;<\/p>\n<p>&#8220;Ne e parashikuam k\u00ebt\u00eb me nenin &#8216;P\u00ebrdorimi i teknologjive t\u00eb informacionit&#8217; dhe mund t\u00eb zbatohet plot\u00ebsisht si p\u00ebrgjigje ndaj sfidave moderne, duke theksuar p\u00ebrgjegj\u00ebsin\u00eb editoriale kur p\u00ebrdoret \u00e7do form\u00eb e teknologjis\u00eb s\u00eb re. At\u00ebher\u00eb nuk ekzistonte inteligjenca artificiale, por mund t\u00eb zbatohet sepse \u00ebsht\u00eb nj\u00eb teknologji e re&#8221;, tha K\u00ebshilli i Mediave t\u00eb Shkruara dhe Online i Bosnj\u00ebs dhe Hercegovin\u00ebs, duke shtuar se k\u00ebt\u00eb vit, megjithat\u00eb, ata do ta rafinojn\u00eb kodin n\u00eb m\u00ebnyr\u00eb q\u00eb t\u00eb p\u00ebrmbaj\u00eb dispozita shtes\u00eb mbi inteligjenc\u00ebn artificiale.<\/p>\n<p>&nbsp;<\/p>\n<p>N\u00eb Maqedonin\u00eb e Veriut, rishikimi i kodit t\u00eb etik\u00ebs po koordinohet aktualisht nga Shoqata e Gazetar\u00ebve dhe Instituti Maqedonas i Medias. Versioni i ri i dokumentit do t\u00eb pasqyroj\u00eb nevojat moderne t\u00eb sektorit t\u00eb medias, me fokus n\u00eb teknologjit\u00eb e reja, p\u00ebrdorimin e inteligjenc\u00ebs artificiale dhe aspekte t\u00eb tjera moderne t\u00eb praktik\u00ebs gazetareske.<\/p>\n<p>&nbsp;<\/p>\n<p>\u201c\u00cbsht\u00eb planifikuar q\u00eb kodi t\u00eb promovohet n\u00eb pranver\u00ebn e vitit 2026, pasuar nga nj\u00eb fushat\u00eb publike gjat\u00eb ver\u00ebs dhe vjesht\u00ebs me q\u00ebllim edukimin e publikut dhe profesionist\u00ebve t\u00eb medias rreth zbatimit praktik t\u00eb kodit\u201d, shpjegon Instituti Maqedonas i Medias.<\/p>\n<p>&nbsp;<\/p>\n<p>N\u00eb Turqi, <a href=\"https:\/\/seenpm.org\/research-turkey-difficult-task-in-suppressed-media-environment\/\"><span style=\"color: #0000ff;\">e cila u p\u00ebrfshi gjithashtu<\/span><\/a> n\u00eb anket\u00ebn e madhe rajonale mbi mekanizmat vet\u00ebrregullues nga viti 2023, situata \u00ebsht\u00eb m\u00eb komplekse. N\u00eb vitet e fundit, K\u00ebshilli i Mediave t\u00eb Shkruara dhe Shoqata e Gazetar\u00ebve Turq kan\u00eb rishikuar kodet e tyre etike p\u00ebr t\u00eb p\u00ebrfshir\u00eb detyrimet n\u00eb lidhje me rrjetet sociale, inteligjenc\u00ebn artificiale dhe sfidat e tjera moderne teknologjike. Sinem Ayd\u0131nl\u0131, hulumtuese e medias nga Bianet, shpjegon se si sektori tashm\u00eb i vog\u00ebl i medias s\u00eb pavarur n\u00eb Turqi ka gjithashtu nj\u00eb infrastruktur\u00eb etike t\u00eb dob\u00ebt dhe shum\u00eb t\u00eb fragmentuar.<\/p>\n<p>&nbsp;<\/p>\n<p>&#8220;Nuk ka nj\u00eb trup qendror p\u00ebrgjegj\u00ebs p\u00ebr p\u00ebrdit\u00ebsimin e kodeve etike gazetareske, standardet kryesisht form\u00ebsohen nga shoqatat profesionale dhe mediat individuale me iniciativ\u00ebn e tyre&#8221;.<\/p>\n<p>&nbsp;<\/p>\n<p>Gjat\u00eb dy viteve t\u00eb fundit, <span style=\"color: #0000ff;\"><a style=\"color: #0000ff;\" href=\"https:\/\/gc-tr.org\/medya-konferansi-2025-dijital-tekeller-tehditler-ve-arayislar\/\">Shoqata e Gazetar\u00ebve t\u00eb Turqis\u00eb organizoi konferenca<\/a><\/span> me akter\u00eb t\u00eb ndrysh\u00ebm, n\u00eb t\u00eb cilat u diskutuan monopolet digjitale, k\u00ebrc\u00ebnimet e reja ndaj medias dhe p\u00ebrgjigjet e mundshme politike, mbi baz\u00ebn e t\u00eb cilave u publikua nj\u00eb deklarat\u00eb dhe, po ashtu, e nj\u00ebjta shoqat\u00eb nisi publikimin e nj\u00eb <span style=\"color: #0000ff;\"><a style=\"color: #0000ff;\" href=\"https:\/\/www.tgc.org.tr\/18-slider\/5455-tgc-medyada-etik-i%CC%87zleme-b%C3%BClteni%E2%80%99ni-yay%C4%B1nlad%C4%B1.html\">buletin p\u00ebr monitorimin e etik\u00ebs s\u00eb medias<\/a><\/span>, i cili analizon raste specifike gazetareske dhe respektimin e standardeve etike.<\/p>\n<p>&nbsp;<\/p>\n<p>Kodet etike gazetareske jan\u00eb themelet e vet\u00ebrregullimit t\u00eb medias. Ndryshimi i tyre \u00ebsht\u00eb i nevojsh\u00ebm n\u00eb mas\u00ebn q\u00eb gazetar\u00ebt dhe redaktor\u00ebt kan\u00eb nevoj\u00eb p\u00ebr udh\u00ebzime, p\u00ebr t\u00eb vepruar n\u00eb rrethana t\u00eb reja. Prandaj, \u00ebsht\u00eb e r\u00ebnd\u00ebsishme q\u00eb organet vet\u00ebrregulluese dhe komunitetet mediatike n\u00eb rajon t\u00eb shohin vazhdimisht n\u00eb pik\u00ebpyetje se sa mir\u00eb korrespondojn\u00eb kodet e tyre etike nacionale komb\u00ebtare me k\u00ebto nevoja.<\/p>\n<p>&nbsp;<\/p>\n<p>Megjithat\u00eb, nuk duhet harruar se <span style=\"color: #0000ff;\"><a style=\"color: #0000ff;\" href=\"https:\/\/research.tuni.fi\/ethicnet\/country\/ifj-declaration-of-principles-on-the-conduct-of-journalists\/\">postulatet themelore t\u00eb profesionit<\/a> <\/span>do t\u00eb mbeten t\u00eb pandryshuara p\u00ebr sa koh\u00eb q\u00eb ekziston gazetaria. Profesionist\u00ebt q\u00eb i p\u00ebrvet\u00ebsojn\u00eb k\u00ebto vlera n\u00eb m\u00ebnyr\u00ebn e duhur do t\u00eb din\u00eb shum\u00eb m\u00eb leht\u00eb se si t&#8217;i zbatojn\u00eb ato n\u00eb sfidat q\u00eb sjell epoka digjitale.<\/p>\n<p>&nbsp;<\/p>\n<div class=\"x14z9mp xat24cr x1lziwak x1vvkbs xtlvy1s x126k92a\">\n<div dir=\"auto\"><\/div>\n<div dir=\"auto\"><em>(Programi rajonal \u201cMedia Jon\u00eb: Nj\u00eb veprim i shoq\u00ebris\u00eb civile p\u00ebr t\u00eb gjeneruar njohuri mediatike dhe aktiviz\u00ebm, p\u00ebr t\u00eb luftuar polarizimin dhe p\u00ebr t\u00eb promovuar dialogun\u201d zbatohet me mb\u00ebshtetjen financiare t\u00eb Bashkimit Evropian nga organizatat partnere <span style=\"color: #0000ff;\"><a style=\"color: #0000ff;\" href=\"https:\/\/seenpm.org\/\">SEENPM<\/a>,\u00a0<a style=\"color: #0000ff;\" href=\"https:\/\/institutemedia.org\/\">Instituti Shqiptar i Medias<\/a>,\u00a0<a style=\"color: #0000ff;\" href=\"https:\/\/www.media.ba\/bs\">Qendra Mediale n\u00eb Sarajev\u00eb<\/a>,\u00a0<a style=\"color: #0000ff;\" href=\"https:\/\/presscouncil-ks.org\/\">K\u00ebshilli i Mediave t\u00eb Shkruara i Kosov\u00ebs<\/a>,\u00a0<a style=\"color: #0000ff;\" href=\"https:\/\/www.mminstitute.org\/en\/\">Instituti Mediatik i Malit t\u00eb Zi<\/a>,\u00a0<a style=\"color: #0000ff;\" href=\"https:\/\/mim.org.mk\/en\/\">Instituti i Medias i Maqedonis\u00eb<\/a>,\u00a0<a style=\"color: #0000ff;\" href=\"https:\/\/novinarska-skola.org.rs\/srbija-opet-pala-na-listi-reportera-bez-granica\/?lang=en\">Shkolla e Gazetaris\u00eb Novi Sad<\/a>,\u00a0<a style=\"color: #0000ff;\" href=\"https:\/\/www.mirovni-institut.si\/en\/\">Instituti i Paqes<\/a>\u00a0dhe\u00a0<a style=\"color: #0000ff;\" href=\"https:\/\/bianet.org\/english\">Bianet<\/a>.<\/span><\/em><\/div>\n<\/div>\n<p>&nbsp;<\/p>\n<p>&nbsp;<\/p>\n<p><em>Ky artikull u prodhua me mb\u00ebshtetjen financiare t\u00eb Bashkimit Evropian. P\u00ebrmbajtja e tij \u00ebsht\u00eb p\u00ebrgjegj\u00ebsi e vetme e SEENPM dhe nuk pasqyron domosdoshm\u00ebrisht pik\u00ebpamjet e Bashkimit Evropian)<\/em><\/p>\n<p>&nbsp;<\/p>\n","protected":false},"excerpt":{"rendered":"<p>Hap\u00ebsira digjitale, rrjetet sociale dhe mjetet e bazuara n\u00eb inteligjenc\u00ebn artificiale n\u00eb dekad\u00ebn e fundit kan\u00eb ndryshuar rr\u00ebnj\u00ebsisht m\u00ebnyr\u00ebn se si funksionojn\u00eb mediat. \u00a0 Shkruajn\u00eb: Aneta Duroviq dhe Hilma Unkiq Begiq \u00a0 Kodet e etik\u00ebs, t\u00eb cilat i ndihmojn\u00eb gazetar\u00ebt dhe redaktor\u00ebt n\u00eb marrjen e vendimeve t\u00eb r\u00ebnd\u00ebsishme profesionale dhe zgjidhjen e dilemave etike, po [&hellip;]<\/p>\n","protected":false},"author":2,"featured_media":17911,"comment_status":"open","ping_status":"open","sticky":false,"template":"","format":"standard","meta":{"footnotes":""},"categories":[92],"tags":[],"class_list":["post-17910","post","type-post","status-publish","format-standard","has-post-thumbnail","hentry","category-news-sq"],"acf":{"video_title":"","video":false},"yoast_head":"<!-- This site is optimized with the Yoast SEO plugin v28.3 - https:\/\/yoast.com\/product\/yoast-seo-wordpress\/ -->\n<title>Rishikimi i kodeve gazetareske n\u00eb epok\u00ebn digjitale - K\u00ebshilli i Mediave t\u00eb Shkruara t\u00eb Kosov\u00ebs | P\u00ebr nj\u00eb gazetari etike dhe profesionale<\/title>\n<meta name=\"robots\" content=\"index, follow, max-snippet:-1, max-image-preview:large, max-video-preview:-1\" \/>\n<link rel=\"canonical\" href=\"http:\/\/presscouncil-ks.org\/?p=17910\" \/>\n<meta property=\"og:locale\" content=\"en_US\" \/>\n<meta property=\"og:type\" content=\"article\" \/>\n<meta property=\"og:title\" content=\"Rishikimi i kodeve gazetareske n\u00eb epok\u00ebn digjitale - K\u00ebshilli i Mediave t\u00eb Shkruara t\u00eb Kosov\u00ebs | P\u00ebr nj\u00eb gazetari etike dhe profesionale\" \/>\n<meta property=\"og:description\" content=\"Hap\u00ebsira digjitale, rrjetet sociale dhe mjetet e bazuara n\u00eb inteligjenc\u00ebn artificiale n\u00eb dekad\u00ebn e fundit kan\u00eb ndryshuar rr\u00ebnj\u00ebsisht m\u00ebnyr\u00ebn se si funksionojn\u00eb mediat. \u00a0 Shkruajn\u00eb: Aneta Duroviq dhe Hilma Unkiq Begiq \u00a0 Kodet e etik\u00ebs, t\u00eb cilat i ndihmojn\u00eb gazetar\u00ebt dhe redaktor\u00ebt n\u00eb marrjen e vendimeve t\u00eb r\u00ebnd\u00ebsishme profesionale dhe zgjidhjen e dilemave etike, po [&hellip;]\" \/>\n<meta property=\"og:url\" content=\"http:\/\/presscouncil-ks.org\/?p=17910\" \/>\n<meta property=\"og:site_name\" content=\"K\u00ebshilli i Mediave t\u00eb Shkruara t\u00eb Kosov\u00ebs | P\u00ebr nj\u00eb gazetari etike dhe profesionale\" \/>\n<meta property=\"article:publisher\" content=\"https:\/\/www.facebook.com\/KMSHKosove\" \/>\n<meta property=\"article:published_time\" content=\"2026-03-19T11:00:43+00:00\" \/>\n<meta property=\"article:modified_time\" content=\"2026-03-23T16:11:59+00:00\" \/>\n<meta property=\"og:image\" content=\"http:\/\/presscouncil-ks.org\/wp-content\/uploads\/2026\/03\/kmshk-ilustrim-stagnimi.jpg\" \/>\n\t<meta property=\"og:image:width\" content=\"860\" \/>\n\t<meta property=\"og:image:height\" content=\"572\" \/>\n\t<meta property=\"og:image:type\" content=\"image\/jpeg\" \/>\n<meta name=\"author\" content=\"Editor\" \/>\n<meta name=\"twitter:card\" content=\"summary_large_image\" \/>\n<meta name=\"twitter:label1\" content=\"Written by\" \/>\n\t<meta name=\"twitter:data1\" content=\"Editor\" \/>\n\t<meta name=\"twitter:label2\" content=\"Est. reading time\" \/>\n\t<meta name=\"twitter:data2\" content=\"12 minutes\" \/>\n<script type=\"application\/ld+json\" class=\"yoast-schema-graph\">{\"@context\":\"https:\\\/\\\/schema.org\",\"@graph\":[{\"@type\":\"Article\",\"@id\":\"http:\\\/\\\/presscouncil-ks.org\\\/?p=17910#article\",\"isPartOf\":{\"@id\":\"http:\\\/\\\/presscouncil-ks.org\\\/?p=17910\"},\"author\":{\"name\":\"Editor\",\"@id\":\"http:\\\/\\\/presscouncil-ks.org\\\/#\\\/schema\\\/person\\\/b79d30c61264caeb733239c16cc4d673\"},\"headline\":\"Rishikimi i kodeve gazetareske n\u00eb epok\u00ebn digjitale\",\"datePublished\":\"2026-03-19T11:00:43+00:00\",\"dateModified\":\"2026-03-23T16:11:59+00:00\",\"mainEntityOfPage\":{\"@id\":\"http:\\\/\\\/presscouncil-ks.org\\\/?p=17910\"},\"wordCount\":3192,\"commentCount\":0,\"publisher\":{\"@id\":\"http:\\\/\\\/presscouncil-ks.org\\\/#organization\"},\"image\":{\"@id\":\"http:\\\/\\\/presscouncil-ks.org\\\/?p=17910#primaryimage\"},\"thumbnailUrl\":\"http:\\\/\\\/presscouncil-ks.org\\\/wp-content\\\/uploads\\\/2026\\\/03\\\/kmshk-ilustrim-stagnimi.jpg\",\"articleSection\":[\"Lajm\"],\"inLanguage\":\"en-US\",\"potentialAction\":[{\"@type\":\"CommentAction\",\"name\":\"Comment\",\"target\":[\"http:\\\/\\\/presscouncil-ks.org\\\/?p=17910#respond\"]}]},{\"@type\":\"WebPage\",\"@id\":\"http:\\\/\\\/presscouncil-ks.org\\\/?p=17910\",\"url\":\"http:\\\/\\\/presscouncil-ks.org\\\/?p=17910\",\"name\":\"Rishikimi i kodeve gazetareske n\u00eb epok\u00ebn digjitale - K\u00ebshilli i Mediave t\u00eb Shkruara t\u00eb Kosov\u00ebs | P\u00ebr nj\u00eb gazetari etike dhe profesionale\",\"isPartOf\":{\"@id\":\"http:\\\/\\\/presscouncil-ks.org\\\/#website\"},\"primaryImageOfPage\":{\"@id\":\"http:\\\/\\\/presscouncil-ks.org\\\/?p=17910#primaryimage\"},\"image\":{\"@id\":\"http:\\\/\\\/presscouncil-ks.org\\\/?p=17910#primaryimage\"},\"thumbnailUrl\":\"http:\\\/\\\/presscouncil-ks.org\\\/wp-content\\\/uploads\\\/2026\\\/03\\\/kmshk-ilustrim-stagnimi.jpg\",\"datePublished\":\"2026-03-19T11:00:43+00:00\",\"dateModified\":\"2026-03-23T16:11:59+00:00\",\"breadcrumb\":{\"@id\":\"http:\\\/\\\/presscouncil-ks.org\\\/?p=17910#breadcrumb\"},\"inLanguage\":\"en-US\",\"potentialAction\":[{\"@type\":\"ReadAction\",\"target\":[\"http:\\\/\\\/presscouncil-ks.org\\\/?p=17910\"]}]},{\"@type\":\"ImageObject\",\"inLanguage\":\"en-US\",\"@id\":\"http:\\\/\\\/presscouncil-ks.org\\\/?p=17910#primaryimage\",\"url\":\"http:\\\/\\\/presscouncil-ks.org\\\/wp-content\\\/uploads\\\/2026\\\/03\\\/kmshk-ilustrim-stagnimi.jpg\",\"contentUrl\":\"http:\\\/\\\/presscouncil-ks.org\\\/wp-content\\\/uploads\\\/2026\\\/03\\\/kmshk-ilustrim-stagnimi.jpg\",\"width\":860,\"height\":572},{\"@type\":\"BreadcrumbList\",\"@id\":\"http:\\\/\\\/presscouncil-ks.org\\\/?p=17910#breadcrumb\",\"itemListElement\":[{\"@type\":\"ListItem\",\"position\":1,\"name\":\"Home\",\"item\":\"https:\\\/\\\/presscouncil-ks.org\\\/\"},{\"@type\":\"ListItem\",\"position\":2,\"name\":\"Rishikimi i kodeve gazetareske n\u00eb epok\u00ebn digjitale\"}]},{\"@type\":\"WebSite\",\"@id\":\"http:\\\/\\\/presscouncil-ks.org\\\/#website\",\"url\":\"http:\\\/\\\/presscouncil-ks.org\\\/\",\"name\":\"https:\\\/\\\/presscouncil-ks.org\\\/\",\"description\":\"\",\"publisher\":{\"@id\":\"http:\\\/\\\/presscouncil-ks.org\\\/#organization\"},\"potentialAction\":[{\"@type\":\"SearchAction\",\"target\":{\"@type\":\"EntryPoint\",\"urlTemplate\":\"http:\\\/\\\/presscouncil-ks.org\\\/?s={search_term_string}\"},\"query-input\":{\"@type\":\"PropertyValueSpecification\",\"valueRequired\":true,\"valueName\":\"search_term_string\"}}],\"inLanguage\":\"en-US\"},{\"@type\":\"Organization\",\"@id\":\"http:\\\/\\\/presscouncil-ks.org\\\/#organization\",\"name\":\"K\u00ebshilli i Mediave t\u00eb Shkruara t\u00eb Kosov\u00ebs\",\"url\":\"http:\\\/\\\/presscouncil-ks.org\\\/\",\"logo\":{\"@type\":\"ImageObject\",\"inLanguage\":\"en-US\",\"@id\":\"http:\\\/\\\/presscouncil-ks.org\\\/#\\\/schema\\\/logo\\\/image\\\/\",\"url\":\"http:\\\/\\\/presscouncil-ks.org\\\/wp-content\\\/uploads\\\/2023\\\/06\\\/cropped-logo.png\",\"contentUrl\":\"http:\\\/\\\/presscouncil-ks.org\\\/wp-content\\\/uploads\\\/2023\\\/06\\\/cropped-logo.png\",\"width\":268,\"height\":166,\"caption\":\"K\u00ebshilli i Mediave t\u00eb Shkruara t\u00eb Kosov\u00ebs\"},\"image\":{\"@id\":\"http:\\\/\\\/presscouncil-ks.org\\\/#\\\/schema\\\/logo\\\/image\\\/\"},\"sameAs\":[\"https:\\\/\\\/www.facebook.com\\\/KMSHKosove\"]},{\"@type\":\"Person\",\"@id\":\"http:\\\/\\\/presscouncil-ks.org\\\/#\\\/schema\\\/person\\\/b79d30c61264caeb733239c16cc4d673\",\"name\":\"Editor\",\"image\":{\"@type\":\"ImageObject\",\"inLanguage\":\"en-US\",\"@id\":\"https:\\\/\\\/secure.gravatar.com\\\/avatar\\\/9534865f39e7b3527010ee17196a76d054b16d731a6a5bfe2f92a071c6e9bf4e?s=96&d=mm&r=g\",\"url\":\"https:\\\/\\\/secure.gravatar.com\\\/avatar\\\/9534865f39e7b3527010ee17196a76d054b16d731a6a5bfe2f92a071c6e9bf4e?s=96&d=mm&r=g\",\"contentUrl\":\"https:\\\/\\\/secure.gravatar.com\\\/avatar\\\/9534865f39e7b3527010ee17196a76d054b16d731a6a5bfe2f92a071c6e9bf4e?s=96&d=mm&r=g\",\"caption\":\"Editor\"},\"url\":\"http:\\\/\\\/presscouncil-ks.org\\\/?author=2\"}]}<\/script>\n<!-- \/ Yoast SEO plugin. -->","yoast_head_json":{"title":"Rishikimi i kodeve gazetareske n\u00eb epok\u00ebn digjitale - K\u00ebshilli i Mediave t\u00eb Shkruara t\u00eb Kosov\u00ebs | P\u00ebr nj\u00eb gazetari etike dhe profesionale","robots":{"index":"index","follow":"follow","max-snippet":"max-snippet:-1","max-image-preview":"max-image-preview:large","max-video-preview":"max-video-preview:-1"},"canonical":"http:\/\/presscouncil-ks.org\/?p=17910","og_locale":"en_US","og_type":"article","og_title":"Rishikimi i kodeve gazetareske n\u00eb epok\u00ebn digjitale - K\u00ebshilli i Mediave t\u00eb Shkruara t\u00eb Kosov\u00ebs | P\u00ebr nj\u00eb gazetari etike dhe profesionale","og_description":"Hap\u00ebsira digjitale, rrjetet sociale dhe mjetet e bazuara n\u00eb inteligjenc\u00ebn artificiale n\u00eb dekad\u00ebn e fundit kan\u00eb ndryshuar rr\u00ebnj\u00ebsisht m\u00ebnyr\u00ebn se si funksionojn\u00eb mediat. \u00a0 Shkruajn\u00eb: Aneta Duroviq dhe Hilma Unkiq Begiq \u00a0 Kodet e etik\u00ebs, t\u00eb cilat i ndihmojn\u00eb gazetar\u00ebt dhe redaktor\u00ebt n\u00eb marrjen e vendimeve t\u00eb r\u00ebnd\u00ebsishme profesionale dhe zgjidhjen e dilemave etike, po [&hellip;]","og_url":"http:\/\/presscouncil-ks.org\/?p=17910","og_site_name":"K\u00ebshilli i Mediave t\u00eb Shkruara t\u00eb Kosov\u00ebs | P\u00ebr nj\u00eb gazetari etike dhe profesionale","article_publisher":"https:\/\/www.facebook.com\/KMSHKosove","article_published_time":"2026-03-19T11:00:43+00:00","article_modified_time":"2026-03-23T16:11:59+00:00","og_image":[{"width":860,"height":572,"url":"http:\/\/presscouncil-ks.org\/wp-content\/uploads\/2026\/03\/kmshk-ilustrim-stagnimi.jpg","type":"image\/jpeg"}],"author":"Editor","twitter_card":"summary_large_image","twitter_misc":{"Written by":"Editor","Est. reading time":"12 minutes"},"schema":{"@context":"https:\/\/schema.org","@graph":[{"@type":"Article","@id":"http:\/\/presscouncil-ks.org\/?p=17910#article","isPartOf":{"@id":"http:\/\/presscouncil-ks.org\/?p=17910"},"author":{"name":"Editor","@id":"http:\/\/presscouncil-ks.org\/#\/schema\/person\/b79d30c61264caeb733239c16cc4d673"},"headline":"Rishikimi i kodeve gazetareske n\u00eb epok\u00ebn digjitale","datePublished":"2026-03-19T11:00:43+00:00","dateModified":"2026-03-23T16:11:59+00:00","mainEntityOfPage":{"@id":"http:\/\/presscouncil-ks.org\/?p=17910"},"wordCount":3192,"commentCount":0,"publisher":{"@id":"http:\/\/presscouncil-ks.org\/#organization"},"image":{"@id":"http:\/\/presscouncil-ks.org\/?p=17910#primaryimage"},"thumbnailUrl":"http:\/\/presscouncil-ks.org\/wp-content\/uploads\/2026\/03\/kmshk-ilustrim-stagnimi.jpg","articleSection":["Lajm"],"inLanguage":"en-US","potentialAction":[{"@type":"CommentAction","name":"Comment","target":["http:\/\/presscouncil-ks.org\/?p=17910#respond"]}]},{"@type":"WebPage","@id":"http:\/\/presscouncil-ks.org\/?p=17910","url":"http:\/\/presscouncil-ks.org\/?p=17910","name":"Rishikimi i kodeve gazetareske n\u00eb epok\u00ebn digjitale - K\u00ebshilli i Mediave t\u00eb Shkruara t\u00eb Kosov\u00ebs | P\u00ebr nj\u00eb gazetari etike dhe profesionale","isPartOf":{"@id":"http:\/\/presscouncil-ks.org\/#website"},"primaryImageOfPage":{"@id":"http:\/\/presscouncil-ks.org\/?p=17910#primaryimage"},"image":{"@id":"http:\/\/presscouncil-ks.org\/?p=17910#primaryimage"},"thumbnailUrl":"http:\/\/presscouncil-ks.org\/wp-content\/uploads\/2026\/03\/kmshk-ilustrim-stagnimi.jpg","datePublished":"2026-03-19T11:00:43+00:00","dateModified":"2026-03-23T16:11:59+00:00","breadcrumb":{"@id":"http:\/\/presscouncil-ks.org\/?p=17910#breadcrumb"},"inLanguage":"en-US","potentialAction":[{"@type":"ReadAction","target":["http:\/\/presscouncil-ks.org\/?p=17910"]}]},{"@type":"ImageObject","inLanguage":"en-US","@id":"http:\/\/presscouncil-ks.org\/?p=17910#primaryimage","url":"http:\/\/presscouncil-ks.org\/wp-content\/uploads\/2026\/03\/kmshk-ilustrim-stagnimi.jpg","contentUrl":"http:\/\/presscouncil-ks.org\/wp-content\/uploads\/2026\/03\/kmshk-ilustrim-stagnimi.jpg","width":860,"height":572},{"@type":"BreadcrumbList","@id":"http:\/\/presscouncil-ks.org\/?p=17910#breadcrumb","itemListElement":[{"@type":"ListItem","position":1,"name":"Home","item":"https:\/\/presscouncil-ks.org\/"},{"@type":"ListItem","position":2,"name":"Rishikimi i kodeve gazetareske n\u00eb epok\u00ebn digjitale"}]},{"@type":"WebSite","@id":"http:\/\/presscouncil-ks.org\/#website","url":"http:\/\/presscouncil-ks.org\/","name":"https:\/\/presscouncil-ks.org\/","description":"","publisher":{"@id":"http:\/\/presscouncil-ks.org\/#organization"},"potentialAction":[{"@type":"SearchAction","target":{"@type":"EntryPoint","urlTemplate":"http:\/\/presscouncil-ks.org\/?s={search_term_string}"},"query-input":{"@type":"PropertyValueSpecification","valueRequired":true,"valueName":"search_term_string"}}],"inLanguage":"en-US"},{"@type":"Organization","@id":"http:\/\/presscouncil-ks.org\/#organization","name":"K\u00ebshilli i Mediave t\u00eb Shkruara t\u00eb Kosov\u00ebs","url":"http:\/\/presscouncil-ks.org\/","logo":{"@type":"ImageObject","inLanguage":"en-US","@id":"http:\/\/presscouncil-ks.org\/#\/schema\/logo\/image\/","url":"http:\/\/presscouncil-ks.org\/wp-content\/uploads\/2023\/06\/cropped-logo.png","contentUrl":"http:\/\/presscouncil-ks.org\/wp-content\/uploads\/2023\/06\/cropped-logo.png","width":268,"height":166,"caption":"K\u00ebshilli i Mediave t\u00eb Shkruara t\u00eb Kosov\u00ebs"},"image":{"@id":"http:\/\/presscouncil-ks.org\/#\/schema\/logo\/image\/"},"sameAs":["https:\/\/www.facebook.com\/KMSHKosove"]},{"@type":"Person","@id":"http:\/\/presscouncil-ks.org\/#\/schema\/person\/b79d30c61264caeb733239c16cc4d673","name":"Editor","image":{"@type":"ImageObject","inLanguage":"en-US","@id":"https:\/\/secure.gravatar.com\/avatar\/9534865f39e7b3527010ee17196a76d054b16d731a6a5bfe2f92a071c6e9bf4e?s=96&d=mm&r=g","url":"https:\/\/secure.gravatar.com\/avatar\/9534865f39e7b3527010ee17196a76d054b16d731a6a5bfe2f92a071c6e9bf4e?s=96&d=mm&r=g","contentUrl":"https:\/\/secure.gravatar.com\/avatar\/9534865f39e7b3527010ee17196a76d054b16d731a6a5bfe2f92a071c6e9bf4e?s=96&d=mm&r=g","caption":"Editor"},"url":"http:\/\/presscouncil-ks.org\/?author=2"}]}},"_links":{"self":[{"href":"http:\/\/presscouncil-ks.org\/index.php?rest_route=\/wp\/v2\/posts\/17910","targetHints":{"allow":["GET"]}}],"collection":[{"href":"http:\/\/presscouncil-ks.org\/index.php?rest_route=\/wp\/v2\/posts"}],"about":[{"href":"http:\/\/presscouncil-ks.org\/index.php?rest_route=\/wp\/v2\/types\/post"}],"author":[{"embeddable":true,"href":"http:\/\/presscouncil-ks.org\/index.php?rest_route=\/wp\/v2\/users\/2"}],"replies":[{"embeddable":true,"href":"http:\/\/presscouncil-ks.org\/index.php?rest_route=%2Fwp%2Fv2%2Fcomments&post=17910"}],"version-history":[{"count":16,"href":"http:\/\/presscouncil-ks.org\/index.php?rest_route=\/wp\/v2\/posts\/17910\/revisions"}],"predecessor-version":[{"id":17974,"href":"http:\/\/presscouncil-ks.org\/index.php?rest_route=\/wp\/v2\/posts\/17910\/revisions\/17974"}],"wp:featuredmedia":[{"embeddable":true,"href":"http:\/\/presscouncil-ks.org\/index.php?rest_route=\/wp\/v2\/media\/17911"}],"wp:attachment":[{"href":"http:\/\/presscouncil-ks.org\/index.php?rest_route=%2Fwp%2Fv2%2Fmedia&parent=17910"}],"wp:term":[{"taxonomy":"category","embeddable":true,"href":"http:\/\/presscouncil-ks.org\/index.php?rest_route=%2Fwp%2Fv2%2Fcategories&post=17910"},{"taxonomy":"post_tag","embeddable":true,"href":"http:\/\/presscouncil-ks.org\/index.php?rest_route=%2Fwp%2Fv2%2Ftags&post=17910"}],"curies":[{"name":"wp","href":"https:\/\/api.w.org\/{rel}","templated":true}]}}