{"id":17835,"date":"2026-02-27T11:59:46","date_gmt":"2026-02-27T11:59:46","guid":{"rendered":"https:\/\/presscouncil-ks.org\/?p=17835"},"modified":"2026-02-27T11:59:46","modified_gmt":"2026-02-27T11:59:46","slug":"savet-stampe-doneo-odluke-o-18-zalbi","status":"publish","type":"post","link":"http:\/\/presscouncil-ks.org\/?p=17835&lang=sr","title":{"rendered":"Savet \u0160tampe doneo odluke o 18 \u017ealbi"},"content":{"rendered":"<div class=\"x14z9mp xat24cr x1lziwak x1vvkbs xtlvy1s x126k92a\">\n<div dir=\"auto\">Savet \u0160tampe Kosova (S\u0160K) u redovnom sastanku razmotrio je ukupno 18 \u017ealbi. Skup\u0161tina S\u0160K-a odlu\u010dila da dve od njih bude usvojene, jedna da se usvoji delimi\u010dno, devet da se ne usvoje i pet \u017ealbe su progla\u0161ene neprihvatljive. Tako\u0111e, utvr\u0111eno je da je jedna \u017ealba re\u0161ena putem medijacije izme\u0111u stranaka.<\/div>\n<\/div>\n<div class=\"x14z9mp xat24cr x1lziwak x1vvkbs xtlvy1s x126k92a\">\n<div dir=\"auto\">\u017dalbe su se ticale navodnih kr\u0161enja odre\u0111enih poglavlja Kodeksa za \u0160tampu Kosova, kao \u0161to su Poglavlje II \u2013 Istinito izve\u0161tavanje, Poglavlje III &#8211; Podsticanje i govor mr\u017enje, Poglavlje IV \u2013 Pravo na odgovor, Poglavlje V &#8211; Lica ume\u0161ana u incidente, nesre\u0107e, lica uhap\u0161ena ili optu\u017eena za krivi\u010dna dela, Poglavlje VII \u2013 Privatnost i za\u0161tita izvora i Poglavlje XI \u2013 Autroska prava.<\/div>\n<\/div>\n<div class=\"x14z9mp xat24cr x1lziwak x1vvkbs xtlvy1s x126k92a\">\n<div dir=\"auto\">Savet \u0160tampe Kosova (S\u0160K) odobrio je \u017ealbu Adrijane Hod\u017eic\u0301, koju zastupa advokat Arber \u0160alja, protiv <span class=\"html-span xdj266r x14z9mp xat24cr x1lziwak xexx8yu xyri2b x18d9i69 x1c1uobl x1hl2dhg x16tdsg8 x1vvkbs\"><a class=\"x1i10hfl xjbqb8w x1ejq31n x18oe1m7 x1sy0etr xstzfhl x972fbf x10w94by x1qhh985 x14e42zd x9f619 x1ypdohk xt0psk2 x3ct3a4 xdj266r x14z9mp xat24cr x1lziwak xexx8yu xyri2b x18d9i69 x1c1uobl x16tdsg8 x1hl2dhg xggy1nq x1a2a7pz xkrqix3 x1sur9pj x1fey0fg x1s688f\" tabindex=\"0\" role=\"link\" href=\"https:\/\/l.facebook.com\/l.php?u=http%3A%2F%2FDitori.com%2F%3Ffbclid%3DIwZXh0bgNhZW0CMTAAYnJpZBExS0swS09EWWJuY29FZ2JaSHNydGMGYXBwX2lkEDIyMjAzOTE3ODgyMDA4OTIAAR7OPHg3z-iBbpBdnFJDMcjbwQkYdumox2SaIvg272iAJRBHh42g683jascaOA_aem_WfBlAfqQaWkt9pGbLmWVYA&amp;h=AT7dUFp53fYpVuCvIzAJ44MlqrA2g3cyAUW5QffHOlQDn110Wrle8W-XhDbX6PUMWjfwh6RlXg5S-ec-xPvO0HBJACWQtPaiFvlY7OcKjZFTDvplnlPBIn7Sd7J6jLd9bD1BhdpBPNY6hRtYMYKv9hqL0rcvqg&amp;__tn__=-UK-R&amp;c[0]=AT6pgf7QSKF-FHTsejXY7QA4GuUNBhlmobuiVCenbImjKa1cu3hzmFPxR9gOdzdJVktpBhWjebnxLvgrBJ36idTp5CxhF05fQemlsl9KGLbrW7mTaOJCoOCBAt4WdNZPCtuHzbX2-y9WZh6rUUyzBRnzMiGYpy5OVQrU21QQplWwHZ-szXkTgbIcXUpQOjk1sfRXYfCbXwu3LvHlGioNqPGp\" target=\"_blank\" rel=\"nofollow noopener\">Ditori.com<\/a><\/span>, zbog \u010dlanka pod naslovom \u201dAdrijana Hod\u017eic\u0301 vr\u0161ila je pritisak na albanske radnike da napuste svoja radna mesta, koji su na \u0161estomese\u010dnom probnom roku u severnoj Mitrovici\u201c, utvrdiv\u0161i da je prekr\u0161eno Poglavlje II Kodeksa za \u0160tampu Kosova, koje se bavi izve\u0161tavanjem istine.<\/div>\n<\/div>\n<div class=\"x14z9mp xat24cr x1lziwak x1vvkbs xtlvy1s x126k92a\">\n<div dir=\"auto\">S\u0160K odobrio je \u017ealbu Elbunita Krjezijua protiv <span class=\"html-span xdj266r x14z9mp xat24cr x1lziwak xexx8yu xyri2b x18d9i69 x1c1uobl x1hl2dhg x16tdsg8 x1vvkbs\"><a class=\"x1i10hfl xjbqb8w x1ejq31n x18oe1m7 x1sy0etr xstzfhl x972fbf x10w94by x1qhh985 x14e42zd x9f619 x1ypdohk xt0psk2 x3ct3a4 xdj266r x14z9mp xat24cr x1lziwak xexx8yu xyri2b x18d9i69 x1c1uobl x16tdsg8 x1hl2dhg xggy1nq x1a2a7pz xkrqix3 x1sur9pj x1fey0fg x1s688f\" tabindex=\"0\" role=\"link\" href=\"https:\/\/l.facebook.com\/l.php?u=http%3A%2F%2FRahoveci24.com%2F%3Ffbclid%3DIwZXh0bgNhZW0CMTAAYnJpZBExS0swS09EWWJuY29FZ2JaSHNydGMGYXBwX2lkEDIyMjAzOTE3ODgyMDA4OTIAAR5dhByrv9u1zYV1FAZBEoWGhgo6QhZHRU73CpD8nds3bgR9PRw2l46ONU1EQQ_aem_QRM4Edx2pvGXwvwPivXf2Q&amp;h=AT6KGsjfy6M8NVSce0emLIyz7c9VrS85YgJPZzMIZkqHkPrRgQGyn_jCDnWgmKoPFyVjTpW_mlrmBWxmRdAnPEpuykqst5Mks7swE5h6Vp9ZDLbeeB67l03brJq0HIKNrJJ0EMObYD2xZgM0PCIjx-Swa7JkLw&amp;__tn__=-UK-R&amp;c[0]=AT6pgf7QSKF-FHTsejXY7QA4GuUNBhlmobuiVCenbImjKa1cu3hzmFPxR9gOdzdJVktpBhWjebnxLvgrBJ36idTp5CxhF05fQemlsl9KGLbrW7mTaOJCoOCBAt4WdNZPCtuHzbX2-y9WZh6rUUyzBRnzMiGYpy5OVQrU21QQplWwHZ-szXkTgbIcXUpQOjk1sfRXYfCbXwu3LvHlGioNqPGp\" target=\"_blank\" rel=\"nofollow noopener\">Rahoveci24.com<\/a><\/span> zbog \u010dlanka pod naslovom \u201dRad predsednika Smajla Latifija, kao i uvek, ne prestaje, primoravajuc\u0301i doktora Prolaba i direktora GCPM-a, Elbunita Krjezijua da aktiviraju laboratoriju u GCPM-u\u201c, utvrdiv\u0161i da je prekr\u0161eno Poglavlje II Kodeksa za \u0160tampu Kosova, koje se bavi izve\u0161tavanjem istine.<\/div>\n<\/div>\n<div class=\"x14z9mp xat24cr x1lziwak x1vvkbs xtlvy1s x126k92a\">\n<div dir=\"auto\">S\u0160K delimi\u010dno je odobrio \u017ealbu Ministarstva Obrazovanja, Nauke, Tehnologije i Inovacija (MONTI) protiv <span class=\"html-span xdj266r x14z9mp xat24cr x1lziwak xexx8yu xyri2b x18d9i69 x1c1uobl x1hl2dhg x16tdsg8 x1vvkbs\"><a class=\"x1i10hfl xjbqb8w x1ejq31n x18oe1m7 x1sy0etr xstzfhl x972fbf x10w94by x1qhh985 x14e42zd x9f619 x1ypdohk xt0psk2 x3ct3a4 xdj266r x14z9mp xat24cr x1lziwak xexx8yu xyri2b x18d9i69 x1c1uobl x16tdsg8 x1hl2dhg xggy1nq x1a2a7pz xkrqix3 x1sur9pj x1fey0fg x1s688f\" tabindex=\"0\" role=\"link\" href=\"https:\/\/l.facebook.com\/l.php?u=http%3A%2F%2FInsajderi.org%2F%3Ffbclid%3DIwZXh0bgNhZW0CMTAAYnJpZBExS0swS09EWWJuY29FZ2JaSHNydGMGYXBwX2lkEDIyMjAzOTE3ODgyMDA4OTIAAR6xa7ZuWS6Ff1rAIgpDuI70tBzmzTRu2du-mhSnrFbLUKjWm3pdzLq3hi56WA_aem_R07gtyglxFe_5uUhWJL0NQ&amp;h=AT7mQVV_LyfoSvtvWe0nCSKuPidM47T0EkCGlwRCpmc9P7rNucGBNlF-plAJA8FWhjP9hLHgoHgb4xFFua4i0OeAAj375lIIvJRaPLvpLt6gFTHo5Gb6UDbz8oUJkV5ON5jpFRtFF68Y0vATAUBX0aDawIvSGQ&amp;__tn__=-UK-R&amp;c[0]=AT6pgf7QSKF-FHTsejXY7QA4GuUNBhlmobuiVCenbImjKa1cu3hzmFPxR9gOdzdJVktpBhWjebnxLvgrBJ36idTp5CxhF05fQemlsl9KGLbrW7mTaOJCoOCBAt4WdNZPCtuHzbX2-y9WZh6rUUyzBRnzMiGYpy5OVQrU21QQplWwHZ-szXkTgbIcXUpQOjk1sfRXYfCbXwu3LvHlGioNqPGp\" target=\"_blank\" rel=\"nofollow noopener\">Insajderi.org<\/a><\/span> zbog \u010dlanka pod naslovom \u201dVelika kriminalna \u0161ema sa tenderima, kako je funkcionisala grupa Ministarstva Obrazovanja u vladi Kurtija II koja je o\u0161tetila bud\u017eet za skoro 6 miliona evra\u201c, utvrdiv\u0161i da je prekr\u0161eno Poglavlje V Kodeksa za \u0160tampu Kosova, koje se bavi pretpostavkom nevinosti, ali ne i Poglavlje II, koje se bavi izve\u0161tavanjem istine, kako tvrdi podnosilac \u017ealbe.<\/div>\n<\/div>\n<div class=\"x14z9mp xat24cr x1lziwak x1vvkbs xtlvy1s x126k92a\">\n<div dir=\"auto\">S\u0160K nije odobrio (odbacio je) \u017ealbu Green Med D.O.O., koju zastupa advokatica Blinera Osmani, zbog \u010dlanka pod naslovom \u201c\u2019Carinska obave\u0161tajna slu\u017eba pokrec\u0301e istragu o &#8216;Green Med&#8217;: Majka je zdravstveni inspektor, sin se bavi poslovanjem sa lekovima&#8217;\u201c, zaklju\u010div\u0161i da nije prekr\u0161eno Poglavlje II Kodeksa za \u0160tampu Kosova, koje se odnosi na izve\u0161tavanje istine, kako tvrdi podnosilac \u017ealbe.<\/div>\n<\/div>\n<div class=\"x14z9mp xat24cr x1lziwak x1vvkbs xtlvy1s x126k92a\">\n<div dir=\"auto\">S\u0160K nije odobrio (odbacio je) \u017ealbu Avnija M. Lecija protiv <span class=\"html-span xdj266r x14z9mp xat24cr x1lziwak xexx8yu xyri2b x18d9i69 x1c1uobl x1hl2dhg x16tdsg8 x1vvkbs\"><a class=\"x1i10hfl xjbqb8w x1ejq31n x18oe1m7 x1sy0etr xstzfhl x972fbf x10w94by x1qhh985 x14e42zd x9f619 x1ypdohk xt0psk2 x3ct3a4 xdj266r x14z9mp xat24cr x1lziwak xexx8yu xyri2b x18d9i69 x1c1uobl x16tdsg8 x1hl2dhg xggy1nq x1a2a7pz xkrqix3 x1sur9pj x1fey0fg x1s688f\" tabindex=\"0\" role=\"link\" href=\"https:\/\/l.facebook.com\/l.php?u=http%3A%2F%2FGazetaeksluzive.com%2F%3Ffbclid%3DIwZXh0bgNhZW0CMTAAYnJpZBExS0swS09EWWJuY29FZ2JaSHNydGMGYXBwX2lkEDIyMjAzOTE3ODgyMDA4OTIAAR7nAHckLvjSism0eZAfp5S8j9iZ9q9KFczOjOtnTC5UPl4PwPfKYRHto0fLeg_aem_JN-708lNGY-0KID3YXc98Q&amp;h=AT5biVhiFj9kUT6lbWxumI72Dfw59L8FgTE6sazTkTeqDxWH96hkleG3aZCZLdke_dWmo768bwax6VMQlOoR7VLJUpn2oYAsrmi2Wsea4QtSUUt-w64OBRGF78aRfiUiEDqvR21tUkEKgd30uITOX0wA_VPP5A&amp;__tn__=-UK-R&amp;c[0]=AT6pgf7QSKF-FHTsejXY7QA4GuUNBhlmobuiVCenbImjKa1cu3hzmFPxR9gOdzdJVktpBhWjebnxLvgrBJ36idTp5CxhF05fQemlsl9KGLbrW7mTaOJCoOCBAt4WdNZPCtuHzbX2-y9WZh6rUUyzBRnzMiGYpy5OVQrU21QQplWwHZ-szXkTgbIcXUpQOjk1sfRXYfCbXwu3LvHlGioNqPGp\" target=\"_blank\" rel=\"nofollow noopener\">Gazetaeksluzive.com<\/a><\/span> zbog \u010dlanka pod naslovom \u201dBesnik Beri\u0161a, predsednik AKK, preti advokatu Leciju: Ako ne platite godi\u0161nju naknadu, izgubic\u0301ete pravo na bavljenje advokaturom!\u201c, utvrdiv\u0161i da nije prekr\u0161eno Poglavlje II Kodeksa za \u0160tampu Kosova, koje se odnosi na izve\u0161tavanje istine, niti Poglavlje IV, koje se odnosi na pravo na odgovor, kako tvrdi podnosilac \u017ealbe.<\/div>\n<\/div>\n<div class=\"x14z9mp xat24cr x1lziwak x1vvkbs xtlvy1s x126k92a\">\n<div dir=\"auto\">S\u0160K nije odobrio (odbacio je) \u017ealbu Instituta KAF protiv <span class=\"html-span xdj266r x14z9mp xat24cr x1lziwak xexx8yu xyri2b x18d9i69 x1c1uobl x1hl2dhg x16tdsg8 x1vvkbs\"><a class=\"x1i10hfl xjbqb8w x1ejq31n x18oe1m7 x1sy0etr xstzfhl x972fbf x10w94by x1qhh985 x14e42zd x9f619 x1ypdohk xt0psk2 x3ct3a4 xdj266r x14z9mp xat24cr x1lziwak xexx8yu xyri2b x18d9i69 x1c1uobl x16tdsg8 x1hl2dhg xggy1nq x1a2a7pz xkrqix3 x1sur9pj x1fey0fg x1s688f\" tabindex=\"0\" role=\"link\" href=\"https:\/\/l.facebook.com\/l.php?u=http%3A%2F%2FKallxo.com%2F%3Ffbclid%3DIwZXh0bgNhZW0CMTAAYnJpZBExS0swS09EWWJuY29FZ2JaSHNydGMGYXBwX2lkEDIyMjAzOTE3ODgyMDA4OTIAAR5m5c0KXiD7qbidHItjmi2Rv9hzXm6pBU811XlSMZ9PpWm8QFZOYEZ2lJi-XQ_aem_LYjyAWuWxjHdf9YOS-Ie6g&amp;h=AT5gnUGHYcO3yXZml4q3yd1Sr0TuB2_FlDjPK1ZBEbm-DdEcrYMVBqKdHJEeNBjsa1uZRLzTEf8eBId-KLzrDs_hdi6bXZoUWGJ9bB-7Tt2XKptDvGKLYxa6xS7KVGzrsJCQ8gp06k23vDZtb64Aqwk3EiUYLQ&amp;__tn__=-UK-R&amp;c[0]=AT6pgf7QSKF-FHTsejXY7QA4GuUNBhlmobuiVCenbImjKa1cu3hzmFPxR9gOdzdJVktpBhWjebnxLvgrBJ36idTp5CxhF05fQemlsl9KGLbrW7mTaOJCoOCBAt4WdNZPCtuHzbX2-y9WZh6rUUyzBRnzMiGYpy5OVQrU21QQplWwHZ-szXkTgbIcXUpQOjk1sfRXYfCbXwu3LvHlGioNqPGp\" target=\"_blank\" rel=\"nofollow noopener\">Kallxo.com<\/a><\/span> zbog \u010dlanka pod naslovom \u201dNacionalna Kancelarija Revizije plac\u0301a obuku za osoblje u Institutu gde je zamenik generalnog revizora predava\u010d\u201c, utvrdiv\u0161i da nije prekr\u0161eno Poglavlje II Kodeksa za \u0160tampu Kosova, koje se bavi izve\u0161tavanjem istine, kako je tvrdio podnosilac \u017ealbe.<\/div>\n<\/div>\n<div class=\"x14z9mp xat24cr x1lziwak x1vvkbs xtlvy1s x126k92a\">\n<div dir=\"auto\">S\u0160K nije odobrio (odbacio je) \u017ealbu Po\u0161te i Telekomunikacija Kosova protiv <span class=\"html-span xdj266r x14z9mp xat24cr x1lziwak xexx8yu xyri2b x18d9i69 x1c1uobl x1hl2dhg x16tdsg8 x1vvkbs\"><a class=\"x1i10hfl xjbqb8w x1ejq31n x18oe1m7 x1sy0etr xstzfhl x972fbf x10w94by x1qhh985 x14e42zd x9f619 x1ypdohk xt0psk2 x3ct3a4 xdj266r x14z9mp xat24cr x1lziwak xexx8yu xyri2b x18d9i69 x1c1uobl x16tdsg8 x1hl2dhg xggy1nq x1a2a7pz xkrqix3 x1sur9pj x1fey0fg x1s688f\" tabindex=\"0\" role=\"link\" href=\"https:\/\/l.facebook.com\/l.php?u=http%3A%2F%2FIndeksonline.net%2F%3Ffbclid%3DIwZXh0bgNhZW0CMTAAYnJpZBExS0swS09EWWJuY29FZ2JaSHNydGMGYXBwX2lkEDIyMjAzOTE3ODgyMDA4OTIAAR7nAHckLvjSism0eZAfp5S8j9iZ9q9KFczOjOtnTC5UPl4PwPfKYRHto0fLeg_aem_JN-708lNGY-0KID3YXc98Q&amp;h=AT4V9ECgyS2C2d6GCOLGY_QD3ER1KzD1GvgDKiy47Lkhsaed7CQ7hIAcTDoWPmEkP9Io24-tzyNybDQ9ox0v9Zw4jTfYKUeWqXLiEkZqVc1I6t-NLHlUtXq0JgrlCQxMz9K-ubOSTzV6ep3h_Ey7U2hAQHVsSQ&amp;__tn__=-UK-R&amp;c[0]=AT6pgf7QSKF-FHTsejXY7QA4GuUNBhlmobuiVCenbImjKa1cu3hzmFPxR9gOdzdJVktpBhWjebnxLvgrBJ36idTp5CxhF05fQemlsl9KGLbrW7mTaOJCoOCBAt4WdNZPCtuHzbX2-y9WZh6rUUyzBRnzMiGYpy5OVQrU21QQplWwHZ-szXkTgbIcXUpQOjk1sfRXYfCbXwu3LvHlGioNqPGp\" target=\"_blank\" rel=\"nofollow noopener\">Indeksonline.net<\/a><\/span>, <span class=\"html-span xdj266r x14z9mp xat24cr x1lziwak xexx8yu xyri2b x18d9i69 x1c1uobl x1hl2dhg x16tdsg8 x1vvkbs\"><a class=\"x1i10hfl xjbqb8w x1ejq31n x18oe1m7 x1sy0etr xstzfhl x972fbf x10w94by x1qhh985 x14e42zd x9f619 x1ypdohk xt0psk2 x3ct3a4 xdj266r x14z9mp xat24cr x1lziwak xexx8yu xyri2b x18d9i69 x1c1uobl x16tdsg8 x1hl2dhg xggy1nq x1a2a7pz xkrqix3 x1sur9pj x1fey0fg x1s688f\" tabindex=\"0\" role=\"link\" href=\"https:\/\/l.facebook.com\/l.php?u=http%3A%2F%2FInfosot.com%2F%3Ffbclid%3DIwZXh0bgNhZW0CMTAAYnJpZBExS0swS09EWWJuY29FZ2JaSHNydGMGYXBwX2lkEDIyMjAzOTE3ODgyMDA4OTIAAR7OPHg3z-iBbpBdnFJDMcjbwQkYdumox2SaIvg272iAJRBHh42g683jascaOA_aem_WfBlAfqQaWkt9pGbLmWVYA&amp;h=AT5NtDGibDzUjO-DiBnqiJWZM4Qt9abAuYWfjKUvcQnLo33353fhNR3j-UGzK83VJyomVwq3fFV4OKzoVmitIFRX8UwTRkkTtGn3EDhuCi1n5thPeGcexldva8oHD0i-627-u6V4wIDIB_GxH_BwYBBkXAiMwA&amp;__tn__=-UK-R&amp;c[0]=AT6pgf7QSKF-FHTsejXY7QA4GuUNBhlmobuiVCenbImjKa1cu3hzmFPxR9gOdzdJVktpBhWjebnxLvgrBJ36idTp5CxhF05fQemlsl9KGLbrW7mTaOJCoOCBAt4WdNZPCtuHzbX2-y9WZh6rUUyzBRnzMiGYpy5OVQrU21QQplWwHZ-szXkTgbIcXUpQOjk1sfRXYfCbXwu3LvHlGioNqPGp\" target=\"_blank\" rel=\"nofollow noopener\">Infosot.com<\/a><\/span>, <span class=\"html-span xdj266r x14z9mp xat24cr x1lziwak xexx8yu xyri2b x18d9i69 x1c1uobl x1hl2dhg x16tdsg8 x1vvkbs\"><a class=\"x1i10hfl xjbqb8w x1ejq31n x18oe1m7 x1sy0etr xstzfhl x972fbf x10w94by x1qhh985 x14e42zd x9f619 x1ypdohk xt0psk2 x3ct3a4 xdj266r x14z9mp xat24cr x1lziwak xexx8yu xyri2b x18d9i69 x1c1uobl x16tdsg8 x1hl2dhg xggy1nq x1a2a7pz xkrqix3 x1sur9pj x1fey0fg x1s688f\" tabindex=\"0\" role=\"link\" href=\"https:\/\/l.facebook.com\/l.php?u=http%3A%2F%2FPeriskopi.com%2F%3Ffbclid%3DIwZXh0bgNhZW0CMTAAYnJpZBExS0swS09EWWJuY29FZ2JaSHNydGMGYXBwX2lkEDIyMjAzOTE3ODgyMDA4OTIAAR4bsT89xPKLXKX7Y0P_URvuSWOSNiq42dy4YNB6e5ehlv2KD-kFRqKpvTn6vQ_aem_S_GysdHYhLgdvtbQ4p4A7A&amp;h=AT62WPhB7lN3Y5sidi1c9AFsXFm_Bog_s7-K8r8-nS2wCN8UbyIlV-keuy29SvgFyjmTb2o4zKd1YzlFwYFyz1OD0aeD95Cyvk0p5NRDMd1SnudUBMpPSUMgIhmXZX-_MZymTL1nLhEKT9nlKpaYlIl4lLtl-A&amp;__tn__=-UK-R&amp;c[0]=AT6pgf7QSKF-FHTsejXY7QA4GuUNBhlmobuiVCenbImjKa1cu3hzmFPxR9gOdzdJVktpBhWjebnxLvgrBJ36idTp5CxhF05fQemlsl9KGLbrW7mTaOJCoOCBAt4WdNZPCtuHzbX2-y9WZh6rUUyzBRnzMiGYpy5OVQrU21QQplWwHZ-szXkTgbIcXUpQOjk1sfRXYfCbXwu3LvHlGioNqPGp\" target=\"_blank\" rel=\"nofollow noopener\">Periskopi.com<\/a><\/span> i <span class=\"html-span xdj266r x14z9mp xat24cr x1lziwak xexx8yu xyri2b x18d9i69 x1c1uobl x1hl2dhg x16tdsg8 x1vvkbs\"><a class=\"x1i10hfl xjbqb8w x1ejq31n x18oe1m7 x1sy0etr xstzfhl x972fbf x10w94by x1qhh985 x14e42zd x9f619 x1ypdohk xt0psk2 x3ct3a4 xdj266r x14z9mp xat24cr x1lziwak xexx8yu xyri2b x18d9i69 x1c1uobl x16tdsg8 x1hl2dhg xggy1nq x1a2a7pz xkrqix3 x1sur9pj x1fey0fg x1s688f\" tabindex=\"0\" role=\"link\" href=\"https:\/\/l.facebook.com\/l.php?u=http%3A%2F%2FDemantim.com%2F%3Ffbclid%3DIwZXh0bgNhZW0CMTAAYnJpZBExS0swS09EWWJuY29FZ2JaSHNydGMGYXBwX2lkEDIyMjAzOTE3ODgyMDA4OTIAAR6Aexhc2t9Dk65gV6jrX_3euopnXxGQZR5vUuceshd2YzcsKPWBsHVkBuCp2g_aem_QdCkIvKa4IkYTTepjEe7Hw&amp;h=AT6igqE8IOr55aqtk5ZH13YlXiX2jGxus3Qa4JkpIbjYT-2uyfU5gQ1F3aJyAiC5IxgzcKtWKHjCEPsyjv451vZbk1pUzaVV1oT4n-bY1nr-zyp12bStJlgTKm0uaY2sdeXcgm84zhia8Y19bv3YF1HdblRaoA&amp;__tn__=-UK-R&amp;c[0]=AT6pgf7QSKF-FHTsejXY7QA4GuUNBhlmobuiVCenbImjKa1cu3hzmFPxR9gOdzdJVktpBhWjebnxLvgrBJ36idTp5CxhF05fQemlsl9KGLbrW7mTaOJCoOCBAt4WdNZPCtuHzbX2-y9WZh6rUUyzBRnzMiGYpy5OVQrU21QQplWwHZ-szXkTgbIcXUpQOjk1sfRXYfCbXwu3LvHlGioNqPGp\" target=\"_blank\" rel=\"nofollow noopener\">Demantim.com<\/a><\/span> zbog \u010dlancima pod naslovima \u201dTelekom Kosova raspodeljuje milione ugovorima iz jednog izvora za strane kompanije\u201c, \u201dBez takmi\u010denja i bez konkurencije: Telekom Kosova daje 72 hiljade evra kompaniji iz Skoplja\u201c, \u201dTender od 100 hiljada evra iz jednog izvora od Telekoma Kosova, dodeljen je kompaniji iz SAD\u201c, utvrdiv\u0161i da poglavlja II i IV Kodeksa za \u0160tampu Kosova, koja se odnose na izve\u0161tavanje istine, odnosno pravo na odgovor, nisu prekr\u0161ena, kako tvrdi podnosilac \u017ealbe.<\/div>\n<\/div>\n<div class=\"x14z9mp xat24cr x1lziwak x1vvkbs xtlvy1s x126k92a\">\n<div dir=\"auto\">S\u0160K nije odobrio (odbacio je) \u017ealbu Ilirjane \u010colaku &#8211; Tafe protiv <span class=\"html-span xdj266r x14z9mp xat24cr x1lziwak xexx8yu xyri2b x18d9i69 x1c1uobl x1hl2dhg x16tdsg8 x1vvkbs\"><a class=\"x1i10hfl xjbqb8w x1ejq31n x18oe1m7 x1sy0etr xstzfhl x972fbf x10w94by x1qhh985 x14e42zd x9f619 x1ypdohk xt0psk2 x3ct3a4 xdj266r x14z9mp xat24cr x1lziwak xexx8yu xyri2b x18d9i69 x1c1uobl x16tdsg8 x1hl2dhg xggy1nq x1a2a7pz xkrqix3 x1sur9pj x1fey0fg x1s688f\" tabindex=\"0\" role=\"link\" href=\"https:\/\/l.facebook.com\/l.php?u=http%3A%2F%2FInsajderi.org%2F%3Ffbclid%3DIwZXh0bgNhZW0CMTAAYnJpZBExS0swS09EWWJuY29FZ2JaSHNydGMGYXBwX2lkEDIyMjAzOTE3ODgyMDA4OTIAAR7nAHckLvjSism0eZAfp5S8j9iZ9q9KFczOjOtnTC5UPl4PwPfKYRHto0fLeg_aem_JN-708lNGY-0KID3YXc98Q&amp;h=AT7mQVV_LyfoSvtvWe0nCSKuPidM47T0EkCGlwRCpmc9P7rNucGBNlF-plAJA8FWhjP9hLHgoHgb4xFFua4i0OeAAj375lIIvJRaPLvpLt6gFTHo5Gb6UDbz8oUJkV5ON5jpFRtFF68Y0vATAUBX0aDawIvSGQ&amp;__tn__=-UK-R&amp;c[0]=AT6pgf7QSKF-FHTsejXY7QA4GuUNBhlmobuiVCenbImjKa1cu3hzmFPxR9gOdzdJVktpBhWjebnxLvgrBJ36idTp5CxhF05fQemlsl9KGLbrW7mTaOJCoOCBAt4WdNZPCtuHzbX2-y9WZh6rUUyzBRnzMiGYpy5OVQrU21QQplWwHZ-szXkTgbIcXUpQOjk1sfRXYfCbXwu3LvHlGioNqPGp\" target=\"_blank\" rel=\"nofollow noopener\">Insajderi.org<\/a><\/span> zbog \u010dlanka pod nazlovom \u201cPad Samija Mazrekua &#8211; Kako ga je branio c\u0301utanjem STRK i kako ga je potopila interna revizija\u201c, utvrdiv\u0161i da poglavlja II i IV Kodeksa za \u0160tampu Kosova, koja se bave izve\u0161tavanjem istine, odnosno pravom na odgovor, nisu prekr\u0161ena, kako tvrdi podnosilac \u017ealbe.<\/div>\n<\/div>\n<div class=\"x14z9mp xat24cr x1lziwak x1vvkbs xtlvy1s x126k92a\">\n<div dir=\"auto\">S\u0160K nije odobrio (odbacio je) \u017ealbu Ned\u017emedina V. Grude protiv <span class=\"html-span xdj266r x14z9mp xat24cr x1lziwak xexx8yu xyri2b x18d9i69 x1c1uobl x1hl2dhg x16tdsg8 x1vvkbs\"><a class=\"x1i10hfl xjbqb8w x1ejq31n x18oe1m7 x1sy0etr xstzfhl x972fbf x10w94by x1qhh985 x14e42zd x9f619 x1ypdohk xt0psk2 x3ct3a4 xdj266r x14z9mp xat24cr x1lziwak xexx8yu xyri2b x18d9i69 x1c1uobl x16tdsg8 x1hl2dhg xggy1nq x1a2a7pz xkrqix3 x1sur9pj x1fey0fg x1s688f\" tabindex=\"0\" role=\"link\" href=\"https:\/\/l.facebook.com\/l.php?u=http%3A%2F%2FEkonomiaonline.com%2F%3Ffbclid%3DIwZXh0bgNhZW0CMTAAYnJpZBExS0swS09EWWJuY29FZ2JaSHNydGMGYXBwX2lkEDIyMjAzOTE3ODgyMDA4OTIAAR4bsT89xPKLXKX7Y0P_URvuSWOSNiq42dy4YNB6e5ehlv2KD-kFRqKpvTn6vQ_aem_S_GysdHYhLgdvtbQ4p4A7A&amp;h=AT7-uR_40vIG5xZoOkLOVJln2E_32-8eYGBbR71K9rkYXxa4C0ffwlNyySw6lJQOsdKqjKfgtGSbFFMSqeX_ygio7AEdRfO0soYvvzE1ZSUM9-SabhYZZw0mAeVg4_6O3Agz9aYNQnSXkIRqbX9Cm_vpCl15PA&amp;__tn__=-UK-R&amp;c[0]=AT6pgf7QSKF-FHTsejXY7QA4GuUNBhlmobuiVCenbImjKa1cu3hzmFPxR9gOdzdJVktpBhWjebnxLvgrBJ36idTp5CxhF05fQemlsl9KGLbrW7mTaOJCoOCBAt4WdNZPCtuHzbX2-y9WZh6rUUyzBRnzMiGYpy5OVQrU21QQplWwHZ-szXkTgbIcXUpQOjk1sfRXYfCbXwu3LvHlGioNqPGp\" target=\"_blank\" rel=\"nofollow noopener\">Ekonomiaonline.com<\/a><\/span> zbog \u010dlanka pod naslovom \u201dStanovnici Donjeg Zabela \u017eale se na nedostatak intervencije nakon poplava, op\u0161tina ka\u017ee da se \u0161teta procenjuje\u201c, utvrdiv\u0161i da Poglavlje II Kodeksa za \u0160tampu Kosova, koje se bavi izve\u0161tavanjem istine, nije prekr\u0161eno, kako tvrdi podnosilac \u017ealbe.<\/div>\n<\/div>\n<div class=\"x14z9mp xat24cr x1lziwak x1vvkbs xtlvy1s x126k92a\">\n<div dir=\"auto\">S\u0160K nije odobrio (odbacio je) \u017ealbu Ameri\u010dke Klinike \u201dDr. Behar Kusari\u201c, koju zastupa advokatica Albulena Ukimeraj, zbog \u010dlanka pod naslovom \u201c\u2019M.V.: Izgubio sam testis nakon gre\u0161aka lekara u Ameri\u010dkoj Klinici&#8217; \u2013 inspektorat izdaje sme\u0161nu kaznu za nezakonit rad dr. Ekrema Sefijua\u201c, utvrdiv\u0161i da nije prekr\u0161eno Poglavlje II Kodeksa za \u0160tampu Kosova, koje se odnosi na izve\u0161tavanje istine, kako tvrdi podnosilac \u017ealbe.<\/div>\n<\/div>\n<div class=\"x14z9mp xat24cr x1lziwak x1vvkbs xtlvy1s x126k92a\">\n<div dir=\"auto\">S\u0160K nije odobrio (odbacio je) \u017ealbu Union D.O.O. protiv <span class=\"html-span xdj266r x14z9mp xat24cr x1lziwak xexx8yu xyri2b x18d9i69 x1c1uobl x1hl2dhg x16tdsg8 x1vvkbs\"><a class=\"x1i10hfl xjbqb8w x1ejq31n x18oe1m7 x1sy0etr xstzfhl x972fbf x10w94by x1qhh985 x14e42zd x9f619 x1ypdohk xt0psk2 x3ct3a4 xdj266r x14z9mp xat24cr x1lziwak xexx8yu xyri2b x18d9i69 x1c1uobl x16tdsg8 x1hl2dhg xggy1nq x1a2a7pz xkrqix3 x1sur9pj x1fey0fg x1s688f\" tabindex=\"0\" role=\"link\" href=\"https:\/\/l.facebook.com\/l.php?u=http%3A%2F%2FInsajderi.org%2F%3Ffbclid%3DIwZXh0bgNhZW0CMTAAYnJpZBExS0swS09EWWJuY29FZ2JaSHNydGMGYXBwX2lkEDIyMjAzOTE3ODgyMDA4OTIAAR7nAHckLvjSism0eZAfp5S8j9iZ9q9KFczOjOtnTC5UPl4PwPfKYRHto0fLeg_aem_JN-708lNGY-0KID3YXc98Q&amp;h=AT7mQVV_LyfoSvtvWe0nCSKuPidM47T0EkCGlwRCpmc9P7rNucGBNlF-plAJA8FWhjP9hLHgoHgb4xFFua4i0OeAAj375lIIvJRaPLvpLt6gFTHo5Gb6UDbz8oUJkV5ON5jpFRtFF68Y0vATAUBX0aDawIvSGQ&amp;__tn__=-UK-R&amp;c[0]=AT6pgf7QSKF-FHTsejXY7QA4GuUNBhlmobuiVCenbImjKa1cu3hzmFPxR9gOdzdJVktpBhWjebnxLvgrBJ36idTp5CxhF05fQemlsl9KGLbrW7mTaOJCoOCBAt4WdNZPCtuHzbX2-y9WZh6rUUyzBRnzMiGYpy5OVQrU21QQplWwHZ-szXkTgbIcXUpQOjk1sfRXYfCbXwu3LvHlGioNqPGp\" target=\"_blank\" rel=\"nofollow noopener\">Insajderi.org<\/a><\/span> zbog \u010dlanka pod naslovom \u201cKompanija biznismena D\u017eabira Kajtazija ponovo je zaplenena od strane AHV \u2013 zabrinjavajuc\u0301e sumnje o toksinu u mleku za bebe\u201c, utvrdiv\u0161i da nisu prekr\u0161ena Poglavlja II, IV, V i VII Kodeksa za \u0160tampu Kosova, koja se odnose na izve\u0161tavanje istine, odnosno pravo na odgovor, odnosno pretpostavku nevinosti, odnosno privatnost, kako tvrdi podnosilac \u017ealbe.<\/div>\n<\/div>\n<div class=\"x14z9mp xat24cr x1lziwak x1vvkbs xtlvy1s x126k92a\">\n<div dir=\"auto\">S\u0160K nije odobrio (odbacio je) \u017ealbu Bejtulaha Delijua, koga zastupa advokat Fatbard Makoli, protiv <span class=\"html-span xdj266r x14z9mp xat24cr x1lziwak xexx8yu xyri2b x18d9i69 x1c1uobl x1hl2dhg x16tdsg8 x1vvkbs\"><a class=\"x1i10hfl xjbqb8w x1ejq31n x18oe1m7 x1sy0etr xstzfhl x972fbf x10w94by x1qhh985 x14e42zd x9f619 x1ypdohk xt0psk2 x3ct3a4 xdj266r x14z9mp xat24cr x1lziwak xexx8yu xyri2b x18d9i69 x1c1uobl x16tdsg8 x1hl2dhg xggy1nq x1a2a7pz xkrqix3 x1sur9pj x1fey0fg x1s688f\" tabindex=\"0\" role=\"link\" href=\"https:\/\/l.facebook.com\/l.php?u=http%3A%2F%2FKallxo.com%2F%3Ffbclid%3DIwZXh0bgNhZW0CMTAAYnJpZBExS0swS09EWWJuY29FZ2JaSHNydGMGYXBwX2lkEDIyMjAzOTE3ODgyMDA4OTIAAR6Aexhc2t9Dk65gV6jrX_3euopnXxGQZR5vUuceshd2YzcsKPWBsHVkBuCp2g_aem_QdCkIvKa4IkYTTepjEe7Hw&amp;h=AT5gnUGHYcO3yXZml4q3yd1Sr0TuB2_FlDjPK1ZBEbm-DdEcrYMVBqKdHJEeNBjsa1uZRLzTEf8eBId-KLzrDs_hdi6bXZoUWGJ9bB-7Tt2XKptDvGKLYxa6xS7KVGzrsJCQ8gp06k23vDZtb64Aqwk3EiUYLQ&amp;__tn__=-UK-R&amp;c[0]=AT6pgf7QSKF-FHTsejXY7QA4GuUNBhlmobuiVCenbImjKa1cu3hzmFPxR9gOdzdJVktpBhWjebnxLvgrBJ36idTp5CxhF05fQemlsl9KGLbrW7mTaOJCoOCBAt4WdNZPCtuHzbX2-y9WZh6rUUyzBRnzMiGYpy5OVQrU21QQplWwHZ-szXkTgbIcXUpQOjk1sfRXYfCbXwu3LvHlGioNqPGp\" target=\"_blank\" rel=\"nofollow noopener\">Kallxo.com<\/a><\/span>, zbog \u010dlanka pod nazivom \u201dPri\u010da investitora koji je osudio pogodbe u op\u0161tini Orahovac\u201c, utvrdiv\u0161i da nije prekr\u0161eno Poglavlje II Kodeksa za \u0160tampu Kosova, koje se odnosi na izve\u0161tavanje istine, kako tvrdi podnosilac \u017ealbe.<\/div>\n<\/div>\n<div class=\"x14z9mp xat24cr x1lziwak x1vvkbs xtlvy1s x126k92a\">\n<div dir=\"auto\">S\u0160K je proglasio neprihvatljivom \u017ealbu Construmax D.O.O., koju zastupa advokat Valdrin Behrami, protiv Fejsbuk stranice Pri\u0161tina Sot, jer nema nadle\u017enost za postupanje sa medijskim sadr\u017eajem objavljenim na dru\u0161tvenim mre\u017eama.<\/div>\n<\/div>\n<div class=\"x14z9mp xat24cr x1lziwak x1vvkbs xtlvy1s x126k92a\">\n<div dir=\"auto\">S\u0160K je proglasio neprihvatljivom \u017ealbu Ensara \u0160ac\u0301irija protiv Radio Duka\u0111inija, jer nema nadle\u017enost za postupanje sa medijskim sadr\u017eajem objavljenim na dru\u0161tvenim mre\u017eama.<\/div>\n<\/div>\n<div class=\"x14z9mp xat24cr x1lziwak x1vvkbs xtlvy1s x126k92a\">\n<div dir=\"auto\">S\u0160K je proglasio neprihvatljivom \u017ealbu Islamske Zajednice &#8211; D\u017eamija Wila, koju zastupa advokat Asdren Bitic\u0301i, protiv Klankosova.tv i TV Klan Kosova. Podnosilac \u017ealbe nije pru\u017eio dokaze za sadr\u017eaj objavljen u onlajn medijima, te S\u0160K nije mogao da donese odluku. \u0160to se ti\u010de sadr\u017eaja emitovanog na televiziji, S\u0160K preporu\u010duje da se stranka obrati Nezavisnoj Komisiji za Medije (NKM).<\/div>\n<\/div>\n<div class=\"x14z9mp xat24cr x1lziwak x1vvkbs xtlvy1s x126k92a\">\n<div dir=\"auto\">S\u0160K je proglasio neprihvatljivom \u017ealbu Meru\u0161e Ahmetija protiv Gazete Albapoli, stranice na dru\u0161tvenoj mre\u017ei Instagram, jer nema nadle\u017enost da postupa sa medijskim sadr\u017eajem objavljenim na dru\u0161tvenim mre\u017eama.<\/div>\n<\/div>\n<div class=\"x14z9mp xat24cr x1lziwak x1vvkbs xtlvy1s x126k92a\">\n<div dir=\"auto\">S\u0160K je proglasio neprihvatljivom \u017ealbu Bojana Ni\u010dic\u0301a protiv <span class=\"html-span xdj266r x14z9mp xat24cr x1lziwak xexx8yu xyri2b x18d9i69 x1c1uobl x1hl2dhg x16tdsg8 x1vvkbs\"><a class=\"x1i10hfl xjbqb8w x1ejq31n x18oe1m7 x1sy0etr xstzfhl x972fbf x10w94by x1qhh985 x14e42zd x9f619 x1ypdohk xt0psk2 x3ct3a4 xdj266r x14z9mp xat24cr x1lziwak xexx8yu xyri2b x18d9i69 x1c1uobl x16tdsg8 x1hl2dhg xggy1nq x1a2a7pz xkrqix3 x1sur9pj x1fey0fg x1s688f\" tabindex=\"0\" role=\"link\" href=\"https:\/\/l.facebook.com\/l.php?u=http%3A%2F%2FGazetademnos.com%2F%3Ffbclid%3DIwZXh0bgNhZW0CMTAAYnJpZBExS0swS09EWWJuY29FZ2JaSHNydGMGYXBwX2lkEDIyMjAzOTE3ODgyMDA4OTIAAR6xa7ZuWS6Ff1rAIgpDuI70tBzmzTRu2du-mhSnrFbLUKjWm3pdzLq3hi56WA_aem_R07gtyglxFe_5uUhWJL0NQ&amp;h=AT5uTNsBx1tsviaICASljrVq37syKDrBZtOr_jI_hK22LYyc4ZxWP_7-F4Ug--iXgRpjATloUV7tlu7mtGFjukxLK6X4mPYA69yk3k8EAfR1jRDuWQ-LHyE_L2zG9B07hEQTT_gSv9mqtsmPrs-3IVAl9_mAvQ&amp;__tn__=-UK-R&amp;c[0]=AT6pgf7QSKF-FHTsejXY7QA4GuUNBhlmobuiVCenbImjKa1cu3hzmFPxR9gOdzdJVktpBhWjebnxLvgrBJ36idTp5CxhF05fQemlsl9KGLbrW7mTaOJCoOCBAt4WdNZPCtuHzbX2-y9WZh6rUUyzBRnzMiGYpy5OVQrU21QQplWwHZ-szXkTgbIcXUpQOjk1sfRXYfCbXwu3LvHlGioNqPGp\" target=\"_blank\" rel=\"nofollow noopener\">Gazetademnos.com<\/a><\/span>, jer nema nadle\u017enost da postupa sa komentarima \u010ditalaca na dru\u0161tvenim mre\u017eama.<\/div>\n<\/div>\n","protected":false},"excerpt":{"rendered":"<p>Savet \u0160tampe Kosova (S\u0160K) u redovnom sastanku razmotrio je ukupno 18 \u017ealbi. Skup\u0161tina S\u0160K-a odlu\u010dila da dve od njih bude usvojene, jedna da se usvoji delimi\u010dno, devet da se ne usvoje i pet \u017ealbe su progla\u0161ene neprihvatljive. Tako\u0111e, utvr\u0111eno je da je jedna \u017ealba re\u0161ena putem medijacije izme\u0111u stranaka. \u017dalbe su se ticale navodnih kr\u0161enja [&hellip;]<\/p>\n","protected":false},"author":2,"featured_media":17836,"comment_status":"open","ping_status":"open","sticky":false,"template":"","format":"standard","meta":{"footnotes":""},"categories":[135],"tags":[],"class_list":["post-17835","post","type-post","status-publish","format-standard","has-post-thumbnail","hentry","category-vesti"],"acf":[],"yoast_head":"<!-- This site is optimized with the Yoast SEO plugin v28.3 - https:\/\/yoast.com\/product\/yoast-seo-wordpress\/ -->\n<title>Savet \u0160tampe doneo odluke o 18 \u017ealbi - K\u00ebshilli i Mediave t\u00eb Shkruara t\u00eb Kosov\u00ebs | P\u00ebr nj\u00eb gazetari etike dhe profesionale<\/title>\n<meta name=\"robots\" content=\"index, follow, max-snippet:-1, max-image-preview:large, max-video-preview:-1\" \/>\n<link rel=\"canonical\" href=\"http:\/\/presscouncil-ks.org\/?p=17835&lang=sr\" \/>\n<meta property=\"og:locale\" content=\"en_US\" \/>\n<meta property=\"og:type\" content=\"article\" \/>\n<meta property=\"og:title\" content=\"Savet \u0160tampe doneo odluke o 18 \u017ealbi - K\u00ebshilli i Mediave t\u00eb Shkruara t\u00eb Kosov\u00ebs | P\u00ebr nj\u00eb gazetari etike dhe profesionale\" \/>\n<meta property=\"og:description\" content=\"Savet \u0160tampe Kosova (S\u0160K) u redovnom sastanku razmotrio je ukupno 18 \u017ealbi. Skup\u0161tina S\u0160K-a odlu\u010dila da dve od njih bude usvojene, jedna da se usvoji delimi\u010dno, devet da se ne usvoje i pet \u017ealbe su progla\u0161ene neprihvatljive. Tako\u0111e, utvr\u0111eno je da je jedna \u017ealba re\u0161ena putem medijacije izme\u0111u stranaka. \u017dalbe su se ticale navodnih kr\u0161enja [&hellip;]\" \/>\n<meta property=\"og:url\" content=\"http:\/\/presscouncil-ks.org\/?p=17835&amp;lang=sr\" \/>\n<meta property=\"og:site_name\" content=\"K\u00ebshilli i Mediave t\u00eb Shkruara t\u00eb Kosov\u00ebs | P\u00ebr nj\u00eb gazetari etike dhe profesionale\" \/>\n<meta property=\"article:publisher\" content=\"https:\/\/www.facebook.com\/KMSHKosove\" \/>\n<meta property=\"article:published_time\" content=\"2026-02-27T11:59:46+00:00\" \/>\n<meta property=\"og:image\" content=\"http:\/\/presscouncil-ks.org\/wp-content\/uploads\/2026\/02\/27-feb-2026-kmshk.jpg\" \/>\n\t<meta property=\"og:image:width\" content=\"1600\" \/>\n\t<meta property=\"og:image:height\" content=\"1200\" \/>\n\t<meta property=\"og:image:type\" content=\"image\/jpeg\" \/>\n<meta name=\"author\" content=\"Editor\" \/>\n<meta name=\"twitter:card\" content=\"summary_large_image\" \/>\n<meta name=\"twitter:label1\" content=\"Written by\" \/>\n\t<meta name=\"twitter:data1\" content=\"Editor\" \/>\n\t<meta name=\"twitter:label2\" content=\"Est. reading time\" \/>\n\t<meta name=\"twitter:data2\" content=\"5 minutes\" \/>\n<script type=\"application\/ld+json\" class=\"yoast-schema-graph\">{\"@context\":\"https:\\\/\\\/schema.org\",\"@graph\":[{\"@type\":\"Article\",\"@id\":\"http:\\\/\\\/presscouncil-ks.org\\\/?p=17835&lang=sr#article\",\"isPartOf\":{\"@id\":\"http:\\\/\\\/presscouncil-ks.org\\\/?p=17835&lang=sr\"},\"author\":{\"name\":\"Editor\",\"@id\":\"http:\\\/\\\/presscouncil-ks.org\\\/#\\\/schema\\\/person\\\/b79d30c61264caeb733239c16cc4d673\"},\"headline\":\"Savet \u0160tampe doneo odluke o 18 \u017ealbi\",\"datePublished\":\"2026-02-27T11:59:46+00:00\",\"mainEntityOfPage\":{\"@id\":\"http:\\\/\\\/presscouncil-ks.org\\\/?p=17835&lang=sr\"},\"wordCount\":1132,\"commentCount\":0,\"publisher\":{\"@id\":\"http:\\\/\\\/presscouncil-ks.org\\\/#organization\"},\"image\":{\"@id\":\"http:\\\/\\\/presscouncil-ks.org\\\/?p=17835&lang=sr#primaryimage\"},\"thumbnailUrl\":\"http:\\\/\\\/presscouncil-ks.org\\\/wp-content\\\/uploads\\\/2026\\\/02\\\/27-feb-2026-kmshk.jpg\",\"articleSection\":[\"Vesti\"],\"inLanguage\":\"en-US\",\"potentialAction\":[{\"@type\":\"CommentAction\",\"name\":\"Comment\",\"target\":[\"http:\\\/\\\/presscouncil-ks.org\\\/?p=17835&lang=sr#respond\"]}]},{\"@type\":\"WebPage\",\"@id\":\"http:\\\/\\\/presscouncil-ks.org\\\/?p=17835&lang=sr\",\"url\":\"http:\\\/\\\/presscouncil-ks.org\\\/?p=17835&lang=sr\",\"name\":\"Savet \u0160tampe doneo odluke o 18 \u017ealbi - K\u00ebshilli i Mediave t\u00eb Shkruara t\u00eb Kosov\u00ebs | P\u00ebr nj\u00eb gazetari etike dhe profesionale\",\"isPartOf\":{\"@id\":\"http:\\\/\\\/presscouncil-ks.org\\\/#website\"},\"primaryImageOfPage\":{\"@id\":\"http:\\\/\\\/presscouncil-ks.org\\\/?p=17835&lang=sr#primaryimage\"},\"image\":{\"@id\":\"http:\\\/\\\/presscouncil-ks.org\\\/?p=17835&lang=sr#primaryimage\"},\"thumbnailUrl\":\"http:\\\/\\\/presscouncil-ks.org\\\/wp-content\\\/uploads\\\/2026\\\/02\\\/27-feb-2026-kmshk.jpg\",\"datePublished\":\"2026-02-27T11:59:46+00:00\",\"breadcrumb\":{\"@id\":\"http:\\\/\\\/presscouncil-ks.org\\\/?p=17835&lang=sr#breadcrumb\"},\"inLanguage\":\"en-US\",\"potentialAction\":[{\"@type\":\"ReadAction\",\"target\":[\"http:\\\/\\\/presscouncil-ks.org\\\/?p=17835&lang=sr\"]}]},{\"@type\":\"ImageObject\",\"inLanguage\":\"en-US\",\"@id\":\"http:\\\/\\\/presscouncil-ks.org\\\/?p=17835&lang=sr#primaryimage\",\"url\":\"http:\\\/\\\/presscouncil-ks.org\\\/wp-content\\\/uploads\\\/2026\\\/02\\\/27-feb-2026-kmshk.jpg\",\"contentUrl\":\"http:\\\/\\\/presscouncil-ks.org\\\/wp-content\\\/uploads\\\/2026\\\/02\\\/27-feb-2026-kmshk.jpg\",\"width\":1600,\"height\":1200},{\"@type\":\"BreadcrumbList\",\"@id\":\"http:\\\/\\\/presscouncil-ks.org\\\/?p=17835&lang=sr#breadcrumb\",\"itemListElement\":[{\"@type\":\"ListItem\",\"position\":1,\"name\":\"Home\",\"item\":\"https:\\\/\\\/presscouncil-ks.org\\\/\"},{\"@type\":\"ListItem\",\"position\":2,\"name\":\"Savet \u0160tampe doneo odluke o 18 \u017ealbi\"}]},{\"@type\":\"WebSite\",\"@id\":\"http:\\\/\\\/presscouncil-ks.org\\\/#website\",\"url\":\"http:\\\/\\\/presscouncil-ks.org\\\/\",\"name\":\"https:\\\/\\\/presscouncil-ks.org\\\/\",\"description\":\"\",\"publisher\":{\"@id\":\"http:\\\/\\\/presscouncil-ks.org\\\/#organization\"},\"potentialAction\":[{\"@type\":\"SearchAction\",\"target\":{\"@type\":\"EntryPoint\",\"urlTemplate\":\"http:\\\/\\\/presscouncil-ks.org\\\/?s={search_term_string}\"},\"query-input\":{\"@type\":\"PropertyValueSpecification\",\"valueRequired\":true,\"valueName\":\"search_term_string\"}}],\"inLanguage\":\"en-US\"},{\"@type\":\"Organization\",\"@id\":\"http:\\\/\\\/presscouncil-ks.org\\\/#organization\",\"name\":\"K\u00ebshilli i Mediave t\u00eb Shkruara t\u00eb Kosov\u00ebs\",\"url\":\"http:\\\/\\\/presscouncil-ks.org\\\/\",\"logo\":{\"@type\":\"ImageObject\",\"inLanguage\":\"en-US\",\"@id\":\"http:\\\/\\\/presscouncil-ks.org\\\/#\\\/schema\\\/logo\\\/image\\\/\",\"url\":\"http:\\\/\\\/presscouncil-ks.org\\\/wp-content\\\/uploads\\\/2023\\\/06\\\/cropped-logo.png\",\"contentUrl\":\"http:\\\/\\\/presscouncil-ks.org\\\/wp-content\\\/uploads\\\/2023\\\/06\\\/cropped-logo.png\",\"width\":268,\"height\":166,\"caption\":\"K\u00ebshilli i Mediave t\u00eb Shkruara t\u00eb Kosov\u00ebs\"},\"image\":{\"@id\":\"http:\\\/\\\/presscouncil-ks.org\\\/#\\\/schema\\\/logo\\\/image\\\/\"},\"sameAs\":[\"https:\\\/\\\/www.facebook.com\\\/KMSHKosove\"]},{\"@type\":\"Person\",\"@id\":\"http:\\\/\\\/presscouncil-ks.org\\\/#\\\/schema\\\/person\\\/b79d30c61264caeb733239c16cc4d673\",\"name\":\"Editor\",\"image\":{\"@type\":\"ImageObject\",\"inLanguage\":\"en-US\",\"@id\":\"https:\\\/\\\/secure.gravatar.com\\\/avatar\\\/9534865f39e7b3527010ee17196a76d054b16d731a6a5bfe2f92a071c6e9bf4e?s=96&d=mm&r=g\",\"url\":\"https:\\\/\\\/secure.gravatar.com\\\/avatar\\\/9534865f39e7b3527010ee17196a76d054b16d731a6a5bfe2f92a071c6e9bf4e?s=96&d=mm&r=g\",\"contentUrl\":\"https:\\\/\\\/secure.gravatar.com\\\/avatar\\\/9534865f39e7b3527010ee17196a76d054b16d731a6a5bfe2f92a071c6e9bf4e?s=96&d=mm&r=g\",\"caption\":\"Editor\"},\"url\":\"http:\\\/\\\/presscouncil-ks.org\\\/?author=2\"}]}<\/script>\n<!-- \/ Yoast SEO plugin. -->","yoast_head_json":{"title":"Savet \u0160tampe doneo odluke o 18 \u017ealbi - K\u00ebshilli i Mediave t\u00eb Shkruara t\u00eb Kosov\u00ebs | P\u00ebr nj\u00eb gazetari etike dhe profesionale","robots":{"index":"index","follow":"follow","max-snippet":"max-snippet:-1","max-image-preview":"max-image-preview:large","max-video-preview":"max-video-preview:-1"},"canonical":"http:\/\/presscouncil-ks.org\/?p=17835&lang=sr","og_locale":"en_US","og_type":"article","og_title":"Savet \u0160tampe doneo odluke o 18 \u017ealbi - K\u00ebshilli i Mediave t\u00eb Shkruara t\u00eb Kosov\u00ebs | P\u00ebr nj\u00eb gazetari etike dhe profesionale","og_description":"Savet \u0160tampe Kosova (S\u0160K) u redovnom sastanku razmotrio je ukupno 18 \u017ealbi. Skup\u0161tina S\u0160K-a odlu\u010dila da dve od njih bude usvojene, jedna da se usvoji delimi\u010dno, devet da se ne usvoje i pet \u017ealbe su progla\u0161ene neprihvatljive. Tako\u0111e, utvr\u0111eno je da je jedna \u017ealba re\u0161ena putem medijacije izme\u0111u stranaka. \u017dalbe su se ticale navodnih kr\u0161enja [&hellip;]","og_url":"http:\/\/presscouncil-ks.org\/?p=17835&lang=sr","og_site_name":"K\u00ebshilli i Mediave t\u00eb Shkruara t\u00eb Kosov\u00ebs | P\u00ebr nj\u00eb gazetari etike dhe profesionale","article_publisher":"https:\/\/www.facebook.com\/KMSHKosove","article_published_time":"2026-02-27T11:59:46+00:00","og_image":[{"width":1600,"height":1200,"url":"http:\/\/presscouncil-ks.org\/wp-content\/uploads\/2026\/02\/27-feb-2026-kmshk.jpg","type":"image\/jpeg"}],"author":"Editor","twitter_card":"summary_large_image","twitter_misc":{"Written by":"Editor","Est. reading time":"5 minutes"},"schema":{"@context":"https:\/\/schema.org","@graph":[{"@type":"Article","@id":"http:\/\/presscouncil-ks.org\/?p=17835&lang=sr#article","isPartOf":{"@id":"http:\/\/presscouncil-ks.org\/?p=17835&lang=sr"},"author":{"name":"Editor","@id":"http:\/\/presscouncil-ks.org\/#\/schema\/person\/b79d30c61264caeb733239c16cc4d673"},"headline":"Savet \u0160tampe doneo odluke o 18 \u017ealbi","datePublished":"2026-02-27T11:59:46+00:00","mainEntityOfPage":{"@id":"http:\/\/presscouncil-ks.org\/?p=17835&lang=sr"},"wordCount":1132,"commentCount":0,"publisher":{"@id":"http:\/\/presscouncil-ks.org\/#organization"},"image":{"@id":"http:\/\/presscouncil-ks.org\/?p=17835&lang=sr#primaryimage"},"thumbnailUrl":"http:\/\/presscouncil-ks.org\/wp-content\/uploads\/2026\/02\/27-feb-2026-kmshk.jpg","articleSection":["Vesti"],"inLanguage":"en-US","potentialAction":[{"@type":"CommentAction","name":"Comment","target":["http:\/\/presscouncil-ks.org\/?p=17835&lang=sr#respond"]}]},{"@type":"WebPage","@id":"http:\/\/presscouncil-ks.org\/?p=17835&lang=sr","url":"http:\/\/presscouncil-ks.org\/?p=17835&lang=sr","name":"Savet \u0160tampe doneo odluke o 18 \u017ealbi - K\u00ebshilli i Mediave t\u00eb Shkruara t\u00eb Kosov\u00ebs | P\u00ebr nj\u00eb gazetari etike dhe profesionale","isPartOf":{"@id":"http:\/\/presscouncil-ks.org\/#website"},"primaryImageOfPage":{"@id":"http:\/\/presscouncil-ks.org\/?p=17835&lang=sr#primaryimage"},"image":{"@id":"http:\/\/presscouncil-ks.org\/?p=17835&lang=sr#primaryimage"},"thumbnailUrl":"http:\/\/presscouncil-ks.org\/wp-content\/uploads\/2026\/02\/27-feb-2026-kmshk.jpg","datePublished":"2026-02-27T11:59:46+00:00","breadcrumb":{"@id":"http:\/\/presscouncil-ks.org\/?p=17835&lang=sr#breadcrumb"},"inLanguage":"en-US","potentialAction":[{"@type":"ReadAction","target":["http:\/\/presscouncil-ks.org\/?p=17835&lang=sr"]}]},{"@type":"ImageObject","inLanguage":"en-US","@id":"http:\/\/presscouncil-ks.org\/?p=17835&lang=sr#primaryimage","url":"http:\/\/presscouncil-ks.org\/wp-content\/uploads\/2026\/02\/27-feb-2026-kmshk.jpg","contentUrl":"http:\/\/presscouncil-ks.org\/wp-content\/uploads\/2026\/02\/27-feb-2026-kmshk.jpg","width":1600,"height":1200},{"@type":"BreadcrumbList","@id":"http:\/\/presscouncil-ks.org\/?p=17835&lang=sr#breadcrumb","itemListElement":[{"@type":"ListItem","position":1,"name":"Home","item":"https:\/\/presscouncil-ks.org\/"},{"@type":"ListItem","position":2,"name":"Savet \u0160tampe doneo odluke o 18 \u017ealbi"}]},{"@type":"WebSite","@id":"http:\/\/presscouncil-ks.org\/#website","url":"http:\/\/presscouncil-ks.org\/","name":"https:\/\/presscouncil-ks.org\/","description":"","publisher":{"@id":"http:\/\/presscouncil-ks.org\/#organization"},"potentialAction":[{"@type":"SearchAction","target":{"@type":"EntryPoint","urlTemplate":"http:\/\/presscouncil-ks.org\/?s={search_term_string}"},"query-input":{"@type":"PropertyValueSpecification","valueRequired":true,"valueName":"search_term_string"}}],"inLanguage":"en-US"},{"@type":"Organization","@id":"http:\/\/presscouncil-ks.org\/#organization","name":"K\u00ebshilli i Mediave t\u00eb Shkruara t\u00eb Kosov\u00ebs","url":"http:\/\/presscouncil-ks.org\/","logo":{"@type":"ImageObject","inLanguage":"en-US","@id":"http:\/\/presscouncil-ks.org\/#\/schema\/logo\/image\/","url":"http:\/\/presscouncil-ks.org\/wp-content\/uploads\/2023\/06\/cropped-logo.png","contentUrl":"http:\/\/presscouncil-ks.org\/wp-content\/uploads\/2023\/06\/cropped-logo.png","width":268,"height":166,"caption":"K\u00ebshilli i Mediave t\u00eb Shkruara t\u00eb Kosov\u00ebs"},"image":{"@id":"http:\/\/presscouncil-ks.org\/#\/schema\/logo\/image\/"},"sameAs":["https:\/\/www.facebook.com\/KMSHKosove"]},{"@type":"Person","@id":"http:\/\/presscouncil-ks.org\/#\/schema\/person\/b79d30c61264caeb733239c16cc4d673","name":"Editor","image":{"@type":"ImageObject","inLanguage":"en-US","@id":"https:\/\/secure.gravatar.com\/avatar\/9534865f39e7b3527010ee17196a76d054b16d731a6a5bfe2f92a071c6e9bf4e?s=96&d=mm&r=g","url":"https:\/\/secure.gravatar.com\/avatar\/9534865f39e7b3527010ee17196a76d054b16d731a6a5bfe2f92a071c6e9bf4e?s=96&d=mm&r=g","contentUrl":"https:\/\/secure.gravatar.com\/avatar\/9534865f39e7b3527010ee17196a76d054b16d731a6a5bfe2f92a071c6e9bf4e?s=96&d=mm&r=g","caption":"Editor"},"url":"http:\/\/presscouncil-ks.org\/?author=2"}]}},"_links":{"self":[{"href":"http:\/\/presscouncil-ks.org\/index.php?rest_route=\/wp\/v2\/posts\/17835","targetHints":{"allow":["GET"]}}],"collection":[{"href":"http:\/\/presscouncil-ks.org\/index.php?rest_route=\/wp\/v2\/posts"}],"about":[{"href":"http:\/\/presscouncil-ks.org\/index.php?rest_route=\/wp\/v2\/types\/post"}],"author":[{"embeddable":true,"href":"http:\/\/presscouncil-ks.org\/index.php?rest_route=\/wp\/v2\/users\/2"}],"replies":[{"embeddable":true,"href":"http:\/\/presscouncil-ks.org\/index.php?rest_route=%2Fwp%2Fv2%2Fcomments&post=17835"}],"version-history":[{"count":1,"href":"http:\/\/presscouncil-ks.org\/index.php?rest_route=\/wp\/v2\/posts\/17835\/revisions"}],"predecessor-version":[{"id":17837,"href":"http:\/\/presscouncil-ks.org\/index.php?rest_route=\/wp\/v2\/posts\/17835\/revisions\/17837"}],"wp:featuredmedia":[{"embeddable":true,"href":"http:\/\/presscouncil-ks.org\/index.php?rest_route=\/wp\/v2\/media\/17836"}],"wp:attachment":[{"href":"http:\/\/presscouncil-ks.org\/index.php?rest_route=%2Fwp%2Fv2%2Fmedia&parent=17835"}],"wp:term":[{"taxonomy":"category","embeddable":true,"href":"http:\/\/presscouncil-ks.org\/index.php?rest_route=%2Fwp%2Fv2%2Fcategories&post=17835"},{"taxonomy":"post_tag","embeddable":true,"href":"http:\/\/presscouncil-ks.org\/index.php?rest_route=%2Fwp%2Fv2%2Ftags&post=17835"}],"curies":[{"name":"wp","href":"https:\/\/api.w.org\/{rel}","templated":true}]}}