{"id":17750,"date":"2026-01-30T14:12:14","date_gmt":"2026-01-30T14:12:14","guid":{"rendered":"https:\/\/presscouncil-ks.org\/?p=17750"},"modified":"2026-02-06T10:02:52","modified_gmt":"2026-02-06T10:02:52","slug":"kuvendi-i-kmshk-se-mori-vendim-per-19-ankesa","status":"publish","type":"post","link":"http:\/\/presscouncil-ks.org\/?p=17750","title":{"rendered":"Kuvendi i KMShK-s\u00eb mori vendim p\u00ebr 19 ankesa"},"content":{"rendered":"<div class=\"xdj266r x14z9mp xat24cr x1lziwak x1vvkbs x126k92a\">\n<div dir=\"auto\">K\u00ebshilli i Mediave t\u00eb Shkruara t\u00eb Kosov\u00ebs (KMShK) n\u00eb mbledhjen e rregullt ka shqyrtuar gjithsej 19 ankesa. An\u00ebtar\u00ebt e Kuvendit t\u00eb KMShK-s\u00eb kan\u00eb vendosur q\u00eb t\u00eb miratohen dy nga to, pes\u00eb t\u00eb miratohen pjes\u00ebrisht, gjasht\u00eb t\u00eb refuzohen, tri t\u00eb shpallen t\u00eb patrajtueshme dhe nj\u00eb e paafatshme. Nd\u00ebrkaq, p\u00ebr dy ankesa \u00ebsht\u00eb konstatuar se jan\u00eb zgjidhur me nd\u00ebrmjet\u00ebsim mes pal\u00ebve.<\/div>\n<\/div>\n<div dir=\"auto\"><\/div>\n<div dir=\"auto\"><\/div>\n<div class=\"x14z9mp xat24cr x1lziwak x1vvkbs xtlvy1s x126k92a\">\n<div dir=\"auto\">Ankesat kishin t\u00eb b\u00ebnin me pretendimet p\u00ebr shkeljen e kapitujve t\u00eb caktuar t\u00eb Kodit t\u00eb Mediave t\u00eb Shkruara t\u00eb Kosov\u00ebs, p\u00ebrkat\u00ebsisht Kapitullit II &#8211; Raportimi i s\u00eb v\u00ebrtet\u00ebs, Kapitullit III \u2013 Nxitja dhe gjuha e urrejtjes, Kapitullit IV &#8211; E drejta p\u00ebr t\u2019u p\u00ebrgjigjur, Kapitullit V &#8211; Personat e p\u00ebrfshir\u00eb n\u00eb incidente, aksidente, t\u00eb arrestuar apo t\u00eb akuzuar p\u00ebr vepra penale, Kapitullit VI &#8211; Trajtimi i tragjedive personale, mbrojtja e f\u00ebmij\u00ebve dhe t\u00eb miturve dhe Kapitullit VII &#8211; Privat\u00ebsia dhe mbrojtja e burimeve.<\/div>\n<\/div>\n<div class=\"x14z9mp xat24cr x1lziwak x1vvkbs xtlvy1s x126k92a\">\n<div dir=\"auto\"><\/div>\n<div dir=\"auto\">KMShK ka miratuar ankes\u00ebn e Ahmert Ismailit kund\u00ebr <strong><span class=\"html-span xdj266r x14z9mp xat24cr x1lziwak xexx8yu xyri2b x18d9i69 x1c1uobl x1hl2dhg x16tdsg8 x1vvkbs\"><a class=\"x1i10hfl xjbqb8w x1ejq31n x18oe1m7 x1sy0etr xstzfhl x972fbf x10w94by x1qhh985 x14e42zd x9f619 x1ypdohk xt0psk2 x3ct3a4 xdj266r x14z9mp xat24cr x1lziwak xexx8yu xyri2b x18d9i69 x1c1uobl x16tdsg8 x1hl2dhg xggy1nq x1a2a7pz xkrqix3 x1sur9pj x1fey0fg x1s688f\" tabindex=\"0\" role=\"link\" href=\"https:\/\/l.facebook.com\/l.php?u=https%3A%2F%2FSinjali.com%2F%3Ffbclid%3DIwZXh0bgNhZW0CMTAAYnJpZBEwd0tDR3B6eklUSDFneUI5YnNydGMGYXBwX2lkEDIyMjAzOTE3ODgyMDA4OTIAAR4C1gqWriQW-jbqKIzsYHJOc_YXxYWO_3la_FRR7WpRzJRKsf5M8SRae7prYw_aem_eY94dijZ9fMTXsvWy648gA&amp;h=AT0fMm6WPhcehwT_-EwbGKjVW55Jsk7ScIzxr0PlN8rSGfsCVGP5odHA2Hs4zT-k0PGCkjIuMwcWhfjd-e_C2mtCkCK6eM8cTWpqk0d8VL_hdfWZ3yfJ79jOb4puU3fkM6WS2u4Dft3exH2Y7s2dcnrkqaajqQ&amp;__tn__=-UK-R&amp;c[0]=AT2UTC8RKKhdCy-7Lns1bUw-ZrZOh1ttaao5JTDGsEbCOckntlXsY4PcjyrcJuN6Lu-qFOlxa-rGbMl1S0BRNlF816Ye7o2jmGhtsUrVXG93ISF2fGmuvDzby7AzdgBwCBH2kpjLVI83aXaxl00H3IhnUsPGpx1lJmfmMJ8f2Q\" target=\"_blank\" rel=\"nofollow noopener\">Sinjali.com<\/a><\/span><\/strong> p\u00ebr shkrimin me titull \u201cE trisht\u00eb: 13-vje\u00e7ari dyshohet se u dhunua nga nj\u00eb person q\u00eb e njohu n\u00eb TikTok, rasti zbulohet nga shkolla\u201d, duke konstatuar se \u00ebsht\u00eb shkelur Kapitulli VI i Kodit t\u00eb Mediave t\u00eb Shkruara t\u00eb Kosov\u00ebs, i cili ka t\u00eb b\u00ebj\u00eb me trajtimin e tragjedive personale, mbrojtjen e f\u00ebmij\u00ebve dhe t\u00eb miturve.<\/div>\n<\/div>\n<div class=\"x14z9mp xat24cr x1lziwak x1vvkbs xtlvy1s x126k92a\">\n<div dir=\"auto\"><\/div>\n<div dir=\"auto\">KMShK ka miratuar ankes\u00ebn e Reforma Sh.P.K., p\u00ebrfaq\u00ebsuar nga Azem Rusinovci, kund\u00ebr <span style=\"color: #0000ff;\"><strong><span class=\"html-span xdj266r x14z9mp xat24cr x1lziwak xexx8yu xyri2b x18d9i69 x1c1uobl x1hl2dhg x16tdsg8 x1vvkbs\"><a class=\"x1i10hfl xjbqb8w x1ejq31n x18oe1m7 x1sy0etr xstzfhl x972fbf x10w94by x1qhh985 x14e42zd x9f619 x1ypdohk xt0psk2 x3ct3a4 xdj266r x14z9mp xat24cr x1lziwak xexx8yu xyri2b x18d9i69 x1c1uobl x16tdsg8 x1hl2dhg xggy1nq x1a2a7pz xkrqix3 x1sur9pj x1fey0fg x1s688f\" style=\"color: #0000ff;\" tabindex=\"0\" role=\"link\" href=\"https:\/\/l.facebook.com\/l.php?u=https%3A%2F%2FSinjali.com%2F%3Ffbclid%3DIwZXh0bgNhZW0CMTAAYnJpZBEwd0tDR3B6eklUSDFneUI5YnNydGMGYXBwX2lkEDIyMjAzOTE3ODgyMDA4OTIAAR7o-SVPGrenDaaapeKox0h8nDUpbzVPuPXDgOiAFfS6MPajkrqeHUUsZiBW7Q_aem_Pnwv5Pw-MAJvKAKBc3m6Rg&amp;h=AT0fMm6WPhcehwT_-EwbGKjVW55Jsk7ScIzxr0PlN8rSGfsCVGP5odHA2Hs4zT-k0PGCkjIuMwcWhfjd-e_C2mtCkCK6eM8cTWpqk0d8VL_hdfWZ3yfJ79jOb4puU3fkM6WS2u4Dft3exH2Y7s2dcnrkqaajqQ&amp;__tn__=-UK-R&amp;c[0]=AT2UTC8RKKhdCy-7Lns1bUw-ZrZOh1ttaao5JTDGsEbCOckntlXsY4PcjyrcJuN6Lu-qFOlxa-rGbMl1S0BRNlF816Ye7o2jmGhtsUrVXG93ISF2fGmuvDzby7AzdgBwCBH2kpjLVI83aXaxl00H3IhnUsPGpx1lJmfmMJ8f2Q\" target=\"_blank\" rel=\"nofollow noopener\">Sinjali.com<\/a><\/span><\/strong><\/span>, <span style=\"color: #0000ff;\"><strong><span class=\"html-span xdj266r x14z9mp xat24cr x1lziwak xexx8yu xyri2b x18d9i69 x1c1uobl x1hl2dhg x16tdsg8 x1vvkbs\"><a class=\"x1i10hfl xjbqb8w x1ejq31n x18oe1m7 x1sy0etr xstzfhl x972fbf x10w94by x1qhh985 x14e42zd x9f619 x1ypdohk xt0psk2 x3ct3a4 xdj266r x14z9mp xat24cr x1lziwak xexx8yu xyri2b x18d9i69 x1c1uobl x16tdsg8 x1hl2dhg xggy1nq x1a2a7pz xkrqix3 x1sur9pj x1fey0fg x1s688f\" style=\"color: #0000ff;\" tabindex=\"0\" role=\"link\" href=\"https:\/\/l.facebook.com\/l.php?u=http%3A%2F%2FGazetakosova.net%2F%3Ffbclid%3DIwZXh0bgNhZW0CMTAAYnJpZBEwd0tDR3B6eklUSDFneUI5YnNydGMGYXBwX2lkEDIyMjAzOTE3ODgyMDA4OTIAAR4C1gqWriQW-jbqKIzsYHJOc_YXxYWO_3la_FRR7WpRzJRKsf5M8SRae7prYw_aem_eY94dijZ9fMTXsvWy648gA&amp;h=AT0i9lHFQwA0ji7vCaXGdHCnzVsAHJTp7Hcpux5mOiBz_Jt9v6ti4NG2_qLWq1jJ7F4tkxk7UbSsNAlk1B4OqKURHa7dL8ICYqIbRPzTNPjlFz_M36hXuseGzWnolCNgTDYV60CNRPcinPUYQJdESWJ5hphwVQ&amp;__tn__=-UK-R&amp;c[0]=AT2UTC8RKKhdCy-7Lns1bUw-ZrZOh1ttaao5JTDGsEbCOckntlXsY4PcjyrcJuN6Lu-qFOlxa-rGbMl1S0BRNlF816Ye7o2jmGhtsUrVXG93ISF2fGmuvDzby7AzdgBwCBH2kpjLVI83aXaxl00H3IhnUsPGpx1lJmfmMJ8f2Q\" target=\"_blank\" rel=\"nofollow noopener\">Gazetakosova.net<\/a><\/span><\/strong><\/span> dhe Qendra.info p\u00ebr shkrimin me titull \u201cPjes\u00eb e hetimit p\u00ebr skandalin e BKS-s\u00eb edhe pronari i Reforma Sh.P.K., Azem Rusinovci\u201d, duke konstatuar se jan\u00eb shkelur Kapitulli II i Kodit t\u00eb Mediave t\u00eb Shkruara t\u00eb Kosov\u00ebs, i cili ka t\u00eb b\u00ebj\u00eb me raportimin e s\u00eb v\u00ebrtet\u00ebs dhe Kapitulli IV, i cili ka t\u00eb b\u00ebj\u00eb me t\u00eb drejt\u00ebn p\u00ebr t\u2019u p\u00ebrgjigjur.<\/div>\n<\/div>\n<div class=\"x14z9mp xat24cr x1lziwak x1vvkbs xtlvy1s x126k92a\">\n<div dir=\"auto\"><\/div>\n<div dir=\"auto\">KMShK ka miratuar pjes\u00ebrisht ankes\u00ebn e Arian Gashit kund\u00ebr <span style=\"color: #0000ff;\"><strong><span class=\"html-span xdj266r x14z9mp xat24cr x1lziwak xexx8yu xyri2b x18d9i69 x1c1uobl x1hl2dhg x16tdsg8 x1vvkbs\"><a class=\"x1i10hfl xjbqb8w x1ejq31n x18oe1m7 x1sy0etr xstzfhl x972fbf x10w94by x1qhh985 x14e42zd x9f619 x1ypdohk xt0psk2 x3ct3a4 xdj266r x14z9mp xat24cr x1lziwak xexx8yu xyri2b x18d9i69 x1c1uobl x16tdsg8 x1hl2dhg xggy1nq x1a2a7pz xkrqix3 x1sur9pj x1fey0fg x1s688f\" style=\"color: #0000ff;\" tabindex=\"0\" role=\"link\" href=\"https:\/\/l.facebook.com\/l.php?u=http%3A%2F%2FPaparaci.com%2F%3Ffbclid%3DIwZXh0bgNhZW0CMTAAYnJpZBEwd0tDR3B6eklUSDFneUI5YnNydGMGYXBwX2lkEDIyMjAzOTE3ODgyMDA4OTIAAR7o-SVPGrenDaaapeKox0h8nDUpbzVPuPXDgOiAFfS6MPajkrqeHUUsZiBW7Q_aem_Pnwv5Pw-MAJvKAKBc3m6Rg&amp;h=AT07liF-zLuncwxmdrrnndjdogoZCtmFmH8rOYiGXJX_zIbNCx661auPALjEQtIKfCywUXc8LXgu3vntwUp-uRo8qWhwIdNa8rz0OPqSKSoq4wFHl1ItuCqNm9v4r8up8cXpUC_MRoFHFsc47DmAfyRarCClig&amp;__tn__=-UK-R&amp;c[0]=AT2UTC8RKKhdCy-7Lns1bUw-ZrZOh1ttaao5JTDGsEbCOckntlXsY4PcjyrcJuN6Lu-qFOlxa-rGbMl1S0BRNlF816Ye7o2jmGhtsUrVXG93ISF2fGmuvDzby7AzdgBwCBH2kpjLVI83aXaxl00H3IhnUsPGpx1lJmfmMJ8f2Q\" target=\"_blank\" rel=\"nofollow noopener\">Paparaci.com<\/a><\/span><\/strong><\/span> p\u00ebr shkrimet me tituj \u201cZbulohet mesazhi i prokurorit n\u00eb Pej\u00eb q\u00eb e implikon an\u00ebtarin e KPK-s\u00eb n\u00eb ushtrim ndikimi\u201d, \u201cLidhjet e ngushta t\u00eb Arian Gashit me VV-n\u00eb, pushteti ia b\u00ebri v\u00ebllain drejtues bordi &#8211; ai mbron Besim Kelmendin\u201d dhe \u201cZbulohen lidhje t\u00eb tjera t\u00eb ngushta t\u00eb prokurorit Arian Gashi me Vet\u00ebvendosjen\u201d, duke konstatuar se \u00ebsht\u00eb shkelur Kapitulli II i Kodit t\u00eb Mediave t\u00eb Shkruara t\u00eb Kosov\u00ebs, i cili ka t\u00eb b\u00ebj\u00eb me raportimin e s\u00eb v\u00ebrtet\u00ebs, por jo edhe Kapitulli IV, i cili ka t\u00eb b\u00ebj\u00eb me t\u00eb drejt\u00ebn p\u00ebr t\u2019u p\u00ebrgjigjur, ashtu si\u00e7 pretendon pala ankuese.<\/div>\n<\/div>\n<div class=\"x14z9mp xat24cr x1lziwak x1vvkbs xtlvy1s x126k92a\">\n<div dir=\"auto\"><\/div>\n<div dir=\"auto\">KMShK ka miratuar pjes\u00ebrisht ankes\u00ebn e Behar Mjekiqit, p\u00ebrfaq\u00ebsuar nga avokati Xhafer Tahiri, kund\u00ebr <span style=\"color: #0000ff;\"><strong><span class=\"html-span xdj266r x14z9mp xat24cr x1lziwak xexx8yu xyri2b x18d9i69 x1c1uobl x1hl2dhg x16tdsg8 x1vvkbs\"><a class=\"x1i10hfl xjbqb8w x1ejq31n x18oe1m7 x1sy0etr xstzfhl x972fbf x10w94by x1qhh985 x14e42zd x9f619 x1ypdohk xt0psk2 x3ct3a4 xdj266r x14z9mp xat24cr x1lziwak xexx8yu xyri2b x18d9i69 x1c1uobl x16tdsg8 x1hl2dhg xggy1nq x1a2a7pz xkrqix3 x1sur9pj x1fey0fg x1s688f\" style=\"color: #0000ff;\" tabindex=\"0\" role=\"link\" href=\"https:\/\/l.facebook.com\/l.php?u=http%3A%2F%2FPaparaci.com%2F%3Ffbclid%3DIwZXh0bgNhZW0CMTAAYnJpZBEwd0tDR3B6eklUSDFneUI5YnNydGMGYXBwX2lkEDIyMjAzOTE3ODgyMDA4OTIAAR4C1gqWriQW-jbqKIzsYHJOc_YXxYWO_3la_FRR7WpRzJRKsf5M8SRae7prYw_aem_eY94dijZ9fMTXsvWy648gA&amp;h=AT07liF-zLuncwxmdrrnndjdogoZCtmFmH8rOYiGXJX_zIbNCx661auPALjEQtIKfCywUXc8LXgu3vntwUp-uRo8qWhwIdNa8rz0OPqSKSoq4wFHl1ItuCqNm9v4r8up8cXpUC_MRoFHFsc47DmAfyRarCClig&amp;__tn__=-UK-R&amp;c[0]=AT2UTC8RKKhdCy-7Lns1bUw-ZrZOh1ttaao5JTDGsEbCOckntlXsY4PcjyrcJuN6Lu-qFOlxa-rGbMl1S0BRNlF816Ye7o2jmGhtsUrVXG93ISF2fGmuvDzby7AzdgBwCBH2kpjLVI83aXaxl00H3IhnUsPGpx1lJmfmMJ8f2Q\" target=\"_blank\" rel=\"nofollow noopener\">Paparaci.com<\/a><\/span><\/strong><\/span> p\u00ebr shkrimin me titull \u201cRrahu gruan e dyt\u00eb, aktakuz\u00eb ndaj hoxh\u00ebs Behar Mjekiqi \u2013 detaje nga dosja e Prokuroris\u00eb\u201d, duke konstatuar se \u00ebsht\u00eb shkelur Kapitulli IV i Kodit t\u00eb Mediave t\u00eb Shkruara t\u00eb Kosov\u00ebs, i cili ka t\u00eb b\u00ebj\u00eb me t\u00eb drejt\u00ebn p\u00ebr t\u2019u p\u00ebrgjigjur, por jo edhe Kapitulli II, i cili ka t\u00eb b\u00ebj\u00eb me raportimin e s\u00eb v\u00ebrtet\u00ebs, ashtu si\u00e7 pretendon pala ankuese.<\/div>\n<\/div>\n<div class=\"x14z9mp xat24cr x1lziwak x1vvkbs xtlvy1s x126k92a\">\n<div dir=\"auto\"><\/div>\n<div dir=\"auto\">KMShK ka miratuar pjes\u00ebrisht ankes\u00ebn e Behar Mjekiqit, p\u00ebrfaq\u00ebsuar nga avokati Xhafer Tahiri, kund\u00ebr <span class=\"html-span xdj266r x14z9mp xat24cr x1lziwak xexx8yu xyri2b x18d9i69 x1c1uobl x1hl2dhg x16tdsg8 x1vvkbs\"><a class=\"x1i10hfl xjbqb8w x1ejq31n x18oe1m7 x1sy0etr xstzfhl x972fbf x10w94by x1qhh985 x14e42zd x9f619 x1ypdohk xt0psk2 x3ct3a4 xdj266r x14z9mp xat24cr x1lziwak xexx8yu xyri2b x18d9i69 x1c1uobl x16tdsg8 x1hl2dhg xggy1nq x1a2a7pz xkrqix3 x1sur9pj x1fey0fg x1s688f\" tabindex=\"0\" role=\"link\" href=\"https:\/\/l.facebook.com\/l.php?u=http%3A%2F%2FJepize.com%2F%3Ffbclid%3DIwZXh0bgNhZW0CMTAAYnJpZBEwd0tDR3B6eklUSDFneUI5YnNydGMGYXBwX2lkEDIyMjAzOTE3ODgyMDA4OTIAAR4iHZGaWCq4oR-GxGyfWJ_RoS9pYazrvUmaRkyLReSavQfXKWPt9bLLKXEB7w_aem_n-_ZCLi0fNkU_I9v-iWIEw&amp;h=AT0Owu804daieu7o_cXKdlboeJleq7vqjATUgW7DD8gWwNiQXm_LXo3shrnrBpHxktscF72VaBLQLrhFFn8ZoujEzTctTyD8VX5bhJLoTeDpf_7PKfPLLcenqwHpf1a-r06DT41DpZoM296nP5fyCxNz4Syv3g&amp;__tn__=-UK-R&amp;c[0]=AT2UTC8RKKhdCy-7Lns1bUw-ZrZOh1ttaao5JTDGsEbCOckntlXsY4PcjyrcJuN6Lu-qFOlxa-rGbMl1S0BRNlF816Ye7o2jmGhtsUrVXG93ISF2fGmuvDzby7AzdgBwCBH2kpjLVI83aXaxl00H3IhnUsPGpx1lJmfmMJ8f2Q\" target=\"_blank\" rel=\"nofollow noopener\"><span style=\"color: #0000ff;\"><strong>Jepize.com<\/strong><\/span><\/a><\/span> p\u00ebr shkrimin me titull \u201cRrahu gruan e dyt\u00eb, aktakuz\u00eb ndaj hoxh\u00ebs Behar Mjekiqi \u2013 detaje nga dosja e Prokuroris\u00eb\u201d, duke konstatuar se \u00ebsht\u00eb shkelur Kapitulli IV i Kodit t\u00eb Mediave t\u00eb Shkruara t\u00eb Kosov\u00ebs, i cili ka t\u00eb b\u00ebj\u00eb me t\u00eb drejt\u00ebn p\u00ebr t\u2019u p\u00ebrgjigjur, por jo edhe Kapitulli II, i cili ka t\u00eb b\u00ebj\u00eb me raportimin e s\u00eb v\u00ebrtet\u00ebs, ashtu si\u00e7 pretendon pala ankuese.<\/div>\n<\/div>\n<div class=\"x14z9mp xat24cr x1lziwak x1vvkbs xtlvy1s x126k92a\">\n<div dir=\"auto\"><\/div>\n<div dir=\"auto\">KMShK ka miratuar pjes\u00ebrisht ankes\u00ebn e Behar Mjekiqit, p\u00ebrfaq\u00ebsuar nga avokati Xhafer Tahiri, kund\u00ebr <span style=\"color: #0000ff;\"><strong><span class=\"html-span xdj266r x14z9mp xat24cr x1lziwak xexx8yu xyri2b x18d9i69 x1c1uobl x1hl2dhg x16tdsg8 x1vvkbs\"><a class=\"x1i10hfl xjbqb8w x1ejq31n x18oe1m7 x1sy0etr xstzfhl x972fbf x10w94by x1qhh985 x14e42zd x9f619 x1ypdohk xt0psk2 x3ct3a4 xdj266r x14z9mp xat24cr x1lziwak xexx8yu xyri2b x18d9i69 x1c1uobl x16tdsg8 x1hl2dhg xggy1nq x1a2a7pz xkrqix3 x1sur9pj x1fey0fg x1s688f\" style=\"color: #0000ff;\" tabindex=\"0\" role=\"link\" href=\"https:\/\/l.facebook.com\/l.php?u=http%3A%2F%2FPeriskopi.com%2F%3Ffbclid%3DIwZXh0bgNhZW0CMTAAYnJpZBEwd0tDR3B6eklUSDFneUI5YnNydGMGYXBwX2lkEDIyMjAzOTE3ODgyMDA4OTIAAR7ibN5kAMrfcTJ_MzExI2b9KROpiF-Aodjtk4U89Y38kcmufr1FnuWBaisT-A_aem_8qJwzu7lSGTh4ar1ArR5CA&amp;h=AT3TDDZ9KnLDIVJd9pgHchz2vh0jpVbvImJ9fPD_TfN4cK4fxer5MlFDGWtaU7wB_i9qQYe2UbnkqJNTt5-5YEilysEIOJ6Ei9miAHnRqJpWbpL3WwzuNrRKgf2xb_43rqFvt1vVNcXiOk0fscAbUwyf9rFTQg&amp;__tn__=-UK-R&amp;c[0]=AT2UTC8RKKhdCy-7Lns1bUw-ZrZOh1ttaao5JTDGsEbCOckntlXsY4PcjyrcJuN6Lu-qFOlxa-rGbMl1S0BRNlF816Ye7o2jmGhtsUrVXG93ISF2fGmuvDzby7AzdgBwCBH2kpjLVI83aXaxl00H3IhnUsPGpx1lJmfmMJ8f2Q\" target=\"_blank\" rel=\"nofollow noopener\">Periskopi.com<\/a><\/span><\/strong><\/span> p\u00ebr shkrimin me titull \u201cRrahu gruan e dyt\u00eb, aktakuz\u00eb ndaj hoxh\u00ebs Behar Mjekiqi \u2013 detaje nga dosja e Prokuroris\u00eb\u201d, duke konstatuar se \u00ebsht\u00eb shkelur Kapitulli IV i Kodit t\u00eb Mediave t\u00eb Shkruara t\u00eb Kosov\u00ebs, i cili ka t\u00eb b\u00ebj\u00eb me t\u00eb drejt\u00ebn p\u00ebr t\u2019u p\u00ebrgjigjur, por jo edhe Kapitulli II, i cili ka t\u00eb b\u00ebj\u00eb me raportimin e s\u00eb v\u00ebrtet\u00ebs, ashtu si\u00e7 pretendon pala ankuese.<\/div>\n<\/div>\n<div class=\"x14z9mp xat24cr x1lziwak x1vvkbs xtlvy1s x126k92a\">\n<div dir=\"auto\"><\/div>\n<div dir=\"auto\">KMShK ka miratuar pjes\u00ebrisht ankes\u00ebn e Behar Mjekiqit, p\u00ebrfaq\u00ebsuar nga avokati Xhafer Tahiri, kund\u00ebr Veriu.info p\u00ebr shkrimin me titull \u201cRrahu gruan e dyt\u00eb, aktakuz\u00eb ndaj hoxh\u00ebs Behar Mjekiqi \u2013 detaje nga dosja e Prokuroris\u00eb\u201d, duke konstatuar se \u00ebsht\u00eb shkelur Kapitulli IV i Kodit t\u00eb Mediave t\u00eb Shkruara t\u00eb Kosov\u00ebs, i cili ka t\u00eb b\u00ebj\u00eb me t\u00eb drejt\u00ebn p\u00ebr t\u2019u p\u00ebrgjigjur, por jo edhe Kapitulli II, i cili ka t\u00eb b\u00ebj\u00eb me raportimin e s\u00eb v\u00ebrtet\u00ebs, ashtu si\u00e7 pretendon pala ankuese.<\/div>\n<\/div>\n<div class=\"x14z9mp xat24cr x1lziwak x1vvkbs xtlvy1s x126k92a\">\n<div dir=\"auto\"><\/div>\n<div dir=\"auto\">KMShK nuk e ka miratuar (e ka hedhur posht\u00eb) ankes\u00ebn e Nebih Shal\u00ebs kund\u00ebr <span class=\"html-span xdj266r x14z9mp xat24cr x1lziwak xexx8yu xyri2b x18d9i69 x1c1uobl x1hl2dhg x16tdsg8 x1vvkbs\"><a class=\"x1i10hfl xjbqb8w x1ejq31n x18oe1m7 x1sy0etr xstzfhl x972fbf x10w94by x1qhh985 x14e42zd x9f619 x1ypdohk xt0psk2 x3ct3a4 xdj266r x14z9mp xat24cr x1lziwak xexx8yu xyri2b x18d9i69 x1c1uobl x16tdsg8 x1hl2dhg xggy1nq x1a2a7pz xkrqix3 x1sur9pj x1fey0fg x1s688f\" tabindex=\"0\" role=\"link\" href=\"https:\/\/l.facebook.com\/l.php?u=http%3A%2F%2FReporteri.net%2F%3Ffbclid%3DIwZXh0bgNhZW0CMTAAYnJpZBEwd0tDR3B6eklUSDFneUI5YnNydGMGYXBwX2lkEDIyMjAzOTE3ODgyMDA4OTIAAR7TR8tJyB8D0J1wSfM17IFmgzjeZ1tUbsjZw4GiQ0NTi7eULbz3UdtpmcM-xQ_aem_VPZWvQjmGrmpPk3CbDAIkw&amp;h=AT08LW61fVc_1c3Wyv8CD6C7UdVS61RM5GYmcqjL5S1UIY4mehZianvROo8NeKaRjRnLk6whPbqpzZ_XiuYTaexS7jm5v8VxiN1F5FpwQhzRN1pr0MFYjUK6nRTMXYNJ18RDzhHmEpx22w45S8RugjZIbueHHA&amp;__tn__=-UK-R&amp;c[0]=AT2UTC8RKKhdCy-7Lns1bUw-ZrZOh1ttaao5JTDGsEbCOckntlXsY4PcjyrcJuN6Lu-qFOlxa-rGbMl1S0BRNlF816Ye7o2jmGhtsUrVXG93ISF2fGmuvDzby7AzdgBwCBH2kpjLVI83aXaxl00H3IhnUsPGpx1lJmfmMJ8f2Q\" target=\"_blank\" rel=\"nofollow noopener\"><span style=\"color: #0000ff;\"><strong>Reporteri.net<\/strong><\/span><\/a><\/span> p\u00ebr nj\u00eb video t\u00eb publikuar n\u00eb profilin zyrtar t\u00eb medias n\u00eb rrjetin social Facebook, duke konstatuar se nuk \u00ebsht\u00eb shkelur Kapitulli II i Kodit t\u00eb Mediave t\u00eb Shkruara t\u00eb Kosov\u00ebs, i cili ka t\u00eb b\u00ebj\u00eb me raportimin e s\u00eb v\u00ebrtet\u00ebs, ashtu si\u00e7 pretendon pala ankuese.<\/div>\n<\/div>\n<div class=\"x14z9mp xat24cr x1lziwak x1vvkbs xtlvy1s x126k92a\">\n<div dir=\"auto\"><\/div>\n<div dir=\"auto\">KMShK nuk e ka miratuar (e ka hedhur posht\u00eb) ankes\u00ebn e Zenun Elezajt, p\u00ebrfaq\u00ebsuar nga Kerveshi@Partners, kund\u00ebr Kosova.info p\u00ebr shkrimin me titull \u201cOpinion: Mashtrimi politik i Zenun Elezajt me \u2018lejen e xhamis\u00eb\u2019 n\u00eb zon\u00ebn arkelologjike\u201d, duke konstatuar se nuk jan\u00eb shkelur kapitujt II dhe III t\u00eb Kodit t\u00eb Mediave t\u00eb Shkruara t\u00eb Kosov\u00ebs, t\u00eb cil\u00ebt kan\u00eb t\u00eb b\u00ebjn\u00eb me raportimin e s\u00eb v\u00ebrtet\u00ebs, p\u00ebrkat\u00ebsisht nxitjen dhe gjuh\u00ebn e urrejtjes, ashtu si\u00e7 pretendon pala ankuese.<\/div>\n<\/div>\n<div class=\"x14z9mp xat24cr x1lziwak x1vvkbs xtlvy1s x126k92a\">\n<div dir=\"auto\"><\/div>\n<div dir=\"auto\">KMShK nuk e ka miratuar (e ka hedhur posht\u00eb) ankes\u00ebn e Albert Hajrizajt kund\u00ebr <span class=\"html-span xdj266r x14z9mp xat24cr x1lziwak xexx8yu xyri2b x18d9i69 x1c1uobl x1hl2dhg x16tdsg8 x1vvkbs\"><a class=\"x1i10hfl xjbqb8w x1ejq31n x18oe1m7 x1sy0etr xstzfhl x972fbf x10w94by x1qhh985 x14e42zd x9f619 x1ypdohk xt0psk2 x3ct3a4 xdj266r x14z9mp xat24cr x1lziwak xexx8yu xyri2b x18d9i69 x1c1uobl x16tdsg8 x1hl2dhg xggy1nq x1a2a7pz xkrqix3 x1sur9pj x1fey0fg x1s688f\" tabindex=\"0\" role=\"link\" href=\"https:\/\/l.facebook.com\/l.php?u=https%3A%2F%2FNacionale.com%2F%3Ffbclid%3DIwZXh0bgNhZW0CMTAAYnJpZBEwd0tDR3B6eklUSDFneUI5YnNydGMGYXBwX2lkEDIyMjAzOTE3ODgyMDA4OTIAAR4C1gqWriQW-jbqKIzsYHJOc_YXxYWO_3la_FRR7WpRzJRKsf5M8SRae7prYw_aem_eY94dijZ9fMTXsvWy648gA&amp;h=AT2QfD4AJ-T-OaDFupCdsvpprjRT7RwrbmMHZ__qKR5XKvZ2EGhR1nPi7wcOYOKYKvN93ug2S4MoMymYkmAsPLQ5ETaCYsleIXiUiWFZuORy0Y2G6QkBsSV-WzYVl8X123iAKbf_l0722gTGl6QvHnb6UPuADw&amp;__tn__=-UK-R&amp;c[0]=AT2UTC8RKKhdCy-7Lns1bUw-ZrZOh1ttaao5JTDGsEbCOckntlXsY4PcjyrcJuN6Lu-qFOlxa-rGbMl1S0BRNlF816Ye7o2jmGhtsUrVXG93ISF2fGmuvDzby7AzdgBwCBH2kpjLVI83aXaxl00H3IhnUsPGpx1lJmfmMJ8f2Q\" target=\"_blank\" rel=\"nofollow noopener\"><span style=\"color: #0000ff;\"><strong>Nacionale.com<\/strong><\/span><\/a><\/span> p\u00ebr shkrimin me titull \u201c\u2019Nuk mund t\u00eb kushtoj\u00eb 20 euro\u2019, Kumnova i reagon deklarat\u00ebs s\u00eb drejtorit t\u00eb ATK-s\u00eb\u2019\u201d, duke konstatuar se nuk \u00ebsht\u00eb shkelur Kapitulli II i Kodit t\u00eb Mediave t\u00eb Shkruara t\u00eb Kosov\u00ebs, i cili ka t\u00eb b\u00ebj\u00eb me raportimin e s\u00eb v\u00ebrtet\u00ebs, ashtu si\u00e7 pretendon pala ankuese.<\/div>\n<\/div>\n<div class=\"x14z9mp xat24cr x1lziwak x1vvkbs xtlvy1s x126k92a\">\n<div dir=\"auto\"><\/div>\n<div dir=\"auto\">KMShK nuk e ka miratuar (e ka hedhur posht\u00eb) ankes\u00ebn e Kadri Makollit, p\u00ebrfaq\u00ebsuar nga avokati Nasuf Hasani, p\u00ebr shkrimin me titull \u201cEkskluzive | 48 or\u00eb ndalim p\u00ebr t\u00eb dyshuarin q\u00eb akuzohet p\u00ebr dhunim ndaj s\u00eb mitur\u00ebs n\u00eb Fush\u00eb Kosov\u00eb\u201d, duke konstatuar se nuk jan\u00eb shkelur kapitujt IV dhe V t\u00eb Kodit t\u00eb Mediave t\u00eb Shkruara t\u00eb Kosov\u00ebs, t\u00eb cil\u00ebt kan\u00eb t\u00eb b\u00ebjn\u00eb me t\u00eb drejt\u00ebn p\u00ebr t\u2019u p\u00ebrgjigjur, p\u00ebrkat\u00ebsisht raportimin p\u00ebr personat e p\u00ebrfshir\u00eb n\u00eb incidente, aksidente, t\u00eb arrestuar apo t\u00eb akuzuar p\u00ebr vepra penale, ashtu si\u00e7 pretendon pala ankuese.<\/div>\n<\/div>\n<div class=\"x14z9mp xat24cr x1lziwak x1vvkbs xtlvy1s x126k92a\">\n<div dir=\"auto\"><\/div>\n<div dir=\"auto\">KMShK nuk e ka miratuar (e ka hedhur posht\u00eb) ankes\u00ebn e Isar Memajt dhe Ismet Memajt kund\u00ebr <span class=\"html-span xdj266r x14z9mp xat24cr x1lziwak xexx8yu xyri2b x18d9i69 x1c1uobl x1hl2dhg x16tdsg8 x1vvkbs\"><a class=\"x1i10hfl xjbqb8w x1ejq31n x18oe1m7 x1sy0etr xstzfhl x972fbf x10w94by x1qhh985 x14e42zd x9f619 x1ypdohk xt0psk2 x3ct3a4 xdj266r x14z9mp xat24cr x1lziwak xexx8yu xyri2b x18d9i69 x1c1uobl x16tdsg8 x1hl2dhg xggy1nq x1a2a7pz xkrqix3 x1sur9pj x1fey0fg x1s688f\" tabindex=\"0\" role=\"link\" href=\"https:\/\/l.facebook.com\/l.php?u=https%3A%2F%2FSinjali.com%2F%3Ffbclid%3DIwZXh0bgNhZW0CMTAAYnJpZBEwd0tDR3B6eklUSDFneUI5YnNydGMGYXBwX2lkEDIyMjAzOTE3ODgyMDA4OTIAAR7o-SVPGrenDaaapeKox0h8nDUpbzVPuPXDgOiAFfS6MPajkrqeHUUsZiBW7Q_aem_Pnwv5Pw-MAJvKAKBc3m6Rg&amp;h=AT0fMm6WPhcehwT_-EwbGKjVW55Jsk7ScIzxr0PlN8rSGfsCVGP5odHA2Hs4zT-k0PGCkjIuMwcWhfjd-e_C2mtCkCK6eM8cTWpqk0d8VL_hdfWZ3yfJ79jOb4puU3fkM6WS2u4Dft3exH2Y7s2dcnrkqaajqQ&amp;__tn__=-UK-R&amp;c[0]=AT2UTC8RKKhdCy-7Lns1bUw-ZrZOh1ttaao5JTDGsEbCOckntlXsY4PcjyrcJuN6Lu-qFOlxa-rGbMl1S0BRNlF816Ye7o2jmGhtsUrVXG93ISF2fGmuvDzby7AzdgBwCBH2kpjLVI83aXaxl00H3IhnUsPGpx1lJmfmMJ8f2Q\" target=\"_blank\" rel=\"nofollow noopener\"><span style=\"color: #0000ff;\"><strong>Sinjali.com<\/strong><\/span><\/a><\/span> p\u00ebr shkrimin me titull \u201cEkskluzive | T\u00eb sht\u00ebna me arm\u00eb n\u00eb Muradem t\u00eb Prizrenit, kapen dy persona me arm\u00eb pa leje \u2013 ndalohen p\u00ebr 48 or\u00eb (Emrat)\u201d, duke konstatuar se nuk jan\u00eb shkelur kapitujt II dhe VII t\u00eb Kodit t\u00eb Mediave t\u00eb Shkruara t\u00eb Kosov\u00ebs, t\u00eb cil\u00ebt kan\u00eb t\u00eb b\u00ebjn\u00eb me raportimin e s\u00eb v\u00ebrtet\u00ebs, p\u00ebrkat\u00ebsisht mbrojtjen e privat\u00ebsis\u00eb, ashtu si\u00e7 pretendon pala ankuese.<\/div>\n<\/div>\n<div class=\"x14z9mp xat24cr x1lziwak x1vvkbs xtlvy1s x126k92a\">\n<div dir=\"auto\"><\/div>\n<div dir=\"auto\">KMShK nuk e ka miratuar (e ka hedhur posht\u00eb) ankes\u00ebn e Dardan Dervishajt kund\u00ebr <span style=\"color: #0000ff;\"><strong><span class=\"html-span xdj266r x14z9mp xat24cr x1lziwak xexx8yu xyri2b x18d9i69 x1c1uobl x1hl2dhg x16tdsg8 x1vvkbs\"><a class=\"x1i10hfl xjbqb8w x1ejq31n x18oe1m7 x1sy0etr xstzfhl x972fbf x10w94by x1qhh985 x14e42zd x9f619 x1ypdohk xt0psk2 x3ct3a4 xdj266r x14z9mp xat24cr x1lziwak xexx8yu xyri2b x18d9i69 x1c1uobl x16tdsg8 x1hl2dhg xggy1nq x1a2a7pz xkrqix3 x1sur9pj x1fey0fg x1s688f\" style=\"color: #0000ff;\" tabindex=\"0\" role=\"link\" href=\"https:\/\/l.facebook.com\/l.php?u=http%3A%2F%2FIndeksonline.net%2F%3Ffbclid%3DIwZXh0bgNhZW0CMTAAYnJpZBEwd0tDR3B6eklUSDFneUI5YnNydGMGYXBwX2lkEDIyMjAzOTE3ODgyMDA4OTIAAR4P08ErOOOL4OGbEgt-qbtRRv7V0ddt6hCzjBUXHPrLiB9qlLJhzHFgkq524Q_aem_8-lrlj21McdoqN0CpHhUiw&amp;h=AT2FhZqq0mozdTAesX37-YVl8D4-QJibMxHp9sCYCLz_8r2OQh-paCaklej12ArndC_WEG79euJENaFkKBQ8JwceG807T1M8Qddl4DBKh5dk4Kmg3NHdpTGWUjuAMhzWuEZ-l1EbWOjuOngLq_whmHVNPva7Ug&amp;__tn__=-UK-R&amp;c[0]=AT2UTC8RKKhdCy-7Lns1bUw-ZrZOh1ttaao5JTDGsEbCOckntlXsY4PcjyrcJuN6Lu-qFOlxa-rGbMl1S0BRNlF816Ye7o2jmGhtsUrVXG93ISF2fGmuvDzby7AzdgBwCBH2kpjLVI83aXaxl00H3IhnUsPGpx1lJmfmMJ8f2Q\" target=\"_blank\" rel=\"nofollow noopener\">Indeksonline.net<\/a><\/span><\/strong><\/span> p\u00ebr shkrimin me titull \u201c\u2019Prej 8 vitesh nuk i kam par\u00eb f\u00ebmij\u00ebt e mi\u2019- Ndiqni rr\u00ebfimin e Pjet\u00ebr Ndrecajt nga burgu i siguris\u00eb s\u00eb lart\u00eb\u2019\u201d, duke konstatuar se nuk \u00ebsht\u00eb shkelur Kapitulli II i Kodit t\u00eb Mediave t\u00eb Shkruara t\u00eb Kosov\u00ebs, i cili ka t\u00eb b\u00ebj\u00eb me raportimin e s\u00eb v\u00ebrtet\u00ebs, ashtu si\u00e7 pretendon pala ankuese.<\/div>\n<\/div>\n<div class=\"x14z9mp xat24cr x1lziwak x1vvkbs xtlvy1s x126k92a\">\n<div dir=\"auto\"><\/div>\n<div dir=\"auto\">KMShK e ka shpallur t\u00eb patrajtueshme ankes\u00ebn e Valmir Hajrullahut, p\u00ebrfaq\u00ebsues i Qendr\u00ebs p\u00ebr Avokim dhe Diplomaci, kund\u00ebr Klankosova.tv, pasi q\u00eb nuk ka kompetenc\u00eb t\u00eb trajtoj\u00eb p\u00ebrmbajtjet mediale t\u00eb publikuara n\u00eb mediat audiovizive.<\/div>\n<\/div>\n<div class=\"x14z9mp xat24cr x1lziwak x1vvkbs xtlvy1s x126k92a\">\n<div dir=\"auto\"><\/div>\n<div dir=\"auto\">KMShK e ka shpallur t\u00eb patrajtueshme ankes\u00ebn e Fadil Cakiqit kund\u00ebr Valon Syl\u00ebs, pasi q\u00eb nuk ka kompetenc\u00eb t\u00eb trajtoj\u00eb raste n\u00eb t\u00eb cilat jan\u00eb t\u00eb p\u00ebrfshir\u00eb gazetar\u00ebt, shkrimet e gazetar\u00ebve n\u00eb rrjetet e tyre sociale apo opinionet e tyre.<\/div>\n<\/div>\n<div class=\"x14z9mp xat24cr x1lziwak x1vvkbs xtlvy1s x126k92a\">\n<div dir=\"auto\"><\/div>\n<div dir=\"auto\">KMShK e ka shpallur t\u00eb patrajtueshme ankes\u00ebn e Rufat Shkret\u00ebs kund\u00ebr disa mediave online, p\u00ebr disa shkrime t\u00eb publikuara para disa vitesh. KMShK i rekomandon pal\u00ebs q\u00eb t\u2019i drejtohet Agjencis\u00eb p\u00ebr Informim dhe Privat\u00ebsi (AIP), p\u00ebrkat\u00ebsisht gjykat\u00ebs kompetente.<\/div>\n<\/div>\n<div class=\"x14z9mp xat24cr x1lziwak x1vvkbs xtlvy1s x126k92a\">\n<div dir=\"auto\"><\/div>\n<div dir=\"auto\">KMShK e ka shpallur t\u00eb paafatshme ankes\u00ebn e Marigona Foniqit kund\u00ebr <span class=\"html-span xdj266r x14z9mp xat24cr x1lziwak xexx8yu xyri2b x18d9i69 x1c1uobl x1hl2dhg x16tdsg8 x1vvkbs\"><a class=\"x1i10hfl xjbqb8w x1ejq31n x18oe1m7 x1sy0etr xstzfhl x972fbf x10w94by x1qhh985 x14e42zd x9f619 x1ypdohk xt0psk2 x3ct3a4 xdj266r x14z9mp xat24cr x1lziwak xexx8yu xyri2b x18d9i69 x1c1uobl x16tdsg8 x1hl2dhg xggy1nq x1a2a7pz xkrqix3 x1sur9pj x1fey0fg x1s688f\" tabindex=\"0\" role=\"link\" href=\"https:\/\/l.facebook.com\/l.php?u=https%3A%2F%2FSinjali.com%2F%3Ffbclid%3DIwZXh0bgNhZW0CMTAAYnJpZBEwd0tDR3B6eklUSDFneUI5YnNydGMGYXBwX2lkEDIyMjAzOTE3ODgyMDA4OTIAAR7o-SVPGrenDaaapeKox0h8nDUpbzVPuPXDgOiAFfS6MPajkrqeHUUsZiBW7Q_aem_Pnwv5Pw-MAJvKAKBc3m6Rg&amp;h=AT0fMm6WPhcehwT_-EwbGKjVW55Jsk7ScIzxr0PlN8rSGfsCVGP5odHA2Hs4zT-k0PGCkjIuMwcWhfjd-e_C2mtCkCK6eM8cTWpqk0d8VL_hdfWZ3yfJ79jOb4puU3fkM6WS2u4Dft3exH2Y7s2dcnrkqaajqQ&amp;__tn__=-UK-R&amp;c[0]=AT2UTC8RKKhdCy-7Lns1bUw-ZrZOh1ttaao5JTDGsEbCOckntlXsY4PcjyrcJuN6Lu-qFOlxa-rGbMl1S0BRNlF816Ye7o2jmGhtsUrVXG93ISF2fGmuvDzby7AzdgBwCBH2kpjLVI83aXaxl00H3IhnUsPGpx1lJmfmMJ8f2Q\" target=\"_blank\" rel=\"nofollow noopener\"><span style=\"color: #0000ff;\"><strong>Sinjali.com<\/strong><\/span><\/a><\/span> p\u00ebr shkrimin me titull \u201cNj\u00eb zyrtar policor dyshohet t\u00eb jet\u00eb p\u00ebrfshir\u00eb n\u00eb nj\u00eb rastrr\u00ebmbimi q\u00eb kishte ndodhur m\u00eb 19 shtator 2025 n\u00eb lagjen Veternik t\u00eb Prishtin\u00ebs\u201d, duke konstatuar se pala ka parashtuar ankes\u00eb jasht\u00eb afatit t\u00eb lejuar sipas rregullave t\u00eb KMShK-s\u00eb.<\/div>\n<\/div>\n","protected":false},"excerpt":{"rendered":"<p>K\u00ebshilli i Mediave t\u00eb Shkruara t\u00eb Kosov\u00ebs (KMShK) n\u00eb mbledhjen e rregullt ka shqyrtuar gjithsej 19 ankesa. An\u00ebtar\u00ebt e Kuvendit t\u00eb KMShK-s\u00eb kan\u00eb vendosur q\u00eb t\u00eb miratohen dy nga to, pes\u00eb t\u00eb miratohen pjes\u00ebrisht, gjasht\u00eb t\u00eb refuzohen, tri t\u00eb shpallen t\u00eb patrajtueshme dhe nj\u00eb e paafatshme. Nd\u00ebrkaq, p\u00ebr dy ankesa \u00ebsht\u00eb konstatuar se jan\u00eb zgjidhur [&hellip;]<\/p>\n","protected":false},"author":2,"featured_media":17746,"comment_status":"open","ping_status":"open","sticky":false,"template":"","format":"standard","meta":{"footnotes":""},"categories":[92],"tags":[],"class_list":["post-17750","post","type-post","status-publish","format-standard","has-post-thumbnail","hentry","category-news-sq"],"acf":{"video_title":"","video":false},"yoast_head":"<!-- This site is optimized with the Yoast SEO plugin v28.3 - https:\/\/yoast.com\/product\/yoast-seo-wordpress\/ -->\n<title>Kuvendi i KMShK-s\u00eb mori vendim p\u00ebr 19 ankesa - K\u00ebshilli i Mediave t\u00eb Shkruara t\u00eb Kosov\u00ebs | P\u00ebr nj\u00eb gazetari etike dhe profesionale<\/title>\n<meta name=\"robots\" content=\"index, follow, max-snippet:-1, max-image-preview:large, max-video-preview:-1\" \/>\n<link rel=\"canonical\" href=\"http:\/\/presscouncil-ks.org\/?p=17750\" \/>\n<meta property=\"og:locale\" content=\"en_US\" \/>\n<meta property=\"og:type\" content=\"article\" \/>\n<meta property=\"og:title\" content=\"Kuvendi i KMShK-s\u00eb mori vendim p\u00ebr 19 ankesa - K\u00ebshilli i Mediave t\u00eb Shkruara t\u00eb Kosov\u00ebs | P\u00ebr nj\u00eb gazetari etike dhe profesionale\" \/>\n<meta property=\"og:description\" content=\"K\u00ebshilli i Mediave t\u00eb Shkruara t\u00eb Kosov\u00ebs (KMShK) n\u00eb mbledhjen e rregullt ka shqyrtuar gjithsej 19 ankesa. An\u00ebtar\u00ebt e Kuvendit t\u00eb KMShK-s\u00eb kan\u00eb vendosur q\u00eb t\u00eb miratohen dy nga to, pes\u00eb t\u00eb miratohen pjes\u00ebrisht, gjasht\u00eb t\u00eb refuzohen, tri t\u00eb shpallen t\u00eb patrajtueshme dhe nj\u00eb e paafatshme. Nd\u00ebrkaq, p\u00ebr dy ankesa \u00ebsht\u00eb konstatuar se jan\u00eb zgjidhur [&hellip;]\" \/>\n<meta property=\"og:url\" content=\"http:\/\/presscouncil-ks.org\/?p=17750\" \/>\n<meta property=\"og:site_name\" content=\"K\u00ebshilli i Mediave t\u00eb Shkruara t\u00eb Kosov\u00ebs | P\u00ebr nj\u00eb gazetari etike dhe profesionale\" \/>\n<meta property=\"article:publisher\" content=\"https:\/\/www.facebook.com\/KMSHKosove\" \/>\n<meta property=\"article:published_time\" content=\"2026-01-30T14:12:14+00:00\" \/>\n<meta property=\"article:modified_time\" content=\"2026-02-06T10:02:52+00:00\" \/>\n<meta property=\"og:image\" content=\"http:\/\/presscouncil-ks.org\/wp-content\/uploads\/2026\/01\/kmshk-etikos-ilustrim.jpg\" \/>\n\t<meta property=\"og:image:width\" content=\"960\" \/>\n\t<meta property=\"og:image:height\" content=\"540\" \/>\n\t<meta property=\"og:image:type\" content=\"image\/jpeg\" \/>\n<meta name=\"author\" content=\"Editor\" \/>\n<meta name=\"twitter:card\" content=\"summary_large_image\" \/>\n<meta name=\"twitter:label1\" content=\"Written by\" \/>\n\t<meta name=\"twitter:data1\" content=\"Editor\" \/>\n\t<meta name=\"twitter:label2\" content=\"Est. reading time\" \/>\n\t<meta name=\"twitter:data2\" content=\"6 minutes\" \/>\n<script type=\"application\/ld+json\" class=\"yoast-schema-graph\">{\"@context\":\"https:\\\/\\\/schema.org\",\"@graph\":[{\"@type\":\"Article\",\"@id\":\"http:\\\/\\\/presscouncil-ks.org\\\/?p=17750#article\",\"isPartOf\":{\"@id\":\"http:\\\/\\\/presscouncil-ks.org\\\/?p=17750\"},\"author\":{\"name\":\"Editor\",\"@id\":\"http:\\\/\\\/presscouncil-ks.org\\\/#\\\/schema\\\/person\\\/b79d30c61264caeb733239c16cc4d673\"},\"headline\":\"Kuvendi i KMShK-s\u00eb mori vendim p\u00ebr 19 ankesa\",\"datePublished\":\"2026-01-30T14:12:14+00:00\",\"dateModified\":\"2026-02-06T10:02:52+00:00\",\"mainEntityOfPage\":{\"@id\":\"http:\\\/\\\/presscouncil-ks.org\\\/?p=17750\"},\"wordCount\":1558,\"commentCount\":0,\"publisher\":{\"@id\":\"http:\\\/\\\/presscouncil-ks.org\\\/#organization\"},\"image\":{\"@id\":\"http:\\\/\\\/presscouncil-ks.org\\\/?p=17750#primaryimage\"},\"thumbnailUrl\":\"http:\\\/\\\/presscouncil-ks.org\\\/wp-content\\\/uploads\\\/2026\\\/01\\\/kmshk-etikos-ilustrim.jpg\",\"articleSection\":[\"Lajm\"],\"inLanguage\":\"en-US\",\"potentialAction\":[{\"@type\":\"CommentAction\",\"name\":\"Comment\",\"target\":[\"http:\\\/\\\/presscouncil-ks.org\\\/?p=17750#respond\"]}]},{\"@type\":\"WebPage\",\"@id\":\"http:\\\/\\\/presscouncil-ks.org\\\/?p=17750\",\"url\":\"http:\\\/\\\/presscouncil-ks.org\\\/?p=17750\",\"name\":\"Kuvendi i KMShK-s\u00eb mori vendim p\u00ebr 19 ankesa - K\u00ebshilli i Mediave t\u00eb Shkruara t\u00eb Kosov\u00ebs | P\u00ebr nj\u00eb gazetari etike dhe profesionale\",\"isPartOf\":{\"@id\":\"http:\\\/\\\/presscouncil-ks.org\\\/#website\"},\"primaryImageOfPage\":{\"@id\":\"http:\\\/\\\/presscouncil-ks.org\\\/?p=17750#primaryimage\"},\"image\":{\"@id\":\"http:\\\/\\\/presscouncil-ks.org\\\/?p=17750#primaryimage\"},\"thumbnailUrl\":\"http:\\\/\\\/presscouncil-ks.org\\\/wp-content\\\/uploads\\\/2026\\\/01\\\/kmshk-etikos-ilustrim.jpg\",\"datePublished\":\"2026-01-30T14:12:14+00:00\",\"dateModified\":\"2026-02-06T10:02:52+00:00\",\"breadcrumb\":{\"@id\":\"http:\\\/\\\/presscouncil-ks.org\\\/?p=17750#breadcrumb\"},\"inLanguage\":\"en-US\",\"potentialAction\":[{\"@type\":\"ReadAction\",\"target\":[\"http:\\\/\\\/presscouncil-ks.org\\\/?p=17750\"]}]},{\"@type\":\"ImageObject\",\"inLanguage\":\"en-US\",\"@id\":\"http:\\\/\\\/presscouncil-ks.org\\\/?p=17750#primaryimage\",\"url\":\"http:\\\/\\\/presscouncil-ks.org\\\/wp-content\\\/uploads\\\/2026\\\/01\\\/kmshk-etikos-ilustrim.jpg\",\"contentUrl\":\"http:\\\/\\\/presscouncil-ks.org\\\/wp-content\\\/uploads\\\/2026\\\/01\\\/kmshk-etikos-ilustrim.jpg\",\"width\":960,\"height\":540},{\"@type\":\"BreadcrumbList\",\"@id\":\"http:\\\/\\\/presscouncil-ks.org\\\/?p=17750#breadcrumb\",\"itemListElement\":[{\"@type\":\"ListItem\",\"position\":1,\"name\":\"Home\",\"item\":\"https:\\\/\\\/presscouncil-ks.org\\\/\"},{\"@type\":\"ListItem\",\"position\":2,\"name\":\"Kuvendi i KMShK-s\u00eb mori vendim p\u00ebr 19 ankesa\"}]},{\"@type\":\"WebSite\",\"@id\":\"http:\\\/\\\/presscouncil-ks.org\\\/#website\",\"url\":\"http:\\\/\\\/presscouncil-ks.org\\\/\",\"name\":\"https:\\\/\\\/presscouncil-ks.org\\\/\",\"description\":\"\",\"publisher\":{\"@id\":\"http:\\\/\\\/presscouncil-ks.org\\\/#organization\"},\"potentialAction\":[{\"@type\":\"SearchAction\",\"target\":{\"@type\":\"EntryPoint\",\"urlTemplate\":\"http:\\\/\\\/presscouncil-ks.org\\\/?s={search_term_string}\"},\"query-input\":{\"@type\":\"PropertyValueSpecification\",\"valueRequired\":true,\"valueName\":\"search_term_string\"}}],\"inLanguage\":\"en-US\"},{\"@type\":\"Organization\",\"@id\":\"http:\\\/\\\/presscouncil-ks.org\\\/#organization\",\"name\":\"K\u00ebshilli i Mediave t\u00eb Shkruara t\u00eb Kosov\u00ebs\",\"url\":\"http:\\\/\\\/presscouncil-ks.org\\\/\",\"logo\":{\"@type\":\"ImageObject\",\"inLanguage\":\"en-US\",\"@id\":\"http:\\\/\\\/presscouncil-ks.org\\\/#\\\/schema\\\/logo\\\/image\\\/\",\"url\":\"http:\\\/\\\/presscouncil-ks.org\\\/wp-content\\\/uploads\\\/2023\\\/06\\\/cropped-logo.png\",\"contentUrl\":\"http:\\\/\\\/presscouncil-ks.org\\\/wp-content\\\/uploads\\\/2023\\\/06\\\/cropped-logo.png\",\"width\":268,\"height\":166,\"caption\":\"K\u00ebshilli i Mediave t\u00eb Shkruara t\u00eb Kosov\u00ebs\"},\"image\":{\"@id\":\"http:\\\/\\\/presscouncil-ks.org\\\/#\\\/schema\\\/logo\\\/image\\\/\"},\"sameAs\":[\"https:\\\/\\\/www.facebook.com\\\/KMSHKosove\"]},{\"@type\":\"Person\",\"@id\":\"http:\\\/\\\/presscouncil-ks.org\\\/#\\\/schema\\\/person\\\/b79d30c61264caeb733239c16cc4d673\",\"name\":\"Editor\",\"image\":{\"@type\":\"ImageObject\",\"inLanguage\":\"en-US\",\"@id\":\"https:\\\/\\\/secure.gravatar.com\\\/avatar\\\/9534865f39e7b3527010ee17196a76d054b16d731a6a5bfe2f92a071c6e9bf4e?s=96&d=mm&r=g\",\"url\":\"https:\\\/\\\/secure.gravatar.com\\\/avatar\\\/9534865f39e7b3527010ee17196a76d054b16d731a6a5bfe2f92a071c6e9bf4e?s=96&d=mm&r=g\",\"contentUrl\":\"https:\\\/\\\/secure.gravatar.com\\\/avatar\\\/9534865f39e7b3527010ee17196a76d054b16d731a6a5bfe2f92a071c6e9bf4e?s=96&d=mm&r=g\",\"caption\":\"Editor\"},\"url\":\"http:\\\/\\\/presscouncil-ks.org\\\/?author=2\"}]}<\/script>\n<!-- \/ Yoast SEO plugin. -->","yoast_head_json":{"title":"Kuvendi i KMShK-s\u00eb mori vendim p\u00ebr 19 ankesa - K\u00ebshilli i Mediave t\u00eb Shkruara t\u00eb Kosov\u00ebs | P\u00ebr nj\u00eb gazetari etike dhe profesionale","robots":{"index":"index","follow":"follow","max-snippet":"max-snippet:-1","max-image-preview":"max-image-preview:large","max-video-preview":"max-video-preview:-1"},"canonical":"http:\/\/presscouncil-ks.org\/?p=17750","og_locale":"en_US","og_type":"article","og_title":"Kuvendi i KMShK-s\u00eb mori vendim p\u00ebr 19 ankesa - K\u00ebshilli i Mediave t\u00eb Shkruara t\u00eb Kosov\u00ebs | P\u00ebr nj\u00eb gazetari etike dhe profesionale","og_description":"K\u00ebshilli i Mediave t\u00eb Shkruara t\u00eb Kosov\u00ebs (KMShK) n\u00eb mbledhjen e rregullt ka shqyrtuar gjithsej 19 ankesa. An\u00ebtar\u00ebt e Kuvendit t\u00eb KMShK-s\u00eb kan\u00eb vendosur q\u00eb t\u00eb miratohen dy nga to, pes\u00eb t\u00eb miratohen pjes\u00ebrisht, gjasht\u00eb t\u00eb refuzohen, tri t\u00eb shpallen t\u00eb patrajtueshme dhe nj\u00eb e paafatshme. Nd\u00ebrkaq, p\u00ebr dy ankesa \u00ebsht\u00eb konstatuar se jan\u00eb zgjidhur [&hellip;]","og_url":"http:\/\/presscouncil-ks.org\/?p=17750","og_site_name":"K\u00ebshilli i Mediave t\u00eb Shkruara t\u00eb Kosov\u00ebs | P\u00ebr nj\u00eb gazetari etike dhe profesionale","article_publisher":"https:\/\/www.facebook.com\/KMSHKosove","article_published_time":"2026-01-30T14:12:14+00:00","article_modified_time":"2026-02-06T10:02:52+00:00","og_image":[{"width":960,"height":540,"url":"http:\/\/presscouncil-ks.org\/wp-content\/uploads\/2026\/01\/kmshk-etikos-ilustrim.jpg","type":"image\/jpeg"}],"author":"Editor","twitter_card":"summary_large_image","twitter_misc":{"Written by":"Editor","Est. reading time":"6 minutes"},"schema":{"@context":"https:\/\/schema.org","@graph":[{"@type":"Article","@id":"http:\/\/presscouncil-ks.org\/?p=17750#article","isPartOf":{"@id":"http:\/\/presscouncil-ks.org\/?p=17750"},"author":{"name":"Editor","@id":"http:\/\/presscouncil-ks.org\/#\/schema\/person\/b79d30c61264caeb733239c16cc4d673"},"headline":"Kuvendi i KMShK-s\u00eb mori vendim p\u00ebr 19 ankesa","datePublished":"2026-01-30T14:12:14+00:00","dateModified":"2026-02-06T10:02:52+00:00","mainEntityOfPage":{"@id":"http:\/\/presscouncil-ks.org\/?p=17750"},"wordCount":1558,"commentCount":0,"publisher":{"@id":"http:\/\/presscouncil-ks.org\/#organization"},"image":{"@id":"http:\/\/presscouncil-ks.org\/?p=17750#primaryimage"},"thumbnailUrl":"http:\/\/presscouncil-ks.org\/wp-content\/uploads\/2026\/01\/kmshk-etikos-ilustrim.jpg","articleSection":["Lajm"],"inLanguage":"en-US","potentialAction":[{"@type":"CommentAction","name":"Comment","target":["http:\/\/presscouncil-ks.org\/?p=17750#respond"]}]},{"@type":"WebPage","@id":"http:\/\/presscouncil-ks.org\/?p=17750","url":"http:\/\/presscouncil-ks.org\/?p=17750","name":"Kuvendi i KMShK-s\u00eb mori vendim p\u00ebr 19 ankesa - K\u00ebshilli i Mediave t\u00eb Shkruara t\u00eb Kosov\u00ebs | P\u00ebr nj\u00eb gazetari etike dhe profesionale","isPartOf":{"@id":"http:\/\/presscouncil-ks.org\/#website"},"primaryImageOfPage":{"@id":"http:\/\/presscouncil-ks.org\/?p=17750#primaryimage"},"image":{"@id":"http:\/\/presscouncil-ks.org\/?p=17750#primaryimage"},"thumbnailUrl":"http:\/\/presscouncil-ks.org\/wp-content\/uploads\/2026\/01\/kmshk-etikos-ilustrim.jpg","datePublished":"2026-01-30T14:12:14+00:00","dateModified":"2026-02-06T10:02:52+00:00","breadcrumb":{"@id":"http:\/\/presscouncil-ks.org\/?p=17750#breadcrumb"},"inLanguage":"en-US","potentialAction":[{"@type":"ReadAction","target":["http:\/\/presscouncil-ks.org\/?p=17750"]}]},{"@type":"ImageObject","inLanguage":"en-US","@id":"http:\/\/presscouncil-ks.org\/?p=17750#primaryimage","url":"http:\/\/presscouncil-ks.org\/wp-content\/uploads\/2026\/01\/kmshk-etikos-ilustrim.jpg","contentUrl":"http:\/\/presscouncil-ks.org\/wp-content\/uploads\/2026\/01\/kmshk-etikos-ilustrim.jpg","width":960,"height":540},{"@type":"BreadcrumbList","@id":"http:\/\/presscouncil-ks.org\/?p=17750#breadcrumb","itemListElement":[{"@type":"ListItem","position":1,"name":"Home","item":"https:\/\/presscouncil-ks.org\/"},{"@type":"ListItem","position":2,"name":"Kuvendi i KMShK-s\u00eb mori vendim p\u00ebr 19 ankesa"}]},{"@type":"WebSite","@id":"http:\/\/presscouncil-ks.org\/#website","url":"http:\/\/presscouncil-ks.org\/","name":"https:\/\/presscouncil-ks.org\/","description":"","publisher":{"@id":"http:\/\/presscouncil-ks.org\/#organization"},"potentialAction":[{"@type":"SearchAction","target":{"@type":"EntryPoint","urlTemplate":"http:\/\/presscouncil-ks.org\/?s={search_term_string}"},"query-input":{"@type":"PropertyValueSpecification","valueRequired":true,"valueName":"search_term_string"}}],"inLanguage":"en-US"},{"@type":"Organization","@id":"http:\/\/presscouncil-ks.org\/#organization","name":"K\u00ebshilli i Mediave t\u00eb Shkruara t\u00eb Kosov\u00ebs","url":"http:\/\/presscouncil-ks.org\/","logo":{"@type":"ImageObject","inLanguage":"en-US","@id":"http:\/\/presscouncil-ks.org\/#\/schema\/logo\/image\/","url":"http:\/\/presscouncil-ks.org\/wp-content\/uploads\/2023\/06\/cropped-logo.png","contentUrl":"http:\/\/presscouncil-ks.org\/wp-content\/uploads\/2023\/06\/cropped-logo.png","width":268,"height":166,"caption":"K\u00ebshilli i Mediave t\u00eb Shkruara t\u00eb Kosov\u00ebs"},"image":{"@id":"http:\/\/presscouncil-ks.org\/#\/schema\/logo\/image\/"},"sameAs":["https:\/\/www.facebook.com\/KMSHKosove"]},{"@type":"Person","@id":"http:\/\/presscouncil-ks.org\/#\/schema\/person\/b79d30c61264caeb733239c16cc4d673","name":"Editor","image":{"@type":"ImageObject","inLanguage":"en-US","@id":"https:\/\/secure.gravatar.com\/avatar\/9534865f39e7b3527010ee17196a76d054b16d731a6a5bfe2f92a071c6e9bf4e?s=96&d=mm&r=g","url":"https:\/\/secure.gravatar.com\/avatar\/9534865f39e7b3527010ee17196a76d054b16d731a6a5bfe2f92a071c6e9bf4e?s=96&d=mm&r=g","contentUrl":"https:\/\/secure.gravatar.com\/avatar\/9534865f39e7b3527010ee17196a76d054b16d731a6a5bfe2f92a071c6e9bf4e?s=96&d=mm&r=g","caption":"Editor"},"url":"http:\/\/presscouncil-ks.org\/?author=2"}]}},"_links":{"self":[{"href":"http:\/\/presscouncil-ks.org\/index.php?rest_route=\/wp\/v2\/posts\/17750","targetHints":{"allow":["GET"]}}],"collection":[{"href":"http:\/\/presscouncil-ks.org\/index.php?rest_route=\/wp\/v2\/posts"}],"about":[{"href":"http:\/\/presscouncil-ks.org\/index.php?rest_route=\/wp\/v2\/types\/post"}],"author":[{"embeddable":true,"href":"http:\/\/presscouncil-ks.org\/index.php?rest_route=\/wp\/v2\/users\/2"}],"replies":[{"embeddable":true,"href":"http:\/\/presscouncil-ks.org\/index.php?rest_route=%2Fwp%2Fv2%2Fcomments&post=17750"}],"version-history":[{"count":2,"href":"http:\/\/presscouncil-ks.org\/index.php?rest_route=\/wp\/v2\/posts\/17750\/revisions"}],"predecessor-version":[{"id":17831,"href":"http:\/\/presscouncil-ks.org\/index.php?rest_route=\/wp\/v2\/posts\/17750\/revisions\/17831"}],"wp:featuredmedia":[{"embeddable":true,"href":"http:\/\/presscouncil-ks.org\/index.php?rest_route=\/wp\/v2\/media\/17746"}],"wp:attachment":[{"href":"http:\/\/presscouncil-ks.org\/index.php?rest_route=%2Fwp%2Fv2%2Fmedia&parent=17750"}],"wp:term":[{"taxonomy":"category","embeddable":true,"href":"http:\/\/presscouncil-ks.org\/index.php?rest_route=%2Fwp%2Fv2%2Fcategories&post=17750"},{"taxonomy":"post_tag","embeddable":true,"href":"http:\/\/presscouncil-ks.org\/index.php?rest_route=%2Fwp%2Fv2%2Ftags&post=17750"}],"curies":[{"name":"wp","href":"https:\/\/api.w.org\/{rel}","templated":true}]}}