{"id":17745,"date":"2026-01-30T14:04:30","date_gmt":"2026-01-30T14:04:30","guid":{"rendered":"https:\/\/presscouncil-ks.org\/?p=17745"},"modified":"2026-01-30T14:06:55","modified_gmt":"2026-01-30T14:06:55","slug":"savet-stampe-doneo-odluku-o-19-zalbi","status":"publish","type":"post","link":"http:\/\/presscouncil-ks.org\/?p=17745&lang=sr","title":{"rendered":"Savet \u0160tampe doneo odluku o 19 \u017ealbi"},"content":{"rendered":"<div class=\"x14z9mp xat24cr x1lziwak x1vvkbs xtlvy1s x126k92a\">\n<div dir=\"auto\">Savet \u0160tampe Kosova (S\u0160K) u redovnom sastanku razmotrio je ukupno 19 \u017ealbi. Skup\u0161tina S\u0160K-a odlu\u010dila da dve od njih bude usvojene, pet da se usvoje delimi\u010dno, \u0161est da se ne usvoje, tri su progla\u0161ene neprihvatljive i jedna neblagovremena. Tako\u0111e, utvr\u0111eno je da su dve \u017ealbe re\u0161ene putem medijacije izme\u0111u stranaka.<\/div>\n<\/div>\n<div class=\"x14z9mp xat24cr x1lziwak x1vvkbs xtlvy1s x126k92a\">\n<div dir=\"auto\"><\/div>\n<div dir=\"auto\">\u017dalbe su se ticale navodnih kr\u0161enja odre\u0111enih poglavlja Kodeksa za \u0160tampu Kosova, kao \u0161to su Poglavlje II \u2013 Istinito izve\u0161tavanje, Poglavlje III &#8211; Podsticanje i govor mr\u017enje, Poglavlje IV \u2013 Pravo na odgovor, Poglavlje V &#8211; Lica ume\u0161ana u incidente, nesre\u0107e, lica uhap\u0161ena ili optu\u017eena za krivi\u010dna dela, Poglavlje VI &#8211; Izve\u0161tavanje o li\u010dnim tragedijama, za\u0161tita dece i maloletnika i Poglavlje VII \u2013 Privatnost i za\u0161tita izvora.<\/div>\n<\/div>\n<div class=\"x14z9mp xat24cr x1lziwak x1vvkbs xtlvy1s x126k92a\">\n<div dir=\"auto\"><\/div>\n<div dir=\"auto\">Savet \u0160tampe Kosova (S\u0160K) odobrio je \u017ealbu Ahmeta Ismaila protiv <span class=\"html-span xdj266r x14z9mp xat24cr x1lziwak xexx8yu xyri2b x18d9i69 x1c1uobl x1hl2dhg x16tdsg8 x1vvkbs\"><a class=\"x1i10hfl xjbqb8w x1ejq31n x18oe1m7 x1sy0etr xstzfhl x972fbf x10w94by x1qhh985 x14e42zd x9f619 x1ypdohk xt0psk2 x3ct3a4 xdj266r x14z9mp xat24cr x1lziwak xexx8yu xyri2b x18d9i69 x1c1uobl x16tdsg8 x1hl2dhg xggy1nq x1a2a7pz xkrqix3 x1sur9pj x1fey0fg x1s688f\" tabindex=\"0\" role=\"link\" href=\"https:\/\/l.facebook.com\/l.php?u=https%3A%2F%2FSinjali.com%2F%3Ffbclid%3DIwZXh0bgNhZW0CMTAAYnJpZBEwd0tDR3B6eklUSDFneUI5YnNydGMGYXBwX2lkEDIyMjAzOTE3ODgyMDA4OTIAAR4MB_jPrs6mKlmYx2vuDK2aS0Jxx09TSHvG8uBYXLqQdqKWN_CnIuPkKWOGdQ_aem_-CTL5BrQjV1_YrwXRpFjWw&amp;h=AT2GOxrUwk65hXoiOYQlOS_Z0G5jS61VNucHxlKcnn0ep94Hn1cMi5244tYpWPHIjZ-NkZCJ674O_gJQIdm5msHiO6XrPPOjqBcL1FE-4vp09FzMtzdhA33YfyrNiz3ZI0lRQPtNWd1cXgvuFC78YGAwPiGjNA&amp;__tn__=-UK-R&amp;c[0]=AT3dMY9p2gsRCx5KPyteRAOX8JHW7ejF3pQWPt6Xtf8DAdNrGQrY6HqnF_FiG2_y_J3meC2XFl-YRMKMY6HztEDZ0FL4ndezsbHq9YEjqJPyY1vlFWmeHVRDRgAB2kvChD7av06uGynPZU6lXwtWw2zhUjTzrb8TO02McsGxttNDHA5aacoFpCGaTg_hInSam5vLGoQLE-qngHQh7p_MOfvq\" target=\"_blank\" rel=\"nofollow noopener\"><span style=\"color: #0000ff;\"><strong>Sinjali.com<\/strong><\/span><\/a><\/span> zbog \u010dlanka pod naslovom \u201dTu\u017eno: Trinaestogodi\u0161njaka navodno silovao \u010dovek koji je upoznao na TikToku, slu\u010daj otkriva \u0161kola\u201c, utvrdiv\u0161i da je prekr\u0161eno Poglavlje VI Kodeksa \u0160tampe Kosova, koje se bavi tretmanom li\u010dnih tragedija, za\u0161titom dece i maloletnika.<\/div>\n<\/div>\n<div class=\"x14z9mp xat24cr x1lziwak x1vvkbs xtlvy1s x126k92a\">\n<div dir=\"auto\"><\/div>\n<div dir=\"auto\">S\u0160K odobrio je \u017ealbu Reforme D.O.O., koju zastupa Azem Rusinovci, protiv <span style=\"color: #0000ff;\"><strong><span class=\"html-span xdj266r x14z9mp xat24cr x1lziwak xexx8yu xyri2b x18d9i69 x1c1uobl x1hl2dhg x16tdsg8 x1vvkbs\"><a class=\"x1i10hfl xjbqb8w x1ejq31n x18oe1m7 x1sy0etr xstzfhl x972fbf x10w94by x1qhh985 x14e42zd x9f619 x1ypdohk xt0psk2 x3ct3a4 xdj266r x14z9mp xat24cr x1lziwak xexx8yu xyri2b x18d9i69 x1c1uobl x16tdsg8 x1hl2dhg xggy1nq x1a2a7pz xkrqix3 x1sur9pj x1fey0fg x1s688f\" style=\"color: #0000ff;\" tabindex=\"0\" role=\"link\" href=\"https:\/\/l.facebook.com\/l.php?u=https%3A%2F%2FSinjali.com%2F%3Ffbclid%3DIwZXh0bgNhZW0CMTAAYnJpZBEwd0tDR3B6eklUSDFneUI5YnNydGMGYXBwX2lkEDIyMjAzOTE3ODgyMDA4OTIAAR7pAU0_JEImit1XKNUDicb9HlR5JYRH-CSaJiNiPTiC9jn2UWy7F66JcdpLpQ_aem_y6zznZtEwFo1voiVODhy4Q&amp;h=AT2GOxrUwk65hXoiOYQlOS_Z0G5jS61VNucHxlKcnn0ep94Hn1cMi5244tYpWPHIjZ-NkZCJ674O_gJQIdm5msHiO6XrPPOjqBcL1FE-4vp09FzMtzdhA33YfyrNiz3ZI0lRQPtNWd1cXgvuFC78YGAwPiGjNA&amp;__tn__=-UK-R&amp;c[0]=AT3dMY9p2gsRCx5KPyteRAOX8JHW7ejF3pQWPt6Xtf8DAdNrGQrY6HqnF_FiG2_y_J3meC2XFl-YRMKMY6HztEDZ0FL4ndezsbHq9YEjqJPyY1vlFWmeHVRDRgAB2kvChD7av06uGynPZU6lXwtWw2zhUjTzrb8TO02McsGxttNDHA5aacoFpCGaTg_hInSam5vLGoQLE-qngHQh7p_MOfvq\" target=\"_blank\" rel=\"nofollow noopener\">Sinjali.com<\/a><\/span><\/strong><\/span>, <span class=\"html-span xdj266r x14z9mp xat24cr x1lziwak xexx8yu xyri2b x18d9i69 x1c1uobl x1hl2dhg x16tdsg8 x1vvkbs\"><a class=\"x1i10hfl xjbqb8w x1ejq31n x18oe1m7 x1sy0etr xstzfhl x972fbf x10w94by x1qhh985 x14e42zd x9f619 x1ypdohk xt0psk2 x3ct3a4 xdj266r x14z9mp xat24cr x1lziwak xexx8yu xyri2b x18d9i69 x1c1uobl x16tdsg8 x1hl2dhg xggy1nq x1a2a7pz xkrqix3 x1sur9pj x1fey0fg x1s688f\" tabindex=\"0\" role=\"link\" href=\"https:\/\/l.facebook.com\/l.php?u=http%3A%2F%2FGazetakosova.net%2F%3Ffbclid%3DIwZXh0bgNhZW0CMTAAYnJpZBEwd0tDR3B6eklUSDFneUI5YnNydGMGYXBwX2lkEDIyMjAzOTE3ODgyMDA4OTIAAR7ibN5kAMrfcTJ_MzExI2b9KROpiF-Aodjtk4U89Y38kcmufr1FnuWBaisT-A_aem_8qJwzu7lSGTh4ar1ArR5CA&amp;h=AT2yIGBDQNj37qeCbVrsqboyd9J9Pw4iVjlf8V0cGMWLfjoy3dTQut_JbrTbOpKFGhOVFV4ITznJz4V7QXW9tzAtRibOYLyYZapoCeq4Bam6MdjPpKtdQOVIE5OtmIFhCL1AW6NUcGejNGSCqkmp9iC2oXerlg&amp;__tn__=-UK-R&amp;c[0]=AT3dMY9p2gsRCx5KPyteRAOX8JHW7ejF3pQWPt6Xtf8DAdNrGQrY6HqnF_FiG2_y_J3meC2XFl-YRMKMY6HztEDZ0FL4ndezsbHq9YEjqJPyY1vlFWmeHVRDRgAB2kvChD7av06uGynPZU6lXwtWw2zhUjTzrb8TO02McsGxttNDHA5aacoFpCGaTg_hInSam5vLGoQLE-qngHQh7p_MOfvq\" target=\"_blank\" rel=\"nofollow noopener\"><span style=\"color: #0000ff;\"><strong>Gazetakosova.net<\/strong><\/span><\/a><\/span> i Qendra.info zbog \u010dlanka pod naslovom \u201dDeo istrage o skandalu KUO i vlasnik Reforme D.O.O., Azem Rusinovci\u201c, utvrdiv\u0161i da su prekr\u0161ena Poglavlje II Kodeksa \u0160tampe Kosova, koje se bavi izve\u0161tavanjem istine, i Poglavlje IV, koje se bavi pravom na odgovor.<\/div>\n<\/div>\n<div class=\"x14z9mp xat24cr x1lziwak x1vvkbs xtlvy1s x126k92a\">\n<div dir=\"auto\"><\/div>\n<div dir=\"auto\">S\u0160K delimi\u010dno je odobrio \u017ealbu Arijana Ga\u0161ija protiv <span style=\"color: #0000ff;\"><strong><span class=\"html-span xdj266r x14z9mp xat24cr x1lziwak xexx8yu xyri2b x18d9i69 x1c1uobl x1hl2dhg x16tdsg8 x1vvkbs\"><a class=\"x1i10hfl xjbqb8w x1ejq31n x18oe1m7 x1sy0etr xstzfhl x972fbf x10w94by x1qhh985 x14e42zd x9f619 x1ypdohk xt0psk2 x3ct3a4 xdj266r x14z9mp xat24cr x1lziwak xexx8yu xyri2b x18d9i69 x1c1uobl x16tdsg8 x1hl2dhg xggy1nq x1a2a7pz xkrqix3 x1sur9pj x1fey0fg x1s688f\" style=\"color: #0000ff;\" tabindex=\"0\" role=\"link\" href=\"https:\/\/l.facebook.com\/l.php?u=http%3A%2F%2FPaparaci.com%2F%3Ffbclid%3DIwZXh0bgNhZW0CMTAAYnJpZBEwd0tDR3B6eklUSDFneUI5YnNydGMGYXBwX2lkEDIyMjAzOTE3ODgyMDA4OTIAAR7pAU0_JEImit1XKNUDicb9HlR5JYRH-CSaJiNiPTiC9jn2UWy7F66JcdpLpQ_aem_y6zznZtEwFo1voiVODhy4Q&amp;h=AT0M4w838A9JrjHdAQpEVIGXxIda46hmIpzJGyFZaDA_D6Wqyx014Gncol2i1Ew1rt4ZQrgmBxejR1f5pb8SY15F1b5bKa8QSfqfYjiLH0PRB-OF1Bsm5llDf0dHx2WqUuuJCOz8LBZ4Ojk8kAlhpO5ow0EXkQ&amp;__tn__=-UK-R&amp;c[0]=AT3dMY9p2gsRCx5KPyteRAOX8JHW7ejF3pQWPt6Xtf8DAdNrGQrY6HqnF_FiG2_y_J3meC2XFl-YRMKMY6HztEDZ0FL4ndezsbHq9YEjqJPyY1vlFWmeHVRDRgAB2kvChD7av06uGynPZU6lXwtWw2zhUjTzrb8TO02McsGxttNDHA5aacoFpCGaTg_hInSam5vLGoQLE-qngHQh7p_MOfvq\" target=\"_blank\" rel=\"nofollow noopener\">Paparaci.com<\/a><\/span> <\/strong><\/span>zbog \u010dlanaka pod naslovima \u201dOtkrivena je poruka tu\u017eioca u Pec\u0301i koja ukazuje na \u010dlana TSK-a u vr\u0161enju uticaja\u201c, \u201dBliske veze Arijana Ga\u0161ija sa VV, vlada je postavila njegovog brata za predsednika odbora &#8211; on brani Besima Keljmendija\u201c i \u201dOtkrivene su i druge bliske veze tu\u017eioca Arijana Ga\u0161ija sa Samoopredeljenjem \u201c, utvrdiv\u0161i da je prekr\u0161eno Poglavlje II Kodeksa \u0160tampe Kosova, koje se bavi izve\u0161tavanjem istine, ali ne i Poglavlje IV, koje se bavi pravom na odgovor, kako tvrdi podnosilac \u017ealbe.<\/div>\n<\/div>\n<div class=\"x14z9mp xat24cr x1lziwak x1vvkbs xtlvy1s x126k92a\">\n<div dir=\"auto\"><\/div>\n<div dir=\"auto\">S\u0160K delimi\u010dno je odobrio \u017ealbu Behara Mjekic\u0301ija, koga zastupa advokat D\u017eafer Tahiri, protiv <span class=\"html-span xdj266r x14z9mp xat24cr x1lziwak xexx8yu xyri2b x18d9i69 x1c1uobl x1hl2dhg x16tdsg8 x1vvkbs\"><a class=\"x1i10hfl xjbqb8w x1ejq31n x18oe1m7 x1sy0etr xstzfhl x972fbf x10w94by x1qhh985 x14e42zd x9f619 x1ypdohk xt0psk2 x3ct3a4 xdj266r x14z9mp xat24cr x1lziwak xexx8yu xyri2b x18d9i69 x1c1uobl x16tdsg8 x1hl2dhg xggy1nq x1a2a7pz xkrqix3 x1sur9pj x1fey0fg x1s688f\" tabindex=\"0\" role=\"link\" href=\"https:\/\/l.facebook.com\/l.php?u=http%3A%2F%2FPaparaci.com%2F%3Ffbclid%3DIwZXh0bgNhZW0CMTAAYnJpZBEwd0tDR3B6eklUSDFneUI5YnNydGMGYXBwX2lkEDIyMjAzOTE3ODgyMDA4OTIAAR4iHZGaWCq4oR-GxGyfWJ_RoS9pYazrvUmaRkyLReSavQfXKWPt9bLLKXEB7w_aem_n-_ZCLi0fNkU_I9v-iWIEw&amp;h=AT0M4w838A9JrjHdAQpEVIGXxIda46hmIpzJGyFZaDA_D6Wqyx014Gncol2i1Ew1rt4ZQrgmBxejR1f5pb8SY15F1b5bKa8QSfqfYjiLH0PRB-OF1Bsm5llDf0dHx2WqUuuJCOz8LBZ4Ojk8kAlhpO5ow0EXkQ&amp;__tn__=-UK-R&amp;c[0]=AT3dMY9p2gsRCx5KPyteRAOX8JHW7ejF3pQWPt6Xtf8DAdNrGQrY6HqnF_FiG2_y_J3meC2XFl-YRMKMY6HztEDZ0FL4ndezsbHq9YEjqJPyY1vlFWmeHVRDRgAB2kvChD7av06uGynPZU6lXwtWw2zhUjTzrb8TO02McsGxttNDHA5aacoFpCGaTg_hInSam5vLGoQLE-qngHQh7p_MOfvq\" target=\"_blank\" rel=\"nofollow noopener\"><span style=\"color: #0000ff;\"><strong>Paparaci.com<\/strong><\/span><\/a><\/span> zbog \u010dlanka pod naslovom \u201dPretukao je svoju drugu \u017eenu, optu\u017enica protiv imama Behara Mjekic\u0301ija \u2013 Detalji iz tu\u017eila\u010dkih dosijea\u201c, utvrdiv\u0161i da je prekr\u0161eno Poglavlje IV Kodeksa \u0160tampe Kosova, koje se bavi pravom na odgovor, ali ne i Poglavlje II, koje se bavi izve\u0161tavanjem istine, kako tvrdi podnosilac \u017ealbe.<\/div>\n<\/div>\n<div class=\"x14z9mp xat24cr x1lziwak x1vvkbs xtlvy1s x126k92a\">\n<div dir=\"auto\"><\/div>\n<div dir=\"auto\">S\u0160K delimi\u010dno je odobrio \u017ealbu Behara Mjekic\u0301ija, koga zastupa advokat D\u017eafer Tahiri, protiv <span style=\"color: #0000ff;\"><strong><span class=\"html-span xdj266r x14z9mp xat24cr x1lziwak xexx8yu xyri2b x18d9i69 x1c1uobl x1hl2dhg x16tdsg8 x1vvkbs\"><a class=\"x1i10hfl xjbqb8w x1ejq31n x18oe1m7 x1sy0etr xstzfhl x972fbf x10w94by x1qhh985 x14e42zd x9f619 x1ypdohk xt0psk2 x3ct3a4 xdj266r x14z9mp xat24cr x1lziwak xexx8yu xyri2b x18d9i69 x1c1uobl x16tdsg8 x1hl2dhg xggy1nq x1a2a7pz xkrqix3 x1sur9pj x1fey0fg x1s688f\" style=\"color: #0000ff;\" tabindex=\"0\" role=\"link\" href=\"https:\/\/l.facebook.com\/l.php?u=http%3A%2F%2FJepize.com%2F%3Ffbclid%3DIwZXh0bgNhZW0CMTAAYnJpZBEwd0tDR3B6eklUSDFneUI5YnNydGMGYXBwX2lkEDIyMjAzOTE3ODgyMDA4OTIAAR4iHZGaWCq4oR-GxGyfWJ_RoS9pYazrvUmaRkyLReSavQfXKWPt9bLLKXEB7w_aem_n-_ZCLi0fNkU_I9v-iWIEw&amp;h=AT3xLs-JpiPTPiaTVxWXmMqa33MHOrX7rywOVh2KbyxdAC0dAzBsGb-xaXewOXPz8u5MPEnTZwUbnZPKQmGqIcb_IQGbdjCg3wZ3KRKNnQlK2nISOsf_SDGFg4TYEAWzIiRGrRB-mD7_4DrYewdFfJM0SKypPw&amp;__tn__=-UK-R&amp;c[0]=AT3dMY9p2gsRCx5KPyteRAOX8JHW7ejF3pQWPt6Xtf8DAdNrGQrY6HqnF_FiG2_y_J3meC2XFl-YRMKMY6HztEDZ0FL4ndezsbHq9YEjqJPyY1vlFWmeHVRDRgAB2kvChD7av06uGynPZU6lXwtWw2zhUjTzrb8TO02McsGxttNDHA5aacoFpCGaTg_hInSam5vLGoQLE-qngHQh7p_MOfvq\" target=\"_blank\" rel=\"nofollow noopener\">Jepize.com<\/a><\/span><\/strong><\/span> zbog \u010dlanka pod naslovom \u201dPretukao je svoju drugu \u017eenu, optu\u017enica protiv imama Behara Mjekic\u0301ija \u2013 Detalji iz tu\u017eila\u010dkih dosijea\u201c, utvrdiv\u0161i da je prekr\u0161eno Poglavlje IV Kodeksa \u0160tampe Kosova, koje se bavi pravom na odgovor, ali ne i Poglavlje II, koje se bavi izve\u0161tavanjem istine, kako tvrdi podnosilac \u017ealbe.<\/div>\n<\/div>\n<div class=\"x14z9mp xat24cr x1lziwak x1vvkbs xtlvy1s x126k92a\">\n<div dir=\"auto\"><\/div>\n<div dir=\"auto\">S\u0160K delimi\u010dno je odobrio \u017ealbu Behara Mjekic\u0301ija, koga zastupa advokat D\u017eafer Tahiri, protiv <span style=\"color: #0000ff;\"><strong><span class=\"html-span xdj266r x14z9mp xat24cr x1lziwak xexx8yu xyri2b x18d9i69 x1c1uobl x1hl2dhg x16tdsg8 x1vvkbs\"><a class=\"x1i10hfl xjbqb8w x1ejq31n x18oe1m7 x1sy0etr xstzfhl x972fbf x10w94by x1qhh985 x14e42zd x9f619 x1ypdohk xt0psk2 x3ct3a4 xdj266r x14z9mp xat24cr x1lziwak xexx8yu xyri2b x18d9i69 x1c1uobl x16tdsg8 x1hl2dhg xggy1nq x1a2a7pz xkrqix3 x1sur9pj x1fey0fg x1s688f\" style=\"color: #0000ff;\" tabindex=\"0\" role=\"link\" href=\"https:\/\/l.facebook.com\/l.php?u=http%3A%2F%2FPeriskopi.com%2F%3Ffbclid%3DIwZXh0bgNhZW0CMTAAYnJpZBEwd0tDR3B6eklUSDFneUI5YnNydGMGYXBwX2lkEDIyMjAzOTE3ODgyMDA4OTIAAR4P08ErOOOL4OGbEgt-qbtRRv7V0ddt6hCzjBUXHPrLiB9qlLJhzHFgkq524Q_aem_8-lrlj21McdoqN0CpHhUiw&amp;h=AT2LNDrnEzvOeBNBCStFsxbZrL4Vcu0IZajZbzvXmaEeIksb4iG9mnqw7CeXu_Lv_GoucPWXwmXsd3iCJ4RW9QTnIwKtGOmHpCgQfdBZIaGu4w--ERUeyHywTzDI7piK2hpsHCXSXubzy8XBX5BqtU56rytO_g&amp;__tn__=-UK-R&amp;c[0]=AT3dMY9p2gsRCx5KPyteRAOX8JHW7ejF3pQWPt6Xtf8DAdNrGQrY6HqnF_FiG2_y_J3meC2XFl-YRMKMY6HztEDZ0FL4ndezsbHq9YEjqJPyY1vlFWmeHVRDRgAB2kvChD7av06uGynPZU6lXwtWw2zhUjTzrb8TO02McsGxttNDHA5aacoFpCGaTg_hInSam5vLGoQLE-qngHQh7p_MOfvq\" target=\"_blank\" rel=\"nofollow noopener\">Periskopi.com<\/a><\/span> <\/strong><\/span>zbog \u010dlanka pod naslovom \u201dPretukao drugu \u017eenu, optu\u017enica protiv imama Behara Mjekic\u0301ija &#8211; Detalji iz dosijea tu\u017eila\u0161tva\u201c, utvrdiv\u0161i da je prekr\u0161eno Poglavlje IV Kodeksa \u0160tampe Kosova, koje se bavi pravom na odgovor, ali ne i Poglavlje II, koje se bavi izve\u0161tavanjem o istini, kako tvrdi podnosilac \u017ealbe.<\/div>\n<\/div>\n<div class=\"x14z9mp xat24cr x1lziwak x1vvkbs xtlvy1s x126k92a\">\n<div dir=\"auto\"><\/div>\n<div dir=\"auto\">S\u0160K delimi\u010dno je odobrio \u017ealbu Behara Mjekic\u0301ija, koga zastupa advokat D\u017eafer Tahiri, protiv Veriu.info zbog \u010dlanka pod naslovom \u201dPretukao drugu \u017eenu, optu\u017enica protiv imama Behara Mjekic\u0301ija &#8211; Detalji iz dosijea tu\u017eila\u0161tva\u201c, utvrdiv\u0161i da je prekr\u0161eno Poglavlje IV Kodeksa \u0160tampe Kosova, koje se bavi pravom na odgovor, ali ne i Poglavlje II, koje se bavi izve\u0161tavanjem o istini, kako tvrdi podnosilac \u017ealbe.<\/div>\n<\/div>\n<div class=\"x14z9mp xat24cr x1lziwak x1vvkbs xtlvy1s x126k92a\">\n<div dir=\"auto\">S\u0160K nije odobrio (odbacio je) \u017ealbu Nebiha \u0160alje protiv <span class=\"html-span xdj266r x14z9mp xat24cr x1lziwak xexx8yu xyri2b x18d9i69 x1c1uobl x1hl2dhg x16tdsg8 x1vvkbs\"><a class=\"x1i10hfl xjbqb8w x1ejq31n x18oe1m7 x1sy0etr xstzfhl x972fbf x10w94by x1qhh985 x14e42zd x9f619 x1ypdohk xt0psk2 x3ct3a4 xdj266r x14z9mp xat24cr x1lziwak xexx8yu xyri2b x18d9i69 x1c1uobl x16tdsg8 x1hl2dhg xggy1nq x1a2a7pz xkrqix3 x1sur9pj x1fey0fg x1s688f\" tabindex=\"0\" role=\"link\" href=\"https:\/\/l.facebook.com\/l.php?u=http%3A%2F%2FReporteri.net%2F%3Ffbclid%3DIwZXh0bgNhZW0CMTAAYnJpZBEwd0tDR3B6eklUSDFneUI5YnNydGMGYXBwX2lkEDIyMjAzOTE3ODgyMDA4OTIAAR4MB_jPrs6mKlmYx2vuDK2aS0Jxx09TSHvG8uBYXLqQdqKWN_CnIuPkKWOGdQ_aem_-CTL5BrQjV1_YrwXRpFjWw&amp;h=AT2h3WZoO9ileFy8LBuCK-_BINXySs6pUP-EtoZUpifF2mcivcZOOto-eAZqxT0ra3aE457PJuUz0jYGfYc4csdJneo8aXB8u-q9khHRMxGFK73pt32Ezxw5IRd9hFQlLDVxzi-6b9dP1BFdl6PEEH_3xUVDYg&amp;__tn__=-UK-R&amp;c[0]=AT3dMY9p2gsRCx5KPyteRAOX8JHW7ejF3pQWPt6Xtf8DAdNrGQrY6HqnF_FiG2_y_J3meC2XFl-YRMKMY6HztEDZ0FL4ndezsbHq9YEjqJPyY1vlFWmeHVRDRgAB2kvChD7av06uGynPZU6lXwtWw2zhUjTzrb8TO02McsGxttNDHA5aacoFpCGaTg_hInSam5vLGoQLE-qngHQh7p_MOfvq\" target=\"_blank\" rel=\"nofollow noopener\"><span style=\"color: #0000ff;\"><strong>Reporteri.net<\/strong><\/span><\/a><\/span> zbog videa objavljenog na zvani\u010dnom profilu medija na dru\u0161tvenoj mre\u017ei Fejsbuk, utvrdiv\u0161i da nije prekr\u0161eno Poglavlje II Kodeksa \u0160tampe Kosova, koje se odnosi na izve\u0161tavanje istine, kako tvrdi podnosilac \u017ealbe.<\/div>\n<\/div>\n<div class=\"x14z9mp xat24cr x1lziwak x1vvkbs xtlvy1s x126k92a\">\n<div dir=\"auto\"><\/div>\n<div dir=\"auto\">S\u0160K nije odobrio (odbacio je) \u017ealbu Zenuna Elezaja, koga zastupa advokatska kancelarija Kerveshi@Partners, protiv Kosova.info zbog \u010dlanka pod naslovom \u201d\u2019Mi\u0161ljenje: Politi\u010dka prevara Zenuna Elezaja sa \u2019dozvolom za d\u017eamiju\u2019 u arheolo\u0161kom podru\u010dju\u2019\u201c, utvrdiv\u0161i da nisu prekr\u0161ena Poglavlja II i III Kodeksa \u0160tampe Kosova, koja se odnose na izve\u0161tavanje istine, odnosno podsticanje i govor mr\u017enje, kako tvrdi podnosilac \u017ealbe.<\/div>\n<\/div>\n<div class=\"x14z9mp xat24cr x1lziwak x1vvkbs xtlvy1s x126k92a\">\n<div dir=\"auto\"><\/div>\n<div dir=\"auto\">S\u0160K nije odobrio (odbacio je) \u017ealbu Alberta Hajrizaja protiv <span style=\"color: #0000ff;\"><strong><span class=\"html-span xdj266r x14z9mp xat24cr x1lziwak xexx8yu xyri2b x18d9i69 x1c1uobl x1hl2dhg x16tdsg8 x1vvkbs\"><a class=\"x1i10hfl xjbqb8w x1ejq31n x18oe1m7 x1sy0etr xstzfhl x972fbf x10w94by x1qhh985 x14e42zd x9f619 x1ypdohk xt0psk2 x3ct3a4 xdj266r x14z9mp xat24cr x1lziwak xexx8yu xyri2b x18d9i69 x1c1uobl x16tdsg8 x1hl2dhg xggy1nq x1a2a7pz xkrqix3 x1sur9pj x1fey0fg x1s688f\" style=\"color: #0000ff;\" tabindex=\"0\" role=\"link\" href=\"https:\/\/l.facebook.com\/l.php?u=https%3A%2F%2FNacionale.com%2F%3Ffbclid%3DIwZXh0bgNhZW0CMTAAYnJpZBEwd0tDR3B6eklUSDFneUI5YnNydGMGYXBwX2lkEDIyMjAzOTE3ODgyMDA4OTIAAR7o-SVPGrenDaaapeKox0h8nDUpbzVPuPXDgOiAFfS6MPajkrqeHUUsZiBW7Q_aem_Pnwv5Pw-MAJvKAKBc3m6Rg&amp;h=AT3RBCEbWfbzSg7ZHp7hB3VCw9Wa5NfkjraRkT_wrC0c2oUmv07b2Tj2WeyuQqD-tliJ9FUAaildxz14EVogvYhFZqWRrpQDkpzARtuwq8aDQGShDwq303nm1Htgj6EDWcrFsd9spMQy7YssofDQMYsPWUawXg&amp;__tn__=-UK-R&amp;c[0]=AT3dMY9p2gsRCx5KPyteRAOX8JHW7ejF3pQWPt6Xtf8DAdNrGQrY6HqnF_FiG2_y_J3meC2XFl-YRMKMY6HztEDZ0FL4ndezsbHq9YEjqJPyY1vlFWmeHVRDRgAB2kvChD7av06uGynPZU6lXwtWw2zhUjTzrb8TO02McsGxttNDHA5aacoFpCGaTg_hInSam5vLGoQLE-qngHQh7p_MOfvq\" target=\"_blank\" rel=\"nofollow noopener\">Nacionale.com<\/a><\/span><\/strong><\/span> zbog \u010dlanka pod naslovom \u201d&#8217;Ne mo\u017ee da ko\u0161ta 20 evra&#8217;, reaguje Kumnova na izjavu direktora PAK-a\u201c, zaklju\u010dujuc\u0301i da nije prekr\u0161eno Poglavlje II Kodeksa \u0160tampe Kosova, koje se bavi izve\u0161tavanjem istine, kako tvrdi podnosilac \u017ealbe.<\/div>\n<\/div>\n<div class=\"x14z9mp xat24cr x1lziwak x1vvkbs xtlvy1s x126k92a\">\n<div dir=\"auto\"><\/div>\n<div dir=\"auto\">S\u0160K nije odobrio (odbacio je) \u017ealbu Kadrija Makolija, koga zastupa advokat Nasuf Hasani, protiv <span style=\"color: #0000ff;\"><strong><span class=\"html-span xdj266r x14z9mp xat24cr x1lziwak xexx8yu xyri2b x18d9i69 x1c1uobl x1hl2dhg x16tdsg8 x1vvkbs\"><a class=\"x1i10hfl xjbqb8w x1ejq31n x18oe1m7 x1sy0etr xstzfhl x972fbf x10w94by x1qhh985 x14e42zd x9f619 x1ypdohk xt0psk2 x3ct3a4 xdj266r x14z9mp xat24cr x1lziwak xexx8yu xyri2b x18d9i69 x1c1uobl x16tdsg8 x1hl2dhg xggy1nq x1a2a7pz xkrqix3 x1sur9pj x1fey0fg x1s688f\" style=\"color: #0000ff;\" tabindex=\"0\" role=\"link\" href=\"https:\/\/l.facebook.com\/l.php?u=https%3A%2F%2FSinjali.com%2F%3Ffbclid%3DIwZXh0bgNhZW0CMTAAYnJpZBEwd0tDR3B6eklUSDFneUI5YnNydGMGYXBwX2lkEDIyMjAzOTE3ODgyMDA4OTIAAR4MB_jPrs6mKlmYx2vuDK2aS0Jxx09TSHvG8uBYXLqQdqKWN_CnIuPkKWOGdQ_aem_-CTL5BrQjV1_YrwXRpFjWw&amp;h=AT2GOxrUwk65hXoiOYQlOS_Z0G5jS61VNucHxlKcnn0ep94Hn1cMi5244tYpWPHIjZ-NkZCJ674O_gJQIdm5msHiO6XrPPOjqBcL1FE-4vp09FzMtzdhA33YfyrNiz3ZI0lRQPtNWd1cXgvuFC78YGAwPiGjNA&amp;__tn__=-UK-R&amp;c[0]=AT3dMY9p2gsRCx5KPyteRAOX8JHW7ejF3pQWPt6Xtf8DAdNrGQrY6HqnF_FiG2_y_J3meC2XFl-YRMKMY6HztEDZ0FL4ndezsbHq9YEjqJPyY1vlFWmeHVRDRgAB2kvChD7av06uGynPZU6lXwtWw2zhUjTzrb8TO02McsGxttNDHA5aacoFpCGaTg_hInSam5vLGoQLE-qngHQh7p_MOfvq\" target=\"_blank\" rel=\"nofollow noopener\">Sinjali.com<\/a><\/span><\/strong><\/span>, zbog \u010dlanka pod naslovom \u201dEkskluzivno | 48-\u010dasovni pritvor za osumnji\u010denog za silovanje maloletnice u Kosovu Polju\u201c, utvrdiv\u0161i da poglavlja IV i V Kodeksa \u0160tampe Kosova, koja se odnose na pravo na odgovor, odnosno izve\u0161tavanje o licima ume\u0161anim u incidente, nesrec\u0301e, uhap\u0161enim ili optu\u017eenim za krivi\u010dna dela, nisu prekr\u0161ena, kako tvrdi podnosilac \u017ealbe.<\/div>\n<\/div>\n<div class=\"x14z9mp xat24cr x1lziwak x1vvkbs xtlvy1s x126k92a\">\n<div dir=\"auto\"><\/div>\n<div dir=\"auto\">S\u0160K nije odobrio (odbacio je) \u017ealbu Isara Memaja i Ismeta Memaja protiv <span class=\"html-span xdj266r x14z9mp xat24cr x1lziwak xexx8yu xyri2b x18d9i69 x1c1uobl x1hl2dhg x16tdsg8 x1vvkbs\"><a class=\"x1i10hfl xjbqb8w x1ejq31n x18oe1m7 x1sy0etr xstzfhl x972fbf x10w94by x1qhh985 x14e42zd x9f619 x1ypdohk xt0psk2 x3ct3a4 xdj266r x14z9mp xat24cr x1lziwak xexx8yu xyri2b x18d9i69 x1c1uobl x16tdsg8 x1hl2dhg xggy1nq x1a2a7pz xkrqix3 x1sur9pj x1fey0fg x1s688f\" tabindex=\"0\" role=\"link\" href=\"https:\/\/l.facebook.com\/l.php?u=https%3A%2F%2FSinjali.com%2F%3Ffbclid%3DIwZXh0bgNhZW0CMTAAYnJpZBEwd0tDR3B6eklUSDFneUI5YnNydGMGYXBwX2lkEDIyMjAzOTE3ODgyMDA4OTIAAR4C1gqWriQW-jbqKIzsYHJOc_YXxYWO_3la_FRR7WpRzJRKsf5M8SRae7prYw_aem_eY94dijZ9fMTXsvWy648gA&amp;h=AT2GOxrUwk65hXoiOYQlOS_Z0G5jS61VNucHxlKcnn0ep94Hn1cMi5244tYpWPHIjZ-NkZCJ674O_gJQIdm5msHiO6XrPPOjqBcL1FE-4vp09FzMtzdhA33YfyrNiz3ZI0lRQPtNWd1cXgvuFC78YGAwPiGjNA&amp;__tn__=-UK-R&amp;c[0]=AT3dMY9p2gsRCx5KPyteRAOX8JHW7ejF3pQWPt6Xtf8DAdNrGQrY6HqnF_FiG2_y_J3meC2XFl-YRMKMY6HztEDZ0FL4ndezsbHq9YEjqJPyY1vlFWmeHVRDRgAB2kvChD7av06uGynPZU6lXwtWw2zhUjTzrb8TO02McsGxttNDHA5aacoFpCGaTg_hInSam5vLGoQLE-qngHQh7p_MOfvq\" target=\"_blank\" rel=\"nofollow noopener\"><span style=\"color: #0000ff;\"><strong>Sinjali.com<\/strong><\/span><\/a><\/span> zbog \u010dlanka pod naslovom \u201dEkskluzivno | Pucnjava u Murademu, Prizren, dve osobe uhvac\u0301ene sa ilegalnim oru\u017ejem \u2013 pritvorene 48 sati (Imena)\u201c, utvrdiv\u0161i da poglavlja II i VII Kodeksa \u0160tampe Kosova, koja se odnose na izve\u0161tavanje istine, odnosno za\u0161titu privatnosti, nisu prekr\u0161ena, kako tvrdi podnosilac \u017ealbe.<\/div>\n<\/div>\n<div class=\"x14z9mp xat24cr x1lziwak x1vvkbs xtlvy1s x126k92a\">\n<div dir=\"auto\"><\/div>\n<div dir=\"auto\">S\u0160K nije odobrio (odbacio je) \u017ealbu Dardana Dervi\u0161aja protiv <span class=\"html-span xdj266r x14z9mp xat24cr x1lziwak xexx8yu xyri2b x18d9i69 x1c1uobl x1hl2dhg x16tdsg8 x1vvkbs\"><a class=\"x1i10hfl xjbqb8w x1ejq31n x18oe1m7 x1sy0etr xstzfhl x972fbf x10w94by x1qhh985 x14e42zd x9f619 x1ypdohk xt0psk2 x3ct3a4 xdj266r x14z9mp xat24cr x1lziwak xexx8yu xyri2b x18d9i69 x1c1uobl x16tdsg8 x1hl2dhg xggy1nq x1a2a7pz xkrqix3 x1sur9pj x1fey0fg x1s688f\" tabindex=\"0\" role=\"link\" href=\"https:\/\/l.facebook.com\/l.php?u=http%3A%2F%2FIndeksonline.net%2F%3Ffbclid%3DIwZXh0bgNhZW0CMTAAYnJpZBEwd0tDR3B6eklUSDFneUI5YnNydGMGYXBwX2lkEDIyMjAzOTE3ODgyMDA4OTIAAR7o-SVPGrenDaaapeKox0h8nDUpbzVPuPXDgOiAFfS6MPajkrqeHUUsZiBW7Q_aem_Pnwv5Pw-MAJvKAKBc3m6Rg&amp;h=AT2izgMn2cL3hwxGCyD1dOJIK5AAgS7SVTHouvKfa67NnqPY4OrE7GX26NE8hVFjjabnFXl_V26Rsb3GU7D_OOq-6-GgYuJMqW1gO3h1rXzhTAoWquqKTBpZxE-UnNuoC6k_K5peFtAE_q8Fmmpe-ODWlpD-pg&amp;__tn__=-UK-R&amp;c[0]=AT3dMY9p2gsRCx5KPyteRAOX8JHW7ejF3pQWPt6Xtf8DAdNrGQrY6HqnF_FiG2_y_J3meC2XFl-YRMKMY6HztEDZ0FL4ndezsbHq9YEjqJPyY1vlFWmeHVRDRgAB2kvChD7av06uGynPZU6lXwtWw2zhUjTzrb8TO02McsGxttNDHA5aacoFpCGaTg_hInSam5vLGoQLE-qngHQh7p_MOfvq\" target=\"_blank\" rel=\"nofollow noopener\"><span style=\"color: #0000ff;\"><strong>Indeksonline.net<\/strong><\/span><\/a><\/span> zbog \u010dlanka pod naslovom &#8216;\u201dNisam video svoju decu 8 godina&#8217; &#8211; Pratite pri\u010du Pjetera Ndrecaja iz zatvora visoke bezbednosti\u2019\u201c, utvrdiv\u0161i da nije prekr\u0161eno Poglavlje II Kodeksa \u0160tampe Kosova, koje se bavi izve\u0161tavanjem o istini, kako tvrdi podnosilac \u017ealbe.<\/div>\n<\/div>\n<div class=\"x14z9mp xat24cr x1lziwak x1vvkbs xtlvy1s x126k92a\">\n<div dir=\"auto\"><\/div>\n<div dir=\"auto\">S\u0160K je proglasio neprihvatljivom \u017ealbu Valmira Hajrulahua, predstavnika Centra za Zastupanje i Diplomatiju, protiv Klankosova.tv, jer nema nadle\u017enost da postupa sa medijskim sadr\u017eajem objavljenim u audiovizuelnim medijima.<\/div>\n<\/div>\n<div class=\"x14z9mp xat24cr x1lziwak x1vvkbs xtlvy1s x126k92a\">\n<div dir=\"auto\"><\/div>\n<div dir=\"auto\">S\u0160K je proglasio neprihvatljivom \u017ealbu Fadila Cakic\u0301ija protiv Valona Sile, jer nema nadle\u017enost da re\u0161ava slu\u010dajeve koji uklju\u010duju novinare, tekstove novinara na njihovim dru\u0161tvenim mre\u017eama ili njihova mi\u0161ljenja.<\/div>\n<\/div>\n<div class=\"x14z9mp xat24cr x1lziwak x1vvkbs xtlvy1s x126k92a\">\n<div dir=\"auto\"><\/div>\n<div dir=\"auto\">S\u0160K je proglasio neprihvatljivom \u017ealbu Rufata \u0160krete protiv nekoliko onlajn medija, zbog nekoliko tekstova objavljenih pre nekoliko godina. S\u0160K preporu\u010duje stranci da se obrati Agenciji za Informacije i Privatnost (AIP), odnosno nadle\u017enom sudu.<\/div>\n<\/div>\n<div class=\"x14z9mp xat24cr x1lziwak x1vvkbs xtlvy1s x126k92a\">\n<div dir=\"auto\"><\/div>\n<div dir=\"auto\">S\u0160K je proglasio neblagovremenom \u017ealbu Marigone Fonic\u0301i protiv <span style=\"color: #0000ff;\"><strong><span class=\"html-span xdj266r x14z9mp xat24cr x1lziwak xexx8yu xyri2b x18d9i69 x1c1uobl x1hl2dhg x16tdsg8 x1vvkbs\"><a class=\"x1i10hfl xjbqb8w x1ejq31n x18oe1m7 x1sy0etr xstzfhl x972fbf x10w94by x1qhh985 x14e42zd x9f619 x1ypdohk xt0psk2 x3ct3a4 xdj266r x14z9mp xat24cr x1lziwak xexx8yu xyri2b x18d9i69 x1c1uobl x16tdsg8 x1hl2dhg xggy1nq x1a2a7pz xkrqix3 x1sur9pj x1fey0fg x1s688f\" style=\"color: #0000ff;\" tabindex=\"0\" role=\"link\" href=\"https:\/\/l.facebook.com\/l.php?u=https%3A%2F%2FSinjali.com%2F%3Ffbclid%3DIwZXh0bgNhZW0CMTAAYnJpZBEwd0tDR3B6eklUSDFneUI5YnNydGMGYXBwX2lkEDIyMjAzOTE3ODgyMDA4OTIAAR4MB_jPrs6mKlmYx2vuDK2aS0Jxx09TSHvG8uBYXLqQdqKWN_CnIuPkKWOGdQ_aem_-CTL5BrQjV1_YrwXRpFjWw&amp;h=AT2GOxrUwk65hXoiOYQlOS_Z0G5jS61VNucHxlKcnn0ep94Hn1cMi5244tYpWPHIjZ-NkZCJ674O_gJQIdm5msHiO6XrPPOjqBcL1FE-4vp09FzMtzdhA33YfyrNiz3ZI0lRQPtNWd1cXgvuFC78YGAwPiGjNA&amp;__tn__=-UK-R&amp;c[0]=AT3dMY9p2gsRCx5KPyteRAOX8JHW7ejF3pQWPt6Xtf8DAdNrGQrY6HqnF_FiG2_y_J3meC2XFl-YRMKMY6HztEDZ0FL4ndezsbHq9YEjqJPyY1vlFWmeHVRDRgAB2kvChD7av06uGynPZU6lXwtWw2zhUjTzrb8TO02McsGxttNDHA5aacoFpCGaTg_hInSam5vLGoQLE-qngHQh7p_MOfvq\" target=\"_blank\" rel=\"nofollow noopener\">Sinjali.com<\/a><\/span> <\/strong><\/span>za \u010dlanak pod naslovom \u201dPolicijski slu\u017ebenik je osumnji\u010den da je ume\u0161an u otmicu koja se dogodila 19. septembra 2025. godine u naselju Veternik u Pri\u0161tini\u201c, utvrdiv\u0161i da je stranka podnela \u017ealbu van roka dozvoljenog prema pravilima S\u0160K-a.<\/div>\n<\/div>\n","protected":false},"excerpt":{"rendered":"<p>Savet \u0160tampe Kosova (S\u0160K) u redovnom sastanku razmotrio je ukupno 19 \u017ealbi. Skup\u0161tina S\u0160K-a odlu\u010dila da dve od njih bude usvojene, pet da se usvoje delimi\u010dno, \u0161est da se ne usvoje, tri su progla\u0161ene neprihvatljive i jedna neblagovremena. Tako\u0111e, utvr\u0111eno je da su dve \u017ealbe re\u0161ene putem medijacije izme\u0111u stranaka. \u017dalbe su se ticale navodnih [&hellip;]<\/p>\n","protected":false},"author":2,"featured_media":17746,"comment_status":"open","ping_status":"open","sticky":false,"template":"","format":"standard","meta":{"footnotes":""},"categories":[135],"tags":[],"class_list":["post-17745","post","type-post","status-publish","format-standard","has-post-thumbnail","hentry","category-vesti"],"acf":[],"yoast_head":"<!-- This site is optimized with the Yoast SEO plugin v28.3 - https:\/\/yoast.com\/product\/yoast-seo-wordpress\/ -->\n<title>Savet \u0160tampe doneo odluku o 19 \u017ealbi - K\u00ebshilli i Mediave t\u00eb Shkruara t\u00eb Kosov\u00ebs | P\u00ebr nj\u00eb gazetari etike dhe profesionale<\/title>\n<meta name=\"robots\" content=\"index, follow, max-snippet:-1, max-image-preview:large, max-video-preview:-1\" \/>\n<link rel=\"canonical\" href=\"http:\/\/presscouncil-ks.org\/?p=17745&lang=sr\" \/>\n<meta property=\"og:locale\" content=\"en_US\" \/>\n<meta property=\"og:type\" content=\"article\" \/>\n<meta property=\"og:title\" content=\"Savet \u0160tampe doneo odluku o 19 \u017ealbi - K\u00ebshilli i Mediave t\u00eb Shkruara t\u00eb Kosov\u00ebs | P\u00ebr nj\u00eb gazetari etike dhe profesionale\" \/>\n<meta property=\"og:description\" content=\"Savet \u0160tampe Kosova (S\u0160K) u redovnom sastanku razmotrio je ukupno 19 \u017ealbi. Skup\u0161tina S\u0160K-a odlu\u010dila da dve od njih bude usvojene, pet da se usvoje delimi\u010dno, \u0161est da se ne usvoje, tri su progla\u0161ene neprihvatljive i jedna neblagovremena. Tako\u0111e, utvr\u0111eno je da su dve \u017ealbe re\u0161ene putem medijacije izme\u0111u stranaka. \u017dalbe su se ticale navodnih [&hellip;]\" \/>\n<meta property=\"og:url\" content=\"http:\/\/presscouncil-ks.org\/?p=17745&amp;lang=sr\" \/>\n<meta property=\"og:site_name\" content=\"K\u00ebshilli i Mediave t\u00eb Shkruara t\u00eb Kosov\u00ebs | P\u00ebr nj\u00eb gazetari etike dhe profesionale\" \/>\n<meta property=\"article:publisher\" content=\"https:\/\/www.facebook.com\/KMSHKosove\" \/>\n<meta property=\"article:published_time\" content=\"2026-01-30T14:04:30+00:00\" \/>\n<meta property=\"article:modified_time\" content=\"2026-01-30T14:06:55+00:00\" \/>\n<meta property=\"og:image\" content=\"http:\/\/presscouncil-ks.org\/wp-content\/uploads\/2026\/01\/kmshk-etikos-ilustrim.jpg\" \/>\n\t<meta property=\"og:image:width\" content=\"960\" \/>\n\t<meta property=\"og:image:height\" content=\"540\" \/>\n\t<meta property=\"og:image:type\" content=\"image\/jpeg\" \/>\n<meta name=\"author\" content=\"Editor\" \/>\n<meta name=\"twitter:card\" content=\"summary_large_image\" \/>\n<meta name=\"twitter:label1\" content=\"Written by\" \/>\n\t<meta name=\"twitter:data1\" content=\"Editor\" \/>\n\t<meta name=\"twitter:label2\" content=\"Est. reading time\" \/>\n\t<meta name=\"twitter:data2\" content=\"5 minutes\" \/>\n<script type=\"application\/ld+json\" class=\"yoast-schema-graph\">{\"@context\":\"https:\\\/\\\/schema.org\",\"@graph\":[{\"@type\":\"Article\",\"@id\":\"http:\\\/\\\/presscouncil-ks.org\\\/?p=17745&lang=sr#article\",\"isPartOf\":{\"@id\":\"http:\\\/\\\/presscouncil-ks.org\\\/?p=17745&lang=sr\"},\"author\":{\"name\":\"Editor\",\"@id\":\"http:\\\/\\\/presscouncil-ks.org\\\/#\\\/schema\\\/person\\\/b79d30c61264caeb733239c16cc4d673\"},\"headline\":\"Savet \u0160tampe doneo odluku o 19 \u017ealbi\",\"datePublished\":\"2026-01-30T14:04:30+00:00\",\"dateModified\":\"2026-01-30T14:06:55+00:00\",\"mainEntityOfPage\":{\"@id\":\"http:\\\/\\\/presscouncil-ks.org\\\/?p=17745&lang=sr\"},\"wordCount\":1175,\"commentCount\":0,\"publisher\":{\"@id\":\"http:\\\/\\\/presscouncil-ks.org\\\/#organization\"},\"image\":{\"@id\":\"http:\\\/\\\/presscouncil-ks.org\\\/?p=17745&lang=sr#primaryimage\"},\"thumbnailUrl\":\"http:\\\/\\\/presscouncil-ks.org\\\/wp-content\\\/uploads\\\/2026\\\/01\\\/kmshk-etikos-ilustrim.jpg\",\"articleSection\":[\"Vesti\"],\"inLanguage\":\"en-US\",\"potentialAction\":[{\"@type\":\"CommentAction\",\"name\":\"Comment\",\"target\":[\"http:\\\/\\\/presscouncil-ks.org\\\/?p=17745&lang=sr#respond\"]}]},{\"@type\":\"WebPage\",\"@id\":\"http:\\\/\\\/presscouncil-ks.org\\\/?p=17745&lang=sr\",\"url\":\"http:\\\/\\\/presscouncil-ks.org\\\/?p=17745&lang=sr\",\"name\":\"Savet \u0160tampe doneo odluku o 19 \u017ealbi - K\u00ebshilli i Mediave t\u00eb Shkruara t\u00eb Kosov\u00ebs | P\u00ebr nj\u00eb gazetari etike dhe profesionale\",\"isPartOf\":{\"@id\":\"http:\\\/\\\/presscouncil-ks.org\\\/#website\"},\"primaryImageOfPage\":{\"@id\":\"http:\\\/\\\/presscouncil-ks.org\\\/?p=17745&lang=sr#primaryimage\"},\"image\":{\"@id\":\"http:\\\/\\\/presscouncil-ks.org\\\/?p=17745&lang=sr#primaryimage\"},\"thumbnailUrl\":\"http:\\\/\\\/presscouncil-ks.org\\\/wp-content\\\/uploads\\\/2026\\\/01\\\/kmshk-etikos-ilustrim.jpg\",\"datePublished\":\"2026-01-30T14:04:30+00:00\",\"dateModified\":\"2026-01-30T14:06:55+00:00\",\"breadcrumb\":{\"@id\":\"http:\\\/\\\/presscouncil-ks.org\\\/?p=17745&lang=sr#breadcrumb\"},\"inLanguage\":\"en-US\",\"potentialAction\":[{\"@type\":\"ReadAction\",\"target\":[\"http:\\\/\\\/presscouncil-ks.org\\\/?p=17745&lang=sr\"]}]},{\"@type\":\"ImageObject\",\"inLanguage\":\"en-US\",\"@id\":\"http:\\\/\\\/presscouncil-ks.org\\\/?p=17745&lang=sr#primaryimage\",\"url\":\"http:\\\/\\\/presscouncil-ks.org\\\/wp-content\\\/uploads\\\/2026\\\/01\\\/kmshk-etikos-ilustrim.jpg\",\"contentUrl\":\"http:\\\/\\\/presscouncil-ks.org\\\/wp-content\\\/uploads\\\/2026\\\/01\\\/kmshk-etikos-ilustrim.jpg\",\"width\":960,\"height\":540},{\"@type\":\"BreadcrumbList\",\"@id\":\"http:\\\/\\\/presscouncil-ks.org\\\/?p=17745&lang=sr#breadcrumb\",\"itemListElement\":[{\"@type\":\"ListItem\",\"position\":1,\"name\":\"Home\",\"item\":\"https:\\\/\\\/presscouncil-ks.org\\\/\"},{\"@type\":\"ListItem\",\"position\":2,\"name\":\"Savet \u0160tampe doneo odluku o 19 \u017ealbi\"}]},{\"@type\":\"WebSite\",\"@id\":\"http:\\\/\\\/presscouncil-ks.org\\\/#website\",\"url\":\"http:\\\/\\\/presscouncil-ks.org\\\/\",\"name\":\"https:\\\/\\\/presscouncil-ks.org\\\/\",\"description\":\"\",\"publisher\":{\"@id\":\"http:\\\/\\\/presscouncil-ks.org\\\/#organization\"},\"potentialAction\":[{\"@type\":\"SearchAction\",\"target\":{\"@type\":\"EntryPoint\",\"urlTemplate\":\"http:\\\/\\\/presscouncil-ks.org\\\/?s={search_term_string}\"},\"query-input\":{\"@type\":\"PropertyValueSpecification\",\"valueRequired\":true,\"valueName\":\"search_term_string\"}}],\"inLanguage\":\"en-US\"},{\"@type\":\"Organization\",\"@id\":\"http:\\\/\\\/presscouncil-ks.org\\\/#organization\",\"name\":\"K\u00ebshilli i Mediave t\u00eb Shkruara t\u00eb Kosov\u00ebs\",\"url\":\"http:\\\/\\\/presscouncil-ks.org\\\/\",\"logo\":{\"@type\":\"ImageObject\",\"inLanguage\":\"en-US\",\"@id\":\"http:\\\/\\\/presscouncil-ks.org\\\/#\\\/schema\\\/logo\\\/image\\\/\",\"url\":\"http:\\\/\\\/presscouncil-ks.org\\\/wp-content\\\/uploads\\\/2023\\\/06\\\/cropped-logo.png\",\"contentUrl\":\"http:\\\/\\\/presscouncil-ks.org\\\/wp-content\\\/uploads\\\/2023\\\/06\\\/cropped-logo.png\",\"width\":268,\"height\":166,\"caption\":\"K\u00ebshilli i Mediave t\u00eb Shkruara t\u00eb Kosov\u00ebs\"},\"image\":{\"@id\":\"http:\\\/\\\/presscouncil-ks.org\\\/#\\\/schema\\\/logo\\\/image\\\/\"},\"sameAs\":[\"https:\\\/\\\/www.facebook.com\\\/KMSHKosove\"]},{\"@type\":\"Person\",\"@id\":\"http:\\\/\\\/presscouncil-ks.org\\\/#\\\/schema\\\/person\\\/b79d30c61264caeb733239c16cc4d673\",\"name\":\"Editor\",\"image\":{\"@type\":\"ImageObject\",\"inLanguage\":\"en-US\",\"@id\":\"https:\\\/\\\/secure.gravatar.com\\\/avatar\\\/9534865f39e7b3527010ee17196a76d054b16d731a6a5bfe2f92a071c6e9bf4e?s=96&d=mm&r=g\",\"url\":\"https:\\\/\\\/secure.gravatar.com\\\/avatar\\\/9534865f39e7b3527010ee17196a76d054b16d731a6a5bfe2f92a071c6e9bf4e?s=96&d=mm&r=g\",\"contentUrl\":\"https:\\\/\\\/secure.gravatar.com\\\/avatar\\\/9534865f39e7b3527010ee17196a76d054b16d731a6a5bfe2f92a071c6e9bf4e?s=96&d=mm&r=g\",\"caption\":\"Editor\"},\"url\":\"http:\\\/\\\/presscouncil-ks.org\\\/?author=2\"}]}<\/script>\n<!-- \/ Yoast SEO plugin. -->","yoast_head_json":{"title":"Savet \u0160tampe doneo odluku o 19 \u017ealbi - K\u00ebshilli i Mediave t\u00eb Shkruara t\u00eb Kosov\u00ebs | P\u00ebr nj\u00eb gazetari etike dhe profesionale","robots":{"index":"index","follow":"follow","max-snippet":"max-snippet:-1","max-image-preview":"max-image-preview:large","max-video-preview":"max-video-preview:-1"},"canonical":"http:\/\/presscouncil-ks.org\/?p=17745&lang=sr","og_locale":"en_US","og_type":"article","og_title":"Savet \u0160tampe doneo odluku o 19 \u017ealbi - K\u00ebshilli i Mediave t\u00eb Shkruara t\u00eb Kosov\u00ebs | P\u00ebr nj\u00eb gazetari etike dhe profesionale","og_description":"Savet \u0160tampe Kosova (S\u0160K) u redovnom sastanku razmotrio je ukupno 19 \u017ealbi. Skup\u0161tina S\u0160K-a odlu\u010dila da dve od njih bude usvojene, pet da se usvoje delimi\u010dno, \u0161est da se ne usvoje, tri su progla\u0161ene neprihvatljive i jedna neblagovremena. Tako\u0111e, utvr\u0111eno je da su dve \u017ealbe re\u0161ene putem medijacije izme\u0111u stranaka. \u017dalbe su se ticale navodnih [&hellip;]","og_url":"http:\/\/presscouncil-ks.org\/?p=17745&lang=sr","og_site_name":"K\u00ebshilli i Mediave t\u00eb Shkruara t\u00eb Kosov\u00ebs | P\u00ebr nj\u00eb gazetari etike dhe profesionale","article_publisher":"https:\/\/www.facebook.com\/KMSHKosove","article_published_time":"2026-01-30T14:04:30+00:00","article_modified_time":"2026-01-30T14:06:55+00:00","og_image":[{"width":960,"height":540,"url":"http:\/\/presscouncil-ks.org\/wp-content\/uploads\/2026\/01\/kmshk-etikos-ilustrim.jpg","type":"image\/jpeg"}],"author":"Editor","twitter_card":"summary_large_image","twitter_misc":{"Written by":"Editor","Est. reading time":"5 minutes"},"schema":{"@context":"https:\/\/schema.org","@graph":[{"@type":"Article","@id":"http:\/\/presscouncil-ks.org\/?p=17745&lang=sr#article","isPartOf":{"@id":"http:\/\/presscouncil-ks.org\/?p=17745&lang=sr"},"author":{"name":"Editor","@id":"http:\/\/presscouncil-ks.org\/#\/schema\/person\/b79d30c61264caeb733239c16cc4d673"},"headline":"Savet \u0160tampe doneo odluku o 19 \u017ealbi","datePublished":"2026-01-30T14:04:30+00:00","dateModified":"2026-01-30T14:06:55+00:00","mainEntityOfPage":{"@id":"http:\/\/presscouncil-ks.org\/?p=17745&lang=sr"},"wordCount":1175,"commentCount":0,"publisher":{"@id":"http:\/\/presscouncil-ks.org\/#organization"},"image":{"@id":"http:\/\/presscouncil-ks.org\/?p=17745&lang=sr#primaryimage"},"thumbnailUrl":"http:\/\/presscouncil-ks.org\/wp-content\/uploads\/2026\/01\/kmshk-etikos-ilustrim.jpg","articleSection":["Vesti"],"inLanguage":"en-US","potentialAction":[{"@type":"CommentAction","name":"Comment","target":["http:\/\/presscouncil-ks.org\/?p=17745&lang=sr#respond"]}]},{"@type":"WebPage","@id":"http:\/\/presscouncil-ks.org\/?p=17745&lang=sr","url":"http:\/\/presscouncil-ks.org\/?p=17745&lang=sr","name":"Savet \u0160tampe doneo odluku o 19 \u017ealbi - K\u00ebshilli i Mediave t\u00eb Shkruara t\u00eb Kosov\u00ebs | P\u00ebr nj\u00eb gazetari etike dhe profesionale","isPartOf":{"@id":"http:\/\/presscouncil-ks.org\/#website"},"primaryImageOfPage":{"@id":"http:\/\/presscouncil-ks.org\/?p=17745&lang=sr#primaryimage"},"image":{"@id":"http:\/\/presscouncil-ks.org\/?p=17745&lang=sr#primaryimage"},"thumbnailUrl":"http:\/\/presscouncil-ks.org\/wp-content\/uploads\/2026\/01\/kmshk-etikos-ilustrim.jpg","datePublished":"2026-01-30T14:04:30+00:00","dateModified":"2026-01-30T14:06:55+00:00","breadcrumb":{"@id":"http:\/\/presscouncil-ks.org\/?p=17745&lang=sr#breadcrumb"},"inLanguage":"en-US","potentialAction":[{"@type":"ReadAction","target":["http:\/\/presscouncil-ks.org\/?p=17745&lang=sr"]}]},{"@type":"ImageObject","inLanguage":"en-US","@id":"http:\/\/presscouncil-ks.org\/?p=17745&lang=sr#primaryimage","url":"http:\/\/presscouncil-ks.org\/wp-content\/uploads\/2026\/01\/kmshk-etikos-ilustrim.jpg","contentUrl":"http:\/\/presscouncil-ks.org\/wp-content\/uploads\/2026\/01\/kmshk-etikos-ilustrim.jpg","width":960,"height":540},{"@type":"BreadcrumbList","@id":"http:\/\/presscouncil-ks.org\/?p=17745&lang=sr#breadcrumb","itemListElement":[{"@type":"ListItem","position":1,"name":"Home","item":"https:\/\/presscouncil-ks.org\/"},{"@type":"ListItem","position":2,"name":"Savet \u0160tampe doneo odluku o 19 \u017ealbi"}]},{"@type":"WebSite","@id":"http:\/\/presscouncil-ks.org\/#website","url":"http:\/\/presscouncil-ks.org\/","name":"https:\/\/presscouncil-ks.org\/","description":"","publisher":{"@id":"http:\/\/presscouncil-ks.org\/#organization"},"potentialAction":[{"@type":"SearchAction","target":{"@type":"EntryPoint","urlTemplate":"http:\/\/presscouncil-ks.org\/?s={search_term_string}"},"query-input":{"@type":"PropertyValueSpecification","valueRequired":true,"valueName":"search_term_string"}}],"inLanguage":"en-US"},{"@type":"Organization","@id":"http:\/\/presscouncil-ks.org\/#organization","name":"K\u00ebshilli i Mediave t\u00eb Shkruara t\u00eb Kosov\u00ebs","url":"http:\/\/presscouncil-ks.org\/","logo":{"@type":"ImageObject","inLanguage":"en-US","@id":"http:\/\/presscouncil-ks.org\/#\/schema\/logo\/image\/","url":"http:\/\/presscouncil-ks.org\/wp-content\/uploads\/2023\/06\/cropped-logo.png","contentUrl":"http:\/\/presscouncil-ks.org\/wp-content\/uploads\/2023\/06\/cropped-logo.png","width":268,"height":166,"caption":"K\u00ebshilli i Mediave t\u00eb Shkruara t\u00eb Kosov\u00ebs"},"image":{"@id":"http:\/\/presscouncil-ks.org\/#\/schema\/logo\/image\/"},"sameAs":["https:\/\/www.facebook.com\/KMSHKosove"]},{"@type":"Person","@id":"http:\/\/presscouncil-ks.org\/#\/schema\/person\/b79d30c61264caeb733239c16cc4d673","name":"Editor","image":{"@type":"ImageObject","inLanguage":"en-US","@id":"https:\/\/secure.gravatar.com\/avatar\/9534865f39e7b3527010ee17196a76d054b16d731a6a5bfe2f92a071c6e9bf4e?s=96&d=mm&r=g","url":"https:\/\/secure.gravatar.com\/avatar\/9534865f39e7b3527010ee17196a76d054b16d731a6a5bfe2f92a071c6e9bf4e?s=96&d=mm&r=g","contentUrl":"https:\/\/secure.gravatar.com\/avatar\/9534865f39e7b3527010ee17196a76d054b16d731a6a5bfe2f92a071c6e9bf4e?s=96&d=mm&r=g","caption":"Editor"},"url":"http:\/\/presscouncil-ks.org\/?author=2"}]}},"_links":{"self":[{"href":"http:\/\/presscouncil-ks.org\/index.php?rest_route=\/wp\/v2\/posts\/17745","targetHints":{"allow":["GET"]}}],"collection":[{"href":"http:\/\/presscouncil-ks.org\/index.php?rest_route=\/wp\/v2\/posts"}],"about":[{"href":"http:\/\/presscouncil-ks.org\/index.php?rest_route=\/wp\/v2\/types\/post"}],"author":[{"embeddable":true,"href":"http:\/\/presscouncil-ks.org\/index.php?rest_route=\/wp\/v2\/users\/2"}],"replies":[{"embeddable":true,"href":"http:\/\/presscouncil-ks.org\/index.php?rest_route=%2Fwp%2Fv2%2Fcomments&post=17745"}],"version-history":[{"count":3,"href":"http:\/\/presscouncil-ks.org\/index.php?rest_route=\/wp\/v2\/posts\/17745\/revisions"}],"predecessor-version":[{"id":17749,"href":"http:\/\/presscouncil-ks.org\/index.php?rest_route=\/wp\/v2\/posts\/17745\/revisions\/17749"}],"wp:featuredmedia":[{"embeddable":true,"href":"http:\/\/presscouncil-ks.org\/index.php?rest_route=\/wp\/v2\/media\/17746"}],"wp:attachment":[{"href":"http:\/\/presscouncil-ks.org\/index.php?rest_route=%2Fwp%2Fv2%2Fmedia&parent=17745"}],"wp:term":[{"taxonomy":"category","embeddable":true,"href":"http:\/\/presscouncil-ks.org\/index.php?rest_route=%2Fwp%2Fv2%2Fcategories&post=17745"},{"taxonomy":"post_tag","embeddable":true,"href":"http:\/\/presscouncil-ks.org\/index.php?rest_route=%2Fwp%2Fv2%2Ftags&post=17745"}],"curies":[{"name":"wp","href":"https:\/\/api.w.org\/{rel}","templated":true}]}}