{"id":17657,"date":"2025-12-17T10:59:07","date_gmt":"2025-12-17T10:59:07","guid":{"rendered":"https:\/\/presscouncil-ks.org\/?p=17657"},"modified":"2025-12-17T12:05:40","modified_gmt":"2025-12-17T12:05:40","slug":"savet-stampe-doneo-odluke-o-10-zalbi","status":"publish","type":"post","link":"http:\/\/presscouncil-ks.org\/?p=17657&lang=sr","title":{"rendered":"Savet \u0160tampe doneo odluke o 10 \u017ealbi"},"content":{"rendered":"<div class=\"x14z9mp xat24cr x1lziwak x1vvkbs xtlvy1s x126k92a\">\n<div dir=\"auto\"><strong>Savet \u0160tampe Kosova (S\u0160K) u redovnom sastanku razmotrio je ukupno 10 \u017ealbi. Skup\u0161tina S\u0160K-a odlu\u010dila da jedna od njih bude usvojena, dve da se usvoje delimi\u010dno, \u010detiri da se ne usvoje, dok su tri progla\u0161ene neprihvatljive.<\/strong><\/div>\n<\/div>\n<div class=\"x14z9mp xat24cr x1lziwak x1vvkbs xtlvy1s x126k92a\">\n<div dir=\"auto\"><\/div>\n<div dir=\"auto\">\u017dalbe su se ticale navodnih kr\u0161enja odre\u0111enih poglavlja Kodeksa za \u0161tampane medije Kosova, kao \u0161to su Poglavlje II \u2013 Istinito izve\u0161tavanje, Poglavlje IV \u2013 Pravo na odgovor, Poglavlje i Poglavlje VII \u2013 Privatnost i za\u0161tita izvora.<\/div>\n<div dir=\"auto\"><\/div>\n<div dir=\"auto\">Savet \u0160tampe usvojio je \u017ealbu Uke Zenunija protiv <strong><span class=\"html-span xdj266r x14z9mp xat24cr x1lziwak xexx8yu xyri2b x18d9i69 x1c1uobl x1hl2dhg x16tdsg8 x1vvkbs\" style=\"color: #0000ff;\"><a class=\"x1i10hfl xjbqb8w x1ejq31n x18oe1m7 x1sy0etr xstzfhl x972fbf x10w94by x1qhh985 x14e42zd x9f619 x1ypdohk xt0psk2 x3ct3a4 xdj266r x14z9mp xat24cr x1lziwak xexx8yu xyri2b x18d9i69 x1c1uobl x16tdsg8 x1hl2dhg xggy1nq x1a2a7pz xkrqix3 x1sur9pj x1fey0fg x1s688f\" style=\"color: #0000ff;\" tabindex=\"0\" role=\"link\" href=\"https:\/\/l.facebook.com\/l.php?u=http%3A%2F%2FUlpianapress.net%2F%3Ffbclid%3DIwZXh0bgNhZW0CMTAAYnJpZBExcW94MnB3QkUxQXh2UWRlN3NydGMGYXBwX2lkEDIyMjAzOTE3ODgyMDA4OTIAAR5rM2g-LZVn2C-hjU5lSTkrovLxqfydMR8CtJn0OXAGGYR_BtZz4lSnIzzVRg_aem_0E7-2J8giVApTU38mWDbKQ&amp;h=AT3lyesPY5_Drbee2kRuW4KkE2TNeqqizj0rIwPFBzrH4Dx96nh-EofYLqQYljyebP3dTNXCZNid3KVSii9afiYy6rR14TujijGecRQKIZ9jk5rO-zAjrg8y9rbX2MR-ch0ir4J2PN_xJCoQeKqtxvrbfF3aPw&amp;__tn__=-UK-R&amp;c[0]=AT36b40nPxcpw0vi5rjnxT80g76wj8lQ3uGAF3xIxZ6o05mrhLbWtA5NhxzfQnnDrP6CXm2dPJgVr_qcugf6gLMg5SKQsnqSZ5zUK2pnEV1kSMsmfUkukaofF01f-FRJm88za4noJmQse_go3oFvqfZEyvb0ah__Tg2urgTGS3C5xAa8Qij_SFjbdb3djctBVhyhGamkvzOc1kCYsZ06UtL3\" target=\"_blank\" rel=\"nofollow noopener\">Ulpianapress.net<\/a><\/span><\/strong> zbog video snimaka pod nazivom \u201dDoberc\u0301anska voda le\u010di 12 bolesti\u201c, odnosno \u201dSlepa devojka je povratila vid nakon \u0161to je stajala u ovoj vodi\u201c, utvrdiv\u0161i da je prekr\u0161eno Poglavlje II Kodeksa \u0160tampe Kosova, koje se odnosi na izve\u0161tavanje istine.<\/div>\n<\/div>\n<div class=\"x14z9mp xat24cr x1lziwak x1vvkbs xtlvy1s x126k92a\">\n<p dir=\"auto\">Savet \u0160tampe delimi\u010dno je usvojio \u017ealbu kompanije Medi Premium D.O.O, koju zastupa Albert Halilaj, protiv Veriu.info zbog \u010dlanka pod nazivom \u201c&#8217;Ve\u010dernji bazar&#8217; sa neovla\u0161c\u0301enim gra\u0111evinama vlade Bedrija Hamze u danima tranzicije vlasti na Fatona Pecija\u201c, utvrdiv\u0161i da je prekr\u0161eno Poglavlje IV, koje se odnosi na pravo na odgovor, ali ne i poglavlja II i IIa Kodeksa \u0160tampe Kosova, koja se odnose na izve\u0161tavanje istine, odnosno la\u017enih vesti, kako tvrdi podnosilac \u017ealbe.<\/p>\n<\/div>\n<div class=\"x14z9mp xat24cr x1lziwak x1vvkbs xtlvy1s x126k92a\">\n<p dir=\"auto\">S\u0160K delimi\u010dno je usvojio \u017ealbu Marigone Kastrati, koju zastupa advokat Taulant Ferizi, protiv Klankosova.tv i <strong><span class=\"html-span xdj266r x14z9mp xat24cr x1lziwak xexx8yu xyri2b x18d9i69 x1c1uobl x1hl2dhg x16tdsg8 x1vvkbs\" style=\"color: #0000ff;\"><a class=\"x1i10hfl xjbqb8w x1ejq31n x18oe1m7 x1sy0etr xstzfhl x972fbf x10w94by x1qhh985 x14e42zd x9f619 x1ypdohk xt0psk2 x3ct3a4 xdj266r x14z9mp xat24cr x1lziwak xexx8yu xyri2b x18d9i69 x1c1uobl x16tdsg8 x1hl2dhg xggy1nq x1a2a7pz xkrqix3 x1sur9pj x1fey0fg x1s688f\" style=\"color: #0000ff;\" tabindex=\"0\" role=\"link\" href=\"https:\/\/l.facebook.com\/l.php?u=http%3A%2F%2FDemokracia.com%2F%3Ffbclid%3DIwZXh0bgNhZW0CMTAAYnJpZBExcW94MnB3QkUxQXh2UWRlN3NydGMGYXBwX2lkEDIyMjAzOTE3ODgyMDA4OTIAAR6bBODtd7XVeqro7PFa2WZZoNSsMS8v_lNw1FQ7dOqv12Qbwfb5aNQf_aQ4sQ_aem_2Q6AWFkSSgyPkBHWfkWb6A&amp;h=AT2kK9ISrqmB6N8_OwGuhAPABjGnYKGLEtwgk9JW_rLBxpbtyjgkyHkUUmU6IygJ_X-3Q_uRx0CrgBpt1JqyAh9aEYT2h842pq2akjuR_a7tgeHFYKLokdwFkfrIxeZwo703VmHZpHmtFCIPRGSlri8vv4UHpA&amp;__tn__=-UK-R&amp;c[0]=AT36b40nPxcpw0vi5rjnxT80g76wj8lQ3uGAF3xIxZ6o05mrhLbWtA5NhxzfQnnDrP6CXm2dPJgVr_qcugf6gLMg5SKQsnqSZ5zUK2pnEV1kSMsmfUkukaofF01f-FRJm88za4noJmQse_go3oFvqfZEyvb0ah__Tg2urgTGS3C5xAa8Qij_SFjbdb3djctBVhyhGamkvzOc1kCYsZ06UtL3\" target=\"_blank\" rel=\"nofollow noopener\">Demokracia.com<\/a><\/span><\/strong> zbog \u010dlanaka pod naslovima \u201dStra\u0161no: \u0160estogodi\u0161njakinja iz Kosova Polja optu\u017euje nastavnicu za uvredljiv jezik (Video)\u201c, \u201dSukob u \u0161kolskom dvori\u0161tu, nastavnica i majka \u0161estogodi\u0161njaka u Kosovu Polju su &#8216;uhvac\u0301ene&#8217; (Video)\u201c, \u201d\u0160estogodi\u0161njakinja iz Kosova Polja optu\u017euje nastavnicu za uvredljiv jezik\u201c, \u201dNastavnica u Kosovu Polju se hvali vezama u policiji, roditelji tvrde da je maltretirala njihovog sina (Video)\u201c, \u201dNastavnica u Kosovu Polju tra\u017ei vreme da odgovori na optu\u017ebe za maltretiranje (Video)\u201c, \u201d30 majki se okupilo u \u0161kolskom dvori\u0161tu, preti novinarki KIKS-a (Video)\u201c, \u201cNastavnica se bavi \u017eenskim govorom, u\u010denici ne znaju da \u010ditaju i pi\u0161u\u201c (Video)\u201c, utvrdiv\u0161i da su prekr\u0161ena poglavlja II i IV Kodeksa \u0160tampe Kosova koja se bave izve\u0161tavanjem istine, odnosno pravom na odgovor, ali ne i Poglavlje VII, koje bavi se privatno\u0161c\u0301u, kako tvrdi podnosilac \u017ealbe.<\/p>\n<\/div>\n<div class=\"x14z9mp xat24cr x1lziwak x1vvkbs xtlvy1s x126k92a\">\n<p dir=\"auto\">S\u0160K nije usvojio (odbacio je) \u017ealbu Ganimete Musliu protiv <strong><span class=\"html-span xdj266r x14z9mp xat24cr x1lziwak xexx8yu xyri2b x18d9i69 x1c1uobl x1hl2dhg x16tdsg8 x1vvkbs\" style=\"color: #0000ff;\"><a class=\"x1i10hfl xjbqb8w x1ejq31n x18oe1m7 x1sy0etr xstzfhl x972fbf x10w94by x1qhh985 x14e42zd x9f619 x1ypdohk xt0psk2 x3ct3a4 xdj266r x14z9mp xat24cr x1lziwak xexx8yu xyri2b x18d9i69 x1c1uobl x16tdsg8 x1hl2dhg xggy1nq x1a2a7pz xkrqix3 x1sur9pj x1fey0fg x1s688f\" style=\"color: #0000ff;\" tabindex=\"0\" role=\"link\" href=\"https:\/\/l.facebook.com\/l.php?u=http%3A%2F%2FRajoni.org%2F%3Ffbclid%3DIwZXh0bgNhZW0CMTAAYnJpZBExcW94MnB3QkUxQXh2UWRlN3NydGMGYXBwX2lkEDIyMjAzOTE3ODgyMDA4OTIAAR5zinrlcPCJ_swIj_sypZtce840sZHBX5fmjZYkVx-AnImWNMpSmyjCwj2aug_aem_CajqlWXW0N22nyUtd3g4JQ&amp;h=AT00EtIiTUk8_gnNx4QdQ3lQ5Fzl-dEMS41NKDelOa6i_kSpdWsNl14c_o6984uLdOKwkO1cOmze8YS7hSBbQCdhWyldk4q33lSN8KPSKbCe612I4iQR3IfgR3N4_lZUO5LBzDgLeRq4aiHVuOV_1PkdTCj09g&amp;__tn__=-UK-R&amp;c[0]=AT36b40nPxcpw0vi5rjnxT80g76wj8lQ3uGAF3xIxZ6o05mrhLbWtA5NhxzfQnnDrP6CXm2dPJgVr_qcugf6gLMg5SKQsnqSZ5zUK2pnEV1kSMsmfUkukaofF01f-FRJm88za4noJmQse_go3oFvqfZEyvb0ah__Tg2urgTGS3C5xAa8Qij_SFjbdb3djctBVhyhGamkvzOc1kCYsZ06UtL3\" target=\"_blank\" rel=\"nofollow noopener\">Rajoni.org<\/a><\/span><\/strong> zbog \u010dlanka pod nazivom \u201c&#8217;Op\u0161tina Skenderaj nagra\u0111uje tenderom posao &#8216;blizak&#8217; Ganimete Musliu i PDK&#8217;\u201c, utvrdiv\u0161i da nije prekr\u0161eno Poglavlje II Kodeksa \u0160tampe Kosova, koje se odnosi na izve\u0161tavanje istine, kako tvrdi podnosilac \u017ealbe.<\/p>\n<\/div>\n<div class=\"x14z9mp xat24cr x1lziwak x1vvkbs xtlvy1s x126k92a\">\n<p dir=\"auto\">S\u0160K nije usvojio (odbacio je) \u017ealbu KEDS-a, koga zastupa advokatska kancelarija D\u00ebrguti Law, protiv <strong><span class=\"html-span xdj266r x14z9mp xat24cr x1lziwak xexx8yu xyri2b x18d9i69 x1c1uobl x1hl2dhg x16tdsg8 x1vvkbs\" style=\"color: #0000ff;\"><a class=\"x1i10hfl xjbqb8w x1ejq31n x18oe1m7 x1sy0etr xstzfhl x972fbf x10w94by x1qhh985 x14e42zd x9f619 x1ypdohk xt0psk2 x3ct3a4 xdj266r x14z9mp xat24cr x1lziwak xexx8yu xyri2b x18d9i69 x1c1uobl x16tdsg8 x1hl2dhg xggy1nq x1a2a7pz xkrqix3 x1sur9pj x1fey0fg x1s688f\" style=\"color: #0000ff;\" tabindex=\"0\" role=\"link\" href=\"https:\/\/l.facebook.com\/l.php?u=http%3A%2F%2FBuletiniekonomik.com%2F%3Ffbclid%3DIwZXh0bgNhZW0CMTAAYnJpZBExcW94MnB3QkUxQXh2UWRlN3NydGMGYXBwX2lkEDIyMjAzOTE3ODgyMDA4OTIAAR5zinrlcPCJ_swIj_sypZtce840sZHBX5fmjZYkVx-AnImWNMpSmyjCwj2aug_aem_CajqlWXW0N22nyUtd3g4JQ&amp;h=AT1enDvuWQ4Udies6Sjk-LLy_j0hdhAzi3Hg4IKhlUReHl3Od0lXxGZYxgbgyOzYa-FDoJN3Zdmry9YQ_bwKAbrbIPzAdpgDETIOyLGiz37ROvhRwr-BH3ylntXpWFYFQE0DM48mYGrHlN2fSDF2rSXCxoxVCw&amp;__tn__=-UK-R&amp;c[0]=AT36b40nPxcpw0vi5rjnxT80g76wj8lQ3uGAF3xIxZ6o05mrhLbWtA5NhxzfQnnDrP6CXm2dPJgVr_qcugf6gLMg5SKQsnqSZ5zUK2pnEV1kSMsmfUkukaofF01f-FRJm88za4noJmQse_go3oFvqfZEyvb0ah__Tg2urgTGS3C5xAa8Qij_SFjbdb3djctBVhyhGamkvzOc1kCYsZ06UtL3\" target=\"_blank\" rel=\"nofollow noopener\">Buletiniekonomik.com<\/a><\/span><\/strong> zbog \u010dlanka pod nazivom \u201dTenderska \u0161ema sa dve kompanije za koje se sumnja da su bliske \u0161efovima KEDS-a\u201c, utvrdiv\u0161i da nisu prekr\u0161ena Poglavlja II i IIa Kodeksa \u0160tampe Kosova, koja se odnose na izve\u0161tavanje istine, odnosno la\u017enih vesti, kako tvrdi podnosilac \u017ealbe.<\/p>\n<\/div>\n<div class=\"x14z9mp xat24cr x1lziwak x1vvkbs xtlvy1s x126k92a\">\n<p dir=\"auto\">S\u0160K nije usvojio (odbacio je) \u017ealbu Valona Krasnic\u0301ija protiv <strong><span class=\"html-span xdj266r x14z9mp xat24cr x1lziwak xexx8yu xyri2b x18d9i69 x1c1uobl x1hl2dhg x16tdsg8 x1vvkbs\" style=\"color: #0000ff;\"><a class=\"x1i10hfl xjbqb8w x1ejq31n x18oe1m7 x1sy0etr xstzfhl x972fbf x10w94by x1qhh985 x14e42zd x9f619 x1ypdohk xt0psk2 x3ct3a4 xdj266r x14z9mp xat24cr x1lziwak xexx8yu xyri2b x18d9i69 x1c1uobl x16tdsg8 x1hl2dhg xggy1nq x1a2a7pz xkrqix3 x1sur9pj x1fey0fg x1s688f\" style=\"color: #0000ff;\" tabindex=\"0\" role=\"link\" href=\"https:\/\/l.facebook.com\/l.php?u=https%3A%2F%2FSinjali.com%2F%3Ffbclid%3DIwZXh0bgNhZW0CMTAAYnJpZBExcW94MnB3QkUxQXh2UWRlN3NydGMGYXBwX2lkEDIyMjAzOTE3ODgyMDA4OTIAAR5zinrlcPCJ_swIj_sypZtce840sZHBX5fmjZYkVx-AnImWNMpSmyjCwj2aug_aem_CajqlWXW0N22nyUtd3g4JQ&amp;h=AT0eM139OZnfkNfKOwJCSDIB3nD-YHaiWb-TmLDvxMrTWMj5ldKycBiyZTb7Zm0hdV5deU9a40J59bPvDM6rIZM3TNOtQ-VjZgHSFWb1xfWeMZcj1GKdv-jFWsADDuM1q4zhp02ANyKedUzO-qpTNp48wmS0gQ&amp;__tn__=-UK-R&amp;c[0]=AT36b40nPxcpw0vi5rjnxT80g76wj8lQ3uGAF3xIxZ6o05mrhLbWtA5NhxzfQnnDrP6CXm2dPJgVr_qcugf6gLMg5SKQsnqSZ5zUK2pnEV1kSMsmfUkukaofF01f-FRJm88za4noJmQse_go3oFvqfZEyvb0ah__Tg2urgTGS3C5xAa8Qij_SFjbdb3djctBVhyhGamkvzOc1kCYsZ06UtL3\" target=\"_blank\" rel=\"nofollow noopener\">Sinjali.com<\/a><\/span><\/strong> zbog \u010dlanka pod nazivom \u201dEkskluzivno | Prevara u javnim nabavkama u Gnjilanu &#8211; sumnje na falsifikovana dokumenta i istekle ISO sertifikate (Ime)\u201c, utvrdiv\u0161i da nije prekr\u0161eno Poglavlje II Kodeksa \u0160tampu Kosova, koje se bavi izve\u0161tavanjem o istini, kako tvrdi podnosilac \u017ealbe.<\/p>\n<\/div>\n<div class=\"x14z9mp xat24cr x1lziwak x1vvkbs xtlvy1s x126k92a\">\n<p dir=\"auto\">S\u0160K nije usvojio (odbacio je) \u017ealbu Telekoma Kosova protiv Klankosova.tv zbog \u010dlanka pod nazivom \u201dSkandalozno! \u2013 Zaposlenima u Telekomu Kosova zabranjen pristup Klankosova.tv\u201c, utvrdiv\u0161i da poglavlja II i IV Kodeksa \u0160tampe Kosova, koja se bave izve\u0161tavanjem istine, odnosno pravom na odgovor, nisu prekr\u0161ena, kako tvrdi podnosilac \u017ealbe.<\/p>\n<\/div>\n<div class=\"x14z9mp xat24cr x1lziwak x1vvkbs xtlvy1s x126k92a\">\n<p dir=\"auto\">S\u0160K proglasio je neprihvatljivom \u017ealbu Ilira Ki\u010dmarija protiv <strong><span class=\"html-span xdj266r x14z9mp xat24cr x1lziwak xexx8yu xyri2b x18d9i69 x1c1uobl x1hl2dhg x16tdsg8 x1vvkbs\" style=\"color: #0000ff;\"><a class=\"x1i10hfl xjbqb8w x1ejq31n x18oe1m7 x1sy0etr xstzfhl x972fbf x10w94by x1qhh985 x14e42zd x9f619 x1ypdohk xt0psk2 x3ct3a4 xdj266r x14z9mp xat24cr x1lziwak xexx8yu xyri2b x18d9i69 x1c1uobl x16tdsg8 x1hl2dhg xggy1nq x1a2a7pz xkrqix3 x1sur9pj x1fey0fg x1s688f\" style=\"color: #0000ff;\" tabindex=\"0\" role=\"link\" href=\"https:\/\/l.facebook.com\/l.php?u=http%3A%2F%2FGazetademos.com%2F%3Ffbclid%3DIwZXh0bgNhZW0CMTAAYnJpZBExcW94MnB3QkUxQXh2UWRlN3NydGMGYXBwX2lkEDIyMjAzOTE3ODgyMDA4OTIAAR7auFEnU9bcfb_Zihb5Ro8L4J0T2CQuHz-oTawTV8wf389jPHfO1Uc9HuKvVA_aem_u0C_J2to0GfxbiIM7mMP0w&amp;h=AT2_dULzc2LfFBnZa9xLjECv5xvqoemvtuhYKw8EsT1yU9EOtMcffVIx64zBNEV7ybC5lOjH6odfzEd-8Cg_0yWcu0CuMWYSqmBz_g1v5PWRaZ2x845_AxJzovppAwMpJ9jb8Tt8IW1qC7a9O2c_jkVgrxVm5g&amp;__tn__=-UK-R&amp;c[0]=AT36b40nPxcpw0vi5rjnxT80g76wj8lQ3uGAF3xIxZ6o05mrhLbWtA5NhxzfQnnDrP6CXm2dPJgVr_qcugf6gLMg5SKQsnqSZ5zUK2pnEV1kSMsmfUkukaofF01f-FRJm88za4noJmQse_go3oFvqfZEyvb0ah__Tg2urgTGS3C5xAa8Qij_SFjbdb3djctBVhyhGamkvzOc1kCYsZ06UtL3\" target=\"_blank\" rel=\"nofollow noopener\">Gazetademos.com<\/a><\/span><\/strong> zbog videa objavljenog na dru\u0161tvenoj mre\u017ei Fejsbuk, utvrdiv\u0161i da video nije prona\u0111en na odgovarajuc\u0301em profilu medija na dru\u0161tvenoj mre\u017ei i, shodno tome, nije obra\u0111en.<\/p>\n<\/div>\n<div class=\"x14z9mp xat24cr x1lziwak x1vvkbs xtlvy1s x126k92a\">\n<div dir=\"auto\">S\u0160K je proglasio neprihvatljivom \u017ealbu Bastrija Ademija protiv <strong><span class=\"html-span xdj266r x14z9mp xat24cr x1lziwak xexx8yu xyri2b x18d9i69 x1c1uobl x1hl2dhg x16tdsg8 x1vvkbs\" style=\"color: #0000ff;\"><a class=\"x1i10hfl xjbqb8w x1ejq31n x18oe1m7 x1sy0etr xstzfhl x972fbf x10w94by x1qhh985 x14e42zd x9f619 x1ypdohk xt0psk2 x3ct3a4 xdj266r x14z9mp xat24cr x1lziwak xexx8yu xyri2b x18d9i69 x1c1uobl x16tdsg8 x1hl2dhg xggy1nq x1a2a7pz xkrqix3 x1sur9pj x1fey0fg x1s688f\" style=\"color: #0000ff;\" tabindex=\"0\" role=\"link\" href=\"https:\/\/l.facebook.com\/l.php?u=http%3A%2F%2FIndeksonline.net%2F%3Ffbclid%3DIwZXh0bgNhZW0CMTAAYnJpZBExcW94MnB3QkUxQXh2UWRlN3NydGMGYXBwX2lkEDIyMjAzOTE3ODgyMDA4OTIAAR5rM2g-LZVn2C-hjU5lSTkrovLxqfydMR8CtJn0OXAGGYR_BtZz4lSnIzzVRg_aem_0E7-2J8giVApTU38mWDbKQ&amp;h=AT0dF02Z2NYoU1sOpG0lFumwiwfYGs2DIId63PUqsPndJV6cPgKGMadss05j2o4PGEyYIvm0CaS1KqTPBDM3f-9IfJQSpU6MXNOd2I1lgAqis_Sr_T3IwLu3GgroafydLcc2FKzPGOZZpI2decYpI9JAgy6biw&amp;__tn__=-UK-R&amp;c[0]=AT36b40nPxcpw0vi5rjnxT80g76wj8lQ3uGAF3xIxZ6o05mrhLbWtA5NhxzfQnnDrP6CXm2dPJgVr_qcugf6gLMg5SKQsnqSZ5zUK2pnEV1kSMsmfUkukaofF01f-FRJm88za4noJmQse_go3oFvqfZEyvb0ah__Tg2urgTGS3C5xAa8Qij_SFjbdb3djctBVhyhGamkvzOc1kCYsZ06UtL3\" target=\"_blank\" rel=\"nofollow noopener\">Indeksonline.net<\/a> <\/span><\/strong>zbog \u010dlanka pod nazivom \u201c\u017dalba dva operatera je odbijena od strane TRJN-a, nakon \u0161to su podneli falsifikovani dokument\u201c, utvrdiv\u0161i da \u010dlanak nije prona\u0111en u relevantnim medijima i, shodno tome, nije obra\u0111en.<\/div>\n<\/div>\n<div class=\"x14z9mp xat24cr x1lziwak x1vvkbs xtlvy1s x126k92a\">\n<div dir=\"auto\">S\u0160K je proglasio neprihvatljivom \u017ealbu Aurore Mulhad\u017ee protiv <span style=\"color: #0000ff;\"><strong><span class=\"html-span xdj266r x14z9mp xat24cr x1lziwak xexx8yu xyri2b x18d9i69 x1c1uobl x1hl2dhg x16tdsg8 x1vvkbs\"><a class=\"x1i10hfl xjbqb8w x1ejq31n x18oe1m7 x1sy0etr xstzfhl x972fbf x10w94by x1qhh985 x14e42zd x9f619 x1ypdohk xt0psk2 x3ct3a4 xdj266r x14z9mp xat24cr x1lziwak xexx8yu xyri2b x18d9i69 x1c1uobl x16tdsg8 x1hl2dhg xggy1nq x1a2a7pz xkrqix3 x1sur9pj x1fey0fg x1s688f\" style=\"color: #0000ff;\" tabindex=\"0\" role=\"link\" href=\"https:\/\/l.facebook.com\/l.php?u=https%3A%2F%2FSinjali.com%2F%3Ffbclid%3DIwZXh0bgNhZW0CMTAAYnJpZBExcW94MnB3QkUxQXh2UWRlN3NydGMGYXBwX2lkEDIyMjAzOTE3ODgyMDA4OTIAAR7auFEnU9bcfb_Zihb5Ro8L4J0T2CQuHz-oTawTV8wf389jPHfO1Uc9HuKvVA_aem_u0C_J2to0GfxbiIM7mMP0w&amp;h=AT0eM139OZnfkNfKOwJCSDIB3nD-YHaiWb-TmLDvxMrTWMj5ldKycBiyZTb7Zm0hdV5deU9a40J59bPvDM6rIZM3TNOtQ-VjZgHSFWb1xfWeMZcj1GKdv-jFWsADDuM1q4zhp02ANyKedUzO-qpTNp48wmS0gQ&amp;__tn__=-UK-R&amp;c[0]=AT36b40nPxcpw0vi5rjnxT80g76wj8lQ3uGAF3xIxZ6o05mrhLbWtA5NhxzfQnnDrP6CXm2dPJgVr_qcugf6gLMg5SKQsnqSZ5zUK2pnEV1kSMsmfUkukaofF01f-FRJm88za4noJmQse_go3oFvqfZEyvb0ah__Tg2urgTGS3C5xAa8Qij_SFjbdb3djctBVhyhGamkvzOc1kCYsZ06UtL3\" target=\"_blank\" rel=\"nofollow noopener\">Sinjali.com<\/a><\/span><\/strong><\/span> i Ballkani.info zbog \u010detiri \u010dlanka objavljena tokom 2020. godine, utvrdiv\u0161i da nema nadle\u017enost da zahteva od medija da uklone \u010dlanke, ali je preporu\u010dila da se stranka obrati Agenciji za Informacije i Privatnost (AIP), odnosno nadle\u017enom sudu.<\/div>\n<\/div>\n<div class=\"x14z9mp xat24cr x1lziwak x1vvkbs xtlvy1s x126k92a\">\n<div dir=\"auto\">Savet \u0160tampe je prihvatio onlajn medij Klankosova.tv kao 49. medij koji je deo ovog samoregulatornog tela.<\/div>\n<\/div>\n","protected":false},"excerpt":{"rendered":"<p>Savet \u0160tampe Kosova (S\u0160K) u redovnom sastanku razmotrio je ukupno 10 \u017ealbi. Skup\u0161tina S\u0160K-a odlu\u010dila da jedna od njih bude usvojena, dve da se usvoje delimi\u010dno, \u010detiri da se ne usvoje, dok su tri progla\u0161ene neprihvatljive. \u017dalbe su se ticale navodnih kr\u0161enja odre\u0111enih poglavlja Kodeksa za \u0161tampane medije Kosova, kao \u0161to su Poglavlje II \u2013 [&hellip;]<\/p>\n","protected":false},"author":2,"featured_media":17649,"comment_status":"open","ping_status":"open","sticky":false,"template":"","format":"standard","meta":{"footnotes":""},"categories":[135],"tags":[],"class_list":["post-17657","post","type-post","status-publish","format-standard","has-post-thumbnail","hentry","category-vesti"],"acf":[],"yoast_head":"<!-- This site is optimized with the Yoast SEO plugin v28.4 - https:\/\/yoast.com\/product\/yoast-seo-wordpress\/ -->\n<title>Savet \u0160tampe doneo odluke o 10 \u017ealbi - K\u00ebshilli i Mediave t\u00eb Shkruara t\u00eb Kosov\u00ebs | P\u00ebr nj\u00eb gazetari etike dhe profesionale<\/title>\n<meta name=\"robots\" content=\"index, follow, max-snippet:-1, max-image-preview:large, max-video-preview:-1\" \/>\n<link rel=\"canonical\" href=\"http:\/\/presscouncil-ks.org\/?p=17657&lang=sr\" \/>\n<meta property=\"og:locale\" content=\"en_US\" \/>\n<meta property=\"og:type\" content=\"article\" \/>\n<meta property=\"og:title\" content=\"Savet \u0160tampe doneo odluke o 10 \u017ealbi - K\u00ebshilli i Mediave t\u00eb Shkruara t\u00eb Kosov\u00ebs | P\u00ebr nj\u00eb gazetari etike dhe profesionale\" \/>\n<meta property=\"og:description\" content=\"Savet \u0160tampe Kosova (S\u0160K) u redovnom sastanku razmotrio je ukupno 10 \u017ealbi. Skup\u0161tina S\u0160K-a odlu\u010dila da jedna od njih bude usvojena, dve da se usvoje delimi\u010dno, \u010detiri da se ne usvoje, dok su tri progla\u0161ene neprihvatljive. \u017dalbe su se ticale navodnih kr\u0161enja odre\u0111enih poglavlja Kodeksa za \u0161tampane medije Kosova, kao \u0161to su Poglavlje II \u2013 [&hellip;]\" \/>\n<meta property=\"og:url\" content=\"http:\/\/presscouncil-ks.org\/?p=17657&amp;lang=sr\" \/>\n<meta property=\"og:site_name\" content=\"K\u00ebshilli i Mediave t\u00eb Shkruara t\u00eb Kosov\u00ebs | P\u00ebr nj\u00eb gazetari etike dhe profesionale\" \/>\n<meta property=\"article:publisher\" content=\"https:\/\/www.facebook.com\/KMSHKosove\" \/>\n<meta property=\"article:published_time\" content=\"2025-12-17T10:59:07+00:00\" \/>\n<meta property=\"article:modified_time\" content=\"2025-12-17T12:05:40+00:00\" \/>\n<meta property=\"og:image\" content=\"http:\/\/presscouncil-ks.org\/wp-content\/uploads\/2025\/12\/kmshk-17_12_2025.jpg\" \/>\n\t<meta property=\"og:image:width\" content=\"1027\" \/>\n\t<meta property=\"og:image:height\" content=\"681\" \/>\n\t<meta property=\"og:image:type\" content=\"image\/jpeg\" \/>\n<meta name=\"author\" content=\"Editor\" \/>\n<meta name=\"twitter:card\" content=\"summary_large_image\" \/>\n<meta name=\"twitter:label1\" content=\"Written by\" \/>\n\t<meta name=\"twitter:data1\" content=\"Editor\" \/>\n\t<meta name=\"twitter:label2\" content=\"Est. reading time\" \/>\n\t<meta name=\"twitter:data2\" content=\"4 minutes\" \/>\n<script type=\"application\/ld+json\" class=\"yoast-schema-graph\">{\"@context\":\"https:\\\/\\\/schema.org\",\"@graph\":[{\"@type\":\"Article\",\"@id\":\"http:\\\/\\\/presscouncil-ks.org\\\/?p=17657&lang=sr#article\",\"isPartOf\":{\"@id\":\"http:\\\/\\\/presscouncil-ks.org\\\/?p=17657&lang=sr\"},\"author\":{\"name\":\"Editor\",\"@id\":\"http:\\\/\\\/presscouncil-ks.org\\\/#\\\/schema\\\/person\\\/b79d30c61264caeb733239c16cc4d673\"},\"headline\":\"Savet \u0160tampe doneo odluke o 10 \u017ealbi\",\"datePublished\":\"2025-12-17T10:59:07+00:00\",\"dateModified\":\"2025-12-17T12:05:40+00:00\",\"mainEntityOfPage\":{\"@id\":\"http:\\\/\\\/presscouncil-ks.org\\\/?p=17657&lang=sr\"},\"wordCount\":760,\"commentCount\":0,\"publisher\":{\"@id\":\"http:\\\/\\\/presscouncil-ks.org\\\/#organization\"},\"image\":{\"@id\":\"http:\\\/\\\/presscouncil-ks.org\\\/?p=17657&lang=sr#primaryimage\"},\"thumbnailUrl\":\"http:\\\/\\\/presscouncil-ks.org\\\/wp-content\\\/uploads\\\/2025\\\/12\\\/kmshk-17_12_2025.jpg\",\"articleSection\":[\"Vesti\"],\"inLanguage\":\"en-US\",\"potentialAction\":[{\"@type\":\"CommentAction\",\"name\":\"Comment\",\"target\":[\"http:\\\/\\\/presscouncil-ks.org\\\/?p=17657&lang=sr#respond\"]}]},{\"@type\":\"WebPage\",\"@id\":\"http:\\\/\\\/presscouncil-ks.org\\\/?p=17657&lang=sr\",\"url\":\"http:\\\/\\\/presscouncil-ks.org\\\/?p=17657&lang=sr\",\"name\":\"Savet \u0160tampe doneo odluke o 10 \u017ealbi - K\u00ebshilli i Mediave t\u00eb Shkruara t\u00eb Kosov\u00ebs | P\u00ebr nj\u00eb gazetari etike dhe profesionale\",\"isPartOf\":{\"@id\":\"http:\\\/\\\/presscouncil-ks.org\\\/#website\"},\"primaryImageOfPage\":{\"@id\":\"http:\\\/\\\/presscouncil-ks.org\\\/?p=17657&lang=sr#primaryimage\"},\"image\":{\"@id\":\"http:\\\/\\\/presscouncil-ks.org\\\/?p=17657&lang=sr#primaryimage\"},\"thumbnailUrl\":\"http:\\\/\\\/presscouncil-ks.org\\\/wp-content\\\/uploads\\\/2025\\\/12\\\/kmshk-17_12_2025.jpg\",\"datePublished\":\"2025-12-17T10:59:07+00:00\",\"dateModified\":\"2025-12-17T12:05:40+00:00\",\"breadcrumb\":{\"@id\":\"http:\\\/\\\/presscouncil-ks.org\\\/?p=17657&lang=sr#breadcrumb\"},\"inLanguage\":\"en-US\",\"potentialAction\":[{\"@type\":\"ReadAction\",\"target\":[\"http:\\\/\\\/presscouncil-ks.org\\\/?p=17657&lang=sr\"]}]},{\"@type\":\"ImageObject\",\"inLanguage\":\"en-US\",\"@id\":\"http:\\\/\\\/presscouncil-ks.org\\\/?p=17657&lang=sr#primaryimage\",\"url\":\"http:\\\/\\\/presscouncil-ks.org\\\/wp-content\\\/uploads\\\/2025\\\/12\\\/kmshk-17_12_2025.jpg\",\"contentUrl\":\"http:\\\/\\\/presscouncil-ks.org\\\/wp-content\\\/uploads\\\/2025\\\/12\\\/kmshk-17_12_2025.jpg\",\"width\":1027,\"height\":681},{\"@type\":\"BreadcrumbList\",\"@id\":\"http:\\\/\\\/presscouncil-ks.org\\\/?p=17657&lang=sr#breadcrumb\",\"itemListElement\":[{\"@type\":\"ListItem\",\"position\":1,\"name\":\"Home\",\"item\":\"https:\\\/\\\/presscouncil-ks.org\\\/\"},{\"@type\":\"ListItem\",\"position\":2,\"name\":\"Savet \u0160tampe doneo odluke o 10 \u017ealbi\"}]},{\"@type\":\"WebSite\",\"@id\":\"http:\\\/\\\/presscouncil-ks.org\\\/#website\",\"url\":\"http:\\\/\\\/presscouncil-ks.org\\\/\",\"name\":\"https:\\\/\\\/presscouncil-ks.org\\\/\",\"description\":\"\",\"publisher\":{\"@id\":\"http:\\\/\\\/presscouncil-ks.org\\\/#organization\"},\"potentialAction\":[{\"@type\":\"SearchAction\",\"target\":{\"@type\":\"EntryPoint\",\"urlTemplate\":\"http:\\\/\\\/presscouncil-ks.org\\\/?s={search_term_string}\"},\"query-input\":{\"@type\":\"PropertyValueSpecification\",\"valueRequired\":true,\"valueName\":\"search_term_string\"}}],\"inLanguage\":\"en-US\"},{\"@type\":\"Organization\",\"@id\":\"http:\\\/\\\/presscouncil-ks.org\\\/#organization\",\"name\":\"K\u00ebshilli i Mediave t\u00eb Shkruara t\u00eb Kosov\u00ebs\",\"url\":\"http:\\\/\\\/presscouncil-ks.org\\\/\",\"logo\":{\"@type\":\"ImageObject\",\"inLanguage\":\"en-US\",\"@id\":\"http:\\\/\\\/presscouncil-ks.org\\\/#\\\/schema\\\/logo\\\/image\\\/\",\"url\":\"http:\\\/\\\/presscouncil-ks.org\\\/wp-content\\\/uploads\\\/2023\\\/06\\\/cropped-logo.png\",\"contentUrl\":\"http:\\\/\\\/presscouncil-ks.org\\\/wp-content\\\/uploads\\\/2023\\\/06\\\/cropped-logo.png\",\"width\":268,\"height\":166,\"caption\":\"K\u00ebshilli i Mediave t\u00eb Shkruara t\u00eb Kosov\u00ebs\"},\"image\":{\"@id\":\"http:\\\/\\\/presscouncil-ks.org\\\/#\\\/schema\\\/logo\\\/image\\\/\"},\"sameAs\":[\"https:\\\/\\\/www.facebook.com\\\/KMSHKosove\"]},{\"@type\":\"Person\",\"@id\":\"http:\\\/\\\/presscouncil-ks.org\\\/#\\\/schema\\\/person\\\/b79d30c61264caeb733239c16cc4d673\",\"name\":\"Editor\",\"image\":{\"@type\":\"ImageObject\",\"inLanguage\":\"en-US\",\"@id\":\"https:\\\/\\\/secure.gravatar.com\\\/avatar\\\/9534865f39e7b3527010ee17196a76d054b16d731a6a5bfe2f92a071c6e9bf4e?s=96&d=mm&r=g\",\"url\":\"https:\\\/\\\/secure.gravatar.com\\\/avatar\\\/9534865f39e7b3527010ee17196a76d054b16d731a6a5bfe2f92a071c6e9bf4e?s=96&d=mm&r=g\",\"contentUrl\":\"https:\\\/\\\/secure.gravatar.com\\\/avatar\\\/9534865f39e7b3527010ee17196a76d054b16d731a6a5bfe2f92a071c6e9bf4e?s=96&d=mm&r=g\",\"caption\":\"Editor\"},\"url\":\"http:\\\/\\\/presscouncil-ks.org\\\/?author=2\"}]}<\/script>\n<!-- \/ Yoast SEO plugin. -->","yoast_head_json":{"title":"Savet \u0160tampe doneo odluke o 10 \u017ealbi - K\u00ebshilli i Mediave t\u00eb Shkruara t\u00eb Kosov\u00ebs | P\u00ebr nj\u00eb gazetari etike dhe profesionale","robots":{"index":"index","follow":"follow","max-snippet":"max-snippet:-1","max-image-preview":"max-image-preview:large","max-video-preview":"max-video-preview:-1"},"canonical":"http:\/\/presscouncil-ks.org\/?p=17657&lang=sr","og_locale":"en_US","og_type":"article","og_title":"Savet \u0160tampe doneo odluke o 10 \u017ealbi - K\u00ebshilli i Mediave t\u00eb Shkruara t\u00eb Kosov\u00ebs | P\u00ebr nj\u00eb gazetari etike dhe profesionale","og_description":"Savet \u0160tampe Kosova (S\u0160K) u redovnom sastanku razmotrio je ukupno 10 \u017ealbi. Skup\u0161tina S\u0160K-a odlu\u010dila da jedna od njih bude usvojena, dve da se usvoje delimi\u010dno, \u010detiri da se ne usvoje, dok su tri progla\u0161ene neprihvatljive. \u017dalbe su se ticale navodnih kr\u0161enja odre\u0111enih poglavlja Kodeksa za \u0161tampane medije Kosova, kao \u0161to su Poglavlje II \u2013 [&hellip;]","og_url":"http:\/\/presscouncil-ks.org\/?p=17657&lang=sr","og_site_name":"K\u00ebshilli i Mediave t\u00eb Shkruara t\u00eb Kosov\u00ebs | P\u00ebr nj\u00eb gazetari etike dhe profesionale","article_publisher":"https:\/\/www.facebook.com\/KMSHKosove","article_published_time":"2025-12-17T10:59:07+00:00","article_modified_time":"2025-12-17T12:05:40+00:00","og_image":[{"width":1027,"height":681,"url":"http:\/\/presscouncil-ks.org\/wp-content\/uploads\/2025\/12\/kmshk-17_12_2025.jpg","type":"image\/jpeg"}],"author":"Editor","twitter_card":"summary_large_image","twitter_misc":{"Written by":"Editor","Est. reading time":"4 minutes"},"schema":{"@context":"https:\/\/schema.org","@graph":[{"@type":"Article","@id":"http:\/\/presscouncil-ks.org\/?p=17657&lang=sr#article","isPartOf":{"@id":"http:\/\/presscouncil-ks.org\/?p=17657&lang=sr"},"author":{"name":"Editor","@id":"http:\/\/presscouncil-ks.org\/#\/schema\/person\/b79d30c61264caeb733239c16cc4d673"},"headline":"Savet \u0160tampe doneo odluke o 10 \u017ealbi","datePublished":"2025-12-17T10:59:07+00:00","dateModified":"2025-12-17T12:05:40+00:00","mainEntityOfPage":{"@id":"http:\/\/presscouncil-ks.org\/?p=17657&lang=sr"},"wordCount":760,"commentCount":0,"publisher":{"@id":"http:\/\/presscouncil-ks.org\/#organization"},"image":{"@id":"http:\/\/presscouncil-ks.org\/?p=17657&lang=sr#primaryimage"},"thumbnailUrl":"http:\/\/presscouncil-ks.org\/wp-content\/uploads\/2025\/12\/kmshk-17_12_2025.jpg","articleSection":["Vesti"],"inLanguage":"en-US","potentialAction":[{"@type":"CommentAction","name":"Comment","target":["http:\/\/presscouncil-ks.org\/?p=17657&lang=sr#respond"]}]},{"@type":"WebPage","@id":"http:\/\/presscouncil-ks.org\/?p=17657&lang=sr","url":"http:\/\/presscouncil-ks.org\/?p=17657&lang=sr","name":"Savet \u0160tampe doneo odluke o 10 \u017ealbi - K\u00ebshilli i Mediave t\u00eb Shkruara t\u00eb Kosov\u00ebs | P\u00ebr nj\u00eb gazetari etike dhe profesionale","isPartOf":{"@id":"http:\/\/presscouncil-ks.org\/#website"},"primaryImageOfPage":{"@id":"http:\/\/presscouncil-ks.org\/?p=17657&lang=sr#primaryimage"},"image":{"@id":"http:\/\/presscouncil-ks.org\/?p=17657&lang=sr#primaryimage"},"thumbnailUrl":"http:\/\/presscouncil-ks.org\/wp-content\/uploads\/2025\/12\/kmshk-17_12_2025.jpg","datePublished":"2025-12-17T10:59:07+00:00","dateModified":"2025-12-17T12:05:40+00:00","breadcrumb":{"@id":"http:\/\/presscouncil-ks.org\/?p=17657&lang=sr#breadcrumb"},"inLanguage":"en-US","potentialAction":[{"@type":"ReadAction","target":["http:\/\/presscouncil-ks.org\/?p=17657&lang=sr"]}]},{"@type":"ImageObject","inLanguage":"en-US","@id":"http:\/\/presscouncil-ks.org\/?p=17657&lang=sr#primaryimage","url":"http:\/\/presscouncil-ks.org\/wp-content\/uploads\/2025\/12\/kmshk-17_12_2025.jpg","contentUrl":"http:\/\/presscouncil-ks.org\/wp-content\/uploads\/2025\/12\/kmshk-17_12_2025.jpg","width":1027,"height":681},{"@type":"BreadcrumbList","@id":"http:\/\/presscouncil-ks.org\/?p=17657&lang=sr#breadcrumb","itemListElement":[{"@type":"ListItem","position":1,"name":"Home","item":"https:\/\/presscouncil-ks.org\/"},{"@type":"ListItem","position":2,"name":"Savet \u0160tampe doneo odluke o 10 \u017ealbi"}]},{"@type":"WebSite","@id":"http:\/\/presscouncil-ks.org\/#website","url":"http:\/\/presscouncil-ks.org\/","name":"https:\/\/presscouncil-ks.org\/","description":"","publisher":{"@id":"http:\/\/presscouncil-ks.org\/#organization"},"potentialAction":[{"@type":"SearchAction","target":{"@type":"EntryPoint","urlTemplate":"http:\/\/presscouncil-ks.org\/?s={search_term_string}"},"query-input":{"@type":"PropertyValueSpecification","valueRequired":true,"valueName":"search_term_string"}}],"inLanguage":"en-US"},{"@type":"Organization","@id":"http:\/\/presscouncil-ks.org\/#organization","name":"K\u00ebshilli i Mediave t\u00eb Shkruara t\u00eb Kosov\u00ebs","url":"http:\/\/presscouncil-ks.org\/","logo":{"@type":"ImageObject","inLanguage":"en-US","@id":"http:\/\/presscouncil-ks.org\/#\/schema\/logo\/image\/","url":"http:\/\/presscouncil-ks.org\/wp-content\/uploads\/2023\/06\/cropped-logo.png","contentUrl":"http:\/\/presscouncil-ks.org\/wp-content\/uploads\/2023\/06\/cropped-logo.png","width":268,"height":166,"caption":"K\u00ebshilli i Mediave t\u00eb Shkruara t\u00eb Kosov\u00ebs"},"image":{"@id":"http:\/\/presscouncil-ks.org\/#\/schema\/logo\/image\/"},"sameAs":["https:\/\/www.facebook.com\/KMSHKosove"]},{"@type":"Person","@id":"http:\/\/presscouncil-ks.org\/#\/schema\/person\/b79d30c61264caeb733239c16cc4d673","name":"Editor","image":{"@type":"ImageObject","inLanguage":"en-US","@id":"https:\/\/secure.gravatar.com\/avatar\/9534865f39e7b3527010ee17196a76d054b16d731a6a5bfe2f92a071c6e9bf4e?s=96&d=mm&r=g","url":"https:\/\/secure.gravatar.com\/avatar\/9534865f39e7b3527010ee17196a76d054b16d731a6a5bfe2f92a071c6e9bf4e?s=96&d=mm&r=g","contentUrl":"https:\/\/secure.gravatar.com\/avatar\/9534865f39e7b3527010ee17196a76d054b16d731a6a5bfe2f92a071c6e9bf4e?s=96&d=mm&r=g","caption":"Editor"},"url":"http:\/\/presscouncil-ks.org\/?author=2"}]}},"_links":{"self":[{"href":"http:\/\/presscouncil-ks.org\/index.php?rest_route=\/wp\/v2\/posts\/17657","targetHints":{"allow":["GET"]}}],"collection":[{"href":"http:\/\/presscouncil-ks.org\/index.php?rest_route=\/wp\/v2\/posts"}],"about":[{"href":"http:\/\/presscouncil-ks.org\/index.php?rest_route=\/wp\/v2\/types\/post"}],"author":[{"embeddable":true,"href":"http:\/\/presscouncil-ks.org\/index.php?rest_route=\/wp\/v2\/users\/2"}],"replies":[{"embeddable":true,"href":"http:\/\/presscouncil-ks.org\/index.php?rest_route=%2Fwp%2Fv2%2Fcomments&post=17657"}],"version-history":[{"count":1,"href":"http:\/\/presscouncil-ks.org\/index.php?rest_route=\/wp\/v2\/posts\/17657\/revisions"}],"predecessor-version":[{"id":17658,"href":"http:\/\/presscouncil-ks.org\/index.php?rest_route=\/wp\/v2\/posts\/17657\/revisions\/17658"}],"wp:featuredmedia":[{"embeddable":true,"href":"http:\/\/presscouncil-ks.org\/index.php?rest_route=\/wp\/v2\/media\/17649"}],"wp:attachment":[{"href":"http:\/\/presscouncil-ks.org\/index.php?rest_route=%2Fwp%2Fv2%2Fmedia&parent=17657"}],"wp:term":[{"taxonomy":"category","embeddable":true,"href":"http:\/\/presscouncil-ks.org\/index.php?rest_route=%2Fwp%2Fv2%2Fcategories&post=17657"},{"taxonomy":"post_tag","embeddable":true,"href":"http:\/\/presscouncil-ks.org\/index.php?rest_route=%2Fwp%2Fv2%2Ftags&post=17657"}],"curies":[{"name":"wp","href":"https:\/\/api.w.org\/{rel}","templated":true}]}}