{"id":17648,"date":"2025-12-17T11:48:45","date_gmt":"2025-12-17T11:48:45","guid":{"rendered":"https:\/\/presscouncil-ks.org\/?p=17648"},"modified":"2025-12-17T11:55:42","modified_gmt":"2025-12-17T11:55:42","slug":"kuvendi-i-kmshk-se-mori-vendime-per-10-ankesa","status":"publish","type":"post","link":"http:\/\/presscouncil-ks.org\/?p=17648","title":{"rendered":"Kuvendi i KMSHK-s\u00eb mori vendime p\u00ebr 10 ankesa"},"content":{"rendered":"<div class=\"x14z9mp xat24cr x1lziwak x1vvkbs xtlvy1s x126k92a\">\n<div dir=\"auto\"><strong>K\u00ebshilli i Mediave t\u00eb Shkruara t\u00eb Kosov\u00ebs (KMShK) n\u00eb mbledhjen e rregullt ka shqyrtuar gjithsej 10 ankesa. An\u00ebtar\u00ebt e Kuvendit t\u00eb KMShK-s\u00eb kan\u00eb vendosur q\u00eb t\u00eb miratohet nj\u00eb nga to, dy t\u00eb miratohen pjes\u00ebrisht, kat\u00ebr t\u00eb refuzohen dhe tri t\u00eb shpallen t\u00eb patrajtueshme.<\/strong><\/div>\n<\/div>\n<p style=\"padding-left: 40px;\">\n<div class=\"x14z9mp xat24cr x1lziwak x1vvkbs xtlvy1s x126k92a\">\n<p dir=\"auto\">Ankesat kishin t\u00eb b\u00ebnin me pretendimet p\u00ebr shkeljen e kapitujve t\u00eb caktuar t\u00eb Kodit t\u00eb Mediave t\u00eb Shkruara t\u00eb Kosov\u00ebs, p\u00ebrkat\u00ebsisht Kapitullit II &#8211; Raportimi i s\u00eb v\u00ebrtet\u00ebs, Kapitullit IV &#8211; E drejta p\u00ebr t\u2019u p\u00ebrgjigjur dhe Kapitullit VII &#8211; Privat\u00ebsia dhe mbrojtja e burimeve.<\/p>\n<\/div>\n<div class=\"x14z9mp xat24cr x1lziwak x1vvkbs xtlvy1s x126k92a\">\n<div dir=\"auto\"><\/div>\n<p dir=\"auto\">KMShK ka miratuar ankes\u00ebn e Uk\u00eb Zenunit kund\u00ebr <span style=\"color: #0000ff;\"><strong><span class=\"html-span xdj266r x14z9mp xat24cr x1lziwak xexx8yu xyri2b x18d9i69 x1c1uobl x1hl2dhg x16tdsg8 x1vvkbs\"><a class=\"x1i10hfl xjbqb8w x1ejq31n x18oe1m7 x1sy0etr xstzfhl x972fbf x10w94by x1qhh985 x14e42zd x9f619 x1ypdohk xt0psk2 x3ct3a4 xdj266r x14z9mp xat24cr x1lziwak xexx8yu xyri2b x18d9i69 x1c1uobl x16tdsg8 x1hl2dhg xggy1nq x1a2a7pz xkrqix3 x1sur9pj x1fey0fg x1s688f\" style=\"color: #0000ff;\" tabindex=\"0\" role=\"link\" href=\"https:\/\/l.facebook.com\/l.php?u=http%3A%2F%2FUlpianapress.net%2F%3Ffbclid%3DIwZXh0bgNhZW0CMTAAYnJpZBExcW94MnB3QkUxQXh2UWRlN3NydGMGYXBwX2lkEDIyMjAzOTE3ODgyMDA4OTIAAR5zinrlcPCJ_swIj_sypZtce840sZHBX5fmjZYkVx-AnImWNMpSmyjCwj2aug_aem_CajqlWXW0N22nyUtd3g4JQ&amp;h=AT0z831N84kIpibBed9CcIKOOgCBoqQkugyetxxNbmGXFGadpCJ2gt4Dc9-eh4gJfw3SwdLe9C7eVMNeP6L5ZR8i5dX6tH0QNIl5QXVB5LH1GUfbBE66qn_SBltT6PXo-rs-UStIFZomqdQKq0DBmY8bice0ZA&amp;__tn__=-UK-R&amp;c[0]=AT2QmGhkIz1Ew1BwnAAeeBrxzftKpa6Z7H53LIUZoHBaoW2imYrvH_6R7hkRJNfrAYZKPDOsEnViCN2duFK8W9qPYs8jO_gEGKME6OYgF7_W9NQwJ6xShP7xxeCHqJHpcXK9h-RQZAqFeNvjwpDw5D7MUZNrDQKhm6BHap4UyNkwXfz1pQiLc9R4KMHzkP11kK2Eqj2PkHtN_Cvz-uVdbaQP\" target=\"_blank\" rel=\"nofollow noopener\">Ulpianapress.net<\/a> <\/span><\/strong><\/span>p\u00ebr videot me tituj \u201cUji i Dob\u00ebrqanit sh\u00ebron 12 s\u00ebmundje\u201d, p\u00ebrkat\u00ebsisht \u201cNj\u00eb vajz\u00eb e verb\u00ebr ka rifituar shikimin pas q\u00ebndrimit te ky uj\u00eb\u201d, duke konstatuar se \u00ebsht\u00eb shkelur Kapitulli II i Kodit t\u00eb Mediave t\u00eb Shkruara t\u00eb Kosov\u00ebs, i cili ka t\u00eb b\u00ebj\u00eb me raportimin e s\u00eb v\u00ebrtet\u00ebs.<\/p>\n<\/div>\n<div class=\"x14z9mp xat24cr x1lziwak x1vvkbs xtlvy1s x126k92a\">\n<div dir=\"auto\"><\/div>\n<p dir=\"auto\">KMShK ka miratuar pjes\u00ebrisht ankes\u00ebn e Medi Premium Sh.P.K. p\u00ebrfaq\u00ebsuar nga Albert Halilaj kund\u00ebr <span style=\"color: #0000ff;\"><strong>Veriu.info<\/strong><\/span> p\u00ebr shkrimin me titull \u201c\u2019Aksham pazari\u2019 me mbind\u00ebrtime pa leje i qeverisjes s\u00eb Bedri Hamz\u00ebs n\u00eb dit\u00ebt e tranzicionit t\u00eb pushtetit te Faton Peci\u2019\u201d, duke konstatuar se \u00ebsht\u00eb shkelur Kapitulli IV, i cili ka t\u00eb b\u00ebj\u00eb me t\u00eb drejt\u00ebn p\u00ebr t\u2019u p\u00ebrgjigjur, por jo edhe kapitujt II dhe IIa t\u00eb Kodit t\u00eb Mediave t\u00eb Shkruara t\u00eb Kosov\u00ebs, t\u00eb cil\u00ebt kan\u00eb t\u00eb b\u00ebjn\u00eb me raportimin e s\u00eb v\u00ebrtet\u00ebs, p\u00ebrkat\u00ebsisht lajmet e rrejshme, ashtu si\u00e7 pretendon pala ankuese.<\/p>\n<\/div>\n<div class=\"x14z9mp xat24cr x1lziwak x1vvkbs xtlvy1s x126k92a\">\n<div dir=\"auto\"><\/div>\n<p dir=\"auto\">KMShK ka miratuar pjes\u00ebrisht ankes\u00ebn e Marigona Kastratit, p\u00ebrfaq\u00ebsuar nga avokati Taulant Ferizi kund\u00ebr KlanKosova.tv dhe<strong><span class=\"html-span xdj266r x14z9mp xat24cr x1lziwak xexx8yu xyri2b x18d9i69 x1c1uobl x1hl2dhg x16tdsg8 x1vvkbs\" style=\"color: #0000ff;\"> <a class=\"x1i10hfl xjbqb8w x1ejq31n x18oe1m7 x1sy0etr xstzfhl x972fbf x10w94by x1qhh985 x14e42zd x9f619 x1ypdohk xt0psk2 x3ct3a4 xdj266r x14z9mp xat24cr x1lziwak xexx8yu xyri2b x18d9i69 x1c1uobl x16tdsg8 x1hl2dhg xggy1nq x1a2a7pz xkrqix3 x1sur9pj x1fey0fg x1s688f\" style=\"color: #0000ff;\" tabindex=\"0\" role=\"link\" href=\"https:\/\/l.facebook.com\/l.php?u=http%3A%2F%2FDemokracia.com%2F%3Ffbclid%3DIwZXh0bgNhZW0CMTAAYnJpZBExcW94MnB3QkUxQXh2UWRlN3NydGMGYXBwX2lkEDIyMjAzOTE3ODgyMDA4OTIAAR7auFEnU9bcfb_Zihb5Ro8L4J0T2CQuHz-oTawTV8wf389jPHfO1Uc9HuKvVA_aem_u0C_J2to0GfxbiIM7mMP0w&amp;h=AT2sGJQogH15BMXwHMtVrQUSfpl57h8QGgNAaoCOkAL9NspTEFjhFA_MfBDalN9oZXpHjo1H1Wx2wcr7Ko8EfGGcAOhj-rslIpMFVh0pDSjZaW6L7egQlC3XNt1YDIWN87mO-xLjhDDRz3dIwQ4r9vsEgIVhUg&amp;__tn__=-UK-R&amp;c[0]=AT2QmGhkIz1Ew1BwnAAeeBrxzftKpa6Z7H53LIUZoHBaoW2imYrvH_6R7hkRJNfrAYZKPDOsEnViCN2duFK8W9qPYs8jO_gEGKME6OYgF7_W9NQwJ6xShP7xxeCHqJHpcXK9h-RQZAqFeNvjwpDw5D7MUZNrDQKhm6BHap4UyNkwXfz1pQiLc9R4KMHzkP11kK2Eqj2PkHtN_Cvz-uVdbaQP\" target=\"_blank\" rel=\"nofollow noopener\">Demokracia.com<\/a> <\/span><\/strong>p\u00ebr shkrimet me tituj \u201cE tmerrshme: 6-vje\u00e7ari nga Fush\u00eb Kosova akuzon m\u00ebsuesen p\u00ebr gjuh\u00eb ofenduese (Video)\u201d, \u201cKonflikt n\u00eb oborr t\u00eb shkoll\u00ebs, \u2018kapen\u2019 m\u00ebsuesja dhe n\u00ebna e 6-vje\u00e7arit n\u00eb Fush\u00eb Kosov\u00eb (Video)\u201d, \u201c6-vje\u00e7ari nga Fush\u00eb Kosova akuzon m\u00ebsuesen p\u00ebr gjuh\u00eb ofenduese\u201d, \u201cM\u00ebsuesja n\u00eb Fush\u00eb Kosov\u00eb mburret me lidhjet n\u00eb polici, prind\u00ebrit pretendojn\u00eb se ua bullizoi djalin (Video)\u201d, \u201cM\u00ebsuesja n\u00eb Fush\u00eb Kosov\u00eb k\u00ebrkon koh\u00eb p\u00ebr t\u2019iu p\u00ebrgjigjur akuzave p\u00ebr bulliz\u00ebm (Video)\u201d, \u201cMblidhen 30 n\u00ebna n\u00eb oborr t\u00eb shkoll\u00ebs, k\u00ebrc\u00ebnojn\u00eb gazetaren e KIKS-it (Video)\u201d, \u201c\u201cM\u00ebsuesja merret me llafe t\u00eb grave, nx\u00ebn\u00ebsit nuk din\u00eb shkrim-lexim\u201d (Video)\u201d, duke konstatuar se jan\u00eb shkelur kapitujt II dhe IV t\u00eb Kodit t\u00eb Mediave t\u00eb Shkruara t\u00eb Kosov\u00ebs t\u00eb cil\u00ebt kan\u00eb t\u00eb b\u00ebjn\u00eb me raportimin e s\u00eb v\u00ebrtet\u00ebs, p\u00ebrkat\u00ebsisht t\u00eb drejt\u00ebn p\u00ebr t\u2019u p\u00ebrgjigjur, por jo edhe Kapitulli VII, i cili ka t\u00eb b\u00ebj\u00eb me privat\u00ebsin\u00eb, ashtu si\u00e7 pretendon pala ankuese.<\/p>\n<\/div>\n<div class=\"x14z9mp xat24cr x1lziwak x1vvkbs xtlvy1s x126k92a\">\n<p dir=\"auto\">KMShK nuk e ka miratuar (e ka hedhur posht\u00eb) ankes\u00ebn e Ganimete Musliut kund\u00ebr <strong><span class=\"html-span xdj266r x14z9mp xat24cr x1lziwak xexx8yu xyri2b x18d9i69 x1c1uobl x1hl2dhg x16tdsg8 x1vvkbs\" style=\"color: #0000ff;\"><a class=\"x1i10hfl xjbqb8w x1ejq31n x18oe1m7 x1sy0etr xstzfhl x972fbf x10w94by x1qhh985 x14e42zd x9f619 x1ypdohk xt0psk2 x3ct3a4 xdj266r x14z9mp xat24cr x1lziwak xexx8yu xyri2b x18d9i69 x1c1uobl x16tdsg8 x1hl2dhg xggy1nq x1a2a7pz xkrqix3 x1sur9pj x1fey0fg x1s688f\" style=\"color: #0000ff;\" tabindex=\"0\" role=\"link\" href=\"https:\/\/l.facebook.com\/l.php?u=http%3A%2F%2FRajoni.org%2F%3Ffbclid%3DIwZXh0bgNhZW0CMTAAYnJpZBExcW94MnB3QkUxQXh2UWRlN3NydGMGYXBwX2lkEDIyMjAzOTE3ODgyMDA4OTIAAR5IFLsH5PL_vW8m20Ty-WqWBjSkT-4nSumEtmka7fO5NueGXy_pV4W5KcG_hA_aem_rik1KDVPDnOXF1BisoyByQ&amp;h=AT1VpmF3PgHfloYgWTvw2ooghqaZEfJ2LmBh7dO5OVJwkjpJeTwdZmoEnu2H1oshhJpPzpkEJwey7p3kk3rpDikDPPjAwJLJ8YoZLNw3bu4R1xCZQp5VJnwMZXHyND8VBaVXCOFPB1Wha5FfDuOTtj17vLV_nw&amp;__tn__=-UK-R&amp;c[0]=AT2QmGhkIz1Ew1BwnAAeeBrxzftKpa6Z7H53LIUZoHBaoW2imYrvH_6R7hkRJNfrAYZKPDOsEnViCN2duFK8W9qPYs8jO_gEGKME6OYgF7_W9NQwJ6xShP7xxeCHqJHpcXK9h-RQZAqFeNvjwpDw5D7MUZNrDQKhm6BHap4UyNkwXfz1pQiLc9R4KMHzkP11kK2Eqj2PkHtN_Cvz-uVdbaQP\" target=\"_blank\" rel=\"nofollow noopener\">Rajoni.org<\/a><\/span><\/strong> p\u00ebr shkrimin me titull \u201c\u2019Komuna e Sk\u00ebnderajt shp\u00ebrblen me tender biznesin e \u2018af\u00ebrt\u2019 me Ganimete Musliun dhe PDK\u2019n\u00eb\u2019\u201d, duke konstatuar se nuk \u00ebsht\u00eb shkelur Kapitulli II i Kodit t\u00eb Mediave t\u00eb Shkruara t\u00eb Kosov\u00ebs, i cili ka t\u00eb b\u00ebj\u00eb me raportimin e s\u00eb v\u00ebrtet\u00ebs, ashtu si\u00e7 pretendon pala ankuese.<\/p>\n<\/div>\n<div class=\"x14z9mp xat24cr x1lziwak x1vvkbs xtlvy1s x126k92a\">\n<div dir=\"auto\"><\/div>\n<div dir=\"auto\">KMShK e ka hedhur posht\u00eb ankes\u00ebn e KEDS, p\u00ebrfaq\u00ebsuar nga D\u00ebrguti Law Firm kund\u00ebr <strong><span class=\"html-span xdj266r x14z9mp xat24cr x1lziwak xexx8yu xyri2b x18d9i69 x1c1uobl x1hl2dhg x16tdsg8 x1vvkbs\" style=\"color: #0000ff;\"><a class=\"x1i10hfl xjbqb8w x1ejq31n x18oe1m7 x1sy0etr xstzfhl x972fbf x10w94by x1qhh985 x14e42zd x9f619 x1ypdohk xt0psk2 x3ct3a4 xdj266r x14z9mp xat24cr x1lziwak xexx8yu xyri2b x18d9i69 x1c1uobl x16tdsg8 x1hl2dhg xggy1nq x1a2a7pz xkrqix3 x1sur9pj x1fey0fg x1s688f\" style=\"color: #0000ff;\" tabindex=\"0\" role=\"link\" href=\"https:\/\/l.facebook.com\/l.php?u=http%3A%2F%2FBuletiniekonomik.com%2F%3Ffbclid%3DIwZXh0bgNhZW0CMTAAYnJpZBExcW94MnB3QkUxQXh2UWRlN3NydGMGYXBwX2lkEDIyMjAzOTE3ODgyMDA4OTIAAR7auFEnU9bcfb_Zihb5Ro8L4J0T2CQuHz-oTawTV8wf389jPHfO1Uc9HuKvVA_aem_u0C_J2to0GfxbiIM7mMP0w&amp;h=AT1VUhAfNqec7EiBUysv15x4-cHSKqv3wwTVtxmHYnU3DERzrfvMbqzTkc3sj-FouCnO9mKrf2NJ23nYwKJjRgbalmUlIrxfOPoFivi7XqFLM7TZXBn2MMgAF1vKg_2L84-yJ119biZ-CizdTwiiNwEvkaP4DQ&amp;__tn__=-UK-R&amp;c[0]=AT2QmGhkIz1Ew1BwnAAeeBrxzftKpa6Z7H53LIUZoHBaoW2imYrvH_6R7hkRJNfrAYZKPDOsEnViCN2duFK8W9qPYs8jO_gEGKME6OYgF7_W9NQwJ6xShP7xxeCHqJHpcXK9h-RQZAqFeNvjwpDw5D7MUZNrDQKhm6BHap4UyNkwXfz1pQiLc9R4KMHzkP11kK2Eqj2PkHtN_Cvz-uVdbaQP\" target=\"_blank\" rel=\"nofollow noopener\">Buletiniekonomik.com<\/a><\/span><\/strong> p\u00ebr shkrimin me titull \u201cSkema e tender\u00ebve me dy kompanit\u00eb q\u00eb dyshohen p\u00ebr af\u00ebrsi me shefat e KEDS-it\u201d, duke konstatuar se nuk jan\u00eb shkelur kapitujt II dhe IIa t\u00eb Kodit t\u00eb Mediave t\u00eb Shkruara t\u00eb Kosov\u00ebs, t\u00eb cil\u00ebt kan\u00eb t\u00eb b\u00ebjn\u00eb me raportimin e s\u00eb v\u00ebrtet\u00ebs, p\u00ebrkat\u00ebsisht lajmet e rrejshme, ashtu si\u00e7 pretendon pala ankuese.<\/div>\n<\/div>\n<div class=\"x14z9mp xat24cr x1lziwak x1vvkbs xtlvy1s x126k92a\">\n<div dir=\"auto\"><\/div>\n<div dir=\"auto\">KMShK nuk e ka miratuar (e ka hedhur posht\u00eb) ankes\u00ebn e Valon Krasniqit kund\u00ebr <strong><span class=\"html-span xdj266r x14z9mp xat24cr x1lziwak xexx8yu xyri2b x18d9i69 x1c1uobl x1hl2dhg x16tdsg8 x1vvkbs\" style=\"color: #0000ff;\"><a class=\"x1i10hfl xjbqb8w x1ejq31n x18oe1m7 x1sy0etr xstzfhl x972fbf x10w94by x1qhh985 x14e42zd x9f619 x1ypdohk xt0psk2 x3ct3a4 xdj266r x14z9mp xat24cr x1lziwak xexx8yu xyri2b x18d9i69 x1c1uobl x16tdsg8 x1hl2dhg xggy1nq x1a2a7pz xkrqix3 x1sur9pj x1fey0fg x1s688f\" style=\"color: #0000ff;\" tabindex=\"0\" role=\"link\" href=\"https:\/\/l.facebook.com\/l.php?u=https%3A%2F%2FSinjali.com%2F%3Ffbclid%3DIwZXh0bgNhZW0CMTAAYnJpZBExcW94MnB3QkUxQXh2UWRlN3NydGMGYXBwX2lkEDIyMjAzOTE3ODgyMDA4OTIAAR7auFEnU9bcfb_Zihb5Ro8L4J0T2CQuHz-oTawTV8wf389jPHfO1Uc9HuKvVA_aem_u0C_J2to0GfxbiIM7mMP0w&amp;h=AT1htiAEA4XuNT1zV-u_HruCFK5YGL4lFojdDOgZthVssHlaASdOSYkC5ZJKQOQ-gM_xGmq60tR85RoKRR9XMUKQDJUXDotKV4FjxDiGPL7A6VIlgMfVf1UIMeiONJ7MIinif9_P-r9GoQxGJ9etgwrlpamcQw&amp;__tn__=-UK-R&amp;c[0]=AT2QmGhkIz1Ew1BwnAAeeBrxzftKpa6Z7H53LIUZoHBaoW2imYrvH_6R7hkRJNfrAYZKPDOsEnViCN2duFK8W9qPYs8jO_gEGKME6OYgF7_W9NQwJ6xShP7xxeCHqJHpcXK9h-RQZAqFeNvjwpDw5D7MUZNrDQKhm6BHap4UyNkwXfz1pQiLc9R4KMHzkP11kK2Eqj2PkHtN_Cvz-uVdbaQP\" target=\"_blank\" rel=\"nofollow noopener\">Sinjali.com<\/a><\/span><\/strong> p\u00ebr shkrimin me titull \u201cEkskluzive | Mashtrim n\u00eb prokurimin publik n\u00eb Gjilan \u2013 dyshime p\u00ebr dokumente t\u00eb falsifikuara dhe certifikata ISO t\u00eb skaduara (Emri)\u201d, duke konstatuar se nuk \u00ebsht\u00eb shkelur Kapitulli II i Kodit t\u00eb Mediave t\u00eb Shkruara t\u00eb Kosov\u00ebs, i cili ka t\u00eb b\u00ebj\u00eb me raportimin e s\u00eb v\u00ebrtet\u00ebs, ashtu si\u00e7 pretendon pala ankuese.<\/div>\n<\/div>\n<div class=\"x14z9mp xat24cr x1lziwak x1vvkbs xtlvy1s x126k92a\">\n<div dir=\"auto\"><\/div>\n<div dir=\"auto\">KMShK nuk e ka miratuar (e ka hedhur posht\u00eb) ankes\u00ebn e Telekomit t\u00eb Kosov\u00ebs kund\u00ebr <strong><span style=\"color: #0000ff;\">Klankosova.tv<\/span><\/strong> p\u00ebr shkrimin me titull \u201cSkandaloze! \u2013 Pun\u00ebtor\u00ebve t\u00eb Telekomit t\u00eb Kosov\u00ebs u bllokohet qasja n\u00eb Klankosova.tv\u201d, duke konstatuar se nuk jan\u00eb shkelur kapitujt II dhe IV t\u00eb Kodit t\u00eb Mediave t\u00eb Shkruara t\u00eb Kosov\u00ebs, t\u00eb cil\u00ebt kan\u00eb t\u00eb b\u00ebjn\u00eb me raportimin e s\u00eb v\u00ebrtet\u00ebs, p\u00ebrkat\u00ebsisht t\u00eb drejt\u00ebn p\u00ebr t\u2019u p\u00ebrgjigjur, ashtu si\u00e7 pretendon pala ankuese.<\/div>\n<\/div>\n<div class=\"x14z9mp xat24cr x1lziwak x1vvkbs xtlvy1s x126k92a\">\n<div dir=\"auto\"><\/div>\n<div dir=\"auto\">KMShK e ka shpallur t\u00eb patrajtueshme ankes\u00ebn e Ilir Ki\u00e7marit kund\u00ebr <strong><span class=\"html-span xdj266r x14z9mp xat24cr x1lziwak xexx8yu xyri2b x18d9i69 x1c1uobl x1hl2dhg x16tdsg8 x1vvkbs\" style=\"color: #0000ff;\"><a class=\"x1i10hfl xjbqb8w x1ejq31n x18oe1m7 x1sy0etr xstzfhl x972fbf x10w94by x1qhh985 x14e42zd x9f619 x1ypdohk xt0psk2 x3ct3a4 xdj266r x14z9mp xat24cr x1lziwak xexx8yu xyri2b x18d9i69 x1c1uobl x16tdsg8 x1hl2dhg xggy1nq x1a2a7pz xkrqix3 x1sur9pj x1fey0fg x1s688f\" style=\"color: #0000ff;\" tabindex=\"0\" role=\"link\" href=\"https:\/\/l.facebook.com\/l.php?u=http%3A%2F%2FGazetademos.com%2F%3Ffbclid%3DIwZXh0bgNhZW0CMTAAYnJpZBExcW94MnB3QkUxQXh2UWRlN3NydGMGYXBwX2lkEDIyMjAzOTE3ODgyMDA4OTIAAR602eqbsxSWy5lMIpk-2t249AdGxm4t0UdVnrdfrO4W9-Atq3IOnyp9s59FZg_aem_TnHoTWYJnJmkTmIgyOhdMQ&amp;h=AT1ExixTzOrdfnoWhHL5fZ6PTcScu33pdHd35pyEkuJIm_-RvGvRjb6iizNh3GbN488UlNDAKz6qh-QYa3m8Tf5nmyMtJQdMcMRIfK_qwOzydMKyZtHL0_xS-jKsUeqHkoWINzEV--0UaNGvMLXUpMf4ljos4A&amp;__tn__=-UK-R&amp;c[0]=AT2QmGhkIz1Ew1BwnAAeeBrxzftKpa6Z7H53LIUZoHBaoW2imYrvH_6R7hkRJNfrAYZKPDOsEnViCN2duFK8W9qPYs8jO_gEGKME6OYgF7_W9NQwJ6xShP7xxeCHqJHpcXK9h-RQZAqFeNvjwpDw5D7MUZNrDQKhm6BHap4UyNkwXfz1pQiLc9R4KMHzkP11kK2Eqj2PkHtN_Cvz-uVdbaQP\" target=\"_blank\" rel=\"nofollow noopener\">Gazetademos.com<\/a> <\/span><\/strong>p\u00ebr nj\u00eb video t\u00eb publikuar n\u00eb rrjetin social Facebook, duke konstatuar se videoja nuk \u00ebsht\u00eb gjetur n\u00eb profilin p\u00ebrkat\u00ebs t\u00eb medias n\u00eb rrjetin social dhe, rrjedhimisht nuk \u00ebsht\u00eb trajtuar.<\/div>\n<\/div>\n<div class=\"x14z9mp xat24cr x1lziwak x1vvkbs xtlvy1s x126k92a\">\n<div dir=\"auto\"><\/div>\n<div dir=\"auto\">KMShK e ka shpallur t\u00eb patrajtueshme ankes\u00ebn e Bastri Ademi kund\u00ebr <strong><span class=\"html-span xdj266r x14z9mp xat24cr x1lziwak xexx8yu xyri2b x18d9i69 x1c1uobl x1hl2dhg x16tdsg8 x1vvkbs\" style=\"color: #0000ff;\"><a class=\"x1i10hfl xjbqb8w x1ejq31n x18oe1m7 x1sy0etr xstzfhl x972fbf x10w94by x1qhh985 x14e42zd x9f619 x1ypdohk xt0psk2 x3ct3a4 xdj266r x14z9mp xat24cr x1lziwak xexx8yu xyri2b x18d9i69 x1c1uobl x16tdsg8 x1hl2dhg xggy1nq x1a2a7pz xkrqix3 x1sur9pj x1fey0fg x1s688f\" style=\"color: #0000ff;\" tabindex=\"0\" role=\"link\" href=\"https:\/\/l.facebook.com\/l.php?u=http%3A%2F%2FIndeksonline.net%2F%3Ffbclid%3DIwZXh0bgNhZW0CMTAAYnJpZBExcW94MnB3QkUxQXh2UWRlN3NydGMGYXBwX2lkEDIyMjAzOTE3ODgyMDA4OTIAAR5J4gQChdXDY4q8AuXRcjLJGGQDj0gwP0UTvYqhKN-v9y5g1x3Y1dpwERV0aQ_aem_ywMEehq7cecdb-yh8uy0DA&amp;h=AT1362yZr2JqBqG7xhYvz75HbImi5ae0Ovgf9rwi_g0bHpIFzw6gPxuMZcZ7g8uNuzOWe8F7dTpK8YRposM64bqjkcOyT5R-73MNOhGsQofNtWBoHR6X4x0yy2wrns1k1L-yII4QBU1XR9jV5ISt8GHnIXVN2g&amp;__tn__=-UK-R&amp;c[0]=AT2QmGhkIz1Ew1BwnAAeeBrxzftKpa6Z7H53LIUZoHBaoW2imYrvH_6R7hkRJNfrAYZKPDOsEnViCN2duFK8W9qPYs8jO_gEGKME6OYgF7_W9NQwJ6xShP7xxeCHqJHpcXK9h-RQZAqFeNvjwpDw5D7MUZNrDQKhm6BHap4UyNkwXfz1pQiLc9R4KMHzkP11kK2Eqj2PkHtN_Cvz-uVdbaQP\" target=\"_blank\" rel=\"nofollow noopener\">Indeksonline.net<\/a> <\/span><\/strong>p\u00ebr shkrimin me titull \u201cDy operator\u00ebve iu refuzohet ankesa nga OSHP-ja, pasi dor\u00ebzuan dokument t\u00eb falsifikuar\u201d, duke konstatuar se shkrimi nuk \u00ebsht\u00eb gjetur n\u00eb median p\u00ebrkat\u00ebse dhe, rrjedhimisht nuk \u00ebsht\u00eb trajtuar.<\/div>\n<\/div>\n<div class=\"x14z9mp xat24cr x1lziwak x1vvkbs xtlvy1s x126k92a\">\n<div dir=\"auto\"><\/div>\n<div dir=\"auto\">KMShK e ka shpallur t\u00eb patrajtueshme ankes\u00ebn e Aurora Mulhaxh\u00ebs kund\u00ebr <strong><span class=\"html-span xdj266r x14z9mp xat24cr x1lziwak xexx8yu xyri2b x18d9i69 x1c1uobl x1hl2dhg x16tdsg8 x1vvkbs\" style=\"color: #0000ff;\"><a class=\"x1i10hfl xjbqb8w x1ejq31n x18oe1m7 x1sy0etr xstzfhl x972fbf x10w94by x1qhh985 x14e42zd x9f619 x1ypdohk xt0psk2 x3ct3a4 xdj266r x14z9mp xat24cr x1lziwak xexx8yu xyri2b x18d9i69 x1c1uobl x16tdsg8 x1hl2dhg xggy1nq x1a2a7pz xkrqix3 x1sur9pj x1fey0fg x1s688f\" style=\"color: #0000ff;\" tabindex=\"0\" role=\"link\" href=\"https:\/\/l.facebook.com\/l.php?u=https%3A%2F%2FSinjali.com%2F%3Ffbclid%3DIwZXh0bgNhZW0CMTAAYnJpZBExcW94MnB3QkUxQXh2UWRlN3NydGMGYXBwX2lkEDIyMjAzOTE3ODgyMDA4OTIAAR5zinrlcPCJ_swIj_sypZtce840sZHBX5fmjZYkVx-AnImWNMpSmyjCwj2aug_aem_CajqlWXW0N22nyUtd3g4JQ&amp;h=AT1htiAEA4XuNT1zV-u_HruCFK5YGL4lFojdDOgZthVssHlaASdOSYkC5ZJKQOQ-gM_xGmq60tR85RoKRR9XMUKQDJUXDotKV4FjxDiGPL7A6VIlgMfVf1UIMeiONJ7MIinif9_P-r9GoQxGJ9etgwrlpamcQw&amp;__tn__=-UK-R&amp;c[0]=AT2QmGhkIz1Ew1BwnAAeeBrxzftKpa6Z7H53LIUZoHBaoW2imYrvH_6R7hkRJNfrAYZKPDOsEnViCN2duFK8W9qPYs8jO_gEGKME6OYgF7_W9NQwJ6xShP7xxeCHqJHpcXK9h-RQZAqFeNvjwpDw5D7MUZNrDQKhm6BHap4UyNkwXfz1pQiLc9R4KMHzkP11kK2Eqj2PkHtN_Cvz-uVdbaQP\" target=\"_blank\" rel=\"nofollow noopener\">Sinjali.com<\/a> <\/span><\/strong>dhe Ballkani.info p\u00ebr kat\u00ebr shkrime t\u00eb publikuara gjat\u00eb vitit 2020, duke konstatuar se nuk ka kompetenc\u00eb t\u00eb k\u00ebrkoj\u00eb nga mediat largimin e artikujve, por duke i rekomanduar pal\u00ebs q\u00eb t\u2019i drejtohet Agjencis\u00eb p\u00ebr<\/div>\n<div dir=\"auto\">Informim dhe Privat\u00ebsi (AIP), p\u00ebrkat\u00ebsisht gjykat\u00ebs kompetente.<\/div>\n<\/div>\n<div class=\"x14z9mp xat24cr x1lziwak x1vvkbs xtlvy1s x126k92a\">\n<div dir=\"auto\"><\/div>\n<div dir=\"auto\">KMShK e ka pranuar median online Klankosova.tv si median e 49-t\u00eb pjes\u00eb t\u00eb k\u00ebtij trupi vet\u00ebrregullues.<\/div>\n<\/div>\n","protected":false},"excerpt":{"rendered":"<p>K\u00ebshilli i Mediave t\u00eb Shkruara t\u00eb Kosov\u00ebs (KMShK) n\u00eb mbledhjen e rregullt ka shqyrtuar gjithsej 10 ankesa. An\u00ebtar\u00ebt e Kuvendit t\u00eb KMShK-s\u00eb kan\u00eb vendosur q\u00eb t\u00eb miratohet nj\u00eb nga to, dy t\u00eb miratohen pjes\u00ebrisht, kat\u00ebr t\u00eb refuzohen dhe tri t\u00eb shpallen t\u00eb patrajtueshme. Ankesat kishin t\u00eb b\u00ebnin me pretendimet p\u00ebr shkeljen e kapitujve t\u00eb caktuar [&hellip;]<\/p>\n","protected":false},"author":2,"featured_media":17649,"comment_status":"open","ping_status":"open","sticky":false,"template":"","format":"standard","meta":{"footnotes":""},"categories":[92],"tags":[157,124,165],"class_list":["post-17648","post","type-post","status-publish","format-standard","has-post-thumbnail","hentry","category-news-sq","tag-etika","tag-kmshk","tag-media-sq"],"acf":{"video_title":"","video":false},"yoast_head":"<!-- This site is optimized with the Yoast SEO plugin v28.4 - https:\/\/yoast.com\/product\/yoast-seo-wordpress\/ -->\n<title>Kuvendi i KMSHK-s\u00eb mori vendime p\u00ebr 10 ankesa - K\u00ebshilli i Mediave t\u00eb Shkruara t\u00eb Kosov\u00ebs | P\u00ebr nj\u00eb gazetari etike dhe profesionale<\/title>\n<meta name=\"robots\" content=\"index, follow, max-snippet:-1, max-image-preview:large, max-video-preview:-1\" \/>\n<link rel=\"canonical\" href=\"http:\/\/presscouncil-ks.org\/?p=17648\" \/>\n<meta property=\"og:locale\" content=\"en_US\" \/>\n<meta property=\"og:type\" content=\"article\" \/>\n<meta property=\"og:title\" content=\"Kuvendi i KMSHK-s\u00eb mori vendime p\u00ebr 10 ankesa - K\u00ebshilli i Mediave t\u00eb Shkruara t\u00eb Kosov\u00ebs | P\u00ebr nj\u00eb gazetari etike dhe profesionale\" \/>\n<meta property=\"og:description\" content=\"K\u00ebshilli i Mediave t\u00eb Shkruara t\u00eb Kosov\u00ebs (KMShK) n\u00eb mbledhjen e rregullt ka shqyrtuar gjithsej 10 ankesa. An\u00ebtar\u00ebt e Kuvendit t\u00eb KMShK-s\u00eb kan\u00eb vendosur q\u00eb t\u00eb miratohet nj\u00eb nga to, dy t\u00eb miratohen pjes\u00ebrisht, kat\u00ebr t\u00eb refuzohen dhe tri t\u00eb shpallen t\u00eb patrajtueshme. Ankesat kishin t\u00eb b\u00ebnin me pretendimet p\u00ebr shkeljen e kapitujve t\u00eb caktuar [&hellip;]\" \/>\n<meta property=\"og:url\" content=\"http:\/\/presscouncil-ks.org\/?p=17648\" \/>\n<meta property=\"og:site_name\" content=\"K\u00ebshilli i Mediave t\u00eb Shkruara t\u00eb Kosov\u00ebs | P\u00ebr nj\u00eb gazetari etike dhe profesionale\" \/>\n<meta property=\"article:publisher\" content=\"https:\/\/www.facebook.com\/KMSHKosove\" \/>\n<meta property=\"article:published_time\" content=\"2025-12-17T11:48:45+00:00\" \/>\n<meta property=\"article:modified_time\" content=\"2025-12-17T11:55:42+00:00\" \/>\n<meta property=\"og:image\" content=\"http:\/\/presscouncil-ks.org\/wp-content\/uploads\/2025\/12\/kmshk-17_12_2025.jpg\" \/>\n\t<meta property=\"og:image:width\" content=\"1027\" \/>\n\t<meta property=\"og:image:height\" content=\"681\" \/>\n\t<meta property=\"og:image:type\" content=\"image\/jpeg\" \/>\n<meta name=\"author\" content=\"Editor\" \/>\n<meta name=\"twitter:card\" content=\"summary_large_image\" \/>\n<meta name=\"twitter:label1\" content=\"Written by\" \/>\n\t<meta name=\"twitter:data1\" content=\"Editor\" \/>\n\t<meta name=\"twitter:label2\" content=\"Est. reading time\" \/>\n\t<meta name=\"twitter:data2\" content=\"4 minutes\" \/>\n<script type=\"application\/ld+json\" class=\"yoast-schema-graph\">{\"@context\":\"https:\\\/\\\/schema.org\",\"@graph\":[{\"@type\":\"Article\",\"@id\":\"http:\\\/\\\/presscouncil-ks.org\\\/?p=17648#article\",\"isPartOf\":{\"@id\":\"http:\\\/\\\/presscouncil-ks.org\\\/?p=17648\"},\"author\":{\"name\":\"Editor\",\"@id\":\"http:\\\/\\\/presscouncil-ks.org\\\/#\\\/schema\\\/person\\\/b79d30c61264caeb733239c16cc4d673\"},\"headline\":\"Kuvendi i KMSHK-s\u00eb mori vendime p\u00ebr 10 ankesa\",\"datePublished\":\"2025-12-17T11:48:45+00:00\",\"dateModified\":\"2025-12-17T11:55:42+00:00\",\"mainEntityOfPage\":{\"@id\":\"http:\\\/\\\/presscouncil-ks.org\\\/?p=17648\"},\"wordCount\":1017,\"commentCount\":0,\"publisher\":{\"@id\":\"http:\\\/\\\/presscouncil-ks.org\\\/#organization\"},\"image\":{\"@id\":\"http:\\\/\\\/presscouncil-ks.org\\\/?p=17648#primaryimage\"},\"thumbnailUrl\":\"http:\\\/\\\/presscouncil-ks.org\\\/wp-content\\\/uploads\\\/2025\\\/12\\\/kmshk-17_12_2025.jpg\",\"keywords\":[\"etika\",\"KMSHK\",\"media\"],\"articleSection\":[\"Lajm\"],\"inLanguage\":\"en-US\",\"potentialAction\":[{\"@type\":\"CommentAction\",\"name\":\"Comment\",\"target\":[\"http:\\\/\\\/presscouncil-ks.org\\\/?p=17648#respond\"]}]},{\"@type\":\"WebPage\",\"@id\":\"http:\\\/\\\/presscouncil-ks.org\\\/?p=17648\",\"url\":\"http:\\\/\\\/presscouncil-ks.org\\\/?p=17648\",\"name\":\"Kuvendi i KMSHK-s\u00eb mori vendime p\u00ebr 10 ankesa - K\u00ebshilli i Mediave t\u00eb Shkruara t\u00eb Kosov\u00ebs | P\u00ebr nj\u00eb gazetari etike dhe profesionale\",\"isPartOf\":{\"@id\":\"http:\\\/\\\/presscouncil-ks.org\\\/#website\"},\"primaryImageOfPage\":{\"@id\":\"http:\\\/\\\/presscouncil-ks.org\\\/?p=17648#primaryimage\"},\"image\":{\"@id\":\"http:\\\/\\\/presscouncil-ks.org\\\/?p=17648#primaryimage\"},\"thumbnailUrl\":\"http:\\\/\\\/presscouncil-ks.org\\\/wp-content\\\/uploads\\\/2025\\\/12\\\/kmshk-17_12_2025.jpg\",\"datePublished\":\"2025-12-17T11:48:45+00:00\",\"dateModified\":\"2025-12-17T11:55:42+00:00\",\"breadcrumb\":{\"@id\":\"http:\\\/\\\/presscouncil-ks.org\\\/?p=17648#breadcrumb\"},\"inLanguage\":\"en-US\",\"potentialAction\":[{\"@type\":\"ReadAction\",\"target\":[\"http:\\\/\\\/presscouncil-ks.org\\\/?p=17648\"]}]},{\"@type\":\"ImageObject\",\"inLanguage\":\"en-US\",\"@id\":\"http:\\\/\\\/presscouncil-ks.org\\\/?p=17648#primaryimage\",\"url\":\"http:\\\/\\\/presscouncil-ks.org\\\/wp-content\\\/uploads\\\/2025\\\/12\\\/kmshk-17_12_2025.jpg\",\"contentUrl\":\"http:\\\/\\\/presscouncil-ks.org\\\/wp-content\\\/uploads\\\/2025\\\/12\\\/kmshk-17_12_2025.jpg\",\"width\":1027,\"height\":681},{\"@type\":\"BreadcrumbList\",\"@id\":\"http:\\\/\\\/presscouncil-ks.org\\\/?p=17648#breadcrumb\",\"itemListElement\":[{\"@type\":\"ListItem\",\"position\":1,\"name\":\"Home\",\"item\":\"https:\\\/\\\/presscouncil-ks.org\\\/\"},{\"@type\":\"ListItem\",\"position\":2,\"name\":\"Kuvendi i KMSHK-s\u00eb mori vendime p\u00ebr 10 ankesa\"}]},{\"@type\":\"WebSite\",\"@id\":\"http:\\\/\\\/presscouncil-ks.org\\\/#website\",\"url\":\"http:\\\/\\\/presscouncil-ks.org\\\/\",\"name\":\"https:\\\/\\\/presscouncil-ks.org\\\/\",\"description\":\"\",\"publisher\":{\"@id\":\"http:\\\/\\\/presscouncil-ks.org\\\/#organization\"},\"potentialAction\":[{\"@type\":\"SearchAction\",\"target\":{\"@type\":\"EntryPoint\",\"urlTemplate\":\"http:\\\/\\\/presscouncil-ks.org\\\/?s={search_term_string}\"},\"query-input\":{\"@type\":\"PropertyValueSpecification\",\"valueRequired\":true,\"valueName\":\"search_term_string\"}}],\"inLanguage\":\"en-US\"},{\"@type\":\"Organization\",\"@id\":\"http:\\\/\\\/presscouncil-ks.org\\\/#organization\",\"name\":\"K\u00ebshilli i Mediave t\u00eb Shkruara t\u00eb Kosov\u00ebs\",\"url\":\"http:\\\/\\\/presscouncil-ks.org\\\/\",\"logo\":{\"@type\":\"ImageObject\",\"inLanguage\":\"en-US\",\"@id\":\"http:\\\/\\\/presscouncil-ks.org\\\/#\\\/schema\\\/logo\\\/image\\\/\",\"url\":\"http:\\\/\\\/presscouncil-ks.org\\\/wp-content\\\/uploads\\\/2023\\\/06\\\/cropped-logo.png\",\"contentUrl\":\"http:\\\/\\\/presscouncil-ks.org\\\/wp-content\\\/uploads\\\/2023\\\/06\\\/cropped-logo.png\",\"width\":268,\"height\":166,\"caption\":\"K\u00ebshilli i Mediave t\u00eb Shkruara t\u00eb Kosov\u00ebs\"},\"image\":{\"@id\":\"http:\\\/\\\/presscouncil-ks.org\\\/#\\\/schema\\\/logo\\\/image\\\/\"},\"sameAs\":[\"https:\\\/\\\/www.facebook.com\\\/KMSHKosove\"]},{\"@type\":\"Person\",\"@id\":\"http:\\\/\\\/presscouncil-ks.org\\\/#\\\/schema\\\/person\\\/b79d30c61264caeb733239c16cc4d673\",\"name\":\"Editor\",\"image\":{\"@type\":\"ImageObject\",\"inLanguage\":\"en-US\",\"@id\":\"https:\\\/\\\/secure.gravatar.com\\\/avatar\\\/9534865f39e7b3527010ee17196a76d054b16d731a6a5bfe2f92a071c6e9bf4e?s=96&d=mm&r=g\",\"url\":\"https:\\\/\\\/secure.gravatar.com\\\/avatar\\\/9534865f39e7b3527010ee17196a76d054b16d731a6a5bfe2f92a071c6e9bf4e?s=96&d=mm&r=g\",\"contentUrl\":\"https:\\\/\\\/secure.gravatar.com\\\/avatar\\\/9534865f39e7b3527010ee17196a76d054b16d731a6a5bfe2f92a071c6e9bf4e?s=96&d=mm&r=g\",\"caption\":\"Editor\"},\"url\":\"http:\\\/\\\/presscouncil-ks.org\\\/?author=2\"}]}<\/script>\n<!-- \/ Yoast SEO plugin. -->","yoast_head_json":{"title":"Kuvendi i KMSHK-s\u00eb mori vendime p\u00ebr 10 ankesa - K\u00ebshilli i Mediave t\u00eb Shkruara t\u00eb Kosov\u00ebs | P\u00ebr nj\u00eb gazetari etike dhe profesionale","robots":{"index":"index","follow":"follow","max-snippet":"max-snippet:-1","max-image-preview":"max-image-preview:large","max-video-preview":"max-video-preview:-1"},"canonical":"http:\/\/presscouncil-ks.org\/?p=17648","og_locale":"en_US","og_type":"article","og_title":"Kuvendi i KMSHK-s\u00eb mori vendime p\u00ebr 10 ankesa - K\u00ebshilli i Mediave t\u00eb Shkruara t\u00eb Kosov\u00ebs | P\u00ebr nj\u00eb gazetari etike dhe profesionale","og_description":"K\u00ebshilli i Mediave t\u00eb Shkruara t\u00eb Kosov\u00ebs (KMShK) n\u00eb mbledhjen e rregullt ka shqyrtuar gjithsej 10 ankesa. An\u00ebtar\u00ebt e Kuvendit t\u00eb KMShK-s\u00eb kan\u00eb vendosur q\u00eb t\u00eb miratohet nj\u00eb nga to, dy t\u00eb miratohen pjes\u00ebrisht, kat\u00ebr t\u00eb refuzohen dhe tri t\u00eb shpallen t\u00eb patrajtueshme. Ankesat kishin t\u00eb b\u00ebnin me pretendimet p\u00ebr shkeljen e kapitujve t\u00eb caktuar [&hellip;]","og_url":"http:\/\/presscouncil-ks.org\/?p=17648","og_site_name":"K\u00ebshilli i Mediave t\u00eb Shkruara t\u00eb Kosov\u00ebs | P\u00ebr nj\u00eb gazetari etike dhe profesionale","article_publisher":"https:\/\/www.facebook.com\/KMSHKosove","article_published_time":"2025-12-17T11:48:45+00:00","article_modified_time":"2025-12-17T11:55:42+00:00","og_image":[{"width":1027,"height":681,"url":"http:\/\/presscouncil-ks.org\/wp-content\/uploads\/2025\/12\/kmshk-17_12_2025.jpg","type":"image\/jpeg"}],"author":"Editor","twitter_card":"summary_large_image","twitter_misc":{"Written by":"Editor","Est. reading time":"4 minutes"},"schema":{"@context":"https:\/\/schema.org","@graph":[{"@type":"Article","@id":"http:\/\/presscouncil-ks.org\/?p=17648#article","isPartOf":{"@id":"http:\/\/presscouncil-ks.org\/?p=17648"},"author":{"name":"Editor","@id":"http:\/\/presscouncil-ks.org\/#\/schema\/person\/b79d30c61264caeb733239c16cc4d673"},"headline":"Kuvendi i KMSHK-s\u00eb mori vendime p\u00ebr 10 ankesa","datePublished":"2025-12-17T11:48:45+00:00","dateModified":"2025-12-17T11:55:42+00:00","mainEntityOfPage":{"@id":"http:\/\/presscouncil-ks.org\/?p=17648"},"wordCount":1017,"commentCount":0,"publisher":{"@id":"http:\/\/presscouncil-ks.org\/#organization"},"image":{"@id":"http:\/\/presscouncil-ks.org\/?p=17648#primaryimage"},"thumbnailUrl":"http:\/\/presscouncil-ks.org\/wp-content\/uploads\/2025\/12\/kmshk-17_12_2025.jpg","keywords":["etika","KMSHK","media"],"articleSection":["Lajm"],"inLanguage":"en-US","potentialAction":[{"@type":"CommentAction","name":"Comment","target":["http:\/\/presscouncil-ks.org\/?p=17648#respond"]}]},{"@type":"WebPage","@id":"http:\/\/presscouncil-ks.org\/?p=17648","url":"http:\/\/presscouncil-ks.org\/?p=17648","name":"Kuvendi i KMSHK-s\u00eb mori vendime p\u00ebr 10 ankesa - K\u00ebshilli i Mediave t\u00eb Shkruara t\u00eb Kosov\u00ebs | P\u00ebr nj\u00eb gazetari etike dhe profesionale","isPartOf":{"@id":"http:\/\/presscouncil-ks.org\/#website"},"primaryImageOfPage":{"@id":"http:\/\/presscouncil-ks.org\/?p=17648#primaryimage"},"image":{"@id":"http:\/\/presscouncil-ks.org\/?p=17648#primaryimage"},"thumbnailUrl":"http:\/\/presscouncil-ks.org\/wp-content\/uploads\/2025\/12\/kmshk-17_12_2025.jpg","datePublished":"2025-12-17T11:48:45+00:00","dateModified":"2025-12-17T11:55:42+00:00","breadcrumb":{"@id":"http:\/\/presscouncil-ks.org\/?p=17648#breadcrumb"},"inLanguage":"en-US","potentialAction":[{"@type":"ReadAction","target":["http:\/\/presscouncil-ks.org\/?p=17648"]}]},{"@type":"ImageObject","inLanguage":"en-US","@id":"http:\/\/presscouncil-ks.org\/?p=17648#primaryimage","url":"http:\/\/presscouncil-ks.org\/wp-content\/uploads\/2025\/12\/kmshk-17_12_2025.jpg","contentUrl":"http:\/\/presscouncil-ks.org\/wp-content\/uploads\/2025\/12\/kmshk-17_12_2025.jpg","width":1027,"height":681},{"@type":"BreadcrumbList","@id":"http:\/\/presscouncil-ks.org\/?p=17648#breadcrumb","itemListElement":[{"@type":"ListItem","position":1,"name":"Home","item":"https:\/\/presscouncil-ks.org\/"},{"@type":"ListItem","position":2,"name":"Kuvendi i KMSHK-s\u00eb mori vendime p\u00ebr 10 ankesa"}]},{"@type":"WebSite","@id":"http:\/\/presscouncil-ks.org\/#website","url":"http:\/\/presscouncil-ks.org\/","name":"https:\/\/presscouncil-ks.org\/","description":"","publisher":{"@id":"http:\/\/presscouncil-ks.org\/#organization"},"potentialAction":[{"@type":"SearchAction","target":{"@type":"EntryPoint","urlTemplate":"http:\/\/presscouncil-ks.org\/?s={search_term_string}"},"query-input":{"@type":"PropertyValueSpecification","valueRequired":true,"valueName":"search_term_string"}}],"inLanguage":"en-US"},{"@type":"Organization","@id":"http:\/\/presscouncil-ks.org\/#organization","name":"K\u00ebshilli i Mediave t\u00eb Shkruara t\u00eb Kosov\u00ebs","url":"http:\/\/presscouncil-ks.org\/","logo":{"@type":"ImageObject","inLanguage":"en-US","@id":"http:\/\/presscouncil-ks.org\/#\/schema\/logo\/image\/","url":"http:\/\/presscouncil-ks.org\/wp-content\/uploads\/2023\/06\/cropped-logo.png","contentUrl":"http:\/\/presscouncil-ks.org\/wp-content\/uploads\/2023\/06\/cropped-logo.png","width":268,"height":166,"caption":"K\u00ebshilli i Mediave t\u00eb Shkruara t\u00eb Kosov\u00ebs"},"image":{"@id":"http:\/\/presscouncil-ks.org\/#\/schema\/logo\/image\/"},"sameAs":["https:\/\/www.facebook.com\/KMSHKosove"]},{"@type":"Person","@id":"http:\/\/presscouncil-ks.org\/#\/schema\/person\/b79d30c61264caeb733239c16cc4d673","name":"Editor","image":{"@type":"ImageObject","inLanguage":"en-US","@id":"https:\/\/secure.gravatar.com\/avatar\/9534865f39e7b3527010ee17196a76d054b16d731a6a5bfe2f92a071c6e9bf4e?s=96&d=mm&r=g","url":"https:\/\/secure.gravatar.com\/avatar\/9534865f39e7b3527010ee17196a76d054b16d731a6a5bfe2f92a071c6e9bf4e?s=96&d=mm&r=g","contentUrl":"https:\/\/secure.gravatar.com\/avatar\/9534865f39e7b3527010ee17196a76d054b16d731a6a5bfe2f92a071c6e9bf4e?s=96&d=mm&r=g","caption":"Editor"},"url":"http:\/\/presscouncil-ks.org\/?author=2"}]}},"_links":{"self":[{"href":"http:\/\/presscouncil-ks.org\/index.php?rest_route=\/wp\/v2\/posts\/17648","targetHints":{"allow":["GET"]}}],"collection":[{"href":"http:\/\/presscouncil-ks.org\/index.php?rest_route=\/wp\/v2\/posts"}],"about":[{"href":"http:\/\/presscouncil-ks.org\/index.php?rest_route=\/wp\/v2\/types\/post"}],"author":[{"embeddable":true,"href":"http:\/\/presscouncil-ks.org\/index.php?rest_route=\/wp\/v2\/users\/2"}],"replies":[{"embeddable":true,"href":"http:\/\/presscouncil-ks.org\/index.php?rest_route=%2Fwp%2Fv2%2Fcomments&post=17648"}],"version-history":[{"count":4,"href":"http:\/\/presscouncil-ks.org\/index.php?rest_route=\/wp\/v2\/posts\/17648\/revisions"}],"predecessor-version":[{"id":17655,"href":"http:\/\/presscouncil-ks.org\/index.php?rest_route=\/wp\/v2\/posts\/17648\/revisions\/17655"}],"wp:featuredmedia":[{"embeddable":true,"href":"http:\/\/presscouncil-ks.org\/index.php?rest_route=\/wp\/v2\/media\/17649"}],"wp:attachment":[{"href":"http:\/\/presscouncil-ks.org\/index.php?rest_route=%2Fwp%2Fv2%2Fmedia&parent=17648"}],"wp:term":[{"taxonomy":"category","embeddable":true,"href":"http:\/\/presscouncil-ks.org\/index.php?rest_route=%2Fwp%2Fv2%2Fcategories&post=17648"},{"taxonomy":"post_tag","embeddable":true,"href":"http:\/\/presscouncil-ks.org\/index.php?rest_route=%2Fwp%2Fv2%2Ftags&post=17648"}],"curies":[{"name":"wp","href":"https:\/\/api.w.org\/{rel}","templated":true}]}}