{"id":17636,"date":"2025-12-16T11:52:25","date_gmt":"2025-12-16T11:52:25","guid":{"rendered":"https:\/\/presscouncil-ks.org\/?p=17636"},"modified":"2025-12-16T11:57:08","modified_gmt":"2025-12-16T11:57:08","slug":"kako-treba-izvestavati-o-autizmu","status":"publish","type":"post","link":"http:\/\/presscouncil-ks.org\/?p=17636&lang=sr","title":{"rendered":"Kako treba izve\u0161tavati o autizmu?"},"content":{"rendered":"<div dir=\"auto\"><em><strong>Javna i medijska komunikacija o autizmu treba da bude \u0161to ta\u010dnija i sveobuhvatnija. Ovo doprinosi podizanju svesti i izbegavanju uobi\u010dajenih nesporazuma koji se \u010desto srec\u0301u u izve\u0161tavanju.<\/strong><\/em><\/div>\n<div dir=\"auto\"><\/div>\n<div dir=\"auto\">Autizam je deo neurodiverziteta, koncepta koji nagla\u0161ava da ljudski mozak funkcioni\u0161e na razli\u010dite na\u010dine. Termin neurodivergentno se koristi za opisivanje ljudi koji misle, percipiraju ili komuniciraju druga\u010dije od vec\u0301ine ljudi \u2013 uklju\u010dujuc\u0301i autisti\u010dne osobe, kao i one sa ADHD-om, disleksijom ili drugim razvojnim poremec\u0301ajima.<\/div>\n<div dir=\"auto\"><\/div>\n<div dir=\"auto\"><img loading=\"lazy\" decoding=\"async\" class=\"alignnone wp-image-17637\" src=\"http:\/\/presscouncil-ks.org\/wp-content\/uploads\/2025\/12\/autizam-3-300x228.jpg\" alt=\"\" width=\"439\" height=\"334\" srcset=\"http:\/\/presscouncil-ks.org\/wp-content\/uploads\/2025\/12\/autizam-3-300x228.jpg 300w, http:\/\/presscouncil-ks.org\/wp-content\/uploads\/2025\/12\/autizam-3-1024x778.jpg 1024w, http:\/\/presscouncil-ks.org\/wp-content\/uploads\/2025\/12\/autizam-3-768x583.jpg 768w, http:\/\/presscouncil-ks.org\/wp-content\/uploads\/2025\/12\/autizam-3.jpg 1039w\" sizes=\"auto, (max-width: 439px) 100vw, 439px\" \/><\/div>\n<div dir=\"auto\"><\/div>\n<div dir=\"auto\">U tom smislu, autizam nije bolest, vec\u0301 neurorazvojno stanje koje predstavlja druga\u010diji na\u010din percipiranja i interakcije sa svetom. Iz tog razloga, na\u010din na koji govorimo i pi\u0161emo o autizmu ima veliki uticaj na na\u010din na koji dru\u0161tvo razume i prihvata ovu raznolikost. Nevladina organizacija \u201dLobiranje za autizam\u201c preporu\u010duje pa\u017eljiv pristup prilikom izve\u0161tavanja o autizmu.<\/div>\n<div dir=\"auto\"><\/div>\n<div dir=\"auto\">Pro\u010ditajte i \u010dlanak: <span style=\"color: #0000ff;\"><a style=\"color: #0000ff;\" href=\"https:\/\/presscouncil-ks.org\/?p=17615&amp;lang=sr\">Kako treba izve\u0161tavati o osobama sa ograni\u010denim sposobnostima?<\/a><\/span><\/div>\n<div dir=\"auto\"><\/div>\n<div dir=\"auto\"><\/div>\n<div dir=\"auto\"><\/div>\n<p>&nbsp;<\/p>\n","protected":false},"excerpt":{"rendered":"<p>Javna i medijska komunikacija o autizmu treba da bude \u0161to ta\u010dnija i sveobuhvatnija. Ovo doprinosi podizanju svesti i izbegavanju uobi\u010dajenih nesporazuma koji se \u010desto srec\u0301u u izve\u0161tavanju. Autizam je deo neurodiverziteta, koncepta koji nagla\u0161ava da ljudski mozak funkcioni\u0161e na razli\u010dite na\u010dine. Termin neurodivergentno se koristi za opisivanje ljudi koji misle, percipiraju ili komuniciraju druga\u010dije od [&hellip;]<\/p>\n","protected":false},"author":2,"featured_media":17639,"comment_status":"open","ping_status":"open","sticky":false,"template":"","format":"standard","meta":{"footnotes":""},"categories":[135],"tags":[],"class_list":["post-17636","post","type-post","status-publish","format-standard","has-post-thumbnail","hentry","category-vesti"],"acf":[],"yoast_head":"<!-- This site is optimized with the Yoast SEO plugin v28.3 - https:\/\/yoast.com\/product\/yoast-seo-wordpress\/ -->\n<title>Kako treba izve\u0161tavati o autizmu? - K\u00ebshilli i Mediave t\u00eb Shkruara t\u00eb Kosov\u00ebs | P\u00ebr nj\u00eb gazetari etike dhe profesionale<\/title>\n<meta name=\"robots\" content=\"index, follow, max-snippet:-1, max-image-preview:large, max-video-preview:-1\" \/>\n<link rel=\"canonical\" href=\"http:\/\/presscouncil-ks.org\/?p=17636&lang=sr\" \/>\n<meta property=\"og:locale\" content=\"en_US\" \/>\n<meta property=\"og:type\" content=\"article\" \/>\n<meta property=\"og:title\" content=\"Kako treba izve\u0161tavati o autizmu? - K\u00ebshilli i Mediave t\u00eb Shkruara t\u00eb Kosov\u00ebs | P\u00ebr nj\u00eb gazetari etike dhe profesionale\" \/>\n<meta property=\"og:description\" content=\"Javna i medijska komunikacija o autizmu treba da bude \u0161to ta\u010dnija i sveobuhvatnija. Ovo doprinosi podizanju svesti i izbegavanju uobi\u010dajenih nesporazuma koji se \u010desto srec\u0301u u izve\u0161tavanju. Autizam je deo neurodiverziteta, koncepta koji nagla\u0161ava da ljudski mozak funkcioni\u0161e na razli\u010dite na\u010dine. Termin neurodivergentno se koristi za opisivanje ljudi koji misle, percipiraju ili komuniciraju druga\u010dije od [&hellip;]\" \/>\n<meta property=\"og:url\" content=\"http:\/\/presscouncil-ks.org\/?p=17636&amp;lang=sr\" \/>\n<meta property=\"og:site_name\" content=\"K\u00ebshilli i Mediave t\u00eb Shkruara t\u00eb Kosov\u00ebs | P\u00ebr nj\u00eb gazetari etike dhe profesionale\" \/>\n<meta property=\"article:publisher\" content=\"https:\/\/www.facebook.com\/KMSHKosove\" \/>\n<meta property=\"article:published_time\" content=\"2025-12-16T11:52:25+00:00\" \/>\n<meta property=\"article:modified_time\" content=\"2025-12-16T11:57:08+00:00\" \/>\n<meta property=\"og:image\" content=\"http:\/\/presscouncil-ks.org\/wp-content\/uploads\/2025\/12\/rrjetet-sociale-dhe-gazetaria.png\" \/>\n\t<meta property=\"og:image:width\" content=\"1068\" \/>\n\t<meta property=\"og:image:height\" content=\"668\" \/>\n\t<meta property=\"og:image:type\" content=\"image\/png\" \/>\n<meta name=\"author\" content=\"Editor\" \/>\n<meta name=\"twitter:card\" content=\"summary_large_image\" \/>\n<meta name=\"twitter:label1\" content=\"Written by\" \/>\n\t<meta name=\"twitter:data1\" content=\"Editor\" \/>\n\t<meta name=\"twitter:label2\" content=\"Est. reading time\" \/>\n\t<meta name=\"twitter:data2\" content=\"2 minutes\" \/>\n<script type=\"application\/ld+json\" class=\"yoast-schema-graph\">{\"@context\":\"https:\\\/\\\/schema.org\",\"@graph\":[{\"@type\":\"Article\",\"@id\":\"http:\\\/\\\/presscouncil-ks.org\\\/?p=17636&lang=sr#article\",\"isPartOf\":{\"@id\":\"http:\\\/\\\/presscouncil-ks.org\\\/?p=17636&lang=sr\"},\"author\":{\"name\":\"Editor\",\"@id\":\"http:\\\/\\\/presscouncil-ks.org\\\/#\\\/schema\\\/person\\\/b79d30c61264caeb733239c16cc4d673\"},\"headline\":\"Kako treba izve\u0161tavati o autizmu?\",\"datePublished\":\"2025-12-16T11:52:25+00:00\",\"dateModified\":\"2025-12-16T11:57:08+00:00\",\"mainEntityOfPage\":{\"@id\":\"http:\\\/\\\/presscouncil-ks.org\\\/?p=17636&lang=sr\"},\"wordCount\":168,\"commentCount\":0,\"publisher\":{\"@id\":\"http:\\\/\\\/presscouncil-ks.org\\\/#organization\"},\"image\":{\"@id\":\"http:\\\/\\\/presscouncil-ks.org\\\/?p=17636&lang=sr#primaryimage\"},\"thumbnailUrl\":\"http:\\\/\\\/presscouncil-ks.org\\\/wp-content\\\/uploads\\\/2025\\\/12\\\/rrjetet-sociale-dhe-gazetaria.png\",\"articleSection\":[\"Vesti\"],\"inLanguage\":\"en-US\",\"potentialAction\":[{\"@type\":\"CommentAction\",\"name\":\"Comment\",\"target\":[\"http:\\\/\\\/presscouncil-ks.org\\\/?p=17636&lang=sr#respond\"]}]},{\"@type\":\"WebPage\",\"@id\":\"http:\\\/\\\/presscouncil-ks.org\\\/?p=17636&lang=sr\",\"url\":\"http:\\\/\\\/presscouncil-ks.org\\\/?p=17636&lang=sr\",\"name\":\"Kako treba izve\u0161tavati o autizmu? - K\u00ebshilli i Mediave t\u00eb Shkruara t\u00eb Kosov\u00ebs | P\u00ebr nj\u00eb gazetari etike dhe profesionale\",\"isPartOf\":{\"@id\":\"http:\\\/\\\/presscouncil-ks.org\\\/#website\"},\"primaryImageOfPage\":{\"@id\":\"http:\\\/\\\/presscouncil-ks.org\\\/?p=17636&lang=sr#primaryimage\"},\"image\":{\"@id\":\"http:\\\/\\\/presscouncil-ks.org\\\/?p=17636&lang=sr#primaryimage\"},\"thumbnailUrl\":\"http:\\\/\\\/presscouncil-ks.org\\\/wp-content\\\/uploads\\\/2025\\\/12\\\/rrjetet-sociale-dhe-gazetaria.png\",\"datePublished\":\"2025-12-16T11:52:25+00:00\",\"dateModified\":\"2025-12-16T11:57:08+00:00\",\"breadcrumb\":{\"@id\":\"http:\\\/\\\/presscouncil-ks.org\\\/?p=17636&lang=sr#breadcrumb\"},\"inLanguage\":\"en-US\",\"potentialAction\":[{\"@type\":\"ReadAction\",\"target\":[\"http:\\\/\\\/presscouncil-ks.org\\\/?p=17636&lang=sr\"]}]},{\"@type\":\"ImageObject\",\"inLanguage\":\"en-US\",\"@id\":\"http:\\\/\\\/presscouncil-ks.org\\\/?p=17636&lang=sr#primaryimage\",\"url\":\"http:\\\/\\\/presscouncil-ks.org\\\/wp-content\\\/uploads\\\/2025\\\/12\\\/rrjetet-sociale-dhe-gazetaria.png\",\"contentUrl\":\"http:\\\/\\\/presscouncil-ks.org\\\/wp-content\\\/uploads\\\/2025\\\/12\\\/rrjetet-sociale-dhe-gazetaria.png\",\"width\":1068,\"height\":668},{\"@type\":\"BreadcrumbList\",\"@id\":\"http:\\\/\\\/presscouncil-ks.org\\\/?p=17636&lang=sr#breadcrumb\",\"itemListElement\":[{\"@type\":\"ListItem\",\"position\":1,\"name\":\"Home\",\"item\":\"https:\\\/\\\/presscouncil-ks.org\\\/\"},{\"@type\":\"ListItem\",\"position\":2,\"name\":\"Kako treba izve\u0161tavati o autizmu?\"}]},{\"@type\":\"WebSite\",\"@id\":\"http:\\\/\\\/presscouncil-ks.org\\\/#website\",\"url\":\"http:\\\/\\\/presscouncil-ks.org\\\/\",\"name\":\"https:\\\/\\\/presscouncil-ks.org\\\/\",\"description\":\"\",\"publisher\":{\"@id\":\"http:\\\/\\\/presscouncil-ks.org\\\/#organization\"},\"potentialAction\":[{\"@type\":\"SearchAction\",\"target\":{\"@type\":\"EntryPoint\",\"urlTemplate\":\"http:\\\/\\\/presscouncil-ks.org\\\/?s={search_term_string}\"},\"query-input\":{\"@type\":\"PropertyValueSpecification\",\"valueRequired\":true,\"valueName\":\"search_term_string\"}}],\"inLanguage\":\"en-US\"},{\"@type\":\"Organization\",\"@id\":\"http:\\\/\\\/presscouncil-ks.org\\\/#organization\",\"name\":\"K\u00ebshilli i Mediave t\u00eb Shkruara t\u00eb Kosov\u00ebs\",\"url\":\"http:\\\/\\\/presscouncil-ks.org\\\/\",\"logo\":{\"@type\":\"ImageObject\",\"inLanguage\":\"en-US\",\"@id\":\"http:\\\/\\\/presscouncil-ks.org\\\/#\\\/schema\\\/logo\\\/image\\\/\",\"url\":\"http:\\\/\\\/presscouncil-ks.org\\\/wp-content\\\/uploads\\\/2023\\\/06\\\/cropped-logo.png\",\"contentUrl\":\"http:\\\/\\\/presscouncil-ks.org\\\/wp-content\\\/uploads\\\/2023\\\/06\\\/cropped-logo.png\",\"width\":268,\"height\":166,\"caption\":\"K\u00ebshilli i Mediave t\u00eb Shkruara t\u00eb Kosov\u00ebs\"},\"image\":{\"@id\":\"http:\\\/\\\/presscouncil-ks.org\\\/#\\\/schema\\\/logo\\\/image\\\/\"},\"sameAs\":[\"https:\\\/\\\/www.facebook.com\\\/KMSHKosove\"]},{\"@type\":\"Person\",\"@id\":\"http:\\\/\\\/presscouncil-ks.org\\\/#\\\/schema\\\/person\\\/b79d30c61264caeb733239c16cc4d673\",\"name\":\"Editor\",\"image\":{\"@type\":\"ImageObject\",\"inLanguage\":\"en-US\",\"@id\":\"https:\\\/\\\/secure.gravatar.com\\\/avatar\\\/9534865f39e7b3527010ee17196a76d054b16d731a6a5bfe2f92a071c6e9bf4e?s=96&d=mm&r=g\",\"url\":\"https:\\\/\\\/secure.gravatar.com\\\/avatar\\\/9534865f39e7b3527010ee17196a76d054b16d731a6a5bfe2f92a071c6e9bf4e?s=96&d=mm&r=g\",\"contentUrl\":\"https:\\\/\\\/secure.gravatar.com\\\/avatar\\\/9534865f39e7b3527010ee17196a76d054b16d731a6a5bfe2f92a071c6e9bf4e?s=96&d=mm&r=g\",\"caption\":\"Editor\"},\"url\":\"http:\\\/\\\/presscouncil-ks.org\\\/?author=2\"}]}<\/script>\n<!-- \/ Yoast SEO plugin. -->","yoast_head_json":{"title":"Kako treba izve\u0161tavati o autizmu? - K\u00ebshilli i Mediave t\u00eb Shkruara t\u00eb Kosov\u00ebs | P\u00ebr nj\u00eb gazetari etike dhe profesionale","robots":{"index":"index","follow":"follow","max-snippet":"max-snippet:-1","max-image-preview":"max-image-preview:large","max-video-preview":"max-video-preview:-1"},"canonical":"http:\/\/presscouncil-ks.org\/?p=17636&lang=sr","og_locale":"en_US","og_type":"article","og_title":"Kako treba izve\u0161tavati o autizmu? - K\u00ebshilli i Mediave t\u00eb Shkruara t\u00eb Kosov\u00ebs | P\u00ebr nj\u00eb gazetari etike dhe profesionale","og_description":"Javna i medijska komunikacija o autizmu treba da bude \u0161to ta\u010dnija i sveobuhvatnija. Ovo doprinosi podizanju svesti i izbegavanju uobi\u010dajenih nesporazuma koji se \u010desto srec\u0301u u izve\u0161tavanju. Autizam je deo neurodiverziteta, koncepta koji nagla\u0161ava da ljudski mozak funkcioni\u0161e na razli\u010dite na\u010dine. Termin neurodivergentno se koristi za opisivanje ljudi koji misle, percipiraju ili komuniciraju druga\u010dije od [&hellip;]","og_url":"http:\/\/presscouncil-ks.org\/?p=17636&lang=sr","og_site_name":"K\u00ebshilli i Mediave t\u00eb Shkruara t\u00eb Kosov\u00ebs | P\u00ebr nj\u00eb gazetari etike dhe profesionale","article_publisher":"https:\/\/www.facebook.com\/KMSHKosove","article_published_time":"2025-12-16T11:52:25+00:00","article_modified_time":"2025-12-16T11:57:08+00:00","og_image":[{"width":1068,"height":668,"url":"http:\/\/presscouncil-ks.org\/wp-content\/uploads\/2025\/12\/rrjetet-sociale-dhe-gazetaria.png","type":"image\/png"}],"author":"Editor","twitter_card":"summary_large_image","twitter_misc":{"Written by":"Editor","Est. reading time":"2 minutes"},"schema":{"@context":"https:\/\/schema.org","@graph":[{"@type":"Article","@id":"http:\/\/presscouncil-ks.org\/?p=17636&lang=sr#article","isPartOf":{"@id":"http:\/\/presscouncil-ks.org\/?p=17636&lang=sr"},"author":{"name":"Editor","@id":"http:\/\/presscouncil-ks.org\/#\/schema\/person\/b79d30c61264caeb733239c16cc4d673"},"headline":"Kako treba izve\u0161tavati o autizmu?","datePublished":"2025-12-16T11:52:25+00:00","dateModified":"2025-12-16T11:57:08+00:00","mainEntityOfPage":{"@id":"http:\/\/presscouncil-ks.org\/?p=17636&lang=sr"},"wordCount":168,"commentCount":0,"publisher":{"@id":"http:\/\/presscouncil-ks.org\/#organization"},"image":{"@id":"http:\/\/presscouncil-ks.org\/?p=17636&lang=sr#primaryimage"},"thumbnailUrl":"http:\/\/presscouncil-ks.org\/wp-content\/uploads\/2025\/12\/rrjetet-sociale-dhe-gazetaria.png","articleSection":["Vesti"],"inLanguage":"en-US","potentialAction":[{"@type":"CommentAction","name":"Comment","target":["http:\/\/presscouncil-ks.org\/?p=17636&lang=sr#respond"]}]},{"@type":"WebPage","@id":"http:\/\/presscouncil-ks.org\/?p=17636&lang=sr","url":"http:\/\/presscouncil-ks.org\/?p=17636&lang=sr","name":"Kako treba izve\u0161tavati o autizmu? - K\u00ebshilli i Mediave t\u00eb Shkruara t\u00eb Kosov\u00ebs | P\u00ebr nj\u00eb gazetari etike dhe profesionale","isPartOf":{"@id":"http:\/\/presscouncil-ks.org\/#website"},"primaryImageOfPage":{"@id":"http:\/\/presscouncil-ks.org\/?p=17636&lang=sr#primaryimage"},"image":{"@id":"http:\/\/presscouncil-ks.org\/?p=17636&lang=sr#primaryimage"},"thumbnailUrl":"http:\/\/presscouncil-ks.org\/wp-content\/uploads\/2025\/12\/rrjetet-sociale-dhe-gazetaria.png","datePublished":"2025-12-16T11:52:25+00:00","dateModified":"2025-12-16T11:57:08+00:00","breadcrumb":{"@id":"http:\/\/presscouncil-ks.org\/?p=17636&lang=sr#breadcrumb"},"inLanguage":"en-US","potentialAction":[{"@type":"ReadAction","target":["http:\/\/presscouncil-ks.org\/?p=17636&lang=sr"]}]},{"@type":"ImageObject","inLanguage":"en-US","@id":"http:\/\/presscouncil-ks.org\/?p=17636&lang=sr#primaryimage","url":"http:\/\/presscouncil-ks.org\/wp-content\/uploads\/2025\/12\/rrjetet-sociale-dhe-gazetaria.png","contentUrl":"http:\/\/presscouncil-ks.org\/wp-content\/uploads\/2025\/12\/rrjetet-sociale-dhe-gazetaria.png","width":1068,"height":668},{"@type":"BreadcrumbList","@id":"http:\/\/presscouncil-ks.org\/?p=17636&lang=sr#breadcrumb","itemListElement":[{"@type":"ListItem","position":1,"name":"Home","item":"https:\/\/presscouncil-ks.org\/"},{"@type":"ListItem","position":2,"name":"Kako treba izve\u0161tavati o autizmu?"}]},{"@type":"WebSite","@id":"http:\/\/presscouncil-ks.org\/#website","url":"http:\/\/presscouncil-ks.org\/","name":"https:\/\/presscouncil-ks.org\/","description":"","publisher":{"@id":"http:\/\/presscouncil-ks.org\/#organization"},"potentialAction":[{"@type":"SearchAction","target":{"@type":"EntryPoint","urlTemplate":"http:\/\/presscouncil-ks.org\/?s={search_term_string}"},"query-input":{"@type":"PropertyValueSpecification","valueRequired":true,"valueName":"search_term_string"}}],"inLanguage":"en-US"},{"@type":"Organization","@id":"http:\/\/presscouncil-ks.org\/#organization","name":"K\u00ebshilli i Mediave t\u00eb Shkruara t\u00eb Kosov\u00ebs","url":"http:\/\/presscouncil-ks.org\/","logo":{"@type":"ImageObject","inLanguage":"en-US","@id":"http:\/\/presscouncil-ks.org\/#\/schema\/logo\/image\/","url":"http:\/\/presscouncil-ks.org\/wp-content\/uploads\/2023\/06\/cropped-logo.png","contentUrl":"http:\/\/presscouncil-ks.org\/wp-content\/uploads\/2023\/06\/cropped-logo.png","width":268,"height":166,"caption":"K\u00ebshilli i Mediave t\u00eb Shkruara t\u00eb Kosov\u00ebs"},"image":{"@id":"http:\/\/presscouncil-ks.org\/#\/schema\/logo\/image\/"},"sameAs":["https:\/\/www.facebook.com\/KMSHKosove"]},{"@type":"Person","@id":"http:\/\/presscouncil-ks.org\/#\/schema\/person\/b79d30c61264caeb733239c16cc4d673","name":"Editor","image":{"@type":"ImageObject","inLanguage":"en-US","@id":"https:\/\/secure.gravatar.com\/avatar\/9534865f39e7b3527010ee17196a76d054b16d731a6a5bfe2f92a071c6e9bf4e?s=96&d=mm&r=g","url":"https:\/\/secure.gravatar.com\/avatar\/9534865f39e7b3527010ee17196a76d054b16d731a6a5bfe2f92a071c6e9bf4e?s=96&d=mm&r=g","contentUrl":"https:\/\/secure.gravatar.com\/avatar\/9534865f39e7b3527010ee17196a76d054b16d731a6a5bfe2f92a071c6e9bf4e?s=96&d=mm&r=g","caption":"Editor"},"url":"http:\/\/presscouncil-ks.org\/?author=2"}]}},"_links":{"self":[{"href":"http:\/\/presscouncil-ks.org\/index.php?rest_route=\/wp\/v2\/posts\/17636","targetHints":{"allow":["GET"]}}],"collection":[{"href":"http:\/\/presscouncil-ks.org\/index.php?rest_route=\/wp\/v2\/posts"}],"about":[{"href":"http:\/\/presscouncil-ks.org\/index.php?rest_route=\/wp\/v2\/types\/post"}],"author":[{"embeddable":true,"href":"http:\/\/presscouncil-ks.org\/index.php?rest_route=\/wp\/v2\/users\/2"}],"replies":[{"embeddable":true,"href":"http:\/\/presscouncil-ks.org\/index.php?rest_route=%2Fwp%2Fv2%2Fcomments&post=17636"}],"version-history":[{"count":4,"href":"http:\/\/presscouncil-ks.org\/index.php?rest_route=\/wp\/v2\/posts\/17636\/revisions"}],"predecessor-version":[{"id":17643,"href":"http:\/\/presscouncil-ks.org\/index.php?rest_route=\/wp\/v2\/posts\/17636\/revisions\/17643"}],"wp:featuredmedia":[{"embeddable":true,"href":"http:\/\/presscouncil-ks.org\/index.php?rest_route=\/wp\/v2\/media\/17639"}],"wp:attachment":[{"href":"http:\/\/presscouncil-ks.org\/index.php?rest_route=%2Fwp%2Fv2%2Fmedia&parent=17636"}],"wp:term":[{"taxonomy":"category","embeddable":true,"href":"http:\/\/presscouncil-ks.org\/index.php?rest_route=%2Fwp%2Fv2%2Fcategories&post=17636"},{"taxonomy":"post_tag","embeddable":true,"href":"http:\/\/presscouncil-ks.org\/index.php?rest_route=%2Fwp%2Fv2%2Ftags&post=17636"}],"curies":[{"name":"wp","href":"https:\/\/api.w.org\/{rel}","templated":true}]}}