{"id":17624,"date":"2025-12-16T11:23:18","date_gmt":"2025-12-16T11:23:18","guid":{"rendered":"https:\/\/presscouncil-ks.org\/?p=17624"},"modified":"2026-03-23T13:30:12","modified_gmt":"2026-03-23T13:30:12","slug":"si-duhet-te-raportohet-per-autizmin","status":"publish","type":"post","link":"http:\/\/presscouncil-ks.org\/?p=17624","title":{"rendered":"Si duhet t\u00eb raportohet p\u00ebr autizmin?"},"content":{"rendered":"<div class=\"xdj266r x14z9mp xat24cr x1lziwak x1vvkbs x126k92a\">\n<div dir=\"auto\"><em><strong>Komunikimi publik dhe medial p\u00ebr autizmin duhet t\u00eb jet\u00eb sa m\u00eb i sakt\u00eb dhe gjith\u00ebp\u00ebrfshir\u00ebs. N\u00eb k\u00ebt\u00eb m\u00ebnyr\u00eb kontribuohet n\u00eb rritjen e vet\u00ebdijes dhe n\u00eb shmangien e keqkuptimeve t\u00eb zakonshme, q\u00eb shpesh hasen n\u00eb raportim.<\/strong><\/em><\/div>\n<\/div>\n<div class=\"x14z9mp xat24cr x1lziwak x1vvkbs xtlvy1s x126k92a\">\n<div dir=\"auto\"><\/div>\n<\/div>\n<div dir=\"auto\"><\/div>\n<div dir=\"auto\"><\/div>\n<div class=\"x14z9mp xat24cr x1lziwak x1vvkbs xtlvy1s x126k92a\">\n<div dir=\"auto\">Autizmi \u00ebsht\u00eb pjes\u00eb e neurodiversitetit, nj\u00eb koncept q\u00eb n\u00ebnvizon se truri i njer\u00ebzve funksionon n\u00eb m\u00ebnyra t\u00eb ndryshme. Termi neurodivergjent p\u00ebrdoret p\u00ebr t\u00eb p\u00ebrshkruar persona q\u00eb mendojn\u00eb, perceptojn\u00eb apo komunikojn\u00eb ndryshe nga shumica &#8211; p\u00ebrfshir\u00eb personat autik\u00eb, si dhe ata me ADHD, disleksi apo kushte t\u00eb tjera zhvillimore.<\/div>\n<\/div>\n<div dir=\"auto\"><\/div>\n<div dir=\"auto\"><\/div>\n<div dir=\"auto\"><\/div>\n<div dir=\"auto\"><\/div>\n<div class=\"x14z9mp xat24cr x1lziwak x1vvkbs xtlvy1s x126k92a\">\n<div dir=\"auto\">\u00a0<img loading=\"lazy\" decoding=\"async\" class=\"alignnone wp-image-17629\" src=\"http:\/\/presscouncil-ks.org\/wp-content\/uploads\/2025\/12\/autizmi-2-300x224.jpg\" alt=\"\" width=\"458\" height=\"342\" srcset=\"http:\/\/presscouncil-ks.org\/wp-content\/uploads\/2025\/12\/autizmi-2-300x224.jpg 300w, http:\/\/presscouncil-ks.org\/wp-content\/uploads\/2025\/12\/autizmi-2-768x574.jpg 768w, http:\/\/presscouncil-ks.org\/wp-content\/uploads\/2025\/12\/autizmi-2.jpg 999w\" sizes=\"auto, (max-width: 458px) 100vw, 458px\" \/><\/div>\n<\/div>\n<div dir=\"auto\"><\/div>\n<div dir=\"auto\"><\/div>\n<div dir=\"auto\"><\/div>\n<div dir=\"auto\"><\/div>\n<div class=\"x14z9mp xat24cr x1lziwak x1vvkbs xtlvy1s x126k92a\">\n<div dir=\"auto\">N\u00eb k\u00ebt\u00eb kuptim, autizmi nuk \u00ebsht\u00eb s\u00ebmundje, por nj\u00eb gjendje neurozhvillimore q\u00eb paraqet nj\u00eb m\u00ebnyr\u00eb t\u00eb ndryshme t\u00eb perceptimit dhe nd\u00ebrveprimit me bot\u00ebn. P\u00ebr k\u00ebt\u00eb arsye, m\u00ebnyra se si flasim dhe shkruajm\u00eb p\u00ebr autizmin ka ndikim t\u00eb madh n\u00eb m\u00ebnyr\u00ebn se si shoq\u00ebria e kupton dhe e pranon k\u00ebt\u00eb diversitet. OJQ \u201cLobimi p\u00ebr Autiz\u00ebm\u201d rekomandon qasje t\u00eb kujdeshme gjat\u00eb raportimit p\u00ebr autizmin.<\/div>\n<\/div>\n<div dir=\"auto\"><\/div>\n<div dir=\"auto\"><\/div>\n<div dir=\"auto\"><\/div>\n<div dir=\"auto\">Lexo edhe k\u00ebt\u00eb: <span style=\"color: #0000ff;\"><a style=\"color: #0000ff;\" href=\"https:\/\/presscouncil-ks.org\/?p=17610\">Si duhet t\u00eb raportohet p\u00ebr personat me aft\u00ebsi t\u00eb kufizuar?<\/a><\/span><\/div>\n<div dir=\"auto\">\n<h6 class=\"article-title text-rufina text-700\"><strong>\u00a0<\/strong><\/h6>\n<\/div>\n<div dir=\"auto\"><\/div>\n","protected":false},"excerpt":{"rendered":"<p>Komunikimi publik dhe medial p\u00ebr autizmin duhet t\u00eb jet\u00eb sa m\u00eb i sakt\u00eb dhe gjith\u00ebp\u00ebrfshir\u00ebs. N\u00eb k\u00ebt\u00eb m\u00ebnyr\u00eb kontribuohet n\u00eb rritjen e vet\u00ebdijes dhe n\u00eb shmangien e keqkuptimeve t\u00eb zakonshme, q\u00eb shpesh hasen n\u00eb raportim. Autizmi \u00ebsht\u00eb pjes\u00eb e neurodiversitetit, nj\u00eb koncept q\u00eb n\u00ebnvizon se truri i njer\u00ebzve funksionon n\u00eb m\u00ebnyra t\u00eb ndryshme. Termi neurodivergjent [&hellip;]<\/p>\n","protected":false},"author":2,"featured_media":17301,"comment_status":"open","ping_status":"open","sticky":false,"template":"","format":"standard","meta":{"footnotes":""},"categories":[92],"tags":[],"class_list":["post-17624","post","type-post","status-publish","format-standard","has-post-thumbnail","hentry","category-news-sq"],"acf":{"video_title":"","video":false},"yoast_head":"<!-- This site is optimized with the Yoast SEO plugin v28.3 - https:\/\/yoast.com\/product\/yoast-seo-wordpress\/ -->\n<title>Si duhet t\u00eb raportohet p\u00ebr autizmin? - K\u00ebshilli i Mediave t\u00eb Shkruara t\u00eb Kosov\u00ebs | P\u00ebr nj\u00eb gazetari etike dhe profesionale<\/title>\n<meta name=\"robots\" content=\"index, follow, max-snippet:-1, max-image-preview:large, max-video-preview:-1\" \/>\n<link rel=\"canonical\" href=\"http:\/\/presscouncil-ks.org\/?p=17624\" \/>\n<meta property=\"og:locale\" content=\"en_US\" \/>\n<meta property=\"og:type\" content=\"article\" \/>\n<meta property=\"og:title\" content=\"Si duhet t\u00eb raportohet p\u00ebr autizmin? - K\u00ebshilli i Mediave t\u00eb Shkruara t\u00eb Kosov\u00ebs | P\u00ebr nj\u00eb gazetari etike dhe profesionale\" \/>\n<meta property=\"og:description\" content=\"Komunikimi publik dhe medial p\u00ebr autizmin duhet t\u00eb jet\u00eb sa m\u00eb i sakt\u00eb dhe gjith\u00ebp\u00ebrfshir\u00ebs. N\u00eb k\u00ebt\u00eb m\u00ebnyr\u00eb kontribuohet n\u00eb rritjen e vet\u00ebdijes dhe n\u00eb shmangien e keqkuptimeve t\u00eb zakonshme, q\u00eb shpesh hasen n\u00eb raportim. Autizmi \u00ebsht\u00eb pjes\u00eb e neurodiversitetit, nj\u00eb koncept q\u00eb n\u00ebnvizon se truri i njer\u00ebzve funksionon n\u00eb m\u00ebnyra t\u00eb ndryshme. Termi neurodivergjent [&hellip;]\" \/>\n<meta property=\"og:url\" content=\"http:\/\/presscouncil-ks.org\/?p=17624\" \/>\n<meta property=\"og:site_name\" content=\"K\u00ebshilli i Mediave t\u00eb Shkruara t\u00eb Kosov\u00ebs | P\u00ebr nj\u00eb gazetari etike dhe profesionale\" \/>\n<meta property=\"article:publisher\" content=\"https:\/\/www.facebook.com\/KMSHKosove\" \/>\n<meta property=\"article:published_time\" content=\"2025-12-16T11:23:18+00:00\" \/>\n<meta property=\"article:modified_time\" content=\"2026-03-23T13:30:12+00:00\" \/>\n<meta property=\"og:image\" content=\"http:\/\/presscouncil-ks.org\/wp-content\/uploads\/2025\/10\/rrjetet-sociale-dhe-gazetaria.png\" \/>\n\t<meta property=\"og:image:width\" content=\"1068\" \/>\n\t<meta property=\"og:image:height\" content=\"668\" \/>\n\t<meta property=\"og:image:type\" content=\"image\/png\" \/>\n<meta name=\"author\" content=\"Editor\" \/>\n<meta name=\"twitter:card\" content=\"summary_large_image\" \/>\n<meta name=\"twitter:label1\" content=\"Written by\" \/>\n\t<meta name=\"twitter:data1\" content=\"Editor\" \/>\n\t<meta name=\"twitter:label2\" content=\"Est. reading time\" \/>\n\t<meta name=\"twitter:data2\" content=\"2 minutes\" \/>\n<script type=\"application\/ld+json\" class=\"yoast-schema-graph\">{\"@context\":\"https:\\\/\\\/schema.org\",\"@graph\":[{\"@type\":\"Article\",\"@id\":\"http:\\\/\\\/presscouncil-ks.org\\\/?p=17624#article\",\"isPartOf\":{\"@id\":\"http:\\\/\\\/presscouncil-ks.org\\\/?p=17624\"},\"author\":{\"name\":\"Editor\",\"@id\":\"http:\\\/\\\/presscouncil-ks.org\\\/#\\\/schema\\\/person\\\/b79d30c61264caeb733239c16cc4d673\"},\"headline\":\"Si duhet t\u00eb raportohet p\u00ebr autizmin?\",\"datePublished\":\"2025-12-16T11:23:18+00:00\",\"dateModified\":\"2026-03-23T13:30:12+00:00\",\"mainEntityOfPage\":{\"@id\":\"http:\\\/\\\/presscouncil-ks.org\\\/?p=17624\"},\"wordCount\":198,\"commentCount\":0,\"publisher\":{\"@id\":\"http:\\\/\\\/presscouncil-ks.org\\\/#organization\"},\"image\":{\"@id\":\"http:\\\/\\\/presscouncil-ks.org\\\/?p=17624#primaryimage\"},\"thumbnailUrl\":\"http:\\\/\\\/presscouncil-ks.org\\\/wp-content\\\/uploads\\\/2025\\\/10\\\/rrjetet-sociale-dhe-gazetaria.png\",\"articleSection\":[\"Lajm\"],\"inLanguage\":\"en-US\",\"potentialAction\":[{\"@type\":\"CommentAction\",\"name\":\"Comment\",\"target\":[\"http:\\\/\\\/presscouncil-ks.org\\\/?p=17624#respond\"]}]},{\"@type\":\"WebPage\",\"@id\":\"http:\\\/\\\/presscouncil-ks.org\\\/?p=17624\",\"url\":\"http:\\\/\\\/presscouncil-ks.org\\\/?p=17624\",\"name\":\"Si duhet t\u00eb raportohet p\u00ebr autizmin? - K\u00ebshilli i Mediave t\u00eb Shkruara t\u00eb Kosov\u00ebs | P\u00ebr nj\u00eb gazetari etike dhe profesionale\",\"isPartOf\":{\"@id\":\"http:\\\/\\\/presscouncil-ks.org\\\/#website\"},\"primaryImageOfPage\":{\"@id\":\"http:\\\/\\\/presscouncil-ks.org\\\/?p=17624#primaryimage\"},\"image\":{\"@id\":\"http:\\\/\\\/presscouncil-ks.org\\\/?p=17624#primaryimage\"},\"thumbnailUrl\":\"http:\\\/\\\/presscouncil-ks.org\\\/wp-content\\\/uploads\\\/2025\\\/10\\\/rrjetet-sociale-dhe-gazetaria.png\",\"datePublished\":\"2025-12-16T11:23:18+00:00\",\"dateModified\":\"2026-03-23T13:30:12+00:00\",\"breadcrumb\":{\"@id\":\"http:\\\/\\\/presscouncil-ks.org\\\/?p=17624#breadcrumb\"},\"inLanguage\":\"en-US\",\"potentialAction\":[{\"@type\":\"ReadAction\",\"target\":[\"http:\\\/\\\/presscouncil-ks.org\\\/?p=17624\"]}]},{\"@type\":\"ImageObject\",\"inLanguage\":\"en-US\",\"@id\":\"http:\\\/\\\/presscouncil-ks.org\\\/?p=17624#primaryimage\",\"url\":\"http:\\\/\\\/presscouncil-ks.org\\\/wp-content\\\/uploads\\\/2025\\\/10\\\/rrjetet-sociale-dhe-gazetaria.png\",\"contentUrl\":\"http:\\\/\\\/presscouncil-ks.org\\\/wp-content\\\/uploads\\\/2025\\\/10\\\/rrjetet-sociale-dhe-gazetaria.png\",\"width\":1068,\"height\":668},{\"@type\":\"BreadcrumbList\",\"@id\":\"http:\\\/\\\/presscouncil-ks.org\\\/?p=17624#breadcrumb\",\"itemListElement\":[{\"@type\":\"ListItem\",\"position\":1,\"name\":\"Home\",\"item\":\"https:\\\/\\\/presscouncil-ks.org\\\/\"},{\"@type\":\"ListItem\",\"position\":2,\"name\":\"Si duhet t\u00eb raportohet p\u00ebr autizmin?\"}]},{\"@type\":\"WebSite\",\"@id\":\"http:\\\/\\\/presscouncil-ks.org\\\/#website\",\"url\":\"http:\\\/\\\/presscouncil-ks.org\\\/\",\"name\":\"https:\\\/\\\/presscouncil-ks.org\\\/\",\"description\":\"\",\"publisher\":{\"@id\":\"http:\\\/\\\/presscouncil-ks.org\\\/#organization\"},\"potentialAction\":[{\"@type\":\"SearchAction\",\"target\":{\"@type\":\"EntryPoint\",\"urlTemplate\":\"http:\\\/\\\/presscouncil-ks.org\\\/?s={search_term_string}\"},\"query-input\":{\"@type\":\"PropertyValueSpecification\",\"valueRequired\":true,\"valueName\":\"search_term_string\"}}],\"inLanguage\":\"en-US\"},{\"@type\":\"Organization\",\"@id\":\"http:\\\/\\\/presscouncil-ks.org\\\/#organization\",\"name\":\"K\u00ebshilli i Mediave t\u00eb Shkruara t\u00eb Kosov\u00ebs\",\"url\":\"http:\\\/\\\/presscouncil-ks.org\\\/\",\"logo\":{\"@type\":\"ImageObject\",\"inLanguage\":\"en-US\",\"@id\":\"http:\\\/\\\/presscouncil-ks.org\\\/#\\\/schema\\\/logo\\\/image\\\/\",\"url\":\"http:\\\/\\\/presscouncil-ks.org\\\/wp-content\\\/uploads\\\/2023\\\/06\\\/cropped-logo.png\",\"contentUrl\":\"http:\\\/\\\/presscouncil-ks.org\\\/wp-content\\\/uploads\\\/2023\\\/06\\\/cropped-logo.png\",\"width\":268,\"height\":166,\"caption\":\"K\u00ebshilli i Mediave t\u00eb Shkruara t\u00eb Kosov\u00ebs\"},\"image\":{\"@id\":\"http:\\\/\\\/presscouncil-ks.org\\\/#\\\/schema\\\/logo\\\/image\\\/\"},\"sameAs\":[\"https:\\\/\\\/www.facebook.com\\\/KMSHKosove\"]},{\"@type\":\"Person\",\"@id\":\"http:\\\/\\\/presscouncil-ks.org\\\/#\\\/schema\\\/person\\\/b79d30c61264caeb733239c16cc4d673\",\"name\":\"Editor\",\"image\":{\"@type\":\"ImageObject\",\"inLanguage\":\"en-US\",\"@id\":\"https:\\\/\\\/secure.gravatar.com\\\/avatar\\\/9534865f39e7b3527010ee17196a76d054b16d731a6a5bfe2f92a071c6e9bf4e?s=96&d=mm&r=g\",\"url\":\"https:\\\/\\\/secure.gravatar.com\\\/avatar\\\/9534865f39e7b3527010ee17196a76d054b16d731a6a5bfe2f92a071c6e9bf4e?s=96&d=mm&r=g\",\"contentUrl\":\"https:\\\/\\\/secure.gravatar.com\\\/avatar\\\/9534865f39e7b3527010ee17196a76d054b16d731a6a5bfe2f92a071c6e9bf4e?s=96&d=mm&r=g\",\"caption\":\"Editor\"},\"url\":\"http:\\\/\\\/presscouncil-ks.org\\\/?author=2\"}]}<\/script>\n<!-- \/ Yoast SEO plugin. -->","yoast_head_json":{"title":"Si duhet t\u00eb raportohet p\u00ebr autizmin? - K\u00ebshilli i Mediave t\u00eb Shkruara t\u00eb Kosov\u00ebs | P\u00ebr nj\u00eb gazetari etike dhe profesionale","robots":{"index":"index","follow":"follow","max-snippet":"max-snippet:-1","max-image-preview":"max-image-preview:large","max-video-preview":"max-video-preview:-1"},"canonical":"http:\/\/presscouncil-ks.org\/?p=17624","og_locale":"en_US","og_type":"article","og_title":"Si duhet t\u00eb raportohet p\u00ebr autizmin? - K\u00ebshilli i Mediave t\u00eb Shkruara t\u00eb Kosov\u00ebs | P\u00ebr nj\u00eb gazetari etike dhe profesionale","og_description":"Komunikimi publik dhe medial p\u00ebr autizmin duhet t\u00eb jet\u00eb sa m\u00eb i sakt\u00eb dhe gjith\u00ebp\u00ebrfshir\u00ebs. N\u00eb k\u00ebt\u00eb m\u00ebnyr\u00eb kontribuohet n\u00eb rritjen e vet\u00ebdijes dhe n\u00eb shmangien e keqkuptimeve t\u00eb zakonshme, q\u00eb shpesh hasen n\u00eb raportim. Autizmi \u00ebsht\u00eb pjes\u00eb e neurodiversitetit, nj\u00eb koncept q\u00eb n\u00ebnvizon se truri i njer\u00ebzve funksionon n\u00eb m\u00ebnyra t\u00eb ndryshme. Termi neurodivergjent [&hellip;]","og_url":"http:\/\/presscouncil-ks.org\/?p=17624","og_site_name":"K\u00ebshilli i Mediave t\u00eb Shkruara t\u00eb Kosov\u00ebs | P\u00ebr nj\u00eb gazetari etike dhe profesionale","article_publisher":"https:\/\/www.facebook.com\/KMSHKosove","article_published_time":"2025-12-16T11:23:18+00:00","article_modified_time":"2026-03-23T13:30:12+00:00","og_image":[{"width":1068,"height":668,"url":"http:\/\/presscouncil-ks.org\/wp-content\/uploads\/2025\/10\/rrjetet-sociale-dhe-gazetaria.png","type":"image\/png"}],"author":"Editor","twitter_card":"summary_large_image","twitter_misc":{"Written by":"Editor","Est. reading time":"2 minutes"},"schema":{"@context":"https:\/\/schema.org","@graph":[{"@type":"Article","@id":"http:\/\/presscouncil-ks.org\/?p=17624#article","isPartOf":{"@id":"http:\/\/presscouncil-ks.org\/?p=17624"},"author":{"name":"Editor","@id":"http:\/\/presscouncil-ks.org\/#\/schema\/person\/b79d30c61264caeb733239c16cc4d673"},"headline":"Si duhet t\u00eb raportohet p\u00ebr autizmin?","datePublished":"2025-12-16T11:23:18+00:00","dateModified":"2026-03-23T13:30:12+00:00","mainEntityOfPage":{"@id":"http:\/\/presscouncil-ks.org\/?p=17624"},"wordCount":198,"commentCount":0,"publisher":{"@id":"http:\/\/presscouncil-ks.org\/#organization"},"image":{"@id":"http:\/\/presscouncil-ks.org\/?p=17624#primaryimage"},"thumbnailUrl":"http:\/\/presscouncil-ks.org\/wp-content\/uploads\/2025\/10\/rrjetet-sociale-dhe-gazetaria.png","articleSection":["Lajm"],"inLanguage":"en-US","potentialAction":[{"@type":"CommentAction","name":"Comment","target":["http:\/\/presscouncil-ks.org\/?p=17624#respond"]}]},{"@type":"WebPage","@id":"http:\/\/presscouncil-ks.org\/?p=17624","url":"http:\/\/presscouncil-ks.org\/?p=17624","name":"Si duhet t\u00eb raportohet p\u00ebr autizmin? - K\u00ebshilli i Mediave t\u00eb Shkruara t\u00eb Kosov\u00ebs | P\u00ebr nj\u00eb gazetari etike dhe profesionale","isPartOf":{"@id":"http:\/\/presscouncil-ks.org\/#website"},"primaryImageOfPage":{"@id":"http:\/\/presscouncil-ks.org\/?p=17624#primaryimage"},"image":{"@id":"http:\/\/presscouncil-ks.org\/?p=17624#primaryimage"},"thumbnailUrl":"http:\/\/presscouncil-ks.org\/wp-content\/uploads\/2025\/10\/rrjetet-sociale-dhe-gazetaria.png","datePublished":"2025-12-16T11:23:18+00:00","dateModified":"2026-03-23T13:30:12+00:00","breadcrumb":{"@id":"http:\/\/presscouncil-ks.org\/?p=17624#breadcrumb"},"inLanguage":"en-US","potentialAction":[{"@type":"ReadAction","target":["http:\/\/presscouncil-ks.org\/?p=17624"]}]},{"@type":"ImageObject","inLanguage":"en-US","@id":"http:\/\/presscouncil-ks.org\/?p=17624#primaryimage","url":"http:\/\/presscouncil-ks.org\/wp-content\/uploads\/2025\/10\/rrjetet-sociale-dhe-gazetaria.png","contentUrl":"http:\/\/presscouncil-ks.org\/wp-content\/uploads\/2025\/10\/rrjetet-sociale-dhe-gazetaria.png","width":1068,"height":668},{"@type":"BreadcrumbList","@id":"http:\/\/presscouncil-ks.org\/?p=17624#breadcrumb","itemListElement":[{"@type":"ListItem","position":1,"name":"Home","item":"https:\/\/presscouncil-ks.org\/"},{"@type":"ListItem","position":2,"name":"Si duhet t\u00eb raportohet p\u00ebr autizmin?"}]},{"@type":"WebSite","@id":"http:\/\/presscouncil-ks.org\/#website","url":"http:\/\/presscouncil-ks.org\/","name":"https:\/\/presscouncil-ks.org\/","description":"","publisher":{"@id":"http:\/\/presscouncil-ks.org\/#organization"},"potentialAction":[{"@type":"SearchAction","target":{"@type":"EntryPoint","urlTemplate":"http:\/\/presscouncil-ks.org\/?s={search_term_string}"},"query-input":{"@type":"PropertyValueSpecification","valueRequired":true,"valueName":"search_term_string"}}],"inLanguage":"en-US"},{"@type":"Organization","@id":"http:\/\/presscouncil-ks.org\/#organization","name":"K\u00ebshilli i Mediave t\u00eb Shkruara t\u00eb Kosov\u00ebs","url":"http:\/\/presscouncil-ks.org\/","logo":{"@type":"ImageObject","inLanguage":"en-US","@id":"http:\/\/presscouncil-ks.org\/#\/schema\/logo\/image\/","url":"http:\/\/presscouncil-ks.org\/wp-content\/uploads\/2023\/06\/cropped-logo.png","contentUrl":"http:\/\/presscouncil-ks.org\/wp-content\/uploads\/2023\/06\/cropped-logo.png","width":268,"height":166,"caption":"K\u00ebshilli i Mediave t\u00eb Shkruara t\u00eb Kosov\u00ebs"},"image":{"@id":"http:\/\/presscouncil-ks.org\/#\/schema\/logo\/image\/"},"sameAs":["https:\/\/www.facebook.com\/KMSHKosove"]},{"@type":"Person","@id":"http:\/\/presscouncil-ks.org\/#\/schema\/person\/b79d30c61264caeb733239c16cc4d673","name":"Editor","image":{"@type":"ImageObject","inLanguage":"en-US","@id":"https:\/\/secure.gravatar.com\/avatar\/9534865f39e7b3527010ee17196a76d054b16d731a6a5bfe2f92a071c6e9bf4e?s=96&d=mm&r=g","url":"https:\/\/secure.gravatar.com\/avatar\/9534865f39e7b3527010ee17196a76d054b16d731a6a5bfe2f92a071c6e9bf4e?s=96&d=mm&r=g","contentUrl":"https:\/\/secure.gravatar.com\/avatar\/9534865f39e7b3527010ee17196a76d054b16d731a6a5bfe2f92a071c6e9bf4e?s=96&d=mm&r=g","caption":"Editor"},"url":"http:\/\/presscouncil-ks.org\/?author=2"}]}},"_links":{"self":[{"href":"http:\/\/presscouncil-ks.org\/index.php?rest_route=\/wp\/v2\/posts\/17624","targetHints":{"allow":["GET"]}}],"collection":[{"href":"http:\/\/presscouncil-ks.org\/index.php?rest_route=\/wp\/v2\/posts"}],"about":[{"href":"http:\/\/presscouncil-ks.org\/index.php?rest_route=\/wp\/v2\/types\/post"}],"author":[{"embeddable":true,"href":"http:\/\/presscouncil-ks.org\/index.php?rest_route=\/wp\/v2\/users\/2"}],"replies":[{"embeddable":true,"href":"http:\/\/presscouncil-ks.org\/index.php?rest_route=%2Fwp%2Fv2%2Fcomments&post=17624"}],"version-history":[{"count":10,"href":"http:\/\/presscouncil-ks.org\/index.php?rest_route=\/wp\/v2\/posts\/17624\/revisions"}],"predecessor-version":[{"id":17939,"href":"http:\/\/presscouncil-ks.org\/index.php?rest_route=\/wp\/v2\/posts\/17624\/revisions\/17939"}],"wp:featuredmedia":[{"embeddable":true,"href":"http:\/\/presscouncil-ks.org\/index.php?rest_route=\/wp\/v2\/media\/17301"}],"wp:attachment":[{"href":"http:\/\/presscouncil-ks.org\/index.php?rest_route=%2Fwp%2Fv2%2Fmedia&parent=17624"}],"wp:term":[{"taxonomy":"category","embeddable":true,"href":"http:\/\/presscouncil-ks.org\/index.php?rest_route=%2Fwp%2Fv2%2Fcategories&post=17624"},{"taxonomy":"post_tag","embeddable":true,"href":"http:\/\/presscouncil-ks.org\/index.php?rest_route=%2Fwp%2Fv2%2Ftags&post=17624"}],"curies":[{"name":"wp","href":"https:\/\/api.w.org\/{rel}","templated":true}]}}