{"id":17598,"date":"2025-12-10T15:13:08","date_gmt":"2025-12-10T15:13:08","guid":{"rendered":"https:\/\/presscouncil-ks.org\/?p=17598"},"modified":"2025-12-10T15:14:39","modified_gmt":"2025-12-10T15:14:39","slug":"savet-stampe-je-organizovao-obuku-o-laznim-vestima","status":"publish","type":"post","link":"http:\/\/presscouncil-ks.org\/?p=17598&lang=sr","title":{"rendered":"Savet \u0160tampe je organizovao obuku o la\u017enim vestima"},"content":{"rendered":"<div class=\"x14z9mp xat24cr x1lziwak x1vvkbs xtlvy1s x126k92a\">\n<div dir=\"auto\">Za studente novinarstva, mlade novinare i svoje osoblje, Savet \u0160tampe Kosova (S\u0160K) organizovao je obuku \u201dKako otkriti la\u017ene vesti? \u2013 Alati i metode\u201c. Tokom obuke, koja je odr\u017eana u Pri\u0161tini, u\u010desnicima je pru\u017eena prilika da identifikuju i dekonstrui\u0161u la\u017eni medijski sadr\u017eaj kroz prakti\u010dne primere, odnosno prakti\u010dan rad.<\/div>\n<div dir=\"auto\"><\/div>\n<\/div>\n<div class=\"x14z9mp xat24cr x1lziwak x1vvkbs xtlvy1s x126k92a\">\n<div dir=\"auto\"><\/div>\n<div dir=\"auto\">Festim Rizanaj iz Hibrid.info fokusirao se na identifikovanje la\u017enih vesti i njihovu dekonstrukciju, kao i na dekonstrukciju narativa kroz koje se ciljaju dezinformacije i pogre\u0161ne informacije.<\/div>\n<\/div>\n<div class=\"x14z9mp xat24cr x1lziwak x1vvkbs xtlvy1s x126k92a\">\n<div dir=\"auto\">Visar Prebreza iz Krypometri \/<span style=\"color: #0000ff;\"><strong> <span class=\"html-span xdj266r x14z9mp xat24cr x1lziwak xexx8yu xyri2b x18d9i69 x1c1uobl x1hl2dhg x16tdsg8 x1vvkbs\"><a class=\"x1i10hfl xjbqb8w x1ejq31n x18oe1m7 x1sy0etr xstzfhl x972fbf x10w94by x1qhh985 x14e42zd x9f619 x1ypdohk xt0psk2 x3ct3a4 xdj266r x14z9mp xat24cr x1lziwak xexx8yu xyri2b x18d9i69 x1c1uobl x16tdsg8 x1hl2dhg xggy1nq x1a2a7pz xkrqix3 x1sur9pj x1fey0fg x1s688f\" style=\"color: #0000ff;\" tabindex=\"0\" role=\"link\" href=\"https:\/\/l.facebook.com\/l.php?u=http%3A%2F%2FKallxo.com%2F%3Ffbclid%3DIwZXh0bgNhZW0CMTAAYnJpZBEwNDlyUTlweERxN0JMUU1NS3NydGMGYXBwX2lkEDIyMjAzOTE3ODgyMDA4OTIAAR6kzYCe4j9vGJcfzMG1bjqRInqyhASRRMJDmH-16r66k1-p6AzfW_GHLbEC9Q_aem_eReGKKVm-wRnNyDhPF_bAg&amp;h=AT0Ibjd89eIVxVvweVl-CbNDCTSTHEmzODhR6Sm8gk_jxjiUEzPQ79dEvE73b-9O6uaYt6KLO42QqcFNiNvnfscmgl7cMYxIYCTKF1TkVISLrudqlRo7mgZBq0UZS5MJwmmzktkqAy8bLw&amp;__tn__=-UK-R&amp;c[0]=AT2IDcGj52ETvlO_BvKpTY7qGaVgLV41fX2zyECjaahq7MdVi6hyd6DXgMemHfKwd7ZK_jtMDf7QjLCJgRL7ZYzZccFwhukdN7-BBFOKhpY6argP7Cd3extPSGLG4QCkhxNdsUaOc1_-YuO2g6z-oQinVO7T-ty_LDDPr63ee2agExT5MTV06twESxGk7joI8Kz8LR64QefTHurYXRQIdDrw\" target=\"_blank\" rel=\"nofollow noopener\">Kallxo.com<\/a><\/span> <\/strong><\/span>govorio je o dekonstrukciji la\u017enih fotografija, odnosno video zapisa, sa posebnim akcentom na one generisane Ve\u0161ta\u010dkom Inteligencijom (AI).<\/div>\n<\/div>\n<div class=\"x14z9mp xat24cr x1lziwak x1vvkbs xtlvy1s x126k92a\">\n<div dir=\"auto\"><\/div>\n<div dir=\"auto\"><\/div>\n<div dir=\"auto\">U me\u0111uvremenu, novinarka Evliana Berani razgovarala je sa u\u010desnicima o metodama istra\u017eivanja i alatima za dekonstrukciju la\u017enog medijskog sadr\u017eaja.<\/div>\n<\/div>\n<div class=\"x14z9mp xat24cr x1lziwak x1vvkbs xtlvy1s x126k92a\">\n<div dir=\"auto\">\n<div id=\"attachment_17601\" style=\"width: 659px\" class=\"wp-caption alignnone\"><img loading=\"lazy\" decoding=\"async\" aria-describedby=\"caption-attachment-17601\" class=\" wp-image-17601\" src=\"http:\/\/presscouncil-ks.org\/wp-content\/uploads\/2025\/12\/4-trajn-300x189.jpg\" alt=\"\" width=\"649\" height=\"409\" srcset=\"http:\/\/presscouncil-ks.org\/wp-content\/uploads\/2025\/12\/4-trajn-300x189.jpg 300w, http:\/\/presscouncil-ks.org\/wp-content\/uploads\/2025\/12\/4-trajn-1024x646.jpg 1024w, http:\/\/presscouncil-ks.org\/wp-content\/uploads\/2025\/12\/4-trajn-768x484.jpg 768w, http:\/\/presscouncil-ks.org\/wp-content\/uploads\/2025\/12\/4-trajn-1536x968.jpg 1536w, http:\/\/presscouncil-ks.org\/wp-content\/uploads\/2025\/12\/4-trajn.jpg 2048w\" sizes=\"auto, (max-width: 649px) 100vw, 649px\" \/><p id=\"caption-attachment-17601\" class=\"wp-caption-text\">Festim Rizanaj iz Hibrid.info fokusirao se na identifikovanje la\u017enih vesti i njihovu dekonstrukciju<\/p><\/div>\n<\/div>\n<div dir=\"auto\"><\/div>\n<div dir=\"auto\">Obuka je bila korisna i za osoblje Saveta \u0160tampe, koji predstavljene metode i alate c\u0301e moc\u0301i da primene tokom svog trenutnog rada, posebno u vezi sa prac\u0301enjem medijskog sadr\u017eaja i \u017ealbi stranaka.<\/div>\n<\/div>\n<div class=\"x14z9mp xat24cr x1lziwak x1vvkbs xtlvy1s x126k92a\">\n<div dir=\"auto\">Ovu aktivnost je finansirala EU u okviru projekta \u201dJa\u010danje uloge i kapaciteta istra\u017eiva\u010dkog novinarstva na Kosovu\u201c, koji sprovode BIRN Kosovo, Savet \u0160tampe Kosova i TV Mre\u017ea.<\/div>\n<\/div>\n","protected":false},"excerpt":{"rendered":"<p>Za studente novinarstva, mlade novinare i svoje osoblje, Savet \u0160tampe Kosova (S\u0160K) organizovao je obuku \u201dKako otkriti la\u017ene vesti? \u2013 Alati i metode\u201c. Tokom obuke, koja je odr\u017eana u Pri\u0161tini, u\u010desnicima je pru\u017eena prilika da identifikuju i dekonstrui\u0161u la\u017eni medijski sadr\u017eaj kroz prakti\u010dne primere, odnosno prakti\u010dan rad. Festim Rizanaj iz Hibrid.info fokusirao se na identifikovanje [&hellip;]<\/p>\n","protected":false},"author":2,"featured_media":17599,"comment_status":"open","ping_status":"open","sticky":false,"template":"","format":"standard","meta":{"footnotes":""},"categories":[135],"tags":[],"class_list":["post-17598","post","type-post","status-publish","format-standard","has-post-thumbnail","hentry","category-vesti"],"acf":[],"yoast_head":"<!-- This site is optimized with the Yoast SEO plugin v28.3 - https:\/\/yoast.com\/product\/yoast-seo-wordpress\/ -->\n<title>Savet \u0160tampe je organizovao obuku o la\u017enim vestima - K\u00ebshilli i Mediave t\u00eb Shkruara t\u00eb Kosov\u00ebs | P\u00ebr nj\u00eb gazetari etike dhe profesionale<\/title>\n<meta name=\"robots\" content=\"index, follow, max-snippet:-1, max-image-preview:large, max-video-preview:-1\" \/>\n<link rel=\"canonical\" href=\"http:\/\/presscouncil-ks.org\/?p=17598&lang=sr\" \/>\n<meta property=\"og:locale\" content=\"en_US\" \/>\n<meta property=\"og:type\" content=\"article\" \/>\n<meta property=\"og:title\" content=\"Savet \u0160tampe je organizovao obuku o la\u017enim vestima - K\u00ebshilli i Mediave t\u00eb Shkruara t\u00eb Kosov\u00ebs | P\u00ebr nj\u00eb gazetari etike dhe profesionale\" \/>\n<meta property=\"og:description\" content=\"Za studente novinarstva, mlade novinare i svoje osoblje, Savet \u0160tampe Kosova (S\u0160K) organizovao je obuku \u201dKako otkriti la\u017ene vesti? \u2013 Alati i metode\u201c. Tokom obuke, koja je odr\u017eana u Pri\u0161tini, u\u010desnicima je pru\u017eena prilika da identifikuju i dekonstrui\u0161u la\u017eni medijski sadr\u017eaj kroz prakti\u010dne primere, odnosno prakti\u010dan rad. Festim Rizanaj iz Hibrid.info fokusirao se na identifikovanje [&hellip;]\" \/>\n<meta property=\"og:url\" content=\"http:\/\/presscouncil-ks.org\/?p=17598&amp;lang=sr\" \/>\n<meta property=\"og:site_name\" content=\"K\u00ebshilli i Mediave t\u00eb Shkruara t\u00eb Kosov\u00ebs | P\u00ebr nj\u00eb gazetari etike dhe profesionale\" \/>\n<meta property=\"article:publisher\" content=\"https:\/\/www.facebook.com\/KMSHKosove\" \/>\n<meta property=\"article:published_time\" content=\"2025-12-10T15:13:08+00:00\" \/>\n<meta property=\"article:modified_time\" content=\"2025-12-10T15:14:39+00:00\" \/>\n<meta property=\"og:image\" content=\"http:\/\/presscouncil-ks.org\/wp-content\/uploads\/2025\/12\/1-trajnimi.jpg\" \/>\n\t<meta property=\"og:image:width\" content=\"2048\" \/>\n\t<meta property=\"og:image:height\" content=\"1158\" \/>\n\t<meta property=\"og:image:type\" content=\"image\/jpeg\" \/>\n<meta name=\"author\" content=\"Editor\" \/>\n<meta name=\"twitter:card\" content=\"summary_large_image\" \/>\n<meta name=\"twitter:label1\" content=\"Written by\" \/>\n\t<meta name=\"twitter:data1\" content=\"Editor\" \/>\n\t<meta name=\"twitter:label2\" content=\"Est. reading time\" \/>\n\t<meta name=\"twitter:data2\" content=\"2 minutes\" \/>\n<script type=\"application\/ld+json\" class=\"yoast-schema-graph\">{\"@context\":\"https:\\\/\\\/schema.org\",\"@graph\":[{\"@type\":\"Article\",\"@id\":\"http:\\\/\\\/presscouncil-ks.org\\\/?p=17598&lang=sr#article\",\"isPartOf\":{\"@id\":\"http:\\\/\\\/presscouncil-ks.org\\\/?p=17598&lang=sr\"},\"author\":{\"name\":\"Editor\",\"@id\":\"http:\\\/\\\/presscouncil-ks.org\\\/#\\\/schema\\\/person\\\/b79d30c61264caeb733239c16cc4d673\"},\"headline\":\"Savet \u0160tampe je organizovao obuku o la\u017enim vestima\",\"datePublished\":\"2025-12-10T15:13:08+00:00\",\"dateModified\":\"2025-12-10T15:14:39+00:00\",\"mainEntityOfPage\":{\"@id\":\"http:\\\/\\\/presscouncil-ks.org\\\/?p=17598&lang=sr\"},\"wordCount\":234,\"commentCount\":0,\"publisher\":{\"@id\":\"http:\\\/\\\/presscouncil-ks.org\\\/#organization\"},\"image\":{\"@id\":\"http:\\\/\\\/presscouncil-ks.org\\\/?p=17598&lang=sr#primaryimage\"},\"thumbnailUrl\":\"http:\\\/\\\/presscouncil-ks.org\\\/wp-content\\\/uploads\\\/2025\\\/12\\\/1-trajnimi.jpg\",\"articleSection\":[\"Vesti\"],\"inLanguage\":\"en-US\",\"potentialAction\":[{\"@type\":\"CommentAction\",\"name\":\"Comment\",\"target\":[\"http:\\\/\\\/presscouncil-ks.org\\\/?p=17598&lang=sr#respond\"]}]},{\"@type\":\"WebPage\",\"@id\":\"http:\\\/\\\/presscouncil-ks.org\\\/?p=17598&lang=sr\",\"url\":\"http:\\\/\\\/presscouncil-ks.org\\\/?p=17598&lang=sr\",\"name\":\"Savet \u0160tampe je organizovao obuku o la\u017enim vestima - K\u00ebshilli i Mediave t\u00eb Shkruara t\u00eb Kosov\u00ebs | P\u00ebr nj\u00eb gazetari etike dhe profesionale\",\"isPartOf\":{\"@id\":\"http:\\\/\\\/presscouncil-ks.org\\\/#website\"},\"primaryImageOfPage\":{\"@id\":\"http:\\\/\\\/presscouncil-ks.org\\\/?p=17598&lang=sr#primaryimage\"},\"image\":{\"@id\":\"http:\\\/\\\/presscouncil-ks.org\\\/?p=17598&lang=sr#primaryimage\"},\"thumbnailUrl\":\"http:\\\/\\\/presscouncil-ks.org\\\/wp-content\\\/uploads\\\/2025\\\/12\\\/1-trajnimi.jpg\",\"datePublished\":\"2025-12-10T15:13:08+00:00\",\"dateModified\":\"2025-12-10T15:14:39+00:00\",\"breadcrumb\":{\"@id\":\"http:\\\/\\\/presscouncil-ks.org\\\/?p=17598&lang=sr#breadcrumb\"},\"inLanguage\":\"en-US\",\"potentialAction\":[{\"@type\":\"ReadAction\",\"target\":[\"http:\\\/\\\/presscouncil-ks.org\\\/?p=17598&lang=sr\"]}]},{\"@type\":\"ImageObject\",\"inLanguage\":\"en-US\",\"@id\":\"http:\\\/\\\/presscouncil-ks.org\\\/?p=17598&lang=sr#primaryimage\",\"url\":\"http:\\\/\\\/presscouncil-ks.org\\\/wp-content\\\/uploads\\\/2025\\\/12\\\/1-trajnimi.jpg\",\"contentUrl\":\"http:\\\/\\\/presscouncil-ks.org\\\/wp-content\\\/uploads\\\/2025\\\/12\\\/1-trajnimi.jpg\",\"width\":2048,\"height\":1158,\"caption\":\"Visar Prebreza nga Krypomet\u00ebr \\\/ Kallxo.com foli p\u00ebr dekonstruktimin e fotografive, p\u00ebrkat\u00ebsisht videove t\u00eb rrejshme\"},{\"@type\":\"BreadcrumbList\",\"@id\":\"http:\\\/\\\/presscouncil-ks.org\\\/?p=17598&lang=sr#breadcrumb\",\"itemListElement\":[{\"@type\":\"ListItem\",\"position\":1,\"name\":\"Home\",\"item\":\"https:\\\/\\\/presscouncil-ks.org\\\/\"},{\"@type\":\"ListItem\",\"position\":2,\"name\":\"Savet \u0160tampe je organizovao obuku o la\u017enim vestima\"}]},{\"@type\":\"WebSite\",\"@id\":\"http:\\\/\\\/presscouncil-ks.org\\\/#website\",\"url\":\"http:\\\/\\\/presscouncil-ks.org\\\/\",\"name\":\"https:\\\/\\\/presscouncil-ks.org\\\/\",\"description\":\"\",\"publisher\":{\"@id\":\"http:\\\/\\\/presscouncil-ks.org\\\/#organization\"},\"potentialAction\":[{\"@type\":\"SearchAction\",\"target\":{\"@type\":\"EntryPoint\",\"urlTemplate\":\"http:\\\/\\\/presscouncil-ks.org\\\/?s={search_term_string}\"},\"query-input\":{\"@type\":\"PropertyValueSpecification\",\"valueRequired\":true,\"valueName\":\"search_term_string\"}}],\"inLanguage\":\"en-US\"},{\"@type\":\"Organization\",\"@id\":\"http:\\\/\\\/presscouncil-ks.org\\\/#organization\",\"name\":\"K\u00ebshilli i Mediave t\u00eb Shkruara t\u00eb Kosov\u00ebs\",\"url\":\"http:\\\/\\\/presscouncil-ks.org\\\/\",\"logo\":{\"@type\":\"ImageObject\",\"inLanguage\":\"en-US\",\"@id\":\"http:\\\/\\\/presscouncil-ks.org\\\/#\\\/schema\\\/logo\\\/image\\\/\",\"url\":\"http:\\\/\\\/presscouncil-ks.org\\\/wp-content\\\/uploads\\\/2023\\\/06\\\/cropped-logo.png\",\"contentUrl\":\"http:\\\/\\\/presscouncil-ks.org\\\/wp-content\\\/uploads\\\/2023\\\/06\\\/cropped-logo.png\",\"width\":268,\"height\":166,\"caption\":\"K\u00ebshilli i Mediave t\u00eb Shkruara t\u00eb Kosov\u00ebs\"},\"image\":{\"@id\":\"http:\\\/\\\/presscouncil-ks.org\\\/#\\\/schema\\\/logo\\\/image\\\/\"},\"sameAs\":[\"https:\\\/\\\/www.facebook.com\\\/KMSHKosove\"]},{\"@type\":\"Person\",\"@id\":\"http:\\\/\\\/presscouncil-ks.org\\\/#\\\/schema\\\/person\\\/b79d30c61264caeb733239c16cc4d673\",\"name\":\"Editor\",\"image\":{\"@type\":\"ImageObject\",\"inLanguage\":\"en-US\",\"@id\":\"https:\\\/\\\/secure.gravatar.com\\\/avatar\\\/9534865f39e7b3527010ee17196a76d054b16d731a6a5bfe2f92a071c6e9bf4e?s=96&d=mm&r=g\",\"url\":\"https:\\\/\\\/secure.gravatar.com\\\/avatar\\\/9534865f39e7b3527010ee17196a76d054b16d731a6a5bfe2f92a071c6e9bf4e?s=96&d=mm&r=g\",\"contentUrl\":\"https:\\\/\\\/secure.gravatar.com\\\/avatar\\\/9534865f39e7b3527010ee17196a76d054b16d731a6a5bfe2f92a071c6e9bf4e?s=96&d=mm&r=g\",\"caption\":\"Editor\"},\"url\":\"http:\\\/\\\/presscouncil-ks.org\\\/?author=2\"}]}<\/script>\n<!-- \/ Yoast SEO plugin. -->","yoast_head_json":{"title":"Savet \u0160tampe je organizovao obuku o la\u017enim vestima - K\u00ebshilli i Mediave t\u00eb Shkruara t\u00eb Kosov\u00ebs | P\u00ebr nj\u00eb gazetari etike dhe profesionale","robots":{"index":"index","follow":"follow","max-snippet":"max-snippet:-1","max-image-preview":"max-image-preview:large","max-video-preview":"max-video-preview:-1"},"canonical":"http:\/\/presscouncil-ks.org\/?p=17598&lang=sr","og_locale":"en_US","og_type":"article","og_title":"Savet \u0160tampe je organizovao obuku o la\u017enim vestima - K\u00ebshilli i Mediave t\u00eb Shkruara t\u00eb Kosov\u00ebs | P\u00ebr nj\u00eb gazetari etike dhe profesionale","og_description":"Za studente novinarstva, mlade novinare i svoje osoblje, Savet \u0160tampe Kosova (S\u0160K) organizovao je obuku \u201dKako otkriti la\u017ene vesti? \u2013 Alati i metode\u201c. Tokom obuke, koja je odr\u017eana u Pri\u0161tini, u\u010desnicima je pru\u017eena prilika da identifikuju i dekonstrui\u0161u la\u017eni medijski sadr\u017eaj kroz prakti\u010dne primere, odnosno prakti\u010dan rad. Festim Rizanaj iz Hibrid.info fokusirao se na identifikovanje [&hellip;]","og_url":"http:\/\/presscouncil-ks.org\/?p=17598&lang=sr","og_site_name":"K\u00ebshilli i Mediave t\u00eb Shkruara t\u00eb Kosov\u00ebs | P\u00ebr nj\u00eb gazetari etike dhe profesionale","article_publisher":"https:\/\/www.facebook.com\/KMSHKosove","article_published_time":"2025-12-10T15:13:08+00:00","article_modified_time":"2025-12-10T15:14:39+00:00","og_image":[{"width":2048,"height":1158,"url":"http:\/\/presscouncil-ks.org\/wp-content\/uploads\/2025\/12\/1-trajnimi.jpg","type":"image\/jpeg"}],"author":"Editor","twitter_card":"summary_large_image","twitter_misc":{"Written by":"Editor","Est. reading time":"2 minutes"},"schema":{"@context":"https:\/\/schema.org","@graph":[{"@type":"Article","@id":"http:\/\/presscouncil-ks.org\/?p=17598&lang=sr#article","isPartOf":{"@id":"http:\/\/presscouncil-ks.org\/?p=17598&lang=sr"},"author":{"name":"Editor","@id":"http:\/\/presscouncil-ks.org\/#\/schema\/person\/b79d30c61264caeb733239c16cc4d673"},"headline":"Savet \u0160tampe je organizovao obuku o la\u017enim vestima","datePublished":"2025-12-10T15:13:08+00:00","dateModified":"2025-12-10T15:14:39+00:00","mainEntityOfPage":{"@id":"http:\/\/presscouncil-ks.org\/?p=17598&lang=sr"},"wordCount":234,"commentCount":0,"publisher":{"@id":"http:\/\/presscouncil-ks.org\/#organization"},"image":{"@id":"http:\/\/presscouncil-ks.org\/?p=17598&lang=sr#primaryimage"},"thumbnailUrl":"http:\/\/presscouncil-ks.org\/wp-content\/uploads\/2025\/12\/1-trajnimi.jpg","articleSection":["Vesti"],"inLanguage":"en-US","potentialAction":[{"@type":"CommentAction","name":"Comment","target":["http:\/\/presscouncil-ks.org\/?p=17598&lang=sr#respond"]}]},{"@type":"WebPage","@id":"http:\/\/presscouncil-ks.org\/?p=17598&lang=sr","url":"http:\/\/presscouncil-ks.org\/?p=17598&lang=sr","name":"Savet \u0160tampe je organizovao obuku o la\u017enim vestima - K\u00ebshilli i Mediave t\u00eb Shkruara t\u00eb Kosov\u00ebs | P\u00ebr nj\u00eb gazetari etike dhe profesionale","isPartOf":{"@id":"http:\/\/presscouncil-ks.org\/#website"},"primaryImageOfPage":{"@id":"http:\/\/presscouncil-ks.org\/?p=17598&lang=sr#primaryimage"},"image":{"@id":"http:\/\/presscouncil-ks.org\/?p=17598&lang=sr#primaryimage"},"thumbnailUrl":"http:\/\/presscouncil-ks.org\/wp-content\/uploads\/2025\/12\/1-trajnimi.jpg","datePublished":"2025-12-10T15:13:08+00:00","dateModified":"2025-12-10T15:14:39+00:00","breadcrumb":{"@id":"http:\/\/presscouncil-ks.org\/?p=17598&lang=sr#breadcrumb"},"inLanguage":"en-US","potentialAction":[{"@type":"ReadAction","target":["http:\/\/presscouncil-ks.org\/?p=17598&lang=sr"]}]},{"@type":"ImageObject","inLanguage":"en-US","@id":"http:\/\/presscouncil-ks.org\/?p=17598&lang=sr#primaryimage","url":"http:\/\/presscouncil-ks.org\/wp-content\/uploads\/2025\/12\/1-trajnimi.jpg","contentUrl":"http:\/\/presscouncil-ks.org\/wp-content\/uploads\/2025\/12\/1-trajnimi.jpg","width":2048,"height":1158,"caption":"Visar Prebreza nga Krypomet\u00ebr \/ Kallxo.com foli p\u00ebr dekonstruktimin e fotografive, p\u00ebrkat\u00ebsisht videove t\u00eb rrejshme"},{"@type":"BreadcrumbList","@id":"http:\/\/presscouncil-ks.org\/?p=17598&lang=sr#breadcrumb","itemListElement":[{"@type":"ListItem","position":1,"name":"Home","item":"https:\/\/presscouncil-ks.org\/"},{"@type":"ListItem","position":2,"name":"Savet \u0160tampe je organizovao obuku o la\u017enim vestima"}]},{"@type":"WebSite","@id":"http:\/\/presscouncil-ks.org\/#website","url":"http:\/\/presscouncil-ks.org\/","name":"https:\/\/presscouncil-ks.org\/","description":"","publisher":{"@id":"http:\/\/presscouncil-ks.org\/#organization"},"potentialAction":[{"@type":"SearchAction","target":{"@type":"EntryPoint","urlTemplate":"http:\/\/presscouncil-ks.org\/?s={search_term_string}"},"query-input":{"@type":"PropertyValueSpecification","valueRequired":true,"valueName":"search_term_string"}}],"inLanguage":"en-US"},{"@type":"Organization","@id":"http:\/\/presscouncil-ks.org\/#organization","name":"K\u00ebshilli i Mediave t\u00eb Shkruara t\u00eb Kosov\u00ebs","url":"http:\/\/presscouncil-ks.org\/","logo":{"@type":"ImageObject","inLanguage":"en-US","@id":"http:\/\/presscouncil-ks.org\/#\/schema\/logo\/image\/","url":"http:\/\/presscouncil-ks.org\/wp-content\/uploads\/2023\/06\/cropped-logo.png","contentUrl":"http:\/\/presscouncil-ks.org\/wp-content\/uploads\/2023\/06\/cropped-logo.png","width":268,"height":166,"caption":"K\u00ebshilli i Mediave t\u00eb Shkruara t\u00eb Kosov\u00ebs"},"image":{"@id":"http:\/\/presscouncil-ks.org\/#\/schema\/logo\/image\/"},"sameAs":["https:\/\/www.facebook.com\/KMSHKosove"]},{"@type":"Person","@id":"http:\/\/presscouncil-ks.org\/#\/schema\/person\/b79d30c61264caeb733239c16cc4d673","name":"Editor","image":{"@type":"ImageObject","inLanguage":"en-US","@id":"https:\/\/secure.gravatar.com\/avatar\/9534865f39e7b3527010ee17196a76d054b16d731a6a5bfe2f92a071c6e9bf4e?s=96&d=mm&r=g","url":"https:\/\/secure.gravatar.com\/avatar\/9534865f39e7b3527010ee17196a76d054b16d731a6a5bfe2f92a071c6e9bf4e?s=96&d=mm&r=g","contentUrl":"https:\/\/secure.gravatar.com\/avatar\/9534865f39e7b3527010ee17196a76d054b16d731a6a5bfe2f92a071c6e9bf4e?s=96&d=mm&r=g","caption":"Editor"},"url":"http:\/\/presscouncil-ks.org\/?author=2"}]}},"_links":{"self":[{"href":"http:\/\/presscouncil-ks.org\/index.php?rest_route=\/wp\/v2\/posts\/17598","targetHints":{"allow":["GET"]}}],"collection":[{"href":"http:\/\/presscouncil-ks.org\/index.php?rest_route=\/wp\/v2\/posts"}],"about":[{"href":"http:\/\/presscouncil-ks.org\/index.php?rest_route=\/wp\/v2\/types\/post"}],"author":[{"embeddable":true,"href":"http:\/\/presscouncil-ks.org\/index.php?rest_route=\/wp\/v2\/users\/2"}],"replies":[{"embeddable":true,"href":"http:\/\/presscouncil-ks.org\/index.php?rest_route=%2Fwp%2Fv2%2Fcomments&post=17598"}],"version-history":[{"count":4,"href":"http:\/\/presscouncil-ks.org\/index.php?rest_route=\/wp\/v2\/posts\/17598\/revisions"}],"predecessor-version":[{"id":17605,"href":"http:\/\/presscouncil-ks.org\/index.php?rest_route=\/wp\/v2\/posts\/17598\/revisions\/17605"}],"wp:featuredmedia":[{"embeddable":true,"href":"http:\/\/presscouncil-ks.org\/index.php?rest_route=\/wp\/v2\/media\/17599"}],"wp:attachment":[{"href":"http:\/\/presscouncil-ks.org\/index.php?rest_route=%2Fwp%2Fv2%2Fmedia&parent=17598"}],"wp:term":[{"taxonomy":"category","embeddable":true,"href":"http:\/\/presscouncil-ks.org\/index.php?rest_route=%2Fwp%2Fv2%2Fcategories&post=17598"},{"taxonomy":"post_tag","embeddable":true,"href":"http:\/\/presscouncil-ks.org\/index.php?rest_route=%2Fwp%2Fv2%2Ftags&post=17598"}],"curies":[{"name":"wp","href":"https:\/\/api.w.org\/{rel}","templated":true}]}}