{"id":17532,"date":"2025-11-28T10:57:58","date_gmt":"2025-11-28T10:57:58","guid":{"rendered":"https:\/\/presscouncil-ks.org\/?p=17532"},"modified":"2026-07-31T15:08:17","modified_gmt":"2026-07-31T15:08:17","slug":"kuvendi-i-kmshk-se-mori-vendim-per-13-ankesa","status":"publish","type":"post","link":"http:\/\/presscouncil-ks.org\/?p=17532","title":{"rendered":"Kuvendi i KMSHK-s\u00eb mori vendim p\u00ebr 13 ankesa"},"content":{"rendered":"<div class=\"x9f619 x1n2onr6 x1ja2u2z xeuugli xs83m0k xjl7jj x1xmf6yo x1xegmmw x1e56ztr x13fj5qh xnp8db0 x1d1medc x7ep2pv x1xzczws\">\n<div class=\"x7wzq59\">\n<div class=\"x78zum5 xdt5ytf xgpatz3\">\n<div class=\"x78zum5 xdt5ytf xgpatz3\">\n<div class=\"html-div xdj266r x14z9mp xat24cr x1lziwak xexx8yu xyri2b x18d9i69 x1c1uobl x78zum5 x1n2onr6 xh8yej3\">\n<div class=\"x1n2onr6 x1ja2u2z x1jx94hy xw5cjc7 x1dmpuos x1vsv7so xau1kf4 x9f619 xh8yej3 x6ikm8r x10wlt62 xquyuld xsag5q8\">\n<div>\n<div>\n<div class=\"x9f619 x1ja2u2z x78zum5 x2lah0s x1n2onr6 x1qughib x1qjc9v5 xozqiw3 x1q0g3np xv54qhq xf7dkkf x18d9i69 xyamay9 x1ws5yxj xw01apr x4cne27 xifccgj\">\n<div class=\"x9f619 x1n2onr6 x1ja2u2z x78zum5 xdt5ytf x193iq5w xeuugli x1r8uery x1iyjqo2 xs83m0k x1icxu4v x25sj25 x10b6aqq x1yrsyyn\">\n<div class=\"x6s0dn4 x78zum5 x1qughib xod5an3 x1gslohp\">\n<div class=\"x78zum5 xdt5ytf x4cne27 xifccgj\">\n<div class=\"xzueoph x1k70j0n\"><\/div>\n<\/div>\n<\/div>\n<\/div>\n<\/div>\n<\/div>\n<\/div>\n<\/div>\n<\/div>\n<\/div>\n<\/div>\n<\/div>\n<\/div>\n<div class=\"x9f619 x1n2onr6 x1ja2u2z xeuugli xs83m0k xjl7jj x1xmf6yo x1xegmmw x1e56ztr x13fj5qh x19h7ccj xu9j1y6 x7ep2pv\">\n<div class=\"x1yztbdb x1n2onr6 xh8yej3 x1ja2u2z\">\n<div class=\"x1n2onr6 x1ja2u2z\">\n<div class=\"x1a2a7pz\" aria-posinset=\"1\" aria-describedby=\"_R_lfaql6ld5bb6ismj5ilipamH1_ _R_lfaql6ld5bb6ismj5ilipamH2_ _R_lfaql6ld5bb6ismj5ilipamH3_ _R_lfaql6ld5bb6ismj5ilipamH5_ _R_lfaql6ld5bb6ismj5ilipamH4_\" aria-labelledby=\"_R_5anaql6ld5bb6ismj5ilipam_\">\n<div class=\"x78zum5 xdt5ytf\" data-virtualized=\"false\">\n<div class=\"x9f619 x1n2onr6 x1ja2u2z\">\n<div class=\"html-div xdj266r x14z9mp xat24cr x1lziwak xexx8yu xyri2b x18d9i69 x1c1uobl x78zum5 x1n2onr6 xh8yej3\">\n<div class=\"x1n2onr6 x1ja2u2z x1jx94hy xw5cjc7 x1dmpuos x1vsv7so xau1kf4 x9f619 xh8yej3 x6ikm8r x10wlt62 xquyuld\">\n<div class=\"html-div xdj266r x14z9mp xat24cr x1lziwak xexx8yu xyri2b x18d9i69 x1c1uobl\">\n<div class=\"html-div xdj266r x14z9mp xat24cr x1lziwak xexx8yu xyri2b x18d9i69 x1c1uobl\">\n<div class=\"html-div xdj266r x14z9mp xat24cr x1lziwak xexx8yu xyri2b x18d9i69 x1c1uobl\">\n<div class=\"html-div xdj266r x14z9mp xat24cr x1lziwak xexx8yu xyri2b x18d9i69 x1c1uobl\">\n<div class=\"html-div xdj266r x14z9mp xat24cr x1lziwak xexx8yu xyri2b x18d9i69 x1c1uobl\" dir=\"auto\">\n<div class=\"html-div xdj266r x14z9mp xat24cr x1lziwak xexx8yu xyri2b x18d9i69 x1c1uobl\" data-ad-rendering-role=\"story_message\">\n<div id=\"_R_lfaql6ld5bb6ismj5ilipamH2_\" class=\"x1l90r2v x1iorvi4 x1g0dm76 xpdmqnj\" data-ad-comet-preview=\"message\" data-ad-preview=\"message\">\n<div class=\"x78zum5 xdt5ytf xz62fqu x16ldp7u\">\n<div class=\"xu06os2 x1ok221b\">\n<div class=\"html-div xdj266r x14z9mp xat24cr x1lziwak xexx8yu xyri2b x18d9i69 x1c1uobl\">\n<div class=\"xdj266r x14z9mp xat24cr x1lziwak x1vvkbs x126k92a\">\n<div dir=\"auto\"><strong>K\u00ebshilli i Mediave t\u00eb Shkruara t\u00eb Kosov\u00ebs (KMShK) n\u00eb mbledhjen e rregullt ka shqyrtuar gjithsej 13 ankesa. An\u00ebtar\u00ebt e Kuvendit t\u00eb KMShK-s\u00eb kan\u00eb vendosur q\u00eb t\u00eb miratohet nj\u00eb nga to, nj\u00eb t\u00eb miratohet pjes\u00ebrisht, tet\u00eb t\u00eb refuzohen, dy t\u00eb shpallen t\u00eb pajtrajtueshme dhe nj\u00eb e paafatshme.<\/strong><\/div>\n<\/div>\n<div dir=\"auto\"><\/div>\n<div class=\"x14z9mp xat24cr x1lziwak x1vvkbs xtlvy1s x126k92a\">\n<p dir=\"auto\">Ankesat kishin t\u00eb b\u00ebnin me pretendimet p\u00ebr shkeljen e kapitujve t\u00eb caktuar t\u00eb Kodit t\u00eb Mediave t\u00eb Shkruara t\u00eb Kosov\u00ebs, p\u00ebrkat\u00ebsisht Kapitullit II &#8211; Raportimi i s\u00eb v\u00ebrtet\u00ebs, Kapitullit IV &#8211; E drejta p\u00ebr t\u2019u p\u00ebrgjigjur dhe Kapitullit VII &#8211; Privat\u00ebsia dhe mbrojtja e burimeve.<\/p>\n<\/div>\n<div class=\"x14z9mp xat24cr x1lziwak x1vvkbs xtlvy1s x126k92a\">\n<p dir=\"auto\">KMShK ka miratuar ankes\u00ebn e Mehdi Sejdiut kund\u00ebr <span style=\"color: #0000ff;\"><strong><span class=\"html-span xdj266r x14z9mp xat24cr x1lziwak xexx8yu xyri2b x18d9i69 x1c1uobl x1hl2dhg x16tdsg8 x1vvkbs\"><a class=\"x1i10hfl xjbqb8w x1ejq31n x18oe1m7 x1sy0etr xstzfhl x972fbf x10w94by x1qhh985 x14e42zd x9f619 x1ypdohk xt0psk2 x3ct3a4 xdj266r x14z9mp xat24cr x1lziwak xexx8yu xyri2b x18d9i69 x1c1uobl x16tdsg8 x1hl2dhg xggy1nq x1a2a7pz xkrqix3 x1sur9pj x1fey0fg x1s688f\" style=\"color: #0000ff;\" tabindex=\"0\" role=\"link\" href=\"https:\/\/l.facebook.com\/l.php?u=http%3A%2F%2FPaparaci.com%2F%3Ffbclid%3DIwZXh0bgNhZW0CMTAAYnJpZBExazJrRXpBVWtCWWFVWWRZNnNydGMGYXBwX2lkEDIyMjAzOTE3ODgyMDA4OTIAAR59ZPgSlPP2Wmj8e9Xaz4z_TFlRIkEVj7xwryM-qyGl6OQGRzjTNdK_8YRERw_aem_wBcK9Q9Q-UHvfO58S1Rpkw&amp;h=AT05zcYIU30D6zVx-CJNn5Ree-jmT3gDW9Hq5C4l3rnL9yr_H9uBqNB9JVQK_hAMFuJbqv9qFCyXUksLvTmsvp2HtaDN9tjChRarESxdW1j660dv4mjlLcj0kJNTQbf4DahLaosbTR2Zkg&amp;__tn__=-UK-R&amp;c[0]=AT21gcB-8C6q-dZ18z6jGFCu23cqmt3CTO7-sCDMUHLCxFyc6hJtIHjcmjvVmyLgxojGIEm1UmpVtdGq7fJneqVY4a6fGP1QQnVv1erLf7V2bsVn6BfSr_NhALEbGMOsS59BlFRlFyONwrHfoqND5NwjRNTrskzBgLSab-4IxLuWUz1OTzZG39D6_PWbnk0MnexgHXAglm8wE1UXS3mARsnh\" target=\"_blank\" rel=\"nofollow noopener\">Paparaci.com<\/a><\/span><\/strong><\/span> p\u00ebr shkrimin me titull \u201cEdhe U\u00c7K-ja ishte organizat\u00eb terroriste\u2019, ky \u00ebsht\u00eb krahasimi q\u00eb b\u00ebn ish-k\u00ebshilltari i Besnik Bislimit\u2019\u201d, duke konstatuar se jan\u00eb shkelur kapitujt II dhe IV t\u00eb Kodit t\u00eb Mediave t\u00eb Shkruara t\u00eb Kosov\u00ebs, t\u00eb cil\u00ebt kan\u00eb t\u00eb b\u00ebjn\u00eb me raportimin e s\u00eb v\u00ebrtet\u00ebs, p\u00ebrkat\u00ebsisht t\u00eb drejt\u00ebn p\u00ebr t\u2019u p\u00ebrgjigjur.<\/p>\n<p dir=\"auto\">KMShK ka miratuar pjes\u00ebrisht ankes\u00ebn e Termokos Sh.A. kund\u00ebr <span style=\"color: #0000ff;\"><strong><span class=\"html-span xdj266r x14z9mp xat24cr x1lziwak xexx8yu xyri2b x18d9i69 x1c1uobl x1hl2dhg x16tdsg8 x1vvkbs\"><a class=\"x1i10hfl xjbqb8w x1ejq31n x18oe1m7 x1sy0etr xstzfhl x972fbf x10w94by x1qhh985 x14e42zd x9f619 x1ypdohk xt0psk2 x3ct3a4 xdj266r x14z9mp xat24cr x1lziwak xexx8yu xyri2b x18d9i69 x1c1uobl x16tdsg8 x1hl2dhg xggy1nq x1a2a7pz xkrqix3 x1sur9pj x1fey0fg x1s688f\" style=\"color: #0000ff;\" tabindex=\"0\" role=\"link\" href=\"https:\/\/l.facebook.com\/l.php?u=http%3A%2F%2FGazetakosova.net%2F%3Ffbclid%3DIwZXh0bgNhZW0CMTAAYnJpZBExazJrRXpBVWtCWWFVWWRZNnNydGMGYXBwX2lkEDIyMjAzOTE3ODgyMDA4OTIAAR7eKEbghSzf-C838QWKu3YgIF2_rhpyeeGYC2AuBCuQ-gvfnHERr-yaclCqRQ_aem_gVrYsEsEGhV7uc_XjDl6TA&amp;h=AT0Ncf-2yuSzONoFcZsG7P9E_Jf6O0InbfL0WagIlvS19y3g9ThjSbkWTJMox_TYxiIPy5WTzDykB32gkoOTXGTtkiy3BAHH1ZQCooRWSUanj3u4ilFJu1cclFG9XXL9jIQer7S4HzUOCw&amp;__tn__=-UK-R&amp;c[0]=AT21gcB-8C6q-dZ18z6jGFCu23cqmt3CTO7-sCDMUHLCxFyc6hJtIHjcmjvVmyLgxojGIEm1UmpVtdGq7fJneqVY4a6fGP1QQnVv1erLf7V2bsVn6BfSr_NhALEbGMOsS59BlFRlFyONwrHfoqND5NwjRNTrskzBgLSab-4IxLuWUz1OTzZG39D6_PWbnk0MnexgHXAglm8wE1UXS3mARsnh\" target=\"_blank\" rel=\"nofollow noopener\">Gazetakosova.net<\/a><\/span> <\/strong><\/span>p\u00ebr shkrimin me titull \u201cKriza financiare godet Termokosin &#8211; Pun\u00ebtor\u00ebt pa paga, menaxhmenti shp\u00ebrndan mij\u00ebra euro p\u00ebr marketing!\u201d, duke konstatuar se \u00ebsht\u00eb shkelur Kapitulli II i Kodit t\u00eb Mediave t\u00eb Shkruara t\u00eb Kosov\u00ebs, i cili ka t\u00eb b\u00ebj\u00eb me raportimin e s\u00eb v\u00ebrtet\u00ebs, por jo edhe Kapitulli IV, i cili ka t\u00eb b\u00ebj\u00eb me t\u00eb drejt\u00ebn p\u00ebr t\u2019u p\u00ebrgjigjur, ashtu si\u00e7 pretendon pala ankuese.<\/p>\n<\/div>\n<div class=\"x14z9mp xat24cr x1lziwak x1vvkbs xtlvy1s x126k92a\">\n<p dir=\"auto\">KMShK nuk e ka miratuar (e ka hedhur posht\u00eb) ankes\u00ebn e Blinera Osmanit kund\u00ebr <strong><span style=\"color: #0000ff;\"><span class=\"html-span xdj266r x14z9mp xat24cr x1lziwak xexx8yu xyri2b x18d9i69 x1c1uobl x1hl2dhg x16tdsg8 x1vvkbs\"><a class=\"x1i10hfl xjbqb8w x1ejq31n x18oe1m7 x1sy0etr xstzfhl x972fbf x10w94by x1qhh985 x14e42zd x9f619 x1ypdohk xt0psk2 x3ct3a4 xdj266r x14z9mp xat24cr x1lziwak xexx8yu xyri2b x18d9i69 x1c1uobl x16tdsg8 x1hl2dhg xggy1nq x1a2a7pz xkrqix3 x1sur9pj x1fey0fg x1s688f\" style=\"color: #0000ff;\" tabindex=\"0\" role=\"link\" href=\"https:\/\/l.facebook.com\/l.php?u=https%3A%2F%2FNacionale.com%2F%3Ffbclid%3DIwZXh0bgNhZW0CMTAAYnJpZBExazJrRXpBVWtCWWFVWWRZNnNydGMGYXBwX2lkEDIyMjAzOTE3ODgyMDA4OTIAAR51zmqdGlRQXCZs7GXIpSNfSYj5RcgVzYJz24qKjNQ1cpwe8jmZMCcIcbdFww_aem_fyzsl7yCHfRH89YyXC3x-A&amp;h=AT1r4Za5uSM2JmF2JXFRyBDbyhyvJ-WErrNsJCNmAVOZBU7StasNCpYgRwG9l1JJJagGEQYJjtneTmY9uHhWce_ZCrknS9RzHWfO1kKCsBmZZo4hB0sIC5XZvVsxHYUkF5ry6CvNxMxiog&amp;__tn__=-UK-R&amp;c[0]=AT21gcB-8C6q-dZ18z6jGFCu23cqmt3CTO7-sCDMUHLCxFyc6hJtIHjcmjvVmyLgxojGIEm1UmpVtdGq7fJneqVY4a6fGP1QQnVv1erLf7V2bsVn6BfSr_NhALEbGMOsS59BlFRlFyONwrHfoqND5NwjRNTrskzBgLSab-4IxLuWUz1OTzZG39D6_PWbnk0MnexgHXAglm8wE1UXS3mARsnh\" target=\"_blank\" rel=\"nofollow noopener\">Nacionale.com<\/a><\/span>,<\/span> <span class=\"html-span xdj266r x14z9mp xat24cr x1lziwak xexx8yu xyri2b x18d9i69 x1c1uobl x1hl2dhg x16tdsg8 x1vvkbs\" style=\"color: #0000ff;\"><a class=\"x1i10hfl xjbqb8w x1ejq31n x18oe1m7 x1sy0etr xstzfhl x972fbf x10w94by x1qhh985 x14e42zd x9f619 x1ypdohk xt0psk2 x3ct3a4 xdj266r x14z9mp xat24cr x1lziwak xexx8yu xyri2b x18d9i69 x1c1uobl x16tdsg8 x1hl2dhg xggy1nq x1a2a7pz xkrqix3 x1sur9pj x1fey0fg x1s688f\" style=\"color: #0000ff;\" tabindex=\"0\" role=\"link\" href=\"https:\/\/l.facebook.com\/l.php?u=http%3A%2F%2FReporteri.net%2F%3Ffbclid%3DIwZXh0bgNhZW0CMTAAYnJpZBExazJrRXpBVWtCWWFVWWRZNnNydGMGYXBwX2lkEDIyMjAzOTE3ODgyMDA4OTIAAR7BDOw_rvGougKRlAc0lDRQPq5p6T3U7sRfCLfrJMsnAPhjzYf4gzFMQK69XQ_aem_1gHnTe8wJPV3X8CvKTDyRw&amp;h=AT1BAivxFW_uRAmhSuHH0zRkOyipTwBTJVhK1S9ZqqN_q40h5vt0gOQL0LBJzUK1JF3MDbewDb6vamcsrVLqEkAQVGxgnYLGWivHbkljQuCIeU238rFFTecmKZnHkocJg0cyfQnucKpD1Q&amp;__tn__=-UK-R&amp;c[0]=AT21gcB-8C6q-dZ18z6jGFCu23cqmt3CTO7-sCDMUHLCxFyc6hJtIHjcmjvVmyLgxojGIEm1UmpVtdGq7fJneqVY4a6fGP1QQnVv1erLf7V2bsVn6BfSr_NhALEbGMOsS59BlFRlFyONwrHfoqND5NwjRNTrskzBgLSab-4IxLuWUz1OTzZG39D6_PWbnk0MnexgHXAglm8wE1UXS3mARsnh\" target=\"_blank\" rel=\"nofollow noopener\">Reporteri.net<\/a><\/span><\/strong> dhe <span style=\"color: #0000ff;\"><strong><span class=\"html-span xdj266r x14z9mp xat24cr x1lziwak xexx8yu xyri2b x18d9i69 x1c1uobl x1hl2dhg x16tdsg8 x1vvkbs\"><a class=\"x1i10hfl xjbqb8w x1ejq31n x18oe1m7 x1sy0etr xstzfhl x972fbf x10w94by x1qhh985 x14e42zd x9f619 x1ypdohk xt0psk2 x3ct3a4 xdj266r x14z9mp xat24cr x1lziwak xexx8yu xyri2b x18d9i69 x1c1uobl x16tdsg8 x1hl2dhg xggy1nq x1a2a7pz xkrqix3 x1sur9pj x1fey0fg x1s688f\" style=\"color: #0000ff;\" tabindex=\"0\" role=\"link\" href=\"https:\/\/l.facebook.com\/l.php?u=http%3A%2F%2FPeriskopi.com%2F%3Ffbclid%3DIwZXh0bgNhZW0CMTAAYnJpZBExazJrRXpBVWtCWWFVWWRZNnNydGMGYXBwX2lkEDIyMjAzOTE3ODgyMDA4OTIAAR7BDOw_rvGougKRlAc0lDRQPq5p6T3U7sRfCLfrJMsnAPhjzYf4gzFMQK69XQ_aem_1gHnTe8wJPV3X8CvKTDyRw&amp;h=AT2aCqoHHSOVRtYo-pTYmmiLH11HSvGrmo8NFpZOvHRo6dQKaxDhwrvzuO2IVdG6IDSJaDFxrYMhqk5pKeyVXjDN6UbL2EqzcwJuiACLvjnw7BtvdddueSRslv-9BzdcQvTF478r3-Attg&amp;__tn__=-UK-R&amp;c[0]=AT21gcB-8C6q-dZ18z6jGFCu23cqmt3CTO7-sCDMUHLCxFyc6hJtIHjcmjvVmyLgxojGIEm1UmpVtdGq7fJneqVY4a6fGP1QQnVv1erLf7V2bsVn6BfSr_NhALEbGMOsS59BlFRlFyONwrHfoqND5NwjRNTrskzBgLSab-4IxLuWUz1OTzZG39D6_PWbnk0MnexgHXAglm8wE1UXS3mARsnh\" target=\"_blank\" rel=\"nofollow noopener\">Periskopi.com<\/a><\/span><\/strong><\/span> p\u00ebr shkrimet me tituj \u201cBlinera Osmani, motra e Presidentes, u licencua p\u00ebr avokate pa i plot\u00ebsuar kushtet\u201d, \u201cMotra e Vjosa Osmanit u licencua p\u00ebr avokate pa i plot\u00ebsuar kushtet\u201d dhe \u201cDokumente: Si u b\u00eb q\u00eb Blinera Osmani, motra e Presidentes, mori licenc\u00ebn p\u00ebr avokate pa i plot\u00ebsuar kushtet\u201d, duke konstatuar se nuk jan\u00eb shkelur kapitujt II dhe VII t\u00eb Kodit t\u00eb Mediave t\u00eb Shkruara t\u00eb Kosov\u00ebs, t\u00eb cil\u00ebt kan\u00eb t\u00eb b\u00ebjn\u00eb me raportimin e s\u00eb v\u00ebrtet\u00ebs, p\u00ebrkat\u00ebsisht privat\u00ebsin\u00eb, ashtu si\u00e7 pretendon pala ankuese.<\/p>\n<\/div>\n<div class=\"x14z9mp xat24cr x1lziwak x1vvkbs xtlvy1s x126k92a\">\n<p dir=\"auto\">KMShK nuk e ka miratuar (e ka hedhur posht\u00eb) ankes\u00ebn e Rilind G\u00ebrvall\u00ebs kund\u00ebr <span style=\"color: #0000ff;\"><strong><span class=\"html-span xdj266r x14z9mp xat24cr x1lziwak xexx8yu xyri2b x18d9i69 x1c1uobl x1hl2dhg x16tdsg8 x1vvkbs\"><a class=\"x1i10hfl xjbqb8w x1ejq31n x18oe1m7 x1sy0etr xstzfhl x972fbf x10w94by x1qhh985 x14e42zd x9f619 x1ypdohk xt0psk2 x3ct3a4 xdj266r x14z9mp xat24cr x1lziwak xexx8yu xyri2b x18d9i69 x1c1uobl x16tdsg8 x1hl2dhg xggy1nq x1a2a7pz xkrqix3 x1sur9pj x1fey0fg x1s688f\" style=\"color: #0000ff;\" tabindex=\"0\" role=\"link\" href=\"https:\/\/l.facebook.com\/l.php?u=http%3A%2F%2FReporteri.net%2F%3Ffbclid%3DIwZXh0bgNhZW0CMTAAYnJpZBExazJrRXpBVWtCWWFVWWRZNnNydGMGYXBwX2lkEDIyMjAzOTE3ODgyMDA4OTIAAR7eKEbghSzf-C838QWKu3YgIF2_rhpyeeGYC2AuBCuQ-gvfnHERr-yaclCqRQ_aem_gVrYsEsEGhV7uc_XjDl6TA&amp;h=AT1BAivxFW_uRAmhSuHH0zRkOyipTwBTJVhK1S9ZqqN_q40h5vt0gOQL0LBJzUK1JF3MDbewDb6vamcsrVLqEkAQVGxgnYLGWivHbkljQuCIeU238rFFTecmKZnHkocJg0cyfQnucKpD1Q&amp;__tn__=-UK-R&amp;c[0]=AT21gcB-8C6q-dZ18z6jGFCu23cqmt3CTO7-sCDMUHLCxFyc6hJtIHjcmjvVmyLgxojGIEm1UmpVtdGq7fJneqVY4a6fGP1QQnVv1erLf7V2bsVn6BfSr_NhALEbGMOsS59BlFRlFyONwrHfoqND5NwjRNTrskzBgLSab-4IxLuWUz1OTzZG39D6_PWbnk0MnexgHXAglm8wE1UXS3mARsnh\" target=\"_blank\" rel=\"nofollow noopener\">Reporteri.net<\/a><\/span><\/strong><\/span> p\u00ebr shkrimin me titull \u201c\u201dLiroje zyr\u00ebn tani\u2019 &#8211; luft\u00eb n\u00eb RTK se kush \u00ebsht\u00eb shefi mes Rilind G\u00ebrvall\u00ebs dhe Hysen Hundozit\u201d, duke konstatuar se nuk jan\u00eb shkelur kapitujt II dhe IV t\u00eb Kodit t\u00eb Mediave t\u00eb Shkruara t\u00eb Kosov\u00ebs, t\u00eb cil\u00ebt kan\u00eb t\u00eb b\u00ebjn\u00eb me raportimin e s\u00eb v\u00ebrtet\u00ebs, p\u00ebrkat\u00ebsisht t\u00eb drejt\u00ebn p\u00ebr t\u2019u p\u00ebrgjigjur, ashtu si\u00e7 pretendon pala ankuese.<\/p>\n<\/div>\n<div class=\"x14z9mp xat24cr x1lziwak x1vvkbs xtlvy1s x126k92a\">\n<p dir=\"auto\">KMShK nuk e ka miratuar (e ka hedhur posht\u00eb) ankes\u00ebn e Blendina Hoxh\u00ebs kund\u00ebr Klankosova.tv p\u00ebr shkrimin me titull \u201cEkskluzive: Ky \u00ebsht\u00eb ushtari nga Drenasi i akuzuar p\u00ebr dhunim n\u00eb Angli, policia britanike flet p\u00ebr Klanin\u201d, duke konstatuar se nuk jan\u00eb shkelur kapitujt II dhe VII t\u00eb Kodit t\u00eb Mediave t\u00eb Shkruara t\u00eb Kosov\u00ebs, t\u00eb cil\u00ebt kan\u00eb t\u00eb b\u00ebjn\u00eb me raportimin e s\u00eb v\u00ebrtet\u00ebs, p\u00ebrkat\u00ebsisht privat\u00ebsin\u00eb, ashtu si\u00e7 pretendon pala ankuese.<\/p>\n<\/div>\n<div class=\"x14z9mp xat24cr x1lziwak x1vvkbs xtlvy1s x126k92a\">\n<p dir=\"auto\">KMShK nuk e ka miratuar (e ka hedhur posht\u00eb) ankes\u00ebn e L\u00ebvizjes Vet\u00ebvendosje kund\u00ebr <span style=\"color: #0000ff;\"><strong><span class=\"html-span xdj266r x14z9mp xat24cr x1lziwak xexx8yu xyri2b x18d9i69 x1c1uobl x1hl2dhg x16tdsg8 x1vvkbs\"><a class=\"x1i10hfl xjbqb8w x1ejq31n x18oe1m7 x1sy0etr xstzfhl x972fbf x10w94by x1qhh985 x14e42zd x9f619 x1ypdohk xt0psk2 x3ct3a4 xdj266r x14z9mp xat24cr x1lziwak xexx8yu xyri2b x18d9i69 x1c1uobl x16tdsg8 x1hl2dhg xggy1nq x1a2a7pz xkrqix3 x1sur9pj x1fey0fg x1s688f\" style=\"color: #0000ff;\" tabindex=\"0\" role=\"link\" href=\"https:\/\/l.facebook.com\/l.php?u=http%3A%2F%2FPaparaci.com%2F%3Ffbclid%3DIwZXh0bgNhZW0CMTAAYnJpZBExazJrRXpBVWtCWWFVWWRZNnNydGMGYXBwX2lkEDIyMjAzOTE3ODgyMDA4OTIAAR5e2QYtyHe8N9Cz6FKbpBdcbj0g8C2mW6_yAsGVjWTl3hdZyi8-7p5JqEG5tw_aem_kqDuubxDeSxNA_w8GGOkvw&amp;h=AT05zcYIU30D6zVx-CJNn5Ree-jmT3gDW9Hq5C4l3rnL9yr_H9uBqNB9JVQK_hAMFuJbqv9qFCyXUksLvTmsvp2HtaDN9tjChRarESxdW1j660dv4mjlLcj0kJNTQbf4DahLaosbTR2Zkg&amp;__tn__=-UK-R&amp;c[0]=AT21gcB-8C6q-dZ18z6jGFCu23cqmt3CTO7-sCDMUHLCxFyc6hJtIHjcmjvVmyLgxojGIEm1UmpVtdGq7fJneqVY4a6fGP1QQnVv1erLf7V2bsVn6BfSr_NhALEbGMOsS59BlFRlFyONwrHfoqND5NwjRNTrskzBgLSab-4IxLuWUz1OTzZG39D6_PWbnk0MnexgHXAglm8wE1UXS3mARsnh\" target=\"_blank\" rel=\"nofollow noopener\">Paparaci.com<\/a><\/span><\/strong><\/span> p\u00ebr shkrimin me titull \u201c\u2019Satira me pushtetin e Vet\u00ebvendosjes, \u2018Logjikonomia\u2019 hiqet nga Youtube\u201d, duke konstatuar se nuk \u00ebsht\u00eb shkelur Kapitulli II i Kodit t\u00eb Mediave t\u00eb Shkruara t\u00eb Kosov\u00ebs, i cili ka t\u00eb b\u00ebj\u00eb me raportimin e s\u00eb v\u00ebrtet\u00ebs, ashtu si\u00e7 pretendon pala ankuese.<\/p>\n<\/div>\n<div class=\"x14z9mp xat24cr x1lziwak x1vvkbs xtlvy1s x126k92a\">\n<p dir=\"auto\">KMShK nuk e ka miratuar (e ka hedhur posht\u00eb) ankes\u00ebn e L\u00ebvizjes Vet\u00ebvendosje kund\u00ebr <span style=\"color: #0000ff;\"><strong><span class=\"html-span xdj266r x14z9mp xat24cr x1lziwak xexx8yu xyri2b x18d9i69 x1c1uobl x1hl2dhg x16tdsg8 x1vvkbs\"><a class=\"x1i10hfl xjbqb8w x1ejq31n x18oe1m7 x1sy0etr xstzfhl x972fbf x10w94by x1qhh985 x14e42zd x9f619 x1ypdohk xt0psk2 x3ct3a4 xdj266r x14z9mp xat24cr x1lziwak xexx8yu xyri2b x18d9i69 x1c1uobl x16tdsg8 x1hl2dhg xggy1nq x1a2a7pz xkrqix3 x1sur9pj x1fey0fg x1s688f\" style=\"color: #0000ff;\" tabindex=\"0\" role=\"link\" href=\"https:\/\/l.facebook.com\/l.php?u=https%3A%2F%2FNacionale.com%2F%3Ffbclid%3DIwZXh0bgNhZW0CMTAAYnJpZBExazJrRXpBVWtCWWFVWWRZNnNydGMGYXBwX2lkEDIyMjAzOTE3ODgyMDA4OTIAAR5kU3llMwpU9qQEmO8elDidMy302B11Rdhsz_zvppdSiAyTjy5mFIf9rMbtWQ_aem_86uvq78lZWYY59TMlBM6-w&amp;h=AT1r4Za5uSM2JmF2JXFRyBDbyhyvJ-WErrNsJCNmAVOZBU7StasNCpYgRwG9l1JJJagGEQYJjtneTmY9uHhWce_ZCrknS9RzHWfO1kKCsBmZZo4hB0sIC5XZvVsxHYUkF5ry6CvNxMxiog&amp;__tn__=-UK-R&amp;c[0]=AT21gcB-8C6q-dZ18z6jGFCu23cqmt3CTO7-sCDMUHLCxFyc6hJtIHjcmjvVmyLgxojGIEm1UmpVtdGq7fJneqVY4a6fGP1QQnVv1erLf7V2bsVn6BfSr_NhALEbGMOsS59BlFRlFyONwrHfoqND5NwjRNTrskzBgLSab-4IxLuWUz1OTzZG39D6_PWbnk0MnexgHXAglm8wE1UXS3mARsnh\" target=\"_blank\" rel=\"nofollow noopener\">Nacionale.com<\/a><\/span><\/strong><\/span> p\u00ebr shkrimin me titull \u201c\u2019Pas shfaqjes s\u00eb \u2018Logjikonomis\u00eb\u2019 ku tallej me fest\u00ebn e VV-s\u00eb p\u00ebr fitoren e Pecit n\u00eb Mitrovic\u00eb, mbyllet kanali i \u2018T\u00ebv\u00eb1\u2019 n\u00eb Youtube\u201d, duke konstatuar se nuk \u00ebsht\u00eb shkelur Kapitulli II i Kodit t\u00eb Mediave t\u00eb Shkruara t\u00eb Kosov\u00ebs, i cili ka t\u00eb b\u00ebj\u00eb me raportimin e s\u00eb v\u00ebrtet\u00ebs, ashtu si\u00e7 pretendon pala ankuese.<\/p>\n<\/div>\n<div class=\"x14z9mp xat24cr x1lziwak x1vvkbs xtlvy1s x126k92a\">\n<p dir=\"auto\">KMShK nuk e ka miratuar (e ka hedhur posht\u00eb) ankes\u00ebn e L\u00ebvizjes Vet\u00ebvendosje kund\u00ebr <span style=\"color: #0000ff;\"><strong><span class=\"html-span xdj266r x14z9mp xat24cr x1lziwak xexx8yu xyri2b x18d9i69 x1c1uobl x1hl2dhg x16tdsg8 x1vvkbs\"><a class=\"x1i10hfl xjbqb8w x1ejq31n x18oe1m7 x1sy0etr xstzfhl x972fbf x10w94by x1qhh985 x14e42zd x9f619 x1ypdohk xt0psk2 x3ct3a4 xdj266r x14z9mp xat24cr x1lziwak xexx8yu xyri2b x18d9i69 x1c1uobl x16tdsg8 x1hl2dhg xggy1nq x1a2a7pz xkrqix3 x1sur9pj x1fey0fg x1s688f\" style=\"color: #0000ff;\" tabindex=\"0\" role=\"link\" href=\"https:\/\/l.facebook.com\/l.php?u=http%3A%2F%2FPeriskopi.com%2F%3Ffbclid%3DIwZXh0bgNhZW0CMTAAYnJpZBExazJrRXpBVWtCWWFVWWRZNnNydGMGYXBwX2lkEDIyMjAzOTE3ODgyMDA4OTIAAR59ZPgSlPP2Wmj8e9Xaz4z_TFlRIkEVj7xwryM-qyGl6OQGRzjTNdK_8YRERw_aem_wBcK9Q9Q-UHvfO58S1Rpkw&amp;h=AT2aCqoHHSOVRtYo-pTYmmiLH11HSvGrmo8NFpZOvHRo6dQKaxDhwrvzuO2IVdG6IDSJaDFxrYMhqk5pKeyVXjDN6UbL2EqzcwJuiACLvjnw7BtvdddueSRslv-9BzdcQvTF478r3-Attg&amp;__tn__=-UK-R&amp;c[0]=AT21gcB-8C6q-dZ18z6jGFCu23cqmt3CTO7-sCDMUHLCxFyc6hJtIHjcmjvVmyLgxojGIEm1UmpVtdGq7fJneqVY4a6fGP1QQnVv1erLf7V2bsVn6BfSr_NhALEbGMOsS59BlFRlFyONwrHfoqND5NwjRNTrskzBgLSab-4IxLuWUz1OTzZG39D6_PWbnk0MnexgHXAglm8wE1UXS3mARsnh\" target=\"_blank\" rel=\"nofollow noopener\">Periskopi.com<\/a><\/span><\/strong><\/span> p\u00ebr shkrimin me titull \u201cE \u00e7uditshme: Pasi u publikua mbr\u00ebm\u00eb emisioni ku tallej festa e VV n\u00eb Mitrovic\u00eb, mbyllet kanali i Logjikonomis\u00eb n\u00eb Youtube\u201d, duke konstatuar se nuk \u00ebsht\u00eb shkelur Kapitulli II i Kodit t\u00eb Mediave t\u00eb Shkruara t\u00eb Kosov\u00ebs, i cili ka t\u00eb b\u00ebj\u00eb me raportimin e s\u00eb v\u00ebrtet\u00ebs, ashtu si\u00e7 pretendon pala ankuese.<\/p>\n<\/div>\n<div class=\"x14z9mp xat24cr x1lziwak x1vvkbs xtlvy1s x126k92a\">\n<p dir=\"auto\">KMShK nuk e ka miratuar (e ka hedhur posht\u00eb) ankes\u00ebn e L\u00ebvizjes Vet\u00ebvendosje kund\u00ebr <span style=\"color: #0000ff;\"><strong><span class=\"html-span xdj266r x14z9mp xat24cr x1lziwak xexx8yu xyri2b x18d9i69 x1c1uobl x1hl2dhg x16tdsg8 x1vvkbs\"><a class=\"x1i10hfl xjbqb8w x1ejq31n x18oe1m7 x1sy0etr xstzfhl x972fbf x10w94by x1qhh985 x14e42zd x9f619 x1ypdohk xt0psk2 x3ct3a4 xdj266r x14z9mp xat24cr x1lziwak xexx8yu xyri2b x18d9i69 x1c1uobl x16tdsg8 x1hl2dhg xggy1nq x1a2a7pz xkrqix3 x1sur9pj x1fey0fg x1s688f\" style=\"color: #0000ff;\" tabindex=\"0\" role=\"link\" href=\"https:\/\/l.facebook.com\/l.php?u=http%3A%2F%2FJepize.com%2F%3Ffbclid%3DIwZXh0bgNhZW0CMTAAYnJpZBExazJrRXpBVWtCWWFVWWRZNnNydGMGYXBwX2lkEDIyMjAzOTE3ODgyMDA4OTIAAR7adnmvQ47NJU4-b3_7nZu-B-i9DqV1WpQqUuY4424pf_56plJC0QnGubJ3aQ_aem_Pd60szfSw8txJ9LmRk_I0A&amp;h=AT0pb5ocV7ztYDxcuq9J1oIdd4weAjV3CpNJ8gRfPKJLYVXNlpVMrFSsQAErEkCClUrvfFZKe9yHPZ_PZhdFlEzaxL73vQq73eivQOOgeKGusMXhgE11MJJO0ok-a3hz0EzdkYuPb17FKg&amp;__tn__=-UK-R&amp;c[0]=AT21gcB-8C6q-dZ18z6jGFCu23cqmt3CTO7-sCDMUHLCxFyc6hJtIHjcmjvVmyLgxojGIEm1UmpVtdGq7fJneqVY4a6fGP1QQnVv1erLf7V2bsVn6BfSr_NhALEbGMOsS59BlFRlFyONwrHfoqND5NwjRNTrskzBgLSab-4IxLuWUz1OTzZG39D6_PWbnk0MnexgHXAglm8wE1UXS3mARsnh\" target=\"_blank\" rel=\"nofollow noopener\">Jepize.com<\/a><\/span><\/strong><\/span> p\u00ebr shkrimin me titull \u201c\u2019Pasi u mbyll kanali ku shfaqet \u2018Logjikonomia\u2019 q\u00eb b\u00ebri humor me fest\u00ebn e VV-s\u00eb n\u00eb Mitrovic\u00eb, reagon Kusari: Shqet\u00ebsuese\u2019\u201d, duke konstatuar se nuk \u00ebsht\u00eb shkelur Kapitulli II i Kodit t\u00eb Mediave t\u00eb Shkruara t\u00eb Kosov\u00ebs, i cili ka t\u00eb b\u00ebj\u00eb me raportimin e s\u00eb v\u00ebrtet\u00ebs, ashtu si\u00e7 pretendon pala ankuese.<\/p>\n<\/div>\n<div class=\"x14z9mp xat24cr x1lziwak x1vvkbs xtlvy1s x126k92a\">\n<p dir=\"auto\">KMShK nuk e ka miratuar (e ka hedhur posht\u00eb) ankes\u00ebn e L\u00ebvizjes Vet\u00ebvendosje kund\u00ebr <span style=\"color: #0000ff;\"><strong><span class=\"html-span xdj266r x14z9mp xat24cr x1lziwak xexx8yu xyri2b x18d9i69 x1c1uobl x1hl2dhg x16tdsg8 x1vvkbs\"><a class=\"x1i10hfl xjbqb8w x1ejq31n x18oe1m7 x1sy0etr xstzfhl x972fbf x10w94by x1qhh985 x14e42zd x9f619 x1ypdohk xt0psk2 x3ct3a4 xdj266r x14z9mp xat24cr x1lziwak xexx8yu xyri2b x18d9i69 x1c1uobl x16tdsg8 x1hl2dhg xggy1nq x1a2a7pz xkrqix3 x1sur9pj x1fey0fg x1s688f\" style=\"color: #0000ff;\" tabindex=\"0\" role=\"link\" href=\"https:\/\/l.facebook.com\/l.php?u=http%3A%2F%2FReporteri.net%2F%3Ffbclid%3DIwZXh0bgNhZW0CMTAAYnJpZBExazJrRXpBVWtCWWFVWWRZNnNydGMGYXBwX2lkEDIyMjAzOTE3ODgyMDA4OTIAAR7eKEbghSzf-C838QWKu3YgIF2_rhpyeeGYC2AuBCuQ-gvfnHERr-yaclCqRQ_aem_gVrYsEsEGhV7uc_XjDl6TA&amp;h=AT1BAivxFW_uRAmhSuHH0zRkOyipTwBTJVhK1S9ZqqN_q40h5vt0gOQL0LBJzUK1JF3MDbewDb6vamcsrVLqEkAQVGxgnYLGWivHbkljQuCIeU238rFFTecmKZnHkocJg0cyfQnucKpD1Q&amp;__tn__=-UK-R&amp;c[0]=AT21gcB-8C6q-dZ18z6jGFCu23cqmt3CTO7-sCDMUHLCxFyc6hJtIHjcmjvVmyLgxojGIEm1UmpVtdGq7fJneqVY4a6fGP1QQnVv1erLf7V2bsVn6BfSr_NhALEbGMOsS59BlFRlFyONwrHfoqND5NwjRNTrskzBgLSab-4IxLuWUz1OTzZG39D6_PWbnk0MnexgHXAglm8wE1UXS3mARsnh\" target=\"_blank\" rel=\"nofollow noopener\">Reporteri.net<\/a><\/span><\/strong><\/span> p\u00ebr shkrimin me titull \u201c\u2019Mbyllet kanali ku shfaqet \u2018Logjikonomia\u2019 q\u00eb b\u00ebri humor me fest\u00ebn e VV-s\u00eb n\u00eb Mitrovic\u00eb, reagon Kusari: Shqet\u00ebsuese\u2019\u201d, duke konstatuar se nuk \u00ebsht\u00eb shkelur Kapitulli II i Kodit t\u00eb Mediave t\u00eb Shkruara t\u00eb Kosov\u00ebs, i cili ka t\u00eb b\u00ebj\u00eb me raportimin e s\u00eb v\u00ebrtet\u00ebs, ashtu si\u00e7 pretendon pala ankuese.<\/p>\n<\/div>\n<div class=\"x14z9mp xat24cr x1lziwak x1vvkbs xtlvy1s x126k92a\">\n<p dir=\"auto\">KMShK e ka shpallur t\u00eb patrajtueshme ankes\u00ebn e Betim Lushtakut, p\u00ebrfaq\u00ebsuar nga avokati Agon Rrecaj, p\u00ebr videon me titull \u201cBetim Lushtaku, miku i kryetarit t\u00eb Sk\u00ebnderajt, Fadil Nura, ortak me t\u00eb arrestuarin e sot\u00ebm p\u00ebr spiunazh, Fatmir Shehollin\u201d, pasi q\u00eb videoja nuk \u00ebsht\u00eb publikuar n\u00eb nj\u00eb media, por n\u00eb nj\u00eb rrjet social. KMShK nuk ka kompetenc\u00eb t\u2019i vler\u00ebsoj\u00eb shkrimet ose videot e publikuara n\u00eb rrjete sociale. Pretendimet e veta pala mund t\u2019i adresoj\u00eb n\u00eb gjykat\u00eb ose n\u00eb rrjetin social Facebook.<\/p>\n<\/div>\n<div class=\"x14z9mp xat24cr x1lziwak x1vvkbs xtlvy1s x126k92a\">\n<p dir=\"auto\">KMShK e ka shpallur t\u00eb patrajtueshme ankes\u00ebn e Bergita Currit, kund\u00ebr <span style=\"color: #0000ff;\"><strong><span class=\"html-span xdj266r x14z9mp xat24cr x1lziwak xexx8yu xyri2b x18d9i69 x1c1uobl x1hl2dhg x16tdsg8 x1vvkbs\"><a class=\"x1i10hfl xjbqb8w x1ejq31n x18oe1m7 x1sy0etr xstzfhl x972fbf x10w94by x1qhh985 x14e42zd x9f619 x1ypdohk xt0psk2 x3ct3a4 xdj266r x14z9mp xat24cr x1lziwak xexx8yu xyri2b x18d9i69 x1c1uobl x16tdsg8 x1hl2dhg xggy1nq x1a2a7pz xkrqix3 x1sur9pj x1fey0fg x1s688f\" style=\"color: #0000ff;\" tabindex=\"0\" role=\"link\" href=\"https:\/\/l.facebook.com\/l.php?u=http%3A%2F%2FInsajderi.org%2F%3Ffbclid%3DIwZXh0bgNhZW0CMTAAYnJpZBExazJrRXpBVWtCWWFVWWRZNnNydGMGYXBwX2lkEDIyMjAzOTE3ODgyMDA4OTIAAR5LVL9VFxhPVj0VAq8p7Alk_IStJwB78KKozJOTpYWs6K_UI3YwWiYnEAOAoA_aem_dXeg6Ikc9Hf-bSVn8Ki0VQ&amp;h=AT0GpG9V_4g9bh0MMsAWgvRuqEuSMVOSIb6jnDsPq7mLTumrcG8tlb8tYD1AaKabnFvb-qRglYkNquTxOah1rbWPABxOu44T76VPwpmfnfVXVzKBECCjVVG7BdHy0BMZgyhMCcZB-iCjyg&amp;__tn__=-UK-R&amp;c[0]=AT21gcB-8C6q-dZ18z6jGFCu23cqmt3CTO7-sCDMUHLCxFyc6hJtIHjcmjvVmyLgxojGIEm1UmpVtdGq7fJneqVY4a6fGP1QQnVv1erLf7V2bsVn6BfSr_NhALEbGMOsS59BlFRlFyONwrHfoqND5NwjRNTrskzBgLSab-4IxLuWUz1OTzZG39D6_PWbnk0MnexgHXAglm8wE1UXS3mARsnh\" target=\"_blank\" rel=\"nofollow noopener\">Insajderi.org<\/a><\/span> <\/strong><\/span>p\u00ebr shkrimin me titull \u201cN\u00eb IML, Universitet dhe kompani private \u2013 si grumbulloi pasuri t\u00eb dyshimt\u00eb ekspertja e Mjek\u00ebsis\u00eb Ligjore, Bergita Curri dhe p\u00ebr \u00e7ka po hetohet nga Prokuroria?\u201d, duke konstatuar se media ka b\u00ebr\u00eb p\u00ebrmir\u00ebsimet e nevojshme brenda shkrimit, por KMShK nuk ka kompetenc\u00eb t\u00eb urdh\u00ebroj\u00eb median t\u00eb nd\u00ebrmarr\u00eb nj\u00eb veprim t\u00eb caktuar, si\u00e7 k\u00ebrkon pala ankuese, pra q\u00eb t\u00eb publikohet nj\u00eb shkrim i ve\u00e7ant\u00eb.<\/p>\n<\/div>\n<div class=\"x14z9mp xat24cr x1lziwak x1vvkbs xtlvy1s x126k92a\">\n<p dir=\"auto\">KMShK e ka shpallur t\u00eb paafatshme ankes\u00ebn e E.T. kund\u00ebr <span style=\"color: #0000ff;\"><strong><span class=\"html-span xdj266r x14z9mp xat24cr x1lziwak xexx8yu xyri2b x18d9i69 x1c1uobl x1hl2dhg x16tdsg8 x1vvkbs\"><a class=\"x1i10hfl xjbqb8w x1ejq31n x18oe1m7 x1sy0etr xstzfhl x972fbf x10w94by x1qhh985 x14e42zd x9f619 x1ypdohk xt0psk2 x3ct3a4 xdj266r x14z9mp xat24cr x1lziwak xexx8yu xyri2b x18d9i69 x1c1uobl x16tdsg8 x1hl2dhg xggy1nq x1a2a7pz xkrqix3 x1sur9pj x1fey0fg x1s688f\" style=\"color: #0000ff;\" tabindex=\"0\" role=\"link\" href=\"https:\/\/l.facebook.com\/l.php?u=https%3A%2F%2FSinjali.com%2F%3Ffbclid%3DIwZXh0bgNhZW0CMTAAYnJpZBExazJrRXpBVWtCWWFVWWRZNnNydGMGYXBwX2lkEDIyMjAzOTE3ODgyMDA4OTIAAR6VRJL7C4yJ2TjWHR0uq_6UR_TqcLuSQ7ucdn8RmBT6x-v_elCulUPMHNC35A_aem_FQkZOkK-Jf_OTCqKjnXfMQ&amp;h=AT2g6zgeljX6RdYvx7XWXaLhEZnUJ6zQMHS7aZF_CkLQK_4gbB7UrrLoplA29UScylSKMUPUeLOu198vja02J_oWnefHSMlJooHIVJQqE0uhJ0a3HZPuUxZHbAmA4TuBczETNOyfRAu_GQ&amp;__tn__=-UK-R&amp;c[0]=AT21gcB-8C6q-dZ18z6jGFCu23cqmt3CTO7-sCDMUHLCxFyc6hJtIHjcmjvVmyLgxojGIEm1UmpVtdGq7fJneqVY4a6fGP1QQnVv1erLf7V2bsVn6BfSr_NhALEbGMOsS59BlFRlFyONwrHfoqND5NwjRNTrskzBgLSab-4IxLuWUz1OTzZG39D6_PWbnk0MnexgHXAglm8wE1UXS3mARsnh\" target=\"_blank\" rel=\"nofollow noopener\">Sinjali.com<\/a><\/span><\/strong><\/span> p\u00ebr shkrimin me titull \u201cKy \u00ebsht\u00eb pronari i autosallonit n\u00eb \u00c7agllavic\u00eb q\u00eb u arrestua p\u00ebr mashtrim, u mbeti borxh rreth 100 mij\u00eb euro dy personave\u201d. Shkrimi \u00ebsht\u00eb botuar n\u00eb vitin 2022. KMShK udh\u00ebzon pal\u00ebn q\u00eb t\u2019i drejtohet medias me k\u00ebrkes\u00eb p\u00ebr heqje t\u00eb emrit t\u00eb tij apo t\u00eb k\u00ebrkoj\u00eb nga gjykata nj\u00eb gj\u00eb t\u00eb till\u00eb.<\/p>\n<\/div>\n<\/div>\n<\/div>\n<\/div>\n<\/div>\n<\/div>\n<\/div>\n<\/div>\n<\/div>\n<\/div>\n<\/div>\n<\/div>\n<\/div>\n<\/div>\n<\/div>\n<\/div>\n<\/div>\n<\/div>\n<\/div>\n","protected":false},"excerpt":{"rendered":"<p>K\u00ebshilli i Mediave t\u00eb Shkruara t\u00eb Kosov\u00ebs (KMShK) n\u00eb mbledhjen e rregullt ka shqyrtuar gjithsej 13 ankesa. An\u00ebtar\u00ebt e Kuvendit t\u00eb KMShK-s\u00eb kan\u00eb vendosur q\u00eb t\u00eb miratohet nj\u00eb nga to, nj\u00eb t\u00eb miratohet pjes\u00ebrisht, tet\u00eb t\u00eb refuzohen, dy t\u00eb shpallen t\u00eb pajtrajtueshme dhe nj\u00eb e paafatshme. Ankesat kishin t\u00eb b\u00ebnin me pretendimet p\u00ebr shkeljen e [&hellip;]<\/p>\n","protected":false},"author":2,"featured_media":17525,"comment_status":"open","ping_status":"open","sticky":false,"template":"","format":"standard","meta":{"footnotes":""},"categories":[92],"tags":[],"class_list":["post-17532","post","type-post","status-publish","format-standard","has-post-thumbnail","hentry","category-news-sq"],"acf":{"video_title":"","video":false},"yoast_head":"<!-- This site is optimized with the Yoast SEO plugin v28.3 - https:\/\/yoast.com\/product\/yoast-seo-wordpress\/ -->\n<title>Kuvendi i KMSHK-s\u00eb mori vendim p\u00ebr 13 ankesa - K\u00ebshilli i Mediave t\u00eb Shkruara t\u00eb Kosov\u00ebs | P\u00ebr nj\u00eb gazetari etike dhe profesionale<\/title>\n<meta name=\"robots\" content=\"index, follow, max-snippet:-1, max-image-preview:large, max-video-preview:-1\" \/>\n<link rel=\"canonical\" href=\"http:\/\/presscouncil-ks.org\/?p=17532\" \/>\n<meta property=\"og:locale\" content=\"en_US\" \/>\n<meta property=\"og:type\" content=\"article\" \/>\n<meta property=\"og:title\" content=\"Kuvendi i KMSHK-s\u00eb mori vendim p\u00ebr 13 ankesa - K\u00ebshilli i Mediave t\u00eb Shkruara t\u00eb Kosov\u00ebs | P\u00ebr nj\u00eb gazetari etike dhe profesionale\" \/>\n<meta property=\"og:description\" content=\"K\u00ebshilli i Mediave t\u00eb Shkruara t\u00eb Kosov\u00ebs (KMShK) n\u00eb mbledhjen e rregullt ka shqyrtuar gjithsej 13 ankesa. An\u00ebtar\u00ebt e Kuvendit t\u00eb KMShK-s\u00eb kan\u00eb vendosur q\u00eb t\u00eb miratohet nj\u00eb nga to, nj\u00eb t\u00eb miratohet pjes\u00ebrisht, tet\u00eb t\u00eb refuzohen, dy t\u00eb shpallen t\u00eb pajtrajtueshme dhe nj\u00eb e paafatshme. Ankesat kishin t\u00eb b\u00ebnin me pretendimet p\u00ebr shkeljen e [&hellip;]\" \/>\n<meta property=\"og:url\" content=\"http:\/\/presscouncil-ks.org\/?p=17532\" \/>\n<meta property=\"og:site_name\" content=\"K\u00ebshilli i Mediave t\u00eb Shkruara t\u00eb Kosov\u00ebs | P\u00ebr nj\u00eb gazetari etike dhe profesionale\" \/>\n<meta property=\"article:publisher\" content=\"https:\/\/www.facebook.com\/KMSHKosove\" \/>\n<meta property=\"article:published_time\" content=\"2025-11-28T10:57:58+00:00\" \/>\n<meta property=\"article:modified_time\" content=\"2026-07-31T15:08:17+00:00\" \/>\n<meta property=\"og:image\" content=\"http:\/\/presscouncil-ks.org\/wp-content\/uploads\/2025\/11\/27-nentor-seanca-kmshk.jpg\" \/>\n\t<meta property=\"og:image:width\" content=\"2048\" \/>\n\t<meta property=\"og:image:height\" content=\"1153\" \/>\n\t<meta property=\"og:image:type\" content=\"image\/jpeg\" \/>\n<meta name=\"author\" content=\"Editor\" \/>\n<meta name=\"twitter:card\" content=\"summary_large_image\" \/>\n<meta name=\"twitter:label1\" content=\"Written by\" \/>\n\t<meta name=\"twitter:data1\" content=\"Editor\" \/>\n\t<meta name=\"twitter:label2\" content=\"Est. reading time\" \/>\n\t<meta name=\"twitter:data2\" content=\"5 minutes\" \/>\n<script type=\"application\/ld+json\" class=\"yoast-schema-graph\">{\"@context\":\"https:\\\/\\\/schema.org\",\"@graph\":[{\"@type\":\"Article\",\"@id\":\"http:\\\/\\\/presscouncil-ks.org\\\/?p=17532#article\",\"isPartOf\":{\"@id\":\"http:\\\/\\\/presscouncil-ks.org\\\/?p=17532\"},\"author\":{\"name\":\"Editor\",\"@id\":\"http:\\\/\\\/presscouncil-ks.org\\\/#\\\/schema\\\/person\\\/b79d30c61264caeb733239c16cc4d673\"},\"headline\":\"Kuvendi i KMSHK-s\u00eb mori vendim p\u00ebr 13 ankesa\",\"datePublished\":\"2025-11-28T10:57:58+00:00\",\"dateModified\":\"2026-07-31T15:08:17+00:00\",\"mainEntityOfPage\":{\"@id\":\"http:\\\/\\\/presscouncil-ks.org\\\/?p=17532\"},\"wordCount\":1243,\"commentCount\":0,\"publisher\":{\"@id\":\"http:\\\/\\\/presscouncil-ks.org\\\/#organization\"},\"image\":{\"@id\":\"http:\\\/\\\/presscouncil-ks.org\\\/?p=17532#primaryimage\"},\"thumbnailUrl\":\"http:\\\/\\\/presscouncil-ks.org\\\/wp-content\\\/uploads\\\/2025\\\/11\\\/27-nentor-seanca-kmshk.jpg\",\"articleSection\":[\"Lajm\"],\"inLanguage\":\"en-US\",\"potentialAction\":[{\"@type\":\"CommentAction\",\"name\":\"Comment\",\"target\":[\"http:\\\/\\\/presscouncil-ks.org\\\/?p=17532#respond\"]}]},{\"@type\":\"WebPage\",\"@id\":\"http:\\\/\\\/presscouncil-ks.org\\\/?p=17532\",\"url\":\"http:\\\/\\\/presscouncil-ks.org\\\/?p=17532\",\"name\":\"Kuvendi i KMSHK-s\u00eb mori vendim p\u00ebr 13 ankesa - K\u00ebshilli i Mediave t\u00eb Shkruara t\u00eb Kosov\u00ebs | P\u00ebr nj\u00eb gazetari etike dhe profesionale\",\"isPartOf\":{\"@id\":\"http:\\\/\\\/presscouncil-ks.org\\\/#website\"},\"primaryImageOfPage\":{\"@id\":\"http:\\\/\\\/presscouncil-ks.org\\\/?p=17532#primaryimage\"},\"image\":{\"@id\":\"http:\\\/\\\/presscouncil-ks.org\\\/?p=17532#primaryimage\"},\"thumbnailUrl\":\"http:\\\/\\\/presscouncil-ks.org\\\/wp-content\\\/uploads\\\/2025\\\/11\\\/27-nentor-seanca-kmshk.jpg\",\"datePublished\":\"2025-11-28T10:57:58+00:00\",\"dateModified\":\"2026-07-31T15:08:17+00:00\",\"breadcrumb\":{\"@id\":\"http:\\\/\\\/presscouncil-ks.org\\\/?p=17532#breadcrumb\"},\"inLanguage\":\"en-US\",\"potentialAction\":[{\"@type\":\"ReadAction\",\"target\":[\"http:\\\/\\\/presscouncil-ks.org\\\/?p=17532\"]}]},{\"@type\":\"ImageObject\",\"inLanguage\":\"en-US\",\"@id\":\"http:\\\/\\\/presscouncil-ks.org\\\/?p=17532#primaryimage\",\"url\":\"http:\\\/\\\/presscouncil-ks.org\\\/wp-content\\\/uploads\\\/2025\\\/11\\\/27-nentor-seanca-kmshk.jpg\",\"contentUrl\":\"http:\\\/\\\/presscouncil-ks.org\\\/wp-content\\\/uploads\\\/2025\\\/11\\\/27-nentor-seanca-kmshk.jpg\",\"width\":2048,\"height\":1153},{\"@type\":\"BreadcrumbList\",\"@id\":\"http:\\\/\\\/presscouncil-ks.org\\\/?p=17532#breadcrumb\",\"itemListElement\":[{\"@type\":\"ListItem\",\"position\":1,\"name\":\"Home\",\"item\":\"https:\\\/\\\/presscouncil-ks.org\\\/\"},{\"@type\":\"ListItem\",\"position\":2,\"name\":\"Kuvendi i KMSHK-s\u00eb mori vendim p\u00ebr 13 ankesa\"}]},{\"@type\":\"WebSite\",\"@id\":\"http:\\\/\\\/presscouncil-ks.org\\\/#website\",\"url\":\"http:\\\/\\\/presscouncil-ks.org\\\/\",\"name\":\"https:\\\/\\\/presscouncil-ks.org\\\/\",\"description\":\"\",\"publisher\":{\"@id\":\"http:\\\/\\\/presscouncil-ks.org\\\/#organization\"},\"potentialAction\":[{\"@type\":\"SearchAction\",\"target\":{\"@type\":\"EntryPoint\",\"urlTemplate\":\"http:\\\/\\\/presscouncil-ks.org\\\/?s={search_term_string}\"},\"query-input\":{\"@type\":\"PropertyValueSpecification\",\"valueRequired\":true,\"valueName\":\"search_term_string\"}}],\"inLanguage\":\"en-US\"},{\"@type\":\"Organization\",\"@id\":\"http:\\\/\\\/presscouncil-ks.org\\\/#organization\",\"name\":\"K\u00ebshilli i Mediave t\u00eb Shkruara t\u00eb Kosov\u00ebs\",\"url\":\"http:\\\/\\\/presscouncil-ks.org\\\/\",\"logo\":{\"@type\":\"ImageObject\",\"inLanguage\":\"en-US\",\"@id\":\"http:\\\/\\\/presscouncil-ks.org\\\/#\\\/schema\\\/logo\\\/image\\\/\",\"url\":\"http:\\\/\\\/presscouncil-ks.org\\\/wp-content\\\/uploads\\\/2023\\\/06\\\/cropped-logo.png\",\"contentUrl\":\"http:\\\/\\\/presscouncil-ks.org\\\/wp-content\\\/uploads\\\/2023\\\/06\\\/cropped-logo.png\",\"width\":268,\"height\":166,\"caption\":\"K\u00ebshilli i Mediave t\u00eb Shkruara t\u00eb Kosov\u00ebs\"},\"image\":{\"@id\":\"http:\\\/\\\/presscouncil-ks.org\\\/#\\\/schema\\\/logo\\\/image\\\/\"},\"sameAs\":[\"https:\\\/\\\/www.facebook.com\\\/KMSHKosove\"]},{\"@type\":\"Person\",\"@id\":\"http:\\\/\\\/presscouncil-ks.org\\\/#\\\/schema\\\/person\\\/b79d30c61264caeb733239c16cc4d673\",\"name\":\"Editor\",\"image\":{\"@type\":\"ImageObject\",\"inLanguage\":\"en-US\",\"@id\":\"https:\\\/\\\/secure.gravatar.com\\\/avatar\\\/9534865f39e7b3527010ee17196a76d054b16d731a6a5bfe2f92a071c6e9bf4e?s=96&d=mm&r=g\",\"url\":\"https:\\\/\\\/secure.gravatar.com\\\/avatar\\\/9534865f39e7b3527010ee17196a76d054b16d731a6a5bfe2f92a071c6e9bf4e?s=96&d=mm&r=g\",\"contentUrl\":\"https:\\\/\\\/secure.gravatar.com\\\/avatar\\\/9534865f39e7b3527010ee17196a76d054b16d731a6a5bfe2f92a071c6e9bf4e?s=96&d=mm&r=g\",\"caption\":\"Editor\"},\"url\":\"http:\\\/\\\/presscouncil-ks.org\\\/?author=2\"}]}<\/script>\n<!-- \/ Yoast SEO plugin. -->","yoast_head_json":{"title":"Kuvendi i KMSHK-s\u00eb mori vendim p\u00ebr 13 ankesa - K\u00ebshilli i Mediave t\u00eb Shkruara t\u00eb Kosov\u00ebs | P\u00ebr nj\u00eb gazetari etike dhe profesionale","robots":{"index":"index","follow":"follow","max-snippet":"max-snippet:-1","max-image-preview":"max-image-preview:large","max-video-preview":"max-video-preview:-1"},"canonical":"http:\/\/presscouncil-ks.org\/?p=17532","og_locale":"en_US","og_type":"article","og_title":"Kuvendi i KMSHK-s\u00eb mori vendim p\u00ebr 13 ankesa - K\u00ebshilli i Mediave t\u00eb Shkruara t\u00eb Kosov\u00ebs | P\u00ebr nj\u00eb gazetari etike dhe profesionale","og_description":"K\u00ebshilli i Mediave t\u00eb Shkruara t\u00eb Kosov\u00ebs (KMShK) n\u00eb mbledhjen e rregullt ka shqyrtuar gjithsej 13 ankesa. An\u00ebtar\u00ebt e Kuvendit t\u00eb KMShK-s\u00eb kan\u00eb vendosur q\u00eb t\u00eb miratohet nj\u00eb nga to, nj\u00eb t\u00eb miratohet pjes\u00ebrisht, tet\u00eb t\u00eb refuzohen, dy t\u00eb shpallen t\u00eb pajtrajtueshme dhe nj\u00eb e paafatshme. Ankesat kishin t\u00eb b\u00ebnin me pretendimet p\u00ebr shkeljen e [&hellip;]","og_url":"http:\/\/presscouncil-ks.org\/?p=17532","og_site_name":"K\u00ebshilli i Mediave t\u00eb Shkruara t\u00eb Kosov\u00ebs | P\u00ebr nj\u00eb gazetari etike dhe profesionale","article_publisher":"https:\/\/www.facebook.com\/KMSHKosove","article_published_time":"2025-11-28T10:57:58+00:00","article_modified_time":"2026-07-31T15:08:17+00:00","og_image":[{"width":2048,"height":1153,"url":"http:\/\/presscouncil-ks.org\/wp-content\/uploads\/2025\/11\/27-nentor-seanca-kmshk.jpg","type":"image\/jpeg"}],"author":"Editor","twitter_card":"summary_large_image","twitter_misc":{"Written by":"Editor","Est. reading time":"5 minutes"},"schema":{"@context":"https:\/\/schema.org","@graph":[{"@type":"Article","@id":"http:\/\/presscouncil-ks.org\/?p=17532#article","isPartOf":{"@id":"http:\/\/presscouncil-ks.org\/?p=17532"},"author":{"name":"Editor","@id":"http:\/\/presscouncil-ks.org\/#\/schema\/person\/b79d30c61264caeb733239c16cc4d673"},"headline":"Kuvendi i KMSHK-s\u00eb mori vendim p\u00ebr 13 ankesa","datePublished":"2025-11-28T10:57:58+00:00","dateModified":"2026-07-31T15:08:17+00:00","mainEntityOfPage":{"@id":"http:\/\/presscouncil-ks.org\/?p=17532"},"wordCount":1243,"commentCount":0,"publisher":{"@id":"http:\/\/presscouncil-ks.org\/#organization"},"image":{"@id":"http:\/\/presscouncil-ks.org\/?p=17532#primaryimage"},"thumbnailUrl":"http:\/\/presscouncil-ks.org\/wp-content\/uploads\/2025\/11\/27-nentor-seanca-kmshk.jpg","articleSection":["Lajm"],"inLanguage":"en-US","potentialAction":[{"@type":"CommentAction","name":"Comment","target":["http:\/\/presscouncil-ks.org\/?p=17532#respond"]}]},{"@type":"WebPage","@id":"http:\/\/presscouncil-ks.org\/?p=17532","url":"http:\/\/presscouncil-ks.org\/?p=17532","name":"Kuvendi i KMSHK-s\u00eb mori vendim p\u00ebr 13 ankesa - K\u00ebshilli i Mediave t\u00eb Shkruara t\u00eb Kosov\u00ebs | P\u00ebr nj\u00eb gazetari etike dhe profesionale","isPartOf":{"@id":"http:\/\/presscouncil-ks.org\/#website"},"primaryImageOfPage":{"@id":"http:\/\/presscouncil-ks.org\/?p=17532#primaryimage"},"image":{"@id":"http:\/\/presscouncil-ks.org\/?p=17532#primaryimage"},"thumbnailUrl":"http:\/\/presscouncil-ks.org\/wp-content\/uploads\/2025\/11\/27-nentor-seanca-kmshk.jpg","datePublished":"2025-11-28T10:57:58+00:00","dateModified":"2026-07-31T15:08:17+00:00","breadcrumb":{"@id":"http:\/\/presscouncil-ks.org\/?p=17532#breadcrumb"},"inLanguage":"en-US","potentialAction":[{"@type":"ReadAction","target":["http:\/\/presscouncil-ks.org\/?p=17532"]}]},{"@type":"ImageObject","inLanguage":"en-US","@id":"http:\/\/presscouncil-ks.org\/?p=17532#primaryimage","url":"http:\/\/presscouncil-ks.org\/wp-content\/uploads\/2025\/11\/27-nentor-seanca-kmshk.jpg","contentUrl":"http:\/\/presscouncil-ks.org\/wp-content\/uploads\/2025\/11\/27-nentor-seanca-kmshk.jpg","width":2048,"height":1153},{"@type":"BreadcrumbList","@id":"http:\/\/presscouncil-ks.org\/?p=17532#breadcrumb","itemListElement":[{"@type":"ListItem","position":1,"name":"Home","item":"https:\/\/presscouncil-ks.org\/"},{"@type":"ListItem","position":2,"name":"Kuvendi i KMSHK-s\u00eb mori vendim p\u00ebr 13 ankesa"}]},{"@type":"WebSite","@id":"http:\/\/presscouncil-ks.org\/#website","url":"http:\/\/presscouncil-ks.org\/","name":"https:\/\/presscouncil-ks.org\/","description":"","publisher":{"@id":"http:\/\/presscouncil-ks.org\/#organization"},"potentialAction":[{"@type":"SearchAction","target":{"@type":"EntryPoint","urlTemplate":"http:\/\/presscouncil-ks.org\/?s={search_term_string}"},"query-input":{"@type":"PropertyValueSpecification","valueRequired":true,"valueName":"search_term_string"}}],"inLanguage":"en-US"},{"@type":"Organization","@id":"http:\/\/presscouncil-ks.org\/#organization","name":"K\u00ebshilli i Mediave t\u00eb Shkruara t\u00eb Kosov\u00ebs","url":"http:\/\/presscouncil-ks.org\/","logo":{"@type":"ImageObject","inLanguage":"en-US","@id":"http:\/\/presscouncil-ks.org\/#\/schema\/logo\/image\/","url":"http:\/\/presscouncil-ks.org\/wp-content\/uploads\/2023\/06\/cropped-logo.png","contentUrl":"http:\/\/presscouncil-ks.org\/wp-content\/uploads\/2023\/06\/cropped-logo.png","width":268,"height":166,"caption":"K\u00ebshilli i Mediave t\u00eb Shkruara t\u00eb Kosov\u00ebs"},"image":{"@id":"http:\/\/presscouncil-ks.org\/#\/schema\/logo\/image\/"},"sameAs":["https:\/\/www.facebook.com\/KMSHKosove"]},{"@type":"Person","@id":"http:\/\/presscouncil-ks.org\/#\/schema\/person\/b79d30c61264caeb733239c16cc4d673","name":"Editor","image":{"@type":"ImageObject","inLanguage":"en-US","@id":"https:\/\/secure.gravatar.com\/avatar\/9534865f39e7b3527010ee17196a76d054b16d731a6a5bfe2f92a071c6e9bf4e?s=96&d=mm&r=g","url":"https:\/\/secure.gravatar.com\/avatar\/9534865f39e7b3527010ee17196a76d054b16d731a6a5bfe2f92a071c6e9bf4e?s=96&d=mm&r=g","contentUrl":"https:\/\/secure.gravatar.com\/avatar\/9534865f39e7b3527010ee17196a76d054b16d731a6a5bfe2f92a071c6e9bf4e?s=96&d=mm&r=g","caption":"Editor"},"url":"http:\/\/presscouncil-ks.org\/?author=2"}]}},"_links":{"self":[{"href":"http:\/\/presscouncil-ks.org\/index.php?rest_route=\/wp\/v2\/posts\/17532","targetHints":{"allow":["GET"]}}],"collection":[{"href":"http:\/\/presscouncil-ks.org\/index.php?rest_route=\/wp\/v2\/posts"}],"about":[{"href":"http:\/\/presscouncil-ks.org\/index.php?rest_route=\/wp\/v2\/types\/post"}],"author":[{"embeddable":true,"href":"http:\/\/presscouncil-ks.org\/index.php?rest_route=\/wp\/v2\/users\/2"}],"replies":[{"embeddable":true,"href":"http:\/\/presscouncil-ks.org\/index.php?rest_route=%2Fwp%2Fv2%2Fcomments&post=17532"}],"version-history":[{"count":4,"href":"http:\/\/presscouncil-ks.org\/index.php?rest_route=\/wp\/v2\/posts\/17532\/revisions"}],"predecessor-version":[{"id":18556,"href":"http:\/\/presscouncil-ks.org\/index.php?rest_route=\/wp\/v2\/posts\/17532\/revisions\/18556"}],"wp:featuredmedia":[{"embeddable":true,"href":"http:\/\/presscouncil-ks.org\/index.php?rest_route=\/wp\/v2\/media\/17525"}],"wp:attachment":[{"href":"http:\/\/presscouncil-ks.org\/index.php?rest_route=%2Fwp%2Fv2%2Fmedia&parent=17532"}],"wp:term":[{"taxonomy":"category","embeddable":true,"href":"http:\/\/presscouncil-ks.org\/index.php?rest_route=%2Fwp%2Fv2%2Fcategories&post=17532"},{"taxonomy":"post_tag","embeddable":true,"href":"http:\/\/presscouncil-ks.org\/index.php?rest_route=%2Fwp%2Fv2%2Ftags&post=17532"}],"curies":[{"name":"wp","href":"https:\/\/api.w.org\/{rel}","templated":true}]}}