{"id":17530,"date":"2025-11-28T10:53:56","date_gmt":"2025-11-28T10:53:56","guid":{"rendered":"https:\/\/presscouncil-ks.org\/?p=17530"},"modified":"2026-07-31T15:04:53","modified_gmt":"2026-07-31T15:04:53","slug":"savet-stampe-doneo-odluku-o-13-zalbi","status":"publish","type":"post","link":"http:\/\/presscouncil-ks.org\/?p=17530&lang=sr","title":{"rendered":"Savet \u0160tampe doneo odluku o 13 \u017ealbi"},"content":{"rendered":"<div class=\"x14z9mp xat24cr x1lziwak x1vvkbs xtlvy1s x126k92a\">\n<div dir=\"auto\"><strong>Savet \u0160tampe Kosova (S\u0160K) u redovnom sastanku razmotrio je ukupno 13 \u017ealbi. Skup\u0161tina S\u0160K-a odlu\u010dila da jedna od njih bude usvojena, jedna da se usvoji delimi\u010dno, osam da se ne usvoje, dve su progla\u0161ene neprihvatljive i jedna neblagovremena.<\/strong><\/div>\n<\/div>\n<div class=\"x14z9mp xat24cr x1lziwak x1vvkbs xtlvy1s x126k92a\">\n<p dir=\"auto\">\u017dalbe su se ticale navodnih kr\u0161enja odre\u0111enih poglavlja Kodeksa za \u0161tampane medije Kosova, kao \u0161to su Poglavlje II \u2013 Istinito izve\u0161tavanje, Poglavlje IV \u2013 Pravo na odgovor, Poglavlje i Poglavlje VII \u2013 Privatnost i za\u0161tita izvora.<\/p>\n<\/div>\n<div class=\"x14z9mp xat24cr x1lziwak x1vvkbs xtlvy1s x126k92a\">\n<p dir=\"auto\">Savet \u0160tampe (S\u0160K) je odobrio \u017ealbu Mehdija Sejdiua protiv <span class=\"html-span xdj266r x14z9mp xat24cr x1lziwak xexx8yu xyri2b x18d9i69 x1c1uobl x1hl2dhg x16tdsg8 x1vvkbs\" style=\"color: #0000ff;\"><a class=\"x1i10hfl xjbqb8w x1ejq31n x18oe1m7 x1sy0etr xstzfhl x972fbf x10w94by x1qhh985 x14e42zd x9f619 x1ypdohk xt0psk2 x3ct3a4 xdj266r x14z9mp xat24cr x1lziwak xexx8yu xyri2b x18d9i69 x1c1uobl x16tdsg8 x1hl2dhg xggy1nq x1a2a7pz xkrqix3 x1sur9pj x1fey0fg x1s688f\" style=\"color: #0000ff;\" tabindex=\"0\" role=\"link\" href=\"https:\/\/l.facebook.com\/l.php?u=http%3A%2F%2FPaparaci.com%2F%3Ffbclid%3DIwZXh0bgNhZW0CMTAAYnJpZBExazJrRXpBVWtCWWFVWWRZNnNydGMGYXBwX2lkEDIyMjAzOTE3ODgyMDA4OTIAAR6VRJL7C4yJ2TjWHR0uq_6UR_TqcLuSQ7ucdn8RmBT6x-v_elCulUPMHNC35A_aem_FQkZOkK-Jf_OTCqKjnXfMQ&amp;h=AT1BbSSiA6fGsl-bibt2N_faBG6n07QiBo4jKYwmgzeahlfSlNkP0mWCgKxxUT8VOaZ-P3yXROsJmC7IEP91bP1uQlFytNduZOGIzMdpGma2pVno9NG_NVPDvzUAzhSal9O5UNtKta8UzA&amp;__tn__=-UK-R&amp;c[0]=AT0MeC_qDIXYGuRJ4Jx77KGZlMbR0J3zgZkQCo31uQITycKKqVsqkf0mrcjipw7DEyDLVUMSidW6eWkQXJkUMJWf4Pbn7NRw38lEFpct7mmHp90NJXQ5JIZUeq0C85rAIw0fKPMfBqheYKq6-Q9p1IcvITTJ0G70ay_Ks1u3LgovBVhqcjYpi0PB-3nc7XwljVgdN-DvUdvvUlAwsgIc8HGa\" target=\"_blank\" rel=\"nofollow noopener\">Paparaci.com<\/a><\/span> zbog \u010dlanka pod naslovom \u201d\u2019OVK je tako\u0111e bila teroristi\u010dka organizacija\u2019, to je pore\u0111enje koje je napravio biv\u0161i savetnik Besnika Bislimija\u2019\u201d, utvrdiv\u0161i da su prekr\u0161ena poglavlja II i IV Kodeksa \u0160tampe Kosova, koja se bave izve\u0161tavanjem istine, odnosno pravom na odgovor.<\/p>\n<\/div>\n<div class=\"x14z9mp xat24cr x1lziwak x1vvkbs xtlvy1s x126k92a\">\n<p dir=\"auto\">S\u0160K je delimi\u010dno odobrio \u017ealbu Termokos A.D. protiv <span class=\"html-span xdj266r x14z9mp xat24cr x1lziwak xexx8yu xyri2b x18d9i69 x1c1uobl x1hl2dhg x16tdsg8 x1vvkbs\" style=\"color: #0000ff;\"><a class=\"x1i10hfl xjbqb8w x1ejq31n x18oe1m7 x1sy0etr xstzfhl x972fbf x10w94by x1qhh985 x14e42zd x9f619 x1ypdohk xt0psk2 x3ct3a4 xdj266r x14z9mp xat24cr x1lziwak xexx8yu xyri2b x18d9i69 x1c1uobl x16tdsg8 x1hl2dhg xggy1nq x1a2a7pz xkrqix3 x1sur9pj x1fey0fg x1s688f\" style=\"color: #0000ff;\" tabindex=\"0\" role=\"link\" href=\"https:\/\/l.facebook.com\/l.php?u=http%3A%2F%2FGazetakosova.net%2F%3Ffbclid%3DIwZXh0bgNhZW0CMTAAYnJpZBExazJrRXpBVWtCWWFVWWRZNnNydGMGYXBwX2lkEDIyMjAzOTE3ODgyMDA4OTIAAR5GlXPoxAiIooC-I1WzkbZHcXrT2gQ8qqSVou-p8LfoEvWa8xfUuGkzox2mCw_aem_v_cScZUNZTAzW_B8k-RhRw&amp;h=AT3jiioQNUlpkQC663ug5MzvsB6oqV8U82jGvJDNe8eJWBsb8dqKHeEwYoENiqemylKKi2goyZsEJA_0lmuH-ctompG70kC1QAvY2AwPXUnKr3FaP9qRVyQEN8bonMrkIKIx3Mf_IL7_3Q&amp;__tn__=-UK-R&amp;c[0]=AT0MeC_qDIXYGuRJ4Jx77KGZlMbR0J3zgZkQCo31uQITycKKqVsqkf0mrcjipw7DEyDLVUMSidW6eWkQXJkUMJWf4Pbn7NRw38lEFpct7mmHp90NJXQ5JIZUeq0C85rAIw0fKPMfBqheYKq6-Q9p1IcvITTJ0G70ay_Ks1u3LgovBVhqcjYpi0PB-3nc7XwljVgdN-DvUdvvUlAwsgIc8HGa\" target=\"_blank\" rel=\"nofollow noopener\">Gazetakosova.net<\/a><\/span> zbog \u010dlanka pod naslovom \u201cFinansijska kriza poga\u0111a Termokos &#8211; Radnici bez plata, rukovodstvo deli hiljade evra za marketing!\u201c, utvrdiv\u0161i da je prekr\u0161eno Poglavlje II Kodeksa \u0160tampe Kosova, koje se bavi izve\u0161tavanjem istine, ali ne i Poglavlje IV, koje se bavi pravom na odgovor, kako tvrdi podnosilac \u017ealbe.<\/p>\n<\/div>\n<div class=\"x14z9mp xat24cr x1lziwak x1vvkbs xtlvy1s x126k92a\">\n<p dir=\"auto\">S\u0160K nije odobrio (odbacio) \u017ealbu Blinere Osmani protiv <span style=\"color: #0000ff;\"><span class=\"html-span xdj266r x14z9mp xat24cr x1lziwak xexx8yu xyri2b x18d9i69 x1c1uobl x1hl2dhg x16tdsg8 x1vvkbs\"><a class=\"x1i10hfl xjbqb8w x1ejq31n x18oe1m7 x1sy0etr xstzfhl x972fbf x10w94by x1qhh985 x14e42zd x9f619 x1ypdohk xt0psk2 x3ct3a4 xdj266r x14z9mp xat24cr x1lziwak xexx8yu xyri2b x18d9i69 x1c1uobl x16tdsg8 x1hl2dhg xggy1nq x1a2a7pz xkrqix3 x1sur9pj x1fey0fg x1s688f\" style=\"color: #0000ff;\" tabindex=\"0\" role=\"link\" href=\"https:\/\/l.facebook.com\/l.php?u=https%3A%2F%2FNacionale.com%2F%3Ffbclid%3DIwZXh0bgNhZW0CMTAAYnJpZBExazJrRXpBVWtCWWFVWWRZNnNydGMGYXBwX2lkEDIyMjAzOTE3ODgyMDA4OTIAAR51zmqdGlRQXCZs7GXIpSNfSYj5RcgVzYJz24qKjNQ1cpwe8jmZMCcIcbdFww_aem_fyzsl7yCHfRH89YyXC3x-A&amp;h=AT2iQgORxKGEFqzneCOiFwiHEy1SAwwkYk1jXQFe0jyagYsdxJKLgN_PDsw1Sz7_R9WRNfzDgbLTlLvfwkdC7zwkS1e1VFnATEP3uOku6BbqvxLS4HQkKiaxT7hwHldvXq7EupF8he1N_g&amp;__tn__=-UK-R&amp;c[0]=AT0MeC_qDIXYGuRJ4Jx77KGZlMbR0J3zgZkQCo31uQITycKKqVsqkf0mrcjipw7DEyDLVUMSidW6eWkQXJkUMJWf4Pbn7NRw38lEFpct7mmHp90NJXQ5JIZUeq0C85rAIw0fKPMfBqheYKq6-Q9p1IcvITTJ0G70ay_Ks1u3LgovBVhqcjYpi0PB-3nc7XwljVgdN-DvUdvvUlAwsgIc8HGa\" target=\"_blank\" rel=\"nofollow noopener\">Nacionale.com<\/a><\/span>, <span class=\"html-span xdj266r x14z9mp xat24cr x1lziwak xexx8yu xyri2b x18d9i69 x1c1uobl x1hl2dhg x16tdsg8 x1vvkbs\"><a class=\"x1i10hfl xjbqb8w x1ejq31n x18oe1m7 x1sy0etr xstzfhl x972fbf x10w94by x1qhh985 x14e42zd x9f619 x1ypdohk xt0psk2 x3ct3a4 xdj266r x14z9mp xat24cr x1lziwak xexx8yu xyri2b x18d9i69 x1c1uobl x16tdsg8 x1hl2dhg xggy1nq x1a2a7pz xkrqix3 x1sur9pj x1fey0fg x1s688f\" style=\"color: #0000ff;\" tabindex=\"0\" role=\"link\" href=\"https:\/\/l.facebook.com\/l.php?u=http%3A%2F%2FReporteri.net%2F%3Ffbclid%3DIwZXh0bgNhZW0CMTAAYnJpZBExazJrRXpBVWtCWWFVWWRZNnNydGMGYXBwX2lkEDIyMjAzOTE3ODgyMDA4OTIAAR51zmqdGlRQXCZs7GXIpSNfSYj5RcgVzYJz24qKjNQ1cpwe8jmZMCcIcbdFww_aem_fyzsl7yCHfRH89YyXC3x-A&amp;h=AT1Rf3nZXpbzA1itcn9Hjt4LrC-7kQ6YAMi1kaTOX3b6OiS_84NMD3pFK97W8jyw_hmdY5ad_v7Cfs9-Aq519RiO2jvSt2hZaJoV6JvZ4IPTXOdQG6_9NLKJwGczy2pEGsyNqJcQ5XHNVQ&amp;__tn__=-UK-R&amp;c[0]=AT0MeC_qDIXYGuRJ4Jx77KGZlMbR0J3zgZkQCo31uQITycKKqVsqkf0mrcjipw7DEyDLVUMSidW6eWkQXJkUMJWf4Pbn7NRw38lEFpct7mmHp90NJXQ5JIZUeq0C85rAIw0fKPMfBqheYKq6-Q9p1IcvITTJ0G70ay_Ks1u3LgovBVhqcjYpi0PB-3nc7XwljVgdN-DvUdvvUlAwsgIc8HGa\" target=\"_blank\" rel=\"nofollow noopener\">Reporteri.net<\/a><\/span> i <span class=\"html-span xdj266r x14z9mp xat24cr x1lziwak xexx8yu xyri2b x18d9i69 x1c1uobl x1hl2dhg x16tdsg8 x1vvkbs\"><a class=\"x1i10hfl xjbqb8w x1ejq31n x18oe1m7 x1sy0etr xstzfhl x972fbf x10w94by x1qhh985 x14e42zd x9f619 x1ypdohk xt0psk2 x3ct3a4 xdj266r x14z9mp xat24cr x1lziwak xexx8yu xyri2b x18d9i69 x1c1uobl x16tdsg8 x1hl2dhg xggy1nq x1a2a7pz xkrqix3 x1sur9pj x1fey0fg x1s688f\" style=\"color: #0000ff;\" tabindex=\"0\" role=\"link\" href=\"https:\/\/l.facebook.com\/l.php?u=http%3A%2F%2FPeriskopi.com%2F%3Ffbclid%3DIwZXh0bgNhZW0CMTAAYnJpZBExazJrRXpBVWtCWWFVWWRZNnNydGMGYXBwX2lkEDIyMjAzOTE3ODgyMDA4OTIAAR5LVL9VFxhPVj0VAq8p7Alk_IStJwB78KKozJOTpYWs6K_UI3YwWiYnEAOAoA_aem_dXeg6Ikc9Hf-bSVn8Ki0VQ&amp;h=AT1gzj_feaBqnJ0oBq6t9zTqUofrSMwbv_KKETIBflXyjqYEKb6kbZLteq0lxuKmstmbEvC5V2dGnO2IfUV6r6gVTSg8w6wx7pL-NtRi1Yqb9us_RvtKUI3TYYD87QrcPu9naUaIM5dBsQ&amp;__tn__=-UK-R&amp;c[0]=AT0MeC_qDIXYGuRJ4Jx77KGZlMbR0J3zgZkQCo31uQITycKKqVsqkf0mrcjipw7DEyDLVUMSidW6eWkQXJkUMJWf4Pbn7NRw38lEFpct7mmHp90NJXQ5JIZUeq0C85rAIw0fKPMfBqheYKq6-Q9p1IcvITTJ0G70ay_Ks1u3LgovBVhqcjYpi0PB-3nc7XwljVgdN-DvUdvvUlAwsgIc8HGa\" target=\"_blank\" rel=\"nofollow noopener\">Periskopi.com<\/a><\/span><\/span> zbog \u010dlanaka pod naslovima \u201dBlinera Osmani, sestra Predsednice, dobila je advokatsku licencu bez ispunjavanja uslova\u201c, \u201dSestra Vjose Osmani dobila je advokatsku licencu bez ispunjavanja uslova\u201c i \u201dDokumenti: Kako je Blinera Osmani, sestra Predsednice, dobila advokatsku licencu bez ispunjavanja uslova\u201c, utvrdiv\u0161i da poglavlja II i VII Kodeksa \u0160tampe Kosova, koja se bave izve\u0161tavanjem istine, odnosno privatno\u0161c\u0301u, nisu prekr\u0161ena, kako tvrdi podnosilac \u017ealbe.<\/p>\n<\/div>\n<div class=\"x14z9mp xat24cr x1lziwak x1vvkbs xtlvy1s x126k92a\">\n<p dir=\"auto\">S\u0160K nije odobrio (odbacio) \u017ealbu Rilinda Gervale protiv <span class=\"html-span xdj266r x14z9mp xat24cr x1lziwak xexx8yu xyri2b x18d9i69 x1c1uobl x1hl2dhg x16tdsg8 x1vvkbs\" style=\"color: #0000ff;\"><a class=\"x1i10hfl xjbqb8w x1ejq31n x18oe1m7 x1sy0etr xstzfhl x972fbf x10w94by x1qhh985 x14e42zd x9f619 x1ypdohk xt0psk2 x3ct3a4 xdj266r x14z9mp xat24cr x1lziwak xexx8yu xyri2b x18d9i69 x1c1uobl x16tdsg8 x1hl2dhg xggy1nq x1a2a7pz xkrqix3 x1sur9pj x1fey0fg x1s688f\" style=\"color: #0000ff;\" tabindex=\"0\" role=\"link\" href=\"https:\/\/l.facebook.com\/l.php?u=http%3A%2F%2FReporteri.net%2F%3Ffbclid%3DIwZXh0bgNhZW0CMTAAYnJpZBExazJrRXpBVWtCWWFVWWRZNnNydGMGYXBwX2lkEDIyMjAzOTE3ODgyMDA4OTIAAR7BDOw_rvGougKRlAc0lDRQPq5p6T3U7sRfCLfrJMsnAPhjzYf4gzFMQK69XQ_aem_1gHnTe8wJPV3X8CvKTDyRw&amp;h=AT1Rf3nZXpbzA1itcn9Hjt4LrC-7kQ6YAMi1kaTOX3b6OiS_84NMD3pFK97W8jyw_hmdY5ad_v7Cfs9-Aq519RiO2jvSt2hZaJoV6JvZ4IPTXOdQG6_9NLKJwGczy2pEGsyNqJcQ5XHNVQ&amp;__tn__=-UK-R&amp;c[0]=AT0MeC_qDIXYGuRJ4Jx77KGZlMbR0J3zgZkQCo31uQITycKKqVsqkf0mrcjipw7DEyDLVUMSidW6eWkQXJkUMJWf4Pbn7NRw38lEFpct7mmHp90NJXQ5JIZUeq0C85rAIw0fKPMfBqheYKq6-Q9p1IcvITTJ0G70ay_Ks1u3LgovBVhqcjYpi0PB-3nc7XwljVgdN-DvUdvvUlAwsgIc8HGa\" target=\"_blank\" rel=\"nofollow noopener\">Reporteri.net<\/a><\/span> zbog \u010dlanka pod naslovom \u201dOslobodite kancelariju odmah\u201c &#8211; rat u RTK o tome ko je \u0161ef izme\u0111u Rilinda Gervale i Hisena Hundozija\u201d, utvrdiv\u0161i da nisu prekr\u0161ena poglavlja II i IV Kodeksa \u0160tampe Kosova, koja se odnose na izve\u0161tavanje istine, odnosno pravo na odgovor, kako tvrdi podnosilac \u017ealbe.<\/p>\n<\/div>\n<div class=\"x14z9mp xat24cr x1lziwak x1vvkbs xtlvy1s x126k92a\">\n<p dir=\"auto\">S\u0160K nije odobrio (odbacio) \u017ealbu Blendine Hod\u017ee protiv Klankosova.tv zbog \u010dlanka pod naslovom \u201cEkskluzivno: Ovo je vojnik iz Drenasa optu\u017een za silovanje u Engleskoj, britanska policija govori za Klan\u201c, utvrdiv\u0161i da nisu prekr\u0161ena poglavlja II i VII Kodeksa \u0160tampe Kosova, koja se odnose na izve\u0161tavanje istine, odnosno privatnost, kako tvrdi podnosilac \u017ealbe.<\/p>\n<\/div>\n<div class=\"x14z9mp xat24cr x1lziwak x1vvkbs xtlvy1s x126k92a\">\n<p dir=\"auto\">S\u0160K nije odobrio (odbacio) \u017ealbu Pokreta Samoopredeljenje protiv <span class=\"html-span xdj266r x14z9mp xat24cr x1lziwak xexx8yu xyri2b x18d9i69 x1c1uobl x1hl2dhg x16tdsg8 x1vvkbs\" style=\"color: #0000ff;\"><a class=\"x1i10hfl xjbqb8w x1ejq31n x18oe1m7 x1sy0etr xstzfhl x972fbf x10w94by x1qhh985 x14e42zd x9f619 x1ypdohk xt0psk2 x3ct3a4 xdj266r x14z9mp xat24cr x1lziwak xexx8yu xyri2b x18d9i69 x1c1uobl x16tdsg8 x1hl2dhg xggy1nq x1a2a7pz xkrqix3 x1sur9pj x1fey0fg x1s688f\" style=\"color: #0000ff;\" tabindex=\"0\" role=\"link\" href=\"https:\/\/l.facebook.com\/l.php?u=http%3A%2F%2FPaparaci.com%2F%3Ffbclid%3DIwZXh0bgNhZW0CMTAAYnJpZBExazJrRXpBVWtCWWFVWWRZNnNydGMGYXBwX2lkEDIyMjAzOTE3ODgyMDA4OTIAAR7BDOw_rvGougKRlAc0lDRQPq5p6T3U7sRfCLfrJMsnAPhjzYf4gzFMQK69XQ_aem_1gHnTe8wJPV3X8CvKTDyRw&amp;h=AT1BbSSiA6fGsl-bibt2N_faBG6n07QiBo4jKYwmgzeahlfSlNkP0mWCgKxxUT8VOaZ-P3yXROsJmC7IEP91bP1uQlFytNduZOGIzMdpGma2pVno9NG_NVPDvzUAzhSal9O5UNtKta8UzA&amp;__tn__=-UK-R&amp;c[0]=AT0MeC_qDIXYGuRJ4Jx77KGZlMbR0J3zgZkQCo31uQITycKKqVsqkf0mrcjipw7DEyDLVUMSidW6eWkQXJkUMJWf4Pbn7NRw38lEFpct7mmHp90NJXQ5JIZUeq0C85rAIw0fKPMfBqheYKq6-Q9p1IcvITTJ0G70ay_Ks1u3LgovBVhqcjYpi0PB-3nc7XwljVgdN-DvUdvvUlAwsgIc8HGa\" target=\"_blank\" rel=\"nofollow noopener\">Paparaci.com<\/a><\/span> zbog \u010dlanka pod naslovom \u201c&#8217;Satira sa vladom Samoopredeljenja, &#8216;Logikonomija&#8217; je uklonjena sa Jutjuba\u201c, utvrdiv\u0161i da poglavlje II Kodeksa \u0160tampe Kosova, koje se odnosi na izve\u0161tavanje istine, nije prekr\u0161eno, kako tvrdi podnosilac \u017ealbe.<\/p>\n<\/div>\n<div class=\"x14z9mp xat24cr x1lziwak x1vvkbs xtlvy1s x126k92a\">\n<p dir=\"auto\">S\u0160K nije odobrio (odbacio) \u017ealbu Pokreta Samoopredeljenje protiv <span class=\"html-span xdj266r x14z9mp xat24cr x1lziwak xexx8yu xyri2b x18d9i69 x1c1uobl x1hl2dhg x16tdsg8 x1vvkbs\" style=\"color: #0000ff;\"><a class=\"x1i10hfl xjbqb8w x1ejq31n x18oe1m7 x1sy0etr xstzfhl x972fbf x10w94by x1qhh985 x14e42zd x9f619 x1ypdohk xt0psk2 x3ct3a4 xdj266r x14z9mp xat24cr x1lziwak xexx8yu xyri2b x18d9i69 x1c1uobl x16tdsg8 x1hl2dhg xggy1nq x1a2a7pz xkrqix3 x1sur9pj x1fey0fg x1s688f\" style=\"color: #0000ff;\" tabindex=\"0\" role=\"link\" href=\"https:\/\/l.facebook.com\/l.php?u=https%3A%2F%2FNacionale.com%2F%3Ffbclid%3DIwZXh0bgNhZW0CMTAAYnJpZBExazJrRXpBVWtCWWFVWWRZNnNydGMGYXBwX2lkEDIyMjAzOTE3ODgyMDA4OTIAAR51zmqdGlRQXCZs7GXIpSNfSYj5RcgVzYJz24qKjNQ1cpwe8jmZMCcIcbdFww_aem_fyzsl7yCHfRH89YyXC3x-A&amp;h=AT2iQgORxKGEFqzneCOiFwiHEy1SAwwkYk1jXQFe0jyagYsdxJKLgN_PDsw1Sz7_R9WRNfzDgbLTlLvfwkdC7zwkS1e1VFnATEP3uOku6BbqvxLS4HQkKiaxT7hwHldvXq7EupF8he1N_g&amp;__tn__=-UK-R&amp;c[0]=AT0MeC_qDIXYGuRJ4Jx77KGZlMbR0J3zgZkQCo31uQITycKKqVsqkf0mrcjipw7DEyDLVUMSidW6eWkQXJkUMJWf4Pbn7NRw38lEFpct7mmHp90NJXQ5JIZUeq0C85rAIw0fKPMfBqheYKq6-Q9p1IcvITTJ0G70ay_Ks1u3LgovBVhqcjYpi0PB-3nc7XwljVgdN-DvUdvvUlAwsgIc8HGa\" target=\"_blank\" rel=\"nofollow noopener\">Nacionale.com<\/a><\/span> zbog \u010dlanka pod naslovom \u201c\u2019Nakon emitovanja emisije \u2018Logikonomija\u2019 koja ismeva stranku zbog pobede Pecija u Mitrovici, kanal \u2018Teve1\u2019 na Jutjubu je zatvoren\u2019\u201c, utvrdiv\u0161i da nije prekr\u0161eno Poglavlje II Kodeksa \u0160tampe Kosova, koje se bavi izve\u0161tavanjem istine, kako tvrdi podnosilac \u017ealbe.<\/p>\n<\/div>\n<div class=\"x14z9mp xat24cr x1lziwak x1vvkbs xtlvy1s x126k92a\">\n<p dir=\"auto\">S\u0160K nije odobrio (odbacio) \u017ealbu Pokreta Samoopredeljenje protiv <span class=\"html-span xdj266r x14z9mp xat24cr x1lziwak xexx8yu xyri2b x18d9i69 x1c1uobl x1hl2dhg x16tdsg8 x1vvkbs\" style=\"color: #0000ff;\"><a class=\"x1i10hfl xjbqb8w x1ejq31n x18oe1m7 x1sy0etr xstzfhl x972fbf x10w94by x1qhh985 x14e42zd x9f619 x1ypdohk xt0psk2 x3ct3a4 xdj266r x14z9mp xat24cr x1lziwak xexx8yu xyri2b x18d9i69 x1c1uobl x16tdsg8 x1hl2dhg xggy1nq x1a2a7pz xkrqix3 x1sur9pj x1fey0fg x1s688f\" style=\"color: #0000ff;\" tabindex=\"0\" role=\"link\" href=\"https:\/\/l.facebook.com\/l.php?u=http%3A%2F%2FPeriskopi.com%2F%3Ffbclid%3DIwZXh0bgNhZW0CMTAAYnJpZBExazJrRXpBVWtCWWFVWWRZNnNydGMGYXBwX2lkEDIyMjAzOTE3ODgyMDA4OTIAAR7adnmvQ47NJU4-b3_7nZu-B-i9DqV1WpQqUuY4424pf_56plJC0QnGubJ3aQ_aem_Pd60szfSw8txJ9LmRk_I0A&amp;h=AT1gzj_feaBqnJ0oBq6t9zTqUofrSMwbv_KKETIBflXyjqYEKb6kbZLteq0lxuKmstmbEvC5V2dGnO2IfUV6r6gVTSg8w6wx7pL-NtRi1Yqb9us_RvtKUI3TYYD87QrcPu9naUaIM5dBsQ&amp;__tn__=-UK-R&amp;c[0]=AT0MeC_qDIXYGuRJ4Jx77KGZlMbR0J3zgZkQCo31uQITycKKqVsqkf0mrcjipw7DEyDLVUMSidW6eWkQXJkUMJWf4Pbn7NRw38lEFpct7mmHp90NJXQ5JIZUeq0C85rAIw0fKPMfBqheYKq6-Q9p1IcvITTJ0G70ay_Ks1u3LgovBVhqcjYpi0PB-3nc7XwljVgdN-DvUdvvUlAwsgIc8HGa\" target=\"_blank\" rel=\"nofollow noopener\">Periskopi.com<\/a><\/span> zbog \u010dlanka pod naslovom \u201c\u2019\u010cudno: Nakon \u0161to je sinoc\u0301 objavljeno emitovanje koje ismeva stranku VV u Mitrovici, kanal \u2018Logikonomija\u2019 na Jutjubu je zatvoren\u2019\u201c, utvrdiv\u0161i da nije prekr\u0161eno Poglavlje II Kodeksa \u0160tampe Kosova, koje se bavi izve\u0161tavanjem istine, kako tvrdi podnosilac \u017ealbe.<\/p>\n<\/div>\n<div class=\"x14z9mp xat24cr x1lziwak x1vvkbs xtlvy1s x126k92a\">\n<p dir=\"auto\">S\u0160K nije odobrio (odbacio) \u017ealbu Pokreta Samoopredeljenje protiv <span class=\"html-span xdj266r x14z9mp xat24cr x1lziwak xexx8yu xyri2b x18d9i69 x1c1uobl x1hl2dhg x16tdsg8 x1vvkbs\" style=\"color: #0000ff;\"><a class=\"x1i10hfl xjbqb8w x1ejq31n x18oe1m7 x1sy0etr xstzfhl x972fbf x10w94by x1qhh985 x14e42zd x9f619 x1ypdohk xt0psk2 x3ct3a4 xdj266r x14z9mp xat24cr x1lziwak xexx8yu xyri2b x18d9i69 x1c1uobl x16tdsg8 x1hl2dhg xggy1nq x1a2a7pz xkrqix3 x1sur9pj x1fey0fg x1s688f\" style=\"color: #0000ff;\" tabindex=\"0\" role=\"link\" href=\"https:\/\/l.facebook.com\/l.php?u=http%3A%2F%2FJepize.com%2F%3Ffbclid%3DIwZXh0bgNhZW0CMTAAYnJpZBExazJrRXpBVWtCWWFVWWRZNnNydGMGYXBwX2lkEDIyMjAzOTE3ODgyMDA4OTIAAR7adnmvQ47NJU4-b3_7nZu-B-i9DqV1WpQqUuY4424pf_56plJC0QnGubJ3aQ_aem_Pd60szfSw8txJ9LmRk_I0A&amp;h=AT0wj46vez0kOqk3uoCCrnTv_uNh9NOHMvx7DiY3GcD9XXVAt0hOboBniNqKXpCLzvvNxarVjzidW-hSkNEZET9dbBSJqnGqz7OTpy9udvvv7XrIWZXfBjHT2V_IKLzyRuo8ez7DQXmMLw&amp;__tn__=-UK-R&amp;c[0]=AT0MeC_qDIXYGuRJ4Jx77KGZlMbR0J3zgZkQCo31uQITycKKqVsqkf0mrcjipw7DEyDLVUMSidW6eWkQXJkUMJWf4Pbn7NRw38lEFpct7mmHp90NJXQ5JIZUeq0C85rAIw0fKPMfBqheYKq6-Q9p1IcvITTJ0G70ay_Ks1u3LgovBVhqcjYpi0PB-3nc7XwljVgdN-DvUdvvUlAwsgIc8HGa\" target=\"_blank\" rel=\"nofollow noopener\">Jepize.com<\/a><\/span> zbog \u010dlanka pod naslovom \u201c&#8217;Nakon \u0161to je kanal na kojem se emituje &#8216;Logikonomija&#8217;, koji je ismevao stranku VV u Mitrovici, zatvoren, Kusari reaguje: Zabrinjavajuc\u0301e&#8217;\u201c, zaklju\u010dujuc\u0301i da nije prekr\u0161eno Poglavlje II Kodeksa \u0160tampe Kosova, koje se bavi izve\u0161tavanjem istine, kako tvrdi podnosilac \u017ealbe.<\/p>\n<\/div>\n<div class=\"x14z9mp xat24cr x1lziwak x1vvkbs xtlvy1s x126k92a\">\n<p dir=\"auto\">S\u0160K nije odobrio (odbacio) \u017ealbu Pokreta Samoopredeljenje protiv <span class=\"html-span xdj266r x14z9mp xat24cr x1lziwak xexx8yu xyri2b x18d9i69 x1c1uobl x1hl2dhg x16tdsg8 x1vvkbs\" style=\"color: #0000ff;\"><a class=\"x1i10hfl xjbqb8w x1ejq31n x18oe1m7 x1sy0etr xstzfhl x972fbf x10w94by x1qhh985 x14e42zd x9f619 x1ypdohk xt0psk2 x3ct3a4 xdj266r x14z9mp xat24cr x1lziwak xexx8yu xyri2b x18d9i69 x1c1uobl x16tdsg8 x1hl2dhg xggy1nq x1a2a7pz xkrqix3 x1sur9pj x1fey0fg x1s688f\" style=\"color: #0000ff;\" tabindex=\"0\" role=\"link\" href=\"https:\/\/l.facebook.com\/l.php?u=http%3A%2F%2FReporteri.net%2F%3Ffbclid%3DIwZXh0bgNhZW0CMTAAYnJpZBExazJrRXpBVWtCWWFVWWRZNnNydGMGYXBwX2lkEDIyMjAzOTE3ODgyMDA4OTIAAR5LVL9VFxhPVj0VAq8p7Alk_IStJwB78KKozJOTpYWs6K_UI3YwWiYnEAOAoA_aem_dXeg6Ikc9Hf-bSVn8Ki0VQ&amp;h=AT1Rf3nZXpbzA1itcn9Hjt4LrC-7kQ6YAMi1kaTOX3b6OiS_84NMD3pFK97W8jyw_hmdY5ad_v7Cfs9-Aq519RiO2jvSt2hZaJoV6JvZ4IPTXOdQG6_9NLKJwGczy2pEGsyNqJcQ5XHNVQ&amp;__tn__=-UK-R&amp;c[0]=AT0MeC_qDIXYGuRJ4Jx77KGZlMbR0J3zgZkQCo31uQITycKKqVsqkf0mrcjipw7DEyDLVUMSidW6eWkQXJkUMJWf4Pbn7NRw38lEFpct7mmHp90NJXQ5JIZUeq0C85rAIw0fKPMfBqheYKq6-Q9p1IcvITTJ0G70ay_Ks1u3LgovBVhqcjYpi0PB-3nc7XwljVgdN-DvUdvvUlAwsgIc8HGa\" target=\"_blank\" rel=\"nofollow noopener\">Reporteri.net<\/a><\/span> zbog \u010dlanka pod naslovom\u201d&#8217;Kanal na kojem se pojavljuje &#8216;Logikonomija&#8217;, koji je ismevao stranku VV u Mitrovici, je zatvoren, Kusari reaguje: Zabrinjavajuc\u0301e&#8217;\u201c, zaklju\u010dujuc\u0301i da nije prekr\u0161eno Poglavlje II Kodeksa \u0160tampe Kosova, koje se bavi izve\u0161tavanjem istine, kako tvrdi podnosilac \u017ealbe.<\/p>\n<\/div>\n<div class=\"x14z9mp xat24cr x1lziwak x1vvkbs xtlvy1s x126k92a\">\n<p dir=\"auto\">S\u0160K je proglasio neprihvatljivom \u017ealbu Betima Lu\u0161takua, koga zastupa advokat Agon Recaj, u vezi sa videom pod naslovom \u201cBetim Lu\u0161taku, prijatelj gradona\u010delnika Skenderaja, Fadila Nure, partner u dana\u0161njem hap\u0161enju Fatmira \u0160eholija zbog \u0161pijuna\u017ee\u201c, po\u0161to video nije objavljen u mediju, vec\u0301 na dru\u0161tvenoj mre\u017ei. S\u0160K nema ovla\u0161c\u0301enja da procenjuje \u010dlanke ili video zapise objavljene na dru\u0161tvenim mre\u017eama. Podnosioc \u017ealbe mo\u017ee da uputi svoje zahteve sudu ili dru\u0161tvenoj mre\u017ei Fejsbuk.<\/p>\n<\/div>\n<div class=\"x14z9mp xat24cr x1lziwak x1vvkbs xtlvy1s x126k92a\">\n<p dir=\"auto\">S\u0160K je proglasio neprihvatljivom \u017ealbu Bergite Curi protiv <span class=\"html-span xdj266r x14z9mp xat24cr x1lziwak xexx8yu xyri2b x18d9i69 x1c1uobl x1hl2dhg x16tdsg8 x1vvkbs\" style=\"color: #0000ff;\"><a class=\"x1i10hfl xjbqb8w x1ejq31n x18oe1m7 x1sy0etr xstzfhl x972fbf x10w94by x1qhh985 x14e42zd x9f619 x1ypdohk xt0psk2 x3ct3a4 xdj266r x14z9mp xat24cr x1lziwak xexx8yu xyri2b x18d9i69 x1c1uobl x16tdsg8 x1hl2dhg xggy1nq x1a2a7pz xkrqix3 x1sur9pj x1fey0fg x1s688f\" style=\"color: #0000ff;\" tabindex=\"0\" role=\"link\" href=\"https:\/\/l.facebook.com\/l.php?u=http%3A%2F%2FInsajderi.org%2F%3Ffbclid%3DIwZXh0bgNhZW0CMTAAYnJpZBExazJrRXpBVWtCWWFVWWRZNnNydGMGYXBwX2lkEDIyMjAzOTE3ODgyMDA4OTIAAR5kU3llMwpU9qQEmO8elDidMy302B11Rdhsz_zvppdSiAyTjy5mFIf9rMbtWQ_aem_86uvq78lZWYY59TMlBM6-w&amp;h=AT2fL-wQxiITDYxCqGD7fs1YjsATKvmWcDJpZXkkMF55WZlQraEHMb4FsfPnZE3SYZiqDXfLZefCt8VspUaSDZLgGEQj_Fufrn2Fdc_q0J6N3oLKcfE2N6eIPK392CChOoKlX8bH0HMrZw&amp;__tn__=-UK-R&amp;c[0]=AT0MeC_qDIXYGuRJ4Jx77KGZlMbR0J3zgZkQCo31uQITycKKqVsqkf0mrcjipw7DEyDLVUMSidW6eWkQXJkUMJWf4Pbn7NRw38lEFpct7mmHp90NJXQ5JIZUeq0C85rAIw0fKPMfBqheYKq6-Q9p1IcvITTJ0G70ay_Ks1u3LgovBVhqcjYpi0PB-3nc7XwljVgdN-DvUdvvUlAwsgIc8HGa\" target=\"_blank\" rel=\"nofollow noopener\">Insajderi.org<\/a><\/span> zbog \u010dlanka pod naslovom \u201c\u2019U FI-u, univerzitetu i privatnoj kompaniji &#8211; kako je forenzi\u010darka Bergita Curi akumulirala sumnjivu imovinu i \u0161ta istra\u017euje tu\u017eila\u0161tvo?\u201c, zaklju\u010dujuc\u0301i da su mediji izvr\u0161ili potrebne ispravke u \u010dlanku, ali S\u0160K nema ovla\u0161c\u0301enja da nalo\u017ei medijima da preduzmu konkretnu akciju, kako je zahtevala strana koja se \u017eali, da objave poseban \u010dlanak.<\/p>\n<\/div>\n<div class=\"x14z9mp xat24cr x1lziwak x1vvkbs xtlvy1s x126k92a\">\n<p dir=\"auto\">S\u0160K je proglasio neblagovremenom \u017ealbu E.T.\u00a0 protiv <span class=\"html-span xdj266r x14z9mp xat24cr x1lziwak xexx8yu xyri2b x18d9i69 x1c1uobl x1hl2dhg x16tdsg8 x1vvkbs\" style=\"color: #0000ff;\"><a class=\"x1i10hfl xjbqb8w x1ejq31n x18oe1m7 x1sy0etr xstzfhl x972fbf x10w94by x1qhh985 x14e42zd x9f619 x1ypdohk xt0psk2 x3ct3a4 xdj266r x14z9mp xat24cr x1lziwak xexx8yu xyri2b x18d9i69 x1c1uobl x16tdsg8 x1hl2dhg xggy1nq x1a2a7pz xkrqix3 x1sur9pj x1fey0fg x1s688f\" style=\"color: #0000ff;\" tabindex=\"0\" role=\"link\" href=\"https:\/\/l.facebook.com\/l.php?u=https%3A%2F%2FSinjali.com%2F%3Ffbclid%3DIwZXh0bgNhZW0CMTAAYnJpZBExazJrRXpBVWtCWWFVWWRZNnNydGMGYXBwX2lkEDIyMjAzOTE3ODgyMDA4OTIAAR5GlXPoxAiIooC-I1WzkbZHcXrT2gQ8qqSVou-p8LfoEvWa8xfUuGkzox2mCw_aem_v_cScZUNZTAzW_B8k-RhRw&amp;h=AT0xOAchuYI4V7t2UPpHUN7RamZoJr5T6a1fJi_lUTBrxRab4vPpsvhHhx6frRYIHKxy-Z-QztAFYtGSf_sr_z6nsc7BsKbwhAEF90tI0qqKIK3c8JL1lSe4hT-LwMSevoLhVaAQ8wteFg&amp;__tn__=-UK-R&amp;c[0]=AT0MeC_qDIXYGuRJ4Jx77KGZlMbR0J3zgZkQCo31uQITycKKqVsqkf0mrcjipw7DEyDLVUMSidW6eWkQXJkUMJWf4Pbn7NRw38lEFpct7mmHp90NJXQ5JIZUeq0C85rAIw0fKPMfBqheYKq6-Q9p1IcvITTJ0G70ay_Ks1u3LgovBVhqcjYpi0PB-3nc7XwljVgdN-DvUdvvUlAwsgIc8HGa\" target=\"_blank\" rel=\"nofollow noopener\">Sinjali.com<\/a><\/span> zbog \u010dlanka pod naslovom \u201dOvo je vlasnik auto-salona u \u010caglavici koji je uhap\u0161en zbog prevare, dugovao je oko 100 hiljada evra dvema osobama\u201c. \u010clanak je objavljen 2022. godine. S\u0160K nala\u017ee stranci da se obrati medijima sa pisanim zahtevom za uklanjanje njegovog imena ili da to zatra\u017ei od suda.<\/p>\n<\/div>\n","protected":false},"excerpt":{"rendered":"<p>Savet \u0160tampe Kosova (S\u0160K) u redovnom sastanku razmotrio je ukupno 13 \u017ealbi. Skup\u0161tina S\u0160K-a odlu\u010dila da jedna od njih bude usvojena, jedna da se usvoji delimi\u010dno, osam da se ne usvoje, dve su progla\u0161ene neprihvatljive i jedna neblagovremena. \u017dalbe su se ticale navodnih kr\u0161enja odre\u0111enih poglavlja Kodeksa za \u0161tampane medije Kosova, kao \u0161to su Poglavlje [&hellip;]<\/p>\n","protected":false},"author":2,"featured_media":17525,"comment_status":"open","ping_status":"open","sticky":false,"template":"","format":"standard","meta":{"footnotes":""},"categories":[135],"tags":[],"class_list":["post-17530","post","type-post","status-publish","format-standard","has-post-thumbnail","hentry","category-vesti"],"acf":[],"yoast_head":"<!-- This site is optimized with the Yoast SEO plugin v28.3 - https:\/\/yoast.com\/product\/yoast-seo-wordpress\/ -->\n<title>Savet \u0160tampe doneo odluku o 13 \u017ealbi - K\u00ebshilli i Mediave t\u00eb Shkruara t\u00eb Kosov\u00ebs | P\u00ebr nj\u00eb gazetari etike dhe profesionale<\/title>\n<meta name=\"robots\" content=\"index, follow, max-snippet:-1, max-image-preview:large, max-video-preview:-1\" \/>\n<link rel=\"canonical\" href=\"http:\/\/presscouncil-ks.org\/?p=17530&lang=sr\" \/>\n<meta property=\"og:locale\" content=\"en_US\" \/>\n<meta property=\"og:type\" content=\"article\" \/>\n<meta property=\"og:title\" content=\"Savet \u0160tampe doneo odluku o 13 \u017ealbi - K\u00ebshilli i Mediave t\u00eb Shkruara t\u00eb Kosov\u00ebs | P\u00ebr nj\u00eb gazetari etike dhe profesionale\" \/>\n<meta property=\"og:description\" content=\"Savet \u0160tampe Kosova (S\u0160K) u redovnom sastanku razmotrio je ukupno 13 \u017ealbi. Skup\u0161tina S\u0160K-a odlu\u010dila da jedna od njih bude usvojena, jedna da se usvoji delimi\u010dno, osam da se ne usvoje, dve su progla\u0161ene neprihvatljive i jedna neblagovremena. \u017dalbe su se ticale navodnih kr\u0161enja odre\u0111enih poglavlja Kodeksa za \u0161tampane medije Kosova, kao \u0161to su Poglavlje [&hellip;]\" \/>\n<meta property=\"og:url\" content=\"http:\/\/presscouncil-ks.org\/?p=17530&amp;lang=sr\" \/>\n<meta property=\"og:site_name\" content=\"K\u00ebshilli i Mediave t\u00eb Shkruara t\u00eb Kosov\u00ebs | P\u00ebr nj\u00eb gazetari etike dhe profesionale\" \/>\n<meta property=\"article:publisher\" content=\"https:\/\/www.facebook.com\/KMSHKosove\" \/>\n<meta property=\"article:published_time\" content=\"2025-11-28T10:53:56+00:00\" \/>\n<meta property=\"article:modified_time\" content=\"2026-07-31T15:04:53+00:00\" \/>\n<meta property=\"og:image\" content=\"http:\/\/presscouncil-ks.org\/wp-content\/uploads\/2025\/11\/27-nentor-seanca-kmshk.jpg\" \/>\n\t<meta property=\"og:image:width\" content=\"2048\" \/>\n\t<meta property=\"og:image:height\" content=\"1153\" \/>\n\t<meta property=\"og:image:type\" content=\"image\/jpeg\" \/>\n<meta name=\"author\" content=\"Editor\" \/>\n<meta name=\"twitter:card\" content=\"summary_large_image\" \/>\n<meta name=\"twitter:label1\" content=\"Written by\" \/>\n\t<meta name=\"twitter:data1\" content=\"Editor\" \/>\n\t<meta name=\"twitter:label2\" content=\"Est. reading time\" \/>\n\t<meta name=\"twitter:data2\" content=\"4 minutes\" \/>\n<script type=\"application\/ld+json\" class=\"yoast-schema-graph\">{\"@context\":\"https:\\\/\\\/schema.org\",\"@graph\":[{\"@type\":\"Article\",\"@id\":\"http:\\\/\\\/presscouncil-ks.org\\\/?p=17530&lang=sr#article\",\"isPartOf\":{\"@id\":\"http:\\\/\\\/presscouncil-ks.org\\\/?p=17530&lang=sr\"},\"author\":{\"name\":\"Editor\",\"@id\":\"http:\\\/\\\/presscouncil-ks.org\\\/#\\\/schema\\\/person\\\/b79d30c61264caeb733239c16cc4d673\"},\"headline\":\"Savet \u0160tampe doneo odluku o 13 \u017ealbi\",\"datePublished\":\"2025-11-28T10:53:56+00:00\",\"dateModified\":\"2026-07-31T15:04:53+00:00\",\"mainEntityOfPage\":{\"@id\":\"http:\\\/\\\/presscouncil-ks.org\\\/?p=17530&lang=sr\"},\"wordCount\":904,\"commentCount\":0,\"publisher\":{\"@id\":\"http:\\\/\\\/presscouncil-ks.org\\\/#organization\"},\"image\":{\"@id\":\"http:\\\/\\\/presscouncil-ks.org\\\/?p=17530&lang=sr#primaryimage\"},\"thumbnailUrl\":\"http:\\\/\\\/presscouncil-ks.org\\\/wp-content\\\/uploads\\\/2025\\\/11\\\/27-nentor-seanca-kmshk.jpg\",\"articleSection\":[\"Vesti\"],\"inLanguage\":\"en-US\",\"potentialAction\":[{\"@type\":\"CommentAction\",\"name\":\"Comment\",\"target\":[\"http:\\\/\\\/presscouncil-ks.org\\\/?p=17530&lang=sr#respond\"]}]},{\"@type\":\"WebPage\",\"@id\":\"http:\\\/\\\/presscouncil-ks.org\\\/?p=17530&lang=sr\",\"url\":\"http:\\\/\\\/presscouncil-ks.org\\\/?p=17530&lang=sr\",\"name\":\"Savet \u0160tampe doneo odluku o 13 \u017ealbi - K\u00ebshilli i Mediave t\u00eb Shkruara t\u00eb Kosov\u00ebs | P\u00ebr nj\u00eb gazetari etike dhe profesionale\",\"isPartOf\":{\"@id\":\"http:\\\/\\\/presscouncil-ks.org\\\/#website\"},\"primaryImageOfPage\":{\"@id\":\"http:\\\/\\\/presscouncil-ks.org\\\/?p=17530&lang=sr#primaryimage\"},\"image\":{\"@id\":\"http:\\\/\\\/presscouncil-ks.org\\\/?p=17530&lang=sr#primaryimage\"},\"thumbnailUrl\":\"http:\\\/\\\/presscouncil-ks.org\\\/wp-content\\\/uploads\\\/2025\\\/11\\\/27-nentor-seanca-kmshk.jpg\",\"datePublished\":\"2025-11-28T10:53:56+00:00\",\"dateModified\":\"2026-07-31T15:04:53+00:00\",\"breadcrumb\":{\"@id\":\"http:\\\/\\\/presscouncil-ks.org\\\/?p=17530&lang=sr#breadcrumb\"},\"inLanguage\":\"en-US\",\"potentialAction\":[{\"@type\":\"ReadAction\",\"target\":[\"http:\\\/\\\/presscouncil-ks.org\\\/?p=17530&lang=sr\"]}]},{\"@type\":\"ImageObject\",\"inLanguage\":\"en-US\",\"@id\":\"http:\\\/\\\/presscouncil-ks.org\\\/?p=17530&lang=sr#primaryimage\",\"url\":\"http:\\\/\\\/presscouncil-ks.org\\\/wp-content\\\/uploads\\\/2025\\\/11\\\/27-nentor-seanca-kmshk.jpg\",\"contentUrl\":\"http:\\\/\\\/presscouncil-ks.org\\\/wp-content\\\/uploads\\\/2025\\\/11\\\/27-nentor-seanca-kmshk.jpg\",\"width\":2048,\"height\":1153},{\"@type\":\"BreadcrumbList\",\"@id\":\"http:\\\/\\\/presscouncil-ks.org\\\/?p=17530&lang=sr#breadcrumb\",\"itemListElement\":[{\"@type\":\"ListItem\",\"position\":1,\"name\":\"Home\",\"item\":\"https:\\\/\\\/presscouncil-ks.org\\\/\"},{\"@type\":\"ListItem\",\"position\":2,\"name\":\"Savet \u0160tampe doneo odluku o 13 \u017ealbi\"}]},{\"@type\":\"WebSite\",\"@id\":\"http:\\\/\\\/presscouncil-ks.org\\\/#website\",\"url\":\"http:\\\/\\\/presscouncil-ks.org\\\/\",\"name\":\"https:\\\/\\\/presscouncil-ks.org\\\/\",\"description\":\"\",\"publisher\":{\"@id\":\"http:\\\/\\\/presscouncil-ks.org\\\/#organization\"},\"potentialAction\":[{\"@type\":\"SearchAction\",\"target\":{\"@type\":\"EntryPoint\",\"urlTemplate\":\"http:\\\/\\\/presscouncil-ks.org\\\/?s={search_term_string}\"},\"query-input\":{\"@type\":\"PropertyValueSpecification\",\"valueRequired\":true,\"valueName\":\"search_term_string\"}}],\"inLanguage\":\"en-US\"},{\"@type\":\"Organization\",\"@id\":\"http:\\\/\\\/presscouncil-ks.org\\\/#organization\",\"name\":\"K\u00ebshilli i Mediave t\u00eb Shkruara t\u00eb Kosov\u00ebs\",\"url\":\"http:\\\/\\\/presscouncil-ks.org\\\/\",\"logo\":{\"@type\":\"ImageObject\",\"inLanguage\":\"en-US\",\"@id\":\"http:\\\/\\\/presscouncil-ks.org\\\/#\\\/schema\\\/logo\\\/image\\\/\",\"url\":\"http:\\\/\\\/presscouncil-ks.org\\\/wp-content\\\/uploads\\\/2023\\\/06\\\/cropped-logo.png\",\"contentUrl\":\"http:\\\/\\\/presscouncil-ks.org\\\/wp-content\\\/uploads\\\/2023\\\/06\\\/cropped-logo.png\",\"width\":268,\"height\":166,\"caption\":\"K\u00ebshilli i Mediave t\u00eb Shkruara t\u00eb Kosov\u00ebs\"},\"image\":{\"@id\":\"http:\\\/\\\/presscouncil-ks.org\\\/#\\\/schema\\\/logo\\\/image\\\/\"},\"sameAs\":[\"https:\\\/\\\/www.facebook.com\\\/KMSHKosove\"]},{\"@type\":\"Person\",\"@id\":\"http:\\\/\\\/presscouncil-ks.org\\\/#\\\/schema\\\/person\\\/b79d30c61264caeb733239c16cc4d673\",\"name\":\"Editor\",\"image\":{\"@type\":\"ImageObject\",\"inLanguage\":\"en-US\",\"@id\":\"https:\\\/\\\/secure.gravatar.com\\\/avatar\\\/9534865f39e7b3527010ee17196a76d054b16d731a6a5bfe2f92a071c6e9bf4e?s=96&d=mm&r=g\",\"url\":\"https:\\\/\\\/secure.gravatar.com\\\/avatar\\\/9534865f39e7b3527010ee17196a76d054b16d731a6a5bfe2f92a071c6e9bf4e?s=96&d=mm&r=g\",\"contentUrl\":\"https:\\\/\\\/secure.gravatar.com\\\/avatar\\\/9534865f39e7b3527010ee17196a76d054b16d731a6a5bfe2f92a071c6e9bf4e?s=96&d=mm&r=g\",\"caption\":\"Editor\"},\"url\":\"http:\\\/\\\/presscouncil-ks.org\\\/?author=2\"}]}<\/script>\n<!-- \/ Yoast SEO plugin. -->","yoast_head_json":{"title":"Savet \u0160tampe doneo odluku o 13 \u017ealbi - K\u00ebshilli i Mediave t\u00eb Shkruara t\u00eb Kosov\u00ebs | P\u00ebr nj\u00eb gazetari etike dhe profesionale","robots":{"index":"index","follow":"follow","max-snippet":"max-snippet:-1","max-image-preview":"max-image-preview:large","max-video-preview":"max-video-preview:-1"},"canonical":"http:\/\/presscouncil-ks.org\/?p=17530&lang=sr","og_locale":"en_US","og_type":"article","og_title":"Savet \u0160tampe doneo odluku o 13 \u017ealbi - K\u00ebshilli i Mediave t\u00eb Shkruara t\u00eb Kosov\u00ebs | P\u00ebr nj\u00eb gazetari etike dhe profesionale","og_description":"Savet \u0160tampe Kosova (S\u0160K) u redovnom sastanku razmotrio je ukupno 13 \u017ealbi. Skup\u0161tina S\u0160K-a odlu\u010dila da jedna od njih bude usvojena, jedna da se usvoji delimi\u010dno, osam da se ne usvoje, dve su progla\u0161ene neprihvatljive i jedna neblagovremena. \u017dalbe su se ticale navodnih kr\u0161enja odre\u0111enih poglavlja Kodeksa za \u0161tampane medije Kosova, kao \u0161to su Poglavlje [&hellip;]","og_url":"http:\/\/presscouncil-ks.org\/?p=17530&lang=sr","og_site_name":"K\u00ebshilli i Mediave t\u00eb Shkruara t\u00eb Kosov\u00ebs | P\u00ebr nj\u00eb gazetari etike dhe profesionale","article_publisher":"https:\/\/www.facebook.com\/KMSHKosove","article_published_time":"2025-11-28T10:53:56+00:00","article_modified_time":"2026-07-31T15:04:53+00:00","og_image":[{"width":2048,"height":1153,"url":"http:\/\/presscouncil-ks.org\/wp-content\/uploads\/2025\/11\/27-nentor-seanca-kmshk.jpg","type":"image\/jpeg"}],"author":"Editor","twitter_card":"summary_large_image","twitter_misc":{"Written by":"Editor","Est. reading time":"4 minutes"},"schema":{"@context":"https:\/\/schema.org","@graph":[{"@type":"Article","@id":"http:\/\/presscouncil-ks.org\/?p=17530&lang=sr#article","isPartOf":{"@id":"http:\/\/presscouncil-ks.org\/?p=17530&lang=sr"},"author":{"name":"Editor","@id":"http:\/\/presscouncil-ks.org\/#\/schema\/person\/b79d30c61264caeb733239c16cc4d673"},"headline":"Savet \u0160tampe doneo odluku o 13 \u017ealbi","datePublished":"2025-11-28T10:53:56+00:00","dateModified":"2026-07-31T15:04:53+00:00","mainEntityOfPage":{"@id":"http:\/\/presscouncil-ks.org\/?p=17530&lang=sr"},"wordCount":904,"commentCount":0,"publisher":{"@id":"http:\/\/presscouncil-ks.org\/#organization"},"image":{"@id":"http:\/\/presscouncil-ks.org\/?p=17530&lang=sr#primaryimage"},"thumbnailUrl":"http:\/\/presscouncil-ks.org\/wp-content\/uploads\/2025\/11\/27-nentor-seanca-kmshk.jpg","articleSection":["Vesti"],"inLanguage":"en-US","potentialAction":[{"@type":"CommentAction","name":"Comment","target":["http:\/\/presscouncil-ks.org\/?p=17530&lang=sr#respond"]}]},{"@type":"WebPage","@id":"http:\/\/presscouncil-ks.org\/?p=17530&lang=sr","url":"http:\/\/presscouncil-ks.org\/?p=17530&lang=sr","name":"Savet \u0160tampe doneo odluku o 13 \u017ealbi - K\u00ebshilli i Mediave t\u00eb Shkruara t\u00eb Kosov\u00ebs | P\u00ebr nj\u00eb gazetari etike dhe profesionale","isPartOf":{"@id":"http:\/\/presscouncil-ks.org\/#website"},"primaryImageOfPage":{"@id":"http:\/\/presscouncil-ks.org\/?p=17530&lang=sr#primaryimage"},"image":{"@id":"http:\/\/presscouncil-ks.org\/?p=17530&lang=sr#primaryimage"},"thumbnailUrl":"http:\/\/presscouncil-ks.org\/wp-content\/uploads\/2025\/11\/27-nentor-seanca-kmshk.jpg","datePublished":"2025-11-28T10:53:56+00:00","dateModified":"2026-07-31T15:04:53+00:00","breadcrumb":{"@id":"http:\/\/presscouncil-ks.org\/?p=17530&lang=sr#breadcrumb"},"inLanguage":"en-US","potentialAction":[{"@type":"ReadAction","target":["http:\/\/presscouncil-ks.org\/?p=17530&lang=sr"]}]},{"@type":"ImageObject","inLanguage":"en-US","@id":"http:\/\/presscouncil-ks.org\/?p=17530&lang=sr#primaryimage","url":"http:\/\/presscouncil-ks.org\/wp-content\/uploads\/2025\/11\/27-nentor-seanca-kmshk.jpg","contentUrl":"http:\/\/presscouncil-ks.org\/wp-content\/uploads\/2025\/11\/27-nentor-seanca-kmshk.jpg","width":2048,"height":1153},{"@type":"BreadcrumbList","@id":"http:\/\/presscouncil-ks.org\/?p=17530&lang=sr#breadcrumb","itemListElement":[{"@type":"ListItem","position":1,"name":"Home","item":"https:\/\/presscouncil-ks.org\/"},{"@type":"ListItem","position":2,"name":"Savet \u0160tampe doneo odluku o 13 \u017ealbi"}]},{"@type":"WebSite","@id":"http:\/\/presscouncil-ks.org\/#website","url":"http:\/\/presscouncil-ks.org\/","name":"https:\/\/presscouncil-ks.org\/","description":"","publisher":{"@id":"http:\/\/presscouncil-ks.org\/#organization"},"potentialAction":[{"@type":"SearchAction","target":{"@type":"EntryPoint","urlTemplate":"http:\/\/presscouncil-ks.org\/?s={search_term_string}"},"query-input":{"@type":"PropertyValueSpecification","valueRequired":true,"valueName":"search_term_string"}}],"inLanguage":"en-US"},{"@type":"Organization","@id":"http:\/\/presscouncil-ks.org\/#organization","name":"K\u00ebshilli i Mediave t\u00eb Shkruara t\u00eb Kosov\u00ebs","url":"http:\/\/presscouncil-ks.org\/","logo":{"@type":"ImageObject","inLanguage":"en-US","@id":"http:\/\/presscouncil-ks.org\/#\/schema\/logo\/image\/","url":"http:\/\/presscouncil-ks.org\/wp-content\/uploads\/2023\/06\/cropped-logo.png","contentUrl":"http:\/\/presscouncil-ks.org\/wp-content\/uploads\/2023\/06\/cropped-logo.png","width":268,"height":166,"caption":"K\u00ebshilli i Mediave t\u00eb Shkruara t\u00eb Kosov\u00ebs"},"image":{"@id":"http:\/\/presscouncil-ks.org\/#\/schema\/logo\/image\/"},"sameAs":["https:\/\/www.facebook.com\/KMSHKosove"]},{"@type":"Person","@id":"http:\/\/presscouncil-ks.org\/#\/schema\/person\/b79d30c61264caeb733239c16cc4d673","name":"Editor","image":{"@type":"ImageObject","inLanguage":"en-US","@id":"https:\/\/secure.gravatar.com\/avatar\/9534865f39e7b3527010ee17196a76d054b16d731a6a5bfe2f92a071c6e9bf4e?s=96&d=mm&r=g","url":"https:\/\/secure.gravatar.com\/avatar\/9534865f39e7b3527010ee17196a76d054b16d731a6a5bfe2f92a071c6e9bf4e?s=96&d=mm&r=g","contentUrl":"https:\/\/secure.gravatar.com\/avatar\/9534865f39e7b3527010ee17196a76d054b16d731a6a5bfe2f92a071c6e9bf4e?s=96&d=mm&r=g","caption":"Editor"},"url":"http:\/\/presscouncil-ks.org\/?author=2"}]}},"_links":{"self":[{"href":"http:\/\/presscouncil-ks.org\/index.php?rest_route=\/wp\/v2\/posts\/17530","targetHints":{"allow":["GET"]}}],"collection":[{"href":"http:\/\/presscouncil-ks.org\/index.php?rest_route=\/wp\/v2\/posts"}],"about":[{"href":"http:\/\/presscouncil-ks.org\/index.php?rest_route=\/wp\/v2\/types\/post"}],"author":[{"embeddable":true,"href":"http:\/\/presscouncil-ks.org\/index.php?rest_route=\/wp\/v2\/users\/2"}],"replies":[{"embeddable":true,"href":"http:\/\/presscouncil-ks.org\/index.php?rest_route=%2Fwp%2Fv2%2Fcomments&post=17530"}],"version-history":[{"count":4,"href":"http:\/\/presscouncil-ks.org\/index.php?rest_route=\/wp\/v2\/posts\/17530\/revisions"}],"predecessor-version":[{"id":18555,"href":"http:\/\/presscouncil-ks.org\/index.php?rest_route=\/wp\/v2\/posts\/17530\/revisions\/18555"}],"wp:featuredmedia":[{"embeddable":true,"href":"http:\/\/presscouncil-ks.org\/index.php?rest_route=\/wp\/v2\/media\/17525"}],"wp:attachment":[{"href":"http:\/\/presscouncil-ks.org\/index.php?rest_route=%2Fwp%2Fv2%2Fmedia&parent=17530"}],"wp:term":[{"taxonomy":"category","embeddable":true,"href":"http:\/\/presscouncil-ks.org\/index.php?rest_route=%2Fwp%2Fv2%2Fcategories&post=17530"},{"taxonomy":"post_tag","embeddable":true,"href":"http:\/\/presscouncil-ks.org\/index.php?rest_route=%2Fwp%2Fv2%2Ftags&post=17530"}],"curies":[{"name":"wp","href":"https:\/\/api.w.org\/{rel}","templated":true}]}}