{"id":17520,"date":"2025-11-25T18:40:28","date_gmt":"2025-11-25T18:40:28","guid":{"rendered":"https:\/\/presscouncil-ks.org\/?p=17520"},"modified":"2025-12-16T12:03:36","modified_gmt":"2025-12-16T12:03:36","slug":"u-mbajt-punetoria-per-gazetarine-hulumtuese","status":"publish","type":"post","link":"http:\/\/presscouncil-ks.org\/?p=17520","title":{"rendered":"U mbajt pun\u00ebtoria p\u00ebr gazetarin\u00eb hulumtuese"},"content":{"rendered":"<p><strong>Student\u00eb t\u00eb gazetaris\u00eb dhe gazetar\u00eb t\u00eb rinj kan\u00eb marr\u00eb pjes\u00eb n\u00eb pun\u00ebtorin\u00eb \u201cGazetaria hulumtuese: teknikat, burimet dhe procesi i verifikimit\u201d, organizuar nga K\u00ebshilli i Mediave t\u00eb Shkruara t\u00eb Kosov\u00ebs (KMShK) n\u00eb Prishtin\u00eb.<\/strong><\/p>\n<p>Pun\u00ebtoria u dha mund\u00ebsin\u00eb pjes\u00ebmarr\u00ebsve q\u00eb, n\u00ebp\u00ebrmjet shembujve praktik\u00eb t\u00eb analizojn\u00eb burime hulumtuese dhe t\u00eb zhvillojn\u00eb aft\u00ebsi praktike p\u00ebr pun\u00eb hulumtuese t\u00eb sakt\u00eb dhe t\u00eb p\u00ebrgjegjshme.<\/p>\n<p>Gazetar\u00ebt hulumtues &#8211; trajner\u00eb n\u00eb pun\u00ebtori, Dafina Halili dhe Besnik Boletini diskutuan me pjes\u00ebmarr\u00ebsit p\u00ebr procesin e hulumtimit t\u00eb storieve, p\u00ebrkat\u00ebsisht veglat k\u00ebrkimore dhe burimet.<\/p>\n<p>Halili foli p\u00ebr p\u00ebrvoj\u00ebn e saj n\u00eb hulumtimin e dy storieve, p\u00ebrkat\u00ebsisht sfidat me t\u00eb cilat \u00ebsht\u00eb ballafaquar gjat\u00eb procesit. Halili \u00ebsht\u00eb m\u00eb shum\u00eb e fokusuar n\u00eb hulumtimet p\u00ebr t\u00eb drejtat e njeriut, andaj ndau me pjes\u00ebmarr\u00ebsit pun\u00ebn n\u00eb storiet q\u00eb kishin t\u00eb b\u00ebnin me arsimimin e pakicave dhe ngacmimet seksuale n\u00eb universitet.<\/p>\n<p>Nd\u00ebrkaq Boletini diskutoi mbi hulumtimet e tij q\u00eb kan\u00eb t\u00eb b\u00ebjn\u00eb me fush\u00ebn e sh\u00ebndet\u00ebsis\u00eb, mjedisit dhe t\u00eb drejtat e pun\u00ebtor\u00ebve. Sipas tij, nj\u00eb pun\u00eb e madhe rreth storieve hulumtuese b\u00ebhet duke k\u00ebrkuar online, nd\u00ebrkaq \u00ebsht\u00eb e r\u00ebnd\u00ebsishme q\u00eb brenda secilit hulumtim n\u00eb qend\u00ebr t\u00eb jet\u00eb jeta e njer\u00ebzve t\u00eb r\u00ebndomt\u00eb, p\u00ebrkat\u00ebsisht problemet me t\u00eb cilat ata ballafaqohen.<\/p>\n<p>Pun\u00ebtoria u financua nga Bashkimi Evropian (BE) n\u00eb kuad\u00ebr t\u00eb projektit &#8220;Fuqizimi i Rolit dhe Kapaciteteve t\u00eb Gazetaris\u00eb Hulumtuese n\u00eb Kosov\u00eb&#8221;, i cili implementohet nga BIRN Kosova, KMShK dhe TV Mre\u017ea.<\/p>\n<p>&nbsp;<\/p>\n<p><strong><span style=\"color: #0000ff;\">https:\/\/www.facebook.com\/share\/p\/1D4VtLQVM5\/<\/span><\/strong><\/p>\n","protected":false},"excerpt":{"rendered":"<p>Student\u00eb t\u00eb gazetaris\u00eb dhe gazetar\u00eb t\u00eb rinj kan\u00eb marr\u00eb pjes\u00eb n\u00eb pun\u00ebtorin\u00eb \u201cGazetaria hulumtuese: teknikat, burimet dhe procesi i verifikimit\u201d, organizuar nga K\u00ebshilli i Mediave t\u00eb Shkruara t\u00eb Kosov\u00ebs (KMShK) n\u00eb Prishtin\u00eb. Pun\u00ebtoria u dha mund\u00ebsin\u00eb pjes\u00ebmarr\u00ebsve q\u00eb, n\u00ebp\u00ebrmjet shembujve praktik\u00eb t\u00eb analizojn\u00eb burime hulumtuese dhe t\u00eb zhvillojn\u00eb aft\u00ebsi praktike p\u00ebr pun\u00eb hulumtuese t\u00eb sakt\u00eb [&hellip;]<\/p>\n","protected":false},"author":2,"featured_media":17516,"comment_status":"open","ping_status":"open","sticky":false,"template":"","format":"standard","meta":{"footnotes":""},"categories":[92],"tags":[124,165],"class_list":["post-17520","post","type-post","status-publish","format-standard","has-post-thumbnail","hentry","category-news-sq","tag-kmshk","tag-media-sq"],"acf":{"video_title":"","video":false},"yoast_head":"<!-- This site is optimized with the Yoast SEO plugin v28.3 - https:\/\/yoast.com\/product\/yoast-seo-wordpress\/ -->\n<title>U mbajt pun\u00ebtoria p\u00ebr gazetarin\u00eb hulumtuese - K\u00ebshilli i Mediave t\u00eb Shkruara t\u00eb Kosov\u00ebs | P\u00ebr nj\u00eb gazetari etike dhe profesionale<\/title>\n<meta name=\"robots\" content=\"index, follow, max-snippet:-1, max-image-preview:large, max-video-preview:-1\" \/>\n<link rel=\"canonical\" href=\"http:\/\/presscouncil-ks.org\/?p=17520\" \/>\n<meta property=\"og:locale\" content=\"en_US\" \/>\n<meta property=\"og:type\" content=\"article\" \/>\n<meta property=\"og:title\" content=\"U mbajt pun\u00ebtoria p\u00ebr gazetarin\u00eb hulumtuese - K\u00ebshilli i Mediave t\u00eb Shkruara t\u00eb Kosov\u00ebs | P\u00ebr nj\u00eb gazetari etike dhe profesionale\" \/>\n<meta property=\"og:description\" content=\"Student\u00eb t\u00eb gazetaris\u00eb dhe gazetar\u00eb t\u00eb rinj kan\u00eb marr\u00eb pjes\u00eb n\u00eb pun\u00ebtorin\u00eb \u201cGazetaria hulumtuese: teknikat, burimet dhe procesi i verifikimit\u201d, organizuar nga K\u00ebshilli i Mediave t\u00eb Shkruara t\u00eb Kosov\u00ebs (KMShK) n\u00eb Prishtin\u00eb. Pun\u00ebtoria u dha mund\u00ebsin\u00eb pjes\u00ebmarr\u00ebsve q\u00eb, n\u00ebp\u00ebrmjet shembujve praktik\u00eb t\u00eb analizojn\u00eb burime hulumtuese dhe t\u00eb zhvillojn\u00eb aft\u00ebsi praktike p\u00ebr pun\u00eb hulumtuese t\u00eb sakt\u00eb [&hellip;]\" \/>\n<meta property=\"og:url\" content=\"http:\/\/presscouncil-ks.org\/?p=17520\" \/>\n<meta property=\"og:site_name\" content=\"K\u00ebshilli i Mediave t\u00eb Shkruara t\u00eb Kosov\u00ebs | P\u00ebr nj\u00eb gazetari etike dhe profesionale\" \/>\n<meta property=\"article:publisher\" content=\"https:\/\/www.facebook.com\/KMSHKosove\" \/>\n<meta property=\"article:published_time\" content=\"2025-11-25T18:40:28+00:00\" \/>\n<meta property=\"article:modified_time\" content=\"2025-12-16T12:03:36+00:00\" \/>\n<meta property=\"og:image\" content=\"http:\/\/presscouncil-ks.org\/wp-content\/uploads\/2025\/11\/25-nent-certifikimi.jpg\" \/>\n\t<meta property=\"og:image:width\" content=\"2048\" \/>\n\t<meta property=\"og:image:height\" content=\"1536\" \/>\n\t<meta property=\"og:image:type\" content=\"image\/jpeg\" \/>\n<meta name=\"author\" content=\"Editor\" \/>\n<meta name=\"twitter:card\" content=\"summary_large_image\" \/>\n<meta name=\"twitter:label1\" content=\"Written by\" \/>\n\t<meta name=\"twitter:data1\" content=\"Editor\" \/>\n\t<meta name=\"twitter:label2\" content=\"Est. reading time\" \/>\n\t<meta name=\"twitter:data2\" content=\"2 minutes\" \/>\n<script type=\"application\/ld+json\" class=\"yoast-schema-graph\">{\"@context\":\"https:\\\/\\\/schema.org\",\"@graph\":[{\"@type\":\"Article\",\"@id\":\"http:\\\/\\\/presscouncil-ks.org\\\/?p=17520#article\",\"isPartOf\":{\"@id\":\"http:\\\/\\\/presscouncil-ks.org\\\/?p=17520\"},\"author\":{\"name\":\"Editor\",\"@id\":\"http:\\\/\\\/presscouncil-ks.org\\\/#\\\/schema\\\/person\\\/b79d30c61264caeb733239c16cc4d673\"},\"headline\":\"U mbajt pun\u00ebtoria p\u00ebr gazetarin\u00eb hulumtuese\",\"datePublished\":\"2025-11-25T18:40:28+00:00\",\"dateModified\":\"2025-12-16T12:03:36+00:00\",\"mainEntityOfPage\":{\"@id\":\"http:\\\/\\\/presscouncil-ks.org\\\/?p=17520\"},\"wordCount\":292,\"commentCount\":0,\"publisher\":{\"@id\":\"http:\\\/\\\/presscouncil-ks.org\\\/#organization\"},\"image\":{\"@id\":\"http:\\\/\\\/presscouncil-ks.org\\\/?p=17520#primaryimage\"},\"thumbnailUrl\":\"http:\\\/\\\/presscouncil-ks.org\\\/wp-content\\\/uploads\\\/2025\\\/11\\\/25-nent-certifikimi.jpg\",\"keywords\":[\"KMSHK\",\"media\"],\"articleSection\":[\"Lajm\"],\"inLanguage\":\"en-US\",\"potentialAction\":[{\"@type\":\"CommentAction\",\"name\":\"Comment\",\"target\":[\"http:\\\/\\\/presscouncil-ks.org\\\/?p=17520#respond\"]}]},{\"@type\":\"WebPage\",\"@id\":\"http:\\\/\\\/presscouncil-ks.org\\\/?p=17520\",\"url\":\"http:\\\/\\\/presscouncil-ks.org\\\/?p=17520\",\"name\":\"U mbajt pun\u00ebtoria p\u00ebr gazetarin\u00eb hulumtuese - K\u00ebshilli i Mediave t\u00eb Shkruara t\u00eb Kosov\u00ebs | P\u00ebr nj\u00eb gazetari etike dhe profesionale\",\"isPartOf\":{\"@id\":\"http:\\\/\\\/presscouncil-ks.org\\\/#website\"},\"primaryImageOfPage\":{\"@id\":\"http:\\\/\\\/presscouncil-ks.org\\\/?p=17520#primaryimage\"},\"image\":{\"@id\":\"http:\\\/\\\/presscouncil-ks.org\\\/?p=17520#primaryimage\"},\"thumbnailUrl\":\"http:\\\/\\\/presscouncil-ks.org\\\/wp-content\\\/uploads\\\/2025\\\/11\\\/25-nent-certifikimi.jpg\",\"datePublished\":\"2025-11-25T18:40:28+00:00\",\"dateModified\":\"2025-12-16T12:03:36+00:00\",\"breadcrumb\":{\"@id\":\"http:\\\/\\\/presscouncil-ks.org\\\/?p=17520#breadcrumb\"},\"inLanguage\":\"en-US\",\"potentialAction\":[{\"@type\":\"ReadAction\",\"target\":[\"http:\\\/\\\/presscouncil-ks.org\\\/?p=17520\"]}]},{\"@type\":\"ImageObject\",\"inLanguage\":\"en-US\",\"@id\":\"http:\\\/\\\/presscouncil-ks.org\\\/?p=17520#primaryimage\",\"url\":\"http:\\\/\\\/presscouncil-ks.org\\\/wp-content\\\/uploads\\\/2025\\\/11\\\/25-nent-certifikimi.jpg\",\"contentUrl\":\"http:\\\/\\\/presscouncil-ks.org\\\/wp-content\\\/uploads\\\/2025\\\/11\\\/25-nent-certifikimi.jpg\",\"width\":2048,\"height\":1536},{\"@type\":\"BreadcrumbList\",\"@id\":\"http:\\\/\\\/presscouncil-ks.org\\\/?p=17520#breadcrumb\",\"itemListElement\":[{\"@type\":\"ListItem\",\"position\":1,\"name\":\"Home\",\"item\":\"https:\\\/\\\/presscouncil-ks.org\\\/\"},{\"@type\":\"ListItem\",\"position\":2,\"name\":\"U mbajt pun\u00ebtoria p\u00ebr gazetarin\u00eb hulumtuese\"}]},{\"@type\":\"WebSite\",\"@id\":\"http:\\\/\\\/presscouncil-ks.org\\\/#website\",\"url\":\"http:\\\/\\\/presscouncil-ks.org\\\/\",\"name\":\"https:\\\/\\\/presscouncil-ks.org\\\/\",\"description\":\"\",\"publisher\":{\"@id\":\"http:\\\/\\\/presscouncil-ks.org\\\/#organization\"},\"potentialAction\":[{\"@type\":\"SearchAction\",\"target\":{\"@type\":\"EntryPoint\",\"urlTemplate\":\"http:\\\/\\\/presscouncil-ks.org\\\/?s={search_term_string}\"},\"query-input\":{\"@type\":\"PropertyValueSpecification\",\"valueRequired\":true,\"valueName\":\"search_term_string\"}}],\"inLanguage\":\"en-US\"},{\"@type\":\"Organization\",\"@id\":\"http:\\\/\\\/presscouncil-ks.org\\\/#organization\",\"name\":\"K\u00ebshilli i Mediave t\u00eb Shkruara t\u00eb Kosov\u00ebs\",\"url\":\"http:\\\/\\\/presscouncil-ks.org\\\/\",\"logo\":{\"@type\":\"ImageObject\",\"inLanguage\":\"en-US\",\"@id\":\"http:\\\/\\\/presscouncil-ks.org\\\/#\\\/schema\\\/logo\\\/image\\\/\",\"url\":\"http:\\\/\\\/presscouncil-ks.org\\\/wp-content\\\/uploads\\\/2023\\\/06\\\/cropped-logo.png\",\"contentUrl\":\"http:\\\/\\\/presscouncil-ks.org\\\/wp-content\\\/uploads\\\/2023\\\/06\\\/cropped-logo.png\",\"width\":268,\"height\":166,\"caption\":\"K\u00ebshilli i Mediave t\u00eb Shkruara t\u00eb Kosov\u00ebs\"},\"image\":{\"@id\":\"http:\\\/\\\/presscouncil-ks.org\\\/#\\\/schema\\\/logo\\\/image\\\/\"},\"sameAs\":[\"https:\\\/\\\/www.facebook.com\\\/KMSHKosove\"]},{\"@type\":\"Person\",\"@id\":\"http:\\\/\\\/presscouncil-ks.org\\\/#\\\/schema\\\/person\\\/b79d30c61264caeb733239c16cc4d673\",\"name\":\"Editor\",\"image\":{\"@type\":\"ImageObject\",\"inLanguage\":\"en-US\",\"@id\":\"https:\\\/\\\/secure.gravatar.com\\\/avatar\\\/9534865f39e7b3527010ee17196a76d054b16d731a6a5bfe2f92a071c6e9bf4e?s=96&d=mm&r=g\",\"url\":\"https:\\\/\\\/secure.gravatar.com\\\/avatar\\\/9534865f39e7b3527010ee17196a76d054b16d731a6a5bfe2f92a071c6e9bf4e?s=96&d=mm&r=g\",\"contentUrl\":\"https:\\\/\\\/secure.gravatar.com\\\/avatar\\\/9534865f39e7b3527010ee17196a76d054b16d731a6a5bfe2f92a071c6e9bf4e?s=96&d=mm&r=g\",\"caption\":\"Editor\"},\"url\":\"http:\\\/\\\/presscouncil-ks.org\\\/?author=2\"}]}<\/script>\n<!-- \/ Yoast SEO plugin. -->","yoast_head_json":{"title":"U mbajt pun\u00ebtoria p\u00ebr gazetarin\u00eb hulumtuese - K\u00ebshilli i Mediave t\u00eb Shkruara t\u00eb Kosov\u00ebs | P\u00ebr nj\u00eb gazetari etike dhe profesionale","robots":{"index":"index","follow":"follow","max-snippet":"max-snippet:-1","max-image-preview":"max-image-preview:large","max-video-preview":"max-video-preview:-1"},"canonical":"http:\/\/presscouncil-ks.org\/?p=17520","og_locale":"en_US","og_type":"article","og_title":"U mbajt pun\u00ebtoria p\u00ebr gazetarin\u00eb hulumtuese - K\u00ebshilli i Mediave t\u00eb Shkruara t\u00eb Kosov\u00ebs | P\u00ebr nj\u00eb gazetari etike dhe profesionale","og_description":"Student\u00eb t\u00eb gazetaris\u00eb dhe gazetar\u00eb t\u00eb rinj kan\u00eb marr\u00eb pjes\u00eb n\u00eb pun\u00ebtorin\u00eb \u201cGazetaria hulumtuese: teknikat, burimet dhe procesi i verifikimit\u201d, organizuar nga K\u00ebshilli i Mediave t\u00eb Shkruara t\u00eb Kosov\u00ebs (KMShK) n\u00eb Prishtin\u00eb. Pun\u00ebtoria u dha mund\u00ebsin\u00eb pjes\u00ebmarr\u00ebsve q\u00eb, n\u00ebp\u00ebrmjet shembujve praktik\u00eb t\u00eb analizojn\u00eb burime hulumtuese dhe t\u00eb zhvillojn\u00eb aft\u00ebsi praktike p\u00ebr pun\u00eb hulumtuese t\u00eb sakt\u00eb [&hellip;]","og_url":"http:\/\/presscouncil-ks.org\/?p=17520","og_site_name":"K\u00ebshilli i Mediave t\u00eb Shkruara t\u00eb Kosov\u00ebs | P\u00ebr nj\u00eb gazetari etike dhe profesionale","article_publisher":"https:\/\/www.facebook.com\/KMSHKosove","article_published_time":"2025-11-25T18:40:28+00:00","article_modified_time":"2025-12-16T12:03:36+00:00","og_image":[{"width":2048,"height":1536,"url":"http:\/\/presscouncil-ks.org\/wp-content\/uploads\/2025\/11\/25-nent-certifikimi.jpg","type":"image\/jpeg"}],"author":"Editor","twitter_card":"summary_large_image","twitter_misc":{"Written by":"Editor","Est. reading time":"2 minutes"},"schema":{"@context":"https:\/\/schema.org","@graph":[{"@type":"Article","@id":"http:\/\/presscouncil-ks.org\/?p=17520#article","isPartOf":{"@id":"http:\/\/presscouncil-ks.org\/?p=17520"},"author":{"name":"Editor","@id":"http:\/\/presscouncil-ks.org\/#\/schema\/person\/b79d30c61264caeb733239c16cc4d673"},"headline":"U mbajt pun\u00ebtoria p\u00ebr gazetarin\u00eb hulumtuese","datePublished":"2025-11-25T18:40:28+00:00","dateModified":"2025-12-16T12:03:36+00:00","mainEntityOfPage":{"@id":"http:\/\/presscouncil-ks.org\/?p=17520"},"wordCount":292,"commentCount":0,"publisher":{"@id":"http:\/\/presscouncil-ks.org\/#organization"},"image":{"@id":"http:\/\/presscouncil-ks.org\/?p=17520#primaryimage"},"thumbnailUrl":"http:\/\/presscouncil-ks.org\/wp-content\/uploads\/2025\/11\/25-nent-certifikimi.jpg","keywords":["KMSHK","media"],"articleSection":["Lajm"],"inLanguage":"en-US","potentialAction":[{"@type":"CommentAction","name":"Comment","target":["http:\/\/presscouncil-ks.org\/?p=17520#respond"]}]},{"@type":"WebPage","@id":"http:\/\/presscouncil-ks.org\/?p=17520","url":"http:\/\/presscouncil-ks.org\/?p=17520","name":"U mbajt pun\u00ebtoria p\u00ebr gazetarin\u00eb hulumtuese - K\u00ebshilli i Mediave t\u00eb Shkruara t\u00eb Kosov\u00ebs | P\u00ebr nj\u00eb gazetari etike dhe profesionale","isPartOf":{"@id":"http:\/\/presscouncil-ks.org\/#website"},"primaryImageOfPage":{"@id":"http:\/\/presscouncil-ks.org\/?p=17520#primaryimage"},"image":{"@id":"http:\/\/presscouncil-ks.org\/?p=17520#primaryimage"},"thumbnailUrl":"http:\/\/presscouncil-ks.org\/wp-content\/uploads\/2025\/11\/25-nent-certifikimi.jpg","datePublished":"2025-11-25T18:40:28+00:00","dateModified":"2025-12-16T12:03:36+00:00","breadcrumb":{"@id":"http:\/\/presscouncil-ks.org\/?p=17520#breadcrumb"},"inLanguage":"en-US","potentialAction":[{"@type":"ReadAction","target":["http:\/\/presscouncil-ks.org\/?p=17520"]}]},{"@type":"ImageObject","inLanguage":"en-US","@id":"http:\/\/presscouncil-ks.org\/?p=17520#primaryimage","url":"http:\/\/presscouncil-ks.org\/wp-content\/uploads\/2025\/11\/25-nent-certifikimi.jpg","contentUrl":"http:\/\/presscouncil-ks.org\/wp-content\/uploads\/2025\/11\/25-nent-certifikimi.jpg","width":2048,"height":1536},{"@type":"BreadcrumbList","@id":"http:\/\/presscouncil-ks.org\/?p=17520#breadcrumb","itemListElement":[{"@type":"ListItem","position":1,"name":"Home","item":"https:\/\/presscouncil-ks.org\/"},{"@type":"ListItem","position":2,"name":"U mbajt pun\u00ebtoria p\u00ebr gazetarin\u00eb hulumtuese"}]},{"@type":"WebSite","@id":"http:\/\/presscouncil-ks.org\/#website","url":"http:\/\/presscouncil-ks.org\/","name":"https:\/\/presscouncil-ks.org\/","description":"","publisher":{"@id":"http:\/\/presscouncil-ks.org\/#organization"},"potentialAction":[{"@type":"SearchAction","target":{"@type":"EntryPoint","urlTemplate":"http:\/\/presscouncil-ks.org\/?s={search_term_string}"},"query-input":{"@type":"PropertyValueSpecification","valueRequired":true,"valueName":"search_term_string"}}],"inLanguage":"en-US"},{"@type":"Organization","@id":"http:\/\/presscouncil-ks.org\/#organization","name":"K\u00ebshilli i Mediave t\u00eb Shkruara t\u00eb Kosov\u00ebs","url":"http:\/\/presscouncil-ks.org\/","logo":{"@type":"ImageObject","inLanguage":"en-US","@id":"http:\/\/presscouncil-ks.org\/#\/schema\/logo\/image\/","url":"http:\/\/presscouncil-ks.org\/wp-content\/uploads\/2023\/06\/cropped-logo.png","contentUrl":"http:\/\/presscouncil-ks.org\/wp-content\/uploads\/2023\/06\/cropped-logo.png","width":268,"height":166,"caption":"K\u00ebshilli i Mediave t\u00eb Shkruara t\u00eb Kosov\u00ebs"},"image":{"@id":"http:\/\/presscouncil-ks.org\/#\/schema\/logo\/image\/"},"sameAs":["https:\/\/www.facebook.com\/KMSHKosove"]},{"@type":"Person","@id":"http:\/\/presscouncil-ks.org\/#\/schema\/person\/b79d30c61264caeb733239c16cc4d673","name":"Editor","image":{"@type":"ImageObject","inLanguage":"en-US","@id":"https:\/\/secure.gravatar.com\/avatar\/9534865f39e7b3527010ee17196a76d054b16d731a6a5bfe2f92a071c6e9bf4e?s=96&d=mm&r=g","url":"https:\/\/secure.gravatar.com\/avatar\/9534865f39e7b3527010ee17196a76d054b16d731a6a5bfe2f92a071c6e9bf4e?s=96&d=mm&r=g","contentUrl":"https:\/\/secure.gravatar.com\/avatar\/9534865f39e7b3527010ee17196a76d054b16d731a6a5bfe2f92a071c6e9bf4e?s=96&d=mm&r=g","caption":"Editor"},"url":"http:\/\/presscouncil-ks.org\/?author=2"}]}},"_links":{"self":[{"href":"http:\/\/presscouncil-ks.org\/index.php?rest_route=\/wp\/v2\/posts\/17520","targetHints":{"allow":["GET"]}}],"collection":[{"href":"http:\/\/presscouncil-ks.org\/index.php?rest_route=\/wp\/v2\/posts"}],"about":[{"href":"http:\/\/presscouncil-ks.org\/index.php?rest_route=\/wp\/v2\/types\/post"}],"author":[{"embeddable":true,"href":"http:\/\/presscouncil-ks.org\/index.php?rest_route=\/wp\/v2\/users\/2"}],"replies":[{"embeddable":true,"href":"http:\/\/presscouncil-ks.org\/index.php?rest_route=%2Fwp%2Fv2%2Fcomments&post=17520"}],"version-history":[{"count":1,"href":"http:\/\/presscouncil-ks.org\/index.php?rest_route=\/wp\/v2\/posts\/17520\/revisions"}],"predecessor-version":[{"id":17521,"href":"http:\/\/presscouncil-ks.org\/index.php?rest_route=\/wp\/v2\/posts\/17520\/revisions\/17521"}],"wp:featuredmedia":[{"embeddable":true,"href":"http:\/\/presscouncil-ks.org\/index.php?rest_route=\/wp\/v2\/media\/17516"}],"wp:attachment":[{"href":"http:\/\/presscouncil-ks.org\/index.php?rest_route=%2Fwp%2Fv2%2Fmedia&parent=17520"}],"wp:term":[{"taxonomy":"category","embeddable":true,"href":"http:\/\/presscouncil-ks.org\/index.php?rest_route=%2Fwp%2Fv2%2Fcategories&post=17520"},{"taxonomy":"post_tag","embeddable":true,"href":"http:\/\/presscouncil-ks.org\/index.php?rest_route=%2Fwp%2Fv2%2Ftags&post=17520"}],"curies":[{"name":"wp","href":"https:\/\/api.w.org\/{rel}","templated":true}]}}