{"id":17500,"date":"2025-11-21T14:49:48","date_gmt":"2025-11-21T14:49:48","guid":{"rendered":"https:\/\/presscouncil-ks.org\/?p=17500"},"modified":"2025-11-21T14:52:57","modified_gmt":"2025-11-21T14:52:57","slug":"study-visit-to-prague-in-a-few-seconds","status":"publish","type":"post","link":"http:\/\/presscouncil-ks.org\/?p=17500&lang=en","title":{"rendered":"Study visit to Prague in a few seconds"},"content":{"rendered":"<div class=\"x14z9mp xat24cr x1lziwak x1vvkbs xtlvy1s x126k92a\">\n<div dir=\"auto\"><strong>Leonora Aliu, Butrint Avdyli and Erblin\u00eb Selmanaj, together with participants from Montenegro and Turkey, visited the organizations Transitions (<span class=\"html-span xdj266r x14z9mp xat24cr x1lziwak xexx8yu xyri2b x18d9i69 x1c1uobl x1hl2dhg x16tdsg8 x1vvkbs\"><a class=\"x1i10hfl xjbqb8w x1ejq31n x18oe1m7 x1sy0etr xstzfhl x972fbf x10w94by x1qhh985 x14e42zd x9f619 x1ypdohk xt0psk2 x3ct3a4 xdj266r x14z9mp xat24cr x1lziwak xexx8yu xyri2b x18d9i69 x1c1uobl x16tdsg8 x1hl2dhg xggy1nq x1a2a7pz xkrqix3 x1sur9pj x1fey0fg x1s688f\" tabindex=\"0\" role=\"link\" href=\"https:\/\/l.facebook.com\/l.php?u=http%3A%2F%2Ftol.org%2F%3Ffbclid%3DIwZXh0bgNhZW0CMTAAYnJpZBExSTJMSXFmTmlRb3hyNFRlWHNydGMGYXBwX2lkEDIyMjAzOTE3ODgyMDA4OTIAAR5P2co6eudclJd16MK9mtNh0Yh_PigSGp3mkQNhvoZ59ZAYy-yzUE_5TyiPBA_aem_0ijrzMWDW25nZjSEEIbo6Q&amp;h=AT2ZPvrcCV7pnffP1PVv01k0e5NLnigs2_bXkhy5X_gk8YI7JjagFNQM1Pr4J3kpK3tv0FPg_5YNDYxk0CWe1pvYd-eX8JmaWggfXPft4v-8lEJIOPXP9i2PjPc6_fnK92opUXRp1L1RVw&amp;__tn__=-UK-R&amp;c[0]=AT2G1ff3lOmxTLo3-iOm-USj4V_gFfxXd1MvV9e9JQPaoKL1X39UzeSD6lecatUlOeA10HxW1HfB1Ju7ZF39s9KNPGKX6N8Kfu2XRFteJ2lKX3ETChGkSBdRt04L0nyv6P11uk14duVI2vyZVn-aJpz_REtwvnmjZK21qHtRF1XMfV8aJ51B4Ximd31kP8jsIiZW8JfEHBKU0zSrHR2jgtWXS2nur8tYqChR\" target=\"_blank\" rel=\"nofollow noopener\">tol.org<\/a><\/span>), CEDMO (The Central European Digital Media Observatory &#8211; <span class=\"html-span xdj266r x14z9mp xat24cr x1lziwak xexx8yu xyri2b x18d9i69 x1c1uobl x1hl2dhg x16tdsg8 x1vvkbs\"><a class=\"x1i10hfl xjbqb8w x1ejq31n x18oe1m7 x1sy0etr xstzfhl x972fbf x10w94by x1qhh985 x14e42zd x9f619 x1ypdohk xt0psk2 x3ct3a4 xdj266r x14z9mp xat24cr x1lziwak xexx8yu xyri2b x18d9i69 x1c1uobl x16tdsg8 x1hl2dhg xggy1nq x1a2a7pz xkrqix3 x1sur9pj x1fey0fg x1s688f\" tabindex=\"0\" role=\"link\" href=\"https:\/\/l.facebook.com\/l.php?u=http%3A%2F%2Fcedmohub.eu%2F%3Ffbclid%3DIwZXh0bgNhZW0CMTAAYnJpZBExSTJMSXFmTmlRb3hyNFRlWHNydGMGYXBwX2lkEDIyMjAzOTE3ODgyMDA4OTIAAR5iMBYzw81s-xKVV5kGy1DpC7NLun87IP8u22OhCXlNeuJR7BhWxZ-B3c1MTw_aem_mEz_8V9AlApRQ8H3jSbyIQ&amp;h=AT3Dbqld4QZQVxyfPs_wQXbinGP4sFYTejhp4PySYfeqfWm9r_dlBOT9-78bO6xXeTZVMVxkDbbhsEHALgFqH3lkzoUGGZeclSF6e0G0ZbgBwH04eqieZ_g6lkoij0b3rovBnTwWCmngyQ&amp;__tn__=-UK-R&amp;c[0]=AT2G1ff3lOmxTLo3-iOm-USj4V_gFfxXd1MvV9e9JQPaoKL1X39UzeSD6lecatUlOeA10HxW1HfB1Ju7ZF39s9KNPGKX6N8Kfu2XRFteJ2lKX3ETChGkSBdRt04L0nyv6P11uk14duVI2vyZVn-aJpz_REtwvnmjZK21qHtRF1XMfV8aJ51B4Ximd31kP8jsIiZW8JfEHBKU0zSrHR2jgtWXS2nur8tYqChR\" target=\"_blank\" rel=\"nofollow noopener\">cedmohub.eu<\/a><\/span>), Europeum (Institute for European Policy &#8211; <span class=\"html-span xdj266r x14z9mp xat24cr x1lziwak xexx8yu xyri2b x18d9i69 x1c1uobl x1hl2dhg x16tdsg8 x1vvkbs\"><a class=\"x1i10hfl xjbqb8w x1ejq31n x18oe1m7 x1sy0etr xstzfhl x972fbf x10w94by x1qhh985 x14e42zd x9f619 x1ypdohk xt0psk2 x3ct3a4 xdj266r x14z9mp xat24cr x1lziwak xexx8yu xyri2b x18d9i69 x1c1uobl x16tdsg8 x1hl2dhg xggy1nq x1a2a7pz xkrqix3 x1sur9pj x1fey0fg x1s688f\" tabindex=\"0\" role=\"link\" href=\"http:\/\/europeum.org\/en\/?fbclid=IwZXh0bgNhZW0CMTAAYnJpZBExSTJMSXFmTmlRb3hyNFRlWHNydGMGYXBwX2lkEDIyMjAzOTE3ODgyMDA4OTIAAR6z1nRdu-kGNrGSGvxIYbS-OTO_VVs2i3MaqPS0QXJ8e6meeprfKLNbMGwXAw_aem_CQakicTr3E9L4QxdH75SVA\" target=\"_blank\" rel=\"nofollow noopener\">europeum.org\/en\/<\/a><\/span>) and Radio Free Europe \/ Radio Liberty (<span class=\"html-span xdj266r x14z9mp xat24cr x1lziwak xexx8yu xyri2b x18d9i69 x1c1uobl x1hl2dhg x16tdsg8 x1vvkbs\"><a class=\"x1i10hfl xjbqb8w x1ejq31n x18oe1m7 x1sy0etr xstzfhl x972fbf x10w94by x1qhh985 x14e42zd x9f619 x1ypdohk xt0psk2 x3ct3a4 xdj266r x14z9mp xat24cr x1lziwak xexx8yu xyri2b x18d9i69 x1c1uobl x16tdsg8 x1hl2dhg xggy1nq x1a2a7pz xkrqix3 x1sur9pj x1fey0fg x1s688f\" tabindex=\"0\" role=\"link\" href=\"https:\/\/l.facebook.com\/l.php?u=http%3A%2F%2Frferl.org%2F%3Ffbclid%3DIwZXh0bgNhZW0CMTAAYnJpZBExSTJMSXFmTmlRb3hyNFRlWHNydGMGYXBwX2lkEDIyMjAzOTE3ODgyMDA4OTIAAR62VimZlq_FhOpd0xv0lOZ5piQF2wt0xLnh0pRZxrbRb4C5NukbQa2ZxLW5pg_aem_Kh5AawuhEV-aowSsKMcs-Q&amp;h=AT3DUZ-HTZ7EsJFgt4gVtB7mTnZ9C-SMNEN8SUb2F_YpI52s1D7njaFlgfQGZGQ5ZqjjBsZY_A125JGKbHf2br_K5mHIJX3yiNdF68BkTvxYERoxOEOnJCKjAQqS9qXjg21Z7QLOQ3tghw&amp;__tn__=-UK-R&amp;c[0]=AT2G1ff3lOmxTLo3-iOm-USj4V_gFfxXd1MvV9e9JQPaoKL1X39UzeSD6lecatUlOeA10HxW1HfB1Ju7ZF39s9KNPGKX6N8Kfu2XRFteJ2lKX3ETChGkSBdRt04L0nyv6P11uk14duVI2vyZVn-aJpz_REtwvnmjZK21qHtRF1XMfV8aJ51B4Ximd31kP8jsIiZW8JfEHBKU0zSrHR2jgtWXS2nur8tYqChR\" target=\"_blank\" rel=\"nofollow noopener\">rferl.org<\/a><\/span>) in Prague, as part of the regional academy for future leaders in the field of media education and activism.<\/strong><\/div>\n<\/div>\n<div dir=\"auto\"><\/div>\n<div dir=\"auto\"><\/div>\n<div dir=\"auto\"><\/div>\n<pre dir=\"auto\"><span style=\"color: #3366ff;\"><strong><span style=\"color: #000000;\">Click here for video: <\/span>https:\/\/www.facebook.com\/share\/r\/1BhREF5wHx\/<\/strong><\/span><\/pre>\n<div dir=\"auto\"><\/div>\n<div dir=\"auto\"><\/div>\n<div dir=\"auto\"><\/div>\n<div dir=\"auto\"><\/div>\n<div class=\"x14z9mp xat24cr x1lziwak x1vvkbs xtlvy1s x126k92a\">\n<div dir=\"auto\">The Academy for Future Leaders is part of the \u201cOur Media\u201d project, which is implemented with financial support from the European Union by partner organizations: SEENPM, Albanian Media Institute, Sarajevo Media Center, Kosovo Press Council, Media Institute of Montenegro, Media Institute of Macedonia, School of Journalism Novi Sad, Peace Institute and Bianet.<\/div>\n<\/div>\n<div class=\"x14z9mp xat24cr x1lziwak x1vvkbs xtlvy1s x126k92a\">\n<div dir=\"auto\"><span class=\"html-span xdj266r x14z9mp xat24cr x1lziwak xexx8yu xyri2b x18d9i69 x1c1uobl x1hl2dhg x16tdsg8 x1vvkbs\"><a class=\"x1i10hfl xjbqb8w x1ejq31n x18oe1m7 x1sy0etr xstzfhl x972fbf x10w94by x1qhh985 x14e42zd x9f619 x1ypdohk xt0psk2 x3ct3a4 xdj266r x14z9mp xat24cr x1lziwak xexx8yu xyri2b x18d9i69 x1c1uobl x16tdsg8 x1hl2dhg xggy1nq x1a2a7pz xkrqix3 x1sur9pj x1fey0fg x1s688f\" tabindex=\"0\" role=\"link\" href=\"https:\/\/www.facebook.com\/watch\/hashtag\/medialiteracy?__eep__=6%2F&amp;__cft__[0]=AZVylOdYUzgSRjjZ_XlWU82-16d0Eb0aGuaOIyQqbsljMyqOR2cAOtpVELqoNfYozIsnfA6jAecZzT9bQe8cCJIHPGt4RRA2vEtnopPPgu8YSsNb8EY_Tjr_PzHiNPDn-EkAjrcwJ78gNLugAnfI5WzRMj4mC86fdxz9AsZShkn6gLdxNFZH3NUYzSTBV4bnrvu_tynqWbZ7VZtT9S8fYGlA&amp;__tn__=*NK-R\">#medialiteracy<\/a><\/span> <span class=\"html-span xdj266r x14z9mp xat24cr x1lziwak xexx8yu xyri2b x18d9i69 x1c1uobl x1hl2dhg x16tdsg8 x1vvkbs\"><a class=\"x1i10hfl xjbqb8w x1ejq31n x18oe1m7 x1sy0etr xstzfhl x972fbf x10w94by x1qhh985 x14e42zd x9f619 x1ypdohk xt0psk2 x3ct3a4 xdj266r x14z9mp xat24cr x1lziwak xexx8yu xyri2b x18d9i69 x1c1uobl x16tdsg8 x1hl2dhg xggy1nq x1a2a7pz xkrqix3 x1sur9pj x1fey0fg x1s688f\" tabindex=\"0\" role=\"link\" href=\"https:\/\/www.facebook.com\/watch\/hashtag\/activism?__eep__=6%2F&amp;__cft__[0]=AZVylOdYUzgSRjjZ_XlWU82-16d0Eb0aGuaOIyQqbsljMyqOR2cAOtpVELqoNfYozIsnfA6jAecZzT9bQe8cCJIHPGt4RRA2vEtnopPPgu8YSsNb8EY_Tjr_PzHiNPDn-EkAjrcwJ78gNLugAnfI5WzRMj4mC86fdxz9AsZShkn6gLdxNFZH3NUYzSTBV4bnrvu_tynqWbZ7VZtT9S8fYGlA&amp;__tn__=*NK-R\">#activism<\/a><\/span> <span class=\"html-span xdj266r x14z9mp xat24cr x1lziwak xexx8yu xyri2b x18d9i69 x1c1uobl x1hl2dhg x16tdsg8 x1vvkbs\"><a class=\"x1i10hfl xjbqb8w x1ejq31n x18oe1m7 x1sy0etr xstzfhl x972fbf x10w94by x1qhh985 x14e42zd x9f619 x1ypdohk xt0psk2 x3ct3a4 xdj266r x14z9mp xat24cr x1lziwak xexx8yu xyri2b x18d9i69 x1c1uobl x16tdsg8 x1hl2dhg xggy1nq x1a2a7pz xkrqix3 x1sur9pj x1fey0fg x1s688f\" tabindex=\"0\" role=\"link\" href=\"https:\/\/www.facebook.com\/watch\/hashtag\/regionalacademy?__eep__=6%2F&amp;__cft__[0]=AZVylOdYUzgSRjjZ_XlWU82-16d0Eb0aGuaOIyQqbsljMyqOR2cAOtpVELqoNfYozIsnfA6jAecZzT9bQe8cCJIHPGt4RRA2vEtnopPPgu8YSsNb8EY_Tjr_PzHiNPDn-EkAjrcwJ78gNLugAnfI5WzRMj4mC86fdxz9AsZShkn6gLdxNFZH3NUYzSTBV4bnrvu_tynqWbZ7VZtT9S8fYGlA&amp;__tn__=*NK-R\">#regionalacademy<\/a><\/span> <span class=\"html-span xdj266r x14z9mp xat24cr x1lziwak xexx8yu xyri2b x18d9i69 x1c1uobl x1hl2dhg x16tdsg8 x1vvkbs\"><a class=\"x1i10hfl xjbqb8w x1ejq31n x18oe1m7 x1sy0etr xstzfhl x972fbf x10w94by x1qhh985 x14e42zd x9f619 x1ypdohk xt0psk2 x3ct3a4 xdj266r x14z9mp xat24cr x1lziwak xexx8yu xyri2b x18d9i69 x1c1uobl x16tdsg8 x1hl2dhg xggy1nq x1a2a7pz xkrqix3 x1sur9pj x1fey0fg x1s688f\" tabindex=\"0\" role=\"link\" href=\"https:\/\/www.facebook.com\/watch\/hashtag\/prague?__eep__=6%2F&amp;__cft__[0]=AZVylOdYUzgSRjjZ_XlWU82-16d0Eb0aGuaOIyQqbsljMyqOR2cAOtpVELqoNfYozIsnfA6jAecZzT9bQe8cCJIHPGt4RRA2vEtnopPPgu8YSsNb8EY_Tjr_PzHiNPDn-EkAjrcwJ78gNLugAnfI5WzRMj4mC86fdxz9AsZShkn6gLdxNFZH3NUYzSTBV4bnrvu_tynqWbZ7VZtT9S8fYGlA&amp;__tn__=*NK-R\">#prague<\/a><\/span> #profesionalism #MediaFreedom #DigitalSkills #democracy #EuropeanUnion #EmpowerYouth #FutureLeaders<\/div>\n<\/div>\n","protected":false},"excerpt":{"rendered":"<p>Leonora Aliu, Butrint Avdyli and Erblin\u00eb Selmanaj, together with participants from Montenegro and Turkey, visited the organizations Transitions (tol.org), CEDMO (The Central European Digital Media Observatory &#8211; cedmohub.eu), Europeum (Institute for European Policy &#8211; europeum.org\/en\/) and Radio Free Europe \/ Radio Liberty (rferl.org) in Prague, as part of the regional academy for future leaders in [&hellip;]<\/p>\n","protected":false},"author":2,"featured_media":17493,"comment_status":"open","ping_status":"open","sticky":false,"template":"","format":"standard","meta":{"footnotes":""},"categories":[115],"tags":[],"class_list":["post-17500","post","type-post","status-publish","format-standard","has-post-thumbnail","hentry","category-news"],"acf":[],"yoast_head":"<!-- This site is optimized with the Yoast SEO plugin v28.3 - https:\/\/yoast.com\/product\/yoast-seo-wordpress\/ -->\n<title>Study visit to Prague in a few seconds - K\u00ebshilli i Mediave t\u00eb Shkruara t\u00eb Kosov\u00ebs | P\u00ebr nj\u00eb gazetari etike dhe profesionale<\/title>\n<meta name=\"robots\" content=\"index, follow, max-snippet:-1, max-image-preview:large, max-video-preview:-1\" \/>\n<link rel=\"canonical\" href=\"http:\/\/presscouncil-ks.org\/?p=17500&lang=en\" \/>\n<meta property=\"og:locale\" content=\"en_US\" \/>\n<meta property=\"og:type\" content=\"article\" \/>\n<meta property=\"og:title\" content=\"Study visit to Prague in a few seconds - K\u00ebshilli i Mediave t\u00eb Shkruara t\u00eb Kosov\u00ebs | P\u00ebr nj\u00eb gazetari etike dhe profesionale\" \/>\n<meta property=\"og:description\" content=\"Leonora Aliu, Butrint Avdyli and Erblin\u00eb Selmanaj, together with participants from Montenegro and Turkey, visited the organizations Transitions (tol.org), CEDMO (The Central European Digital Media Observatory &#8211; cedmohub.eu), Europeum (Institute for European Policy &#8211; europeum.org\/en\/) and Radio Free Europe \/ Radio Liberty (rferl.org) in Prague, as part of the regional academy for future leaders in [&hellip;]\" \/>\n<meta property=\"og:url\" content=\"http:\/\/presscouncil-ks.org\/?p=17500&amp;lang=en\" \/>\n<meta property=\"og:site_name\" content=\"K\u00ebshilli i Mediave t\u00eb Shkruara t\u00eb Kosov\u00ebs | P\u00ebr nj\u00eb gazetari etike dhe profesionale\" \/>\n<meta property=\"article:publisher\" content=\"https:\/\/www.facebook.com\/KMSHKosove\" \/>\n<meta property=\"article:published_time\" content=\"2025-11-21T14:49:48+00:00\" \/>\n<meta property=\"article:modified_time\" content=\"2025-11-21T14:52:57+00:00\" \/>\n<meta property=\"og:image\" content=\"http:\/\/presscouncil-ks.org\/wp-content\/uploads\/2025\/11\/kmshk-nentor-2025-2.jpg\" \/>\n\t<meta property=\"og:image:width\" content=\"2048\" \/>\n\t<meta property=\"og:image:height\" content=\"1153\" \/>\n\t<meta property=\"og:image:type\" content=\"image\/jpeg\" \/>\n<meta name=\"author\" content=\"Editor\" \/>\n<meta name=\"twitter:card\" content=\"summary_large_image\" \/>\n<meta name=\"twitter:label1\" content=\"Written by\" \/>\n\t<meta name=\"twitter:data1\" content=\"Editor\" \/>\n\t<meta name=\"twitter:label2\" content=\"Est. reading time\" \/>\n\t<meta name=\"twitter:data2\" content=\"1 minute\" \/>\n<script type=\"application\/ld+json\" class=\"yoast-schema-graph\">{\"@context\":\"https:\\\/\\\/schema.org\",\"@graph\":[{\"@type\":\"Article\",\"@id\":\"http:\\\/\\\/presscouncil-ks.org\\\/?p=17500&lang=en#article\",\"isPartOf\":{\"@id\":\"http:\\\/\\\/presscouncil-ks.org\\\/?p=17500&lang=en\"},\"author\":{\"name\":\"Editor\",\"@id\":\"http:\\\/\\\/presscouncil-ks.org\\\/#\\\/schema\\\/person\\\/b79d30c61264caeb733239c16cc4d673\"},\"headline\":\"Study visit to Prague in a few seconds\",\"datePublished\":\"2025-11-21T14:49:48+00:00\",\"dateModified\":\"2025-11-21T14:52:57+00:00\",\"mainEntityOfPage\":{\"@id\":\"http:\\\/\\\/presscouncil-ks.org\\\/?p=17500&lang=en\"},\"wordCount\":137,\"commentCount\":0,\"publisher\":{\"@id\":\"http:\\\/\\\/presscouncil-ks.org\\\/#organization\"},\"image\":{\"@id\":\"http:\\\/\\\/presscouncil-ks.org\\\/?p=17500&lang=en#primaryimage\"},\"thumbnailUrl\":\"http:\\\/\\\/presscouncil-ks.org\\\/wp-content\\\/uploads\\\/2025\\\/11\\\/kmshk-nentor-2025-2.jpg\",\"articleSection\":[\"News\"],\"inLanguage\":\"en-US\",\"potentialAction\":[{\"@type\":\"CommentAction\",\"name\":\"Comment\",\"target\":[\"http:\\\/\\\/presscouncil-ks.org\\\/?p=17500&lang=en#respond\"]}]},{\"@type\":\"WebPage\",\"@id\":\"http:\\\/\\\/presscouncil-ks.org\\\/?p=17500&lang=en\",\"url\":\"http:\\\/\\\/presscouncil-ks.org\\\/?p=17500&lang=en\",\"name\":\"Study visit to Prague in a few seconds - K\u00ebshilli i Mediave t\u00eb Shkruara t\u00eb Kosov\u00ebs | P\u00ebr nj\u00eb gazetari etike dhe profesionale\",\"isPartOf\":{\"@id\":\"http:\\\/\\\/presscouncil-ks.org\\\/#website\"},\"primaryImageOfPage\":{\"@id\":\"http:\\\/\\\/presscouncil-ks.org\\\/?p=17500&lang=en#primaryimage\"},\"image\":{\"@id\":\"http:\\\/\\\/presscouncil-ks.org\\\/?p=17500&lang=en#primaryimage\"},\"thumbnailUrl\":\"http:\\\/\\\/presscouncil-ks.org\\\/wp-content\\\/uploads\\\/2025\\\/11\\\/kmshk-nentor-2025-2.jpg\",\"datePublished\":\"2025-11-21T14:49:48+00:00\",\"dateModified\":\"2025-11-21T14:52:57+00:00\",\"breadcrumb\":{\"@id\":\"http:\\\/\\\/presscouncil-ks.org\\\/?p=17500&lang=en#breadcrumb\"},\"inLanguage\":\"en-US\",\"potentialAction\":[{\"@type\":\"ReadAction\",\"target\":[\"http:\\\/\\\/presscouncil-ks.org\\\/?p=17500&lang=en\"]}]},{\"@type\":\"ImageObject\",\"inLanguage\":\"en-US\",\"@id\":\"http:\\\/\\\/presscouncil-ks.org\\\/?p=17500&lang=en#primaryimage\",\"url\":\"http:\\\/\\\/presscouncil-ks.org\\\/wp-content\\\/uploads\\\/2025\\\/11\\\/kmshk-nentor-2025-2.jpg\",\"contentUrl\":\"http:\\\/\\\/presscouncil-ks.org\\\/wp-content\\\/uploads\\\/2025\\\/11\\\/kmshk-nentor-2025-2.jpg\",\"width\":2048,\"height\":1153},{\"@type\":\"BreadcrumbList\",\"@id\":\"http:\\\/\\\/presscouncil-ks.org\\\/?p=17500&lang=en#breadcrumb\",\"itemListElement\":[{\"@type\":\"ListItem\",\"position\":1,\"name\":\"Home\",\"item\":\"https:\\\/\\\/presscouncil-ks.org\\\/\"},{\"@type\":\"ListItem\",\"position\":2,\"name\":\"Study visit to Prague in a few seconds\"}]},{\"@type\":\"WebSite\",\"@id\":\"http:\\\/\\\/presscouncil-ks.org\\\/#website\",\"url\":\"http:\\\/\\\/presscouncil-ks.org\\\/\",\"name\":\"https:\\\/\\\/presscouncil-ks.org\\\/\",\"description\":\"\",\"publisher\":{\"@id\":\"http:\\\/\\\/presscouncil-ks.org\\\/#organization\"},\"potentialAction\":[{\"@type\":\"SearchAction\",\"target\":{\"@type\":\"EntryPoint\",\"urlTemplate\":\"http:\\\/\\\/presscouncil-ks.org\\\/?s={search_term_string}\"},\"query-input\":{\"@type\":\"PropertyValueSpecification\",\"valueRequired\":true,\"valueName\":\"search_term_string\"}}],\"inLanguage\":\"en-US\"},{\"@type\":\"Organization\",\"@id\":\"http:\\\/\\\/presscouncil-ks.org\\\/#organization\",\"name\":\"K\u00ebshilli i Mediave t\u00eb Shkruara t\u00eb Kosov\u00ebs\",\"url\":\"http:\\\/\\\/presscouncil-ks.org\\\/\",\"logo\":{\"@type\":\"ImageObject\",\"inLanguage\":\"en-US\",\"@id\":\"http:\\\/\\\/presscouncil-ks.org\\\/#\\\/schema\\\/logo\\\/image\\\/\",\"url\":\"http:\\\/\\\/presscouncil-ks.org\\\/wp-content\\\/uploads\\\/2023\\\/06\\\/cropped-logo.png\",\"contentUrl\":\"http:\\\/\\\/presscouncil-ks.org\\\/wp-content\\\/uploads\\\/2023\\\/06\\\/cropped-logo.png\",\"width\":268,\"height\":166,\"caption\":\"K\u00ebshilli i Mediave t\u00eb Shkruara t\u00eb Kosov\u00ebs\"},\"image\":{\"@id\":\"http:\\\/\\\/presscouncil-ks.org\\\/#\\\/schema\\\/logo\\\/image\\\/\"},\"sameAs\":[\"https:\\\/\\\/www.facebook.com\\\/KMSHKosove\"]},{\"@type\":\"Person\",\"@id\":\"http:\\\/\\\/presscouncil-ks.org\\\/#\\\/schema\\\/person\\\/b79d30c61264caeb733239c16cc4d673\",\"name\":\"Editor\",\"image\":{\"@type\":\"ImageObject\",\"inLanguage\":\"en-US\",\"@id\":\"https:\\\/\\\/secure.gravatar.com\\\/avatar\\\/9534865f39e7b3527010ee17196a76d054b16d731a6a5bfe2f92a071c6e9bf4e?s=96&d=mm&r=g\",\"url\":\"https:\\\/\\\/secure.gravatar.com\\\/avatar\\\/9534865f39e7b3527010ee17196a76d054b16d731a6a5bfe2f92a071c6e9bf4e?s=96&d=mm&r=g\",\"contentUrl\":\"https:\\\/\\\/secure.gravatar.com\\\/avatar\\\/9534865f39e7b3527010ee17196a76d054b16d731a6a5bfe2f92a071c6e9bf4e?s=96&d=mm&r=g\",\"caption\":\"Editor\"},\"url\":\"http:\\\/\\\/presscouncil-ks.org\\\/?author=2\"}]}<\/script>\n<!-- \/ Yoast SEO plugin. -->","yoast_head_json":{"title":"Study visit to Prague in a few seconds - K\u00ebshilli i Mediave t\u00eb Shkruara t\u00eb Kosov\u00ebs | P\u00ebr nj\u00eb gazetari etike dhe profesionale","robots":{"index":"index","follow":"follow","max-snippet":"max-snippet:-1","max-image-preview":"max-image-preview:large","max-video-preview":"max-video-preview:-1"},"canonical":"http:\/\/presscouncil-ks.org\/?p=17500&lang=en","og_locale":"en_US","og_type":"article","og_title":"Study visit to Prague in a few seconds - K\u00ebshilli i Mediave t\u00eb Shkruara t\u00eb Kosov\u00ebs | P\u00ebr nj\u00eb gazetari etike dhe profesionale","og_description":"Leonora Aliu, Butrint Avdyli and Erblin\u00eb Selmanaj, together with participants from Montenegro and Turkey, visited the organizations Transitions (tol.org), CEDMO (The Central European Digital Media Observatory &#8211; cedmohub.eu), Europeum (Institute for European Policy &#8211; europeum.org\/en\/) and Radio Free Europe \/ Radio Liberty (rferl.org) in Prague, as part of the regional academy for future leaders in [&hellip;]","og_url":"http:\/\/presscouncil-ks.org\/?p=17500&lang=en","og_site_name":"K\u00ebshilli i Mediave t\u00eb Shkruara t\u00eb Kosov\u00ebs | P\u00ebr nj\u00eb gazetari etike dhe profesionale","article_publisher":"https:\/\/www.facebook.com\/KMSHKosove","article_published_time":"2025-11-21T14:49:48+00:00","article_modified_time":"2025-11-21T14:52:57+00:00","og_image":[{"width":2048,"height":1153,"url":"http:\/\/presscouncil-ks.org\/wp-content\/uploads\/2025\/11\/kmshk-nentor-2025-2.jpg","type":"image\/jpeg"}],"author":"Editor","twitter_card":"summary_large_image","twitter_misc":{"Written by":"Editor","Est. reading time":"1 minute"},"schema":{"@context":"https:\/\/schema.org","@graph":[{"@type":"Article","@id":"http:\/\/presscouncil-ks.org\/?p=17500&lang=en#article","isPartOf":{"@id":"http:\/\/presscouncil-ks.org\/?p=17500&lang=en"},"author":{"name":"Editor","@id":"http:\/\/presscouncil-ks.org\/#\/schema\/person\/b79d30c61264caeb733239c16cc4d673"},"headline":"Study visit to Prague in a few seconds","datePublished":"2025-11-21T14:49:48+00:00","dateModified":"2025-11-21T14:52:57+00:00","mainEntityOfPage":{"@id":"http:\/\/presscouncil-ks.org\/?p=17500&lang=en"},"wordCount":137,"commentCount":0,"publisher":{"@id":"http:\/\/presscouncil-ks.org\/#organization"},"image":{"@id":"http:\/\/presscouncil-ks.org\/?p=17500&lang=en#primaryimage"},"thumbnailUrl":"http:\/\/presscouncil-ks.org\/wp-content\/uploads\/2025\/11\/kmshk-nentor-2025-2.jpg","articleSection":["News"],"inLanguage":"en-US","potentialAction":[{"@type":"CommentAction","name":"Comment","target":["http:\/\/presscouncil-ks.org\/?p=17500&lang=en#respond"]}]},{"@type":"WebPage","@id":"http:\/\/presscouncil-ks.org\/?p=17500&lang=en","url":"http:\/\/presscouncil-ks.org\/?p=17500&lang=en","name":"Study visit to Prague in a few seconds - K\u00ebshilli i Mediave t\u00eb Shkruara t\u00eb Kosov\u00ebs | P\u00ebr nj\u00eb gazetari etike dhe profesionale","isPartOf":{"@id":"http:\/\/presscouncil-ks.org\/#website"},"primaryImageOfPage":{"@id":"http:\/\/presscouncil-ks.org\/?p=17500&lang=en#primaryimage"},"image":{"@id":"http:\/\/presscouncil-ks.org\/?p=17500&lang=en#primaryimage"},"thumbnailUrl":"http:\/\/presscouncil-ks.org\/wp-content\/uploads\/2025\/11\/kmshk-nentor-2025-2.jpg","datePublished":"2025-11-21T14:49:48+00:00","dateModified":"2025-11-21T14:52:57+00:00","breadcrumb":{"@id":"http:\/\/presscouncil-ks.org\/?p=17500&lang=en#breadcrumb"},"inLanguage":"en-US","potentialAction":[{"@type":"ReadAction","target":["http:\/\/presscouncil-ks.org\/?p=17500&lang=en"]}]},{"@type":"ImageObject","inLanguage":"en-US","@id":"http:\/\/presscouncil-ks.org\/?p=17500&lang=en#primaryimage","url":"http:\/\/presscouncil-ks.org\/wp-content\/uploads\/2025\/11\/kmshk-nentor-2025-2.jpg","contentUrl":"http:\/\/presscouncil-ks.org\/wp-content\/uploads\/2025\/11\/kmshk-nentor-2025-2.jpg","width":2048,"height":1153},{"@type":"BreadcrumbList","@id":"http:\/\/presscouncil-ks.org\/?p=17500&lang=en#breadcrumb","itemListElement":[{"@type":"ListItem","position":1,"name":"Home","item":"https:\/\/presscouncil-ks.org\/"},{"@type":"ListItem","position":2,"name":"Study visit to Prague in a few seconds"}]},{"@type":"WebSite","@id":"http:\/\/presscouncil-ks.org\/#website","url":"http:\/\/presscouncil-ks.org\/","name":"https:\/\/presscouncil-ks.org\/","description":"","publisher":{"@id":"http:\/\/presscouncil-ks.org\/#organization"},"potentialAction":[{"@type":"SearchAction","target":{"@type":"EntryPoint","urlTemplate":"http:\/\/presscouncil-ks.org\/?s={search_term_string}"},"query-input":{"@type":"PropertyValueSpecification","valueRequired":true,"valueName":"search_term_string"}}],"inLanguage":"en-US"},{"@type":"Organization","@id":"http:\/\/presscouncil-ks.org\/#organization","name":"K\u00ebshilli i Mediave t\u00eb Shkruara t\u00eb Kosov\u00ebs","url":"http:\/\/presscouncil-ks.org\/","logo":{"@type":"ImageObject","inLanguage":"en-US","@id":"http:\/\/presscouncil-ks.org\/#\/schema\/logo\/image\/","url":"http:\/\/presscouncil-ks.org\/wp-content\/uploads\/2023\/06\/cropped-logo.png","contentUrl":"http:\/\/presscouncil-ks.org\/wp-content\/uploads\/2023\/06\/cropped-logo.png","width":268,"height":166,"caption":"K\u00ebshilli i Mediave t\u00eb Shkruara t\u00eb Kosov\u00ebs"},"image":{"@id":"http:\/\/presscouncil-ks.org\/#\/schema\/logo\/image\/"},"sameAs":["https:\/\/www.facebook.com\/KMSHKosove"]},{"@type":"Person","@id":"http:\/\/presscouncil-ks.org\/#\/schema\/person\/b79d30c61264caeb733239c16cc4d673","name":"Editor","image":{"@type":"ImageObject","inLanguage":"en-US","@id":"https:\/\/secure.gravatar.com\/avatar\/9534865f39e7b3527010ee17196a76d054b16d731a6a5bfe2f92a071c6e9bf4e?s=96&d=mm&r=g","url":"https:\/\/secure.gravatar.com\/avatar\/9534865f39e7b3527010ee17196a76d054b16d731a6a5bfe2f92a071c6e9bf4e?s=96&d=mm&r=g","contentUrl":"https:\/\/secure.gravatar.com\/avatar\/9534865f39e7b3527010ee17196a76d054b16d731a6a5bfe2f92a071c6e9bf4e?s=96&d=mm&r=g","caption":"Editor"},"url":"http:\/\/presscouncil-ks.org\/?author=2"}]}},"_links":{"self":[{"href":"http:\/\/presscouncil-ks.org\/index.php?rest_route=\/wp\/v2\/posts\/17500","targetHints":{"allow":["GET"]}}],"collection":[{"href":"http:\/\/presscouncil-ks.org\/index.php?rest_route=\/wp\/v2\/posts"}],"about":[{"href":"http:\/\/presscouncil-ks.org\/index.php?rest_route=\/wp\/v2\/types\/post"}],"author":[{"embeddable":true,"href":"http:\/\/presscouncil-ks.org\/index.php?rest_route=\/wp\/v2\/users\/2"}],"replies":[{"embeddable":true,"href":"http:\/\/presscouncil-ks.org\/index.php?rest_route=%2Fwp%2Fv2%2Fcomments&post=17500"}],"version-history":[{"count":2,"href":"http:\/\/presscouncil-ks.org\/index.php?rest_route=\/wp\/v2\/posts\/17500\/revisions"}],"predecessor-version":[{"id":17504,"href":"http:\/\/presscouncil-ks.org\/index.php?rest_route=\/wp\/v2\/posts\/17500\/revisions\/17504"}],"wp:featuredmedia":[{"embeddable":true,"href":"http:\/\/presscouncil-ks.org\/index.php?rest_route=\/wp\/v2\/media\/17493"}],"wp:attachment":[{"href":"http:\/\/presscouncil-ks.org\/index.php?rest_route=%2Fwp%2Fv2%2Fmedia&parent=17500"}],"wp:term":[{"taxonomy":"category","embeddable":true,"href":"http:\/\/presscouncil-ks.org\/index.php?rest_route=%2Fwp%2Fv2%2Fcategories&post=17500"},{"taxonomy":"post_tag","embeddable":true,"href":"http:\/\/presscouncil-ks.org\/index.php?rest_route=%2Fwp%2Fv2%2Ftags&post=17500"}],"curies":[{"name":"wp","href":"https:\/\/api.w.org\/{rel}","templated":true}]}}