{"id":17498,"date":"2025-11-21T14:48:18","date_gmt":"2025-11-21T14:48:18","guid":{"rendered":"https:\/\/presscouncil-ks.org\/?p=17498"},"modified":"2025-11-21T14:54:25","modified_gmt":"2025-11-21T14:54:25","slug":"studijska-poseta-pragu-na-nekoliko-sekundi","status":"publish","type":"post","link":"http:\/\/presscouncil-ks.org\/?p=17498&lang=sr","title":{"rendered":"Studijska poseta Pragu na nekoliko sekundi"},"content":{"rendered":"<div class=\"x14z9mp xat24cr x1lziwak x1vvkbs xtlvy1s x126k92a\">\n<div dir=\"auto\"><strong>Leonora Aliju, Butrint Avdili i Erbline Selmanaj, zajedno sa u\u010desnicima iz Crne Gore i Turske, posetile su organizacije Transitions (<span class=\"html-span xdj266r x14z9mp xat24cr x1lziwak xexx8yu xyri2b x18d9i69 x1c1uobl x1hl2dhg x16tdsg8 x1vvkbs\"><a class=\"x1i10hfl xjbqb8w x1ejq31n x18oe1m7 x1sy0etr xstzfhl x972fbf x10w94by x1qhh985 x14e42zd x9f619 x1ypdohk xt0psk2 x3ct3a4 xdj266r x14z9mp xat24cr x1lziwak xexx8yu xyri2b x18d9i69 x1c1uobl x16tdsg8 x1hl2dhg xggy1nq x1a2a7pz xkrqix3 x1sur9pj x1fey0fg x1s688f\" tabindex=\"0\" role=\"link\" href=\"https:\/\/l.facebook.com\/l.php?u=http%3A%2F%2Ftol.org%2F%3Ffbclid%3DIwZXh0bgNhZW0CMTAAYnJpZBExSTJMSXFmTmlRb3hyNFRlWHNydGMGYXBwX2lkEDIyMjAzOTE3ODgyMDA4OTIAAR62VimZlq_FhOpd0xv0lOZ5piQF2wt0xLnh0pRZxrbRb4C5NukbQa2ZxLW5pg_aem_Kh5AawuhEV-aowSsKMcs-Q&amp;h=AT2ZPvrcCV7pnffP1PVv01k0e5NLnigs2_bXkhy5X_gk8YI7JjagFNQM1Pr4J3kpK3tv0FPg_5YNDYxk0CWe1pvYd-eX8JmaWggfXPft4v-8lEJIOPXP9i2PjPc6_fnK92opUXRp1L1RVw&amp;__tn__=-UK-R&amp;c[0]=AT2G1ff3lOmxTLo3-iOm-USj4V_gFfxXd1MvV9e9JQPaoKL1X39UzeSD6lecatUlOeA10HxW1HfB1Ju7ZF39s9KNPGKX6N8Kfu2XRFteJ2lKX3ETChGkSBdRt04L0nyv6P11uk14duVI2vyZVn-aJpz_REtwvnmjZK21qHtRF1XMfV8aJ51B4Ximd31kP8jsIiZW8JfEHBKU0zSrHR2jgtWXS2nur8tYqChR\" target=\"_blank\" rel=\"nofollow noopener\">tol.org<\/a><\/span>), CEDMO (The Central European Digital Media Observatory &#8211; <span class=\"html-span xdj266r x14z9mp xat24cr x1lziwak xexx8yu xyri2b x18d9i69 x1c1uobl x1hl2dhg x16tdsg8 x1vvkbs\"><a class=\"x1i10hfl xjbqb8w x1ejq31n x18oe1m7 x1sy0etr xstzfhl x972fbf x10w94by x1qhh985 x14e42zd x9f619 x1ypdohk xt0psk2 x3ct3a4 xdj266r x14z9mp xat24cr x1lziwak xexx8yu xyri2b x18d9i69 x1c1uobl x16tdsg8 x1hl2dhg xggy1nq x1a2a7pz xkrqix3 x1sur9pj x1fey0fg x1s688f\" tabindex=\"0\" role=\"link\" href=\"http:\/\/cedmohub.eu\/?fbclid=IwZXh0bgNhZW0CMTAAYnJpZBExSTJMSXFmTmlRb3hyNFRlWHNydGMGYXBwX2lkEDIyMjAzOTE3ODgyMDA4OTIAAR4XHTXxo7lGp_jwaTnaGQGi0CCqPzc-NEig9kHI5Cf5HRVupnzk7PyQjLGbgA_aem_EK672vzZgdizcO4-7eBZtQ\" target=\"_blank\" rel=\"nofollow noopener\">cedmohub.eu<\/a><\/span>), Europeum (Institute for European Policy &#8211; <span class=\"html-span xdj266r x14z9mp xat24cr x1lziwak xexx8yu xyri2b x18d9i69 x1c1uobl x1hl2dhg x16tdsg8 x1vvkbs\"><a class=\"x1i10hfl xjbqb8w x1ejq31n x18oe1m7 x1sy0etr xstzfhl x972fbf x10w94by x1qhh985 x14e42zd x9f619 x1ypdohk xt0psk2 x3ct3a4 xdj266r x14z9mp xat24cr x1lziwak xexx8yu xyri2b x18d9i69 x1c1uobl x16tdsg8 x1hl2dhg xggy1nq x1a2a7pz xkrqix3 x1sur9pj x1fey0fg x1s688f\" tabindex=\"0\" role=\"link\" href=\"https:\/\/l.facebook.com\/l.php?u=http%3A%2F%2Feuropeum.org%2Fen%2F%3Ffbclid%3DIwZXh0bgNhZW0CMTAAYnJpZBExSTJMSXFmTmlRb3hyNFRlWHNydGMGYXBwX2lkEDIyMjAzOTE3ODgyMDA4OTIAAR7WiraL9M_T7Ss3tHeGSnPrPztHkM9hv382xD6CO_BpW6Q0xk3zk9mwNldasw_aem_V671y8LY9e46LtikoC11xw&amp;h=AT3QqYpAFfWRKhdKsLn-6Y1mB90Wg3v4XZ4kZ_gZ6kCVBbNwbeebH0gHgOnGFrcuZ2LP50EWv2uZEoz_Gz77VuCooYaW9HBwio9PlDC-aO3h0Ay3QJQ102SC4hReO8KJzruq_18GbtLhlQ&amp;__tn__=-UK-R&amp;c[0]=AT2G1ff3lOmxTLo3-iOm-USj4V_gFfxXd1MvV9e9JQPaoKL1X39UzeSD6lecatUlOeA10HxW1HfB1Ju7ZF39s9KNPGKX6N8Kfu2XRFteJ2lKX3ETChGkSBdRt04L0nyv6P11uk14duVI2vyZVn-aJpz_REtwvnmjZK21qHtRF1XMfV8aJ51B4Ximd31kP8jsIiZW8JfEHBKU0zSrHR2jgtWXS2nur8tYqChR\" target=\"_blank\" rel=\"nofollow noopener\">europeum.org\/en\/<\/a><\/span>) i Radio Slobodna Evropa \/ Radio Liberti (<span class=\"html-span xdj266r x14z9mp xat24cr x1lziwak xexx8yu xyri2b x18d9i69 x1c1uobl x1hl2dhg x16tdsg8 x1vvkbs\"><a class=\"x1i10hfl xjbqb8w x1ejq31n x18oe1m7 x1sy0etr xstzfhl x972fbf x10w94by x1qhh985 x14e42zd x9f619 x1ypdohk xt0psk2 x3ct3a4 xdj266r x14z9mp xat24cr x1lziwak xexx8yu xyri2b x18d9i69 x1c1uobl x16tdsg8 x1hl2dhg xggy1nq x1a2a7pz xkrqix3 x1sur9pj x1fey0fg x1s688f\" tabindex=\"0\" role=\"link\" href=\"http:\/\/rferl.org\/?fbclid=IwZXh0bgNhZW0CMTAAYnJpZBExSTJMSXFmTmlRb3hyNFRlWHNydGMGYXBwX2lkEDIyMjAzOTE3ODgyMDA4OTIAAR6z1nRdu-kGNrGSGvxIYbS-OTO_VVs2i3MaqPS0QXJ8e6meeprfKLNbMGwXAw_aem_CQakicTr3E9L4QxdH75SVA\" target=\"_blank\" rel=\"nofollow noopener\">rferl.org<\/a><\/span>) u Pragu, u okviru regionalne akademije za buduc\u0301e lidere u oblasti medijskog obrazovanja i aktivizma.<\/strong><\/div>\n<\/div>\n<div dir=\"auto\"><\/div>\n<div dir=\"auto\"><\/div>\n<div dir=\"auto\"><\/div>\n<div dir=\"auto\"><strong>Za video, kliknite ovde: <span style=\"color: #3366ff;\">https:\/\/www.facebook.com\/share\/r\/1BhREF5wHx\/<\/span><\/strong><\/div>\n<div dir=\"auto\"><\/div>\n<div dir=\"auto\"><\/div>\n<div dir=\"auto\"><\/div>\n<div class=\"x14z9mp xat24cr x1lziwak x1vvkbs xtlvy1s x126k92a\">\n<div dir=\"auto\">Akademija za buduc\u0301e lidere je deo projekta \u201dNa\u0161i Mediji\u201c, koji se realizuje uz finansijsku podr\u0161ku Evropske unije od strane partnerskih organizacija: SEENPM, Albanski Medijski Institut, MediaCentar Sarajevo, Savet \u0160tampe Kosova, Makedonski Institut za Medije, Medijski Institut Crne Gore, Novosadska Novinarska \u0160kola, Mirovni Institut i Bianet.<\/div>\n<\/div>\n<div dir=\"auto\"><\/div>\n<div dir=\"auto\"><\/div>\n<div dir=\"auto\"><\/div>\n<div class=\"x14z9mp xat24cr x1lziwak x1vvkbs xtlvy1s x126k92a\">\n<div dir=\"auto\"><span class=\"html-span xdj266r x14z9mp xat24cr x1lziwak xexx8yu xyri2b x18d9i69 x1c1uobl x1hl2dhg x16tdsg8 x1vvkbs\"><a class=\"x1i10hfl xjbqb8w x1ejq31n x18oe1m7 x1sy0etr xstzfhl x972fbf x10w94by x1qhh985 x14e42zd x9f619 x1ypdohk xt0psk2 x3ct3a4 xdj266r x14z9mp xat24cr x1lziwak xexx8yu xyri2b x18d9i69 x1c1uobl x16tdsg8 x1hl2dhg xggy1nq x1a2a7pz xkrqix3 x1sur9pj x1fey0fg x1s688f\" tabindex=\"0\" role=\"link\" href=\"https:\/\/www.facebook.com\/watch\/hashtag\/medijskapismenost?__eep__=6%2F&amp;__cft__[0]=AZVylOdYUzgSRjjZ_XlWU82-16d0Eb0aGuaOIyQqbsljMyqOR2cAOtpVELqoNfYozIsnfA6jAecZzT9bQe8cCJIHPGt4RRA2vEtnopPPgu8YSsNb8EY_Tjr_PzHiNPDn-EkAjrcwJ78gNLugAnfI5WzRMj4mC86fdxz9AsZShkn6gLdxNFZH3NUYzSTBV4bnrvu_tynqWbZ7VZtT9S8fYGlA&amp;__tn__=*NK-R\">#medijskapismenost<\/a><\/span> <span class=\"html-span xdj266r x14z9mp xat24cr x1lziwak xexx8yu xyri2b x18d9i69 x1c1uobl x1hl2dhg x16tdsg8 x1vvkbs\"><a class=\"x1i10hfl xjbqb8w x1ejq31n x18oe1m7 x1sy0etr xstzfhl x972fbf x10w94by x1qhh985 x14e42zd x9f619 x1ypdohk xt0psk2 x3ct3a4 xdj266r x14z9mp xat24cr x1lziwak xexx8yu xyri2b x18d9i69 x1c1uobl x16tdsg8 x1hl2dhg xggy1nq x1a2a7pz xkrqix3 x1sur9pj x1fey0fg x1s688f\" tabindex=\"0\" role=\"link\" href=\"https:\/\/www.facebook.com\/watch\/hashtag\/aktivizam?__eep__=6%2F&amp;__cft__[0]=AZVylOdYUzgSRjjZ_XlWU82-16d0Eb0aGuaOIyQqbsljMyqOR2cAOtpVELqoNfYozIsnfA6jAecZzT9bQe8cCJIHPGt4RRA2vEtnopPPgu8YSsNb8EY_Tjr_PzHiNPDn-EkAjrcwJ78gNLugAnfI5WzRMj4mC86fdxz9AsZShkn6gLdxNFZH3NUYzSTBV4bnrvu_tynqWbZ7VZtT9S8fYGlA&amp;__tn__=*NK-R\">#aktivizam<\/a><\/span> <span class=\"html-span xdj266r x14z9mp xat24cr x1lziwak xexx8yu xyri2b x18d9i69 x1c1uobl x1hl2dhg x16tdsg8 x1vvkbs\"><a class=\"x1i10hfl xjbqb8w x1ejq31n x18oe1m7 x1sy0etr xstzfhl x972fbf x10w94by x1qhh985 x14e42zd x9f619 x1ypdohk xt0psk2 x3ct3a4 xdj266r x14z9mp xat24cr x1lziwak xexx8yu xyri2b x18d9i69 x1c1uobl x16tdsg8 x1hl2dhg xggy1nq x1a2a7pz xkrqix3 x1sur9pj x1fey0fg x1s688f\" tabindex=\"0\" role=\"link\" href=\"https:\/\/www.facebook.com\/watch\/hashtag\/regionalnaakademija?__eep__=6%2F&amp;__cft__[0]=AZVylOdYUzgSRjjZ_XlWU82-16d0Eb0aGuaOIyQqbsljMyqOR2cAOtpVELqoNfYozIsnfA6jAecZzT9bQe8cCJIHPGt4RRA2vEtnopPPgu8YSsNb8EY_Tjr_PzHiNPDn-EkAjrcwJ78gNLugAnfI5WzRMj4mC86fdxz9AsZShkn6gLdxNFZH3NUYzSTBV4bnrvu_tynqWbZ7VZtT9S8fYGlA&amp;__tn__=*NK-R\">#regionalnaakademija<\/a><\/span> <span class=\"html-span xdj266r x14z9mp xat24cr x1lziwak xexx8yu xyri2b x18d9i69 x1c1uobl x1hl2dhg x16tdsg8 x1vvkbs\"><a class=\"x1i10hfl xjbqb8w x1ejq31n x18oe1m7 x1sy0etr xstzfhl x972fbf x10w94by x1qhh985 x14e42zd x9f619 x1ypdohk xt0psk2 x3ct3a4 xdj266r x14z9mp xat24cr x1lziwak xexx8yu xyri2b x18d9i69 x1c1uobl x16tdsg8 x1hl2dhg xggy1nq x1a2a7pz xkrqix3 x1sur9pj x1fey0fg x1s688f\" tabindex=\"0\" role=\"link\" href=\"https:\/\/www.facebook.com\/watch\/hashtag\/novilideri?__eep__=6%2F&amp;__cft__[0]=AZVylOdYUzgSRjjZ_XlWU82-16d0Eb0aGuaOIyQqbsljMyqOR2cAOtpVELqoNfYozIsnfA6jAecZzT9bQe8cCJIHPGt4RRA2vEtnopPPgu8YSsNb8EY_Tjr_PzHiNPDn-EkAjrcwJ78gNLugAnfI5WzRMj4mC86fdxz9AsZShkn6gLdxNFZH3NUYzSTBV4bnrvu_tynqWbZ7VZtT9S8fYGlA&amp;__tn__=*NK-R\">#NoviLideri<\/a><\/span> <span class=\"html-span xdj266r x14z9mp xat24cr x1lziwak xexx8yu xyri2b x18d9i69 x1c1uobl x1hl2dhg x16tdsg8 x1vvkbs\"><a class=\"x1i10hfl xjbqb8w x1ejq31n x18oe1m7 x1sy0etr xstzfhl x972fbf x10w94by x1qhh985 x14e42zd x9f619 x1ypdohk xt0psk2 x3ct3a4 xdj266r x14z9mp xat24cr x1lziwak xexx8yu xyri2b x18d9i69 x1c1uobl x16tdsg8 x1hl2dhg xggy1nq x1a2a7pz xkrqix3 x1sur9pj x1fey0fg x1s688f\" tabindex=\"0\" role=\"link\" href=\"https:\/\/www.facebook.com\/watch\/hashtag\/prague?__eep__=6%2F&amp;__cft__[0]=AZVylOdYUzgSRjjZ_XlWU82-16d0Eb0aGuaOIyQqbsljMyqOR2cAOtpVELqoNfYozIsnfA6jAecZzT9bQe8cCJIHPGt4RRA2vEtnopPPgu8YSsNb8EY_Tjr_PzHiNPDn-EkAjrcwJ78gNLugAnfI5WzRMj4mC86fdxz9AsZShkn6gLdxNFZH3NUYzSTBV4bnrvu_tynqWbZ7VZtT9S8fYGlA&amp;__tn__=*NK-R\">#prague<\/a><\/span> <span class=\"html-span xdj266r x14z9mp xat24cr x1lziwak xexx8yu xyri2b x18d9i69 x1c1uobl x1hl2dhg x16tdsg8 x1vvkbs\"><a class=\"x1i10hfl xjbqb8w x1ejq31n x18oe1m7 x1sy0etr xstzfhl x972fbf x10w94by x1qhh985 x14e42zd x9f619 x1ypdohk xt0psk2 x3ct3a4 xdj266r x14z9mp xat24cr x1lziwak xexx8yu xyri2b x18d9i69 x1c1uobl x16tdsg8 x1hl2dhg xggy1nq x1a2a7pz xkrqix3 x1sur9pj x1fey0fg x1s688f\" tabindex=\"0\" role=\"link\" href=\"https:\/\/www.facebook.com\/watch\/hashtag\/profesionalizam?__eep__=6%2F&amp;__cft__[0]=AZVylOdYUzgSRjjZ_XlWU82-16d0Eb0aGuaOIyQqbsljMyqOR2cAOtpVELqoNfYozIsnfA6jAecZzT9bQe8cCJIHPGt4RRA2vEtnopPPgu8YSsNb8EY_Tjr_PzHiNPDn-EkAjrcwJ78gNLugAnfI5WzRMj4mC86fdxz9AsZShkn6gLdxNFZH3NUYzSTBV4bnrvu_tynqWbZ7VZtT9S8fYGlA&amp;__tn__=*NK-R\">#profesionalizam<\/a><\/span> <span class=\"html-span xdj266r x14z9mp xat24cr x1lziwak xexx8yu xyri2b x18d9i69 x1c1uobl x1hl2dhg x16tdsg8 x1vvkbs\"><a class=\"x1i10hfl xjbqb8w x1ejq31n x18oe1m7 x1sy0etr xstzfhl x972fbf x10w94by x1qhh985 x14e42zd x9f619 x1ypdohk xt0psk2 x3ct3a4 xdj266r x14z9mp xat24cr x1lziwak xexx8yu xyri2b x18d9i69 x1c1uobl x16tdsg8 x1hl2dhg xggy1nq x1a2a7pz xkrqix3 x1sur9pj x1fey0fg x1s688f\" tabindex=\"0\" role=\"link\" href=\"https:\/\/www.facebook.com\/watch\/hashtag\/medialiteracy?__eep__=6%2F&amp;__cft__[0]=AZVylOdYUzgSRjjZ_XlWU82-16d0Eb0aGuaOIyQqbsljMyqOR2cAOtpVELqoNfYozIsnfA6jAecZzT9bQe8cCJIHPGt4RRA2vEtnopPPgu8YSsNb8EY_Tjr_PzHiNPDn-EkAjrcwJ78gNLugAnfI5WzRMj4mC86fdxz9AsZShkn6gLdxNFZH3NUYzSTBV4bnrvu_tynqWbZ7VZtT9S8fYGlA&amp;__tn__=*NK-R\">#medialiteracy<\/a><\/span> <span class=\"html-span xdj266r x14z9mp xat24cr x1lziwak xexx8yu xyri2b x18d9i69 x1c1uobl x1hl2dhg x16tdsg8 x1vvkbs\"><a class=\"x1i10hfl xjbqb8w x1ejq31n x18oe1m7 x1sy0etr xstzfhl x972fbf x10w94by x1qhh985 x14e42zd x9f619 x1ypdohk xt0psk2 x3ct3a4 xdj266r x14z9mp xat24cr x1lziwak xexx8yu xyri2b x18d9i69 x1c1uobl x16tdsg8 x1hl2dhg xggy1nq x1a2a7pz xkrqix3 x1sur9pj x1fey0fg x1s688f\" tabindex=\"0\" role=\"link\" href=\"https:\/\/www.facebook.com\/watch\/hashtag\/mediafreedom?__eep__=6%2F&amp;__cft__[0]=AZVylOdYUzgSRjjZ_XlWU82-16d0Eb0aGuaOIyQqbsljMyqOR2cAOtpVELqoNfYozIsnfA6jAecZzT9bQe8cCJIHPGt4RRA2vEtnopPPgu8YSsNb8EY_Tjr_PzHiNPDn-EkAjrcwJ78gNLugAnfI5WzRMj4mC86fdxz9AsZShkn6gLdxNFZH3NUYzSTBV4bnrvu_tynqWbZ7VZtT9S8fYGlA&amp;__tn__=*NK-R\">#MediaFreedom<\/a><\/span> <span class=\"html-span xdj266r x14z9mp xat24cr x1lziwak xexx8yu xyri2b x18d9i69 x1c1uobl x1hl2dhg x16tdsg8 x1vvkbs\"><a class=\"x1i10hfl xjbqb8w x1ejq31n x18oe1m7 x1sy0etr xstzfhl x972fbf x10w94by x1qhh985 x14e42zd x9f619 x1ypdohk xt0psk2 x3ct3a4 xdj266r x14z9mp xat24cr x1lziwak xexx8yu xyri2b x18d9i69 x1c1uobl x16tdsg8 x1hl2dhg xggy1nq x1a2a7pz xkrqix3 x1sur9pj x1fey0fg x1s688f\" tabindex=\"0\" role=\"link\" href=\"https:\/\/www.facebook.com\/watch\/hashtag\/digitalskills?__eep__=6%2F&amp;__cft__[0]=AZVylOdYUzgSRjjZ_XlWU82-16d0Eb0aGuaOIyQqbsljMyqOR2cAOtpVELqoNfYozIsnfA6jAecZzT9bQe8cCJIHPGt4RRA2vEtnopPPgu8YSsNb8EY_Tjr_PzHiNPDn-EkAjrcwJ78gNLugAnfI5WzRMj4mC86fdxz9AsZShkn6gLdxNFZH3NUYzSTBV4bnrvu_tynqWbZ7VZtT9S8fYGlA&amp;__tn__=*NK-R\">#DigitalSkills<\/a><\/span> <span class=\"html-span xdj266r x14z9mp xat24cr x1lziwak xexx8yu xyri2b x18d9i69 x1c1uobl x1hl2dhg x16tdsg8 x1vvkbs\"><a class=\"x1i10hfl xjbqb8w x1ejq31n x18oe1m7 x1sy0etr xstzfhl x972fbf x10w94by x1qhh985 x14e42zd x9f619 x1ypdohk xt0psk2 x3ct3a4 xdj266r x14z9mp xat24cr x1lziwak xexx8yu xyri2b x18d9i69 x1c1uobl x16tdsg8 x1hl2dhg xggy1nq x1a2a7pz xkrqix3 x1sur9pj x1fey0fg x1s688f\" tabindex=\"0\" role=\"link\" href=\"https:\/\/www.facebook.com\/watch\/hashtag\/democracy?__eep__=6%2F&amp;__cft__[0]=AZVylOdYUzgSRjjZ_XlWU82-16d0Eb0aGuaOIyQqbsljMyqOR2cAOtpVELqoNfYozIsnfA6jAecZzT9bQe8cCJIHPGt4RRA2vEtnopPPgu8YSsNb8EY_Tjr_PzHiNPDn-EkAjrcwJ78gNLugAnfI5WzRMj4mC86fdxz9AsZShkn6gLdxNFZH3NUYzSTBV4bnrvu_tynqWbZ7VZtT9S8fYGlA&amp;__tn__=*NK-R\">#democracy<\/a><\/span> <span class=\"html-span xdj266r x14z9mp xat24cr x1lziwak xexx8yu xyri2b x18d9i69 x1c1uobl x1hl2dhg x16tdsg8 x1vvkbs\"><a class=\"x1i10hfl xjbqb8w x1ejq31n x18oe1m7 x1sy0etr xstzfhl x972fbf x10w94by x1qhh985 x14e42zd x9f619 x1ypdohk xt0psk2 x3ct3a4 xdj266r x14z9mp xat24cr x1lziwak xexx8yu xyri2b x18d9i69 x1c1uobl x16tdsg8 x1hl2dhg xggy1nq x1a2a7pz xkrqix3 x1sur9pj x1fey0fg x1s688f\" tabindex=\"0\" role=\"link\" href=\"https:\/\/www.facebook.com\/watch\/hashtag\/europeanunion?__eep__=6%2F&amp;__cft__[0]=AZVylOdYUzgSRjjZ_XlWU82-16d0Eb0aGuaOIyQqbsljMyqOR2cAOtpVELqoNfYozIsnfA6jAecZzT9bQe8cCJIHPGt4RRA2vEtnopPPgu8YSsNb8EY_Tjr_PzHiNPDn-EkAjrcwJ78gNLugAnfI5WzRMj4mC86fdxz9AsZShkn6gLdxNFZH3NUYzSTBV4bnrvu_tynqWbZ7VZtT9S8fYGlA&amp;__tn__=*NK-R\">#EuropeanUnion<\/a><\/span> <span class=\"html-span xdj266r x14z9mp xat24cr x1lziwak xexx8yu xyri2b x18d9i69 x1c1uobl x1hl2dhg x16tdsg8 x1vvkbs\"><a class=\"x1i10hfl xjbqb8w x1ejq31n x18oe1m7 x1sy0etr xstzfhl x972fbf x10w94by x1qhh985 x14e42zd x9f619 x1ypdohk xt0psk2 x3ct3a4 xdj266r x14z9mp xat24cr x1lziwak xexx8yu xyri2b x18d9i69 x1c1uobl x16tdsg8 x1hl2dhg xggy1nq x1a2a7pz xkrqix3 x1sur9pj x1fey0fg x1s688f\" tabindex=\"0\" role=\"link\" href=\"https:\/\/www.facebook.com\/watch\/hashtag\/empoweryouth?__eep__=6%2F&amp;__cft__[0]=AZVylOdYUzgSRjjZ_XlWU82-16d0Eb0aGuaOIyQqbsljMyqOR2cAOtpVELqoNfYozIsnfA6jAecZzT9bQe8cCJIHPGt4RRA2vEtnopPPgu8YSsNb8EY_Tjr_PzHiNPDn-EkAjrcwJ78gNLugAnfI5WzRMj4mC86fdxz9AsZShkn6gLdxNFZH3NUYzSTBV4bnrvu_tynqWbZ7VZtT9S8fYGlA&amp;__tn__=*NK-R\">#EmpowerYouth<\/a><\/span> <span class=\"html-span xdj266r x14z9mp xat24cr x1lziwak xexx8yu xyri2b x18d9i69 x1c1uobl x1hl2dhg x16tdsg8 x1vvkbs\"><a class=\"x1i10hfl xjbqb8w x1ejq31n x18oe1m7 x1sy0etr xstzfhl x972fbf x10w94by x1qhh985 x14e42zd x9f619 x1ypdohk xt0psk2 x3ct3a4 xdj266r x14z9mp xat24cr x1lziwak xexx8yu xyri2b x18d9i69 x1c1uobl x16tdsg8 x1hl2dhg xggy1nq x1a2a7pz xkrqix3 x1sur9pj x1fey0fg x1s688f\" tabindex=\"0\" role=\"link\" href=\"https:\/\/www.facebook.com\/watch\/hashtag\/futureleaders?__eep__=6%2F&amp;__cft__[0]=AZVylOdYUzgSRjjZ_XlWU82-16d0Eb0aGuaOIyQqbsljMyqOR2cAOtpVELqoNfYozIsnfA6jAecZzT9bQe8cCJIHPGt4RRA2vEtnopPPgu8YSsNb8EY_Tjr_PzHiNPDn-EkAjrcwJ78gNLugAnfI5WzRMj4mC86fdxz9AsZShkn6gLdxNFZH3NUYzSTBV4bnrvu_tynqWbZ7VZtT9S8fYGlA&amp;__tn__=*NK-R\">#FutureLeaders<\/a><\/span><\/div>\n<\/div>\n","protected":false},"excerpt":{"rendered":"<p>Leonora Aliju, Butrint Avdili i Erbline Selmanaj, zajedno sa u\u010desnicima iz Crne Gore i Turske, posetile su organizacije Transitions (tol.org), CEDMO (The Central European Digital Media Observatory &#8211; cedmohub.eu), Europeum (Institute for European Policy &#8211; europeum.org\/en\/) i Radio Slobodna Evropa \/ Radio Liberti (rferl.org) u Pragu, u okviru regionalne akademije za buduc\u0301e lidere u oblasti [&hellip;]<\/p>\n","protected":false},"author":2,"featured_media":17493,"comment_status":"open","ping_status":"open","sticky":false,"template":"","format":"standard","meta":{"footnotes":""},"categories":[135],"tags":[],"class_list":["post-17498","post","type-post","status-publish","format-standard","has-post-thumbnail","hentry","category-vesti"],"acf":[],"yoast_head":"<!-- This site is optimized with the Yoast SEO plugin v28.3 - https:\/\/yoast.com\/product\/yoast-seo-wordpress\/ -->\n<title>Studijska poseta Pragu na nekoliko sekundi - K\u00ebshilli i Mediave t\u00eb Shkruara t\u00eb Kosov\u00ebs | P\u00ebr nj\u00eb gazetari etike dhe profesionale<\/title>\n<meta name=\"robots\" content=\"index, follow, max-snippet:-1, max-image-preview:large, max-video-preview:-1\" \/>\n<link rel=\"canonical\" href=\"http:\/\/presscouncil-ks.org\/?p=17498&lang=sr\" \/>\n<meta property=\"og:locale\" content=\"en_US\" \/>\n<meta property=\"og:type\" content=\"article\" \/>\n<meta property=\"og:title\" content=\"Studijska poseta Pragu na nekoliko sekundi - K\u00ebshilli i Mediave t\u00eb Shkruara t\u00eb Kosov\u00ebs | P\u00ebr nj\u00eb gazetari etike dhe profesionale\" \/>\n<meta property=\"og:description\" content=\"Leonora Aliju, Butrint Avdili i Erbline Selmanaj, zajedno sa u\u010desnicima iz Crne Gore i Turske, posetile su organizacije Transitions (tol.org), CEDMO (The Central European Digital Media Observatory &#8211; cedmohub.eu), Europeum (Institute for European Policy &#8211; europeum.org\/en\/) i Radio Slobodna Evropa \/ Radio Liberti (rferl.org) u Pragu, u okviru regionalne akademije za buduc\u0301e lidere u oblasti [&hellip;]\" \/>\n<meta property=\"og:url\" content=\"http:\/\/presscouncil-ks.org\/?p=17498&amp;lang=sr\" \/>\n<meta property=\"og:site_name\" content=\"K\u00ebshilli i Mediave t\u00eb Shkruara t\u00eb Kosov\u00ebs | P\u00ebr nj\u00eb gazetari etike dhe profesionale\" \/>\n<meta property=\"article:publisher\" content=\"https:\/\/www.facebook.com\/KMSHKosove\" \/>\n<meta property=\"article:published_time\" content=\"2025-11-21T14:48:18+00:00\" \/>\n<meta property=\"article:modified_time\" content=\"2025-11-21T14:54:25+00:00\" \/>\n<meta property=\"og:image\" content=\"http:\/\/presscouncil-ks.org\/wp-content\/uploads\/2025\/11\/kmshk-nentor-2025-2.jpg\" \/>\n\t<meta property=\"og:image:width\" content=\"2048\" \/>\n\t<meta property=\"og:image:height\" content=\"1153\" \/>\n\t<meta property=\"og:image:type\" content=\"image\/jpeg\" \/>\n<meta name=\"author\" content=\"Editor\" \/>\n<meta name=\"twitter:card\" content=\"summary_large_image\" \/>\n<meta name=\"twitter:label1\" content=\"Written by\" \/>\n\t<meta name=\"twitter:data1\" content=\"Editor\" \/>\n\t<meta name=\"twitter:label2\" content=\"Est. reading time\" \/>\n\t<meta name=\"twitter:data2\" content=\"1 minute\" \/>\n<script type=\"application\/ld+json\" class=\"yoast-schema-graph\">{\"@context\":\"https:\\\/\\\/schema.org\",\"@graph\":[{\"@type\":\"Article\",\"@id\":\"http:\\\/\\\/presscouncil-ks.org\\\/?p=17498&lang=sr#article\",\"isPartOf\":{\"@id\":\"http:\\\/\\\/presscouncil-ks.org\\\/?p=17498&lang=sr\"},\"author\":{\"name\":\"Editor\",\"@id\":\"http:\\\/\\\/presscouncil-ks.org\\\/#\\\/schema\\\/person\\\/b79d30c61264caeb733239c16cc4d673\"},\"headline\":\"Studijska poseta Pragu na nekoliko sekundi\",\"datePublished\":\"2025-11-21T14:48:18+00:00\",\"dateModified\":\"2025-11-21T14:54:25+00:00\",\"mainEntityOfPage\":{\"@id\":\"http:\\\/\\\/presscouncil-ks.org\\\/?p=17498&lang=sr\"},\"wordCount\":144,\"commentCount\":0,\"publisher\":{\"@id\":\"http:\\\/\\\/presscouncil-ks.org\\\/#organization\"},\"image\":{\"@id\":\"http:\\\/\\\/presscouncil-ks.org\\\/?p=17498&lang=sr#primaryimage\"},\"thumbnailUrl\":\"http:\\\/\\\/presscouncil-ks.org\\\/wp-content\\\/uploads\\\/2025\\\/11\\\/kmshk-nentor-2025-2.jpg\",\"articleSection\":[\"Vesti\"],\"inLanguage\":\"en-US\",\"potentialAction\":[{\"@type\":\"CommentAction\",\"name\":\"Comment\",\"target\":[\"http:\\\/\\\/presscouncil-ks.org\\\/?p=17498&lang=sr#respond\"]}]},{\"@type\":\"WebPage\",\"@id\":\"http:\\\/\\\/presscouncil-ks.org\\\/?p=17498&lang=sr\",\"url\":\"http:\\\/\\\/presscouncil-ks.org\\\/?p=17498&lang=sr\",\"name\":\"Studijska poseta Pragu na nekoliko sekundi - K\u00ebshilli i Mediave t\u00eb Shkruara t\u00eb Kosov\u00ebs | P\u00ebr nj\u00eb gazetari etike dhe profesionale\",\"isPartOf\":{\"@id\":\"http:\\\/\\\/presscouncil-ks.org\\\/#website\"},\"primaryImageOfPage\":{\"@id\":\"http:\\\/\\\/presscouncil-ks.org\\\/?p=17498&lang=sr#primaryimage\"},\"image\":{\"@id\":\"http:\\\/\\\/presscouncil-ks.org\\\/?p=17498&lang=sr#primaryimage\"},\"thumbnailUrl\":\"http:\\\/\\\/presscouncil-ks.org\\\/wp-content\\\/uploads\\\/2025\\\/11\\\/kmshk-nentor-2025-2.jpg\",\"datePublished\":\"2025-11-21T14:48:18+00:00\",\"dateModified\":\"2025-11-21T14:54:25+00:00\",\"breadcrumb\":{\"@id\":\"http:\\\/\\\/presscouncil-ks.org\\\/?p=17498&lang=sr#breadcrumb\"},\"inLanguage\":\"en-US\",\"potentialAction\":[{\"@type\":\"ReadAction\",\"target\":[\"http:\\\/\\\/presscouncil-ks.org\\\/?p=17498&lang=sr\"]}]},{\"@type\":\"ImageObject\",\"inLanguage\":\"en-US\",\"@id\":\"http:\\\/\\\/presscouncil-ks.org\\\/?p=17498&lang=sr#primaryimage\",\"url\":\"http:\\\/\\\/presscouncil-ks.org\\\/wp-content\\\/uploads\\\/2025\\\/11\\\/kmshk-nentor-2025-2.jpg\",\"contentUrl\":\"http:\\\/\\\/presscouncil-ks.org\\\/wp-content\\\/uploads\\\/2025\\\/11\\\/kmshk-nentor-2025-2.jpg\",\"width\":2048,\"height\":1153},{\"@type\":\"BreadcrumbList\",\"@id\":\"http:\\\/\\\/presscouncil-ks.org\\\/?p=17498&lang=sr#breadcrumb\",\"itemListElement\":[{\"@type\":\"ListItem\",\"position\":1,\"name\":\"Home\",\"item\":\"https:\\\/\\\/presscouncil-ks.org\\\/\"},{\"@type\":\"ListItem\",\"position\":2,\"name\":\"Studijska poseta Pragu na nekoliko sekundi\"}]},{\"@type\":\"WebSite\",\"@id\":\"http:\\\/\\\/presscouncil-ks.org\\\/#website\",\"url\":\"http:\\\/\\\/presscouncil-ks.org\\\/\",\"name\":\"https:\\\/\\\/presscouncil-ks.org\\\/\",\"description\":\"\",\"publisher\":{\"@id\":\"http:\\\/\\\/presscouncil-ks.org\\\/#organization\"},\"potentialAction\":[{\"@type\":\"SearchAction\",\"target\":{\"@type\":\"EntryPoint\",\"urlTemplate\":\"http:\\\/\\\/presscouncil-ks.org\\\/?s={search_term_string}\"},\"query-input\":{\"@type\":\"PropertyValueSpecification\",\"valueRequired\":true,\"valueName\":\"search_term_string\"}}],\"inLanguage\":\"en-US\"},{\"@type\":\"Organization\",\"@id\":\"http:\\\/\\\/presscouncil-ks.org\\\/#organization\",\"name\":\"K\u00ebshilli i Mediave t\u00eb Shkruara t\u00eb Kosov\u00ebs\",\"url\":\"http:\\\/\\\/presscouncil-ks.org\\\/\",\"logo\":{\"@type\":\"ImageObject\",\"inLanguage\":\"en-US\",\"@id\":\"http:\\\/\\\/presscouncil-ks.org\\\/#\\\/schema\\\/logo\\\/image\\\/\",\"url\":\"http:\\\/\\\/presscouncil-ks.org\\\/wp-content\\\/uploads\\\/2023\\\/06\\\/cropped-logo.png\",\"contentUrl\":\"http:\\\/\\\/presscouncil-ks.org\\\/wp-content\\\/uploads\\\/2023\\\/06\\\/cropped-logo.png\",\"width\":268,\"height\":166,\"caption\":\"K\u00ebshilli i Mediave t\u00eb Shkruara t\u00eb Kosov\u00ebs\"},\"image\":{\"@id\":\"http:\\\/\\\/presscouncil-ks.org\\\/#\\\/schema\\\/logo\\\/image\\\/\"},\"sameAs\":[\"https:\\\/\\\/www.facebook.com\\\/KMSHKosove\"]},{\"@type\":\"Person\",\"@id\":\"http:\\\/\\\/presscouncil-ks.org\\\/#\\\/schema\\\/person\\\/b79d30c61264caeb733239c16cc4d673\",\"name\":\"Editor\",\"image\":{\"@type\":\"ImageObject\",\"inLanguage\":\"en-US\",\"@id\":\"https:\\\/\\\/secure.gravatar.com\\\/avatar\\\/9534865f39e7b3527010ee17196a76d054b16d731a6a5bfe2f92a071c6e9bf4e?s=96&d=mm&r=g\",\"url\":\"https:\\\/\\\/secure.gravatar.com\\\/avatar\\\/9534865f39e7b3527010ee17196a76d054b16d731a6a5bfe2f92a071c6e9bf4e?s=96&d=mm&r=g\",\"contentUrl\":\"https:\\\/\\\/secure.gravatar.com\\\/avatar\\\/9534865f39e7b3527010ee17196a76d054b16d731a6a5bfe2f92a071c6e9bf4e?s=96&d=mm&r=g\",\"caption\":\"Editor\"},\"url\":\"http:\\\/\\\/presscouncil-ks.org\\\/?author=2\"}]}<\/script>\n<!-- \/ Yoast SEO plugin. -->","yoast_head_json":{"title":"Studijska poseta Pragu na nekoliko sekundi - K\u00ebshilli i Mediave t\u00eb Shkruara t\u00eb Kosov\u00ebs | P\u00ebr nj\u00eb gazetari etike dhe profesionale","robots":{"index":"index","follow":"follow","max-snippet":"max-snippet:-1","max-image-preview":"max-image-preview:large","max-video-preview":"max-video-preview:-1"},"canonical":"http:\/\/presscouncil-ks.org\/?p=17498&lang=sr","og_locale":"en_US","og_type":"article","og_title":"Studijska poseta Pragu na nekoliko sekundi - K\u00ebshilli i Mediave t\u00eb Shkruara t\u00eb Kosov\u00ebs | P\u00ebr nj\u00eb gazetari etike dhe profesionale","og_description":"Leonora Aliju, Butrint Avdili i Erbline Selmanaj, zajedno sa u\u010desnicima iz Crne Gore i Turske, posetile su organizacije Transitions (tol.org), CEDMO (The Central European Digital Media Observatory &#8211; cedmohub.eu), Europeum (Institute for European Policy &#8211; europeum.org\/en\/) i Radio Slobodna Evropa \/ Radio Liberti (rferl.org) u Pragu, u okviru regionalne akademije za buduc\u0301e lidere u oblasti [&hellip;]","og_url":"http:\/\/presscouncil-ks.org\/?p=17498&lang=sr","og_site_name":"K\u00ebshilli i Mediave t\u00eb Shkruara t\u00eb Kosov\u00ebs | P\u00ebr nj\u00eb gazetari etike dhe profesionale","article_publisher":"https:\/\/www.facebook.com\/KMSHKosove","article_published_time":"2025-11-21T14:48:18+00:00","article_modified_time":"2025-11-21T14:54:25+00:00","og_image":[{"width":2048,"height":1153,"url":"http:\/\/presscouncil-ks.org\/wp-content\/uploads\/2025\/11\/kmshk-nentor-2025-2.jpg","type":"image\/jpeg"}],"author":"Editor","twitter_card":"summary_large_image","twitter_misc":{"Written by":"Editor","Est. reading time":"1 minute"},"schema":{"@context":"https:\/\/schema.org","@graph":[{"@type":"Article","@id":"http:\/\/presscouncil-ks.org\/?p=17498&lang=sr#article","isPartOf":{"@id":"http:\/\/presscouncil-ks.org\/?p=17498&lang=sr"},"author":{"name":"Editor","@id":"http:\/\/presscouncil-ks.org\/#\/schema\/person\/b79d30c61264caeb733239c16cc4d673"},"headline":"Studijska poseta Pragu na nekoliko sekundi","datePublished":"2025-11-21T14:48:18+00:00","dateModified":"2025-11-21T14:54:25+00:00","mainEntityOfPage":{"@id":"http:\/\/presscouncil-ks.org\/?p=17498&lang=sr"},"wordCount":144,"commentCount":0,"publisher":{"@id":"http:\/\/presscouncil-ks.org\/#organization"},"image":{"@id":"http:\/\/presscouncil-ks.org\/?p=17498&lang=sr#primaryimage"},"thumbnailUrl":"http:\/\/presscouncil-ks.org\/wp-content\/uploads\/2025\/11\/kmshk-nentor-2025-2.jpg","articleSection":["Vesti"],"inLanguage":"en-US","potentialAction":[{"@type":"CommentAction","name":"Comment","target":["http:\/\/presscouncil-ks.org\/?p=17498&lang=sr#respond"]}]},{"@type":"WebPage","@id":"http:\/\/presscouncil-ks.org\/?p=17498&lang=sr","url":"http:\/\/presscouncil-ks.org\/?p=17498&lang=sr","name":"Studijska poseta Pragu na nekoliko sekundi - K\u00ebshilli i Mediave t\u00eb Shkruara t\u00eb Kosov\u00ebs | P\u00ebr nj\u00eb gazetari etike dhe profesionale","isPartOf":{"@id":"http:\/\/presscouncil-ks.org\/#website"},"primaryImageOfPage":{"@id":"http:\/\/presscouncil-ks.org\/?p=17498&lang=sr#primaryimage"},"image":{"@id":"http:\/\/presscouncil-ks.org\/?p=17498&lang=sr#primaryimage"},"thumbnailUrl":"http:\/\/presscouncil-ks.org\/wp-content\/uploads\/2025\/11\/kmshk-nentor-2025-2.jpg","datePublished":"2025-11-21T14:48:18+00:00","dateModified":"2025-11-21T14:54:25+00:00","breadcrumb":{"@id":"http:\/\/presscouncil-ks.org\/?p=17498&lang=sr#breadcrumb"},"inLanguage":"en-US","potentialAction":[{"@type":"ReadAction","target":["http:\/\/presscouncil-ks.org\/?p=17498&lang=sr"]}]},{"@type":"ImageObject","inLanguage":"en-US","@id":"http:\/\/presscouncil-ks.org\/?p=17498&lang=sr#primaryimage","url":"http:\/\/presscouncil-ks.org\/wp-content\/uploads\/2025\/11\/kmshk-nentor-2025-2.jpg","contentUrl":"http:\/\/presscouncil-ks.org\/wp-content\/uploads\/2025\/11\/kmshk-nentor-2025-2.jpg","width":2048,"height":1153},{"@type":"BreadcrumbList","@id":"http:\/\/presscouncil-ks.org\/?p=17498&lang=sr#breadcrumb","itemListElement":[{"@type":"ListItem","position":1,"name":"Home","item":"https:\/\/presscouncil-ks.org\/"},{"@type":"ListItem","position":2,"name":"Studijska poseta Pragu na nekoliko sekundi"}]},{"@type":"WebSite","@id":"http:\/\/presscouncil-ks.org\/#website","url":"http:\/\/presscouncil-ks.org\/","name":"https:\/\/presscouncil-ks.org\/","description":"","publisher":{"@id":"http:\/\/presscouncil-ks.org\/#organization"},"potentialAction":[{"@type":"SearchAction","target":{"@type":"EntryPoint","urlTemplate":"http:\/\/presscouncil-ks.org\/?s={search_term_string}"},"query-input":{"@type":"PropertyValueSpecification","valueRequired":true,"valueName":"search_term_string"}}],"inLanguage":"en-US"},{"@type":"Organization","@id":"http:\/\/presscouncil-ks.org\/#organization","name":"K\u00ebshilli i Mediave t\u00eb Shkruara t\u00eb Kosov\u00ebs","url":"http:\/\/presscouncil-ks.org\/","logo":{"@type":"ImageObject","inLanguage":"en-US","@id":"http:\/\/presscouncil-ks.org\/#\/schema\/logo\/image\/","url":"http:\/\/presscouncil-ks.org\/wp-content\/uploads\/2023\/06\/cropped-logo.png","contentUrl":"http:\/\/presscouncil-ks.org\/wp-content\/uploads\/2023\/06\/cropped-logo.png","width":268,"height":166,"caption":"K\u00ebshilli i Mediave t\u00eb Shkruara t\u00eb Kosov\u00ebs"},"image":{"@id":"http:\/\/presscouncil-ks.org\/#\/schema\/logo\/image\/"},"sameAs":["https:\/\/www.facebook.com\/KMSHKosove"]},{"@type":"Person","@id":"http:\/\/presscouncil-ks.org\/#\/schema\/person\/b79d30c61264caeb733239c16cc4d673","name":"Editor","image":{"@type":"ImageObject","inLanguage":"en-US","@id":"https:\/\/secure.gravatar.com\/avatar\/9534865f39e7b3527010ee17196a76d054b16d731a6a5bfe2f92a071c6e9bf4e?s=96&d=mm&r=g","url":"https:\/\/secure.gravatar.com\/avatar\/9534865f39e7b3527010ee17196a76d054b16d731a6a5bfe2f92a071c6e9bf4e?s=96&d=mm&r=g","contentUrl":"https:\/\/secure.gravatar.com\/avatar\/9534865f39e7b3527010ee17196a76d054b16d731a6a5bfe2f92a071c6e9bf4e?s=96&d=mm&r=g","caption":"Editor"},"url":"http:\/\/presscouncil-ks.org\/?author=2"}]}},"_links":{"self":[{"href":"http:\/\/presscouncil-ks.org\/index.php?rest_route=\/wp\/v2\/posts\/17498","targetHints":{"allow":["GET"]}}],"collection":[{"href":"http:\/\/presscouncil-ks.org\/index.php?rest_route=\/wp\/v2\/posts"}],"about":[{"href":"http:\/\/presscouncil-ks.org\/index.php?rest_route=\/wp\/v2\/types\/post"}],"author":[{"embeddable":true,"href":"http:\/\/presscouncil-ks.org\/index.php?rest_route=\/wp\/v2\/users\/2"}],"replies":[{"embeddable":true,"href":"http:\/\/presscouncil-ks.org\/index.php?rest_route=%2Fwp%2Fv2%2Fcomments&post=17498"}],"version-history":[{"count":2,"href":"http:\/\/presscouncil-ks.org\/index.php?rest_route=\/wp\/v2\/posts\/17498\/revisions"}],"predecessor-version":[{"id":17505,"href":"http:\/\/presscouncil-ks.org\/index.php?rest_route=\/wp\/v2\/posts\/17498\/revisions\/17505"}],"wp:featuredmedia":[{"embeddable":true,"href":"http:\/\/presscouncil-ks.org\/index.php?rest_route=\/wp\/v2\/media\/17493"}],"wp:attachment":[{"href":"http:\/\/presscouncil-ks.org\/index.php?rest_route=%2Fwp%2Fv2%2Fmedia&parent=17498"}],"wp:term":[{"taxonomy":"category","embeddable":true,"href":"http:\/\/presscouncil-ks.org\/index.php?rest_route=%2Fwp%2Fv2%2Fcategories&post=17498"},{"taxonomy":"post_tag","embeddable":true,"href":"http:\/\/presscouncil-ks.org\/index.php?rest_route=%2Fwp%2Fv2%2Ftags&post=17498"}],"curies":[{"name":"wp","href":"https:\/\/api.w.org\/{rel}","templated":true}]}}