{"id":17481,"date":"2025-11-16T18:28:17","date_gmt":"2025-11-16T18:28:17","guid":{"rendered":"https:\/\/presscouncil-ks.org\/?p=17481"},"modified":"2025-11-17T18:31:04","modified_gmt":"2025-11-17T18:31:04","slug":"buduci-lideri-na-studijskoj-poseti-pragu","status":"publish","type":"post","link":"http:\/\/presscouncil-ks.org\/?p=17481&lang=sr","title":{"rendered":"&#8220;Buduc\u0301i lideri&#8221; na studijskoj poseti Pragu"},"content":{"rendered":"<p><strong>U\u010desnici sa Kosova, deo regionalne akademije za buduc\u0301e lidere u oblasti medijskog obrazovanja i aktivizma, u\u010destvovali su u studijskoj poseti Pragu, \u010ce\u0161ka Republika.<\/strong><\/p>\n<p>Leonora Aljiu, Butrint Avdili i Erbline Selmanaj, zajedno sa u\u010desnicima iz Crne Gore i Turske, posetili su organizacije Transitions, CEDMO (Centralnoevropska Digitalna Medijska Opservatorija), Europeum (Institut za Evropsku Politiku) i Radio Free Europe \/ Radio Liberty.<\/p>\n<p>Sa predstavnicima ovih organizacija razgovarali su o va\u017enosti profesionalnog novinarstva, medijskog aktivizma i medijskog obrazovanja u globalnom digitalnom okru\u017eenju. Cilj akademije je da podr\u017ei mlade profesionalce, buduc\u0301e lidere, da uspeju u svojim oblastima.<\/p>\n<p>Regionalna akademija za buduc\u0301e lidere deo je projekta \u201cNa\u0161i Mediji\u201c, \u010diji je partner na Kosovu Savet \u0160tampe Kosova (S\u0160K). Prvi sastanak oko 30 u\u010desnika iz \u0161est zemalja Zapadnog Balkana i Turske odr\u017ean je pro\u0161le godine u Istanbulu.<\/p>\n<p>Regionalni projekat \u201cNa\u0161i Mediji: Inicijativa za unapre\u0111enje medijske pismenosti, dijalog i aktivizam sprovode, uz finansijsku podr\u017eu Evropske Unije, partnerske organizacije: SEENPM, Albanski Medijski Institut, MediaCentar Sarajevo, Savet \u0160tampe Kosova, Makedonski Institut za Medije, Medijski Institut Crne Gore, Novosadska Novinarska \u0160kola, Mirovni Institut i Bianet.<\/p>\n","protected":false},"excerpt":{"rendered":"<p>U\u010desnici sa Kosova, deo regionalne akademije za buduc\u0301e lidere u oblasti medijskog obrazovanja i aktivizma, u\u010destvovali su u studijskoj poseti Pragu, \u010ce\u0161ka Republika. Leonora Aljiu, Butrint Avdili i Erbline Selmanaj, zajedno sa u\u010desnicima iz Crne Gore i Turske, posetili su organizacije Transitions, CEDMO (Centralnoevropska Digitalna Medijska Opservatorija), Europeum (Institut za Evropsku Politiku) i Radio Free [&hellip;]<\/p>\n","protected":false},"author":2,"featured_media":17478,"comment_status":"open","ping_status":"open","sticky":false,"template":"","format":"standard","meta":{"footnotes":""},"categories":[135],"tags":[],"class_list":["post-17481","post","type-post","status-publish","format-standard","has-post-thumbnail","hentry","category-vesti"],"acf":[],"yoast_head":"<!-- This site is optimized with the Yoast SEO plugin v28.3 - https:\/\/yoast.com\/product\/yoast-seo-wordpress\/ -->\n<title>&quot;Buduc\u0301i lideri&quot; na studijskoj poseti Pragu - K\u00ebshilli i Mediave t\u00eb Shkruara t\u00eb Kosov\u00ebs | P\u00ebr nj\u00eb gazetari etike dhe profesionale<\/title>\n<meta name=\"robots\" content=\"index, follow, max-snippet:-1, max-image-preview:large, max-video-preview:-1\" \/>\n<link rel=\"canonical\" href=\"http:\/\/presscouncil-ks.org\/?p=17481&lang=sr\" \/>\n<meta property=\"og:locale\" content=\"en_US\" \/>\n<meta property=\"og:type\" content=\"article\" \/>\n<meta property=\"og:title\" content=\"&quot;Buduc\u0301i lideri&quot; na studijskoj poseti Pragu - K\u00ebshilli i Mediave t\u00eb Shkruara t\u00eb Kosov\u00ebs | P\u00ebr nj\u00eb gazetari etike dhe profesionale\" \/>\n<meta property=\"og:description\" content=\"U\u010desnici sa Kosova, deo regionalne akademije za buduc\u0301e lidere u oblasti medijskog obrazovanja i aktivizma, u\u010destvovali su u studijskoj poseti Pragu, \u010ce\u0161ka Republika. Leonora Aljiu, Butrint Avdili i Erbline Selmanaj, zajedno sa u\u010desnicima iz Crne Gore i Turske, posetili su organizacije Transitions, CEDMO (Centralnoevropska Digitalna Medijska Opservatorija), Europeum (Institut za Evropsku Politiku) i Radio Free [&hellip;]\" \/>\n<meta property=\"og:url\" content=\"http:\/\/presscouncil-ks.org\/?p=17481&amp;lang=sr\" \/>\n<meta property=\"og:site_name\" content=\"K\u00ebshilli i Mediave t\u00eb Shkruara t\u00eb Kosov\u00ebs | P\u00ebr nj\u00eb gazetari etike dhe profesionale\" \/>\n<meta property=\"article:publisher\" content=\"https:\/\/www.facebook.com\/KMSHKosove\" \/>\n<meta property=\"article:published_time\" content=\"2025-11-16T18:28:17+00:00\" \/>\n<meta property=\"article:modified_time\" content=\"2025-11-17T18:31:04+00:00\" \/>\n<meta property=\"og:image\" content=\"http:\/\/presscouncil-ks.org\/wp-content\/uploads\/2025\/11\/prague.jpg\" \/>\n\t<meta property=\"og:image:width\" content=\"2048\" \/>\n\t<meta property=\"og:image:height\" content=\"1153\" \/>\n\t<meta property=\"og:image:type\" content=\"image\/jpeg\" \/>\n<meta name=\"author\" content=\"Editor\" \/>\n<meta name=\"twitter:card\" content=\"summary_large_image\" \/>\n<meta name=\"twitter:label1\" content=\"Written by\" \/>\n\t<meta name=\"twitter:data1\" content=\"Editor\" \/>\n\t<meta name=\"twitter:label2\" content=\"Est. reading time\" \/>\n\t<meta name=\"twitter:data2\" content=\"1 minute\" \/>\n<script type=\"application\/ld+json\" class=\"yoast-schema-graph\">{\"@context\":\"https:\\\/\\\/schema.org\",\"@graph\":[{\"@type\":\"Article\",\"@id\":\"http:\\\/\\\/presscouncil-ks.org\\\/?p=17481&lang=sr#article\",\"isPartOf\":{\"@id\":\"http:\\\/\\\/presscouncil-ks.org\\\/?p=17481&lang=sr\"},\"author\":{\"name\":\"Editor\",\"@id\":\"http:\\\/\\\/presscouncil-ks.org\\\/#\\\/schema\\\/person\\\/b79d30c61264caeb733239c16cc4d673\"},\"headline\":\"&#8220;Buduc\u0301i lideri&#8221; na studijskoj poseti Pragu\",\"datePublished\":\"2025-11-16T18:28:17+00:00\",\"dateModified\":\"2025-11-17T18:31:04+00:00\",\"mainEntityOfPage\":{\"@id\":\"http:\\\/\\\/presscouncil-ks.org\\\/?p=17481&lang=sr\"},\"wordCount\":196,\"commentCount\":0,\"publisher\":{\"@id\":\"http:\\\/\\\/presscouncil-ks.org\\\/#organization\"},\"image\":{\"@id\":\"http:\\\/\\\/presscouncil-ks.org\\\/?p=17481&lang=sr#primaryimage\"},\"thumbnailUrl\":\"http:\\\/\\\/presscouncil-ks.org\\\/wp-content\\\/uploads\\\/2025\\\/11\\\/prague.jpg\",\"articleSection\":[\"Vesti\"],\"inLanguage\":\"en-US\",\"potentialAction\":[{\"@type\":\"CommentAction\",\"name\":\"Comment\",\"target\":[\"http:\\\/\\\/presscouncil-ks.org\\\/?p=17481&lang=sr#respond\"]}]},{\"@type\":\"WebPage\",\"@id\":\"http:\\\/\\\/presscouncil-ks.org\\\/?p=17481&lang=sr\",\"url\":\"http:\\\/\\\/presscouncil-ks.org\\\/?p=17481&lang=sr\",\"name\":\"\\\"Buduc\u0301i lideri\\\" na studijskoj poseti Pragu - K\u00ebshilli i Mediave t\u00eb Shkruara t\u00eb Kosov\u00ebs | P\u00ebr nj\u00eb gazetari etike dhe profesionale\",\"isPartOf\":{\"@id\":\"http:\\\/\\\/presscouncil-ks.org\\\/#website\"},\"primaryImageOfPage\":{\"@id\":\"http:\\\/\\\/presscouncil-ks.org\\\/?p=17481&lang=sr#primaryimage\"},\"image\":{\"@id\":\"http:\\\/\\\/presscouncil-ks.org\\\/?p=17481&lang=sr#primaryimage\"},\"thumbnailUrl\":\"http:\\\/\\\/presscouncil-ks.org\\\/wp-content\\\/uploads\\\/2025\\\/11\\\/prague.jpg\",\"datePublished\":\"2025-11-16T18:28:17+00:00\",\"dateModified\":\"2025-11-17T18:31:04+00:00\",\"breadcrumb\":{\"@id\":\"http:\\\/\\\/presscouncil-ks.org\\\/?p=17481&lang=sr#breadcrumb\"},\"inLanguage\":\"en-US\",\"potentialAction\":[{\"@type\":\"ReadAction\",\"target\":[\"http:\\\/\\\/presscouncil-ks.org\\\/?p=17481&lang=sr\"]}]},{\"@type\":\"ImageObject\",\"inLanguage\":\"en-US\",\"@id\":\"http:\\\/\\\/presscouncil-ks.org\\\/?p=17481&lang=sr#primaryimage\",\"url\":\"http:\\\/\\\/presscouncil-ks.org\\\/wp-content\\\/uploads\\\/2025\\\/11\\\/prague.jpg\",\"contentUrl\":\"http:\\\/\\\/presscouncil-ks.org\\\/wp-content\\\/uploads\\\/2025\\\/11\\\/prague.jpg\",\"width\":2048,\"height\":1153},{\"@type\":\"BreadcrumbList\",\"@id\":\"http:\\\/\\\/presscouncil-ks.org\\\/?p=17481&lang=sr#breadcrumb\",\"itemListElement\":[{\"@type\":\"ListItem\",\"position\":1,\"name\":\"Home\",\"item\":\"https:\\\/\\\/presscouncil-ks.org\\\/\"},{\"@type\":\"ListItem\",\"position\":2,\"name\":\"&#8222;Buduc\u0301i lideri&#8220; na studijskoj poseti Pragu\"}]},{\"@type\":\"WebSite\",\"@id\":\"http:\\\/\\\/presscouncil-ks.org\\\/#website\",\"url\":\"http:\\\/\\\/presscouncil-ks.org\\\/\",\"name\":\"https:\\\/\\\/presscouncil-ks.org\\\/\",\"description\":\"\",\"publisher\":{\"@id\":\"http:\\\/\\\/presscouncil-ks.org\\\/#organization\"},\"potentialAction\":[{\"@type\":\"SearchAction\",\"target\":{\"@type\":\"EntryPoint\",\"urlTemplate\":\"http:\\\/\\\/presscouncil-ks.org\\\/?s={search_term_string}\"},\"query-input\":{\"@type\":\"PropertyValueSpecification\",\"valueRequired\":true,\"valueName\":\"search_term_string\"}}],\"inLanguage\":\"en-US\"},{\"@type\":\"Organization\",\"@id\":\"http:\\\/\\\/presscouncil-ks.org\\\/#organization\",\"name\":\"K\u00ebshilli i Mediave t\u00eb Shkruara t\u00eb Kosov\u00ebs\",\"url\":\"http:\\\/\\\/presscouncil-ks.org\\\/\",\"logo\":{\"@type\":\"ImageObject\",\"inLanguage\":\"en-US\",\"@id\":\"http:\\\/\\\/presscouncil-ks.org\\\/#\\\/schema\\\/logo\\\/image\\\/\",\"url\":\"http:\\\/\\\/presscouncil-ks.org\\\/wp-content\\\/uploads\\\/2023\\\/06\\\/cropped-logo.png\",\"contentUrl\":\"http:\\\/\\\/presscouncil-ks.org\\\/wp-content\\\/uploads\\\/2023\\\/06\\\/cropped-logo.png\",\"width\":268,\"height\":166,\"caption\":\"K\u00ebshilli i Mediave t\u00eb Shkruara t\u00eb Kosov\u00ebs\"},\"image\":{\"@id\":\"http:\\\/\\\/presscouncil-ks.org\\\/#\\\/schema\\\/logo\\\/image\\\/\"},\"sameAs\":[\"https:\\\/\\\/www.facebook.com\\\/KMSHKosove\"]},{\"@type\":\"Person\",\"@id\":\"http:\\\/\\\/presscouncil-ks.org\\\/#\\\/schema\\\/person\\\/b79d30c61264caeb733239c16cc4d673\",\"name\":\"Editor\",\"image\":{\"@type\":\"ImageObject\",\"inLanguage\":\"en-US\",\"@id\":\"https:\\\/\\\/secure.gravatar.com\\\/avatar\\\/9534865f39e7b3527010ee17196a76d054b16d731a6a5bfe2f92a071c6e9bf4e?s=96&d=mm&r=g\",\"url\":\"https:\\\/\\\/secure.gravatar.com\\\/avatar\\\/9534865f39e7b3527010ee17196a76d054b16d731a6a5bfe2f92a071c6e9bf4e?s=96&d=mm&r=g\",\"contentUrl\":\"https:\\\/\\\/secure.gravatar.com\\\/avatar\\\/9534865f39e7b3527010ee17196a76d054b16d731a6a5bfe2f92a071c6e9bf4e?s=96&d=mm&r=g\",\"caption\":\"Editor\"},\"url\":\"http:\\\/\\\/presscouncil-ks.org\\\/?author=2\"}]}<\/script>\n<!-- \/ Yoast SEO plugin. -->","yoast_head_json":{"title":"\"Buduc\u0301i lideri\" na studijskoj poseti Pragu - K\u00ebshilli i Mediave t\u00eb Shkruara t\u00eb Kosov\u00ebs | P\u00ebr nj\u00eb gazetari etike dhe profesionale","robots":{"index":"index","follow":"follow","max-snippet":"max-snippet:-1","max-image-preview":"max-image-preview:large","max-video-preview":"max-video-preview:-1"},"canonical":"http:\/\/presscouncil-ks.org\/?p=17481&lang=sr","og_locale":"en_US","og_type":"article","og_title":"\"Buduc\u0301i lideri\" na studijskoj poseti Pragu - K\u00ebshilli i Mediave t\u00eb Shkruara t\u00eb Kosov\u00ebs | P\u00ebr nj\u00eb gazetari etike dhe profesionale","og_description":"U\u010desnici sa Kosova, deo regionalne akademije za buduc\u0301e lidere u oblasti medijskog obrazovanja i aktivizma, u\u010destvovali su u studijskoj poseti Pragu, \u010ce\u0161ka Republika. Leonora Aljiu, Butrint Avdili i Erbline Selmanaj, zajedno sa u\u010desnicima iz Crne Gore i Turske, posetili su organizacije Transitions, CEDMO (Centralnoevropska Digitalna Medijska Opservatorija), Europeum (Institut za Evropsku Politiku) i Radio Free [&hellip;]","og_url":"http:\/\/presscouncil-ks.org\/?p=17481&lang=sr","og_site_name":"K\u00ebshilli i Mediave t\u00eb Shkruara t\u00eb Kosov\u00ebs | P\u00ebr nj\u00eb gazetari etike dhe profesionale","article_publisher":"https:\/\/www.facebook.com\/KMSHKosove","article_published_time":"2025-11-16T18:28:17+00:00","article_modified_time":"2025-11-17T18:31:04+00:00","og_image":[{"width":2048,"height":1153,"url":"http:\/\/presscouncil-ks.org\/wp-content\/uploads\/2025\/11\/prague.jpg","type":"image\/jpeg"}],"author":"Editor","twitter_card":"summary_large_image","twitter_misc":{"Written by":"Editor","Est. reading time":"1 minute"},"schema":{"@context":"https:\/\/schema.org","@graph":[{"@type":"Article","@id":"http:\/\/presscouncil-ks.org\/?p=17481&lang=sr#article","isPartOf":{"@id":"http:\/\/presscouncil-ks.org\/?p=17481&lang=sr"},"author":{"name":"Editor","@id":"http:\/\/presscouncil-ks.org\/#\/schema\/person\/b79d30c61264caeb733239c16cc4d673"},"headline":"&#8220;Buduc\u0301i lideri&#8221; na studijskoj poseti Pragu","datePublished":"2025-11-16T18:28:17+00:00","dateModified":"2025-11-17T18:31:04+00:00","mainEntityOfPage":{"@id":"http:\/\/presscouncil-ks.org\/?p=17481&lang=sr"},"wordCount":196,"commentCount":0,"publisher":{"@id":"http:\/\/presscouncil-ks.org\/#organization"},"image":{"@id":"http:\/\/presscouncil-ks.org\/?p=17481&lang=sr#primaryimage"},"thumbnailUrl":"http:\/\/presscouncil-ks.org\/wp-content\/uploads\/2025\/11\/prague.jpg","articleSection":["Vesti"],"inLanguage":"en-US","potentialAction":[{"@type":"CommentAction","name":"Comment","target":["http:\/\/presscouncil-ks.org\/?p=17481&lang=sr#respond"]}]},{"@type":"WebPage","@id":"http:\/\/presscouncil-ks.org\/?p=17481&lang=sr","url":"http:\/\/presscouncil-ks.org\/?p=17481&lang=sr","name":"\"Buduc\u0301i lideri\" na studijskoj poseti Pragu - K\u00ebshilli i Mediave t\u00eb Shkruara t\u00eb Kosov\u00ebs | P\u00ebr nj\u00eb gazetari etike dhe profesionale","isPartOf":{"@id":"http:\/\/presscouncil-ks.org\/#website"},"primaryImageOfPage":{"@id":"http:\/\/presscouncil-ks.org\/?p=17481&lang=sr#primaryimage"},"image":{"@id":"http:\/\/presscouncil-ks.org\/?p=17481&lang=sr#primaryimage"},"thumbnailUrl":"http:\/\/presscouncil-ks.org\/wp-content\/uploads\/2025\/11\/prague.jpg","datePublished":"2025-11-16T18:28:17+00:00","dateModified":"2025-11-17T18:31:04+00:00","breadcrumb":{"@id":"http:\/\/presscouncil-ks.org\/?p=17481&lang=sr#breadcrumb"},"inLanguage":"en-US","potentialAction":[{"@type":"ReadAction","target":["http:\/\/presscouncil-ks.org\/?p=17481&lang=sr"]}]},{"@type":"ImageObject","inLanguage":"en-US","@id":"http:\/\/presscouncil-ks.org\/?p=17481&lang=sr#primaryimage","url":"http:\/\/presscouncil-ks.org\/wp-content\/uploads\/2025\/11\/prague.jpg","contentUrl":"http:\/\/presscouncil-ks.org\/wp-content\/uploads\/2025\/11\/prague.jpg","width":2048,"height":1153},{"@type":"BreadcrumbList","@id":"http:\/\/presscouncil-ks.org\/?p=17481&lang=sr#breadcrumb","itemListElement":[{"@type":"ListItem","position":1,"name":"Home","item":"https:\/\/presscouncil-ks.org\/"},{"@type":"ListItem","position":2,"name":"&#8222;Buduc\u0301i lideri&#8220; na studijskoj poseti Pragu"}]},{"@type":"WebSite","@id":"http:\/\/presscouncil-ks.org\/#website","url":"http:\/\/presscouncil-ks.org\/","name":"https:\/\/presscouncil-ks.org\/","description":"","publisher":{"@id":"http:\/\/presscouncil-ks.org\/#organization"},"potentialAction":[{"@type":"SearchAction","target":{"@type":"EntryPoint","urlTemplate":"http:\/\/presscouncil-ks.org\/?s={search_term_string}"},"query-input":{"@type":"PropertyValueSpecification","valueRequired":true,"valueName":"search_term_string"}}],"inLanguage":"en-US"},{"@type":"Organization","@id":"http:\/\/presscouncil-ks.org\/#organization","name":"K\u00ebshilli i Mediave t\u00eb Shkruara t\u00eb Kosov\u00ebs","url":"http:\/\/presscouncil-ks.org\/","logo":{"@type":"ImageObject","inLanguage":"en-US","@id":"http:\/\/presscouncil-ks.org\/#\/schema\/logo\/image\/","url":"http:\/\/presscouncil-ks.org\/wp-content\/uploads\/2023\/06\/cropped-logo.png","contentUrl":"http:\/\/presscouncil-ks.org\/wp-content\/uploads\/2023\/06\/cropped-logo.png","width":268,"height":166,"caption":"K\u00ebshilli i Mediave t\u00eb Shkruara t\u00eb Kosov\u00ebs"},"image":{"@id":"http:\/\/presscouncil-ks.org\/#\/schema\/logo\/image\/"},"sameAs":["https:\/\/www.facebook.com\/KMSHKosove"]},{"@type":"Person","@id":"http:\/\/presscouncil-ks.org\/#\/schema\/person\/b79d30c61264caeb733239c16cc4d673","name":"Editor","image":{"@type":"ImageObject","inLanguage":"en-US","@id":"https:\/\/secure.gravatar.com\/avatar\/9534865f39e7b3527010ee17196a76d054b16d731a6a5bfe2f92a071c6e9bf4e?s=96&d=mm&r=g","url":"https:\/\/secure.gravatar.com\/avatar\/9534865f39e7b3527010ee17196a76d054b16d731a6a5bfe2f92a071c6e9bf4e?s=96&d=mm&r=g","contentUrl":"https:\/\/secure.gravatar.com\/avatar\/9534865f39e7b3527010ee17196a76d054b16d731a6a5bfe2f92a071c6e9bf4e?s=96&d=mm&r=g","caption":"Editor"},"url":"http:\/\/presscouncil-ks.org\/?author=2"}]}},"_links":{"self":[{"href":"http:\/\/presscouncil-ks.org\/index.php?rest_route=\/wp\/v2\/posts\/17481","targetHints":{"allow":["GET"]}}],"collection":[{"href":"http:\/\/presscouncil-ks.org\/index.php?rest_route=\/wp\/v2\/posts"}],"about":[{"href":"http:\/\/presscouncil-ks.org\/index.php?rest_route=\/wp\/v2\/types\/post"}],"author":[{"embeddable":true,"href":"http:\/\/presscouncil-ks.org\/index.php?rest_route=\/wp\/v2\/users\/2"}],"replies":[{"embeddable":true,"href":"http:\/\/presscouncil-ks.org\/index.php?rest_route=%2Fwp%2Fv2%2Fcomments&post=17481"}],"version-history":[{"count":2,"href":"http:\/\/presscouncil-ks.org\/index.php?rest_route=\/wp\/v2\/posts\/17481\/revisions"}],"predecessor-version":[{"id":17483,"href":"http:\/\/presscouncil-ks.org\/index.php?rest_route=\/wp\/v2\/posts\/17481\/revisions\/17483"}],"wp:featuredmedia":[{"embeddable":true,"href":"http:\/\/presscouncil-ks.org\/index.php?rest_route=\/wp\/v2\/media\/17478"}],"wp:attachment":[{"href":"http:\/\/presscouncil-ks.org\/index.php?rest_route=%2Fwp%2Fv2%2Fmedia&parent=17481"}],"wp:term":[{"taxonomy":"category","embeddable":true,"href":"http:\/\/presscouncil-ks.org\/index.php?rest_route=%2Fwp%2Fv2%2Fcategories&post=17481"},{"taxonomy":"post_tag","embeddable":true,"href":"http:\/\/presscouncil-ks.org\/index.php?rest_route=%2Fwp%2Fv2%2Ftags&post=17481"}],"curies":[{"name":"wp","href":"https:\/\/api.w.org\/{rel}","templated":true}]}}