{"id":17477,"date":"2025-11-17T18:25:54","date_gmt":"2025-11-17T18:25:54","guid":{"rendered":"https:\/\/presscouncil-ks.org\/?p=17477"},"modified":"2025-11-17T18:31:27","modified_gmt":"2025-11-17T18:31:27","slug":"lideret-e-te-ardhmes-ne-vizite-studimore-ne-prage","status":"publish","type":"post","link":"http:\/\/presscouncil-ks.org\/?p=17477","title":{"rendered":"&#8220;Lider\u00ebt e t\u00eb ardhmes&#8221; n\u00eb vizit\u00eb studimore n\u00eb Prag\u00eb"},"content":{"rendered":"<p><strong>Pjes\u00ebmarr\u00ebs nga Kosova, pjes\u00eb e akademis\u00eb rajonale p\u00ebr lider\u00ebt e t\u00eb ardhmes n\u00eb fush\u00ebn e edukimit medial dhe aktivizmit, kan\u00eb marr\u00eb pjes\u00eb n\u00eb nj\u00eb vizit\u00eb studimore n\u00eb Prag\u00eb t\u00eb \u00c7ekis\u00eb.<\/strong><\/p>\n<p>Leonora Aliu, Butrint Avdyli dhe Erblin\u00eb Selmanaj, s\u00eb bashku me pjes\u00ebmarr\u00ebs nga Mali i Zi dhe Turqia, kan\u00eb vizituar organizatat Transitions, CEDMO (The Central European Digital Media Observatory), Europeum (Institute for European Policy) dhe Radio Free Europe \/ Radio Liberty.<\/p>\n<p>Me p\u00ebrfaq\u00ebsues t\u00eb k\u00ebtyre organizatave ata kan\u00eb diskutuar p\u00ebr r\u00ebnd\u00ebsin\u00eb e gazetaris\u00eb profesionale, aktivizmin medial dhe edukimin medial n\u00eb nj\u00eb mjedis digjital global. Q\u00ebllimi i akademis\u00eb \u00ebsht\u00eb p\u00ebrkrahja e t\u00eb rinjve profesionist\u00eb &#8211; lider\u00eb t\u00eb s\u00eb ardhmes &#8211; q\u00eb t\u00eb ken\u00eb sukses n\u00eb fushat p\u00ebrkat\u00ebse.<\/p>\n<p>Akademia rajonale p\u00ebr lider\u00ebt e t\u00eb ardhmes \u00ebsht\u00eb pjes\u00eb e projektit \u201cMedia Jon\u00eb\u201d, partner n\u00eb Kosov\u00eb i t\u00eb cilit \u00ebsht\u00eb K\u00ebshilli i Mediave t\u00eb Shkruara t\u00eb Kosov\u00ebs (KMShK). Takimi i par\u00eb i rreth 30 pjes\u00ebmarr\u00ebsve nga gjasht\u00eb vende t\u00eb Ballkanit Per\u00ebndimor dhe Turqis\u00eb \u00ebsht\u00eb mbajtur vitin e kaluar n\u00eb Stamboll.<\/p>\n<p>Projekti rajonal \u201cMedia Jon\u00eb: Nism\u00eb p\u00ebr Avancimin e Edukimit Medial, Dialogut dhe Aktivizmit\u201d zbatohet me mb\u00ebshtetje financiare nga Bashkimi Evropian nga organizatat partnere: SEENPM, Instituti Shqiptar i Medias, Qendra Mediale n\u00eb Sarajev\u00eb, K\u00ebshilli i Mediave t\u00eb Shkruara i Kosov\u00ebs, Instituti Mediatik i Malit t\u00eb Zi, Instituti i Medias i Maqedonis\u00eb, Shkolla e Gazetaris\u00eb Novi Sad, Instituti i Paqes dhe Bianet.<\/p>\n<p>&nbsp;<\/p>\n","protected":false},"excerpt":{"rendered":"<p>Pjes\u00ebmarr\u00ebs nga Kosova, pjes\u00eb e akademis\u00eb rajonale p\u00ebr lider\u00ebt e t\u00eb ardhmes n\u00eb fush\u00ebn e edukimit medial dhe aktivizmit, kan\u00eb marr\u00eb pjes\u00eb n\u00eb nj\u00eb vizit\u00eb studimore n\u00eb Prag\u00eb t\u00eb \u00c7ekis\u00eb. Leonora Aliu, Butrint Avdyli dhe Erblin\u00eb Selmanaj, s\u00eb bashku me pjes\u00ebmarr\u00ebs nga Mali i Zi dhe Turqia, kan\u00eb vizituar organizatat Transitions, CEDMO (The Central European [&hellip;]<\/p>\n","protected":false},"author":2,"featured_media":17478,"comment_status":"open","ping_status":"open","sticky":false,"template":"","format":"standard","meta":{"footnotes":""},"categories":[92],"tags":[],"class_list":["post-17477","post","type-post","status-publish","format-standard","has-post-thumbnail","hentry","category-news-sq"],"acf":{"video_title":"","video":false},"yoast_head":"<!-- This site is optimized with the Yoast SEO plugin v28.3 - https:\/\/yoast.com\/product\/yoast-seo-wordpress\/ -->\n<title>&quot;Lider\u00ebt e t\u00eb ardhmes&quot; n\u00eb vizit\u00eb studimore n\u00eb Prag\u00eb - K\u00ebshilli i Mediave t\u00eb Shkruara t\u00eb Kosov\u00ebs | P\u00ebr nj\u00eb gazetari etike dhe profesionale<\/title>\n<meta name=\"robots\" content=\"index, follow, max-snippet:-1, max-image-preview:large, max-video-preview:-1\" \/>\n<link rel=\"canonical\" href=\"http:\/\/presscouncil-ks.org\/?p=17477\" \/>\n<meta property=\"og:locale\" content=\"en_US\" \/>\n<meta property=\"og:type\" content=\"article\" \/>\n<meta property=\"og:title\" content=\"&quot;Lider\u00ebt e t\u00eb ardhmes&quot; n\u00eb vizit\u00eb studimore n\u00eb Prag\u00eb - K\u00ebshilli i Mediave t\u00eb Shkruara t\u00eb Kosov\u00ebs | P\u00ebr nj\u00eb gazetari etike dhe profesionale\" \/>\n<meta property=\"og:description\" content=\"Pjes\u00ebmarr\u00ebs nga Kosova, pjes\u00eb e akademis\u00eb rajonale p\u00ebr lider\u00ebt e t\u00eb ardhmes n\u00eb fush\u00ebn e edukimit medial dhe aktivizmit, kan\u00eb marr\u00eb pjes\u00eb n\u00eb nj\u00eb vizit\u00eb studimore n\u00eb Prag\u00eb t\u00eb \u00c7ekis\u00eb. Leonora Aliu, Butrint Avdyli dhe Erblin\u00eb Selmanaj, s\u00eb bashku me pjes\u00ebmarr\u00ebs nga Mali i Zi dhe Turqia, kan\u00eb vizituar organizatat Transitions, CEDMO (The Central European [&hellip;]\" \/>\n<meta property=\"og:url\" content=\"http:\/\/presscouncil-ks.org\/?p=17477\" \/>\n<meta property=\"og:site_name\" content=\"K\u00ebshilli i Mediave t\u00eb Shkruara t\u00eb Kosov\u00ebs | P\u00ebr nj\u00eb gazetari etike dhe profesionale\" \/>\n<meta property=\"article:publisher\" content=\"https:\/\/www.facebook.com\/KMSHKosove\" \/>\n<meta property=\"article:published_time\" content=\"2025-11-17T18:25:54+00:00\" \/>\n<meta property=\"article:modified_time\" content=\"2025-11-17T18:31:27+00:00\" \/>\n<meta property=\"og:image\" content=\"http:\/\/presscouncil-ks.org\/wp-content\/uploads\/2025\/11\/prague.jpg\" \/>\n\t<meta property=\"og:image:width\" content=\"2048\" \/>\n\t<meta property=\"og:image:height\" content=\"1153\" \/>\n\t<meta property=\"og:image:type\" content=\"image\/jpeg\" \/>\n<meta name=\"author\" content=\"Editor\" \/>\n<meta name=\"twitter:card\" content=\"summary_large_image\" \/>\n<meta name=\"twitter:label1\" content=\"Written by\" \/>\n\t<meta name=\"twitter:data1\" content=\"Editor\" \/>\n\t<meta name=\"twitter:label2\" content=\"Est. reading time\" \/>\n\t<meta name=\"twitter:data2\" content=\"2 minutes\" \/>\n<script type=\"application\/ld+json\" class=\"yoast-schema-graph\">{\"@context\":\"https:\\\/\\\/schema.org\",\"@graph\":[{\"@type\":\"Article\",\"@id\":\"http:\\\/\\\/presscouncil-ks.org\\\/?p=17477#article\",\"isPartOf\":{\"@id\":\"http:\\\/\\\/presscouncil-ks.org\\\/?p=17477\"},\"author\":{\"name\":\"Editor\",\"@id\":\"http:\\\/\\\/presscouncil-ks.org\\\/#\\\/schema\\\/person\\\/b79d30c61264caeb733239c16cc4d673\"},\"headline\":\"&#8220;Lider\u00ebt e t\u00eb ardhmes&#8221; n\u00eb vizit\u00eb studimore n\u00eb Prag\u00eb\",\"datePublished\":\"2025-11-17T18:25:54+00:00\",\"dateModified\":\"2025-11-17T18:31:27+00:00\",\"mainEntityOfPage\":{\"@id\":\"http:\\\/\\\/presscouncil-ks.org\\\/?p=17477\"},\"wordCount\":262,\"commentCount\":0,\"publisher\":{\"@id\":\"http:\\\/\\\/presscouncil-ks.org\\\/#organization\"},\"image\":{\"@id\":\"http:\\\/\\\/presscouncil-ks.org\\\/?p=17477#primaryimage\"},\"thumbnailUrl\":\"http:\\\/\\\/presscouncil-ks.org\\\/wp-content\\\/uploads\\\/2025\\\/11\\\/prague.jpg\",\"articleSection\":[\"Lajm\"],\"inLanguage\":\"en-US\",\"potentialAction\":[{\"@type\":\"CommentAction\",\"name\":\"Comment\",\"target\":[\"http:\\\/\\\/presscouncil-ks.org\\\/?p=17477#respond\"]}]},{\"@type\":\"WebPage\",\"@id\":\"http:\\\/\\\/presscouncil-ks.org\\\/?p=17477\",\"url\":\"http:\\\/\\\/presscouncil-ks.org\\\/?p=17477\",\"name\":\"\\\"Lider\u00ebt e t\u00eb ardhmes\\\" n\u00eb vizit\u00eb studimore n\u00eb Prag\u00eb - K\u00ebshilli i Mediave t\u00eb Shkruara t\u00eb Kosov\u00ebs | P\u00ebr nj\u00eb gazetari etike dhe profesionale\",\"isPartOf\":{\"@id\":\"http:\\\/\\\/presscouncil-ks.org\\\/#website\"},\"primaryImageOfPage\":{\"@id\":\"http:\\\/\\\/presscouncil-ks.org\\\/?p=17477#primaryimage\"},\"image\":{\"@id\":\"http:\\\/\\\/presscouncil-ks.org\\\/?p=17477#primaryimage\"},\"thumbnailUrl\":\"http:\\\/\\\/presscouncil-ks.org\\\/wp-content\\\/uploads\\\/2025\\\/11\\\/prague.jpg\",\"datePublished\":\"2025-11-17T18:25:54+00:00\",\"dateModified\":\"2025-11-17T18:31:27+00:00\",\"breadcrumb\":{\"@id\":\"http:\\\/\\\/presscouncil-ks.org\\\/?p=17477#breadcrumb\"},\"inLanguage\":\"en-US\",\"potentialAction\":[{\"@type\":\"ReadAction\",\"target\":[\"http:\\\/\\\/presscouncil-ks.org\\\/?p=17477\"]}]},{\"@type\":\"ImageObject\",\"inLanguage\":\"en-US\",\"@id\":\"http:\\\/\\\/presscouncil-ks.org\\\/?p=17477#primaryimage\",\"url\":\"http:\\\/\\\/presscouncil-ks.org\\\/wp-content\\\/uploads\\\/2025\\\/11\\\/prague.jpg\",\"contentUrl\":\"http:\\\/\\\/presscouncil-ks.org\\\/wp-content\\\/uploads\\\/2025\\\/11\\\/prague.jpg\",\"width\":2048,\"height\":1153},{\"@type\":\"BreadcrumbList\",\"@id\":\"http:\\\/\\\/presscouncil-ks.org\\\/?p=17477#breadcrumb\",\"itemListElement\":[{\"@type\":\"ListItem\",\"position\":1,\"name\":\"Home\",\"item\":\"https:\\\/\\\/presscouncil-ks.org\\\/\"},{\"@type\":\"ListItem\",\"position\":2,\"name\":\"&#8220;Lider\u00ebt e t\u00eb ardhmes&#8221; n\u00eb vizit\u00eb studimore n\u00eb Prag\u00eb\"}]},{\"@type\":\"WebSite\",\"@id\":\"http:\\\/\\\/presscouncil-ks.org\\\/#website\",\"url\":\"http:\\\/\\\/presscouncil-ks.org\\\/\",\"name\":\"https:\\\/\\\/presscouncil-ks.org\\\/\",\"description\":\"\",\"publisher\":{\"@id\":\"http:\\\/\\\/presscouncil-ks.org\\\/#organization\"},\"potentialAction\":[{\"@type\":\"SearchAction\",\"target\":{\"@type\":\"EntryPoint\",\"urlTemplate\":\"http:\\\/\\\/presscouncil-ks.org\\\/?s={search_term_string}\"},\"query-input\":{\"@type\":\"PropertyValueSpecification\",\"valueRequired\":true,\"valueName\":\"search_term_string\"}}],\"inLanguage\":\"en-US\"},{\"@type\":\"Organization\",\"@id\":\"http:\\\/\\\/presscouncil-ks.org\\\/#organization\",\"name\":\"K\u00ebshilli i Mediave t\u00eb Shkruara t\u00eb Kosov\u00ebs\",\"url\":\"http:\\\/\\\/presscouncil-ks.org\\\/\",\"logo\":{\"@type\":\"ImageObject\",\"inLanguage\":\"en-US\",\"@id\":\"http:\\\/\\\/presscouncil-ks.org\\\/#\\\/schema\\\/logo\\\/image\\\/\",\"url\":\"http:\\\/\\\/presscouncil-ks.org\\\/wp-content\\\/uploads\\\/2023\\\/06\\\/cropped-logo.png\",\"contentUrl\":\"http:\\\/\\\/presscouncil-ks.org\\\/wp-content\\\/uploads\\\/2023\\\/06\\\/cropped-logo.png\",\"width\":268,\"height\":166,\"caption\":\"K\u00ebshilli i Mediave t\u00eb Shkruara t\u00eb Kosov\u00ebs\"},\"image\":{\"@id\":\"http:\\\/\\\/presscouncil-ks.org\\\/#\\\/schema\\\/logo\\\/image\\\/\"},\"sameAs\":[\"https:\\\/\\\/www.facebook.com\\\/KMSHKosove\"]},{\"@type\":\"Person\",\"@id\":\"http:\\\/\\\/presscouncil-ks.org\\\/#\\\/schema\\\/person\\\/b79d30c61264caeb733239c16cc4d673\",\"name\":\"Editor\",\"image\":{\"@type\":\"ImageObject\",\"inLanguage\":\"en-US\",\"@id\":\"https:\\\/\\\/secure.gravatar.com\\\/avatar\\\/9534865f39e7b3527010ee17196a76d054b16d731a6a5bfe2f92a071c6e9bf4e?s=96&d=mm&r=g\",\"url\":\"https:\\\/\\\/secure.gravatar.com\\\/avatar\\\/9534865f39e7b3527010ee17196a76d054b16d731a6a5bfe2f92a071c6e9bf4e?s=96&d=mm&r=g\",\"contentUrl\":\"https:\\\/\\\/secure.gravatar.com\\\/avatar\\\/9534865f39e7b3527010ee17196a76d054b16d731a6a5bfe2f92a071c6e9bf4e?s=96&d=mm&r=g\",\"caption\":\"Editor\"},\"url\":\"http:\\\/\\\/presscouncil-ks.org\\\/?author=2\"}]}<\/script>\n<!-- \/ Yoast SEO plugin. -->","yoast_head_json":{"title":"\"Lider\u00ebt e t\u00eb ardhmes\" n\u00eb vizit\u00eb studimore n\u00eb Prag\u00eb - K\u00ebshilli i Mediave t\u00eb Shkruara t\u00eb Kosov\u00ebs | P\u00ebr nj\u00eb gazetari etike dhe profesionale","robots":{"index":"index","follow":"follow","max-snippet":"max-snippet:-1","max-image-preview":"max-image-preview:large","max-video-preview":"max-video-preview:-1"},"canonical":"http:\/\/presscouncil-ks.org\/?p=17477","og_locale":"en_US","og_type":"article","og_title":"\"Lider\u00ebt e t\u00eb ardhmes\" n\u00eb vizit\u00eb studimore n\u00eb Prag\u00eb - K\u00ebshilli i Mediave t\u00eb Shkruara t\u00eb Kosov\u00ebs | P\u00ebr nj\u00eb gazetari etike dhe profesionale","og_description":"Pjes\u00ebmarr\u00ebs nga Kosova, pjes\u00eb e akademis\u00eb rajonale p\u00ebr lider\u00ebt e t\u00eb ardhmes n\u00eb fush\u00ebn e edukimit medial dhe aktivizmit, kan\u00eb marr\u00eb pjes\u00eb n\u00eb nj\u00eb vizit\u00eb studimore n\u00eb Prag\u00eb t\u00eb \u00c7ekis\u00eb. Leonora Aliu, Butrint Avdyli dhe Erblin\u00eb Selmanaj, s\u00eb bashku me pjes\u00ebmarr\u00ebs nga Mali i Zi dhe Turqia, kan\u00eb vizituar organizatat Transitions, CEDMO (The Central European [&hellip;]","og_url":"http:\/\/presscouncil-ks.org\/?p=17477","og_site_name":"K\u00ebshilli i Mediave t\u00eb Shkruara t\u00eb Kosov\u00ebs | P\u00ebr nj\u00eb gazetari etike dhe profesionale","article_publisher":"https:\/\/www.facebook.com\/KMSHKosove","article_published_time":"2025-11-17T18:25:54+00:00","article_modified_time":"2025-11-17T18:31:27+00:00","og_image":[{"width":2048,"height":1153,"url":"http:\/\/presscouncil-ks.org\/wp-content\/uploads\/2025\/11\/prague.jpg","type":"image\/jpeg"}],"author":"Editor","twitter_card":"summary_large_image","twitter_misc":{"Written by":"Editor","Est. reading time":"2 minutes"},"schema":{"@context":"https:\/\/schema.org","@graph":[{"@type":"Article","@id":"http:\/\/presscouncil-ks.org\/?p=17477#article","isPartOf":{"@id":"http:\/\/presscouncil-ks.org\/?p=17477"},"author":{"name":"Editor","@id":"http:\/\/presscouncil-ks.org\/#\/schema\/person\/b79d30c61264caeb733239c16cc4d673"},"headline":"&#8220;Lider\u00ebt e t\u00eb ardhmes&#8221; n\u00eb vizit\u00eb studimore n\u00eb Prag\u00eb","datePublished":"2025-11-17T18:25:54+00:00","dateModified":"2025-11-17T18:31:27+00:00","mainEntityOfPage":{"@id":"http:\/\/presscouncil-ks.org\/?p=17477"},"wordCount":262,"commentCount":0,"publisher":{"@id":"http:\/\/presscouncil-ks.org\/#organization"},"image":{"@id":"http:\/\/presscouncil-ks.org\/?p=17477#primaryimage"},"thumbnailUrl":"http:\/\/presscouncil-ks.org\/wp-content\/uploads\/2025\/11\/prague.jpg","articleSection":["Lajm"],"inLanguage":"en-US","potentialAction":[{"@type":"CommentAction","name":"Comment","target":["http:\/\/presscouncil-ks.org\/?p=17477#respond"]}]},{"@type":"WebPage","@id":"http:\/\/presscouncil-ks.org\/?p=17477","url":"http:\/\/presscouncil-ks.org\/?p=17477","name":"\"Lider\u00ebt e t\u00eb ardhmes\" n\u00eb vizit\u00eb studimore n\u00eb Prag\u00eb - K\u00ebshilli i Mediave t\u00eb Shkruara t\u00eb Kosov\u00ebs | P\u00ebr nj\u00eb gazetari etike dhe profesionale","isPartOf":{"@id":"http:\/\/presscouncil-ks.org\/#website"},"primaryImageOfPage":{"@id":"http:\/\/presscouncil-ks.org\/?p=17477#primaryimage"},"image":{"@id":"http:\/\/presscouncil-ks.org\/?p=17477#primaryimage"},"thumbnailUrl":"http:\/\/presscouncil-ks.org\/wp-content\/uploads\/2025\/11\/prague.jpg","datePublished":"2025-11-17T18:25:54+00:00","dateModified":"2025-11-17T18:31:27+00:00","breadcrumb":{"@id":"http:\/\/presscouncil-ks.org\/?p=17477#breadcrumb"},"inLanguage":"en-US","potentialAction":[{"@type":"ReadAction","target":["http:\/\/presscouncil-ks.org\/?p=17477"]}]},{"@type":"ImageObject","inLanguage":"en-US","@id":"http:\/\/presscouncil-ks.org\/?p=17477#primaryimage","url":"http:\/\/presscouncil-ks.org\/wp-content\/uploads\/2025\/11\/prague.jpg","contentUrl":"http:\/\/presscouncil-ks.org\/wp-content\/uploads\/2025\/11\/prague.jpg","width":2048,"height":1153},{"@type":"BreadcrumbList","@id":"http:\/\/presscouncil-ks.org\/?p=17477#breadcrumb","itemListElement":[{"@type":"ListItem","position":1,"name":"Home","item":"https:\/\/presscouncil-ks.org\/"},{"@type":"ListItem","position":2,"name":"&#8220;Lider\u00ebt e t\u00eb ardhmes&#8221; n\u00eb vizit\u00eb studimore n\u00eb Prag\u00eb"}]},{"@type":"WebSite","@id":"http:\/\/presscouncil-ks.org\/#website","url":"http:\/\/presscouncil-ks.org\/","name":"https:\/\/presscouncil-ks.org\/","description":"","publisher":{"@id":"http:\/\/presscouncil-ks.org\/#organization"},"potentialAction":[{"@type":"SearchAction","target":{"@type":"EntryPoint","urlTemplate":"http:\/\/presscouncil-ks.org\/?s={search_term_string}"},"query-input":{"@type":"PropertyValueSpecification","valueRequired":true,"valueName":"search_term_string"}}],"inLanguage":"en-US"},{"@type":"Organization","@id":"http:\/\/presscouncil-ks.org\/#organization","name":"K\u00ebshilli i Mediave t\u00eb Shkruara t\u00eb Kosov\u00ebs","url":"http:\/\/presscouncil-ks.org\/","logo":{"@type":"ImageObject","inLanguage":"en-US","@id":"http:\/\/presscouncil-ks.org\/#\/schema\/logo\/image\/","url":"http:\/\/presscouncil-ks.org\/wp-content\/uploads\/2023\/06\/cropped-logo.png","contentUrl":"http:\/\/presscouncil-ks.org\/wp-content\/uploads\/2023\/06\/cropped-logo.png","width":268,"height":166,"caption":"K\u00ebshilli i Mediave t\u00eb Shkruara t\u00eb Kosov\u00ebs"},"image":{"@id":"http:\/\/presscouncil-ks.org\/#\/schema\/logo\/image\/"},"sameAs":["https:\/\/www.facebook.com\/KMSHKosove"]},{"@type":"Person","@id":"http:\/\/presscouncil-ks.org\/#\/schema\/person\/b79d30c61264caeb733239c16cc4d673","name":"Editor","image":{"@type":"ImageObject","inLanguage":"en-US","@id":"https:\/\/secure.gravatar.com\/avatar\/9534865f39e7b3527010ee17196a76d054b16d731a6a5bfe2f92a071c6e9bf4e?s=96&d=mm&r=g","url":"https:\/\/secure.gravatar.com\/avatar\/9534865f39e7b3527010ee17196a76d054b16d731a6a5bfe2f92a071c6e9bf4e?s=96&d=mm&r=g","contentUrl":"https:\/\/secure.gravatar.com\/avatar\/9534865f39e7b3527010ee17196a76d054b16d731a6a5bfe2f92a071c6e9bf4e?s=96&d=mm&r=g","caption":"Editor"},"url":"http:\/\/presscouncil-ks.org\/?author=2"}]}},"_links":{"self":[{"href":"http:\/\/presscouncil-ks.org\/index.php?rest_route=\/wp\/v2\/posts\/17477","targetHints":{"allow":["GET"]}}],"collection":[{"href":"http:\/\/presscouncil-ks.org\/index.php?rest_route=\/wp\/v2\/posts"}],"about":[{"href":"http:\/\/presscouncil-ks.org\/index.php?rest_route=\/wp\/v2\/types\/post"}],"author":[{"embeddable":true,"href":"http:\/\/presscouncil-ks.org\/index.php?rest_route=\/wp\/v2\/users\/2"}],"replies":[{"embeddable":true,"href":"http:\/\/presscouncil-ks.org\/index.php?rest_route=%2Fwp%2Fv2%2Fcomments&post=17477"}],"version-history":[{"count":2,"href":"http:\/\/presscouncil-ks.org\/index.php?rest_route=\/wp\/v2\/posts\/17477\/revisions"}],"predecessor-version":[{"id":17484,"href":"http:\/\/presscouncil-ks.org\/index.php?rest_route=\/wp\/v2\/posts\/17477\/revisions\/17484"}],"wp:featuredmedia":[{"embeddable":true,"href":"http:\/\/presscouncil-ks.org\/index.php?rest_route=\/wp\/v2\/media\/17478"}],"wp:attachment":[{"href":"http:\/\/presscouncil-ks.org\/index.php?rest_route=%2Fwp%2Fv2%2Fmedia&parent=17477"}],"wp:term":[{"taxonomy":"category","embeddable":true,"href":"http:\/\/presscouncil-ks.org\/index.php?rest_route=%2Fwp%2Fv2%2Fcategories&post=17477"},{"taxonomy":"post_tag","embeddable":true,"href":"http:\/\/presscouncil-ks.org\/index.php?rest_route=%2Fwp%2Fv2%2Ftags&post=17477"}],"curies":[{"name":"wp","href":"https:\/\/api.w.org\/{rel}","templated":true}]}}