{"id":17385,"date":"2025-11-07T12:45:51","date_gmt":"2025-11-07T12:45:51","guid":{"rendered":"https:\/\/presscouncil-ks.org\/?p=17385"},"modified":"2025-11-07T12:49:17","modified_gmt":"2025-11-07T12:49:17","slug":"17385","status":"publish","type":"post","link":"http:\/\/presscouncil-ks.org\/?p=17385","title":{"rendered":"U mbajt pun\u00ebtoria p\u00ebr raportimin etik n\u00eb gazetari"},"content":{"rendered":"<div dir=\"auto\"><em><strong>Student\u00eb t\u00eb gazetaris\u00eb dhe gazetar\u00eb t\u00eb rinj mor\u00ebn pjes\u00eb n\u00eb pun\u00ebtorin\u00eb \u201cRaportimi etik n\u00eb gazetari: standardet, sfidat dhe p\u00ebrgjegj\u00ebsia profesionale\u201d, organizuar nga K\u00ebshilli i Mediave t\u00eb Shkruara t\u00eb Kosov\u00ebs (KMShK) dhe BIRN Kosova.<\/strong><\/em><\/div>\n<div dir=\"auto\"><\/div>\n<div dir=\"auto\"><\/div>\n<div dir=\"auto\"><\/div>\n<div dir=\"auto\"><\/div>\n<div dir=\"auto\"><\/div>\n<div dir=\"auto\">Diksutimet u p\u00ebqendruan rreth kat\u00ebr temave kryesore: Sidat etike t\u00eb gazetar\u00ebve t\u00eb rinj gjat\u00eb raportimit, etika dhe dezinformimi, raportimi etik p\u00ebr zgjedhjet, si dhe puna e gazetar\u00ebve dhe Inteligjenca Artificiale (AI).<\/div>\n<div dir=\"auto\"><\/div>\n<div dir=\"auto\"><\/div>\n<div dir=\"auto\"><\/div>\n<div dir=\"auto\"><\/div>\n<div dir=\"auto\"><\/div>\n<div dir=\"auto\"><\/div>\n<div dir=\"auto\">Gjat\u00eb pun\u00ebtoris\u00eb pjes\u00ebmarr\u00ebsit pat\u00ebn mund\u00ebsi q\u00eb me Brikenda Rexhepin, kryeredaktore n\u00eb Koha dhe kryetare e KMShK-s\u00eb dhe Alban Zenelin, profesor n\u00eb Departamentin e Gazetaris\u00eb n\u00eb Universitetin e Prishtin\u00ebs, t\u00eb diskutojn\u00eb raste konkrete t\u00eb shkeljeve etike, duke pasur parasysh nevoj\u00ebn p\u00ebr raportim t\u00eb p\u00ebrgjegjsh\u00ebm dhe t\u00eb balancuar.<\/div>\n<div dir=\"auto\"><\/div>\n<div dir=\"auto\"><\/div>\n<div dir=\"auto\"><\/div>\n<div dir=\"auto\"><\/div>\n<div dir=\"auto\"><\/div>\n<div dir=\"auto\">Rexhepi u fokusua n\u00eb procesin e raportimit t\u00eb p\u00ebrditsh\u00ebm, me theks t\u00eb ve\u00e7ant\u00eb n\u00eb trajtimin e burimeve. Ajo, po ashtu, me student\u00ebt diskutoi p\u00ebr raportimin gjat\u00eb fushat\u00ebs zgjedhore, bazuar edhe n\u00eb udh\u00ebzuesin p\u00ebr raportim etik t\u00eb publikuar nga KMShK.<\/div>\n<div dir=\"auto\"><\/div>\n<div dir=\"auto\"><img loading=\"lazy\" decoding=\"async\" class=\"alignnone wp-image-17382 size-large\" src=\"http:\/\/presscouncil-ks.org\/wp-content\/uploads\/2025\/11\/certifikimi-1024x606.jpg\" alt=\"\" width=\"1024\" height=\"606\" srcset=\"http:\/\/presscouncil-ks.org\/wp-content\/uploads\/2025\/11\/certifikimi-1024x606.jpg 1024w, http:\/\/presscouncil-ks.org\/wp-content\/uploads\/2025\/11\/certifikimi-300x177.jpg 300w, http:\/\/presscouncil-ks.org\/wp-content\/uploads\/2025\/11\/certifikimi-768x454.jpg 768w, http:\/\/presscouncil-ks.org\/wp-content\/uploads\/2025\/11\/certifikimi-1536x908.jpg 1536w, http:\/\/presscouncil-ks.org\/wp-content\/uploads\/2025\/11\/certifikimi.jpg 2048w\" sizes=\"auto, (max-width: 1024px) 100vw, 1024px\" \/><\/div>\n<div dir=\"auto\"><\/div>\n<div dir=\"auto\"><\/div>\n<div dir=\"auto\"><\/div>\n<div dir=\"auto\">Nd\u00ebrkaq Zeneli u fokusua n\u00eb p\u00ebrdorimin e Inteligjenc\u00ebs Artificiale (AI) n\u00eb pun\u00ebn e gazetar\u00ebve, si nj\u00eb realitet me t\u00eb cilin mediat po p\u00ebrballen tashm\u00eb. Sipas tij, AI duhet t\u00eb p\u00ebrdoret me kujdes, bazuar n\u00eb Kodin e Etik\u00ebs t\u00eb KMShK-s\u00eb.<\/div>\n<div dir=\"auto\"><\/div>\n<div dir=\"auto\"><\/div>\n<div dir=\"auto\"><\/div>\n<div dir=\"auto\"><\/div>\n<div dir=\"auto\"><\/div>\n<div dir=\"auto\">Aktiviteti u financua nga Bashkimi Evropian n\u00eb kuad\u00ebr t\u00eb projektit &#8220;Fuqizimi i rolit dhe kapaciteteve t\u00eb gazetaris\u00eb hulumtuese n\u00eb Kosov\u00eb&#8221;, i cili implementohet nga BIRN Kosova, KMShK dhe TV Mrezha.<\/div>\n","protected":false},"excerpt":{"rendered":"<p>Student\u00eb t\u00eb gazetaris\u00eb dhe gazetar\u00eb t\u00eb rinj mor\u00ebn pjes\u00eb n\u00eb pun\u00ebtorin\u00eb \u201cRaportimi etik n\u00eb gazetari: standardet, sfidat dhe p\u00ebrgjegj\u00ebsia profesionale\u201d, organizuar nga K\u00ebshilli i Mediave t\u00eb Shkruara t\u00eb Kosov\u00ebs (KMShK) dhe BIRN Kosova. Diksutimet u p\u00ebqendruan rreth kat\u00ebr temave kryesore: Sidat etike t\u00eb gazetar\u00ebve t\u00eb rinj gjat\u00eb raportimit, etika dhe dezinformimi, raportimi etik p\u00ebr zgjedhjet, [&hellip;]<\/p>\n","protected":false},"author":2,"featured_media":17380,"comment_status":"open","ping_status":"open","sticky":false,"template":"","format":"standard","meta":{"footnotes":""},"categories":[92],"tags":[124,167],"class_list":["post-17385","post","type-post","status-publish","format-standard","has-post-thumbnail","hentry","category-news-sq","tag-kmshk","tag-shkolla-e-gazetarise"],"acf":{"video_title":"","video":false},"yoast_head":"<!-- This site is optimized with the Yoast SEO plugin v28.3 - https:\/\/yoast.com\/product\/yoast-seo-wordpress\/ -->\n<title>U mbajt pun\u00ebtoria p\u00ebr raportimin etik n\u00eb gazetari - K\u00ebshilli i Mediave t\u00eb Shkruara t\u00eb Kosov\u00ebs | P\u00ebr nj\u00eb gazetari etike dhe profesionale<\/title>\n<meta name=\"robots\" content=\"index, follow, max-snippet:-1, max-image-preview:large, max-video-preview:-1\" \/>\n<link rel=\"canonical\" href=\"http:\/\/presscouncil-ks.org\/?p=17385\" \/>\n<meta property=\"og:locale\" content=\"en_US\" \/>\n<meta property=\"og:type\" content=\"article\" \/>\n<meta property=\"og:title\" content=\"U mbajt pun\u00ebtoria p\u00ebr raportimin etik n\u00eb gazetari - K\u00ebshilli i Mediave t\u00eb Shkruara t\u00eb Kosov\u00ebs | P\u00ebr nj\u00eb gazetari etike dhe profesionale\" \/>\n<meta property=\"og:description\" content=\"Student\u00eb t\u00eb gazetaris\u00eb dhe gazetar\u00eb t\u00eb rinj mor\u00ebn pjes\u00eb n\u00eb pun\u00ebtorin\u00eb \u201cRaportimi etik n\u00eb gazetari: standardet, sfidat dhe p\u00ebrgjegj\u00ebsia profesionale\u201d, organizuar nga K\u00ebshilli i Mediave t\u00eb Shkruara t\u00eb Kosov\u00ebs (KMShK) dhe BIRN Kosova. Diksutimet u p\u00ebqendruan rreth kat\u00ebr temave kryesore: Sidat etike t\u00eb gazetar\u00ebve t\u00eb rinj gjat\u00eb raportimit, etika dhe dezinformimi, raportimi etik p\u00ebr zgjedhjet, [&hellip;]\" \/>\n<meta property=\"og:url\" content=\"http:\/\/presscouncil-ks.org\/?p=17385\" \/>\n<meta property=\"og:site_name\" content=\"K\u00ebshilli i Mediave t\u00eb Shkruara t\u00eb Kosov\u00ebs | P\u00ebr nj\u00eb gazetari etike dhe profesionale\" \/>\n<meta property=\"article:publisher\" content=\"https:\/\/www.facebook.com\/KMSHKosove\" \/>\n<meta property=\"article:published_time\" content=\"2025-11-07T12:45:51+00:00\" \/>\n<meta property=\"article:modified_time\" content=\"2025-11-07T12:49:17+00:00\" \/>\n<meta property=\"og:image\" content=\"http:\/\/presscouncil-ks.org\/wp-content\/uploads\/2025\/11\/kmshk-b-7_11_2025.jpg\" \/>\n\t<meta property=\"og:image:width\" content=\"1310\" \/>\n\t<meta property=\"og:image:height\" content=\"737\" \/>\n\t<meta property=\"og:image:type\" content=\"image\/jpeg\" \/>\n<meta name=\"author\" content=\"Editor\" \/>\n<meta name=\"twitter:card\" content=\"summary_large_image\" \/>\n<meta name=\"twitter:label1\" content=\"Written by\" \/>\n\t<meta name=\"twitter:data1\" content=\"Editor\" \/>\n\t<meta name=\"twitter:label2\" content=\"Est. reading time\" \/>\n\t<meta name=\"twitter:data2\" content=\"2 minutes\" \/>\n<script type=\"application\/ld+json\" class=\"yoast-schema-graph\">{\"@context\":\"https:\\\/\\\/schema.org\",\"@graph\":[{\"@type\":\"Article\",\"@id\":\"http:\\\/\\\/presscouncil-ks.org\\\/?p=17385#article\",\"isPartOf\":{\"@id\":\"http:\\\/\\\/presscouncil-ks.org\\\/?p=17385\"},\"author\":{\"name\":\"Editor\",\"@id\":\"http:\\\/\\\/presscouncil-ks.org\\\/#\\\/schema\\\/person\\\/b79d30c61264caeb733239c16cc4d673\"},\"headline\":\"U mbajt pun\u00ebtoria p\u00ebr raportimin etik n\u00eb gazetari\",\"datePublished\":\"2025-11-07T12:45:51+00:00\",\"dateModified\":\"2025-11-07T12:49:17+00:00\",\"mainEntityOfPage\":{\"@id\":\"http:\\\/\\\/presscouncil-ks.org\\\/?p=17385\"},\"wordCount\":266,\"commentCount\":0,\"publisher\":{\"@id\":\"http:\\\/\\\/presscouncil-ks.org\\\/#organization\"},\"image\":{\"@id\":\"http:\\\/\\\/presscouncil-ks.org\\\/?p=17385#primaryimage\"},\"thumbnailUrl\":\"http:\\\/\\\/presscouncil-ks.org\\\/wp-content\\\/uploads\\\/2025\\\/11\\\/kmshk-b-7_11_2025.jpg\",\"keywords\":[\"KMSHK\",\"shkolla e gazetarise\"],\"articleSection\":[\"Lajm\"],\"inLanguage\":\"en-US\",\"potentialAction\":[{\"@type\":\"CommentAction\",\"name\":\"Comment\",\"target\":[\"http:\\\/\\\/presscouncil-ks.org\\\/?p=17385#respond\"]}]},{\"@type\":\"WebPage\",\"@id\":\"http:\\\/\\\/presscouncil-ks.org\\\/?p=17385\",\"url\":\"http:\\\/\\\/presscouncil-ks.org\\\/?p=17385\",\"name\":\"U mbajt pun\u00ebtoria p\u00ebr raportimin etik n\u00eb gazetari - K\u00ebshilli i Mediave t\u00eb Shkruara t\u00eb Kosov\u00ebs | P\u00ebr nj\u00eb gazetari etike dhe profesionale\",\"isPartOf\":{\"@id\":\"http:\\\/\\\/presscouncil-ks.org\\\/#website\"},\"primaryImageOfPage\":{\"@id\":\"http:\\\/\\\/presscouncil-ks.org\\\/?p=17385#primaryimage\"},\"image\":{\"@id\":\"http:\\\/\\\/presscouncil-ks.org\\\/?p=17385#primaryimage\"},\"thumbnailUrl\":\"http:\\\/\\\/presscouncil-ks.org\\\/wp-content\\\/uploads\\\/2025\\\/11\\\/kmshk-b-7_11_2025.jpg\",\"datePublished\":\"2025-11-07T12:45:51+00:00\",\"dateModified\":\"2025-11-07T12:49:17+00:00\",\"breadcrumb\":{\"@id\":\"http:\\\/\\\/presscouncil-ks.org\\\/?p=17385#breadcrumb\"},\"inLanguage\":\"en-US\",\"potentialAction\":[{\"@type\":\"ReadAction\",\"target\":[\"http:\\\/\\\/presscouncil-ks.org\\\/?p=17385\"]}]},{\"@type\":\"ImageObject\",\"inLanguage\":\"en-US\",\"@id\":\"http:\\\/\\\/presscouncil-ks.org\\\/?p=17385#primaryimage\",\"url\":\"http:\\\/\\\/presscouncil-ks.org\\\/wp-content\\\/uploads\\\/2025\\\/11\\\/kmshk-b-7_11_2025.jpg\",\"contentUrl\":\"http:\\\/\\\/presscouncil-ks.org\\\/wp-content\\\/uploads\\\/2025\\\/11\\\/kmshk-b-7_11_2025.jpg\",\"width\":1310,\"height\":737,\"caption\":\"Student\u00eb t\u00eb gazetaris\u00eb dhe gazetar\u00eb t\u00eb rinj mor\u00ebn pjes\u00eb n\u00eb pun\u00ebtorin\u00eb \u201cRaportimi etik n\u00eb gazetari: standardet, sfidat dhe p\u00ebrgjegj\u00ebsia profesionale\u201d, organizuar nga K\u00ebshilli i Mediave t\u00eb Shkruara t\u00eb Kosov\u00ebs (KMShK) dhe BIRN Kosova.\"},{\"@type\":\"BreadcrumbList\",\"@id\":\"http:\\\/\\\/presscouncil-ks.org\\\/?p=17385#breadcrumb\",\"itemListElement\":[{\"@type\":\"ListItem\",\"position\":1,\"name\":\"Home\",\"item\":\"https:\\\/\\\/presscouncil-ks.org\\\/\"},{\"@type\":\"ListItem\",\"position\":2,\"name\":\"U mbajt pun\u00ebtoria p\u00ebr raportimin etik n\u00eb gazetari\"}]},{\"@type\":\"WebSite\",\"@id\":\"http:\\\/\\\/presscouncil-ks.org\\\/#website\",\"url\":\"http:\\\/\\\/presscouncil-ks.org\\\/\",\"name\":\"https:\\\/\\\/presscouncil-ks.org\\\/\",\"description\":\"\",\"publisher\":{\"@id\":\"http:\\\/\\\/presscouncil-ks.org\\\/#organization\"},\"potentialAction\":[{\"@type\":\"SearchAction\",\"target\":{\"@type\":\"EntryPoint\",\"urlTemplate\":\"http:\\\/\\\/presscouncil-ks.org\\\/?s={search_term_string}\"},\"query-input\":{\"@type\":\"PropertyValueSpecification\",\"valueRequired\":true,\"valueName\":\"search_term_string\"}}],\"inLanguage\":\"en-US\"},{\"@type\":\"Organization\",\"@id\":\"http:\\\/\\\/presscouncil-ks.org\\\/#organization\",\"name\":\"K\u00ebshilli i Mediave t\u00eb Shkruara t\u00eb Kosov\u00ebs\",\"url\":\"http:\\\/\\\/presscouncil-ks.org\\\/\",\"logo\":{\"@type\":\"ImageObject\",\"inLanguage\":\"en-US\",\"@id\":\"http:\\\/\\\/presscouncil-ks.org\\\/#\\\/schema\\\/logo\\\/image\\\/\",\"url\":\"http:\\\/\\\/presscouncil-ks.org\\\/wp-content\\\/uploads\\\/2023\\\/06\\\/cropped-logo.png\",\"contentUrl\":\"http:\\\/\\\/presscouncil-ks.org\\\/wp-content\\\/uploads\\\/2023\\\/06\\\/cropped-logo.png\",\"width\":268,\"height\":166,\"caption\":\"K\u00ebshilli i Mediave t\u00eb Shkruara t\u00eb Kosov\u00ebs\"},\"image\":{\"@id\":\"http:\\\/\\\/presscouncil-ks.org\\\/#\\\/schema\\\/logo\\\/image\\\/\"},\"sameAs\":[\"https:\\\/\\\/www.facebook.com\\\/KMSHKosove\"]},{\"@type\":\"Person\",\"@id\":\"http:\\\/\\\/presscouncil-ks.org\\\/#\\\/schema\\\/person\\\/b79d30c61264caeb733239c16cc4d673\",\"name\":\"Editor\",\"image\":{\"@type\":\"ImageObject\",\"inLanguage\":\"en-US\",\"@id\":\"https:\\\/\\\/secure.gravatar.com\\\/avatar\\\/9534865f39e7b3527010ee17196a76d054b16d731a6a5bfe2f92a071c6e9bf4e?s=96&d=mm&r=g\",\"url\":\"https:\\\/\\\/secure.gravatar.com\\\/avatar\\\/9534865f39e7b3527010ee17196a76d054b16d731a6a5bfe2f92a071c6e9bf4e?s=96&d=mm&r=g\",\"contentUrl\":\"https:\\\/\\\/secure.gravatar.com\\\/avatar\\\/9534865f39e7b3527010ee17196a76d054b16d731a6a5bfe2f92a071c6e9bf4e?s=96&d=mm&r=g\",\"caption\":\"Editor\"},\"url\":\"http:\\\/\\\/presscouncil-ks.org\\\/?author=2\"}]}<\/script>\n<!-- \/ Yoast SEO plugin. -->","yoast_head_json":{"title":"U mbajt pun\u00ebtoria p\u00ebr raportimin etik n\u00eb gazetari - K\u00ebshilli i Mediave t\u00eb Shkruara t\u00eb Kosov\u00ebs | P\u00ebr nj\u00eb gazetari etike dhe profesionale","robots":{"index":"index","follow":"follow","max-snippet":"max-snippet:-1","max-image-preview":"max-image-preview:large","max-video-preview":"max-video-preview:-1"},"canonical":"http:\/\/presscouncil-ks.org\/?p=17385","og_locale":"en_US","og_type":"article","og_title":"U mbajt pun\u00ebtoria p\u00ebr raportimin etik n\u00eb gazetari - K\u00ebshilli i Mediave t\u00eb Shkruara t\u00eb Kosov\u00ebs | P\u00ebr nj\u00eb gazetari etike dhe profesionale","og_description":"Student\u00eb t\u00eb gazetaris\u00eb dhe gazetar\u00eb t\u00eb rinj mor\u00ebn pjes\u00eb n\u00eb pun\u00ebtorin\u00eb \u201cRaportimi etik n\u00eb gazetari: standardet, sfidat dhe p\u00ebrgjegj\u00ebsia profesionale\u201d, organizuar nga K\u00ebshilli i Mediave t\u00eb Shkruara t\u00eb Kosov\u00ebs (KMShK) dhe BIRN Kosova. Diksutimet u p\u00ebqendruan rreth kat\u00ebr temave kryesore: Sidat etike t\u00eb gazetar\u00ebve t\u00eb rinj gjat\u00eb raportimit, etika dhe dezinformimi, raportimi etik p\u00ebr zgjedhjet, [&hellip;]","og_url":"http:\/\/presscouncil-ks.org\/?p=17385","og_site_name":"K\u00ebshilli i Mediave t\u00eb Shkruara t\u00eb Kosov\u00ebs | P\u00ebr nj\u00eb gazetari etike dhe profesionale","article_publisher":"https:\/\/www.facebook.com\/KMSHKosove","article_published_time":"2025-11-07T12:45:51+00:00","article_modified_time":"2025-11-07T12:49:17+00:00","og_image":[{"width":1310,"height":737,"url":"http:\/\/presscouncil-ks.org\/wp-content\/uploads\/2025\/11\/kmshk-b-7_11_2025.jpg","type":"image\/jpeg"}],"author":"Editor","twitter_card":"summary_large_image","twitter_misc":{"Written by":"Editor","Est. reading time":"2 minutes"},"schema":{"@context":"https:\/\/schema.org","@graph":[{"@type":"Article","@id":"http:\/\/presscouncil-ks.org\/?p=17385#article","isPartOf":{"@id":"http:\/\/presscouncil-ks.org\/?p=17385"},"author":{"name":"Editor","@id":"http:\/\/presscouncil-ks.org\/#\/schema\/person\/b79d30c61264caeb733239c16cc4d673"},"headline":"U mbajt pun\u00ebtoria p\u00ebr raportimin etik n\u00eb gazetari","datePublished":"2025-11-07T12:45:51+00:00","dateModified":"2025-11-07T12:49:17+00:00","mainEntityOfPage":{"@id":"http:\/\/presscouncil-ks.org\/?p=17385"},"wordCount":266,"commentCount":0,"publisher":{"@id":"http:\/\/presscouncil-ks.org\/#organization"},"image":{"@id":"http:\/\/presscouncil-ks.org\/?p=17385#primaryimage"},"thumbnailUrl":"http:\/\/presscouncil-ks.org\/wp-content\/uploads\/2025\/11\/kmshk-b-7_11_2025.jpg","keywords":["KMSHK","shkolla e gazetarise"],"articleSection":["Lajm"],"inLanguage":"en-US","potentialAction":[{"@type":"CommentAction","name":"Comment","target":["http:\/\/presscouncil-ks.org\/?p=17385#respond"]}]},{"@type":"WebPage","@id":"http:\/\/presscouncil-ks.org\/?p=17385","url":"http:\/\/presscouncil-ks.org\/?p=17385","name":"U mbajt pun\u00ebtoria p\u00ebr raportimin etik n\u00eb gazetari - K\u00ebshilli i Mediave t\u00eb Shkruara t\u00eb Kosov\u00ebs | P\u00ebr nj\u00eb gazetari etike dhe profesionale","isPartOf":{"@id":"http:\/\/presscouncil-ks.org\/#website"},"primaryImageOfPage":{"@id":"http:\/\/presscouncil-ks.org\/?p=17385#primaryimage"},"image":{"@id":"http:\/\/presscouncil-ks.org\/?p=17385#primaryimage"},"thumbnailUrl":"http:\/\/presscouncil-ks.org\/wp-content\/uploads\/2025\/11\/kmshk-b-7_11_2025.jpg","datePublished":"2025-11-07T12:45:51+00:00","dateModified":"2025-11-07T12:49:17+00:00","breadcrumb":{"@id":"http:\/\/presscouncil-ks.org\/?p=17385#breadcrumb"},"inLanguage":"en-US","potentialAction":[{"@type":"ReadAction","target":["http:\/\/presscouncil-ks.org\/?p=17385"]}]},{"@type":"ImageObject","inLanguage":"en-US","@id":"http:\/\/presscouncil-ks.org\/?p=17385#primaryimage","url":"http:\/\/presscouncil-ks.org\/wp-content\/uploads\/2025\/11\/kmshk-b-7_11_2025.jpg","contentUrl":"http:\/\/presscouncil-ks.org\/wp-content\/uploads\/2025\/11\/kmshk-b-7_11_2025.jpg","width":1310,"height":737,"caption":"Student\u00eb t\u00eb gazetaris\u00eb dhe gazetar\u00eb t\u00eb rinj mor\u00ebn pjes\u00eb n\u00eb pun\u00ebtorin\u00eb \u201cRaportimi etik n\u00eb gazetari: standardet, sfidat dhe p\u00ebrgjegj\u00ebsia profesionale\u201d, organizuar nga K\u00ebshilli i Mediave t\u00eb Shkruara t\u00eb Kosov\u00ebs (KMShK) dhe BIRN Kosova."},{"@type":"BreadcrumbList","@id":"http:\/\/presscouncil-ks.org\/?p=17385#breadcrumb","itemListElement":[{"@type":"ListItem","position":1,"name":"Home","item":"https:\/\/presscouncil-ks.org\/"},{"@type":"ListItem","position":2,"name":"U mbajt pun\u00ebtoria p\u00ebr raportimin etik n\u00eb gazetari"}]},{"@type":"WebSite","@id":"http:\/\/presscouncil-ks.org\/#website","url":"http:\/\/presscouncil-ks.org\/","name":"https:\/\/presscouncil-ks.org\/","description":"","publisher":{"@id":"http:\/\/presscouncil-ks.org\/#organization"},"potentialAction":[{"@type":"SearchAction","target":{"@type":"EntryPoint","urlTemplate":"http:\/\/presscouncil-ks.org\/?s={search_term_string}"},"query-input":{"@type":"PropertyValueSpecification","valueRequired":true,"valueName":"search_term_string"}}],"inLanguage":"en-US"},{"@type":"Organization","@id":"http:\/\/presscouncil-ks.org\/#organization","name":"K\u00ebshilli i Mediave t\u00eb Shkruara t\u00eb Kosov\u00ebs","url":"http:\/\/presscouncil-ks.org\/","logo":{"@type":"ImageObject","inLanguage":"en-US","@id":"http:\/\/presscouncil-ks.org\/#\/schema\/logo\/image\/","url":"http:\/\/presscouncil-ks.org\/wp-content\/uploads\/2023\/06\/cropped-logo.png","contentUrl":"http:\/\/presscouncil-ks.org\/wp-content\/uploads\/2023\/06\/cropped-logo.png","width":268,"height":166,"caption":"K\u00ebshilli i Mediave t\u00eb Shkruara t\u00eb Kosov\u00ebs"},"image":{"@id":"http:\/\/presscouncil-ks.org\/#\/schema\/logo\/image\/"},"sameAs":["https:\/\/www.facebook.com\/KMSHKosove"]},{"@type":"Person","@id":"http:\/\/presscouncil-ks.org\/#\/schema\/person\/b79d30c61264caeb733239c16cc4d673","name":"Editor","image":{"@type":"ImageObject","inLanguage":"en-US","@id":"https:\/\/secure.gravatar.com\/avatar\/9534865f39e7b3527010ee17196a76d054b16d731a6a5bfe2f92a071c6e9bf4e?s=96&d=mm&r=g","url":"https:\/\/secure.gravatar.com\/avatar\/9534865f39e7b3527010ee17196a76d054b16d731a6a5bfe2f92a071c6e9bf4e?s=96&d=mm&r=g","contentUrl":"https:\/\/secure.gravatar.com\/avatar\/9534865f39e7b3527010ee17196a76d054b16d731a6a5bfe2f92a071c6e9bf4e?s=96&d=mm&r=g","caption":"Editor"},"url":"http:\/\/presscouncil-ks.org\/?author=2"}]}},"_links":{"self":[{"href":"http:\/\/presscouncil-ks.org\/index.php?rest_route=\/wp\/v2\/posts\/17385","targetHints":{"allow":["GET"]}}],"collection":[{"href":"http:\/\/presscouncil-ks.org\/index.php?rest_route=\/wp\/v2\/posts"}],"about":[{"href":"http:\/\/presscouncil-ks.org\/index.php?rest_route=\/wp\/v2\/types\/post"}],"author":[{"embeddable":true,"href":"http:\/\/presscouncil-ks.org\/index.php?rest_route=\/wp\/v2\/users\/2"}],"replies":[{"embeddable":true,"href":"http:\/\/presscouncil-ks.org\/index.php?rest_route=%2Fwp%2Fv2%2Fcomments&post=17385"}],"version-history":[{"count":4,"href":"http:\/\/presscouncil-ks.org\/index.php?rest_route=\/wp\/v2\/posts\/17385\/revisions"}],"predecessor-version":[{"id":17389,"href":"http:\/\/presscouncil-ks.org\/index.php?rest_route=\/wp\/v2\/posts\/17385\/revisions\/17389"}],"wp:featuredmedia":[{"embeddable":true,"href":"http:\/\/presscouncil-ks.org\/index.php?rest_route=\/wp\/v2\/media\/17380"}],"wp:attachment":[{"href":"http:\/\/presscouncil-ks.org\/index.php?rest_route=%2Fwp%2Fv2%2Fmedia&parent=17385"}],"wp:term":[{"taxonomy":"category","embeddable":true,"href":"http:\/\/presscouncil-ks.org\/index.php?rest_route=%2Fwp%2Fv2%2Fcategories&post=17385"},{"taxonomy":"post_tag","embeddable":true,"href":"http:\/\/presscouncil-ks.org\/index.php?rest_route=%2Fwp%2Fv2%2Ftags&post=17385"}],"curies":[{"name":"wp","href":"https:\/\/api.w.org\/{rel}","templated":true}]}}