{"id":17379,"date":"2025-11-07T12:41:31","date_gmt":"2025-11-07T12:41:31","guid":{"rendered":"https:\/\/presscouncil-ks.org\/?p=17379"},"modified":"2025-11-07T12:57:46","modified_gmt":"2025-11-07T12:57:46","slug":"odrzana-radionica-o-etickom-izvestavanju-u-novinarstvu","status":"publish","type":"post","link":"http:\/\/presscouncil-ks.org\/?p=17379&lang=sr","title":{"rendered":"Odr\u017eana radionica o eti\u010dkom izve\u0161tavanju u novinarstvu"},"content":{"rendered":"<div class=\"x14z9mp xat24cr x1lziwak x1vvkbs xtlvy1s x126k92a\">\n<div dir=\"auto\"><strong>Studenti novinarstva i mladi novinari u\u010destvovali su na radionici \u201dEti\u010dko izve\u0161tavanje u novinarstvu: Standardi, izazovi i profesionalna odgovornost\u201c, koju su organizovali Savet \u0160tampe Kosova (S\u0160K) i BIRN Kosovo.<\/strong><\/div>\n<div dir=\"auto\"><\/div>\n<div dir=\"auto\"><\/div>\n<div dir=\"auto\">Diskusije su se fokusirale na \u010detiri glavne teme: eti\u010dke smernice za mlade novinare u izve\u0161tavanju, etika i dezinformacije, eti\u010dko izve\u0161tavanje za izbore i rad novinara i Ve\u0161ta\u010dka Inteligencija (AI).<\/div>\n<\/div>\n<div dir=\"auto\"><\/div>\n<div dir=\"auto\"><\/div>\n<div class=\"x14z9mp xat24cr x1lziwak x1vvkbs xtlvy1s x126k92a\">\n<div dir=\"auto\">Tokom radionice, u\u010desnici su imali priliku da razgovaraju o konkretnim slu\u010dajevima eti\u010dkih kr\u0161enja sa <strong>Brikendom Red\u017eepi<\/strong>, glavnom urednicom Kohe i predsednicom S\u0160K-a, i <strong>Albanom Zenelijem,<\/strong> profesorom na Odseku za Novinarstvo Univerziteta u Pri\u0161tini, razmatrajuc\u0301i potrebu za odgovornim i uravnote\u017eenim izve\u0161tavanjem.<\/div>\n<\/div>\n<div dir=\"auto\"><\/div>\n<div dir=\"auto\"><\/div>\n<div dir=\"auto\"><\/div>\n<div dir=\"auto\"><img loading=\"lazy\" decoding=\"async\" class=\"alignnone wp-image-17382 size-large\" src=\"http:\/\/presscouncil-ks.org\/wp-content\/uploads\/2025\/11\/certifikimi-1024x606.jpg\" alt=\"\" width=\"1024\" height=\"606\" srcset=\"http:\/\/presscouncil-ks.org\/wp-content\/uploads\/2025\/11\/certifikimi-1024x606.jpg 1024w, http:\/\/presscouncil-ks.org\/wp-content\/uploads\/2025\/11\/certifikimi-300x177.jpg 300w, http:\/\/presscouncil-ks.org\/wp-content\/uploads\/2025\/11\/certifikimi-768x454.jpg 768w, http:\/\/presscouncil-ks.org\/wp-content\/uploads\/2025\/11\/certifikimi-1536x908.jpg 1536w, http:\/\/presscouncil-ks.org\/wp-content\/uploads\/2025\/11\/certifikimi.jpg 2048w\" sizes=\"auto, (max-width: 1024px) 100vw, 1024px\" \/><\/div>\n<div dir=\"auto\"><\/div>\n<div dir=\"auto\"><\/div>\n<div class=\"x14z9mp xat24cr x1lziwak x1vvkbs xtlvy1s x126k92a\">\n<div dir=\"auto\">Red\u017eepi se fokusirala na proces svakodnevnog izve\u0161tavanja, sa posebnim akcentom na tretman izvora. Tako\u0111e je razgovarala sa studentima o izve\u0161tavanju tokom izborne kampanje, na osnovu smernica za eti\u010dko izve\u0161tavanje koje je objavio Savet \u0160tampe.<\/div>\n<\/div>\n<div dir=\"auto\"><\/div>\n<div dir=\"auto\"><\/div>\n<div class=\"x14z9mp xat24cr x1lziwak x1vvkbs xtlvy1s x126k92a\">\n<div dir=\"auto\">U me\u0111uvremenu, Zeneli se fokusirao na upotrebu Ve\u0161ta\u010dke Inteligencije (AI) u radu novinara, kao realnost sa kojom se mediji vec\u0301 suo\u010davaju. Prema njegovim re\u010dima, Ve\u0161ta\u010dku Inteligenciju treba koristiti sa oprezom, na osnovu Eti\u010dkog Kodeksa Saveta \u0160tampe.<\/div>\n<\/div>\n<div dir=\"auto\"><\/div>\n<div dir=\"auto\"><\/div>\n<div dir=\"auto\"><\/div>\n<div class=\"x14z9mp xat24cr x1lziwak x1vvkbs xtlvy1s x126k92a\">\n<div dir=\"auto\">Aktivnost je finansirala Evropska Unija u okviru projekta \u201dJa\u010danje uloge i kapaciteta istra\u017eiva\u010dkog novinarstva na Kosovu\u201c, koji sprovode BIRN Kosova, Savet \u0160tampe Kosova i TV Mre\u017ea.<\/div>\n<\/div>\n","protected":false},"excerpt":{"rendered":"<p>Studenti novinarstva i mladi novinari u\u010destvovali su na radionici \u201dEti\u010dko izve\u0161tavanje u novinarstvu: Standardi, izazovi i profesionalna odgovornost\u201c, koju su organizovali Savet \u0160tampe Kosova (S\u0160K) i BIRN Kosovo. Diskusije su se fokusirale na \u010detiri glavne teme: eti\u010dke smernice za mlade novinare u izve\u0161tavanju, etika i dezinformacije, eti\u010dko izve\u0161tavanje za izbore i rad novinara i Ve\u0161ta\u010dka [&hellip;]<\/p>\n","protected":false},"author":2,"featured_media":17380,"comment_status":"open","ping_status":"open","sticky":false,"template":"","format":"standard","meta":{"footnotes":""},"categories":[135],"tags":[],"class_list":["post-17379","post","type-post","status-publish","format-standard","has-post-thumbnail","hentry","category-vesti"],"acf":[],"yoast_head":"<!-- This site is optimized with the Yoast SEO plugin v28.3 - https:\/\/yoast.com\/product\/yoast-seo-wordpress\/ -->\n<title>Odr\u017eana radionica o eti\u010dkom izve\u0161tavanju u novinarstvu - K\u00ebshilli i Mediave t\u00eb Shkruara t\u00eb Kosov\u00ebs | P\u00ebr nj\u00eb gazetari etike dhe profesionale<\/title>\n<meta name=\"robots\" content=\"index, follow, max-snippet:-1, max-image-preview:large, max-video-preview:-1\" \/>\n<link rel=\"canonical\" href=\"http:\/\/presscouncil-ks.org\/?p=17379&lang=sr\" \/>\n<meta property=\"og:locale\" content=\"en_US\" \/>\n<meta property=\"og:type\" content=\"article\" \/>\n<meta property=\"og:title\" content=\"Odr\u017eana radionica o eti\u010dkom izve\u0161tavanju u novinarstvu - K\u00ebshilli i Mediave t\u00eb Shkruara t\u00eb Kosov\u00ebs | P\u00ebr nj\u00eb gazetari etike dhe profesionale\" \/>\n<meta property=\"og:description\" content=\"Studenti novinarstva i mladi novinari u\u010destvovali su na radionici \u201dEti\u010dko izve\u0161tavanje u novinarstvu: Standardi, izazovi i profesionalna odgovornost\u201c, koju su organizovali Savet \u0160tampe Kosova (S\u0160K) i BIRN Kosovo. Diskusije su se fokusirale na \u010detiri glavne teme: eti\u010dke smernice za mlade novinare u izve\u0161tavanju, etika i dezinformacije, eti\u010dko izve\u0161tavanje za izbore i rad novinara i Ve\u0161ta\u010dka [&hellip;]\" \/>\n<meta property=\"og:url\" content=\"http:\/\/presscouncil-ks.org\/?p=17379&amp;lang=sr\" \/>\n<meta property=\"og:site_name\" content=\"K\u00ebshilli i Mediave t\u00eb Shkruara t\u00eb Kosov\u00ebs | P\u00ebr nj\u00eb gazetari etike dhe profesionale\" \/>\n<meta property=\"article:publisher\" content=\"https:\/\/www.facebook.com\/KMSHKosove\" \/>\n<meta property=\"article:published_time\" content=\"2025-11-07T12:41:31+00:00\" \/>\n<meta property=\"article:modified_time\" content=\"2025-11-07T12:57:46+00:00\" \/>\n<meta property=\"og:image\" content=\"http:\/\/presscouncil-ks.org\/wp-content\/uploads\/2025\/11\/kmshk-b-7_11_2025.jpg\" \/>\n\t<meta property=\"og:image:width\" content=\"1310\" \/>\n\t<meta property=\"og:image:height\" content=\"737\" \/>\n\t<meta property=\"og:image:type\" content=\"image\/jpeg\" \/>\n<meta name=\"author\" content=\"Editor\" \/>\n<meta name=\"twitter:card\" content=\"summary_large_image\" \/>\n<meta name=\"twitter:label1\" content=\"Written by\" \/>\n\t<meta name=\"twitter:data1\" content=\"Editor\" \/>\n\t<meta name=\"twitter:label2\" content=\"Est. reading time\" \/>\n\t<meta name=\"twitter:data2\" content=\"2 minutes\" \/>\n<script type=\"application\/ld+json\" class=\"yoast-schema-graph\">{\"@context\":\"https:\\\/\\\/schema.org\",\"@graph\":[{\"@type\":\"Article\",\"@id\":\"http:\\\/\\\/presscouncil-ks.org\\\/?p=17379&lang=sr#article\",\"isPartOf\":{\"@id\":\"http:\\\/\\\/presscouncil-ks.org\\\/?p=17379&lang=sr\"},\"author\":{\"name\":\"Editor\",\"@id\":\"http:\\\/\\\/presscouncil-ks.org\\\/#\\\/schema\\\/person\\\/b79d30c61264caeb733239c16cc4d673\"},\"headline\":\"Odr\u017eana radionica o eti\u010dkom izve\u0161tavanju u novinarstvu\",\"datePublished\":\"2025-11-07T12:41:31+00:00\",\"dateModified\":\"2025-11-07T12:57:46+00:00\",\"mainEntityOfPage\":{\"@id\":\"http:\\\/\\\/presscouncil-ks.org\\\/?p=17379&lang=sr\"},\"wordCount\":241,\"commentCount\":0,\"publisher\":{\"@id\":\"http:\\\/\\\/presscouncil-ks.org\\\/#organization\"},\"image\":{\"@id\":\"http:\\\/\\\/presscouncil-ks.org\\\/?p=17379&lang=sr#primaryimage\"},\"thumbnailUrl\":\"http:\\\/\\\/presscouncil-ks.org\\\/wp-content\\\/uploads\\\/2025\\\/11\\\/kmshk-b-7_11_2025.jpg\",\"articleSection\":[\"Vesti\"],\"inLanguage\":\"en-US\",\"potentialAction\":[{\"@type\":\"CommentAction\",\"name\":\"Comment\",\"target\":[\"http:\\\/\\\/presscouncil-ks.org\\\/?p=17379&lang=sr#respond\"]}]},{\"@type\":\"WebPage\",\"@id\":\"http:\\\/\\\/presscouncil-ks.org\\\/?p=17379&lang=sr\",\"url\":\"http:\\\/\\\/presscouncil-ks.org\\\/?p=17379&lang=sr\",\"name\":\"Odr\u017eana radionica o eti\u010dkom izve\u0161tavanju u novinarstvu - K\u00ebshilli i Mediave t\u00eb Shkruara t\u00eb Kosov\u00ebs | P\u00ebr nj\u00eb gazetari etike dhe profesionale\",\"isPartOf\":{\"@id\":\"http:\\\/\\\/presscouncil-ks.org\\\/#website\"},\"primaryImageOfPage\":{\"@id\":\"http:\\\/\\\/presscouncil-ks.org\\\/?p=17379&lang=sr#primaryimage\"},\"image\":{\"@id\":\"http:\\\/\\\/presscouncil-ks.org\\\/?p=17379&lang=sr#primaryimage\"},\"thumbnailUrl\":\"http:\\\/\\\/presscouncil-ks.org\\\/wp-content\\\/uploads\\\/2025\\\/11\\\/kmshk-b-7_11_2025.jpg\",\"datePublished\":\"2025-11-07T12:41:31+00:00\",\"dateModified\":\"2025-11-07T12:57:46+00:00\",\"breadcrumb\":{\"@id\":\"http:\\\/\\\/presscouncil-ks.org\\\/?p=17379&lang=sr#breadcrumb\"},\"inLanguage\":\"en-US\",\"potentialAction\":[{\"@type\":\"ReadAction\",\"target\":[\"http:\\\/\\\/presscouncil-ks.org\\\/?p=17379&lang=sr\"]}]},{\"@type\":\"ImageObject\",\"inLanguage\":\"en-US\",\"@id\":\"http:\\\/\\\/presscouncil-ks.org\\\/?p=17379&lang=sr#primaryimage\",\"url\":\"http:\\\/\\\/presscouncil-ks.org\\\/wp-content\\\/uploads\\\/2025\\\/11\\\/kmshk-b-7_11_2025.jpg\",\"contentUrl\":\"http:\\\/\\\/presscouncil-ks.org\\\/wp-content\\\/uploads\\\/2025\\\/11\\\/kmshk-b-7_11_2025.jpg\",\"width\":1310,\"height\":737,\"caption\":\"Student\u00eb t\u00eb gazetaris\u00eb dhe gazetar\u00eb t\u00eb rinj mor\u00ebn pjes\u00eb n\u00eb pun\u00ebtorin\u00eb \u201cRaportimi etik n\u00eb gazetari: standardet, sfidat dhe p\u00ebrgjegj\u00ebsia profesionale\u201d, organizuar nga K\u00ebshilli i Mediave t\u00eb Shkruara t\u00eb Kosov\u00ebs (KMShK) dhe BIRN Kosova.\"},{\"@type\":\"BreadcrumbList\",\"@id\":\"http:\\\/\\\/presscouncil-ks.org\\\/?p=17379&lang=sr#breadcrumb\",\"itemListElement\":[{\"@type\":\"ListItem\",\"position\":1,\"name\":\"Home\",\"item\":\"https:\\\/\\\/presscouncil-ks.org\\\/\"},{\"@type\":\"ListItem\",\"position\":2,\"name\":\"Odr\u017eana radionica o eti\u010dkom izve\u0161tavanju u novinarstvu\"}]},{\"@type\":\"WebSite\",\"@id\":\"http:\\\/\\\/presscouncil-ks.org\\\/#website\",\"url\":\"http:\\\/\\\/presscouncil-ks.org\\\/\",\"name\":\"https:\\\/\\\/presscouncil-ks.org\\\/\",\"description\":\"\",\"publisher\":{\"@id\":\"http:\\\/\\\/presscouncil-ks.org\\\/#organization\"},\"potentialAction\":[{\"@type\":\"SearchAction\",\"target\":{\"@type\":\"EntryPoint\",\"urlTemplate\":\"http:\\\/\\\/presscouncil-ks.org\\\/?s={search_term_string}\"},\"query-input\":{\"@type\":\"PropertyValueSpecification\",\"valueRequired\":true,\"valueName\":\"search_term_string\"}}],\"inLanguage\":\"en-US\"},{\"@type\":\"Organization\",\"@id\":\"http:\\\/\\\/presscouncil-ks.org\\\/#organization\",\"name\":\"K\u00ebshilli i Mediave t\u00eb Shkruara t\u00eb Kosov\u00ebs\",\"url\":\"http:\\\/\\\/presscouncil-ks.org\\\/\",\"logo\":{\"@type\":\"ImageObject\",\"inLanguage\":\"en-US\",\"@id\":\"http:\\\/\\\/presscouncil-ks.org\\\/#\\\/schema\\\/logo\\\/image\\\/\",\"url\":\"http:\\\/\\\/presscouncil-ks.org\\\/wp-content\\\/uploads\\\/2023\\\/06\\\/cropped-logo.png\",\"contentUrl\":\"http:\\\/\\\/presscouncil-ks.org\\\/wp-content\\\/uploads\\\/2023\\\/06\\\/cropped-logo.png\",\"width\":268,\"height\":166,\"caption\":\"K\u00ebshilli i Mediave t\u00eb Shkruara t\u00eb Kosov\u00ebs\"},\"image\":{\"@id\":\"http:\\\/\\\/presscouncil-ks.org\\\/#\\\/schema\\\/logo\\\/image\\\/\"},\"sameAs\":[\"https:\\\/\\\/www.facebook.com\\\/KMSHKosove\"]},{\"@type\":\"Person\",\"@id\":\"http:\\\/\\\/presscouncil-ks.org\\\/#\\\/schema\\\/person\\\/b79d30c61264caeb733239c16cc4d673\",\"name\":\"Editor\",\"image\":{\"@type\":\"ImageObject\",\"inLanguage\":\"en-US\",\"@id\":\"https:\\\/\\\/secure.gravatar.com\\\/avatar\\\/9534865f39e7b3527010ee17196a76d054b16d731a6a5bfe2f92a071c6e9bf4e?s=96&d=mm&r=g\",\"url\":\"https:\\\/\\\/secure.gravatar.com\\\/avatar\\\/9534865f39e7b3527010ee17196a76d054b16d731a6a5bfe2f92a071c6e9bf4e?s=96&d=mm&r=g\",\"contentUrl\":\"https:\\\/\\\/secure.gravatar.com\\\/avatar\\\/9534865f39e7b3527010ee17196a76d054b16d731a6a5bfe2f92a071c6e9bf4e?s=96&d=mm&r=g\",\"caption\":\"Editor\"},\"url\":\"http:\\\/\\\/presscouncil-ks.org\\\/?author=2\"}]}<\/script>\n<!-- \/ Yoast SEO plugin. -->","yoast_head_json":{"title":"Odr\u017eana radionica o eti\u010dkom izve\u0161tavanju u novinarstvu - K\u00ebshilli i Mediave t\u00eb Shkruara t\u00eb Kosov\u00ebs | P\u00ebr nj\u00eb gazetari etike dhe profesionale","robots":{"index":"index","follow":"follow","max-snippet":"max-snippet:-1","max-image-preview":"max-image-preview:large","max-video-preview":"max-video-preview:-1"},"canonical":"http:\/\/presscouncil-ks.org\/?p=17379&lang=sr","og_locale":"en_US","og_type":"article","og_title":"Odr\u017eana radionica o eti\u010dkom izve\u0161tavanju u novinarstvu - K\u00ebshilli i Mediave t\u00eb Shkruara t\u00eb Kosov\u00ebs | P\u00ebr nj\u00eb gazetari etike dhe profesionale","og_description":"Studenti novinarstva i mladi novinari u\u010destvovali su na radionici \u201dEti\u010dko izve\u0161tavanje u novinarstvu: Standardi, izazovi i profesionalna odgovornost\u201c, koju su organizovali Savet \u0160tampe Kosova (S\u0160K) i BIRN Kosovo. Diskusije su se fokusirale na \u010detiri glavne teme: eti\u010dke smernice za mlade novinare u izve\u0161tavanju, etika i dezinformacije, eti\u010dko izve\u0161tavanje za izbore i rad novinara i Ve\u0161ta\u010dka [&hellip;]","og_url":"http:\/\/presscouncil-ks.org\/?p=17379&lang=sr","og_site_name":"K\u00ebshilli i Mediave t\u00eb Shkruara t\u00eb Kosov\u00ebs | P\u00ebr nj\u00eb gazetari etike dhe profesionale","article_publisher":"https:\/\/www.facebook.com\/KMSHKosove","article_published_time":"2025-11-07T12:41:31+00:00","article_modified_time":"2025-11-07T12:57:46+00:00","og_image":[{"width":1310,"height":737,"url":"http:\/\/presscouncil-ks.org\/wp-content\/uploads\/2025\/11\/kmshk-b-7_11_2025.jpg","type":"image\/jpeg"}],"author":"Editor","twitter_card":"summary_large_image","twitter_misc":{"Written by":"Editor","Est. reading time":"2 minutes"},"schema":{"@context":"https:\/\/schema.org","@graph":[{"@type":"Article","@id":"http:\/\/presscouncil-ks.org\/?p=17379&lang=sr#article","isPartOf":{"@id":"http:\/\/presscouncil-ks.org\/?p=17379&lang=sr"},"author":{"name":"Editor","@id":"http:\/\/presscouncil-ks.org\/#\/schema\/person\/b79d30c61264caeb733239c16cc4d673"},"headline":"Odr\u017eana radionica o eti\u010dkom izve\u0161tavanju u novinarstvu","datePublished":"2025-11-07T12:41:31+00:00","dateModified":"2025-11-07T12:57:46+00:00","mainEntityOfPage":{"@id":"http:\/\/presscouncil-ks.org\/?p=17379&lang=sr"},"wordCount":241,"commentCount":0,"publisher":{"@id":"http:\/\/presscouncil-ks.org\/#organization"},"image":{"@id":"http:\/\/presscouncil-ks.org\/?p=17379&lang=sr#primaryimage"},"thumbnailUrl":"http:\/\/presscouncil-ks.org\/wp-content\/uploads\/2025\/11\/kmshk-b-7_11_2025.jpg","articleSection":["Vesti"],"inLanguage":"en-US","potentialAction":[{"@type":"CommentAction","name":"Comment","target":["http:\/\/presscouncil-ks.org\/?p=17379&lang=sr#respond"]}]},{"@type":"WebPage","@id":"http:\/\/presscouncil-ks.org\/?p=17379&lang=sr","url":"http:\/\/presscouncil-ks.org\/?p=17379&lang=sr","name":"Odr\u017eana radionica o eti\u010dkom izve\u0161tavanju u novinarstvu - K\u00ebshilli i Mediave t\u00eb Shkruara t\u00eb Kosov\u00ebs | P\u00ebr nj\u00eb gazetari etike dhe profesionale","isPartOf":{"@id":"http:\/\/presscouncil-ks.org\/#website"},"primaryImageOfPage":{"@id":"http:\/\/presscouncil-ks.org\/?p=17379&lang=sr#primaryimage"},"image":{"@id":"http:\/\/presscouncil-ks.org\/?p=17379&lang=sr#primaryimage"},"thumbnailUrl":"http:\/\/presscouncil-ks.org\/wp-content\/uploads\/2025\/11\/kmshk-b-7_11_2025.jpg","datePublished":"2025-11-07T12:41:31+00:00","dateModified":"2025-11-07T12:57:46+00:00","breadcrumb":{"@id":"http:\/\/presscouncil-ks.org\/?p=17379&lang=sr#breadcrumb"},"inLanguage":"en-US","potentialAction":[{"@type":"ReadAction","target":["http:\/\/presscouncil-ks.org\/?p=17379&lang=sr"]}]},{"@type":"ImageObject","inLanguage":"en-US","@id":"http:\/\/presscouncil-ks.org\/?p=17379&lang=sr#primaryimage","url":"http:\/\/presscouncil-ks.org\/wp-content\/uploads\/2025\/11\/kmshk-b-7_11_2025.jpg","contentUrl":"http:\/\/presscouncil-ks.org\/wp-content\/uploads\/2025\/11\/kmshk-b-7_11_2025.jpg","width":1310,"height":737,"caption":"Student\u00eb t\u00eb gazetaris\u00eb dhe gazetar\u00eb t\u00eb rinj mor\u00ebn pjes\u00eb n\u00eb pun\u00ebtorin\u00eb \u201cRaportimi etik n\u00eb gazetari: standardet, sfidat dhe p\u00ebrgjegj\u00ebsia profesionale\u201d, organizuar nga K\u00ebshilli i Mediave t\u00eb Shkruara t\u00eb Kosov\u00ebs (KMShK) dhe BIRN Kosova."},{"@type":"BreadcrumbList","@id":"http:\/\/presscouncil-ks.org\/?p=17379&lang=sr#breadcrumb","itemListElement":[{"@type":"ListItem","position":1,"name":"Home","item":"https:\/\/presscouncil-ks.org\/"},{"@type":"ListItem","position":2,"name":"Odr\u017eana radionica o eti\u010dkom izve\u0161tavanju u novinarstvu"}]},{"@type":"WebSite","@id":"http:\/\/presscouncil-ks.org\/#website","url":"http:\/\/presscouncil-ks.org\/","name":"https:\/\/presscouncil-ks.org\/","description":"","publisher":{"@id":"http:\/\/presscouncil-ks.org\/#organization"},"potentialAction":[{"@type":"SearchAction","target":{"@type":"EntryPoint","urlTemplate":"http:\/\/presscouncil-ks.org\/?s={search_term_string}"},"query-input":{"@type":"PropertyValueSpecification","valueRequired":true,"valueName":"search_term_string"}}],"inLanguage":"en-US"},{"@type":"Organization","@id":"http:\/\/presscouncil-ks.org\/#organization","name":"K\u00ebshilli i Mediave t\u00eb Shkruara t\u00eb Kosov\u00ebs","url":"http:\/\/presscouncil-ks.org\/","logo":{"@type":"ImageObject","inLanguage":"en-US","@id":"http:\/\/presscouncil-ks.org\/#\/schema\/logo\/image\/","url":"http:\/\/presscouncil-ks.org\/wp-content\/uploads\/2023\/06\/cropped-logo.png","contentUrl":"http:\/\/presscouncil-ks.org\/wp-content\/uploads\/2023\/06\/cropped-logo.png","width":268,"height":166,"caption":"K\u00ebshilli i Mediave t\u00eb Shkruara t\u00eb Kosov\u00ebs"},"image":{"@id":"http:\/\/presscouncil-ks.org\/#\/schema\/logo\/image\/"},"sameAs":["https:\/\/www.facebook.com\/KMSHKosove"]},{"@type":"Person","@id":"http:\/\/presscouncil-ks.org\/#\/schema\/person\/b79d30c61264caeb733239c16cc4d673","name":"Editor","image":{"@type":"ImageObject","inLanguage":"en-US","@id":"https:\/\/secure.gravatar.com\/avatar\/9534865f39e7b3527010ee17196a76d054b16d731a6a5bfe2f92a071c6e9bf4e?s=96&d=mm&r=g","url":"https:\/\/secure.gravatar.com\/avatar\/9534865f39e7b3527010ee17196a76d054b16d731a6a5bfe2f92a071c6e9bf4e?s=96&d=mm&r=g","contentUrl":"https:\/\/secure.gravatar.com\/avatar\/9534865f39e7b3527010ee17196a76d054b16d731a6a5bfe2f92a071c6e9bf4e?s=96&d=mm&r=g","caption":"Editor"},"url":"http:\/\/presscouncil-ks.org\/?author=2"}]}},"_links":{"self":[{"href":"http:\/\/presscouncil-ks.org\/index.php?rest_route=\/wp\/v2\/posts\/17379","targetHints":{"allow":["GET"]}}],"collection":[{"href":"http:\/\/presscouncil-ks.org\/index.php?rest_route=\/wp\/v2\/posts"}],"about":[{"href":"http:\/\/presscouncil-ks.org\/index.php?rest_route=\/wp\/v2\/types\/post"}],"author":[{"embeddable":true,"href":"http:\/\/presscouncil-ks.org\/index.php?rest_route=\/wp\/v2\/users\/2"}],"replies":[{"embeddable":true,"href":"http:\/\/presscouncil-ks.org\/index.php?rest_route=%2Fwp%2Fv2%2Fcomments&post=17379"}],"version-history":[{"count":2,"href":"http:\/\/presscouncil-ks.org\/index.php?rest_route=\/wp\/v2\/posts\/17379\/revisions"}],"predecessor-version":[{"id":17390,"href":"http:\/\/presscouncil-ks.org\/index.php?rest_route=\/wp\/v2\/posts\/17379\/revisions\/17390"}],"wp:featuredmedia":[{"embeddable":true,"href":"http:\/\/presscouncil-ks.org\/index.php?rest_route=\/wp\/v2\/media\/17380"}],"wp:attachment":[{"href":"http:\/\/presscouncil-ks.org\/index.php?rest_route=%2Fwp%2Fv2%2Fmedia&parent=17379"}],"wp:term":[{"taxonomy":"category","embeddable":true,"href":"http:\/\/presscouncil-ks.org\/index.php?rest_route=%2Fwp%2Fv2%2Fcategories&post=17379"},{"taxonomy":"post_tag","embeddable":true,"href":"http:\/\/presscouncil-ks.org\/index.php?rest_route=%2Fwp%2Fv2%2Ftags&post=17379"}],"curies":[{"name":"wp","href":"https:\/\/api.w.org\/{rel}","templated":true}]}}