{"id":17372,"date":"2025-11-04T13:09:26","date_gmt":"2025-11-04T13:09:26","guid":{"rendered":"https:\/\/presscouncil-ks.org\/?p=17372"},"modified":"2026-06-25T11:23:40","modified_gmt":"2026-06-25T11:23:40","slug":"izvestavanje-o-pravdu-i-medijsko-obrazovanje","status":"publish","type":"post","link":"http:\/\/presscouncil-ks.org\/?p=17372&lang=sr","title":{"rendered":"Izve\u0161tavanje o pravdu i medijsko obrazovanje \/\u010clanak Betim Muslijua"},"content":{"rendered":"<div class=\"xdj266r x14z9mp xat24cr x1lziwak x1vvkbs x126k92a\">\n<div dir=\"auto\"><em><strong>Neproverene vesti, posebno iz sudskih postupaka, uti\u010du ne samo na poverenje u pravosu\u0111e, vec\u0301 i na sam koncept istine. Dezinformisanje o pravdi je jednako opasno kao i njeno poricanje.<\/strong><\/em><\/div>\n<\/div>\n<div dir=\"auto\"><\/div>\n<div dir=\"auto\"><\/div>\n<div class=\"x14z9mp xat24cr x1lziwak x1vvkbs xtlvy1s x126k92a\">\n<div dir=\"auto\"><em><strong>Autor: Betim Musliju<\/strong><\/em><\/div>\n<\/div>\n<div dir=\"auto\"><\/div>\n<div dir=\"auto\"><\/div>\n<div class=\"x14z9mp xat24cr x1lziwak x1vvkbs xtlvy1s x126k92a\">\n<div dir=\"auto\">U zemljama sa krhkim demokratijama, pravda se \u010desto sudi pre nego \u0161to sud donese odluku. U tim zemljama, poverenje u institucije se gradi uz veliki trud, ali se lako uni\u0161tava kroz naslove u medijima ili na dru\u0161tvenim mre\u017eama. U ovoj realnosti digitalnog doba, trka se ne vodi za ta\u010dnim i po\u0161tenim vestima, vec\u0301 za brzinom njihovog objavljivanja.<\/div>\n<\/div>\n<div dir=\"auto\"><\/div>\n<div dir=\"auto\"><\/div>\n<div class=\"x14z9mp xat24cr x1lziwak x1vvkbs xtlvy1s x126k92a\">\n<div dir=\"auto\">Izve\u0161tavanje sa suda jedan je od najosetljivijih oblika novinarstva, koji zahteva veliku profesionalnu pripremu. Vesti iz suda direktno uti\u010du na javnu percepciju pravde, kao glavnog stuba demokratije. Stoga, vesti objavljene bez provere, posebno iz sudskih postupaka, uti\u010du ne samo na poverenje u pravdu, vec\u0301 i na sam koncept istine. Dezinformisanje o pravdi je jednako opasno kao i njeno poricanje. U ovom kontekstu, gde svako mo\u017ee da objavljuje, ali ne znaju svi kako da izve\u0161tavaju, medijsko obrazovanje vi\u0161e nije luksuz, vec\u0301 javna potreba. Gra\u0111ani moraju znati kako da \u010ditaju izme\u0111u redova i razlikuju novinarstvo od propagande.<\/div>\n<\/div>\n<div dir=\"auto\"><\/div>\n<div dir=\"auto\"><\/div>\n<div class=\"x14z9mp xat24cr x1lziwak x1vvkbs xtlvy1s x126k92a\">\n<div dir=\"auto\">Izve\u0161tavanje iz sudova zahteva vi\u0161e od samog prisustva u sudnici. Novinari u sektoru pravosu\u0111a moraju biti profesionalno pripremljeni, sa pravnim znanjem, za sudske postupke, za princip pretpostavke nevinosti i za granice koje razdvajaju javni interes od kr\u0161enja privatnosti. Me\u0111utim, ovi principi se \u010desto kr\u0161e zarad \u201dkreativnog\u201c naslova koji donosi klikove. U tim slu\u010dajevima se od vesti proizvode spektakli i umesto izve\u0161tavanja odr\u017eavaju se javna su\u0111enja. Neta\u010dna vest sa sudske sednice mo\u017ee imati nepopravljive posledice po \u017eivote ljudi. U digitalnom dobu, gde sve ostaje u onlajn arhivama, gre\u0161ka u izve\u0161tavanju ostaje kao \u201dtrajna kazna\u201c, stoga izve\u0161tavanje iz sudova mora biti primer profesionalizma, standard koji javnost nu\u017eno mora zahtevati.<\/div>\n<\/div>\n<div dir=\"auto\"><\/div>\n<div dir=\"auto\"><\/div>\n<div class=\"x14z9mp xat24cr x1lziwak x1vvkbs xtlvy1s x126k92a\">\n<div dir=\"auto\">U digitalnom dobu &#8211; kojim dominiraju dru\u0161tvene mre\u017ee &#8211; gra\u0111anin je potro\u0161a\u010d svih vrsta proizvoda prikrivenih kao vesti, koje \u010desto nije u stanju da razlikuje. Dok status na dru\u0161tvenim mre\u017eama postaje viralan u roku od nekoliko minuta, profesionalni izve\u0161taj \u010desto prolazi nezapa\u017eeno, zbog nedostatka spektakla u izve\u0161taju. Stoga je medijsko obrazovanje jedini na\u010din da gra\u0111anin bude u stanju ne samo da koristi medije, vec\u0301 i da ih razume, kako bi izabrao da bude informisan od strane profesionalnih medija, a ne od \u201dmedija\u201c ili anonimnih profila koji se igraju emocijama i predrasudama.<\/div>\n<\/div>\n<div dir=\"auto\"><\/div>\n<div dir=\"auto\"><\/div>\n<div class=\"x14z9mp xat24cr x1lziwak x1vvkbs xtlvy1s x126k92a\">\n<div dir=\"auto\">Trenutni izazov sa kojim se suo\u010davaju profesionalni mediji je logika digitalnog tr\u017ei\u0161ta, gde algoritmi ne nagra\u0111uju kvalitet informacija, vec\u0301 klikove, komentare i deljenja. U kontekstu sudskog izve\u0161tavanja ova logika je veoma opasna, do\u017eivljavajuc\u0301i pravdu kao spektakl, a ne kao proces sprovo\u0111enja pravde, \u0161to posledi\u010dno prvi put proizvodi \u017ertve.<\/div>\n<\/div>\n<div dir=\"auto\"><\/div>\n<div dir=\"auto\"><\/div>\n<div class=\"x14z9mp xat24cr x1lziwak x1vvkbs xtlvy1s x126k92a\">\n<div dir=\"auto\">U ovoj stvarnosti, profesionalni mediji su u krizi opstanka, \u201cborec\u0301i se\u201c sa manipulativnim sadr\u017eajem koji, putem algoritama, oduzima pa\u017enju javnosti, klikove, a samim tim i prihode.<\/div>\n<\/div>\n<div dir=\"auto\"><\/div>\n<div dir=\"auto\"><\/div>\n<div class=\"x14z9mp xat24cr x1lziwak x1vvkbs xtlvy1s x126k92a\">\n<div dir=\"auto\">Kosovo je poznato kao zemlja u kojoj je aspekt ustavne i zakonske regulacije u oblasti medijskih sloboda napredovao. Uprkos ovim garancijama, sprovo\u0111enje u praksi ostaje izazov. U tom pogledu, samoregulacija je najbolji na\u010din za o\u010duvanje integriteta novinarske profesije. Savet \u0160tampe Kosova (S\u0160K) je primer ovog mehanizma, za povec\u0301anje profesionalizma medija i po\u0161tovanje Eti\u010dkog kodeksa, ne ka\u017enjavanjem, vec\u0301 vo\u0111enjem, ne cenzurisanjem, vec\u0301 za\u0161titom etike i profesionalnih standarda.<\/div>\n<div dir=\"auto\"><\/div>\n<div dir=\"auto\"><\/div>\n<div dir=\"auto\">Me\u0111utim, \u010dak ni ovaj mehanizam samoregulacije ne funkcioni\u0161e ako ga javnost ne poznaje i ne koristi. Stoga je neophodno da medijsko obrazovanje uklju\u010di i znanje o mehanizmima samoregulacije, jer samo informisana javnost mo\u017ee da pozove medije na odgovornost, koji su u ovim slu\u010dajevima primorani da budu profesionalniji.<\/div>\n<\/div>\n<div dir=\"auto\"><\/div>\n<div dir=\"auto\"><\/div>\n<div class=\"x14z9mp xat24cr x1lziwak x1vvkbs xtlvy1s x126k92a\">\n<div dir=\"auto\">Medijsko obrazovanje treba da po\u010dne \u0161to je ranije moguc\u0301e, vec\u0301 u osnovnoj \u0161koli. U\u010denici treba da u\u010de kako mediji funkcioni\u0161u, kako da provere informacije i kako da odvoje \u010dinjenice od mi\u0161ljenja. Ovo nije samo deo gra\u0111anskog vaspitanja \u2013 to je odbrana od manipulacije. Ako deca odrastaju razumevajuc\u0301i da nije sve \u0161to kru\u017ei mre\u017eama istina, onda c\u0301e dru\u0161tvo sutra\u0161njice biti manje ranjivo na dezinformacije i sposobnije da zahteva kvalitetno novinarstvo. U sudskom izve\u0161tavanju, odgovornost je obostrana \u2013 novinara da ta\u010dno izve\u0161tavaju, a javnosti da svesno konzumira. Novinarstvo je profesionalno samo onoliko koliko javnost o\u010dekuje.<\/div>\n<\/div>\n<div dir=\"auto\"><\/div>\n<div dir=\"auto\"><\/div>\n<div class=\"x14z9mp xat24cr x1lziwak x1vvkbs xtlvy1s x126k92a\">\n<div dir=\"auto\">Ako javnost nagra\u0111uje la\u017ene vesti klikovima, proizvodic\u0301e se vi\u0161e la\u017enih vesti, ali ako javnost nagra\u0111uje ta\u010dnost, kontekst i profesionalizam, tr\u017ei\u0161te c\u0301e se samo promeniti. U tom smislu, javnost igra ulogu \u010duvara istine.<\/div>\n<\/div>\n<div dir=\"auto\"><\/div>\n<div dir=\"auto\"><\/div>\n<div class=\"x14z9mp xat24cr x1lziwak x1vvkbs xtlvy1s x126k92a\">\n<div dir=\"auto\">Izve\u0161tavanje iz sudova podsec\u0301a nas da su sloboda izra\u017eavanja i mediji vredni samo kada su prac\u0301eni odgovorno\u0161c\u0301u. Stoga, medijsko obrazovanje mora biti deo na\u0161eg svakodnevnog \u017eivota \u2013 svuda. To je jedini na\u010din da se izgradi dru\u0161tvo koje razume, ceni i brani istinsko novinarstvo i koje tra\u017ei pravdu ne od naslova na dru\u0161tvenim mre\u017eama, vec\u0301 od \u010dinjenica dokazanih na sudu. Profesionalno novinarstvo sa integritetom nema samo misiju informisanja, vec\u0301 i izgradnje poverenja javnosti.<\/div>\n<\/div>\n<div dir=\"auto\"><\/div>\n<div dir=\"auto\"><\/div>\n<div dir=\"auto\"><img loading=\"lazy\" decoding=\"async\" class=\"alignnone size-medium wp-image-18440\" src=\"http:\/\/presscouncil-ks.org\/wp-content\/uploads\/2025\/09\/llogo-eu-300x63.jpeg\" alt=\"\" width=\"300\" height=\"63\" srcset=\"http:\/\/presscouncil-ks.org\/wp-content\/uploads\/2025\/09\/llogo-eu-300x63.jpeg 300w, http:\/\/presscouncil-ks.org\/wp-content\/uploads\/2025\/09\/llogo-eu-1024x215.jpeg 1024w, http:\/\/presscouncil-ks.org\/wp-content\/uploads\/2025\/09\/llogo-eu-768x161.jpeg 768w, http:\/\/presscouncil-ks.org\/wp-content\/uploads\/2025\/09\/llogo-eu.jpeg 1100w\" sizes=\"auto, (max-width: 300px) 100vw, 300px\" \/><\/div>\n<div dir=\"auto\"><\/div>\n<div class=\"x14z9mp xat24cr x1lziwak x1vvkbs xtlvy1s x126k92a\">\n<div dir=\"auto\">\n<p>(Autor je zamenik izvr\u0161nog direktora Kosovskog Instituta za Pravdu i glavni urednik medija \u201cBetimi p\u00ebr Drejt\u00ebsi\u201d. Ovaj \u010dlanak je napisan u okviru projekta \u201dNa\u0161i Mediji\u201c. Stavovi i mi\u0161ljenja izneti u ovom radu pripadaju isklju\u010divo autoru i ne odra\u017eavaju nu\u017eno stavove i mi\u0161ljenja Evropske Unije. Regionalni projekat \u201cNa\u0161i Mediji: Inicijativa za unapre\u0111enje medijske pismenosti, dijalog i aktivizam sprovode, uz finansijsku podr\u017eu Evropske Unije, partnerske organizacije:<strong><i><a href=\"https:\/\/seenpm.org\/\">SEENPM<\/a>,\u00a0<a href=\"https:\/\/institutemedia.org\/\">Albanski medijski institut<\/a>,\u00a0<a href=\"https:\/\/www.media.ba\/bs\">MediaCentar Sarajevo<\/a>,\u00a0<a href=\"https:\/\/presscouncil-ks.org\/\">Savet za \u0161tampu Kosova<\/a>,\u00a0<a href=\"https:\/\/mim.org.mk\/en\/\">Makedonski institut za medije<\/a>,\u00a0<a href=\"https:\/\/www.mminstitute.org\/\">Medijski institut Crne gore<\/a>,\u00a0<a href=\"https:\/\/novinarska-skola.org.rs\/srbija-opet-pala-na-listi-reportera-bez-granica\/?lang=en\">Novosadska novinarska \u0161kola<\/a>,\u00a0<a href=\"https:\/\/www.mirovni-institut.si\/en\/\">Mirovni institut<\/a>\u00a0i\u00a0<a href=\"https:\/\/bianet.org\/english\">Bianet\u00a0<\/a><a href=\"https:\/\/bianet.org\/english\">uz finansijsku podr\u0161ku Evropske Unije<\/a><a href=\"https:\/\/bianet.org\/english\">.<\/a><\/i><\/strong><\/p>\n<p>&nbsp;<\/p>\n<p>&nbsp;<\/p>\n<p>&nbsp;<\/p>\n<\/div>\n<\/div>\n","protected":false},"excerpt":{"rendered":"<p>Neproverene vesti, posebno iz sudskih postupaka, uti\u010du ne samo na poverenje u pravosu\u0111e, vec\u0301 i na sam koncept istine. Dezinformisanje o pravdi je jednako opasno kao i njeno poricanje. Autor: Betim Musliju U zemljama sa krhkim demokratijama, pravda se \u010desto sudi pre nego \u0161to sud donese odluku. U tim zemljama, poverenje u institucije se gradi [&hellip;]<\/p>\n","protected":false},"author":2,"featured_media":17373,"comment_status":"open","ping_status":"open","sticky":false,"template":"","format":"standard","meta":{"footnotes":""},"categories":[135],"tags":[],"class_list":["post-17372","post","type-post","status-publish","format-standard","has-post-thumbnail","hentry","category-vesti"],"acf":[],"yoast_head":"<!-- This site is optimized with the Yoast SEO plugin v28.3 - https:\/\/yoast.com\/product\/yoast-seo-wordpress\/ -->\n<title>Izve\u0161tavanje o pravdu i medijsko obrazovanje \/\u010clanak Betim Muslijua - K\u00ebshilli i Mediave t\u00eb Shkruara t\u00eb Kosov\u00ebs | P\u00ebr nj\u00eb gazetari etike dhe profesionale<\/title>\n<meta name=\"robots\" content=\"index, follow, max-snippet:-1, max-image-preview:large, max-video-preview:-1\" \/>\n<link rel=\"canonical\" href=\"http:\/\/presscouncil-ks.org\/?p=17372&lang=sr\" \/>\n<meta property=\"og:locale\" content=\"en_US\" \/>\n<meta property=\"og:type\" content=\"article\" \/>\n<meta property=\"og:title\" content=\"Izve\u0161tavanje o pravdu i medijsko obrazovanje \/\u010clanak Betim Muslijua - K\u00ebshilli i Mediave t\u00eb Shkruara t\u00eb Kosov\u00ebs | P\u00ebr nj\u00eb gazetari etike dhe profesionale\" \/>\n<meta property=\"og:description\" content=\"Neproverene vesti, posebno iz sudskih postupaka, uti\u010du ne samo na poverenje u pravosu\u0111e, vec\u0301 i na sam koncept istine. Dezinformisanje o pravdi je jednako opasno kao i njeno poricanje. Autor: Betim Musliju U zemljama sa krhkim demokratijama, pravda se \u010desto sudi pre nego \u0161to sud donese odluku. U tim zemljama, poverenje u institucije se gradi [&hellip;]\" \/>\n<meta property=\"og:url\" content=\"http:\/\/presscouncil-ks.org\/?p=17372&amp;lang=sr\" \/>\n<meta property=\"og:site_name\" content=\"K\u00ebshilli i Mediave t\u00eb Shkruara t\u00eb Kosov\u00ebs | P\u00ebr nj\u00eb gazetari etike dhe profesionale\" \/>\n<meta property=\"article:publisher\" content=\"https:\/\/www.facebook.com\/KMSHKosove\" \/>\n<meta property=\"article:published_time\" content=\"2025-11-04T13:09:26+00:00\" \/>\n<meta property=\"article:modified_time\" content=\"2026-06-25T11:23:40+00:00\" \/>\n<meta property=\"og:image\" content=\"http:\/\/presscouncil-ks.org\/wp-content\/uploads\/2025\/11\/justice.jpg\" \/>\n\t<meta property=\"og:image:width\" content=\"1200\" \/>\n\t<meta property=\"og:image:height\" content=\"800\" \/>\n\t<meta property=\"og:image:type\" content=\"image\/jpeg\" \/>\n<meta name=\"author\" content=\"Editor\" \/>\n<meta name=\"twitter:card\" content=\"summary_large_image\" \/>\n<meta name=\"twitter:label1\" content=\"Written by\" \/>\n\t<meta name=\"twitter:data1\" content=\"Editor\" \/>\n\t<meta name=\"twitter:label2\" content=\"Est. reading time\" \/>\n\t<meta name=\"twitter:data2\" content=\"5 minutes\" \/>\n<script type=\"application\/ld+json\" class=\"yoast-schema-graph\">{\"@context\":\"https:\\\/\\\/schema.org\",\"@graph\":[{\"@type\":\"Article\",\"@id\":\"http:\\\/\\\/presscouncil-ks.org\\\/?p=17372&lang=sr#article\",\"isPartOf\":{\"@id\":\"http:\\\/\\\/presscouncil-ks.org\\\/?p=17372&lang=sr\"},\"author\":{\"name\":\"Editor\",\"@id\":\"http:\\\/\\\/presscouncil-ks.org\\\/#\\\/schema\\\/person\\\/b79d30c61264caeb733239c16cc4d673\"},\"headline\":\"Izve\u0161tavanje o pravdu i medijsko obrazovanje \\\/\u010clanak Betim Muslijua\",\"datePublished\":\"2025-11-04T13:09:26+00:00\",\"dateModified\":\"2026-06-25T11:23:40+00:00\",\"mainEntityOfPage\":{\"@id\":\"http:\\\/\\\/presscouncil-ks.org\\\/?p=17372&lang=sr\"},\"wordCount\":991,\"commentCount\":0,\"publisher\":{\"@id\":\"http:\\\/\\\/presscouncil-ks.org\\\/#organization\"},\"image\":{\"@id\":\"http:\\\/\\\/presscouncil-ks.org\\\/?p=17372&lang=sr#primaryimage\"},\"thumbnailUrl\":\"http:\\\/\\\/presscouncil-ks.org\\\/wp-content\\\/uploads\\\/2025\\\/11\\\/justice.jpg\",\"articleSection\":[\"Vesti\"],\"inLanguage\":\"en-US\",\"potentialAction\":[{\"@type\":\"CommentAction\",\"name\":\"Comment\",\"target\":[\"http:\\\/\\\/presscouncil-ks.org\\\/?p=17372&lang=sr#respond\"]}]},{\"@type\":\"WebPage\",\"@id\":\"http:\\\/\\\/presscouncil-ks.org\\\/?p=17372&lang=sr\",\"url\":\"http:\\\/\\\/presscouncil-ks.org\\\/?p=17372&lang=sr\",\"name\":\"Izve\u0161tavanje o pravdu i medijsko obrazovanje \\\/\u010clanak Betim Muslijua - K\u00ebshilli i Mediave t\u00eb Shkruara t\u00eb Kosov\u00ebs | P\u00ebr nj\u00eb gazetari etike dhe profesionale\",\"isPartOf\":{\"@id\":\"http:\\\/\\\/presscouncil-ks.org\\\/#website\"},\"primaryImageOfPage\":{\"@id\":\"http:\\\/\\\/presscouncil-ks.org\\\/?p=17372&lang=sr#primaryimage\"},\"image\":{\"@id\":\"http:\\\/\\\/presscouncil-ks.org\\\/?p=17372&lang=sr#primaryimage\"},\"thumbnailUrl\":\"http:\\\/\\\/presscouncil-ks.org\\\/wp-content\\\/uploads\\\/2025\\\/11\\\/justice.jpg\",\"datePublished\":\"2025-11-04T13:09:26+00:00\",\"dateModified\":\"2026-06-25T11:23:40+00:00\",\"breadcrumb\":{\"@id\":\"http:\\\/\\\/presscouncil-ks.org\\\/?p=17372&lang=sr#breadcrumb\"},\"inLanguage\":\"en-US\",\"potentialAction\":[{\"@type\":\"ReadAction\",\"target\":[\"http:\\\/\\\/presscouncil-ks.org\\\/?p=17372&lang=sr\"]}]},{\"@type\":\"ImageObject\",\"inLanguage\":\"en-US\",\"@id\":\"http:\\\/\\\/presscouncil-ks.org\\\/?p=17372&lang=sr#primaryimage\",\"url\":\"http:\\\/\\\/presscouncil-ks.org\\\/wp-content\\\/uploads\\\/2025\\\/11\\\/justice.jpg\",\"contentUrl\":\"http:\\\/\\\/presscouncil-ks.org\\\/wp-content\\\/uploads\\\/2025\\\/11\\\/justice.jpg\",\"width\":1200,\"height\":800},{\"@type\":\"BreadcrumbList\",\"@id\":\"http:\\\/\\\/presscouncil-ks.org\\\/?p=17372&lang=sr#breadcrumb\",\"itemListElement\":[{\"@type\":\"ListItem\",\"position\":1,\"name\":\"Home\",\"item\":\"https:\\\/\\\/presscouncil-ks.org\\\/\"},{\"@type\":\"ListItem\",\"position\":2,\"name\":\"Izve\u0161tavanje o pravdu i medijsko obrazovanje \\\/\u010clanak Betim Muslijua\"}]},{\"@type\":\"WebSite\",\"@id\":\"http:\\\/\\\/presscouncil-ks.org\\\/#website\",\"url\":\"http:\\\/\\\/presscouncil-ks.org\\\/\",\"name\":\"https:\\\/\\\/presscouncil-ks.org\\\/\",\"description\":\"\",\"publisher\":{\"@id\":\"http:\\\/\\\/presscouncil-ks.org\\\/#organization\"},\"potentialAction\":[{\"@type\":\"SearchAction\",\"target\":{\"@type\":\"EntryPoint\",\"urlTemplate\":\"http:\\\/\\\/presscouncil-ks.org\\\/?s={search_term_string}\"},\"query-input\":{\"@type\":\"PropertyValueSpecification\",\"valueRequired\":true,\"valueName\":\"search_term_string\"}}],\"inLanguage\":\"en-US\"},{\"@type\":\"Organization\",\"@id\":\"http:\\\/\\\/presscouncil-ks.org\\\/#organization\",\"name\":\"K\u00ebshilli i Mediave t\u00eb Shkruara t\u00eb Kosov\u00ebs\",\"url\":\"http:\\\/\\\/presscouncil-ks.org\\\/\",\"logo\":{\"@type\":\"ImageObject\",\"inLanguage\":\"en-US\",\"@id\":\"http:\\\/\\\/presscouncil-ks.org\\\/#\\\/schema\\\/logo\\\/image\\\/\",\"url\":\"http:\\\/\\\/presscouncil-ks.org\\\/wp-content\\\/uploads\\\/2023\\\/06\\\/cropped-logo.png\",\"contentUrl\":\"http:\\\/\\\/presscouncil-ks.org\\\/wp-content\\\/uploads\\\/2023\\\/06\\\/cropped-logo.png\",\"width\":268,\"height\":166,\"caption\":\"K\u00ebshilli i Mediave t\u00eb Shkruara t\u00eb Kosov\u00ebs\"},\"image\":{\"@id\":\"http:\\\/\\\/presscouncil-ks.org\\\/#\\\/schema\\\/logo\\\/image\\\/\"},\"sameAs\":[\"https:\\\/\\\/www.facebook.com\\\/KMSHKosove\"]},{\"@type\":\"Person\",\"@id\":\"http:\\\/\\\/presscouncil-ks.org\\\/#\\\/schema\\\/person\\\/b79d30c61264caeb733239c16cc4d673\",\"name\":\"Editor\",\"image\":{\"@type\":\"ImageObject\",\"inLanguage\":\"en-US\",\"@id\":\"https:\\\/\\\/secure.gravatar.com\\\/avatar\\\/9534865f39e7b3527010ee17196a76d054b16d731a6a5bfe2f92a071c6e9bf4e?s=96&d=mm&r=g\",\"url\":\"https:\\\/\\\/secure.gravatar.com\\\/avatar\\\/9534865f39e7b3527010ee17196a76d054b16d731a6a5bfe2f92a071c6e9bf4e?s=96&d=mm&r=g\",\"contentUrl\":\"https:\\\/\\\/secure.gravatar.com\\\/avatar\\\/9534865f39e7b3527010ee17196a76d054b16d731a6a5bfe2f92a071c6e9bf4e?s=96&d=mm&r=g\",\"caption\":\"Editor\"},\"url\":\"http:\\\/\\\/presscouncil-ks.org\\\/?author=2\"}]}<\/script>\n<!-- \/ Yoast SEO plugin. -->","yoast_head_json":{"title":"Izve\u0161tavanje o pravdu i medijsko obrazovanje \/\u010clanak Betim Muslijua - K\u00ebshilli i Mediave t\u00eb Shkruara t\u00eb Kosov\u00ebs | P\u00ebr nj\u00eb gazetari etike dhe profesionale","robots":{"index":"index","follow":"follow","max-snippet":"max-snippet:-1","max-image-preview":"max-image-preview:large","max-video-preview":"max-video-preview:-1"},"canonical":"http:\/\/presscouncil-ks.org\/?p=17372&lang=sr","og_locale":"en_US","og_type":"article","og_title":"Izve\u0161tavanje o pravdu i medijsko obrazovanje \/\u010clanak Betim Muslijua - K\u00ebshilli i Mediave t\u00eb Shkruara t\u00eb Kosov\u00ebs | P\u00ebr nj\u00eb gazetari etike dhe profesionale","og_description":"Neproverene vesti, posebno iz sudskih postupaka, uti\u010du ne samo na poverenje u pravosu\u0111e, vec\u0301 i na sam koncept istine. Dezinformisanje o pravdi je jednako opasno kao i njeno poricanje. Autor: Betim Musliju U zemljama sa krhkim demokratijama, pravda se \u010desto sudi pre nego \u0161to sud donese odluku. U tim zemljama, poverenje u institucije se gradi [&hellip;]","og_url":"http:\/\/presscouncil-ks.org\/?p=17372&lang=sr","og_site_name":"K\u00ebshilli i Mediave t\u00eb Shkruara t\u00eb Kosov\u00ebs | P\u00ebr nj\u00eb gazetari etike dhe profesionale","article_publisher":"https:\/\/www.facebook.com\/KMSHKosove","article_published_time":"2025-11-04T13:09:26+00:00","article_modified_time":"2026-06-25T11:23:40+00:00","og_image":[{"width":1200,"height":800,"url":"http:\/\/presscouncil-ks.org\/wp-content\/uploads\/2025\/11\/justice.jpg","type":"image\/jpeg"}],"author":"Editor","twitter_card":"summary_large_image","twitter_misc":{"Written by":"Editor","Est. reading time":"5 minutes"},"schema":{"@context":"https:\/\/schema.org","@graph":[{"@type":"Article","@id":"http:\/\/presscouncil-ks.org\/?p=17372&lang=sr#article","isPartOf":{"@id":"http:\/\/presscouncil-ks.org\/?p=17372&lang=sr"},"author":{"name":"Editor","@id":"http:\/\/presscouncil-ks.org\/#\/schema\/person\/b79d30c61264caeb733239c16cc4d673"},"headline":"Izve\u0161tavanje o pravdu i medijsko obrazovanje \/\u010clanak Betim Muslijua","datePublished":"2025-11-04T13:09:26+00:00","dateModified":"2026-06-25T11:23:40+00:00","mainEntityOfPage":{"@id":"http:\/\/presscouncil-ks.org\/?p=17372&lang=sr"},"wordCount":991,"commentCount":0,"publisher":{"@id":"http:\/\/presscouncil-ks.org\/#organization"},"image":{"@id":"http:\/\/presscouncil-ks.org\/?p=17372&lang=sr#primaryimage"},"thumbnailUrl":"http:\/\/presscouncil-ks.org\/wp-content\/uploads\/2025\/11\/justice.jpg","articleSection":["Vesti"],"inLanguage":"en-US","potentialAction":[{"@type":"CommentAction","name":"Comment","target":["http:\/\/presscouncil-ks.org\/?p=17372&lang=sr#respond"]}]},{"@type":"WebPage","@id":"http:\/\/presscouncil-ks.org\/?p=17372&lang=sr","url":"http:\/\/presscouncil-ks.org\/?p=17372&lang=sr","name":"Izve\u0161tavanje o pravdu i medijsko obrazovanje \/\u010clanak Betim Muslijua - K\u00ebshilli i Mediave t\u00eb Shkruara t\u00eb Kosov\u00ebs | P\u00ebr nj\u00eb gazetari etike dhe profesionale","isPartOf":{"@id":"http:\/\/presscouncil-ks.org\/#website"},"primaryImageOfPage":{"@id":"http:\/\/presscouncil-ks.org\/?p=17372&lang=sr#primaryimage"},"image":{"@id":"http:\/\/presscouncil-ks.org\/?p=17372&lang=sr#primaryimage"},"thumbnailUrl":"http:\/\/presscouncil-ks.org\/wp-content\/uploads\/2025\/11\/justice.jpg","datePublished":"2025-11-04T13:09:26+00:00","dateModified":"2026-06-25T11:23:40+00:00","breadcrumb":{"@id":"http:\/\/presscouncil-ks.org\/?p=17372&lang=sr#breadcrumb"},"inLanguage":"en-US","potentialAction":[{"@type":"ReadAction","target":["http:\/\/presscouncil-ks.org\/?p=17372&lang=sr"]}]},{"@type":"ImageObject","inLanguage":"en-US","@id":"http:\/\/presscouncil-ks.org\/?p=17372&lang=sr#primaryimage","url":"http:\/\/presscouncil-ks.org\/wp-content\/uploads\/2025\/11\/justice.jpg","contentUrl":"http:\/\/presscouncil-ks.org\/wp-content\/uploads\/2025\/11\/justice.jpg","width":1200,"height":800},{"@type":"BreadcrumbList","@id":"http:\/\/presscouncil-ks.org\/?p=17372&lang=sr#breadcrumb","itemListElement":[{"@type":"ListItem","position":1,"name":"Home","item":"https:\/\/presscouncil-ks.org\/"},{"@type":"ListItem","position":2,"name":"Izve\u0161tavanje o pravdu i medijsko obrazovanje \/\u010clanak Betim Muslijua"}]},{"@type":"WebSite","@id":"http:\/\/presscouncil-ks.org\/#website","url":"http:\/\/presscouncil-ks.org\/","name":"https:\/\/presscouncil-ks.org\/","description":"","publisher":{"@id":"http:\/\/presscouncil-ks.org\/#organization"},"potentialAction":[{"@type":"SearchAction","target":{"@type":"EntryPoint","urlTemplate":"http:\/\/presscouncil-ks.org\/?s={search_term_string}"},"query-input":{"@type":"PropertyValueSpecification","valueRequired":true,"valueName":"search_term_string"}}],"inLanguage":"en-US"},{"@type":"Organization","@id":"http:\/\/presscouncil-ks.org\/#organization","name":"K\u00ebshilli i Mediave t\u00eb Shkruara t\u00eb Kosov\u00ebs","url":"http:\/\/presscouncil-ks.org\/","logo":{"@type":"ImageObject","inLanguage":"en-US","@id":"http:\/\/presscouncil-ks.org\/#\/schema\/logo\/image\/","url":"http:\/\/presscouncil-ks.org\/wp-content\/uploads\/2023\/06\/cropped-logo.png","contentUrl":"http:\/\/presscouncil-ks.org\/wp-content\/uploads\/2023\/06\/cropped-logo.png","width":268,"height":166,"caption":"K\u00ebshilli i Mediave t\u00eb Shkruara t\u00eb Kosov\u00ebs"},"image":{"@id":"http:\/\/presscouncil-ks.org\/#\/schema\/logo\/image\/"},"sameAs":["https:\/\/www.facebook.com\/KMSHKosove"]},{"@type":"Person","@id":"http:\/\/presscouncil-ks.org\/#\/schema\/person\/b79d30c61264caeb733239c16cc4d673","name":"Editor","image":{"@type":"ImageObject","inLanguage":"en-US","@id":"https:\/\/secure.gravatar.com\/avatar\/9534865f39e7b3527010ee17196a76d054b16d731a6a5bfe2f92a071c6e9bf4e?s=96&d=mm&r=g","url":"https:\/\/secure.gravatar.com\/avatar\/9534865f39e7b3527010ee17196a76d054b16d731a6a5bfe2f92a071c6e9bf4e?s=96&d=mm&r=g","contentUrl":"https:\/\/secure.gravatar.com\/avatar\/9534865f39e7b3527010ee17196a76d054b16d731a6a5bfe2f92a071c6e9bf4e?s=96&d=mm&r=g","caption":"Editor"},"url":"http:\/\/presscouncil-ks.org\/?author=2"}]}},"_links":{"self":[{"href":"http:\/\/presscouncil-ks.org\/index.php?rest_route=\/wp\/v2\/posts\/17372","targetHints":{"allow":["GET"]}}],"collection":[{"href":"http:\/\/presscouncil-ks.org\/index.php?rest_route=\/wp\/v2\/posts"}],"about":[{"href":"http:\/\/presscouncil-ks.org\/index.php?rest_route=\/wp\/v2\/types\/post"}],"author":[{"embeddable":true,"href":"http:\/\/presscouncil-ks.org\/index.php?rest_route=\/wp\/v2\/users\/2"}],"replies":[{"embeddable":true,"href":"http:\/\/presscouncil-ks.org\/index.php?rest_route=%2Fwp%2Fv2%2Fcomments&post=17372"}],"version-history":[{"count":5,"href":"http:\/\/presscouncil-ks.org\/index.php?rest_route=\/wp\/v2\/posts\/17372\/revisions"}],"predecessor-version":[{"id":18449,"href":"http:\/\/presscouncil-ks.org\/index.php?rest_route=\/wp\/v2\/posts\/17372\/revisions\/18449"}],"wp:featuredmedia":[{"embeddable":true,"href":"http:\/\/presscouncil-ks.org\/index.php?rest_route=\/wp\/v2\/media\/17373"}],"wp:attachment":[{"href":"http:\/\/presscouncil-ks.org\/index.php?rest_route=%2Fwp%2Fv2%2Fmedia&parent=17372"}],"wp:term":[{"taxonomy":"category","embeddable":true,"href":"http:\/\/presscouncil-ks.org\/index.php?rest_route=%2Fwp%2Fv2%2Fcategories&post=17372"},{"taxonomy":"post_tag","embeddable":true,"href":"http:\/\/presscouncil-ks.org\/index.php?rest_route=%2Fwp%2Fv2%2Ftags&post=17372"}],"curies":[{"name":"wp","href":"https:\/\/api.w.org\/{rel}","templated":true}]}}