{"id":17369,"date":"2025-11-04T13:05:50","date_gmt":"2025-11-04T13:05:50","guid":{"rendered":"https:\/\/presscouncil-ks.org\/?p=17369"},"modified":"2026-06-25T11:19:54","modified_gmt":"2026-06-25T11:19:54","slug":"raportimi-per-drejtesine-dhe-edukimi-medial","status":"publish","type":"post","link":"http:\/\/presscouncil-ks.org\/?p=17369","title":{"rendered":"Raportimi p\u00ebr drejt\u00ebsin\u00eb dhe edukimi medial \/ Shkrim nga Betim Musliu"},"content":{"rendered":"<div class=\"xdj266r x14z9mp xat24cr x1lziwak x1vvkbs x126k92a\">\n<div dir=\"auto\"><strong>Lajmet e publikuara pa verifikim, sidomos nga proceset gjyq\u00ebsore, ndikojn\u00eb jo vet\u00ebm n\u00eb besimin ndaj drejt\u00ebsis\u00eb, por edhe n\u00eb vet\u00eb konceptin e s\u00eb v\u00ebrtet\u00ebs. T\u00eb keqinformosh p\u00ebr drejt\u00ebsin\u00eb \u00ebsht\u00eb po aq e rrezikshme sa ta mohosh at\u00eb.<\/strong><\/div>\n<\/div>\n<div class=\"x14z9mp xat24cr x1lziwak x1vvkbs xtlvy1s x126k92a\">\n<div dir=\"auto\"><\/div>\n<div dir=\"auto\"><\/div>\n<div dir=\"auto\"><strong>Shkrim nga Betim Musliu<\/strong><\/div>\n<\/div>\n<div dir=\"auto\"><\/div>\n<div dir=\"auto\"><\/div>\n<div class=\"x14z9mp xat24cr x1lziwak x1vvkbs xtlvy1s x126k92a\">\n<div dir=\"auto\"><\/div>\n<div dir=\"auto\">N\u00eb vendet me demokraci t\u00eb brisht\u00eb, drejt\u00ebsia shpesh gjykohet para se t\u00eb flas\u00eb gjykata. N\u00eb k\u00ebto vende besimi n\u00eb institucione nd\u00ebrtohet me shum\u00eb mund, por rr\u00ebzohet me leht\u00ebsi n\u00ebp\u00ebrmjet titujve n\u00eb media apo rrjete sociale. N\u00eb k\u00ebt\u00eb realitet t\u00eb epok\u00ebs digjitale gara nuk b\u00ebhet p\u00ebr lajmin e sakt\u00eb dhe t\u00eb drejt\u00eb, por p\u00ebr shpejt\u00ebsin\u00eb e publikimit t\u00eb tij.<\/div>\n<\/div>\n<div dir=\"auto\"><\/div>\n<div dir=\"auto\"><\/div>\n<div class=\"x14z9mp xat24cr x1lziwak x1vvkbs xtlvy1s x126k92a\">\n<div dir=\"auto\">Raportimi nga gjykatat \u00ebsht\u00eb nd\u00ebr format m\u00eb t\u00eb ndjeshme t\u00eb gazetaris\u00eb, p\u00ebr \u00e7ka k\u00ebrkohet p\u00ebrgatitje e madhe profesionale. Lajmet nga gjykatat ndikojn\u00eb drejtp\u00ebrdrejt n\u00eb perceptimin publik p\u00ebr drejt\u00ebsin\u00eb, si shtyll\u00eb kryesore n\u00eb demokraci. Prandaj, lajmet e publikuara pa verifikim, sidomos nga proceset gjyq\u00ebsore, ndikojn\u00eb jo vet\u00ebm n\u00eb besimin ndaj drejt\u00ebsis\u00eb, por edhe n\u00eb vet\u00eb konceptin e s\u00eb v\u00ebrtet\u00ebs. Drejt\u00ebsia e keqinformuar \u00ebsht\u00eb po aq e rrezikshme sa drejt\u00ebsia e mohuar.<\/div>\n<\/div>\n<div dir=\"auto\"><\/div>\n<div dir=\"auto\"><\/div>\n<div class=\"x14z9mp xat24cr x1lziwak x1vvkbs xtlvy1s x126k92a\">\n<div dir=\"auto\">N\u00eb k\u00ebt\u00eb kontekst, ku \u00e7dokush mund t\u00eb publikoj\u00eb, por jo \u00e7dokush di t\u00eb raportoj\u00eb, edukimi medial nuk \u00ebsht\u00eb m\u00eb luks, por \u00ebsht\u00eb domosdoshm\u00ebri publike. Qytetar\u00ebt duhet t\u00eb din\u00eb t\u00eb lexojn\u00eb mes rreshtash dhe t\u00eb dallojn\u00eb gazetarin\u00eb nga propagandat.<\/div>\n<div dir=\"auto\"><\/div>\n<\/div>\n<div dir=\"auto\"><\/div>\n<div class=\"x14z9mp xat24cr x1lziwak x1vvkbs xtlvy1s x126k92a\">\n<div dir=\"auto\">Raportimi nga gjykatat k\u00ebrkon m\u00eb shum\u00eb se sa pranin\u00eb n\u00eb gjykatore. Gazetar\u00ebt e sektorit t\u00eb drejt\u00ebsis\u00eb duhet t\u00eb p\u00ebrgatiten profesionalisht, me njohuri ligjore, p\u00ebr proceset gjyq\u00ebsore, p\u00ebr parimin e prezumimit t\u00eb pafaj\u00ebsis\u00eb dhe p\u00ebr kufijt\u00eb q\u00eb ndajn\u00eb interesin publik nga shkelja e privat\u00ebsis\u00eb. Por, shpesh k\u00ebto parime shkilen p\u00ebr hir t\u00eb nj\u00eb titulli \u201ckreativ\u201d q\u00eb sjell klikime. N\u00eb k\u00ebto raste, nga lajmi prodhohen spektakle dhe n\u00eb vend t\u00eb raportimit, b\u00ebhen gjyqe publike.<\/div>\n<div dir=\"auto\"><\/div>\n<\/div>\n<div dir=\"auto\"><\/div>\n<div class=\"x14z9mp xat24cr x1lziwak x1vvkbs xtlvy1s x126k92a\">\n<div dir=\"auto\">Nj\u00eb lajm i pasakt\u00eb nga nj\u00eb seanc\u00eb gjyq\u00ebsore mund t\u00eb prodhoj\u00eb pasoja t\u00eb pariparueshme p\u00ebr jet\u00ebn e njer\u00ebzve. N\u00eb epok\u00ebn digjitale, ku gjith\u00e7ka mbetet n\u00eb arkivat online, gabimi n\u00eb raportim mbetet si \u201cd\u00ebnim i p\u00ebrhersh\u00ebm\u201d, prandaj raportimi nga gjykatat duhet t\u00eb jet\u00eb shembull i profesionalizmit, standard ky q\u00eb duhet ta k\u00ebrkoj\u00eb domosdo edhe publiku.<\/div>\n<\/div>\n<div dir=\"auto\"><\/div>\n<div dir=\"auto\"><\/div>\n<div class=\"x14z9mp xat24cr x1lziwak x1vvkbs xtlvy1s x126k92a\">\n<div dir=\"auto\">N\u00eb epok\u00ebn digjitale &#8211; n\u00eb dominimin e mediave sociale &#8211; qytetari \u00ebsht\u00eb konsumator i lloj-lloj produkti t\u00eb maskuar si lajm, t\u00eb cilin shpesh nuk ka aft\u00ebsi ta dalloj\u00eb Derisa nj\u00eb status n\u00eb rrjete sociale b\u00ebhet viral brenda pak minutash, nj\u00eb raportim profesional ndodh t\u00eb kaloj\u00eb pa v\u00ebmendje, p\u00ebr shkak t\u00eb munges\u00ebs s\u00eb spektaklit n\u00eb raportim. Prandaj, edukimi medial \u00ebsht\u00eb rruga e vetme q\u00eb qytetari t\u00eb aft\u00ebsohet jo vet\u00ebm p\u00ebr t\u00eb p\u00ebrdorur median, por p\u00ebr ta kuptuar at\u00eb, n\u00eb m\u00ebnyr\u00eb q\u00eb t\u00eb zgjedh t\u00eb informohet nga media profesionale, jo nga \u201cmedia\u201d apo profile anonime q\u00eb luajn\u00eb me emocionet dhe paragjykimet.<\/div>\n<\/div>\n<div dir=\"auto\"><\/div>\n<div dir=\"auto\"><\/div>\n<div class=\"x14z9mp xat24cr x1lziwak x1vvkbs xtlvy1s x126k92a\">\n<div dir=\"auto\">Sfida e tanishme me t\u00eb cil\u00ebn po p\u00ebrballen mediat profesionale \u00ebsht\u00eb logjika e tregut digjital, ku algoritmet nuk shp\u00ebrblejn\u00eb cil\u00ebsin\u00eb e informacionit, por klikimet, komentet dhe shp\u00ebrndarjet. N\u00eb kontekstin e raportimit nga gjykatat kjo logjik\u00eb \u00ebsht\u00eb shum\u00eb e rrezikshme, duke e perceptuar drejt\u00ebsin\u00eb si spkekak\u00ebl e jo si proces t\u00eb administrimit t\u00eb drejt\u00ebsis\u00eb, rrjedhimisht duke prodhuar viktima p\u00ebr t\u00eb sat\u00ebn her\u00eb.<\/div>\n<\/div>\n<div dir=\"auto\"><\/div>\n<div dir=\"auto\"><\/div>\n<div class=\"x14z9mp xat24cr x1lziwak x1vvkbs xtlvy1s x126k92a\">\n<div dir=\"auto\">N\u00eb k\u00ebt\u00eb realitet mediat profesionale jan\u00eb n\u00eb kriz\u00eb t\u00eb mbijetes\u00ebs, duke \u201cluftuar\u201d me p\u00ebrmbajtjet manipulative q\u00eb n\u00ebp\u00ebrmjet algoritmeve marrin v\u00ebmendjen e publikut, klikimet, rrjedhimisht t\u00eb ardhurat.<\/div>\n<\/div>\n<div dir=\"auto\"><\/div>\n<div dir=\"auto\"><\/div>\n<div class=\"x14z9mp xat24cr x1lziwak x1vvkbs xtlvy1s x126k92a\">\n<div dir=\"auto\">Kosova njihet si vend ku aspekti i rregullimit kushtetues e ligjor n\u00eb fush\u00ebn e liris\u00eb s\u00eb medias ka avancuar. Pavar\u00ebsisht k\u00ebtyre garancioneve, zbatimi n\u00eb praktik\u00eb mbetet sfid\u00eb. N\u00eb k\u00ebt\u00eb drejtim, vet\u00ebrregullimi \u00ebsht\u00eb m\u00ebnyra m\u00eb e mir\u00eb p\u00ebr t\u00eb ruajtur integritetin e profesionit t\u00eb gazetaris\u00eb. K\u00ebshilli i Mediave t\u00eb Shkruara t\u00eb Kosov\u00ebs (KMShK) \u00ebsht\u00eb shembull i k\u00ebtij mekanizmi, p\u00ebr t\u00eb ngritu profesionalizmin e mediave dhe respektimin e Kodit t\u00eb Etik\u00ebs, duke mos nd\u00ebshkuar, por duke udh\u00ebzuar, duke mos censuruar, por duke mbrojtur etik\u00ebn dhe standardet profesionale.<\/div>\n<\/div>\n<div dir=\"auto\"><\/div>\n<div dir=\"auto\"><\/div>\n<div class=\"x14z9mp xat24cr x1lziwak x1vvkbs xtlvy1s x126k92a\">\n<div dir=\"auto\">Megjithat\u00eb, as ky mekaniz\u00ebm vet\u00ebrregullues nuk funksionon n\u00ebse publiku nuk e njeh dhe nuk e p\u00ebrdor. Prandaj, \u00ebsht\u00eb e dosmosdoshme edukimi medial t\u00eb p\u00ebrfshij\u00eb edhe njohjen e mekanizmave t\u00eb vet\u00ebrregullimit, sepse vet\u00ebm nj\u00eb publik i informuar mund t\u00eb k\u00ebrkoj\u00eb llogari nga media, e cila n\u00eb k\u00ebto raste detyrohet t\u00eb jet\u00eb m\u00eb profesionale.<\/div>\n<\/div>\n<div dir=\"auto\"><\/div>\n<div dir=\"auto\"><\/div>\n<div class=\"x14z9mp xat24cr x1lziwak x1vvkbs xtlvy1s x126k92a\">\n<div dir=\"auto\">Edukimi medial duhet t\u00eb filloj\u00eb sa m\u00eb her\u00ebt, qysh n\u00eb shkoll\u00ebn fillore. Nx\u00ebn\u00ebsit duhet t\u00eb m\u00ebsojn\u00eb si funksionon media, si verifikohet informacioni dhe si ndahen faktet nga opinionet. Kjo nuk \u00ebsht\u00eb vet\u00ebm pjes\u00eb e arsimit qytetar \u2013 \u00ebsht\u00eb mbrojtje kund\u00ebr manipulimit. N\u00ebse f\u00ebmij\u00ebt rriten duke kuptuar se jo \u00e7do gj\u00eb q\u00eb qarkullon n\u00eb rrjete \u00ebsht\u00eb e v\u00ebrtet\u00eb, at\u00ebher\u00eb shoq\u00ebria e s\u00eb nes\u00ebrmes do t\u00eb jet\u00eb m\u00eb pak e rrezikuar nga dezinformimi dhe m\u00eb e aft\u00eb t\u00eb k\u00ebrkoj\u00eb gazetari cil\u00ebsore.<\/div>\n<\/div>\n<div dir=\"auto\"><\/div>\n<div dir=\"auto\"><\/div>\n<div class=\"x14z9mp xat24cr x1lziwak x1vvkbs xtlvy1s x126k92a\">\n<div dir=\"auto\">N\u00eb raportimin nga gjykatat p\u00ebrgjegj\u00ebsia \u00ebsht\u00eb e nd\u00ebrsjell\u00eb &#8211; e gazetar\u00ebve p\u00ebr t\u00eb raportuar drejt dhe e publikut p\u00ebr t\u00eb konsumuar me vet\u00ebdije. Gazetaria \u00ebsht\u00eb aq profesionale sa publiku e k\u00ebrkon t\u00eb jet\u00eb.<\/div>\n<div dir=\"auto\">N\u00ebse publiku shp\u00ebrblen lajmet e pav\u00ebrteta me klikime, do t\u00eb prodhohen edhe m\u00eb shum\u00eb lajme t\u00eb pav\u00ebrteta, por n\u00ebse publiku shp\u00ebrblen sakt\u00ebsin\u00eb, kontekstin dhe profesionalizmin, tregu do t\u00eb ndryshoj\u00eb vetvetiu. N\u00eb k\u00ebt\u00eb drejtim, publiku luan rolin e rojes t\u00eb s\u00eb v\u00ebrtet\u00ebs.<\/div>\n<\/div>\n<div dir=\"auto\"><\/div>\n<div dir=\"auto\"><\/div>\n<div class=\"x14z9mp xat24cr x1lziwak x1vvkbs xtlvy1s x126k92a\">\n<div dir=\"auto\">Raportimi nga gjykatat na kujton se liria e shprehjes dhe e medias jan\u00eb t\u00eb vlefshme vet\u00ebm kur shoq\u00ebrohen me p\u00ebrgjegj\u00ebsi. Prandaj, edukimi medial duhet t\u00eb jet\u00eb pjes\u00eb e p\u00ebrditshm\u00ebris\u00eb son\u00eb \u2013 kudo. Kjo \u00ebsht\u00eb m\u00ebnyra e vetme p\u00ebr t\u00eb nd\u00ebrtuar nj\u00eb shoq\u00ebri q\u00eb kupton, vler\u00ebson dhe mbron gazetarin\u00eb e mir\u00ebfillt\u00eb dhe q\u00eb k\u00ebrkon drejt\u00ebsi jo nga titujt e rrjeteve sociale, por nga faktet e d\u00ebshmuara n\u00eb gjykat\u00eb. Gazetaria profesionale me integritet nuk ka vet\u00ebm mision informimin, por edhe nd\u00ebrtimin e besimit publik.<\/div>\n<div dir=\"auto\"><\/div>\n<\/div>\n<div dir=\"auto\"><\/div>\n<div dir=\"auto\"><img loading=\"lazy\" decoding=\"async\" class=\"alignnone size-medium wp-image-18440\" src=\"http:\/\/presscouncil-ks.org\/wp-content\/uploads\/2025\/09\/llogo-eu-300x63.jpeg\" alt=\"\" width=\"300\" height=\"63\" srcset=\"http:\/\/presscouncil-ks.org\/wp-content\/uploads\/2025\/09\/llogo-eu-300x63.jpeg 300w, http:\/\/presscouncil-ks.org\/wp-content\/uploads\/2025\/09\/llogo-eu-1024x215.jpeg 1024w, http:\/\/presscouncil-ks.org\/wp-content\/uploads\/2025\/09\/llogo-eu-768x161.jpeg 768w, http:\/\/presscouncil-ks.org\/wp-content\/uploads\/2025\/09\/llogo-eu.jpeg 1100w\" sizes=\"auto, (max-width: 300px) 100vw, 300px\" \/><\/div>\n<div dir=\"auto\"><\/div>\n<div dir=\"auto\"><\/div>\n<div class=\"x14z9mp xat24cr x1lziwak x1vvkbs xtlvy1s x126k92a\">\n<div dir=\"auto\">(Autori \u00ebsht\u00eb zv.drejtor ekzekutiv i Institutit t\u00eb Kosov\u00ebs p\u00ebr Drejt\u00ebsi dhe kryeredaktor i mediumit \u201cBetimi p\u00ebr Drejt\u00ebsi\u201d. Ky artikull \u00ebsht\u00eb shkruar n\u00eb kuad\u00ebr t\u00eb projektit \u201cMedia Jon\u00eb\u201d. Q\u00ebndrimet dhe opinionet e shprehura n\u00eb k\u00ebt\u00eb punim i p\u00ebrkasin vet\u00ebm autorit dhe nuk pasqyrojn\u00eb domosdoshm\u00ebrisht q\u00ebndrimet dhe opinionet e Bashkimit Evropian. Projekti rajonal \u201cMedia Jon\u00eb: Nism\u00eb p\u00ebr Avancimin e Edukimit Medial, Dialogut dhe Aktivizmit\u201d zbatohet me mb\u00ebshtetje financiare nga Bashkimi Evropian nga organizatat partnere: <span style=\"color: #0000ff;\"><strong><a style=\"color: #0000ff;\" href=\"https:\/\/seenpm.org\/\"><em>SEENPM<\/em><\/a>,\u00a0<a style=\"color: #0000ff;\" href=\"https:\/\/institutemedia.org\/\">Instituti Shqiptar i Medias<\/a>,\u00a0<a style=\"color: #0000ff;\" href=\"https:\/\/www.media.ba\/bs\">Qendra Mediale n\u00eb Sarajev\u00eb<\/a>,\u00a0<a style=\"color: #0000ff;\" href=\"https:\/\/presscouncil-ks.org\/\">K\u00ebshilli i Mediave t\u00eb Shkruara i Kosov\u00ebs<\/a>,\u00a0<a style=\"color: #0000ff;\" href=\"https:\/\/www.mminstitute.org\/en\/\">Instituti Mediatik i Malit t\u00eb Zi<\/a>,\u00a0<a style=\"color: #0000ff;\" href=\"https:\/\/mim.org.mk\/en\/\">Instituti i Medias i Maqedonis\u00eb<\/a>,\u00a0<a style=\"color: #0000ff;\" href=\"https:\/\/novinarska-skola.org.rs\/srbija-opet-pala-na-listi-reportera-bez-granica\/?lang=en\">Shkolla e Gazetaris\u00eb Novi Sad<\/a>,\u00a0<a style=\"color: #0000ff;\" href=\"https:\/\/www.mirovni-institut.si\/en\/\">Instituti i Paqes<\/a>\u00a0dhe\u00a0<a style=\"color: #0000ff;\" href=\"https:\/\/bianet.org\/english\">Bianet<\/a>.<\/strong><\/span><\/div>\n<\/div>\n<div dir=\"auto\"><\/div>\n<div dir=\"auto\"><\/div>\n<div class=\"x14z9mp xat24cr x1lziwak x1vvkbs xtlvy1s x126k92a\">\n<div dir=\"auto\"><\/div>\n<\/div>\n","protected":false},"excerpt":{"rendered":"<p>Lajmet e publikuara pa verifikim, sidomos nga proceset gjyq\u00ebsore, ndikojn\u00eb jo vet\u00ebm n\u00eb besimin ndaj drejt\u00ebsis\u00eb, por edhe n\u00eb vet\u00eb konceptin e s\u00eb v\u00ebrtet\u00ebs. T\u00eb keqinformosh p\u00ebr drejt\u00ebsin\u00eb \u00ebsht\u00eb po aq e rrezikshme sa ta mohosh at\u00eb. Shkrim nga Betim Musliu N\u00eb vendet me demokraci t\u00eb brisht\u00eb, drejt\u00ebsia shpesh gjykohet para se t\u00eb flas\u00eb gjykata. [&hellip;]<\/p>\n","protected":false},"author":2,"featured_media":17373,"comment_status":"open","ping_status":"open","sticky":false,"template":"","format":"standard","meta":{"footnotes":""},"categories":[92],"tags":[],"class_list":["post-17369","post","type-post","status-publish","format-standard","has-post-thumbnail","hentry","category-news-sq"],"acf":{"video_title":"","video":false},"yoast_head":"<!-- This site is optimized with the Yoast SEO plugin v28.3 - https:\/\/yoast.com\/product\/yoast-seo-wordpress\/ -->\n<title>Raportimi p\u00ebr drejt\u00ebsin\u00eb dhe edukimi medial \/ Shkrim nga Betim Musliu - K\u00ebshilli i Mediave t\u00eb Shkruara t\u00eb Kosov\u00ebs | P\u00ebr nj\u00eb gazetari etike dhe profesionale<\/title>\n<meta name=\"robots\" content=\"index, follow, max-snippet:-1, max-image-preview:large, max-video-preview:-1\" \/>\n<link rel=\"canonical\" href=\"http:\/\/presscouncil-ks.org\/?p=17369\" \/>\n<meta property=\"og:locale\" content=\"en_US\" \/>\n<meta property=\"og:type\" content=\"article\" \/>\n<meta property=\"og:title\" content=\"Raportimi p\u00ebr drejt\u00ebsin\u00eb dhe edukimi medial \/ Shkrim nga Betim Musliu - K\u00ebshilli i Mediave t\u00eb Shkruara t\u00eb Kosov\u00ebs | P\u00ebr nj\u00eb gazetari etike dhe profesionale\" \/>\n<meta property=\"og:description\" content=\"Lajmet e publikuara pa verifikim, sidomos nga proceset gjyq\u00ebsore, ndikojn\u00eb jo vet\u00ebm n\u00eb besimin ndaj drejt\u00ebsis\u00eb, por edhe n\u00eb vet\u00eb konceptin e s\u00eb v\u00ebrtet\u00ebs. T\u00eb keqinformosh p\u00ebr drejt\u00ebsin\u00eb \u00ebsht\u00eb po aq e rrezikshme sa ta mohosh at\u00eb. Shkrim nga Betim Musliu N\u00eb vendet me demokraci t\u00eb brisht\u00eb, drejt\u00ebsia shpesh gjykohet para se t\u00eb flas\u00eb gjykata. [&hellip;]\" \/>\n<meta property=\"og:url\" content=\"http:\/\/presscouncil-ks.org\/?p=17369\" \/>\n<meta property=\"og:site_name\" content=\"K\u00ebshilli i Mediave t\u00eb Shkruara t\u00eb Kosov\u00ebs | P\u00ebr nj\u00eb gazetari etike dhe profesionale\" \/>\n<meta property=\"article:publisher\" content=\"https:\/\/www.facebook.com\/KMSHKosove\" \/>\n<meta property=\"article:published_time\" content=\"2025-11-04T13:05:50+00:00\" \/>\n<meta property=\"article:modified_time\" content=\"2026-06-25T11:19:54+00:00\" \/>\n<meta property=\"og:image\" content=\"http:\/\/presscouncil-ks.org\/wp-content\/uploads\/2025\/11\/justice.jpg\" \/>\n\t<meta property=\"og:image:width\" content=\"1200\" \/>\n\t<meta property=\"og:image:height\" content=\"800\" \/>\n\t<meta property=\"og:image:type\" content=\"image\/jpeg\" \/>\n<meta name=\"author\" content=\"Editor\" \/>\n<meta name=\"twitter:card\" content=\"summary_large_image\" \/>\n<meta name=\"twitter:label1\" content=\"Written by\" \/>\n\t<meta name=\"twitter:data1\" content=\"Editor\" \/>\n\t<meta name=\"twitter:label2\" content=\"Est. reading time\" \/>\n\t<meta name=\"twitter:data2\" content=\"5 minutes\" \/>\n<script type=\"application\/ld+json\" class=\"yoast-schema-graph\">{\"@context\":\"https:\\\/\\\/schema.org\",\"@graph\":[{\"@type\":\"Article\",\"@id\":\"http:\\\/\\\/presscouncil-ks.org\\\/?p=17369#article\",\"isPartOf\":{\"@id\":\"http:\\\/\\\/presscouncil-ks.org\\\/?p=17369\"},\"author\":{\"name\":\"Editor\",\"@id\":\"http:\\\/\\\/presscouncil-ks.org\\\/#\\\/schema\\\/person\\\/b79d30c61264caeb733239c16cc4d673\"},\"headline\":\"Raportimi p\u00ebr drejt\u00ebsin\u00eb dhe edukimi medial \\\/ Shkrim nga Betim Musliu\",\"datePublished\":\"2025-11-04T13:05:50+00:00\",\"dateModified\":\"2026-06-25T11:19:54+00:00\",\"mainEntityOfPage\":{\"@id\":\"http:\\\/\\\/presscouncil-ks.org\\\/?p=17369\"},\"wordCount\":1191,\"commentCount\":0,\"publisher\":{\"@id\":\"http:\\\/\\\/presscouncil-ks.org\\\/#organization\"},\"image\":{\"@id\":\"http:\\\/\\\/presscouncil-ks.org\\\/?p=17369#primaryimage\"},\"thumbnailUrl\":\"http:\\\/\\\/presscouncil-ks.org\\\/wp-content\\\/uploads\\\/2025\\\/11\\\/justice.jpg\",\"articleSection\":[\"Lajm\"],\"inLanguage\":\"en-US\",\"potentialAction\":[{\"@type\":\"CommentAction\",\"name\":\"Comment\",\"target\":[\"http:\\\/\\\/presscouncil-ks.org\\\/?p=17369#respond\"]}]},{\"@type\":\"WebPage\",\"@id\":\"http:\\\/\\\/presscouncil-ks.org\\\/?p=17369\",\"url\":\"http:\\\/\\\/presscouncil-ks.org\\\/?p=17369\",\"name\":\"Raportimi p\u00ebr drejt\u00ebsin\u00eb dhe edukimi medial \\\/ Shkrim nga Betim Musliu - K\u00ebshilli i Mediave t\u00eb Shkruara t\u00eb Kosov\u00ebs | P\u00ebr nj\u00eb gazetari etike dhe profesionale\",\"isPartOf\":{\"@id\":\"http:\\\/\\\/presscouncil-ks.org\\\/#website\"},\"primaryImageOfPage\":{\"@id\":\"http:\\\/\\\/presscouncil-ks.org\\\/?p=17369#primaryimage\"},\"image\":{\"@id\":\"http:\\\/\\\/presscouncil-ks.org\\\/?p=17369#primaryimage\"},\"thumbnailUrl\":\"http:\\\/\\\/presscouncil-ks.org\\\/wp-content\\\/uploads\\\/2025\\\/11\\\/justice.jpg\",\"datePublished\":\"2025-11-04T13:05:50+00:00\",\"dateModified\":\"2026-06-25T11:19:54+00:00\",\"breadcrumb\":{\"@id\":\"http:\\\/\\\/presscouncil-ks.org\\\/?p=17369#breadcrumb\"},\"inLanguage\":\"en-US\",\"potentialAction\":[{\"@type\":\"ReadAction\",\"target\":[\"http:\\\/\\\/presscouncil-ks.org\\\/?p=17369\"]}]},{\"@type\":\"ImageObject\",\"inLanguage\":\"en-US\",\"@id\":\"http:\\\/\\\/presscouncil-ks.org\\\/?p=17369#primaryimage\",\"url\":\"http:\\\/\\\/presscouncil-ks.org\\\/wp-content\\\/uploads\\\/2025\\\/11\\\/justice.jpg\",\"contentUrl\":\"http:\\\/\\\/presscouncil-ks.org\\\/wp-content\\\/uploads\\\/2025\\\/11\\\/justice.jpg\",\"width\":1200,\"height\":800},{\"@type\":\"BreadcrumbList\",\"@id\":\"http:\\\/\\\/presscouncil-ks.org\\\/?p=17369#breadcrumb\",\"itemListElement\":[{\"@type\":\"ListItem\",\"position\":1,\"name\":\"Home\",\"item\":\"https:\\\/\\\/presscouncil-ks.org\\\/\"},{\"@type\":\"ListItem\",\"position\":2,\"name\":\"Raportimi p\u00ebr drejt\u00ebsin\u00eb dhe edukimi medial \\\/ Shkrim nga Betim Musliu\"}]},{\"@type\":\"WebSite\",\"@id\":\"http:\\\/\\\/presscouncil-ks.org\\\/#website\",\"url\":\"http:\\\/\\\/presscouncil-ks.org\\\/\",\"name\":\"https:\\\/\\\/presscouncil-ks.org\\\/\",\"description\":\"\",\"publisher\":{\"@id\":\"http:\\\/\\\/presscouncil-ks.org\\\/#organization\"},\"potentialAction\":[{\"@type\":\"SearchAction\",\"target\":{\"@type\":\"EntryPoint\",\"urlTemplate\":\"http:\\\/\\\/presscouncil-ks.org\\\/?s={search_term_string}\"},\"query-input\":{\"@type\":\"PropertyValueSpecification\",\"valueRequired\":true,\"valueName\":\"search_term_string\"}}],\"inLanguage\":\"en-US\"},{\"@type\":\"Organization\",\"@id\":\"http:\\\/\\\/presscouncil-ks.org\\\/#organization\",\"name\":\"K\u00ebshilli i Mediave t\u00eb Shkruara t\u00eb Kosov\u00ebs\",\"url\":\"http:\\\/\\\/presscouncil-ks.org\\\/\",\"logo\":{\"@type\":\"ImageObject\",\"inLanguage\":\"en-US\",\"@id\":\"http:\\\/\\\/presscouncil-ks.org\\\/#\\\/schema\\\/logo\\\/image\\\/\",\"url\":\"http:\\\/\\\/presscouncil-ks.org\\\/wp-content\\\/uploads\\\/2023\\\/06\\\/cropped-logo.png\",\"contentUrl\":\"http:\\\/\\\/presscouncil-ks.org\\\/wp-content\\\/uploads\\\/2023\\\/06\\\/cropped-logo.png\",\"width\":268,\"height\":166,\"caption\":\"K\u00ebshilli i Mediave t\u00eb Shkruara t\u00eb Kosov\u00ebs\"},\"image\":{\"@id\":\"http:\\\/\\\/presscouncil-ks.org\\\/#\\\/schema\\\/logo\\\/image\\\/\"},\"sameAs\":[\"https:\\\/\\\/www.facebook.com\\\/KMSHKosove\"]},{\"@type\":\"Person\",\"@id\":\"http:\\\/\\\/presscouncil-ks.org\\\/#\\\/schema\\\/person\\\/b79d30c61264caeb733239c16cc4d673\",\"name\":\"Editor\",\"image\":{\"@type\":\"ImageObject\",\"inLanguage\":\"en-US\",\"@id\":\"https:\\\/\\\/secure.gravatar.com\\\/avatar\\\/9534865f39e7b3527010ee17196a76d054b16d731a6a5bfe2f92a071c6e9bf4e?s=96&d=mm&r=g\",\"url\":\"https:\\\/\\\/secure.gravatar.com\\\/avatar\\\/9534865f39e7b3527010ee17196a76d054b16d731a6a5bfe2f92a071c6e9bf4e?s=96&d=mm&r=g\",\"contentUrl\":\"https:\\\/\\\/secure.gravatar.com\\\/avatar\\\/9534865f39e7b3527010ee17196a76d054b16d731a6a5bfe2f92a071c6e9bf4e?s=96&d=mm&r=g\",\"caption\":\"Editor\"},\"url\":\"http:\\\/\\\/presscouncil-ks.org\\\/?author=2\"}]}<\/script>\n<!-- \/ Yoast SEO plugin. -->","yoast_head_json":{"title":"Raportimi p\u00ebr drejt\u00ebsin\u00eb dhe edukimi medial \/ Shkrim nga Betim Musliu - K\u00ebshilli i Mediave t\u00eb Shkruara t\u00eb Kosov\u00ebs | P\u00ebr nj\u00eb gazetari etike dhe profesionale","robots":{"index":"index","follow":"follow","max-snippet":"max-snippet:-1","max-image-preview":"max-image-preview:large","max-video-preview":"max-video-preview:-1"},"canonical":"http:\/\/presscouncil-ks.org\/?p=17369","og_locale":"en_US","og_type":"article","og_title":"Raportimi p\u00ebr drejt\u00ebsin\u00eb dhe edukimi medial \/ Shkrim nga Betim Musliu - K\u00ebshilli i Mediave t\u00eb Shkruara t\u00eb Kosov\u00ebs | P\u00ebr nj\u00eb gazetari etike dhe profesionale","og_description":"Lajmet e publikuara pa verifikim, sidomos nga proceset gjyq\u00ebsore, ndikojn\u00eb jo vet\u00ebm n\u00eb besimin ndaj drejt\u00ebsis\u00eb, por edhe n\u00eb vet\u00eb konceptin e s\u00eb v\u00ebrtet\u00ebs. T\u00eb keqinformosh p\u00ebr drejt\u00ebsin\u00eb \u00ebsht\u00eb po aq e rrezikshme sa ta mohosh at\u00eb. Shkrim nga Betim Musliu N\u00eb vendet me demokraci t\u00eb brisht\u00eb, drejt\u00ebsia shpesh gjykohet para se t\u00eb flas\u00eb gjykata. [&hellip;]","og_url":"http:\/\/presscouncil-ks.org\/?p=17369","og_site_name":"K\u00ebshilli i Mediave t\u00eb Shkruara t\u00eb Kosov\u00ebs | P\u00ebr nj\u00eb gazetari etike dhe profesionale","article_publisher":"https:\/\/www.facebook.com\/KMSHKosove","article_published_time":"2025-11-04T13:05:50+00:00","article_modified_time":"2026-06-25T11:19:54+00:00","og_image":[{"width":1200,"height":800,"url":"http:\/\/presscouncil-ks.org\/wp-content\/uploads\/2025\/11\/justice.jpg","type":"image\/jpeg"}],"author":"Editor","twitter_card":"summary_large_image","twitter_misc":{"Written by":"Editor","Est. reading time":"5 minutes"},"schema":{"@context":"https:\/\/schema.org","@graph":[{"@type":"Article","@id":"http:\/\/presscouncil-ks.org\/?p=17369#article","isPartOf":{"@id":"http:\/\/presscouncil-ks.org\/?p=17369"},"author":{"name":"Editor","@id":"http:\/\/presscouncil-ks.org\/#\/schema\/person\/b79d30c61264caeb733239c16cc4d673"},"headline":"Raportimi p\u00ebr drejt\u00ebsin\u00eb dhe edukimi medial \/ Shkrim nga Betim Musliu","datePublished":"2025-11-04T13:05:50+00:00","dateModified":"2026-06-25T11:19:54+00:00","mainEntityOfPage":{"@id":"http:\/\/presscouncil-ks.org\/?p=17369"},"wordCount":1191,"commentCount":0,"publisher":{"@id":"http:\/\/presscouncil-ks.org\/#organization"},"image":{"@id":"http:\/\/presscouncil-ks.org\/?p=17369#primaryimage"},"thumbnailUrl":"http:\/\/presscouncil-ks.org\/wp-content\/uploads\/2025\/11\/justice.jpg","articleSection":["Lajm"],"inLanguage":"en-US","potentialAction":[{"@type":"CommentAction","name":"Comment","target":["http:\/\/presscouncil-ks.org\/?p=17369#respond"]}]},{"@type":"WebPage","@id":"http:\/\/presscouncil-ks.org\/?p=17369","url":"http:\/\/presscouncil-ks.org\/?p=17369","name":"Raportimi p\u00ebr drejt\u00ebsin\u00eb dhe edukimi medial \/ Shkrim nga Betim Musliu - K\u00ebshilli i Mediave t\u00eb Shkruara t\u00eb Kosov\u00ebs | P\u00ebr nj\u00eb gazetari etike dhe profesionale","isPartOf":{"@id":"http:\/\/presscouncil-ks.org\/#website"},"primaryImageOfPage":{"@id":"http:\/\/presscouncil-ks.org\/?p=17369#primaryimage"},"image":{"@id":"http:\/\/presscouncil-ks.org\/?p=17369#primaryimage"},"thumbnailUrl":"http:\/\/presscouncil-ks.org\/wp-content\/uploads\/2025\/11\/justice.jpg","datePublished":"2025-11-04T13:05:50+00:00","dateModified":"2026-06-25T11:19:54+00:00","breadcrumb":{"@id":"http:\/\/presscouncil-ks.org\/?p=17369#breadcrumb"},"inLanguage":"en-US","potentialAction":[{"@type":"ReadAction","target":["http:\/\/presscouncil-ks.org\/?p=17369"]}]},{"@type":"ImageObject","inLanguage":"en-US","@id":"http:\/\/presscouncil-ks.org\/?p=17369#primaryimage","url":"http:\/\/presscouncil-ks.org\/wp-content\/uploads\/2025\/11\/justice.jpg","contentUrl":"http:\/\/presscouncil-ks.org\/wp-content\/uploads\/2025\/11\/justice.jpg","width":1200,"height":800},{"@type":"BreadcrumbList","@id":"http:\/\/presscouncil-ks.org\/?p=17369#breadcrumb","itemListElement":[{"@type":"ListItem","position":1,"name":"Home","item":"https:\/\/presscouncil-ks.org\/"},{"@type":"ListItem","position":2,"name":"Raportimi p\u00ebr drejt\u00ebsin\u00eb dhe edukimi medial \/ Shkrim nga Betim Musliu"}]},{"@type":"WebSite","@id":"http:\/\/presscouncil-ks.org\/#website","url":"http:\/\/presscouncil-ks.org\/","name":"https:\/\/presscouncil-ks.org\/","description":"","publisher":{"@id":"http:\/\/presscouncil-ks.org\/#organization"},"potentialAction":[{"@type":"SearchAction","target":{"@type":"EntryPoint","urlTemplate":"http:\/\/presscouncil-ks.org\/?s={search_term_string}"},"query-input":{"@type":"PropertyValueSpecification","valueRequired":true,"valueName":"search_term_string"}}],"inLanguage":"en-US"},{"@type":"Organization","@id":"http:\/\/presscouncil-ks.org\/#organization","name":"K\u00ebshilli i Mediave t\u00eb Shkruara t\u00eb Kosov\u00ebs","url":"http:\/\/presscouncil-ks.org\/","logo":{"@type":"ImageObject","inLanguage":"en-US","@id":"http:\/\/presscouncil-ks.org\/#\/schema\/logo\/image\/","url":"http:\/\/presscouncil-ks.org\/wp-content\/uploads\/2023\/06\/cropped-logo.png","contentUrl":"http:\/\/presscouncil-ks.org\/wp-content\/uploads\/2023\/06\/cropped-logo.png","width":268,"height":166,"caption":"K\u00ebshilli i Mediave t\u00eb Shkruara t\u00eb Kosov\u00ebs"},"image":{"@id":"http:\/\/presscouncil-ks.org\/#\/schema\/logo\/image\/"},"sameAs":["https:\/\/www.facebook.com\/KMSHKosove"]},{"@type":"Person","@id":"http:\/\/presscouncil-ks.org\/#\/schema\/person\/b79d30c61264caeb733239c16cc4d673","name":"Editor","image":{"@type":"ImageObject","inLanguage":"en-US","@id":"https:\/\/secure.gravatar.com\/avatar\/9534865f39e7b3527010ee17196a76d054b16d731a6a5bfe2f92a071c6e9bf4e?s=96&d=mm&r=g","url":"https:\/\/secure.gravatar.com\/avatar\/9534865f39e7b3527010ee17196a76d054b16d731a6a5bfe2f92a071c6e9bf4e?s=96&d=mm&r=g","contentUrl":"https:\/\/secure.gravatar.com\/avatar\/9534865f39e7b3527010ee17196a76d054b16d731a6a5bfe2f92a071c6e9bf4e?s=96&d=mm&r=g","caption":"Editor"},"url":"http:\/\/presscouncil-ks.org\/?author=2"}]}},"_links":{"self":[{"href":"http:\/\/presscouncil-ks.org\/index.php?rest_route=\/wp\/v2\/posts\/17369","targetHints":{"allow":["GET"]}}],"collection":[{"href":"http:\/\/presscouncil-ks.org\/index.php?rest_route=\/wp\/v2\/posts"}],"about":[{"href":"http:\/\/presscouncil-ks.org\/index.php?rest_route=\/wp\/v2\/types\/post"}],"author":[{"embeddable":true,"href":"http:\/\/presscouncil-ks.org\/index.php?rest_route=\/wp\/v2\/users\/2"}],"replies":[{"embeddable":true,"href":"http:\/\/presscouncil-ks.org\/index.php?rest_route=%2Fwp%2Fv2%2Fcomments&post=17369"}],"version-history":[{"count":5,"href":"http:\/\/presscouncil-ks.org\/index.php?rest_route=\/wp\/v2\/posts\/17369\/revisions"}],"predecessor-version":[{"id":18447,"href":"http:\/\/presscouncil-ks.org\/index.php?rest_route=\/wp\/v2\/posts\/17369\/revisions\/18447"}],"wp:featuredmedia":[{"embeddable":true,"href":"http:\/\/presscouncil-ks.org\/index.php?rest_route=\/wp\/v2\/media\/17373"}],"wp:attachment":[{"href":"http:\/\/presscouncil-ks.org\/index.php?rest_route=%2Fwp%2Fv2%2Fmedia&parent=17369"}],"wp:term":[{"taxonomy":"category","embeddable":true,"href":"http:\/\/presscouncil-ks.org\/index.php?rest_route=%2Fwp%2Fv2%2Fcategories&post=17369"},{"taxonomy":"post_tag","embeddable":true,"href":"http:\/\/presscouncil-ks.org\/index.php?rest_route=%2Fwp%2Fv2%2Ftags&post=17369"}],"curies":[{"name":"wp","href":"https:\/\/api.w.org\/{rel}","templated":true}]}}