{"id":17298,"date":"2025-10-16T10:29:46","date_gmt":"2025-10-16T10:29:46","guid":{"rendered":"https:\/\/presscouncil-ks.org\/?p=17298"},"modified":"2025-10-21T10:39:52","modified_gmt":"2025-10-21T10:39:52","slug":"poplava-buke","status":"publish","type":"post","link":"http:\/\/presscouncil-ks.org\/?p=17298&lang=sr","title":{"rendered":"Poplava buke"},"content":{"rendered":"<p><strong><em>Kako je sloboda medija naru\u0161ena \u2014 i odbranjena!<\/em><\/strong><\/p>\n<p><strong><em>Autor: Brankica Petkovi\u0107<\/em><\/strong><\/p>\n<p>Nedavno sam rukovodila istra\u017eivanjem SEENPM-a \u00a0na temu\u00a0<a href=\"https:\/\/futureofmedia.seenpm.org\/\"><strong>Budu<\/strong><strong>\u0107<\/strong><strong>nost medija<\/strong><\/a>\u00a0na Zapadnom Balkanu i u Turskoj, kao i slovena\u010dkim delom evropskog istra\u017eiva\u010dkog projekta o medijima i demokratiji,\u00a0<a href=\"https:\/\/www.medemap.eu\/\"><strong>MeDeMAP<\/strong><\/a>. Ovi projekti dali su mi uvide koji potvr\u0111uju da sloboda medija i sloboda izra\u017eavanja ostaju duboko osporavane, krhke i pod pritiskom \u2014 ne samo u tzv. \u201ekrhkim demokratijama\u201c, ve\u0107 u sve ve\u0107oj meri svuda.<\/p>\n<p>&nbsp;<\/p>\n<p>Ono \u010demu svedo\u010dimo nije samo pritisak na novinarstvo, ve\u0107 strukturalna erozija uslova koji slobodu izra\u017eavanja \u010dine mogu\u0107om. Opasnost nije samo u represiji, ve\u0107 i u zameni. Neliberalni re\u017eimi vi\u0161e ne cenzuri\u0161u. Oni preplavljuju javni prostor bukom, govorom mr\u017enje, organizovanim laganjem, potkupljenim novinarstvom i la\u017enim pluralizmom.<\/p>\n<p>&nbsp;<\/p>\n<p>Jedan upe\u010datljiv uvid iz istra\u017eivanja o budu\u0107nosti medija na Zapadnom Balkanu i u Turskoj jeste paradoksalan rast broja medijskih ku\u0107a, dok istovremeno bele\u017eimo nagli pad broja studenata novinarstva i sveop\u0161te smanjenje novinarske profesije. Ova nepodudarnost ukazuje na medijski pejza\u017e koji raste u obimu, ali ne i u kvalitetu ili odr\u017eivosti, \u010desto obele\u017een politi\u010dkom ili ekonomskom kontrolom. Paralelno sa istra\u017eivanjem o budu\u0107nosti medija, istra\u017eivanje MeDeMAP-a o anga\u017eovanju gra\u0111ana isti\u010de \u0161iroko rasprostranjena ose\u0107anja otu\u0111enosti i nepoverenja prema medijima, \u0161to odra\u017eava globalnu krizu demokratskog legitimiteta.<\/p>\n<p>&nbsp;<\/p>\n<p><strong>Da li gubimo bitku?<\/strong><\/p>\n<p>&nbsp;<\/p>\n<p>Rekla bih, ipak, da je bitka daleko od izgubljene, ali je svakako neizvesna. Imamo jasne dokaze duboke erozije: smanjivanje prostora za slobodno izra\u017eavanje i slobodu medija; rastu\u0107a polarizacija; \u0161irenje dezinformacija; ekonomska nestabilnost, kao i se \u010de\u0161\u0107i napadi na novinare (uklju\u010duju\u0107i ciljane napade Izraela na redakcije u Gazi i Jemenu tokom proteklih meseci). Ipak, vidimo i znakove otpora: aktivne gra\u0111ane, gra\u0111anske pokrete i izolovane primere nezavisnog novinarstva koji se i dalje bore da odr\u017ee demokratski dijalog. (Na primer, kasnije ovog meseca vi\u0161e od 40 nezavisnih redakcija iz 20 evropskih zemalja \u0107e se okupiti u Pragu na\u00a0<a href=\"https:\/\/media-innovation-summit.transitionsmedia.org\/\">Samitu medijskih inovacija<\/a>, koji organizuje Transitions). Studentski protest u Srbiji i rasprave na gra\u0111anskim parlamentima \u0161irom EU zemalja uklju\u010denih u MeDeMAP projekat jasno pokazuju da potra\u017enja za slobodom medija i demokratijom i dalje sna\u017eno postoji.<\/p>\n<p>&nbsp;<\/p>\n<p><strong>Povla<\/strong><strong>\u010d<\/strong><strong>enje demokratije<\/strong><\/p>\n<p>&nbsp;<\/p>\n<p>Situacija u Sjedinjenim Ameri\u010dkim Dr\u017eavama i drugim \u201eustanovljenim\u201c demokratijama ima dubok uticaj \u0161irom sveta. Slabljenje normi koje se ti\u010du slobode medija u starim demokratijama ohrabruje autoritarne prakse u drugim zemljama, pri \u010demu vlasti sve \u010de\u0161\u0107e instrumentalizuju medijsko tr\u017ei\u0161te \u2014 izme\u0111u ostalog kroz koncentraciju vlasni\u0161tva i politi\u010dke pritiske. Zapadni Balkan i Turska su posebno ranjivi na ovaj proces \u201epovla\u010denja demokratije\u201c, koji dodatno komplikuju povla\u010denje klju\u010dnih stranih donatora i ga\u0161enje medijskih ku\u0107a poput Al Jazeera Balkans \u2014 doga\u0111aji sa razornim posledicama po odr\u017eivost nezavisnih medija, kao i po radna mesta novinara. Treba da se osvrnemo na ovu situaciju i iz nje nau\u010dimo kako da razvijemo modele za izgradnju i o\u010duvanje nezavisne medijske infrastrukture koja ne zavisi u potpunosti od strane pomo\u0107i, ve\u0107 se oslanja na aktivnoj vezi izme\u0111u sopstvenih zajednica i gra\u0111anima.<\/p>\n<p>&nbsp;<\/p>\n<p><strong>Uloga Evrope?<\/strong><\/p>\n<p>&nbsp;<\/p>\n<p>Evropa mora predvoditi napor za obnovu demokratskih medijskih sistema. Ali, va\u017eno je odupreti se posmatranju Evrope ili bilo kog drugog regiona kao besprekornog modela. Izazovi postoje svuda, a demoktraski medijski sistemi su globalna javna dobra koja zahtevaju odgovornost i uzajamno u\u010denje. Evropske institucije imaju pravne okvire, alate i obaveze da podr\u017ee medijski pluralizam, oja\u010daju nezavisnost javnih medijskih servisa, kao i da reguli\u0161u velike tehni\u010dke platforme, ali sve to mora biti pra\u0107eno dubokim anga\u017eovanjem u lokalnim kontekstima i istinskim partnerstvima koja podr\u017eavaju i osna\u017euju lokalne demokratske glasove \u0161irom Evrope i u ostalim regionima.<\/p>\n<p>&nbsp;<\/p>\n<p><strong>Ta<\/strong><strong>\u010d<\/strong><strong>ke otpornosti<\/strong><\/p>\n<p>&nbsp;<\/p>\n<p>Ko \u010duva demokratiju danas? Spisak nije kratak: nezavisne institucije koje \u0161tite vladavinu prava; novinari koji rizikuju sopstvenu bezbednost i karijere; aktivisti civilnog dru\u0161tva koji podi\u017eu svest; prosvetni radnici; nezavisne medijske platforme i inovatori; i, sve vi\u0161e, sami gra\u0111ani \u2014 kroz deliberativne forume, protestne pokrete i zahtev za transparentno\u0161\u0107u. Na\u0161e MeDeMAP istra\u017eivanje pokatuje da u\u010de\u0161\u0107e gra\u0111ana mo\u017ee obnoviti poverenje i odgovornost, ali to zahteva inkluzivan i kontiniuran anga\u017eman medija i novinara.<\/p>\n<p>&nbsp;<\/p>\n<p>Odr\u017eavanje granica medijskih sloboda zahteva zajedni\u010dki napor. Ono \u0161to nam je hitno potrebno jesu uskla\u0111ene strategije za obnovu poverenja, ulaganje u medijsku pismenost i medije od javnog interesa, odbranu ure\u0111iva\u010dke nezavisnosti, i povrh svega, stvaranje prostora u kojima gra\u0111ani nisu samo konzumenti medija, ve\u0107 i saradnici u stvaranju demokratske kulture. Odr\u017eati tu liniju zna\u010di u\u010diniti je \u0161irom, inkluzivnijom i otpornijom.<\/p>\n<p>&nbsp;<\/p>\n<p><em><strong>Brankica Petkovi<\/strong><\/em><em><strong>\u0107<\/strong><\/em><em>\u00a0je istra\u017eiva<\/em><em>\u010d<\/em><em>ica pri\u00a0<a href=\"https:\/\/www.mirovni-institut.si\/en\/\">Mirovnom institutu<\/a>, <\/em><em>\u010d<\/em><em>lanu SEENPM-a. Ona je osmislila i koordinisala niz\u00a0<a href=\"https:\/\/seenpm.org\/category\/seenpm-publications\/\">medijskih istra\u017eiva\u010dkih projekata SEENPM-a<\/a>\u00a0u protekle dve decenije. <\/em><em>\u010c<\/em><em>lanak je ure<\/em><em>\u0111<\/em><em>ena verzija priloga koji je autorka iznela na\u00a0<a href=\"https:\/\/seenpm.org\/our-media-conference-freedom-of-expression-in-times-of-crisis\/\">Our Media konferenciji<\/a>, odr\u017eanoj u Sarajevu 2. i 3. oktobra.<\/em><\/p>\n<p><img loading=\"lazy\" decoding=\"async\" class=\"\" src=\"https:\/\/static.bianet.org\/2025\/10\/en-co-funded-by-the-eu-pos.jpg\" width=\"262\" height=\"55\" \/><\/p>\n<p><i>Regionalni projekat &#8220;Na\u0161i mediji: Inicijativa za unapre\u0111enje medijske pismenosti, dijalog i aktivizam <em>borbu protiv polarizacije i promoviranje dijaloga\u201c<\/em> sprovode partnerske organizacije <a href=\"https:\/\/seenpm.org\/\">SEENPM<\/a>,<strong>\u00a0<a href=\"https:\/\/institutemedia.org\/\">Albanski medijski institut<\/a>,\u00a0<a href=\"https:\/\/www.media.ba\/bs\">MediaCentar Sarajevo<\/a>,\u00a0<a href=\"https:\/\/presscouncil-ks.org\/\">Savet za \u0161tampu Kosova<\/a>,\u00a0<a href=\"https:\/\/mim.org.mk\/en\/\">Makedonski institut za medije<\/a><\/strong>,\u00a0<strong><a href=\"https:\/\/www.mminstitute.org\/\">Medijski institut Crne gore<\/a><\/strong>,\u00a0<strong><a href=\"https:\/\/novinarska-skola.org.rs\/srbija-opet-pala-na-listi-reportera-bez-granica\/?lang=en\">Novosadska novinarska \u0161kola<\/a>,\u00a0<a href=\"https:\/\/www.mirovni-institut.si\/en\/\">Mirovni institut<\/a><\/strong>\u00a0i\u00a0<strong><a href=\"https:\/\/bianet.org\/english\">Bianet <\/a><\/strong><a href=\"https:\/\/bianet.org\/english\">uz finansijsku podr\u0161ku Evropske Unije.<\/a><\/i><\/p>\n<p><i>Ovaj \u010dlanak je nastao uz finansijsku podr\u0161ku Evropske unije. Sadr\u017eaj je isklju\u010diva odgovornost Novosadske novinarske \u0161kole i ne odra\u017eava nu\u017eno stavove Evropske Unije.<\/i><\/p>\n<p>Kofinancira:<\/p>\n<p><img loading=\"lazy\" decoding=\"async\" class=\"\" src=\"https:\/\/seenpm.org\/wp-content\/uploads\/2025\/10\/osf-logo.png\" width=\"142\" height=\"45\" \/><\/p>\n<p>&nbsp;<\/p>\n","protected":false},"excerpt":{"rendered":"<p>Kako je sloboda medija naru\u0161ena \u2014 i odbranjena! Autor: Brankica Petkovi\u0107 Nedavno sam rukovodila istra\u017eivanjem SEENPM-a \u00a0na temu\u00a0Budu\u0107nost medija\u00a0na Zapadnom Balkanu i u Turskoj, kao i slovena\u010dkim delom evropskog istra\u017eiva\u010dkog projekta o medijima i demokratiji,\u00a0MeDeMAP. Ovi projekti dali su mi uvide koji potvr\u0111uju da sloboda medija i sloboda izra\u017eavanja ostaju duboko osporavane, krhke i pod [&hellip;]<\/p>\n","protected":false},"author":2,"featured_media":17258,"comment_status":"open","ping_status":"open","sticky":false,"template":"","format":"standard","meta":{"footnotes":""},"categories":[135],"tags":[],"class_list":["post-17298","post","type-post","status-publish","format-standard","has-post-thumbnail","hentry","category-vesti"],"acf":[],"yoast_head":"<!-- This site is optimized with the Yoast SEO plugin v28.4 - https:\/\/yoast.com\/product\/yoast-seo-wordpress\/ -->\n<title>Poplava buke - K\u00ebshilli i Mediave t\u00eb Shkruara t\u00eb Kosov\u00ebs | P\u00ebr nj\u00eb gazetari etike dhe profesionale<\/title>\n<meta name=\"robots\" content=\"index, follow, max-snippet:-1, max-image-preview:large, max-video-preview:-1\" \/>\n<link rel=\"canonical\" href=\"http:\/\/presscouncil-ks.org\/?p=17298&lang=sr\" \/>\n<meta property=\"og:locale\" content=\"en_US\" \/>\n<meta property=\"og:type\" content=\"article\" \/>\n<meta property=\"og:title\" content=\"Poplava buke - K\u00ebshilli i Mediave t\u00eb Shkruara t\u00eb Kosov\u00ebs | P\u00ebr nj\u00eb gazetari etike dhe profesionale\" \/>\n<meta property=\"og:description\" content=\"Kako je sloboda medija naru\u0161ena \u2014 i odbranjena! Autor: Brankica Petkovi\u0107 Nedavno sam rukovodila istra\u017eivanjem SEENPM-a \u00a0na temu\u00a0Budu\u0107nost medija\u00a0na Zapadnom Balkanu i u Turskoj, kao i slovena\u010dkim delom evropskog istra\u017eiva\u010dkog projekta o medijima i demokratiji,\u00a0MeDeMAP. Ovi projekti dali su mi uvide koji potvr\u0111uju da sloboda medija i sloboda izra\u017eavanja ostaju duboko osporavane, krhke i pod [&hellip;]\" \/>\n<meta property=\"og:url\" content=\"http:\/\/presscouncil-ks.org\/?p=17298&amp;lang=sr\" \/>\n<meta property=\"og:site_name\" content=\"K\u00ebshilli i Mediave t\u00eb Shkruara t\u00eb Kosov\u00ebs | P\u00ebr nj\u00eb gazetari etike dhe profesionale\" \/>\n<meta property=\"article:publisher\" content=\"https:\/\/www.facebook.com\/KMSHKosove\" \/>\n<meta property=\"article:published_time\" content=\"2025-10-16T10:29:46+00:00\" \/>\n<meta property=\"article:modified_time\" content=\"2025-10-21T10:39:52+00:00\" \/>\n<meta property=\"og:image\" content=\"http:\/\/presscouncil-ks.org\/wp-content\/uploads\/2025\/10\/Brankica-Petkovic.jpg\" \/>\n\t<meta property=\"og:image:width\" content=\"1068\" \/>\n\t<meta property=\"og:image:height\" content=\"601\" \/>\n\t<meta property=\"og:image:type\" content=\"image\/jpeg\" \/>\n<meta name=\"author\" content=\"Editor\" \/>\n<meta name=\"twitter:card\" content=\"summary_large_image\" \/>\n<meta name=\"twitter:label1\" content=\"Written by\" \/>\n\t<meta name=\"twitter:data1\" content=\"Editor\" \/>\n\t<meta name=\"twitter:label2\" content=\"Est. reading time\" \/>\n\t<meta name=\"twitter:data2\" content=\"5 minutes\" \/>\n<script type=\"application\/ld+json\" class=\"yoast-schema-graph\">{\"@context\":\"https:\\\/\\\/schema.org\",\"@graph\":[{\"@type\":\"Article\",\"@id\":\"http:\\\/\\\/presscouncil-ks.org\\\/?p=17298&lang=sr#article\",\"isPartOf\":{\"@id\":\"http:\\\/\\\/presscouncil-ks.org\\\/?p=17298&lang=sr\"},\"author\":{\"name\":\"Editor\",\"@id\":\"http:\\\/\\\/presscouncil-ks.org\\\/#\\\/schema\\\/person\\\/b79d30c61264caeb733239c16cc4d673\"},\"headline\":\"Poplava buke\",\"datePublished\":\"2025-10-16T10:29:46+00:00\",\"dateModified\":\"2025-10-21T10:39:52+00:00\",\"mainEntityOfPage\":{\"@id\":\"http:\\\/\\\/presscouncil-ks.org\\\/?p=17298&lang=sr\"},\"wordCount\":931,\"commentCount\":0,\"publisher\":{\"@id\":\"http:\\\/\\\/presscouncil-ks.org\\\/#organization\"},\"image\":{\"@id\":\"http:\\\/\\\/presscouncil-ks.org\\\/?p=17298&lang=sr#primaryimage\"},\"thumbnailUrl\":\"http:\\\/\\\/presscouncil-ks.org\\\/wp-content\\\/uploads\\\/2025\\\/10\\\/Brankica-Petkovic.jpg\",\"articleSection\":[\"Vesti\"],\"inLanguage\":\"en-US\",\"potentialAction\":[{\"@type\":\"CommentAction\",\"name\":\"Comment\",\"target\":[\"http:\\\/\\\/presscouncil-ks.org\\\/?p=17298&lang=sr#respond\"]}]},{\"@type\":\"WebPage\",\"@id\":\"http:\\\/\\\/presscouncil-ks.org\\\/?p=17298&lang=sr\",\"url\":\"http:\\\/\\\/presscouncil-ks.org\\\/?p=17298&lang=sr\",\"name\":\"Poplava buke - K\u00ebshilli i Mediave t\u00eb Shkruara t\u00eb Kosov\u00ebs | P\u00ebr nj\u00eb gazetari etike dhe profesionale\",\"isPartOf\":{\"@id\":\"http:\\\/\\\/presscouncil-ks.org\\\/#website\"},\"primaryImageOfPage\":{\"@id\":\"http:\\\/\\\/presscouncil-ks.org\\\/?p=17298&lang=sr#primaryimage\"},\"image\":{\"@id\":\"http:\\\/\\\/presscouncil-ks.org\\\/?p=17298&lang=sr#primaryimage\"},\"thumbnailUrl\":\"http:\\\/\\\/presscouncil-ks.org\\\/wp-content\\\/uploads\\\/2025\\\/10\\\/Brankica-Petkovic.jpg\",\"datePublished\":\"2025-10-16T10:29:46+00:00\",\"dateModified\":\"2025-10-21T10:39:52+00:00\",\"breadcrumb\":{\"@id\":\"http:\\\/\\\/presscouncil-ks.org\\\/?p=17298&lang=sr#breadcrumb\"},\"inLanguage\":\"en-US\",\"potentialAction\":[{\"@type\":\"ReadAction\",\"target\":[\"http:\\\/\\\/presscouncil-ks.org\\\/?p=17298&lang=sr\"]}]},{\"@type\":\"ImageObject\",\"inLanguage\":\"en-US\",\"@id\":\"http:\\\/\\\/presscouncil-ks.org\\\/?p=17298&lang=sr#primaryimage\",\"url\":\"http:\\\/\\\/presscouncil-ks.org\\\/wp-content\\\/uploads\\\/2025\\\/10\\\/Brankica-Petkovic.jpg\",\"contentUrl\":\"http:\\\/\\\/presscouncil-ks.org\\\/wp-content\\\/uploads\\\/2025\\\/10\\\/Brankica-Petkovic.jpg\",\"width\":1068,\"height\":601,\"caption\":\"Photo: Mirza Ajnad\u017ei\u0107\"},{\"@type\":\"BreadcrumbList\",\"@id\":\"http:\\\/\\\/presscouncil-ks.org\\\/?p=17298&lang=sr#breadcrumb\",\"itemListElement\":[{\"@type\":\"ListItem\",\"position\":1,\"name\":\"Home\",\"item\":\"https:\\\/\\\/presscouncil-ks.org\\\/\"},{\"@type\":\"ListItem\",\"position\":2,\"name\":\"Poplava buke\"}]},{\"@type\":\"WebSite\",\"@id\":\"http:\\\/\\\/presscouncil-ks.org\\\/#website\",\"url\":\"http:\\\/\\\/presscouncil-ks.org\\\/\",\"name\":\"https:\\\/\\\/presscouncil-ks.org\\\/\",\"description\":\"\",\"publisher\":{\"@id\":\"http:\\\/\\\/presscouncil-ks.org\\\/#organization\"},\"potentialAction\":[{\"@type\":\"SearchAction\",\"target\":{\"@type\":\"EntryPoint\",\"urlTemplate\":\"http:\\\/\\\/presscouncil-ks.org\\\/?s={search_term_string}\"},\"query-input\":{\"@type\":\"PropertyValueSpecification\",\"valueRequired\":true,\"valueName\":\"search_term_string\"}}],\"inLanguage\":\"en-US\"},{\"@type\":\"Organization\",\"@id\":\"http:\\\/\\\/presscouncil-ks.org\\\/#organization\",\"name\":\"K\u00ebshilli i Mediave t\u00eb Shkruara t\u00eb Kosov\u00ebs\",\"url\":\"http:\\\/\\\/presscouncil-ks.org\\\/\",\"logo\":{\"@type\":\"ImageObject\",\"inLanguage\":\"en-US\",\"@id\":\"http:\\\/\\\/presscouncil-ks.org\\\/#\\\/schema\\\/logo\\\/image\\\/\",\"url\":\"http:\\\/\\\/presscouncil-ks.org\\\/wp-content\\\/uploads\\\/2023\\\/06\\\/cropped-logo.png\",\"contentUrl\":\"http:\\\/\\\/presscouncil-ks.org\\\/wp-content\\\/uploads\\\/2023\\\/06\\\/cropped-logo.png\",\"width\":268,\"height\":166,\"caption\":\"K\u00ebshilli i Mediave t\u00eb Shkruara t\u00eb Kosov\u00ebs\"},\"image\":{\"@id\":\"http:\\\/\\\/presscouncil-ks.org\\\/#\\\/schema\\\/logo\\\/image\\\/\"},\"sameAs\":[\"https:\\\/\\\/www.facebook.com\\\/KMSHKosove\"]},{\"@type\":\"Person\",\"@id\":\"http:\\\/\\\/presscouncil-ks.org\\\/#\\\/schema\\\/person\\\/b79d30c61264caeb733239c16cc4d673\",\"name\":\"Editor\",\"image\":{\"@type\":\"ImageObject\",\"inLanguage\":\"en-US\",\"@id\":\"https:\\\/\\\/secure.gravatar.com\\\/avatar\\\/9534865f39e7b3527010ee17196a76d054b16d731a6a5bfe2f92a071c6e9bf4e?s=96&d=mm&r=g\",\"url\":\"https:\\\/\\\/secure.gravatar.com\\\/avatar\\\/9534865f39e7b3527010ee17196a76d054b16d731a6a5bfe2f92a071c6e9bf4e?s=96&d=mm&r=g\",\"contentUrl\":\"https:\\\/\\\/secure.gravatar.com\\\/avatar\\\/9534865f39e7b3527010ee17196a76d054b16d731a6a5bfe2f92a071c6e9bf4e?s=96&d=mm&r=g\",\"caption\":\"Editor\"},\"url\":\"http:\\\/\\\/presscouncil-ks.org\\\/?author=2\"}]}<\/script>\n<!-- \/ Yoast SEO plugin. -->","yoast_head_json":{"title":"Poplava buke - K\u00ebshilli i Mediave t\u00eb Shkruara t\u00eb Kosov\u00ebs | P\u00ebr nj\u00eb gazetari etike dhe profesionale","robots":{"index":"index","follow":"follow","max-snippet":"max-snippet:-1","max-image-preview":"max-image-preview:large","max-video-preview":"max-video-preview:-1"},"canonical":"http:\/\/presscouncil-ks.org\/?p=17298&lang=sr","og_locale":"en_US","og_type":"article","og_title":"Poplava buke - K\u00ebshilli i Mediave t\u00eb Shkruara t\u00eb Kosov\u00ebs | P\u00ebr nj\u00eb gazetari etike dhe profesionale","og_description":"Kako je sloboda medija naru\u0161ena \u2014 i odbranjena! Autor: Brankica Petkovi\u0107 Nedavno sam rukovodila istra\u017eivanjem SEENPM-a \u00a0na temu\u00a0Budu\u0107nost medija\u00a0na Zapadnom Balkanu i u Turskoj, kao i slovena\u010dkim delom evropskog istra\u017eiva\u010dkog projekta o medijima i demokratiji,\u00a0MeDeMAP. Ovi projekti dali su mi uvide koji potvr\u0111uju da sloboda medija i sloboda izra\u017eavanja ostaju duboko osporavane, krhke i pod [&hellip;]","og_url":"http:\/\/presscouncil-ks.org\/?p=17298&lang=sr","og_site_name":"K\u00ebshilli i Mediave t\u00eb Shkruara t\u00eb Kosov\u00ebs | P\u00ebr nj\u00eb gazetari etike dhe profesionale","article_publisher":"https:\/\/www.facebook.com\/KMSHKosove","article_published_time":"2025-10-16T10:29:46+00:00","article_modified_time":"2025-10-21T10:39:52+00:00","og_image":[{"width":1068,"height":601,"url":"http:\/\/presscouncil-ks.org\/wp-content\/uploads\/2025\/10\/Brankica-Petkovic.jpg","type":"image\/jpeg"}],"author":"Editor","twitter_card":"summary_large_image","twitter_misc":{"Written by":"Editor","Est. reading time":"5 minutes"},"schema":{"@context":"https:\/\/schema.org","@graph":[{"@type":"Article","@id":"http:\/\/presscouncil-ks.org\/?p=17298&lang=sr#article","isPartOf":{"@id":"http:\/\/presscouncil-ks.org\/?p=17298&lang=sr"},"author":{"name":"Editor","@id":"http:\/\/presscouncil-ks.org\/#\/schema\/person\/b79d30c61264caeb733239c16cc4d673"},"headline":"Poplava buke","datePublished":"2025-10-16T10:29:46+00:00","dateModified":"2025-10-21T10:39:52+00:00","mainEntityOfPage":{"@id":"http:\/\/presscouncil-ks.org\/?p=17298&lang=sr"},"wordCount":931,"commentCount":0,"publisher":{"@id":"http:\/\/presscouncil-ks.org\/#organization"},"image":{"@id":"http:\/\/presscouncil-ks.org\/?p=17298&lang=sr#primaryimage"},"thumbnailUrl":"http:\/\/presscouncil-ks.org\/wp-content\/uploads\/2025\/10\/Brankica-Petkovic.jpg","articleSection":["Vesti"],"inLanguage":"en-US","potentialAction":[{"@type":"CommentAction","name":"Comment","target":["http:\/\/presscouncil-ks.org\/?p=17298&lang=sr#respond"]}]},{"@type":"WebPage","@id":"http:\/\/presscouncil-ks.org\/?p=17298&lang=sr","url":"http:\/\/presscouncil-ks.org\/?p=17298&lang=sr","name":"Poplava buke - K\u00ebshilli i Mediave t\u00eb Shkruara t\u00eb Kosov\u00ebs | P\u00ebr nj\u00eb gazetari etike dhe profesionale","isPartOf":{"@id":"http:\/\/presscouncil-ks.org\/#website"},"primaryImageOfPage":{"@id":"http:\/\/presscouncil-ks.org\/?p=17298&lang=sr#primaryimage"},"image":{"@id":"http:\/\/presscouncil-ks.org\/?p=17298&lang=sr#primaryimage"},"thumbnailUrl":"http:\/\/presscouncil-ks.org\/wp-content\/uploads\/2025\/10\/Brankica-Petkovic.jpg","datePublished":"2025-10-16T10:29:46+00:00","dateModified":"2025-10-21T10:39:52+00:00","breadcrumb":{"@id":"http:\/\/presscouncil-ks.org\/?p=17298&lang=sr#breadcrumb"},"inLanguage":"en-US","potentialAction":[{"@type":"ReadAction","target":["http:\/\/presscouncil-ks.org\/?p=17298&lang=sr"]}]},{"@type":"ImageObject","inLanguage":"en-US","@id":"http:\/\/presscouncil-ks.org\/?p=17298&lang=sr#primaryimage","url":"http:\/\/presscouncil-ks.org\/wp-content\/uploads\/2025\/10\/Brankica-Petkovic.jpg","contentUrl":"http:\/\/presscouncil-ks.org\/wp-content\/uploads\/2025\/10\/Brankica-Petkovic.jpg","width":1068,"height":601,"caption":"Photo: Mirza Ajnad\u017ei\u0107"},{"@type":"BreadcrumbList","@id":"http:\/\/presscouncil-ks.org\/?p=17298&lang=sr#breadcrumb","itemListElement":[{"@type":"ListItem","position":1,"name":"Home","item":"https:\/\/presscouncil-ks.org\/"},{"@type":"ListItem","position":2,"name":"Poplava buke"}]},{"@type":"WebSite","@id":"http:\/\/presscouncil-ks.org\/#website","url":"http:\/\/presscouncil-ks.org\/","name":"https:\/\/presscouncil-ks.org\/","description":"","publisher":{"@id":"http:\/\/presscouncil-ks.org\/#organization"},"potentialAction":[{"@type":"SearchAction","target":{"@type":"EntryPoint","urlTemplate":"http:\/\/presscouncil-ks.org\/?s={search_term_string}"},"query-input":{"@type":"PropertyValueSpecification","valueRequired":true,"valueName":"search_term_string"}}],"inLanguage":"en-US"},{"@type":"Organization","@id":"http:\/\/presscouncil-ks.org\/#organization","name":"K\u00ebshilli i Mediave t\u00eb Shkruara t\u00eb Kosov\u00ebs","url":"http:\/\/presscouncil-ks.org\/","logo":{"@type":"ImageObject","inLanguage":"en-US","@id":"http:\/\/presscouncil-ks.org\/#\/schema\/logo\/image\/","url":"http:\/\/presscouncil-ks.org\/wp-content\/uploads\/2023\/06\/cropped-logo.png","contentUrl":"http:\/\/presscouncil-ks.org\/wp-content\/uploads\/2023\/06\/cropped-logo.png","width":268,"height":166,"caption":"K\u00ebshilli i Mediave t\u00eb Shkruara t\u00eb Kosov\u00ebs"},"image":{"@id":"http:\/\/presscouncil-ks.org\/#\/schema\/logo\/image\/"},"sameAs":["https:\/\/www.facebook.com\/KMSHKosove"]},{"@type":"Person","@id":"http:\/\/presscouncil-ks.org\/#\/schema\/person\/b79d30c61264caeb733239c16cc4d673","name":"Editor","image":{"@type":"ImageObject","inLanguage":"en-US","@id":"https:\/\/secure.gravatar.com\/avatar\/9534865f39e7b3527010ee17196a76d054b16d731a6a5bfe2f92a071c6e9bf4e?s=96&d=mm&r=g","url":"https:\/\/secure.gravatar.com\/avatar\/9534865f39e7b3527010ee17196a76d054b16d731a6a5bfe2f92a071c6e9bf4e?s=96&d=mm&r=g","contentUrl":"https:\/\/secure.gravatar.com\/avatar\/9534865f39e7b3527010ee17196a76d054b16d731a6a5bfe2f92a071c6e9bf4e?s=96&d=mm&r=g","caption":"Editor"},"url":"http:\/\/presscouncil-ks.org\/?author=2"}]}},"_links":{"self":[{"href":"http:\/\/presscouncil-ks.org\/index.php?rest_route=\/wp\/v2\/posts\/17298","targetHints":{"allow":["GET"]}}],"collection":[{"href":"http:\/\/presscouncil-ks.org\/index.php?rest_route=\/wp\/v2\/posts"}],"about":[{"href":"http:\/\/presscouncil-ks.org\/index.php?rest_route=\/wp\/v2\/types\/post"}],"author":[{"embeddable":true,"href":"http:\/\/presscouncil-ks.org\/index.php?rest_route=\/wp\/v2\/users\/2"}],"replies":[{"embeddable":true,"href":"http:\/\/presscouncil-ks.org\/index.php?rest_route=%2Fwp%2Fv2%2Fcomments&post=17298"}],"version-history":[{"count":3,"href":"http:\/\/presscouncil-ks.org\/index.php?rest_route=\/wp\/v2\/posts\/17298\/revisions"}],"predecessor-version":[{"id":17314,"href":"http:\/\/presscouncil-ks.org\/index.php?rest_route=\/wp\/v2\/posts\/17298\/revisions\/17314"}],"wp:featuredmedia":[{"embeddable":true,"href":"http:\/\/presscouncil-ks.org\/index.php?rest_route=\/wp\/v2\/media\/17258"}],"wp:attachment":[{"href":"http:\/\/presscouncil-ks.org\/index.php?rest_route=%2Fwp%2Fv2%2Fmedia&parent=17298"}],"wp:term":[{"taxonomy":"category","embeddable":true,"href":"http:\/\/presscouncil-ks.org\/index.php?rest_route=%2Fwp%2Fv2%2Fcategories&post=17298"},{"taxonomy":"post_tag","embeddable":true,"href":"http:\/\/presscouncil-ks.org\/index.php?rest_route=%2Fwp%2Fv2%2Ftags&post=17298"}],"curies":[{"name":"wp","href":"https:\/\/api.w.org\/{rel}","templated":true}]}}