{"id":17281,"date":"2025-10-16T15:13:22","date_gmt":"2025-10-16T15:13:22","guid":{"rendered":"https:\/\/presscouncil-ks.org\/?p=17281"},"modified":"2025-10-16T15:13:56","modified_gmt":"2025-10-16T15:13:56","slug":"thirrje-per-aplikim-per-studente-te-gazetarise-dhe-gazetare-te-rinj","status":"publish","type":"post","link":"http:\/\/presscouncil-ks.org\/?p=17281","title":{"rendered":"THIRRJE P\u00cbR APLIKIM: P\u00ebr student\u00eb t\u00eb gazetaris\u00eb dhe gazetar\u00eb t\u00eb rinj!"},"content":{"rendered":"<p><strong>K\u00ebshilli i Mediave t\u00eb Shkruara t\u00eb Kosov\u00ebs (KMShK) dhe BIRN Kosova po organizojn\u00eb pun\u00ebtorin\u00eb me tem\u00ebn \u201cRaportimi etik n\u00eb gazetari: standardet, sfidat dhe p\u00ebrgjegj\u00ebsia profesionale\u201d.<\/strong><\/p>\n<p>&nbsp;<\/p>\n<p>Pun\u00ebtoria do t\u00eb mbahet m\u00eb 6 n\u00ebntor 2025 n\u00eb Prishtin\u00eb.<\/p>\n<p>&nbsp;<\/p>\n<p>N\u00eb k\u00ebt\u00eb pun\u00ebtori pjes\u00ebmarr\u00ebsit do t\u00eb ken\u00eb mund\u00ebsi t\u00eb diskutojn\u00eb raste konkrete t\u00eb shkeljeve etike, t\u00eb m\u00ebsojn\u00eb nga profesionist\u00eb t\u00eb mediave dhe t\u00eb zhvillojn\u00eb aft\u00ebsi p\u00ebr raportim t\u00eb p\u00ebrgjegjsh\u00ebm dhe t\u00eb balancuar.<\/p>\n<p>&nbsp;<\/p>\n<p>Kush mund t\u00eb aplikoj\u00eb? Student\u00eb t\u00eb gazetaris\u00eb nga Universiteti i Prishtin\u00ebs dhe kolegjet private t\u00eb akredituara n\u00eb Kosov\u00eb, si dhe gazetar\u00eb t\u00eb rinj.<\/p>\n<p>&nbsp;<\/p>\n<p>Si t\u00eb aplikoni? N\u00eb emailin presscouncil.kosovo@gmail.com d\u00ebrgoni emrin, institucionin dhe nj\u00eb paragraf t\u00eb shkurt\u00ebr pse d\u00ebshironi t\u00eb merrni pjes\u00eb n\u00eb pun\u00ebtori<\/p>\n<p>&nbsp;<\/p>\n<p>Afati i fundit p\u00ebr aplikim \u00ebsht\u00eb\u00a0 26 tetor 2025!<\/p>\n<p>&nbsp;<\/p>\n<p>T\u00eb gjith\u00eb pjes\u00ebmarr\u00ebsit do t\u00eb pajisen me certifikat\u00eb!<\/p>\n<p>&nbsp;<\/p>\n<p>Ky aktivitet financohet nga BE-ja n\u00eb kuad\u00ebr t\u00eb projektit \u2018&#8221;Fuqizimi i rolit dhe kapaciteteve t\u00eb gazetaris\u00eb hulumtuese n\u00eb Kosov\u00eb&#8221;, i cili implementohet nga BIRN Kosova, KMShK dhe TV Mre\u017ea.<\/p>\n","protected":false},"excerpt":{"rendered":"<p>K\u00ebshilli i Mediave t\u00eb Shkruara t\u00eb Kosov\u00ebs (KMShK) dhe BIRN Kosova po organizojn\u00eb pun\u00ebtorin\u00eb me tem\u00ebn \u201cRaportimi etik n\u00eb gazetari: standardet, sfidat dhe p\u00ebrgjegj\u00ebsia profesionale\u201d. &nbsp; Pun\u00ebtoria do t\u00eb mbahet m\u00eb 6 n\u00ebntor 2025 n\u00eb Prishtin\u00eb. &nbsp; N\u00eb k\u00ebt\u00eb pun\u00ebtori pjes\u00ebmarr\u00ebsit do t\u00eb ken\u00eb mund\u00ebsi t\u00eb diskutojn\u00eb raste konkrete t\u00eb shkeljeve etike, t\u00eb m\u00ebsojn\u00eb nga [&hellip;]<\/p>\n","protected":false},"author":2,"featured_media":17282,"comment_status":"open","ping_status":"open","sticky":false,"template":"","format":"standard","meta":{"footnotes":""},"categories":[92],"tags":[],"class_list":["post-17281","post","type-post","status-publish","format-standard","has-post-thumbnail","hentry","category-news-sq"],"acf":{"video_title":"","video":false},"yoast_head":"<!-- This site is optimized with the Yoast SEO plugin v28.3 - https:\/\/yoast.com\/product\/yoast-seo-wordpress\/ -->\n<title>THIRRJE P\u00cbR APLIKIM: P\u00ebr student\u00eb t\u00eb gazetaris\u00eb dhe gazetar\u00eb t\u00eb rinj! - K\u00ebshilli i Mediave t\u00eb Shkruara t\u00eb Kosov\u00ebs | P\u00ebr nj\u00eb gazetari etike dhe profesionale<\/title>\n<meta name=\"robots\" content=\"index, follow, max-snippet:-1, max-image-preview:large, max-video-preview:-1\" \/>\n<link rel=\"canonical\" href=\"http:\/\/presscouncil-ks.org\/?p=17281\" \/>\n<meta property=\"og:locale\" content=\"en_US\" \/>\n<meta property=\"og:type\" content=\"article\" \/>\n<meta property=\"og:title\" content=\"THIRRJE P\u00cbR APLIKIM: P\u00ebr student\u00eb t\u00eb gazetaris\u00eb dhe gazetar\u00eb t\u00eb rinj! - K\u00ebshilli i Mediave t\u00eb Shkruara t\u00eb Kosov\u00ebs | P\u00ebr nj\u00eb gazetari etike dhe profesionale\" \/>\n<meta property=\"og:description\" content=\"K\u00ebshilli i Mediave t\u00eb Shkruara t\u00eb Kosov\u00ebs (KMShK) dhe BIRN Kosova po organizojn\u00eb pun\u00ebtorin\u00eb me tem\u00ebn \u201cRaportimi etik n\u00eb gazetari: standardet, sfidat dhe p\u00ebrgjegj\u00ebsia profesionale\u201d. &nbsp; Pun\u00ebtoria do t\u00eb mbahet m\u00eb 6 n\u00ebntor 2025 n\u00eb Prishtin\u00eb. &nbsp; N\u00eb k\u00ebt\u00eb pun\u00ebtori pjes\u00ebmarr\u00ebsit do t\u00eb ken\u00eb mund\u00ebsi t\u00eb diskutojn\u00eb raste konkrete t\u00eb shkeljeve etike, t\u00eb m\u00ebsojn\u00eb nga [&hellip;]\" \/>\n<meta property=\"og:url\" content=\"http:\/\/presscouncil-ks.org\/?p=17281\" \/>\n<meta property=\"og:site_name\" content=\"K\u00ebshilli i Mediave t\u00eb Shkruara t\u00eb Kosov\u00ebs | P\u00ebr nj\u00eb gazetari etike dhe profesionale\" \/>\n<meta property=\"article:publisher\" content=\"https:\/\/www.facebook.com\/KMSHKosove\" \/>\n<meta property=\"article:published_time\" content=\"2025-10-16T15:13:22+00:00\" \/>\n<meta property=\"article:modified_time\" content=\"2025-10-16T15:13:56+00:00\" \/>\n<meta property=\"og:image\" content=\"http:\/\/presscouncil-ks.org\/wp-content\/uploads\/2025\/10\/image-thirrja.jpg\" \/>\n\t<meta property=\"og:image:width\" content=\"526\" \/>\n\t<meta property=\"og:image:height\" content=\"638\" \/>\n\t<meta property=\"og:image:type\" content=\"image\/jpeg\" \/>\n<meta name=\"author\" content=\"Editor\" \/>\n<meta name=\"twitter:card\" content=\"summary_large_image\" \/>\n<meta name=\"twitter:label1\" content=\"Written by\" \/>\n\t<meta name=\"twitter:data1\" content=\"Editor\" \/>\n\t<meta name=\"twitter:label2\" content=\"Est. reading time\" \/>\n\t<meta name=\"twitter:data2\" content=\"1 minute\" \/>\n<script type=\"application\/ld+json\" class=\"yoast-schema-graph\">{\"@context\":\"https:\\\/\\\/schema.org\",\"@graph\":[{\"@type\":\"Article\",\"@id\":\"http:\\\/\\\/presscouncil-ks.org\\\/?p=17281#article\",\"isPartOf\":{\"@id\":\"http:\\\/\\\/presscouncil-ks.org\\\/?p=17281\"},\"author\":{\"name\":\"Editor\",\"@id\":\"http:\\\/\\\/presscouncil-ks.org\\\/#\\\/schema\\\/person\\\/b79d30c61264caeb733239c16cc4d673\"},\"headline\":\"THIRRJE P\u00cbR APLIKIM: P\u00ebr student\u00eb t\u00eb gazetaris\u00eb dhe gazetar\u00eb t\u00eb rinj!\",\"datePublished\":\"2025-10-16T15:13:22+00:00\",\"dateModified\":\"2025-10-16T15:13:56+00:00\",\"mainEntityOfPage\":{\"@id\":\"http:\\\/\\\/presscouncil-ks.org\\\/?p=17281\"},\"wordCount\":204,\"commentCount\":0,\"publisher\":{\"@id\":\"http:\\\/\\\/presscouncil-ks.org\\\/#organization\"},\"image\":{\"@id\":\"http:\\\/\\\/presscouncil-ks.org\\\/?p=17281#primaryimage\"},\"thumbnailUrl\":\"http:\\\/\\\/presscouncil-ks.org\\\/wp-content\\\/uploads\\\/2025\\\/10\\\/image-thirrja.jpg\",\"articleSection\":[\"Lajm\"],\"inLanguage\":\"en-US\",\"potentialAction\":[{\"@type\":\"CommentAction\",\"name\":\"Comment\",\"target\":[\"http:\\\/\\\/presscouncil-ks.org\\\/?p=17281#respond\"]}]},{\"@type\":\"WebPage\",\"@id\":\"http:\\\/\\\/presscouncil-ks.org\\\/?p=17281\",\"url\":\"http:\\\/\\\/presscouncil-ks.org\\\/?p=17281\",\"name\":\"THIRRJE P\u00cbR APLIKIM: P\u00ebr student\u00eb t\u00eb gazetaris\u00eb dhe gazetar\u00eb t\u00eb rinj! - K\u00ebshilli i Mediave t\u00eb Shkruara t\u00eb Kosov\u00ebs | P\u00ebr nj\u00eb gazetari etike dhe profesionale\",\"isPartOf\":{\"@id\":\"http:\\\/\\\/presscouncil-ks.org\\\/#website\"},\"primaryImageOfPage\":{\"@id\":\"http:\\\/\\\/presscouncil-ks.org\\\/?p=17281#primaryimage\"},\"image\":{\"@id\":\"http:\\\/\\\/presscouncil-ks.org\\\/?p=17281#primaryimage\"},\"thumbnailUrl\":\"http:\\\/\\\/presscouncil-ks.org\\\/wp-content\\\/uploads\\\/2025\\\/10\\\/image-thirrja.jpg\",\"datePublished\":\"2025-10-16T15:13:22+00:00\",\"dateModified\":\"2025-10-16T15:13:56+00:00\",\"breadcrumb\":{\"@id\":\"http:\\\/\\\/presscouncil-ks.org\\\/?p=17281#breadcrumb\"},\"inLanguage\":\"en-US\",\"potentialAction\":[{\"@type\":\"ReadAction\",\"target\":[\"http:\\\/\\\/presscouncil-ks.org\\\/?p=17281\"]}]},{\"@type\":\"ImageObject\",\"inLanguage\":\"en-US\",\"@id\":\"http:\\\/\\\/presscouncil-ks.org\\\/?p=17281#primaryimage\",\"url\":\"http:\\\/\\\/presscouncil-ks.org\\\/wp-content\\\/uploads\\\/2025\\\/10\\\/image-thirrja.jpg\",\"contentUrl\":\"http:\\\/\\\/presscouncil-ks.org\\\/wp-content\\\/uploads\\\/2025\\\/10\\\/image-thirrja.jpg\",\"width\":526,\"height\":638},{\"@type\":\"BreadcrumbList\",\"@id\":\"http:\\\/\\\/presscouncil-ks.org\\\/?p=17281#breadcrumb\",\"itemListElement\":[{\"@type\":\"ListItem\",\"position\":1,\"name\":\"Home\",\"item\":\"https:\\\/\\\/presscouncil-ks.org\\\/\"},{\"@type\":\"ListItem\",\"position\":2,\"name\":\"THIRRJE P\u00cbR APLIKIM: P\u00ebr student\u00eb t\u00eb gazetaris\u00eb dhe gazetar\u00eb t\u00eb rinj!\"}]},{\"@type\":\"WebSite\",\"@id\":\"http:\\\/\\\/presscouncil-ks.org\\\/#website\",\"url\":\"http:\\\/\\\/presscouncil-ks.org\\\/\",\"name\":\"https:\\\/\\\/presscouncil-ks.org\\\/\",\"description\":\"\",\"publisher\":{\"@id\":\"http:\\\/\\\/presscouncil-ks.org\\\/#organization\"},\"potentialAction\":[{\"@type\":\"SearchAction\",\"target\":{\"@type\":\"EntryPoint\",\"urlTemplate\":\"http:\\\/\\\/presscouncil-ks.org\\\/?s={search_term_string}\"},\"query-input\":{\"@type\":\"PropertyValueSpecification\",\"valueRequired\":true,\"valueName\":\"search_term_string\"}}],\"inLanguage\":\"en-US\"},{\"@type\":\"Organization\",\"@id\":\"http:\\\/\\\/presscouncil-ks.org\\\/#organization\",\"name\":\"K\u00ebshilli i Mediave t\u00eb Shkruara t\u00eb Kosov\u00ebs\",\"url\":\"http:\\\/\\\/presscouncil-ks.org\\\/\",\"logo\":{\"@type\":\"ImageObject\",\"inLanguage\":\"en-US\",\"@id\":\"http:\\\/\\\/presscouncil-ks.org\\\/#\\\/schema\\\/logo\\\/image\\\/\",\"url\":\"http:\\\/\\\/presscouncil-ks.org\\\/wp-content\\\/uploads\\\/2023\\\/06\\\/cropped-logo.png\",\"contentUrl\":\"http:\\\/\\\/presscouncil-ks.org\\\/wp-content\\\/uploads\\\/2023\\\/06\\\/cropped-logo.png\",\"width\":268,\"height\":166,\"caption\":\"K\u00ebshilli i Mediave t\u00eb Shkruara t\u00eb Kosov\u00ebs\"},\"image\":{\"@id\":\"http:\\\/\\\/presscouncil-ks.org\\\/#\\\/schema\\\/logo\\\/image\\\/\"},\"sameAs\":[\"https:\\\/\\\/www.facebook.com\\\/KMSHKosove\"]},{\"@type\":\"Person\",\"@id\":\"http:\\\/\\\/presscouncil-ks.org\\\/#\\\/schema\\\/person\\\/b79d30c61264caeb733239c16cc4d673\",\"name\":\"Editor\",\"image\":{\"@type\":\"ImageObject\",\"inLanguage\":\"en-US\",\"@id\":\"https:\\\/\\\/secure.gravatar.com\\\/avatar\\\/9534865f39e7b3527010ee17196a76d054b16d731a6a5bfe2f92a071c6e9bf4e?s=96&d=mm&r=g\",\"url\":\"https:\\\/\\\/secure.gravatar.com\\\/avatar\\\/9534865f39e7b3527010ee17196a76d054b16d731a6a5bfe2f92a071c6e9bf4e?s=96&d=mm&r=g\",\"contentUrl\":\"https:\\\/\\\/secure.gravatar.com\\\/avatar\\\/9534865f39e7b3527010ee17196a76d054b16d731a6a5bfe2f92a071c6e9bf4e?s=96&d=mm&r=g\",\"caption\":\"Editor\"},\"url\":\"http:\\\/\\\/presscouncil-ks.org\\\/?author=2\"}]}<\/script>\n<!-- \/ Yoast SEO plugin. -->","yoast_head_json":{"title":"THIRRJE P\u00cbR APLIKIM: P\u00ebr student\u00eb t\u00eb gazetaris\u00eb dhe gazetar\u00eb t\u00eb rinj! - K\u00ebshilli i Mediave t\u00eb Shkruara t\u00eb Kosov\u00ebs | P\u00ebr nj\u00eb gazetari etike dhe profesionale","robots":{"index":"index","follow":"follow","max-snippet":"max-snippet:-1","max-image-preview":"max-image-preview:large","max-video-preview":"max-video-preview:-1"},"canonical":"http:\/\/presscouncil-ks.org\/?p=17281","og_locale":"en_US","og_type":"article","og_title":"THIRRJE P\u00cbR APLIKIM: P\u00ebr student\u00eb t\u00eb gazetaris\u00eb dhe gazetar\u00eb t\u00eb rinj! - K\u00ebshilli i Mediave t\u00eb Shkruara t\u00eb Kosov\u00ebs | P\u00ebr nj\u00eb gazetari etike dhe profesionale","og_description":"K\u00ebshilli i Mediave t\u00eb Shkruara t\u00eb Kosov\u00ebs (KMShK) dhe BIRN Kosova po organizojn\u00eb pun\u00ebtorin\u00eb me tem\u00ebn \u201cRaportimi etik n\u00eb gazetari: standardet, sfidat dhe p\u00ebrgjegj\u00ebsia profesionale\u201d. &nbsp; Pun\u00ebtoria do t\u00eb mbahet m\u00eb 6 n\u00ebntor 2025 n\u00eb Prishtin\u00eb. &nbsp; N\u00eb k\u00ebt\u00eb pun\u00ebtori pjes\u00ebmarr\u00ebsit do t\u00eb ken\u00eb mund\u00ebsi t\u00eb diskutojn\u00eb raste konkrete t\u00eb shkeljeve etike, t\u00eb m\u00ebsojn\u00eb nga [&hellip;]","og_url":"http:\/\/presscouncil-ks.org\/?p=17281","og_site_name":"K\u00ebshilli i Mediave t\u00eb Shkruara t\u00eb Kosov\u00ebs | P\u00ebr nj\u00eb gazetari etike dhe profesionale","article_publisher":"https:\/\/www.facebook.com\/KMSHKosove","article_published_time":"2025-10-16T15:13:22+00:00","article_modified_time":"2025-10-16T15:13:56+00:00","og_image":[{"width":526,"height":638,"url":"http:\/\/presscouncil-ks.org\/wp-content\/uploads\/2025\/10\/image-thirrja.jpg","type":"image\/jpeg"}],"author":"Editor","twitter_card":"summary_large_image","twitter_misc":{"Written by":"Editor","Est. reading time":"1 minute"},"schema":{"@context":"https:\/\/schema.org","@graph":[{"@type":"Article","@id":"http:\/\/presscouncil-ks.org\/?p=17281#article","isPartOf":{"@id":"http:\/\/presscouncil-ks.org\/?p=17281"},"author":{"name":"Editor","@id":"http:\/\/presscouncil-ks.org\/#\/schema\/person\/b79d30c61264caeb733239c16cc4d673"},"headline":"THIRRJE P\u00cbR APLIKIM: P\u00ebr student\u00eb t\u00eb gazetaris\u00eb dhe gazetar\u00eb t\u00eb rinj!","datePublished":"2025-10-16T15:13:22+00:00","dateModified":"2025-10-16T15:13:56+00:00","mainEntityOfPage":{"@id":"http:\/\/presscouncil-ks.org\/?p=17281"},"wordCount":204,"commentCount":0,"publisher":{"@id":"http:\/\/presscouncil-ks.org\/#organization"},"image":{"@id":"http:\/\/presscouncil-ks.org\/?p=17281#primaryimage"},"thumbnailUrl":"http:\/\/presscouncil-ks.org\/wp-content\/uploads\/2025\/10\/image-thirrja.jpg","articleSection":["Lajm"],"inLanguage":"en-US","potentialAction":[{"@type":"CommentAction","name":"Comment","target":["http:\/\/presscouncil-ks.org\/?p=17281#respond"]}]},{"@type":"WebPage","@id":"http:\/\/presscouncil-ks.org\/?p=17281","url":"http:\/\/presscouncil-ks.org\/?p=17281","name":"THIRRJE P\u00cbR APLIKIM: P\u00ebr student\u00eb t\u00eb gazetaris\u00eb dhe gazetar\u00eb t\u00eb rinj! - K\u00ebshilli i Mediave t\u00eb Shkruara t\u00eb Kosov\u00ebs | P\u00ebr nj\u00eb gazetari etike dhe profesionale","isPartOf":{"@id":"http:\/\/presscouncil-ks.org\/#website"},"primaryImageOfPage":{"@id":"http:\/\/presscouncil-ks.org\/?p=17281#primaryimage"},"image":{"@id":"http:\/\/presscouncil-ks.org\/?p=17281#primaryimage"},"thumbnailUrl":"http:\/\/presscouncil-ks.org\/wp-content\/uploads\/2025\/10\/image-thirrja.jpg","datePublished":"2025-10-16T15:13:22+00:00","dateModified":"2025-10-16T15:13:56+00:00","breadcrumb":{"@id":"http:\/\/presscouncil-ks.org\/?p=17281#breadcrumb"},"inLanguage":"en-US","potentialAction":[{"@type":"ReadAction","target":["http:\/\/presscouncil-ks.org\/?p=17281"]}]},{"@type":"ImageObject","inLanguage":"en-US","@id":"http:\/\/presscouncil-ks.org\/?p=17281#primaryimage","url":"http:\/\/presscouncil-ks.org\/wp-content\/uploads\/2025\/10\/image-thirrja.jpg","contentUrl":"http:\/\/presscouncil-ks.org\/wp-content\/uploads\/2025\/10\/image-thirrja.jpg","width":526,"height":638},{"@type":"BreadcrumbList","@id":"http:\/\/presscouncil-ks.org\/?p=17281#breadcrumb","itemListElement":[{"@type":"ListItem","position":1,"name":"Home","item":"https:\/\/presscouncil-ks.org\/"},{"@type":"ListItem","position":2,"name":"THIRRJE P\u00cbR APLIKIM: P\u00ebr student\u00eb t\u00eb gazetaris\u00eb dhe gazetar\u00eb t\u00eb rinj!"}]},{"@type":"WebSite","@id":"http:\/\/presscouncil-ks.org\/#website","url":"http:\/\/presscouncil-ks.org\/","name":"https:\/\/presscouncil-ks.org\/","description":"","publisher":{"@id":"http:\/\/presscouncil-ks.org\/#organization"},"potentialAction":[{"@type":"SearchAction","target":{"@type":"EntryPoint","urlTemplate":"http:\/\/presscouncil-ks.org\/?s={search_term_string}"},"query-input":{"@type":"PropertyValueSpecification","valueRequired":true,"valueName":"search_term_string"}}],"inLanguage":"en-US"},{"@type":"Organization","@id":"http:\/\/presscouncil-ks.org\/#organization","name":"K\u00ebshilli i Mediave t\u00eb Shkruara t\u00eb Kosov\u00ebs","url":"http:\/\/presscouncil-ks.org\/","logo":{"@type":"ImageObject","inLanguage":"en-US","@id":"http:\/\/presscouncil-ks.org\/#\/schema\/logo\/image\/","url":"http:\/\/presscouncil-ks.org\/wp-content\/uploads\/2023\/06\/cropped-logo.png","contentUrl":"http:\/\/presscouncil-ks.org\/wp-content\/uploads\/2023\/06\/cropped-logo.png","width":268,"height":166,"caption":"K\u00ebshilli i Mediave t\u00eb Shkruara t\u00eb Kosov\u00ebs"},"image":{"@id":"http:\/\/presscouncil-ks.org\/#\/schema\/logo\/image\/"},"sameAs":["https:\/\/www.facebook.com\/KMSHKosove"]},{"@type":"Person","@id":"http:\/\/presscouncil-ks.org\/#\/schema\/person\/b79d30c61264caeb733239c16cc4d673","name":"Editor","image":{"@type":"ImageObject","inLanguage":"en-US","@id":"https:\/\/secure.gravatar.com\/avatar\/9534865f39e7b3527010ee17196a76d054b16d731a6a5bfe2f92a071c6e9bf4e?s=96&d=mm&r=g","url":"https:\/\/secure.gravatar.com\/avatar\/9534865f39e7b3527010ee17196a76d054b16d731a6a5bfe2f92a071c6e9bf4e?s=96&d=mm&r=g","contentUrl":"https:\/\/secure.gravatar.com\/avatar\/9534865f39e7b3527010ee17196a76d054b16d731a6a5bfe2f92a071c6e9bf4e?s=96&d=mm&r=g","caption":"Editor"},"url":"http:\/\/presscouncil-ks.org\/?author=2"}]}},"_links":{"self":[{"href":"http:\/\/presscouncil-ks.org\/index.php?rest_route=\/wp\/v2\/posts\/17281","targetHints":{"allow":["GET"]}}],"collection":[{"href":"http:\/\/presscouncil-ks.org\/index.php?rest_route=\/wp\/v2\/posts"}],"about":[{"href":"http:\/\/presscouncil-ks.org\/index.php?rest_route=\/wp\/v2\/types\/post"}],"author":[{"embeddable":true,"href":"http:\/\/presscouncil-ks.org\/index.php?rest_route=\/wp\/v2\/users\/2"}],"replies":[{"embeddable":true,"href":"http:\/\/presscouncil-ks.org\/index.php?rest_route=%2Fwp%2Fv2%2Fcomments&post=17281"}],"version-history":[{"count":2,"href":"http:\/\/presscouncil-ks.org\/index.php?rest_route=\/wp\/v2\/posts\/17281\/revisions"}],"predecessor-version":[{"id":17284,"href":"http:\/\/presscouncil-ks.org\/index.php?rest_route=\/wp\/v2\/posts\/17281\/revisions\/17284"}],"wp:featuredmedia":[{"embeddable":true,"href":"http:\/\/presscouncil-ks.org\/index.php?rest_route=\/wp\/v2\/media\/17282"}],"wp:attachment":[{"href":"http:\/\/presscouncil-ks.org\/index.php?rest_route=%2Fwp%2Fv2%2Fmedia&parent=17281"}],"wp:term":[{"taxonomy":"category","embeddable":true,"href":"http:\/\/presscouncil-ks.org\/index.php?rest_route=%2Fwp%2Fv2%2Fcategories&post=17281"},{"taxonomy":"post_tag","embeddable":true,"href":"http:\/\/presscouncil-ks.org\/index.php?rest_route=%2Fwp%2Fv2%2Ftags&post=17281"}],"curies":[{"name":"wp","href":"https:\/\/api.w.org\/{rel}","templated":true}]}}