{"id":17274,"date":"2025-10-16T13:29:29","date_gmt":"2025-10-16T13:29:29","guid":{"rendered":"https:\/\/presscouncil-ks.org\/?p=17274"},"modified":"2025-10-21T10:47:59","modified_gmt":"2025-10-21T10:47:59","slug":"trapped-in-the-algorithm-rethinking-medias-role-in-a-rigged-digital-world","status":"publish","type":"post","link":"http:\/\/presscouncil-ks.org\/?p=17274&lang=en","title":{"rendered":"Trapped in the algorithm: Rethinking media\u2019s role in a &#8216;rigged&#8217; digital world"},"content":{"rendered":"<p><strong>Experts warn that while leaving social media cedes ground to disinformation, staying demands ethical compromises and strategic resilience.<\/strong><\/p>\n<p>&nbsp;<\/p>\n<p><strong>Written by: Volga Kuscuoglu\/bianet<\/strong><\/p>\n<p>&nbsp;<\/p>\n<p>Panelists at the\u00a0<a href=\"https:\/\/bianet.org\/tag\/our-media-113269\">Our Media<\/a>\u00a0conference, organized by the South East European Network for Professionalization of Media (SEENPM) and Mediacentar Sarajevo, confronted the ethical and strategic dilemmas civil society faces when operating on corporate social media platforms.<\/p>\n<p>&nbsp;<\/p>\n<p>In the panel titled \u201cFueling the machine causing issues we are fighting against &#8211; Ethical dilemma about using social media for civil society causes,\u201d held on Oct 3 at Sarajevo University, the discussion focused on how journalists, activists, and rights organizations can navigate the tension between engaging audiences and participating in exploitative digital systems.<\/p>\n<p>&nbsp;<\/p>\n<p>Moderated by Marina Grnja of the Novi Sad School of Journalism, the panel brought together Victoire Rio of What to Fix, a non-profit organization focusing on tech policy and accountability, Fe\u0111a Kulenovi\u0107, a data and digital transformation expert from Bosnia and Herzegovina, and Rima Sghaier, a researcher and advocate for internet freedom based in Italy.<\/p>\n<p>&nbsp;<\/p>\n<p><strong>Stay or leave?<\/strong><\/p>\n<p>&nbsp;<\/p>\n<p>Kulenovi\u0107 began by framing the core dilemma: Should journalists and media outlets remain on social platforms, or is it ultimately counterproductive? He answered, \u201cIt&#8217;s both yes and no. It depends on a strategic approach to how you manage your presence.\u201d<\/p>\n<p>&nbsp;<\/p>\n<p>Abandoning these platforms without an alternative would allow them to be overtaken by &#8220;quasi-media presenting themselves as legitimate sources\u201d and would diminish the already fragile influence of media institutions, he argued.<\/p>\n<p>&nbsp;<\/p>\n<p>Journalists are already losing the \u201cgatekeeper\u201d role, Kulenovi\u0107 asserted, and politicians are increasingly bypassing them to appeal directly to audiences. \u201cIf we don&#8217;t keep them in check even on social media, then it will be even worse for us. And worst of all, it will be even worse for the community we are trying to serve by creating new knowledge within that community.\u201d<\/p>\n<p>&nbsp;<\/p>\n<p>Moreover, even if media outlets stop sharing their content on these platforms, others can share or repurpose them, potentially to generate income, he said.<\/p>\n<p>&nbsp;<\/p>\n<p><strong>\u2018Media can\u2019t win in this environment\u2019<\/strong><\/p>\n<p>&nbsp;<\/p>\n<p>Victoire Rio highlighted the contrast between the purpose of journalism and structural issues embedded in social media platforms&#8217; business models, especially new monetization policies. \u201cThey&#8217;re not interested in creating community or bringing information. They&#8217;re interested in selling as many ads as possible,\u201d she said.<\/p>\n<p>&nbsp;<\/p>\n<p>Algorithms prioritize content designed to maximize user retention, which often means political and journalistic content is demoted, according to Rio.<\/p>\n<p>&nbsp;<\/p>\n<p>\u201cOn Facebook, it used to be that you had your friends, some media pages and other sources of information you had chosen. Now over 35% or 40% of the content you see is actually unconnected,\u201d she said. \u201cIn an ideal world for YouTube, for Facebook, for TikTok, they would love to have a situation in which they generate an AI timeline for you that is designed just for you to keep you engaged as long as possible.<\/p>\n<p>&nbsp;<\/p>\n<p>\u201cThat&#8217;s the ideal scenario for them. Getting content that no one really is producing, that they don&#8217;t have to pay for, but that really retains you.\u201d<\/p>\n<p>&nbsp;<\/p>\n<p><img decoding=\"async\" src=\"https:\/\/static.bianet.org\/2025\/10\/g2-npxewoaac5jg.jpeg\" \/><\/p>\n<p>Kulenovi\u0107, Rio and Grnja<\/p>\n<p>&nbsp;<\/p>\n<p>With monetization models in which social media platforms distribute their advertisement income to publishers, Rio said, \u201cthey incentivize a lot of stakeholders that just push and blast content,\u201d whose goal is to maxmize their profit by managing as many pages as possible.<\/p>\n<p>&nbsp;<\/p>\n<p>Most of such content is AI-generated or plagiarized, sometimes from media outlets struggling to maintain visibility, she added.<\/p>\n<p>&nbsp;<\/p>\n<p>Moreover, social media platforms treat AI-generated content pushed by such accounts the same as carefully produced journalism, she noted.<\/p>\n<p>&nbsp;<\/p>\n<p>\u201cMedia can\u2019t win in that environment because they are bound by ethical standards and can\u2019t operate like the thousands of bot-run, AI-generated content farms,\u201d Rio argued.<\/p>\n<p>&nbsp;<\/p>\n<p>To address these issues, she urged a rethinking of how content is valued and how advertisers allocate their spending accordingly. She also pointed to new approaches such as Rappler\u2019s community portal in the Philippines, where journalists and audiences can engage directly.<\/p>\n<p>&nbsp;<\/p>\n<p>However, she acknowledged the limitations: \u201cThat\u2019s easier for investigative outlets with low-volume output. For daily content producers, it\u2019s much harder to maintain direct relationships\u201d.<\/p>\n<p>&nbsp;<\/p>\n<p><strong>Building resilience<\/strong><\/p>\n<p>&nbsp;<\/p>\n<p>Rima Sghaier, who joined the panel remotely, expanded on the opaque and manipulative nature of algorithmic systems on mainstream platforms, which she said has long distorted visibility for content shared by independent media.<\/p>\n<p>&nbsp;<\/p>\n<p>\u201cIssues around organic engagement are compounded by the noise\u2014there\u2019s just too much of it,\u201d she said, referring to the proliferation of content from \u201cquasi-media\u201d and self-proclaimed sources that crowd out legitimate journalism.<\/p>\n<p>&nbsp;<\/p>\n<p>\u201cUnfortunately, we see this universally,\u201d she said, which makes it a challenge for people to know whether information they see is credible. \u201cAnd now this has become even more challenging with the introduction of AI-generated media content,\u201d she added.<\/p>\n<p>&nbsp;<\/p>\n<p>To respond to this, Sghaier advocated for strategic digital resilience within newsrooms and civil society organizations.<\/p>\n<p>&nbsp;<\/p>\n<p>\u201cFor journalists it&#8217;s important to have a strategic understanding of ethical use of social media. This includes resilience building. Everyone in the newsroom should be aware of and recognize the limitations and the harms of these platforms and build mitigation practices,&#8221; she said.<\/p>\n<p>&nbsp;<\/p>\n<p>Such measures include enforcing strong privacy settings, practicing digital hygiene, and ensuring backup channels for communication, especially where censorship is widespread, added Sghaier.<\/p>\n<p>&nbsp;<\/p>\n<p>She also stressed the need for ethical transparency in data practices, saying \u201cBe clear about what you collect from audiences, and ensure that they have agency in how their data is used,\u201d she said.<\/p>\n<p>&nbsp;<\/p>\n<p>Urging journalists to prioritize marginalized voices in their strategies and content, Sghaier said, \u201cUnderstand how these voices are being erased or demoted. And understand how engagement algorithms and recommenders work, because that\u2019s what\u2019s shaping public discourse.\u201d (VK).<\/p>\n<p>&nbsp;<\/p>\n<p><img loading=\"lazy\" decoding=\"async\" class=\"\" src=\"https:\/\/static.bianet.org\/2025\/10\/en-co-funded-by-the-eu-pos.jpg\" width=\"224\" height=\"47\" \/><\/p>\n<p>&nbsp;<\/p>\n<p><em>The regional program \u201cOur Media: A civil society action to generate media literacy and activism, counter polarisation and promote dialogue\u201d is implemented with the financial support of the European Union by partner organizations <\/em><strong><a href=\"https:\/\/seenpm.org\/\"><em>SEENPM<\/em><\/a><em>,\u00a0<\/em><a href=\"https:\/\/www.institutemedia.org\/\"><em>Albanian Media Institute<\/em><\/a><em>,\u00a0<\/em><a href=\"https:\/\/www.media.ba\/bs\"><em>Mediacentar Sarajevo<\/em><\/a><em>,\u00a0<\/em><a href=\"http:\/\/presscouncil-ks.org\/?lang=en\"><em>Press Council of Kosovo<\/em><\/a><em>,\u00a0<\/em><a href=\"https:\/\/www.mminstitute.org\/\"><em>Montenegrin Media Institute<\/em><\/a><em>,\u00a0<\/em><a href=\"https:\/\/mim.org.mk\/en\/\"><em>Macedonian Institute for Media<\/em><\/a><em>,\u00a0<\/em><a href=\"https:\/\/novinarska-skola.org.rs\/srbija-opet-pala-na-listi-reportera-bez-granica\/?lang=en\"><em>Novi Sad School of Journalism<\/em><\/a><em>,\u00a0<\/em><a href=\"https:\/\/www.mirovni-institut.si\/en\/\"><em>Peace Institute<\/em><\/a><em>\u00a0and\u00a0<\/em><a href=\"https:\/\/bianet.org\/english\"><em>Bianet<\/em><\/a><em>.<\/em><\/strong><\/p>\n<p>&nbsp;<\/p>\n<p><em>This article was produced with the financial support of the European Union. Its contents are the sole responsibility of bianet and do not necessarily reflect the views of the European Union.<\/em><\/p>\n<p>&nbsp;<\/p>\n<p>Co-financed by:<\/p>\n<p>&nbsp;<\/p>\n<p><img loading=\"lazy\" decoding=\"async\" class=\"\" src=\"https:\/\/www.media.ba\/sites\/default\/files\/osf-logo.jpg\" width=\"161\" height=\"51\" \/><\/p>\n<p style=\"font-style: inherit; font-weight: inherit;\"><span style=\"font-style: inherit; font-weight: inherit;\">\u00a0<\/span><\/p>\n<p style=\"font-style: inherit; font-weight: inherit;\"><span style=\"font-weight: inherit;\">\u00a0<\/span><\/p>\n","protected":false},"excerpt":{"rendered":"<p>Experts warn that while leaving social media cedes ground to disinformation, staying demands ethical compromises and strategic resilience. &nbsp; Written by: Volga Kuscuoglu\/bianet &nbsp; Panelists at the\u00a0Our Media\u00a0conference, organized by the South East European Network for Professionalization of Media (SEENPM) and Mediacentar Sarajevo, confronted the ethical and strategic dilemmas civil society faces when operating on [&hellip;]<\/p>\n","protected":false},"author":2,"featured_media":17275,"comment_status":"open","ping_status":"open","sticky":false,"template":"","format":"standard","meta":{"footnotes":""},"categories":[115],"tags":[],"class_list":["post-17274","post","type-post","status-publish","format-standard","has-post-thumbnail","hentry","category-news"],"acf":[],"yoast_head":"<!-- This site is optimized with the Yoast SEO plugin v28.3 - https:\/\/yoast.com\/product\/yoast-seo-wordpress\/ -->\n<title>Trapped in the algorithm: Rethinking media\u2019s role in a &#039;rigged&#039; digital world - K\u00ebshilli i Mediave t\u00eb Shkruara t\u00eb Kosov\u00ebs | P\u00ebr nj\u00eb gazetari etike dhe profesionale<\/title>\n<meta name=\"robots\" content=\"index, follow, max-snippet:-1, max-image-preview:large, max-video-preview:-1\" \/>\n<link rel=\"canonical\" href=\"http:\/\/presscouncil-ks.org\/?p=17274&lang=en\" \/>\n<meta property=\"og:locale\" content=\"en_US\" \/>\n<meta property=\"og:type\" content=\"article\" \/>\n<meta property=\"og:title\" content=\"Trapped in the algorithm: Rethinking media\u2019s role in a &#039;rigged&#039; digital world - K\u00ebshilli i Mediave t\u00eb Shkruara t\u00eb Kosov\u00ebs | P\u00ebr nj\u00eb gazetari etike dhe profesionale\" \/>\n<meta property=\"og:description\" content=\"Experts warn that while leaving social media cedes ground to disinformation, staying demands ethical compromises and strategic resilience. &nbsp; Written by: Volga Kuscuoglu\/bianet &nbsp; Panelists at the\u00a0Our Media\u00a0conference, organized by the South East European Network for Professionalization of Media (SEENPM) and Mediacentar Sarajevo, confronted the ethical and strategic dilemmas civil society faces when operating on [&hellip;]\" \/>\n<meta property=\"og:url\" content=\"http:\/\/presscouncil-ks.org\/?p=17274&amp;lang=en\" \/>\n<meta property=\"og:site_name\" content=\"K\u00ebshilli i Mediave t\u00eb Shkruara t\u00eb Kosov\u00ebs | P\u00ebr nj\u00eb gazetari etike dhe profesionale\" \/>\n<meta property=\"article:publisher\" content=\"https:\/\/www.facebook.com\/KMSHKosove\" \/>\n<meta property=\"article:published_time\" content=\"2025-10-16T13:29:29+00:00\" \/>\n<meta property=\"article:modified_time\" content=\"2025-10-21T10:47:59+00:00\" \/>\n<meta property=\"og:image\" content=\"http:\/\/presscouncil-ks.org\/wp-content\/uploads\/2025\/10\/trapped-in-the-algorithm.jpg\" \/>\n\t<meta property=\"og:image:width\" content=\"1200\" \/>\n\t<meta property=\"og:image:height\" content=\"760\" \/>\n\t<meta property=\"og:image:type\" content=\"image\/jpeg\" \/>\n<meta name=\"author\" content=\"Editor\" \/>\n<meta name=\"twitter:card\" content=\"summary_large_image\" \/>\n<meta name=\"twitter:label1\" content=\"Written by\" \/>\n\t<meta name=\"twitter:data1\" content=\"Editor\" \/>\n\t<meta name=\"twitter:label2\" content=\"Est. reading time\" \/>\n\t<meta name=\"twitter:data2\" content=\"5 minutes\" \/>\n<script type=\"application\/ld+json\" class=\"yoast-schema-graph\">{\"@context\":\"https:\\\/\\\/schema.org\",\"@graph\":[{\"@type\":\"Article\",\"@id\":\"http:\\\/\\\/presscouncil-ks.org\\\/?p=17274&lang=en#article\",\"isPartOf\":{\"@id\":\"http:\\\/\\\/presscouncil-ks.org\\\/?p=17274&lang=en\"},\"author\":{\"name\":\"Editor\",\"@id\":\"http:\\\/\\\/presscouncil-ks.org\\\/#\\\/schema\\\/person\\\/b79d30c61264caeb733239c16cc4d673\"},\"headline\":\"Trapped in the algorithm: Rethinking media\u2019s role in a &#8216;rigged&#8217; digital world\",\"datePublished\":\"2025-10-16T13:29:29+00:00\",\"dateModified\":\"2025-10-21T10:47:59+00:00\",\"mainEntityOfPage\":{\"@id\":\"http:\\\/\\\/presscouncil-ks.org\\\/?p=17274&lang=en\"},\"wordCount\":1091,\"commentCount\":0,\"publisher\":{\"@id\":\"http:\\\/\\\/presscouncil-ks.org\\\/#organization\"},\"image\":{\"@id\":\"http:\\\/\\\/presscouncil-ks.org\\\/?p=17274&lang=en#primaryimage\"},\"thumbnailUrl\":\"http:\\\/\\\/presscouncil-ks.org\\\/wp-content\\\/uploads\\\/2025\\\/10\\\/trapped-in-the-algorithm.jpg\",\"articleSection\":[\"News\"],\"inLanguage\":\"en-US\",\"potentialAction\":[{\"@type\":\"CommentAction\",\"name\":\"Comment\",\"target\":[\"http:\\\/\\\/presscouncil-ks.org\\\/?p=17274&lang=en#respond\"]}]},{\"@type\":\"WebPage\",\"@id\":\"http:\\\/\\\/presscouncil-ks.org\\\/?p=17274&lang=en\",\"url\":\"http:\\\/\\\/presscouncil-ks.org\\\/?p=17274&lang=en\",\"name\":\"Trapped in the algorithm: Rethinking media\u2019s role in a 'rigged' digital world - K\u00ebshilli i Mediave t\u00eb Shkruara t\u00eb Kosov\u00ebs | P\u00ebr nj\u00eb gazetari etike dhe profesionale\",\"isPartOf\":{\"@id\":\"http:\\\/\\\/presscouncil-ks.org\\\/#website\"},\"primaryImageOfPage\":{\"@id\":\"http:\\\/\\\/presscouncil-ks.org\\\/?p=17274&lang=en#primaryimage\"},\"image\":{\"@id\":\"http:\\\/\\\/presscouncil-ks.org\\\/?p=17274&lang=en#primaryimage\"},\"thumbnailUrl\":\"http:\\\/\\\/presscouncil-ks.org\\\/wp-content\\\/uploads\\\/2025\\\/10\\\/trapped-in-the-algorithm.jpg\",\"datePublished\":\"2025-10-16T13:29:29+00:00\",\"dateModified\":\"2025-10-21T10:47:59+00:00\",\"breadcrumb\":{\"@id\":\"http:\\\/\\\/presscouncil-ks.org\\\/?p=17274&lang=en#breadcrumb\"},\"inLanguage\":\"en-US\",\"potentialAction\":[{\"@type\":\"ReadAction\",\"target\":[\"http:\\\/\\\/presscouncil-ks.org\\\/?p=17274&lang=en\"]}]},{\"@type\":\"ImageObject\",\"inLanguage\":\"en-US\",\"@id\":\"http:\\\/\\\/presscouncil-ks.org\\\/?p=17274&lang=en#primaryimage\",\"url\":\"http:\\\/\\\/presscouncil-ks.org\\\/wp-content\\\/uploads\\\/2025\\\/10\\\/trapped-in-the-algorithm.jpg\",\"contentUrl\":\"http:\\\/\\\/presscouncil-ks.org\\\/wp-content\\\/uploads\\\/2025\\\/10\\\/trapped-in-the-algorithm.jpg\",\"width\":1200,\"height\":760},{\"@type\":\"BreadcrumbList\",\"@id\":\"http:\\\/\\\/presscouncil-ks.org\\\/?p=17274&lang=en#breadcrumb\",\"itemListElement\":[{\"@type\":\"ListItem\",\"position\":1,\"name\":\"Home\",\"item\":\"https:\\\/\\\/presscouncil-ks.org\\\/\"},{\"@type\":\"ListItem\",\"position\":2,\"name\":\"Trapped in the algorithm: Rethinking media\u2019s role in a &#8216;rigged&#8217; digital world\"}]},{\"@type\":\"WebSite\",\"@id\":\"http:\\\/\\\/presscouncil-ks.org\\\/#website\",\"url\":\"http:\\\/\\\/presscouncil-ks.org\\\/\",\"name\":\"https:\\\/\\\/presscouncil-ks.org\\\/\",\"description\":\"\",\"publisher\":{\"@id\":\"http:\\\/\\\/presscouncil-ks.org\\\/#organization\"},\"potentialAction\":[{\"@type\":\"SearchAction\",\"target\":{\"@type\":\"EntryPoint\",\"urlTemplate\":\"http:\\\/\\\/presscouncil-ks.org\\\/?s={search_term_string}\"},\"query-input\":{\"@type\":\"PropertyValueSpecification\",\"valueRequired\":true,\"valueName\":\"search_term_string\"}}],\"inLanguage\":\"en-US\"},{\"@type\":\"Organization\",\"@id\":\"http:\\\/\\\/presscouncil-ks.org\\\/#organization\",\"name\":\"K\u00ebshilli i Mediave t\u00eb Shkruara t\u00eb Kosov\u00ebs\",\"url\":\"http:\\\/\\\/presscouncil-ks.org\\\/\",\"logo\":{\"@type\":\"ImageObject\",\"inLanguage\":\"en-US\",\"@id\":\"http:\\\/\\\/presscouncil-ks.org\\\/#\\\/schema\\\/logo\\\/image\\\/\",\"url\":\"http:\\\/\\\/presscouncil-ks.org\\\/wp-content\\\/uploads\\\/2023\\\/06\\\/cropped-logo.png\",\"contentUrl\":\"http:\\\/\\\/presscouncil-ks.org\\\/wp-content\\\/uploads\\\/2023\\\/06\\\/cropped-logo.png\",\"width\":268,\"height\":166,\"caption\":\"K\u00ebshilli i Mediave t\u00eb Shkruara t\u00eb Kosov\u00ebs\"},\"image\":{\"@id\":\"http:\\\/\\\/presscouncil-ks.org\\\/#\\\/schema\\\/logo\\\/image\\\/\"},\"sameAs\":[\"https:\\\/\\\/www.facebook.com\\\/KMSHKosove\"]},{\"@type\":\"Person\",\"@id\":\"http:\\\/\\\/presscouncil-ks.org\\\/#\\\/schema\\\/person\\\/b79d30c61264caeb733239c16cc4d673\",\"name\":\"Editor\",\"image\":{\"@type\":\"ImageObject\",\"inLanguage\":\"en-US\",\"@id\":\"https:\\\/\\\/secure.gravatar.com\\\/avatar\\\/9534865f39e7b3527010ee17196a76d054b16d731a6a5bfe2f92a071c6e9bf4e?s=96&d=mm&r=g\",\"url\":\"https:\\\/\\\/secure.gravatar.com\\\/avatar\\\/9534865f39e7b3527010ee17196a76d054b16d731a6a5bfe2f92a071c6e9bf4e?s=96&d=mm&r=g\",\"contentUrl\":\"https:\\\/\\\/secure.gravatar.com\\\/avatar\\\/9534865f39e7b3527010ee17196a76d054b16d731a6a5bfe2f92a071c6e9bf4e?s=96&d=mm&r=g\",\"caption\":\"Editor\"},\"url\":\"http:\\\/\\\/presscouncil-ks.org\\\/?author=2\"}]}<\/script>\n<!-- \/ Yoast SEO plugin. -->","yoast_head_json":{"title":"Trapped in the algorithm: Rethinking media\u2019s role in a 'rigged' digital world - K\u00ebshilli i Mediave t\u00eb Shkruara t\u00eb Kosov\u00ebs | P\u00ebr nj\u00eb gazetari etike dhe profesionale","robots":{"index":"index","follow":"follow","max-snippet":"max-snippet:-1","max-image-preview":"max-image-preview:large","max-video-preview":"max-video-preview:-1"},"canonical":"http:\/\/presscouncil-ks.org\/?p=17274&lang=en","og_locale":"en_US","og_type":"article","og_title":"Trapped in the algorithm: Rethinking media\u2019s role in a 'rigged' digital world - K\u00ebshilli i Mediave t\u00eb Shkruara t\u00eb Kosov\u00ebs | P\u00ebr nj\u00eb gazetari etike dhe profesionale","og_description":"Experts warn that while leaving social media cedes ground to disinformation, staying demands ethical compromises and strategic resilience. &nbsp; Written by: Volga Kuscuoglu\/bianet &nbsp; Panelists at the\u00a0Our Media\u00a0conference, organized by the South East European Network for Professionalization of Media (SEENPM) and Mediacentar Sarajevo, confronted the ethical and strategic dilemmas civil society faces when operating on [&hellip;]","og_url":"http:\/\/presscouncil-ks.org\/?p=17274&lang=en","og_site_name":"K\u00ebshilli i Mediave t\u00eb Shkruara t\u00eb Kosov\u00ebs | P\u00ebr nj\u00eb gazetari etike dhe profesionale","article_publisher":"https:\/\/www.facebook.com\/KMSHKosove","article_published_time":"2025-10-16T13:29:29+00:00","article_modified_time":"2025-10-21T10:47:59+00:00","og_image":[{"width":1200,"height":760,"url":"http:\/\/presscouncil-ks.org\/wp-content\/uploads\/2025\/10\/trapped-in-the-algorithm.jpg","type":"image\/jpeg"}],"author":"Editor","twitter_card":"summary_large_image","twitter_misc":{"Written by":"Editor","Est. reading time":"5 minutes"},"schema":{"@context":"https:\/\/schema.org","@graph":[{"@type":"Article","@id":"http:\/\/presscouncil-ks.org\/?p=17274&lang=en#article","isPartOf":{"@id":"http:\/\/presscouncil-ks.org\/?p=17274&lang=en"},"author":{"name":"Editor","@id":"http:\/\/presscouncil-ks.org\/#\/schema\/person\/b79d30c61264caeb733239c16cc4d673"},"headline":"Trapped in the algorithm: Rethinking media\u2019s role in a &#8216;rigged&#8217; digital world","datePublished":"2025-10-16T13:29:29+00:00","dateModified":"2025-10-21T10:47:59+00:00","mainEntityOfPage":{"@id":"http:\/\/presscouncil-ks.org\/?p=17274&lang=en"},"wordCount":1091,"commentCount":0,"publisher":{"@id":"http:\/\/presscouncil-ks.org\/#organization"},"image":{"@id":"http:\/\/presscouncil-ks.org\/?p=17274&lang=en#primaryimage"},"thumbnailUrl":"http:\/\/presscouncil-ks.org\/wp-content\/uploads\/2025\/10\/trapped-in-the-algorithm.jpg","articleSection":["News"],"inLanguage":"en-US","potentialAction":[{"@type":"CommentAction","name":"Comment","target":["http:\/\/presscouncil-ks.org\/?p=17274&lang=en#respond"]}]},{"@type":"WebPage","@id":"http:\/\/presscouncil-ks.org\/?p=17274&lang=en","url":"http:\/\/presscouncil-ks.org\/?p=17274&lang=en","name":"Trapped in the algorithm: Rethinking media\u2019s role in a 'rigged' digital world - K\u00ebshilli i Mediave t\u00eb Shkruara t\u00eb Kosov\u00ebs | P\u00ebr nj\u00eb gazetari etike dhe profesionale","isPartOf":{"@id":"http:\/\/presscouncil-ks.org\/#website"},"primaryImageOfPage":{"@id":"http:\/\/presscouncil-ks.org\/?p=17274&lang=en#primaryimage"},"image":{"@id":"http:\/\/presscouncil-ks.org\/?p=17274&lang=en#primaryimage"},"thumbnailUrl":"http:\/\/presscouncil-ks.org\/wp-content\/uploads\/2025\/10\/trapped-in-the-algorithm.jpg","datePublished":"2025-10-16T13:29:29+00:00","dateModified":"2025-10-21T10:47:59+00:00","breadcrumb":{"@id":"http:\/\/presscouncil-ks.org\/?p=17274&lang=en#breadcrumb"},"inLanguage":"en-US","potentialAction":[{"@type":"ReadAction","target":["http:\/\/presscouncil-ks.org\/?p=17274&lang=en"]}]},{"@type":"ImageObject","inLanguage":"en-US","@id":"http:\/\/presscouncil-ks.org\/?p=17274&lang=en#primaryimage","url":"http:\/\/presscouncil-ks.org\/wp-content\/uploads\/2025\/10\/trapped-in-the-algorithm.jpg","contentUrl":"http:\/\/presscouncil-ks.org\/wp-content\/uploads\/2025\/10\/trapped-in-the-algorithm.jpg","width":1200,"height":760},{"@type":"BreadcrumbList","@id":"http:\/\/presscouncil-ks.org\/?p=17274&lang=en#breadcrumb","itemListElement":[{"@type":"ListItem","position":1,"name":"Home","item":"https:\/\/presscouncil-ks.org\/"},{"@type":"ListItem","position":2,"name":"Trapped in the algorithm: Rethinking media\u2019s role in a &#8216;rigged&#8217; digital world"}]},{"@type":"WebSite","@id":"http:\/\/presscouncil-ks.org\/#website","url":"http:\/\/presscouncil-ks.org\/","name":"https:\/\/presscouncil-ks.org\/","description":"","publisher":{"@id":"http:\/\/presscouncil-ks.org\/#organization"},"potentialAction":[{"@type":"SearchAction","target":{"@type":"EntryPoint","urlTemplate":"http:\/\/presscouncil-ks.org\/?s={search_term_string}"},"query-input":{"@type":"PropertyValueSpecification","valueRequired":true,"valueName":"search_term_string"}}],"inLanguage":"en-US"},{"@type":"Organization","@id":"http:\/\/presscouncil-ks.org\/#organization","name":"K\u00ebshilli i Mediave t\u00eb Shkruara t\u00eb Kosov\u00ebs","url":"http:\/\/presscouncil-ks.org\/","logo":{"@type":"ImageObject","inLanguage":"en-US","@id":"http:\/\/presscouncil-ks.org\/#\/schema\/logo\/image\/","url":"http:\/\/presscouncil-ks.org\/wp-content\/uploads\/2023\/06\/cropped-logo.png","contentUrl":"http:\/\/presscouncil-ks.org\/wp-content\/uploads\/2023\/06\/cropped-logo.png","width":268,"height":166,"caption":"K\u00ebshilli i Mediave t\u00eb Shkruara t\u00eb Kosov\u00ebs"},"image":{"@id":"http:\/\/presscouncil-ks.org\/#\/schema\/logo\/image\/"},"sameAs":["https:\/\/www.facebook.com\/KMSHKosove"]},{"@type":"Person","@id":"http:\/\/presscouncil-ks.org\/#\/schema\/person\/b79d30c61264caeb733239c16cc4d673","name":"Editor","image":{"@type":"ImageObject","inLanguage":"en-US","@id":"https:\/\/secure.gravatar.com\/avatar\/9534865f39e7b3527010ee17196a76d054b16d731a6a5bfe2f92a071c6e9bf4e?s=96&d=mm&r=g","url":"https:\/\/secure.gravatar.com\/avatar\/9534865f39e7b3527010ee17196a76d054b16d731a6a5bfe2f92a071c6e9bf4e?s=96&d=mm&r=g","contentUrl":"https:\/\/secure.gravatar.com\/avatar\/9534865f39e7b3527010ee17196a76d054b16d731a6a5bfe2f92a071c6e9bf4e?s=96&d=mm&r=g","caption":"Editor"},"url":"http:\/\/presscouncil-ks.org\/?author=2"}]}},"_links":{"self":[{"href":"http:\/\/presscouncil-ks.org\/index.php?rest_route=\/wp\/v2\/posts\/17274","targetHints":{"allow":["GET"]}}],"collection":[{"href":"http:\/\/presscouncil-ks.org\/index.php?rest_route=\/wp\/v2\/posts"}],"about":[{"href":"http:\/\/presscouncil-ks.org\/index.php?rest_route=\/wp\/v2\/types\/post"}],"author":[{"embeddable":true,"href":"http:\/\/presscouncil-ks.org\/index.php?rest_route=\/wp\/v2\/users\/2"}],"replies":[{"embeddable":true,"href":"http:\/\/presscouncil-ks.org\/index.php?rest_route=%2Fwp%2Fv2%2Fcomments&post=17274"}],"version-history":[{"count":2,"href":"http:\/\/presscouncil-ks.org\/index.php?rest_route=\/wp\/v2\/posts\/17274\/revisions"}],"predecessor-version":[{"id":17323,"href":"http:\/\/presscouncil-ks.org\/index.php?rest_route=\/wp\/v2\/posts\/17274\/revisions\/17323"}],"wp:featuredmedia":[{"embeddable":true,"href":"http:\/\/presscouncil-ks.org\/index.php?rest_route=\/wp\/v2\/media\/17275"}],"wp:attachment":[{"href":"http:\/\/presscouncil-ks.org\/index.php?rest_route=%2Fwp%2Fv2%2Fmedia&parent=17274"}],"wp:term":[{"taxonomy":"category","embeddable":true,"href":"http:\/\/presscouncil-ks.org\/index.php?rest_route=%2Fwp%2Fv2%2Fcategories&post=17274"},{"taxonomy":"post_tag","embeddable":true,"href":"http:\/\/presscouncil-ks.org\/index.php?rest_route=%2Fwp%2Fv2%2Ftags&post=17274"}],"curies":[{"name":"wp","href":"https:\/\/api.w.org\/{rel}","templated":true}]}}