{"id":17272,"date":"2025-10-11T12:15:50","date_gmt":"2025-10-11T12:15:50","guid":{"rendered":"https:\/\/presscouncil-ks.org\/?p=17272"},"modified":"2025-10-21T10:45:23","modified_gmt":"2025-10-21T10:45:23","slug":"permbytja-e-zhurmes","status":"publish","type":"post","link":"http:\/\/presscouncil-ks.org\/?p=17272","title":{"rendered":"P\u00ebrmbytja e Zhurm\u00ebs"},"content":{"rendered":"<p><strong>Si g\u00ebrryhet \u2014 dhe si mbrohet \u2014 liria e medias!<\/strong><\/p>\n<p>&nbsp;<\/p>\n<p><strong>Nga Brankica Petkovi\u0107<\/strong><\/p>\n<p>&nbsp;<\/p>\n<p>S\u00eb fundmi, kam drejtuar nj\u00eb studim t\u00eb SEENPM mbi\u00a0<strong><a href=\"https:\/\/futureofmedia.seenpm.org\/\">T\u00eb Ardhmen e Mediave<\/a><\/strong>\u00a0n\u00eb Ballkanin Per\u00ebndimor dhe Turqi, si edhe pjes\u00ebn sllovene t\u00eb projektit europian p\u00ebr median dhe demokracin\u00eb,\u00a0<strong><a href=\"https:\/\/www.medemap.eu\/\">MeDeMAP<\/a><\/strong>. K\u00ebto projekte m\u00eb dhan\u00eb njohuri q\u00eb konfirmojn\u00eb se liria e medias dhe e shprehjes mbeten thell\u00ebsisht t\u00eb kontestuara, t\u00eb brishta dhe n\u00ebn presion, jo vet\u00ebm n\u00eb t\u00eb ashtuquajturat \u201cdemokraci t\u00eb brishta\u201d, por gjithnj\u00eb e m\u00eb shum\u00eb kudo n\u00eb bot\u00eb.<\/p>\n<p>&nbsp;<\/p>\n<p>Ajo q\u00eb po shohim nuk \u00ebsht\u00eb vet\u00ebm presion mbi gazetarin\u00eb, por erozioni strukturor i kushteve q\u00eb e b\u00ebjn\u00eb t\u00eb mundur lirin\u00eb e shprehjes. Rreziku nuk \u00ebsht\u00eb m\u00eb vet\u00ebm shtypja, por z\u00ebvend\u00ebsimi. Regjimet joliberale nuk censurojn\u00eb m\u00eb \u2013 ato e mbushin hap\u00ebsir\u00ebn publike me zhurm\u00eb, narrativa urrejtjeje, g\u00ebnjeshtra t\u00eb organizuara, gazetari t\u00eb kapur dhe pluraliz\u00ebm t\u00eb rrem\u00eb.<\/p>\n<p>&nbsp;<\/p>\n<p>Nj\u00eb nga p\u00ebrfundimet m\u00eb dometh\u00ebn\u00ebs nga studimi mbi t\u00eb ardhmen e mediave n\u00eb Ballkanin Per\u00ebndimor dhe Turqi \u00ebsht\u00eb paradoksi midis rritjes s\u00eb numrit t\u00eb mediave dhe r\u00ebnies s\u00eb mpreht\u00eb t\u00eb numrit t\u00eb student\u00ebve t\u00eb gazetaris\u00eb dhe t\u00eb vet\u00eb profesionit t\u00eb gazetarit. Kjo mosp\u00ebrputhje sugjeron nj\u00eb peizazh mediatik q\u00eb po rritet n\u00eb sasi, por jo n\u00eb cil\u00ebsi apo q\u00ebndrueshm\u00ebri, shpesh i karakterizuar nga kapja politike dhe ekonomike. Paralelisht, studimi i MeDeMAP mbi p\u00ebrfshirjen qytetare nxjerr n\u00eb pah ndjesi t\u00eb p\u00ebrhapura mosbesimi dhe shk\u00ebputjeje nga mediat, duke reflektuar nj\u00eb kriz\u00eb globale t\u00eb legjitimitetit demokratik.<\/p>\n<p>&nbsp;<\/p>\n<p><strong>A po e humbasim betej\u00ebn?<\/strong><\/p>\n<p>&nbsp;<\/p>\n<p>Do t\u00eb thoja se beteja \u00ebsht\u00eb ende larg humbjes, por pa dyshim \u00ebsht\u00eb n\u00eb nj\u00eb gjendje t\u00eb brisht\u00eb. Ka shenja t\u00eb qarta erozioni: tkurrje t\u00eb hap\u00ebsirave p\u00ebr lirin\u00eb e shprehjes dhe lirin\u00eb e medias, rritje t\u00eb polarizimit, p\u00ebrhapje t\u00eb dezinformimit, pasiguri ekonomike dhe sulme t\u00eb shumta ndaj gazetar\u00ebve (p\u00ebrfshir\u00eb goditjet e synuara t\u00eb Izraelit ndaj redaksive n\u00eb Gaza dhe Jemen muajt e fundit). Megjithat\u00eb, shohim edhe shenja rezistence: qytetar\u00eb aktiv\u00eb, l\u00ebvizje popullore dhe ishuj t\u00eb gazetaris\u00eb s\u00eb pavarur q\u00eb p\u00ebrpiqen t\u00eb mbajn\u00eb gjall\u00eb dialogun demokratik. (P\u00ebr shembull, m\u00eb von\u00eb k\u00ebt\u00eb muaj, mbi 40 redaksi t\u00eb pavarura nga 20 vende evropiane do t\u00eb mblidhen n\u00eb Prag\u00eb p\u00ebr nj\u00eb Samit t\u00eb\u00a0<strong><a href=\"https:\/\/media-innovation-summit.transitionsmedia.org\/\">Inovacionit Mediatik<\/a>\u00a0<\/strong>t\u00eb organizuar nga Transitions.) Protestat studentore n\u00eb Serbi dhe forumet qytetare n\u00eb vendet e BE-s\u00eb pjes\u00ebmarr\u00ebse n\u00eb MeDeMAP tregojn\u00eb se k\u00ebrkesa p\u00ebr lirin\u00eb e medias dhe p\u00ebr demokraci mbetet shum\u00eb e gjall\u00eb.<\/p>\n<p>&nbsp;<\/p>\n<p><strong>Rr\u00ebshqitja e demokracis\u00eb<\/strong><\/p>\n<p>&nbsp;<\/p>\n<p>Situata n\u00eb SHBA dhe n\u00eb \u201cdemokracit\u00eb e konsoliduara\u201d ka ndikim t\u00eb thell\u00eb n\u00eb mbar\u00eb bot\u00ebn. Dob\u00ebsimi i normave p\u00ebr lirin\u00eb e medias n\u00eb demokracit\u00eb e vjetra nxit taktikat autoritare gjetk\u00eb, me qeveri q\u00eb p\u00ebrdorin tregjet mediatike si arm\u00eb, p\u00ebrmes p\u00ebrqendrimit t\u00eb pron\u00ebsis\u00eb dhe nd\u00ebrhyrjeve politike. Ballkani Per\u00ebndimor dhe Turqia jan\u00eb ve\u00e7an\u00ebrisht t\u00eb prekshme nga kjo rr\u00ebshqitje demokratike, e nd\u00ebrlikuar edhe m\u00eb shum\u00eb nga t\u00ebrheqja e donator\u00ebve t\u00eb huaj ky\u00e7 dhe mbyllja e mediave si Al Jazeera Balkans \u2013 zhvillime q\u00eb kan\u00eb pasoja shkat\u00ebrruese p\u00ebr q\u00ebndrueshm\u00ebrin\u00eb e mediave t\u00eb pavarura dhe vendet e pun\u00ebs t\u00eb gazetar\u00ebve.<\/p>\n<p>&nbsp;<\/p>\n<p>Duhet t\u00eb reflektojm\u00eb dhe t\u00eb m\u00ebsojm\u00eb nga kjo situat\u00eb p\u00ebr t\u00eb zhvilluar modele t\u00eb reja t\u00eb nd\u00ebrtimit dhe q\u00ebndrueshm\u00ebris\u00eb s\u00eb mediave t\u00eb pavarura, t\u00eb cilat t\u00eb mos varen plot\u00ebsisht nga ndihma e huaj, por t\u00eb jen\u00eb m\u00eb shum\u00eb t\u00eb rr\u00ebnjosura n\u00eb angazhimin me komunitetet dhe qytetar\u00ebt e tyre.<\/p>\n<p>&nbsp;<\/p>\n<p><strong>Roli i Evrop\u00ebs<\/strong><\/p>\n<p>&nbsp;<\/p>\n<p>Evropa duhet t\u00eb udh\u00ebheq\u00eb p\u00ebrpjekjet p\u00ebr rimarrjen e sistemeve demokratike t\u00eb medias. Por \u00ebsht\u00eb e r\u00ebnd\u00ebsishme t\u00eb shmangim perceptimin e Evrop\u00ebs (apo ndonj\u00eb rajoni tjet\u00ebr) si nj\u00eb model t\u00eb p\u00ebrsosur. Sfida ekzistojn\u00eb kudo, dhe ekosistemet demokratike t\u00eb medias jan\u00eb t\u00eb mira publike globale q\u00eb k\u00ebrkojn\u00eb p\u00ebrgjegj\u00ebsi t\u00eb p\u00ebrbashk\u00ebt dhe m\u00ebsim t\u00eb nd\u00ebrsjell\u00eb.<\/p>\n<p>Institucionet evropiane kan\u00eb kuadro ligjore, mjete dhe detyrime p\u00ebr t\u00eb mb\u00ebshtetur pluralizmin mediatik, forcuar pavar\u00ebsin\u00eb e mediave publike, dhe rregulluar platformat e m\u00ebdha teknologjike, por k\u00ebto duhet t\u00eb shoq\u00ebrohen me angazhim t\u00eb thell\u00eb me kontekstet lokale dhe partneritete t\u00eb v\u00ebrteta q\u00eb mb\u00ebshtesin dhe amplifikojn\u00eb z\u00ebrat demokratik\u00eb lokal\u00eb, brenda Evrop\u00ebs dhe m\u00eb gjer\u00eb.<\/p>\n<p>&nbsp;<\/p>\n<p><strong>Pikat e rezistenc\u00ebs<\/strong><\/p>\n<p>&nbsp;<\/p>\n<p>Kush e mbron demokracin\u00eb sot? Lista nuk \u00ebsht\u00eb e shkurt\u00ebr: institucione t\u00eb pavarura q\u00eb ruajn\u00eb shtetin e s\u00eb drejt\u00ebs; gazetar\u00eb q\u00eb rrezikojn\u00eb sigurin\u00eb dhe karrier\u00ebn e tyre; aktivist\u00eb t\u00eb shoq\u00ebris\u00eb civile q\u00eb mobilizojn\u00eb nd\u00ebrgjegj\u00ebsimin; arsimtar\u00eb; platforma dhe inovator\u00eb mediatik\u00eb t\u00eb pavarur; dhe gjithnj\u00eb e m\u00eb shum\u00eb vet\u00eb qytetar\u00ebt \u2014 p\u00ebrmes forumeve deliberative, l\u00ebvizjeve protestuese dhe k\u00ebrkes\u00ebs p\u00ebr transparenc\u00eb.<\/p>\n<p>&nbsp;<\/p>\n<p>Studimi yn\u00eb i MeDeMAP tregon se pjes\u00ebmarrja qytetare mund t\u00eb rind\u00ebrtoj\u00eb besimin dhe llogaridh\u00ebnien, por kjo k\u00ebrkon angazhim gjith\u00ebp\u00ebrfshir\u00ebs dhe t\u00eb vazhduesh\u00ebm nga mediat dhe gazetar\u00ebt.<\/p>\n<p>&nbsp;<\/p>\n<p>Mbrojtja e vij\u00ebs s\u00eb par\u00eb t\u00eb liris\u00eb s\u00eb medias k\u00ebrkon p\u00ebrpjekje t\u00eb p\u00ebrbashk\u00ebta. Kemi nevoj\u00eb urgjente p\u00ebr strategji t\u00eb integruara p\u00ebr t\u00eb rind\u00ebrtuar besimin, p\u00ebr t\u00eb investuar n\u00eb edukimin mediatik dhe median me interes publik, p\u00ebr t\u00eb mbrojtur pavar\u00ebsin\u00eb redaksionale, dhe mbi t\u00eb gjitha, p\u00ebr t\u00eb krijuar hap\u00ebsira ku qytetar\u00ebt t\u00eb mos jen\u00eb vet\u00ebm konsumator\u00eb t\u00eb medias, por bashk\u00ebkrijues t\u00eb nj\u00eb kulture demokratike.<\/p>\n<p>Ta mbrosh vij\u00ebn do t\u00eb thot\u00eb ta b\u00ebsh at\u00eb m\u00eb t\u00eb gjer\u00eb, m\u00eb gjith\u00ebp\u00ebrfshir\u00ebse dhe m\u00eb rezistente.<\/p>\n<p>&nbsp;<\/p>\n<p><strong>Brankica Petkovi\u0107<\/strong> \u00ebsht\u00eb studiuese n\u00eb Institutin e Paqes, an\u00ebtar i SEENPM. Ajo ka konceptuar dhe koordinuar nj\u00eb num\u00ebr projektesh k\u00ebrkimore t\u00eb SEENPM mbi median gjat\u00eb dy dekadave t\u00eb fundit. Artikulli \u00ebsht\u00eb nj\u00eb version i redaktuar i kontributit t\u00eb autores n\u00eb konferenc\u00ebn \u201cOur Media\u201d, mbajtur n\u00eb Sarajev\u00eb m\u00eb 2 dhe 3 tetor.<\/p>\n<p>&nbsp;<\/p>\n<p><img decoding=\"async\" src=\"https:\/\/www.media.ba\/sites\/default\/files\/eu.png\" \/><\/p>\n<p>&nbsp;<\/p>\n<p><strong>Rreth programit rajonal \u201cOur Media\u201d:\u00a0\u00a0<\/strong>Programi rajonal \u201cOur Media: Veprim i shoq\u00ebris\u00eb civile p\u00ebr t\u00eb nxitur edukimin mediatik dhe aktivizmin, p\u00ebr t\u00eb kund\u00ebrshtuar polarizimin dhe p\u00ebr t\u00eb promovuar dialogun\u201d zbatohet me mb\u00ebshtetjen financiare t\u00eb Bashkimit Evropian nga organizatat partnere:\u00a0<strong><a href=\"https:\/\/seenpm.org\/\"><em>SEENPM<\/em><\/a>,\u00a0<a href=\"https:\/\/institutemedia.org\/\">Instituti Shqiptar i Medias<\/a>,\u00a0<a href=\"https:\/\/www.media.ba\/bs\">Qendra Mediale n\u00eb Sarajev\u00eb<\/a>,\u00a0<a href=\"https:\/\/presscouncil-ks.org\/\">K\u00ebshilli i Mediave t\u00eb Shkruara i Kosov\u00ebs<\/a>,\u00a0<a href=\"https:\/\/www.mminstitute.org\/en\/\">Instituti Mediatik i Malit t\u00eb Zi<\/a>,\u00a0<a href=\"https:\/\/mim.org.mk\/en\/\">Instituti i Medias i Maqedonis\u00eb<\/a>,\u00a0<a href=\"https:\/\/novinarska-skola.org.rs\/srbija-opet-pala-na-listi-reportera-bez-granica\/?lang=en\">Shkolla e Gazetaris\u00eb Novi Sad<\/a>,\u00a0<a href=\"https:\/\/www.mirovni-institut.si\/en\/\">Instituti i Paqes<\/a>\u00a0dhe\u00a0<a href=\"https:\/\/bianet.org\/english\">Bianet<\/a>.<\/strong><\/p>\n<p>&nbsp;<\/p>\n<p>Ky artikull u realizua me mb\u00ebshtetje financiare t\u00eb Bashkimit Evropian. P\u00ebrmbajtja e tij \u00ebsht\u00eb p\u00ebrgjegj\u00ebsi ekskluzive e SEENPM dhe nuk pasqyron domosdoshm\u00ebrisht pik\u00ebpamjet e Bashkimit Evropian.<\/p>\n<p>&nbsp;<\/p>\n<p>Ko-Financuar nga:<\/p>\n<p>&nbsp;<\/p>\n<p><img loading=\"lazy\" decoding=\"async\" class=\"\" src=\"https:\/\/www.media.ba\/sites\/default\/files\/osf-logo.jpg\" width=\"202\" height=\"64\" \/><\/p>\n","protected":false},"excerpt":{"rendered":"<p>Si g\u00ebrryhet \u2014 dhe si mbrohet \u2014 liria e medias! &nbsp; Nga Brankica Petkovi\u0107 &nbsp; S\u00eb fundmi, kam drejtuar nj\u00eb studim t\u00eb SEENPM mbi\u00a0T\u00eb Ardhmen e Mediave\u00a0n\u00eb Ballkanin Per\u00ebndimor dhe Turqi, si edhe pjes\u00ebn sllovene t\u00eb projektit europian p\u00ebr median dhe demokracin\u00eb,\u00a0MeDeMAP. K\u00ebto projekte m\u00eb dhan\u00eb njohuri q\u00eb konfirmojn\u00eb se liria e medias dhe e [&hellip;]<\/p>\n","protected":false},"author":2,"featured_media":17258,"comment_status":"open","ping_status":"open","sticky":false,"template":"","format":"standard","meta":{"footnotes":""},"categories":[92],"tags":[],"class_list":["post-17272","post","type-post","status-publish","format-standard","has-post-thumbnail","hentry","category-news-sq"],"acf":{"video_title":"","video":false},"yoast_head":"<!-- This site is optimized with the Yoast SEO plugin v28.3 - https:\/\/yoast.com\/product\/yoast-seo-wordpress\/ -->\n<title>P\u00ebrmbytja e Zhurm\u00ebs - K\u00ebshilli i Mediave t\u00eb Shkruara t\u00eb Kosov\u00ebs | P\u00ebr nj\u00eb gazetari etike dhe profesionale<\/title>\n<meta name=\"robots\" content=\"index, follow, max-snippet:-1, max-image-preview:large, max-video-preview:-1\" \/>\n<link rel=\"canonical\" href=\"http:\/\/presscouncil-ks.org\/?p=17272\" \/>\n<meta property=\"og:locale\" content=\"en_US\" \/>\n<meta property=\"og:type\" content=\"article\" \/>\n<meta property=\"og:title\" content=\"P\u00ebrmbytja e Zhurm\u00ebs - K\u00ebshilli i Mediave t\u00eb Shkruara t\u00eb Kosov\u00ebs | P\u00ebr nj\u00eb gazetari etike dhe profesionale\" \/>\n<meta property=\"og:description\" content=\"Si g\u00ebrryhet \u2014 dhe si mbrohet \u2014 liria e medias! &nbsp; Nga Brankica Petkovi\u0107 &nbsp; S\u00eb fundmi, kam drejtuar nj\u00eb studim t\u00eb SEENPM mbi\u00a0T\u00eb Ardhmen e Mediave\u00a0n\u00eb Ballkanin Per\u00ebndimor dhe Turqi, si edhe pjes\u00ebn sllovene t\u00eb projektit europian p\u00ebr median dhe demokracin\u00eb,\u00a0MeDeMAP. K\u00ebto projekte m\u00eb dhan\u00eb njohuri q\u00eb konfirmojn\u00eb se liria e medias dhe e [&hellip;]\" \/>\n<meta property=\"og:url\" content=\"http:\/\/presscouncil-ks.org\/?p=17272\" \/>\n<meta property=\"og:site_name\" content=\"K\u00ebshilli i Mediave t\u00eb Shkruara t\u00eb Kosov\u00ebs | P\u00ebr nj\u00eb gazetari etike dhe profesionale\" \/>\n<meta property=\"article:publisher\" content=\"https:\/\/www.facebook.com\/KMSHKosove\" \/>\n<meta property=\"article:published_time\" content=\"2025-10-11T12:15:50+00:00\" \/>\n<meta property=\"article:modified_time\" content=\"2025-10-21T10:45:23+00:00\" \/>\n<meta property=\"og:image\" content=\"http:\/\/presscouncil-ks.org\/wp-content\/uploads\/2025\/10\/Brankica-Petkovic.jpg\" \/>\n\t<meta property=\"og:image:width\" content=\"1068\" \/>\n\t<meta property=\"og:image:height\" content=\"601\" \/>\n\t<meta property=\"og:image:type\" content=\"image\/jpeg\" \/>\n<meta name=\"author\" content=\"Editor\" \/>\n<meta name=\"twitter:card\" content=\"summary_large_image\" \/>\n<meta name=\"twitter:label1\" content=\"Written by\" \/>\n\t<meta name=\"twitter:data1\" content=\"Editor\" \/>\n\t<meta name=\"twitter:label2\" content=\"Est. reading time\" \/>\n\t<meta name=\"twitter:data2\" content=\"6 minutes\" \/>\n<script type=\"application\/ld+json\" class=\"yoast-schema-graph\">{\"@context\":\"https:\\\/\\\/schema.org\",\"@graph\":[{\"@type\":\"Article\",\"@id\":\"http:\\\/\\\/presscouncil-ks.org\\\/?p=17272#article\",\"isPartOf\":{\"@id\":\"http:\\\/\\\/presscouncil-ks.org\\\/?p=17272\"},\"author\":{\"name\":\"Editor\",\"@id\":\"http:\\\/\\\/presscouncil-ks.org\\\/#\\\/schema\\\/person\\\/b79d30c61264caeb733239c16cc4d673\"},\"headline\":\"P\u00ebrmbytja e Zhurm\u00ebs\",\"datePublished\":\"2025-10-11T12:15:50+00:00\",\"dateModified\":\"2025-10-21T10:45:23+00:00\",\"mainEntityOfPage\":{\"@id\":\"http:\\\/\\\/presscouncil-ks.org\\\/?p=17272\"},\"wordCount\":1133,\"commentCount\":0,\"publisher\":{\"@id\":\"http:\\\/\\\/presscouncil-ks.org\\\/#organization\"},\"image\":{\"@id\":\"http:\\\/\\\/presscouncil-ks.org\\\/?p=17272#primaryimage\"},\"thumbnailUrl\":\"http:\\\/\\\/presscouncil-ks.org\\\/wp-content\\\/uploads\\\/2025\\\/10\\\/Brankica-Petkovic.jpg\",\"articleSection\":[\"Lajm\"],\"inLanguage\":\"en-US\",\"potentialAction\":[{\"@type\":\"CommentAction\",\"name\":\"Comment\",\"target\":[\"http:\\\/\\\/presscouncil-ks.org\\\/?p=17272#respond\"]}]},{\"@type\":\"WebPage\",\"@id\":\"http:\\\/\\\/presscouncil-ks.org\\\/?p=17272\",\"url\":\"http:\\\/\\\/presscouncil-ks.org\\\/?p=17272\",\"name\":\"P\u00ebrmbytja e Zhurm\u00ebs - K\u00ebshilli i Mediave t\u00eb Shkruara t\u00eb Kosov\u00ebs | P\u00ebr nj\u00eb gazetari etike dhe profesionale\",\"isPartOf\":{\"@id\":\"http:\\\/\\\/presscouncil-ks.org\\\/#website\"},\"primaryImageOfPage\":{\"@id\":\"http:\\\/\\\/presscouncil-ks.org\\\/?p=17272#primaryimage\"},\"image\":{\"@id\":\"http:\\\/\\\/presscouncil-ks.org\\\/?p=17272#primaryimage\"},\"thumbnailUrl\":\"http:\\\/\\\/presscouncil-ks.org\\\/wp-content\\\/uploads\\\/2025\\\/10\\\/Brankica-Petkovic.jpg\",\"datePublished\":\"2025-10-11T12:15:50+00:00\",\"dateModified\":\"2025-10-21T10:45:23+00:00\",\"breadcrumb\":{\"@id\":\"http:\\\/\\\/presscouncil-ks.org\\\/?p=17272#breadcrumb\"},\"inLanguage\":\"en-US\",\"potentialAction\":[{\"@type\":\"ReadAction\",\"target\":[\"http:\\\/\\\/presscouncil-ks.org\\\/?p=17272\"]}]},{\"@type\":\"ImageObject\",\"inLanguage\":\"en-US\",\"@id\":\"http:\\\/\\\/presscouncil-ks.org\\\/?p=17272#primaryimage\",\"url\":\"http:\\\/\\\/presscouncil-ks.org\\\/wp-content\\\/uploads\\\/2025\\\/10\\\/Brankica-Petkovic.jpg\",\"contentUrl\":\"http:\\\/\\\/presscouncil-ks.org\\\/wp-content\\\/uploads\\\/2025\\\/10\\\/Brankica-Petkovic.jpg\",\"width\":1068,\"height\":601,\"caption\":\"Photo: Mirza Ajnad\u017ei\u0107\"},{\"@type\":\"BreadcrumbList\",\"@id\":\"http:\\\/\\\/presscouncil-ks.org\\\/?p=17272#breadcrumb\",\"itemListElement\":[{\"@type\":\"ListItem\",\"position\":1,\"name\":\"Home\",\"item\":\"https:\\\/\\\/presscouncil-ks.org\\\/\"},{\"@type\":\"ListItem\",\"position\":2,\"name\":\"P\u00ebrmbytja e Zhurm\u00ebs\"}]},{\"@type\":\"WebSite\",\"@id\":\"http:\\\/\\\/presscouncil-ks.org\\\/#website\",\"url\":\"http:\\\/\\\/presscouncil-ks.org\\\/\",\"name\":\"https:\\\/\\\/presscouncil-ks.org\\\/\",\"description\":\"\",\"publisher\":{\"@id\":\"http:\\\/\\\/presscouncil-ks.org\\\/#organization\"},\"potentialAction\":[{\"@type\":\"SearchAction\",\"target\":{\"@type\":\"EntryPoint\",\"urlTemplate\":\"http:\\\/\\\/presscouncil-ks.org\\\/?s={search_term_string}\"},\"query-input\":{\"@type\":\"PropertyValueSpecification\",\"valueRequired\":true,\"valueName\":\"search_term_string\"}}],\"inLanguage\":\"en-US\"},{\"@type\":\"Organization\",\"@id\":\"http:\\\/\\\/presscouncil-ks.org\\\/#organization\",\"name\":\"K\u00ebshilli i Mediave t\u00eb Shkruara t\u00eb Kosov\u00ebs\",\"url\":\"http:\\\/\\\/presscouncil-ks.org\\\/\",\"logo\":{\"@type\":\"ImageObject\",\"inLanguage\":\"en-US\",\"@id\":\"http:\\\/\\\/presscouncil-ks.org\\\/#\\\/schema\\\/logo\\\/image\\\/\",\"url\":\"http:\\\/\\\/presscouncil-ks.org\\\/wp-content\\\/uploads\\\/2023\\\/06\\\/cropped-logo.png\",\"contentUrl\":\"http:\\\/\\\/presscouncil-ks.org\\\/wp-content\\\/uploads\\\/2023\\\/06\\\/cropped-logo.png\",\"width\":268,\"height\":166,\"caption\":\"K\u00ebshilli i Mediave t\u00eb Shkruara t\u00eb Kosov\u00ebs\"},\"image\":{\"@id\":\"http:\\\/\\\/presscouncil-ks.org\\\/#\\\/schema\\\/logo\\\/image\\\/\"},\"sameAs\":[\"https:\\\/\\\/www.facebook.com\\\/KMSHKosove\"]},{\"@type\":\"Person\",\"@id\":\"http:\\\/\\\/presscouncil-ks.org\\\/#\\\/schema\\\/person\\\/b79d30c61264caeb733239c16cc4d673\",\"name\":\"Editor\",\"image\":{\"@type\":\"ImageObject\",\"inLanguage\":\"en-US\",\"@id\":\"https:\\\/\\\/secure.gravatar.com\\\/avatar\\\/9534865f39e7b3527010ee17196a76d054b16d731a6a5bfe2f92a071c6e9bf4e?s=96&d=mm&r=g\",\"url\":\"https:\\\/\\\/secure.gravatar.com\\\/avatar\\\/9534865f39e7b3527010ee17196a76d054b16d731a6a5bfe2f92a071c6e9bf4e?s=96&d=mm&r=g\",\"contentUrl\":\"https:\\\/\\\/secure.gravatar.com\\\/avatar\\\/9534865f39e7b3527010ee17196a76d054b16d731a6a5bfe2f92a071c6e9bf4e?s=96&d=mm&r=g\",\"caption\":\"Editor\"},\"url\":\"http:\\\/\\\/presscouncil-ks.org\\\/?author=2\"}]}<\/script>\n<!-- \/ Yoast SEO plugin. -->","yoast_head_json":{"title":"P\u00ebrmbytja e Zhurm\u00ebs - K\u00ebshilli i Mediave t\u00eb Shkruara t\u00eb Kosov\u00ebs | P\u00ebr nj\u00eb gazetari etike dhe profesionale","robots":{"index":"index","follow":"follow","max-snippet":"max-snippet:-1","max-image-preview":"max-image-preview:large","max-video-preview":"max-video-preview:-1"},"canonical":"http:\/\/presscouncil-ks.org\/?p=17272","og_locale":"en_US","og_type":"article","og_title":"P\u00ebrmbytja e Zhurm\u00ebs - K\u00ebshilli i Mediave t\u00eb Shkruara t\u00eb Kosov\u00ebs | P\u00ebr nj\u00eb gazetari etike dhe profesionale","og_description":"Si g\u00ebrryhet \u2014 dhe si mbrohet \u2014 liria e medias! &nbsp; Nga Brankica Petkovi\u0107 &nbsp; S\u00eb fundmi, kam drejtuar nj\u00eb studim t\u00eb SEENPM mbi\u00a0T\u00eb Ardhmen e Mediave\u00a0n\u00eb Ballkanin Per\u00ebndimor dhe Turqi, si edhe pjes\u00ebn sllovene t\u00eb projektit europian p\u00ebr median dhe demokracin\u00eb,\u00a0MeDeMAP. K\u00ebto projekte m\u00eb dhan\u00eb njohuri q\u00eb konfirmojn\u00eb se liria e medias dhe e [&hellip;]","og_url":"http:\/\/presscouncil-ks.org\/?p=17272","og_site_name":"K\u00ebshilli i Mediave t\u00eb Shkruara t\u00eb Kosov\u00ebs | P\u00ebr nj\u00eb gazetari etike dhe profesionale","article_publisher":"https:\/\/www.facebook.com\/KMSHKosove","article_published_time":"2025-10-11T12:15:50+00:00","article_modified_time":"2025-10-21T10:45:23+00:00","og_image":[{"width":1068,"height":601,"url":"http:\/\/presscouncil-ks.org\/wp-content\/uploads\/2025\/10\/Brankica-Petkovic.jpg","type":"image\/jpeg"}],"author":"Editor","twitter_card":"summary_large_image","twitter_misc":{"Written by":"Editor","Est. reading time":"6 minutes"},"schema":{"@context":"https:\/\/schema.org","@graph":[{"@type":"Article","@id":"http:\/\/presscouncil-ks.org\/?p=17272#article","isPartOf":{"@id":"http:\/\/presscouncil-ks.org\/?p=17272"},"author":{"name":"Editor","@id":"http:\/\/presscouncil-ks.org\/#\/schema\/person\/b79d30c61264caeb733239c16cc4d673"},"headline":"P\u00ebrmbytja e Zhurm\u00ebs","datePublished":"2025-10-11T12:15:50+00:00","dateModified":"2025-10-21T10:45:23+00:00","mainEntityOfPage":{"@id":"http:\/\/presscouncil-ks.org\/?p=17272"},"wordCount":1133,"commentCount":0,"publisher":{"@id":"http:\/\/presscouncil-ks.org\/#organization"},"image":{"@id":"http:\/\/presscouncil-ks.org\/?p=17272#primaryimage"},"thumbnailUrl":"http:\/\/presscouncil-ks.org\/wp-content\/uploads\/2025\/10\/Brankica-Petkovic.jpg","articleSection":["Lajm"],"inLanguage":"en-US","potentialAction":[{"@type":"CommentAction","name":"Comment","target":["http:\/\/presscouncil-ks.org\/?p=17272#respond"]}]},{"@type":"WebPage","@id":"http:\/\/presscouncil-ks.org\/?p=17272","url":"http:\/\/presscouncil-ks.org\/?p=17272","name":"P\u00ebrmbytja e Zhurm\u00ebs - K\u00ebshilli i Mediave t\u00eb Shkruara t\u00eb Kosov\u00ebs | P\u00ebr nj\u00eb gazetari etike dhe profesionale","isPartOf":{"@id":"http:\/\/presscouncil-ks.org\/#website"},"primaryImageOfPage":{"@id":"http:\/\/presscouncil-ks.org\/?p=17272#primaryimage"},"image":{"@id":"http:\/\/presscouncil-ks.org\/?p=17272#primaryimage"},"thumbnailUrl":"http:\/\/presscouncil-ks.org\/wp-content\/uploads\/2025\/10\/Brankica-Petkovic.jpg","datePublished":"2025-10-11T12:15:50+00:00","dateModified":"2025-10-21T10:45:23+00:00","breadcrumb":{"@id":"http:\/\/presscouncil-ks.org\/?p=17272#breadcrumb"},"inLanguage":"en-US","potentialAction":[{"@type":"ReadAction","target":["http:\/\/presscouncil-ks.org\/?p=17272"]}]},{"@type":"ImageObject","inLanguage":"en-US","@id":"http:\/\/presscouncil-ks.org\/?p=17272#primaryimage","url":"http:\/\/presscouncil-ks.org\/wp-content\/uploads\/2025\/10\/Brankica-Petkovic.jpg","contentUrl":"http:\/\/presscouncil-ks.org\/wp-content\/uploads\/2025\/10\/Brankica-Petkovic.jpg","width":1068,"height":601,"caption":"Photo: Mirza Ajnad\u017ei\u0107"},{"@type":"BreadcrumbList","@id":"http:\/\/presscouncil-ks.org\/?p=17272#breadcrumb","itemListElement":[{"@type":"ListItem","position":1,"name":"Home","item":"https:\/\/presscouncil-ks.org\/"},{"@type":"ListItem","position":2,"name":"P\u00ebrmbytja e Zhurm\u00ebs"}]},{"@type":"WebSite","@id":"http:\/\/presscouncil-ks.org\/#website","url":"http:\/\/presscouncil-ks.org\/","name":"https:\/\/presscouncil-ks.org\/","description":"","publisher":{"@id":"http:\/\/presscouncil-ks.org\/#organization"},"potentialAction":[{"@type":"SearchAction","target":{"@type":"EntryPoint","urlTemplate":"http:\/\/presscouncil-ks.org\/?s={search_term_string}"},"query-input":{"@type":"PropertyValueSpecification","valueRequired":true,"valueName":"search_term_string"}}],"inLanguage":"en-US"},{"@type":"Organization","@id":"http:\/\/presscouncil-ks.org\/#organization","name":"K\u00ebshilli i Mediave t\u00eb Shkruara t\u00eb Kosov\u00ebs","url":"http:\/\/presscouncil-ks.org\/","logo":{"@type":"ImageObject","inLanguage":"en-US","@id":"http:\/\/presscouncil-ks.org\/#\/schema\/logo\/image\/","url":"http:\/\/presscouncil-ks.org\/wp-content\/uploads\/2023\/06\/cropped-logo.png","contentUrl":"http:\/\/presscouncil-ks.org\/wp-content\/uploads\/2023\/06\/cropped-logo.png","width":268,"height":166,"caption":"K\u00ebshilli i Mediave t\u00eb Shkruara t\u00eb Kosov\u00ebs"},"image":{"@id":"http:\/\/presscouncil-ks.org\/#\/schema\/logo\/image\/"},"sameAs":["https:\/\/www.facebook.com\/KMSHKosove"]},{"@type":"Person","@id":"http:\/\/presscouncil-ks.org\/#\/schema\/person\/b79d30c61264caeb733239c16cc4d673","name":"Editor","image":{"@type":"ImageObject","inLanguage":"en-US","@id":"https:\/\/secure.gravatar.com\/avatar\/9534865f39e7b3527010ee17196a76d054b16d731a6a5bfe2f92a071c6e9bf4e?s=96&d=mm&r=g","url":"https:\/\/secure.gravatar.com\/avatar\/9534865f39e7b3527010ee17196a76d054b16d731a6a5bfe2f92a071c6e9bf4e?s=96&d=mm&r=g","contentUrl":"https:\/\/secure.gravatar.com\/avatar\/9534865f39e7b3527010ee17196a76d054b16d731a6a5bfe2f92a071c6e9bf4e?s=96&d=mm&r=g","caption":"Editor"},"url":"http:\/\/presscouncil-ks.org\/?author=2"}]}},"_links":{"self":[{"href":"http:\/\/presscouncil-ks.org\/index.php?rest_route=\/wp\/v2\/posts\/17272","targetHints":{"allow":["GET"]}}],"collection":[{"href":"http:\/\/presscouncil-ks.org\/index.php?rest_route=\/wp\/v2\/posts"}],"about":[{"href":"http:\/\/presscouncil-ks.org\/index.php?rest_route=\/wp\/v2\/types\/post"}],"author":[{"embeddable":true,"href":"http:\/\/presscouncil-ks.org\/index.php?rest_route=\/wp\/v2\/users\/2"}],"replies":[{"embeddable":true,"href":"http:\/\/presscouncil-ks.org\/index.php?rest_route=%2Fwp%2Fv2%2Fcomments&post=17272"}],"version-history":[{"count":3,"href":"http:\/\/presscouncil-ks.org\/index.php?rest_route=\/wp\/v2\/posts\/17272\/revisions"}],"predecessor-version":[{"id":17321,"href":"http:\/\/presscouncil-ks.org\/index.php?rest_route=\/wp\/v2\/posts\/17272\/revisions\/17321"}],"wp:featuredmedia":[{"embeddable":true,"href":"http:\/\/presscouncil-ks.org\/index.php?rest_route=\/wp\/v2\/media\/17258"}],"wp:attachment":[{"href":"http:\/\/presscouncil-ks.org\/index.php?rest_route=%2Fwp%2Fv2%2Fmedia&parent=17272"}],"wp:term":[{"taxonomy":"category","embeddable":true,"href":"http:\/\/presscouncil-ks.org\/index.php?rest_route=%2Fwp%2Fv2%2Fcategories&post=17272"},{"taxonomy":"post_tag","embeddable":true,"href":"http:\/\/presscouncil-ks.org\/index.php?rest_route=%2Fwp%2Fv2%2Ftags&post=17272"}],"curies":[{"name":"wp","href":"https:\/\/api.w.org\/{rel}","templated":true}]}}