{"id":17262,"date":"2025-10-16T11:24:45","date_gmt":"2025-10-16T11:24:45","guid":{"rendered":"https:\/\/presscouncil-ks.org\/?p=17262"},"modified":"2025-10-21T10:48:42","modified_gmt":"2025-10-21T10:48:42","slug":"the-media-landscape-of-the-western-balkans-and-turkey-stuck-in-transition","status":"publish","type":"post","link":"http:\/\/presscouncil-ks.org\/?p=17262&lang=en","title":{"rendered":"The Media Landscape of the Western Balkans and Turkey: Stuck in Transition"},"content":{"rendered":"<p><strong><em>If journalism is to survive, it must not only defend itself legally and through unions, but also revolutionarily redefine its role, format, and economic foundation \u2013 making the public interest, rather than profit or political influence, its central goal.<\/em>\u00a0<em>This is particularly evident in Southeast Europe and Turkey, where the crisis of journalism is further complicated by a failed transition and deep economic instability.<\/em><\/strong><\/p>\n<p>&nbsp;<\/p>\n<p><strong><em>By: Minel Abaz<\/em><\/strong><\/p>\n<p>&nbsp;<\/p>\n<p>These issues were in focus at the panel\u00a0<strong>\u201cFuture of Journalism in the Western Balkans and Turkey \u2013 What Future?\u201d<\/strong>, held as part of the international conference\u00a0<strong><em><a href=\"https:\/\/seenpm.org\/our-media-conference-freedom-of-expression-in-times-of-crisis\/\">Our Media<\/a><\/em><\/strong>, organized by the South East European Network for Professionalization of Media (SEENPM) and\u00a0<a href=\"https:\/\/media.ba\/bs\"><strong>Mediacentar Sarajevo<\/strong><\/a>.<\/p>\n<p>&nbsp;<\/p>\n<p>The panel gathered experts from various countries and fields, from journalism unions to academia. Among the participants were\u00a0<strong>Remzi Lani\u00a0<\/strong>(Albania),<strong>\u00a0Sinem Aydinli\u00a0<\/strong>(Turkey),<strong>\u00a0\u017daneta Trajkoska\u00a0<\/strong>(North Macedonia),<strong>\u00a0Helena Milinkovi\u0107\u00a0<\/strong>(Slovenia) and\u00a0<strong>Lejla Tur\u010dilo\u00a0<\/strong>(Bosnia and Herzegovina). Their shared conclusion was clear: the media have found themselves in a counter-revolution where noise, not argument, is the main weapon.<\/p>\n<p>&nbsp;<\/p>\n<p><strong>Political Pressure and the Collapse of Freedom: Turkey as a Paradigm<\/strong><\/p>\n<p>&nbsp;<\/p>\n<p>The media situation in Turkey served as a dramatic introduction to what, in a milder form, is spreading across the region: a systemic suppression of freedom of expression through economic, legal, and digital means.<\/p>\n<p>&nbsp;<\/p>\n<p>Media researcher\u00a0<strong>Sinem Aydinli<\/strong>\u00a0stated that journalism in Turkey is\u00a0<em>\u201cunder siege by powerful political and economic pressures,\u201d<\/em>\u00a0with the profession\u2019s economic sustainability weakened and public trust in the media declining year after year.<\/p>\n<p>&nbsp;<\/p>\n<p>Aydinli provided numerous examples illustrating the repression. Journalists are often prosecuted on charges of\u00a0<em>\u201cterrorist propaganda\u201d<\/em>\u00a0or\u00a0<em>\u201cmembership in terrorist organizations,\u201d<\/em>\u00a0and legal tools such as Article 301, which criminalizes\u00a0<em>\u201cpublicly insulting the Turkish nation and the Republic of Turkey,\u201d<\/em>\u00a0are often used. Even laws on public gatherings and demonstrations are increasingly applied against journalists. An illustrative example is the case when, following the arrest of Istanbul\u2019s mayor, journalists, particularly photojournalists, who documented police violence were detained.<\/p>\n<p>&nbsp;<\/p>\n<p>Beyond direct pressure, digital control poses another serious issue. Aydinli noted that Google\u2019s algorithms promote pro-government media in 89% of cases, drastically reducing the visibility of independent outlets. Regulatory bodies such as RT\u00dcK (Radio and Television Supreme Council) selectively penalize independent media, while the public broadcaster TRT\u00a0<em>\u201csimply amplifies the official government line.\u201d<\/em><\/p>\n<p>&nbsp;<\/p>\n<p>The result is an ethical collapse. Aydinli quoted independent ombudsman Faruk Bildirici, who referred to the case of the murder of an eight-year-old girl. The media at the time\u00a0<em>\u201craced to publish sensationalist and unverified claims,\u201d<\/em>\u00a0which led the public to believe that\u00a0<em>\u201cthe entire family was guilty.\u201d<\/em>\u00a0That shows how the media in Turkey, in pursuit of ratings,\u00a0<em>\u201cabandoned ethics and verification.\u201d<\/em><\/p>\n<p>&nbsp;<\/p>\n<p><strong>Economic Paralysis and the Silent Departure of Youth<\/strong><\/p>\n<p>&nbsp;<\/p>\n<p>The economic model of journalism in the Western Balkans shows the same symptoms, but with a particular focus on the poverty of the profession and the exodus of young people.<\/p>\n<p>&nbsp;<\/p>\n<p>Lejla Tur\u010dilo, a professor at the Faculty of Political Science at the University of Sarajevo, speaking about the future of journalism and education, revealed that students entering the program ask two key questions:\u00a0<strong><em>\u201cWill journalism survive by the time we graduate?\u201d and \u201cWhat\u2019s in it for me?\u201d<\/em><\/strong><\/p>\n<p>&nbsp;<\/p>\n<p>Tur\u010dilo pointed to alarming figures for Bosnia and Herzegovina: net salaries for journalists range from 600 BAM (\u20ac305) to 1,700 BAM (\u20ac865). The lowest salary covers only 25 percent of the consumer basket, while the highest reaches just 57 percent.<\/p>\n<p>&nbsp;<\/p>\n<p>\u201cAll those issues I mentioned theoretically \u2013 political pressures, the economic situation, poor working conditions, in Bosnia and Herzegovina they\u2019re multiplied by ten,\u201d Tur\u010dilo summarized.<\/p>\n<p>&nbsp;<\/p>\n<p>Low incomes, combined with the high risks of the profession and poor working conditions, make journalism a\u00a0<em>\u201cpoor profession\u201d\u00a0<\/em>that offers no prospects for young people. Research in Turkey has shown a similar trend, where students avoid journalism because it is<em>\u00a0\u201ccriminalized, too risky, and too poorly paid.\u201d<\/em>\u00a0In that context, Tur\u010dilo warned that generations of journalists who remember the<em>\u00a0\u201cBefore Google (BG) times\u201d<\/em>\u00a0are\u00a0<em>\u201ctrying to fit new things into old boxes,\u201d\u00a0<\/em>while younger audiences live in entirely new digital conditions, following bloggers, influencers, and podcasts.<\/p>\n<p>&nbsp;<\/p>\n<p><strong>\u201cThe Sleeping Beauty\u201d and the Revolutionary Imperative<\/strong><\/p>\n<p>&nbsp;<\/p>\n<p>As the economy collapses and political pressure grows, the media in the region remain passive, waiting, in the words of\u00a0<strong>Zaneta Trajkoska\u00a0<\/strong>from North Macedonia, to be\u00a0<em>\u201ccorrupted and clientelized.\u201d<\/em><\/p>\n<p>&nbsp;<\/p>\n<p>Trajkoska, who works as a director, science advisor, and professor at the Institute of Communication Studies in Skopje, described the media scene in North Macedonia with a striking analogy:\u00a0<em>\u201cThe media situation [\u2026] is like in a dream \u2013 \u2018a sleeping beauty.\u2019 They are just waiting.\u201d<\/em><\/p>\n<p>&nbsp;<\/p>\n<p>Such passivity has direct consequences: the media have surrendered their role in shaping the public agenda to political parties, which today<em>\u00a0\u201chave their own editorial offices inside, their own social media, podcasts.\u201d<\/em>\u00a0Political actors have\u00a0<em>\u201ccompletely bypassed journalists\u201d<\/em>\u00a0and taken over their role in society. Because of this, Trajkoska called for a radical turnaround.<\/p>\n<p>&nbsp;<\/p>\n<p>\u201cI think the future of journalism could survive in some form as we know it today if we do a little bit more \u2013 not an evolutionary, but a revolutionary approach.\u201d<\/p>\n<p>&nbsp;<\/p>\n<p>The key to that revolution, Trajkoska argues, lies in breaking out of the \u201cbubbles\u201d in which academia, civil society, and the media have long operated. She calls for urgent networking:\u00a0<em>\u201cWe need to connect \u2013 without money, without donors.\u201d<\/em><\/p>\n<p>&nbsp;<\/p>\n<p><strong>Resistance and Learning from the Public: A Lesson from Slovenia<\/strong><\/p>\n<p>&nbsp;<\/p>\n<p>In the fight against the political takeover of public media, the experience of\u00a0<strong>Helena Milinkovi\u0107\u00a0<\/strong>from RTV Slovenia offers a rare example of successful, two-year union resistance.<\/p>\n<p>&nbsp;<\/p>\n<p>After Janez Jan\u0161a\u2019s government, following Orb\u00e1n\u2019s example, attempted to take over the public broadcaster in 2020, journalists and media workers\u00a0<em>\u201cdid not sleep.\u201d<\/em><\/p>\n<p>&nbsp;<\/p>\n<p>The central idea was that journalists must stop fighting alone and mobilize a broader network, including lawyers, academia, and civil society, because\u00a0<em>\u201cno one can survive alone.\u201d\u00a0<\/em>Milinkovi\u0107 warned that<em>\u00a0\u201cthe danger is growing\u201d\u00a0<\/em>and that journalists have no choice but to work amid\u00a0<em>\u201cincreasing harassment, intimidation, surveillance, and threats to their lives and livelihoods.\u201d\u00a0<\/em>The key message of the union resistance was: do not underestimate the public.<\/p>\n<p>&nbsp;<\/p>\n<p><em>\u201cWe always think we are the smartest. No, they know a lot. Don\u2019t just talk about your problem \u2013 find their problem within your problem so they can identify with it.\u201d\u00a0<\/em>The strategy paid off: in the referendum in Slovenia, 70 percent of people voted in favor of the RTV Slovenia Act \u2013 a result achieved by going beyond the capital and listening to the citizens. Their tactic of resistance was:\u00a0<em>\u201cWe are like mushrooms. We are everywhere. And when they try to silence us, we grow somewhere else. They cannot silence us all at once.\u201d<\/em><\/p>\n<p>&nbsp;<\/p>\n<p><strong>The Struggle for a Young Audience and a New Humanism<\/strong><\/p>\n<p>&nbsp;<\/p>\n<p>The last line of defense for journalism lies in its ability to adapt to an audience whose attention span is shrinking to a minimum.<\/p>\n<p>&nbsp;<\/p>\n<p>Helena Milinkovi\u0107 pointed out that the attention span among young people has drastically decreased. \u201c<em>When I was a student, the attention span was around ten seconds. Now it\u2019s about one and a half seconds.\u201d\u00a0<\/em>This change requires a rethink of media formats, because if the media continue in the\u00a0<em>\u201cold-fashioned way,\u201d\u00a0<\/em>journalism will become\u00a0<em>\u201cjust another propaganda machine in the future.\u201d<\/em><\/p>\n<p>&nbsp;<\/p>\n<p>In his closing remarks,\u00a0<strong>Remzi Lani<\/strong>, director of the Albanian Media Institute, offered a broader, philosophical analysis of the regional crisis, concluding that the Western Balkan media landscape is \u201cstuck in transition\u201d and that we are currently facing a<em>\u00a0\u201ccounterrevolution.\u201d<\/em><\/p>\n<p>&nbsp;<\/p>\n<p>Lani contextualized the current conflict as one between\u00a0<em>\u201cNew Humanism versus Old Humanism.\u201d\u00a0<\/em>The Old Humanism, from Descartes to the Enlightenment, sought to free humankind from theology.<em>\u00a0\u201cThe New Humanism faces the challenge of the individual human being versus technology.\u201d<\/em><\/p>\n<p>&nbsp;<\/p>\n<p>This means that the struggle of journalism is no longer only against politicians and tycoons, but also against the\u00a0<em>\u201cunpredictability\u201d<\/em>\u00a0of algorithms, censorship, and technology that is reshaping human attention itself.<\/p>\n<p>&nbsp;<\/p>\n<p>In the context of the\u00a0<a href=\"https:\/\/futureofmedia.seenpm.org\/\"><strong><em>Future of Media in the Western Balkans and Turkey<\/em><\/strong>\u00a0<\/a>study, conducted by the SEENPM, which highlights the lack of sustainable business models and the dangerous ties between the media and those in power, the panel\u2019s conclusions emerge as a clear call to action.<\/p>\n<p>&nbsp;<\/p>\n<p><img loading=\"lazy\" decoding=\"async\" class=\"\" src=\"https:\/\/seenpm.org\/wp-content\/uploads\/2024\/11\/EN-Co-funded-by-the-EU_POS-1024x215.jpg\" width=\"252\" height=\"53\" \/><\/p>\n<p>&nbsp;<\/p>\n<p><em>The regional program<\/em><strong><em> \u201cOur Media: <\/em><\/strong><em>A civil society action to generate media literacy and activism, counter polarisation and promote dialogue\u201d is implemented with the financial support of the European Union by partner organizations <\/em><strong><a href=\"https:\/\/seenpm.org\/\"><em>SEENPM<\/em><\/a><em>,\u00a0<\/em><a href=\"https:\/\/www.institutemedia.org\/\"><em>Albanian Media Institute<\/em><\/a><em>,\u00a0<\/em><a href=\"https:\/\/www.media.ba\/bs\"><em>Mediacentar Sarajevo<\/em><\/a><em>,\u00a0<\/em><a href=\"http:\/\/presscouncil-ks.org\/?lang=en\"><em>Press Council of Kosovo<\/em><\/a><em>,\u00a0<\/em><a href=\"https:\/\/www.mminstitute.org\/\"><em>Montenegrin Media Institute<\/em><\/a><em>,\u00a0<\/em><a href=\"https:\/\/mim.org.mk\/en\/\"><em>Macedonian Institute for Media<\/em><\/a><em>,\u00a0<\/em><a href=\"https:\/\/novinarska-skola.org.rs\/srbija-opet-pala-na-listi-reportera-bez-granica\/?lang=en\"><em>Novi Sad School of Journalism<\/em><\/a><em>,\u00a0<\/em><a href=\"https:\/\/www.mirovni-institut.si\/en\/\"><em>Peace Institute<\/em><\/a><em>\u00a0and\u00a0<\/em><a href=\"https:\/\/bianet.org\/english\"><em>Bianet<\/em><\/a><em>.<\/em><\/strong><\/p>\n<p>&nbsp;<\/p>\n<p><em>This article was produced with the financial support of the European Union. Its contents are the sole responsibility SEENPM and do not necessarily reflect the views of the European Union.<\/em><\/p>\n<p><strong><em>\u00a0<\/em><\/strong><\/p>\n<p><strong><em>Co-funded by:<\/em><\/strong><\/p>\n<p>&nbsp;<\/p>\n<p><img loading=\"lazy\" decoding=\"async\" class=\"\" src=\"https:\/\/seenpm.org\/wp-content\/uploads\/2025\/10\/osf-logo.png\" width=\"221\" height=\"70\" \/><\/p>\n","protected":false},"excerpt":{"rendered":"<p>If journalism is to survive, it must not only defend itself legally and through unions, but also revolutionarily redefine its role, format, and economic foundation \u2013 making the public interest, rather than profit or political influence, its central goal.\u00a0This is particularly evident in Southeast Europe and Turkey, where the crisis of journalism is further complicated [&hellip;]<\/p>\n","protected":false},"author":2,"featured_media":17263,"comment_status":"open","ping_status":"open","sticky":false,"template":"","format":"standard","meta":{"footnotes":""},"categories":[115],"tags":[],"class_list":["post-17262","post","type-post","status-publish","format-standard","has-post-thumbnail","hentry","category-news"],"acf":[],"yoast_head":"<!-- This site is optimized with the Yoast SEO plugin v28.3 - https:\/\/yoast.com\/product\/yoast-seo-wordpress\/ -->\n<title>The Media Landscape of the Western Balkans and Turkey: Stuck in Transition - K\u00ebshilli i Mediave t\u00eb Shkruara t\u00eb Kosov\u00ebs | P\u00ebr nj\u00eb gazetari etike dhe profesionale<\/title>\n<meta name=\"robots\" content=\"index, follow, max-snippet:-1, max-image-preview:large, max-video-preview:-1\" \/>\n<link rel=\"canonical\" href=\"http:\/\/presscouncil-ks.org\/?p=17262&lang=en\" \/>\n<meta property=\"og:locale\" content=\"en_US\" \/>\n<meta property=\"og:type\" content=\"article\" \/>\n<meta property=\"og:title\" content=\"The Media Landscape of the Western Balkans and Turkey: Stuck in Transition - K\u00ebshilli i Mediave t\u00eb Shkruara t\u00eb Kosov\u00ebs | P\u00ebr nj\u00eb gazetari etike dhe profesionale\" \/>\n<meta property=\"og:description\" content=\"If journalism is to survive, it must not only defend itself legally and through unions, but also revolutionarily redefine its role, format, and economic foundation \u2013 making the public interest, rather than profit or political influence, its central goal.\u00a0This is particularly evident in Southeast Europe and Turkey, where the crisis of journalism is further complicated [&hellip;]\" \/>\n<meta property=\"og:url\" content=\"http:\/\/presscouncil-ks.org\/?p=17262&amp;lang=en\" \/>\n<meta property=\"og:site_name\" content=\"K\u00ebshilli i Mediave t\u00eb Shkruara t\u00eb Kosov\u00ebs | P\u00ebr nj\u00eb gazetari etike dhe profesionale\" \/>\n<meta property=\"article:publisher\" content=\"https:\/\/www.facebook.com\/KMSHKosove\" \/>\n<meta property=\"article:published_time\" content=\"2025-10-16T11:24:45+00:00\" \/>\n<meta property=\"article:modified_time\" content=\"2025-10-21T10:48:42+00:00\" \/>\n<meta property=\"og:image\" content=\"http:\/\/presscouncil-ks.org\/wp-content\/uploads\/2025\/10\/Turqian-dhe-hapesira-mediale-ballkanike.png\" \/>\n\t<meta property=\"og:image:width\" content=\"1068\" \/>\n\t<meta property=\"og:image:height\" content=\"668\" \/>\n\t<meta property=\"og:image:type\" content=\"image\/png\" \/>\n<meta name=\"author\" content=\"Editor\" \/>\n<meta name=\"twitter:card\" content=\"summary_large_image\" \/>\n<meta name=\"twitter:label1\" content=\"Written by\" \/>\n\t<meta name=\"twitter:data1\" content=\"Editor\" \/>\n\t<meta name=\"twitter:label2\" content=\"Est. reading time\" \/>\n\t<meta name=\"twitter:data2\" content=\"7 minutes\" \/>\n<script type=\"application\/ld+json\" class=\"yoast-schema-graph\">{\"@context\":\"https:\\\/\\\/schema.org\",\"@graph\":[{\"@type\":\"Article\",\"@id\":\"http:\\\/\\\/presscouncil-ks.org\\\/?p=17262&lang=en#article\",\"isPartOf\":{\"@id\":\"http:\\\/\\\/presscouncil-ks.org\\\/?p=17262&lang=en\"},\"author\":{\"name\":\"Editor\",\"@id\":\"http:\\\/\\\/presscouncil-ks.org\\\/#\\\/schema\\\/person\\\/b79d30c61264caeb733239c16cc4d673\"},\"headline\":\"The Media Landscape of the Western Balkans and Turkey: Stuck in Transition\",\"datePublished\":\"2025-10-16T11:24:45+00:00\",\"dateModified\":\"2025-10-21T10:48:42+00:00\",\"mainEntityOfPage\":{\"@id\":\"http:\\\/\\\/presscouncil-ks.org\\\/?p=17262&lang=en\"},\"wordCount\":1502,\"commentCount\":0,\"publisher\":{\"@id\":\"http:\\\/\\\/presscouncil-ks.org\\\/#organization\"},\"image\":{\"@id\":\"http:\\\/\\\/presscouncil-ks.org\\\/?p=17262&lang=en#primaryimage\"},\"thumbnailUrl\":\"http:\\\/\\\/presscouncil-ks.org\\\/wp-content\\\/uploads\\\/2025\\\/10\\\/Turqian-dhe-hapesira-mediale-ballkanike.png\",\"articleSection\":[\"News\"],\"inLanguage\":\"en-US\",\"potentialAction\":[{\"@type\":\"CommentAction\",\"name\":\"Comment\",\"target\":[\"http:\\\/\\\/presscouncil-ks.org\\\/?p=17262&lang=en#respond\"]}]},{\"@type\":\"WebPage\",\"@id\":\"http:\\\/\\\/presscouncil-ks.org\\\/?p=17262&lang=en\",\"url\":\"http:\\\/\\\/presscouncil-ks.org\\\/?p=17262&lang=en\",\"name\":\"The Media Landscape of the Western Balkans and Turkey: Stuck in Transition - K\u00ebshilli i Mediave t\u00eb Shkruara t\u00eb Kosov\u00ebs | P\u00ebr nj\u00eb gazetari etike dhe profesionale\",\"isPartOf\":{\"@id\":\"http:\\\/\\\/presscouncil-ks.org\\\/#website\"},\"primaryImageOfPage\":{\"@id\":\"http:\\\/\\\/presscouncil-ks.org\\\/?p=17262&lang=en#primaryimage\"},\"image\":{\"@id\":\"http:\\\/\\\/presscouncil-ks.org\\\/?p=17262&lang=en#primaryimage\"},\"thumbnailUrl\":\"http:\\\/\\\/presscouncil-ks.org\\\/wp-content\\\/uploads\\\/2025\\\/10\\\/Turqian-dhe-hapesira-mediale-ballkanike.png\",\"datePublished\":\"2025-10-16T11:24:45+00:00\",\"dateModified\":\"2025-10-21T10:48:42+00:00\",\"breadcrumb\":{\"@id\":\"http:\\\/\\\/presscouncil-ks.org\\\/?p=17262&lang=en#breadcrumb\"},\"inLanguage\":\"en-US\",\"potentialAction\":[{\"@type\":\"ReadAction\",\"target\":[\"http:\\\/\\\/presscouncil-ks.org\\\/?p=17262&lang=en\"]}]},{\"@type\":\"ImageObject\",\"inLanguage\":\"en-US\",\"@id\":\"http:\\\/\\\/presscouncil-ks.org\\\/?p=17262&lang=en#primaryimage\",\"url\":\"http:\\\/\\\/presscouncil-ks.org\\\/wp-content\\\/uploads\\\/2025\\\/10\\\/Turqian-dhe-hapesira-mediale-ballkanike.png\",\"contentUrl\":\"http:\\\/\\\/presscouncil-ks.org\\\/wp-content\\\/uploads\\\/2025\\\/10\\\/Turqian-dhe-hapesira-mediale-ballkanike.png\",\"width\":1068,\"height\":668},{\"@type\":\"BreadcrumbList\",\"@id\":\"http:\\\/\\\/presscouncil-ks.org\\\/?p=17262&lang=en#breadcrumb\",\"itemListElement\":[{\"@type\":\"ListItem\",\"position\":1,\"name\":\"Home\",\"item\":\"https:\\\/\\\/presscouncil-ks.org\\\/\"},{\"@type\":\"ListItem\",\"position\":2,\"name\":\"The Media Landscape of the Western Balkans and Turkey: Stuck in Transition\"}]},{\"@type\":\"WebSite\",\"@id\":\"http:\\\/\\\/presscouncil-ks.org\\\/#website\",\"url\":\"http:\\\/\\\/presscouncil-ks.org\\\/\",\"name\":\"https:\\\/\\\/presscouncil-ks.org\\\/\",\"description\":\"\",\"publisher\":{\"@id\":\"http:\\\/\\\/presscouncil-ks.org\\\/#organization\"},\"potentialAction\":[{\"@type\":\"SearchAction\",\"target\":{\"@type\":\"EntryPoint\",\"urlTemplate\":\"http:\\\/\\\/presscouncil-ks.org\\\/?s={search_term_string}\"},\"query-input\":{\"@type\":\"PropertyValueSpecification\",\"valueRequired\":true,\"valueName\":\"search_term_string\"}}],\"inLanguage\":\"en-US\"},{\"@type\":\"Organization\",\"@id\":\"http:\\\/\\\/presscouncil-ks.org\\\/#organization\",\"name\":\"K\u00ebshilli i Mediave t\u00eb Shkruara t\u00eb Kosov\u00ebs\",\"url\":\"http:\\\/\\\/presscouncil-ks.org\\\/\",\"logo\":{\"@type\":\"ImageObject\",\"inLanguage\":\"en-US\",\"@id\":\"http:\\\/\\\/presscouncil-ks.org\\\/#\\\/schema\\\/logo\\\/image\\\/\",\"url\":\"http:\\\/\\\/presscouncil-ks.org\\\/wp-content\\\/uploads\\\/2023\\\/06\\\/cropped-logo.png\",\"contentUrl\":\"http:\\\/\\\/presscouncil-ks.org\\\/wp-content\\\/uploads\\\/2023\\\/06\\\/cropped-logo.png\",\"width\":268,\"height\":166,\"caption\":\"K\u00ebshilli i Mediave t\u00eb Shkruara t\u00eb Kosov\u00ebs\"},\"image\":{\"@id\":\"http:\\\/\\\/presscouncil-ks.org\\\/#\\\/schema\\\/logo\\\/image\\\/\"},\"sameAs\":[\"https:\\\/\\\/www.facebook.com\\\/KMSHKosove\"]},{\"@type\":\"Person\",\"@id\":\"http:\\\/\\\/presscouncil-ks.org\\\/#\\\/schema\\\/person\\\/b79d30c61264caeb733239c16cc4d673\",\"name\":\"Editor\",\"image\":{\"@type\":\"ImageObject\",\"inLanguage\":\"en-US\",\"@id\":\"https:\\\/\\\/secure.gravatar.com\\\/avatar\\\/9534865f39e7b3527010ee17196a76d054b16d731a6a5bfe2f92a071c6e9bf4e?s=96&d=mm&r=g\",\"url\":\"https:\\\/\\\/secure.gravatar.com\\\/avatar\\\/9534865f39e7b3527010ee17196a76d054b16d731a6a5bfe2f92a071c6e9bf4e?s=96&d=mm&r=g\",\"contentUrl\":\"https:\\\/\\\/secure.gravatar.com\\\/avatar\\\/9534865f39e7b3527010ee17196a76d054b16d731a6a5bfe2f92a071c6e9bf4e?s=96&d=mm&r=g\",\"caption\":\"Editor\"},\"url\":\"http:\\\/\\\/presscouncil-ks.org\\\/?author=2\"}]}<\/script>\n<!-- \/ Yoast SEO plugin. -->","yoast_head_json":{"title":"The Media Landscape of the Western Balkans and Turkey: Stuck in Transition - K\u00ebshilli i Mediave t\u00eb Shkruara t\u00eb Kosov\u00ebs | P\u00ebr nj\u00eb gazetari etike dhe profesionale","robots":{"index":"index","follow":"follow","max-snippet":"max-snippet:-1","max-image-preview":"max-image-preview:large","max-video-preview":"max-video-preview:-1"},"canonical":"http:\/\/presscouncil-ks.org\/?p=17262&lang=en","og_locale":"en_US","og_type":"article","og_title":"The Media Landscape of the Western Balkans and Turkey: Stuck in Transition - K\u00ebshilli i Mediave t\u00eb Shkruara t\u00eb Kosov\u00ebs | P\u00ebr nj\u00eb gazetari etike dhe profesionale","og_description":"If journalism is to survive, it must not only defend itself legally and through unions, but also revolutionarily redefine its role, format, and economic foundation \u2013 making the public interest, rather than profit or political influence, its central goal.\u00a0This is particularly evident in Southeast Europe and Turkey, where the crisis of journalism is further complicated [&hellip;]","og_url":"http:\/\/presscouncil-ks.org\/?p=17262&lang=en","og_site_name":"K\u00ebshilli i Mediave t\u00eb Shkruara t\u00eb Kosov\u00ebs | P\u00ebr nj\u00eb gazetari etike dhe profesionale","article_publisher":"https:\/\/www.facebook.com\/KMSHKosove","article_published_time":"2025-10-16T11:24:45+00:00","article_modified_time":"2025-10-21T10:48:42+00:00","og_image":[{"width":1068,"height":668,"url":"http:\/\/presscouncil-ks.org\/wp-content\/uploads\/2025\/10\/Turqian-dhe-hapesira-mediale-ballkanike.png","type":"image\/png"}],"author":"Editor","twitter_card":"summary_large_image","twitter_misc":{"Written by":"Editor","Est. reading time":"7 minutes"},"schema":{"@context":"https:\/\/schema.org","@graph":[{"@type":"Article","@id":"http:\/\/presscouncil-ks.org\/?p=17262&lang=en#article","isPartOf":{"@id":"http:\/\/presscouncil-ks.org\/?p=17262&lang=en"},"author":{"name":"Editor","@id":"http:\/\/presscouncil-ks.org\/#\/schema\/person\/b79d30c61264caeb733239c16cc4d673"},"headline":"The Media Landscape of the Western Balkans and Turkey: Stuck in Transition","datePublished":"2025-10-16T11:24:45+00:00","dateModified":"2025-10-21T10:48:42+00:00","mainEntityOfPage":{"@id":"http:\/\/presscouncil-ks.org\/?p=17262&lang=en"},"wordCount":1502,"commentCount":0,"publisher":{"@id":"http:\/\/presscouncil-ks.org\/#organization"},"image":{"@id":"http:\/\/presscouncil-ks.org\/?p=17262&lang=en#primaryimage"},"thumbnailUrl":"http:\/\/presscouncil-ks.org\/wp-content\/uploads\/2025\/10\/Turqian-dhe-hapesira-mediale-ballkanike.png","articleSection":["News"],"inLanguage":"en-US","potentialAction":[{"@type":"CommentAction","name":"Comment","target":["http:\/\/presscouncil-ks.org\/?p=17262&lang=en#respond"]}]},{"@type":"WebPage","@id":"http:\/\/presscouncil-ks.org\/?p=17262&lang=en","url":"http:\/\/presscouncil-ks.org\/?p=17262&lang=en","name":"The Media Landscape of the Western Balkans and Turkey: Stuck in Transition - K\u00ebshilli i Mediave t\u00eb Shkruara t\u00eb Kosov\u00ebs | P\u00ebr nj\u00eb gazetari etike dhe profesionale","isPartOf":{"@id":"http:\/\/presscouncil-ks.org\/#website"},"primaryImageOfPage":{"@id":"http:\/\/presscouncil-ks.org\/?p=17262&lang=en#primaryimage"},"image":{"@id":"http:\/\/presscouncil-ks.org\/?p=17262&lang=en#primaryimage"},"thumbnailUrl":"http:\/\/presscouncil-ks.org\/wp-content\/uploads\/2025\/10\/Turqian-dhe-hapesira-mediale-ballkanike.png","datePublished":"2025-10-16T11:24:45+00:00","dateModified":"2025-10-21T10:48:42+00:00","breadcrumb":{"@id":"http:\/\/presscouncil-ks.org\/?p=17262&lang=en#breadcrumb"},"inLanguage":"en-US","potentialAction":[{"@type":"ReadAction","target":["http:\/\/presscouncil-ks.org\/?p=17262&lang=en"]}]},{"@type":"ImageObject","inLanguage":"en-US","@id":"http:\/\/presscouncil-ks.org\/?p=17262&lang=en#primaryimage","url":"http:\/\/presscouncil-ks.org\/wp-content\/uploads\/2025\/10\/Turqian-dhe-hapesira-mediale-ballkanike.png","contentUrl":"http:\/\/presscouncil-ks.org\/wp-content\/uploads\/2025\/10\/Turqian-dhe-hapesira-mediale-ballkanike.png","width":1068,"height":668},{"@type":"BreadcrumbList","@id":"http:\/\/presscouncil-ks.org\/?p=17262&lang=en#breadcrumb","itemListElement":[{"@type":"ListItem","position":1,"name":"Home","item":"https:\/\/presscouncil-ks.org\/"},{"@type":"ListItem","position":2,"name":"The Media Landscape of the Western Balkans and Turkey: Stuck in Transition"}]},{"@type":"WebSite","@id":"http:\/\/presscouncil-ks.org\/#website","url":"http:\/\/presscouncil-ks.org\/","name":"https:\/\/presscouncil-ks.org\/","description":"","publisher":{"@id":"http:\/\/presscouncil-ks.org\/#organization"},"potentialAction":[{"@type":"SearchAction","target":{"@type":"EntryPoint","urlTemplate":"http:\/\/presscouncil-ks.org\/?s={search_term_string}"},"query-input":{"@type":"PropertyValueSpecification","valueRequired":true,"valueName":"search_term_string"}}],"inLanguage":"en-US"},{"@type":"Organization","@id":"http:\/\/presscouncil-ks.org\/#organization","name":"K\u00ebshilli i Mediave t\u00eb Shkruara t\u00eb Kosov\u00ebs","url":"http:\/\/presscouncil-ks.org\/","logo":{"@type":"ImageObject","inLanguage":"en-US","@id":"http:\/\/presscouncil-ks.org\/#\/schema\/logo\/image\/","url":"http:\/\/presscouncil-ks.org\/wp-content\/uploads\/2023\/06\/cropped-logo.png","contentUrl":"http:\/\/presscouncil-ks.org\/wp-content\/uploads\/2023\/06\/cropped-logo.png","width":268,"height":166,"caption":"K\u00ebshilli i Mediave t\u00eb Shkruara t\u00eb Kosov\u00ebs"},"image":{"@id":"http:\/\/presscouncil-ks.org\/#\/schema\/logo\/image\/"},"sameAs":["https:\/\/www.facebook.com\/KMSHKosove"]},{"@type":"Person","@id":"http:\/\/presscouncil-ks.org\/#\/schema\/person\/b79d30c61264caeb733239c16cc4d673","name":"Editor","image":{"@type":"ImageObject","inLanguage":"en-US","@id":"https:\/\/secure.gravatar.com\/avatar\/9534865f39e7b3527010ee17196a76d054b16d731a6a5bfe2f92a071c6e9bf4e?s=96&d=mm&r=g","url":"https:\/\/secure.gravatar.com\/avatar\/9534865f39e7b3527010ee17196a76d054b16d731a6a5bfe2f92a071c6e9bf4e?s=96&d=mm&r=g","contentUrl":"https:\/\/secure.gravatar.com\/avatar\/9534865f39e7b3527010ee17196a76d054b16d731a6a5bfe2f92a071c6e9bf4e?s=96&d=mm&r=g","caption":"Editor"},"url":"http:\/\/presscouncil-ks.org\/?author=2"}]}},"_links":{"self":[{"href":"http:\/\/presscouncil-ks.org\/index.php?rest_route=\/wp\/v2\/posts\/17262","targetHints":{"allow":["GET"]}}],"collection":[{"href":"http:\/\/presscouncil-ks.org\/index.php?rest_route=\/wp\/v2\/posts"}],"about":[{"href":"http:\/\/presscouncil-ks.org\/index.php?rest_route=\/wp\/v2\/types\/post"}],"author":[{"embeddable":true,"href":"http:\/\/presscouncil-ks.org\/index.php?rest_route=\/wp\/v2\/users\/2"}],"replies":[{"embeddable":true,"href":"http:\/\/presscouncil-ks.org\/index.php?rest_route=%2Fwp%2Fv2%2Fcomments&post=17262"}],"version-history":[{"count":2,"href":"http:\/\/presscouncil-ks.org\/index.php?rest_route=\/wp\/v2\/posts\/17262\/revisions"}],"predecessor-version":[{"id":17324,"href":"http:\/\/presscouncil-ks.org\/index.php?rest_route=\/wp\/v2\/posts\/17262\/revisions\/17324"}],"wp:featuredmedia":[{"embeddable":true,"href":"http:\/\/presscouncil-ks.org\/index.php?rest_route=\/wp\/v2\/media\/17263"}],"wp:attachment":[{"href":"http:\/\/presscouncil-ks.org\/index.php?rest_route=%2Fwp%2Fv2%2Fmedia&parent=17262"}],"wp:term":[{"taxonomy":"category","embeddable":true,"href":"http:\/\/presscouncil-ks.org\/index.php?rest_route=%2Fwp%2Fv2%2Fcategories&post=17262"},{"taxonomy":"post_tag","embeddable":true,"href":"http:\/\/presscouncil-ks.org\/index.php?rest_route=%2Fwp%2Fv2%2Ftags&post=17262"}],"curies":[{"name":"wp","href":"https:\/\/api.w.org\/{rel}","templated":true}]}}