{"id":17257,"date":"2025-10-09T10:53:10","date_gmt":"2025-10-09T10:53:10","guid":{"rendered":"https:\/\/presscouncil-ks.org\/?p=17257"},"modified":"2025-10-21T10:49:46","modified_gmt":"2025-10-21T10:49:46","slug":"the-flood-of-noise","status":"publish","type":"post","link":"http:\/\/presscouncil-ks.org\/?p=17257&lang=en","title":{"rendered":"The Flood of Noise"},"content":{"rendered":"<p><strong><em>How media freedom is eroded\u2014and defended!<\/em><\/strong><\/p>\n<p>&nbsp;<\/p>\n<p><strong><em>By: Brankica Petkovi\u0107<\/em><\/strong><\/p>\n<p>&nbsp;<\/p>\n<p>I recently directed a SEENPM research on the<strong>\u00a0<a href=\"https:\/\/futureofmedia.seenpm.org\/\">Future of Media<\/a><\/strong>\u00a0in the Western Balkans and Turkey as well as the Slovenian part of the European research project on media and democracy,\u00a0<a href=\"https:\/\/www.medemap.eu\/\"><strong>MeDeMAP<\/strong><\/a>. The projects gave me insights confirming that media freedom and freedom of expression remain deeply contested, fragile, and under pressure, not only in so-called\u00a0\u201cfragile democracies\u201d but increasingly everywhere.<\/p>\n<p>&nbsp;<\/p>\n<p>What we are seeing is not just pressure on journalism, but a structural erosion of the conditions that make freedom of expression possible. The danger is not just suppression; it is substitution. Illiberal regimes no longer censor. They flood the public space with noise, hate narratives, organised lying, co-opted journalism, and fake pluralism.<\/p>\n<p>&nbsp;<\/p>\n<p>One striking insight from the research on the future of the media in the Western Balkans and Turkey is the paradoxical growth of the number of media outlets set against a sharp decline in the number of journalism students and the overall shrinking of the\u00a0journalistic profession. This mismatch suggests a media landscape growing in volume but not in quality or sustainability, often characterised by political and economic capture. In parallel, MeDeMAP\u2019s citizen engagement research highlights widespread feelings of disconnection and distrust in the media, reflecting a global crisis of democratic legitimacy.<\/p>\n<p>&nbsp;<\/p>\n<p><strong>Are we losing the battle?<\/strong><\/p>\n<p>&nbsp;<\/p>\n<p>I would say, though, the battle is far from lost, but it is certainly precarious. We see evidence of deep erosion: shrinking spaces for free expression and media freedom; increasing polarisation; spread of disinformation; economic precarity and growing attacks on journalists (including Israel\u2019s targeted strikes on newsrooms in Gaza and Yemen in recent months). Yet, we also see signs of resilience: active citizens, grassroots movements, and pockets of independent journalism striving to maintain democratic dialogue. (For example, later this month, more than 40 independent newsrooms from 20 European countries will gather in Prague for a Media<a href=\"https:\/\/media-innovation-summit.transitionsmedia.org\/\">\u00a0<strong>Innovation Summit<\/strong><\/a>\u00a0organised by Transitions.)\u00a0The student uprising in Serbia and deliberations at citizens\u2019 parliaments across MeDeMAP\u2019s EU countries underscore that the demand for media freedom and democracy remains very much alive.<\/p>\n<p>&nbsp;<\/p>\n<p><strong>Democracy backsliding<\/strong><\/p>\n<p>&nbsp;<\/p>\n<p>The situation in the US and other \u201cestablished\u201d democracies has a profound influence worldwide. The weakening of norms around media freedom in old democracies emboldens authoritarian tactics elsewhere, with governments increasingly weaponizing media markets through, among other things, ownership concentration and political interference. The Western Balkans and Turkey are particularly vulnerable to this\u00a0\u201cdemocracy backsliding,\u201d which is complicated further by the withdrawal of critical foreign donors and the closure of outlets like Al Jazeera Balkans, developments with devastating ripple effects on independent media\u2019s viability and journalists\u2019 jobs. We should reflect and learn from this situation to develop models for building and sustaining independent media infrastructure not entirely dependent on foreign aid, but more rooted in engaging relations with own communities and citizens.<\/p>\n<p>&nbsp;<\/p>\n<p><strong>Europe\u2019s role?<\/strong><\/p>\n<p>&nbsp;<\/p>\n<p>Europe must lead the effort for reclaiming democratic media systems. But it is important to resist viewing Europe or any other region as a flawless model. Challenges exist everywhere, and democratic media ecosystems are global public goods that require shared responsibility and mutual learning. European institutions have legal frameworks, tools, and obligations to support media pluralism, strengthen the independence of public service media, as well as regulate the big tech platforms, but these must be coupled with deep engagement with local contexts and genuine partnerships that support and amplify local democratic voices across Europe and in other regions.<\/p>\n<p>&nbsp;<\/p>\n<p><strong>Points of resilience<\/strong><\/p>\n<p>&nbsp;<\/p>\n<p>Who safeguards democracy today? The list isn\u2019t short: independent institutions guarding the rule of law; journalists risking their own security and careers; civil society activists mobilising awareness; educators; independent media platforms and innovators; and increasingly, citizens themselves\u2014 through deliberative forums, protest movements, and demand for transparency. Our MeDeMAP research shows that citizen participation can rebuild trust and accountability, but it requires inclusive and ongoing engagement from the media and journalists.<\/p>\n<p>&nbsp;<\/p>\n<p>Holding the line for media freedom takes a shared effort. What we urgently need are joined-up strategies to rebuild trust, to invest in media literacy and public interest media, to defend editorial independence, and above all, to create spaces where citizens are not just media consumers, but co-creators of a democratic culture. Holding the line means making it broader, more inclusive, and resilient.<\/p>\n<p>&nbsp;<\/p>\n<p><strong><em>Brankica Petkovi\u0107<\/em><\/strong><em>\u00a0is a researcher with the\u00a0<\/em><a href=\"https:\/\/www.mirovni-institut.si\/en\/\"><em>P<\/em><\/a><em><a href=\"https:\/\/www.mirovni-institut.si\/en\/\">eace Institute<\/a>, a SEENPM member. She has devised and coordinated a number of\u00a0<\/em><a href=\"https:\/\/seenpm.org\/category\/seenpm-publications\/\"><em>SEENPM media research<\/em><\/a><em>\u00a0projects in the past two decades. The article is an edited version of the contribution the author made at the\u00a0<a href=\"https:\/\/seenpm.org\/our-media-conference-freedom-of-expression-in-times-of-crisis\/\"><strong>Our Media conf<\/strong><\/a><\/em><a href=\"https:\/\/seenpm.org\/our-media-conference-freedom-of-expression-in-times-of-crisis\/\"><strong><em>erence<\/em><\/strong><\/a><em>\u00a0held in Sarajevo on 2 and 3 October.\u00a0<\/em><\/p>\n<p>&nbsp;<\/p>\n<p><img loading=\"lazy\" decoding=\"async\" class=\"\" src=\"https:\/\/seenpm.org\/wp-content\/uploads\/2024\/11\/EN-Co-funded-by-the-EU_POS-1024x215.jpg\" width=\"248\" height=\"52\" \/><\/p>\n<p>&nbsp;<\/p>\n<p><em>The regional program \u201c<strong>Our Media<\/strong>: A civil society action to generate media literacy and activism, counter polarisation and promote dialogue\u201d is implemented with the financial support of the European Union by partner organizations\u00a0<\/em><strong><a href=\"https:\/\/seenpm.org\/\"><em>SEENPM<\/em><\/a><em>,\u00a0<\/em><a href=\"https:\/\/www.institutemedia.org\/\"><em>Albanian Media Institute<\/em><\/a><em>,\u00a0<\/em><a href=\"https:\/\/www.media.ba\/bs\"><em>Mediacentar Sarajevo<\/em><\/a><em>,\u00a0<\/em><a href=\"http:\/\/presscouncil-ks.org\/?lang=en\"><em>Press Council of Kosovo<\/em><\/a><em>,\u00a0<\/em><a href=\"https:\/\/www.mminstitute.org\/\"><em>Montenegrin Media Institute<\/em><\/a><em>,\u00a0<\/em><a href=\"https:\/\/mim.org.mk\/en\/\"><em>Macedonian Institute for Media<\/em><\/a><em>,\u00a0<\/em><a href=\"https:\/\/novinarska-skola.org.rs\/srbija-opet-pala-na-listi-reportera-bez-granica\/?lang=en\"><em>Novi Sad School of Journalism<\/em><\/a><em>,\u00a0<\/em><a href=\"https:\/\/www.mirovni-institut.si\/en\/\"><em>Peace Institute<\/em><\/a><em>\u00a0and\u00a0<\/em><a href=\"https:\/\/bianet.org\/english\"><em>Bianet<\/em><\/a><em>.<\/em><\/strong><\/p>\n<p><em>This article was produced with the financial support of the European Union. Its contents are the sole responsibility SEENPM and do not necessarily reflect the views of the European Union.<\/em><\/p>\n<p>&nbsp;<\/p>\n<p><strong><em>Co-funded by:<\/em><\/strong><\/p>\n<p>&nbsp;<\/p>\n<p><img loading=\"lazy\" decoding=\"async\" class=\"\" src=\"https:\/\/seenpm.org\/wp-content\/uploads\/2025\/10\/osf-logo.png\" width=\"211\" height=\"67\" \/><\/p>\n","protected":false},"excerpt":{"rendered":"<p>How media freedom is eroded\u2014and defended! &nbsp; By: Brankica Petkovi\u0107 &nbsp; I recently directed a SEENPM research on the\u00a0Future of Media\u00a0in the Western Balkans and Turkey as well as the Slovenian part of the European research project on media and democracy,\u00a0MeDeMAP. The projects gave me insights confirming that media freedom and freedom of expression remain [&hellip;]<\/p>\n","protected":false},"author":2,"featured_media":17258,"comment_status":"open","ping_status":"open","sticky":false,"template":"","format":"standard","meta":{"footnotes":""},"categories":[115],"tags":[],"class_list":["post-17257","post","type-post","status-publish","format-standard","has-post-thumbnail","hentry","category-news"],"acf":[],"yoast_head":"<!-- This site is optimized with the Yoast SEO plugin v28.4 - https:\/\/yoast.com\/product\/yoast-seo-wordpress\/ -->\n<title>The Flood of Noise - K\u00ebshilli i Mediave t\u00eb Shkruara t\u00eb Kosov\u00ebs | P\u00ebr nj\u00eb gazetari etike dhe profesionale<\/title>\n<meta name=\"robots\" content=\"index, follow, max-snippet:-1, max-image-preview:large, max-video-preview:-1\" \/>\n<link rel=\"canonical\" href=\"http:\/\/presscouncil-ks.org\/?p=17257&lang=en\" \/>\n<meta property=\"og:locale\" content=\"en_US\" \/>\n<meta property=\"og:type\" content=\"article\" \/>\n<meta property=\"og:title\" content=\"The Flood of Noise - K\u00ebshilli i Mediave t\u00eb Shkruara t\u00eb Kosov\u00ebs | P\u00ebr nj\u00eb gazetari etike dhe profesionale\" \/>\n<meta property=\"og:description\" content=\"How media freedom is eroded\u2014and defended! &nbsp; By: Brankica Petkovi\u0107 &nbsp; I recently directed a SEENPM research on the\u00a0Future of Media\u00a0in the Western Balkans and Turkey as well as the Slovenian part of the European research project on media and democracy,\u00a0MeDeMAP. The projects gave me insights confirming that media freedom and freedom of expression remain [&hellip;]\" \/>\n<meta property=\"og:url\" content=\"http:\/\/presscouncil-ks.org\/?p=17257&amp;lang=en\" \/>\n<meta property=\"og:site_name\" content=\"K\u00ebshilli i Mediave t\u00eb Shkruara t\u00eb Kosov\u00ebs | P\u00ebr nj\u00eb gazetari etike dhe profesionale\" \/>\n<meta property=\"article:publisher\" content=\"https:\/\/www.facebook.com\/KMSHKosove\" \/>\n<meta property=\"article:published_time\" content=\"2025-10-09T10:53:10+00:00\" \/>\n<meta property=\"article:modified_time\" content=\"2025-10-21T10:49:46+00:00\" \/>\n<meta property=\"og:image\" content=\"http:\/\/presscouncil-ks.org\/wp-content\/uploads\/2025\/10\/Brankica-Petkovic.jpg\" \/>\n\t<meta property=\"og:image:width\" content=\"1068\" \/>\n\t<meta property=\"og:image:height\" content=\"601\" \/>\n\t<meta property=\"og:image:type\" content=\"image\/jpeg\" \/>\n<meta name=\"author\" content=\"Editor\" \/>\n<meta name=\"twitter:card\" content=\"summary_large_image\" \/>\n<meta name=\"twitter:label1\" content=\"Written by\" \/>\n\t<meta name=\"twitter:data1\" content=\"Editor\" \/>\n\t<meta name=\"twitter:label2\" content=\"Est. reading time\" \/>\n\t<meta name=\"twitter:data2\" content=\"4 minutes\" \/>\n<script type=\"application\/ld+json\" class=\"yoast-schema-graph\">{\"@context\":\"https:\\\/\\\/schema.org\",\"@graph\":[{\"@type\":\"Article\",\"@id\":\"http:\\\/\\\/presscouncil-ks.org\\\/?p=17257&lang=en#article\",\"isPartOf\":{\"@id\":\"http:\\\/\\\/presscouncil-ks.org\\\/?p=17257&lang=en\"},\"author\":{\"name\":\"Editor\",\"@id\":\"http:\\\/\\\/presscouncil-ks.org\\\/#\\\/schema\\\/person\\\/b79d30c61264caeb733239c16cc4d673\"},\"headline\":\"The Flood of Noise\",\"datePublished\":\"2025-10-09T10:53:10+00:00\",\"dateModified\":\"2025-10-21T10:49:46+00:00\",\"mainEntityOfPage\":{\"@id\":\"http:\\\/\\\/presscouncil-ks.org\\\/?p=17257&lang=en\"},\"wordCount\":881,\"commentCount\":0,\"publisher\":{\"@id\":\"http:\\\/\\\/presscouncil-ks.org\\\/#organization\"},\"image\":{\"@id\":\"http:\\\/\\\/presscouncil-ks.org\\\/?p=17257&lang=en#primaryimage\"},\"thumbnailUrl\":\"http:\\\/\\\/presscouncil-ks.org\\\/wp-content\\\/uploads\\\/2025\\\/10\\\/Brankica-Petkovic.jpg\",\"articleSection\":[\"News\"],\"inLanguage\":\"en-US\",\"potentialAction\":[{\"@type\":\"CommentAction\",\"name\":\"Comment\",\"target\":[\"http:\\\/\\\/presscouncil-ks.org\\\/?p=17257&lang=en#respond\"]}]},{\"@type\":\"WebPage\",\"@id\":\"http:\\\/\\\/presscouncil-ks.org\\\/?p=17257&lang=en\",\"url\":\"http:\\\/\\\/presscouncil-ks.org\\\/?p=17257&lang=en\",\"name\":\"The Flood of Noise - K\u00ebshilli i Mediave t\u00eb Shkruara t\u00eb Kosov\u00ebs | P\u00ebr nj\u00eb gazetari etike dhe profesionale\",\"isPartOf\":{\"@id\":\"http:\\\/\\\/presscouncil-ks.org\\\/#website\"},\"primaryImageOfPage\":{\"@id\":\"http:\\\/\\\/presscouncil-ks.org\\\/?p=17257&lang=en#primaryimage\"},\"image\":{\"@id\":\"http:\\\/\\\/presscouncil-ks.org\\\/?p=17257&lang=en#primaryimage\"},\"thumbnailUrl\":\"http:\\\/\\\/presscouncil-ks.org\\\/wp-content\\\/uploads\\\/2025\\\/10\\\/Brankica-Petkovic.jpg\",\"datePublished\":\"2025-10-09T10:53:10+00:00\",\"dateModified\":\"2025-10-21T10:49:46+00:00\",\"breadcrumb\":{\"@id\":\"http:\\\/\\\/presscouncil-ks.org\\\/?p=17257&lang=en#breadcrumb\"},\"inLanguage\":\"en-US\",\"potentialAction\":[{\"@type\":\"ReadAction\",\"target\":[\"http:\\\/\\\/presscouncil-ks.org\\\/?p=17257&lang=en\"]}]},{\"@type\":\"ImageObject\",\"inLanguage\":\"en-US\",\"@id\":\"http:\\\/\\\/presscouncil-ks.org\\\/?p=17257&lang=en#primaryimage\",\"url\":\"http:\\\/\\\/presscouncil-ks.org\\\/wp-content\\\/uploads\\\/2025\\\/10\\\/Brankica-Petkovic.jpg\",\"contentUrl\":\"http:\\\/\\\/presscouncil-ks.org\\\/wp-content\\\/uploads\\\/2025\\\/10\\\/Brankica-Petkovic.jpg\",\"width\":1068,\"height\":601,\"caption\":\"Photo: Mirza Ajnad\u017ei\u0107\"},{\"@type\":\"BreadcrumbList\",\"@id\":\"http:\\\/\\\/presscouncil-ks.org\\\/?p=17257&lang=en#breadcrumb\",\"itemListElement\":[{\"@type\":\"ListItem\",\"position\":1,\"name\":\"Home\",\"item\":\"https:\\\/\\\/presscouncil-ks.org\\\/\"},{\"@type\":\"ListItem\",\"position\":2,\"name\":\"The Flood of Noise\"}]},{\"@type\":\"WebSite\",\"@id\":\"http:\\\/\\\/presscouncil-ks.org\\\/#website\",\"url\":\"http:\\\/\\\/presscouncil-ks.org\\\/\",\"name\":\"https:\\\/\\\/presscouncil-ks.org\\\/\",\"description\":\"\",\"publisher\":{\"@id\":\"http:\\\/\\\/presscouncil-ks.org\\\/#organization\"},\"potentialAction\":[{\"@type\":\"SearchAction\",\"target\":{\"@type\":\"EntryPoint\",\"urlTemplate\":\"http:\\\/\\\/presscouncil-ks.org\\\/?s={search_term_string}\"},\"query-input\":{\"@type\":\"PropertyValueSpecification\",\"valueRequired\":true,\"valueName\":\"search_term_string\"}}],\"inLanguage\":\"en-US\"},{\"@type\":\"Organization\",\"@id\":\"http:\\\/\\\/presscouncil-ks.org\\\/#organization\",\"name\":\"K\u00ebshilli i Mediave t\u00eb Shkruara t\u00eb Kosov\u00ebs\",\"url\":\"http:\\\/\\\/presscouncil-ks.org\\\/\",\"logo\":{\"@type\":\"ImageObject\",\"inLanguage\":\"en-US\",\"@id\":\"http:\\\/\\\/presscouncil-ks.org\\\/#\\\/schema\\\/logo\\\/image\\\/\",\"url\":\"http:\\\/\\\/presscouncil-ks.org\\\/wp-content\\\/uploads\\\/2023\\\/06\\\/cropped-logo.png\",\"contentUrl\":\"http:\\\/\\\/presscouncil-ks.org\\\/wp-content\\\/uploads\\\/2023\\\/06\\\/cropped-logo.png\",\"width\":268,\"height\":166,\"caption\":\"K\u00ebshilli i Mediave t\u00eb Shkruara t\u00eb Kosov\u00ebs\"},\"image\":{\"@id\":\"http:\\\/\\\/presscouncil-ks.org\\\/#\\\/schema\\\/logo\\\/image\\\/\"},\"sameAs\":[\"https:\\\/\\\/www.facebook.com\\\/KMSHKosove\"]},{\"@type\":\"Person\",\"@id\":\"http:\\\/\\\/presscouncil-ks.org\\\/#\\\/schema\\\/person\\\/b79d30c61264caeb733239c16cc4d673\",\"name\":\"Editor\",\"image\":{\"@type\":\"ImageObject\",\"inLanguage\":\"en-US\",\"@id\":\"https:\\\/\\\/secure.gravatar.com\\\/avatar\\\/9534865f39e7b3527010ee17196a76d054b16d731a6a5bfe2f92a071c6e9bf4e?s=96&d=mm&r=g\",\"url\":\"https:\\\/\\\/secure.gravatar.com\\\/avatar\\\/9534865f39e7b3527010ee17196a76d054b16d731a6a5bfe2f92a071c6e9bf4e?s=96&d=mm&r=g\",\"contentUrl\":\"https:\\\/\\\/secure.gravatar.com\\\/avatar\\\/9534865f39e7b3527010ee17196a76d054b16d731a6a5bfe2f92a071c6e9bf4e?s=96&d=mm&r=g\",\"caption\":\"Editor\"},\"url\":\"http:\\\/\\\/presscouncil-ks.org\\\/?author=2\"}]}<\/script>\n<!-- \/ Yoast SEO plugin. -->","yoast_head_json":{"title":"The Flood of Noise - K\u00ebshilli i Mediave t\u00eb Shkruara t\u00eb Kosov\u00ebs | P\u00ebr nj\u00eb gazetari etike dhe profesionale","robots":{"index":"index","follow":"follow","max-snippet":"max-snippet:-1","max-image-preview":"max-image-preview:large","max-video-preview":"max-video-preview:-1"},"canonical":"http:\/\/presscouncil-ks.org\/?p=17257&lang=en","og_locale":"en_US","og_type":"article","og_title":"The Flood of Noise - K\u00ebshilli i Mediave t\u00eb Shkruara t\u00eb Kosov\u00ebs | P\u00ebr nj\u00eb gazetari etike dhe profesionale","og_description":"How media freedom is eroded\u2014and defended! &nbsp; By: Brankica Petkovi\u0107 &nbsp; I recently directed a SEENPM research on the\u00a0Future of Media\u00a0in the Western Balkans and Turkey as well as the Slovenian part of the European research project on media and democracy,\u00a0MeDeMAP. The projects gave me insights confirming that media freedom and freedom of expression remain [&hellip;]","og_url":"http:\/\/presscouncil-ks.org\/?p=17257&lang=en","og_site_name":"K\u00ebshilli i Mediave t\u00eb Shkruara t\u00eb Kosov\u00ebs | P\u00ebr nj\u00eb gazetari etike dhe profesionale","article_publisher":"https:\/\/www.facebook.com\/KMSHKosove","article_published_time":"2025-10-09T10:53:10+00:00","article_modified_time":"2025-10-21T10:49:46+00:00","og_image":[{"width":1068,"height":601,"url":"http:\/\/presscouncil-ks.org\/wp-content\/uploads\/2025\/10\/Brankica-Petkovic.jpg","type":"image\/jpeg"}],"author":"Editor","twitter_card":"summary_large_image","twitter_misc":{"Written by":"Editor","Est. reading time":"4 minutes"},"schema":{"@context":"https:\/\/schema.org","@graph":[{"@type":"Article","@id":"http:\/\/presscouncil-ks.org\/?p=17257&lang=en#article","isPartOf":{"@id":"http:\/\/presscouncil-ks.org\/?p=17257&lang=en"},"author":{"name":"Editor","@id":"http:\/\/presscouncil-ks.org\/#\/schema\/person\/b79d30c61264caeb733239c16cc4d673"},"headline":"The Flood of Noise","datePublished":"2025-10-09T10:53:10+00:00","dateModified":"2025-10-21T10:49:46+00:00","mainEntityOfPage":{"@id":"http:\/\/presscouncil-ks.org\/?p=17257&lang=en"},"wordCount":881,"commentCount":0,"publisher":{"@id":"http:\/\/presscouncil-ks.org\/#organization"},"image":{"@id":"http:\/\/presscouncil-ks.org\/?p=17257&lang=en#primaryimage"},"thumbnailUrl":"http:\/\/presscouncil-ks.org\/wp-content\/uploads\/2025\/10\/Brankica-Petkovic.jpg","articleSection":["News"],"inLanguage":"en-US","potentialAction":[{"@type":"CommentAction","name":"Comment","target":["http:\/\/presscouncil-ks.org\/?p=17257&lang=en#respond"]}]},{"@type":"WebPage","@id":"http:\/\/presscouncil-ks.org\/?p=17257&lang=en","url":"http:\/\/presscouncil-ks.org\/?p=17257&lang=en","name":"The Flood of Noise - K\u00ebshilli i Mediave t\u00eb Shkruara t\u00eb Kosov\u00ebs | P\u00ebr nj\u00eb gazetari etike dhe profesionale","isPartOf":{"@id":"http:\/\/presscouncil-ks.org\/#website"},"primaryImageOfPage":{"@id":"http:\/\/presscouncil-ks.org\/?p=17257&lang=en#primaryimage"},"image":{"@id":"http:\/\/presscouncil-ks.org\/?p=17257&lang=en#primaryimage"},"thumbnailUrl":"http:\/\/presscouncil-ks.org\/wp-content\/uploads\/2025\/10\/Brankica-Petkovic.jpg","datePublished":"2025-10-09T10:53:10+00:00","dateModified":"2025-10-21T10:49:46+00:00","breadcrumb":{"@id":"http:\/\/presscouncil-ks.org\/?p=17257&lang=en#breadcrumb"},"inLanguage":"en-US","potentialAction":[{"@type":"ReadAction","target":["http:\/\/presscouncil-ks.org\/?p=17257&lang=en"]}]},{"@type":"ImageObject","inLanguage":"en-US","@id":"http:\/\/presscouncil-ks.org\/?p=17257&lang=en#primaryimage","url":"http:\/\/presscouncil-ks.org\/wp-content\/uploads\/2025\/10\/Brankica-Petkovic.jpg","contentUrl":"http:\/\/presscouncil-ks.org\/wp-content\/uploads\/2025\/10\/Brankica-Petkovic.jpg","width":1068,"height":601,"caption":"Photo: Mirza Ajnad\u017ei\u0107"},{"@type":"BreadcrumbList","@id":"http:\/\/presscouncil-ks.org\/?p=17257&lang=en#breadcrumb","itemListElement":[{"@type":"ListItem","position":1,"name":"Home","item":"https:\/\/presscouncil-ks.org\/"},{"@type":"ListItem","position":2,"name":"The Flood of Noise"}]},{"@type":"WebSite","@id":"http:\/\/presscouncil-ks.org\/#website","url":"http:\/\/presscouncil-ks.org\/","name":"https:\/\/presscouncil-ks.org\/","description":"","publisher":{"@id":"http:\/\/presscouncil-ks.org\/#organization"},"potentialAction":[{"@type":"SearchAction","target":{"@type":"EntryPoint","urlTemplate":"http:\/\/presscouncil-ks.org\/?s={search_term_string}"},"query-input":{"@type":"PropertyValueSpecification","valueRequired":true,"valueName":"search_term_string"}}],"inLanguage":"en-US"},{"@type":"Organization","@id":"http:\/\/presscouncil-ks.org\/#organization","name":"K\u00ebshilli i Mediave t\u00eb Shkruara t\u00eb Kosov\u00ebs","url":"http:\/\/presscouncil-ks.org\/","logo":{"@type":"ImageObject","inLanguage":"en-US","@id":"http:\/\/presscouncil-ks.org\/#\/schema\/logo\/image\/","url":"http:\/\/presscouncil-ks.org\/wp-content\/uploads\/2023\/06\/cropped-logo.png","contentUrl":"http:\/\/presscouncil-ks.org\/wp-content\/uploads\/2023\/06\/cropped-logo.png","width":268,"height":166,"caption":"K\u00ebshilli i Mediave t\u00eb Shkruara t\u00eb Kosov\u00ebs"},"image":{"@id":"http:\/\/presscouncil-ks.org\/#\/schema\/logo\/image\/"},"sameAs":["https:\/\/www.facebook.com\/KMSHKosove"]},{"@type":"Person","@id":"http:\/\/presscouncil-ks.org\/#\/schema\/person\/b79d30c61264caeb733239c16cc4d673","name":"Editor","image":{"@type":"ImageObject","inLanguage":"en-US","@id":"https:\/\/secure.gravatar.com\/avatar\/9534865f39e7b3527010ee17196a76d054b16d731a6a5bfe2f92a071c6e9bf4e?s=96&d=mm&r=g","url":"https:\/\/secure.gravatar.com\/avatar\/9534865f39e7b3527010ee17196a76d054b16d731a6a5bfe2f92a071c6e9bf4e?s=96&d=mm&r=g","contentUrl":"https:\/\/secure.gravatar.com\/avatar\/9534865f39e7b3527010ee17196a76d054b16d731a6a5bfe2f92a071c6e9bf4e?s=96&d=mm&r=g","caption":"Editor"},"url":"http:\/\/presscouncil-ks.org\/?author=2"}]}},"_links":{"self":[{"href":"http:\/\/presscouncil-ks.org\/index.php?rest_route=\/wp\/v2\/posts\/17257","targetHints":{"allow":["GET"]}}],"collection":[{"href":"http:\/\/presscouncil-ks.org\/index.php?rest_route=\/wp\/v2\/posts"}],"about":[{"href":"http:\/\/presscouncil-ks.org\/index.php?rest_route=\/wp\/v2\/types\/post"}],"author":[{"embeddable":true,"href":"http:\/\/presscouncil-ks.org\/index.php?rest_route=\/wp\/v2\/users\/2"}],"replies":[{"embeddable":true,"href":"http:\/\/presscouncil-ks.org\/index.php?rest_route=%2Fwp%2Fv2%2Fcomments&post=17257"}],"version-history":[{"count":4,"href":"http:\/\/presscouncil-ks.org\/index.php?rest_route=\/wp\/v2\/posts\/17257\/revisions"}],"predecessor-version":[{"id":17326,"href":"http:\/\/presscouncil-ks.org\/index.php?rest_route=\/wp\/v2\/posts\/17257\/revisions\/17326"}],"wp:featuredmedia":[{"embeddable":true,"href":"http:\/\/presscouncil-ks.org\/index.php?rest_route=\/wp\/v2\/media\/17258"}],"wp:attachment":[{"href":"http:\/\/presscouncil-ks.org\/index.php?rest_route=%2Fwp%2Fv2%2Fmedia&parent=17257"}],"wp:term":[{"taxonomy":"category","embeddable":true,"href":"http:\/\/presscouncil-ks.org\/index.php?rest_route=%2Fwp%2Fv2%2Fcategories&post=17257"},{"taxonomy":"post_tag","embeddable":true,"href":"http:\/\/presscouncil-ks.org\/index.php?rest_route=%2Fwp%2Fv2%2Ftags&post=17257"}],"curies":[{"name":"wp","href":"https:\/\/api.w.org\/{rel}","templated":true}]}}