{"id":17247,"date":"2025-10-06T19:10:03","date_gmt":"2025-10-06T19:10:03","guid":{"rendered":"https:\/\/presscouncil-ks.org\/?p=17247"},"modified":"2025-10-21T10:56:15","modified_gmt":"2025-10-21T10:56:15","slug":"our-media-conference-freedom-of-expression-in-times-of-crisis","status":"publish","type":"post","link":"http:\/\/presscouncil-ks.org\/?p=17247&lang=en","title":{"rendered":"\u201cOur Media\u201d Conference: Freedom of Expression in Times of Crisis"},"content":{"rendered":"<p><strong><em>The two-day conference brought together more than 70 media professionals and representatives of civil society organizations dedicated to media freedom.<\/em><\/strong><\/p>\n<p>&nbsp;<\/p>\n<p>Freedom of expression, the future of journalism in the Western Balkans and Turkey, ethical dilemmas surrounding the use of social media for civil society purposes, and the improvement of cooperation between journalists, activists, and citizens were among the topics discussed at the international conference\u00a0<strong>\u201cOur Media,\u201d<\/strong>\u00a0held at the Faculty of Political Sciences in Sarajevo.<\/p>\n<p>&nbsp;<\/p>\n<p>The two-day conference brought together more than 70 media professionals and representatives of civil society organizations dedicated to media freedom. The event was organized by the\u00a0<a href=\"https:\/\/seenpm.org\/\" target=\"_blank\" rel=\"noreferrer noopener\"><strong>South East European Network for Professionalization of Med<\/strong><\/a><a href=\"https:\/\/seenpm.org\/\"><strong>ia (SEENPM)<\/strong><\/a>\u00a0and\u00a0<a href=\"https:\/\/media.ba\/bs\" target=\"_blank\" rel=\"noreferrer noopener\"><strong>M<\/strong><\/a><a href=\"https:\/\/media.ba\/bs\"><strong>ediacentar Sarajevo<\/strong><\/a>.<\/p>\n<p>&nbsp;<\/p>\n<p>The conference is a continuation of a regional project of the same name, launched in 2023, which includes research on the future of media and journalism trends, as well as discussions on other important issues such as the sustainability of independent media, pressures on freedom of expression, and local media activism by citizens in the Western Balkans and Turkey.<\/p>\n<p>&nbsp;<\/p>\n<figure class=\"wp-block-image size-large td-caption-align-https:\/\/seenpm.org\/wp-content\/uploads\/2025\/10\/3017_05121157_S366-scaled.jpg\"><img loading=\"lazy\" decoding=\"async\" class=\"wp-image-11274 td-animation-stack-type0-2\" src=\"https:\/\/seenpm.org\/wp-content\/uploads\/2025\/10\/3017_05121157_S366-1024x576.jpg\" sizes=\"auto, (max-width: 1024px) 100vw, 1024px\" srcset=\"https:\/\/seenpm.org\/wp-content\/uploads\/2025\/10\/3017_05121157_S366-1024x576.jpg 1024w, https:\/\/seenpm.org\/wp-content\/uploads\/2025\/10\/3017_05121157_S366-300x169.jpg 300w, https:\/\/seenpm.org\/wp-content\/uploads\/2025\/10\/3017_05121157_S366-768x432.jpg 768w, https:\/\/seenpm.org\/wp-content\/uploads\/2025\/10\/3017_05121157_S366-1536x864.jpg 1536w, https:\/\/seenpm.org\/wp-content\/uploads\/2025\/10\/3017_05121157_S366-2048x1152.jpg 2048w, https:\/\/seenpm.org\/wp-content\/uploads\/2025\/10\/3017_05121157_S366-696x392.jpg 696w, https:\/\/seenpm.org\/wp-content\/uploads\/2025\/10\/3017_05121157_S366-1068x601.jpg 1068w, https:\/\/seenpm.org\/wp-content\/uploads\/2025\/10\/3017_05121157_S366-1920x1080.jpg 1920w, https:\/\/seenpm.org\/wp-content\/uploads\/2025\/10\/3017_05121157_S366-747x420.jpg 747w\" alt=\"\" width=\"1024\" height=\"576\" \/><\/figure>\n<p>&nbsp;<\/p>\n<p>The world in 2023, when the partner organizations launched the project\u00a0<a href=\"https:\/\/seenpm.org\/about-the-project\/\" target=\"_blank\" rel=\"noreferrer noopener\">\u201cOur Media,\u201d<\/a>\u00a0was a different place than it is today, said\u00a0<strong>Maida Muminovi\u0107<\/strong>, Executive Director of the Mediacentar Sarajevo Foundation. Civil society organizations working to protect freedom of expression, as well as independent media, are going through a period of increasing pressure and uncertainty.<\/p>\n<p>&nbsp;<\/p>\n<p>\u201cAt the conference, we decided to focus on global issues that affect our region, as well as pressing matters in the Western Balkans, and on global developments that raise concerns about the future of human rights around the world,\u201d said Muminovi\u0107.<\/p>\n<p>&nbsp;<\/p>\n<p>During the conference, the results of a<strong><a href=\"https:\/\/futureofmedia.seenpm.org\/\" target=\"_blank\" rel=\"noreferrer noopener\">regional study on the future of media and the impact of professional journalism on the democratization of society<\/a><\/strong>\u00a0were also presented. The findings showed that journalists in the region continue to face pressure and threats, receive low salaries, and that women working in the media rarely reach leadership positions. Interest among young people in studying communication is steadily declining, while on the other hand, the number of media outlets continues to grow year by year.<\/p>\n<p>&nbsp;<\/p>\n<figure class=\"wp-block-image size-large td-caption-align-https:\/\/seenpm.org\/wp-content\/uploads\/2025\/10\/3017_05110926_S083-scaled.jpg\"><img loading=\"lazy\" decoding=\"async\" class=\"wp-image-11275 td-animation-stack-type0-2\" src=\"https:\/\/seenpm.org\/wp-content\/uploads\/2025\/10\/3017_05110926_S083-1024x576.jpg\" sizes=\"auto, (max-width: 1024px) 100vw, 1024px\" srcset=\"https:\/\/seenpm.org\/wp-content\/uploads\/2025\/10\/3017_05110926_S083-1024x576.jpg 1024w, https:\/\/seenpm.org\/wp-content\/uploads\/2025\/10\/3017_05110926_S083-300x169.jpg 300w, https:\/\/seenpm.org\/wp-content\/uploads\/2025\/10\/3017_05110926_S083-768x432.jpg 768w, https:\/\/seenpm.org\/wp-content\/uploads\/2025\/10\/3017_05110926_S083-1536x864.jpg 1536w, https:\/\/seenpm.org\/wp-content\/uploads\/2025\/10\/3017_05110926_S083-2048x1152.jpg 2048w, https:\/\/seenpm.org\/wp-content\/uploads\/2025\/10\/3017_05110926_S083-696x392.jpg 696w, https:\/\/seenpm.org\/wp-content\/uploads\/2025\/10\/3017_05110926_S083-1068x601.jpg 1068w, https:\/\/seenpm.org\/wp-content\/uploads\/2025\/10\/3017_05110926_S083-1920x1080.jpg 1920w, https:\/\/seenpm.org\/wp-content\/uploads\/2025\/10\/3017_05110926_S083-747x420.jpg 747w\" alt=\"\" width=\"1024\" height=\"576\" \/><\/figure>\n<p>&nbsp;<\/p>\n<p>\u201cMedia trends are almost the same across the region and generally point to the strong pressure faced by media outlets, especially independent and smaller local ones. We are facing an uncertain future, which makes it even more important for civil society organizations to connect. That is why we are pleased that we managed to make this event regional and, to some extent, international,\u201d said\u00a0<strong>Tihomir Loza<\/strong>, Director of SEENPM, a network of 18 media organizations from Southeast Europe.<\/p>\n<p>&nbsp;<\/p>\n<p>In addition to the social and economic challenges journalists are currently facing, not only in the region but around the world, such as censorship and biased reporting on Gaza, the shutdown of media outlets, and the reduction of funds for independent media, the conference also addressed the impact of new technologies.<\/p>\n<p>&nbsp;<\/p>\n<p>Long-time SEENPM collaborator and media expert from Belgrade,\u00a0<strong>Snje\u017eana Milivojevi\u0107<\/strong>, in her presentation, addressed the issue of technology, describing it as the greatest challenge for the media, journalism, and the public interest within the information ecosystem.<\/p>\n<p>&nbsp;<\/p>\n<p>\u201cI like to say that, as critical theorists always remind us, technology does not change the world when it first appears, but when everyone starts using it. We have grown accustomed to it, and it has become part of our everyday lives,\u201d said Milivojevi\u0107.<\/p>\n<p>&nbsp;<\/p>\n<p>The project \u201cOur Media\u201d is funded by the European Union, with additional support for the conference provided by the Open Society Foundations Western Balkans. By the end of the project, research on the future of media will continue, and the existing\u00a0<strong><a href=\"https:\/\/ourmediaquiz.seenpm.org\/\">online lea<\/a><a href=\"https:\/\/ourmediaquiz.seenpm.org\/\" target=\"_blank\" rel=\"noreferrer noopener\">rning platform<\/a>\u00a0<\/strong>on media literacy will be expanded. In addition, young leaders and media activists from the region will take part in study visits across Europe to further develop their skills and apply them within their local communities.<\/p>\n<p>&nbsp;<\/p>\n<figure class=\"wp-block-image size-large is-resized td-caption-align-https:\/\/seenpm.org\/wp-content\/uploads\/2024\/11\/EN-Co-funded-by-the-EU_POS-scaled.jpg\"><img loading=\"lazy\" decoding=\"async\" class=\"wp-image-10996 td-animation-stack-type0-2\" src=\"https:\/\/seenpm.org\/wp-content\/uploads\/2024\/11\/EN-Co-funded-by-the-EU_POS-1024x215.jpg\" sizes=\"auto, (max-width: 1024px) 100vw, 1024px\" srcset=\"https:\/\/seenpm.org\/wp-content\/uploads\/2024\/11\/EN-Co-funded-by-the-EU_POS-1024x215.jpg 1024w, https:\/\/seenpm.org\/wp-content\/uploads\/2024\/11\/EN-Co-funded-by-the-EU_POS-300x63.jpg 300w, https:\/\/seenpm.org\/wp-content\/uploads\/2024\/11\/EN-Co-funded-by-the-EU_POS-768x161.jpg 768w, https:\/\/seenpm.org\/wp-content\/uploads\/2024\/11\/EN-Co-funded-by-the-EU_POS-1536x322.jpg 1536w, https:\/\/seenpm.org\/wp-content\/uploads\/2024\/11\/EN-Co-funded-by-the-EU_POS-2048x430.jpg 2048w, https:\/\/seenpm.org\/wp-content\/uploads\/2024\/11\/EN-Co-funded-by-the-EU_POS-696x146.jpg 696w, https:\/\/seenpm.org\/wp-content\/uploads\/2024\/11\/EN-Co-funded-by-the-EU_POS-1068x224.jpg 1068w, https:\/\/seenpm.org\/wp-content\/uploads\/2024\/11\/EN-Co-funded-by-the-EU_POS-1920x403.jpg 1920w, https:\/\/seenpm.org\/wp-content\/uploads\/2024\/11\/EN-Co-funded-by-the-EU_POS-2002x420.jpg 2002w\" alt=\"\" width=\"229\" height=\"48\" \/><\/figure>\n<p>&nbsp;<\/p>\n<p><em>The regional program \u201cOur Media: A civil society action to generate media literacy and activism, counter polarisation and promote dialogue\u201d is implemented with the financial support of the European Union by partner organizations\u00a0<\/em><strong><a href=\"https:\/\/seenpm.org\/\"><em>SEENPM<\/em><\/a><em>,\u00a0<\/em><a href=\"https:\/\/www.institutemedia.org\/\"><em>Albanian Media Institute<\/em><\/a><em>,\u00a0<\/em><a href=\"https:\/\/www.media.ba\/bs\"><em>Mediacentar Sarajevo<\/em><\/a><em>,\u00a0<\/em><a href=\"http:\/\/presscouncil-ks.org\/?lang=en\"><em>Press Council of Kosovo<\/em><\/a><em>,\u00a0<\/em><a href=\"https:\/\/www.mminstitute.org\/\"><em>Montenegrin Media Institute<\/em><\/a><em>,\u00a0<\/em><a href=\"https:\/\/mim.org.mk\/en\/\"><em>Macedonian Institute for Media<\/em><\/a><em>,\u00a0<\/em><a href=\"https:\/\/novinarska-skola.org.rs\/srbija-opet-pala-na-listi-reportera-bez-granica\/?lang=en\"><em>Novi Sad School of Journalism<\/em><\/a><em>,\u00a0<\/em><a href=\"https:\/\/www.mirovni-institut.si\/en\/\"><em>Peace Institute<\/em><\/a><em>\u00a0and\u00a0<\/em><a href=\"https:\/\/bianet.org\/english\"><em>Bianet<\/em><\/a><em>.<\/em><\/strong><\/p>\n<p>&nbsp;<\/p>\n<p><em>This article was produced with the financial support of the European Union. Its contents are the sole responsibility SEENPM and do not necessarily reflect the views of the European Union.<\/em><\/p>\n<p>&nbsp;<\/p>\n<p><strong>Co financed by:<\/strong><\/p>\n<p><img loading=\"lazy\" decoding=\"async\" class=\"\" src=\"https:\/\/seenpm.org\/wp-content\/uploads\/2025\/10\/osf-logo.png\" width=\"186\" height=\"59\" \/><\/p>\n","protected":false},"excerpt":{"rendered":"<p>The two-day conference brought together more than 70 media professionals and representatives of civil society organizations dedicated to media freedom. &nbsp; Freedom of expression, the future of journalism in the Western Balkans and Turkey, ethical dilemmas surrounding the use of social media for civil society purposes, and the improvement of cooperation between journalists, activists, and [&hellip;]<\/p>\n","protected":false},"author":2,"featured_media":17189,"comment_status":"open","ping_status":"open","sticky":false,"template":"","format":"standard","meta":{"footnotes":""},"categories":[115],"tags":[],"class_list":["post-17247","post","type-post","status-publish","format-standard","has-post-thumbnail","hentry","category-news"],"acf":[],"yoast_head":"<!-- This site is optimized with the Yoast SEO plugin v28.3 - https:\/\/yoast.com\/product\/yoast-seo-wordpress\/ -->\n<title>\u201cOur Media\u201d Conference: Freedom of Expression in Times of Crisis - K\u00ebshilli i Mediave t\u00eb Shkruara t\u00eb Kosov\u00ebs | P\u00ebr nj\u00eb gazetari etike dhe profesionale<\/title>\n<meta name=\"robots\" content=\"index, follow, max-snippet:-1, max-image-preview:large, max-video-preview:-1\" \/>\n<link rel=\"canonical\" href=\"http:\/\/presscouncil-ks.org\/?p=17247&lang=en\" \/>\n<meta property=\"og:locale\" content=\"en_US\" \/>\n<meta property=\"og:type\" content=\"article\" \/>\n<meta property=\"og:title\" content=\"\u201cOur Media\u201d Conference: Freedom of Expression in Times of Crisis - K\u00ebshilli i Mediave t\u00eb Shkruara t\u00eb Kosov\u00ebs | P\u00ebr nj\u00eb gazetari etike dhe profesionale\" \/>\n<meta property=\"og:description\" content=\"The two-day conference brought together more than 70 media professionals and representatives of civil society organizations dedicated to media freedom. &nbsp; Freedom of expression, the future of journalism in the Western Balkans and Turkey, ethical dilemmas surrounding the use of social media for civil society purposes, and the improvement of cooperation between journalists, activists, and [&hellip;]\" \/>\n<meta property=\"og:url\" content=\"http:\/\/presscouncil-ks.org\/?p=17247&amp;lang=en\" \/>\n<meta property=\"og:site_name\" content=\"K\u00ebshilli i Mediave t\u00eb Shkruara t\u00eb Kosov\u00ebs | P\u00ebr nj\u00eb gazetari etike dhe profesionale\" \/>\n<meta property=\"article:publisher\" content=\"https:\/\/www.facebook.com\/KMSHKosove\" \/>\n<meta property=\"article:published_time\" content=\"2025-10-06T19:10:03+00:00\" \/>\n<meta property=\"article:modified_time\" content=\"2025-10-21T10:56:15+00:00\" \/>\n<meta property=\"og:image\" content=\"http:\/\/presscouncil-ks.org\/wp-content\/uploads\/2025\/10\/foto-1-sarajeva-konf.jpg\" \/>\n\t<meta property=\"og:image:width\" content=\"520\" \/>\n\t<meta property=\"og:image:height\" content=\"350\" \/>\n\t<meta property=\"og:image:type\" content=\"image\/jpeg\" \/>\n<meta name=\"author\" content=\"Editor\" \/>\n<meta name=\"twitter:card\" content=\"summary_large_image\" \/>\n<meta name=\"twitter:label1\" content=\"Written by\" \/>\n\t<meta name=\"twitter:data1\" content=\"Editor\" \/>\n\t<meta name=\"twitter:label2\" content=\"Est. reading time\" \/>\n\t<meta name=\"twitter:data2\" content=\"4 minutes\" \/>\n<script type=\"application\/ld+json\" class=\"yoast-schema-graph\">{\"@context\":\"https:\\\/\\\/schema.org\",\"@graph\":[{\"@type\":\"Article\",\"@id\":\"http:\\\/\\\/presscouncil-ks.org\\\/?p=17247&lang=en#article\",\"isPartOf\":{\"@id\":\"http:\\\/\\\/presscouncil-ks.org\\\/?p=17247&lang=en\"},\"author\":{\"name\":\"Editor\",\"@id\":\"http:\\\/\\\/presscouncil-ks.org\\\/#\\\/schema\\\/person\\\/b79d30c61264caeb733239c16cc4d673\"},\"headline\":\"\u201cOur Media\u201d Conference: Freedom of Expression in Times of Crisis\",\"datePublished\":\"2025-10-06T19:10:03+00:00\",\"dateModified\":\"2025-10-21T10:56:15+00:00\",\"mainEntityOfPage\":{\"@id\":\"http:\\\/\\\/presscouncil-ks.org\\\/?p=17247&lang=en\"},\"wordCount\":757,\"commentCount\":0,\"publisher\":{\"@id\":\"http:\\\/\\\/presscouncil-ks.org\\\/#organization\"},\"image\":{\"@id\":\"http:\\\/\\\/presscouncil-ks.org\\\/?p=17247&lang=en#primaryimage\"},\"thumbnailUrl\":\"http:\\\/\\\/presscouncil-ks.org\\\/wp-content\\\/uploads\\\/2025\\\/10\\\/foto-1-sarajeva-konf.jpg\",\"articleSection\":[\"News\"],\"inLanguage\":\"en-US\",\"potentialAction\":[{\"@type\":\"CommentAction\",\"name\":\"Comment\",\"target\":[\"http:\\\/\\\/presscouncil-ks.org\\\/?p=17247&lang=en#respond\"]}]},{\"@type\":\"WebPage\",\"@id\":\"http:\\\/\\\/presscouncil-ks.org\\\/?p=17247&lang=en\",\"url\":\"http:\\\/\\\/presscouncil-ks.org\\\/?p=17247&lang=en\",\"name\":\"\u201cOur Media\u201d Conference: Freedom of Expression in Times of Crisis - K\u00ebshilli i Mediave t\u00eb Shkruara t\u00eb Kosov\u00ebs | P\u00ebr nj\u00eb gazetari etike dhe profesionale\",\"isPartOf\":{\"@id\":\"http:\\\/\\\/presscouncil-ks.org\\\/#website\"},\"primaryImageOfPage\":{\"@id\":\"http:\\\/\\\/presscouncil-ks.org\\\/?p=17247&lang=en#primaryimage\"},\"image\":{\"@id\":\"http:\\\/\\\/presscouncil-ks.org\\\/?p=17247&lang=en#primaryimage\"},\"thumbnailUrl\":\"http:\\\/\\\/presscouncil-ks.org\\\/wp-content\\\/uploads\\\/2025\\\/10\\\/foto-1-sarajeva-konf.jpg\",\"datePublished\":\"2025-10-06T19:10:03+00:00\",\"dateModified\":\"2025-10-21T10:56:15+00:00\",\"breadcrumb\":{\"@id\":\"http:\\\/\\\/presscouncil-ks.org\\\/?p=17247&lang=en#breadcrumb\"},\"inLanguage\":\"en-US\",\"potentialAction\":[{\"@type\":\"ReadAction\",\"target\":[\"http:\\\/\\\/presscouncil-ks.org\\\/?p=17247&lang=en\"]}]},{\"@type\":\"ImageObject\",\"inLanguage\":\"en-US\",\"@id\":\"http:\\\/\\\/presscouncil-ks.org\\\/?p=17247&lang=en#primaryimage\",\"url\":\"http:\\\/\\\/presscouncil-ks.org\\\/wp-content\\\/uploads\\\/2025\\\/10\\\/foto-1-sarajeva-konf.jpg\",\"contentUrl\":\"http:\\\/\\\/presscouncil-ks.org\\\/wp-content\\\/uploads\\\/2025\\\/10\\\/foto-1-sarajeva-konf.jpg\",\"width\":520,\"height\":350},{\"@type\":\"BreadcrumbList\",\"@id\":\"http:\\\/\\\/presscouncil-ks.org\\\/?p=17247&lang=en#breadcrumb\",\"itemListElement\":[{\"@type\":\"ListItem\",\"position\":1,\"name\":\"Home\",\"item\":\"https:\\\/\\\/presscouncil-ks.org\\\/\"},{\"@type\":\"ListItem\",\"position\":2,\"name\":\"\u201cOur Media\u201d Conference: Freedom of Expression in Times of Crisis\"}]},{\"@type\":\"WebSite\",\"@id\":\"http:\\\/\\\/presscouncil-ks.org\\\/#website\",\"url\":\"http:\\\/\\\/presscouncil-ks.org\\\/\",\"name\":\"https:\\\/\\\/presscouncil-ks.org\\\/\",\"description\":\"\",\"publisher\":{\"@id\":\"http:\\\/\\\/presscouncil-ks.org\\\/#organization\"},\"potentialAction\":[{\"@type\":\"SearchAction\",\"target\":{\"@type\":\"EntryPoint\",\"urlTemplate\":\"http:\\\/\\\/presscouncil-ks.org\\\/?s={search_term_string}\"},\"query-input\":{\"@type\":\"PropertyValueSpecification\",\"valueRequired\":true,\"valueName\":\"search_term_string\"}}],\"inLanguage\":\"en-US\"},{\"@type\":\"Organization\",\"@id\":\"http:\\\/\\\/presscouncil-ks.org\\\/#organization\",\"name\":\"K\u00ebshilli i Mediave t\u00eb Shkruara t\u00eb Kosov\u00ebs\",\"url\":\"http:\\\/\\\/presscouncil-ks.org\\\/\",\"logo\":{\"@type\":\"ImageObject\",\"inLanguage\":\"en-US\",\"@id\":\"http:\\\/\\\/presscouncil-ks.org\\\/#\\\/schema\\\/logo\\\/image\\\/\",\"url\":\"http:\\\/\\\/presscouncil-ks.org\\\/wp-content\\\/uploads\\\/2023\\\/06\\\/cropped-logo.png\",\"contentUrl\":\"http:\\\/\\\/presscouncil-ks.org\\\/wp-content\\\/uploads\\\/2023\\\/06\\\/cropped-logo.png\",\"width\":268,\"height\":166,\"caption\":\"K\u00ebshilli i Mediave t\u00eb Shkruara t\u00eb Kosov\u00ebs\"},\"image\":{\"@id\":\"http:\\\/\\\/presscouncil-ks.org\\\/#\\\/schema\\\/logo\\\/image\\\/\"},\"sameAs\":[\"https:\\\/\\\/www.facebook.com\\\/KMSHKosove\"]},{\"@type\":\"Person\",\"@id\":\"http:\\\/\\\/presscouncil-ks.org\\\/#\\\/schema\\\/person\\\/b79d30c61264caeb733239c16cc4d673\",\"name\":\"Editor\",\"image\":{\"@type\":\"ImageObject\",\"inLanguage\":\"en-US\",\"@id\":\"https:\\\/\\\/secure.gravatar.com\\\/avatar\\\/9534865f39e7b3527010ee17196a76d054b16d731a6a5bfe2f92a071c6e9bf4e?s=96&d=mm&r=g\",\"url\":\"https:\\\/\\\/secure.gravatar.com\\\/avatar\\\/9534865f39e7b3527010ee17196a76d054b16d731a6a5bfe2f92a071c6e9bf4e?s=96&d=mm&r=g\",\"contentUrl\":\"https:\\\/\\\/secure.gravatar.com\\\/avatar\\\/9534865f39e7b3527010ee17196a76d054b16d731a6a5bfe2f92a071c6e9bf4e?s=96&d=mm&r=g\",\"caption\":\"Editor\"},\"url\":\"http:\\\/\\\/presscouncil-ks.org\\\/?author=2\"}]}<\/script>\n<!-- \/ Yoast SEO plugin. -->","yoast_head_json":{"title":"\u201cOur Media\u201d Conference: Freedom of Expression in Times of Crisis - K\u00ebshilli i Mediave t\u00eb Shkruara t\u00eb Kosov\u00ebs | P\u00ebr nj\u00eb gazetari etike dhe profesionale","robots":{"index":"index","follow":"follow","max-snippet":"max-snippet:-1","max-image-preview":"max-image-preview:large","max-video-preview":"max-video-preview:-1"},"canonical":"http:\/\/presscouncil-ks.org\/?p=17247&lang=en","og_locale":"en_US","og_type":"article","og_title":"\u201cOur Media\u201d Conference: Freedom of Expression in Times of Crisis - K\u00ebshilli i Mediave t\u00eb Shkruara t\u00eb Kosov\u00ebs | P\u00ebr nj\u00eb gazetari etike dhe profesionale","og_description":"The two-day conference brought together more than 70 media professionals and representatives of civil society organizations dedicated to media freedom. &nbsp; Freedom of expression, the future of journalism in the Western Balkans and Turkey, ethical dilemmas surrounding the use of social media for civil society purposes, and the improvement of cooperation between journalists, activists, and [&hellip;]","og_url":"http:\/\/presscouncil-ks.org\/?p=17247&lang=en","og_site_name":"K\u00ebshilli i Mediave t\u00eb Shkruara t\u00eb Kosov\u00ebs | P\u00ebr nj\u00eb gazetari etike dhe profesionale","article_publisher":"https:\/\/www.facebook.com\/KMSHKosove","article_published_time":"2025-10-06T19:10:03+00:00","article_modified_time":"2025-10-21T10:56:15+00:00","og_image":[{"width":520,"height":350,"url":"http:\/\/presscouncil-ks.org\/wp-content\/uploads\/2025\/10\/foto-1-sarajeva-konf.jpg","type":"image\/jpeg"}],"author":"Editor","twitter_card":"summary_large_image","twitter_misc":{"Written by":"Editor","Est. reading time":"4 minutes"},"schema":{"@context":"https:\/\/schema.org","@graph":[{"@type":"Article","@id":"http:\/\/presscouncil-ks.org\/?p=17247&lang=en#article","isPartOf":{"@id":"http:\/\/presscouncil-ks.org\/?p=17247&lang=en"},"author":{"name":"Editor","@id":"http:\/\/presscouncil-ks.org\/#\/schema\/person\/b79d30c61264caeb733239c16cc4d673"},"headline":"\u201cOur Media\u201d Conference: Freedom of Expression in Times of Crisis","datePublished":"2025-10-06T19:10:03+00:00","dateModified":"2025-10-21T10:56:15+00:00","mainEntityOfPage":{"@id":"http:\/\/presscouncil-ks.org\/?p=17247&lang=en"},"wordCount":757,"commentCount":0,"publisher":{"@id":"http:\/\/presscouncil-ks.org\/#organization"},"image":{"@id":"http:\/\/presscouncil-ks.org\/?p=17247&lang=en#primaryimage"},"thumbnailUrl":"http:\/\/presscouncil-ks.org\/wp-content\/uploads\/2025\/10\/foto-1-sarajeva-konf.jpg","articleSection":["News"],"inLanguage":"en-US","potentialAction":[{"@type":"CommentAction","name":"Comment","target":["http:\/\/presscouncil-ks.org\/?p=17247&lang=en#respond"]}]},{"@type":"WebPage","@id":"http:\/\/presscouncil-ks.org\/?p=17247&lang=en","url":"http:\/\/presscouncil-ks.org\/?p=17247&lang=en","name":"\u201cOur Media\u201d Conference: Freedom of Expression in Times of Crisis - K\u00ebshilli i Mediave t\u00eb Shkruara t\u00eb Kosov\u00ebs | P\u00ebr nj\u00eb gazetari etike dhe profesionale","isPartOf":{"@id":"http:\/\/presscouncil-ks.org\/#website"},"primaryImageOfPage":{"@id":"http:\/\/presscouncil-ks.org\/?p=17247&lang=en#primaryimage"},"image":{"@id":"http:\/\/presscouncil-ks.org\/?p=17247&lang=en#primaryimage"},"thumbnailUrl":"http:\/\/presscouncil-ks.org\/wp-content\/uploads\/2025\/10\/foto-1-sarajeva-konf.jpg","datePublished":"2025-10-06T19:10:03+00:00","dateModified":"2025-10-21T10:56:15+00:00","breadcrumb":{"@id":"http:\/\/presscouncil-ks.org\/?p=17247&lang=en#breadcrumb"},"inLanguage":"en-US","potentialAction":[{"@type":"ReadAction","target":["http:\/\/presscouncil-ks.org\/?p=17247&lang=en"]}]},{"@type":"ImageObject","inLanguage":"en-US","@id":"http:\/\/presscouncil-ks.org\/?p=17247&lang=en#primaryimage","url":"http:\/\/presscouncil-ks.org\/wp-content\/uploads\/2025\/10\/foto-1-sarajeva-konf.jpg","contentUrl":"http:\/\/presscouncil-ks.org\/wp-content\/uploads\/2025\/10\/foto-1-sarajeva-konf.jpg","width":520,"height":350},{"@type":"BreadcrumbList","@id":"http:\/\/presscouncil-ks.org\/?p=17247&lang=en#breadcrumb","itemListElement":[{"@type":"ListItem","position":1,"name":"Home","item":"https:\/\/presscouncil-ks.org\/"},{"@type":"ListItem","position":2,"name":"\u201cOur Media\u201d Conference: Freedom of Expression in Times of Crisis"}]},{"@type":"WebSite","@id":"http:\/\/presscouncil-ks.org\/#website","url":"http:\/\/presscouncil-ks.org\/","name":"https:\/\/presscouncil-ks.org\/","description":"","publisher":{"@id":"http:\/\/presscouncil-ks.org\/#organization"},"potentialAction":[{"@type":"SearchAction","target":{"@type":"EntryPoint","urlTemplate":"http:\/\/presscouncil-ks.org\/?s={search_term_string}"},"query-input":{"@type":"PropertyValueSpecification","valueRequired":true,"valueName":"search_term_string"}}],"inLanguage":"en-US"},{"@type":"Organization","@id":"http:\/\/presscouncil-ks.org\/#organization","name":"K\u00ebshilli i Mediave t\u00eb Shkruara t\u00eb Kosov\u00ebs","url":"http:\/\/presscouncil-ks.org\/","logo":{"@type":"ImageObject","inLanguage":"en-US","@id":"http:\/\/presscouncil-ks.org\/#\/schema\/logo\/image\/","url":"http:\/\/presscouncil-ks.org\/wp-content\/uploads\/2023\/06\/cropped-logo.png","contentUrl":"http:\/\/presscouncil-ks.org\/wp-content\/uploads\/2023\/06\/cropped-logo.png","width":268,"height":166,"caption":"K\u00ebshilli i Mediave t\u00eb Shkruara t\u00eb Kosov\u00ebs"},"image":{"@id":"http:\/\/presscouncil-ks.org\/#\/schema\/logo\/image\/"},"sameAs":["https:\/\/www.facebook.com\/KMSHKosove"]},{"@type":"Person","@id":"http:\/\/presscouncil-ks.org\/#\/schema\/person\/b79d30c61264caeb733239c16cc4d673","name":"Editor","image":{"@type":"ImageObject","inLanguage":"en-US","@id":"https:\/\/secure.gravatar.com\/avatar\/9534865f39e7b3527010ee17196a76d054b16d731a6a5bfe2f92a071c6e9bf4e?s=96&d=mm&r=g","url":"https:\/\/secure.gravatar.com\/avatar\/9534865f39e7b3527010ee17196a76d054b16d731a6a5bfe2f92a071c6e9bf4e?s=96&d=mm&r=g","contentUrl":"https:\/\/secure.gravatar.com\/avatar\/9534865f39e7b3527010ee17196a76d054b16d731a6a5bfe2f92a071c6e9bf4e?s=96&d=mm&r=g","caption":"Editor"},"url":"http:\/\/presscouncil-ks.org\/?author=2"}]}},"_links":{"self":[{"href":"http:\/\/presscouncil-ks.org\/index.php?rest_route=\/wp\/v2\/posts\/17247","targetHints":{"allow":["GET"]}}],"collection":[{"href":"http:\/\/presscouncil-ks.org\/index.php?rest_route=\/wp\/v2\/posts"}],"about":[{"href":"http:\/\/presscouncil-ks.org\/index.php?rest_route=\/wp\/v2\/types\/post"}],"author":[{"embeddable":true,"href":"http:\/\/presscouncil-ks.org\/index.php?rest_route=\/wp\/v2\/users\/2"}],"replies":[{"embeddable":true,"href":"http:\/\/presscouncil-ks.org\/index.php?rest_route=%2Fwp%2Fv2%2Fcomments&post=17247"}],"version-history":[{"count":4,"href":"http:\/\/presscouncil-ks.org\/index.php?rest_route=\/wp\/v2\/posts\/17247\/revisions"}],"predecessor-version":[{"id":17329,"href":"http:\/\/presscouncil-ks.org\/index.php?rest_route=\/wp\/v2\/posts\/17247\/revisions\/17329"}],"wp:featuredmedia":[{"embeddable":true,"href":"http:\/\/presscouncil-ks.org\/index.php?rest_route=\/wp\/v2\/media\/17189"}],"wp:attachment":[{"href":"http:\/\/presscouncil-ks.org\/index.php?rest_route=%2Fwp%2Fv2%2Fmedia&parent=17247"}],"wp:term":[{"taxonomy":"category","embeddable":true,"href":"http:\/\/presscouncil-ks.org\/index.php?rest_route=%2Fwp%2Fv2%2Fcategories&post=17247"},{"taxonomy":"post_tag","embeddable":true,"href":"http:\/\/presscouncil-ks.org\/index.php?rest_route=%2Fwp%2Fv2%2Ftags&post=17247"}],"curies":[{"name":"wp","href":"https:\/\/api.w.org\/{rel}","templated":true}]}}