{"id":17242,"date":"2025-10-14T14:26:19","date_gmt":"2025-10-14T14:26:19","guid":{"rendered":"https:\/\/presscouncil-ks.org\/?p=17242"},"modified":"2025-10-21T10:44:58","modified_gmt":"2025-10-21T10:44:58","slug":"efekti-zinxhir-i-evropes-liria-e-medias-e-rimenduar","status":"publish","type":"post","link":"http:\/\/presscouncil-ks.org\/?p=17242","title":{"rendered":"Efekti zinxhir i Evrop\u00ebs: Liria e medias e rimenduar"},"content":{"rendered":"<p><strong>Ne jetojm\u00eb n\u00eb nj\u00eb epok\u00eb kur vet\u00eb themelet e gazetaris\u00eb po rinegociohen \u2014 mes k\u00ebrkesave t\u00eb kapitalizmit digjital, ngritjes s\u00eb qeverisjes algoritmike dhe nevoj\u00ebs s\u00eb p\u00ebrhershme p\u00ebr t\u00eb v\u00ebrtet\u00ebn n\u00eb jet\u00ebn publike.<\/strong><\/p>\n<p>&nbsp;<\/p>\n<p><strong>Nga: Nevena Rshumoviq<\/strong><\/p>\n<p>&nbsp;<\/p>\n<p>K\u00ebto tensione, si edhe mund\u00ebsia p\u00ebr t\u00eb krijuar kuad\u00ebr t\u00eb ri p\u00ebr t\u2019i kuptuar dhe kap\u00ebrcyer ato, ishin n\u00eb qend\u00ebr t\u00eb panelit \u201cN\u00eb vij\u00ebn e par\u00eb t\u00eb mbrojtjes s\u00eb liris\u00eb s\u00eb shprehjes\u201d n\u00eb <strong><a href=\"https:\/\/seenpm.org\/our-media-conference-freedom-of-expression-in-times-of-crisis\/\">Konferenc\u00ebn Nd\u00ebrkomb\u00ebtare Our Media<\/a><\/strong>, t\u00eb organizuar s\u00eb fundmi nga rrjeti <strong>SEENPM<\/strong> dhe <a href=\"https:\/\/media.ba\/bs\"><strong>Qendra e Medias n\u00eb Sarajev\u00eb<\/strong><\/a>.<\/p>\n<p>&nbsp;<\/p>\n<p><strong>Dr. Snezhana Milivojeviq<\/strong>, ish-profesoresh\u00eb n\u00eb Universitetin e Beogradit, theksoi se bota po kalon nj\u00eb moment unik e t\u00eb trazuar, q\u00eb k\u00ebrkon reflektim t\u00eb thell\u00eb mbi gjendjen dhe t\u00eb ardhmen e mediave.<\/p>\n<p>&nbsp;<\/p>\n<p>Roli i mediave rrall\u00ebher\u00eb ka qen\u00eb m\u00eb i brisht\u00eb \u2014 por paradoksalisht, ky \u00ebsht\u00eb nj\u00eb moment q\u00eb ofron nj\u00eb mund\u00ebsi t\u00eb paprecedent\u00eb, t\u00eb nxitur nga ndryshimi paradigmatik n\u00eb rregullimin e mediave, t\u00eb mish\u00ebruar n\u00eb grupin e ri t\u00eb ligjeve t\u00eb Bashkimit Evropian: Aktin Evropian p\u00ebr Lirin\u00eb e Medias (EMFA), Aktin p\u00ebr Sh\u00ebrbimet Digjitale (DSA), Aktin p\u00ebr Tregjet Digjitale (DMA) dhe Aktin p\u00ebr Inteligjenc\u00ebn Artificiale (AI Act).<\/p>\n<p>&nbsp;<\/p>\n<p>K\u00ebto rregullore \u2014 ve\u00e7an\u00ebrisht Akti Evropian p\u00ebr Lirin\u00eb e Medias (EMFA) \u2014 sh\u00ebnojn\u00eb nj\u00eb ndryshim historik n\u00eb m\u00ebnyr\u00ebn se si mediat perceptohen dhe qeverisen n\u00eb t\u00eb gjith\u00eb Evrop\u00ebn dhe p\u00ebrtej saj. Ato e njohin faktin se media nuk \u00ebsht\u00eb m\u00eb nj\u00eb \u00e7\u00ebshtje komb\u00ebtare, por nj\u00eb shqet\u00ebsim i p\u00ebrbashk\u00ebt evropian, vuri n\u00eb dukje Milivojeviq.<\/p>\n<p>&nbsp;<\/p>\n<p>\u201cP\u00ebr her\u00eb t\u00eb par\u00eb, Evropa po krijon nj\u00eb kuad\u00ebr rregullator gjith\u00ebp\u00ebrfshir\u00ebs q\u00eb bashkon sfera m\u00eb par\u00eb t\u00eb fragmentuara \u2014 transmetimin, shtypin, median lokale dhe at\u00eb komb\u00ebtare \u2014 brenda nj\u00eb sistemi t\u00eb vet\u00ebm t\u00eb p\u00ebrshtatur p\u00ebr epok\u00ebn digjitale\u201d, argumentoi Milivojeviq.<\/p>\n<p>&nbsp;<\/p>\n<p><strong>Efekti zinxhir \u2013 ligjet e BE-s\u00eb p\u00ebr median vlejn\u00eb edhe p\u00ebr aktor\u00ebt e huaj<\/strong><\/p>\n<p>&nbsp;<\/p>\n<p>\u201cEdhe pse Evropa vonon n\u00eb inovacionin digjital, ajo kryeson n\u00eb rregullimin e tij\u201d, tha ajo. EMFA \u00ebsht\u00eb pjes\u00eb e nj\u00eb pakete m\u00eb t\u00eb gjer\u00eb q\u00eb p\u00ebrfshin privat\u00ebsin\u00eb, qeverisjen e inteligjenc\u00ebs artificiale dhe p\u00ebrgjegj\u00ebsin\u00eb e platformave online, duke unifikuar t\u00eb gjitha sh\u00ebrbimet digjitale q\u00eb qarkullojn\u00eb n\u00eb BE.<\/p>\n<p>&nbsp;<\/p>\n<p>\u201cAjo q\u00eb \u00ebsht\u00eb thelb\u00ebsore,\u201d shtoi ajo, \u201c\u00ebsht\u00eb se BE-ja braktis parimin e vjet\u00ebr t\u00eb \u2018vendit t\u00eb origjin\u00ebs\u2019 n\u00eb favor t\u00eb mbik\u00ebqyrjes kolektive evropiane q\u00eb zbatohet nj\u00ebsoj p\u00ebr aktor\u00ebt e huaj, brenda apo jasht\u00eb kufijve t\u00eb BE-s\u00eb.\u201d<\/p>\n<p>&nbsp;<\/p>\n<p>\u201cAktor\u00ebt jo-an\u00ebtar\u00eb t\u00eb BE-s\u00eb nuk mbrohen m\u00eb me parimin e vendit t\u00eb origjin\u00ebs, i cili gjithmon\u00eb ka sh\u00ebrbyer si streh\u00eb e sigurt p\u00ebr platformat e m\u00ebdha teknologjike.\u201d<\/p>\n<p>&nbsp;<\/p>\n<p><img decoding=\"async\" src=\"https:\/\/media.ba\/sites\/default\/files\/3017_05110918_s071.jpg\" \/><\/p>\n<p><strong>Snezhana Milivojeviq<\/strong><\/p>\n<p>&nbsp;<\/p>\n<p>\u201cSipas EMFA-s, \u00e7do sh\u00ebrbim mediatik jasht\u00eb BE-s\u00eb q\u00eb synon qytetar\u00ebt evropian\u00eb do t\u00eb bjer\u00eb n\u00ebn mbik\u00ebqyrjen rregullatore t\u00eb Evrop\u00ebs,\u201d theksoi Milivojeviq, duke shtuar se qasja e re vlen edhe p\u00ebr mediat jo-an\u00ebtare t\u00eb BE-s\u00eb n\u00eb fqinj\u00ebsi, p\u00ebrfshir\u00eb Evrop\u00ebn Juglindore.<\/p>\n<p>&nbsp;<\/p>\n<p>\u201cKjo nuk \u00ebsht\u00eb proteksioniz\u00ebm, por nj\u00eb kozmopolitaniz\u00ebm evropian q\u00eb siguron kushte t\u00eb barabarta dhe mbron t\u00eb drejtat themelore \u2014 ve\u00e7an\u00ebrisht lirin\u00eb e medias \u2014 brenda hap\u00ebsir\u00ebs digjitale,\u201d argumentoi ajo.<\/p>\n<p>&nbsp;<\/p>\n<p>Ligjet e reja t\u00eb BE-s\u00eb p\u00ebr median do t\u00eb krijojn\u00eb domosdoshm\u00ebrisht nj\u00eb efekt zinxhir n\u00eb Ballkanin Per\u00ebndimor dhe Evrop\u00ebn Juglindore. Disa grupe mediatike tashm\u00eb operojn\u00eb \u2014 ose planifikojn\u00eb t\u00eb operojn\u00eb \u2014 p\u00ebrtej kufijve komb\u00ebtar\u00eb, duke shp\u00ebrndar\u00eb p\u00ebrmbajtje n\u00eb shtetet fqinje an\u00ebtare dhe ato t\u00eb BE-s\u00eb. Kjo do t\u00eb thot\u00eb se mediat nd\u00ebrkufitare nga Ballkani Per\u00ebndimor mund t\u2019i n\u00ebnshtrohen standardeve m\u00eb t\u00eb rrepta dhe mekanizmave t\u00eb ankesave q\u00eb u mund\u00ebsohen audiencave evropiane, duke e zgjeruar n\u00eb m\u00ebnyr\u00eb efektive kuadrin e qeverisjes mediatike t\u00eb BE-s\u00eb edhe n\u00eb rajon, shpjegoi Milivojeviq.<\/p>\n<p>&nbsp;<\/p>\n<p><strong>Mbrojtje rregullatore nga nd\u00ebrhyrjet politike<\/strong><\/p>\n<p>&nbsp;<\/p>\n<p>N\u00eb thelb, EMFA njeh se media \u2014 si shtyll\u00eb e demokracis\u00eb \u2014 k\u00ebrkon mbrojtje aktive n\u00eb epok\u00ebn digjitale. Ajo prezanton mekanizma p\u00ebr t\u00eb penguar nd\u00ebrhyrjet politike dhe manipulimin, duke adresuar realitetin e sot\u00ebm t\u00eb dezinformimit dhe ndikimeve t\u00eb jashtme.<\/p>\n<p>&nbsp;<\/p>\n<p>Ky akt p\u00ebrballet gjithashtu me dominimin e platformave t\u00eb m\u00ebdha teknologjike, duke k\u00ebrkuar transparenc\u00eb dhe p\u00ebrgjegjshm\u00ebri n\u00eb m\u00ebnyr\u00ebn se si p\u00ebrmbajtja moderohet dhe shp\u00ebrndahet. Ai i detyron platformat e m\u00ebdha online t\u00eb zbatojn\u00eb rregulla t\u00eb ve\u00e7anta p\u00ebr mediat e njohura, p\u00ebr t\u00eb siguruar trajtim t\u00eb drejt\u00eb, p\u00ebr t\u00eb reduktuar fshirjet arbitrare dhe p\u00ebr t\u00eb forcuar pavar\u00ebsin\u00eb gazetareske.<\/p>\n<p>&nbsp;<\/p>\n<p>Ajo q\u00eb e dallon EMFA-n nga mekanizmat e m\u00ebparsh\u00ebm rregullator\u00eb \u00ebsht\u00eb fokusimi te t\u00eb drejtat e qytetar\u00ebve.<\/p>\n<p>&nbsp;<\/p>\n<p>\u201cP\u00ebr her\u00eb t\u00eb par\u00eb, ky akt e ngulit qasjen n\u00eb informacion pluralist dhe me cil\u00ebsi t\u00eb lart\u00eb si t\u00eb drejt\u00eb individuale, duke pohuar se \u00e7do qytetar duhet t\u00eb mund t\u00eb mb\u00ebshtetet n\u00eb burime t\u00eb besueshme e t\u00eb larmishme \u2014 dhe se shtetet duhet ta garantojn\u00eb k\u00ebt\u00eb t\u00eb drejt\u00eb,\u201d theksoi Milivojeviq.<\/p>\n<p>&nbsp;<\/p>\n<p>\u201cKjo sh\u00ebnon nj\u00eb kalim nga mbrojtja e shtypit drejt mbrojtjes s\u00eb t\u00eb drejt\u00ebs publike p\u00ebr informim q\u00eb i sh\u00ebrben interesit t\u00eb p\u00ebrbashk\u00ebt \u2014 thelb\u00ebsore n\u00eb nj\u00eb epok\u00eb mosbesimi dhe skepticizmi t\u00eb p\u00ebrhapur ndaj medias,\u201d shtoi ajo.<\/p>\n<p>&nbsp;<\/p>\n<p><strong>EMFA \u2013 nj\u00eb sfid\u00eb dhe mund\u00ebsi p\u00ebr Ballkanin Per\u00ebndimor<\/strong><\/p>\n<p>&nbsp;<\/p>\n<p>P\u00ebr Ballkanin Per\u00ebndimor dhe Evrop\u00ebn Juglindore, pasojat jan\u00eb t\u00eb gjera, paralajm\u00ebroi Milivojeviq. Vendet aspirante p\u00ebr n\u00eb BE do t\u00eb p\u00ebrballen me presion t\u00eb shtuar p\u00ebr t\u00eb harmonizuar legjislacionin komb\u00ebtar me k\u00ebto standarde.<\/p>\n<p>&nbsp;<\/p>\n<p>Kjo nuk ka t\u00eb b\u00ebj\u00eb vet\u00ebm me p\u00ebrputhshm\u00ebrin\u00eb formale: ajo vendos parimet e pavar\u00ebsis\u00eb, pluralizmit dhe transparenc\u00ebs n\u00eb struktur\u00ebn ligjore t\u00eb rajonit.<\/p>\n<p>&nbsp;<\/p>\n<p>\u201cShtrirja jasht\u00eb kufijve e EMFA-s do t\u00eb thot\u00eb se mediat e Evrop\u00ebs Juglindore q\u00eb veprojn\u00eb n\u00eb tregjet e BE-s\u00eb \u2014 ose q\u00eb jan\u00eb t\u00eb aksesueshme p\u00ebr audienc\u00ebn evropiane \u2014 do t\u2019i n\u00ebnshtrohen rregullave t\u00eb saj, duke ndikuar m\u00ebnyr\u00ebn se si prodhojn\u00eb dhe shp\u00ebrndajn\u00eb p\u00ebrmbajtje,\u201d theksoi Milivojeviq.<\/p>\n<p>&nbsp;<\/p>\n<p>Mjedisi rajonal mediatik \u2014 tashm\u00eb i sfiduar nga p\u00ebrqendrimi i pron\u00ebsis\u00eb, ndikimet e jashtme dhe mosbesimi publik \u2014 do t\u00eb duhet t\u00eb p\u00ebrshtatet. Si\u00e7 vuri n\u00eb dukje Dr. Milivojeviq, kjo rregullore adreson dob\u00ebsit\u00eb e ekosistemeve mediatike n\u00eb rajonet ku fushatat e dezinformimit dhe manipulimet e mb\u00ebshtetura nga faktor\u00eb t\u00eb huaj jan\u00eb b\u00ebr\u00eb mjete t\u00eb fuqishme. EMFA mund t\u00eb sh\u00ebrbej\u00eb si mburoj\u00eb, por efikasiteti i saj do t\u00eb varet nga qeverit\u00eb lokale, shoq\u00ebria civile dhe vet\u00eb profesionist\u00ebt e medias q\u00eb duhet t\u00eb avokojn\u00eb p\u00ebr zbatim t\u00eb sinqert\u00eb.<\/p>\n<p>&nbsp;<\/p>\n<p>Po aq i r\u00ebnd\u00ebsish\u00ebm \u00ebsht\u00eb ndikimi i mundsh\u00ebm n\u00eb zakonet e konsumit mediatik. Me rritjen e angazhimit digjital, audiencat po braktisin gjithnj\u00eb e m\u00eb shum\u00eb mediat tradicionale n\u00eb favor t\u00eb rrjeteve sociale dhe platformave alternative, shpesh duke dyshuar n\u00eb besueshm\u00ebrin\u00eb e informacionit. N\u00eb Evrop\u00ebn Juglindore, shum\u00eb p\u00ebrdorues verifikojn\u00eb lajmet p\u00ebrmes motor\u00ebve t\u00eb k\u00ebrkimit ose rrjeteve personale, gj\u00eb q\u00eb minon autoritetin e gazetaris\u00eb. Dr. Milivojeviq theksoi se ky ndryshim n\u00ebnvizon nevoj\u00ebn urgjente p\u00ebr t\u00eb rind\u00ebrtuar besimin dhe p\u00ebr t\u00eb v\u00ebn\u00eb transparenc\u00ebn dhe cil\u00ebsin\u00eb n\u00eb qend\u00ebr \u2014 q\u00ebllime t\u00eb cilat kuadri i ri i BE-s\u00eb i mb\u00ebshtet qart\u00eb.<\/p>\n<p>&nbsp;<\/p>\n<p>N\u00eb p\u00ebrfundim, EMFA nuk \u00ebsht\u00eb thjesht nj\u00eb mas\u00eb tjet\u00ebr ligjore; ajo p\u00ebrfaq\u00ebson nj\u00eb riformulim t\u00eb guximsh\u00ebm dhe t\u00eb bazuar n\u00eb t\u00eb drejta t\u00eb qeverisjes mediatike. Ajo e ngre debatin nga politikat e fragmentuara komb\u00ebtare n\u00eb nj\u00eb kuad\u00ebr t\u00eb unifikuar evropian q\u00eb i p\u00ebrgjigjet realiteteve teknologjike dhe demokratike.<\/p>\n<p>&nbsp;<\/p>\n<p>P\u00ebr Ballkanin Per\u00ebndimor dhe Evrop\u00ebn Juglindore, kjo paraqet nj\u00ebkoh\u00ebsisht sfid\u00eb \u2014 p\u00ebr t\u2019iu p\u00ebrmbajtur standardeve t\u00eb reja k\u00ebrkuese \u2014 dhe mund\u00ebsi p\u00ebr t\u2019u afruar m\u00eb shum\u00eb me vlerat m\u00eb t\u00eb larta demokratike t\u00eb Evrop\u00ebs.<\/p>\n<p>&nbsp;<\/p>\n<p><strong>Liria e shtypit n\u00eb bot\u00eb \u2013 \u201cende p\u00ebr t\u2019u p\u00ebrcaktuar\u201d<\/strong><\/p>\n<p>&nbsp;<\/p>\n<p><strong>Sarah Clark nga <a href=\"https:\/\/ifex.org\/\">IFEX<\/a><\/strong> paraqiti nj\u00eb tablo t\u00eb zymt\u00eb globale, duke e quajtur k\u00ebt\u00eb moment \u201cende p\u00ebr t\u2019u p\u00ebrcaktuar\u201d p\u00ebr lirin\u00eb e shtypit dhe demokracin\u00eb. P\u00ebrfaq\u00ebsuese e nj\u00eb rrjeti me mbi 100 organizata n\u00eb 70 vende, ajo theksoi se n\u00eb gati 80 p\u00ebr qind t\u00eb tyre, liria e medias \u00ebsht\u00eb n\u00eb r\u00ebnie.<\/p>\n<p>&nbsp;<\/p>\n<p>Ajo e lidhi k\u00ebt\u00eb regres me dy tronditje t\u00eb m\u00ebdha \u2014 t\u00ebrheqjen e administrat\u00ebs Trump nga normat nd\u00ebrkomb\u00ebtare dhe luft\u00ebn n\u00eb Gaza \u2014 t\u00eb cilat zbuluan \u00e7arje t\u00eb thella n\u00eb sistemin global q\u00eb duhej t\u00eb mbronte t\u00eb drejtat. Clark e p\u00ebrshkroi k\u00ebt\u00eb si \u201cnj\u00eb sistem nd\u00ebrkomb\u00ebtar n\u00eb r\u00ebnie t\u00eb lir\u00eb\u201d, ku t\u00ebrheqja e SHBA-s\u00eb nga institucionet globale ka p\u00ebrshpejtuar erozionin e p\u00ebrgjegjshm\u00ebris\u00eb dhe ka inkurajuar qeverit\u00eb autokratike n\u00eb mbar\u00eb bot\u00ebn.<\/p>\n<p>&nbsp;<\/p>\n<p>Ajo n\u00ebnvizoi se hipokrizia per\u00ebndimore \u2014 ve\u00e7an\u00ebrisht n\u00eb reagimin ndaj Gaz\u00ebs dhe shtypjes s\u00eb protestave \u2014 ka shkat\u00ebrruar besimin n\u00eb media dhe institucionet demokratike. Megjithat\u00eb, Clark p\u00ebrmendi edhe \u201cpik\u00eb drite\u201d: edhe n\u00eb vende ku liria e shtypit p\u00ebrballet me sfida serioze, p\u00ebrpjekjet p\u00ebr k\u00ebrkim llogaridh\u00ebnieje tregojn\u00eb se rezistenca, edhe pse e testuar, vazhdon t\u00eb ekzistoj\u00eb.<\/p>\n<p>&nbsp;<\/p>\n<p>Clark paralajm\u00ebroi se pushteti i pakontrolluar i monopoleve teknologjike p\u00ebrb\u00ebn tani nj\u00eb kufi t\u00eb ri k\u00ebrc\u00ebnimesh, pasi platformat kryesore i rezistojn\u00eb rregullimit nga BE dhe amplifikojn\u00eb dezinformimin. Megjithat\u00eb, ajo e p\u00ebrmbylli me nj\u00eb thirrje p\u00ebr t\u00eb mbrojtur dhe zgjeruar hap\u00ebsirat p\u00ebr gazetari t\u00eb pavarur dhe veprim qytetar, p\u00ebrpara se t\u00eb godas\u00eb vala tjet\u00ebr e regresit demokratik.<\/p>\n<p>&nbsp;<\/p>\n<p><strong>Nga erozioni te veprimi<\/strong><\/p>\n<p>&nbsp;<\/p>\n<p><strong>Brankica Petkoviq<\/strong> nga <a href=\"https:\/\/www.mirovni-institut.si\/en\/\"><strong>Instituti i Paqes i Sllovenis\u00eb<\/strong> <\/a>mb\u00ebshteti k\u00ebt\u00eb perspektiv\u00eb globale me t\u00eb dh\u00ebna dhe k\u00ebrkime. Duke u mb\u00ebshtetur n\u00eb studime rajonale dhe n\u00eb shkall\u00eb t\u00eb BE-s\u00eb, ajo p\u00ebrshkroi nj\u00eb \u201cerozion strukturor\u201d t\u00eb kushteve q\u00eb mund\u00ebsojn\u00eb shprehjen e lir\u00eb \u2014 jo p\u00ebrmes censur\u00ebs s\u00eb drejtp\u00ebrdrejt\u00eb, por p\u00ebrmes \u201cz\u00ebvend\u00ebsimit\u201d: mbushjes s\u00eb hap\u00ebsir\u00ebs publike me propagand\u00eb, gjuh\u00eb urrejtjeje dhe pluraliz\u00ebm t\u00eb fabrikuar.<\/p>\n<p>&nbsp;<\/p>\n<p>Ajo vuri n\u00eb dukje nj\u00eb paradoks: rritjen e numrit t\u00eb mediave paralelisht me tkurrjen e b\u00ebrtham\u00ebs profesionale t\u00eb gazetar\u00ebve \u2014 nj\u00eb \u201cpeizazh q\u00eb rritet n\u00eb sasi, por jo n\u00eb cil\u00ebsi.\u201d Sipas saj, kjo pasqyron nj\u00eb kriz\u00eb m\u00eb t\u00eb gjer\u00eb legjitimiteti, ku qytetar\u00ebt ndihen t\u00eb shk\u00ebputur nga media dhe sistemet demokratike.<\/p>\n<p>&nbsp;<\/p>\n<p>&nbsp;<\/p>\n<p><img decoding=\"async\" src=\"https:\/\/media.ba\/sites\/default\/files\/3017_05111105_s174.jpg\" \/><\/p>\n<p><strong>Erol \u00d6ndero\u011flu i Brankica Petkovi\u0107<\/strong><\/p>\n<p>&nbsp;<\/p>\n<p>Megjithat\u00eb, Petkoviq refuzon fatalizmin. Ajo p\u00ebrmendi shenja n\u00eb rritje t\u00eb q\u00ebndrueshm\u00ebris\u00eb dhe rezistenc\u00ebs \u2014 nga protestat studentore n\u00eb Serbi te bashk\u00ebpunimet rajonale t\u00eb ndryshme.<\/p>\n<p>&nbsp;<\/p>\n<p>\u201cEvropa,\u201d k\u00ebmb\u00ebnguli ajo, \u201cduhet t\u00eb udh\u00ebheq\u00eb n\u00eb rind\u00ebrtimin e sistemeve demokratike mediatike, por pa vet\u00ebk\u00ebnaq\u00ebsi: Evropa nuk \u00ebsht\u00eb model i p\u00ebrsosur.\u201d<\/p>\n<p>&nbsp;<\/p>\n<p>Kornizat ligjore t\u00eb BE-s\u00eb, si EMFA, duhet t\u00eb shoq\u00ebrohen me partneritete lokale dhe zgjidhje t\u00eb rr\u00ebnjosura n\u00eb komunitet.<\/p>\n<p>&nbsp;<\/p>\n<p>\u201cMbrojtja e liris\u00eb s\u00eb shtypit nuk mjafton m\u00eb vete \u2014 duhet gjithashtu t\u00eb zgjerojm\u00eb dhe forcojm\u00eb hap\u00ebsirat p\u00ebr gazetari t\u00eb pavarur dhe veprim qytetar,\u201d tha Petkoviq.<\/p>\n<p>&nbsp;<\/p>\n<p><strong>E v\u00ebrteta \u00ebsht\u00eb beteja e t\u00eb gjith\u00ebve<\/strong><\/p>\n<p>&nbsp;<\/p>\n<p><strong>Erol Onderoglu<\/strong>, gazetar me p\u00ebrvoj\u00eb nga Turqia dhe p\u00ebrfaq\u00ebsues i organizat\u00ebs Reporter\u00ebt pa Kufij, solli nj\u00eb perspektiv\u00eb t\u00eb zymt\u00eb nga vendi i tij, ku pjesa m\u00eb e madhe e mediave kontrollohet nga qeveria dhe gazetaria e pavarur mbijeton n\u00ebn k\u00ebrc\u00ebnim t\u00eb vazhduesh\u00ebm.<\/p>\n<p>&nbsp;<\/p>\n<p>\u201cSituata n\u00eb Turqi \u00ebsht\u00eb shum\u00eb alarmuese, ku m\u00eb shum\u00eb se 85% e mediave komb\u00ebtare korporative jan\u00eb n\u00ebn kontrollin e qeveris\u00eb. Megjithat\u00eb, duhet ta kemi parasysh gjithmon\u00eb angazhimin shum\u00eb dinamik t\u00eb mediave kritike dhe organizatave t\u00eb shoq\u00ebris\u00eb civile n\u00eb vend,\u201d tha Onderoglu.<\/p>\n<p>&nbsp;<\/p>\n<p>N\u00eb k\u00ebt\u00eb kontekst, ai p\u00ebrshkroi nj\u00eb realitet paradoksal: Turqia po fiton dukshm\u00ebri gjeopolitike nd\u00ebrkoh\u00eb q\u00eb lirit\u00eb e brendshme po shemben. Duke mbuluar \u00e7do jav\u00eb gjyqe ndaj gazetar\u00ebve, ai n\u00ebnvizoi se shtypja sistematike, ndalimet arbitrare dhe autocensura po e zbrazin hap\u00ebsir\u00ebn publike.<\/p>\n<p>&nbsp;<\/p>\n<p>Megjithat\u00eb, Onderoglu theksoi se nismat e reja n\u00eb gjith\u00eb Evrop\u00ebn po krijojn\u00eb pika reference p\u00ebr p\u00ebrparim. N\u00eb Turqi, tha ai, q\u00ebndrueshm\u00ebria varet gjithnj\u00eb e m\u00eb shum\u00eb nga rind\u00ebrtimi i modeleve t\u00eb bazuara n\u00eb lexues, pasi mb\u00ebshtetja nd\u00ebrkomb\u00ebtare po bie.<\/p>\n<p>&nbsp;<\/p>\n<p>N\u00eb p\u00ebrfundim, nd\u00ebrhyrjet e ekspert\u00ebve u bashkuan n\u00eb nj\u00eb p\u00ebrfundim t\u00eb p\u00ebrbashk\u00ebt:<\/p>\n<p>&nbsp;<\/p>\n<p>Pavar\u00ebsisht presioneve n\u00eb rritje, beteja p\u00ebr lirin\u00eb e medias nuk ka p\u00ebrfunduar \u2014 ajo po transformohet.<br \/>\nKapitulli i ardhsh\u00ebm do t\u00eb p\u00ebrcaktohet m\u00eb pak nga ndihma e jashtme apo kornizat ligjore, dhe m\u00eb shum\u00eb nga aft\u00ebsia e gazetar\u00ebve, institucioneve dhe qytetar\u00ebve p\u00ebr t\u00eb rikthyer besimin dhe p\u00ebr ta b\u00ebr\u00eb t\u00eb p\u00ebrbashk\u00ebt luft\u00ebn p\u00ebr t\u00eb v\u00ebrtet\u00ebn.<\/p>\n<p>&nbsp;<\/p>\n<p><img decoding=\"async\" src=\"https:\/\/www.media.ba\/sites\/default\/files\/eu.png\" \/><\/p>\n<p>&nbsp;<\/p>\n<p>&nbsp;<\/p>\n<p><strong>Rreth programit rajonal \u201cOur Media\u201d:\u00a0\u00a0<\/strong>Programi rajonal \u201cOur Media: Veprim i shoq\u00ebris\u00eb civile p\u00ebr t\u00eb nxitur edukimin mediatik dhe aktivizmin, p\u00ebr t\u00eb kund\u00ebrshtuar polarizimin dhe p\u00ebr t\u00eb promovuar dialogun\u201d zbatohet me mb\u00ebshtetjen financiare t\u00eb Bashkimit Evropian nga organizatat partnere:\u00a0<strong><a href=\"https:\/\/seenpm.org\/\"><em>SEENPM<\/em><\/a>,\u00a0<a href=\"https:\/\/institutemedia.org\/\">Instituti Shqiptar i Medias<\/a>,\u00a0<a href=\"https:\/\/www.media.ba\/bs\">Qendra Mediale n\u00eb Sarajev\u00eb<\/a>,\u00a0<a href=\"https:\/\/presscouncil-ks.org\/\">K\u00ebshilli i Mediave t\u00eb Shkruara i Kosov\u00ebs<\/a>,\u00a0<a href=\"https:\/\/www.mminstitute.org\/en\/\">Instituti Mediatik i Malit t\u00eb Zi<\/a>,\u00a0<a href=\"https:\/\/mim.org.mk\/en\/\">Instituti i Medias i Maqedonis\u00eb<\/a>,\u00a0<a href=\"https:\/\/novinarska-skola.org.rs\/srbija-opet-pala-na-listi-reportera-bez-granica\/?lang=en\">Shkolla e Gazetaris\u00eb Novi Sad<\/a>,\u00a0<a href=\"https:\/\/www.mirovni-institut.si\/en\/\">Instituti i Paqes<\/a>\u00a0dhe\u00a0<a href=\"https:\/\/bianet.org\/english\">Bianet<\/a>.<\/strong><\/p>\n<p>&nbsp;<\/p>\n<p>Ky artikull u realizua me mb\u00ebshtetje financiare t\u00eb Bashkimit Evropian. P\u00ebrmbajtja e tij \u00ebsht\u00eb p\u00ebrgjegj\u00ebsi ekskluzive e SEENPM dhe nuk pasqyron domosdoshm\u00ebrisht pik\u00ebpamjet e Bashkimit Evropian.<\/p>\n<p>&nbsp;<\/p>\n<p>&nbsp;<\/p>\n<p>Co-financues:<\/p>\n<p><img loading=\"lazy\" decoding=\"async\" class=\"\" src=\"https:\/\/seenpm.org\/wp-content\/uploads\/2025\/10\/osf-logo.png\" width=\"300\" height=\"95\" \/><\/p>\n<p>&nbsp;<\/p>\n<p>&nbsp;<\/p>\n","protected":false},"excerpt":{"rendered":"<p>Ne jetojm\u00eb n\u00eb nj\u00eb epok\u00eb kur vet\u00eb themelet e gazetaris\u00eb po rinegociohen \u2014 mes k\u00ebrkesave t\u00eb kapitalizmit digjital, ngritjes s\u00eb qeverisjes algoritmike dhe nevoj\u00ebs s\u00eb p\u00ebrhershme p\u00ebr t\u00eb v\u00ebrtet\u00ebn n\u00eb jet\u00ebn publike. &nbsp; Nga: Nevena Rshumoviq &nbsp; K\u00ebto tensione, si edhe mund\u00ebsia p\u00ebr t\u00eb krijuar kuad\u00ebr t\u00eb ri p\u00ebr t\u2019i kuptuar dhe kap\u00ebrcyer ato, ishin [&hellip;]<\/p>\n","protected":false},"author":2,"featured_media":17234,"comment_status":"open","ping_status":"open","sticky":false,"template":"","format":"standard","meta":{"footnotes":""},"categories":[92],"tags":[163,124,165,161],"class_list":["post-17242","post","type-post","status-publish","format-standard","has-post-thumbnail","hentry","category-news-sq","tag-ballkan","tag-kmshk","tag-media-sq","tag-ourmedia"],"acf":{"video_title":"","video":false},"yoast_head":"<!-- This site is optimized with the Yoast SEO plugin v28.3 - https:\/\/yoast.com\/product\/yoast-seo-wordpress\/ -->\n<title>Efekti zinxhir i Evrop\u00ebs: Liria e medias e rimenduar - K\u00ebshilli i Mediave t\u00eb Shkruara t\u00eb Kosov\u00ebs | P\u00ebr nj\u00eb gazetari etike dhe profesionale<\/title>\n<meta name=\"robots\" content=\"index, follow, max-snippet:-1, max-image-preview:large, max-video-preview:-1\" \/>\n<link rel=\"canonical\" href=\"http:\/\/presscouncil-ks.org\/?p=17242\" \/>\n<meta property=\"og:locale\" content=\"en_US\" \/>\n<meta property=\"og:type\" content=\"article\" \/>\n<meta property=\"og:title\" content=\"Efekti zinxhir i Evrop\u00ebs: Liria e medias e rimenduar - K\u00ebshilli i Mediave t\u00eb Shkruara t\u00eb Kosov\u00ebs | P\u00ebr nj\u00eb gazetari etike dhe profesionale\" \/>\n<meta property=\"og:description\" content=\"Ne jetojm\u00eb n\u00eb nj\u00eb epok\u00eb kur vet\u00eb themelet e gazetaris\u00eb po rinegociohen \u2014 mes k\u00ebrkesave t\u00eb kapitalizmit digjital, ngritjes s\u00eb qeverisjes algoritmike dhe nevoj\u00ebs s\u00eb p\u00ebrhershme p\u00ebr t\u00eb v\u00ebrtet\u00ebn n\u00eb jet\u00ebn publike. &nbsp; Nga: Nevena Rshumoviq &nbsp; K\u00ebto tensione, si edhe mund\u00ebsia p\u00ebr t\u00eb krijuar kuad\u00ebr t\u00eb ri p\u00ebr t\u2019i kuptuar dhe kap\u00ebrcyer ato, ishin [&hellip;]\" \/>\n<meta property=\"og:url\" content=\"http:\/\/presscouncil-ks.org\/?p=17242\" \/>\n<meta property=\"og:site_name\" content=\"K\u00ebshilli i Mediave t\u00eb Shkruara t\u00eb Kosov\u00ebs | P\u00ebr nj\u00eb gazetari etike dhe profesionale\" \/>\n<meta property=\"article:publisher\" content=\"https:\/\/www.facebook.com\/KMSHKosove\" \/>\n<meta property=\"article:published_time\" content=\"2025-10-14T14:26:19+00:00\" \/>\n<meta property=\"article:modified_time\" content=\"2025-10-21T10:44:58+00:00\" \/>\n<meta property=\"og:image\" content=\"http:\/\/presscouncil-ks.org\/wp-content\/uploads\/2025\/10\/evropski_talas_promena_v3.png\" \/>\n\t<meta property=\"og:image:width\" content=\"520\" \/>\n\t<meta property=\"og:image:height\" content=\"350\" \/>\n\t<meta property=\"og:image:type\" content=\"image\/png\" \/>\n<meta name=\"author\" content=\"Editor\" \/>\n<meta name=\"twitter:card\" content=\"summary_large_image\" \/>\n<meta name=\"twitter:label1\" content=\"Written by\" \/>\n\t<meta name=\"twitter:data1\" content=\"Editor\" \/>\n\t<meta name=\"twitter:label2\" content=\"Est. reading time\" \/>\n\t<meta name=\"twitter:data2\" content=\"12 minutes\" \/>\n<script type=\"application\/ld+json\" class=\"yoast-schema-graph\">{\"@context\":\"https:\\\/\\\/schema.org\",\"@graph\":[{\"@type\":\"Article\",\"@id\":\"http:\\\/\\\/presscouncil-ks.org\\\/?p=17242#article\",\"isPartOf\":{\"@id\":\"http:\\\/\\\/presscouncil-ks.org\\\/?p=17242\"},\"author\":{\"name\":\"Editor\",\"@id\":\"http:\\\/\\\/presscouncil-ks.org\\\/#\\\/schema\\\/person\\\/b79d30c61264caeb733239c16cc4d673\"},\"headline\":\"Efekti zinxhir i Evrop\u00ebs: Liria e medias e rimenduar\",\"datePublished\":\"2025-10-14T14:26:19+00:00\",\"dateModified\":\"2025-10-21T10:44:58+00:00\",\"mainEntityOfPage\":{\"@id\":\"http:\\\/\\\/presscouncil-ks.org\\\/?p=17242\"},\"wordCount\":2335,\"commentCount\":0,\"publisher\":{\"@id\":\"http:\\\/\\\/presscouncil-ks.org\\\/#organization\"},\"image\":{\"@id\":\"http:\\\/\\\/presscouncil-ks.org\\\/?p=17242#primaryimage\"},\"thumbnailUrl\":\"http:\\\/\\\/presscouncil-ks.org\\\/wp-content\\\/uploads\\\/2025\\\/10\\\/evropski_talas_promena_v3.png\",\"keywords\":[\"Ballkan\",\"KMSHK\",\"media\",\"OurMedia\"],\"articleSection\":[\"Lajm\"],\"inLanguage\":\"en-US\",\"potentialAction\":[{\"@type\":\"CommentAction\",\"name\":\"Comment\",\"target\":[\"http:\\\/\\\/presscouncil-ks.org\\\/?p=17242#respond\"]}]},{\"@type\":\"WebPage\",\"@id\":\"http:\\\/\\\/presscouncil-ks.org\\\/?p=17242\",\"url\":\"http:\\\/\\\/presscouncil-ks.org\\\/?p=17242\",\"name\":\"Efekti zinxhir i Evrop\u00ebs: Liria e medias e rimenduar - K\u00ebshilli i Mediave t\u00eb Shkruara t\u00eb Kosov\u00ebs | P\u00ebr nj\u00eb gazetari etike dhe profesionale\",\"isPartOf\":{\"@id\":\"http:\\\/\\\/presscouncil-ks.org\\\/#website\"},\"primaryImageOfPage\":{\"@id\":\"http:\\\/\\\/presscouncil-ks.org\\\/?p=17242#primaryimage\"},\"image\":{\"@id\":\"http:\\\/\\\/presscouncil-ks.org\\\/?p=17242#primaryimage\"},\"thumbnailUrl\":\"http:\\\/\\\/presscouncil-ks.org\\\/wp-content\\\/uploads\\\/2025\\\/10\\\/evropski_talas_promena_v3.png\",\"datePublished\":\"2025-10-14T14:26:19+00:00\",\"dateModified\":\"2025-10-21T10:44:58+00:00\",\"breadcrumb\":{\"@id\":\"http:\\\/\\\/presscouncil-ks.org\\\/?p=17242#breadcrumb\"},\"inLanguage\":\"en-US\",\"potentialAction\":[{\"@type\":\"ReadAction\",\"target\":[\"http:\\\/\\\/presscouncil-ks.org\\\/?p=17242\"]}]},{\"@type\":\"ImageObject\",\"inLanguage\":\"en-US\",\"@id\":\"http:\\\/\\\/presscouncil-ks.org\\\/?p=17242#primaryimage\",\"url\":\"http:\\\/\\\/presscouncil-ks.org\\\/wp-content\\\/uploads\\\/2025\\\/10\\\/evropski_talas_promena_v3.png\",\"contentUrl\":\"http:\\\/\\\/presscouncil-ks.org\\\/wp-content\\\/uploads\\\/2025\\\/10\\\/evropski_talas_promena_v3.png\",\"width\":520,\"height\":350},{\"@type\":\"BreadcrumbList\",\"@id\":\"http:\\\/\\\/presscouncil-ks.org\\\/?p=17242#breadcrumb\",\"itemListElement\":[{\"@type\":\"ListItem\",\"position\":1,\"name\":\"Home\",\"item\":\"https:\\\/\\\/presscouncil-ks.org\\\/\"},{\"@type\":\"ListItem\",\"position\":2,\"name\":\"Efekti zinxhir i Evrop\u00ebs: Liria e medias e rimenduar\"}]},{\"@type\":\"WebSite\",\"@id\":\"http:\\\/\\\/presscouncil-ks.org\\\/#website\",\"url\":\"http:\\\/\\\/presscouncil-ks.org\\\/\",\"name\":\"https:\\\/\\\/presscouncil-ks.org\\\/\",\"description\":\"\",\"publisher\":{\"@id\":\"http:\\\/\\\/presscouncil-ks.org\\\/#organization\"},\"potentialAction\":[{\"@type\":\"SearchAction\",\"target\":{\"@type\":\"EntryPoint\",\"urlTemplate\":\"http:\\\/\\\/presscouncil-ks.org\\\/?s={search_term_string}\"},\"query-input\":{\"@type\":\"PropertyValueSpecification\",\"valueRequired\":true,\"valueName\":\"search_term_string\"}}],\"inLanguage\":\"en-US\"},{\"@type\":\"Organization\",\"@id\":\"http:\\\/\\\/presscouncil-ks.org\\\/#organization\",\"name\":\"K\u00ebshilli i Mediave t\u00eb Shkruara t\u00eb Kosov\u00ebs\",\"url\":\"http:\\\/\\\/presscouncil-ks.org\\\/\",\"logo\":{\"@type\":\"ImageObject\",\"inLanguage\":\"en-US\",\"@id\":\"http:\\\/\\\/presscouncil-ks.org\\\/#\\\/schema\\\/logo\\\/image\\\/\",\"url\":\"http:\\\/\\\/presscouncil-ks.org\\\/wp-content\\\/uploads\\\/2023\\\/06\\\/cropped-logo.png\",\"contentUrl\":\"http:\\\/\\\/presscouncil-ks.org\\\/wp-content\\\/uploads\\\/2023\\\/06\\\/cropped-logo.png\",\"width\":268,\"height\":166,\"caption\":\"K\u00ebshilli i Mediave t\u00eb Shkruara t\u00eb Kosov\u00ebs\"},\"image\":{\"@id\":\"http:\\\/\\\/presscouncil-ks.org\\\/#\\\/schema\\\/logo\\\/image\\\/\"},\"sameAs\":[\"https:\\\/\\\/www.facebook.com\\\/KMSHKosove\"]},{\"@type\":\"Person\",\"@id\":\"http:\\\/\\\/presscouncil-ks.org\\\/#\\\/schema\\\/person\\\/b79d30c61264caeb733239c16cc4d673\",\"name\":\"Editor\",\"image\":{\"@type\":\"ImageObject\",\"inLanguage\":\"en-US\",\"@id\":\"https:\\\/\\\/secure.gravatar.com\\\/avatar\\\/9534865f39e7b3527010ee17196a76d054b16d731a6a5bfe2f92a071c6e9bf4e?s=96&d=mm&r=g\",\"url\":\"https:\\\/\\\/secure.gravatar.com\\\/avatar\\\/9534865f39e7b3527010ee17196a76d054b16d731a6a5bfe2f92a071c6e9bf4e?s=96&d=mm&r=g\",\"contentUrl\":\"https:\\\/\\\/secure.gravatar.com\\\/avatar\\\/9534865f39e7b3527010ee17196a76d054b16d731a6a5bfe2f92a071c6e9bf4e?s=96&d=mm&r=g\",\"caption\":\"Editor\"},\"url\":\"http:\\\/\\\/presscouncil-ks.org\\\/?author=2\"}]}<\/script>\n<!-- \/ Yoast SEO plugin. -->","yoast_head_json":{"title":"Efekti zinxhir i Evrop\u00ebs: Liria e medias e rimenduar - K\u00ebshilli i Mediave t\u00eb Shkruara t\u00eb Kosov\u00ebs | P\u00ebr nj\u00eb gazetari etike dhe profesionale","robots":{"index":"index","follow":"follow","max-snippet":"max-snippet:-1","max-image-preview":"max-image-preview:large","max-video-preview":"max-video-preview:-1"},"canonical":"http:\/\/presscouncil-ks.org\/?p=17242","og_locale":"en_US","og_type":"article","og_title":"Efekti zinxhir i Evrop\u00ebs: Liria e medias e rimenduar - K\u00ebshilli i Mediave t\u00eb Shkruara t\u00eb Kosov\u00ebs | P\u00ebr nj\u00eb gazetari etike dhe profesionale","og_description":"Ne jetojm\u00eb n\u00eb nj\u00eb epok\u00eb kur vet\u00eb themelet e gazetaris\u00eb po rinegociohen \u2014 mes k\u00ebrkesave t\u00eb kapitalizmit digjital, ngritjes s\u00eb qeverisjes algoritmike dhe nevoj\u00ebs s\u00eb p\u00ebrhershme p\u00ebr t\u00eb v\u00ebrtet\u00ebn n\u00eb jet\u00ebn publike. &nbsp; Nga: Nevena Rshumoviq &nbsp; K\u00ebto tensione, si edhe mund\u00ebsia p\u00ebr t\u00eb krijuar kuad\u00ebr t\u00eb ri p\u00ebr t\u2019i kuptuar dhe kap\u00ebrcyer ato, ishin [&hellip;]","og_url":"http:\/\/presscouncil-ks.org\/?p=17242","og_site_name":"K\u00ebshilli i Mediave t\u00eb Shkruara t\u00eb Kosov\u00ebs | P\u00ebr nj\u00eb gazetari etike dhe profesionale","article_publisher":"https:\/\/www.facebook.com\/KMSHKosove","article_published_time":"2025-10-14T14:26:19+00:00","article_modified_time":"2025-10-21T10:44:58+00:00","og_image":[{"width":520,"height":350,"url":"http:\/\/presscouncil-ks.org\/wp-content\/uploads\/2025\/10\/evropski_talas_promena_v3.png","type":"image\/png"}],"author":"Editor","twitter_card":"summary_large_image","twitter_misc":{"Written by":"Editor","Est. reading time":"12 minutes"},"schema":{"@context":"https:\/\/schema.org","@graph":[{"@type":"Article","@id":"http:\/\/presscouncil-ks.org\/?p=17242#article","isPartOf":{"@id":"http:\/\/presscouncil-ks.org\/?p=17242"},"author":{"name":"Editor","@id":"http:\/\/presscouncil-ks.org\/#\/schema\/person\/b79d30c61264caeb733239c16cc4d673"},"headline":"Efekti zinxhir i Evrop\u00ebs: Liria e medias e rimenduar","datePublished":"2025-10-14T14:26:19+00:00","dateModified":"2025-10-21T10:44:58+00:00","mainEntityOfPage":{"@id":"http:\/\/presscouncil-ks.org\/?p=17242"},"wordCount":2335,"commentCount":0,"publisher":{"@id":"http:\/\/presscouncil-ks.org\/#organization"},"image":{"@id":"http:\/\/presscouncil-ks.org\/?p=17242#primaryimage"},"thumbnailUrl":"http:\/\/presscouncil-ks.org\/wp-content\/uploads\/2025\/10\/evropski_talas_promena_v3.png","keywords":["Ballkan","KMSHK","media","OurMedia"],"articleSection":["Lajm"],"inLanguage":"en-US","potentialAction":[{"@type":"CommentAction","name":"Comment","target":["http:\/\/presscouncil-ks.org\/?p=17242#respond"]}]},{"@type":"WebPage","@id":"http:\/\/presscouncil-ks.org\/?p=17242","url":"http:\/\/presscouncil-ks.org\/?p=17242","name":"Efekti zinxhir i Evrop\u00ebs: Liria e medias e rimenduar - K\u00ebshilli i Mediave t\u00eb Shkruara t\u00eb Kosov\u00ebs | P\u00ebr nj\u00eb gazetari etike dhe profesionale","isPartOf":{"@id":"http:\/\/presscouncil-ks.org\/#website"},"primaryImageOfPage":{"@id":"http:\/\/presscouncil-ks.org\/?p=17242#primaryimage"},"image":{"@id":"http:\/\/presscouncil-ks.org\/?p=17242#primaryimage"},"thumbnailUrl":"http:\/\/presscouncil-ks.org\/wp-content\/uploads\/2025\/10\/evropski_talas_promena_v3.png","datePublished":"2025-10-14T14:26:19+00:00","dateModified":"2025-10-21T10:44:58+00:00","breadcrumb":{"@id":"http:\/\/presscouncil-ks.org\/?p=17242#breadcrumb"},"inLanguage":"en-US","potentialAction":[{"@type":"ReadAction","target":["http:\/\/presscouncil-ks.org\/?p=17242"]}]},{"@type":"ImageObject","inLanguage":"en-US","@id":"http:\/\/presscouncil-ks.org\/?p=17242#primaryimage","url":"http:\/\/presscouncil-ks.org\/wp-content\/uploads\/2025\/10\/evropski_talas_promena_v3.png","contentUrl":"http:\/\/presscouncil-ks.org\/wp-content\/uploads\/2025\/10\/evropski_talas_promena_v3.png","width":520,"height":350},{"@type":"BreadcrumbList","@id":"http:\/\/presscouncil-ks.org\/?p=17242#breadcrumb","itemListElement":[{"@type":"ListItem","position":1,"name":"Home","item":"https:\/\/presscouncil-ks.org\/"},{"@type":"ListItem","position":2,"name":"Efekti zinxhir i Evrop\u00ebs: Liria e medias e rimenduar"}]},{"@type":"WebSite","@id":"http:\/\/presscouncil-ks.org\/#website","url":"http:\/\/presscouncil-ks.org\/","name":"https:\/\/presscouncil-ks.org\/","description":"","publisher":{"@id":"http:\/\/presscouncil-ks.org\/#organization"},"potentialAction":[{"@type":"SearchAction","target":{"@type":"EntryPoint","urlTemplate":"http:\/\/presscouncil-ks.org\/?s={search_term_string}"},"query-input":{"@type":"PropertyValueSpecification","valueRequired":true,"valueName":"search_term_string"}}],"inLanguage":"en-US"},{"@type":"Organization","@id":"http:\/\/presscouncil-ks.org\/#organization","name":"K\u00ebshilli i Mediave t\u00eb Shkruara t\u00eb Kosov\u00ebs","url":"http:\/\/presscouncil-ks.org\/","logo":{"@type":"ImageObject","inLanguage":"en-US","@id":"http:\/\/presscouncil-ks.org\/#\/schema\/logo\/image\/","url":"http:\/\/presscouncil-ks.org\/wp-content\/uploads\/2023\/06\/cropped-logo.png","contentUrl":"http:\/\/presscouncil-ks.org\/wp-content\/uploads\/2023\/06\/cropped-logo.png","width":268,"height":166,"caption":"K\u00ebshilli i Mediave t\u00eb Shkruara t\u00eb Kosov\u00ebs"},"image":{"@id":"http:\/\/presscouncil-ks.org\/#\/schema\/logo\/image\/"},"sameAs":["https:\/\/www.facebook.com\/KMSHKosove"]},{"@type":"Person","@id":"http:\/\/presscouncil-ks.org\/#\/schema\/person\/b79d30c61264caeb733239c16cc4d673","name":"Editor","image":{"@type":"ImageObject","inLanguage":"en-US","@id":"https:\/\/secure.gravatar.com\/avatar\/9534865f39e7b3527010ee17196a76d054b16d731a6a5bfe2f92a071c6e9bf4e?s=96&d=mm&r=g","url":"https:\/\/secure.gravatar.com\/avatar\/9534865f39e7b3527010ee17196a76d054b16d731a6a5bfe2f92a071c6e9bf4e?s=96&d=mm&r=g","contentUrl":"https:\/\/secure.gravatar.com\/avatar\/9534865f39e7b3527010ee17196a76d054b16d731a6a5bfe2f92a071c6e9bf4e?s=96&d=mm&r=g","caption":"Editor"},"url":"http:\/\/presscouncil-ks.org\/?author=2"}]}},"_links":{"self":[{"href":"http:\/\/presscouncil-ks.org\/index.php?rest_route=\/wp\/v2\/posts\/17242","targetHints":{"allow":["GET"]}}],"collection":[{"href":"http:\/\/presscouncil-ks.org\/index.php?rest_route=\/wp\/v2\/posts"}],"about":[{"href":"http:\/\/presscouncil-ks.org\/index.php?rest_route=\/wp\/v2\/types\/post"}],"author":[{"embeddable":true,"href":"http:\/\/presscouncil-ks.org\/index.php?rest_route=\/wp\/v2\/users\/2"}],"replies":[{"embeddable":true,"href":"http:\/\/presscouncil-ks.org\/index.php?rest_route=%2Fwp%2Fv2%2Fcomments&post=17242"}],"version-history":[{"count":4,"href":"http:\/\/presscouncil-ks.org\/index.php?rest_route=\/wp\/v2\/posts\/17242\/revisions"}],"predecessor-version":[{"id":17320,"href":"http:\/\/presscouncil-ks.org\/index.php?rest_route=\/wp\/v2\/posts\/17242\/revisions\/17320"}],"wp:featuredmedia":[{"embeddable":true,"href":"http:\/\/presscouncil-ks.org\/index.php?rest_route=\/wp\/v2\/media\/17234"}],"wp:attachment":[{"href":"http:\/\/presscouncil-ks.org\/index.php?rest_route=%2Fwp%2Fv2%2Fmedia&parent=17242"}],"wp:term":[{"taxonomy":"category","embeddable":true,"href":"http:\/\/presscouncil-ks.org\/index.php?rest_route=%2Fwp%2Fv2%2Fcategories&post=17242"},{"taxonomy":"post_tag","embeddable":true,"href":"http:\/\/presscouncil-ks.org\/index.php?rest_route=%2Fwp%2Fv2%2Ftags&post=17242"}],"curies":[{"name":"wp","href":"https:\/\/api.w.org\/{rel}","templated":true}]}}