{"id":17233,"date":"2025-10-14T13:12:42","date_gmt":"2025-10-14T13:12:42","guid":{"rendered":"https:\/\/presscouncil-ks.org\/?p=17233"},"modified":"2025-10-21T10:39:15","modified_gmt":"2025-10-21T10:39:15","slug":"evropski-talas-promena-novo-doba-za-medijske-slobode","status":"publish","type":"post","link":"http:\/\/presscouncil-ks.org\/?p=17233&lang=sr","title":{"rendered":"Evropski talas promena: Novo doba za medijske slobode"},"content":{"rendered":"<p><strong><em>Svet prolazi kroz jedinstveni i turbulentan period koji zahteva duboko promi\u0161ljanje o stanju i budu\u0107nosti medija, istaknuto je na konferenciji &#8216;Our Media&#8217;.<\/em><\/strong><\/p>\n<p>&nbsp;<\/p>\n<p><strong>Autor:<em>\u00a0Nevena R\u0161umovi\u0107<\/em><\/strong><\/p>\n<p>&nbsp;<\/p>\n<p>\u017divimo u eri u kojoj se sami temelji novinarstva iznova preispituju \u2013 izme\u0111u zahteva digitalnog kapitalizma, uspona algoritamskog upravljanja i trajne potrebe za istinom u javnom \u017eivotu.<\/p>\n<p>&nbsp;<\/p>\n<p>Ove tenzije, kao i mogu\u0107nost stvaranja novih okvira za njihovo razumevanje i prevazila\u017eenje, bile su u sredi\u0161tu panela\u00a0<em>\u201eNa prvoj liniji odbrane slobode izra\u017eavanja\u201d<\/em>\u00a0na Me\u0111unarodnoj konferenciji\u00a0<strong><em>Our Media<\/em><\/strong>, koju su nedavno organizovali mre\u017ea <strong><a href=\"https:\/\/seenpm.org\/\">SEENPM<\/a> i <a href=\"https:\/\/www.media.ba\/bs\">Mediacentar Sarajevo<\/a><\/strong>.<\/p>\n<p>&nbsp;<\/p>\n<p>Dr Sne\u017eana Milivojevi\u0107, biv\u0161a profesorka Univerziteta u Beogradu, istakla je da svet prolazi kroz jedinstveni i turbulentan period koji zahteva duboko promi\u0161ljanje o stanju i budu\u0107nosti medija.<\/p>\n<p>&nbsp;<\/p>\n<p>Dana\u0161nja uloga medija je retko kada bila u delikatnijem polo\u017eaju \u2013 ali, paradoksalno, upravo ovaj trenutak donosi i jedinstvenu priliku, pokrenutu paradigmatskom promenom u medijskoj regulativi oli\u010denoj u novim zakonima Evropske unije. Ti zakoni su: Evropski zakon o slobodi medija (European Media Freedom Act, EMFA), Zakon o digitalnim uslugama (Digital Services Act, DSA), Zakon o digitalnim tr\u017ei\u0161tima (Digital Markets Act, DMA) i Zakon o ve\u0161ta\u010dkoj inteligenciji (Artificial Intelligence Act, AI Act).<\/p>\n<p>Ovi propisi \u2013 posebno Evropski zakon o slobodi medija (EMFA) \u2013 predstavljaju istorijski zaokret u razumevanju medija i na\u010dina na koji se njima upravlja \u0161irom Evrope, ali i van nje. Oni polaze od toga da mediji vi\u0161e nisu isklju\u010divo nacionalno, ve\u0107 zajedni\u010dko evropsko pitanje, istakla je Milivojevi\u0107.<\/p>\n<p>&nbsp;<\/p>\n<p>\u201ePo prvi put, Evropa razvija sveobuhvatan regulatorni okvir koji ujedinjuje ranije fragmentisane sfere \u2013 audiovizuelne medije, \u0161tampu, lokalne i nacionalne medije \u2013 u jedinstven sistem prilago\u0111en digitalnom dobu\u201c, istakla je Milivojevi\u0107. \u201eIako Evropa zaostaje u digitalnim inovacijama, prednja\u010di u njihovom regulisanju\u201c.<\/p>\n<p>&nbsp;<\/p>\n<p><strong>Kako evropski medijski zakoni uti\u010du na strane aktere<\/strong><\/p>\n<p>&nbsp;<\/p>\n<p>EMFA je deo \u0161ireg paketa koji obuhvata privatnost, upravljanje ve\u0161ta\u010dkom inteligencijom i odgovornost onlajn platformi, konsolidujuc\u0301i sve digitalne usluge koje se pru\u017eaju u EU.<\/p>\n<p>&nbsp;<\/p>\n<p>\u201eKlju\u010dno je da ona napu\u0161ta stari princip zemlje porekla u korist kolektivnog evropskog nadzora koji se jednako primenjuje na strane aktere koji posluju unutar ili van granica EU\u201c, naglasila je Milivojevic\u0301 i dodala da \u201eakteri van EU vi\u0161e nisu za\u0161tic\u0301eni principom zemlje porekla, koji je uvek bio\u00a0<em>sigurna luka<\/em>\u00a0za velike tehnolo\u0161ke platforme\u201c.<\/p>\n<p>&nbsp;<\/p>\n<p><img decoding=\"async\" src=\"https:\/\/media.ba\/sites\/default\/files\/3017_05110918_s071.jpg\" \/><\/p>\n<p>Snje\u017eana Milivojevi\u0107<\/p>\n<p>&nbsp;<\/p>\n<p>\u201ePrema EMFA, svaka medijska usluga van EU koja cilja gra\u0111ane EU bic\u0301e pod evropskim regulatornim nadzorom\u201c, istakla je, dodajuc\u0301i da se novi pristup primenjuje i na medije van EU u njihovom susedstvu, uklju\u010dujuc\u0301i i jugoisto\u010dnu Evropu.<\/p>\n<p>&nbsp;<\/p>\n<p>\u201eOvo nije protekcionizam, ve\u0107 evropski kosmopolitizam koji osigurava jednake uslove i za\u0161titu osnovnih prava \u2013 posebno slobode medija \u2013 u digitalnoj sferi\u201c, istakla je Milivojevi\u0107.<\/p>\n<p>&nbsp;<\/p>\n<p>Novi zakoni EU o medijima neminovno \u0107e imati transfer uticaja u regionu Zapadnog Balkana i Jugoisto\u010dne Evrope. Neke medijske grupe ve\u0107 posluju \u2013 ili planiraju da posluju \u2013 van nacionalnih granica, distribucijom sadr\u017eaja u susednim dr\u017eavama \u010dlanicama EU. To zna\u010di da bi mediji sa Zapadnog Balkana koji operi\u0161u prekograni\u010dno mogli da podle\u017eu stro\u017eim standardima, kao i mehanizmima za podno\u0161enje \u017ealbi dostupnim publici u EU, \u010dime se prakti\u010dno pro\u0161iruje okvir medijske regulative Evropske unije na ceo region, objasnila je Milivojevi\u0107.<\/p>\n<p>&nbsp;<\/p>\n<p><strong>Regulatorni \u0161tit od politi\u010dkih uticaja<\/strong><\/p>\n<p>&nbsp;<\/p>\n<p>Su\u0161tina EMFA je u tome \u0161to predvi\u0111a da mediji \u2013 klju\u010dni za demokratiju \u2013 zahtevaju aktivnu za\u0161titu u digitalnom dobu. Uvodi mehanizme za\u0161tite od politi\u010dkog uticaja i manipulacije, odgovaraju\u0107i tako na dana\u0161nje okru\u017eenje dezinformacija i spoljnih uticaja.<\/p>\n<p>&nbsp;<\/p>\n<p>Zakon se tako\u0111e suprotstavlja dominaciji velikih tehnolo\u0161kih platformi, zahtevaju\u0107i transparentnost i odgovornost u na\u010dinu na koji se sadr\u017eaj moderira i distribuira. Obavezuje velike onlajn platforme da primenjuju posebna pravila prema priznatim medijskim organizacijama, \u010dime se osigurava pravedno postupanje, smanjuje arbitrarno uklanjanje sadr\u017eaja i ja\u010da nezavisnost novinarstva.<\/p>\n<p>&nbsp;<\/p>\n<p>Ono \u0161to EMFA izdvaja od prethodnih regulatornih mehanizama jeste fokus na prava gra\u0111ana. \u201ePo prvi put se pravo na pluralizam i visokokvalitetne informacije utvr\u0111uje kao individualno pravo, potvr\u0111uju\u0107i da svaki gra\u0111anin mora biti u prilici da se osloni na pouzdane i raznovrsne izvore \u2013 i da dr\u017eave moraju da omogu\u0107e ovo pravo\u201c, istakla je Milivojevi\u0107.<\/p>\n<p>&nbsp;<\/p>\n<p>\u201eOvo je su\u0161tinski zna\u010dajan prelaz sa za\u0161tite \u0161tampe na za\u0161titu prava javnosti na informacije koje slu\u017ee op\u0161tem dobru \u2013 \u0161to je klju\u010dno u eri nepoverenja i rasprostranjene skepse prema medijima\u201c, pojasnila je.<\/p>\n<p>&nbsp;<\/p>\n<p><strong>EMFA kao izazov i prilika za Zapadni Balkan<\/strong><\/p>\n<p>&nbsp;<\/p>\n<p>Za Zapadni Balkan i Jugoisto\u010dnu Evropu implikacije su dalekose\u017ene, upozorila je Milivojevi\u0107. Kandidati za \u010dlanstvo u EU suo\u010di\u0107e se sa sve ve\u0107im pritiskom da usklade nacionalne zakone s ovim standardima.<\/p>\n<p>&nbsp;<\/p>\n<p>Me\u0111utim, to prevazilazi samu uskla\u0111enost: principi nezavisnosti, pluralizma i transparentnosti se ugra\u0111uju u samo tkanje pravnog okvira regiona. \u201eEkstrateritorijalni domet EMFA zna\u010di da \u0107e mediji iz Jugoisto\u010dne Evrope koji posluju na tr\u017ei\u0161tima EU \u2013 ili su dostupni publici u EU \u2013 podle\u0107i odredbama EMFA, \u0161to \u0107e uticati na na\u010din na koji proizvode i distribuiraju sadr\u017eaj\u201c, naglasila je Milivojevi\u0107.<\/p>\n<p>&nbsp;<\/p>\n<p>Regionalno medijsko okru\u017eenje \u2013 ve\u0107 optere\u0107eno koncentracijom vlasni\u0161tva, spoljnim uticajem i nepoverenjem javnosti \u2013 mora\u0107e da se prilagodi. Kako je Milivojevi\u0107 primetila, regulativa se bavi slabim ta\u010dkama medijskih ekosistema u regionima gde su dezinformacijske kampanje i manipulacije podr\u017eane od stranih aktera postale mo\u0107ni alati. EMFA mo\u017ee da pru\u017ei za\u0161titu, ali njena efikasnost zavisi od aktivnog zalaganja lokalnih vlada i zagovaranja civilnog dru\u0161tva i medijskih profesionalaca za njeno istinsko sprovo\u0111enje.<\/p>\n<p>&nbsp;<\/p>\n<p>Jednako zna\u010dajan je i potencijalni uticaj na medijske konzumente. Kako raste kori\u0161\u0107enje digitalnih platformi, publika sve vi\u0161e napu\u0161ta tradicionalne medije u korist dru\u0161tvenih mre\u017ea i alternativnih platformi, \u010desto sumnjaju\u0107i u pouzdanost informacija. U Jugoisto\u010dnoj Evropi, mnogi korisnici verifikuju vesti kori\u0161\u0107enjem pretra\u017eiva\u010da ili li\u010dnih mre\u017ea poznanika, \u0161to podriva ugled novinarstva. Milivojevi\u0107 je naglasila da ova promena ukazuje na hitnu potrebu za ponovnom izgradnjom poverenja i stavljanjem u prvi plan transparentnosti i kvaliteta \u2013 \u0161to su ciljevi koje novi okvir EU jasno podr\u017eava.<\/p>\n<p>&nbsp;<\/p>\n<p>Kona\u010dno, EMFA nije samo jo\u0161 jedna zakonodavna mera; to je odva\u017eni pristup preoblikovanju upravljanja medijima, zasnovan na pravima gra\u0111ana. Podi\u017ee nivo debate sa fragmentisanih nacionalnih politika na jedinstveni evropski okvir koji odgovara na tehnolo\u0161ke i demokratske realnosti.<\/p>\n<p>&nbsp;<\/p>\n<p>Za Zapadni Balkan i Jugoisto\u010dnu Evropu predstavlja i izazov \u2013 da se ispune zahtevni novi standardi \u2013 ali i priliku da se region uskladi sa najvi\u0161im evropskim demokratskim vrednostima.<\/p>\n<p>&nbsp;<\/p>\n<p><strong>Od erozije ka akciji<\/strong><\/p>\n<p>&nbsp;<\/p>\n<p>Brankica Petkovi\u0107 iz slovena\u010dkog\u00a0<em>Mirovnog instituta<\/em>\u00a0potkrepila je globalni pogled na slobodu izra\u017eavanja\u00a0 podacima i istra\u017eivanjima iz regionalnih i evropskih studija. Opisala je \u201estrukturnu eroziju\u201c uslova za slobodu izra\u017eavanja kao proces koji se ne de\u0161ava kroz direktnu cenzuru, ve\u0107 kroz \u201esupstituciju\u201c: preplavljivanje javnog prostora propagandom, govorom mr\u017enje i ve\u0161ta\u010dki proizvedenim pluralizmom.<\/p>\n<p>&nbsp;<\/p>\n<p>Istakla je paradoksalan porast broja medija uz istovremeno su\u017eavanje kruga profesionalnih novinara \u2013 \u201emedijski prostor koji raste u kvantitetu, ali ne i u kvalitetu\u201c. To, kako je navela, odra\u017eava \u0161iru krizu legitimnosti, u kojoj se gra\u0111ani ose\u0107aju otu\u0111eni od medija i demokratskih sistema.<\/p>\n<p>&nbsp;<\/p>\n<p><img decoding=\"async\" src=\"https:\/\/media.ba\/sites\/default\/files\/3017_05111105_s174.jpg\" \/><\/p>\n<p>Erol \u00d6ndero\u011flu i Brankica Petkovi\u0107<\/p>\n<p>&nbsp;<\/p>\n<p>Ipak, Petkovi\u0107 odbacuje fatalizam. Ukazala je na pojavu znakova rezilijentnosti \u2013 od studentskih protesta u Srbiji do razli\u010ditih regionalnih inicijativa i saradnji. Evropa, naglasila je, mora da predvodi\u00a0 obnovu demokratskih medijskih sistema, ali bez preteranog samopouzdanja. \u201eEvropa nije bezgre\u0161an model\u201c, isti\u010de. Pravni okviri u EU, poput EMFA, moraju se upariti sa lokalnim partnerstvima i re\u0161enjima koja poti\u010du iz zajednica.<\/p>\n<p>&nbsp;<\/p>\n<p>\u201eSama odbrana medijskih sloboda nije dovoljna \u2013 potrebno je \u0161iriti i ja\u010dati prostore za nezavisno novinarstvo i gra\u0111ansko delovanje\u201c, zaklju\u010dila je Petkovi\u0107.<\/p>\n<p>&nbsp;<\/p>\n<p><strong>Sloboda medija u svetu\u00a0 \u2013 &#8216;na \u010dekanju&#8217;<\/strong><\/p>\n<p>&nbsp;<\/p>\n<p>Sarah Clark iz organizacije IFEX oslikala je sumornu globalnu sliku, rekav\u0161i da se ovaj trenutak, kada je re\u010d o slobodi medija i demokratiji, mo\u017ee opisati izrazom \u201ena \u010dekanju\u201c. Predstavljaju\u0107i svoju organizaciju s mre\u017eom od vi\u0161e od 100 organizacija u 70 zemalja, istakla je da u gotovo 80 odsto njih sloboda medija ide silaznom putanjom.<\/p>\n<p>&nbsp;<\/p>\n<p>Ovo nazadovanje povezala je sa dva velika seizmi\u010dka potresa \u2013 odstupanjem administracije Donalda Trampa od me\u0111unarodnih standarda i ratom u Gazi \u2013 koji su otkrili duboke slabosti u globalnom sistemu za\u0161tite prava. Clark je to nazvala \u201eme\u0111unarodnim sistemom u slobodnom padu\u201c, u kojem je povla\u010denje SAD iz globalnih institucija ubrzalo eroziju odgovornosti i dalo zamah autokratskim vladama \u0161irom sveta.<\/p>\n<p>&nbsp;<\/p>\n<p>Naglasila je kako je zapadno licemerje \u2013 naro\u010dito na primeru reakcije na rat u Gazi i gu\u0161enja protesta \u2013 razorilo poverenje u medije i demokratske institucije. Ipak, ukazala je i na \u201esvetle ta\u010dke\u201c: \u010dak i u zemljama gde je sloboda medija ozbiljno ugro\u017eena, zahtevanje odgovornosti pokazuje da otpor, uprkos zna\u010dajnim izazovima, i dalje postoji.<\/p>\n<p>&nbsp;<\/p>\n<p>Clark je upozorila da mo\u0107 tehnolo\u0161kih monopola koja je bez kontrole postavlja pred nas nove dimenzije pretnji jer velike platforme pru\u017eaju otpor regulativi EU i poja\u010davaju uticaj dezinformacija. Ipak, zaklju\u010dila je izlaganje pozivom na odbranu i \u0161irenje prostora za nezavisno novinarstvo i gra\u0111ansko delovanje pre nego \u0161to nas pogodi slede\u0107i talas nazadovanja demokratije.<\/p>\n<p>&nbsp;<\/p>\n<p><strong>Borba za istinu je borba svih nas<\/strong><\/p>\n<p>&nbsp;<\/p>\n<p>Erol \u00d6ndero\u011flu, iskusan novinar iz Turske i predstavnik Reportera bez granica, predstavio je upozoravaju\u0107e stanje u ovoj zemlji, gde je ve\u0107ina medija pod kontrolom dr\u017eave, a nezavisno novinarstvo opstaje pod stalnom pretnjom.<\/p>\n<p>&nbsp;<\/p>\n<p>\u201eSituacija u Turskoj je veoma zabrinjavaju\u0107a sa vi\u0161e od 85 odsto nacionalnih korporativnih medija pod kontrolom vlasti. Ipak, moramo uvek imati na umu sna\u017enu anga\u017eovanost kriti\u010dkih medija i organizacija civilnog dru\u0161tva u zemlji\u201c, rekao je \u00d6ndero\u011flu.<\/p>\n<p>&nbsp;<\/p>\n<p>U tom kontekstu, \u00d6ndero\u011flu je opisao paradoksalnost turske realnosti gde zemlja dobija sve ve\u0107u geopoliti\u010dku vidljivost, dok se istovremeno uru\u0161avaju unutra\u0161nje slobode. Prate\u0107i su\u0111enja novinarima iz nedelje u nedelju, ukazao je na to kako sistemska represija, proizvoljna hap\u0161enja i autocenzura prazne javni prostor.<\/p>\n<p>&nbsp;<\/p>\n<p>Ipak, istakao je da se \u0161irom Evrope pojavljuju nove inicijative koje su putokaz ka napretku. U Turskoj, dodao je, kako me\u0111unarodno finansiranje slabi, odr\u017eivost medija sve vi\u0161e zavisi od ponovne izgradnje modela zasnovanih na finansijskoj podr\u0161ci \u010ditalaca.<\/p>\n<p>&nbsp;<\/p>\n<p>Izlaganja ovih stru\u010dnjaka saglasna su u zaklju\u010dku da uprkos sve ve\u0107im pritiscima, borbi za slobodu medija nije kraj, ve\u0107 ona prolazi kroz zna\u010dajne promene. Njen dalji put ne\u0107e odre\u0111ivati toliko spoljna pomo\u0107 ili pravni okviri, koliko sposobnost novinara, institucija i gra\u0111ana da ponovo izgrade poverenje i zajedni\u010dki preuzmu borbu za istinu.<\/p>\n<p>&nbsp;<\/p>\n<p><img decoding=\"async\" src=\"https:\/\/www.media.ba\/sites\/default\/files\/eu.png\" \/><\/p>\n<p>&nbsp;<\/p>\n<p><i>Regionalni projekat &#8220;Na\u0161i mediji: Inicijativa za unapre\u0111enje medijske pismenosti, dijalog i aktivizam <em>borbu protiv polarizacije i promoviranje dijaloga\u201c<\/em> sprovode partnerske organizacije <a href=\"https:\/\/seenpm.org\/\">SEENPM<\/a>,<strong>\u00a0<a href=\"https:\/\/institutemedia.org\/\">Albanski medijski institut<\/a>,\u00a0<a href=\"https:\/\/www.media.ba\/bs\">MediaCentar Sarajevo<\/a>,\u00a0<a href=\"https:\/\/presscouncil-ks.org\/\">Savet za \u0161tampu Kosova<\/a>,\u00a0<a href=\"https:\/\/mim.org.mk\/en\/\">Makedonski institut za medije<\/a><\/strong>,\u00a0<strong><a href=\"https:\/\/www.mminstitute.org\/\">Medijski institut Crne gore<\/a><\/strong>,\u00a0<strong><a href=\"https:\/\/novinarska-skola.org.rs\/srbija-opet-pala-na-listi-reportera-bez-granica\/?lang=en\">Novosadska novinarska \u0161kola<\/a>,\u00a0<a href=\"https:\/\/www.mirovni-institut.si\/en\/\">Mirovni institut<\/a><\/strong>\u00a0i\u00a0<strong><a href=\"https:\/\/bianet.org\/english\">Bianet <\/a><\/strong><a href=\"https:\/\/bianet.org\/english\">uz finansijsku podr\u0161ku Evropske Unije.<\/a><\/i><\/p>\n<p><strong><em>Ovaj \u010dlanak je produciran uz finansijsku podr\u0161ku Evropske unije. Sadr\u017eaj je isklju\u010divo odgovornost SEENPM-a i ne odra\u017eava nu\u017eno stavove Evropske Unije.<\/em><\/strong><\/p>\n<p>&nbsp;<\/p>\n<p><em>Kofinancira<\/em><\/p>\n<p>&nbsp;<\/p>\n<p><img loading=\"lazy\" decoding=\"async\" class=\"\" src=\"https:\/\/media.ba\/sites\/default\/files\/osf-logo.jpg\" width=\"249\" height=\"79\" \/><\/p>\n<p>&nbsp;<\/p>\n<p>&nbsp;<\/p>\n<p>&nbsp;<\/p>\n<p>&nbsp;<\/p>\n","protected":false},"excerpt":{"rendered":"<p>Svet prolazi kroz jedinstveni i turbulentan period koji zahteva duboko promi\u0161ljanje o stanju i budu\u0107nosti medija, istaknuto je na konferenciji &#8216;Our Media&#8217;. &nbsp; Autor:\u00a0Nevena R\u0161umovi\u0107 &nbsp; \u017divimo u eri u kojoj se sami temelji novinarstva iznova preispituju \u2013 izme\u0111u zahteva digitalnog kapitalizma, uspona algoritamskog upravljanja i trajne potrebe za istinom u javnom \u017eivotu. &nbsp; Ove [&hellip;]<\/p>\n","protected":false},"author":2,"featured_media":17234,"comment_status":"open","ping_status":"open","sticky":false,"template":"","format":"standard","meta":{"footnotes":""},"categories":[135],"tags":[],"class_list":["post-17233","post","type-post","status-publish","format-standard","has-post-thumbnail","hentry","category-vesti"],"acf":[],"yoast_head":"<!-- This site is optimized with the Yoast SEO plugin v28.3 - https:\/\/yoast.com\/product\/yoast-seo-wordpress\/ -->\n<title>Evropski talas promena: Novo doba za medijske slobode - K\u00ebshilli i Mediave t\u00eb Shkruara t\u00eb Kosov\u00ebs | P\u00ebr nj\u00eb gazetari etike dhe profesionale<\/title>\n<meta name=\"robots\" content=\"index, follow, max-snippet:-1, max-image-preview:large, max-video-preview:-1\" \/>\n<link rel=\"canonical\" href=\"http:\/\/presscouncil-ks.org\/?p=17233&lang=sr\" \/>\n<meta property=\"og:locale\" content=\"en_US\" \/>\n<meta property=\"og:type\" content=\"article\" \/>\n<meta property=\"og:title\" content=\"Evropski talas promena: Novo doba za medijske slobode - K\u00ebshilli i Mediave t\u00eb Shkruara t\u00eb Kosov\u00ebs | P\u00ebr nj\u00eb gazetari etike dhe profesionale\" \/>\n<meta property=\"og:description\" content=\"Svet prolazi kroz jedinstveni i turbulentan period koji zahteva duboko promi\u0161ljanje o stanju i budu\u0107nosti medija, istaknuto je na konferenciji &#8216;Our Media&#8217;. &nbsp; Autor:\u00a0Nevena R\u0161umovi\u0107 &nbsp; \u017divimo u eri u kojoj se sami temelji novinarstva iznova preispituju \u2013 izme\u0111u zahteva digitalnog kapitalizma, uspona algoritamskog upravljanja i trajne potrebe za istinom u javnom \u017eivotu. &nbsp; Ove [&hellip;]\" \/>\n<meta property=\"og:url\" content=\"http:\/\/presscouncil-ks.org\/?p=17233&amp;lang=sr\" \/>\n<meta property=\"og:site_name\" content=\"K\u00ebshilli i Mediave t\u00eb Shkruara t\u00eb Kosov\u00ebs | P\u00ebr nj\u00eb gazetari etike dhe profesionale\" \/>\n<meta property=\"article:publisher\" content=\"https:\/\/www.facebook.com\/KMSHKosove\" \/>\n<meta property=\"article:published_time\" content=\"2025-10-14T13:12:42+00:00\" \/>\n<meta property=\"article:modified_time\" content=\"2025-10-21T10:39:15+00:00\" \/>\n<meta property=\"og:image\" content=\"http:\/\/presscouncil-ks.org\/wp-content\/uploads\/2025\/10\/evropski_talas_promena_v3.png\" \/>\n\t<meta property=\"og:image:width\" content=\"520\" \/>\n\t<meta property=\"og:image:height\" content=\"350\" \/>\n\t<meta property=\"og:image:type\" content=\"image\/png\" \/>\n<meta name=\"author\" content=\"Editor\" \/>\n<meta name=\"twitter:card\" content=\"summary_large_image\" \/>\n<meta name=\"twitter:label1\" content=\"Written by\" \/>\n\t<meta name=\"twitter:data1\" content=\"Editor\" \/>\n\t<meta name=\"twitter:label2\" content=\"Est. reading time\" \/>\n\t<meta name=\"twitter:data2\" content=\"10 minutes\" \/>\n<script type=\"application\/ld+json\" class=\"yoast-schema-graph\">{\"@context\":\"https:\\\/\\\/schema.org\",\"@graph\":[{\"@type\":\"Article\",\"@id\":\"http:\\\/\\\/presscouncil-ks.org\\\/?p=17233&lang=sr#article\",\"isPartOf\":{\"@id\":\"http:\\\/\\\/presscouncil-ks.org\\\/?p=17233&lang=sr\"},\"author\":{\"name\":\"Editor\",\"@id\":\"http:\\\/\\\/presscouncil-ks.org\\\/#\\\/schema\\\/person\\\/b79d30c61264caeb733239c16cc4d673\"},\"headline\":\"Evropski talas promena: Novo doba za medijske slobode\",\"datePublished\":\"2025-10-14T13:12:42+00:00\",\"dateModified\":\"2025-10-21T10:39:15+00:00\",\"mainEntityOfPage\":{\"@id\":\"http:\\\/\\\/presscouncil-ks.org\\\/?p=17233&lang=sr\"},\"wordCount\":1923,\"commentCount\":0,\"publisher\":{\"@id\":\"http:\\\/\\\/presscouncil-ks.org\\\/#organization\"},\"image\":{\"@id\":\"http:\\\/\\\/presscouncil-ks.org\\\/?p=17233&lang=sr#primaryimage\"},\"thumbnailUrl\":\"http:\\\/\\\/presscouncil-ks.org\\\/wp-content\\\/uploads\\\/2025\\\/10\\\/evropski_talas_promena_v3.png\",\"articleSection\":[\"Vesti\"],\"inLanguage\":\"en-US\",\"potentialAction\":[{\"@type\":\"CommentAction\",\"name\":\"Comment\",\"target\":[\"http:\\\/\\\/presscouncil-ks.org\\\/?p=17233&lang=sr#respond\"]}]},{\"@type\":\"WebPage\",\"@id\":\"http:\\\/\\\/presscouncil-ks.org\\\/?p=17233&lang=sr\",\"url\":\"http:\\\/\\\/presscouncil-ks.org\\\/?p=17233&lang=sr\",\"name\":\"Evropski talas promena: Novo doba za medijske slobode - K\u00ebshilli i Mediave t\u00eb Shkruara t\u00eb Kosov\u00ebs | P\u00ebr nj\u00eb gazetari etike dhe profesionale\",\"isPartOf\":{\"@id\":\"http:\\\/\\\/presscouncil-ks.org\\\/#website\"},\"primaryImageOfPage\":{\"@id\":\"http:\\\/\\\/presscouncil-ks.org\\\/?p=17233&lang=sr#primaryimage\"},\"image\":{\"@id\":\"http:\\\/\\\/presscouncil-ks.org\\\/?p=17233&lang=sr#primaryimage\"},\"thumbnailUrl\":\"http:\\\/\\\/presscouncil-ks.org\\\/wp-content\\\/uploads\\\/2025\\\/10\\\/evropski_talas_promena_v3.png\",\"datePublished\":\"2025-10-14T13:12:42+00:00\",\"dateModified\":\"2025-10-21T10:39:15+00:00\",\"breadcrumb\":{\"@id\":\"http:\\\/\\\/presscouncil-ks.org\\\/?p=17233&lang=sr#breadcrumb\"},\"inLanguage\":\"en-US\",\"potentialAction\":[{\"@type\":\"ReadAction\",\"target\":[\"http:\\\/\\\/presscouncil-ks.org\\\/?p=17233&lang=sr\"]}]},{\"@type\":\"ImageObject\",\"inLanguage\":\"en-US\",\"@id\":\"http:\\\/\\\/presscouncil-ks.org\\\/?p=17233&lang=sr#primaryimage\",\"url\":\"http:\\\/\\\/presscouncil-ks.org\\\/wp-content\\\/uploads\\\/2025\\\/10\\\/evropski_talas_promena_v3.png\",\"contentUrl\":\"http:\\\/\\\/presscouncil-ks.org\\\/wp-content\\\/uploads\\\/2025\\\/10\\\/evropski_talas_promena_v3.png\",\"width\":520,\"height\":350},{\"@type\":\"BreadcrumbList\",\"@id\":\"http:\\\/\\\/presscouncil-ks.org\\\/?p=17233&lang=sr#breadcrumb\",\"itemListElement\":[{\"@type\":\"ListItem\",\"position\":1,\"name\":\"Home\",\"item\":\"https:\\\/\\\/presscouncil-ks.org\\\/\"},{\"@type\":\"ListItem\",\"position\":2,\"name\":\"Evropski talas promena: Novo doba za medijske slobode\"}]},{\"@type\":\"WebSite\",\"@id\":\"http:\\\/\\\/presscouncil-ks.org\\\/#website\",\"url\":\"http:\\\/\\\/presscouncil-ks.org\\\/\",\"name\":\"https:\\\/\\\/presscouncil-ks.org\\\/\",\"description\":\"\",\"publisher\":{\"@id\":\"http:\\\/\\\/presscouncil-ks.org\\\/#organization\"},\"potentialAction\":[{\"@type\":\"SearchAction\",\"target\":{\"@type\":\"EntryPoint\",\"urlTemplate\":\"http:\\\/\\\/presscouncil-ks.org\\\/?s={search_term_string}\"},\"query-input\":{\"@type\":\"PropertyValueSpecification\",\"valueRequired\":true,\"valueName\":\"search_term_string\"}}],\"inLanguage\":\"en-US\"},{\"@type\":\"Organization\",\"@id\":\"http:\\\/\\\/presscouncil-ks.org\\\/#organization\",\"name\":\"K\u00ebshilli i Mediave t\u00eb Shkruara t\u00eb Kosov\u00ebs\",\"url\":\"http:\\\/\\\/presscouncil-ks.org\\\/\",\"logo\":{\"@type\":\"ImageObject\",\"inLanguage\":\"en-US\",\"@id\":\"http:\\\/\\\/presscouncil-ks.org\\\/#\\\/schema\\\/logo\\\/image\\\/\",\"url\":\"http:\\\/\\\/presscouncil-ks.org\\\/wp-content\\\/uploads\\\/2023\\\/06\\\/cropped-logo.png\",\"contentUrl\":\"http:\\\/\\\/presscouncil-ks.org\\\/wp-content\\\/uploads\\\/2023\\\/06\\\/cropped-logo.png\",\"width\":268,\"height\":166,\"caption\":\"K\u00ebshilli i Mediave t\u00eb Shkruara t\u00eb Kosov\u00ebs\"},\"image\":{\"@id\":\"http:\\\/\\\/presscouncil-ks.org\\\/#\\\/schema\\\/logo\\\/image\\\/\"},\"sameAs\":[\"https:\\\/\\\/www.facebook.com\\\/KMSHKosove\"]},{\"@type\":\"Person\",\"@id\":\"http:\\\/\\\/presscouncil-ks.org\\\/#\\\/schema\\\/person\\\/b79d30c61264caeb733239c16cc4d673\",\"name\":\"Editor\",\"image\":{\"@type\":\"ImageObject\",\"inLanguage\":\"en-US\",\"@id\":\"https:\\\/\\\/secure.gravatar.com\\\/avatar\\\/9534865f39e7b3527010ee17196a76d054b16d731a6a5bfe2f92a071c6e9bf4e?s=96&d=mm&r=g\",\"url\":\"https:\\\/\\\/secure.gravatar.com\\\/avatar\\\/9534865f39e7b3527010ee17196a76d054b16d731a6a5bfe2f92a071c6e9bf4e?s=96&d=mm&r=g\",\"contentUrl\":\"https:\\\/\\\/secure.gravatar.com\\\/avatar\\\/9534865f39e7b3527010ee17196a76d054b16d731a6a5bfe2f92a071c6e9bf4e?s=96&d=mm&r=g\",\"caption\":\"Editor\"},\"url\":\"http:\\\/\\\/presscouncil-ks.org\\\/?author=2\"}]}<\/script>\n<!-- \/ Yoast SEO plugin. -->","yoast_head_json":{"title":"Evropski talas promena: Novo doba za medijske slobode - K\u00ebshilli i Mediave t\u00eb Shkruara t\u00eb Kosov\u00ebs | P\u00ebr nj\u00eb gazetari etike dhe profesionale","robots":{"index":"index","follow":"follow","max-snippet":"max-snippet:-1","max-image-preview":"max-image-preview:large","max-video-preview":"max-video-preview:-1"},"canonical":"http:\/\/presscouncil-ks.org\/?p=17233&lang=sr","og_locale":"en_US","og_type":"article","og_title":"Evropski talas promena: Novo doba za medijske slobode - K\u00ebshilli i Mediave t\u00eb Shkruara t\u00eb Kosov\u00ebs | P\u00ebr nj\u00eb gazetari etike dhe profesionale","og_description":"Svet prolazi kroz jedinstveni i turbulentan period koji zahteva duboko promi\u0161ljanje o stanju i budu\u0107nosti medija, istaknuto je na konferenciji &#8216;Our Media&#8217;. &nbsp; Autor:\u00a0Nevena R\u0161umovi\u0107 &nbsp; \u017divimo u eri u kojoj se sami temelji novinarstva iznova preispituju \u2013 izme\u0111u zahteva digitalnog kapitalizma, uspona algoritamskog upravljanja i trajne potrebe za istinom u javnom \u017eivotu. &nbsp; Ove [&hellip;]","og_url":"http:\/\/presscouncil-ks.org\/?p=17233&lang=sr","og_site_name":"K\u00ebshilli i Mediave t\u00eb Shkruara t\u00eb Kosov\u00ebs | P\u00ebr nj\u00eb gazetari etike dhe profesionale","article_publisher":"https:\/\/www.facebook.com\/KMSHKosove","article_published_time":"2025-10-14T13:12:42+00:00","article_modified_time":"2025-10-21T10:39:15+00:00","og_image":[{"width":520,"height":350,"url":"http:\/\/presscouncil-ks.org\/wp-content\/uploads\/2025\/10\/evropski_talas_promena_v3.png","type":"image\/png"}],"author":"Editor","twitter_card":"summary_large_image","twitter_misc":{"Written by":"Editor","Est. reading time":"10 minutes"},"schema":{"@context":"https:\/\/schema.org","@graph":[{"@type":"Article","@id":"http:\/\/presscouncil-ks.org\/?p=17233&lang=sr#article","isPartOf":{"@id":"http:\/\/presscouncil-ks.org\/?p=17233&lang=sr"},"author":{"name":"Editor","@id":"http:\/\/presscouncil-ks.org\/#\/schema\/person\/b79d30c61264caeb733239c16cc4d673"},"headline":"Evropski talas promena: Novo doba za medijske slobode","datePublished":"2025-10-14T13:12:42+00:00","dateModified":"2025-10-21T10:39:15+00:00","mainEntityOfPage":{"@id":"http:\/\/presscouncil-ks.org\/?p=17233&lang=sr"},"wordCount":1923,"commentCount":0,"publisher":{"@id":"http:\/\/presscouncil-ks.org\/#organization"},"image":{"@id":"http:\/\/presscouncil-ks.org\/?p=17233&lang=sr#primaryimage"},"thumbnailUrl":"http:\/\/presscouncil-ks.org\/wp-content\/uploads\/2025\/10\/evropski_talas_promena_v3.png","articleSection":["Vesti"],"inLanguage":"en-US","potentialAction":[{"@type":"CommentAction","name":"Comment","target":["http:\/\/presscouncil-ks.org\/?p=17233&lang=sr#respond"]}]},{"@type":"WebPage","@id":"http:\/\/presscouncil-ks.org\/?p=17233&lang=sr","url":"http:\/\/presscouncil-ks.org\/?p=17233&lang=sr","name":"Evropski talas promena: Novo doba za medijske slobode - K\u00ebshilli i Mediave t\u00eb Shkruara t\u00eb Kosov\u00ebs | P\u00ebr nj\u00eb gazetari etike dhe profesionale","isPartOf":{"@id":"http:\/\/presscouncil-ks.org\/#website"},"primaryImageOfPage":{"@id":"http:\/\/presscouncil-ks.org\/?p=17233&lang=sr#primaryimage"},"image":{"@id":"http:\/\/presscouncil-ks.org\/?p=17233&lang=sr#primaryimage"},"thumbnailUrl":"http:\/\/presscouncil-ks.org\/wp-content\/uploads\/2025\/10\/evropski_talas_promena_v3.png","datePublished":"2025-10-14T13:12:42+00:00","dateModified":"2025-10-21T10:39:15+00:00","breadcrumb":{"@id":"http:\/\/presscouncil-ks.org\/?p=17233&lang=sr#breadcrumb"},"inLanguage":"en-US","potentialAction":[{"@type":"ReadAction","target":["http:\/\/presscouncil-ks.org\/?p=17233&lang=sr"]}]},{"@type":"ImageObject","inLanguage":"en-US","@id":"http:\/\/presscouncil-ks.org\/?p=17233&lang=sr#primaryimage","url":"http:\/\/presscouncil-ks.org\/wp-content\/uploads\/2025\/10\/evropski_talas_promena_v3.png","contentUrl":"http:\/\/presscouncil-ks.org\/wp-content\/uploads\/2025\/10\/evropski_talas_promena_v3.png","width":520,"height":350},{"@type":"BreadcrumbList","@id":"http:\/\/presscouncil-ks.org\/?p=17233&lang=sr#breadcrumb","itemListElement":[{"@type":"ListItem","position":1,"name":"Home","item":"https:\/\/presscouncil-ks.org\/"},{"@type":"ListItem","position":2,"name":"Evropski talas promena: Novo doba za medijske slobode"}]},{"@type":"WebSite","@id":"http:\/\/presscouncil-ks.org\/#website","url":"http:\/\/presscouncil-ks.org\/","name":"https:\/\/presscouncil-ks.org\/","description":"","publisher":{"@id":"http:\/\/presscouncil-ks.org\/#organization"},"potentialAction":[{"@type":"SearchAction","target":{"@type":"EntryPoint","urlTemplate":"http:\/\/presscouncil-ks.org\/?s={search_term_string}"},"query-input":{"@type":"PropertyValueSpecification","valueRequired":true,"valueName":"search_term_string"}}],"inLanguage":"en-US"},{"@type":"Organization","@id":"http:\/\/presscouncil-ks.org\/#organization","name":"K\u00ebshilli i Mediave t\u00eb Shkruara t\u00eb Kosov\u00ebs","url":"http:\/\/presscouncil-ks.org\/","logo":{"@type":"ImageObject","inLanguage":"en-US","@id":"http:\/\/presscouncil-ks.org\/#\/schema\/logo\/image\/","url":"http:\/\/presscouncil-ks.org\/wp-content\/uploads\/2023\/06\/cropped-logo.png","contentUrl":"http:\/\/presscouncil-ks.org\/wp-content\/uploads\/2023\/06\/cropped-logo.png","width":268,"height":166,"caption":"K\u00ebshilli i Mediave t\u00eb Shkruara t\u00eb Kosov\u00ebs"},"image":{"@id":"http:\/\/presscouncil-ks.org\/#\/schema\/logo\/image\/"},"sameAs":["https:\/\/www.facebook.com\/KMSHKosove"]},{"@type":"Person","@id":"http:\/\/presscouncil-ks.org\/#\/schema\/person\/b79d30c61264caeb733239c16cc4d673","name":"Editor","image":{"@type":"ImageObject","inLanguage":"en-US","@id":"https:\/\/secure.gravatar.com\/avatar\/9534865f39e7b3527010ee17196a76d054b16d731a6a5bfe2f92a071c6e9bf4e?s=96&d=mm&r=g","url":"https:\/\/secure.gravatar.com\/avatar\/9534865f39e7b3527010ee17196a76d054b16d731a6a5bfe2f92a071c6e9bf4e?s=96&d=mm&r=g","contentUrl":"https:\/\/secure.gravatar.com\/avatar\/9534865f39e7b3527010ee17196a76d054b16d731a6a5bfe2f92a071c6e9bf4e?s=96&d=mm&r=g","caption":"Editor"},"url":"http:\/\/presscouncil-ks.org\/?author=2"}]}},"_links":{"self":[{"href":"http:\/\/presscouncil-ks.org\/index.php?rest_route=\/wp\/v2\/posts\/17233","targetHints":{"allow":["GET"]}}],"collection":[{"href":"http:\/\/presscouncil-ks.org\/index.php?rest_route=\/wp\/v2\/posts"}],"about":[{"href":"http:\/\/presscouncil-ks.org\/index.php?rest_route=\/wp\/v2\/types\/post"}],"author":[{"embeddable":true,"href":"http:\/\/presscouncil-ks.org\/index.php?rest_route=\/wp\/v2\/users\/2"}],"replies":[{"embeddable":true,"href":"http:\/\/presscouncil-ks.org\/index.php?rest_route=%2Fwp%2Fv2%2Fcomments&post=17233"}],"version-history":[{"count":7,"href":"http:\/\/presscouncil-ks.org\/index.php?rest_route=\/wp\/v2\/posts\/17233\/revisions"}],"predecessor-version":[{"id":17313,"href":"http:\/\/presscouncil-ks.org\/index.php?rest_route=\/wp\/v2\/posts\/17233\/revisions\/17313"}],"wp:featuredmedia":[{"embeddable":true,"href":"http:\/\/presscouncil-ks.org\/index.php?rest_route=\/wp\/v2\/media\/17234"}],"wp:attachment":[{"href":"http:\/\/presscouncil-ks.org\/index.php?rest_route=%2Fwp%2Fv2%2Fmedia&parent=17233"}],"wp:term":[{"taxonomy":"category","embeddable":true,"href":"http:\/\/presscouncil-ks.org\/index.php?rest_route=%2Fwp%2Fv2%2Fcategories&post=17233"},{"taxonomy":"post_tag","embeddable":true,"href":"http:\/\/presscouncil-ks.org\/index.php?rest_route=%2Fwp%2Fv2%2Ftags&post=17233"}],"curies":[{"name":"wp","href":"https:\/\/api.w.org\/{rel}","templated":true}]}}