{"id":17195,"date":"2025-10-06T10:53:11","date_gmt":"2025-10-06T10:53:11","guid":{"rendered":"https:\/\/presscouncil-ks.org\/?p=17195"},"modified":"2025-10-21T10:41:39","modified_gmt":"2025-10-21T10:41:39","slug":"konferencija-nasi-mediji-sloboda-izrazavanja-u-vanrednim-okolnostima","status":"publish","type":"post","link":"http:\/\/presscouncil-ks.org\/?p=17195&lang=sr","title":{"rendered":"Konferencija \u201cNa\u0161i mediji\u201d: Sloboda izra\u017eavanja u vanrednim okolnostima"},"content":{"rendered":"<p><strong><em>Na dvodnevnoj konferenciji okupilo se vi\u0161e od 70 medijskih profesionalaca i profesionalki te predstavnika i predstavnica organizacija civilnog dru\u0161tva posve\u0107enih medijskim slobodama.<\/em><\/strong><\/p>\n<p><strong><em>\u00a0<\/em><\/strong><\/p>\n<p><strong><em>Foto: Mirza Ajnad\u017ei\u0107 \/ Mediacentar Sarajevo<\/em><\/strong><\/p>\n<p>&nbsp;<\/p>\n<p>Sloboda izra\u017eavanja, budu\u0107nost novinarstva na Zapadnom Balkanu i u Turskoj, eti\u010dke dileme o kori\u0161tenju dru\u0161tvenih mre\u017ea za ciljeve civilnog dru\u0161tva, te pobolj\u0161anje saradnje izme\u0111u novinara, aktivista i gra\u0111ana, bile su neke od tema Me\u0111unarodne konferencije <strong>\u201cNa\u0161i mediji\u201d<\/strong>, odr\u017eane na Fakultetu politi\u010dkih nauka u Sarajevu.<\/p>\n<p>&nbsp;<\/p>\n<p>Na dvodnevnoj konferenciji okupilo se vi\u0161e od 70 medijskih profesionalaca i profesionalki te predstavnika i predstavnica organizacija civilnog dru\u0161tva posve\u0107enih medijskim slobodama. Doga\u0111aj su organizovali\u00a0<a href=\"https:\/\/seenpm.org\/\"><strong>Mre\u017ea za profesionalizaciju medija jugoisto\u010dne Evrope (SEENPM)<\/strong>\u00a0<\/a>i\u00a0<strong><a href=\"https:\/\/media.ba\/bs\">Mediacentar Sarajevo<\/a>.<\/strong><\/p>\n<p>&nbsp;<\/p>\n<p>Konferencija je nastavak istoimenog regionalnog projekta koji se provodi od 2023. i u sklopu kojeg je provedeno\u00a0<a href=\"https:\/\/futureofmedia.seenpm.org\/\">istra\u017eivanje o budu\u0107nosti medija<\/a>\u00a0i novinarskim trendovima, a otvorena su i druga va\u017ena pitanja kao \u0161to su odr\u017eivost nezavisnih medija, pritisci na slobodu izra\u017eavanja i lokalni medijski aktivizam gra\u0111ana i gra\u0111anki na Zapadnom Balkanu i u Turskoj.<\/p>\n<p>&nbsp;<\/p>\n<p><img decoding=\"async\" src=\"https:\/\/www.media.ba\/sites\/default\/files\/3017_05111028_s136_i.jpg\" \/><\/p>\n<p>&nbsp;<\/p>\n<p>Svijet je 2023. godine, kada su partnerske organizacije kreirale projekat <a href=\"https:\/\/seenpm.org\/about-the-project\/\"><strong>\u201dNa\u0161i mediji\u201c<\/strong>,<\/a> bio druga\u010diji nego sada, izjavila je <strong>Maida Muminovi\u0107<\/strong>, izvr\u0161na direktorica Fondacije Mediacentar Sarajevo. Nevladine organizacije koje se bave za\u0161titom slobode izra\u017eavanja, kao i nezavisni mediji, prolaze kroz period sve ja\u010dih pritisaka i neizvjesnosti.<\/p>\n<p>&nbsp;<\/p>\n<p>\u201dNa konferenciji smo se odlu\u010dili fokusirati na globalna pitanja koja imaju utjecaj na na\u0161u regiju, kao i goru\u0107a pitanja na Zapadnom Balkanu, te na globalna de\u0161avanja koja izazivaju strah u pogledu onoga \u0161to nam dolazi u oblasti ljudskih prava \u0161irom svijeta\u201c, rekla je Muminovi\u0107.<\/p>\n<p>&nbsp;<\/p>\n<p>Tokom konferencije predstavljeni su i rezultati <strong><a href=\"https:\/\/futureofmedia.seenpm.org\/\">regionalnog istra\u017eivanja o budu\u0107nosti medija i utjecaju profesionalnog novinarstva na demokratizaciju dru\u0161tva<\/a>.<\/strong> Rezultati su pokazali da su novinari i novinarke u regiji i dalje izlo\u017eeni pritiscima i prijetnjama, imaju niska primanja, dok \u017eene zaposlene u medijima te\u0161ko dolaze do liderskih pozicija. Zainteresovanost mladih ljudi za studiranje na komunikolo\u0161kim odsjecima je sve manja, ali, s druge strane, broj medija raste iz godine u godinu.<\/p>\n<p>&nbsp;<\/p>\n<p>\u201dMedijski trendovi su isti gotovo svugdje u regiji i uglavnom ukazuju na veliki pritisak kojima su mediji, posebno neovisni i manji lokalni, izlo\u017eeni. Pred nama je neizvjesna budu\u0107nost i zbog toga je jo\u0161 va\u017enije da se organizacije civilnog dru\u0161tva pove\u017eu. Zbog toga nam je drago da smo uspjeli ovaj doga\u0111aj u\u010diniti regionalnim, a do odre\u0111ene mjere i me\u0111unarodnim\u201c, poru\u010dio je <strong>Tihomir Loza<\/strong>, direktor SEENPM-a, mre\u017ee 18 medijskih organizacija iz jugoisto\u010dne Evrope.<\/p>\n<p>&nbsp;<\/p>\n<p><img decoding=\"async\" src=\"https:\/\/www.media.ba\/sites\/default\/files\/3017_05111244_s215_i_0.jpg\" \/><\/p>\n<p>&nbsp;<\/p>\n<p>Pored dru\u0161tvenih i ekonomskih izazova s kojima se novinari i novinarke trenutno bore \u2013 ne samo u regiji, nego i \u0161irom svijeta \u2013 kao \u0161to su cenzura i pristrano izvje\u0161tavanje o Gazi, zatvaranje pojedinih medijskih ku\u0107a i smanjivanje fondova za nezavisne medije, na konferenciji je spomenut i utjecaj novih tehnologija.<\/p>\n<p>&nbsp;<\/p>\n<p>Dugogodi\u0161nja saradnica SEENPM-a i medijska stru\u010dnjakinja iz Beograda <strong>Snje\u017eana Milivojevi\u0107<\/strong> u svom izlaganju se osvrnula na tehnologiju, nazvav\u0161i je najve\u0107im izazovom za medije, novinarstvo i javni interes u informacionom ekosistemu.<\/p>\n<p>&nbsp;<\/p>\n<p>\u201dVolim re\u0107i da, kao \u0161to nas kriti\u010dki teoreti\u010dari uvijek podsje\u0107aju, tehnologija ne mijenja svijet kada se prvi put pojavi, ve\u0107 kada je svi po\u010dnu koristiti. Navikli smo se na nju i ona je dio na\u0161eg svakodnevnog \u017eivota\u201c, kazala je Milivojevi\u0107.<\/p>\n<p>&nbsp;<\/p>\n<p><img decoding=\"async\" src=\"https:\/\/www.media.ba\/sites\/default\/files\/3017_05110926_s083_i.jpg\" \/><\/p>\n<p>&nbsp;<\/p>\n<p>Projekt\u00a0<a href=\"https:\/\/seenpm.org\/about-the-project\/\">\u201eNa\u0161i mediji\u201c<\/a>\u00a0financira Evropska unija, dok je konferenciju dodatno podr\u017eao Open Society Foundations Western Balkans (Fondacije za otvoreno dru\u0161tvo Zapadnog Balkana). Do kraja projekta nastavit \u0107e se provoditi istra\u017eivanje o budu\u0107nosti medija, te pro\u0161iriti\u00a0ve\u0107 <strong><a href=\"https:\/\/ourmediaquiz.seenpm.org\/\">postoje\u0107a platforma\u00a0za online u\u010denje o medijskoj pismenosti<\/a>. <\/strong>Tako\u0111er, mladi lideri i liderice i medijski aktivisti i aktivistice iz regije u\u010destvovat \u0107e na studijskim putovanjima po Evropi kako bi unaprijedili svoje vje\u0161tine i primijenili ih u lokalnim zajednicama.<\/p>\n<p>&nbsp;<\/p>\n<p><img loading=\"lazy\" decoding=\"async\" class=\"\" src=\"https:\/\/static.bianet.org\/2025\/10\/en-co-funded-by-the-eu-pos.jpg\" width=\"281\" height=\"59\" \/><\/p>\n<p>&nbsp;<\/p>\n<p><i>Regionalni projekat &#8220;Na\u0161i mediji: Inicijativa za unapre\u0111enje medijske pismenosti, dijalog i aktivizam <em>borbu protiv polarizacije i promoviranje dijaloga\u201c<\/em> implementiraju partnerske organizacije <a href=\"https:\/\/seenpm.org\/\">SEENPM<\/a>,<strong>\u00a0<a href=\"https:\/\/institutemedia.org\/\">Albanski medijski institut<\/a>,\u00a0<a href=\"https:\/\/www.media.ba\/bs\">MediaCentar Sarajevo<\/a>,\u00a0<a href=\"https:\/\/presscouncil-ks.org\/\">Savet za \u0161tampu Kosova<\/a>,\u00a0<a href=\"https:\/\/mim.org.mk\/en\/\">Makedonski institut za medije<\/a><\/strong>,\u00a0<strong><a href=\"https:\/\/www.mminstitute.org\/\">Medijski institut Crne gore<\/a><\/strong>,\u00a0<strong><a href=\"https:\/\/novinarska-skola.org.rs\/srbija-opet-pala-na-listi-reportera-bez-granica\/?lang=en\">Novosadska novinarska \u0161kola<\/a>,\u00a0<a href=\"https:\/\/www.mirovni-institut.si\/en\/\">Mirovni institut<\/a><\/strong>\u00a0i\u00a0<strong><a href=\"https:\/\/bianet.org\/english\">Bianet <\/a><\/strong><a href=\"https:\/\/bianet.org\/english\">uz finansijsku podr\u0161ku Evropske Unije.<\/a><\/i><\/p>\n<p>&nbsp;<\/p>\n<p><em>Ovaj \u010dlanak je produciran uz finansijsku podr\u0161ku Evropske Unije. Sadr\u017eaj je isklju\u010divo odgovornost SEENPM-a i ne odra\u017eava nu\u017eno stavove Evropske unije.<\/em><\/p>\n<p>&nbsp;<\/p>\n<p>Ko-financira:<\/p>\n<p><img loading=\"lazy\" decoding=\"async\" class=\"\" src=\"https:\/\/www.media.ba\/sites\/default\/files\/osf-logo.jpg\" width=\"211\" height=\"67\" \/><\/p>\n<p>&nbsp;<\/p>\n<p>&nbsp;<\/p>\n<p>&nbsp;<\/p>\n","protected":false},"excerpt":{"rendered":"<p>Na dvodnevnoj konferenciji okupilo se vi\u0161e od 70 medijskih profesionalaca i profesionalki te predstavnika i predstavnica organizacija civilnog dru\u0161tva posve\u0107enih medijskim slobodama. \u00a0 Foto: Mirza Ajnad\u017ei\u0107 \/ Mediacentar Sarajevo &nbsp; Sloboda izra\u017eavanja, budu\u0107nost novinarstva na Zapadnom Balkanu i u Turskoj, eti\u010dke dileme o kori\u0161tenju dru\u0161tvenih mre\u017ea za ciljeve civilnog dru\u0161tva, te pobolj\u0161anje saradnje izme\u0111u novinara, [&hellip;]<\/p>\n","protected":false},"author":2,"featured_media":17189,"comment_status":"open","ping_status":"open","sticky":false,"template":"","format":"standard","meta":{"footnotes":""},"categories":[135],"tags":[],"class_list":["post-17195","post","type-post","status-publish","format-standard","has-post-thumbnail","hentry","category-vesti"],"acf":[],"yoast_head":"<!-- This site is optimized with the Yoast SEO plugin v28.3 - https:\/\/yoast.com\/product\/yoast-seo-wordpress\/ -->\n<title>Konferencija \u201cNa\u0161i mediji\u201d: Sloboda izra\u017eavanja u vanrednim okolnostima - K\u00ebshilli i Mediave t\u00eb Shkruara t\u00eb Kosov\u00ebs | P\u00ebr nj\u00eb gazetari etike dhe profesionale<\/title>\n<meta name=\"robots\" content=\"index, follow, max-snippet:-1, max-image-preview:large, max-video-preview:-1\" \/>\n<link rel=\"canonical\" href=\"http:\/\/presscouncil-ks.org\/?p=17195&lang=sr\" \/>\n<meta property=\"og:locale\" content=\"en_US\" \/>\n<meta property=\"og:type\" content=\"article\" \/>\n<meta property=\"og:title\" content=\"Konferencija \u201cNa\u0161i mediji\u201d: Sloboda izra\u017eavanja u vanrednim okolnostima - K\u00ebshilli i Mediave t\u00eb Shkruara t\u00eb Kosov\u00ebs | P\u00ebr nj\u00eb gazetari etike dhe profesionale\" \/>\n<meta property=\"og:description\" content=\"Na dvodnevnoj konferenciji okupilo se vi\u0161e od 70 medijskih profesionalaca i profesionalki te predstavnika i predstavnica organizacija civilnog dru\u0161tva posve\u0107enih medijskim slobodama. \u00a0 Foto: Mirza Ajnad\u017ei\u0107 \/ Mediacentar Sarajevo &nbsp; Sloboda izra\u017eavanja, budu\u0107nost novinarstva na Zapadnom Balkanu i u Turskoj, eti\u010dke dileme o kori\u0161tenju dru\u0161tvenih mre\u017ea za ciljeve civilnog dru\u0161tva, te pobolj\u0161anje saradnje izme\u0111u novinara, [&hellip;]\" \/>\n<meta property=\"og:url\" content=\"http:\/\/presscouncil-ks.org\/?p=17195&amp;lang=sr\" \/>\n<meta property=\"og:site_name\" content=\"K\u00ebshilli i Mediave t\u00eb Shkruara t\u00eb Kosov\u00ebs | P\u00ebr nj\u00eb gazetari etike dhe profesionale\" \/>\n<meta property=\"article:publisher\" content=\"https:\/\/www.facebook.com\/KMSHKosove\" \/>\n<meta property=\"article:published_time\" content=\"2025-10-06T10:53:11+00:00\" \/>\n<meta property=\"article:modified_time\" content=\"2025-10-21T10:41:39+00:00\" \/>\n<meta property=\"og:image\" content=\"http:\/\/presscouncil-ks.org\/wp-content\/uploads\/2025\/10\/foto-1-sarajeva-konf.jpg\" \/>\n\t<meta property=\"og:image:width\" content=\"520\" \/>\n\t<meta property=\"og:image:height\" content=\"350\" \/>\n\t<meta property=\"og:image:type\" content=\"image\/jpeg\" \/>\n<meta name=\"author\" content=\"Editor\" \/>\n<meta name=\"twitter:card\" content=\"summary_large_image\" \/>\n<meta name=\"twitter:label1\" content=\"Written by\" \/>\n\t<meta name=\"twitter:data1\" content=\"Editor\" \/>\n\t<meta name=\"twitter:label2\" content=\"Est. reading time\" \/>\n\t<meta name=\"twitter:data2\" content=\"4 minutes\" \/>\n<script type=\"application\/ld+json\" class=\"yoast-schema-graph\">{\"@context\":\"https:\\\/\\\/schema.org\",\"@graph\":[{\"@type\":\"Article\",\"@id\":\"http:\\\/\\\/presscouncil-ks.org\\\/?p=17195&lang=sr#article\",\"isPartOf\":{\"@id\":\"http:\\\/\\\/presscouncil-ks.org\\\/?p=17195&lang=sr\"},\"author\":{\"name\":\"Editor\",\"@id\":\"http:\\\/\\\/presscouncil-ks.org\\\/#\\\/schema\\\/person\\\/b79d30c61264caeb733239c16cc4d673\"},\"headline\":\"Konferencija \u201cNa\u0161i mediji\u201d: Sloboda izra\u017eavanja u vanrednim okolnostima\",\"datePublished\":\"2025-10-06T10:53:11+00:00\",\"dateModified\":\"2025-10-21T10:41:39+00:00\",\"mainEntityOfPage\":{\"@id\":\"http:\\\/\\\/presscouncil-ks.org\\\/?p=17195&lang=sr\"},\"wordCount\":772,\"commentCount\":0,\"publisher\":{\"@id\":\"http:\\\/\\\/presscouncil-ks.org\\\/#organization\"},\"image\":{\"@id\":\"http:\\\/\\\/presscouncil-ks.org\\\/?p=17195&lang=sr#primaryimage\"},\"thumbnailUrl\":\"http:\\\/\\\/presscouncil-ks.org\\\/wp-content\\\/uploads\\\/2025\\\/10\\\/foto-1-sarajeva-konf.jpg\",\"articleSection\":[\"Vesti\"],\"inLanguage\":\"en-US\",\"potentialAction\":[{\"@type\":\"CommentAction\",\"name\":\"Comment\",\"target\":[\"http:\\\/\\\/presscouncil-ks.org\\\/?p=17195&lang=sr#respond\"]}]},{\"@type\":\"WebPage\",\"@id\":\"http:\\\/\\\/presscouncil-ks.org\\\/?p=17195&lang=sr\",\"url\":\"http:\\\/\\\/presscouncil-ks.org\\\/?p=17195&lang=sr\",\"name\":\"Konferencija \u201cNa\u0161i mediji\u201d: Sloboda izra\u017eavanja u vanrednim okolnostima - K\u00ebshilli i Mediave t\u00eb Shkruara t\u00eb Kosov\u00ebs | P\u00ebr nj\u00eb gazetari etike dhe profesionale\",\"isPartOf\":{\"@id\":\"http:\\\/\\\/presscouncil-ks.org\\\/#website\"},\"primaryImageOfPage\":{\"@id\":\"http:\\\/\\\/presscouncil-ks.org\\\/?p=17195&lang=sr#primaryimage\"},\"image\":{\"@id\":\"http:\\\/\\\/presscouncil-ks.org\\\/?p=17195&lang=sr#primaryimage\"},\"thumbnailUrl\":\"http:\\\/\\\/presscouncil-ks.org\\\/wp-content\\\/uploads\\\/2025\\\/10\\\/foto-1-sarajeva-konf.jpg\",\"datePublished\":\"2025-10-06T10:53:11+00:00\",\"dateModified\":\"2025-10-21T10:41:39+00:00\",\"breadcrumb\":{\"@id\":\"http:\\\/\\\/presscouncil-ks.org\\\/?p=17195&lang=sr#breadcrumb\"},\"inLanguage\":\"en-US\",\"potentialAction\":[{\"@type\":\"ReadAction\",\"target\":[\"http:\\\/\\\/presscouncil-ks.org\\\/?p=17195&lang=sr\"]}]},{\"@type\":\"ImageObject\",\"inLanguage\":\"en-US\",\"@id\":\"http:\\\/\\\/presscouncil-ks.org\\\/?p=17195&lang=sr#primaryimage\",\"url\":\"http:\\\/\\\/presscouncil-ks.org\\\/wp-content\\\/uploads\\\/2025\\\/10\\\/foto-1-sarajeva-konf.jpg\",\"contentUrl\":\"http:\\\/\\\/presscouncil-ks.org\\\/wp-content\\\/uploads\\\/2025\\\/10\\\/foto-1-sarajeva-konf.jpg\",\"width\":520,\"height\":350},{\"@type\":\"BreadcrumbList\",\"@id\":\"http:\\\/\\\/presscouncil-ks.org\\\/?p=17195&lang=sr#breadcrumb\",\"itemListElement\":[{\"@type\":\"ListItem\",\"position\":1,\"name\":\"Home\",\"item\":\"https:\\\/\\\/presscouncil-ks.org\\\/\"},{\"@type\":\"ListItem\",\"position\":2,\"name\":\"Konferencija \u201cNa\u0161i mediji\u201d: Sloboda izra\u017eavanja u vanrednim okolnostima\"}]},{\"@type\":\"WebSite\",\"@id\":\"http:\\\/\\\/presscouncil-ks.org\\\/#website\",\"url\":\"http:\\\/\\\/presscouncil-ks.org\\\/\",\"name\":\"https:\\\/\\\/presscouncil-ks.org\\\/\",\"description\":\"\",\"publisher\":{\"@id\":\"http:\\\/\\\/presscouncil-ks.org\\\/#organization\"},\"potentialAction\":[{\"@type\":\"SearchAction\",\"target\":{\"@type\":\"EntryPoint\",\"urlTemplate\":\"http:\\\/\\\/presscouncil-ks.org\\\/?s={search_term_string}\"},\"query-input\":{\"@type\":\"PropertyValueSpecification\",\"valueRequired\":true,\"valueName\":\"search_term_string\"}}],\"inLanguage\":\"en-US\"},{\"@type\":\"Organization\",\"@id\":\"http:\\\/\\\/presscouncil-ks.org\\\/#organization\",\"name\":\"K\u00ebshilli i Mediave t\u00eb Shkruara t\u00eb Kosov\u00ebs\",\"url\":\"http:\\\/\\\/presscouncil-ks.org\\\/\",\"logo\":{\"@type\":\"ImageObject\",\"inLanguage\":\"en-US\",\"@id\":\"http:\\\/\\\/presscouncil-ks.org\\\/#\\\/schema\\\/logo\\\/image\\\/\",\"url\":\"http:\\\/\\\/presscouncil-ks.org\\\/wp-content\\\/uploads\\\/2023\\\/06\\\/cropped-logo.png\",\"contentUrl\":\"http:\\\/\\\/presscouncil-ks.org\\\/wp-content\\\/uploads\\\/2023\\\/06\\\/cropped-logo.png\",\"width\":268,\"height\":166,\"caption\":\"K\u00ebshilli i Mediave t\u00eb Shkruara t\u00eb Kosov\u00ebs\"},\"image\":{\"@id\":\"http:\\\/\\\/presscouncil-ks.org\\\/#\\\/schema\\\/logo\\\/image\\\/\"},\"sameAs\":[\"https:\\\/\\\/www.facebook.com\\\/KMSHKosove\"]},{\"@type\":\"Person\",\"@id\":\"http:\\\/\\\/presscouncil-ks.org\\\/#\\\/schema\\\/person\\\/b79d30c61264caeb733239c16cc4d673\",\"name\":\"Editor\",\"image\":{\"@type\":\"ImageObject\",\"inLanguage\":\"en-US\",\"@id\":\"https:\\\/\\\/secure.gravatar.com\\\/avatar\\\/9534865f39e7b3527010ee17196a76d054b16d731a6a5bfe2f92a071c6e9bf4e?s=96&d=mm&r=g\",\"url\":\"https:\\\/\\\/secure.gravatar.com\\\/avatar\\\/9534865f39e7b3527010ee17196a76d054b16d731a6a5bfe2f92a071c6e9bf4e?s=96&d=mm&r=g\",\"contentUrl\":\"https:\\\/\\\/secure.gravatar.com\\\/avatar\\\/9534865f39e7b3527010ee17196a76d054b16d731a6a5bfe2f92a071c6e9bf4e?s=96&d=mm&r=g\",\"caption\":\"Editor\"},\"url\":\"http:\\\/\\\/presscouncil-ks.org\\\/?author=2\"}]}<\/script>\n<!-- \/ Yoast SEO plugin. -->","yoast_head_json":{"title":"Konferencija \u201cNa\u0161i mediji\u201d: Sloboda izra\u017eavanja u vanrednim okolnostima - K\u00ebshilli i Mediave t\u00eb Shkruara t\u00eb Kosov\u00ebs | P\u00ebr nj\u00eb gazetari etike dhe profesionale","robots":{"index":"index","follow":"follow","max-snippet":"max-snippet:-1","max-image-preview":"max-image-preview:large","max-video-preview":"max-video-preview:-1"},"canonical":"http:\/\/presscouncil-ks.org\/?p=17195&lang=sr","og_locale":"en_US","og_type":"article","og_title":"Konferencija \u201cNa\u0161i mediji\u201d: Sloboda izra\u017eavanja u vanrednim okolnostima - K\u00ebshilli i Mediave t\u00eb Shkruara t\u00eb Kosov\u00ebs | P\u00ebr nj\u00eb gazetari etike dhe profesionale","og_description":"Na dvodnevnoj konferenciji okupilo se vi\u0161e od 70 medijskih profesionalaca i profesionalki te predstavnika i predstavnica organizacija civilnog dru\u0161tva posve\u0107enih medijskim slobodama. \u00a0 Foto: Mirza Ajnad\u017ei\u0107 \/ Mediacentar Sarajevo &nbsp; Sloboda izra\u017eavanja, budu\u0107nost novinarstva na Zapadnom Balkanu i u Turskoj, eti\u010dke dileme o kori\u0161tenju dru\u0161tvenih mre\u017ea za ciljeve civilnog dru\u0161tva, te pobolj\u0161anje saradnje izme\u0111u novinara, [&hellip;]","og_url":"http:\/\/presscouncil-ks.org\/?p=17195&lang=sr","og_site_name":"K\u00ebshilli i Mediave t\u00eb Shkruara t\u00eb Kosov\u00ebs | P\u00ebr nj\u00eb gazetari etike dhe profesionale","article_publisher":"https:\/\/www.facebook.com\/KMSHKosove","article_published_time":"2025-10-06T10:53:11+00:00","article_modified_time":"2025-10-21T10:41:39+00:00","og_image":[{"width":520,"height":350,"url":"http:\/\/presscouncil-ks.org\/wp-content\/uploads\/2025\/10\/foto-1-sarajeva-konf.jpg","type":"image\/jpeg"}],"author":"Editor","twitter_card":"summary_large_image","twitter_misc":{"Written by":"Editor","Est. reading time":"4 minutes"},"schema":{"@context":"https:\/\/schema.org","@graph":[{"@type":"Article","@id":"http:\/\/presscouncil-ks.org\/?p=17195&lang=sr#article","isPartOf":{"@id":"http:\/\/presscouncil-ks.org\/?p=17195&lang=sr"},"author":{"name":"Editor","@id":"http:\/\/presscouncil-ks.org\/#\/schema\/person\/b79d30c61264caeb733239c16cc4d673"},"headline":"Konferencija \u201cNa\u0161i mediji\u201d: Sloboda izra\u017eavanja u vanrednim okolnostima","datePublished":"2025-10-06T10:53:11+00:00","dateModified":"2025-10-21T10:41:39+00:00","mainEntityOfPage":{"@id":"http:\/\/presscouncil-ks.org\/?p=17195&lang=sr"},"wordCount":772,"commentCount":0,"publisher":{"@id":"http:\/\/presscouncil-ks.org\/#organization"},"image":{"@id":"http:\/\/presscouncil-ks.org\/?p=17195&lang=sr#primaryimage"},"thumbnailUrl":"http:\/\/presscouncil-ks.org\/wp-content\/uploads\/2025\/10\/foto-1-sarajeva-konf.jpg","articleSection":["Vesti"],"inLanguage":"en-US","potentialAction":[{"@type":"CommentAction","name":"Comment","target":["http:\/\/presscouncil-ks.org\/?p=17195&lang=sr#respond"]}]},{"@type":"WebPage","@id":"http:\/\/presscouncil-ks.org\/?p=17195&lang=sr","url":"http:\/\/presscouncil-ks.org\/?p=17195&lang=sr","name":"Konferencija \u201cNa\u0161i mediji\u201d: Sloboda izra\u017eavanja u vanrednim okolnostima - K\u00ebshilli i Mediave t\u00eb Shkruara t\u00eb Kosov\u00ebs | P\u00ebr nj\u00eb gazetari etike dhe profesionale","isPartOf":{"@id":"http:\/\/presscouncil-ks.org\/#website"},"primaryImageOfPage":{"@id":"http:\/\/presscouncil-ks.org\/?p=17195&lang=sr#primaryimage"},"image":{"@id":"http:\/\/presscouncil-ks.org\/?p=17195&lang=sr#primaryimage"},"thumbnailUrl":"http:\/\/presscouncil-ks.org\/wp-content\/uploads\/2025\/10\/foto-1-sarajeva-konf.jpg","datePublished":"2025-10-06T10:53:11+00:00","dateModified":"2025-10-21T10:41:39+00:00","breadcrumb":{"@id":"http:\/\/presscouncil-ks.org\/?p=17195&lang=sr#breadcrumb"},"inLanguage":"en-US","potentialAction":[{"@type":"ReadAction","target":["http:\/\/presscouncil-ks.org\/?p=17195&lang=sr"]}]},{"@type":"ImageObject","inLanguage":"en-US","@id":"http:\/\/presscouncil-ks.org\/?p=17195&lang=sr#primaryimage","url":"http:\/\/presscouncil-ks.org\/wp-content\/uploads\/2025\/10\/foto-1-sarajeva-konf.jpg","contentUrl":"http:\/\/presscouncil-ks.org\/wp-content\/uploads\/2025\/10\/foto-1-sarajeva-konf.jpg","width":520,"height":350},{"@type":"BreadcrumbList","@id":"http:\/\/presscouncil-ks.org\/?p=17195&lang=sr#breadcrumb","itemListElement":[{"@type":"ListItem","position":1,"name":"Home","item":"https:\/\/presscouncil-ks.org\/"},{"@type":"ListItem","position":2,"name":"Konferencija \u201cNa\u0161i mediji\u201d: Sloboda izra\u017eavanja u vanrednim okolnostima"}]},{"@type":"WebSite","@id":"http:\/\/presscouncil-ks.org\/#website","url":"http:\/\/presscouncil-ks.org\/","name":"https:\/\/presscouncil-ks.org\/","description":"","publisher":{"@id":"http:\/\/presscouncil-ks.org\/#organization"},"potentialAction":[{"@type":"SearchAction","target":{"@type":"EntryPoint","urlTemplate":"http:\/\/presscouncil-ks.org\/?s={search_term_string}"},"query-input":{"@type":"PropertyValueSpecification","valueRequired":true,"valueName":"search_term_string"}}],"inLanguage":"en-US"},{"@type":"Organization","@id":"http:\/\/presscouncil-ks.org\/#organization","name":"K\u00ebshilli i Mediave t\u00eb Shkruara t\u00eb Kosov\u00ebs","url":"http:\/\/presscouncil-ks.org\/","logo":{"@type":"ImageObject","inLanguage":"en-US","@id":"http:\/\/presscouncil-ks.org\/#\/schema\/logo\/image\/","url":"http:\/\/presscouncil-ks.org\/wp-content\/uploads\/2023\/06\/cropped-logo.png","contentUrl":"http:\/\/presscouncil-ks.org\/wp-content\/uploads\/2023\/06\/cropped-logo.png","width":268,"height":166,"caption":"K\u00ebshilli i Mediave t\u00eb Shkruara t\u00eb Kosov\u00ebs"},"image":{"@id":"http:\/\/presscouncil-ks.org\/#\/schema\/logo\/image\/"},"sameAs":["https:\/\/www.facebook.com\/KMSHKosove"]},{"@type":"Person","@id":"http:\/\/presscouncil-ks.org\/#\/schema\/person\/b79d30c61264caeb733239c16cc4d673","name":"Editor","image":{"@type":"ImageObject","inLanguage":"en-US","@id":"https:\/\/secure.gravatar.com\/avatar\/9534865f39e7b3527010ee17196a76d054b16d731a6a5bfe2f92a071c6e9bf4e?s=96&d=mm&r=g","url":"https:\/\/secure.gravatar.com\/avatar\/9534865f39e7b3527010ee17196a76d054b16d731a6a5bfe2f92a071c6e9bf4e?s=96&d=mm&r=g","contentUrl":"https:\/\/secure.gravatar.com\/avatar\/9534865f39e7b3527010ee17196a76d054b16d731a6a5bfe2f92a071c6e9bf4e?s=96&d=mm&r=g","caption":"Editor"},"url":"http:\/\/presscouncil-ks.org\/?author=2"}]}},"_links":{"self":[{"href":"http:\/\/presscouncil-ks.org\/index.php?rest_route=\/wp\/v2\/posts\/17195","targetHints":{"allow":["GET"]}}],"collection":[{"href":"http:\/\/presscouncil-ks.org\/index.php?rest_route=\/wp\/v2\/posts"}],"about":[{"href":"http:\/\/presscouncil-ks.org\/index.php?rest_route=\/wp\/v2\/types\/post"}],"author":[{"embeddable":true,"href":"http:\/\/presscouncil-ks.org\/index.php?rest_route=\/wp\/v2\/users\/2"}],"replies":[{"embeddable":true,"href":"http:\/\/presscouncil-ks.org\/index.php?rest_route=%2Fwp%2Fv2%2Fcomments&post=17195"}],"version-history":[{"count":5,"href":"http:\/\/presscouncil-ks.org\/index.php?rest_route=\/wp\/v2\/posts\/17195\/revisions"}],"predecessor-version":[{"id":17316,"href":"http:\/\/presscouncil-ks.org\/index.php?rest_route=\/wp\/v2\/posts\/17195\/revisions\/17316"}],"wp:featuredmedia":[{"embeddable":true,"href":"http:\/\/presscouncil-ks.org\/index.php?rest_route=\/wp\/v2\/media\/17189"}],"wp:attachment":[{"href":"http:\/\/presscouncil-ks.org\/index.php?rest_route=%2Fwp%2Fv2%2Fmedia&parent=17195"}],"wp:term":[{"taxonomy":"category","embeddable":true,"href":"http:\/\/presscouncil-ks.org\/index.php?rest_route=%2Fwp%2Fv2%2Fcategories&post=17195"},{"taxonomy":"post_tag","embeddable":true,"href":"http:\/\/presscouncil-ks.org\/index.php?rest_route=%2Fwp%2Fv2%2Ftags&post=17195"}],"curies":[{"name":"wp","href":"https:\/\/api.w.org\/{rel}","templated":true}]}}