{"id":17188,"date":"2025-10-06T11:48:30","date_gmt":"2025-10-06T11:48:30","guid":{"rendered":"https:\/\/presscouncil-ks.org\/?p=17188"},"modified":"2025-10-21T10:46:44","modified_gmt":"2025-10-21T10:46:44","slug":"konferenca-media-jone-liria-e-shprehjes-ne-kohe-krizash","status":"publish","type":"post","link":"http:\/\/presscouncil-ks.org\/?p=17188","title":{"rendered":"Konferenca \u201cMedia Jon\u00eb\u201d: Liria e shprehjes n\u00eb koh\u00eb krizash"},"content":{"rendered":"<p><strong><em>Konferenca dyditore mblodhi s\u00eb bashku m\u00eb shum\u00eb se 70 profesionist\u00eb t\u00eb medias dhe p\u00ebrfaq\u00ebsues t\u00eb organizatave t\u00eb shoq\u00ebris\u00eb civile, t\u00eb p\u00ebrkushtuara ndaj liris\u00eb s\u00eb medias.<\/em><\/strong><\/p>\n<p><em>\u00a0<\/em><\/p>\n<p><em>Foto: Mirza Ajnaxhiq \/ Mediacentar Sarajevo<\/em><\/p>\n<p>&nbsp;<\/p>\n<p>Liria e shprehjes, e ardhmja e gazetaris\u00eb n\u00eb Ballkanin Per\u00ebndimor dhe Turqi, dilemat etike q\u00eb lidhen me p\u00ebrdorimin e mediave sociale p\u00ebr q\u00ebllime t\u00eb shoq\u00ebris\u00eb civile dhe p\u00ebrmir\u00ebsimi i bashk\u00ebpunimit nd\u00ebrmjet gazetar\u00ebve, aktivist\u00ebve dhe qytetar\u00ebve ishin nd\u00ebr temat e diskutuara n\u00eb konferenc\u00ebn nd\u00ebrkomb\u00ebtare \u201cOur media\u201d \/ \u201cMedia Jon\u00eb\u201d, mbajtur n\u00eb Fakultetin e Shkencave Politike n\u00eb Sarajev\u00eb.<\/p>\n<p>&nbsp;<\/p>\n<p>Konferenca dy-ditore mblodhi s\u00eb bashku m\u00eb shum\u00eb se 70 profesionist\u00eb t\u00eb medias dhe p\u00ebrfaq\u00ebsues t\u00eb organizatave t\u00eb shoq\u00ebris\u00eb civile, t\u00eb p\u00ebrkushtuara ndaj liris\u00eb s\u00eb medias. Ngjarja u organizua nga <strong><a href=\"https:\/\/seenpm.org\/\">Rrjeti i Evrop\u00ebs Juglindore p\u00ebr Profesionalizimin e Medias (SEENPM)<\/a><\/strong> dhe\u00a0<strong><a href=\"https:\/\/media.ba\/bs\">M<\/a><a href=\"https:\/\/media.ba\/bs\">ediacentar Sarajevo<\/a><\/strong>.<\/p>\n<p>&nbsp;<\/p>\n<p>Konferenca \u00ebsht\u00eb vazhdim i nj\u00eb projekti rajonal me t\u00eb nj\u00ebjtin em\u00ebr, i nisur n\u00eb vitin 2023, i cili p\u00ebrfshin <strong><a href=\"https:\/\/futureofmedia.seenpm.org\/\">hulumtimin mbi t\u00eb ardhmen e trendeve t\u00eb medias dhe gazetaris\u00eb,<\/a><\/strong> si dhe diskutime mbi \u00e7\u00ebshtje t\u00eb tjera t\u00eb r\u00ebnd\u00ebsishme, t\u00eb tilla si q\u00ebndrueshm\u00ebria e medias s\u00eb pavarur, presionet mbi lirin\u00eb e shprehjes dhe aktivizmi mediatik lokal nga qytetar\u00ebt n\u00eb Ballkanin Per\u00ebndimor dhe Turqi.<\/p>\n<p>&nbsp;<\/p>\n<p><img decoding=\"async\" src=\"https:\/\/www.media.ba\/sites\/default\/files\/3017_05111028_s136_i.jpg\" \/><\/p>\n<p>&nbsp;<\/p>\n<p>Bota n\u00eb vitin 2023, kur organizatat partnere nis\u00ebn projektin <a href=\"https:\/\/seenpm.org\/about-the-project\/\">&#8220;Our Media&#8221;<\/a>, ishte nj\u00eb vend i ndrysh\u00ebm nga ai q\u00eb \u00ebsht\u00eb sot, tha <strong>Maida Muminoviq<\/strong>, Drejtore Ekzekutive e Fondacionit Mediacentar Sarajev\u00eb. Organizatat e shoq\u00ebris\u00eb civile q\u00eb punojn\u00eb p\u00ebr t\u00eb mbrojtur lirin\u00eb e shprehjes, si dhe media e pavarur, po kalojn\u00eb nj\u00eb periudh\u00eb presioni dhe pasigurie n\u00eb rritje.<\/p>\n<p>&nbsp;<\/p>\n<p>\u201cN\u00eb konferenc\u00eb vendos\u00ebm t\u00eb p\u00ebrqendrohemi n\u00eb \u00e7\u00ebshtjet globale q\u00eb ndikojn\u00eb n\u00eb rajonin ton\u00eb, si dhe n\u00eb \u00e7\u00ebshtjet urgjente n\u00eb Ballkanin Per\u00ebndimor dhe n\u00eb zhvillimet globale q\u00eb ngren\u00eb shqet\u00ebsime n\u00eb lidhje me t\u00eb ardhmen e t\u00eb drejtave t\u00eb njeriut n\u00eb t\u00eb gjith\u00eb bot\u00ebn\u201d, tha Muminoviq.<\/p>\n<p>&nbsp;<\/p>\n<p>Gjat\u00eb konferenc\u00ebs, u prezantuan edhe rezultatet e nj\u00eb studimi rajonal mbi t\u00eb ardhmen e medias dhe ndikimin e gazetaris\u00eb profesionale n\u00eb demokratizimin e shoq\u00ebris\u00eb. Gjetjet treguan se gazetar\u00ebt n\u00eb rajon vazhdojn\u00eb t\u00eb p\u00ebrballen me presion dhe k\u00ebrc\u00ebnime, t\u00eb marrin paga t\u00eb ul\u00ebta, nd\u00ebrkaq grat\u00eb q\u00eb punojn\u00eb n\u00eb media rrall\u00eb arrijn\u00eb pozicione drejtuese. Interesi n\u00eb mesin e t\u00eb rinjve p\u00ebr t\u00eb studiuar komunikimin \u00ebsht\u00eb n\u00eb r\u00ebnie t\u00eb vazhdueshme, nd\u00ebrsa nga ana tjet\u00ebr, numri i mediave vazhdon t\u00eb rritet vit pas viti.<\/p>\n<p>&nbsp;<\/p>\n<p>\u201cTrendet mediatike jan\u00eb pothuajse t\u00eb nj\u00ebjta n\u00eb t\u00eb gjith\u00eb rajonin dhe n\u00eb p\u00ebrgjith\u00ebsi tregojn\u00eb presionin e fort\u00eb me t\u00eb cilin p\u00ebrballen mediat, ve\u00e7an\u00ebrisht ato t\u00eb pavarura dhe ato m\u00eb t\u00eb vogla lokale. Po p\u00ebrballemi me nj\u00eb t\u00eb ardhme t\u00eb pasigurt, gj\u00eb q\u00eb e b\u00ebn edhe m\u00eb t\u00eb r\u00ebnd\u00ebsishme q\u00eb organizatat e shoq\u00ebris\u00eb civile t\u00eb lidhen. Kjo \u00ebsht\u00eb arsyeja pse jemi t\u00eb k\u00ebnaqur q\u00eb arrit\u00ebm ta organizojm\u00eb k\u00ebt\u00eb ngjarje rajonale dhe, deri diku, nd\u00ebrkomb\u00ebtare\u201d, tha <strong>Tihomir Loza<\/strong>, drejtor i SEENPM, nj\u00eb rrjet prej 18 organizatash mediatike nga Evropa Juglindore.<\/p>\n<p>&nbsp;<\/p>\n<p><img decoding=\"async\" src=\"https:\/\/www.media.ba\/sites\/default\/files\/3017_05111244_s215_i_0.jpg\" \/><\/p>\n<p>&nbsp;<\/p>\n<p>P\u00ebrve\u00e7 sfidave sociale dhe ekonomike me t\u00eb cilat po p\u00ebrballen aktualisht gazetar\u00ebt, jo vet\u00ebm n\u00eb rajon, por n\u00eb t\u00eb gjith\u00eb bot\u00ebn, si\u00e7 jan\u00eb censura dhe raportimi i ansh\u00ebm mbi Gaz\u00ebn, mbyllja e mediave dhe zvog\u00eblimi i fondeve p\u00ebr median e pavarur, konferenca trajtoi edhe ndikimin e teknologjive t\u00eb reja.<\/p>\n<p>&nbsp;<\/p>\n<p>Bashk\u00ebpun\u00ebtorja p\u00ebr koh\u00eb t\u00eb gjat\u00eb e SEENPM-s\u00eb dhe ekspertja e medias nga Beogradi, <strong>Snjezhana Milivojeviq<\/strong>, n\u00eb prezantimin e saj, trajtoi \u00e7\u00ebshtjen e teknologjis\u00eb, duke e p\u00ebrshkruar at\u00eb si sfid\u00ebn m\u00eb t\u00eb madhe p\u00ebr median, gazetarin\u00eb dhe interesin publik brenda ekosistemit t\u00eb informacionit. \u201cM\u00eb p\u00eblqen t\u00eb them se, si\u00e7 na kujtojn\u00eb gjithmon\u00eb teoricien\u00ebt kritik\u00eb, teknologjia nuk e ndryshon bot\u00ebn kur shfaqet p\u00ebr her\u00eb t\u00eb par\u00eb, por kur t\u00eb gjith\u00eb fillojn\u00eb ta p\u00ebrdorin at\u00eb. Ne jemi m\u00ebsuar me t\u00eb dhe \u00ebsht\u00eb b\u00ebr\u00eb pjes\u00eb e jet\u00ebs son\u00eb t\u00eb p\u00ebrditshme\u201d, tha Milivojeviq.<\/p>\n<p>&nbsp;<\/p>\n<p><img decoding=\"async\" src=\"https:\/\/www.media.ba\/sites\/default\/files\/3017_05110926_s083_i.jpg\" \/><\/p>\n<p>&nbsp;<\/p>\n<p>Projekti &#8220;Media Jon\u00eb&#8221; financohet nga Bashkimi Evropian, me mb\u00ebshtetje shtes\u00eb p\u00ebr konferenc\u00ebn ofruar nga Fondacionet e Shoq\u00ebris\u00eb s\u00eb Hapur p\u00ebr Ballkanin Per\u00ebndimor. Deri n\u00eb fund t\u00eb projektit do t\u00eb vazhdoj\u00eb hulumtimi mbi t\u00eb ardhmen e medias dhe do t\u00eb zgjerohet <a href=\"https:\/\/ourmediaquiz.seenpm.org\/\"><strong>platforma ekzistuese e t\u00eb<\/strong> <strong>m\u00ebsuarit online mbi edukimin mediatik<\/strong><\/a>. P\u00ebrve\u00e7 k\u00ebsaj, udh\u00ebheq\u00ebs t\u00eb rinj dhe aktivist\u00eb t\u00eb medias nga rajoni do t\u00eb marrin pjes\u00eb n\u00eb vizita studimore n\u00eb t\u00eb gjith\u00eb Evrop\u00ebn p\u00ebr t\u00eb zhvilluar m\u00eb tej aft\u00ebsit\u00eb e tyre dhe p\u00ebr t&#8217;i zbatuar ato brenda komuniteteve t\u00eb tyre lokale.<\/p>\n<p><em>\u00a0<\/em><\/p>\n<p><img loading=\"lazy\" decoding=\"async\" class=\"\" src=\"https:\/\/static.bianet.org\/2025\/10\/en-co-funded-by-the-eu-pos.jpg\" width=\"276\" height=\"58\" \/><\/p>\n<p><strong>Rreth programit rajonal \u201cOur Media\u201d:\u00a0\u00a0<\/strong>Programi rajonal \u201cOur Media: Veprim i shoq\u00ebris\u00eb civile p\u00ebr t\u00eb nxitur edukimin mediatik dhe aktivizmin, p\u00ebr t\u00eb kund\u00ebrshtuar polarizimin dhe p\u00ebr t\u00eb promovuar dialogun\u201d zbatohet me mb\u00ebshtetjen financiare t\u00eb Bashkimit Evropian nga organizatat partnere:\u00a0<strong><a href=\"https:\/\/seenpm.org\/\"><em>SEENPM<\/em><\/a>,\u00a0<a href=\"https:\/\/institutemedia.org\/\">Instituti Shqiptar i Medias<\/a>,\u00a0<a href=\"https:\/\/www.media.ba\/bs\">Qendra Mediale n\u00eb Sarajev\u00eb<\/a>,\u00a0<a href=\"https:\/\/presscouncil-ks.org\/\">K\u00ebshilli i Mediave t\u00eb Shkruara i Kosov\u00ebs<\/a>,\u00a0<a href=\"https:\/\/www.mminstitute.org\/en\/\">Instituti Mediatik i Malit t\u00eb Zi<\/a>,\u00a0<a href=\"https:\/\/mim.org.mk\/en\/\">Instituti i Medias i Maqedonis\u00eb<\/a>,\u00a0<a href=\"https:\/\/novinarska-skola.org.rs\/srbija-opet-pala-na-listi-reportera-bez-granica\/?lang=en\">Shkolla e Gazetaris\u00eb Novi Sad<\/a>,\u00a0<a href=\"https:\/\/www.mirovni-institut.si\/en\/\">Instituti i Paqes<\/a>\u00a0dhe\u00a0<a href=\"https:\/\/bianet.org\/english\">Bianet<\/a>.<\/strong><\/p>\n<p>&nbsp;<\/p>\n<p>Ky artikull u realizua me mb\u00ebshtetje financiare t\u00eb Bashkimit Evropian. P\u00ebrmbajtja e tij \u00ebsht\u00eb p\u00ebrgjegj\u00ebsi ekskluzive e SEENPM dhe nuk pasqyron domosdoshm\u00ebrisht pik\u00ebpamjet e Bashkimit Evropian.<\/p>\n<p>&nbsp;<\/p>\n<p>Ko-financuar nga:<\/p>\n<p>&nbsp;<\/p>\n<p><img loading=\"lazy\" decoding=\"async\" class=\"\" src=\"https:\/\/www.media.ba\/sites\/default\/files\/osf-logo.jpg\" width=\"214\" height=\"68\" \/><\/p>\n","protected":false},"excerpt":{"rendered":"<p>Konferenca dyditore mblodhi s\u00eb bashku m\u00eb shum\u00eb se 70 profesionist\u00eb t\u00eb medias dhe p\u00ebrfaq\u00ebsues t\u00eb organizatave t\u00eb shoq\u00ebris\u00eb civile, t\u00eb p\u00ebrkushtuara ndaj liris\u00eb s\u00eb medias. \u00a0 Foto: Mirza Ajnaxhiq \/ Mediacentar Sarajevo &nbsp; Liria e shprehjes, e ardhmja e gazetaris\u00eb n\u00eb Ballkanin Per\u00ebndimor dhe Turqi, dilemat etike q\u00eb lidhen me p\u00ebrdorimin e mediave sociale p\u00ebr [&hellip;]<\/p>\n","protected":false},"author":2,"featured_media":17189,"comment_status":"open","ping_status":"open","sticky":false,"template":"","format":"standard","meta":{"footnotes":""},"categories":[92],"tags":[],"class_list":["post-17188","post","type-post","status-publish","format-standard","has-post-thumbnail","hentry","category-news-sq"],"acf":{"video_title":"","video":false},"yoast_head":"<!-- This site is optimized with the Yoast SEO plugin v28.3 - https:\/\/yoast.com\/product\/yoast-seo-wordpress\/ -->\n<title>Konferenca \u201cMedia Jon\u00eb\u201d: Liria e shprehjes n\u00eb koh\u00eb krizash - K\u00ebshilli i Mediave t\u00eb Shkruara t\u00eb Kosov\u00ebs | P\u00ebr nj\u00eb gazetari etike dhe profesionale<\/title>\n<meta name=\"robots\" content=\"index, follow, max-snippet:-1, max-image-preview:large, max-video-preview:-1\" \/>\n<link rel=\"canonical\" href=\"http:\/\/presscouncil-ks.org\/?p=17188\" \/>\n<meta property=\"og:locale\" content=\"en_US\" \/>\n<meta property=\"og:type\" content=\"article\" \/>\n<meta property=\"og:title\" content=\"Konferenca \u201cMedia Jon\u00eb\u201d: Liria e shprehjes n\u00eb koh\u00eb krizash - K\u00ebshilli i Mediave t\u00eb Shkruara t\u00eb Kosov\u00ebs | P\u00ebr nj\u00eb gazetari etike dhe profesionale\" \/>\n<meta property=\"og:description\" content=\"Konferenca dyditore mblodhi s\u00eb bashku m\u00eb shum\u00eb se 70 profesionist\u00eb t\u00eb medias dhe p\u00ebrfaq\u00ebsues t\u00eb organizatave t\u00eb shoq\u00ebris\u00eb civile, t\u00eb p\u00ebrkushtuara ndaj liris\u00eb s\u00eb medias. \u00a0 Foto: Mirza Ajnaxhiq \/ Mediacentar Sarajevo &nbsp; Liria e shprehjes, e ardhmja e gazetaris\u00eb n\u00eb Ballkanin Per\u00ebndimor dhe Turqi, dilemat etike q\u00eb lidhen me p\u00ebrdorimin e mediave sociale p\u00ebr [&hellip;]\" \/>\n<meta property=\"og:url\" content=\"http:\/\/presscouncil-ks.org\/?p=17188\" \/>\n<meta property=\"og:site_name\" content=\"K\u00ebshilli i Mediave t\u00eb Shkruara t\u00eb Kosov\u00ebs | P\u00ebr nj\u00eb gazetari etike dhe profesionale\" \/>\n<meta property=\"article:publisher\" content=\"https:\/\/www.facebook.com\/KMSHKosove\" \/>\n<meta property=\"article:published_time\" content=\"2025-10-06T11:48:30+00:00\" \/>\n<meta property=\"article:modified_time\" content=\"2025-10-21T10:46:44+00:00\" \/>\n<meta property=\"og:image\" content=\"http:\/\/presscouncil-ks.org\/wp-content\/uploads\/2025\/10\/foto-1-sarajeva-konf.jpg\" \/>\n\t<meta property=\"og:image:width\" content=\"520\" \/>\n\t<meta property=\"og:image:height\" content=\"350\" \/>\n\t<meta property=\"og:image:type\" content=\"image\/jpeg\" \/>\n<meta name=\"author\" content=\"Editor\" \/>\n<meta name=\"twitter:card\" content=\"summary_large_image\" \/>\n<meta name=\"twitter:label1\" content=\"Written by\" \/>\n\t<meta name=\"twitter:data1\" content=\"Editor\" \/>\n\t<meta name=\"twitter:label2\" content=\"Est. reading time\" \/>\n\t<meta name=\"twitter:data2\" content=\"5 minutes\" \/>\n<script type=\"application\/ld+json\" class=\"yoast-schema-graph\">{\"@context\":\"https:\\\/\\\/schema.org\",\"@graph\":[{\"@type\":\"Article\",\"@id\":\"http:\\\/\\\/presscouncil-ks.org\\\/?p=17188#article\",\"isPartOf\":{\"@id\":\"http:\\\/\\\/presscouncil-ks.org\\\/?p=17188\"},\"author\":{\"name\":\"Editor\",\"@id\":\"http:\\\/\\\/presscouncil-ks.org\\\/#\\\/schema\\\/person\\\/b79d30c61264caeb733239c16cc4d673\"},\"headline\":\"Konferenca \u201cMedia Jon\u00eb\u201d: Liria e shprehjes n\u00eb koh\u00eb krizash\",\"datePublished\":\"2025-10-06T11:48:30+00:00\",\"dateModified\":\"2025-10-21T10:46:44+00:00\",\"mainEntityOfPage\":{\"@id\":\"http:\\\/\\\/presscouncil-ks.org\\\/?p=17188\"},\"wordCount\":933,\"commentCount\":0,\"publisher\":{\"@id\":\"http:\\\/\\\/presscouncil-ks.org\\\/#organization\"},\"image\":{\"@id\":\"http:\\\/\\\/presscouncil-ks.org\\\/?p=17188#primaryimage\"},\"thumbnailUrl\":\"http:\\\/\\\/presscouncil-ks.org\\\/wp-content\\\/uploads\\\/2025\\\/10\\\/foto-1-sarajeva-konf.jpg\",\"articleSection\":[\"Lajm\"],\"inLanguage\":\"en-US\",\"potentialAction\":[{\"@type\":\"CommentAction\",\"name\":\"Comment\",\"target\":[\"http:\\\/\\\/presscouncil-ks.org\\\/?p=17188#respond\"]}]},{\"@type\":\"WebPage\",\"@id\":\"http:\\\/\\\/presscouncil-ks.org\\\/?p=17188\",\"url\":\"http:\\\/\\\/presscouncil-ks.org\\\/?p=17188\",\"name\":\"Konferenca \u201cMedia Jon\u00eb\u201d: Liria e shprehjes n\u00eb koh\u00eb krizash - K\u00ebshilli i Mediave t\u00eb Shkruara t\u00eb Kosov\u00ebs | P\u00ebr nj\u00eb gazetari etike dhe profesionale\",\"isPartOf\":{\"@id\":\"http:\\\/\\\/presscouncil-ks.org\\\/#website\"},\"primaryImageOfPage\":{\"@id\":\"http:\\\/\\\/presscouncil-ks.org\\\/?p=17188#primaryimage\"},\"image\":{\"@id\":\"http:\\\/\\\/presscouncil-ks.org\\\/?p=17188#primaryimage\"},\"thumbnailUrl\":\"http:\\\/\\\/presscouncil-ks.org\\\/wp-content\\\/uploads\\\/2025\\\/10\\\/foto-1-sarajeva-konf.jpg\",\"datePublished\":\"2025-10-06T11:48:30+00:00\",\"dateModified\":\"2025-10-21T10:46:44+00:00\",\"breadcrumb\":{\"@id\":\"http:\\\/\\\/presscouncil-ks.org\\\/?p=17188#breadcrumb\"},\"inLanguage\":\"en-US\",\"potentialAction\":[{\"@type\":\"ReadAction\",\"target\":[\"http:\\\/\\\/presscouncil-ks.org\\\/?p=17188\"]}]},{\"@type\":\"ImageObject\",\"inLanguage\":\"en-US\",\"@id\":\"http:\\\/\\\/presscouncil-ks.org\\\/?p=17188#primaryimage\",\"url\":\"http:\\\/\\\/presscouncil-ks.org\\\/wp-content\\\/uploads\\\/2025\\\/10\\\/foto-1-sarajeva-konf.jpg\",\"contentUrl\":\"http:\\\/\\\/presscouncil-ks.org\\\/wp-content\\\/uploads\\\/2025\\\/10\\\/foto-1-sarajeva-konf.jpg\",\"width\":520,\"height\":350},{\"@type\":\"BreadcrumbList\",\"@id\":\"http:\\\/\\\/presscouncil-ks.org\\\/?p=17188#breadcrumb\",\"itemListElement\":[{\"@type\":\"ListItem\",\"position\":1,\"name\":\"Home\",\"item\":\"https:\\\/\\\/presscouncil-ks.org\\\/\"},{\"@type\":\"ListItem\",\"position\":2,\"name\":\"Konferenca \u201cMedia Jon\u00eb\u201d: Liria e shprehjes n\u00eb koh\u00eb krizash\"}]},{\"@type\":\"WebSite\",\"@id\":\"http:\\\/\\\/presscouncil-ks.org\\\/#website\",\"url\":\"http:\\\/\\\/presscouncil-ks.org\\\/\",\"name\":\"https:\\\/\\\/presscouncil-ks.org\\\/\",\"description\":\"\",\"publisher\":{\"@id\":\"http:\\\/\\\/presscouncil-ks.org\\\/#organization\"},\"potentialAction\":[{\"@type\":\"SearchAction\",\"target\":{\"@type\":\"EntryPoint\",\"urlTemplate\":\"http:\\\/\\\/presscouncil-ks.org\\\/?s={search_term_string}\"},\"query-input\":{\"@type\":\"PropertyValueSpecification\",\"valueRequired\":true,\"valueName\":\"search_term_string\"}}],\"inLanguage\":\"en-US\"},{\"@type\":\"Organization\",\"@id\":\"http:\\\/\\\/presscouncil-ks.org\\\/#organization\",\"name\":\"K\u00ebshilli i Mediave t\u00eb Shkruara t\u00eb Kosov\u00ebs\",\"url\":\"http:\\\/\\\/presscouncil-ks.org\\\/\",\"logo\":{\"@type\":\"ImageObject\",\"inLanguage\":\"en-US\",\"@id\":\"http:\\\/\\\/presscouncil-ks.org\\\/#\\\/schema\\\/logo\\\/image\\\/\",\"url\":\"http:\\\/\\\/presscouncil-ks.org\\\/wp-content\\\/uploads\\\/2023\\\/06\\\/cropped-logo.png\",\"contentUrl\":\"http:\\\/\\\/presscouncil-ks.org\\\/wp-content\\\/uploads\\\/2023\\\/06\\\/cropped-logo.png\",\"width\":268,\"height\":166,\"caption\":\"K\u00ebshilli i Mediave t\u00eb Shkruara t\u00eb Kosov\u00ebs\"},\"image\":{\"@id\":\"http:\\\/\\\/presscouncil-ks.org\\\/#\\\/schema\\\/logo\\\/image\\\/\"},\"sameAs\":[\"https:\\\/\\\/www.facebook.com\\\/KMSHKosove\"]},{\"@type\":\"Person\",\"@id\":\"http:\\\/\\\/presscouncil-ks.org\\\/#\\\/schema\\\/person\\\/b79d30c61264caeb733239c16cc4d673\",\"name\":\"Editor\",\"image\":{\"@type\":\"ImageObject\",\"inLanguage\":\"en-US\",\"@id\":\"https:\\\/\\\/secure.gravatar.com\\\/avatar\\\/9534865f39e7b3527010ee17196a76d054b16d731a6a5bfe2f92a071c6e9bf4e?s=96&d=mm&r=g\",\"url\":\"https:\\\/\\\/secure.gravatar.com\\\/avatar\\\/9534865f39e7b3527010ee17196a76d054b16d731a6a5bfe2f92a071c6e9bf4e?s=96&d=mm&r=g\",\"contentUrl\":\"https:\\\/\\\/secure.gravatar.com\\\/avatar\\\/9534865f39e7b3527010ee17196a76d054b16d731a6a5bfe2f92a071c6e9bf4e?s=96&d=mm&r=g\",\"caption\":\"Editor\"},\"url\":\"http:\\\/\\\/presscouncil-ks.org\\\/?author=2\"}]}<\/script>\n<!-- \/ Yoast SEO plugin. -->","yoast_head_json":{"title":"Konferenca \u201cMedia Jon\u00eb\u201d: Liria e shprehjes n\u00eb koh\u00eb krizash - K\u00ebshilli i Mediave t\u00eb Shkruara t\u00eb Kosov\u00ebs | P\u00ebr nj\u00eb gazetari etike dhe profesionale","robots":{"index":"index","follow":"follow","max-snippet":"max-snippet:-1","max-image-preview":"max-image-preview:large","max-video-preview":"max-video-preview:-1"},"canonical":"http:\/\/presscouncil-ks.org\/?p=17188","og_locale":"en_US","og_type":"article","og_title":"Konferenca \u201cMedia Jon\u00eb\u201d: Liria e shprehjes n\u00eb koh\u00eb krizash - K\u00ebshilli i Mediave t\u00eb Shkruara t\u00eb Kosov\u00ebs | P\u00ebr nj\u00eb gazetari etike dhe profesionale","og_description":"Konferenca dyditore mblodhi s\u00eb bashku m\u00eb shum\u00eb se 70 profesionist\u00eb t\u00eb medias dhe p\u00ebrfaq\u00ebsues t\u00eb organizatave t\u00eb shoq\u00ebris\u00eb civile, t\u00eb p\u00ebrkushtuara ndaj liris\u00eb s\u00eb medias. \u00a0 Foto: Mirza Ajnaxhiq \/ Mediacentar Sarajevo &nbsp; Liria e shprehjes, e ardhmja e gazetaris\u00eb n\u00eb Ballkanin Per\u00ebndimor dhe Turqi, dilemat etike q\u00eb lidhen me p\u00ebrdorimin e mediave sociale p\u00ebr [&hellip;]","og_url":"http:\/\/presscouncil-ks.org\/?p=17188","og_site_name":"K\u00ebshilli i Mediave t\u00eb Shkruara t\u00eb Kosov\u00ebs | P\u00ebr nj\u00eb gazetari etike dhe profesionale","article_publisher":"https:\/\/www.facebook.com\/KMSHKosove","article_published_time":"2025-10-06T11:48:30+00:00","article_modified_time":"2025-10-21T10:46:44+00:00","og_image":[{"width":520,"height":350,"url":"http:\/\/presscouncil-ks.org\/wp-content\/uploads\/2025\/10\/foto-1-sarajeva-konf.jpg","type":"image\/jpeg"}],"author":"Editor","twitter_card":"summary_large_image","twitter_misc":{"Written by":"Editor","Est. reading time":"5 minutes"},"schema":{"@context":"https:\/\/schema.org","@graph":[{"@type":"Article","@id":"http:\/\/presscouncil-ks.org\/?p=17188#article","isPartOf":{"@id":"http:\/\/presscouncil-ks.org\/?p=17188"},"author":{"name":"Editor","@id":"http:\/\/presscouncil-ks.org\/#\/schema\/person\/b79d30c61264caeb733239c16cc4d673"},"headline":"Konferenca \u201cMedia Jon\u00eb\u201d: Liria e shprehjes n\u00eb koh\u00eb krizash","datePublished":"2025-10-06T11:48:30+00:00","dateModified":"2025-10-21T10:46:44+00:00","mainEntityOfPage":{"@id":"http:\/\/presscouncil-ks.org\/?p=17188"},"wordCount":933,"commentCount":0,"publisher":{"@id":"http:\/\/presscouncil-ks.org\/#organization"},"image":{"@id":"http:\/\/presscouncil-ks.org\/?p=17188#primaryimage"},"thumbnailUrl":"http:\/\/presscouncil-ks.org\/wp-content\/uploads\/2025\/10\/foto-1-sarajeva-konf.jpg","articleSection":["Lajm"],"inLanguage":"en-US","potentialAction":[{"@type":"CommentAction","name":"Comment","target":["http:\/\/presscouncil-ks.org\/?p=17188#respond"]}]},{"@type":"WebPage","@id":"http:\/\/presscouncil-ks.org\/?p=17188","url":"http:\/\/presscouncil-ks.org\/?p=17188","name":"Konferenca \u201cMedia Jon\u00eb\u201d: Liria e shprehjes n\u00eb koh\u00eb krizash - K\u00ebshilli i Mediave t\u00eb Shkruara t\u00eb Kosov\u00ebs | P\u00ebr nj\u00eb gazetari etike dhe profesionale","isPartOf":{"@id":"http:\/\/presscouncil-ks.org\/#website"},"primaryImageOfPage":{"@id":"http:\/\/presscouncil-ks.org\/?p=17188#primaryimage"},"image":{"@id":"http:\/\/presscouncil-ks.org\/?p=17188#primaryimage"},"thumbnailUrl":"http:\/\/presscouncil-ks.org\/wp-content\/uploads\/2025\/10\/foto-1-sarajeva-konf.jpg","datePublished":"2025-10-06T11:48:30+00:00","dateModified":"2025-10-21T10:46:44+00:00","breadcrumb":{"@id":"http:\/\/presscouncil-ks.org\/?p=17188#breadcrumb"},"inLanguage":"en-US","potentialAction":[{"@type":"ReadAction","target":["http:\/\/presscouncil-ks.org\/?p=17188"]}]},{"@type":"ImageObject","inLanguage":"en-US","@id":"http:\/\/presscouncil-ks.org\/?p=17188#primaryimage","url":"http:\/\/presscouncil-ks.org\/wp-content\/uploads\/2025\/10\/foto-1-sarajeva-konf.jpg","contentUrl":"http:\/\/presscouncil-ks.org\/wp-content\/uploads\/2025\/10\/foto-1-sarajeva-konf.jpg","width":520,"height":350},{"@type":"BreadcrumbList","@id":"http:\/\/presscouncil-ks.org\/?p=17188#breadcrumb","itemListElement":[{"@type":"ListItem","position":1,"name":"Home","item":"https:\/\/presscouncil-ks.org\/"},{"@type":"ListItem","position":2,"name":"Konferenca \u201cMedia Jon\u00eb\u201d: Liria e shprehjes n\u00eb koh\u00eb krizash"}]},{"@type":"WebSite","@id":"http:\/\/presscouncil-ks.org\/#website","url":"http:\/\/presscouncil-ks.org\/","name":"https:\/\/presscouncil-ks.org\/","description":"","publisher":{"@id":"http:\/\/presscouncil-ks.org\/#organization"},"potentialAction":[{"@type":"SearchAction","target":{"@type":"EntryPoint","urlTemplate":"http:\/\/presscouncil-ks.org\/?s={search_term_string}"},"query-input":{"@type":"PropertyValueSpecification","valueRequired":true,"valueName":"search_term_string"}}],"inLanguage":"en-US"},{"@type":"Organization","@id":"http:\/\/presscouncil-ks.org\/#organization","name":"K\u00ebshilli i Mediave t\u00eb Shkruara t\u00eb Kosov\u00ebs","url":"http:\/\/presscouncil-ks.org\/","logo":{"@type":"ImageObject","inLanguage":"en-US","@id":"http:\/\/presscouncil-ks.org\/#\/schema\/logo\/image\/","url":"http:\/\/presscouncil-ks.org\/wp-content\/uploads\/2023\/06\/cropped-logo.png","contentUrl":"http:\/\/presscouncil-ks.org\/wp-content\/uploads\/2023\/06\/cropped-logo.png","width":268,"height":166,"caption":"K\u00ebshilli i Mediave t\u00eb Shkruara t\u00eb Kosov\u00ebs"},"image":{"@id":"http:\/\/presscouncil-ks.org\/#\/schema\/logo\/image\/"},"sameAs":["https:\/\/www.facebook.com\/KMSHKosove"]},{"@type":"Person","@id":"http:\/\/presscouncil-ks.org\/#\/schema\/person\/b79d30c61264caeb733239c16cc4d673","name":"Editor","image":{"@type":"ImageObject","inLanguage":"en-US","@id":"https:\/\/secure.gravatar.com\/avatar\/9534865f39e7b3527010ee17196a76d054b16d731a6a5bfe2f92a071c6e9bf4e?s=96&d=mm&r=g","url":"https:\/\/secure.gravatar.com\/avatar\/9534865f39e7b3527010ee17196a76d054b16d731a6a5bfe2f92a071c6e9bf4e?s=96&d=mm&r=g","contentUrl":"https:\/\/secure.gravatar.com\/avatar\/9534865f39e7b3527010ee17196a76d054b16d731a6a5bfe2f92a071c6e9bf4e?s=96&d=mm&r=g","caption":"Editor"},"url":"http:\/\/presscouncil-ks.org\/?author=2"}]}},"_links":{"self":[{"href":"http:\/\/presscouncil-ks.org\/index.php?rest_route=\/wp\/v2\/posts\/17188","targetHints":{"allow":["GET"]}}],"collection":[{"href":"http:\/\/presscouncil-ks.org\/index.php?rest_route=\/wp\/v2\/posts"}],"about":[{"href":"http:\/\/presscouncil-ks.org\/index.php?rest_route=\/wp\/v2\/types\/post"}],"author":[{"embeddable":true,"href":"http:\/\/presscouncil-ks.org\/index.php?rest_route=\/wp\/v2\/users\/2"}],"replies":[{"embeddable":true,"href":"http:\/\/presscouncil-ks.org\/index.php?rest_route=%2Fwp%2Fv2%2Fcomments&post=17188"}],"version-history":[{"count":7,"href":"http:\/\/presscouncil-ks.org\/index.php?rest_route=\/wp\/v2\/posts\/17188\/revisions"}],"predecessor-version":[{"id":17322,"href":"http:\/\/presscouncil-ks.org\/index.php?rest_route=\/wp\/v2\/posts\/17188\/revisions\/17322"}],"wp:featuredmedia":[{"embeddable":true,"href":"http:\/\/presscouncil-ks.org\/index.php?rest_route=\/wp\/v2\/media\/17189"}],"wp:attachment":[{"href":"http:\/\/presscouncil-ks.org\/index.php?rest_route=%2Fwp%2Fv2%2Fmedia&parent=17188"}],"wp:term":[{"taxonomy":"category","embeddable":true,"href":"http:\/\/presscouncil-ks.org\/index.php?rest_route=%2Fwp%2Fv2%2Fcategories&post=17188"},{"taxonomy":"post_tag","embeddable":true,"href":"http:\/\/presscouncil-ks.org\/index.php?rest_route=%2Fwp%2Fv2%2Ftags&post=17188"}],"curies":[{"name":"wp","href":"https:\/\/api.w.org\/{rel}","templated":true}]}}